{"id":10088,"date":"2021-01-10T21:02:04","date_gmt":"2021-01-10T21:02:04","guid":{"rendered":"http:\/\/victoria-rad.de\/?p=10088"},"modified":"2021-01-14T11:42:14","modified_gmt":"2021-01-14T11:42:14","slug":"victoria-avanti-kleinkraftrad-100-ccm-mit-fichtel-sachs-motor","status":"publish","type":"post","link":"http:\/\/victoria-rad.de\/?p=10088","title":{"rendered":"Victoria &#8211; Avanti Kleinkraftrad 100 ccm mit &#8222;Fichtel &#038; Sachs Motor&#8220;&#8230;"},"content":{"rendered":"<p><strong>Mitteilung an alle Victoria-H\u00e4ndler vom 28. 6. 1958:<\/strong><\/p>\n<p style=\"text-align: center;\"><a href=\"http:\/\/victoria-rad.de\/wp-content\/uploads\/2021\/01\/IMG_20210101_0002-2.jpg\" target=\"_blank\" rel=\"noopener\"><img loading=\"lazy\" decoding=\"async\" class=\"aligncenter wp-image-10089 size-medium\" src=\"http:\/\/victoria-rad.de\/wp-content\/uploads\/2021\/01\/IMG_20210101_0002-2-209x300.jpg\" alt=\"\" width=\"209\" height=\"300\" srcset=\"http:\/\/victoria-rad.de\/wp-content\/uploads\/2021\/01\/IMG_20210101_0002-2-209x300.jpg 209w, http:\/\/victoria-rad.de\/wp-content\/uploads\/2021\/01\/IMG_20210101_0002-2-105x150.jpg 105w, http:\/\/victoria-rad.de\/wp-content\/uploads\/2021\/01\/IMG_20210101_0002-2.jpg 698w\" sizes=\"auto, (max-width: 209px) 100vw, 209px\" \/><\/a>Man beachte die individuellen Zahlungsbedingungen f\u00fcr die H\u00e4ndler&#8230;<\/p>\n<p style=\"text-align: center;\"><a href=\"http:\/\/victoria-rad.de\/wp-content\/uploads\/2020\/07\/Avanti-100ccm.png\" target=\"_blank\" rel=\"noopener\"><img loading=\"lazy\" decoding=\"async\" class=\"aligncenter wp-image-8935 size-medium\" src=\"http:\/\/victoria-rad.de\/wp-content\/uploads\/2020\/07\/Avanti-100ccm-300x188.png\" alt=\"\" width=\"300\" height=\"188\" srcset=\"http:\/\/victoria-rad.de\/wp-content\/uploads\/2020\/07\/Avanti-100ccm-300x188.png 300w, http:\/\/victoria-rad.de\/wp-content\/uploads\/2020\/07\/Avanti-100ccm-1024x643.png 1024w, http:\/\/victoria-rad.de\/wp-content\/uploads\/2020\/07\/Avanti-100ccm-150x94.png 150w, http:\/\/victoria-rad.de\/wp-content\/uploads\/2020\/07\/Avanti-100ccm-768x482.png 768w, http:\/\/victoria-rad.de\/wp-content\/uploads\/2020\/07\/Avanti-100ccm-1536x964.png 1536w, http:\/\/victoria-rad.de\/wp-content\/uploads\/2020\/07\/Avanti-100ccm.png 1676w\" sizes=\"auto, (max-width: 300px) 100vw, 300px\" \/><\/a>Victoria-Avanti 100 ccm mit F &amp; S Motor&#8230;<\/p>\n<p><a href=\"http:\/\/victoria-rad.de\/wp-content\/uploads\/2020\/07\/IMG_20200228_0001.jpg\" target=\"_blank\" rel=\"noopener\"><img loading=\"lazy\" decoding=\"async\" class=\"aligncenter wp-image-8941 size-medium\" src=\"http:\/\/victoria-rad.de\/wp-content\/uploads\/2020\/07\/IMG_20200228_0001-300x212.jpg\" alt=\"\" width=\"300\" height=\"212\" srcset=\"http:\/\/victoria-rad.de\/wp-content\/uploads\/2020\/07\/IMG_20200228_0001-300x212.jpg 300w, http:\/\/victoria-rad.de\/wp-content\/uploads\/2020\/07\/IMG_20200228_0001-150x106.jpg 150w, http:\/\/victoria-rad.de\/wp-content\/uploads\/2020\/07\/IMG_20200228_0001-768x543.jpg 768w, http:\/\/victoria-rad.de\/wp-content\/uploads\/2020\/07\/IMG_20200228_0001.jpg 800w\" sizes=\"auto, (max-width: 300px) 100vw, 300px\" \/><\/a><\/p>\n<p><a href=\"http:\/\/victoria-rad.de\/wp-content\/uploads\/2020\/07\/IMG_20200228_0002.jpg\" target=\"_blank\" rel=\"noopener\"><img loading=\"lazy\" decoding=\"async\" class=\"aligncenter wp-image-8940 size-medium\" src=\"http:\/\/victoria-rad.de\/wp-content\/uploads\/2020\/07\/IMG_20200228_0002-210x300.jpg\" alt=\"\" width=\"210\" height=\"300\" srcset=\"http:\/\/victoria-rad.de\/wp-content\/uploads\/2020\/07\/IMG_20200228_0002-210x300.jpg 210w, http:\/\/victoria-rad.de\/wp-content\/uploads\/2020\/07\/IMG_20200228_0002-105x150.jpg 105w, http:\/\/victoria-rad.de\/wp-content\/uploads\/2020\/07\/IMG_20200228_0002.jpg 561w\" sizes=\"auto, (max-width: 210px) 100vw, 210px\" \/><\/a><\/p>\n<p>Restauriertes Modell:<\/p>\n<p><a href=\"http:\/\/victoria-rad.de\/wp-content\/uploads\/2020\/07\/P1030079.png\" target=\"_blank\" rel=\"noopener\"><img loading=\"lazy\" decoding=\"async\" class=\"aligncenter wp-image-8937 size-medium\" src=\"http:\/\/victoria-rad.de\/wp-content\/uploads\/2020\/07\/P1030079-300x177.png\" alt=\"\" width=\"300\" height=\"177\" srcset=\"http:\/\/victoria-rad.de\/wp-content\/uploads\/2020\/07\/P1030079-300x177.png 300w, http:\/\/victoria-rad.de\/wp-content\/uploads\/2020\/07\/P1030079-150x89.png 150w, http:\/\/victoria-rad.de\/wp-content\/uploads\/2020\/07\/P1030079-768x454.png 768w, http:\/\/victoria-rad.de\/wp-content\/uploads\/2020\/07\/P1030079.png 1000w\" sizes=\"auto, (max-width: 300px) 100vw, 300px\" \/><\/a><\/p>\n<p><a href=\"http:\/\/victoria-rad.de\/wp-content\/uploads\/2020\/07\/P1030082.png\" target=\"_blank\" rel=\"noopener\"><img loading=\"lazy\" decoding=\"async\" class=\"aligncenter wp-image-8938 size-medium\" src=\"http:\/\/victoria-rad.de\/wp-content\/uploads\/2020\/07\/P1030082-300x158.png\" alt=\"\" width=\"300\" height=\"158\" srcset=\"http:\/\/victoria-rad.de\/wp-content\/uploads\/2020\/07\/P1030082-300x158.png 300w, http:\/\/victoria-rad.de\/wp-content\/uploads\/2020\/07\/P1030082-150x79.png 150w, http:\/\/victoria-rad.de\/wp-content\/uploads\/2020\/07\/P1030082-768x406.png 768w, http:\/\/victoria-rad.de\/wp-content\/uploads\/2020\/07\/P1030082.png 1000w\" sizes=\"auto, (max-width: 300px) 100vw, 300px\" \/><\/a><\/p>\n<p><img loading=\"lazy\" decoding=\"async\" class=\"alignnone size-medium wp-image-10033 aligncenter\" src=\"http:\/\/victoria-rad.de\/wp-content\/uploads\/2020\/12\/58-300x14.png\" alt=\"\" width=\"300\" height=\"14\" srcset=\"http:\/\/victoria-rad.de\/wp-content\/uploads\/2020\/12\/58-300x14.png 300w, http:\/\/victoria-rad.de\/wp-content\/uploads\/2020\/12\/58-150x7.png 150w, http:\/\/victoria-rad.de\/wp-content\/uploads\/2020\/12\/58.png 501w\" sizes=\"auto, (max-width: 300px) 100vw, 300px\" \/><\/p>\n","protected":false},"excerpt":{"rendered":"<p>Mitteilung an alle Victoria-H\u00e4ndler vom 28. 6. 1958: Man beachte die individuellen Zahlungsbedingungen f\u00fcr die H\u00e4ndler&#8230; Victoria-Avanti 100 ccm mit F &amp; S Motor&#8230; Restauriertes Modell:<\/p>\n","protected":false},"author":1,"featured_media":0,"comment_status":"open","ping_status":"open","sticky":false,"template":"","format":"standard","meta":{"footnotes":""},"categories":[1],"tags":[],"class_list":["post-10088","post","type-post","status-publish","format-standard","hentry","category-uncategorized"],"_links":{"self":[{"href":"http:\/\/victoria-rad.de\/index.php?rest_route=\/wp\/v2\/posts\/10088","targetHints":{"allow":["GET"]}}],"collection":[{"href":"http:\/\/victoria-rad.de\/index.php?rest_route=\/wp\/v2\/posts"}],"about":[{"href":"http:\/\/victoria-rad.de\/index.php?rest_route=\/wp\/v2\/types\/post"}],"author":[{"embeddable":true,"href":"http:\/\/victoria-rad.de\/index.php?rest_route=\/wp\/v2\/users\/1"}],"replies":[{"embeddable":true,"href":"http:\/\/victoria-rad.de\/index.php?rest_route=%2Fwp%2Fv2%2Fcomments&post=10088"}],"version-history":[{"count":4,"href":"http:\/\/victoria-rad.de\/index.php?rest_route=\/wp\/v2\/posts\/10088\/revisions"}],"predecessor-version":[{"id":10099,"href":"http:\/\/victoria-rad.de\/index.php?rest_route=\/wp\/v2\/posts\/10088\/revisions\/10099"}],"wp:attachment":[{"href":"http:\/\/victoria-rad.de\/index.php?rest_route=%2Fwp%2Fv2%2Fmedia&parent=10088"}],"wp:term":[{"taxonomy":"category","embeddable":true,"href":"http:\/\/victoria-rad.de\/index.php?rest_route=%2Fwp%2Fv2%2Fcategories&post=10088"},{"taxonomy":"post_tag","embeddable":true,"href":"http:\/\/victoria-rad.de\/index.php?rest_route=%2Fwp%2Fv2%2Ftags&post=10088"}],"curies":[{"name":"wp","href":"https:\/\/api.w.org\/{rel}","templated":true}]}}