{"id":10101,"date":"2021-03-27T06:34:55","date_gmt":"2021-03-27T06:34:55","guid":{"rendered":"http:\/\/victoria-rad.de\/?p=10101"},"modified":"2021-03-27T06:34:55","modified_gmt":"2021-03-27T06:34:55","slug":"victoria-motorrad-ein-rueckblick-nach-pfaffengruen-im-vogtland","status":"publish","type":"post","link":"http:\/\/victoria-rad.de\/?p=10101","title":{"rendered":"Victoria &#8211; Motorrad ein R\u00fcckblick nach Pfaffengr\u00fcn im Vogtland&#8230;"},"content":{"rendered":"<p><strong>Jedes Jahr findet in Pfaffengr\u00fcn ein kleines Oldtimer-Treffen, eigentlich im Juno des Jahres statt&#8230; Aufgrund der Corona-Krise, diesmal am 6. September bei herrlichen Sp\u00e4tsommerwetter&#8230;<\/strong><\/p>\n<p><strong>Nicht zu vergessen, es fand im Jahr 2018 auch das 30. Victoria-Treffen &#8211; ebenfalls in Pfaffengr\u00fcn statt:<\/strong><\/p>\n<p style=\"text-align: center;\"><a href=\"http:\/\/victoria-rad.de\/wp-content\/uploads\/2018\/08\/reiher-gert-victoria-plakat.jpg\" target=\"_blank\" rel=\"noopener noreferrer\"><img loading=\"lazy\" decoding=\"async\" class=\"aligncenter wp-image-892 size-medium\" src=\"http:\/\/victoria-rad.de\/wp-content\/uploads\/2018\/08\/reiher-gert-victoria-plakat-210x300.jpg\" alt=\"\" width=\"210\" height=\"300\" srcset=\"http:\/\/victoria-rad.de\/wp-content\/uploads\/2018\/08\/reiher-gert-victoria-plakat-210x300.jpg 210w, http:\/\/victoria-rad.de\/wp-content\/uploads\/2018\/08\/reiher-gert-victoria-plakat-768x1098.jpg 768w, http:\/\/victoria-rad.de\/wp-content\/uploads\/2018\/08\/reiher-gert-victoria-plakat-716x1024.jpg 716w\" sizes=\"auto, (max-width: 210px) 100vw, 210px\" \/><\/a>Das Plakat vom Treffen&#8230;<\/p>\n<p><em><strong>Erstaunlich viele VICTORIA-FAHRZEUGE waren bei diesem &#8211; eher kleinen Treffen dabei, vom Fahrrad bis Motorrad&#8230;<\/strong><\/em><\/p>\n<p style=\"text-align: center;\"><a href=\"http:\/\/victoria-rad.de\/wp-content\/uploads\/2020\/09\/20200906_131148.jpg\" target=\"_blank\" rel=\"noopener noreferrer\"><img loading=\"lazy\" decoding=\"async\" class=\"aligncenter wp-image-9435 size-medium\" src=\"http:\/\/victoria-rad.de\/wp-content\/uploads\/2020\/09\/20200906_131148-300x169.jpg\" alt=\"\" width=\"300\" height=\"169\" srcset=\"http:\/\/victoria-rad.de\/wp-content\/uploads\/2020\/09\/20200906_131148-300x169.jpg 300w, http:\/\/victoria-rad.de\/wp-content\/uploads\/2020\/09\/20200906_131148-1024x576.jpg 1024w, http:\/\/victoria-rad.de\/wp-content\/uploads\/2020\/09\/20200906_131148-150x84.jpg 150w, http:\/\/victoria-rad.de\/wp-content\/uploads\/2020\/09\/20200906_131148-768x432.jpg 768w, http:\/\/victoria-rad.de\/wp-content\/uploads\/2020\/09\/20200906_131148.jpg 1200w\" sizes=\"auto, (max-width: 300px) 100vw, 300px\" \/><\/a>hinten rechts in Victoria-Rad Bj. 1938, links daneben Victoria K.R.III. Bj. 1925 und vorn eine Victoria KR 20 Fix&#8230;<\/p>\n<p>Gerne nochmal einzeln:<\/p>\n<p><a href=\"http:\/\/victoria-rad.de\/wp-content\/uploads\/2020\/09\/20200906_125758.jpg\" target=\"_blank\" rel=\"noopener noreferrer\"><img loading=\"lazy\" decoding=\"async\" class=\"aligncenter wp-image-9436 size-medium\" src=\"http:\/\/victoria-rad.de\/wp-content\/uploads\/2020\/09\/20200906_125758-300x169.jpg\" alt=\"\" width=\"300\" height=\"169\" srcset=\"http:\/\/victoria-rad.de\/wp-content\/uploads\/2020\/09\/20200906_125758-300x169.jpg 300w, http:\/\/victoria-rad.de\/wp-content\/uploads\/2020\/09\/20200906_125758-1024x576.jpg 1024w, http:\/\/victoria-rad.de\/wp-content\/uploads\/2020\/09\/20200906_125758-150x84.jpg 150w, http:\/\/victoria-rad.de\/wp-content\/uploads\/2020\/09\/20200906_125758-768x432.jpg 768w, http:\/\/victoria-rad.de\/wp-content\/uploads\/2020\/09\/20200906_125758.jpg 1200w\" sizes=\"auto, (max-width: 300px) 100vw, 300px\" \/><\/a><a href=\"http:\/\/victoria-rad.de\/wp-content\/uploads\/2020\/09\/20200906_125806.jpg\" target=\"_blank\" rel=\"noopener noreferrer\"><img loading=\"lazy\" decoding=\"async\" class=\"aligncenter wp-image-9437 size-medium\" src=\"http:\/\/victoria-rad.de\/wp-content\/uploads\/2020\/09\/20200906_125806-300x169.jpg\" alt=\"\" width=\"300\" height=\"169\" srcset=\"http:\/\/victoria-rad.de\/wp-content\/uploads\/2020\/09\/20200906_125806-300x169.jpg 300w, http:\/\/victoria-rad.de\/wp-content\/uploads\/2020\/09\/20200906_125806-1024x576.jpg 1024w, http:\/\/victoria-rad.de\/wp-content\/uploads\/2020\/09\/20200906_125806-150x84.jpg 150w, http:\/\/victoria-rad.de\/wp-content\/uploads\/2020\/09\/20200906_125806-768x432.jpg 768w, http:\/\/victoria-rad.de\/wp-content\/uploads\/2020\/09\/20200906_125806.jpg 1200w\" sizes=\"auto, (max-width: 300px) 100vw, 300px\" \/><\/a><\/p>\n<p><a href=\"http:\/\/victoria-rad.de\/wp-content\/uploads\/2020\/09\/20200906_131114-scaled.jpg\" target=\"_blank\" rel=\"noopener noreferrer\"><img loading=\"lazy\" decoding=\"async\" class=\"aligncenter wp-image-9438 size-medium\" src=\"http:\/\/victoria-rad.de\/wp-content\/uploads\/2020\/09\/20200906_131114-300x169.jpg\" alt=\"\" width=\"300\" height=\"169\" srcset=\"http:\/\/victoria-rad.de\/wp-content\/uploads\/2020\/09\/20200906_131114-300x169.jpg 300w, http:\/\/victoria-rad.de\/wp-content\/uploads\/2020\/09\/20200906_131114-1024x576.jpg 1024w, http:\/\/victoria-rad.de\/wp-content\/uploads\/2020\/09\/20200906_131114-150x84.jpg 150w, http:\/\/victoria-rad.de\/wp-content\/uploads\/2020\/09\/20200906_131114-768x432.jpg 768w, http:\/\/victoria-rad.de\/wp-content\/uploads\/2020\/09\/20200906_131114-2048x1152.jpg 2048w\" sizes=\"auto, (max-width: 300px) 100vw, 300px\" \/><\/a><\/p>\n<p><a href=\"http:\/\/victoria-rad.de\/wp-content\/uploads\/2020\/09\/20200906_095835.jpg\" target=\"_blank\" rel=\"noopener noreferrer\"><img loading=\"lazy\" decoding=\"async\" class=\"aligncenter wp-image-9439 size-medium\" src=\"http:\/\/victoria-rad.de\/wp-content\/uploads\/2020\/09\/20200906_095835-300x169.jpg\" alt=\"\" width=\"300\" height=\"169\" srcset=\"http:\/\/victoria-rad.de\/wp-content\/uploads\/2020\/09\/20200906_095835-300x169.jpg 300w, http:\/\/victoria-rad.de\/wp-content\/uploads\/2020\/09\/20200906_095835-1024x576.jpg 1024w, http:\/\/victoria-rad.de\/wp-content\/uploads\/2020\/09\/20200906_095835-150x84.jpg 150w, http:\/\/victoria-rad.de\/wp-content\/uploads\/2020\/09\/20200906_095835-768x432.jpg 768w, http:\/\/victoria-rad.de\/wp-content\/uploads\/2020\/09\/20200906_095835.jpg 1200w\" sizes=\"auto, (max-width: 300px) 100vw, 300px\" \/><\/a><\/p>\n<p><strong>Von der Victoria K.R.III. noch ein kurzes Video vom &#8222;Verlassen&#8220; des Treffens bis zum n\u00e4chsten Jahr, hoffentlich dann in gewohnter Weise &#8211; ohne\u00a0<em>&#8222;Pandemie&#8220;&#8230;<\/em><\/strong><\/p>\n<div style=\"width: 660px;\" class=\"wp-video\"><video class=\"wp-video-shortcode\" id=\"video-10101-1\" width=\"660\" height=\"371\" preload=\"metadata\" controls=\"controls\"><source type=\"video\/mp4\" src=\"http:\/\/victoria-rad.de\/wp-content\/uploads\/2021\/01\/Mein-Film.mp4?_=1\" \/><a href=\"http:\/\/victoria-rad.de\/wp-content\/uploads\/2021\/01\/Mein-Film.mp4\">http:\/\/victoria-rad.de\/wp-content\/uploads\/2021\/01\/Mein-Film.mp4<\/a><\/video><\/div>\n<p>Der Organisator des Treffens Gerhard Jacobi:<\/p>\n<p style=\"text-align: center;\"><a href=\"http:\/\/victoria-rad.de\/wp-content\/uploads\/2020\/09\/20200906_100225-Kopie.jpg\" target=\"_blank\" rel=\"noopener noreferrer\"><img loading=\"lazy\" decoding=\"async\" class=\"aligncenter wp-image-9444 size-medium\" src=\"http:\/\/victoria-rad.de\/wp-content\/uploads\/2020\/09\/20200906_100225-Kopie-300x241.jpg\" alt=\"\" width=\"300\" height=\"241\" srcset=\"http:\/\/victoria-rad.de\/wp-content\/uploads\/2020\/09\/20200906_100225-Kopie-300x241.jpg 300w, http:\/\/victoria-rad.de\/wp-content\/uploads\/2020\/09\/20200906_100225-Kopie-150x121.jpg 150w, http:\/\/victoria-rad.de\/wp-content\/uploads\/2020\/09\/20200906_100225-Kopie.jpg 521w\" sizes=\"auto, (max-width: 300px) 100vw, 300px\" \/><\/a><\/p>\n<p>Wir haben berichtet:<\/p>\n<p style=\"text-align: center;\"><a href=\"http:\/\/victoria-rad.de\/wp-content\/uploads\/2020\/09\/20200906_102607.jpg\" target=\"_blank\" rel=\"noopener noreferrer\"><img loading=\"lazy\" decoding=\"async\" class=\"aligncenter wp-image-9440 size-medium\" src=\"http:\/\/victoria-rad.de\/wp-content\/uploads\/2020\/09\/20200906_102607-210x300.jpg\" alt=\"\" width=\"210\" height=\"300\" srcset=\"http:\/\/victoria-rad.de\/wp-content\/uploads\/2020\/09\/20200906_102607-210x300.jpg 210w, http:\/\/victoria-rad.de\/wp-content\/uploads\/2020\/09\/20200906_102607-105x150.jpg 105w, http:\/\/victoria-rad.de\/wp-content\/uploads\/2020\/09\/20200906_102607.jpg 700w\" sizes=\"auto, (max-width: 210px) 100vw, 210px\" \/><\/a>Eure Romy, Gert und klein Victoria&#8230;<\/p>\n<p><a href=\"http:\/\/victoria-rad.de\/wp-content\/uploads\/2020\/08\/IMG_20190312_0002-2-scaled.jpg\" target=\"_blank\" rel=\"noopener noreferrer\"><img loading=\"lazy\" decoding=\"async\" class=\"aligncenter wp-image-9215 size-medium\" src=\"http:\/\/victoria-rad.de\/wp-content\/uploads\/2020\/08\/IMG_20190312_0002-2-300x102.jpg\" alt=\"\" width=\"300\" height=\"102\" srcset=\"http:\/\/victoria-rad.de\/wp-content\/uploads\/2020\/08\/IMG_20190312_0002-2-300x102.jpg 300w, http:\/\/victoria-rad.de\/wp-content\/uploads\/2020\/08\/IMG_20190312_0002-2-1024x347.jpg 1024w, http:\/\/victoria-rad.de\/wp-content\/uploads\/2020\/08\/IMG_20190312_0002-2-150x51.jpg 150w, http:\/\/victoria-rad.de\/wp-content\/uploads\/2020\/08\/IMG_20190312_0002-2-768x261.jpg 768w, http:\/\/victoria-rad.de\/wp-content\/uploads\/2020\/08\/IMG_20190312_0002-2-1536x521.jpg 1536w, http:\/\/victoria-rad.de\/wp-content\/uploads\/2020\/08\/IMG_20190312_0002-2-2048x695.jpg 2048w\" sizes=\"auto, (max-width: 300px) 100vw, 300px\" \/><\/a><\/p>\n<p><img loading=\"lazy\" decoding=\"async\" class=\"alignnone size-medium wp-image-9188 aligncenter\" src=\"http:\/\/victoria-rad.de\/wp-content\/uploads\/2020\/08\/58-300x14.png\" alt=\"\" width=\"300\" height=\"14\" srcset=\"http:\/\/victoria-rad.de\/wp-content\/uploads\/2020\/08\/58-300x14.png 300w, http:\/\/victoria-rad.de\/wp-content\/uploads\/2020\/08\/58-150x7.png 150w, http:\/\/victoria-rad.de\/wp-content\/uploads\/2020\/08\/58.png 501w\" sizes=\"auto, (max-width: 300px) 100vw, 300px\" \/><\/p>\n<p>&nbsp;<\/p>\n","protected":false},"excerpt":{"rendered":"<p>Jedes Jahr findet in Pfaffengr\u00fcn ein kleines Oldtimer-Treffen, eigentlich im Juno des Jahres statt&#8230; Aufgrund der Corona-Krise, diesmal am 6. September bei herrlichen Sp\u00e4tsommerwetter&#8230; Nicht zu vergessen, es fand im Jahr 2018 auch das 30. Victoria-Treffen &#8211; ebenfalls in Pfaffengr\u00fcn statt: Das Plakat vom Treffen&#8230; Erstaunlich viele VICTORIA-FAHRZEUGE waren bei diesem &#8211; eher kleinen Treffen &hellip; <a href=\"http:\/\/victoria-rad.de\/?p=10101\" class=\"more-link\"><span class=\"screen-reader-text\">Victoria &#8211; Motorrad ein R\u00fcckblick nach Pfaffengr\u00fcn im Vogtland&#8230;<\/span> weiterlesen<\/a><\/p>\n","protected":false},"author":1,"featured_media":0,"comment_status":"open","ping_status":"open","sticky":false,"template":"","format":"standard","meta":{"footnotes":""},"categories":[1],"tags":[],"class_list":["post-10101","post","type-post","status-publish","format-standard","hentry","category-uncategorized"],"_links":{"self":[{"href":"http:\/\/victoria-rad.de\/index.php?rest_route=\/wp\/v2\/posts\/10101","targetHints":{"allow":["GET"]}}],"collection":[{"href":"http:\/\/victoria-rad.de\/index.php?rest_route=\/wp\/v2\/posts"}],"about":[{"href":"http:\/\/victoria-rad.de\/index.php?rest_route=\/wp\/v2\/types\/post"}],"author":[{"embeddable":true,"href":"http:\/\/victoria-rad.de\/index.php?rest_route=\/wp\/v2\/users\/1"}],"replies":[{"embeddable":true,"href":"http:\/\/victoria-rad.de\/index.php?rest_route=%2Fwp%2Fv2%2Fcomments&post=10101"}],"version-history":[{"count":4,"href":"http:\/\/victoria-rad.de\/index.php?rest_route=\/wp\/v2\/posts\/10101\/revisions"}],"predecessor-version":[{"id":10107,"href":"http:\/\/victoria-rad.de\/index.php?rest_route=\/wp\/v2\/posts\/10101\/revisions\/10107"}],"wp:attachment":[{"href":"http:\/\/victoria-rad.de\/index.php?rest_route=%2Fwp%2Fv2%2Fmedia&parent=10101"}],"wp:term":[{"taxonomy":"category","embeddable":true,"href":"http:\/\/victoria-rad.de\/index.php?rest_route=%2Fwp%2Fv2%2Fcategories&post=10101"},{"taxonomy":"post_tag","embeddable":true,"href":"http:\/\/victoria-rad.de\/index.php?rest_route=%2Fwp%2Fv2%2Ftags&post=10101"}],"curies":[{"name":"wp","href":"https:\/\/api.w.org\/{rel}","templated":true}]}}