{"id":10110,"date":"2021-01-24T17:56:51","date_gmt":"2021-01-24T17:56:51","guid":{"rendered":"http:\/\/victoria-rad.de\/?p=10110"},"modified":"2021-01-25T08:50:51","modified_gmt":"2021-01-25T08:50:51","slug":"ddr-von-trabant-bis-wartburg","status":"publish","type":"post","link":"http:\/\/victoria-rad.de\/?p=10110","title":{"rendered":"DDR &#8211; von Trabant bis Wartburg&#8230;"},"content":{"rendered":"<h4><strong>Wie hei\u00dft es so sch\u00f6n ? &#8211; &#8222;nichts ist so alt, wie die Zeitung von gestern&#8220;&#8230;<\/strong><\/h4>\n<h5 style=\"text-align: center;\"><em><strong>Mit bedauern musste ich aus der &#8222;Freien Presse&#8220; erfahren, dass Winfried Sonntag aus Zwickau mit 96 Jahren verstorben ist.<\/strong><\/em><\/h5>\n<p>Der Zwickauer &#8222;Trabi-Tr\u00e4umer&#8220; Winfried Sonntag war in seiner aktivsten Zeit Generaldirektor aller Fahrzeugbau-Betriebe in der DDR. Er war Herr \u00fcber 105.000 Mitarbeiter, die Trabanten und Wartburgs, Simson-Mopeds, Fahrr\u00e4der, bis hinzu kleine und gr\u00f6\u00dfere LKW bauten.<\/p>\n<p>Unter seiner Leitung entstanden in der DDR 13 Prototypen, bis hin zum VW-Golf, die allesamt vom Politb\u00fcro abgelehnt wurden&#8230; Die DDR Mangelwirtschaft und fehlende Devisen verhinderten ein Vorw\u00e4rtskommen im Automobilbau in der DDR. Das Tiefziehblech aus der Sowjetunion war nicht brauchbar, deshalb der Papp-Trabant usw. und so fort&#8230;<\/p>\n<p><strong>Winfried Sonntag &#8211; ein Chef, der nichts durfte:<\/strong><\/p>\n<p><a href=\"http:\/\/victoria-rad.de\/wp-content\/uploads\/2021\/01\/20210123_102413.jpg\" target=\"_blank\" rel=\"noopener\"><img loading=\"lazy\" decoding=\"async\" class=\"aligncenter wp-image-10112 size-medium\" src=\"http:\/\/victoria-rad.de\/wp-content\/uploads\/2021\/01\/20210123_102413-300x146.jpg\" alt=\"\" width=\"300\" height=\"146\" srcset=\"http:\/\/victoria-rad.de\/wp-content\/uploads\/2021\/01\/20210123_102413-300x146.jpg 300w, http:\/\/victoria-rad.de\/wp-content\/uploads\/2021\/01\/20210123_102413-150x73.jpg 150w, http:\/\/victoria-rad.de\/wp-content\/uploads\/2021\/01\/20210123_102413-768x375.jpg 768w, http:\/\/victoria-rad.de\/wp-content\/uploads\/2021\/01\/20210123_102413.jpg 1000w\" sizes=\"auto, (max-width: 300px) 100vw, 300px\" \/><\/a><\/p>\n<p>10 serienreife Prototypen durften nie gebaut werden, es folgte vom Politb\u00fcro stets die Anweisung, diese zu vernichten&#8230; einige konnten trotzdem der Presse entkommen und stehen heute im &#8222;Horch-Museum&#8220; in Zwickau:<\/p>\n<p><a href=\"http:\/\/victoria-rad.de\/wp-content\/uploads\/2021\/01\/20210123_102336-3-Kopie.jpg\" target=\"_blank\" rel=\"noopener\"><img loading=\"lazy\" decoding=\"async\" class=\"aligncenter wp-image-10113 size-medium\" src=\"http:\/\/victoria-rad.de\/wp-content\/uploads\/2021\/01\/20210123_102336-3-Kopie-293x300.jpg\" alt=\"\" width=\"293\" height=\"300\" srcset=\"http:\/\/victoria-rad.de\/wp-content\/uploads\/2021\/01\/20210123_102336-3-Kopie-293x300.jpg 293w, http:\/\/victoria-rad.de\/wp-content\/uploads\/2021\/01\/20210123_102336-3-Kopie-146x150.jpg 146w, http:\/\/victoria-rad.de\/wp-content\/uploads\/2021\/01\/20210123_102336-3-Kopie-768x787.jpg 768w, http:\/\/victoria-rad.de\/wp-content\/uploads\/2021\/01\/20210123_102336-3-Kopie.jpg 976w\" sizes=\"auto, (max-width: 293px) 100vw, 293px\" \/><\/a><\/p>\n<p style=\"text-align: center;\">Der Auszug aus der &#8222;Freien Presse&#8220; vom Samstag dem 23. Januar 2021&#8230;<\/p>\n<p><strong>Die Entw\u00fcrfe entstanden unter Regie von Winfried Sonntag:<\/strong><\/p>\n<p><a href=\"http:\/\/victoria-rad.de\/wp-content\/uploads\/2021\/01\/20210123_102336-4-Kopie.jpg\" target=\"_blank\" rel=\"noopener\"><img loading=\"lazy\" decoding=\"async\" class=\"aligncenter wp-image-10114 size-medium\" src=\"http:\/\/victoria-rad.de\/wp-content\/uploads\/2021\/01\/20210123_102336-4-Kopie-300x102.jpg\" alt=\"\" width=\"300\" height=\"102\" srcset=\"http:\/\/victoria-rad.de\/wp-content\/uploads\/2021\/01\/20210123_102336-4-Kopie-300x102.jpg 300w, http:\/\/victoria-rad.de\/wp-content\/uploads\/2021\/01\/20210123_102336-4-Kopie-150x51.jpg 150w, http:\/\/victoria-rad.de\/wp-content\/uploads\/2021\/01\/20210123_102336-4-Kopie-768x262.jpg 768w, http:\/\/victoria-rad.de\/wp-content\/uploads\/2021\/01\/20210123_102336-4-Kopie.jpg 1000w\" sizes=\"auto, (max-width: 300px) 100vw, 300px\" \/><\/a><\/p>\n<p><em>Ich war besonders betroffen &#8211; vom Ableben des Winfried Sonntag, da ich das Gl\u00fcck hatte ihn, als Gast (1998) in meinen R\u00e4umen empfangen zu haben. Er hielt bei unseren Stammtisch- Freunden einen Vortrag \u00fcber die Zeit, als er Generaldirektor in der DDR war. Er war immer noch voller Begeisterung \u00fcber sein Schaffen und traurig \u00fcber die nie gebauten Fahrzeuge&#8230;<\/em><\/p>\n<p>Quelle: Freie Presse, Verlag und Redaktion 09111 Chemnitz vom 23.01.2021; Bernd Czekalla Ingenieur und Mitglied im F\u00f6rderverein des Horch-Museums.<\/p>\n<p><img loading=\"lazy\" decoding=\"async\" class=\"alignnone size-medium wp-image-10033 aligncenter\" src=\"http:\/\/victoria-rad.de\/wp-content\/uploads\/2020\/12\/58-300x14.png\" alt=\"\" width=\"300\" height=\"14\" srcset=\"http:\/\/victoria-rad.de\/wp-content\/uploads\/2020\/12\/58-300x14.png 300w, http:\/\/victoria-rad.de\/wp-content\/uploads\/2020\/12\/58-150x7.png 150w, http:\/\/victoria-rad.de\/wp-content\/uploads\/2020\/12\/58.png 501w\" sizes=\"auto, (max-width: 300px) 100vw, 300px\" \/><\/p>\n","protected":false},"excerpt":{"rendered":"<p>Wie hei\u00dft es so sch\u00f6n ? &#8211; &#8222;nichts ist so alt, wie die Zeitung von gestern&#8220;&#8230; Mit bedauern musste ich aus der &#8222;Freien Presse&#8220; erfahren, dass Winfried Sonntag aus Zwickau mit 96 Jahren verstorben ist. Der Zwickauer &#8222;Trabi-Tr\u00e4umer&#8220; Winfried Sonntag war in seiner aktivsten Zeit Generaldirektor aller Fahrzeugbau-Betriebe in der DDR. Er war Herr \u00fcber &hellip; <a href=\"http:\/\/victoria-rad.de\/?p=10110\" class=\"more-link\"><span class=\"screen-reader-text\">DDR &#8211; von Trabant bis Wartburg&#8230;<\/span> weiterlesen<\/a><\/p>\n","protected":false},"author":1,"featured_media":0,"comment_status":"open","ping_status":"open","sticky":false,"template":"","format":"standard","meta":{"footnotes":""},"categories":[1],"tags":[],"class_list":["post-10110","post","type-post","status-publish","format-standard","hentry","category-uncategorized"],"_links":{"self":[{"href":"http:\/\/victoria-rad.de\/index.php?rest_route=\/wp\/v2\/posts\/10110","targetHints":{"allow":["GET"]}}],"collection":[{"href":"http:\/\/victoria-rad.de\/index.php?rest_route=\/wp\/v2\/posts"}],"about":[{"href":"http:\/\/victoria-rad.de\/index.php?rest_route=\/wp\/v2\/types\/post"}],"author":[{"embeddable":true,"href":"http:\/\/victoria-rad.de\/index.php?rest_route=\/wp\/v2\/users\/1"}],"replies":[{"embeddable":true,"href":"http:\/\/victoria-rad.de\/index.php?rest_route=%2Fwp%2Fv2%2Fcomments&post=10110"}],"version-history":[{"count":3,"href":"http:\/\/victoria-rad.de\/index.php?rest_route=\/wp\/v2\/posts\/10110\/revisions"}],"predecessor-version":[{"id":10116,"href":"http:\/\/victoria-rad.de\/index.php?rest_route=\/wp\/v2\/posts\/10110\/revisions\/10116"}],"wp:attachment":[{"href":"http:\/\/victoria-rad.de\/index.php?rest_route=%2Fwp%2Fv2%2Fmedia&parent=10110"}],"wp:term":[{"taxonomy":"category","embeddable":true,"href":"http:\/\/victoria-rad.de\/index.php?rest_route=%2Fwp%2Fv2%2Fcategories&post=10110"},{"taxonomy":"post_tag","embeddable":true,"href":"http:\/\/victoria-rad.de\/index.php?rest_route=%2Fwp%2Fv2%2Ftags&post=10110"}],"curies":[{"name":"wp","href":"https:\/\/api.w.org\/{rel}","templated":true}]}}