{"id":10274,"date":"2021-04-02T18:41:56","date_gmt":"2021-04-02T16:41:56","guid":{"rendered":"http:\/\/victoria-rad.de\/?p=10274"},"modified":"2021-04-02T18:41:56","modified_gmt":"2021-04-02T16:41:56","slug":"victoria-motorrad-fahrmeister-kr-9-motorrad-ausstellung-berlin-1935","status":"publish","type":"post","link":"http:\/\/victoria-rad.de\/?p=10274","title":{"rendered":"Victoria &#8211; Motorrad Fahrmeister KR 9 Motorrad-Ausstellung Berlin 1935&#8230;"},"content":{"rendered":"<h4 style=\"text-align: center;\"><span style=\"color: #ff9900;\"><strong>Zum Osterfest &#8211; Die Victoria KR 9, was wird denn unter der Verkleidung f\u00fcr ein Aggregat sich verbergen&#8230;?<\/strong><\/span><\/h4>\n<p><em><strong>Liebe Victoriafreunde ein paar Aufnahmen aus den Mitte-Drei\u00dfiger-Jahren geben mir den Anlass auf die damals vom Design sehr fortschrittlichen Fahrmeister-Motorr\u00e4der nochmals hinzuweisen und zu pr\u00e4sentieren. Originalbilder von Messe-Besuchen der damaligen F\u00fchrung:<\/strong><\/em><\/p>\n<p><a href=\"http:\/\/victoria-rad.de\/wp-content\/uploads\/2021\/03\/34.jpg\" target=\"_blank\" rel=\"noopener\"><img loading=\"lazy\" decoding=\"async\" class=\"aligncenter wp-image-10288 size-medium\" src=\"http:\/\/victoria-rad.de\/wp-content\/uploads\/2021\/03\/34-300x45.jpg\" alt=\"\" width=\"300\" height=\"45\" srcset=\"http:\/\/victoria-rad.de\/wp-content\/uploads\/2021\/03\/34-300x45.jpg 300w, http:\/\/victoria-rad.de\/wp-content\/uploads\/2021\/03\/34-150x22.jpg 150w, http:\/\/victoria-rad.de\/wp-content\/uploads\/2021\/03\/34-768x114.jpg 768w, http:\/\/victoria-rad.de\/wp-content\/uploads\/2021\/03\/34.jpg 1000w\" sizes=\"auto, (max-width: 300px) 100vw, 300px\" \/><\/a><\/p>\n<p style=\"text-align: center;\"><a href=\"http:\/\/victoria-rad.de\/wp-content\/uploads\/2021\/03\/30-1.jpg\" target=\"_blank\" rel=\"noopener\"><img loading=\"lazy\" decoding=\"async\" class=\"aligncenter wp-image-10289 size-medium\" src=\"http:\/\/victoria-rad.de\/wp-content\/uploads\/2021\/03\/30-1-300x200.jpg\" alt=\"\" width=\"300\" height=\"200\" srcset=\"http:\/\/victoria-rad.de\/wp-content\/uploads\/2021\/03\/30-1-300x200.jpg 300w, http:\/\/victoria-rad.de\/wp-content\/uploads\/2021\/03\/30-1-150x100.jpg 150w, http:\/\/victoria-rad.de\/wp-content\/uploads\/2021\/03\/30-1-768x511.jpg 768w, http:\/\/victoria-rad.de\/wp-content\/uploads\/2021\/03\/30-1.jpg 1000w\" sizes=\"auto, (max-width: 300px) 100vw, 300px\" \/><\/a>Naja, die links stehende Person war wohl nicht der angenehmste Typ zur damaligen Zeit, aber es geh\u00f6rt zur Geschichte&#8230;<\/p>\n<p><a href=\"http:\/\/victoria-rad.de\/wp-content\/uploads\/2021\/03\/33-1.jpg\" target=\"_blank\" rel=\"noopener\"><img loading=\"lazy\" decoding=\"async\" class=\"aligncenter wp-image-10290 size-medium\" src=\"http:\/\/victoria-rad.de\/wp-content\/uploads\/2021\/03\/33-1-286x300.jpg\" alt=\"\" width=\"286\" height=\"300\" srcset=\"http:\/\/victoria-rad.de\/wp-content\/uploads\/2021\/03\/33-1-286x300.jpg 286w, http:\/\/victoria-rad.de\/wp-content\/uploads\/2021\/03\/33-1-143x150.jpg 143w, http:\/\/victoria-rad.de\/wp-content\/uploads\/2021\/03\/33-1-768x805.jpg 768w, http:\/\/victoria-rad.de\/wp-content\/uploads\/2021\/03\/33-1.jpg 946w\" sizes=\"auto, (max-width: 286px) 100vw, 286px\" \/><\/a><\/p>\n<p><a href=\"http:\/\/victoria-rad.de\/wp-content\/uploads\/2021\/03\/20210315_143849-2.jpg\" target=\"_blank\" rel=\"noopener\"><img loading=\"lazy\" decoding=\"async\" class=\"aligncenter wp-image-10276 size-medium\" src=\"http:\/\/victoria-rad.de\/wp-content\/uploads\/2021\/03\/20210315_143849-2-300x106.jpg\" alt=\"\" width=\"300\" height=\"106\" srcset=\"http:\/\/victoria-rad.de\/wp-content\/uploads\/2021\/03\/20210315_143849-2-300x106.jpg 300w, http:\/\/victoria-rad.de\/wp-content\/uploads\/2021\/03\/20210315_143849-2-1024x362.jpg 1024w, http:\/\/victoria-rad.de\/wp-content\/uploads\/2021\/03\/20210315_143849-2-150x53.jpg 150w, http:\/\/victoria-rad.de\/wp-content\/uploads\/2021\/03\/20210315_143849-2-768x271.jpg 768w, http:\/\/victoria-rad.de\/wp-content\/uploads\/2021\/03\/20210315_143849-2.jpg 1200w\" sizes=\"auto, (max-width: 300px) 100vw, 300px\" \/><\/a><\/p>\n<p><a href=\"http:\/\/victoria-rad.de\/wp-content\/uploads\/2018\/08\/KR9-Motor.jpg\" target=\"_blank\" rel=\"noopener\"><img loading=\"lazy\" decoding=\"async\" class=\"aligncenter wp-image-1438 size-medium\" src=\"http:\/\/victoria-rad.de\/wp-content\/uploads\/2018\/08\/KR9-Motor-300x137.jpg\" alt=\"\" width=\"300\" height=\"137\" srcset=\"http:\/\/victoria-rad.de\/wp-content\/uploads\/2018\/08\/KR9-Motor-300x137.jpg 300w, http:\/\/victoria-rad.de\/wp-content\/uploads\/2018\/08\/KR9-Motor-768x351.jpg 768w, http:\/\/victoria-rad.de\/wp-content\/uploads\/2018\/08\/KR9-Motor-1024x467.jpg 1024w, http:\/\/victoria-rad.de\/wp-content\/uploads\/2018\/08\/KR9-Motor.jpg 1345w\" sizes=\"auto, (max-width: 300px) 100vw, 300px\" \/><img loading=\"lazy\" decoding=\"async\" class=\"aligncenter wp-image-1441 size-medium\" src=\"http:\/\/victoria-rad.de\/wp-content\/uploads\/2018\/08\/IMG_20141211_0021-300x199.jpg\" alt=\"\" width=\"300\" height=\"199\" srcset=\"http:\/\/victoria-rad.de\/wp-content\/uploads\/2018\/08\/IMG_20141211_0021-300x199.jpg 300w, http:\/\/victoria-rad.de\/wp-content\/uploads\/2018\/08\/IMG_20141211_0021-768x508.jpg 768w, http:\/\/victoria-rad.de\/wp-content\/uploads\/2018\/08\/IMG_20141211_0021-1024x678.jpg 1024w\" sizes=\"auto, (max-width: 300px) 100vw, 300px\" \/><\/a><\/p>\n<p><a href=\"http:\/\/victoria-rad.de\/wp-content\/uploads\/2021\/03\/52.jpg\" target=\"_blank\" rel=\"noopener\"><img loading=\"lazy\" decoding=\"async\" class=\"aligncenter wp-image-10279 size-medium\" src=\"http:\/\/victoria-rad.de\/wp-content\/uploads\/2021\/03\/52-300x269.jpg\" alt=\"\" width=\"300\" height=\"269\" srcset=\"http:\/\/victoria-rad.de\/wp-content\/uploads\/2021\/03\/52-300x269.jpg 300w, http:\/\/victoria-rad.de\/wp-content\/uploads\/2021\/03\/52-1024x917.jpg 1024w, http:\/\/victoria-rad.de\/wp-content\/uploads\/2021\/03\/52-150x134.jpg 150w, http:\/\/victoria-rad.de\/wp-content\/uploads\/2021\/03\/52-768x688.jpg 768w, http:\/\/victoria-rad.de\/wp-content\/uploads\/2021\/03\/52.jpg 1200w\" sizes=\"auto, (max-width: 300px) 100vw, 300px\" \/><\/a><\/p>\n<p><a href=\"http:\/\/victoria-rad.de\/wp-content\/uploads\/2018\/08\/Vordergabel-1.png\" target=\"_blank\" rel=\"noopener\"><img loading=\"lazy\" decoding=\"async\" class=\"aligncenter wp-image-1442 size-medium\" src=\"http:\/\/victoria-rad.de\/wp-content\/uploads\/2018\/08\/Vordergabel-1-200x300.png\" alt=\"\" width=\"200\" height=\"300\" srcset=\"http:\/\/victoria-rad.de\/wp-content\/uploads\/2018\/08\/Vordergabel-1-200x300.png 200w, http:\/\/victoria-rad.de\/wp-content\/uploads\/2018\/08\/Vordergabel-1-768x1150.png 768w, http:\/\/victoria-rad.de\/wp-content\/uploads\/2018\/08\/Vordergabel-1-684x1024.png 684w, http:\/\/victoria-rad.de\/wp-content\/uploads\/2018\/08\/Vordergabel-1.png 921w\" sizes=\"auto, (max-width: 200px) 100vw, 200px\" \/><\/a><\/p>\n<p><a href=\"http:\/\/victoria-rad.de\/wp-content\/uploads\/2021\/03\/53.jpg\" target=\"_blank\" rel=\"noopener\"><img loading=\"lazy\" decoding=\"async\" class=\"aligncenter wp-image-10283 size-medium\" src=\"http:\/\/victoria-rad.de\/wp-content\/uploads\/2021\/03\/53-300x120.jpg\" alt=\"\" width=\"300\" height=\"120\" srcset=\"http:\/\/victoria-rad.de\/wp-content\/uploads\/2021\/03\/53-300x120.jpg 300w, http:\/\/victoria-rad.de\/wp-content\/uploads\/2021\/03\/53-1024x408.jpg 1024w, http:\/\/victoria-rad.de\/wp-content\/uploads\/2021\/03\/53-150x60.jpg 150w, http:\/\/victoria-rad.de\/wp-content\/uploads\/2021\/03\/53-768x306.jpg 768w, http:\/\/victoria-rad.de\/wp-content\/uploads\/2021\/03\/53.jpg 1200w\" sizes=\"auto, (max-width: 300px) 100vw, 300px\" \/><\/a><\/p>\n<p>Einige originale Bilder:<\/p>\n<p><a href=\"http:\/\/victoria-rad.de\/wp-content\/uploads\/2018\/08\/B\u00e4cher-KR9-6.jpg\" target=\"_blank\" rel=\"noopener\"><img loading=\"lazy\" decoding=\"async\" class=\"aligncenter wp-image-1494 size-medium\" src=\"http:\/\/victoria-rad.de\/wp-content\/uploads\/2018\/08\/B\u00e4cher-KR9-6-300x202.jpg\" alt=\"\" width=\"300\" height=\"202\" srcset=\"http:\/\/victoria-rad.de\/wp-content\/uploads\/2018\/08\/B\u00e4cher-KR9-6-300x202.jpg 300w, http:\/\/victoria-rad.de\/wp-content\/uploads\/2018\/08\/B\u00e4cher-KR9-6-768x516.jpg 768w, http:\/\/victoria-rad.de\/wp-content\/uploads\/2018\/08\/B\u00e4cher-KR9-6-1024x688.jpg 1024w\" sizes=\"auto, (max-width: 300px) 100vw, 300px\" \/><\/a><\/p>\n<p><a href=\"http:\/\/victoria-rad.de\/wp-content\/uploads\/2018\/08\/KR-9.jpg\" target=\"_blank\" rel=\"noopener\"><img loading=\"lazy\" decoding=\"async\" class=\"aligncenter wp-image-1493 size-medium\" src=\"http:\/\/victoria-rad.de\/wp-content\/uploads\/2018\/08\/KR-9-225x300.jpg\" alt=\"\" width=\"225\" height=\"300\" srcset=\"http:\/\/victoria-rad.de\/wp-content\/uploads\/2018\/08\/KR-9-225x300.jpg 225w, http:\/\/victoria-rad.de\/wp-content\/uploads\/2018\/08\/KR-9-768x1026.jpg 768w, http:\/\/victoria-rad.de\/wp-content\/uploads\/2018\/08\/KR-9-767x1024.jpg 767w, http:\/\/victoria-rad.de\/wp-content\/uploads\/2018\/08\/KR-9.jpg 1312w\" sizes=\"auto, (max-width: 225px) 100vw, 225px\" \/><\/a><\/p>\n<p><a href=\"http:\/\/victoria-rad.de\/wp-content\/uploads\/2018\/08\/Kr-9-2.jpg\" target=\"_blank\" rel=\"noopener\"><img loading=\"lazy\" decoding=\"async\" class=\"aligncenter wp-image-1492 size-medium\" src=\"http:\/\/victoria-rad.de\/wp-content\/uploads\/2018\/08\/Kr-9-2-300x214.jpg\" alt=\"\" width=\"300\" height=\"214\" srcset=\"http:\/\/victoria-rad.de\/wp-content\/uploads\/2018\/08\/Kr-9-2-300x214.jpg 300w, http:\/\/victoria-rad.de\/wp-content\/uploads\/2018\/08\/Kr-9-2-768x548.jpg 768w, http:\/\/victoria-rad.de\/wp-content\/uploads\/2018\/08\/Kr-9-2-1024x731.jpg 1024w, http:\/\/victoria-rad.de\/wp-content\/uploads\/2018\/08\/Kr-9-2.jpg 2040w\" sizes=\"auto, (max-width: 300px) 100vw, 300px\" \/><\/a><\/p>\n<p><a href=\"http:\/\/victoria-rad.de\/wp-content\/uploads\/2018\/08\/IMG_20150210_0003.jpg\" target=\"_blank\" rel=\"noopener\"><img loading=\"lazy\" decoding=\"async\" class=\"aligncenter wp-image-1486 size-medium\" src=\"http:\/\/victoria-rad.de\/wp-content\/uploads\/2018\/08\/IMG_20150210_0003-212x300.jpg\" alt=\"\" width=\"212\" height=\"300\" srcset=\"http:\/\/victoria-rad.de\/wp-content\/uploads\/2018\/08\/IMG_20150210_0003-212x300.jpg 212w, http:\/\/victoria-rad.de\/wp-content\/uploads\/2018\/08\/IMG_20150210_0003-768x1086.jpg 768w, http:\/\/victoria-rad.de\/wp-content\/uploads\/2018\/08\/IMG_20150210_0003-724x1024.jpg 724w\" sizes=\"auto, (max-width: 212px) 100vw, 212px\" \/><\/a><\/p>\n<p><a href=\"http:\/\/victoria-rad.de\/wp-content\/uploads\/2018\/08\/IMG_20150210_0002.jpg\" target=\"_blank\" rel=\"noopener\"><img loading=\"lazy\" decoding=\"async\" class=\"aligncenter wp-image-1487 size-medium\" src=\"http:\/\/victoria-rad.de\/wp-content\/uploads\/2018\/08\/IMG_20150210_0002-300x220.jpg\" alt=\"\" width=\"300\" height=\"220\" srcset=\"http:\/\/victoria-rad.de\/wp-content\/uploads\/2018\/08\/IMG_20150210_0002-300x220.jpg 300w, http:\/\/victoria-rad.de\/wp-content\/uploads\/2018\/08\/IMG_20150210_0002-768x564.jpg 768w, http:\/\/victoria-rad.de\/wp-content\/uploads\/2018\/08\/IMG_20150210_0002-1024x752.jpg 1024w\" sizes=\"auto, (max-width: 300px) 100vw, 300px\" \/><\/a><\/p>\n<p><a href=\"http:\/\/victoria-rad.de\/wp-content\/uploads\/2018\/08\/Victoria-KR9-S\u00fcdtirol.jpg\" target=\"_blank\" rel=\"noopener\"><img loading=\"lazy\" decoding=\"async\" class=\"aligncenter wp-image-1484 size-medium\" src=\"http:\/\/victoria-rad.de\/wp-content\/uploads\/2018\/08\/Victoria-KR9-S\u00fcdtirol-300x217.jpg\" alt=\"\" width=\"300\" height=\"217\" srcset=\"http:\/\/victoria-rad.de\/wp-content\/uploads\/2018\/08\/Victoria-KR9-S\u00fcdtirol-300x217.jpg 300w, http:\/\/victoria-rad.de\/wp-content\/uploads\/2018\/08\/Victoria-KR9-S\u00fcdtirol-768x555.jpg 768w, http:\/\/victoria-rad.de\/wp-content\/uploads\/2018\/08\/Victoria-KR9-S\u00fcdtirol-1024x739.jpg 1024w\" sizes=\"auto, (max-width: 300px) 100vw, 300px\" \/><\/a><\/p>\n<p><a href=\"http:\/\/victoria-rad.de\/wp-content\/uploads\/2018\/08\/IMG_20180820_0003.jpg\" target=\"_blank\" rel=\"noopener\"><img loading=\"lazy\" decoding=\"async\" class=\"aligncenter wp-image-1496 size-medium\" src=\"http:\/\/victoria-rad.de\/wp-content\/uploads\/2018\/08\/IMG_20180820_0003-203x300.jpg\" alt=\"\" width=\"203\" height=\"300\" srcset=\"http:\/\/victoria-rad.de\/wp-content\/uploads\/2018\/08\/IMG_20180820_0003-203x300.jpg 203w, http:\/\/victoria-rad.de\/wp-content\/uploads\/2018\/08\/IMG_20180820_0003-768x1134.jpg 768w, http:\/\/victoria-rad.de\/wp-content\/uploads\/2018\/08\/IMG_20180820_0003-694x1024.jpg 694w, http:\/\/victoria-rad.de\/wp-content\/uploads\/2018\/08\/IMG_20180820_0003.jpg 1159w\" sizes=\"auto, (max-width: 203px) 100vw, 203px\" \/><\/a><\/p>\n<p><a href=\"http:\/\/victoria-rad.de\/wp-content\/uploads\/2018\/08\/Seitenwagen-28.png\" target=\"_blank\" rel=\"noopener\"><img loading=\"lazy\" decoding=\"async\" class=\"aligncenter wp-image-1498 size-medium\" src=\"http:\/\/victoria-rad.de\/wp-content\/uploads\/2018\/08\/Seitenwagen-28-300x138.png\" alt=\"\" width=\"300\" height=\"138\" srcset=\"http:\/\/victoria-rad.de\/wp-content\/uploads\/2018\/08\/Seitenwagen-28-300x138.png 300w, http:\/\/victoria-rad.de\/wp-content\/uploads\/2018\/08\/Seitenwagen-28-768x354.png 768w, http:\/\/victoria-rad.de\/wp-content\/uploads\/2018\/08\/Seitenwagen-28-1024x472.png 1024w, http:\/\/victoria-rad.de\/wp-content\/uploads\/2018\/08\/Seitenwagen-28.png 1551w\" sizes=\"auto, (max-width: 300px) 100vw, 300px\" \/><\/a><\/p>\n<p>Noch einige Bilder von der Fahrmeister KR 9:<\/p>\n<p><a href=\"http:\/\/victoria-rad.de\/wp-content\/uploads\/2021\/03\/IMG_20150104_0013-scaled.jpg\" target=\"_blank\" rel=\"noopener\"><img loading=\"lazy\" decoding=\"async\" class=\"aligncenter wp-image-10293 size-medium\" src=\"http:\/\/victoria-rad.de\/wp-content\/uploads\/2021\/03\/IMG_20150104_0013-167x300.jpg\" alt=\"\" width=\"167\" height=\"300\" srcset=\"http:\/\/victoria-rad.de\/wp-content\/uploads\/2021\/03\/IMG_20150104_0013-167x300.jpg 167w, http:\/\/victoria-rad.de\/wp-content\/uploads\/2021\/03\/IMG_20150104_0013-572x1024.jpg 572w, http:\/\/victoria-rad.de\/wp-content\/uploads\/2021\/03\/IMG_20150104_0013-84x150.jpg 84w, http:\/\/victoria-rad.de\/wp-content\/uploads\/2021\/03\/IMG_20150104_0013-768x1376.jpg 768w, http:\/\/victoria-rad.de\/wp-content\/uploads\/2021\/03\/IMG_20150104_0013-858x1536.jpg 858w, http:\/\/victoria-rad.de\/wp-content\/uploads\/2021\/03\/IMG_20150104_0013-1143x2048.jpg 1143w, http:\/\/victoria-rad.de\/wp-content\/uploads\/2021\/03\/IMG_20150104_0013-scaled.jpg 1429w\" sizes=\"auto, (max-width: 167px) 100vw, 167px\" \/><\/a><\/p>\n<p><a href=\"http:\/\/victoria-rad.de\/wp-content\/uploads\/2021\/03\/Roman-Slubowscy.jpg\" target=\"_blank\" rel=\"noopener\"><img loading=\"lazy\" decoding=\"async\" class=\"aligncenter wp-image-10294 size-medium\" src=\"http:\/\/victoria-rad.de\/wp-content\/uploads\/2021\/03\/Roman-Slubowscy-300x201.jpg\" alt=\"\" width=\"300\" height=\"201\" srcset=\"http:\/\/victoria-rad.de\/wp-content\/uploads\/2021\/03\/Roman-Slubowscy-300x201.jpg 300w, http:\/\/victoria-rad.de\/wp-content\/uploads\/2021\/03\/Roman-Slubowscy-1024x685.jpg 1024w, http:\/\/victoria-rad.de\/wp-content\/uploads\/2021\/03\/Roman-Slubowscy-150x100.jpg 150w, http:\/\/victoria-rad.de\/wp-content\/uploads\/2021\/03\/Roman-Slubowscy-768x514.jpg 768w, http:\/\/victoria-rad.de\/wp-content\/uploads\/2021\/03\/Roman-Slubowscy-1536x1027.jpg 1536w, http:\/\/victoria-rad.de\/wp-content\/uploads\/2021\/03\/Roman-Slubowscy-2048x1370.jpg 2048w\" sizes=\"auto, (max-width: 300px) 100vw, 300px\" \/><\/a><\/p>\n<p><a href=\"http:\/\/victoria-rad.de\/wp-content\/uploads\/2021\/03\/Victoria-Buch-Bilder-030.jpg\" target=\"_blank\" rel=\"noopener\"><img loading=\"lazy\" decoding=\"async\" class=\"aligncenter wp-image-10295 size-medium\" src=\"http:\/\/victoria-rad.de\/wp-content\/uploads\/2021\/03\/Victoria-Buch-Bilder-030-300x225.jpg\" alt=\"\" width=\"300\" height=\"225\" srcset=\"http:\/\/victoria-rad.de\/wp-content\/uploads\/2021\/03\/Victoria-Buch-Bilder-030-300x225.jpg 300w, http:\/\/victoria-rad.de\/wp-content\/uploads\/2021\/03\/Victoria-Buch-Bilder-030-1024x768.jpg 1024w, http:\/\/victoria-rad.de\/wp-content\/uploads\/2021\/03\/Victoria-Buch-Bilder-030-150x113.jpg 150w, http:\/\/victoria-rad.de\/wp-content\/uploads\/2021\/03\/Victoria-Buch-Bilder-030-768x576.jpg 768w, http:\/\/victoria-rad.de\/wp-content\/uploads\/2021\/03\/Victoria-Buch-Bilder-030-1536x1152.jpg 1536w, http:\/\/victoria-rad.de\/wp-content\/uploads\/2021\/03\/Victoria-Buch-Bilder-030-2048x1536.jpg 2048w\" sizes=\"auto, (max-width: 300px) 100vw, 300px\" \/><\/a><\/p>\n<p><em><strong>Ausf\u00fchrliche Berichte \u00fcber die Fahrmeister KR 8 und KR 9 finden Sie bereits in Berichten aus dem Jahr 2018 im Monat August&#8230; viel Spa\u00df beim st\u00f6bern&#8230;<\/strong><\/em><\/p>\n<p><a href=\"http:\/\/victoria-rad.de\/wp-content\/uploads\/2021\/03\/IMG_20190312_0002-scaled.jpg\" target=\"_blank\" rel=\"noopener\"><img loading=\"lazy\" decoding=\"async\" class=\"aligncenter wp-image-10291 size-medium\" src=\"http:\/\/victoria-rad.de\/wp-content\/uploads\/2021\/03\/IMG_20190312_0002-300x102.jpg\" alt=\"\" width=\"300\" height=\"102\" srcset=\"http:\/\/victoria-rad.de\/wp-content\/uploads\/2021\/03\/IMG_20190312_0002-300x102.jpg 300w, http:\/\/victoria-rad.de\/wp-content\/uploads\/2021\/03\/IMG_20190312_0002-1024x347.jpg 1024w, http:\/\/victoria-rad.de\/wp-content\/uploads\/2021\/03\/IMG_20190312_0002-150x51.jpg 150w, http:\/\/victoria-rad.de\/wp-content\/uploads\/2021\/03\/IMG_20190312_0002-768x261.jpg 768w, http:\/\/victoria-rad.de\/wp-content\/uploads\/2021\/03\/IMG_20190312_0002-1536x521.jpg 1536w, http:\/\/victoria-rad.de\/wp-content\/uploads\/2021\/03\/IMG_20190312_0002-2048x695.jpg 2048w\" sizes=\"auto, (max-width: 300px) 100vw, 300px\" \/><\/a><\/p>\n<p><img loading=\"lazy\" decoding=\"async\" class=\"alignnone size-medium wp-image-10292 aligncenter\" src=\"http:\/\/victoria-rad.de\/wp-content\/uploads\/2021\/03\/58-300x14.png\" alt=\"\" width=\"300\" height=\"14\" srcset=\"http:\/\/victoria-rad.de\/wp-content\/uploads\/2021\/03\/58-300x14.png 300w, http:\/\/victoria-rad.de\/wp-content\/uploads\/2021\/03\/58-150x7.png 150w, http:\/\/victoria-rad.de\/wp-content\/uploads\/2021\/03\/58.png 501w\" sizes=\"auto, (max-width: 300px) 100vw, 300px\" \/><\/p>\n<p>&nbsp;<\/p>\n<p>&nbsp;<\/p>\n<p>&nbsp;<\/p>\n<p>&nbsp;<\/p>\n","protected":false},"excerpt":{"rendered":"<p>Zum Osterfest &#8211; Die Victoria KR 9, was wird denn unter der Verkleidung f\u00fcr ein Aggregat sich verbergen&#8230;? Liebe Victoriafreunde ein paar Aufnahmen aus den Mitte-Drei\u00dfiger-Jahren geben mir den Anlass auf die damals vom Design sehr fortschrittlichen Fahrmeister-Motorr\u00e4der nochmals hinzuweisen und zu pr\u00e4sentieren. Originalbilder von Messe-Besuchen der damaligen F\u00fchrung: Naja, die links stehende Person war &hellip; <a href=\"http:\/\/victoria-rad.de\/?p=10274\" class=\"more-link\"><span class=\"screen-reader-text\">Victoria &#8211; Motorrad Fahrmeister KR 9 Motorrad-Ausstellung Berlin 1935&#8230;<\/span> weiterlesen<\/a><\/p>\n","protected":false},"author":1,"featured_media":0,"comment_status":"open","ping_status":"open","sticky":false,"template":"","format":"standard","meta":{"footnotes":""},"categories":[1],"tags":[],"class_list":["post-10274","post","type-post","status-publish","format-standard","hentry","category-uncategorized"],"_links":{"self":[{"href":"http:\/\/victoria-rad.de\/index.php?rest_route=\/wp\/v2\/posts\/10274","targetHints":{"allow":["GET"]}}],"collection":[{"href":"http:\/\/victoria-rad.de\/index.php?rest_route=\/wp\/v2\/posts"}],"about":[{"href":"http:\/\/victoria-rad.de\/index.php?rest_route=\/wp\/v2\/types\/post"}],"author":[{"embeddable":true,"href":"http:\/\/victoria-rad.de\/index.php?rest_route=\/wp\/v2\/users\/1"}],"replies":[{"embeddable":true,"href":"http:\/\/victoria-rad.de\/index.php?rest_route=%2Fwp%2Fv2%2Fcomments&post=10274"}],"version-history":[{"count":14,"href":"http:\/\/victoria-rad.de\/index.php?rest_route=\/wp\/v2\/posts\/10274\/revisions"}],"predecessor-version":[{"id":10314,"href":"http:\/\/victoria-rad.de\/index.php?rest_route=\/wp\/v2\/posts\/10274\/revisions\/10314"}],"wp:attachment":[{"href":"http:\/\/victoria-rad.de\/index.php?rest_route=%2Fwp%2Fv2%2Fmedia&parent=10274"}],"wp:term":[{"taxonomy":"category","embeddable":true,"href":"http:\/\/victoria-rad.de\/index.php?rest_route=%2Fwp%2Fv2%2Fcategories&post=10274"},{"taxonomy":"post_tag","embeddable":true,"href":"http:\/\/victoria-rad.de\/index.php?rest_route=%2Fwp%2Fv2%2Ftags&post=10274"}],"curies":[{"name":"wp","href":"https:\/\/api.w.org\/{rel}","templated":true}]}}