{"id":10582,"date":"2021-08-13T15:10:11","date_gmt":"2021-08-13T13:10:11","guid":{"rendered":"http:\/\/victoria-rad.de\/?p=10582"},"modified":"2021-08-13T15:10:11","modified_gmt":"2021-08-13T13:10:11","slug":"bergstreit-mal-was-anderes-bergstreit-vor-550-jahren-in-schneeberg-erzgebirge","status":"publish","type":"post","link":"http:\/\/victoria-rad.de\/?p=10582","title":{"rendered":"Bergstreit &#8211; mal was anderes- Bergstreit &#8211; vor 550 Jahren in Schneeberg &#8211; Erzgebirge&#8230;"},"content":{"rendered":"<p><em><strong>Ein ganz besonderer Tag am 22.07.2021&#8230; &#8211; Bergstreit vor 550 Jahren:<\/strong><\/em><\/p>\n<p><a href=\"http:\/\/victoria-rad.de\/wp-content\/uploads\/2021\/08\/IMG_20210807_0001.jpg\" target=\"_blank\" rel=\"noopener\"><img loading=\"lazy\" decoding=\"async\" class=\"aligncenter wp-image-10583 size-medium\" src=\"http:\/\/victoria-rad.de\/wp-content\/uploads\/2021\/08\/IMG_20210807_0001-148x300.jpg\" alt=\"\" width=\"148\" height=\"300\" srcset=\"http:\/\/victoria-rad.de\/wp-content\/uploads\/2021\/08\/IMG_20210807_0001-148x300.jpg 148w, http:\/\/victoria-rad.de\/wp-content\/uploads\/2021\/08\/IMG_20210807_0001-503x1024.jpg 503w, http:\/\/victoria-rad.de\/wp-content\/uploads\/2021\/08\/IMG_20210807_0001-74x150.jpg 74w, http:\/\/victoria-rad.de\/wp-content\/uploads\/2021\/08\/IMG_20210807_0001.jpg 590w\" sizes=\"auto, (max-width: 148px) 100vw, 148px\" \/><\/a><\/p>\n<p><a href=\"http:\/\/victoria-rad.de\/wp-content\/uploads\/2021\/08\/IMG_20210807_0002.jpg\" target=\"_blank\" rel=\"noopener\"><img loading=\"lazy\" decoding=\"async\" class=\"aligncenter wp-image-10584 size-medium\" src=\"http:\/\/victoria-rad.de\/wp-content\/uploads\/2021\/08\/IMG_20210807_0002-300x298.jpg\" alt=\"\" width=\"300\" height=\"298\" srcset=\"http:\/\/victoria-rad.de\/wp-content\/uploads\/2021\/08\/IMG_20210807_0002-300x298.jpg 300w, http:\/\/victoria-rad.de\/wp-content\/uploads\/2021\/08\/IMG_20210807_0002-1024x1017.jpg 1024w, http:\/\/victoria-rad.de\/wp-content\/uploads\/2021\/08\/IMG_20210807_0002-150x150.jpg 150w, http:\/\/victoria-rad.de\/wp-content\/uploads\/2021\/08\/IMG_20210807_0002-768x763.jpg 768w, http:\/\/victoria-rad.de\/wp-content\/uploads\/2021\/08\/IMG_20210807_0002.jpg 1200w\" sizes=\"auto, (max-width: 300px) 100vw, 300px\" \/><\/a><\/p>\n<p>Wir waren von unseren Freunden Gabi und Reinhold zum besagten Tag eingeladen und durften dem historischen Umzug beiwohnen&#8230;<\/p>\n<p><a href=\"http:\/\/victoria-rad.de\/wp-content\/uploads\/2021\/08\/20210722_185510.jpg\" target=\"_blank\" rel=\"noopener\"><img loading=\"lazy\" decoding=\"async\" class=\"aligncenter wp-image-10585 size-medium\" src=\"http:\/\/victoria-rad.de\/wp-content\/uploads\/2021\/08\/20210722_185510-300x177.jpg\" alt=\"\" width=\"300\" height=\"177\" srcset=\"http:\/\/victoria-rad.de\/wp-content\/uploads\/2021\/08\/20210722_185510-300x177.jpg 300w, http:\/\/victoria-rad.de\/wp-content\/uploads\/2021\/08\/20210722_185510-1024x602.jpg 1024w, http:\/\/victoria-rad.de\/wp-content\/uploads\/2021\/08\/20210722_185510-150x88.jpg 150w, http:\/\/victoria-rad.de\/wp-content\/uploads\/2021\/08\/20210722_185510-768x452.jpg 768w, http:\/\/victoria-rad.de\/wp-content\/uploads\/2021\/08\/20210722_185510.jpg 1200w\" sizes=\"auto, (max-width: 300px) 100vw, 300px\" \/><\/a><\/p>\n<p style=\"text-align: center;\">Gabi + Reinhold<\/p>\n<p>Der historische Umzug in Bildern:<\/p>\n<p><a href=\"http:\/\/victoria-rad.de\/wp-content\/uploads\/2021\/08\/6.jpg\" target=\"_blank\" rel=\"noopener\"><img loading=\"lazy\" decoding=\"async\" class=\"aligncenter wp-image-10586 size-medium\" src=\"http:\/\/victoria-rad.de\/wp-content\/uploads\/2021\/08\/6-300x160.jpg\" alt=\"\" width=\"300\" height=\"160\" srcset=\"http:\/\/victoria-rad.de\/wp-content\/uploads\/2021\/08\/6-300x160.jpg 300w, http:\/\/victoria-rad.de\/wp-content\/uploads\/2021\/08\/6-1024x546.jpg 1024w, http:\/\/victoria-rad.de\/wp-content\/uploads\/2021\/08\/6-150x80.jpg 150w, http:\/\/victoria-rad.de\/wp-content\/uploads\/2021\/08\/6-768x410.jpg 768w, http:\/\/victoria-rad.de\/wp-content\/uploads\/2021\/08\/6.jpg 1200w\" sizes=\"auto, (max-width: 300px) 100vw, 300px\" \/><\/a><a href=\"http:\/\/victoria-rad.de\/wp-content\/uploads\/2021\/08\/7.jpg\" target=\"_blank\" rel=\"noopener\"><img loading=\"lazy\" decoding=\"async\" class=\"aligncenter wp-image-10587 size-medium\" src=\"http:\/\/victoria-rad.de\/wp-content\/uploads\/2021\/08\/7-300x201.jpg\" alt=\"\" width=\"300\" height=\"201\" srcset=\"http:\/\/victoria-rad.de\/wp-content\/uploads\/2021\/08\/7-300x201.jpg 300w, http:\/\/victoria-rad.de\/wp-content\/uploads\/2021\/08\/7-1024x686.jpg 1024w, http:\/\/victoria-rad.de\/wp-content\/uploads\/2021\/08\/7-150x101.jpg 150w, http:\/\/victoria-rad.de\/wp-content\/uploads\/2021\/08\/7-768x515.jpg 768w, http:\/\/victoria-rad.de\/wp-content\/uploads\/2021\/08\/7.jpg 1200w\" sizes=\"auto, (max-width: 300px) 100vw, 300px\" \/><\/a><a href=\"http:\/\/victoria-rad.de\/wp-content\/uploads\/2021\/08\/8.jpg\" target=\"_blank\" rel=\"noopener\"><img loading=\"lazy\" decoding=\"async\" class=\"aligncenter wp-image-10588 size-medium\" src=\"http:\/\/victoria-rad.de\/wp-content\/uploads\/2021\/08\/8-300x220.jpg\" alt=\"\" width=\"300\" height=\"220\" srcset=\"http:\/\/victoria-rad.de\/wp-content\/uploads\/2021\/08\/8-300x220.jpg 300w, http:\/\/victoria-rad.de\/wp-content\/uploads\/2021\/08\/8-1024x752.jpg 1024w, http:\/\/victoria-rad.de\/wp-content\/uploads\/2021\/08\/8-150x110.jpg 150w, http:\/\/victoria-rad.de\/wp-content\/uploads\/2021\/08\/8-768x564.jpg 768w, http:\/\/victoria-rad.de\/wp-content\/uploads\/2021\/08\/8.jpg 1200w\" sizes=\"auto, (max-width: 300px) 100vw, 300px\" \/><\/a><a href=\"http:\/\/victoria-rad.de\/wp-content\/uploads\/2021\/08\/9.jpg\" target=\"_blank\" rel=\"noopener\"><img loading=\"lazy\" decoding=\"async\" class=\"aligncenter wp-image-10589 size-medium\" src=\"http:\/\/victoria-rad.de\/wp-content\/uploads\/2021\/08\/9-300x217.jpg\" alt=\"\" width=\"300\" height=\"217\" srcset=\"http:\/\/victoria-rad.de\/wp-content\/uploads\/2021\/08\/9-300x217.jpg 300w, http:\/\/victoria-rad.de\/wp-content\/uploads\/2021\/08\/9-1024x740.jpg 1024w, http:\/\/victoria-rad.de\/wp-content\/uploads\/2021\/08\/9-150x108.jpg 150w, http:\/\/victoria-rad.de\/wp-content\/uploads\/2021\/08\/9-768x555.jpg 768w, http:\/\/victoria-rad.de\/wp-content\/uploads\/2021\/08\/9.jpg 1200w\" sizes=\"auto, (max-width: 300px) 100vw, 300px\" \/><\/a><a href=\"http:\/\/victoria-rad.de\/wp-content\/uploads\/2021\/08\/10.jpg\" target=\"_blank\" rel=\"noopener\"><img loading=\"lazy\" decoding=\"async\" class=\"aligncenter wp-image-10590 size-medium\" src=\"http:\/\/victoria-rad.de\/wp-content\/uploads\/2021\/08\/10-300x207.jpg\" alt=\"\" width=\"300\" height=\"207\" srcset=\"http:\/\/victoria-rad.de\/wp-content\/uploads\/2021\/08\/10-300x207.jpg 300w, http:\/\/victoria-rad.de\/wp-content\/uploads\/2021\/08\/10-1024x707.jpg 1024w, http:\/\/victoria-rad.de\/wp-content\/uploads\/2021\/08\/10-150x104.jpg 150w, http:\/\/victoria-rad.de\/wp-content\/uploads\/2021\/08\/10-768x531.jpg 768w, http:\/\/victoria-rad.de\/wp-content\/uploads\/2021\/08\/10.jpg 1200w\" sizes=\"auto, (max-width: 300px) 100vw, 300px\" \/><\/a><a href=\"http:\/\/victoria-rad.de\/wp-content\/uploads\/2021\/08\/11.jpg\" target=\"_blank\" rel=\"noopener\"><img loading=\"lazy\" decoding=\"async\" class=\"aligncenter wp-image-10591 size-medium\" src=\"http:\/\/victoria-rad.de\/wp-content\/uploads\/2021\/08\/11-156x300.jpg\" alt=\"\" width=\"156\" height=\"300\" srcset=\"http:\/\/victoria-rad.de\/wp-content\/uploads\/2021\/08\/11-156x300.jpg 156w, http:\/\/victoria-rad.de\/wp-content\/uploads\/2021\/08\/11-531x1024.jpg 531w, http:\/\/victoria-rad.de\/wp-content\/uploads\/2021\/08\/11-78x150.jpg 78w, http:\/\/victoria-rad.de\/wp-content\/uploads\/2021\/08\/11.jpg 622w\" sizes=\"auto, (max-width: 156px) 100vw, 156px\" \/><\/a><\/p>\n<p>Zur Historie aus Schneeberg und Umgebung:<\/p>\n<p><a href=\"http:\/\/victoria-rad.de\/wp-content\/uploads\/2021\/08\/15.jpg\" target=\"_blank\" rel=\"noopener\"><img loading=\"lazy\" decoding=\"async\" class=\"aligncenter wp-image-10592 size-medium\" src=\"http:\/\/victoria-rad.de\/wp-content\/uploads\/2021\/08\/15-211x300.jpg\" alt=\"\" width=\"211\" height=\"300\" srcset=\"http:\/\/victoria-rad.de\/wp-content\/uploads\/2021\/08\/15-211x300.jpg 211w, http:\/\/victoria-rad.de\/wp-content\/uploads\/2021\/08\/15-720x1024.jpg 720w, http:\/\/victoria-rad.de\/wp-content\/uploads\/2021\/08\/15-106x150.jpg 106w, http:\/\/victoria-rad.de\/wp-content\/uploads\/2021\/08\/15-768x1092.jpg 768w, http:\/\/victoria-rad.de\/wp-content\/uploads\/2021\/08\/15.jpg 844w\" sizes=\"auto, (max-width: 211px) 100vw, 211px\" \/><\/a><a href=\"http:\/\/victoria-rad.de\/wp-content\/uploads\/2021\/08\/20210722_184728_001.jpg\" target=\"_blank\" rel=\"noopener\"><img loading=\"lazy\" decoding=\"async\" class=\"aligncenter wp-image-10593 size-medium\" src=\"http:\/\/victoria-rad.de\/wp-content\/uploads\/2021\/08\/20210722_184728_001-203x300.jpg\" alt=\"\" width=\"203\" height=\"300\" srcset=\"http:\/\/victoria-rad.de\/wp-content\/uploads\/2021\/08\/20210722_184728_001-203x300.jpg 203w, http:\/\/victoria-rad.de\/wp-content\/uploads\/2021\/08\/20210722_184728_001-692x1024.jpg 692w, http:\/\/victoria-rad.de\/wp-content\/uploads\/2021\/08\/20210722_184728_001-101x150.jpg 101w, http:\/\/victoria-rad.de\/wp-content\/uploads\/2021\/08\/20210722_184728_001-768x1136.jpg 768w, http:\/\/victoria-rad.de\/wp-content\/uploads\/2021\/08\/20210722_184728_001.jpg 811w\" sizes=\"auto, (max-width: 203px) 100vw, 203px\" \/><\/a><a href=\"http:\/\/victoria-rad.de\/wp-content\/uploads\/2021\/08\/20210722_184729.jpg\" target=\"_blank\" rel=\"noopener\"><img loading=\"lazy\" decoding=\"async\" class=\"aligncenter wp-image-10594 size-medium\" src=\"http:\/\/victoria-rad.de\/wp-content\/uploads\/2021\/08\/20210722_184729-216x300.jpg\" alt=\"\" width=\"216\" height=\"300\" srcset=\"http:\/\/victoria-rad.de\/wp-content\/uploads\/2021\/08\/20210722_184729-216x300.jpg 216w, http:\/\/victoria-rad.de\/wp-content\/uploads\/2021\/08\/20210722_184729-738x1024.jpg 738w, http:\/\/victoria-rad.de\/wp-content\/uploads\/2021\/08\/20210722_184729-108x150.jpg 108w, http:\/\/victoria-rad.de\/wp-content\/uploads\/2021\/08\/20210722_184729-768x1065.jpg 768w, http:\/\/victoria-rad.de\/wp-content\/uploads\/2021\/08\/20210722_184729.jpg 865w\" sizes=\"auto, (max-width: 216px) 100vw, 216px\" \/><\/a><a href=\"http:\/\/victoria-rad.de\/wp-content\/uploads\/2021\/08\/20210722_184803.jpg\" target=\"_blank\" rel=\"noopener\"><img loading=\"lazy\" decoding=\"async\" class=\"aligncenter wp-image-10595 size-medium\" src=\"http:\/\/victoria-rad.de\/wp-content\/uploads\/2021\/08\/20210722_184803-300x239.jpg\" alt=\"\" width=\"300\" height=\"239\" srcset=\"http:\/\/victoria-rad.de\/wp-content\/uploads\/2021\/08\/20210722_184803-300x239.jpg 300w, http:\/\/victoria-rad.de\/wp-content\/uploads\/2021\/08\/20210722_184803-1024x817.jpg 1024w, http:\/\/victoria-rad.de\/wp-content\/uploads\/2021\/08\/20210722_184803-150x120.jpg 150w, http:\/\/victoria-rad.de\/wp-content\/uploads\/2021\/08\/20210722_184803-768x612.jpg 768w, http:\/\/victoria-rad.de\/wp-content\/uploads\/2021\/08\/20210722_184803.jpg 1200w\" sizes=\"auto, (max-width: 300px) 100vw, 300px\" \/><\/a><a href=\"http:\/\/victoria-rad.de\/wp-content\/uploads\/2021\/08\/20210722_184827.jpg\" target=\"_blank\" rel=\"noopener\"><img loading=\"lazy\" decoding=\"async\" class=\"aligncenter wp-image-10596 size-medium\" src=\"http:\/\/victoria-rad.de\/wp-content\/uploads\/2021\/08\/20210722_184827-300x190.jpg\" alt=\"\" width=\"300\" height=\"190\" srcset=\"http:\/\/victoria-rad.de\/wp-content\/uploads\/2021\/08\/20210722_184827-300x190.jpg 300w, http:\/\/victoria-rad.de\/wp-content\/uploads\/2021\/08\/20210722_184827-1024x649.jpg 1024w, http:\/\/victoria-rad.de\/wp-content\/uploads\/2021\/08\/20210722_184827-150x95.jpg 150w, http:\/\/victoria-rad.de\/wp-content\/uploads\/2021\/08\/20210722_184827-768x487.jpg 768w, http:\/\/victoria-rad.de\/wp-content\/uploads\/2021\/08\/20210722_184827.jpg 1200w\" sizes=\"auto, (max-width: 300px) 100vw, 300px\" \/><\/a><a href=\"http:\/\/victoria-rad.de\/wp-content\/uploads\/2021\/08\/20210722_185000.jpg\" target=\"_blank\" rel=\"noopener\"><img loading=\"lazy\" decoding=\"async\" class=\"aligncenter wp-image-10597 size-medium\" src=\"http:\/\/victoria-rad.de\/wp-content\/uploads\/2021\/08\/20210722_185000-194x300.jpg\" alt=\"\" width=\"194\" height=\"300\" srcset=\"http:\/\/victoria-rad.de\/wp-content\/uploads\/2021\/08\/20210722_185000-194x300.jpg 194w, http:\/\/victoria-rad.de\/wp-content\/uploads\/2021\/08\/20210722_185000-660x1024.jpg 660w, http:\/\/victoria-rad.de\/wp-content\/uploads\/2021\/08\/20210722_185000-97x150.jpg 97w, http:\/\/victoria-rad.de\/wp-content\/uploads\/2021\/08\/20210722_185000-768x1191.jpg 768w, http:\/\/victoria-rad.de\/wp-content\/uploads\/2021\/08\/20210722_185000.jpg 774w\" sizes=\"auto, (max-width: 194px) 100vw, 194px\" \/><\/a><a href=\"http:\/\/victoria-rad.de\/wp-content\/uploads\/2021\/08\/20210722_185033.jpg\" target=\"_blank\" rel=\"noopener\"><img loading=\"lazy\" decoding=\"async\" class=\"aligncenter wp-image-10598 size-medium\" src=\"http:\/\/victoria-rad.de\/wp-content\/uploads\/2021\/08\/20210722_185033-195x300.jpg\" alt=\"\" width=\"195\" height=\"300\" srcset=\"http:\/\/victoria-rad.de\/wp-content\/uploads\/2021\/08\/20210722_185033-195x300.jpg 195w, http:\/\/victoria-rad.de\/wp-content\/uploads\/2021\/08\/20210722_185033-666x1024.jpg 666w, http:\/\/victoria-rad.de\/wp-content\/uploads\/2021\/08\/20210722_185033-98x150.jpg 98w, http:\/\/victoria-rad.de\/wp-content\/uploads\/2021\/08\/20210722_185033-768x1182.jpg 768w, http:\/\/victoria-rad.de\/wp-content\/uploads\/2021\/08\/20210722_185033.jpg 780w\" sizes=\"auto, (max-width: 195px) 100vw, 195px\" \/><\/a><a href=\"http:\/\/victoria-rad.de\/wp-content\/uploads\/2021\/08\/20210722_185059-Kopie.jpg\" target=\"_blank\" rel=\"noopener\"><img loading=\"lazy\" decoding=\"async\" class=\"aligncenter wp-image-10599 size-medium\" src=\"http:\/\/victoria-rad.de\/wp-content\/uploads\/2021\/08\/20210722_185059-Kopie-215x300.jpg\" alt=\"\" width=\"215\" height=\"300\" srcset=\"http:\/\/victoria-rad.de\/wp-content\/uploads\/2021\/08\/20210722_185059-Kopie-215x300.jpg 215w, http:\/\/victoria-rad.de\/wp-content\/uploads\/2021\/08\/20210722_185059-Kopie-732x1024.jpg 732w, http:\/\/victoria-rad.de\/wp-content\/uploads\/2021\/08\/20210722_185059-Kopie-107x150.jpg 107w, http:\/\/victoria-rad.de\/wp-content\/uploads\/2021\/08\/20210722_185059-Kopie-768x1074.jpg 768w, http:\/\/victoria-rad.de\/wp-content\/uploads\/2021\/08\/20210722_185059-Kopie.jpg 858w\" sizes=\"auto, (max-width: 215px) 100vw, 215px\" \/><\/a><a href=\"http:\/\/victoria-rad.de\/wp-content\/uploads\/2021\/08\/20210722_185059.jpg\" target=\"_blank\" rel=\"noopener\"><img loading=\"lazy\" decoding=\"async\" class=\"aligncenter wp-image-10600 size-medium\" src=\"http:\/\/victoria-rad.de\/wp-content\/uploads\/2021\/08\/20210722_185059-300x165.jpg\" alt=\"\" width=\"300\" height=\"165\" srcset=\"http:\/\/victoria-rad.de\/wp-content\/uploads\/2021\/08\/20210722_185059-300x165.jpg 300w, http:\/\/victoria-rad.de\/wp-content\/uploads\/2021\/08\/20210722_185059-1024x562.jpg 1024w, http:\/\/victoria-rad.de\/wp-content\/uploads\/2021\/08\/20210722_185059-150x82.jpg 150w, http:\/\/victoria-rad.de\/wp-content\/uploads\/2021\/08\/20210722_185059-768x422.jpg 768w, http:\/\/victoria-rad.de\/wp-content\/uploads\/2021\/08\/20210722_185059.jpg 1200w\" sizes=\"auto, (max-width: 300px) 100vw, 300px\" \/><\/a><a href=\"http:\/\/victoria-rad.de\/wp-content\/uploads\/2021\/08\/20210722_185335.jpg\" target=\"_blank\" rel=\"noopener\"><img loading=\"lazy\" decoding=\"async\" class=\"aligncenter wp-image-10601 size-medium\" src=\"http:\/\/victoria-rad.de\/wp-content\/uploads\/2021\/08\/20210722_185335-191x300.jpg\" alt=\"\" width=\"191\" height=\"300\" srcset=\"http:\/\/victoria-rad.de\/wp-content\/uploads\/2021\/08\/20210722_185335-191x300.jpg 191w, http:\/\/victoria-rad.de\/wp-content\/uploads\/2021\/08\/20210722_185335-652x1024.jpg 652w, http:\/\/victoria-rad.de\/wp-content\/uploads\/2021\/08\/20210722_185335-96x150.jpg 96w, http:\/\/victoria-rad.de\/wp-content\/uploads\/2021\/08\/20210722_185335.jpg 764w\" sizes=\"auto, (max-width: 191px) 100vw, 191px\" \/><\/a><\/p>\n<p>Am gleichen Tag wurde dem Mundartsprecher, Dichter und Maler &#8211; Werner Kempf ein Denkmal in Form eines Bildes auf einer Hausfassade gewidmet. Nat\u00fcrlich ist der Festumzug dort vorbei gef\u00fchrt worden:<\/p>\n<p><a href=\"http:\/\/victoria-rad.de\/wp-content\/uploads\/2021\/08\/4.jpg\" target=\"_blank\" rel=\"noopener\"><img loading=\"lazy\" decoding=\"async\" class=\"aligncenter wp-image-10602 size-medium\" src=\"http:\/\/victoria-rad.de\/wp-content\/uploads\/2021\/08\/4-262x300.jpg\" alt=\"\" width=\"262\" height=\"300\" srcset=\"http:\/\/victoria-rad.de\/wp-content\/uploads\/2021\/08\/4-262x300.jpg 262w, http:\/\/victoria-rad.de\/wp-content\/uploads\/2021\/08\/4-893x1024.jpg 893w, http:\/\/victoria-rad.de\/wp-content\/uploads\/2021\/08\/4-131x150.jpg 131w, http:\/\/victoria-rad.de\/wp-content\/uploads\/2021\/08\/4-768x880.jpg 768w, http:\/\/victoria-rad.de\/wp-content\/uploads\/2021\/08\/4.jpg 1047w\" sizes=\"auto, (max-width: 262px) 100vw, 262px\" \/><\/a><a href=\"http:\/\/victoria-rad.de\/wp-content\/uploads\/2021\/08\/5.jpg\" target=\"_blank\" rel=\"noopener\"><img loading=\"lazy\" decoding=\"async\" class=\"aligncenter wp-image-10603 size-medium\" src=\"http:\/\/victoria-rad.de\/wp-content\/uploads\/2021\/08\/5-180x300.jpg\" alt=\"\" width=\"180\" height=\"300\" srcset=\"http:\/\/victoria-rad.de\/wp-content\/uploads\/2021\/08\/5-180x300.jpg 180w, http:\/\/victoria-rad.de\/wp-content\/uploads\/2021\/08\/5-613x1024.jpg 613w, http:\/\/victoria-rad.de\/wp-content\/uploads\/2021\/08\/5-90x150.jpg 90w, http:\/\/victoria-rad.de\/wp-content\/uploads\/2021\/08\/5.jpg 718w\" sizes=\"auto, (max-width: 180px) 100vw, 180px\" \/><\/a><\/p>\n<p>Ich m\u00f6chte gerne noch 3 kurze Videos vom Festumzug pr\u00e4sentieren:<\/p>\n<div style=\"width: 660px;\" class=\"wp-video\"><video class=\"wp-video-shortcode\" id=\"video-10582-1\" width=\"660\" height=\"371\" preload=\"metadata\" controls=\"controls\"><source type=\"video\/mp4\" src=\"http:\/\/victoria-rad.de\/wp-content\/uploads\/2021\/08\/1.mp4?_=1\" \/><a href=\"http:\/\/victoria-rad.de\/wp-content\/uploads\/2021\/08\/1.mp4\">http:\/\/victoria-rad.de\/wp-content\/uploads\/2021\/08\/1.mp4<\/a><\/video><\/div>\n<div style=\"width: 660px;\" class=\"wp-video\"><video class=\"wp-video-shortcode\" id=\"video-10582-2\" width=\"660\" height=\"371\" preload=\"metadata\" controls=\"controls\"><source type=\"video\/mp4\" src=\"http:\/\/victoria-rad.de\/wp-content\/uploads\/2021\/08\/2.mp4?_=2\" \/><a href=\"http:\/\/victoria-rad.de\/wp-content\/uploads\/2021\/08\/2.mp4\">http:\/\/victoria-rad.de\/wp-content\/uploads\/2021\/08\/2.mp4<\/a><\/video><\/div>\n<div style=\"width: 660px;\" class=\"wp-video\"><video class=\"wp-video-shortcode\" id=\"video-10582-3\" width=\"660\" height=\"371\" preload=\"metadata\" controls=\"controls\"><source type=\"video\/mp4\" src=\"http:\/\/victoria-rad.de\/wp-content\/uploads\/2021\/08\/3.mp4?_=3\" \/><a href=\"http:\/\/victoria-rad.de\/wp-content\/uploads\/2021\/08\/3.mp4\">http:\/\/victoria-rad.de\/wp-content\/uploads\/2021\/08\/3.mp4<\/a><\/video><\/div>\n<p><em><strong>Diese traditionellen Umz\u00fcge werden auch in der Adventszeit jedes Jahr durchgef\u00fchrt und es lohnt sich diese in der vorweihnachtlichen Stimmung zu genie\u00dfen. Also, wer mal zu dieser Zeit in der N\u00e4he ist sollte es nicht verpassen den sch\u00f6nen erzgebirgischen Ort &#8211; &#8222;Schneeberg&#8220; aufzusuchen&#8230;<\/strong><\/em><\/p>\n<p><a href=\"http:\/\/victoria-rad.de\/wp-content\/uploads\/2021\/07\/IMG_20190312_0002-1-scaled.jpg\" target=\"_blank\" rel=\"noopener\"><img loading=\"lazy\" decoding=\"async\" class=\"aligncenter wp-image-10573 size-medium\" src=\"http:\/\/victoria-rad.de\/wp-content\/uploads\/2021\/07\/IMG_20190312_0002-1-300x102.jpg\" alt=\"\" width=\"300\" height=\"102\" srcset=\"http:\/\/victoria-rad.de\/wp-content\/uploads\/2021\/07\/IMG_20190312_0002-1-300x102.jpg 300w, http:\/\/victoria-rad.de\/wp-content\/uploads\/2021\/07\/IMG_20190312_0002-1-1024x347.jpg 1024w, http:\/\/victoria-rad.de\/wp-content\/uploads\/2021\/07\/IMG_20190312_0002-1-150x51.jpg 150w, http:\/\/victoria-rad.de\/wp-content\/uploads\/2021\/07\/IMG_20190312_0002-1-768x261.jpg 768w, http:\/\/victoria-rad.de\/wp-content\/uploads\/2021\/07\/IMG_20190312_0002-1-1536x521.jpg 1536w, http:\/\/victoria-rad.de\/wp-content\/uploads\/2021\/07\/IMG_20190312_0002-1-2048x695.jpg 2048w\" sizes=\"auto, (max-width: 300px) 100vw, 300px\" \/><\/a><\/p>\n<p><img loading=\"lazy\" decoding=\"async\" class=\"alignnone size-medium wp-image-10574 aligncenter\" src=\"http:\/\/victoria-rad.de\/wp-content\/uploads\/2021\/07\/58-300x14.png\" alt=\"\" width=\"300\" height=\"14\" srcset=\"http:\/\/victoria-rad.de\/wp-content\/uploads\/2021\/07\/58-300x14.png 300w, http:\/\/victoria-rad.de\/wp-content\/uploads\/2021\/07\/58-150x7.png 150w, http:\/\/victoria-rad.de\/wp-content\/uploads\/2021\/07\/58.png 501w\" sizes=\"auto, (max-width: 300px) 100vw, 300px\" \/><\/p>\n","protected":false},"excerpt":{"rendered":"<p>Ein ganz besonderer Tag am 22.07.2021&#8230; &#8211; Bergstreit vor 550 Jahren: Wir waren von unseren Freunden Gabi und Reinhold zum besagten Tag eingeladen und durften dem historischen Umzug beiwohnen&#8230; Gabi + Reinhold Der historische Umzug in Bildern: Zur Historie aus Schneeberg und Umgebung: Am gleichen Tag wurde dem Mundartsprecher, Dichter und Maler &#8211; Werner Kempf &hellip; <a href=\"http:\/\/victoria-rad.de\/?p=10582\" class=\"more-link\"><span class=\"screen-reader-text\">Bergstreit &#8211; mal was anderes- Bergstreit &#8211; vor 550 Jahren in Schneeberg &#8211; Erzgebirge&#8230;<\/span> weiterlesen<\/a><\/p>\n","protected":false},"author":1,"featured_media":0,"comment_status":"open","ping_status":"open","sticky":false,"template":"","format":"standard","meta":{"footnotes":""},"categories":[1],"tags":[],"class_list":["post-10582","post","type-post","status-publish","format-standard","hentry","category-uncategorized"],"_links":{"self":[{"href":"http:\/\/victoria-rad.de\/index.php?rest_route=\/wp\/v2\/posts\/10582","targetHints":{"allow":["GET"]}}],"collection":[{"href":"http:\/\/victoria-rad.de\/index.php?rest_route=\/wp\/v2\/posts"}],"about":[{"href":"http:\/\/victoria-rad.de\/index.php?rest_route=\/wp\/v2\/types\/post"}],"author":[{"embeddable":true,"href":"http:\/\/victoria-rad.de\/index.php?rest_route=\/wp\/v2\/users\/1"}],"replies":[{"embeddable":true,"href":"http:\/\/victoria-rad.de\/index.php?rest_route=%2Fwp%2Fv2%2Fcomments&post=10582"}],"version-history":[{"count":3,"href":"http:\/\/victoria-rad.de\/index.php?rest_route=\/wp\/v2\/posts\/10582\/revisions"}],"predecessor-version":[{"id":10609,"href":"http:\/\/victoria-rad.de\/index.php?rest_route=\/wp\/v2\/posts\/10582\/revisions\/10609"}],"wp:attachment":[{"href":"http:\/\/victoria-rad.de\/index.php?rest_route=%2Fwp%2Fv2%2Fmedia&parent=10582"}],"wp:term":[{"taxonomy":"category","embeddable":true,"href":"http:\/\/victoria-rad.de\/index.php?rest_route=%2Fwp%2Fv2%2Fcategories&post=10582"},{"taxonomy":"post_tag","embeddable":true,"href":"http:\/\/victoria-rad.de\/index.php?rest_route=%2Fwp%2Fv2%2Ftags&post=10582"}],"curies":[{"name":"wp","href":"https:\/\/api.w.org\/{rel}","templated":true}]}}