{"id":11899,"date":"2022-11-04T09:21:28","date_gmt":"2022-11-04T08:21:28","guid":{"rendered":"http:\/\/victoria-rad.de\/?p=11899"},"modified":"2022-11-04T09:21:28","modified_gmt":"2022-11-04T08:21:28","slug":"victoria-die-raeder-ab-1910-teil-5-dokumentiert-im-katalog-von-victoria","status":"publish","type":"post","link":"http:\/\/victoria-rad.de\/?p=11899","title":{"rendered":"Victoria \u2013 die R\u00e4der ab 1910, Teil 5; dokumentiert im Katalog von Victoria\u2026"},"content":{"rendered":"<p><em><strong>In diesem und n\u00e4chsten Beitrag m\u00f6chte ich aufgrund des Umfangs vom Katalog &#8211; 1910 &#8211;\u00a0 den Teil 5 darstellen, der Teil 6 im folgenden Katalog&#8230;<\/strong><\/em><\/p>\n<p><a href=\"http:\/\/victoria-rad.de\/wp-content\/uploads\/2022\/02\/10-scaled.jpg\"><img loading=\"lazy\" decoding=\"async\" class=\"aligncenter wp-image-11900 size-medium\" src=\"http:\/\/victoria-rad.de\/wp-content\/uploads\/2022\/02\/10-168x300.jpg\" alt=\"\" width=\"168\" height=\"300\" srcset=\"http:\/\/victoria-rad.de\/wp-content\/uploads\/2022\/02\/10-168x300.jpg 168w, http:\/\/victoria-rad.de\/wp-content\/uploads\/2022\/02\/10-573x1024.jpg 573w, http:\/\/victoria-rad.de\/wp-content\/uploads\/2022\/02\/10-84x150.jpg 84w, http:\/\/victoria-rad.de\/wp-content\/uploads\/2022\/02\/10-768x1372.jpg 768w, http:\/\/victoria-rad.de\/wp-content\/uploads\/2022\/02\/10-859x1536.jpg 859w, http:\/\/victoria-rad.de\/wp-content\/uploads\/2022\/02\/10-1146x2048.jpg 1146w, http:\/\/victoria-rad.de\/wp-content\/uploads\/2022\/02\/10-scaled.jpg 1432w\" sizes=\"auto, (max-width: 168px) 100vw, 168px\" \/><\/a><\/p>\n<p>Die n\u00e4chsten drei Bilder zeigen die immense Gr\u00f6\u00dfenordnung der gelagerten und in Form gebrachten Einzelteile von der Produktion bis zur Fertigung:<\/p>\n<p style=\"text-align: center;\"><a href=\"http:\/\/victoria-rad.de\/wp-content\/uploads\/2022\/02\/17.jpg\"><img loading=\"lazy\" decoding=\"async\" class=\"aligncenter wp-image-11901 size-medium\" src=\"http:\/\/victoria-rad.de\/wp-content\/uploads\/2022\/02\/17-300x243.jpg\" alt=\"\" width=\"300\" height=\"243\" srcset=\"http:\/\/victoria-rad.de\/wp-content\/uploads\/2022\/02\/17-300x243.jpg 300w, http:\/\/victoria-rad.de\/wp-content\/uploads\/2022\/02\/17-1024x829.jpg 1024w, http:\/\/victoria-rad.de\/wp-content\/uploads\/2022\/02\/17-150x121.jpg 150w, http:\/\/victoria-rad.de\/wp-content\/uploads\/2022\/02\/17-768x622.jpg 768w, http:\/\/victoria-rad.de\/wp-content\/uploads\/2022\/02\/17-1536x1244.jpg 1536w, http:\/\/victoria-rad.de\/wp-content\/uploads\/2022\/02\/17-2048x1658.jpg 2048w\" sizes=\"auto, (max-width: 300px) 100vw, 300px\" \/><\/a>R\u00e4der &#8211; Fertigung &#8211; R\u00e4der &#8211; Lagerung.<\/p>\n<p style=\"text-align: center;\"><a href=\"http:\/\/victoria-rad.de\/wp-content\/uploads\/2022\/02\/18.jpg\"><img loading=\"lazy\" decoding=\"async\" class=\"aligncenter wp-image-11902 size-medium\" src=\"http:\/\/victoria-rad.de\/wp-content\/uploads\/2022\/02\/18-300x223.jpg\" alt=\"\" width=\"300\" height=\"223\" srcset=\"http:\/\/victoria-rad.de\/wp-content\/uploads\/2022\/02\/18-300x223.jpg 300w, http:\/\/victoria-rad.de\/wp-content\/uploads\/2022\/02\/18-1024x763.jpg 1024w, http:\/\/victoria-rad.de\/wp-content\/uploads\/2022\/02\/18-150x112.jpg 150w, http:\/\/victoria-rad.de\/wp-content\/uploads\/2022\/02\/18-768x572.jpg 768w, http:\/\/victoria-rad.de\/wp-content\/uploads\/2022\/02\/18-1536x1144.jpg 1536w, http:\/\/victoria-rad.de\/wp-content\/uploads\/2022\/02\/18-2048x1526.jpg 2048w\" sizes=\"auto, (max-width: 300px) 100vw, 300px\" \/><\/a>Montage und Lagerung der Fahrgestelle.<\/p>\n<p style=\"text-align: center;\"><a href=\"http:\/\/victoria-rad.de\/wp-content\/uploads\/2022\/02\/19.jpg\"><img loading=\"lazy\" decoding=\"async\" class=\"aligncenter wp-image-11903 size-medium\" src=\"http:\/\/victoria-rad.de\/wp-content\/uploads\/2022\/02\/19-300x227.jpg\" alt=\"\" width=\"300\" height=\"227\" srcset=\"http:\/\/victoria-rad.de\/wp-content\/uploads\/2022\/02\/19-300x227.jpg 300w, http:\/\/victoria-rad.de\/wp-content\/uploads\/2022\/02\/19-1024x774.jpg 1024w, http:\/\/victoria-rad.de\/wp-content\/uploads\/2022\/02\/19-150x113.jpg 150w, http:\/\/victoria-rad.de\/wp-content\/uploads\/2022\/02\/19-768x580.jpg 768w, http:\/\/victoria-rad.de\/wp-content\/uploads\/2022\/02\/19-1536x1160.jpg 1536w, http:\/\/victoria-rad.de\/wp-content\/uploads\/2022\/02\/19-2048x1547.jpg 2048w\" sizes=\"auto, (max-width: 300px) 100vw, 300px\" \/><\/a>&#8222;All Heil&#8220; &#8211; Fahrrad-Lager.<\/p>\n<p>Aber nun zu den Fahrr\u00e4dern vom Katalog 1910:<\/p>\n<p><a href=\"http:\/\/victoria-rad.de\/wp-content\/uploads\/2022\/02\/20-scaled.jpg\"><img loading=\"lazy\" decoding=\"async\" class=\"aligncenter wp-image-11905 size-medium\" src=\"http:\/\/victoria-rad.de\/wp-content\/uploads\/2022\/02\/20-300x211.jpg\" alt=\"\" width=\"300\" height=\"211\" srcset=\"http:\/\/victoria-rad.de\/wp-content\/uploads\/2022\/02\/20-300x211.jpg 300w, http:\/\/victoria-rad.de\/wp-content\/uploads\/2022\/02\/20-1024x721.jpg 1024w, http:\/\/victoria-rad.de\/wp-content\/uploads\/2022\/02\/20-150x106.jpg 150w, http:\/\/victoria-rad.de\/wp-content\/uploads\/2022\/02\/20-768x541.jpg 768w, http:\/\/victoria-rad.de\/wp-content\/uploads\/2022\/02\/20-1536x1082.jpg 1536w, http:\/\/victoria-rad.de\/wp-content\/uploads\/2022\/02\/20-2048x1442.jpg 2048w\" sizes=\"auto, (max-width: 300px) 100vw, 300px\" \/><\/a><a href=\"http:\/\/victoria-rad.de\/wp-content\/uploads\/2022\/02\/21-scaled.jpg\"><img loading=\"lazy\" decoding=\"async\" class=\"aligncenter wp-image-11906 size-medium\" src=\"http:\/\/victoria-rad.de\/wp-content\/uploads\/2022\/02\/21-202x300.jpg\" alt=\"\" width=\"202\" height=\"300\" srcset=\"http:\/\/victoria-rad.de\/wp-content\/uploads\/2022\/02\/21-202x300.jpg 202w, http:\/\/victoria-rad.de\/wp-content\/uploads\/2022\/02\/21-689x1024.jpg 689w, http:\/\/victoria-rad.de\/wp-content\/uploads\/2022\/02\/21-101x150.jpg 101w, http:\/\/victoria-rad.de\/wp-content\/uploads\/2022\/02\/21-768x1141.jpg 768w, http:\/\/victoria-rad.de\/wp-content\/uploads\/2022\/02\/21-1034x1536.jpg 1034w, http:\/\/victoria-rad.de\/wp-content\/uploads\/2022\/02\/21-1378x2048.jpg 1378w, http:\/\/victoria-rad.de\/wp-content\/uploads\/2022\/02\/21-scaled.jpg 1723w\" sizes=\"auto, (max-width: 202px) 100vw, 202px\" \/><\/a><img loading=\"lazy\" decoding=\"async\" class=\"alignnone size-medium wp-image-11907 aligncenter\" src=\"http:\/\/victoria-rad.de\/wp-content\/uploads\/2022\/02\/IMG_20141210_0001-3-221x300.jpg\" alt=\"\" width=\"221\" height=\"300\" srcset=\"http:\/\/victoria-rad.de\/wp-content\/uploads\/2022\/02\/IMG_20141210_0001-3-221x300.jpg 221w, http:\/\/victoria-rad.de\/wp-content\/uploads\/2022\/02\/IMG_20141210_0001-3-756x1024.jpg 756w, http:\/\/victoria-rad.de\/wp-content\/uploads\/2022\/02\/IMG_20141210_0001-3-111x150.jpg 111w, http:\/\/victoria-rad.de\/wp-content\/uploads\/2022\/02\/IMG_20141210_0001-3-768x1041.jpg 768w, http:\/\/victoria-rad.de\/wp-content\/uploads\/2022\/02\/IMG_20141210_0001-3-1133x1536.jpg 1133w, http:\/\/victoria-rad.de\/wp-content\/uploads\/2022\/02\/IMG_20141210_0001-3-1511x2048.jpg 1511w, http:\/\/victoria-rad.de\/wp-content\/uploads\/2022\/02\/IMG_20141210_0001-3.jpg 1782w\" sizes=\"auto, (max-width: 221px) 100vw, 221px\" \/><a href=\"http:\/\/victoria-rad.de\/wp-content\/uploads\/2022\/02\/23-scaled.jpg\"><img loading=\"lazy\" decoding=\"async\" class=\"aligncenter wp-image-11908 size-medium\" src=\"http:\/\/victoria-rad.de\/wp-content\/uploads\/2022\/02\/23-300x215.jpg\" alt=\"\" width=\"300\" height=\"215\" srcset=\"http:\/\/victoria-rad.de\/wp-content\/uploads\/2022\/02\/23-300x215.jpg 300w, http:\/\/victoria-rad.de\/wp-content\/uploads\/2022\/02\/23-1024x733.jpg 1024w, http:\/\/victoria-rad.de\/wp-content\/uploads\/2022\/02\/23-150x107.jpg 150w, http:\/\/victoria-rad.de\/wp-content\/uploads\/2022\/02\/23-768x549.jpg 768w, http:\/\/victoria-rad.de\/wp-content\/uploads\/2022\/02\/23-1536x1099.jpg 1536w, http:\/\/victoria-rad.de\/wp-content\/uploads\/2022\/02\/23-2048x1465.jpg 2048w\" sizes=\"auto, (max-width: 300px) 100vw, 300px\" \/><\/a><a href=\"http:\/\/victoria-rad.de\/wp-content\/uploads\/2022\/02\/24-scaled.jpg\"><img loading=\"lazy\" decoding=\"async\" class=\"aligncenter wp-image-11909 size-medium\" src=\"http:\/\/victoria-rad.de\/wp-content\/uploads\/2022\/02\/24-206x300.jpg\" alt=\"\" width=\"206\" height=\"300\" srcset=\"http:\/\/victoria-rad.de\/wp-content\/uploads\/2022\/02\/24-206x300.jpg 206w, http:\/\/victoria-rad.de\/wp-content\/uploads\/2022\/02\/24-704x1024.jpg 704w, http:\/\/victoria-rad.de\/wp-content\/uploads\/2022\/02\/24-103x150.jpg 103w, http:\/\/victoria-rad.de\/wp-content\/uploads\/2022\/02\/24-768x1118.jpg 768w, http:\/\/victoria-rad.de\/wp-content\/uploads\/2022\/02\/24-1055x1536.jpg 1055w, http:\/\/victoria-rad.de\/wp-content\/uploads\/2022\/02\/24-1407x2048.jpg 1407w, http:\/\/victoria-rad.de\/wp-content\/uploads\/2022\/02\/24-scaled.jpg 1759w\" sizes=\"auto, (max-width: 206px) 100vw, 206px\" \/><\/a><a href=\"http:\/\/victoria-rad.de\/wp-content\/uploads\/2022\/02\/25-scaled.jpg\"><img loading=\"lazy\" decoding=\"async\" class=\"aligncenter wp-image-11910 size-medium\" src=\"http:\/\/victoria-rad.de\/wp-content\/uploads\/2022\/02\/25-300x212.jpg\" alt=\"\" width=\"300\" height=\"212\" srcset=\"http:\/\/victoria-rad.de\/wp-content\/uploads\/2022\/02\/25-300x212.jpg 300w, http:\/\/victoria-rad.de\/wp-content\/uploads\/2022\/02\/25-1024x725.jpg 1024w, http:\/\/victoria-rad.de\/wp-content\/uploads\/2022\/02\/25-150x106.jpg 150w, http:\/\/victoria-rad.de\/wp-content\/uploads\/2022\/02\/25-768x544.jpg 768w, http:\/\/victoria-rad.de\/wp-content\/uploads\/2022\/02\/25-1536x1087.jpg 1536w, http:\/\/victoria-rad.de\/wp-content\/uploads\/2022\/02\/25-2048x1450.jpg 2048w\" sizes=\"auto, (max-width: 300px) 100vw, 300px\" \/><\/a><a href=\"http:\/\/victoria-rad.de\/wp-content\/uploads\/2022\/02\/26-scaled.jpg\"><img loading=\"lazy\" decoding=\"async\" class=\"aligncenter wp-image-11911 size-medium\" src=\"http:\/\/victoria-rad.de\/wp-content\/uploads\/2022\/02\/26-195x300.jpg\" alt=\"\" width=\"195\" height=\"300\" srcset=\"http:\/\/victoria-rad.de\/wp-content\/uploads\/2022\/02\/26-195x300.jpg 195w, http:\/\/victoria-rad.de\/wp-content\/uploads\/2022\/02\/26-666x1024.jpg 666w, http:\/\/victoria-rad.de\/wp-content\/uploads\/2022\/02\/26-98x150.jpg 98w, http:\/\/victoria-rad.de\/wp-content\/uploads\/2022\/02\/26-768x1181.jpg 768w, http:\/\/victoria-rad.de\/wp-content\/uploads\/2022\/02\/26-998x1536.jpg 998w, http:\/\/victoria-rad.de\/wp-content\/uploads\/2022\/02\/26-1331x2048.jpg 1331w, http:\/\/victoria-rad.de\/wp-content\/uploads\/2022\/02\/26-scaled.jpg 1664w\" sizes=\"auto, (max-width: 195px) 100vw, 195px\" \/><\/a><a href=\"http:\/\/victoria-rad.de\/wp-content\/uploads\/2022\/02\/27-scaled.jpg\"><img loading=\"lazy\" decoding=\"async\" class=\"aligncenter wp-image-11912 size-medium\" src=\"http:\/\/victoria-rad.de\/wp-content\/uploads\/2022\/02\/27-300x216.jpg\" alt=\"\" width=\"300\" height=\"216\" srcset=\"http:\/\/victoria-rad.de\/wp-content\/uploads\/2022\/02\/27-300x216.jpg 300w, http:\/\/victoria-rad.de\/wp-content\/uploads\/2022\/02\/27-1024x738.jpg 1024w, http:\/\/victoria-rad.de\/wp-content\/uploads\/2022\/02\/27-150x108.jpg 150w, http:\/\/victoria-rad.de\/wp-content\/uploads\/2022\/02\/27-768x554.jpg 768w, http:\/\/victoria-rad.de\/wp-content\/uploads\/2022\/02\/27-1536x1107.jpg 1536w, http:\/\/victoria-rad.de\/wp-content\/uploads\/2022\/02\/27-2048x1477.jpg 2048w\" sizes=\"auto, (max-width: 300px) 100vw, 300px\" \/><\/a><a href=\"http:\/\/victoria-rad.de\/wp-content\/uploads\/2022\/02\/28-scaled.jpg\"><img loading=\"lazy\" decoding=\"async\" class=\"aligncenter wp-image-11913 size-medium\" src=\"http:\/\/victoria-rad.de\/wp-content\/uploads\/2022\/02\/28-203x300.jpg\" alt=\"\" width=\"203\" height=\"300\" srcset=\"http:\/\/victoria-rad.de\/wp-content\/uploads\/2022\/02\/28-203x300.jpg 203w, http:\/\/victoria-rad.de\/wp-content\/uploads\/2022\/02\/28-693x1024.jpg 693w, http:\/\/victoria-rad.de\/wp-content\/uploads\/2022\/02\/28-102x150.jpg 102w, http:\/\/victoria-rad.de\/wp-content\/uploads\/2022\/02\/28-768x1134.jpg 768w, http:\/\/victoria-rad.de\/wp-content\/uploads\/2022\/02\/28-1040x1536.jpg 1040w, http:\/\/victoria-rad.de\/wp-content\/uploads\/2022\/02\/28-1387x2048.jpg 1387w, http:\/\/victoria-rad.de\/wp-content\/uploads\/2022\/02\/28-scaled.jpg 1733w\" sizes=\"auto, (max-width: 203px) 100vw, 203px\" \/><\/a><a href=\"http:\/\/victoria-rad.de\/wp-content\/uploads\/2022\/02\/29.png\"><img loading=\"lazy\" decoding=\"async\" class=\"aligncenter wp-image-11914 size-medium\" src=\"http:\/\/victoria-rad.de\/wp-content\/uploads\/2022\/02\/29-266x300.png\" alt=\"\" width=\"266\" height=\"300\" srcset=\"http:\/\/victoria-rad.de\/wp-content\/uploads\/2022\/02\/29-266x300.png 266w, http:\/\/victoria-rad.de\/wp-content\/uploads\/2022\/02\/29-908x1024.png 908w, http:\/\/victoria-rad.de\/wp-content\/uploads\/2022\/02\/29-133x150.png 133w, http:\/\/victoria-rad.de\/wp-content\/uploads\/2022\/02\/29-768x866.png 768w, http:\/\/victoria-rad.de\/wp-content\/uploads\/2022\/02\/29-1363x1536.png 1363w, http:\/\/victoria-rad.de\/wp-content\/uploads\/2022\/02\/29-1817x2048.png 1817w\" sizes=\"auto, (max-width: 266px) 100vw, 266px\" \/><\/a><a href=\"http:\/\/victoria-rad.de\/wp-content\/uploads\/2022\/02\/IMG_20160315_0053-2-scaled.jpg\"><img loading=\"lazy\" decoding=\"async\" class=\"aligncenter wp-image-11915 size-medium\" src=\"http:\/\/victoria-rad.de\/wp-content\/uploads\/2022\/02\/IMG_20160315_0053-2-300x223.jpg\" alt=\"\" width=\"300\" height=\"223\" srcset=\"http:\/\/victoria-rad.de\/wp-content\/uploads\/2022\/02\/IMG_20160315_0053-2-300x223.jpg 300w, http:\/\/victoria-rad.de\/wp-content\/uploads\/2022\/02\/IMG_20160315_0053-2-1024x763.jpg 1024w, http:\/\/victoria-rad.de\/wp-content\/uploads\/2022\/02\/IMG_20160315_0053-2-150x112.jpg 150w, http:\/\/victoria-rad.de\/wp-content\/uploads\/2022\/02\/IMG_20160315_0053-2-768x572.jpg 768w, http:\/\/victoria-rad.de\/wp-content\/uploads\/2022\/02\/IMG_20160315_0053-2-1536x1144.jpg 1536w, http:\/\/victoria-rad.de\/wp-content\/uploads\/2022\/02\/IMG_20160315_0053-2-2048x1525.jpg 2048w\" sizes=\"auto, (max-width: 300px) 100vw, 300px\" \/><\/a><a href=\"http:\/\/victoria-rad.de\/wp-content\/uploads\/2022\/02\/IMG_20141122_0003-2-scaled.jpg\"><img loading=\"lazy\" decoding=\"async\" class=\"aligncenter wp-image-11916 size-medium\" src=\"http:\/\/victoria-rad.de\/wp-content\/uploads\/2022\/02\/IMG_20141122_0003-2-190x300.jpg\" alt=\"\" width=\"190\" height=\"300\" srcset=\"http:\/\/victoria-rad.de\/wp-content\/uploads\/2022\/02\/IMG_20141122_0003-2-190x300.jpg 190w, http:\/\/victoria-rad.de\/wp-content\/uploads\/2022\/02\/IMG_20141122_0003-2-648x1024.jpg 648w, http:\/\/victoria-rad.de\/wp-content\/uploads\/2022\/02\/IMG_20141122_0003-2-95x150.jpg 95w, http:\/\/victoria-rad.de\/wp-content\/uploads\/2022\/02\/IMG_20141122_0003-2-768x1214.jpg 768w, http:\/\/victoria-rad.de\/wp-content\/uploads\/2022\/02\/IMG_20141122_0003-2-972x1536.jpg 972w, http:\/\/victoria-rad.de\/wp-content\/uploads\/2022\/02\/IMG_20141122_0003-2-1296x2048.jpg 1296w, http:\/\/victoria-rad.de\/wp-content\/uploads\/2022\/02\/IMG_20141122_0003-2-scaled.jpg 1619w\" sizes=\"auto, (max-width: 190px) 100vw, 190px\" \/><\/a><\/p>\n<p>Noch ein Bild von einem Laden-Lokal mit Schaufenster aus dieser Zeit:<\/p>\n<p><a href=\"http:\/\/victoria-rad.de\/wp-content\/uploads\/2022\/02\/IMG_20150729_0003-scaled.jpg\"><img loading=\"lazy\" decoding=\"async\" class=\"aligncenter wp-image-11917 size-medium\" src=\"http:\/\/victoria-rad.de\/wp-content\/uploads\/2022\/02\/IMG_20150729_0003-300x230.jpg\" alt=\"\" width=\"300\" height=\"230\" srcset=\"http:\/\/victoria-rad.de\/wp-content\/uploads\/2022\/02\/IMG_20150729_0003-300x230.jpg 300w, http:\/\/victoria-rad.de\/wp-content\/uploads\/2022\/02\/IMG_20150729_0003-1024x784.jpg 1024w, http:\/\/victoria-rad.de\/wp-content\/uploads\/2022\/02\/IMG_20150729_0003-150x115.jpg 150w, http:\/\/victoria-rad.de\/wp-content\/uploads\/2022\/02\/IMG_20150729_0003-768x588.jpg 768w, http:\/\/victoria-rad.de\/wp-content\/uploads\/2022\/02\/IMG_20150729_0003-1536x1175.jpg 1536w, http:\/\/victoria-rad.de\/wp-content\/uploads\/2022\/02\/IMG_20150729_0003-2048x1567.jpg 2048w\" sizes=\"auto, (max-width: 300px) 100vw, 300px\" \/><\/a><\/p>\n<p style=\"text-align: center;\">Im anschlie\u00dfenden Beitrag wird nochmal auf den Fahrrad-Katalog vom Jahr 1910 eingegangen, mit vielen Abbildungen von Sonderr\u00e4dern; dem Werk, sowie Motorrad bis hin zu Autos&#8230;<\/p>\n<p><a href=\"http:\/\/victoria-rad.de\/wp-content\/uploads\/2022\/02\/IMG_20190312_0002-scaled.jpg\"><img loading=\"lazy\" decoding=\"async\" class=\"aligncenter wp-image-11893 size-medium\" src=\"http:\/\/victoria-rad.de\/wp-content\/uploads\/2022\/02\/IMG_20190312_0002-300x102.jpg\" alt=\"\" width=\"300\" height=\"102\" srcset=\"http:\/\/victoria-rad.de\/wp-content\/uploads\/2022\/02\/IMG_20190312_0002-300x102.jpg 300w, http:\/\/victoria-rad.de\/wp-content\/uploads\/2022\/02\/IMG_20190312_0002-1024x347.jpg 1024w, http:\/\/victoria-rad.de\/wp-content\/uploads\/2022\/02\/IMG_20190312_0002-150x51.jpg 150w, http:\/\/victoria-rad.de\/wp-content\/uploads\/2022\/02\/IMG_20190312_0002-768x261.jpg 768w, http:\/\/victoria-rad.de\/wp-content\/uploads\/2022\/02\/IMG_20190312_0002-1536x521.jpg 1536w, http:\/\/victoria-rad.de\/wp-content\/uploads\/2022\/02\/IMG_20190312_0002-2048x695.jpg 2048w\" sizes=\"auto, (max-width: 300px) 100vw, 300px\" \/><\/a><img loading=\"lazy\" decoding=\"async\" class=\"alignnone size-medium wp-image-11894 aligncenter\" src=\"http:\/\/victoria-rad.de\/wp-content\/uploads\/2022\/02\/58-300x14.png\" alt=\"\" width=\"300\" height=\"14\" srcset=\"http:\/\/victoria-rad.de\/wp-content\/uploads\/2022\/02\/58-300x14.png 300w, http:\/\/victoria-rad.de\/wp-content\/uploads\/2022\/02\/58-150x7.png 150w, http:\/\/victoria-rad.de\/wp-content\/uploads\/2022\/02\/58.png 501w\" sizes=\"auto, (max-width: 300px) 100vw, 300px\" \/><\/p>\n<p>&nbsp;<\/p>\n","protected":false},"excerpt":{"rendered":"<p>In diesem und n\u00e4chsten Beitrag m\u00f6chte ich aufgrund des Umfangs vom Katalog &#8211; 1910 &#8211;\u00a0 den Teil 5 darstellen, der Teil 6 im folgenden Katalog&#8230; Die n\u00e4chsten drei Bilder zeigen die immense Gr\u00f6\u00dfenordnung der gelagerten und in Form gebrachten Einzelteile von der Produktion bis zur Fertigung: R\u00e4der &#8211; Fertigung &#8211; R\u00e4der &#8211; Lagerung. Montage und &hellip; <a href=\"http:\/\/victoria-rad.de\/?p=11899\" class=\"more-link\"><span class=\"screen-reader-text\">Victoria \u2013 die R\u00e4der ab 1910, Teil 5; dokumentiert im Katalog von Victoria\u2026<\/span> weiterlesen<\/a><\/p>\n","protected":false},"author":1,"featured_media":0,"comment_status":"open","ping_status":"open","sticky":false,"template":"","format":"standard","meta":{"footnotes":""},"categories":[1],"tags":[],"class_list":["post-11899","post","type-post","status-publish","format-standard","hentry","category-uncategorized"],"_links":{"self":[{"href":"http:\/\/victoria-rad.de\/index.php?rest_route=\/wp\/v2\/posts\/11899","targetHints":{"allow":["GET"]}}],"collection":[{"href":"http:\/\/victoria-rad.de\/index.php?rest_route=\/wp\/v2\/posts"}],"about":[{"href":"http:\/\/victoria-rad.de\/index.php?rest_route=\/wp\/v2\/types\/post"}],"author":[{"embeddable":true,"href":"http:\/\/victoria-rad.de\/index.php?rest_route=\/wp\/v2\/users\/1"}],"replies":[{"embeddable":true,"href":"http:\/\/victoria-rad.de\/index.php?rest_route=%2Fwp%2Fv2%2Fcomments&post=11899"}],"version-history":[{"count":4,"href":"http:\/\/victoria-rad.de\/index.php?rest_route=\/wp\/v2\/posts\/11899\/revisions"}],"predecessor-version":[{"id":11920,"href":"http:\/\/victoria-rad.de\/index.php?rest_route=\/wp\/v2\/posts\/11899\/revisions\/11920"}],"wp:attachment":[{"href":"http:\/\/victoria-rad.de\/index.php?rest_route=%2Fwp%2Fv2%2Fmedia&parent=11899"}],"wp:term":[{"taxonomy":"category","embeddable":true,"href":"http:\/\/victoria-rad.de\/index.php?rest_route=%2Fwp%2Fv2%2Fcategories&post=11899"},{"taxonomy":"post_tag","embeddable":true,"href":"http:\/\/victoria-rad.de\/index.php?rest_route=%2Fwp%2Fv2%2Ftags&post=11899"}],"curies":[{"name":"wp","href":"https:\/\/api.w.org\/{rel}","templated":true}]}}