{"id":12524,"date":"2022-08-04T18:51:23","date_gmt":"2022-08-04T16:51:23","guid":{"rendered":"http:\/\/victoria-rad.de\/?p=12524"},"modified":"2022-08-04T18:51:23","modified_gmt":"2022-08-04T16:51:23","slug":"auf-zum-victoria-treffen-ab-salzburg-nach-weimar","status":"publish","type":"post","link":"http:\/\/victoria-rad.de\/?p=12524","title":{"rendered":"Auf zum Victoria &#8211; Treffen &#8211; ab Salzburg nach Weimar&#8230;"},"content":{"rendered":"<p><strong>Unser Victoria Freund Roman Schmuck hat zur Reise nach Weimar, zum Victoria &#8211; Treffen seinen Anh\u00e4nger aufgemotzt, aber nat\u00fcrlich im Victoria-Design mit den n\u00fctzlichen Intarsien wunderbar abgestimmt zur tadellosen Funktionsmethode eines solchen Gef\u00e4hrts&#8230;\u00a0<\/strong><\/p>\n<p>Aber seht selbst:<\/p>\n<p>&nbsp;<\/p>\n<p><a href=\"http:\/\/victoria-rad.de\/wp-content\/uploads\/2022\/07\/IMG-20220723-WA0017.jpg\"><img loading=\"lazy\" decoding=\"async\" class=\"aligncenter wp-image-12526 size-medium\" src=\"http:\/\/victoria-rad.de\/wp-content\/uploads\/2022\/07\/IMG-20220723-WA0017-300x169.jpg\" alt=\"\" width=\"300\" height=\"169\" srcset=\"http:\/\/victoria-rad.de\/wp-content\/uploads\/2022\/07\/IMG-20220723-WA0017-300x169.jpg 300w, http:\/\/victoria-rad.de\/wp-content\/uploads\/2022\/07\/IMG-20220723-WA0017-1024x576.jpg 1024w, http:\/\/victoria-rad.de\/wp-content\/uploads\/2022\/07\/IMG-20220723-WA0017-150x84.jpg 150w, http:\/\/victoria-rad.de\/wp-content\/uploads\/2022\/07\/IMG-20220723-WA0017-768x432.jpg 768w, http:\/\/victoria-rad.de\/wp-content\/uploads\/2022\/07\/IMG-20220723-WA0017-1536x864.jpg 1536w, http:\/\/victoria-rad.de\/wp-content\/uploads\/2022\/07\/IMG-20220723-WA0017.jpg 2048w\" sizes=\"auto, (max-width: 300px) 100vw, 300px\" \/><\/a><\/p>\n<p><a href=\"http:\/\/victoria-rad.de\/wp-content\/uploads\/2022\/07\/IMG-20220723-WA0019.jpg\"><img loading=\"lazy\" decoding=\"async\" class=\"aligncenter wp-image-12527 size-medium\" src=\"http:\/\/victoria-rad.de\/wp-content\/uploads\/2022\/07\/IMG-20220723-WA0019-300x169.jpg\" alt=\"\" width=\"300\" height=\"169\" srcset=\"http:\/\/victoria-rad.de\/wp-content\/uploads\/2022\/07\/IMG-20220723-WA0019-300x169.jpg 300w, http:\/\/victoria-rad.de\/wp-content\/uploads\/2022\/07\/IMG-20220723-WA0019-1024x576.jpg 1024w, http:\/\/victoria-rad.de\/wp-content\/uploads\/2022\/07\/IMG-20220723-WA0019-150x84.jpg 150w, http:\/\/victoria-rad.de\/wp-content\/uploads\/2022\/07\/IMG-20220723-WA0019-768x432.jpg 768w, http:\/\/victoria-rad.de\/wp-content\/uploads\/2022\/07\/IMG-20220723-WA0019-1536x864.jpg 1536w, http:\/\/victoria-rad.de\/wp-content\/uploads\/2022\/07\/IMG-20220723-WA0019.jpg 1599w\" sizes=\"auto, (max-width: 300px) 100vw, 300px\" \/><\/a><\/p>\n<p><a href=\"http:\/\/victoria-rad.de\/wp-content\/uploads\/2022\/07\/IMG-20220729-WA0002.jpg\"><img loading=\"lazy\" decoding=\"async\" class=\"aligncenter wp-image-12528 size-medium\" src=\"http:\/\/victoria-rad.de\/wp-content\/uploads\/2022\/07\/IMG-20220729-WA0002-169x300.jpg\" alt=\"\" width=\"169\" height=\"300\" srcset=\"http:\/\/victoria-rad.de\/wp-content\/uploads\/2022\/07\/IMG-20220729-WA0002-169x300.jpg 169w, http:\/\/victoria-rad.de\/wp-content\/uploads\/2022\/07\/IMG-20220729-WA0002-576x1024.jpg 576w, http:\/\/victoria-rad.de\/wp-content\/uploads\/2022\/07\/IMG-20220729-WA0002-84x150.jpg 84w, http:\/\/victoria-rad.de\/wp-content\/uploads\/2022\/07\/IMG-20220729-WA0002-768x1365.jpg 768w, http:\/\/victoria-rad.de\/wp-content\/uploads\/2022\/07\/IMG-20220729-WA0002-864x1536.jpg 864w, http:\/\/victoria-rad.de\/wp-content\/uploads\/2022\/07\/IMG-20220729-WA0002.jpg 1152w\" sizes=\"auto, (max-width: 169px) 100vw, 169px\" \/><\/a><\/p>\n<p>Vorbereitung mit &#8222;auf Hochglanz bringen&#8220; beginnen:<\/p>\n<p><a href=\"http:\/\/victoria-rad.de\/wp-content\/uploads\/2022\/08\/IMG-20220803-WA0003.jpg\"><img loading=\"lazy\" decoding=\"async\" class=\"aligncenter wp-image-12531 size-medium\" src=\"http:\/\/victoria-rad.de\/wp-content\/uploads\/2022\/08\/IMG-20220803-WA0003-300x169.jpg\" alt=\"\" width=\"300\" height=\"169\" srcset=\"http:\/\/victoria-rad.de\/wp-content\/uploads\/2022\/08\/IMG-20220803-WA0003-300x169.jpg 300w, http:\/\/victoria-rad.de\/wp-content\/uploads\/2022\/08\/IMG-20220803-WA0003-1024x576.jpg 1024w, http:\/\/victoria-rad.de\/wp-content\/uploads\/2022\/08\/IMG-20220803-WA0003-150x84.jpg 150w, http:\/\/victoria-rad.de\/wp-content\/uploads\/2022\/08\/IMG-20220803-WA0003-768x432.jpg 768w, http:\/\/victoria-rad.de\/wp-content\/uploads\/2022\/08\/IMG-20220803-WA0003-1536x864.jpg 1536w, http:\/\/victoria-rad.de\/wp-content\/uploads\/2022\/08\/IMG-20220803-WA0003.jpg 2048w\" sizes=\"auto, (max-width: 300px) 100vw, 300px\" \/><\/a><\/p>\n<p>Die Verladung der Motorr\u00e4der:<\/p>\n<p><a href=\"http:\/\/victoria-rad.de\/wp-content\/uploads\/2022\/08\/IMG-20220804-WA0023.jpg\"><img loading=\"lazy\" decoding=\"async\" class=\"aligncenter wp-image-12534 size-medium\" src=\"http:\/\/victoria-rad.de\/wp-content\/uploads\/2022\/08\/IMG-20220804-WA0023-225x300.jpg\" alt=\"\" width=\"225\" height=\"300\" srcset=\"http:\/\/victoria-rad.de\/wp-content\/uploads\/2022\/08\/IMG-20220804-WA0023-225x300.jpg 225w, http:\/\/victoria-rad.de\/wp-content\/uploads\/2022\/08\/IMG-20220804-WA0023-768x1024.jpg 768w, http:\/\/victoria-rad.de\/wp-content\/uploads\/2022\/08\/IMG-20220804-WA0023-113x150.jpg 113w, http:\/\/victoria-rad.de\/wp-content\/uploads\/2022\/08\/IMG-20220804-WA0023-1152x1536.jpg 1152w, http:\/\/victoria-rad.de\/wp-content\/uploads\/2022\/08\/IMG-20220804-WA0023.jpg 1200w\" sizes=\"auto, (max-width: 225px) 100vw, 225px\" \/><\/a><\/p>\n<p><a href=\"http:\/\/victoria-rad.de\/wp-content\/uploads\/2022\/08\/IMG-20220804-WA0025.jpg\"><img loading=\"lazy\" decoding=\"async\" class=\"aligncenter wp-image-12535 size-medium\" src=\"http:\/\/victoria-rad.de\/wp-content\/uploads\/2022\/08\/IMG-20220804-WA0025-225x300.jpg\" alt=\"\" width=\"225\" height=\"300\" srcset=\"http:\/\/victoria-rad.de\/wp-content\/uploads\/2022\/08\/IMG-20220804-WA0025-225x300.jpg 225w, http:\/\/victoria-rad.de\/wp-content\/uploads\/2022\/08\/IMG-20220804-WA0025-768x1024.jpg 768w, http:\/\/victoria-rad.de\/wp-content\/uploads\/2022\/08\/IMG-20220804-WA0025-113x150.jpg 113w, http:\/\/victoria-rad.de\/wp-content\/uploads\/2022\/08\/IMG-20220804-WA0025-1152x1536.jpg 1152w, http:\/\/victoria-rad.de\/wp-content\/uploads\/2022\/08\/IMG-20220804-WA0025.jpg 1200w\" sizes=\"auto, (max-width: 225px) 100vw, 225px\" \/><\/a><\/p>\n<p>Zwischen-Station in Treuen Gastst\u00e4tte &#8222;Goldene H\u00f6he&#8220;:<\/p>\n<p style=\"text-align: center;\"><a href=\"http:\/\/victoria-rad.de\/wp-content\/uploads\/2022\/08\/20220804_122413-scaled.jpg\"><img loading=\"lazy\" decoding=\"async\" class=\"aligncenter wp-image-12536 size-medium\" src=\"http:\/\/victoria-rad.de\/wp-content\/uploads\/2022\/08\/20220804_122413-300x135.jpg\" alt=\"\" width=\"300\" height=\"135\" srcset=\"http:\/\/victoria-rad.de\/wp-content\/uploads\/2022\/08\/20220804_122413-300x135.jpg 300w, http:\/\/victoria-rad.de\/wp-content\/uploads\/2022\/08\/20220804_122413-1024x461.jpg 1024w, http:\/\/victoria-rad.de\/wp-content\/uploads\/2022\/08\/20220804_122413-150x68.jpg 150w, http:\/\/victoria-rad.de\/wp-content\/uploads\/2022\/08\/20220804_122413-768x346.jpg 768w, http:\/\/victoria-rad.de\/wp-content\/uploads\/2022\/08\/20220804_122413-1536x691.jpg 1536w, http:\/\/victoria-rad.de\/wp-content\/uploads\/2022\/08\/20220804_122413-2048x922.jpg 2048w\" sizes=\"auto, (max-width: 300px) 100vw, 300px\" \/><\/a>Meine Enkelin &#8222;Malou&#8220; und die &#8222;Salzbuerger&#8220;,<\/p>\n<p><a href=\"http:\/\/victoria-rad.de\/wp-content\/uploads\/2022\/08\/20220804_123358-scaled.jpg\"><img loading=\"lazy\" decoding=\"async\" class=\"aligncenter wp-image-12537 size-medium\" src=\"http:\/\/victoria-rad.de\/wp-content\/uploads\/2022\/08\/20220804_123358-300x135.jpg\" alt=\"\" width=\"300\" height=\"135\" srcset=\"http:\/\/victoria-rad.de\/wp-content\/uploads\/2022\/08\/20220804_123358-300x135.jpg 300w, http:\/\/victoria-rad.de\/wp-content\/uploads\/2022\/08\/20220804_123358-1024x461.jpg 1024w, http:\/\/victoria-rad.de\/wp-content\/uploads\/2022\/08\/20220804_123358-150x68.jpg 150w, http:\/\/victoria-rad.de\/wp-content\/uploads\/2022\/08\/20220804_123358-768x346.jpg 768w, http:\/\/victoria-rad.de\/wp-content\/uploads\/2022\/08\/20220804_123358-1536x691.jpg 1536w, http:\/\/victoria-rad.de\/wp-content\/uploads\/2022\/08\/20220804_123358-2048x922.jpg 2048w\" sizes=\"auto, (max-width: 300px) 100vw, 300px\" \/><\/a><\/p>\n<p>Noch ein Besuch bei mir zu Hause:<\/p>\n<p><a href=\"http:\/\/victoria-rad.de\/wp-content\/uploads\/2022\/08\/20220804_131339-scaled.jpg\"><img loading=\"lazy\" decoding=\"async\" class=\"aligncenter wp-image-12538 size-medium\" src=\"http:\/\/victoria-rad.de\/wp-content\/uploads\/2022\/08\/20220804_131339-300x135.jpg\" alt=\"\" width=\"300\" height=\"135\" srcset=\"http:\/\/victoria-rad.de\/wp-content\/uploads\/2022\/08\/20220804_131339-300x135.jpg 300w, http:\/\/victoria-rad.de\/wp-content\/uploads\/2022\/08\/20220804_131339-1024x461.jpg 1024w, http:\/\/victoria-rad.de\/wp-content\/uploads\/2022\/08\/20220804_131339-150x68.jpg 150w, http:\/\/victoria-rad.de\/wp-content\/uploads\/2022\/08\/20220804_131339-768x346.jpg 768w, http:\/\/victoria-rad.de\/wp-content\/uploads\/2022\/08\/20220804_131339-1536x691.jpg 1536w, http:\/\/victoria-rad.de\/wp-content\/uploads\/2022\/08\/20220804_131339-2048x922.jpg 2048w\" sizes=\"auto, (max-width: 300px) 100vw, 300px\" \/><\/a><\/p>\n<p>Und ab geht es nach Th\u00fcringen&#8230;<\/p>\n<p style=\"text-align: center;\"><a href=\"http:\/\/victoria-rad.de\/wp-content\/uploads\/2022\/08\/IMG-20220804-WA0034.jpg\"><img loading=\"lazy\" decoding=\"async\" class=\"aligncenter wp-image-12539 size-medium\" src=\"http:\/\/victoria-rad.de\/wp-content\/uploads\/2022\/08\/IMG-20220804-WA0034-169x300.jpg\" alt=\"\" width=\"169\" height=\"300\" srcset=\"http:\/\/victoria-rad.de\/wp-content\/uploads\/2022\/08\/IMG-20220804-WA0034-169x300.jpg 169w, http:\/\/victoria-rad.de\/wp-content\/uploads\/2022\/08\/IMG-20220804-WA0034-576x1024.jpg 576w, http:\/\/victoria-rad.de\/wp-content\/uploads\/2022\/08\/IMG-20220804-WA0034-84x150.jpg 84w, http:\/\/victoria-rad.de\/wp-content\/uploads\/2022\/08\/IMG-20220804-WA0034-768x1366.jpg 768w, http:\/\/victoria-rad.de\/wp-content\/uploads\/2022\/08\/IMG-20220804-WA0034-864x1536.jpg 864w, http:\/\/victoria-rad.de\/wp-content\/uploads\/2022\/08\/IMG-20220804-WA0034.jpg 899w\" sizes=\"auto, (max-width: 169px) 100vw, 169px\" \/><\/a>Gut angekommen, &#8211; und die ersten sind schon da&#8230;<\/p>\n<p><a href=\"http:\/\/victoria-rad.de\/wp-content\/uploads\/2022\/08\/IMG-20220804-WA0035.jpg\"><img loading=\"lazy\" decoding=\"async\" class=\"aligncenter wp-image-12540 size-medium\" src=\"http:\/\/victoria-rad.de\/wp-content\/uploads\/2022\/08\/IMG-20220804-WA0035-169x300.jpg\" alt=\"\" width=\"169\" height=\"300\" srcset=\"http:\/\/victoria-rad.de\/wp-content\/uploads\/2022\/08\/IMG-20220804-WA0035-169x300.jpg 169w, http:\/\/victoria-rad.de\/wp-content\/uploads\/2022\/08\/IMG-20220804-WA0035-576x1024.jpg 576w, http:\/\/victoria-rad.de\/wp-content\/uploads\/2022\/08\/IMG-20220804-WA0035-84x150.jpg 84w, http:\/\/victoria-rad.de\/wp-content\/uploads\/2022\/08\/IMG-20220804-WA0035-768x1366.jpg 768w, http:\/\/victoria-rad.de\/wp-content\/uploads\/2022\/08\/IMG-20220804-WA0035-864x1536.jpg 864w, http:\/\/victoria-rad.de\/wp-content\/uploads\/2022\/08\/IMG-20220804-WA0035.jpg 899w\" sizes=\"auto, (max-width: 169px) 100vw, 169px\" \/><\/a><\/p>\n<p style=\"text-align: center;\">S<strong>ch\u00f6nes Treffen und viel Spa\u00df allen&#8230; Wir kommen morgen&#8230;<\/strong><\/p>\n<p><a href=\"http:\/\/victoria-rad.de\/wp-content\/uploads\/2022\/07\/IMG-20220719-WA0009.jpg\"><img loading=\"lazy\" decoding=\"async\" class=\"aligncenter wp-image-12494 size-medium\" src=\"http:\/\/victoria-rad.de\/wp-content\/uploads\/2022\/07\/IMG-20220719-WA0009-213x300.jpg\" alt=\"\" width=\"213\" height=\"300\" srcset=\"http:\/\/victoria-rad.de\/wp-content\/uploads\/2022\/07\/IMG-20220719-WA0009-213x300.jpg 213w, http:\/\/victoria-rad.de\/wp-content\/uploads\/2022\/07\/IMG-20220719-WA0009-106x150.jpg 106w, http:\/\/victoria-rad.de\/wp-content\/uploads\/2022\/07\/IMG-20220719-WA0009.jpg 720w\" sizes=\"auto, (max-width: 213px) 100vw, 213px\" \/><\/a><\/p>\n<p><img loading=\"lazy\" decoding=\"async\" class=\"alignnone size-medium wp-image-12004 aligncenter\" src=\"http:\/\/victoria-rad.de\/wp-content\/uploads\/2022\/02\/58-1-300x14.png\" alt=\"\" width=\"300\" height=\"14\" srcset=\"http:\/\/victoria-rad.de\/wp-content\/uploads\/2022\/02\/58-1-300x14.png 300w, http:\/\/victoria-rad.de\/wp-content\/uploads\/2022\/02\/58-1-150x7.png 150w, http:\/\/victoria-rad.de\/wp-content\/uploads\/2022\/02\/58-1.png 501w\" sizes=\"auto, (max-width: 300px) 100vw, 300px\" \/><\/p>\n","protected":false},"excerpt":{"rendered":"<p>Unser Victoria Freund Roman Schmuck hat zur Reise nach Weimar, zum Victoria &#8211; Treffen seinen Anh\u00e4nger aufgemotzt, aber nat\u00fcrlich im Victoria-Design mit den n\u00fctzlichen Intarsien wunderbar abgestimmt zur tadellosen Funktionsmethode eines solchen Gef\u00e4hrts&#8230;\u00a0 Aber seht selbst: &nbsp; Vorbereitung mit &#8222;auf Hochglanz bringen&#8220; beginnen: Die Verladung der Motorr\u00e4der: Zwischen-Station in Treuen Gastst\u00e4tte &#8222;Goldene H\u00f6he&#8220;: Meine Enkelin &hellip; <a href=\"http:\/\/victoria-rad.de\/?p=12524\" class=\"more-link\"><span class=\"screen-reader-text\">Auf zum Victoria &#8211; Treffen &#8211; ab Salzburg nach Weimar&#8230;<\/span> weiterlesen<\/a><\/p>\n","protected":false},"author":1,"featured_media":0,"comment_status":"open","ping_status":"open","sticky":false,"template":"","format":"standard","meta":{"footnotes":""},"categories":[1],"tags":[],"class_list":["post-12524","post","type-post","status-publish","format-standard","hentry","category-uncategorized"],"_links":{"self":[{"href":"http:\/\/victoria-rad.de\/index.php?rest_route=\/wp\/v2\/posts\/12524","targetHints":{"allow":["GET"]}}],"collection":[{"href":"http:\/\/victoria-rad.de\/index.php?rest_route=\/wp\/v2\/posts"}],"about":[{"href":"http:\/\/victoria-rad.de\/index.php?rest_route=\/wp\/v2\/types\/post"}],"author":[{"embeddable":true,"href":"http:\/\/victoria-rad.de\/index.php?rest_route=\/wp\/v2\/users\/1"}],"replies":[{"embeddable":true,"href":"http:\/\/victoria-rad.de\/index.php?rest_route=%2Fwp%2Fv2%2Fcomments&post=12524"}],"version-history":[{"count":5,"href":"http:\/\/victoria-rad.de\/index.php?rest_route=\/wp\/v2\/posts\/12524\/revisions"}],"predecessor-version":[{"id":12541,"href":"http:\/\/victoria-rad.de\/index.php?rest_route=\/wp\/v2\/posts\/12524\/revisions\/12541"}],"wp:attachment":[{"href":"http:\/\/victoria-rad.de\/index.php?rest_route=%2Fwp%2Fv2%2Fmedia&parent=12524"}],"wp:term":[{"taxonomy":"category","embeddable":true,"href":"http:\/\/victoria-rad.de\/index.php?rest_route=%2Fwp%2Fv2%2Fcategories&post=12524"},{"taxonomy":"post_tag","embeddable":true,"href":"http:\/\/victoria-rad.de\/index.php?rest_route=%2Fwp%2Fv2%2Ftags&post=12524"}],"curies":[{"name":"wp","href":"https:\/\/api.w.org\/{rel}","templated":true}]}}