{"id":12543,"date":"2022-08-08T13:01:12","date_gmt":"2022-08-08T11:01:12","guid":{"rendered":"http:\/\/victoria-rad.de\/?p=12543"},"modified":"2022-08-08T16:45:52","modified_gmt":"2022-08-08T14:45:52","slug":"victoria-treffen-ein-erfolg-hier-noch-einige-bilder","status":"publish","type":"post","link":"http:\/\/victoria-rad.de\/?p=12543","title":{"rendered":"Victoria &#8211; Treffen &#8211; ein Erfolg&#8230; hier noch einige Bilder&#8230;"},"content":{"rendered":"<p><em><strong>Hier m\u00f6chte ich Euch noch einige Bilder, Videos und nat\u00fcrlich weitere Eindr\u00fccke vom Victoria-Treffen von Weimar zeigen:<\/strong><\/em><\/p>\n<p>Vom Donnerstag:<\/p>\n<p><a href=\"http:\/\/victoria-rad.de\/wp-content\/uploads\/2022\/08\/IMG-20220805-WA0003.jpg\"><img loading=\"lazy\" decoding=\"async\" class=\"aligncenter wp-image-12548 size-medium\" src=\"http:\/\/victoria-rad.de\/wp-content\/uploads\/2022\/08\/IMG-20220805-WA0003-300x169.jpg\" alt=\"\" width=\"300\" height=\"169\" srcset=\"http:\/\/victoria-rad.de\/wp-content\/uploads\/2022\/08\/IMG-20220805-WA0003-300x169.jpg 300w, http:\/\/victoria-rad.de\/wp-content\/uploads\/2022\/08\/IMG-20220805-WA0003-1024x576.jpg 1024w, http:\/\/victoria-rad.de\/wp-content\/uploads\/2022\/08\/IMG-20220805-WA0003-150x84.jpg 150w, http:\/\/victoria-rad.de\/wp-content\/uploads\/2022\/08\/IMG-20220805-WA0003-768x432.jpg 768w, http:\/\/victoria-rad.de\/wp-content\/uploads\/2022\/08\/IMG-20220805-WA0003-1536x864.jpg 1536w, http:\/\/victoria-rad.de\/wp-content\/uploads\/2022\/08\/IMG-20220805-WA0003.jpg 1599w\" sizes=\"auto, (max-width: 300px) 100vw, 300px\" \/><\/a><\/p>\n<p><a href=\"http:\/\/victoria-rad.de\/wp-content\/uploads\/2022\/08\/IMG-20220805-WA0007.jpg\"><img loading=\"lazy\" decoding=\"async\" class=\"aligncenter wp-image-12549 size-medium\" src=\"http:\/\/victoria-rad.de\/wp-content\/uploads\/2022\/08\/IMG-20220805-WA0007-300x169.jpg\" alt=\"\" width=\"300\" height=\"169\" srcset=\"http:\/\/victoria-rad.de\/wp-content\/uploads\/2022\/08\/IMG-20220805-WA0007-300x169.jpg 300w, http:\/\/victoria-rad.de\/wp-content\/uploads\/2022\/08\/IMG-20220805-WA0007-1024x576.jpg 1024w, http:\/\/victoria-rad.de\/wp-content\/uploads\/2022\/08\/IMG-20220805-WA0007-150x84.jpg 150w, http:\/\/victoria-rad.de\/wp-content\/uploads\/2022\/08\/IMG-20220805-WA0007-768x432.jpg 768w, http:\/\/victoria-rad.de\/wp-content\/uploads\/2022\/08\/IMG-20220805-WA0007-1536x864.jpg 1536w, http:\/\/victoria-rad.de\/wp-content\/uploads\/2022\/08\/IMG-20220805-WA0007.jpg 1599w\" sizes=\"auto, (max-width: 300px) 100vw, 300px\" \/><\/a><\/p>\n<p>Er\u00f6ffnung:<\/p>\n<p style=\"text-align: center;\"><a href=\"http:\/\/victoria-rad.de\/wp-content\/uploads\/2022\/08\/20220805_193407-scaled.jpg\"><img loading=\"lazy\" decoding=\"async\" class=\"aligncenter wp-image-12544 size-medium\" src=\"http:\/\/victoria-rad.de\/wp-content\/uploads\/2022\/08\/20220805_193407-300x135.jpg\" alt=\"\" width=\"300\" height=\"135\" srcset=\"http:\/\/victoria-rad.de\/wp-content\/uploads\/2022\/08\/20220805_193407-300x135.jpg 300w, http:\/\/victoria-rad.de\/wp-content\/uploads\/2022\/08\/20220805_193407-1024x461.jpg 1024w, http:\/\/victoria-rad.de\/wp-content\/uploads\/2022\/08\/20220805_193407-150x68.jpg 150w, http:\/\/victoria-rad.de\/wp-content\/uploads\/2022\/08\/20220805_193407-768x346.jpg 768w, http:\/\/victoria-rad.de\/wp-content\/uploads\/2022\/08\/20220805_193407-1536x691.jpg 1536w, http:\/\/victoria-rad.de\/wp-content\/uploads\/2022\/08\/20220805_193407-2048x922.jpg 2048w\" sizes=\"auto, (max-width: 300px) 100vw, 300px\" \/><\/a>Hier die traditionelle Er\u00f6ffnung am Freitag Abend durch Edgar (Vorsitzender der IG mit den Ausrichtern\u00a0 des Treffens Dietmar und Bernhard an der &#8222;Siefelburg&#8220;&#8230;<\/p>\n<p style=\"text-align: center;\"><a href=\"http:\/\/victoria-rad.de\/wp-content\/uploads\/2022\/08\/20220806_095132-scaled.jpg\"><img loading=\"lazy\" decoding=\"async\" class=\"aligncenter wp-image-12545 size-medium\" src=\"http:\/\/victoria-rad.de\/wp-content\/uploads\/2022\/08\/20220806_095132-300x135.jpg\" alt=\"\" width=\"300\" height=\"135\" srcset=\"http:\/\/victoria-rad.de\/wp-content\/uploads\/2022\/08\/20220806_095132-300x135.jpg 300w, http:\/\/victoria-rad.de\/wp-content\/uploads\/2022\/08\/20220806_095132-1024x461.jpg 1024w, http:\/\/victoria-rad.de\/wp-content\/uploads\/2022\/08\/20220806_095132-150x68.jpg 150w, http:\/\/victoria-rad.de\/wp-content\/uploads\/2022\/08\/20220806_095132-768x346.jpg 768w, http:\/\/victoria-rad.de\/wp-content\/uploads\/2022\/08\/20220806_095132-1536x691.jpg 1536w, http:\/\/victoria-rad.de\/wp-content\/uploads\/2022\/08\/20220806_095132-2048x922.jpg 2048w\" sizes=\"auto, (max-width: 300px) 100vw, 300px\" \/><\/a>Noch einige Bilder vorm Start zur Ausfahrt mit ca. 70 Victoria &#8211; Motorr\u00e4dern&#8230;<\/p>\n<p><a href=\"http:\/\/victoria-rad.de\/wp-content\/uploads\/2022\/08\/20220806_094830-scaled.jpg\"><img loading=\"lazy\" decoding=\"async\" class=\"aligncenter wp-image-12546 size-medium\" src=\"http:\/\/victoria-rad.de\/wp-content\/uploads\/2022\/08\/20220806_094830-135x300.jpg\" alt=\"\" width=\"135\" height=\"300\" srcset=\"http:\/\/victoria-rad.de\/wp-content\/uploads\/2022\/08\/20220806_094830-135x300.jpg 135w, http:\/\/victoria-rad.de\/wp-content\/uploads\/2022\/08\/20220806_094830-461x1024.jpg 461w, http:\/\/victoria-rad.de\/wp-content\/uploads\/2022\/08\/20220806_094830-68x150.jpg 68w, http:\/\/victoria-rad.de\/wp-content\/uploads\/2022\/08\/20220806_094830-768x1707.jpg 768w, http:\/\/victoria-rad.de\/wp-content\/uploads\/2022\/08\/20220806_094830-691x1536.jpg 691w, http:\/\/victoria-rad.de\/wp-content\/uploads\/2022\/08\/20220806_094830-922x2048.jpg 922w, http:\/\/victoria-rad.de\/wp-content\/uploads\/2022\/08\/20220806_094830-scaled.jpg 1152w\" sizes=\"auto, (max-width: 135px) 100vw, 135px\" \/><\/a><\/p>\n<p><a href=\"http:\/\/victoria-rad.de\/wp-content\/uploads\/2022\/08\/20220806_095228-scaled.jpg\"><img loading=\"lazy\" decoding=\"async\" class=\"aligncenter wp-image-12547 size-medium\" src=\"http:\/\/victoria-rad.de\/wp-content\/uploads\/2022\/08\/20220806_095228-300x135.jpg\" alt=\"\" width=\"300\" height=\"135\" srcset=\"http:\/\/victoria-rad.de\/wp-content\/uploads\/2022\/08\/20220806_095228-300x135.jpg 300w, http:\/\/victoria-rad.de\/wp-content\/uploads\/2022\/08\/20220806_095228-1024x461.jpg 1024w, http:\/\/victoria-rad.de\/wp-content\/uploads\/2022\/08\/20220806_095228-150x68.jpg 150w, http:\/\/victoria-rad.de\/wp-content\/uploads\/2022\/08\/20220806_095228-768x346.jpg 768w, http:\/\/victoria-rad.de\/wp-content\/uploads\/2022\/08\/20220806_095228-1536x691.jpg 1536w, http:\/\/victoria-rad.de\/wp-content\/uploads\/2022\/08\/20220806_095228-2048x922.jpg 2048w\" sizes=\"auto, (max-width: 300px) 100vw, 300px\" \/><\/a><\/p>\n<p>Ankunft der ersten Truppe in Weimar auf dem Marktplatz:<\/p>\n<div style=\"width: 660px;\" class=\"wp-video\"><video class=\"wp-video-shortcode\" id=\"video-12543-1\" width=\"660\" height=\"371\" preload=\"metadata\" controls=\"controls\"><source type=\"video\/mp4\" src=\"http:\/\/victoria-rad.de\/wp-content\/uploads\/2022\/08\/1.-Fim.mp4?_=1\" \/><a href=\"http:\/\/victoria-rad.de\/wp-content\/uploads\/2022\/08\/1.-Fim.mp4\">http:\/\/victoria-rad.de\/wp-content\/uploads\/2022\/08\/1.-Fim.mp4<\/a><\/video><\/div>\n<p><em><strong>Als die zwei weiteren Gruppen ankamen war der Marktplatz gut gef\u00fcllt und viele interessierte Zuschauer und Einwohner von Weimar bewunderten unsere Victoria-Motorr\u00e4der. In den zwei Stunden Pause wurden viele fachliche und freundschaftliche Gespr\u00e4che gef\u00fchrt, aber seht selbst:<\/strong><\/em><\/p>\n<p style=\"text-align: center;\"><a href=\"http:\/\/victoria-rad.de\/wp-content\/uploads\/2022\/08\/20220806_115436-scaled.jpg\"><img loading=\"lazy\" decoding=\"async\" class=\"aligncenter wp-image-12551 size-medium\" src=\"http:\/\/victoria-rad.de\/wp-content\/uploads\/2022\/08\/20220806_115436-300x135.jpg\" alt=\"\" width=\"300\" height=\"135\" srcset=\"http:\/\/victoria-rad.de\/wp-content\/uploads\/2022\/08\/20220806_115436-300x135.jpg 300w, http:\/\/victoria-rad.de\/wp-content\/uploads\/2022\/08\/20220806_115436-1024x461.jpg 1024w, http:\/\/victoria-rad.de\/wp-content\/uploads\/2022\/08\/20220806_115436-150x68.jpg 150w, http:\/\/victoria-rad.de\/wp-content\/uploads\/2022\/08\/20220806_115436-768x346.jpg 768w, http:\/\/victoria-rad.de\/wp-content\/uploads\/2022\/08\/20220806_115436-1536x691.jpg 1536w, http:\/\/victoria-rad.de\/wp-content\/uploads\/2022\/08\/20220806_115436-2048x922.jpg 2048w\" sizes=\"auto, (max-width: 300px) 100vw, 300px\" \/><\/a>Freunde aus Sachsen&#8230;<\/p>\n<p style=\"text-align: center;\"><a href=\"http:\/\/victoria-rad.de\/wp-content\/uploads\/2022\/08\/20220806_115524-scaled.jpg\"><img loading=\"lazy\" decoding=\"async\" class=\"aligncenter wp-image-12552 size-medium\" src=\"http:\/\/victoria-rad.de\/wp-content\/uploads\/2022\/08\/20220806_115524-300x135.jpg\" alt=\"\" width=\"300\" height=\"135\" srcset=\"http:\/\/victoria-rad.de\/wp-content\/uploads\/2022\/08\/20220806_115524-300x135.jpg 300w, http:\/\/victoria-rad.de\/wp-content\/uploads\/2022\/08\/20220806_115524-1024x461.jpg 1024w, http:\/\/victoria-rad.de\/wp-content\/uploads\/2022\/08\/20220806_115524-150x68.jpg 150w, http:\/\/victoria-rad.de\/wp-content\/uploads\/2022\/08\/20220806_115524-768x346.jpg 768w, http:\/\/victoria-rad.de\/wp-content\/uploads\/2022\/08\/20220806_115524-1536x691.jpg 1536w, http:\/\/victoria-rad.de\/wp-content\/uploads\/2022\/08\/20220806_115524-2048x922.jpg 2048w\" sizes=\"auto, (max-width: 300px) 100vw, 300px\" \/><\/a>Der Edgar rechts, ( Chef der IG )&#8230;<\/p>\n<p style=\"text-align: center;\"><a href=\"http:\/\/victoria-rad.de\/wp-content\/uploads\/2022\/08\/20220806_115844-scaled.jpg\"><img loading=\"lazy\" decoding=\"async\" class=\"aligncenter wp-image-12553 size-medium\" src=\"http:\/\/victoria-rad.de\/wp-content\/uploads\/2022\/08\/20220806_115844-135x300.jpg\" alt=\"\" width=\"135\" height=\"300\" srcset=\"http:\/\/victoria-rad.de\/wp-content\/uploads\/2022\/08\/20220806_115844-135x300.jpg 135w, http:\/\/victoria-rad.de\/wp-content\/uploads\/2022\/08\/20220806_115844-461x1024.jpg 461w, http:\/\/victoria-rad.de\/wp-content\/uploads\/2022\/08\/20220806_115844-68x150.jpg 68w, http:\/\/victoria-rad.de\/wp-content\/uploads\/2022\/08\/20220806_115844-768x1707.jpg 768w, http:\/\/victoria-rad.de\/wp-content\/uploads\/2022\/08\/20220806_115844-691x1536.jpg 691w, http:\/\/victoria-rad.de\/wp-content\/uploads\/2022\/08\/20220806_115844-922x2048.jpg 922w, http:\/\/victoria-rad.de\/wp-content\/uploads\/2022\/08\/20220806_115844-scaled.jpg 1152w\" sizes=\"auto, (max-width: 135px) 100vw, 135px\" \/><\/a>Der Peter Zimmermann mit seiner originalen KR35&#8230;<\/p>\n<p><a href=\"http:\/\/victoria-rad.de\/wp-content\/uploads\/2022\/08\/20220806_120141-scaled.jpg\"><img loading=\"lazy\" decoding=\"async\" class=\"aligncenter wp-image-12554 size-medium\" src=\"http:\/\/victoria-rad.de\/wp-content\/uploads\/2022\/08\/20220806_120141-300x135.jpg\" alt=\"\" width=\"300\" height=\"135\" srcset=\"http:\/\/victoria-rad.de\/wp-content\/uploads\/2022\/08\/20220806_120141-300x135.jpg 300w, http:\/\/victoria-rad.de\/wp-content\/uploads\/2022\/08\/20220806_120141-1024x461.jpg 1024w, http:\/\/victoria-rad.de\/wp-content\/uploads\/2022\/08\/20220806_120141-150x68.jpg 150w, http:\/\/victoria-rad.de\/wp-content\/uploads\/2022\/08\/20220806_120141-768x346.jpg 768w, http:\/\/victoria-rad.de\/wp-content\/uploads\/2022\/08\/20220806_120141-1536x691.jpg 1536w, http:\/\/victoria-rad.de\/wp-content\/uploads\/2022\/08\/20220806_120141-2048x922.jpg 2048w\" sizes=\"auto, (max-width: 300px) 100vw, 300px\" \/><\/a><\/p>\n<p style=\"text-align: center;\"><a href=\"http:\/\/victoria-rad.de\/wp-content\/uploads\/2022\/08\/20220806_121444-scaled.jpg\"><img loading=\"lazy\" decoding=\"async\" class=\"aligncenter wp-image-12555 size-medium\" src=\"http:\/\/victoria-rad.de\/wp-content\/uploads\/2022\/08\/20220806_121444-135x300.jpg\" alt=\"\" width=\"135\" height=\"300\" srcset=\"http:\/\/victoria-rad.de\/wp-content\/uploads\/2022\/08\/20220806_121444-135x300.jpg 135w, http:\/\/victoria-rad.de\/wp-content\/uploads\/2022\/08\/20220806_121444-461x1024.jpg 461w, http:\/\/victoria-rad.de\/wp-content\/uploads\/2022\/08\/20220806_121444-68x150.jpg 68w, http:\/\/victoria-rad.de\/wp-content\/uploads\/2022\/08\/20220806_121444-768x1707.jpg 768w, http:\/\/victoria-rad.de\/wp-content\/uploads\/2022\/08\/20220806_121444-691x1536.jpg 691w, http:\/\/victoria-rad.de\/wp-content\/uploads\/2022\/08\/20220806_121444-922x2048.jpg 922w, http:\/\/victoria-rad.de\/wp-content\/uploads\/2022\/08\/20220806_121444-scaled.jpg 1152w\" sizes=\"auto, (max-width: 135px) 100vw, 135px\" \/><\/a>Mein Freund &#8222;Matze&#8220; mit seiner Angelika&#8230;<\/p>\n<p><a href=\"http:\/\/victoria-rad.de\/wp-content\/uploads\/2022\/08\/20220806_122204-scaled.jpg\"><img loading=\"lazy\" decoding=\"async\" class=\"aligncenter wp-image-12556 size-medium\" src=\"http:\/\/victoria-rad.de\/wp-content\/uploads\/2022\/08\/20220806_122204-300x135.jpg\" alt=\"\" width=\"300\" height=\"135\" srcset=\"http:\/\/victoria-rad.de\/wp-content\/uploads\/2022\/08\/20220806_122204-300x135.jpg 300w, http:\/\/victoria-rad.de\/wp-content\/uploads\/2022\/08\/20220806_122204-1024x461.jpg 1024w, http:\/\/victoria-rad.de\/wp-content\/uploads\/2022\/08\/20220806_122204-150x68.jpg 150w, http:\/\/victoria-rad.de\/wp-content\/uploads\/2022\/08\/20220806_122204-768x346.jpg 768w, http:\/\/victoria-rad.de\/wp-content\/uploads\/2022\/08\/20220806_122204-1536x691.jpg 1536w, http:\/\/victoria-rad.de\/wp-content\/uploads\/2022\/08\/20220806_122204-2048x922.jpg 2048w\" sizes=\"auto, (max-width: 300px) 100vw, 300px\" \/><\/a><\/p>\n<p style=\"text-align: center;\"><a href=\"http:\/\/victoria-rad.de\/wp-content\/uploads\/2022\/08\/20220806_122624-scaled.jpg\"><img loading=\"lazy\" decoding=\"async\" class=\"aligncenter wp-image-12557 size-medium\" src=\"http:\/\/victoria-rad.de\/wp-content\/uploads\/2022\/08\/20220806_122624-300x135.jpg\" alt=\"\" width=\"300\" height=\"135\" srcset=\"http:\/\/victoria-rad.de\/wp-content\/uploads\/2022\/08\/20220806_122624-300x135.jpg 300w, http:\/\/victoria-rad.de\/wp-content\/uploads\/2022\/08\/20220806_122624-1024x461.jpg 1024w, http:\/\/victoria-rad.de\/wp-content\/uploads\/2022\/08\/20220806_122624-150x68.jpg 150w, http:\/\/victoria-rad.de\/wp-content\/uploads\/2022\/08\/20220806_122624-768x346.jpg 768w, http:\/\/victoria-rad.de\/wp-content\/uploads\/2022\/08\/20220806_122624-1536x691.jpg 1536w, http:\/\/victoria-rad.de\/wp-content\/uploads\/2022\/08\/20220806_122624-2048x922.jpg 2048w\" sizes=\"auto, (max-width: 300px) 100vw, 300px\" \/><\/a>Tolle und seltene KR 6 mit Stecktank Bj. 1927&#8230;<a href=\"http:\/\/victoria-rad.de\/wp-content\/uploads\/2022\/08\/20220806_124037-scaled.jpg\"><img loading=\"lazy\" decoding=\"async\" class=\"alignnone wp-image-12558 size-medium\" src=\"http:\/\/victoria-rad.de\/wp-content\/uploads\/2022\/08\/20220806_124037-300x135.jpg\" alt=\"\" width=\"300\" height=\"135\" srcset=\"http:\/\/victoria-rad.de\/wp-content\/uploads\/2022\/08\/20220806_124037-300x135.jpg 300w, http:\/\/victoria-rad.de\/wp-content\/uploads\/2022\/08\/20220806_124037-1024x461.jpg 1024w, http:\/\/victoria-rad.de\/wp-content\/uploads\/2022\/08\/20220806_124037-150x68.jpg 150w, http:\/\/victoria-rad.de\/wp-content\/uploads\/2022\/08\/20220806_124037-768x346.jpg 768w, http:\/\/victoria-rad.de\/wp-content\/uploads\/2022\/08\/20220806_124037-1536x691.jpg 1536w, http:\/\/victoria-rad.de\/wp-content\/uploads\/2022\/08\/20220806_124037-2048x922.jpg 2048w\" sizes=\"auto, (max-width: 300px) 100vw, 300px\" \/><\/a><\/p>\n<p><em><strong>Nat\u00fcrlich die Victoria-Treffen-Ausrichter f\u00fcr das n\u00e4chste Jahr 2023 in Gro\u00dfgmain\/Salzburg &#8211; \u00d6sterreich &#8211; n\u00e4chstes Jahr:<\/strong><\/em><\/p>\n<p><a href=\"http:\/\/victoria-rad.de\/wp-content\/uploads\/2022\/08\/20220806_115230-scaled.jpg\"><img loading=\"lazy\" decoding=\"async\" class=\"aligncenter wp-image-12559 size-medium\" src=\"http:\/\/victoria-rad.de\/wp-content\/uploads\/2022\/08\/20220806_115230-300x135.jpg\" alt=\"\" width=\"300\" height=\"135\" srcset=\"http:\/\/victoria-rad.de\/wp-content\/uploads\/2022\/08\/20220806_115230-300x135.jpg 300w, http:\/\/victoria-rad.de\/wp-content\/uploads\/2022\/08\/20220806_115230-1024x461.jpg 1024w, http:\/\/victoria-rad.de\/wp-content\/uploads\/2022\/08\/20220806_115230-150x68.jpg 150w, http:\/\/victoria-rad.de\/wp-content\/uploads\/2022\/08\/20220806_115230-768x346.jpg 768w, http:\/\/victoria-rad.de\/wp-content\/uploads\/2022\/08\/20220806_115230-1536x691.jpg 1536w, http:\/\/victoria-rad.de\/wp-content\/uploads\/2022\/08\/20220806_115230-2048x922.jpg 2048w\" sizes=\"auto, (max-width: 300px) 100vw, 300px\" \/><\/a><\/p>\n<p>Nach einer direkten R\u00fcckfahrt von Weimar zur Stiefelburg war das Ausrichter-Team Dietmar und Bernhard froh, dass alles Unfallfrei abgelaufen ist&#8230;<\/p>\n<p>Hier kommen sie in der Stiefelburg wieder an:<\/p>\n<div style=\"width: 660px;\" class=\"wp-video\"><video class=\"wp-video-shortcode\" id=\"video-12543-2\" width=\"660\" height=\"371\" preload=\"metadata\" controls=\"controls\"><source type=\"video\/mp4\" src=\"http:\/\/victoria-rad.de\/wp-content\/uploads\/2022\/08\/Film-35.mp4?_=2\" \/><a href=\"http:\/\/victoria-rad.de\/wp-content\/uploads\/2022\/08\/Film-35.mp4\">http:\/\/victoria-rad.de\/wp-content\/uploads\/2022\/08\/Film-35.mp4<\/a><\/video><\/div>\n<p style=\"text-align: center;\">Video in gek\u00fcrzter Fassung&#8230;<\/p>\n<p><strong>Der anschlie\u00dfende Teilemarkt ist eher in ruhiger Atmosph\u00e4re abgelaufen&#8230;<\/strong><\/p>\n<p>A<em><strong>ls letzter H\u00f6hepunkt, bevor das der gem\u00fctliche Abend mit vielen Gespr\u00e4chen bevor stand, gab es noch eine kleine Pokal-Verleihung, &#8211; und nat\u00fcrlich die Vorstellung zum n\u00e4chsten Victoria-Treffen in 2023 in Gro\u00dfgmain bei Salzburg in \u00d6sterreich, aber seht selbst:<\/strong><\/em><\/p>\n<div style=\"width: 426px;\" class=\"wp-video\"><video class=\"wp-video-shortcode\" id=\"video-12543-3\" width=\"426\" height=\"240\" preload=\"metadata\" controls=\"controls\"><source type=\"video\/mp4\" src=\"http:\/\/victoria-rad.de\/wp-content\/uploads\/2022\/08\/Film-4.mp4?_=3\" \/><a href=\"http:\/\/victoria-rad.de\/wp-content\/uploads\/2022\/08\/Film-4.mp4\">http:\/\/victoria-rad.de\/wp-content\/uploads\/2022\/08\/Film-4.mp4<\/a><\/video><\/div>\n<p style=\"text-align: center;\"><strong>Bis n\u00e4chstes Jahr in \u00d6sterreich bei Roman und Rupert&#8230;<\/strong><\/p>\n<p style=\"text-align: center;\"><strong>GLORIA &#8211; VICTORIA<\/strong><\/p>\n<p><img loading=\"lazy\" decoding=\"async\" class=\"alignnone size-medium wp-image-12004 aligncenter\" src=\"http:\/\/victoria-rad.de\/wp-content\/uploads\/2022\/02\/58-1-300x14.png\" alt=\"\" width=\"300\" height=\"14\" srcset=\"http:\/\/victoria-rad.de\/wp-content\/uploads\/2022\/02\/58-1-300x14.png 300w, http:\/\/victoria-rad.de\/wp-content\/uploads\/2022\/02\/58-1-150x7.png 150w, http:\/\/victoria-rad.de\/wp-content\/uploads\/2022\/02\/58-1.png 501w\" sizes=\"auto, (max-width: 300px) 100vw, 300px\" \/><\/p>\n","protected":false},"excerpt":{"rendered":"<p>Hier m\u00f6chte ich Euch noch einige Bilder, Videos und nat\u00fcrlich weitere Eindr\u00fccke vom Victoria-Treffen von Weimar zeigen: Vom Donnerstag: Er\u00f6ffnung: Hier die traditionelle Er\u00f6ffnung am Freitag Abend durch Edgar (Vorsitzender der IG mit den Ausrichtern\u00a0 des Treffens Dietmar und Bernhard an der &#8222;Siefelburg&#8220;&#8230; Noch einige Bilder vorm Start zur Ausfahrt mit ca. 70 Victoria &#8211; &hellip; <a href=\"http:\/\/victoria-rad.de\/?p=12543\" class=\"more-link\"><span class=\"screen-reader-text\">Victoria &#8211; Treffen &#8211; ein Erfolg&#8230; hier noch einige Bilder&#8230;<\/span> weiterlesen<\/a><\/p>\n","protected":false},"author":1,"featured_media":0,"comment_status":"open","ping_status":"open","sticky":false,"template":"","format":"standard","meta":{"footnotes":""},"categories":[1],"tags":[],"class_list":["post-12543","post","type-post","status-publish","format-standard","hentry","category-uncategorized"],"_links":{"self":[{"href":"http:\/\/victoria-rad.de\/index.php?rest_route=\/wp\/v2\/posts\/12543","targetHints":{"allow":["GET"]}}],"collection":[{"href":"http:\/\/victoria-rad.de\/index.php?rest_route=\/wp\/v2\/posts"}],"about":[{"href":"http:\/\/victoria-rad.de\/index.php?rest_route=\/wp\/v2\/types\/post"}],"author":[{"embeddable":true,"href":"http:\/\/victoria-rad.de\/index.php?rest_route=\/wp\/v2\/users\/1"}],"replies":[{"embeddable":true,"href":"http:\/\/victoria-rad.de\/index.php?rest_route=%2Fwp%2Fv2%2Fcomments&post=12543"}],"version-history":[{"count":4,"href":"http:\/\/victoria-rad.de\/index.php?rest_route=\/wp\/v2\/posts\/12543\/revisions"}],"predecessor-version":[{"id":12565,"href":"http:\/\/victoria-rad.de\/index.php?rest_route=\/wp\/v2\/posts\/12543\/revisions\/12565"}],"wp:attachment":[{"href":"http:\/\/victoria-rad.de\/index.php?rest_route=%2Fwp%2Fv2%2Fmedia&parent=12543"}],"wp:term":[{"taxonomy":"category","embeddable":true,"href":"http:\/\/victoria-rad.de\/index.php?rest_route=%2Fwp%2Fv2%2Fcategories&post=12543"},{"taxonomy":"post_tag","embeddable":true,"href":"http:\/\/victoria-rad.de\/index.php?rest_route=%2Fwp%2Fv2%2Ftags&post=12543"}],"curies":[{"name":"wp","href":"https:\/\/api.w.org\/{rel}","templated":true}]}}