{"id":15585,"date":"2024-03-29T09:33:07","date_gmt":"2024-03-29T08:33:07","guid":{"rendered":"http:\/\/victoria-rad.de\/?p=15585"},"modified":"2024-03-29T09:33:07","modified_gmt":"2024-03-29T08:33:07","slug":"fortsetzung-renngeschichte-am-sachsenring","status":"publish","type":"post","link":"http:\/\/victoria-rad.de\/?p=15585","title":{"rendered":"Fortsetzung &#8211; Renngeschichte am &#8222;Sachsenring&#8220;&#8230;"},"content":{"rendered":"<p style=\"text-align: center;\"><em><strong>Allen Freunden und Besuchern meiner Webseite ein sch\u00f6nes und ertragreiches Osterfest&#8230;<\/strong><\/em><\/p>\n<p><img loading=\"lazy\" decoding=\"async\" class=\"aligncenter wp-image-15746 size-full\" src=\"http:\/\/victoria-rad.de\/wp-content\/uploads\/2024\/03\/osterhase_www-clipart-kiste-de_053.gif\" alt=\"\" width=\"151\" height=\"217\" \/><\/p>\n<p style=\"text-align: center;\"><strong>Liebe Freunde des Rennsports am &#8222;Sachsenring&#8220; im s\u00e4chsischen Hohenstein-Ernstthal&#8230; In Fortsetzung des letzten Beitrages -Victoria am &#8222;Sachsenring&#8220;- m\u00f6chte ich gerne noch die Geschichte der ersten Rennwagen im Jahr 1949 nach dem ersten Weltkrieg pr\u00e4sentieren und welcher Zusammenhang damit besteht.\u00a0<\/strong><\/p>\n<p><strong>Die ersten Rennwagen der damaligen DDR wurden, wie im voran gegangenen Beitrag bereits gezeigt, aus DKW F8 Fahrgestellen mit Rennkarossen versehen:<\/strong><\/p>\n<p><a href=\"http:\/\/victoria-rad.de\/wp-content\/uploads\/2024\/02\/15-scaled.jpg\"><img loading=\"lazy\" decoding=\"async\" class=\"aligncenter wp-image-15565 size-medium\" src=\"http:\/\/victoria-rad.de\/wp-content\/uploads\/2024\/02\/15-300x205.jpg\" sizes=\"auto, (max-width: 300px) 100vw, 300px\" srcset=\"http:\/\/victoria-rad.de\/wp-content\/uploads\/2024\/02\/15-300x205.jpg 300w, http:\/\/victoria-rad.de\/wp-content\/uploads\/2024\/02\/15-1024x699.jpg 1024w, http:\/\/victoria-rad.de\/wp-content\/uploads\/2024\/02\/15-150x102.jpg 150w, http:\/\/victoria-rad.de\/wp-content\/uploads\/2024\/02\/15-768x524.jpg 768w, http:\/\/victoria-rad.de\/wp-content\/uploads\/2024\/02\/15-1536x1048.jpg 1536w, http:\/\/victoria-rad.de\/wp-content\/uploads\/2024\/02\/15-2048x1397.jpg 2048w\" alt=\"\" width=\"300\" height=\"205\" \/><\/a>Das waren sie, die DKW R8 Rennwagen aus umgebauten DKW F8 Fahrgestellen\u2026<\/p>\n<p style=\"text-align: center;\"><a href=\"http:\/\/victoria-rad.de\/wp-content\/uploads\/2024\/02\/16-scaled.jpg\"><img loading=\"lazy\" decoding=\"async\" class=\"aligncenter wp-image-15566 size-medium\" src=\"http:\/\/victoria-rad.de\/wp-content\/uploads\/2024\/02\/16-300x210.jpg\" sizes=\"auto, (max-width: 300px) 100vw, 300px\" srcset=\"http:\/\/victoria-rad.de\/wp-content\/uploads\/2024\/02\/16-300x210.jpg 300w, http:\/\/victoria-rad.de\/wp-content\/uploads\/2024\/02\/16-1024x717.jpg 1024w, http:\/\/victoria-rad.de\/wp-content\/uploads\/2024\/02\/16-150x105.jpg 150w, http:\/\/victoria-rad.de\/wp-content\/uploads\/2024\/02\/16-768x538.jpg 768w, http:\/\/victoria-rad.de\/wp-content\/uploads\/2024\/02\/16-1536x1076.jpg 1536w, http:\/\/victoria-rad.de\/wp-content\/uploads\/2024\/02\/16-2048x1435.jpg 2048w\" alt=\"\" width=\"300\" height=\"210\" \/><\/a>Hier im Zweier-Pack auf der Pflaster-Strecke in Hohenstein-Ernstthal\u2026<\/p>\n<p style=\"text-align: center;\"><a href=\"http:\/\/victoria-rad.de\/wp-content\/uploads\/2024\/02\/17-scaled.jpg\"><img loading=\"lazy\" decoding=\"async\" class=\"aligncenter wp-image-15567 size-medium\" src=\"http:\/\/victoria-rad.de\/wp-content\/uploads\/2024\/02\/17-300x208.jpg\" sizes=\"auto, (max-width: 300px) 100vw, 300px\" srcset=\"http:\/\/victoria-rad.de\/wp-content\/uploads\/2024\/02\/17-300x208.jpg 300w, http:\/\/victoria-rad.de\/wp-content\/uploads\/2024\/02\/17-1024x710.jpg 1024w, http:\/\/victoria-rad.de\/wp-content\/uploads\/2024\/02\/17-150x104.jpg 150w, http:\/\/victoria-rad.de\/wp-content\/uploads\/2024\/02\/17-768x532.jpg 768w, http:\/\/victoria-rad.de\/wp-content\/uploads\/2024\/02\/17-1536x1064.jpg 1536w, http:\/\/victoria-rad.de\/wp-content\/uploads\/2024\/02\/17-2048x1419.jpg 2048w\" alt=\"\" width=\"300\" height=\"208\" \/><\/a>Schnittig in der hinteren Ansicht\u2026<\/p>\n<p style=\"text-align: center;\"><a href=\"http:\/\/victoria-rad.de\/wp-content\/uploads\/2024\/02\/19-scaled.jpg\"><img loading=\"lazy\" decoding=\"async\" class=\"aligncenter wp-image-15568 size-medium\" src=\"http:\/\/victoria-rad.de\/wp-content\/uploads\/2024\/02\/19-300x208.jpg\" sizes=\"auto, (max-width: 300px) 100vw, 300px\" srcset=\"http:\/\/victoria-rad.de\/wp-content\/uploads\/2024\/02\/19-300x208.jpg 300w, http:\/\/victoria-rad.de\/wp-content\/uploads\/2024\/02\/19-1024x711.jpg 1024w, http:\/\/victoria-rad.de\/wp-content\/uploads\/2024\/02\/19-150x104.jpg 150w, http:\/\/victoria-rad.de\/wp-content\/uploads\/2024\/02\/19-768x533.jpg 768w, http:\/\/victoria-rad.de\/wp-content\/uploads\/2024\/02\/19-1536x1066.jpg 1536w, http:\/\/victoria-rad.de\/wp-content\/uploads\/2024\/02\/19-2048x1421.jpg 2048w\" alt=\"\" width=\"300\" height=\"208\" \/><\/a>Die Nr.: 26 mit Erbauer Erich Stritzl aus Zwickau\u2026<\/p>\n<p style=\"text-align: center;\"><a href=\"http:\/\/victoria-rad.de\/wp-content\/uploads\/2024\/02\/18-scaled.jpg\"><img loading=\"lazy\" decoding=\"async\" class=\"aligncenter wp-image-15569 size-medium\" src=\"http:\/\/victoria-rad.de\/wp-content\/uploads\/2024\/02\/18-300x196.jpg\" sizes=\"auto, (max-width: 300px) 100vw, 300px\" srcset=\"http:\/\/victoria-rad.de\/wp-content\/uploads\/2024\/02\/18-300x196.jpg 300w, http:\/\/victoria-rad.de\/wp-content\/uploads\/2024\/02\/18-1024x669.jpg 1024w, http:\/\/victoria-rad.de\/wp-content\/uploads\/2024\/02\/18-150x98.jpg 150w, http:\/\/victoria-rad.de\/wp-content\/uploads\/2024\/02\/18-768x502.jpg 768w, http:\/\/victoria-rad.de\/wp-content\/uploads\/2024\/02\/18-1536x1003.jpg 1536w, http:\/\/victoria-rad.de\/wp-content\/uploads\/2024\/02\/18-2048x1337.jpg 2048w\" alt=\"\" width=\"300\" height=\"196\" \/><\/a>Die Nr.: 27 \u2013 bei der Siegerehrung\u2026<\/p>\n<p><em><strong>Anfang der Neunziger Jahre wurden in einer Oldtimer-Werkstatt in Chemnitz, zu DDR-Zeiten \u2013 \u201eKarl-Marx-Stadt\u201c, drei dieser Rennwagen aus den Best\u00e4nden von Erich Stritzl aus Zwickau wieder zum Leben erweckt und in fahrbaren Zustand hergestellt. Es gab die Farben, wie damals in rot, gelb und blau, ein damals in gr\u00fcn hergestellter, sollte noch gebaut werden\u2026<\/strong><\/em><\/p>\n<p><strong>Laut Pr\u00fcf-Protokoll auf dem T\u00dcV \u2013 Pr\u00fcfstand ergab es sich eine Leistung von sage und schreibe &#8211; 30 PS Leistung- mit 140 Km\/h\u2026<\/strong><\/p>\n<p>Motoren-Pr\u00fcf-Protokoll:<\/p>\n<p><a href=\"http:\/\/victoria-rad.de\/wp-content\/uploads\/2024\/03\/IMG_20240322_0001-scaled.jpg\"><img loading=\"lazy\" decoding=\"async\" class=\"aligncenter wp-image-15692 size-medium\" src=\"http:\/\/victoria-rad.de\/wp-content\/uploads\/2024\/03\/IMG_20240322_0001-210x300.jpg\" alt=\"\" width=\"210\" height=\"300\" srcset=\"http:\/\/victoria-rad.de\/wp-content\/uploads\/2024\/03\/IMG_20240322_0001-210x300.jpg 210w, http:\/\/victoria-rad.de\/wp-content\/uploads\/2024\/03\/IMG_20240322_0001-717x1024.jpg 717w, http:\/\/victoria-rad.de\/wp-content\/uploads\/2024\/03\/IMG_20240322_0001-105x150.jpg 105w, http:\/\/victoria-rad.de\/wp-content\/uploads\/2024\/03\/IMG_20240322_0001-768x1097.jpg 768w, http:\/\/victoria-rad.de\/wp-content\/uploads\/2024\/03\/IMG_20240322_0001-1076x1536.jpg 1076w, http:\/\/victoria-rad.de\/wp-content\/uploads\/2024\/03\/IMG_20240322_0001-1434x2048.jpg 1434w, http:\/\/victoria-rad.de\/wp-content\/uploads\/2024\/03\/IMG_20240322_0001-scaled.jpg 1793w\" sizes=\"auto, (max-width: 210px) 100vw, 210px\" \/><\/a><\/p>\n<p><strong>Ich besitze diesen roten DKW nun mittlerweile seit 30 Jahren und er hat mich noch nie im Stich gelassen, geschweige eine gr\u00f6\u00dfere Reparatur \u2013 stand im Laufe dieser Zeit \u2013 an\u2026<\/strong><\/p>\n<p><strong>Hier der \u201eRote und der Gelbe&#8220; im Museum \u2013 Chemnitz:<\/strong><\/p>\n<p><a href=\"http:\/\/victoria-rad.de\/wp-content\/uploads\/2024\/02\/IMG-20240220-WA0000.jpg\"><img loading=\"lazy\" decoding=\"async\" class=\"aligncenter wp-image-15578 size-medium\" src=\"http:\/\/victoria-rad.de\/wp-content\/uploads\/2024\/02\/IMG-20240220-WA0000-300x169.jpg\" sizes=\"auto, (max-width: 300px) 100vw, 300px\" srcset=\"http:\/\/victoria-rad.de\/wp-content\/uploads\/2024\/02\/IMG-20240220-WA0000-300x169.jpg 300w, http:\/\/victoria-rad.de\/wp-content\/uploads\/2024\/02\/IMG-20240220-WA0000-1024x576.jpg 1024w, http:\/\/victoria-rad.de\/wp-content\/uploads\/2024\/02\/IMG-20240220-WA0000-150x84.jpg 150w, http:\/\/victoria-rad.de\/wp-content\/uploads\/2024\/02\/IMG-20240220-WA0000-768x432.jpg 768w, http:\/\/victoria-rad.de\/wp-content\/uploads\/2024\/02\/IMG-20240220-WA0000.jpg 1328w\" alt=\"\" width=\"300\" height=\"169\" \/><\/a><\/p>\n<p><strong>Bilder vom \u201eroten DKW R8\u201c:<\/strong><\/p>\n<p style=\"text-align: center;\"><a href=\"http:\/\/victoria-rad.de\/wp-content\/uploads\/2024\/02\/13-DKW-Rennwagen-scaled.jpg\"><img loading=\"lazy\" decoding=\"async\" class=\"aligncenter wp-image-15570 size-medium\" src=\"http:\/\/victoria-rad.de\/wp-content\/uploads\/2024\/02\/13-DKW-Rennwagen-200x300.jpg\" sizes=\"auto, (max-width: 200px) 100vw, 200px\" srcset=\"http:\/\/victoria-rad.de\/wp-content\/uploads\/2024\/02\/13-DKW-Rennwagen-200x300.jpg 200w, http:\/\/victoria-rad.de\/wp-content\/uploads\/2024\/02\/13-DKW-Rennwagen-682x1024.jpg 682w, http:\/\/victoria-rad.de\/wp-content\/uploads\/2024\/02\/13-DKW-Rennwagen-100x150.jpg 100w, http:\/\/victoria-rad.de\/wp-content\/uploads\/2024\/02\/13-DKW-Rennwagen-768x1154.jpg 768w, http:\/\/victoria-rad.de\/wp-content\/uploads\/2024\/02\/13-DKW-Rennwagen-1023x1536.jpg 1023w, http:\/\/victoria-rad.de\/wp-content\/uploads\/2024\/02\/13-DKW-Rennwagen-1364x2048.jpg 1364w, http:\/\/victoria-rad.de\/wp-content\/uploads\/2024\/02\/13-DKW-Rennwagen-scaled.jpg 1704w\" alt=\"\" width=\"200\" height=\"300\" \/><\/a>Vorteilhaft \u2013 der \u201eZweisitzer\u201c\u2026<\/p>\n<p><em><strong>Rallye \u201eTazio Nuvolari\u201c nach dem ber\u00fchmten italienischen Rennfahrer in Italien, durch die Traditionsabteilung von \u201eAudi\u201c veranstaltet:<\/strong><\/em><\/p>\n<p><a href=\"http:\/\/victoria-rad.de\/wp-content\/uploads\/2024\/02\/205.jpg\"><img loading=\"lazy\" decoding=\"async\" class=\"aligncenter wp-image-15575 size-medium\" src=\"http:\/\/victoria-rad.de\/wp-content\/uploads\/2024\/02\/205-202x300.jpg\" sizes=\"auto, (max-width: 202px) 100vw, 202px\" srcset=\"http:\/\/victoria-rad.de\/wp-content\/uploads\/2024\/02\/205-202x300.jpg 202w, http:\/\/victoria-rad.de\/wp-content\/uploads\/2024\/02\/205-691x1024.jpg 691w, http:\/\/victoria-rad.de\/wp-content\/uploads\/2024\/02\/205-101x150.jpg 101w, http:\/\/victoria-rad.de\/wp-content\/uploads\/2024\/02\/205-768x1138.jpg 768w, http:\/\/victoria-rad.de\/wp-content\/uploads\/2024\/02\/205.jpg 1020w\" alt=\"\" width=\"202\" height=\"300\" \/><\/a><\/p>\n<p style=\"text-align: center;\"><a href=\"http:\/\/victoria-rad.de\/wp-content\/uploads\/2024\/02\/20-scaled.jpg\"><img loading=\"lazy\" decoding=\"async\" class=\"aligncenter wp-image-15571 size-medium\" src=\"http:\/\/victoria-rad.de\/wp-content\/uploads\/2024\/02\/20-300x221.jpg\" sizes=\"auto, (max-width: 300px) 100vw, 300px\" srcset=\"http:\/\/victoria-rad.de\/wp-content\/uploads\/2024\/02\/20-300x221.jpg 300w, http:\/\/victoria-rad.de\/wp-content\/uploads\/2024\/02\/20-1024x755.jpg 1024w, http:\/\/victoria-rad.de\/wp-content\/uploads\/2024\/02\/20-150x111.jpg 150w, http:\/\/victoria-rad.de\/wp-content\/uploads\/2024\/02\/20-768x566.jpg 768w, http:\/\/victoria-rad.de\/wp-content\/uploads\/2024\/02\/20-1536x1132.jpg 1536w, http:\/\/victoria-rad.de\/wp-content\/uploads\/2024\/02\/20-2048x1509.jpg 2048w\" alt=\"\" width=\"300\" height=\"221\" \/><\/a>Von Breccia durch die Toscana\u2026<\/p>\n<p><a href=\"http:\/\/victoria-rad.de\/wp-content\/uploads\/2024\/02\/21-scaled.jpg\"><img loading=\"lazy\" decoding=\"async\" class=\"aligncenter wp-image-15572 size-medium\" src=\"http:\/\/victoria-rad.de\/wp-content\/uploads\/2024\/02\/21-204x300.jpg\" sizes=\"auto, (max-width: 204px) 100vw, 204px\" srcset=\"http:\/\/victoria-rad.de\/wp-content\/uploads\/2024\/02\/21-204x300.jpg 204w, http:\/\/victoria-rad.de\/wp-content\/uploads\/2024\/02\/21-696x1024.jpg 696w, http:\/\/victoria-rad.de\/wp-content\/uploads\/2024\/02\/21-102x150.jpg 102w, http:\/\/victoria-rad.de\/wp-content\/uploads\/2024\/02\/21-768x1129.jpg 768w, http:\/\/victoria-rad.de\/wp-content\/uploads\/2024\/02\/21-1045x1536.jpg 1045w, http:\/\/victoria-rad.de\/wp-content\/uploads\/2024\/02\/21-1393x2048.jpg 1393w, http:\/\/victoria-rad.de\/wp-content\/uploads\/2024\/02\/21-scaled.jpg 1741w\" alt=\"\" width=\"204\" height=\"300\" \/><\/a><\/p>\n<p><a href=\"http:\/\/victoria-rad.de\/wp-content\/uploads\/2024\/02\/IMG_20150208_0008-scaled.jpg\"><img loading=\"lazy\" decoding=\"async\" class=\"aligncenter wp-image-15577 size-medium\" src=\"http:\/\/victoria-rad.de\/wp-content\/uploads\/2024\/02\/IMG_20150208_0008-300x221.jpg\" sizes=\"auto, (max-width: 300px) 100vw, 300px\" srcset=\"http:\/\/victoria-rad.de\/wp-content\/uploads\/2024\/02\/IMG_20150208_0008-300x221.jpg 300w, http:\/\/victoria-rad.de\/wp-content\/uploads\/2024\/02\/IMG_20150208_0008-1024x754.jpg 1024w, http:\/\/victoria-rad.de\/wp-content\/uploads\/2024\/02\/IMG_20150208_0008-150x110.jpg 150w, http:\/\/victoria-rad.de\/wp-content\/uploads\/2024\/02\/IMG_20150208_0008-768x566.jpg 768w, http:\/\/victoria-rad.de\/wp-content\/uploads\/2024\/02\/IMG_20150208_0008-1536x1131.jpg 1536w, http:\/\/victoria-rad.de\/wp-content\/uploads\/2024\/02\/IMG_20150208_0008-2048x1508.jpg 2048w\" alt=\"\" width=\"300\" height=\"221\" \/><\/a><\/p>\n<p style=\"text-align: center;\"><a href=\"http:\/\/victoria-rad.de\/wp-content\/uploads\/2024\/02\/IMG_20150208_0022-scaled.jpg\"><img loading=\"lazy\" decoding=\"async\" class=\"aligncenter wp-image-15576 size-medium\" src=\"http:\/\/victoria-rad.de\/wp-content\/uploads\/2024\/02\/IMG_20150208_0022-300x188.jpg\" sizes=\"auto, (max-width: 300px) 100vw, 300px\" srcset=\"http:\/\/victoria-rad.de\/wp-content\/uploads\/2024\/02\/IMG_20150208_0022-300x188.jpg 300w, http:\/\/victoria-rad.de\/wp-content\/uploads\/2024\/02\/IMG_20150208_0022-1024x642.jpg 1024w, http:\/\/victoria-rad.de\/wp-content\/uploads\/2024\/02\/IMG_20150208_0022-150x94.jpg 150w, http:\/\/victoria-rad.de\/wp-content\/uploads\/2024\/02\/IMG_20150208_0022-768x481.jpg 768w, http:\/\/victoria-rad.de\/wp-content\/uploads\/2024\/02\/IMG_20150208_0022-1536x963.jpg 1536w, http:\/\/victoria-rad.de\/wp-content\/uploads\/2024\/02\/IMG_20150208_0022-2048x1284.jpg 2048w\" alt=\"\" width=\"300\" height=\"188\" \/>k<\/a>urz vor Florenz\u2026<a href=\"http:\/\/victoria-rad.de\/wp-content\/uploads\/2024\/02\/IMG_20200310_0019.jpg\"><img loading=\"lazy\" decoding=\"async\" class=\"aligncenter wp-image-15573 size-medium\" src=\"http:\/\/victoria-rad.de\/wp-content\/uploads\/2024\/02\/IMG_20200310_0019-300x208.jpg\" sizes=\"auto, (max-width: 300px) 100vw, 300px\" srcset=\"http:\/\/victoria-rad.de\/wp-content\/uploads\/2024\/02\/IMG_20200310_0019-300x208.jpg 300w, http:\/\/victoria-rad.de\/wp-content\/uploads\/2024\/02\/IMG_20200310_0019-1024x711.jpg 1024w, http:\/\/victoria-rad.de\/wp-content\/uploads\/2024\/02\/IMG_20200310_0019-150x104.jpg 150w, http:\/\/victoria-rad.de\/wp-content\/uploads\/2024\/02\/IMG_20200310_0019-768x534.jpg 768w, http:\/\/victoria-rad.de\/wp-content\/uploads\/2024\/02\/IMG_20200310_0019.jpg 1468w\" alt=\"\" width=\"300\" height=\"208\" \/><\/a>Wieder In Breccia \u2013 \u00fcber Florenz &#8211; Pisa &#8211; Rimini \u2026<\/p>\n<p><strong>Ein H\u00f6hepunkt war das &#8222;Donau-Ring-Revival&#8220; in Ingolstadt am 8\/9. Mai 1999:<\/strong><\/p>\n<p><a href=\"http:\/\/victoria-rad.de\/wp-content\/uploads\/2024\/03\/IMG_20240322_0002-scaled.jpg\"><img loading=\"lazy\" decoding=\"async\" class=\"aligncenter wp-image-15693 size-medium\" src=\"http:\/\/victoria-rad.de\/wp-content\/uploads\/2024\/03\/IMG_20240322_0002-220x300.jpg\" alt=\"\" width=\"220\" height=\"300\" srcset=\"http:\/\/victoria-rad.de\/wp-content\/uploads\/2024\/03\/IMG_20240322_0002-220x300.jpg 220w, http:\/\/victoria-rad.de\/wp-content\/uploads\/2024\/03\/IMG_20240322_0002-750x1024.jpg 750w, http:\/\/victoria-rad.de\/wp-content\/uploads\/2024\/03\/IMG_20240322_0002-110x150.jpg 110w, http:\/\/victoria-rad.de\/wp-content\/uploads\/2024\/03\/IMG_20240322_0002-768x1049.jpg 768w, http:\/\/victoria-rad.de\/wp-content\/uploads\/2024\/03\/IMG_20240322_0002-1125x1536.jpg 1125w, http:\/\/victoria-rad.de\/wp-content\/uploads\/2024\/03\/IMG_20240322_0002-1500x2048.jpg 1500w, http:\/\/victoria-rad.de\/wp-content\/uploads\/2024\/03\/IMG_20240322_0002-scaled.jpg 1875w\" sizes=\"auto, (max-width: 220px) 100vw, 220px\" \/><\/a><\/p>\n<p><a href=\"http:\/\/victoria-rad.de\/wp-content\/uploads\/2024\/03\/IMG_20240322_0006-scaled.jpg\"><img loading=\"lazy\" decoding=\"async\" class=\"aligncenter wp-image-15694 size-medium\" src=\"http:\/\/victoria-rad.de\/wp-content\/uploads\/2024\/03\/IMG_20240322_0006-215x300.jpg\" alt=\"\" width=\"215\" height=\"300\" srcset=\"http:\/\/victoria-rad.de\/wp-content\/uploads\/2024\/03\/IMG_20240322_0006-215x300.jpg 215w, http:\/\/victoria-rad.de\/wp-content\/uploads\/2024\/03\/IMG_20240322_0006-735x1024.jpg 735w, http:\/\/victoria-rad.de\/wp-content\/uploads\/2024\/03\/IMG_20240322_0006-108x150.jpg 108w, http:\/\/victoria-rad.de\/wp-content\/uploads\/2024\/03\/IMG_20240322_0006-768x1070.jpg 768w, http:\/\/victoria-rad.de\/wp-content\/uploads\/2024\/03\/IMG_20240322_0006-1103x1536.jpg 1103w, http:\/\/victoria-rad.de\/wp-content\/uploads\/2024\/03\/IMG_20240322_0006-1471x2048.jpg 1471w, http:\/\/victoria-rad.de\/wp-content\/uploads\/2024\/03\/IMG_20240322_0006-scaled.jpg 1838w\" sizes=\"auto, (max-width: 215px) 100vw, 215px\" \/><\/a><strong>Da hatte ich die Gelegenheit mit dem folgenden legend\u00e4ren Rennwagen gemeinsam auf das Schau &#8211; Rennen zu gehen:<\/strong><\/p>\n<p><a href=\"http:\/\/victoria-rad.de\/wp-content\/uploads\/2024\/03\/IMG_20240322_0005-scaled.jpg\"><img loading=\"lazy\" decoding=\"async\" class=\"aligncenter wp-image-15695 size-medium\" src=\"http:\/\/victoria-rad.de\/wp-content\/uploads\/2024\/03\/IMG_20240322_0005-215x300.jpg\" alt=\"\" width=\"215\" height=\"300\" srcset=\"http:\/\/victoria-rad.de\/wp-content\/uploads\/2024\/03\/IMG_20240322_0005-215x300.jpg 215w, http:\/\/victoria-rad.de\/wp-content\/uploads\/2024\/03\/IMG_20240322_0005-734x1024.jpg 734w, http:\/\/victoria-rad.de\/wp-content\/uploads\/2024\/03\/IMG_20240322_0005-107x150.jpg 107w, http:\/\/victoria-rad.de\/wp-content\/uploads\/2024\/03\/IMG_20240322_0005-768x1072.jpg 768w, http:\/\/victoria-rad.de\/wp-content\/uploads\/2024\/03\/IMG_20240322_0005-1100x1536.jpg 1100w, http:\/\/victoria-rad.de\/wp-content\/uploads\/2024\/03\/IMG_20240322_0005-1467x2048.jpg 1467w, http:\/\/victoria-rad.de\/wp-content\/uploads\/2024\/03\/IMG_20240322_0005-scaled.jpg 1834w\" sizes=\"auto, (max-width: 215px) 100vw, 215px\" \/><\/a><\/p>\n<p><strong>Im roten DKW- Rennwagen R8 erfolgten weitere H\u00f6hepunkte, anschlie\u00dfend noch Bilder von zwei H\u00f6hepunkten:<\/strong><\/p>\n<p style=\"text-align: center;\"><a href=\"http:\/\/victoria-rad.de\/wp-content\/uploads\/2024\/02\/IMG_20150208_0002-3-scaled.jpg\"><img loading=\"lazy\" decoding=\"async\" class=\"aligncenter wp-image-15580 size-medium\" src=\"http:\/\/victoria-rad.de\/wp-content\/uploads\/2024\/02\/IMG_20150208_0002-3-300x206.jpg\" sizes=\"auto, (max-width: 300px) 100vw, 300px\" srcset=\"http:\/\/victoria-rad.de\/wp-content\/uploads\/2024\/02\/IMG_20150208_0002-3-300x206.jpg 300w, http:\/\/victoria-rad.de\/wp-content\/uploads\/2024\/02\/IMG_20150208_0002-3-1024x702.jpg 1024w, http:\/\/victoria-rad.de\/wp-content\/uploads\/2024\/02\/IMG_20150208_0002-3-150x103.jpg 150w, http:\/\/victoria-rad.de\/wp-content\/uploads\/2024\/02\/IMG_20150208_0002-3-768x526.jpg 768w, http:\/\/victoria-rad.de\/wp-content\/uploads\/2024\/02\/IMG_20150208_0002-3-1536x1053.jpg 1536w, http:\/\/victoria-rad.de\/wp-content\/uploads\/2024\/02\/IMG_20150208_0002-3-2048x1404.jpg 2048w\" alt=\"\" width=\"300\" height=\"206\" \/><\/a>Das letzte \u201eRennen auf AVUS Berlin\u201c im Jahr 1999\u2026<\/p>\n<p>Der neue \u201eLausitz-Ring\u201c \u2013 vorn mit DKW R8:<\/p>\n<p><a href=\"http:\/\/victoria-rad.de\/wp-content\/uploads\/2024\/02\/IMG_20141212_0002-scaled.jpg\"><img loading=\"lazy\" decoding=\"async\" class=\"aligncenter wp-image-15581 size-medium\" src=\"http:\/\/victoria-rad.de\/wp-content\/uploads\/2024\/02\/IMG_20141212_0002-300x201.jpg\" sizes=\"auto, (max-width: 300px) 100vw, 300px\" srcset=\"http:\/\/victoria-rad.de\/wp-content\/uploads\/2024\/02\/IMG_20141212_0002-300x201.jpg 300w, http:\/\/victoria-rad.de\/wp-content\/uploads\/2024\/02\/IMG_20141212_0002-1024x686.jpg 1024w, http:\/\/victoria-rad.de\/wp-content\/uploads\/2024\/02\/IMG_20141212_0002-150x100.jpg 150w, http:\/\/victoria-rad.de\/wp-content\/uploads\/2024\/02\/IMG_20141212_0002-768x514.jpg 768w, http:\/\/victoria-rad.de\/wp-content\/uploads\/2024\/02\/IMG_20141212_0002-1536x1029.jpg 1536w, http:\/\/victoria-rad.de\/wp-content\/uploads\/2024\/02\/IMG_20141212_0002-2048x1372.jpg 2048w\" alt=\"\" width=\"300\" height=\"201\" \/><\/a><\/p>\n<p style=\"text-align: center;\">Im Jahr 2000 wurde der\u00a0<a title=\"Lausitzring\" href=\"https:\/\/de.wikipedia.org\/wiki\/Lausitzring\">Euro Speedway Lausitz<\/a>\u00a0eingeweiht\u2026<\/p>\n<p>Kurzvideo vom DKW R8:<\/p>\n<div style=\"width: 660px;\" class=\"wp-video\"><video class=\"wp-video-shortcode\" id=\"video-15585-1\" width=\"660\" height=\"371\" preload=\"metadata\" controls=\"controls\"><source type=\"video\/mp4\" src=\"http:\/\/victoria-rad.de\/wp-content\/uploads\/2024\/03\/Mein-Film-1.mp4?_=1\" \/><a href=\"http:\/\/victoria-rad.de\/wp-content\/uploads\/2024\/03\/Mein-Film-1.mp4\">http:\/\/victoria-rad.de\/wp-content\/uploads\/2024\/03\/Mein-Film-1.mp4<\/a><\/video><\/div>\n<p>Ein Abschlussbild mit Gert und Romy in Liebe zu Frau und Fahrzeug im sch\u00f6nen\u00a0 Bad Brambach im Vogtland:<\/p>\n<p><a href=\"http:\/\/victoria-rad.de\/wp-content\/uploads\/2024\/02\/IMG_20151229_0001-scaled.jpg\"><img loading=\"lazy\" decoding=\"async\" class=\"aligncenter wp-image-15582 size-medium\" src=\"http:\/\/victoria-rad.de\/wp-content\/uploads\/2024\/02\/IMG_20151229_0001-300x127.jpg\" sizes=\"auto, (max-width: 300px) 100vw, 300px\" srcset=\"http:\/\/victoria-rad.de\/wp-content\/uploads\/2024\/02\/IMG_20151229_0001-300x127.jpg 300w, http:\/\/victoria-rad.de\/wp-content\/uploads\/2024\/02\/IMG_20151229_0001-1024x434.jpg 1024w, http:\/\/victoria-rad.de\/wp-content\/uploads\/2024\/02\/IMG_20151229_0001-150x64.jpg 150w, http:\/\/victoria-rad.de\/wp-content\/uploads\/2024\/02\/IMG_20151229_0001-768x325.jpg 768w, http:\/\/victoria-rad.de\/wp-content\/uploads\/2024\/02\/IMG_20151229_0001-1536x651.jpg 1536w, http:\/\/victoria-rad.de\/wp-content\/uploads\/2024\/02\/IMG_20151229_0001-2048x867.jpg 2048w\" alt=\"\" width=\"300\" height=\"127\" \/><\/a><\/p>\n<p><a href=\"http:\/\/victoria-rad.de\/wp-content\/uploads\/2024\/02\/IMG_20190312_0002-scaled.jpg\"><img loading=\"lazy\" decoding=\"async\" class=\"aligncenter wp-image-15583 size-medium\" src=\"http:\/\/victoria-rad.de\/wp-content\/uploads\/2024\/02\/IMG_20190312_0002-300x102.jpg\" sizes=\"auto, (max-width: 300px) 100vw, 300px\" srcset=\"http:\/\/victoria-rad.de\/wp-content\/uploads\/2024\/02\/IMG_20190312_0002-300x102.jpg 300w, http:\/\/victoria-rad.de\/wp-content\/uploads\/2024\/02\/IMG_20190312_0002-1024x347.jpg 1024w, http:\/\/victoria-rad.de\/wp-content\/uploads\/2024\/02\/IMG_20190312_0002-150x51.jpg 150w, http:\/\/victoria-rad.de\/wp-content\/uploads\/2024\/02\/IMG_20190312_0002-768x261.jpg 768w, http:\/\/victoria-rad.de\/wp-content\/uploads\/2024\/02\/IMG_20190312_0002-1536x521.jpg 1536w, http:\/\/victoria-rad.de\/wp-content\/uploads\/2024\/02\/IMG_20190312_0002-2048x695.jpg 2048w\" alt=\"\" width=\"300\" height=\"102\" \/><\/a><\/p>\n","protected":false},"excerpt":{"rendered":"<p>Allen Freunden und Besuchern meiner Webseite ein sch\u00f6nes und ertragreiches Osterfest&#8230; Liebe Freunde des Rennsports am &#8222;Sachsenring&#8220; im s\u00e4chsischen Hohenstein-Ernstthal&#8230; In Fortsetzung des letzten Beitrages -Victoria am &#8222;Sachsenring&#8220;- m\u00f6chte ich gerne noch die Geschichte der ersten Rennwagen im Jahr 1949 nach dem ersten Weltkrieg pr\u00e4sentieren und welcher Zusammenhang damit besteht.\u00a0 Die ersten Rennwagen der damaligen &hellip; <a href=\"http:\/\/victoria-rad.de\/?p=15585\" class=\"more-link\"><span class=\"screen-reader-text\">Fortsetzung &#8211; Renngeschichte am &#8222;Sachsenring&#8220;&#8230;<\/span> weiterlesen<\/a><\/p>\n","protected":false},"author":1,"featured_media":0,"comment_status":"open","ping_status":"open","sticky":false,"template":"","format":"standard","meta":{"footnotes":""},"categories":[1],"tags":[],"class_list":["post-15585","post","type-post","status-publish","format-standard","hentry","category-uncategorized"],"_links":{"self":[{"href":"http:\/\/victoria-rad.de\/index.php?rest_route=\/wp\/v2\/posts\/15585","targetHints":{"allow":["GET"]}}],"collection":[{"href":"http:\/\/victoria-rad.de\/index.php?rest_route=\/wp\/v2\/posts"}],"about":[{"href":"http:\/\/victoria-rad.de\/index.php?rest_route=\/wp\/v2\/types\/post"}],"author":[{"embeddable":true,"href":"http:\/\/victoria-rad.de\/index.php?rest_route=\/wp\/v2\/users\/1"}],"replies":[{"embeddable":true,"href":"http:\/\/victoria-rad.de\/index.php?rest_route=%2Fwp%2Fv2%2Fcomments&post=15585"}],"version-history":[{"count":12,"href":"http:\/\/victoria-rad.de\/index.php?rest_route=\/wp\/v2\/posts\/15585\/revisions"}],"predecessor-version":[{"id":15750,"href":"http:\/\/victoria-rad.de\/index.php?rest_route=\/wp\/v2\/posts\/15585\/revisions\/15750"}],"wp:attachment":[{"href":"http:\/\/victoria-rad.de\/index.php?rest_route=%2Fwp%2Fv2%2Fmedia&parent=15585"}],"wp:term":[{"taxonomy":"category","embeddable":true,"href":"http:\/\/victoria-rad.de\/index.php?rest_route=%2Fwp%2Fv2%2Fcategories&post=15585"},{"taxonomy":"post_tag","embeddable":true,"href":"http:\/\/victoria-rad.de\/index.php?rest_route=%2Fwp%2Fv2%2Ftags&post=15585"}],"curies":[{"name":"wp","href":"https:\/\/api.w.org\/{rel}","templated":true}]}}