{"id":15889,"date":"2024-09-13T10:34:19","date_gmt":"2024-09-13T08:34:19","guid":{"rendered":"https:\/\/victoria-rad.de\/?p=15889"},"modified":"2024-09-13T10:34:19","modified_gmt":"2024-09-13T08:34:19","slug":"victoria-kleinmotorrad-mit-98-ccm-fs-motor-von-1933","status":"publish","type":"post","link":"http:\/\/victoria-rad.de\/?p=15889","title":{"rendered":"Victoria &#8211; Kleinmotorrad mit 98 ccm F&#038;S-Motor von 1933&#8230;"},"content":{"rendered":"<p>&nbsp;<\/p>\n<header class=\"entry-header\">\n<h1 class=\"entry-title\" style=\"text-align: center;\">Victoria \u2013 Kleinmotorr\u00e4der mit 98er Fichtel &amp; Sachs-Motor<\/h1>\n<\/header>\n<div class=\"entry-content\">\n<p><strong>Victoria Kleinmotorr\u00e4der mit 98er Fichtel &amp; Sachs Motor ab 1932 \u2013 1938<\/strong><\/p>\n<p>Victoria \u2013 Kleinmotorrad vom Fahrrad kommend mit 98er Fichtel &amp; Sachs und der Leistung von 2,25 PS Zweitakter als Modell V 98 Herrenmodell und V 108 als Damenmodell ab dem Baujahr 1932. Das erste Modell war noch mit dem h\u00e4ngenden Tank, mit der Verzierung des Victoriaengels. Am Anfang mit schwarzer Emaillierung und vorderer Felgenbremse:<\/p>\n<p><a href=\"http:\/\/victoria-rad.de\/wp-content\/uploads\/2024\/05\/20240429_162504-scaled.jpg\"><img loading=\"lazy\" decoding=\"async\" class=\"aligncenter wp-image-15892 size-medium\" src=\"http:\/\/victoria-rad.de\/wp-content\/uploads\/2024\/05\/20240429_162504-300x225.jpg\" alt=\"\" width=\"300\" height=\"225\" srcset=\"http:\/\/victoria-rad.de\/wp-content\/uploads\/2024\/05\/20240429_162504-300x225.jpg 300w, http:\/\/victoria-rad.de\/wp-content\/uploads\/2024\/05\/20240429_162504-1024x767.jpg 1024w, http:\/\/victoria-rad.de\/wp-content\/uploads\/2024\/05\/20240429_162504-150x112.jpg 150w, http:\/\/victoria-rad.de\/wp-content\/uploads\/2024\/05\/20240429_162504-768x575.jpg 768w, http:\/\/victoria-rad.de\/wp-content\/uploads\/2024\/05\/20240429_162504-1536x1151.jpg 1536w, http:\/\/victoria-rad.de\/wp-content\/uploads\/2024\/05\/20240429_162504-2048x1534.jpg 2048w\" sizes=\"auto, (max-width: 300px) 100vw, 300px\" \/><\/a><\/p>\n<div class=\"wp-block-image\"><\/div>\n<p style=\"text-align: center;\">Original \u2013 Kleinmotorrad mit dem 98er Motor&#8230;<\/p>\n<p><a href=\"http:\/\/victoria-rad.de\/wp-content\/uploads\/2024\/05\/20240429_162821-scaled.jpg\"><img loading=\"lazy\" decoding=\"async\" class=\"aligncenter wp-image-15893 size-medium\" src=\"http:\/\/victoria-rad.de\/wp-content\/uploads\/2024\/05\/20240429_162821-300x232.jpg\" alt=\"\" width=\"300\" height=\"232\" srcset=\"http:\/\/victoria-rad.de\/wp-content\/uploads\/2024\/05\/20240429_162821-300x232.jpg 300w, http:\/\/victoria-rad.de\/wp-content\/uploads\/2024\/05\/20240429_162821-1024x793.jpg 1024w, http:\/\/victoria-rad.de\/wp-content\/uploads\/2024\/05\/20240429_162821-150x116.jpg 150w, http:\/\/victoria-rad.de\/wp-content\/uploads\/2024\/05\/20240429_162821-768x594.jpg 768w, http:\/\/victoria-rad.de\/wp-content\/uploads\/2024\/05\/20240429_162821-1536x1189.jpg 1536w, http:\/\/victoria-rad.de\/wp-content\/uploads\/2024\/05\/20240429_162821-2048x1585.jpg 2048w\" sizes=\"auto, (max-width: 300px) 100vw, 300px\" \/><\/a><\/p>\n<div class=\"wp-block-image\"><\/div>\n<div class=\"wp-block-image\">\n<figure class=\"aligncenter\"><a href=\"http:\/\/victoria-rad.de\/wp-content\/uploads\/2018\/10\/20181011_115606-e1540664531352.jpg\" target=\"_blank\" rel=\"noopener noreferrer\"><img loading=\"lazy\" decoding=\"async\" class=\"aligncenter wp-image-2486\" src=\"http:\/\/victoria-rad.de\/wp-content\/uploads\/2018\/10\/20181011_115606-e1540664531352-300x169.jpg\" sizes=\"auto, (max-width: 300px) 100vw, 300px\" srcset=\"https:\/\/victoria-rad.de\/wp-content\/uploads\/2018\/10\/20181011_115606-e1540664531352-300x169.jpg 300w, https:\/\/victoria-rad.de\/wp-content\/uploads\/2018\/10\/20181011_115606-e1540664531352-768x432.jpg 768w, https:\/\/victoria-rad.de\/wp-content\/uploads\/2018\/10\/20181011_115606-e1540664531352-1024x576.jpg 1024w\" alt=\"\" width=\"300\" height=\"169\" \/><\/a><\/figure>\n<\/div>\n<div class=\"wp-block-image\">\n<figure class=\"aligncenter\"><a href=\"http:\/\/victoria-rad.de\/wp-content\/uploads\/2018\/10\/20181011_115346-e1540664568409.jpg\" target=\"_blank\" rel=\"noopener noreferrer\"><img loading=\"lazy\" decoding=\"async\" class=\"aligncenter wp-image-2487\" src=\"http:\/\/victoria-rad.de\/wp-content\/uploads\/2018\/10\/20181011_115346-e1540664568409-169x300.jpg\" sizes=\"auto, (max-width: 169px) 100vw, 169px\" srcset=\"https:\/\/victoria-rad.de\/wp-content\/uploads\/2018\/10\/20181011_115346-e1540664568409-169x300.jpg 169w, https:\/\/victoria-rad.de\/wp-content\/uploads\/2018\/10\/20181011_115346-e1540664568409-768x1365.jpg 768w, https:\/\/victoria-rad.de\/wp-content\/uploads\/2018\/10\/20181011_115346-e1540664568409-576x1024.jpg 576w\" alt=\"\" width=\"169\" height=\"300\" \/><\/a><\/figure>\n<\/div>\n<div class=\"wp-block-image\">\n<figure class=\"aligncenter\"><a href=\"http:\/\/victoria-rad.de\/wp-content\/uploads\/2018\/10\/20181011_115625-e1540664609958.jpg\" target=\"_blank\" rel=\"noopener noreferrer\"><img loading=\"lazy\" decoding=\"async\" class=\"aligncenter wp-image-2488\" src=\"http:\/\/victoria-rad.de\/wp-content\/uploads\/2018\/10\/20181011_115625-e1540664609958-169x300.jpg\" alt=\"\" width=\"169\" height=\"300\" srcset=\"http:\/\/victoria-rad.de\/wp-content\/uploads\/2018\/10\/20181011_115625-e1540664609958-169x300.jpg 169w, http:\/\/victoria-rad.de\/wp-content\/uploads\/2018\/10\/20181011_115625-e1540664609958-768x1365.jpg 768w, http:\/\/victoria-rad.de\/wp-content\/uploads\/2018\/10\/20181011_115625-e1540664609958-576x1024.jpg 576w\" sizes=\"auto, (max-width: 169px) 100vw, 169px\" \/><\/a><\/figure>\n<\/div>\n<p style=\"text-align: center;\">Mit Walzengeschwindigkeitsmesser und Kilometerz\u00e4hler am Vorderrad&#8230;<\/p>\n<p><a href=\"http:\/\/victoria-rad.de\/wp-content\/uploads\/2024\/05\/20240429_162839-scaled.jpg\"><img loading=\"lazy\" decoding=\"async\" class=\"aligncenter wp-image-15894 size-medium\" src=\"http:\/\/victoria-rad.de\/wp-content\/uploads\/2024\/05\/20240429_162839-300x234.jpg\" alt=\"\" width=\"300\" height=\"234\" srcset=\"http:\/\/victoria-rad.de\/wp-content\/uploads\/2024\/05\/20240429_162839-300x234.jpg 300w, http:\/\/victoria-rad.de\/wp-content\/uploads\/2024\/05\/20240429_162839-1024x798.jpg 1024w, http:\/\/victoria-rad.de\/wp-content\/uploads\/2024\/05\/20240429_162839-150x117.jpg 150w, http:\/\/victoria-rad.de\/wp-content\/uploads\/2024\/05\/20240429_162839-768x598.jpg 768w, http:\/\/victoria-rad.de\/wp-content\/uploads\/2024\/05\/20240429_162839-1536x1197.jpg 1536w, http:\/\/victoria-rad.de\/wp-content\/uploads\/2024\/05\/20240429_162839-2048x1596.jpg 2048w\" sizes=\"auto, (max-width: 300px) 100vw, 300px\" \/><\/a><\/p>\n<p><a href=\"http:\/\/victoria-rad.de\/wp-content\/uploads\/2024\/05\/20240429_162535-scaled.jpg\"><img loading=\"lazy\" decoding=\"async\" class=\"aligncenter wp-image-15895 size-medium\" src=\"http:\/\/victoria-rad.de\/wp-content\/uploads\/2024\/05\/20240429_162535-300x276.jpg\" alt=\"\" width=\"300\" height=\"276\" srcset=\"http:\/\/victoria-rad.de\/wp-content\/uploads\/2024\/05\/20240429_162535-300x276.jpg 300w, http:\/\/victoria-rad.de\/wp-content\/uploads\/2024\/05\/20240429_162535-1024x942.jpg 1024w, http:\/\/victoria-rad.de\/wp-content\/uploads\/2024\/05\/20240429_162535-150x138.jpg 150w, http:\/\/victoria-rad.de\/wp-content\/uploads\/2024\/05\/20240429_162535-768x707.jpg 768w, http:\/\/victoria-rad.de\/wp-content\/uploads\/2024\/05\/20240429_162535-1536x1413.jpg 1536w, http:\/\/victoria-rad.de\/wp-content\/uploads\/2024\/05\/20240429_162535-2048x1884.jpg 2048w\" sizes=\"auto, (max-width: 300px) 100vw, 300px\" \/><\/a><\/p>\n<p><strong>Eine Video-Aufnahme von der 98er auf der holprigen Wiese:<\/strong><\/p>\n<div style=\"width: 660px;\" class=\"wp-video\"><video class=\"wp-video-shortcode\" id=\"video-15889-1\" width=\"660\" height=\"371\" preload=\"metadata\" controls=\"controls\"><source type=\"video\/mp4\" src=\"http:\/\/victoria-rad.de\/wp-content\/uploads\/2024\/09\/Film-V-98-ccm-29-MB.mp4?_=1\" \/><a href=\"http:\/\/victoria-rad.de\/wp-content\/uploads\/2024\/09\/Film-V-98-ccm-29-MB.mp4\">http:\/\/victoria-rad.de\/wp-content\/uploads\/2024\/09\/Film-V-98-ccm-29-MB.mp4<\/a><\/video><\/div>\n<p><strong>Verkaufsprospekt von 1935:<\/strong><\/p>\n<div class=\"wp-block-image\">\n<figure class=\"aligncenter\"><a href=\"http:\/\/victoria-rad.de\/wp-content\/uploads\/2018\/10\/IMG_20181026_0002.jpg\" target=\"_blank\" rel=\"noopener noreferrer\"><img loading=\"lazy\" decoding=\"async\" class=\"aligncenter wp-image-2507\" src=\"http:\/\/victoria-rad.de\/wp-content\/uploads\/2018\/10\/IMG_20181026_0002-206x300.jpg\" sizes=\"auto, (max-width: 206px) 100vw, 206px\" srcset=\"https:\/\/victoria-rad.de\/wp-content\/uploads\/2018\/10\/IMG_20181026_0002-206x300.jpg 206w, https:\/\/victoria-rad.de\/wp-content\/uploads\/2018\/10\/IMG_20181026_0002-768x1118.jpg 768w, https:\/\/victoria-rad.de\/wp-content\/uploads\/2018\/10\/IMG_20181026_0002-703x1024.jpg 703w\" alt=\"\" width=\"206\" height=\"300\" \/><\/a><\/figure>\n<\/div>\n<div class=\"wp-block-image\">\n<figure class=\"aligncenter\"><a href=\"http:\/\/victoria-rad.de\/?attachment_id=2508\" target=\"_blank\" rel=\"noopener noreferrer\"><img loading=\"lazy\" decoding=\"async\" class=\"aligncenter wp-image-2508\" src=\"http:\/\/victoria-rad.de\/wp-content\/uploads\/2018\/10\/IMG_20181026_0003-207x300.jpg\" sizes=\"auto, (max-width: 207px) 100vw, 207px\" srcset=\"https:\/\/victoria-rad.de\/wp-content\/uploads\/2018\/10\/IMG_20181026_0003-207x300.jpg 207w, https:\/\/victoria-rad.de\/wp-content\/uploads\/2018\/10\/IMG_20181026_0003-768x1111.jpg 768w, https:\/\/victoria-rad.de\/wp-content\/uploads\/2018\/10\/IMG_20181026_0003-708x1024.jpg 708w\" alt=\"\" width=\"207\" height=\"300\" \/><\/a><\/figure>\n<\/div>\n<div class=\"wp-block-image\">\n<figure class=\"aligncenter\"><a href=\"http:\/\/victoria-rad.de\/wp-content\/uploads\/2018\/10\/IMG_20181026_0004.jpg\" target=\"_blank\" rel=\"noopener noreferrer\"><img loading=\"lazy\" decoding=\"async\" class=\"aligncenter wp-image-2509\" src=\"http:\/\/victoria-rad.de\/wp-content\/uploads\/2018\/10\/IMG_20181026_0004-207x300.jpg\" sizes=\"auto, (max-width: 207px) 100vw, 207px\" srcset=\"https:\/\/victoria-rad.de\/wp-content\/uploads\/2018\/10\/IMG_20181026_0004-207x300.jpg 207w, https:\/\/victoria-rad.de\/wp-content\/uploads\/2018\/10\/IMG_20181026_0004-768x1115.jpg 768w, https:\/\/victoria-rad.de\/wp-content\/uploads\/2018\/10\/IMG_20181026_0004-705x1024.jpg 705w\" alt=\"\" width=\"207\" height=\"300\" \/><img loading=\"lazy\" decoding=\"async\" class=\"aligncenter wp-image-15898 size-full\" src=\"http:\/\/victoria-rad.de\/wp-content\/uploads\/2024\/05\/IMG_20181026_0005-219x300-1-rotated.jpg\" alt=\"\" width=\"300\" height=\"219\" srcset=\"http:\/\/victoria-rad.de\/wp-content\/uploads\/2024\/05\/IMG_20181026_0005-219x300-1-rotated.jpg 300w, http:\/\/victoria-rad.de\/wp-content\/uploads\/2024\/05\/IMG_20181026_0005-219x300-1-150x110.jpg 150w\" sizes=\"auto, (max-width: 300px) 100vw, 300px\" \/><\/a><\/figure>\n<\/div>\n<div class=\"wp-block-image\"><\/div>\n<div class=\"wp-block-image\">\n<figure class=\"aligncenter\"><a href=\"http:\/\/victoria-rad.de\/?attachment_id=2511\" target=\"_blank\" rel=\"noopener noreferrer\"><img loading=\"lazy\" decoding=\"async\" class=\"aligncenter wp-image-2511\" src=\"http:\/\/victoria-rad.de\/wp-content\/uploads\/2018\/10\/IMG_20181026_0006-208x300.jpg\" sizes=\"auto, (max-width: 208px) 100vw, 208px\" srcset=\"https:\/\/victoria-rad.de\/wp-content\/uploads\/2018\/10\/IMG_20181026_0006-208x300.jpg 208w, https:\/\/victoria-rad.de\/wp-content\/uploads\/2018\/10\/IMG_20181026_0006-768x1109.jpg 768w, https:\/\/victoria-rad.de\/wp-content\/uploads\/2018\/10\/IMG_20181026_0006-709x1024.jpg 709w\" alt=\"\" width=\"208\" height=\"300\" \/><\/a><\/figure>\n<\/div>\n<p>Wie bereits in diesem Prospekt vorgestellt, kamen dann 1936 die Jubil\u00e4umsmodelle (50 Jahre Victoria) auf den Markt. Mit einer exzellenten Tanklackierung, viel Chrom und den im Ehrenkranz eingeschlossenen Victoriaengel, oder als qualitativer Rhombus dargestellt:<\/p>\n<div class=\"wp-block-image\">\n<figure class=\"aligncenter\"><a href=\"http:\/\/victoria-rad.de\/wp-content\/uploads\/2018\/10\/IMG_20181027_0001.jpg\" target=\"_blank\" rel=\"noopener noreferrer\"><img loading=\"lazy\" decoding=\"async\" class=\"aligncenter wp-image-2515\" src=\"http:\/\/victoria-rad.de\/wp-content\/uploads\/2018\/10\/IMG_20181027_0001-214x300.jpg\" sizes=\"auto, (max-width: 214px) 100vw, 214px\" srcset=\"https:\/\/victoria-rad.de\/wp-content\/uploads\/2018\/10\/IMG_20181027_0001-214x300.jpg 214w, https:\/\/victoria-rad.de\/wp-content\/uploads\/2018\/10\/IMG_20181027_0001-768x1076.jpg 768w, https:\/\/victoria-rad.de\/wp-content\/uploads\/2018\/10\/IMG_20181027_0001-731x1024.jpg 731w, https:\/\/victoria-rad.de\/wp-content\/uploads\/2018\/10\/IMG_20181027_0001.jpg 1123w\" alt=\"\" width=\"214\" height=\"300\" \/><\/a><\/figure>\n<\/div>\n<div class=\"wp-block-image\">\n<figure class=\"aligncenter\"><a href=\"http:\/\/victoria-rad.de\/?attachment_id=2513\" target=\"_blank\" rel=\"noopener noreferrer\"><img loading=\"lazy\" decoding=\"async\" class=\"aligncenter wp-image-2513\" src=\"http:\/\/victoria-rad.de\/wp-content\/uploads\/2018\/10\/Victoria-Buch-Bilder-038-300x190.jpg\" sizes=\"auto, (max-width: 300px) 100vw, 300px\" srcset=\"https:\/\/victoria-rad.de\/wp-content\/uploads\/2018\/10\/Victoria-Buch-Bilder-038-300x190.jpg 300w, https:\/\/victoria-rad.de\/wp-content\/uploads\/2018\/10\/Victoria-Buch-Bilder-038-768x487.jpg 768w, https:\/\/victoria-rad.de\/wp-content\/uploads\/2018\/10\/Victoria-Buch-Bilder-038-1024x649.jpg 1024w\" alt=\"\" width=\"300\" height=\"190\" \/><\/a><\/figure>\n<\/div>\n<div class=\"wp-block-image\">\n<figure class=\"aligncenter\"><a href=\"http:\/\/victoria-rad.de\/?attachment_id=2514\" target=\"_blank\" rel=\"noopener noreferrer\"><img loading=\"lazy\" decoding=\"async\" class=\"aligncenter wp-image-2514\" src=\"http:\/\/victoria-rad.de\/wp-content\/uploads\/2018\/10\/Victoria-Buch-Bilder-041-300x211.jpg\" alt=\"\" width=\"300\" height=\"211\" srcset=\"http:\/\/victoria-rad.de\/wp-content\/uploads\/2018\/10\/Victoria-Buch-Bilder-041-300x211.jpg 300w, http:\/\/victoria-rad.de\/wp-content\/uploads\/2018\/10\/Victoria-Buch-Bilder-041-768x540.jpg 768w, http:\/\/victoria-rad.de\/wp-content\/uploads\/2018\/10\/Victoria-Buch-Bilder-041-1024x720.jpg 1024w\" sizes=\"auto, (max-width: 300px) 100vw, 300px\" \/><\/a><\/figure>\n<\/div>\n<p style=\"text-align: center;\">Jubil\u00e4umsmodell V 98 L als Herrenrad 1936.<\/p>\n<p>Man konnte auch eine Pendelgabel bestellen, hier als Damenmodell V 108 L mit niedrigen Durchstieg gezeigt:<\/p>\n<div class=\"wp-block-image\">\n<figure class=\"aligncenter\"><a href=\"http:\/\/victoria-rad.de\/?attachment_id=2516\" target=\"_blank\" rel=\"noopener noreferrer\"><img loading=\"lazy\" decoding=\"async\" class=\"aligncenter wp-image-2516\" src=\"http:\/\/victoria-rad.de\/wp-content\/uploads\/2018\/10\/Victoria-Buch-Bilder-035-300x186.jpg\" sizes=\"auto, (max-width: 300px) 100vw, 300px\" srcset=\"https:\/\/victoria-rad.de\/wp-content\/uploads\/2018\/10\/Victoria-Buch-Bilder-035-300x186.jpg 300w, https:\/\/victoria-rad.de\/wp-content\/uploads\/2018\/10\/Victoria-Buch-Bilder-035-768x477.jpg 768w, https:\/\/victoria-rad.de\/wp-content\/uploads\/2018\/10\/Victoria-Buch-Bilder-035-1024x635.jpg 1024w, https:\/\/victoria-rad.de\/wp-content\/uploads\/2018\/10\/Victoria-Buch-Bilder-035-825x510.jpg 825w\" alt=\"\" width=\"300\" height=\"186\" \/><\/a><\/figure>\n<\/div>\n<div class=\"wp-block-image\">\n<figure class=\"aligncenter\"><img loading=\"lazy\" decoding=\"async\" class=\"aligncenter wp-image-2517\" src=\"http:\/\/victoria-rad.de\/wp-content\/uploads\/2018\/10\/Victoria-Buch-Bilder-033-300x192.jpg\" sizes=\"auto, (max-width: 300px) 100vw, 300px\" srcset=\"https:\/\/victoria-rad.de\/wp-content\/uploads\/2018\/10\/Victoria-Buch-Bilder-033-300x192.jpg 300w, https:\/\/victoria-rad.de\/wp-content\/uploads\/2018\/10\/Victoria-Buch-Bilder-033-768x491.jpg 768w, https:\/\/victoria-rad.de\/wp-content\/uploads\/2018\/10\/Victoria-Buch-Bilder-033-1024x655.jpg 1024w\" alt=\"\" width=\"300\" height=\"192\" \/><\/figure>\n<\/div>\n<p>Viele Hersteller von Motorzweir\u00e4dern bedienten sich mit den robusten 98er F&amp;S Motoren, hier noch ein Beispiel von einer, auch in N\u00fcrnberg hergestellten Herkules, daf\u00fcr:<\/p>\n<div class=\"wp-block-image\">\n<figure class=\"aligncenter\"><a href=\"http:\/\/victoria-rad.de\/wp-content\/uploads\/2018\/10\/20181026_141715-e1540669380762.jpg\" target=\"_blank\" rel=\"noopener noreferrer\"><img loading=\"lazy\" decoding=\"async\" class=\"aligncenter wp-image-2529\" src=\"http:\/\/victoria-rad.de\/wp-content\/uploads\/2018\/10\/20181026_141715-e1540669380762-300x169.jpg\" sizes=\"auto, (max-width: 300px) 100vw, 300px\" srcset=\"https:\/\/victoria-rad.de\/wp-content\/uploads\/2018\/10\/20181026_141715-e1540669380762-300x169.jpg 300w, https:\/\/victoria-rad.de\/wp-content\/uploads\/2018\/10\/20181026_141715-e1540669380762-768x432.jpg 768w, https:\/\/victoria-rad.de\/wp-content\/uploads\/2018\/10\/20181026_141715-e1540669380762-1024x576.jpg 1024w\" alt=\"\" width=\"300\" height=\"169\" \/><\/a><\/figure>\n<\/div>\n<p>Originale Fotos von 98igern:<\/p>\n<p><a href=\"http:\/\/victoria-rad.de\/wp-content\/uploads\/2018\/10\/IMG_20181026_0001.jpg\" target=\"_blank\" rel=\"noopener noreferrer\"><img loading=\"lazy\" decoding=\"async\" class=\"aligncenter wp-image-2530 size-medium\" src=\"http:\/\/victoria-rad.de\/wp-content\/uploads\/2018\/10\/IMG_20181026_0001-256x300.jpg\" sizes=\"auto, (max-width: 256px) 100vw, 256px\" srcset=\"https:\/\/victoria-rad.de\/wp-content\/uploads\/2018\/10\/IMG_20181026_0001-256x300.jpg 256w, https:\/\/victoria-rad.de\/wp-content\/uploads\/2018\/10\/IMG_20181026_0001-768x900.jpg 768w, https:\/\/victoria-rad.de\/wp-content\/uploads\/2018\/10\/IMG_20181026_0001-874x1024.jpg 874w, https:\/\/victoria-rad.de\/wp-content\/uploads\/2018\/10\/IMG_20181026_0001.jpg 1687w\" alt=\"\" width=\"256\" height=\"300\" \/><\/a><\/p>\n<p><a href=\"http:\/\/victoria-rad.de\/wp-content\/uploads\/2018\/10\/IMG_20141123_0167.jpg\" target=\"_blank\" rel=\"noopener noreferrer\"><img loading=\"lazy\" decoding=\"async\" class=\"aligncenter wp-image-2531 size-medium\" src=\"http:\/\/victoria-rad.de\/wp-content\/uploads\/2018\/10\/IMG_20141123_0167-300x206.jpg\" alt=\"\" width=\"300\" height=\"206\" srcset=\"http:\/\/victoria-rad.de\/wp-content\/uploads\/2018\/10\/IMG_20141123_0167-300x206.jpg 300w, http:\/\/victoria-rad.de\/wp-content\/uploads\/2018\/10\/IMG_20141123_0167-768x527.jpg 768w, http:\/\/victoria-rad.de\/wp-content\/uploads\/2018\/10\/IMG_20141123_0167-1024x703.jpg 1024w, http:\/\/victoria-rad.de\/wp-content\/uploads\/2018\/10\/IMG_20141123_0167.jpg 1854w\" sizes=\"auto, (max-width: 300px) 100vw, 300px\" \/><\/a><\/p>\n<p><a href=\"http:\/\/victoria-rad.de\/wp-content\/uploads\/2018\/10\/IMG_20141123_0216.jpg\" target=\"_blank\" rel=\"noopener noreferrer\"><img loading=\"lazy\" decoding=\"async\" class=\"aligncenter wp-image-2532 size-medium\" src=\"http:\/\/victoria-rad.de\/wp-content\/uploads\/2018\/10\/IMG_20141123_0216-300x199.jpg\" sizes=\"auto, (max-width: 300px) 100vw, 300px\" srcset=\"https:\/\/victoria-rad.de\/wp-content\/uploads\/2018\/10\/IMG_20141123_0216-300x199.jpg 300w, https:\/\/victoria-rad.de\/wp-content\/uploads\/2018\/10\/IMG_20141123_0216-768x508.jpg 768w, https:\/\/victoria-rad.de\/wp-content\/uploads\/2018\/10\/IMG_20141123_0216-1024x678.jpg 1024w, https:\/\/victoria-rad.de\/wp-content\/uploads\/2018\/10\/IMG_20141123_0216.jpg 1885w\" alt=\"\" width=\"300\" height=\"199\" \/>Noch zwei Abschlussaufnahmen der Victoria-Kleinmotoren-Fahrzeuge:<\/a><\/p>\n<\/div>\n<p style=\"text-align: center;\"><a href=\"http:\/\/victoria-rad.de\/wp-content\/uploads\/2024\/05\/20240429_122713-scaled.jpg\"><img loading=\"lazy\" decoding=\"async\" class=\"aligncenter wp-image-15902 size-medium\" src=\"http:\/\/victoria-rad.de\/wp-content\/uploads\/2024\/05\/20240429_122713-300x196.jpg\" alt=\"\" width=\"300\" height=\"196\" srcset=\"http:\/\/victoria-rad.de\/wp-content\/uploads\/2024\/05\/20240429_122713-300x196.jpg 300w, http:\/\/victoria-rad.de\/wp-content\/uploads\/2024\/05\/20240429_122713-1024x670.jpg 1024w, http:\/\/victoria-rad.de\/wp-content\/uploads\/2024\/05\/20240429_122713-150x98.jpg 150w, http:\/\/victoria-rad.de\/wp-content\/uploads\/2024\/05\/20240429_122713-768x503.jpg 768w, http:\/\/victoria-rad.de\/wp-content\/uploads\/2024\/05\/20240429_122713-1536x1006.jpg 1536w, http:\/\/victoria-rad.de\/wp-content\/uploads\/2024\/05\/20240429_122713-2048x1341.jpg 2048w\" sizes=\"auto, (max-width: 300px) 100vw, 300px\" \/><\/a>Beide Seiten der Victoria-Kleinmotorr\u00e4der&#8230;<\/p>\n<p><a href=\"http:\/\/victoria-rad.de\/wp-content\/uploads\/2024\/05\/20240429_123217-scaled.jpg\"><img loading=\"lazy\" decoding=\"async\" class=\"aligncenter wp-image-15903 size-medium\" src=\"http:\/\/victoria-rad.de\/wp-content\/uploads\/2024\/05\/20240429_123217-300x224.jpg\" alt=\"\" width=\"300\" height=\"224\" srcset=\"http:\/\/victoria-rad.de\/wp-content\/uploads\/2024\/05\/20240429_123217-300x224.jpg 300w, http:\/\/victoria-rad.de\/wp-content\/uploads\/2024\/05\/20240429_123217-1024x764.jpg 1024w, http:\/\/victoria-rad.de\/wp-content\/uploads\/2024\/05\/20240429_123217-150x112.jpg 150w, http:\/\/victoria-rad.de\/wp-content\/uploads\/2024\/05\/20240429_123217-768x573.jpg 768w, http:\/\/victoria-rad.de\/wp-content\/uploads\/2024\/05\/20240429_123217-1536x1146.jpg 1536w, http:\/\/victoria-rad.de\/wp-content\/uploads\/2024\/05\/20240429_123217-2048x1528.jpg 2048w\" sizes=\"auto, (max-width: 300px) 100vw, 300px\" \/><\/a><\/p>\n<div class=\"entry-content\">\n<p><a href=\"http:\/\/victoria-rad.de\/wp-content\/uploads\/2019\/03\/IMG_20190312_0002-1.jpg\" target=\"_blank\" rel=\"noopener noreferrer\"><img loading=\"lazy\" decoding=\"async\" class=\"aligncenter wp-image-3857 size-medium\" src=\"http:\/\/victoria-rad.de\/wp-content\/uploads\/2019\/03\/IMG_20190312_0002-1-300x102.jpg\" alt=\"\" width=\"300\" height=\"102\" srcset=\"http:\/\/victoria-rad.de\/wp-content\/uploads\/2019\/03\/IMG_20190312_0002-1-300x102.jpg 300w, http:\/\/victoria-rad.de\/wp-content\/uploads\/2019\/03\/IMG_20190312_0002-1-150x51.jpg 150w, http:\/\/victoria-rad.de\/wp-content\/uploads\/2019\/03\/IMG_20190312_0002-1-768x261.jpg 768w, http:\/\/victoria-rad.de\/wp-content\/uploads\/2019\/03\/IMG_20190312_0002-1-1024x347.jpg 1024w\" sizes=\"auto, (max-width: 300px) 100vw, 300px\" \/><\/a><\/p>\n<div class=\"wp-block-image\">\n<figure class=\"aligncenter\"><a href=\"http:\/\/victoria-rad.de\/wp-content\/uploads\/2018\/10\/Firma.png\" target=\"_blank\" rel=\"noopener noreferrer\"><img loading=\"lazy\" decoding=\"async\" class=\"aligncenter wp-image-2533\" src=\"http:\/\/victoria-rad.de\/wp-content\/uploads\/2018\/10\/Firma-300x198.png\" sizes=\"auto, (max-width: 300px) 100vw, 300px\" srcset=\"https:\/\/victoria-rad.de\/wp-content\/uploads\/2018\/10\/Firma-300x198.png 300w, https:\/\/victoria-rad.de\/wp-content\/uploads\/2018\/10\/Firma-768x507.png 768w, https:\/\/victoria-rad.de\/wp-content\/uploads\/2018\/10\/Firma-1024x676.png 1024w, https:\/\/victoria-rad.de\/wp-content\/uploads\/2018\/10\/Firma.png 1396w\" alt=\"\" width=\"300\" height=\"198\" \/><\/a><\/figure>\n<\/div>\n<div class=\"wp-block-image\">\n<figure class=\"aligncenter\"><img loading=\"lazy\" decoding=\"async\" class=\"wp-image-2534 aligncenter\" src=\"http:\/\/victoria-rad.de\/wp-content\/uploads\/2018\/10\/58-1-300x14.png\" sizes=\"auto, (max-width: 300px) 100vw, 300px\" srcset=\"https:\/\/victoria-rad.de\/wp-content\/uploads\/2018\/10\/58-1-300x14.png 300w, https:\/\/victoria-rad.de\/wp-content\/uploads\/2018\/10\/58-1.png 501w\" alt=\"\" width=\"300\" height=\"14\" \/><\/figure>\n<\/div>\n<\/div>\n","protected":false},"excerpt":{"rendered":"<p>&nbsp; Victoria \u2013 Kleinmotorr\u00e4der mit 98er Fichtel &amp; Sachs-Motor Victoria Kleinmotorr\u00e4der mit 98er Fichtel &amp; Sachs Motor ab 1932 \u2013 1938 Victoria \u2013 Kleinmotorrad vom Fahrrad kommend mit 98er Fichtel &amp; Sachs und der Leistung von 2,25 PS Zweitakter als Modell V 98 Herrenmodell und V 108 als Damenmodell ab dem Baujahr 1932. Das erste &hellip; <a href=\"http:\/\/victoria-rad.de\/?p=15889\" class=\"more-link\"><span class=\"screen-reader-text\">Victoria &#8211; Kleinmotorrad mit 98 ccm F&#038;S-Motor von 1933&#8230;<\/span> weiterlesen<\/a><\/p>\n","protected":false},"author":1,"featured_media":0,"comment_status":"open","ping_status":"open","sticky":false,"template":"","format":"standard","meta":{"footnotes":""},"categories":[1],"tags":[],"class_list":["post-15889","post","type-post","status-publish","format-standard","hentry","category-uncategorized"],"_links":{"self":[{"href":"http:\/\/victoria-rad.de\/index.php?rest_route=\/wp\/v2\/posts\/15889","targetHints":{"allow":["GET"]}}],"collection":[{"href":"http:\/\/victoria-rad.de\/index.php?rest_route=\/wp\/v2\/posts"}],"about":[{"href":"http:\/\/victoria-rad.de\/index.php?rest_route=\/wp\/v2\/types\/post"}],"author":[{"embeddable":true,"href":"http:\/\/victoria-rad.de\/index.php?rest_route=\/wp\/v2\/users\/1"}],"replies":[{"embeddable":true,"href":"http:\/\/victoria-rad.de\/index.php?rest_route=%2Fwp%2Fv2%2Fcomments&post=15889"}],"version-history":[{"count":8,"href":"http:\/\/victoria-rad.de\/index.php?rest_route=\/wp\/v2\/posts\/15889\/revisions"}],"predecessor-version":[{"id":16663,"href":"http:\/\/victoria-rad.de\/index.php?rest_route=\/wp\/v2\/posts\/15889\/revisions\/16663"}],"wp:attachment":[{"href":"http:\/\/victoria-rad.de\/index.php?rest_route=%2Fwp%2Fv2%2Fmedia&parent=15889"}],"wp:term":[{"taxonomy":"category","embeddable":true,"href":"http:\/\/victoria-rad.de\/index.php?rest_route=%2Fwp%2Fv2%2Fcategories&post=15889"},{"taxonomy":"post_tag","embeddable":true,"href":"http:\/\/victoria-rad.de\/index.php?rest_route=%2Fwp%2Fv2%2Ftags&post=15889"}],"curies":[{"name":"wp","href":"https:\/\/api.w.org\/{rel}","templated":true}]}}