{"id":16051,"date":"2024-06-21T08:46:50","date_gmt":"2024-06-21T06:46:50","guid":{"rendered":"https:\/\/victoria-rad.de\/?p=16051"},"modified":"2024-06-24T12:58:04","modified_gmt":"2024-06-24T10:58:04","slug":"vomag-1-teil-eine-fast-vergessene-marke-aus-plauen-vogtland-lebt-wieder-auf","status":"publish","type":"post","link":"http:\/\/victoria-rad.de\/?p=16051","title":{"rendered":"VOMAG 1. Teil &#8211; eine fast vergessene Marke aus Plauen (Vogtland) lebt wieder auf&#8230;"},"content":{"rendered":"<h4 style=\"text-align: center;\"><strong>\u00a0<\/strong><strong>\u2013 VOMAG eine fast vergessene Marke \u2013<\/strong><\/h4>\n<p><em><strong>Die Marke \u201eVOMAG\u201c war in Plauen im Vogtland ans\u00e4ssig. Folgende Markenartikel in Form von Maschinen und Werkzeugen sowie Verkehrsfahrzeuge, wie Lastkraftwagen und Omnibusse hat man bei \u201eVOMAG\u201c hergestellt:<\/strong><\/em><\/p>\n<p><strong>Stickerei-Maschinen f\u00fcr die ber\u00fchmte \u201ePlauener Spitze\u201c\u2026<\/strong><\/p>\n<p><strong>Druckerei-Maschinen f\u00fcr Zeitungen\/B\u00fccher\u2026<\/strong><\/p>\n<p><strong>Werkzeug-Maschinen f\u00fcr verschiedene Anwendungen\u2026<\/strong><\/p>\n<p><strong>Lastkraftwagen und Omnibusse f\u00fcr Transport und Bef\u00f6rderung\u2026<\/strong><\/p>\n<p><em><strong>Man hat man zwangsweise auch eine Produktion von Panzern ins Leben gerufen, diese begann schon ab 1941\u2026<\/strong><\/em><\/p>\n<p><em><strong>Zum Niedergang der VOMAG muss man erkl\u00e4ren, dass die Amerikaner in 5 Angriffen das Werk bombardiert haben. Die Russen haben ab 1946 das\u00a0 VOMAG-Werk demontiert und die Geb\u00e4ude komplett gesprengt und alles dem Boden gleich gemacht&#8230;<\/strong><\/em><\/p>\n<p style=\"text-align: center;\"><strong>Aber nun zum ersten von mehreren, folgenden Berichten, also zu dem, was davon noch \u00fcbrig ist. Hier muss man in vorderer Front, den in Fachkreisen genannten &#8211; &#8222;VOMAG-Papst&#8220; &#8211; Christian Suhr aus Reichenbach\/Vogtland nennen. In beispielsloser Weise hat er sehr viel dieser noch vorhandener Exponate \u00fcber viele Jahre zusammen getragen, gesammelt und auch zum Teil restauriert. Aber seht selbst in einer Zusammenfassung vom Ende Mai Jahr 2024&#8230;<\/strong><\/p>\n<p style=\"text-align: center;\"><a href=\"http:\/\/victoria-rad.de\/wp-content\/uploads\/2024\/06\/1-C.-Suhr-Experten-scaled.jpg\"><img loading=\"lazy\" decoding=\"async\" class=\"aligncenter wp-image-16054 size-medium\" src=\"http:\/\/victoria-rad.de\/wp-content\/uploads\/2024\/06\/1-C.-Suhr-Experten-300x225.jpg\" alt=\"\" width=\"300\" height=\"225\" srcset=\"http:\/\/victoria-rad.de\/wp-content\/uploads\/2024\/06\/1-C.-Suhr-Experten-300x225.jpg 300w, http:\/\/victoria-rad.de\/wp-content\/uploads\/2024\/06\/1-C.-Suhr-Experten-1024x768.jpg 1024w, http:\/\/victoria-rad.de\/wp-content\/uploads\/2024\/06\/1-C.-Suhr-Experten-150x113.jpg 150w, http:\/\/victoria-rad.de\/wp-content\/uploads\/2024\/06\/1-C.-Suhr-Experten-768x576.jpg 768w, http:\/\/victoria-rad.de\/wp-content\/uploads\/2024\/06\/1-C.-Suhr-Experten-1536x1152.jpg 1536w, http:\/\/victoria-rad.de\/wp-content\/uploads\/2024\/06\/1-C.-Suhr-Experten-2048x1536.jpg 2048w\" sizes=\"auto, (max-width: 300px) 100vw, 300px\" \/><\/a>Hier links ist Christian Suhr zusammen mit Karl-Heinz Wendt (Vomag &#8211; Reparateur) und Ulrich D\u00f6lling Stickerei-Fachmann&#8230;<\/p>\n<p><strong>Ein Bild von drei VOMAG-LKW vor der G\u00f6lzschtalbr\u00fccke vor einigen Jahren:<\/strong><\/p>\n<p style=\"text-align: center;\"><a href=\"http:\/\/victoria-rad.de\/wp-content\/uploads\/2024\/06\/0-Suhr-vormals-scaled.jpg\"><img loading=\"lazy\" decoding=\"async\" class=\"aligncenter wp-image-16058 size-medium\" src=\"http:\/\/victoria-rad.de\/wp-content\/uploads\/2024\/06\/0-Suhr-vormals-300x201.jpg\" alt=\"\" width=\"300\" height=\"201\" srcset=\"http:\/\/victoria-rad.de\/wp-content\/uploads\/2024\/06\/0-Suhr-vormals-300x201.jpg 300w, http:\/\/victoria-rad.de\/wp-content\/uploads\/2024\/06\/0-Suhr-vormals-1024x686.jpg 1024w, http:\/\/victoria-rad.de\/wp-content\/uploads\/2024\/06\/0-Suhr-vormals-150x101.jpg 150w, http:\/\/victoria-rad.de\/wp-content\/uploads\/2024\/06\/0-Suhr-vormals-768x515.jpg 768w, http:\/\/victoria-rad.de\/wp-content\/uploads\/2024\/06\/0-Suhr-vormals-1536x1029.jpg 1536w, http:\/\/victoria-rad.de\/wp-content\/uploads\/2024\/06\/0-Suhr-vormals-2048x1372.jpg 2048w\" sizes=\"auto, (max-width: 300px) 100vw, 300px\" \/><\/a>In der Mitte der im Aufbau befindliche Vomag-LKW von C. Suhr, welcher im ersten Bild fertig restauriert ist, links der Vomag-LKW vom Vomag-Club Plauen und rechts Vomag-LKW von Gert Reiher&#8230;<\/p>\n<p><strong>Aber nun zur Stickerei-Vorf\u00fchrung des Abends:<\/strong><\/p>\n<p>Die Repetiermaschine:<\/p>\n<p><a href=\"http:\/\/victoria-rad.de\/wp-content\/uploads\/2024\/06\/3-Bild-Repetier-Maschine-scaled.jpg\"><img loading=\"lazy\" decoding=\"async\" class=\"aligncenter wp-image-16059 size-medium\" src=\"http:\/\/victoria-rad.de\/wp-content\/uploads\/2024\/06\/3-Bild-Repetier-Maschine-169x300.jpg\" alt=\"\" width=\"169\" height=\"300\" srcset=\"http:\/\/victoria-rad.de\/wp-content\/uploads\/2024\/06\/3-Bild-Repetier-Maschine-169x300.jpg 169w, http:\/\/victoria-rad.de\/wp-content\/uploads\/2024\/06\/3-Bild-Repetier-Maschine-576x1024.jpg 576w, http:\/\/victoria-rad.de\/wp-content\/uploads\/2024\/06\/3-Bild-Repetier-Maschine-84x150.jpg 84w, http:\/\/victoria-rad.de\/wp-content\/uploads\/2024\/06\/3-Bild-Repetier-Maschine-768x1365.jpg 768w, http:\/\/victoria-rad.de\/wp-content\/uploads\/2024\/06\/3-Bild-Repetier-Maschine-864x1536.jpg 864w, http:\/\/victoria-rad.de\/wp-content\/uploads\/2024\/06\/3-Bild-Repetier-Maschine-1152x2048.jpg 1152w, http:\/\/victoria-rad.de\/wp-content\/uploads\/2024\/06\/3-Bild-Repetier-Maschine-scaled.jpg 1440w\" sizes=\"auto, (max-width: 169px) 100vw, 169px\" \/><\/a><\/p>\n<p style=\"text-align: center;\">Mit einer Repetiermaschine werden Lochkarten f\u00fcr Gro\u00dfstickmaschinen vervielf\u00e4ltigt. Damit steht der Datentr\u00e4ger &#8222;<a class=\"tagToolTip\" href=\"https:\/\/sachsen.museum-digital.de\/objects?tag_id=14744\" data-id=\"14744\">Lochkarte<\/a>&#8220; f\u00fcr weitere Stickmaschinen zur Verf\u00fcgung. Sie geh\u00f6rt damit zu den wichtigsten Hilfsmaschinen der Stickerei&#8230;<\/p>\n<p><strong>Funktion der Repetiermaschine:<\/strong><\/p>\n<div style=\"width: 660px;\" class=\"wp-video\"><video class=\"wp-video-shortcode\" id=\"video-16051-1\" width=\"660\" height=\"371\" preload=\"metadata\" controls=\"controls\"><source type=\"video\/mp4\" src=\"http:\/\/victoria-rad.de\/wp-content\/uploads\/2024\/06\/5-Repetier-Maschine.mp4?_=1\" \/><a href=\"http:\/\/victoria-rad.de\/wp-content\/uploads\/2024\/06\/5-Repetier-Maschine.mp4\">http:\/\/victoria-rad.de\/wp-content\/uploads\/2024\/06\/5-Repetier-Maschine.mp4<\/a><\/video><\/div>\n<p>Im n\u00e4chsten Schritt wird daneben der <strong>Stickautomat<\/strong> von VOMAG als Steuerelement f\u00fcr den beweglichen Sickrahmen (Gatter) vorgestellt:<\/p>\n<p><a href=\"http:\/\/victoria-rad.de\/wp-content\/uploads\/2024\/06\/8-Automat-scaled.jpg\"><img loading=\"lazy\" decoding=\"async\" class=\"aligncenter wp-image-16061 size-medium\" src=\"http:\/\/victoria-rad.de\/wp-content\/uploads\/2024\/06\/8-Automat-181x300.jpg\" alt=\"\" width=\"181\" height=\"300\" srcset=\"http:\/\/victoria-rad.de\/wp-content\/uploads\/2024\/06\/8-Automat-181x300.jpg 181w, http:\/\/victoria-rad.de\/wp-content\/uploads\/2024\/06\/8-Automat-617x1024.jpg 617w, http:\/\/victoria-rad.de\/wp-content\/uploads\/2024\/06\/8-Automat-90x150.jpg 90w, http:\/\/victoria-rad.de\/wp-content\/uploads\/2024\/06\/8-Automat-768x1275.jpg 768w, http:\/\/victoria-rad.de\/wp-content\/uploads\/2024\/06\/8-Automat-925x1536.jpg 925w, http:\/\/victoria-rad.de\/wp-content\/uploads\/2024\/06\/8-Automat-1234x2048.jpg 1234w, http:\/\/victoria-rad.de\/wp-content\/uploads\/2024\/06\/8-Automat-scaled.jpg 1542w\" sizes=\"auto, (max-width: 181px) 100vw, 181px\" \/><\/a><\/p>\n<div style=\"width: 660px;\" class=\"wp-video\"><video class=\"wp-video-shortcode\" id=\"video-16051-2\" width=\"660\" height=\"371\" preload=\"metadata\" controls=\"controls\"><source type=\"video\/mp4\" src=\"http:\/\/victoria-rad.de\/wp-content\/uploads\/2024\/06\/11-Automat.mp4?_=2\" \/><a href=\"http:\/\/victoria-rad.de\/wp-content\/uploads\/2024\/06\/11-Automat.mp4\">http:\/\/victoria-rad.de\/wp-content\/uploads\/2024\/06\/11-Automat.mp4<\/a><\/video><\/div>\n<p><strong>Weitere Detail-Aufnahmen des Automaten:<\/strong><\/p>\n<p><a href=\"http:\/\/victoria-rad.de\/wp-content\/uploads\/2024\/06\/10-scaled.jpg\"><img loading=\"lazy\" decoding=\"async\" class=\"aligncenter wp-image-16065 size-medium\" src=\"http:\/\/victoria-rad.de\/wp-content\/uploads\/2024\/06\/10-169x300.jpg\" alt=\"\" width=\"169\" height=\"300\" srcset=\"http:\/\/victoria-rad.de\/wp-content\/uploads\/2024\/06\/10-169x300.jpg 169w, http:\/\/victoria-rad.de\/wp-content\/uploads\/2024\/06\/10-576x1024.jpg 576w, http:\/\/victoria-rad.de\/wp-content\/uploads\/2024\/06\/10-84x150.jpg 84w, http:\/\/victoria-rad.de\/wp-content\/uploads\/2024\/06\/10-768x1365.jpg 768w, http:\/\/victoria-rad.de\/wp-content\/uploads\/2024\/06\/10-864x1536.jpg 864w, http:\/\/victoria-rad.de\/wp-content\/uploads\/2024\/06\/10-1152x2048.jpg 1152w, http:\/\/victoria-rad.de\/wp-content\/uploads\/2024\/06\/10-scaled.jpg 1440w\" sizes=\"auto, (max-width: 169px) 100vw, 169px\" \/><\/a><\/p>\n<p style=\"text-align: center;\"><a href=\"http:\/\/victoria-rad.de\/wp-content\/uploads\/2024\/06\/12-scaled.jpg\"><img loading=\"lazy\" decoding=\"async\" class=\"aligncenter wp-image-16066 size-medium\" src=\"http:\/\/victoria-rad.de\/wp-content\/uploads\/2024\/06\/12-225x300.jpg\" alt=\"\" width=\"225\" height=\"300\" srcset=\"http:\/\/victoria-rad.de\/wp-content\/uploads\/2024\/06\/12-225x300.jpg 225w, http:\/\/victoria-rad.de\/wp-content\/uploads\/2024\/06\/12-768x1024.jpg 768w, http:\/\/victoria-rad.de\/wp-content\/uploads\/2024\/06\/12-113x150.jpg 113w, http:\/\/victoria-rad.de\/wp-content\/uploads\/2024\/06\/12-1152x1536.jpg 1152w, http:\/\/victoria-rad.de\/wp-content\/uploads\/2024\/06\/12-1536x2048.jpg 1536w, http:\/\/victoria-rad.de\/wp-content\/uploads\/2024\/06\/12-scaled.jpg 1920w\" sizes=\"auto, (max-width: 225px) 100vw, 225px\" \/><\/a>Ein besonders ausgezeichneter &#8222;Stickautomat&#8220;&#8230;<\/p>\n<p><strong>Der Freitag-Abend in Reichenbach ging nat\u00fcrlich sehr informativ mit dem Thema &#8222;VOMAG&#8220; weiter und der Gastgeber Christian Suhr stellte noch einige Preziosen \u00fcber die Bewegung von den VOMAG-LKW`\u00a0 s vor:<\/strong><\/p>\n<p><a href=\"http:\/\/victoria-rad.de\/wp-content\/uploads\/2024\/06\/20-Vomag-LKW-scaled.jpg\"><img loading=\"lazy\" decoding=\"async\" class=\"aligncenter wp-image-16064 size-medium\" src=\"http:\/\/victoria-rad.de\/wp-content\/uploads\/2024\/06\/20-Vomag-LKW-300x225.jpg\" alt=\"\" width=\"300\" height=\"225\" srcset=\"http:\/\/victoria-rad.de\/wp-content\/uploads\/2024\/06\/20-Vomag-LKW-300x225.jpg 300w, http:\/\/victoria-rad.de\/wp-content\/uploads\/2024\/06\/20-Vomag-LKW-1024x768.jpg 1024w, http:\/\/victoria-rad.de\/wp-content\/uploads\/2024\/06\/20-Vomag-LKW-150x113.jpg 150w, http:\/\/victoria-rad.de\/wp-content\/uploads\/2024\/06\/20-Vomag-LKW-768x576.jpg 768w, http:\/\/victoria-rad.de\/wp-content\/uploads\/2024\/06\/20-Vomag-LKW-1536x1152.jpg 1536w, http:\/\/victoria-rad.de\/wp-content\/uploads\/2024\/06\/20-Vomag-LKW-2048x1536.jpg 2048w\" sizes=\"auto, (max-width: 300px) 100vw, 300px\" \/><\/a><strong>Ein originaler M\u00f6belwagen aus Eibenstock\/Vogtland, ein B\u00fcssing Bj. 1936:<\/strong><\/p>\n<p><a href=\"http:\/\/victoria-rad.de\/wp-content\/uploads\/2024\/06\/21-Vomag-Moebelwagen-1-scaled.jpg\"><img loading=\"lazy\" decoding=\"async\" class=\"aligncenter wp-image-16067 size-medium\" src=\"http:\/\/victoria-rad.de\/wp-content\/uploads\/2024\/06\/21-Vomag-Moebelwagen-1-225x300.jpg\" alt=\"\" width=\"225\" height=\"300\" srcset=\"http:\/\/victoria-rad.de\/wp-content\/uploads\/2024\/06\/21-Vomag-Moebelwagen-1-225x300.jpg 225w, http:\/\/victoria-rad.de\/wp-content\/uploads\/2024\/06\/21-Vomag-Moebelwagen-1-768x1024.jpg 768w, http:\/\/victoria-rad.de\/wp-content\/uploads\/2024\/06\/21-Vomag-Moebelwagen-1-113x150.jpg 113w, http:\/\/victoria-rad.de\/wp-content\/uploads\/2024\/06\/21-Vomag-Moebelwagen-1-1152x1536.jpg 1152w, http:\/\/victoria-rad.de\/wp-content\/uploads\/2024\/06\/21-Vomag-Moebelwagen-1-1536x2048.jpg 1536w, http:\/\/victoria-rad.de\/wp-content\/uploads\/2024\/06\/21-Vomag-Moebelwagen-1-scaled.jpg 1920w\" sizes=\"auto, (max-width: 225px) 100vw, 225px\" \/><\/a><\/p>\n<p style=\"text-align: center;\">Der Aufbau des M\u00f6belwagen erfolgte bei der Firma Schumann, Werdau&#8230;<\/p>\n<p style=\"text-align: center;\"><a href=\"http:\/\/victoria-rad.de\/wp-content\/uploads\/2024\/06\/23-Vomag-Moebelwagen-Fuehrerhaus-scaled.jpg\"><img loading=\"lazy\" decoding=\"async\" class=\"aligncenter wp-image-16068 size-medium\" src=\"http:\/\/victoria-rad.de\/wp-content\/uploads\/2024\/06\/23-Vomag-Moebelwagen-Fuehrerhaus-225x300.jpg\" alt=\"\" width=\"225\" height=\"300\" srcset=\"http:\/\/victoria-rad.de\/wp-content\/uploads\/2024\/06\/23-Vomag-Moebelwagen-Fuehrerhaus-225x300.jpg 225w, http:\/\/victoria-rad.de\/wp-content\/uploads\/2024\/06\/23-Vomag-Moebelwagen-Fuehrerhaus-768x1024.jpg 768w, http:\/\/victoria-rad.de\/wp-content\/uploads\/2024\/06\/23-Vomag-Moebelwagen-Fuehrerhaus-113x150.jpg 113w, http:\/\/victoria-rad.de\/wp-content\/uploads\/2024\/06\/23-Vomag-Moebelwagen-Fuehrerhaus-1152x1536.jpg 1152w, http:\/\/victoria-rad.de\/wp-content\/uploads\/2024\/06\/23-Vomag-Moebelwagen-Fuehrerhaus-1536x2048.jpg 1536w, http:\/\/victoria-rad.de\/wp-content\/uploads\/2024\/06\/23-Vomag-Moebelwagen-Fuehrerhaus-scaled.jpg 1920w\" sizes=\"auto, (max-width: 225px) 100vw, 225px\" \/><\/a>Das Fahrerhaus wie es war&#8230;<\/p>\n<p><a href=\"http:\/\/victoria-rad.de\/wp-content\/uploads\/2024\/06\/22-Vomag-Moebelwagen-scaled.jpg\"><img loading=\"lazy\" decoding=\"async\" class=\"aligncenter wp-image-16069 size-medium\" src=\"http:\/\/victoria-rad.de\/wp-content\/uploads\/2024\/06\/22-Vomag-Moebelwagen-225x300.jpg\" alt=\"\" width=\"225\" height=\"300\" srcset=\"http:\/\/victoria-rad.de\/wp-content\/uploads\/2024\/06\/22-Vomag-Moebelwagen-225x300.jpg 225w, http:\/\/victoria-rad.de\/wp-content\/uploads\/2024\/06\/22-Vomag-Moebelwagen-768x1024.jpg 768w, http:\/\/victoria-rad.de\/wp-content\/uploads\/2024\/06\/22-Vomag-Moebelwagen-113x150.jpg 113w, http:\/\/victoria-rad.de\/wp-content\/uploads\/2024\/06\/22-Vomag-Moebelwagen-1152x1536.jpg 1152w, http:\/\/victoria-rad.de\/wp-content\/uploads\/2024\/06\/22-Vomag-Moebelwagen-1536x2048.jpg 1536w, http:\/\/victoria-rad.de\/wp-content\/uploads\/2024\/06\/22-Vomag-Moebelwagen-scaled.jpg 1920w\" sizes=\"auto, (max-width: 225px) 100vw, 225px\" \/><\/a><\/p>\n<p><strong>Ein VOMAG-LKW:<\/strong><\/p>\n<p style=\"text-align: center;\"><a href=\"http:\/\/victoria-rad.de\/wp-content\/uploads\/2024\/06\/26-Vomag-LKW-scaled.jpg\"><img loading=\"lazy\" decoding=\"async\" class=\"aligncenter wp-image-16070 size-medium\" src=\"http:\/\/victoria-rad.de\/wp-content\/uploads\/2024\/06\/26-Vomag-LKW-225x300.jpg\" alt=\"\" width=\"225\" height=\"300\" srcset=\"http:\/\/victoria-rad.de\/wp-content\/uploads\/2024\/06\/26-Vomag-LKW-225x300.jpg 225w, http:\/\/victoria-rad.de\/wp-content\/uploads\/2024\/06\/26-Vomag-LKW-768x1024.jpg 768w, http:\/\/victoria-rad.de\/wp-content\/uploads\/2024\/06\/26-Vomag-LKW-113x150.jpg 113w, http:\/\/victoria-rad.de\/wp-content\/uploads\/2024\/06\/26-Vomag-LKW-1152x1536.jpg 1152w, http:\/\/victoria-rad.de\/wp-content\/uploads\/2024\/06\/26-Vomag-LKW-1536x2048.jpg 1536w, http:\/\/victoria-rad.de\/wp-content\/uploads\/2024\/06\/26-Vomag-LKW-scaled.jpg 1920w\" sizes=\"auto, (max-width: 225px) 100vw, 225px\" \/><\/a>Typ. 5LR 444 Bj. 1936&#8230;<\/p>\n<p><a href=\"http:\/\/victoria-rad.de\/wp-content\/uploads\/2024\/06\/25-Vomag-LKW-scaled.jpg\"><img loading=\"lazy\" decoding=\"async\" class=\"aligncenter wp-image-16072 size-medium\" src=\"http:\/\/victoria-rad.de\/wp-content\/uploads\/2024\/06\/25-Vomag-LKW-300x225.jpg\" alt=\"\" width=\"300\" height=\"225\" srcset=\"http:\/\/victoria-rad.de\/wp-content\/uploads\/2024\/06\/25-Vomag-LKW-300x225.jpg 300w, http:\/\/victoria-rad.de\/wp-content\/uploads\/2024\/06\/25-Vomag-LKW-1024x768.jpg 1024w, http:\/\/victoria-rad.de\/wp-content\/uploads\/2024\/06\/25-Vomag-LKW-150x113.jpg 150w, http:\/\/victoria-rad.de\/wp-content\/uploads\/2024\/06\/25-Vomag-LKW-768x576.jpg 768w, http:\/\/victoria-rad.de\/wp-content\/uploads\/2024\/06\/25-Vomag-LKW-1536x1152.jpg 1536w, http:\/\/victoria-rad.de\/wp-content\/uploads\/2024\/06\/25-Vomag-LKW-2048x1536.jpg 2048w\" sizes=\"auto, (max-width: 300px) 100vw, 300px\" \/><\/a><\/p>\n<p style=\"text-align: center;\"><a href=\"http:\/\/victoria-rad.de\/wp-content\/uploads\/2024\/06\/28-Vomag-Uralt-Fahrgestell-scaled.jpg\"><img loading=\"lazy\" decoding=\"async\" class=\"aligncenter wp-image-16073 size-medium\" src=\"http:\/\/victoria-rad.de\/wp-content\/uploads\/2024\/06\/28-Vomag-Uralt-Fahrgestell-300x225.jpg\" alt=\"\" width=\"300\" height=\"225\" srcset=\"http:\/\/victoria-rad.de\/wp-content\/uploads\/2024\/06\/28-Vomag-Uralt-Fahrgestell-300x225.jpg 300w, http:\/\/victoria-rad.de\/wp-content\/uploads\/2024\/06\/28-Vomag-Uralt-Fahrgestell-1024x768.jpg 1024w, http:\/\/victoria-rad.de\/wp-content\/uploads\/2024\/06\/28-Vomag-Uralt-Fahrgestell-150x113.jpg 150w, http:\/\/victoria-rad.de\/wp-content\/uploads\/2024\/06\/28-Vomag-Uralt-Fahrgestell-768x576.jpg 768w, http:\/\/victoria-rad.de\/wp-content\/uploads\/2024\/06\/28-Vomag-Uralt-Fahrgestell-1536x1152.jpg 1536w, http:\/\/victoria-rad.de\/wp-content\/uploads\/2024\/06\/28-Vomag-Uralt-Fahrgestell-2048x1536.jpg 2048w\" sizes=\"auto, (max-width: 300px) 100vw, 300px\" \/><\/a>Seltenes Fragment &#8211; 1. Generation P 30 von ca. 1919&#8230;<\/p>\n<p><strong>Vom Berliner Roller &#8211; bis zum Einzelst\u00fcck &#8222;Harle&#8220; sind auch Motorr\u00e4der zu sehen:<\/strong><\/p>\n<p style=\"text-align: center;\"><a href=\"http:\/\/victoria-rad.de\/wp-content\/uploads\/2024\/06\/30-Berliner-Roller-scaled.jpg\"><img loading=\"lazy\" decoding=\"async\" class=\"aligncenter wp-image-16074 size-medium\" src=\"http:\/\/victoria-rad.de\/wp-content\/uploads\/2024\/06\/30-Berliner-Roller-300x225.jpg\" alt=\"\" width=\"300\" height=\"225\" srcset=\"http:\/\/victoria-rad.de\/wp-content\/uploads\/2024\/06\/30-Berliner-Roller-300x225.jpg 300w, http:\/\/victoria-rad.de\/wp-content\/uploads\/2024\/06\/30-Berliner-Roller-1024x768.jpg 1024w, http:\/\/victoria-rad.de\/wp-content\/uploads\/2024\/06\/30-Berliner-Roller-150x113.jpg 150w, http:\/\/victoria-rad.de\/wp-content\/uploads\/2024\/06\/30-Berliner-Roller-768x576.jpg 768w, http:\/\/victoria-rad.de\/wp-content\/uploads\/2024\/06\/30-Berliner-Roller-1536x1152.jpg 1536w, http:\/\/victoria-rad.de\/wp-content\/uploads\/2024\/06\/30-Berliner-Roller-2048x1536.jpg 2048w\" sizes=\"auto, (max-width: 300px) 100vw, 300px\" \/><\/a>Berliner Roller mit Vier-Gang-Schaltung&#8230;<\/p>\n<p style=\"text-align: center;\"><a href=\"http:\/\/victoria-rad.de\/wp-content\/uploads\/2024\/06\/35-Harle-Plauen-scaled.jpg\"><img loading=\"lazy\" decoding=\"async\" class=\"alignnone wp-image-16076 size-medium\" src=\"http:\/\/victoria-rad.de\/wp-content\/uploads\/2024\/06\/35-Harle-Plauen-300x225.jpg\" alt=\"\" width=\"300\" height=\"225\" srcset=\"http:\/\/victoria-rad.de\/wp-content\/uploads\/2024\/06\/35-Harle-Plauen-300x225.jpg 300w, http:\/\/victoria-rad.de\/wp-content\/uploads\/2024\/06\/35-Harle-Plauen-1024x768.jpg 1024w, http:\/\/victoria-rad.de\/wp-content\/uploads\/2024\/06\/35-Harle-Plauen-150x113.jpg 150w, http:\/\/victoria-rad.de\/wp-content\/uploads\/2024\/06\/35-Harle-Plauen-768x576.jpg 768w, http:\/\/victoria-rad.de\/wp-content\/uploads\/2024\/06\/35-Harle-Plauen-1536x1152.jpg 1536w, http:\/\/victoria-rad.de\/wp-content\/uploads\/2024\/06\/35-Harle-Plauen-2048x1536.jpg 2048w\" sizes=\"auto, (max-width: 300px) 100vw, 300px\" \/><\/a><\/p>\n<p style=\"text-align: center;\">&#8222;HARLE &#8222;- Plauen Baujahr: 1926 Otto Harnisch Nr. 1044 mit 4PS und 346 ccm&#8230;<\/p>\n<p><strong>Nochmal die Freunde der Veranstaltung bei Christian Suhr in Reichenbach aufs Bild gebannt:<\/strong><\/p>\n<p><a href=\"http:\/\/victoria-rad.de\/wp-content\/uploads\/2024\/06\/38.1-Freunde-scaled.jpg\"><img loading=\"lazy\" decoding=\"async\" class=\"aligncenter wp-image-16078 size-medium\" src=\"http:\/\/victoria-rad.de\/wp-content\/uploads\/2024\/06\/38.1-Freunde-300x225.jpg\" alt=\"\" width=\"300\" height=\"225\" srcset=\"http:\/\/victoria-rad.de\/wp-content\/uploads\/2024\/06\/38.1-Freunde-300x225.jpg 300w, http:\/\/victoria-rad.de\/wp-content\/uploads\/2024\/06\/38.1-Freunde-1024x768.jpg 1024w, http:\/\/victoria-rad.de\/wp-content\/uploads\/2024\/06\/38.1-Freunde-150x113.jpg 150w, http:\/\/victoria-rad.de\/wp-content\/uploads\/2024\/06\/38.1-Freunde-768x576.jpg 768w, http:\/\/victoria-rad.de\/wp-content\/uploads\/2024\/06\/38.1-Freunde-1536x1152.jpg 1536w, http:\/\/victoria-rad.de\/wp-content\/uploads\/2024\/06\/38.1-Freunde-2048x1536.jpg 2048w\" sizes=\"auto, (max-width: 300px) 100vw, 300px\" \/><\/a><\/p>\n<p style=\"text-align: center;\"><em><strong>Hiermit m\u00f6chten uns recht herzlich vom Gastgeber f\u00fcr die Einladung zur &#8222;VOMAG-Pr\u00e4sentation&#8220; im Bereich Spitzen-Produktion und vor allem der VOMAG-LKW-Sparte recht herzlich bedanken und w\u00fcnschen weiter gro\u00dfen Erfolg beim &#8222;Sammeln und Restaurieren&#8220;&#8230;<\/strong><\/em><\/p>\n<p style=\"text-align: center;\"><a href=\"http:\/\/victoria-rad.de\/wp-content\/uploads\/2024\/06\/39-C.-Suhr-scaled.jpg\"><img loading=\"lazy\" decoding=\"async\" class=\"aligncenter wp-image-16079 size-medium\" src=\"http:\/\/victoria-rad.de\/wp-content\/uploads\/2024\/06\/39-C.-Suhr-300x225.jpg\" alt=\"\" width=\"300\" height=\"225\" srcset=\"http:\/\/victoria-rad.de\/wp-content\/uploads\/2024\/06\/39-C.-Suhr-300x225.jpg 300w, http:\/\/victoria-rad.de\/wp-content\/uploads\/2024\/06\/39-C.-Suhr-1024x768.jpg 1024w, http:\/\/victoria-rad.de\/wp-content\/uploads\/2024\/06\/39-C.-Suhr-150x113.jpg 150w, http:\/\/victoria-rad.de\/wp-content\/uploads\/2024\/06\/39-C.-Suhr-768x576.jpg 768w, http:\/\/victoria-rad.de\/wp-content\/uploads\/2024\/06\/39-C.-Suhr-1536x1152.jpg 1536w, http:\/\/victoria-rad.de\/wp-content\/uploads\/2024\/06\/39-C.-Suhr-2048x1536.jpg 2048w\" sizes=\"auto, (max-width: 300px) 100vw, 300px\" \/><\/a><em><strong>Christian Suhr am 31. Mai 2024&#8230;<\/strong><\/em><\/p>\n<p><img loading=\"lazy\" decoding=\"async\" class=\"alignnone size-medium wp-image-16187 aligncenter\" src=\"http:\/\/victoria-rad.de\/wp-content\/uploads\/2024\/06\/Logo-Sammelsuhrium-farbig-einzeln-300x45.jpg\" alt=\"\" width=\"300\" height=\"45\" srcset=\"http:\/\/victoria-rad.de\/wp-content\/uploads\/2024\/06\/Logo-Sammelsuhrium-farbig-einzeln-300x45.jpg 300w, http:\/\/victoria-rad.de\/wp-content\/uploads\/2024\/06\/Logo-Sammelsuhrium-farbig-einzeln-1024x153.jpg 1024w, http:\/\/victoria-rad.de\/wp-content\/uploads\/2024\/06\/Logo-Sammelsuhrium-farbig-einzeln-150x22.jpg 150w, http:\/\/victoria-rad.de\/wp-content\/uploads\/2024\/06\/Logo-Sammelsuhrium-farbig-einzeln-768x115.jpg 768w, http:\/\/victoria-rad.de\/wp-content\/uploads\/2024\/06\/Logo-Sammelsuhrium-farbig-einzeln-1536x230.jpg 1536w, http:\/\/victoria-rad.de\/wp-content\/uploads\/2024\/06\/Logo-Sammelsuhrium-farbig-einzeln-2048x307.jpg 2048w\" sizes=\"auto, (max-width: 300px) 100vw, 300px\" \/><\/p>\n<h3 style=\"text-align: center;\"><a href=\"http:\/\/www.sammelsuhrium.de\/\">www.sammelsuhrium.de<\/a><\/h3>\n<p><strong>Christian Suhr hat mehrere &#8222;VOMAG&#8220; &#8211; B\u00fccher verfasst und w\u00fcrde sich \u00fcber Eure Kontakte freuen:<\/strong><\/p>\n<p style=\"text-align: center;\"><a href=\"http:\/\/victoria-rad.de\/wp-content\/uploads\/2024\/06\/B-200.tif\"><img decoding=\"async\" class=\"alignnone size-full wp-image-16188\" src=\"http:\/\/victoria-rad.de\/wp-content\/uploads\/2024\/06\/B-200.tif\" alt=\"\" \/><\/a><a href=\"http:\/\/victoria-rad.de\/wp-content\/uploads\/2024\/06\/IMG_20240608_0001-scaled.jpg\"><strong>VOMAG &#8211; Verlag -Kraft-Akt&#8230;<\/strong><\/a><a href=\"http:\/\/victoria-rad.de\/wp-content\/uploads\/2024\/06\/IMG_20240608_0001-scaled.jpg\"><img loading=\"lazy\" decoding=\"async\" class=\"aligncenter wp-image-16191 size-medium\" src=\"http:\/\/victoria-rad.de\/wp-content\/uploads\/2024\/06\/IMG_20240608_0001-300x209.jpg\" alt=\"\" width=\"300\" height=\"209\" srcset=\"http:\/\/victoria-rad.de\/wp-content\/uploads\/2024\/06\/IMG_20240608_0001-300x209.jpg 300w, http:\/\/victoria-rad.de\/wp-content\/uploads\/2024\/06\/IMG_20240608_0001-1024x715.jpg 1024w, http:\/\/victoria-rad.de\/wp-content\/uploads\/2024\/06\/IMG_20240608_0001-150x105.jpg 150w, http:\/\/victoria-rad.de\/wp-content\/uploads\/2024\/06\/IMG_20240608_0001-768x536.jpg 768w, http:\/\/victoria-rad.de\/wp-content\/uploads\/2024\/06\/IMG_20240608_0001-1536x1072.jpg 1536w, http:\/\/victoria-rad.de\/wp-content\/uploads\/2024\/06\/IMG_20240608_0001-2048x1429.jpg 2048w\" sizes=\"auto, (max-width: 300px) 100vw, 300px\" \/><\/a><\/p>\n<p style=\"text-align: center;\"><em><strong>Liebe Besucher und Freunde meiner Webseite, aus diesem Anlass und zu meiner vogtl\u00e4ndischen Heimat-Verbundenheit habe ich weitere VOMAG-Berichte vorbereitet, die ich jetzt w\u00f6chentlich auf meiner Webseite ver\u00f6ffentlichen werde. Also lasst Euch einfach \u00fcberraschen&#8230;<\/strong><\/em><\/p>\n<p><a href=\"http:\/\/victoria-rad.de\/wp-content\/uploads\/2024\/05\/IMG_20190312_0002-scaled.jpg\"><img loading=\"lazy\" decoding=\"async\" class=\"aligncenter wp-image-15969 size-medium\" src=\"http:\/\/victoria-rad.de\/wp-content\/uploads\/2024\/05\/IMG_20190312_0002-300x102.jpg\" alt=\"\" width=\"300\" height=\"102\" srcset=\"http:\/\/victoria-rad.de\/wp-content\/uploads\/2024\/05\/IMG_20190312_0002-300x102.jpg 300w, http:\/\/victoria-rad.de\/wp-content\/uploads\/2024\/05\/IMG_20190312_0002-1024x347.jpg 1024w, http:\/\/victoria-rad.de\/wp-content\/uploads\/2024\/05\/IMG_20190312_0002-150x51.jpg 150w, http:\/\/victoria-rad.de\/wp-content\/uploads\/2024\/05\/IMG_20190312_0002-768x261.jpg 768w, http:\/\/victoria-rad.de\/wp-content\/uploads\/2024\/05\/IMG_20190312_0002-1536x521.jpg 1536w, http:\/\/victoria-rad.de\/wp-content\/uploads\/2024\/05\/IMG_20190312_0002-2048x695.jpg 2048w\" sizes=\"auto, (max-width: 300px) 100vw, 300px\" \/><\/a><\/p>\n<p>&nbsp;<\/p>\n","protected":false},"excerpt":{"rendered":"<p>\u00a0\u2013 VOMAG eine fast vergessene Marke \u2013 Die Marke \u201eVOMAG\u201c war in Plauen im Vogtland ans\u00e4ssig. Folgende Markenartikel in Form von Maschinen und Werkzeugen sowie Verkehrsfahrzeuge, wie Lastkraftwagen und Omnibusse hat man bei \u201eVOMAG\u201c hergestellt: Stickerei-Maschinen f\u00fcr die ber\u00fchmte \u201ePlauener Spitze\u201c\u2026 Druckerei-Maschinen f\u00fcr Zeitungen\/B\u00fccher\u2026 Werkzeug-Maschinen f\u00fcr verschiedene Anwendungen\u2026 Lastkraftwagen und Omnibusse f\u00fcr Transport und Bef\u00f6rderung\u2026 &hellip; <a href=\"http:\/\/victoria-rad.de\/?p=16051\" class=\"more-link\"><span class=\"screen-reader-text\">VOMAG 1. Teil &#8211; eine fast vergessene Marke aus Plauen (Vogtland) lebt wieder auf&#8230;<\/span> weiterlesen<\/a><\/p>\n","protected":false},"author":1,"featured_media":0,"comment_status":"open","ping_status":"open","sticky":false,"template":"","format":"standard","meta":{"footnotes":""},"categories":[1],"tags":[],"class_list":["post-16051","post","type-post","status-publish","format-standard","hentry","category-uncategorized"],"_links":{"self":[{"href":"http:\/\/victoria-rad.de\/index.php?rest_route=\/wp\/v2\/posts\/16051","targetHints":{"allow":["GET"]}}],"collection":[{"href":"http:\/\/victoria-rad.de\/index.php?rest_route=\/wp\/v2\/posts"}],"about":[{"href":"http:\/\/victoria-rad.de\/index.php?rest_route=\/wp\/v2\/types\/post"}],"author":[{"embeddable":true,"href":"http:\/\/victoria-rad.de\/index.php?rest_route=\/wp\/v2\/users\/1"}],"replies":[{"embeddable":true,"href":"http:\/\/victoria-rad.de\/index.php?rest_route=%2Fwp%2Fv2%2Fcomments&post=16051"}],"version-history":[{"count":21,"href":"http:\/\/victoria-rad.de\/index.php?rest_route=\/wp\/v2\/posts\/16051\/revisions"}],"predecessor-version":[{"id":16254,"href":"http:\/\/victoria-rad.de\/index.php?rest_route=\/wp\/v2\/posts\/16051\/revisions\/16254"}],"wp:attachment":[{"href":"http:\/\/victoria-rad.de\/index.php?rest_route=%2Fwp%2Fv2%2Fmedia&parent=16051"}],"wp:term":[{"taxonomy":"category","embeddable":true,"href":"http:\/\/victoria-rad.de\/index.php?rest_route=%2Fwp%2Fv2%2Fcategories&post=16051"},{"taxonomy":"post_tag","embeddable":true,"href":"http:\/\/victoria-rad.de\/index.php?rest_route=%2Fwp%2Fv2%2Ftags&post=16051"}],"curies":[{"name":"wp","href":"https:\/\/api.w.org\/{rel}","templated":true}]}}