{"id":17629,"date":"2024-12-20T09:39:50","date_gmt":"2024-12-20T08:39:50","guid":{"rendered":"https:\/\/victoria-rad.de\/?p=17629"},"modified":"2024-12-20T09:39:50","modified_gmt":"2024-12-20T08:39:50","slug":"victoria-saxonette-damals-und-heute","status":"publish","type":"post","link":"http:\/\/victoria-rad.de\/?p=17629","title":{"rendered":"Victoria &#8211; &#8222;Saxonette&#8220; damals und heute&#8230;"},"content":{"rendered":"<h2 style=\"text-align: center;\">&#8211; Saxonette &#8211;<\/h2>\n<p><strong>Die Firma Fichtel &amp; Sachs entwickelte den Radnabenmotor &#8222;Saxonette&#8220; und stellten ihn im Jahr 1937 auf der Berliner Automobil-Ausstellung vor&#8230;<\/strong><\/p>\n<p><a href=\"http:\/\/victoria-rad.de\/wp-content\/uploads\/2024\/12\/1004-scaled.jpg\"><img loading=\"lazy\" decoding=\"async\" class=\"aligncenter wp-image-17631 size-medium\" src=\"http:\/\/victoria-rad.de\/wp-content\/uploads\/2024\/12\/1004-211x300.jpg\" alt=\"\" width=\"211\" height=\"300\" srcset=\"http:\/\/victoria-rad.de\/wp-content\/uploads\/2024\/12\/1004-211x300.jpg 211w, http:\/\/victoria-rad.de\/wp-content\/uploads\/2024\/12\/1004-719x1024.jpg 719w, http:\/\/victoria-rad.de\/wp-content\/uploads\/2024\/12\/1004-105x150.jpg 105w, http:\/\/victoria-rad.de\/wp-content\/uploads\/2024\/12\/1004-768x1093.jpg 768w, http:\/\/victoria-rad.de\/wp-content\/uploads\/2024\/12\/1004-1079x1536.jpg 1079w, http:\/\/victoria-rad.de\/wp-content\/uploads\/2024\/12\/1004-1439x2048.jpg 1439w, http:\/\/victoria-rad.de\/wp-content\/uploads\/2024\/12\/1004-scaled.jpg 1798w\" sizes=\"auto, (max-width: 211px) 100vw, 211px\" \/><\/a><\/p>\n<p><a href=\"http:\/\/victoria-rad.de\/wp-content\/uploads\/2024\/12\/1006-scaled.jpg\"><img loading=\"lazy\" decoding=\"async\" class=\"aligncenter wp-image-17633 size-medium\" src=\"http:\/\/victoria-rad.de\/wp-content\/uploads\/2024\/12\/1006-194x300.jpg\" alt=\"\" width=\"194\" height=\"300\" srcset=\"http:\/\/victoria-rad.de\/wp-content\/uploads\/2024\/12\/1006-194x300.jpg 194w, http:\/\/victoria-rad.de\/wp-content\/uploads\/2024\/12\/1006-662x1024.jpg 662w, http:\/\/victoria-rad.de\/wp-content\/uploads\/2024\/12\/1006-97x150.jpg 97w, http:\/\/victoria-rad.de\/wp-content\/uploads\/2024\/12\/1006-768x1189.jpg 768w, http:\/\/victoria-rad.de\/wp-content\/uploads\/2024\/12\/1006-992x1536.jpg 992w, http:\/\/victoria-rad.de\/wp-content\/uploads\/2024\/12\/1006-1323x2048.jpg 1323w, http:\/\/victoria-rad.de\/wp-content\/uploads\/2024\/12\/1006-scaled.jpg 1654w\" sizes=\"auto, (max-width: 194px) 100vw, 194px\" \/><\/a><\/p>\n<p><a href=\"http:\/\/victoria-rad.de\/wp-content\/uploads\/2024\/12\/1005-scaled.jpg\"><img loading=\"lazy\" decoding=\"async\" class=\"aligncenter wp-image-17632 size-medium\" src=\"http:\/\/victoria-rad.de\/wp-content\/uploads\/2024\/12\/1005-210x300.jpg\" alt=\"\" width=\"210\" height=\"300\" srcset=\"http:\/\/victoria-rad.de\/wp-content\/uploads\/2024\/12\/1005-210x300.jpg 210w, http:\/\/victoria-rad.de\/wp-content\/uploads\/2024\/12\/1005-718x1024.jpg 718w, http:\/\/victoria-rad.de\/wp-content\/uploads\/2024\/12\/1005-105x150.jpg 105w, http:\/\/victoria-rad.de\/wp-content\/uploads\/2024\/12\/1005-768x1095.jpg 768w, http:\/\/victoria-rad.de\/wp-content\/uploads\/2024\/12\/1005-1077x1536.jpg 1077w, http:\/\/victoria-rad.de\/wp-content\/uploads\/2024\/12\/1005-1437x2048.jpg 1437w, http:\/\/victoria-rad.de\/wp-content\/uploads\/2024\/12\/1005-scaled.jpg 1796w\" sizes=\"auto, (max-width: 210px) 100vw, 210px\" \/><\/a><strong>F\u00fcr die Hersteller, wie auch Victoria, wurden Vorschl\u00e4ge von &#8222;Fichtel &amp; Sachs&#8220; gemacht, wie ein Fahrzeug mit den eingebautem Rad-Naben-Motor aussehen k\u00f6nnte:<\/strong><\/p>\n<p><a href=\"http:\/\/victoria-rad.de\/wp-content\/uploads\/2024\/12\/1007-scaled.jpg\"><img loading=\"lazy\" decoding=\"async\" class=\"aligncenter wp-image-17635 size-medium\" src=\"http:\/\/victoria-rad.de\/wp-content\/uploads\/2024\/12\/1007-191x300.jpg\" alt=\"\" width=\"191\" height=\"300\" srcset=\"http:\/\/victoria-rad.de\/wp-content\/uploads\/2024\/12\/1007-191x300.jpg 191w, http:\/\/victoria-rad.de\/wp-content\/uploads\/2024\/12\/1007-651x1024.jpg 651w, http:\/\/victoria-rad.de\/wp-content\/uploads\/2024\/12\/1007-95x150.jpg 95w, http:\/\/victoria-rad.de\/wp-content\/uploads\/2024\/12\/1007-768x1208.jpg 768w, http:\/\/victoria-rad.de\/wp-content\/uploads\/2024\/12\/1007-977x1536.jpg 977w, http:\/\/victoria-rad.de\/wp-content\/uploads\/2024\/12\/1007-1302x2048.jpg 1302w, http:\/\/victoria-rad.de\/wp-content\/uploads\/2024\/12\/1007-scaled.jpg 1628w\" sizes=\"auto, (max-width: 191px) 100vw, 191px\" \/><\/a><strong>Hier das erste Modell von Victoria:<\/strong><\/p>\n<p style=\"text-align: center;\"><a href=\"http:\/\/victoria-rad.de\/wp-content\/uploads\/2024\/12\/642.jpg\"><img loading=\"lazy\" decoding=\"async\" class=\"aligncenter wp-image-17636 size-medium\" src=\"http:\/\/victoria-rad.de\/wp-content\/uploads\/2024\/12\/642-300x201.jpg\" alt=\"\" width=\"300\" height=\"201\" srcset=\"http:\/\/victoria-rad.de\/wp-content\/uploads\/2024\/12\/642-300x201.jpg 300w, http:\/\/victoria-rad.de\/wp-content\/uploads\/2024\/12\/642-1024x685.jpg 1024w, http:\/\/victoria-rad.de\/wp-content\/uploads\/2024\/12\/642-150x100.jpg 150w, http:\/\/victoria-rad.de\/wp-content\/uploads\/2024\/12\/642-768x514.jpg 768w, http:\/\/victoria-rad.de\/wp-content\/uploads\/2024\/12\/642-1536x1027.jpg 1536w, http:\/\/victoria-rad.de\/wp-content\/uploads\/2024\/12\/642-2048x1370.jpg 2048w\" sizes=\"auto, (max-width: 300px) 100vw, 300px\" \/><\/a>Als Damenmodell mit Tank \u00fcber dem Hinterrad&#8230;<\/p>\n<p style=\"text-align: center;\"><a href=\"http:\/\/victoria-rad.de\/wp-content\/uploads\/2024\/12\/641-Victoria-Saxonette-D-1939.jpg\"><img loading=\"lazy\" decoding=\"async\" class=\"aligncenter wp-image-17637 size-medium\" src=\"http:\/\/victoria-rad.de\/wp-content\/uploads\/2024\/12\/641-Victoria-Saxonette-D-1939-300x201.jpg\" alt=\"\" width=\"300\" height=\"201\" srcset=\"http:\/\/victoria-rad.de\/wp-content\/uploads\/2024\/12\/641-Victoria-Saxonette-D-1939-300x201.jpg 300w, http:\/\/victoria-rad.de\/wp-content\/uploads\/2024\/12\/641-Victoria-Saxonette-D-1939-1024x685.jpg 1024w, http:\/\/victoria-rad.de\/wp-content\/uploads\/2024\/12\/641-Victoria-Saxonette-D-1939-150x100.jpg 150w, http:\/\/victoria-rad.de\/wp-content\/uploads\/2024\/12\/641-Victoria-Saxonette-D-1939-768x514.jpg 768w, http:\/\/victoria-rad.de\/wp-content\/uploads\/2024\/12\/641-Victoria-Saxonette-D-1939-1536x1027.jpg 1536w, http:\/\/victoria-rad.de\/wp-content\/uploads\/2024\/12\/641-Victoria-Saxonette-D-1939-2048x1370.jpg 2048w\" sizes=\"auto, (max-width: 300px) 100vw, 300px\" \/><\/a>Sehr, sehr seltenes Modell&#8230;<\/p>\n<p><strong>Nummer zwei von Victoria:<\/strong><\/p>\n<p style=\"text-align: center;\"><a href=\"http:\/\/victoria-rad.de\/wp-content\/uploads\/2024\/12\/640-Victoria-Saxonette-H.jpg\"><img loading=\"lazy\" decoding=\"async\" class=\"aligncenter wp-image-17638 size-medium\" src=\"http:\/\/victoria-rad.de\/wp-content\/uploads\/2024\/12\/640-Victoria-Saxonette-H-300x225.jpg\" alt=\"\" width=\"300\" height=\"225\" srcset=\"http:\/\/victoria-rad.de\/wp-content\/uploads\/2024\/12\/640-Victoria-Saxonette-H-300x225.jpg 300w, http:\/\/victoria-rad.de\/wp-content\/uploads\/2024\/12\/640-Victoria-Saxonette-H-1024x768.jpg 1024w, http:\/\/victoria-rad.de\/wp-content\/uploads\/2024\/12\/640-Victoria-Saxonette-H-150x113.jpg 150w, http:\/\/victoria-rad.de\/wp-content\/uploads\/2024\/12\/640-Victoria-Saxonette-H-768x576.jpg 768w, http:\/\/victoria-rad.de\/wp-content\/uploads\/2024\/12\/640-Victoria-Saxonette-H-1536x1152.jpg 1536w, http:\/\/victoria-rad.de\/wp-content\/uploads\/2024\/12\/640-Victoria-Saxonette-H-2048x1536.jpg 2048w\" sizes=\"auto, (max-width: 300px) 100vw, 300px\" \/><\/a>Art &#8211; Bananentank \u00fcberm Mittelrohr&#8230;<\/p>\n<p><a href=\"http:\/\/victoria-rad.de\/wp-content\/uploads\/2024\/12\/Victoria-Buch-Bilder-043.jpg\"><img loading=\"lazy\" decoding=\"async\" class=\"aligncenter wp-image-17639 size-medium\" src=\"http:\/\/victoria-rad.de\/wp-content\/uploads\/2024\/12\/Victoria-Buch-Bilder-043-300x193.jpg\" alt=\"\" width=\"300\" height=\"193\" srcset=\"http:\/\/victoria-rad.de\/wp-content\/uploads\/2024\/12\/Victoria-Buch-Bilder-043-300x193.jpg 300w, http:\/\/victoria-rad.de\/wp-content\/uploads\/2024\/12\/Victoria-Buch-Bilder-043-1024x659.jpg 1024w, http:\/\/victoria-rad.de\/wp-content\/uploads\/2024\/12\/Victoria-Buch-Bilder-043-150x97.jpg 150w, http:\/\/victoria-rad.de\/wp-content\/uploads\/2024\/12\/Victoria-Buch-Bilder-043-768x494.jpg 768w, http:\/\/victoria-rad.de\/wp-content\/uploads\/2024\/12\/Victoria-Buch-Bilder-043-1536x988.jpg 1536w, http:\/\/victoria-rad.de\/wp-content\/uploads\/2024\/12\/Victoria-Buch-Bilder-043-2048x1318.jpg 2048w\" sizes=\"auto, (max-width: 300px) 100vw, 300px\" \/><\/a><strong>Der Rad-Naben-Motor im Detail:<\/strong><\/p>\n<p><a href=\"http:\/\/victoria-rad.de\/wp-content\/uploads\/2024\/12\/Victoria-Buch-Bilder-047.jpg\"><img loading=\"lazy\" decoding=\"async\" class=\"aligncenter wp-image-17640 size-medium\" src=\"http:\/\/victoria-rad.de\/wp-content\/uploads\/2024\/12\/Victoria-Buch-Bilder-047-300x225.jpg\" alt=\"\" width=\"300\" height=\"225\" srcset=\"http:\/\/victoria-rad.de\/wp-content\/uploads\/2024\/12\/Victoria-Buch-Bilder-047-300x225.jpg 300w, http:\/\/victoria-rad.de\/wp-content\/uploads\/2024\/12\/Victoria-Buch-Bilder-047-1024x768.jpg 1024w, http:\/\/victoria-rad.de\/wp-content\/uploads\/2024\/12\/Victoria-Buch-Bilder-047-150x113.jpg 150w, http:\/\/victoria-rad.de\/wp-content\/uploads\/2024\/12\/Victoria-Buch-Bilder-047-768x576.jpg 768w, http:\/\/victoria-rad.de\/wp-content\/uploads\/2024\/12\/Victoria-Buch-Bilder-047-1536x1152.jpg 1536w, http:\/\/victoria-rad.de\/wp-content\/uploads\/2024\/12\/Victoria-Buch-Bilder-047-2048x1536.jpg 2048w\" sizes=\"auto, (max-width: 300px) 100vw, 300px\" \/><\/a><\/p>\n<p><strong>Ja liebe Freunde, wie sieht eine Saxonette der Firma &#8222;SFM&#8220;-Bikes aus N\u00fcrnberg heute, also nach ca. 85 Jahren aus:<\/strong><\/p>\n<p style=\"text-align: center;\"><a href=\"http:\/\/victoria-rad.de\/wp-content\/uploads\/2024\/12\/20241212_122204-scaled.jpg\"><img loading=\"lazy\" decoding=\"async\" class=\"aligncenter wp-image-17642 size-medium\" src=\"http:\/\/victoria-rad.de\/wp-content\/uploads\/2024\/12\/20241212_122204-300x225.jpg\" alt=\"\" width=\"300\" height=\"225\" srcset=\"http:\/\/victoria-rad.de\/wp-content\/uploads\/2024\/12\/20241212_122204-300x225.jpg 300w, http:\/\/victoria-rad.de\/wp-content\/uploads\/2024\/12\/20241212_122204-1024x768.jpg 1024w, http:\/\/victoria-rad.de\/wp-content\/uploads\/2024\/12\/20241212_122204-150x113.jpg 150w, http:\/\/victoria-rad.de\/wp-content\/uploads\/2024\/12\/20241212_122204-768x576.jpg 768w, http:\/\/victoria-rad.de\/wp-content\/uploads\/2024\/12\/20241212_122204-1536x1152.jpg 1536w, http:\/\/victoria-rad.de\/wp-content\/uploads\/2024\/12\/20241212_122204-2048x1536.jpg 2048w\" sizes=\"auto, (max-width: 300px) 100vw, 300px\" \/><\/a>Der Rad-Naben-Motor &#8211; Elektroantrieb &#8211; ist im Vorderrad, die Batterie befindet sich unterm Gep\u00e4cktr\u00e4ger \u00fcber dem Hinterrad&#8230;<\/p>\n<p style=\"text-align: center;\"><a href=\"http:\/\/victoria-rad.de\/wp-content\/uploads\/2024\/12\/20241212_122220-scaled.jpg\"><img loading=\"lazy\" decoding=\"async\" class=\"aligncenter wp-image-17643 size-medium\" src=\"http:\/\/victoria-rad.de\/wp-content\/uploads\/2024\/12\/20241212_122220-225x300.jpg\" alt=\"\" width=\"225\" height=\"300\" srcset=\"http:\/\/victoria-rad.de\/wp-content\/uploads\/2024\/12\/20241212_122220-225x300.jpg 225w, http:\/\/victoria-rad.de\/wp-content\/uploads\/2024\/12\/20241212_122220-768x1024.jpg 768w, http:\/\/victoria-rad.de\/wp-content\/uploads\/2024\/12\/20241212_122220-113x150.jpg 113w, http:\/\/victoria-rad.de\/wp-content\/uploads\/2024\/12\/20241212_122220-1152x1536.jpg 1152w, http:\/\/victoria-rad.de\/wp-content\/uploads\/2024\/12\/20241212_122220-1536x2048.jpg 1536w, http:\/\/victoria-rad.de\/wp-content\/uploads\/2024\/12\/20241212_122220-scaled.jpg 1920w\" sizes=\"auto, (max-width: 225px) 100vw, 225px\" \/><\/a>Man sieht dem kleinen Rad-Naben-Motor die 3x abgestufte Leistung mit einer max. Geschwindigkeit von 25 km\/h nicht an &#8211; sehr durchzugstark &#8211;<\/p>\n<p><a href=\"http:\/\/victoria-rad.de\/wp-content\/uploads\/2024\/12\/20241212_122113-scaled.jpg\"><img loading=\"lazy\" decoding=\"async\" class=\"aligncenter wp-image-17644 size-medium\" src=\"http:\/\/victoria-rad.de\/wp-content\/uploads\/2024\/12\/20241212_122113-300x225.jpg\" alt=\"\" width=\"300\" height=\"225\" srcset=\"http:\/\/victoria-rad.de\/wp-content\/uploads\/2024\/12\/20241212_122113-300x225.jpg 300w, http:\/\/victoria-rad.de\/wp-content\/uploads\/2024\/12\/20241212_122113-1024x768.jpg 1024w, http:\/\/victoria-rad.de\/wp-content\/uploads\/2024\/12\/20241212_122113-150x113.jpg 150w, http:\/\/victoria-rad.de\/wp-content\/uploads\/2024\/12\/20241212_122113-768x576.jpg 768w, http:\/\/victoria-rad.de\/wp-content\/uploads\/2024\/12\/20241212_122113-1536x1152.jpg 1536w, http:\/\/victoria-rad.de\/wp-content\/uploads\/2024\/12\/20241212_122113-2048x1536.jpg 2048w\" sizes=\"auto, (max-width: 300px) 100vw, 300px\" \/><\/a><\/p>\n<p><strong>Gerne noch 2 Bilder aus der Betriebsanleitung von SFM:<\/strong><\/p>\n<p><a href=\"http:\/\/victoria-rad.de\/wp-content\/uploads\/2024\/12\/IMG_20241216_0002.jpg\"><img loading=\"lazy\" decoding=\"async\" class=\"aligncenter wp-image-17645 size-medium\" src=\"http:\/\/victoria-rad.de\/wp-content\/uploads\/2024\/12\/IMG_20241216_0002-277x300.jpg\" alt=\"\" width=\"277\" height=\"300\" srcset=\"http:\/\/victoria-rad.de\/wp-content\/uploads\/2024\/12\/IMG_20241216_0002-277x300.jpg 277w, http:\/\/victoria-rad.de\/wp-content\/uploads\/2024\/12\/IMG_20241216_0002-945x1024.jpg 945w, http:\/\/victoria-rad.de\/wp-content\/uploads\/2024\/12\/IMG_20241216_0002-138x150.jpg 138w, http:\/\/victoria-rad.de\/wp-content\/uploads\/2024\/12\/IMG_20241216_0002-768x832.jpg 768w, http:\/\/victoria-rad.de\/wp-content\/uploads\/2024\/12\/IMG_20241216_0002-1418x1536.jpg 1418w, http:\/\/victoria-rad.de\/wp-content\/uploads\/2024\/12\/IMG_20241216_0002.jpg 1457w\" sizes=\"auto, (max-width: 277px) 100vw, 277px\" \/><\/a>Wie das n\u00e4chste Bild verdeutlicht, handelt es sich zudem auch noch \u00fcber ein <strong>faltbares Rad<\/strong>, welches im Nu im Kofferraum vom Auto verstaut werden kann:<\/p>\n<p><a href=\"http:\/\/victoria-rad.de\/wp-content\/uploads\/2024\/12\/IMG_20241216_0003.jpg\"><img loading=\"lazy\" decoding=\"async\" class=\"aligncenter wp-image-17646 size-medium\" src=\"http:\/\/victoria-rad.de\/wp-content\/uploads\/2024\/12\/IMG_20241216_0003-287x300.jpg\" alt=\"\" width=\"287\" height=\"300\" srcset=\"http:\/\/victoria-rad.de\/wp-content\/uploads\/2024\/12\/IMG_20241216_0003-287x300.jpg 287w, http:\/\/victoria-rad.de\/wp-content\/uploads\/2024\/12\/IMG_20241216_0003-981x1024.jpg 981w, http:\/\/victoria-rad.de\/wp-content\/uploads\/2024\/12\/IMG_20241216_0003-144x150.jpg 144w, http:\/\/victoria-rad.de\/wp-content\/uploads\/2024\/12\/IMG_20241216_0003-768x802.jpg 768w, http:\/\/victoria-rad.de\/wp-content\/uploads\/2024\/12\/IMG_20241216_0003-1471x1536.jpg 1471w, http:\/\/victoria-rad.de\/wp-content\/uploads\/2024\/12\/IMG_20241216_0003.jpg 1677w\" sizes=\"auto, (max-width: 287px) 100vw, 287px\" \/><\/a><\/p>\n<p style=\"text-align: center;\"><em><strong>Ich denke f\u00fcr die Interessierten unter uns ist es wissenswert, wie die Entwicklung innerhalb von fast einem Jahrhundert voran gegangen ist !!!<\/strong><\/em><\/p>\n<p><a href=\"http:\/\/victoria-rad.de\/wp-content\/uploads\/2024\/12\/IMG_20190312_0002-scaled.jpg\"><img loading=\"lazy\" decoding=\"async\" class=\"aligncenter wp-image-17522 size-medium\" src=\"http:\/\/victoria-rad.de\/wp-content\/uploads\/2024\/12\/IMG_20190312_0002-300x102.jpg\" alt=\"\" width=\"300\" height=\"102\" srcset=\"http:\/\/victoria-rad.de\/wp-content\/uploads\/2024\/12\/IMG_20190312_0002-300x102.jpg 300w, http:\/\/victoria-rad.de\/wp-content\/uploads\/2024\/12\/IMG_20190312_0002-1024x347.jpg 1024w, http:\/\/victoria-rad.de\/wp-content\/uploads\/2024\/12\/IMG_20190312_0002-150x51.jpg 150w, http:\/\/victoria-rad.de\/wp-content\/uploads\/2024\/12\/IMG_20190312_0002-768x261.jpg 768w, http:\/\/victoria-rad.de\/wp-content\/uploads\/2024\/12\/IMG_20190312_0002-1536x521.jpg 1536w, http:\/\/victoria-rad.de\/wp-content\/uploads\/2024\/12\/IMG_20190312_0002-2048x695.jpg 2048w\" sizes=\"auto, (max-width: 300px) 100vw, 300px\" \/><\/a><\/p>\n","protected":false},"excerpt":{"rendered":"<p>&#8211; Saxonette &#8211; Die Firma Fichtel &amp; Sachs entwickelte den Radnabenmotor &#8222;Saxonette&#8220; und stellten ihn im Jahr 1937 auf der Berliner Automobil-Ausstellung vor&#8230; F\u00fcr die Hersteller, wie auch Victoria, wurden Vorschl\u00e4ge von &#8222;Fichtel &amp; Sachs&#8220; gemacht, wie ein Fahrzeug mit den eingebautem Rad-Naben-Motor aussehen k\u00f6nnte: Hier das erste Modell von Victoria: Als Damenmodell mit Tank &hellip; <a href=\"http:\/\/victoria-rad.de\/?p=17629\" class=\"more-link\"><span class=\"screen-reader-text\">Victoria &#8211; &#8222;Saxonette&#8220; damals und heute&#8230;<\/span> weiterlesen<\/a><\/p>\n","protected":false},"author":1,"featured_media":0,"comment_status":"open","ping_status":"open","sticky":false,"template":"","format":"standard","meta":{"footnotes":""},"categories":[1],"tags":[],"class_list":["post-17629","post","type-post","status-publish","format-standard","hentry","category-uncategorized"],"_links":{"self":[{"href":"http:\/\/victoria-rad.de\/index.php?rest_route=\/wp\/v2\/posts\/17629","targetHints":{"allow":["GET"]}}],"collection":[{"href":"http:\/\/victoria-rad.de\/index.php?rest_route=\/wp\/v2\/posts"}],"about":[{"href":"http:\/\/victoria-rad.de\/index.php?rest_route=\/wp\/v2\/types\/post"}],"author":[{"embeddable":true,"href":"http:\/\/victoria-rad.de\/index.php?rest_route=\/wp\/v2\/users\/1"}],"replies":[{"embeddable":true,"href":"http:\/\/victoria-rad.de\/index.php?rest_route=%2Fwp%2Fv2%2Fcomments&post=17629"}],"version-history":[{"count":9,"href":"http:\/\/victoria-rad.de\/index.php?rest_route=\/wp\/v2\/posts\/17629\/revisions"}],"predecessor-version":[{"id":17654,"href":"http:\/\/victoria-rad.de\/index.php?rest_route=\/wp\/v2\/posts\/17629\/revisions\/17654"}],"wp:attachment":[{"href":"http:\/\/victoria-rad.de\/index.php?rest_route=%2Fwp%2Fv2%2Fmedia&parent=17629"}],"wp:term":[{"taxonomy":"category","embeddable":true,"href":"http:\/\/victoria-rad.de\/index.php?rest_route=%2Fwp%2Fv2%2Fcategories&post=17629"},{"taxonomy":"post_tag","embeddable":true,"href":"http:\/\/victoria-rad.de\/index.php?rest_route=%2Fwp%2Fv2%2Ftags&post=17629"}],"curies":[{"name":"wp","href":"https:\/\/api.w.org\/{rel}","templated":true}]}}