{"id":18770,"date":"2026-03-13T10:02:54","date_gmt":"2026-03-13T09:02:54","guid":{"rendered":"https:\/\/victoria-rad.de\/?p=18770"},"modified":"2026-03-15T17:01:36","modified_gmt":"2026-03-15T16:01:36","slug":"shell-tankstelle-in-mylau-vogtland-einzige-vollerhaltene-im-alten-design","status":"publish","type":"post","link":"http:\/\/victoria-rad.de\/?p=18770","title":{"rendered":"Shell &#8211; Tankstelle im Vogtland n\u00e4he Reichenbach &#8211; einzige vollerhaltene im alten Design&#8230;"},"content":{"rendered":"<p><strong>Auf den Spuren der fortschreitenden Motorisierung wurden in allen Teilen von Deutschland Tankstellen gebaut und er\u00f6ffnet. So auch im einem kleinen Ort bei uns im Vogtland &#8211; N\u00e4he der gr\u00f6\u00dferen Stadt Reichenbach. Die Firma Shell \u00b4, welche am Anfang durch Muschelimporte, daher auch das Muschel -Emblem, bekannt wurde, begann Anfang des 18. Jahrhunderts mit \u00d6l-Importen -weltweit&#8230;<\/strong><\/p>\n<p style=\"text-align: center;\"><img loading=\"lazy\" decoding=\"async\" class=\"alignnone size-full wp-image-18933 aligncenter\" src=\"http:\/\/victoria-rad.de\/wp-content\/uploads\/2026\/03\/OIP-1.webp\" alt=\"\" width=\"108\" height=\"108\" \/>Das Shell-Logo aus den &#8222;Drei\u00dfiger Jahren&#8220;&#8230;<\/p>\n<p style=\"text-align: center;\"><a href=\"http:\/\/victoria-rad.de\/wp-content\/uploads\/2025\/12\/Royal_Dutch_Shell.svg_.png\"><img loading=\"lazy\" decoding=\"async\" class=\"aligncenter wp-image-18772 size-medium\" src=\"http:\/\/victoria-rad.de\/wp-content\/uploads\/2025\/12\/Royal_Dutch_Shell.svg_-300x280.png\" alt=\"\" width=\"300\" height=\"280\" srcset=\"http:\/\/victoria-rad.de\/wp-content\/uploads\/2025\/12\/Royal_Dutch_Shell.svg_-300x280.png 300w, http:\/\/victoria-rad.de\/wp-content\/uploads\/2025\/12\/Royal_Dutch_Shell.svg_-150x140.png 150w, http:\/\/victoria-rad.de\/wp-content\/uploads\/2025\/12\/Royal_Dutch_Shell.svg_.png 330w\" sizes=\"auto, (max-width: 300px) 100vw, 300px\" \/><\/a>Hier das Logo heute, wohl jedem bekannt ist&#8230;<\/p>\n<p><strong>So kam die Shell &#8211; Tankstelle ins Vogtland:<\/strong><\/p>\n<p style=\"text-align: center;\"><a href=\"http:\/\/victoria-rad.de\/wp-content\/uploads\/2025\/12\/20251123_150259-scaled.jpg\"><img loading=\"lazy\" decoding=\"async\" class=\"aligncenter wp-image-18773 size-medium\" src=\"http:\/\/victoria-rad.de\/wp-content\/uploads\/2025\/12\/20251123_150259-300x225.jpg\" alt=\"\" width=\"300\" height=\"225\" srcset=\"http:\/\/victoria-rad.de\/wp-content\/uploads\/2025\/12\/20251123_150259-300x225.jpg 300w, http:\/\/victoria-rad.de\/wp-content\/uploads\/2025\/12\/20251123_150259-1024x768.jpg 1024w, http:\/\/victoria-rad.de\/wp-content\/uploads\/2025\/12\/20251123_150259-150x113.jpg 150w, http:\/\/victoria-rad.de\/wp-content\/uploads\/2025\/12\/20251123_150259-768x576.jpg 768w, http:\/\/victoria-rad.de\/wp-content\/uploads\/2025\/12\/20251123_150259-1536x1152.jpg 1536w, http:\/\/victoria-rad.de\/wp-content\/uploads\/2025\/12\/20251123_150259-2048x1536.jpg 2048w\" sizes=\"auto, (max-width: 300px) 100vw, 300px\" \/><\/a>So sieht das Tankstellen-Dach mit ehemaligen Laden heute aus&#8230;<\/p>\n<p><strong>Zur Geschichte &#8211; der Inhaber Willy Strobel:<\/strong><\/p>\n<p style=\"text-align: center;\"><a href=\"http:\/\/victoria-rad.de\/wp-content\/uploads\/2025\/12\/Strobel_Fam._1930.jpg\"><img loading=\"lazy\" decoding=\"async\" class=\"aligncenter wp-image-18774 size-medium\" src=\"http:\/\/victoria-rad.de\/wp-content\/uploads\/2025\/12\/Strobel_Fam._1930-213x300.jpg\" alt=\"\" width=\"213\" height=\"300\" srcset=\"http:\/\/victoria-rad.de\/wp-content\/uploads\/2025\/12\/Strobel_Fam._1930-213x300.jpg 213w, http:\/\/victoria-rad.de\/wp-content\/uploads\/2025\/12\/Strobel_Fam._1930-728x1024.jpg 728w, http:\/\/victoria-rad.de\/wp-content\/uploads\/2025\/12\/Strobel_Fam._1930-107x150.jpg 107w, http:\/\/victoria-rad.de\/wp-content\/uploads\/2025\/12\/Strobel_Fam._1930.jpg 742w\" sizes=\"auto, (max-width: 213px) 100vw, 213px\" \/><\/a>Willy Strobel und Familie &#8211; Drei\u00dfiger Jahre&#8230;<\/p>\n<p style=\"text-align: center;\"><a href=\"http:\/\/victoria-rad.de\/wp-content\/uploads\/2025\/12\/werkstatt-1932_Herbst_Hintenburgwahl.jpg\"><img loading=\"lazy\" decoding=\"async\" class=\"aligncenter wp-image-18780 size-medium\" src=\"http:\/\/victoria-rad.de\/wp-content\/uploads\/2025\/12\/werkstatt-1932_Herbst_Hintenburgwahl-300x190.jpg\" alt=\"\" width=\"300\" height=\"190\" srcset=\"http:\/\/victoria-rad.de\/wp-content\/uploads\/2025\/12\/werkstatt-1932_Herbst_Hintenburgwahl-300x190.jpg 300w, http:\/\/victoria-rad.de\/wp-content\/uploads\/2025\/12\/werkstatt-1932_Herbst_Hintenburgwahl-1024x648.jpg 1024w, http:\/\/victoria-rad.de\/wp-content\/uploads\/2025\/12\/werkstatt-1932_Herbst_Hintenburgwahl-150x95.jpg 150w, http:\/\/victoria-rad.de\/wp-content\/uploads\/2025\/12\/werkstatt-1932_Herbst_Hintenburgwahl-768x486.jpg 768w, http:\/\/victoria-rad.de\/wp-content\/uploads\/2025\/12\/werkstatt-1932_Herbst_Hintenburgwahl-1536x972.jpg 1536w, http:\/\/victoria-rad.de\/wp-content\/uploads\/2025\/12\/werkstatt-1932_Herbst_Hintenburgwahl-2048x1297.jpg 2048w\" sizes=\"auto, (max-width: 300px) 100vw, 300px\" \/><\/a>Hier ein Bild aus dem Jahr 1932 zur &#8222;Hindenburg-Wahl&#8220;&#8230;<\/p>\n<p><strong>Werbekarte der neu gebauten Tankstelle von 1936:<\/strong><\/p>\n<p style=\"text-align: center;\"><a href=\"http:\/\/victoria-rad.de\/wp-content\/uploads\/2025\/12\/strobelco_3.jpg\"><img loading=\"lazy\" decoding=\"async\" class=\"wp-image-18781 size-medium aligncenter\" src=\"http:\/\/victoria-rad.de\/wp-content\/uploads\/2025\/12\/strobelco_3-213x300.jpg\" alt=\"\" width=\"213\" height=\"300\" srcset=\"http:\/\/victoria-rad.de\/wp-content\/uploads\/2025\/12\/strobelco_3-213x300.jpg 213w, http:\/\/victoria-rad.de\/wp-content\/uploads\/2025\/12\/strobelco_3-728x1024.jpg 728w, http:\/\/victoria-rad.de\/wp-content\/uploads\/2025\/12\/strobelco_3-107x150.jpg 107w, http:\/\/victoria-rad.de\/wp-content\/uploads\/2025\/12\/strobelco_3-768x1081.jpg 768w, http:\/\/victoria-rad.de\/wp-content\/uploads\/2025\/12\/strobelco_3-1092x1536.jpg 1092w, http:\/\/victoria-rad.de\/wp-content\/uploads\/2025\/12\/strobelco_3-1456x2048.jpg 1456w, http:\/\/victoria-rad.de\/wp-content\/uploads\/2025\/12\/strobelco_3.jpg 1511w\" sizes=\"auto, (max-width: 213px) 100vw, 213px\" \/><\/a><\/p>\n<p><strong>Nochmal einige \u00e4ltere Ansichten vom Ort mit der imposanten Kirche:<\/strong><\/p>\n<p style=\"text-align: center;\"><a href=\"http:\/\/victoria-rad.de\/wp-content\/uploads\/2025\/12\/mylau_1900-scaled.jpg\"><img loading=\"lazy\" decoding=\"async\" class=\"aligncenter wp-image-18783 size-medium\" src=\"http:\/\/victoria-rad.de\/wp-content\/uploads\/2025\/12\/mylau_1900-300x201.jpg\" alt=\"\" width=\"300\" height=\"201\" srcset=\"http:\/\/victoria-rad.de\/wp-content\/uploads\/2025\/12\/mylau_1900-300x201.jpg 300w, http:\/\/victoria-rad.de\/wp-content\/uploads\/2025\/12\/mylau_1900-1024x687.jpg 1024w, http:\/\/victoria-rad.de\/wp-content\/uploads\/2025\/12\/mylau_1900-150x101.jpg 150w, http:\/\/victoria-rad.de\/wp-content\/uploads\/2025\/12\/mylau_1900-768x515.jpg 768w, http:\/\/victoria-rad.de\/wp-content\/uploads\/2025\/12\/mylau_1900-1536x1030.jpg 1536w, http:\/\/victoria-rad.de\/wp-content\/uploads\/2025\/12\/mylau_1900-2048x1373.jpg 2048w\" sizes=\"auto, (max-width: 300px) 100vw, 300px\" \/><\/a><a href=\"http:\/\/victoria-rad.de\/wp-content\/uploads\/2025\/12\/mylau_um1910-scaled.jpg\"><img loading=\"lazy\" decoding=\"async\" class=\"aligncenter wp-image-18784 size-medium\" src=\"http:\/\/victoria-rad.de\/wp-content\/uploads\/2025\/12\/mylau_um1910-300x190.jpg\" alt=\"\" width=\"300\" height=\"190\" srcset=\"http:\/\/victoria-rad.de\/wp-content\/uploads\/2025\/12\/mylau_um1910-300x190.jpg 300w, http:\/\/victoria-rad.de\/wp-content\/uploads\/2025\/12\/mylau_um1910-1024x647.jpg 1024w, http:\/\/victoria-rad.de\/wp-content\/uploads\/2025\/12\/mylau_um1910-150x95.jpg 150w, http:\/\/victoria-rad.de\/wp-content\/uploads\/2025\/12\/mylau_um1910-768x485.jpg 768w, http:\/\/victoria-rad.de\/wp-content\/uploads\/2025\/12\/mylau_um1910-1536x971.jpg 1536w, http:\/\/victoria-rad.de\/wp-content\/uploads\/2025\/12\/mylau_um1910-2048x1295.jpg 2048w\" sizes=\"auto, (max-width: 300px) 100vw, 300px\" \/><\/a><a href=\"http:\/\/victoria-rad.de\/wp-content\/uploads\/2025\/12\/P1160251.jpg\"><img loading=\"lazy\" decoding=\"async\" class=\"aligncenter wp-image-18785 size-medium\" src=\"http:\/\/victoria-rad.de\/wp-content\/uploads\/2025\/12\/P1160251-300x225.jpg\" alt=\"\" width=\"300\" height=\"225\" srcset=\"http:\/\/victoria-rad.de\/wp-content\/uploads\/2025\/12\/P1160251-300x225.jpg 300w, http:\/\/victoria-rad.de\/wp-content\/uploads\/2025\/12\/P1160251-1024x768.jpg 1024w, http:\/\/victoria-rad.de\/wp-content\/uploads\/2025\/12\/P1160251-150x113.jpg 150w, http:\/\/victoria-rad.de\/wp-content\/uploads\/2025\/12\/P1160251-768x576.jpg 768w, http:\/\/victoria-rad.de\/wp-content\/uploads\/2025\/12\/P1160251-1536x1152.jpg 1536w, http:\/\/victoria-rad.de\/wp-content\/uploads\/2025\/12\/P1160251.jpg 2048w\" sizes=\"auto, (max-width: 300px) 100vw, 300px\" \/><\/a>Die tolle Burg, mit Museum &#8211; ist ein Anziehungspunkt, auch heute noch gern besucht wird&#8230;<\/p>\n<p>Der Besitzer Willy Strobel gr\u00fcndete in Co. eine Werkstatt mit anschlie\u00dfender Tankstelle im Vertrag mit &#8222;SHELL&#8220;. Am Anfang hat der Willy die im Reichenbacher Raum bekannten &#8222;Elster-Motorr\u00e4der&#8220; repariert, das war von 1924 &#8211; 1927. Ab dem Jahr 1929 hatte Willy Strobel die deutsche &#8222;Triumpf-Motorrad-Vertretung&#8220;.<\/p>\n<p style=\"text-align: center;\"><a href=\"http:\/\/victoria-rad.de\/wp-content\/uploads\/2025\/12\/schaufenster_sco.jpg\"><img loading=\"lazy\" decoding=\"async\" class=\"aligncenter wp-image-18782 size-medium\" src=\"http:\/\/victoria-rad.de\/wp-content\/uploads\/2025\/12\/schaufenster_sco-300x191.jpg\" alt=\"\" width=\"300\" height=\"191\" srcset=\"http:\/\/victoria-rad.de\/wp-content\/uploads\/2025\/12\/schaufenster_sco-300x191.jpg 300w, http:\/\/victoria-rad.de\/wp-content\/uploads\/2025\/12\/schaufenster_sco-1024x653.jpg 1024w, http:\/\/victoria-rad.de\/wp-content\/uploads\/2025\/12\/schaufenster_sco-150x96.jpg 150w, http:\/\/victoria-rad.de\/wp-content\/uploads\/2025\/12\/schaufenster_sco-768x489.jpg 768w, http:\/\/victoria-rad.de\/wp-content\/uploads\/2025\/12\/schaufenster_sco-1536x979.jpg 1536w, http:\/\/victoria-rad.de\/wp-content\/uploads\/2025\/12\/schaufenster_sco-2048x1305.jpg 2048w\" sizes=\"auto, (max-width: 300px) 100vw, 300px\" \/><\/a>Ein Foto von der Laden-Ansicht vor dem Neubau von 1936&#8230;<\/p>\n<p style=\"text-align: center;\"><a href=\"http:\/\/victoria-rad.de\/wp-content\/uploads\/2025\/12\/werkstatt-1937.jpg\"><img loading=\"lazy\" decoding=\"async\" class=\"aligncenter wp-image-18788 size-medium\" src=\"http:\/\/victoria-rad.de\/wp-content\/uploads\/2025\/12\/werkstatt-1937-300x214.jpg\" alt=\"\" width=\"300\" height=\"214\" srcset=\"http:\/\/victoria-rad.de\/wp-content\/uploads\/2025\/12\/werkstatt-1937-300x214.jpg 300w, http:\/\/victoria-rad.de\/wp-content\/uploads\/2025\/12\/werkstatt-1937-1024x732.jpg 1024w, http:\/\/victoria-rad.de\/wp-content\/uploads\/2025\/12\/werkstatt-1937-150x107.jpg 150w, http:\/\/victoria-rad.de\/wp-content\/uploads\/2025\/12\/werkstatt-1937-768x549.jpg 768w, http:\/\/victoria-rad.de\/wp-content\/uploads\/2025\/12\/werkstatt-1937-1536x1097.jpg 1536w, http:\/\/victoria-rad.de\/wp-content\/uploads\/2025\/12\/werkstatt-1937-2048x1463.jpg 2048w\" sizes=\"auto, (max-width: 300px) 100vw, 300px\" \/><\/a>Noch ein Bild der Tankstelle mit dem Laden &#8211; rechte Seite im neu gebauten Zustand&#8230;<\/p>\n<p>Die Shell-Tankstelle existierte von 1928 &#8211; 1947. Willy Strobel musste 1943 in den Krieg und kam 1947 aus der Gefangenschaft zur\u00fcck. In der Zeit bis 1947 hat sein Co. &#8211; Mitbesitzer Fritz Ostertag die Tankstelle betrieben, als dieser 1948 starb wurde die Tankstelle nicht mehr er\u00f6ffnet.<\/p>\n<p><strong>Nach dem Krieg gab es eine &#8222;JAWA-Vertretung&#8220; unter Willy Strobel:<\/strong><\/p>\n<ul>\n<li style=\"text-align: left;\"><a href=\"http:\/\/victoria-rad.de\/wp-content\/uploads\/2025\/12\/Jawa_Strobel_1957.jpg\"><img loading=\"lazy\" decoding=\"async\" class=\"aligncenter wp-image-18789 size-medium\" src=\"http:\/\/victoria-rad.de\/wp-content\/uploads\/2025\/12\/Jawa_Strobel_1957-300x197.jpg\" alt=\"\" width=\"300\" height=\"197\" srcset=\"http:\/\/victoria-rad.de\/wp-content\/uploads\/2025\/12\/Jawa_Strobel_1957-300x197.jpg 300w, http:\/\/victoria-rad.de\/wp-content\/uploads\/2025\/12\/Jawa_Strobel_1957-1024x672.jpg 1024w, http:\/\/victoria-rad.de\/wp-content\/uploads\/2025\/12\/Jawa_Strobel_1957-150x98.jpg 150w, http:\/\/victoria-rad.de\/wp-content\/uploads\/2025\/12\/Jawa_Strobel_1957-768x504.jpg 768w, http:\/\/victoria-rad.de\/wp-content\/uploads\/2025\/12\/Jawa_Strobel_1957-1536x1008.jpg 1536w, http:\/\/victoria-rad.de\/wp-content\/uploads\/2025\/12\/Jawa_Strobel_1957.jpg 1683w\" sizes=\"auto, (max-width: 300px) 100vw, 300px\" \/><\/a><a href=\"http:\/\/victoria-rad.de\/wp-content\/uploads\/2025\/12\/Jawa_Strobel_1957_1-1.jpg\"><img loading=\"lazy\" decoding=\"async\" class=\"aligncenter wp-image-18790 size-medium\" src=\"http:\/\/victoria-rad.de\/wp-content\/uploads\/2025\/12\/Jawa_Strobel_1957_1-1-300x198.jpg\" alt=\"\" width=\"300\" height=\"198\" srcset=\"http:\/\/victoria-rad.de\/wp-content\/uploads\/2025\/12\/Jawa_Strobel_1957_1-1-300x198.jpg 300w, http:\/\/victoria-rad.de\/wp-content\/uploads\/2025\/12\/Jawa_Strobel_1957_1-1-1024x677.jpg 1024w, http:\/\/victoria-rad.de\/wp-content\/uploads\/2025\/12\/Jawa_Strobel_1957_1-1-150x99.jpg 150w, http:\/\/victoria-rad.de\/wp-content\/uploads\/2025\/12\/Jawa_Strobel_1957_1-1-768x508.jpg 768w, http:\/\/victoria-rad.de\/wp-content\/uploads\/2025\/12\/Jawa_Strobel_1957_1-1-1536x1016.jpg 1536w, http:\/\/victoria-rad.de\/wp-content\/uploads\/2025\/12\/Jawa_Strobel_1957_1-1.jpg 1683w\" sizes=\"auto, (max-width: 300px) 100vw, 300px\" \/><\/a><strong>Danach wurde ab den 1970er Jahren in Pacht eine &#8222;SIMSON-Vertretung&#8220; unter Gerhard St\u00f6ckel er\u00f6ffnet, die dort bis 1990 ans\u00e4ssig war.<\/strong><\/li>\n<li><strong>Von 1990 bis 1995 gab es unter St\u00f6ckel eine AVD- Vertretung.<\/strong><\/li>\n<li><strong>Von 1995 bis 2000 -Leerstand.<\/strong><\/li>\n<li><strong>Ab dem Jahr 2000 Besitzerwechsel Ingo Krauspe \/ Olaf Roth.<\/strong><\/li>\n<li><strong>Ab dem Jahr 2018 Besitzer Ingo Krauspe.<\/strong><\/li>\n<\/ul>\n<p><em><strong>Zum Abschluss m\u00f6chte ich noch auf die verheerenden Hochwasser von 1954\/55 eingehen, welches insbesondere die Stadt getroffen hat, dazu im Anschluss noch einige Bilder:<\/strong><\/em><\/p>\n<p><a href=\"http:\/\/victoria-rad.de\/wp-content\/uploads\/2025\/12\/20230219_095827.jpg\"><img loading=\"lazy\" decoding=\"async\" class=\"aligncenter wp-image-18792 size-medium\" src=\"http:\/\/victoria-rad.de\/wp-content\/uploads\/2025\/12\/20230219_095827-300x206.jpg\" alt=\"\" width=\"300\" height=\"206\" srcset=\"http:\/\/victoria-rad.de\/wp-content\/uploads\/2025\/12\/20230219_095827-300x206.jpg 300w, http:\/\/victoria-rad.de\/wp-content\/uploads\/2025\/12\/20230219_095827-1024x703.jpg 1024w, http:\/\/victoria-rad.de\/wp-content\/uploads\/2025\/12\/20230219_095827-150x103.jpg 150w, http:\/\/victoria-rad.de\/wp-content\/uploads\/2025\/12\/20230219_095827-768x527.jpg 768w, http:\/\/victoria-rad.de\/wp-content\/uploads\/2025\/12\/20230219_095827.jpg 1139w\" sizes=\"auto, (max-width: 300px) 100vw, 300px\" \/><\/a><a href=\"http:\/\/victoria-rad.de\/wp-content\/uploads\/2025\/12\/Hochwasser_1955_3.jpg\"><img loading=\"lazy\" decoding=\"async\" class=\"aligncenter wp-image-18793 size-medium\" src=\"http:\/\/victoria-rad.de\/wp-content\/uploads\/2025\/12\/Hochwasser_1955_3-300x203.jpg\" alt=\"\" width=\"300\" height=\"203\" srcset=\"http:\/\/victoria-rad.de\/wp-content\/uploads\/2025\/12\/Hochwasser_1955_3-300x203.jpg 300w, http:\/\/victoria-rad.de\/wp-content\/uploads\/2025\/12\/Hochwasser_1955_3-1024x692.jpg 1024w, http:\/\/victoria-rad.de\/wp-content\/uploads\/2025\/12\/Hochwasser_1955_3-150x101.jpg 150w, http:\/\/victoria-rad.de\/wp-content\/uploads\/2025\/12\/Hochwasser_1955_3-768x519.jpg 768w, http:\/\/victoria-rad.de\/wp-content\/uploads\/2025\/12\/Hochwasser_1955_3.jpg 1211w\" sizes=\"auto, (max-width: 300px) 100vw, 300px\" \/><\/a><a href=\"http:\/\/victoria-rad.de\/wp-content\/uploads\/2025\/12\/Hochwasser_1955_4.jpg\"><img loading=\"lazy\" decoding=\"async\" class=\"aligncenter wp-image-18794 size-medium\" src=\"http:\/\/victoria-rad.de\/wp-content\/uploads\/2025\/12\/Hochwasser_1955_4-300x208.jpg\" alt=\"\" width=\"300\" height=\"208\" srcset=\"http:\/\/victoria-rad.de\/wp-content\/uploads\/2025\/12\/Hochwasser_1955_4-300x208.jpg 300w, http:\/\/victoria-rad.de\/wp-content\/uploads\/2025\/12\/Hochwasser_1955_4-1024x710.jpg 1024w, http:\/\/victoria-rad.de\/wp-content\/uploads\/2025\/12\/Hochwasser_1955_4-150x104.jpg 150w, http:\/\/victoria-rad.de\/wp-content\/uploads\/2025\/12\/Hochwasser_1955_4-768x533.jpg 768w, http:\/\/victoria-rad.de\/wp-content\/uploads\/2025\/12\/Hochwasser_1955_4.jpg 1228w\" sizes=\"auto, (max-width: 300px) 100vw, 300px\" \/><\/a><\/p>\n<p><strong>Noch ein letztes Foto von 1928 als sich zwei LKW B\u00fcssing vor dem Betriebsgeb\u00e4ude und Tankstelle der Strobels in die Quere kamen:<\/strong><\/p>\n<p><a href=\"http:\/\/victoria-rad.de\/wp-content\/uploads\/2025\/12\/Unfall_1928-scaled.jpg\"><img loading=\"lazy\" decoding=\"async\" class=\"aligncenter wp-image-18795 size-medium\" src=\"http:\/\/victoria-rad.de\/wp-content\/uploads\/2025\/12\/Unfall_1928-300x179.jpg\" alt=\"\" width=\"300\" height=\"179\" srcset=\"http:\/\/victoria-rad.de\/wp-content\/uploads\/2025\/12\/Unfall_1928-300x179.jpg 300w, http:\/\/victoria-rad.de\/wp-content\/uploads\/2025\/12\/Unfall_1928-1024x611.jpg 1024w, http:\/\/victoria-rad.de\/wp-content\/uploads\/2025\/12\/Unfall_1928-150x89.jpg 150w, http:\/\/victoria-rad.de\/wp-content\/uploads\/2025\/12\/Unfall_1928-768x458.jpg 768w, http:\/\/victoria-rad.de\/wp-content\/uploads\/2025\/12\/Unfall_1928-1536x916.jpg 1536w, http:\/\/victoria-rad.de\/wp-content\/uploads\/2025\/12\/Unfall_1928-2048x1221.jpg 2048w\" sizes=\"auto, (max-width: 300px) 100vw, 300px\" \/><\/a><\/p>\n<p style=\"text-align: center;\"><em><strong>Ja liebe Freunde das dazu, aber im n\u00e4chsten Bericht gehe ich nochmal auf die Werkstatt von Willy Strobel ein. Er war auch ein Verfechter vom Rennsport und wie er und Rudolf Gl\u00e4ser, die den Rennsport der &#8222;F\u00fcnfziger Jahre&#8220; pflegten, &#8211; das erfolgt im folgenden Bericht&#8230;<\/strong><\/em><\/p>\n<p><a href=\"http:\/\/victoria-rad.de\/wp-content\/uploads\/2025\/11\/IMG_20190312_0002-scaled.jpg\"><img loading=\"lazy\" decoding=\"async\" class=\"aligncenter wp-image-18737 size-medium\" src=\"http:\/\/victoria-rad.de\/wp-content\/uploads\/2025\/11\/IMG_20190312_0002-300x102.jpg\" alt=\"\" width=\"300\" height=\"102\" srcset=\"http:\/\/victoria-rad.de\/wp-content\/uploads\/2025\/11\/IMG_20190312_0002-300x102.jpg 300w, http:\/\/victoria-rad.de\/wp-content\/uploads\/2025\/11\/IMG_20190312_0002-1024x347.jpg 1024w, http:\/\/victoria-rad.de\/wp-content\/uploads\/2025\/11\/IMG_20190312_0002-150x51.jpg 150w, http:\/\/victoria-rad.de\/wp-content\/uploads\/2025\/11\/IMG_20190312_0002-768x261.jpg 768w, http:\/\/victoria-rad.de\/wp-content\/uploads\/2025\/11\/IMG_20190312_0002-1536x521.jpg 1536w, http:\/\/victoria-rad.de\/wp-content\/uploads\/2025\/11\/IMG_20190312_0002-2048x695.jpg 2048w\" sizes=\"auto, (max-width: 300px) 100vw, 300px\" \/><\/a><\/p>\n<p>&nbsp;<\/p>\n<p>&nbsp;<\/p>\n<p>&nbsp;<\/p>\n","protected":false},"excerpt":{"rendered":"<p>Auf den Spuren der fortschreitenden Motorisierung wurden in allen Teilen von Deutschland Tankstellen gebaut und er\u00f6ffnet. So auch im einem kleinen Ort bei uns im Vogtland &#8211; N\u00e4he der gr\u00f6\u00dferen Stadt Reichenbach. Die Firma Shell \u00b4, welche am Anfang durch Muschelimporte, daher auch das Muschel -Emblem, bekannt wurde, begann Anfang des 18. Jahrhunderts mit \u00d6l-Importen &hellip; <a href=\"http:\/\/victoria-rad.de\/?p=18770\" class=\"more-link\"><span class=\"screen-reader-text\">Shell &#8211; Tankstelle im Vogtland n\u00e4he Reichenbach &#8211; einzige vollerhaltene im alten Design&#8230;<\/span> weiterlesen<\/a><\/p>\n","protected":false},"author":1,"featured_media":0,"comment_status":"open","ping_status":"open","sticky":false,"template":"","format":"standard","meta":{"footnotes":""},"categories":[1],"tags":[],"class_list":["post-18770","post","type-post","status-publish","format-standard","hentry","category-uncategorized"],"_links":{"self":[{"href":"http:\/\/victoria-rad.de\/index.php?rest_route=\/wp\/v2\/posts\/18770","targetHints":{"allow":["GET"]}}],"collection":[{"href":"http:\/\/victoria-rad.de\/index.php?rest_route=\/wp\/v2\/posts"}],"about":[{"href":"http:\/\/victoria-rad.de\/index.php?rest_route=\/wp\/v2\/types\/post"}],"author":[{"embeddable":true,"href":"http:\/\/victoria-rad.de\/index.php?rest_route=\/wp\/v2\/users\/1"}],"replies":[{"embeddable":true,"href":"http:\/\/victoria-rad.de\/index.php?rest_route=%2Fwp%2Fv2%2Fcomments&post=18770"}],"version-history":[{"count":13,"href":"http:\/\/victoria-rad.de\/index.php?rest_route=\/wp\/v2\/posts\/18770\/revisions"}],"predecessor-version":[{"id":18936,"href":"http:\/\/victoria-rad.de\/index.php?rest_route=\/wp\/v2\/posts\/18770\/revisions\/18936"}],"wp:attachment":[{"href":"http:\/\/victoria-rad.de\/index.php?rest_route=%2Fwp%2Fv2%2Fmedia&parent=18770"}],"wp:term":[{"taxonomy":"category","embeddable":true,"href":"http:\/\/victoria-rad.de\/index.php?rest_route=%2Fwp%2Fv2%2Fcategories&post=18770"},{"taxonomy":"post_tag","embeddable":true,"href":"http:\/\/victoria-rad.de\/index.php?rest_route=%2Fwp%2Fv2%2Ftags&post=18770"}],"curies":[{"name":"wp","href":"https:\/\/api.w.org\/{rel}","templated":true}]}}