{"id":236,"date":"2018-06-18T15:06:44","date_gmt":"2018-06-18T15:06:44","guid":{"rendered":"http:\/\/victoria-rad.de\/?p=236"},"modified":"2020-01-29T20:14:10","modified_gmt":"2020-01-29T20:14:10","slug":"victoria-autos-ab-1905-eine-kurze-reise-auf-4-raedern","status":"publish","type":"post","link":"http:\/\/victoria-rad.de\/?p=236","title":{"rendered":"Victoria &#8211; Auto &#8211; Autos ab 1905 &#8211; eine kurze Reise auf 4 R\u00e4dern"},"content":{"rendered":"<p><strong>Die Firma Victoria, dass sollte nicht unerw\u00e4hnt bleiben, hat ab 1905 einige Jahre auch Automobile gefertigt. Die 4 verschiedenen Modell in S\/W entstammen der Quelle: Podszun \/ Reinwald.<\/strong><\/p>\n<p><a href=\"http:\/\/victoria-rad.de\/wp-content\/uploads\/2018\/06\/Victoria-Auto1-1.jpg\" target=\"_blank\" rel=\"noopener noreferrer\"><img loading=\"lazy\" decoding=\"async\" class=\"aligncenter wp-image-238 size-medium\" src=\"http:\/\/victoria-rad.de\/wp-content\/uploads\/2018\/06\/Victoria-Auto1-1-300x209.jpg\" alt=\"\" width=\"300\" height=\"209\" srcset=\"http:\/\/victoria-rad.de\/wp-content\/uploads\/2018\/06\/Victoria-Auto1-1-300x209.jpg 300w, http:\/\/victoria-rad.de\/wp-content\/uploads\/2018\/06\/Victoria-Auto1-1-768x536.jpg 768w, http:\/\/victoria-rad.de\/wp-content\/uploads\/2018\/06\/Victoria-Auto1-1-1024x714.jpg 1024w\" sizes=\"auto, (max-width: 300px) 100vw, 300px\" \/><\/a>Das erste Modell wurde im Volksmund &#8222;Doktors Cabriolet&#8220; genannt. Es entstand 1905. Mit gerade mal 5PS und einem Wasserk\u00fchler konnte man wahrscheinlich als Zweisitzer keine \u00fcppigen Geschwindigkeiten erreichen. Die Victoria Automobile konstruierte Max Bauer, der als Oberingenieur nur einige Jahre bei Victoria war.<\/p>\n<p><a href=\"http:\/\/victoria-rad.de\/wp-content\/uploads\/2018\/06\/Victoria-Auto-3.jpg\" target=\"_blank\" rel=\"noopener noreferrer\"><img loading=\"lazy\" decoding=\"async\" class=\"aligncenter wp-image-240 size-medium\" src=\"http:\/\/victoria-rad.de\/wp-content\/uploads\/2018\/06\/Victoria-Auto-3-300x212.jpg\" alt=\"\" width=\"300\" height=\"212\" srcset=\"http:\/\/victoria-rad.de\/wp-content\/uploads\/2018\/06\/Victoria-Auto-3-300x212.jpg 300w, http:\/\/victoria-rad.de\/wp-content\/uploads\/2018\/06\/Victoria-Auto-3-768x544.jpg 768w, http:\/\/victoria-rad.de\/wp-content\/uploads\/2018\/06\/Victoria-Auto-3-1024x725.jpg 1024w\" sizes=\"auto, (max-width: 300px) 100vw, 300px\" \/><\/a>Hier sieht man ein Gef\u00e4hrt mit einem Transportkasten. Das Transportgut wurde gesch\u00fctzt, wobei der Fahrer das Nachsehen hatte und voll der Witterung ausgesetzt war. Im oberen Dachgarten kann man das erstmals verwendete &#8222;VW&#8220; Zeichen erkennen.<\/p>\n<p><a href=\"http:\/\/victoria-rad.de\/wp-content\/uploads\/2018\/06\/Victoria-Auto2.jpg\" target=\"_blank\" rel=\"noopener noreferrer\"><img loading=\"lazy\" decoding=\"async\" class=\"aligncenter wp-image-239 size-medium\" src=\"http:\/\/victoria-rad.de\/wp-content\/uploads\/2018\/06\/Victoria-Auto2-300x226.jpg\" alt=\"\" width=\"300\" height=\"226\" srcset=\"http:\/\/victoria-rad.de\/wp-content\/uploads\/2018\/06\/Victoria-Auto2-300x226.jpg 300w, http:\/\/victoria-rad.de\/wp-content\/uploads\/2018\/06\/Victoria-Auto2-768x577.jpg 768w, http:\/\/victoria-rad.de\/wp-content\/uploads\/2018\/06\/Victoria-Auto2-1024x770.jpg 1024w\" sizes=\"auto, (max-width: 300px) 100vw, 300px\" \/><\/a>Dieser Wagen wurde f\u00fcr 3300 Mark damals angeboten, trotz des g\u00fcnstigen Preises im Vergleich zum Motorrad, konnten sich so ein Fahrzeug nur sehr beg\u00fcterte Menschen leisten.<\/p>\n<p><a href=\"http:\/\/victoria-rad.de\/wp-content\/uploads\/2018\/06\/Victoria-Auto-4.jpg\" target=\"_blank\" rel=\"noopener noreferrer\"><img loading=\"lazy\" decoding=\"async\" class=\"aligncenter wp-image-241 size-medium\" src=\"http:\/\/victoria-rad.de\/wp-content\/uploads\/2018\/06\/Victoria-Auto-4-300x205.jpg\" alt=\"\" width=\"300\" height=\"205\" srcset=\"http:\/\/victoria-rad.de\/wp-content\/uploads\/2018\/06\/Victoria-Auto-4-300x205.jpg 300w, http:\/\/victoria-rad.de\/wp-content\/uploads\/2018\/06\/Victoria-Auto-4-768x526.jpg 768w, http:\/\/victoria-rad.de\/wp-content\/uploads\/2018\/06\/Victoria-Auto-4-1024x701.jpg 1024w, http:\/\/victoria-rad.de\/wp-content\/uploads\/2018\/06\/Victoria-Auto-4.jpg 1548w\" sizes=\"auto, (max-width: 300px) 100vw, 300px\" \/><\/a>Hier eine sechssitzige Limousine ,wohl das teuerste Modell mit 13500 Mark. Die Konstruktion stammt aus dem Jahr 1908 und war mit einem Vierzylindermotor , der 18PS leistete, ausgestattet. Die Autoproduktion w\u00e4hrte noch bis 1912. Man stellte die Produktion aus Platzgr\u00fcnden ein, aber wahrscheinlicher fanden die Besitzer die Produktion von Autos nicht lukrativ genug.<\/p>\n<p>Bis in die F\u00fcnfziger Jahre hat man bei Victoria keine Autos mehr gebaut. Dann hatte man den Kleinwagen &#8222;Spatz&#8220; eingef\u00fchrt, der aber auch nicht der Renner war. Bei Victoria hatte man mit den 4- r\u00e4drigen nicht sehr viel Gl\u00fcck.<\/p>\n<p><a href=\"http:\/\/victoria-rad.de\/wp-content\/uploads\/2018\/06\/Victoria-Auto1.1.jpg\" target=\"_blank\" rel=\"noopener noreferrer\"><img loading=\"lazy\" decoding=\"async\" class=\"aligncenter wp-image-243 size-medium\" src=\"http:\/\/victoria-rad.de\/wp-content\/uploads\/2018\/06\/Victoria-Auto1.1-300x230.jpg\" alt=\"\" width=\"300\" height=\"230\" srcset=\"http:\/\/victoria-rad.de\/wp-content\/uploads\/2018\/06\/Victoria-Auto1.1-300x230.jpg 300w, http:\/\/victoria-rad.de\/wp-content\/uploads\/2018\/06\/Victoria-Auto1.1.jpg 400w\" sizes=\"auto, (max-width: 300px) 100vw, 300px\" \/><\/a>Hier nochmal ein Bild vom &#8222;Doktorwagen&#8220;, welcher im Museum f\u00fcr Industriekultur in N\u00fcrnberg steht.<\/p>\n<p><a href=\"http:\/\/victoria-rad.de\/wp-content\/uploads\/2018\/06\/Victoria-Werke.jpg\" target=\"_blank\" rel=\"noopener noreferrer\"><img loading=\"lazy\" decoding=\"async\" class=\"aligncenter wp-image-246 size-medium\" src=\"http:\/\/victoria-rad.de\/wp-content\/uploads\/2018\/06\/Victoria-Werke-300x116.jpg\" alt=\"\" width=\"300\" height=\"116\" srcset=\"http:\/\/victoria-rad.de\/wp-content\/uploads\/2018\/06\/Victoria-Werke-300x116.jpg 300w, http:\/\/victoria-rad.de\/wp-content\/uploads\/2018\/06\/Victoria-Werke-768x297.jpg 768w, http:\/\/victoria-rad.de\/wp-content\/uploads\/2018\/06\/Victoria-Werke-1024x396.jpg 1024w\" sizes=\"auto, (max-width: 300px) 100vw, 300px\" \/><\/a>Ein originales von den Victoria-Werken, wo auch die Automobile gefertigt wurden.<\/p>\n<p>Nachfolgend die Autos, welche im Fahrradkatalog von 1910 vorgestellt wurden :<\/p>\n<p><a href=\"http:\/\/victoria-rad.de\/wp-content\/uploads\/2018\/03\/IMG_20180621_0004.jpg\" target=\"_blank\" rel=\"noopener noreferrer\"><img loading=\"lazy\" decoding=\"async\" class=\"aligncenter wp-image-320 size-medium\" src=\"http:\/\/victoria-rad.de\/wp-content\/uploads\/2018\/03\/IMG_20180621_0004-300x166.jpg\" alt=\"\" width=\"300\" height=\"166\" srcset=\"http:\/\/victoria-rad.de\/wp-content\/uploads\/2018\/03\/IMG_20180621_0004-300x166.jpg 300w, http:\/\/victoria-rad.de\/wp-content\/uploads\/2018\/03\/IMG_20180621_0004-768x425.jpg 768w, http:\/\/victoria-rad.de\/wp-content\/uploads\/2018\/03\/IMG_20180621_0004-1024x566.jpg 1024w\" sizes=\"auto, (max-width: 300px) 100vw, 300px\" \/><\/a><\/p>\n<p><a href=\"http:\/\/victoria-rad.de\/wp-content\/uploads\/2018\/03\/IMG_20180621_0003.jpg\" target=\"_blank\" rel=\"noopener noreferrer\"><img loading=\"lazy\" decoding=\"async\" class=\"aligncenter wp-image-321 size-medium\" src=\"http:\/\/victoria-rad.de\/wp-content\/uploads\/2018\/03\/IMG_20180621_0003-300x237.jpg\" alt=\"\" width=\"300\" height=\"237\" srcset=\"http:\/\/victoria-rad.de\/wp-content\/uploads\/2018\/03\/IMG_20180621_0003-300x237.jpg 300w, http:\/\/victoria-rad.de\/wp-content\/uploads\/2018\/03\/IMG_20180621_0003-768x607.jpg 768w, http:\/\/victoria-rad.de\/wp-content\/uploads\/2018\/03\/IMG_20180621_0003-1024x810.jpg 1024w\" sizes=\"auto, (max-width: 300px) 100vw, 300px\" \/><\/a><\/p>\n<p><a href=\"http:\/\/victoria-rad.de\/wp-content\/uploads\/2018\/03\/IMG_20180621_0002.jpg\" target=\"_blank\" rel=\"noopener noreferrer\"><img loading=\"lazy\" decoding=\"async\" class=\"aligncenter wp-image-322 size-medium\" src=\"http:\/\/victoria-rad.de\/wp-content\/uploads\/2018\/03\/IMG_20180621_0002-300x186.jpg\" alt=\"\" width=\"300\" height=\"186\" srcset=\"http:\/\/victoria-rad.de\/wp-content\/uploads\/2018\/03\/IMG_20180621_0002-300x186.jpg 300w, http:\/\/victoria-rad.de\/wp-content\/uploads\/2018\/03\/IMG_20180621_0002-768x477.jpg 768w, http:\/\/victoria-rad.de\/wp-content\/uploads\/2018\/03\/IMG_20180621_0002-1024x636.jpg 1024w, http:\/\/victoria-rad.de\/wp-content\/uploads\/2018\/03\/IMG_20180621_0002-825x510.jpg 825w\" sizes=\"auto, (max-width: 300px) 100vw, 300px\" \/><\/a><\/p>\n<p><a href=\"http:\/\/victoria-rad.de\/wp-content\/uploads\/2018\/03\/IMG_20160315_0061.jpg\" target=\"_blank\" rel=\"noopener noreferrer\"><img loading=\"lazy\" decoding=\"async\" class=\"aligncenter wp-image-307 size-medium\" src=\"http:\/\/victoria-rad.de\/wp-content\/uploads\/2018\/03\/IMG_20160315_0061-300x222.jpg\" alt=\"\" width=\"300\" height=\"222\" srcset=\"http:\/\/victoria-rad.de\/wp-content\/uploads\/2018\/03\/IMG_20160315_0061-300x222.jpg 300w, http:\/\/victoria-rad.de\/wp-content\/uploads\/2018\/03\/IMG_20160315_0061-768x569.jpg 768w, http:\/\/victoria-rad.de\/wp-content\/uploads\/2018\/03\/IMG_20160315_0061-1024x759.jpg 1024w\" sizes=\"auto, (max-width: 300px) 100vw, 300px\" \/><\/a><\/p>\n<p><a href=\"http:\/\/victoria-rad.de\/wp-content\/uploads\/2018\/06\/IMG_20180709_0001-Kopie.jpg\" target=\"_blank\" rel=\"noopener noreferrer\"><img loading=\"lazy\" decoding=\"async\" class=\"aligncenter wp-image-447 size-medium\" src=\"http:\/\/victoria-rad.de\/wp-content\/uploads\/2018\/06\/IMG_20180709_0001-Kopie-300x198.jpg\" alt=\"\" width=\"300\" height=\"198\" srcset=\"http:\/\/victoria-rad.de\/wp-content\/uploads\/2018\/06\/IMG_20180709_0001-Kopie-300x198.jpg 300w, http:\/\/victoria-rad.de\/wp-content\/uploads\/2018\/06\/IMG_20180709_0001-Kopie-768x508.jpg 768w, http:\/\/victoria-rad.de\/wp-content\/uploads\/2018\/06\/IMG_20180709_0001-Kopie-1024x678.jpg 1024w, http:\/\/victoria-rad.de\/wp-content\/uploads\/2018\/06\/IMG_20180709_0001-Kopie.jpg 1528w\" sizes=\"auto, (max-width: 300px) 100vw, 300px\" \/><\/a><\/p>\n<p><a href=\"http:\/\/victoria-rad.de\/wp-content\/uploads\/2018\/06\/IMG_20180709_0001.jpg\" target=\"_blank\" rel=\"noopener noreferrer\"><img loading=\"lazy\" decoding=\"async\" class=\"aligncenter wp-image-448 size-medium\" src=\"http:\/\/victoria-rad.de\/wp-content\/uploads\/2018\/06\/IMG_20180709_0001-198x300.jpg\" alt=\"\" width=\"198\" height=\"300\" srcset=\"http:\/\/victoria-rad.de\/wp-content\/uploads\/2018\/06\/IMG_20180709_0001-198x300.jpg 198w, http:\/\/victoria-rad.de\/wp-content\/uploads\/2018\/06\/IMG_20180709_0001-768x1165.jpg 768w, http:\/\/victoria-rad.de\/wp-content\/uploads\/2018\/06\/IMG_20180709_0001-675x1024.jpg 675w, http:\/\/victoria-rad.de\/wp-content\/uploads\/2018\/06\/IMG_20180709_0001.jpg 1344w\" sizes=\"auto, (max-width: 198px) 100vw, 198px\" \/><\/a><\/p>\n<p><a href=\"http:\/\/victoria-rad.de\/wp-content\/uploads\/2018\/06\/915.jpg\" target=\"_blank\" rel=\"noopener noreferrer\"><img loading=\"lazy\" decoding=\"async\" class=\"aligncenter wp-image-445 size-medium\" src=\"http:\/\/victoria-rad.de\/wp-content\/uploads\/2018\/06\/915-300x159.jpg\" alt=\"\" width=\"300\" height=\"159\" srcset=\"http:\/\/victoria-rad.de\/wp-content\/uploads\/2018\/06\/915-300x159.jpg 300w, http:\/\/victoria-rad.de\/wp-content\/uploads\/2018\/06\/915-768x408.jpg 768w, http:\/\/victoria-rad.de\/wp-content\/uploads\/2018\/06\/915-1024x544.jpg 1024w, http:\/\/victoria-rad.de\/wp-content\/uploads\/2018\/06\/915.jpg 1527w\" sizes=\"auto, (max-width: 300px) 100vw, 300px\" \/><\/a><\/p>\n<p><a href=\"http:\/\/victoria-rad.de\/wp-content\/uploads\/2018\/06\/Engel.png\" target=\"_blank\" rel=\"noopener noreferrer\"><img loading=\"lazy\" decoding=\"async\" class=\"aligncenter wp-image-245 size-medium\" src=\"http:\/\/victoria-rad.de\/wp-content\/uploads\/2018\/06\/Engel-248x300.png\" alt=\"\" width=\"248\" height=\"300\" srcset=\"http:\/\/victoria-rad.de\/wp-content\/uploads\/2018\/06\/Engel-248x300.png 248w, http:\/\/victoria-rad.de\/wp-content\/uploads\/2018\/06\/Engel.png 346w\" sizes=\"auto, (max-width: 248px) 100vw, 248px\" \/><\/a><\/p>\n","protected":false},"excerpt":{"rendered":"<p>Die Firma Victoria, dass sollte nicht unerw\u00e4hnt bleiben, hat ab 1905 einige Jahre auch Automobile gefertigt. Die 4 verschiedenen Modell in S\/W entstammen der Quelle: Podszun \/ Reinwald. Das erste Modell wurde im Volksmund &#8222;Doktors Cabriolet&#8220; genannt. Es entstand 1905. Mit gerade mal 5PS und einem Wasserk\u00fchler konnte man wahrscheinlich als Zweisitzer keine \u00fcppigen Geschwindigkeiten &hellip; <a href=\"http:\/\/victoria-rad.de\/?p=236\" class=\"more-link\"><span class=\"screen-reader-text\">Victoria &#8211; Auto &#8211; Autos ab 1905 &#8211; eine kurze Reise auf 4 R\u00e4dern<\/span> weiterlesen<\/a><\/p>\n","protected":false},"author":1,"featured_media":0,"comment_status":"open","ping_status":"open","sticky":false,"template":"","format":"standard","meta":{"footnotes":""},"categories":[1],"tags":[],"class_list":["post-236","post","type-post","status-publish","format-standard","hentry","category-uncategorized"],"_links":{"self":[{"href":"http:\/\/victoria-rad.de\/index.php?rest_route=\/wp\/v2\/posts\/236","targetHints":{"allow":["GET"]}}],"collection":[{"href":"http:\/\/victoria-rad.de\/index.php?rest_route=\/wp\/v2\/posts"}],"about":[{"href":"http:\/\/victoria-rad.de\/index.php?rest_route=\/wp\/v2\/types\/post"}],"author":[{"embeddable":true,"href":"http:\/\/victoria-rad.de\/index.php?rest_route=\/wp\/v2\/users\/1"}],"replies":[{"embeddable":true,"href":"http:\/\/victoria-rad.de\/index.php?rest_route=%2Fwp%2Fv2%2Fcomments&post=236"}],"version-history":[{"count":7,"href":"http:\/\/victoria-rad.de\/index.php?rest_route=\/wp\/v2\/posts\/236\/revisions"}],"predecessor-version":[{"id":7632,"href":"http:\/\/victoria-rad.de\/index.php?rest_route=\/wp\/v2\/posts\/236\/revisions\/7632"}],"wp:attachment":[{"href":"http:\/\/victoria-rad.de\/index.php?rest_route=%2Fwp%2Fv2%2Fmedia&parent=236"}],"wp:term":[{"taxonomy":"category","embeddable":true,"href":"http:\/\/victoria-rad.de\/index.php?rest_route=%2Fwp%2Fv2%2Fcategories&post=236"},{"taxonomy":"post_tag","embeddable":true,"href":"http:\/\/victoria-rad.de\/index.php?rest_route=%2Fwp%2Fv2%2Ftags&post=236"}],"curies":[{"name":"wp","href":"https:\/\/api.w.org\/{rel}","templated":true}]}}