{"id":2687,"date":"2018-11-13T20:02:31","date_gmt":"2018-11-13T20:02:31","guid":{"rendered":"http:\/\/victoria-rad.de\/?p=2687"},"modified":"2020-07-08T15:00:58","modified_gmt":"2020-07-08T15:00:58","slug":"victoria-motorfahrraeder-die-neuen-victoria-fix-und-fix-sport-modelle-ab-1936","status":"publish","type":"post","link":"http:\/\/victoria-rad.de\/?p=2687","title":{"rendered":"Victoria &#8211; Motorfahrr\u00e4der &#8211; Die neuen Victoria &#8222;Fix&#8220; und &#8222;Fix Sport&#8220; Modelle ab 1936&#8230;"},"content":{"rendered":"\r\n<p><strong>Die neuen Victoria &#8211;<\/strong>\u00a0<b><i>&#8222;Fix&#8220;<\/i><\/b>\u00a0<strong>Motorfahrr\u00e4der<\/strong><b><\/b><i><\/i><\/p>\r\n\r\n\r\n\r\n<div class=\"wp-block-image\">\r\n<figure class=\"aligncenter\"><a href=\"http:\/\/victoria-rad.de\/?attachment_id=2691\" target=\"_blank\" rel=\"noopener noreferrer\"><img loading=\"lazy\" decoding=\"async\" class=\"aligncenter wp-image-2691\" src=\"http:\/\/victoria-rad.de\/wp-content\/uploads\/2018\/11\/IMG_20181105_0003-300x210.jpg\" alt=\"\" width=\"300\" height=\"210\" srcset=\"http:\/\/victoria-rad.de\/wp-content\/uploads\/2018\/11\/IMG_20181105_0003-300x210.jpg 300w, http:\/\/victoria-rad.de\/wp-content\/uploads\/2018\/11\/IMG_20181105_0003-150x105.jpg 150w, http:\/\/victoria-rad.de\/wp-content\/uploads\/2018\/11\/IMG_20181105_0003-768x537.jpg 768w, http:\/\/victoria-rad.de\/wp-content\/uploads\/2018\/11\/IMG_20181105_0003-1024x716.jpg 1024w\" sizes=\"auto, (max-width: 300px) 100vw, 300px\" \/><\/a><\/figure>\r\n<\/div>\r\n\r\n\r\n\r\n<p>Die neue Linie der Motorfahrr\u00e4der begann Ende 1936 mit einem Wettbewerb, heute w\u00fcrde man sagen einer Ausschreibung, um einen neuen Namen f\u00fcr die Motorfahrr\u00e4der zu finden. Mit vier Preisen und dem Gewinn von 50 RM wurde\u00a0 dann der Name &#8222;<em>Fix&#8220;<\/em> ermittelt. Das war der Slogan: <em>&#8222;Einzigartige Formsch\u00f6nheit und Zweckm\u00e4\u00dfigkeit sind die Kennzeichen der VICTORIA &#8211; <strong>FIX &#8211; <\/strong>Motorfahrr\u00e4der&#8220;. <\/em>Von 1937-1938 hatte man die Fix Modelle mit dem bew\u00e4hrten F&amp;S Motor im Programm.<\/p>\r\n\r\n\r\n\r\n<p><strong>Victoria &#8211;\u00a0<em>Fix &#8211;<\/em><\/strong><em>\u00a0<\/em><strong>Herrenmodell V 99:<\/strong><\/p>\r\n\r\n\r\n\r\n<div class=\"wp-block-image\">\r\n<figure class=\"aligncenter\"><a href=\"http:\/\/victoria-rad.de\/?attachment_id=2693\" target=\"_blank\" rel=\"noopener noreferrer\"><img loading=\"lazy\" decoding=\"async\" class=\"aligncenter wp-image-2693\" src=\"http:\/\/victoria-rad.de\/wp-content\/uploads\/2018\/11\/IMG_20181105_0006-300x210.jpg\" alt=\"\" width=\"300\" height=\"210\" srcset=\"http:\/\/victoria-rad.de\/wp-content\/uploads\/2018\/11\/IMG_20181105_0006-300x210.jpg 300w, http:\/\/victoria-rad.de\/wp-content\/uploads\/2018\/11\/IMG_20181105_0006-150x105.jpg 150w, http:\/\/victoria-rad.de\/wp-content\/uploads\/2018\/11\/IMG_20181105_0006-768x537.jpg 768w, http:\/\/victoria-rad.de\/wp-content\/uploads\/2018\/11\/IMG_20181105_0006-1024x716.jpg 1024w\" sizes=\"auto, (max-width: 300px) 100vw, 300px\" \/><\/a><\/figure>\r\n<\/div>\r\n\r\n\r\n\r\n<p><strong>Victoria &#8211; <\/strong><strong><em>Fix<\/em> &#8211; Damenmodell V 109:<\/strong><\/p>\r\n\r\n\r\n\r\n<div class=\"wp-block-image\">\r\n<figure class=\"aligncenter\"><a href=\"http:\/\/victoria-rad.de\/?attachment_id=2694\" target=\"_blank\" rel=\"noopener noreferrer\"><img loading=\"lazy\" decoding=\"async\" class=\"aligncenter wp-image-2694\" src=\"http:\/\/victoria-rad.de\/wp-content\/uploads\/2018\/11\/IMG_20181105_0008-300x211.jpg\" alt=\"\" width=\"300\" height=\"211\" srcset=\"http:\/\/victoria-rad.de\/wp-content\/uploads\/2018\/11\/IMG_20181105_0008-300x211.jpg 300w, http:\/\/victoria-rad.de\/wp-content\/uploads\/2018\/11\/IMG_20181105_0008-150x105.jpg 150w, http:\/\/victoria-rad.de\/wp-content\/uploads\/2018\/11\/IMG_20181105_0008-768x540.jpg 768w, http:\/\/victoria-rad.de\/wp-content\/uploads\/2018\/11\/IMG_20181105_0008-1024x720.jpg 1024w\" sizes=\"auto, (max-width: 300px) 100vw, 300px\" \/><\/a><\/figure>\r\n<\/div>\r\n\r\n\r\n\r\n<p><strong>Victoria &#8211;\u00a0<em>Fix &#8211;<\/em> Gesch\u00e4ftsrad V 122:<\/strong><\/p>\r\n\r\n\r\n\r\n<div class=\"wp-block-image\">\r\n<figure class=\"aligncenter\"><a href=\"http:\/\/victoria-rad.de\/wp-content\/uploads\/2018\/11\/IMG_20181105_0010.jpg\" target=\"_blank\" rel=\"noopener noreferrer\"><img loading=\"lazy\" decoding=\"async\" class=\"aligncenter wp-image-2695\" src=\"http:\/\/victoria-rad.de\/wp-content\/uploads\/2018\/11\/IMG_20181105_0010-300x210.jpg\" alt=\"\" width=\"300\" height=\"210\" srcset=\"http:\/\/victoria-rad.de\/wp-content\/uploads\/2018\/11\/IMG_20181105_0010-300x210.jpg 300w, http:\/\/victoria-rad.de\/wp-content\/uploads\/2018\/11\/IMG_20181105_0010-150x105.jpg 150w, http:\/\/victoria-rad.de\/wp-content\/uploads\/2018\/11\/IMG_20181105_0010-768x537.jpg 768w, http:\/\/victoria-rad.de\/wp-content\/uploads\/2018\/11\/IMG_20181105_0010-1024x716.jpg 1024w\" sizes=\"auto, (max-width: 300px) 100vw, 300px\" \/><\/a><\/figure>\r\n<\/div>\r\n\r\n\r\n\r\n<p><strong>Details der Motorfahrr\u00e4der:<\/strong><\/p>\r\n\r\n\r\n\r\n<div class=\"wp-block-image\">\r\n<figure class=\"aligncenter\"><a href=\"http:\/\/victoria-rad.de\/wp-content\/uploads\/2018\/11\/IMG_20181105_0004.jpg\" target=\"_blank\" rel=\"noopener noreferrer\"><img loading=\"lazy\" decoding=\"async\" class=\"aligncenter wp-image-2698\" src=\"http:\/\/victoria-rad.de\/wp-content\/uploads\/2018\/11\/IMG_20181105_0004-300x212.jpg\" alt=\"\" width=\"300\" height=\"212\" srcset=\"http:\/\/victoria-rad.de\/wp-content\/uploads\/2018\/11\/IMG_20181105_0004-300x212.jpg 300w, http:\/\/victoria-rad.de\/wp-content\/uploads\/2018\/11\/IMG_20181105_0004-150x106.jpg 150w, http:\/\/victoria-rad.de\/wp-content\/uploads\/2018\/11\/IMG_20181105_0004-768x543.jpg 768w, http:\/\/victoria-rad.de\/wp-content\/uploads\/2018\/11\/IMG_20181105_0004-1024x724.jpg 1024w\" sizes=\"auto, (max-width: 300px) 100vw, 300px\" \/><\/a><\/figure>\r\n<\/div>\r\n\r\n\r\n\r\n<div class=\"wp-block-image\">\r\n<figure class=\"aligncenter\"><a href=\"http:\/\/victoria-rad.de\/wp-content\/uploads\/2018\/11\/IMG_20181105_0005.jpg\" target=\"_blank\" rel=\"noopener noreferrer\"><img loading=\"lazy\" decoding=\"async\" class=\"aligncenter wp-image-2699\" src=\"http:\/\/victoria-rad.de\/wp-content\/uploads\/2018\/11\/IMG_20181105_0005-300x210.jpg\" alt=\"\" width=\"300\" height=\"210\" srcset=\"http:\/\/victoria-rad.de\/wp-content\/uploads\/2018\/11\/IMG_20181105_0005-300x210.jpg 300w, http:\/\/victoria-rad.de\/wp-content\/uploads\/2018\/11\/IMG_20181105_0005-150x105.jpg 150w, http:\/\/victoria-rad.de\/wp-content\/uploads\/2018\/11\/IMG_20181105_0005-768x537.jpg 768w, http:\/\/victoria-rad.de\/wp-content\/uploads\/2018\/11\/IMG_20181105_0005-1024x716.jpg 1024w\" sizes=\"auto, (max-width: 300px) 100vw, 300px\" \/><\/a><\/figure>\r\n<\/div>\r\n\r\n\r\n\r\n<p><strong>Kundensessionen:<\/strong><\/p>\r\n\r\n\r\n\r\n<div class=\"wp-block-image\">\r\n<figure class=\"aligncenter\"><a href=\"http:\/\/victoria-rad.de\/?attachment_id=2700\" target=\"_blank\" rel=\"noopener noreferrer\"><img loading=\"lazy\" decoding=\"async\" class=\"aligncenter wp-image-2700\" src=\"http:\/\/victoria-rad.de\/wp-content\/uploads\/2018\/11\/IMG_20181105_0007-300x210.jpg\" alt=\"\" width=\"300\" height=\"210\" srcset=\"http:\/\/victoria-rad.de\/wp-content\/uploads\/2018\/11\/IMG_20181105_0007-300x210.jpg 300w, http:\/\/victoria-rad.de\/wp-content\/uploads\/2018\/11\/IMG_20181105_0007-150x105.jpg 150w, http:\/\/victoria-rad.de\/wp-content\/uploads\/2018\/11\/IMG_20181105_0007-768x539.jpg 768w, http:\/\/victoria-rad.de\/wp-content\/uploads\/2018\/11\/IMG_20181105_0007-1024x718.jpg 1024w\" sizes=\"auto, (max-width: 300px) 100vw, 300px\" \/><\/a><\/figure>\r\n<\/div>\r\n\r\n\r\n\r\n<div class=\"wp-block-image\">\r\n<figure class=\"aligncenter\"><a href=\"http:\/\/victoria-rad.de\/wp-content\/uploads\/2018\/11\/IMG_20181105_0009.jpg\" target=\"_blank\" rel=\"noopener noreferrer\"><img loading=\"lazy\" decoding=\"async\" class=\"aligncenter wp-image-2701\" src=\"http:\/\/victoria-rad.de\/wp-content\/uploads\/2018\/11\/IMG_20181105_0009-300x210.jpg\" alt=\"\" width=\"300\" height=\"210\" srcset=\"http:\/\/victoria-rad.de\/wp-content\/uploads\/2018\/11\/IMG_20181105_0009-300x210.jpg 300w, http:\/\/victoria-rad.de\/wp-content\/uploads\/2018\/11\/IMG_20181105_0009-150x105.jpg 150w, http:\/\/victoria-rad.de\/wp-content\/uploads\/2018\/11\/IMG_20181105_0009-768x539.jpg 768w, http:\/\/victoria-rad.de\/wp-content\/uploads\/2018\/11\/IMG_20181105_0009-1024x718.jpg 1024w\" sizes=\"auto, (max-width: 300px) 100vw, 300px\" \/><\/a><\/figure>\r\n<\/div>\r\n\r\n\r\n\r\n<figure class=\"wp-block-image\"><a href=\"http:\/\/victoria-rad.de\/?attachment_id=3425\" target=\"_blank\" rel=\"noopener noreferrer\"><img loading=\"lazy\" decoding=\"async\" class=\"aligncenter wp-image-3425\" src=\"http:\/\/victoria-rad.de\/wp-content\/uploads\/2018\/11\/IMG_20190205_0004-736x1024.jpg\" alt=\"\" width=\"736\" height=\"1024\" srcset=\"http:\/\/victoria-rad.de\/wp-content\/uploads\/2018\/11\/IMG_20190205_0004-736x1024.jpg 736w, http:\/\/victoria-rad.de\/wp-content\/uploads\/2018\/11\/IMG_20190205_0004-108x150.jpg 108w, http:\/\/victoria-rad.de\/wp-content\/uploads\/2018\/11\/IMG_20190205_0004-216x300.jpg 216w, http:\/\/victoria-rad.de\/wp-content\/uploads\/2018\/11\/IMG_20190205_0004-768x1069.jpg 768w\" sizes=\"auto, (max-width: 736px) 100vw, 736px\" \/><\/a><\/figure>\r\n\r\n\r\n\r\n<figure class=\"wp-block-image\"><a href=\"http:\/\/victoria-rad.de\/?attachment_id=3426\" target=\"_blank\" rel=\"noopener noreferrer\"><img loading=\"lazy\" decoding=\"async\" class=\"aligncenter wp-image-3426\" src=\"http:\/\/victoria-rad.de\/wp-content\/uploads\/2018\/11\/IMG_20190205_0005-734x1024.jpg\" alt=\"\" width=\"734\" height=\"1024\" srcset=\"http:\/\/victoria-rad.de\/wp-content\/uploads\/2018\/11\/IMG_20190205_0005-734x1024.jpg 734w, http:\/\/victoria-rad.de\/wp-content\/uploads\/2018\/11\/IMG_20190205_0005-107x150.jpg 107w, http:\/\/victoria-rad.de\/wp-content\/uploads\/2018\/11\/IMG_20190205_0005-215x300.jpg 215w, http:\/\/victoria-rad.de\/wp-content\/uploads\/2018\/11\/IMG_20190205_0005-768x1072.jpg 768w\" sizes=\"auto, (max-width: 734px) 100vw, 734px\" \/><\/a><\/figure>\r\n\r\n\r\n\r\n<div class=\"wp-block-image\">\r\n<figure class=\"aligncenter\"><a href=\"http:\/\/victoria-rad.de\/?attachment_id=2717\" target=\"_blank\" rel=\"noopener noreferrer\"><img loading=\"lazy\" decoding=\"async\" class=\"aligncenter wp-image-2717\" src=\"http:\/\/victoria-rad.de\/wp-content\/uploads\/2018\/11\/IMG_20181105_0011-227x300.jpg\" alt=\"\" width=\"227\" height=\"300\" srcset=\"http:\/\/victoria-rad.de\/wp-content\/uploads\/2018\/11\/IMG_20181105_0011-227x300.jpg 227w, http:\/\/victoria-rad.de\/wp-content\/uploads\/2018\/11\/IMG_20181105_0011-113x150.jpg 113w, http:\/\/victoria-rad.de\/wp-content\/uploads\/2018\/11\/IMG_20181105_0011-768x1016.jpg 768w, http:\/\/victoria-rad.de\/wp-content\/uploads\/2018\/11\/IMG_20181105_0011-774x1024.jpg 774w\" sizes=\"auto, (max-width: 227px) 100vw, 227px\" \/><\/a><\/figure>\r\n<\/div>\r\n\r\n\r\n\r\n<p>Mit der neuen Preisliste kamen einige Ver\u00e4nderungen, welche einen geringen Aufpreis rechtfertigten:<\/p>\r\n\r\n\r\n\r\n<ul class=\"wp-block-list\">\r\n<li>Bosch Lichtanlage mit 15 Watt<\/li>\r\n<li>Elektrisches Horn<\/li>\r\n<li>Tachometer<\/li>\r\n<li>Die Schwungrad-Z\u00fcndlichtanalage f\u00fcr 15 Watt war serienm\u00e4\u00dfig!<\/li>\r\n<\/ul>\r\n\r\n\r\n\r\n<p>Diese Neuerungen erbrachten den neuen Namen: Victoria\u00a0<em><strong>&#8222;Fix Sport&#8220;.<\/strong><\/em><\/p>\r\n\r\n\r\n\r\n<p>Die Preisliste:<\/p>\r\n\r\n\r\n\r\n<div class=\"wp-block-image\">\r\n<figure class=\"aligncenter\"><a href=\"http:\/\/victoria-rad.de\/?attachment_id=2704\" target=\"_blank\" rel=\"noopener noreferrer\"><img loading=\"lazy\" decoding=\"async\" class=\"aligncenter wp-image-2704\" src=\"http:\/\/victoria-rad.de\/wp-content\/uploads\/2018\/11\/IMG_20181105_0001-212x300.jpg\" alt=\"\" width=\"212\" height=\"300\" srcset=\"http:\/\/victoria-rad.de\/wp-content\/uploads\/2018\/11\/IMG_20181105_0001-212x300.jpg 212w, http:\/\/victoria-rad.de\/wp-content\/uploads\/2018\/11\/IMG_20181105_0001-106x150.jpg 106w, http:\/\/victoria-rad.de\/wp-content\/uploads\/2018\/11\/IMG_20181105_0001-768x1084.jpg 768w, http:\/\/victoria-rad.de\/wp-content\/uploads\/2018\/11\/IMG_20181105_0001-725x1024.jpg 725w\" sizes=\"auto, (max-width: 212px) 100vw, 212px\" \/><\/a><\/figure>\r\n<\/div>\r\n\r\n\r\n\r\n<div class=\"wp-block-image\">\r\n<figure class=\"aligncenter\"><a href=\"http:\/\/victoria-rad.de\/wp-content\/uploads\/2018\/11\/IMG_20181105_0002.jpg\" target=\"_blank\" rel=\"noopener noreferrer\"><img loading=\"lazy\" decoding=\"async\" class=\"aligncenter wp-image-2705\" src=\"http:\/\/victoria-rad.de\/wp-content\/uploads\/2018\/11\/IMG_20181105_0002-212x300.jpg\" alt=\"\" width=\"212\" height=\"300\" srcset=\"http:\/\/victoria-rad.de\/wp-content\/uploads\/2018\/11\/IMG_20181105_0002-212x300.jpg 212w, http:\/\/victoria-rad.de\/wp-content\/uploads\/2018\/11\/IMG_20181105_0002-106x150.jpg 106w, http:\/\/victoria-rad.de\/wp-content\/uploads\/2018\/11\/IMG_20181105_0002-768x1087.jpg 768w, http:\/\/victoria-rad.de\/wp-content\/uploads\/2018\/11\/IMG_20181105_0002-724x1024.jpg 724w\" sizes=\"auto, (max-width: 212px) 100vw, 212px\" \/><\/a><\/figure>\r\n<\/div>\r\n\r\n\r\n\r\n<figure class=\"wp-block-image\"><a href=\"http:\/\/victoria-rad.de\/wp-content\/uploads\/2018\/11\/IMG_20181105_0002-1.jpg\" target=\"_blank\" rel=\"noopener noreferrer\"><img loading=\"lazy\" decoding=\"async\" class=\"aligncenter wp-image-2707\" src=\"http:\/\/victoria-rad.de\/wp-content\/uploads\/2018\/11\/IMG_20181105_0002-1-300x26.jpg\" alt=\"\" width=\"300\" height=\"26\" srcset=\"http:\/\/victoria-rad.de\/wp-content\/uploads\/2018\/11\/IMG_20181105_0002-1-300x26.jpg 300w, http:\/\/victoria-rad.de\/wp-content\/uploads\/2018\/11\/IMG_20181105_0002-1-150x13.jpg 150w, http:\/\/victoria-rad.de\/wp-content\/uploads\/2018\/11\/IMG_20181105_0002-1-768x68.jpg 768w, http:\/\/victoria-rad.de\/wp-content\/uploads\/2018\/11\/IMG_20181105_0002-1-1024x90.jpg 1024w, http:\/\/victoria-rad.de\/wp-content\/uploads\/2018\/11\/IMG_20181105_0002-1.jpg 2044w\" sizes=\"auto, (max-width: 300px) 100vw, 300px\" \/><\/a><\/figure>\r\n\r\n\r\n\r\n<p>\u00a0<em>im Originalzustand:<\/em><\/p>\r\n\r\n\r\n\r\n<div class=\"wp-block-image\">\r\n<figure class=\"aligncenter\"><a href=\"http:\/\/victoria-rad.de\/wp-content\/uploads\/2018\/11\/20181009_160742-e1541433251989.jpg\" target=\"_blank\" rel=\"noopener noreferrer\"><img loading=\"lazy\" decoding=\"async\" class=\"aligncenter wp-image-2708\" src=\"http:\/\/victoria-rad.de\/wp-content\/uploads\/2018\/11\/20181009_160742-e1541433251989-300x169.jpg\" alt=\"\" width=\"300\" height=\"169\" srcset=\"http:\/\/victoria-rad.de\/wp-content\/uploads\/2018\/11\/20181009_160742-e1541433251989-300x169.jpg 300w, http:\/\/victoria-rad.de\/wp-content\/uploads\/2018\/11\/20181009_160742-e1541433251989-150x84.jpg 150w, http:\/\/victoria-rad.de\/wp-content\/uploads\/2018\/11\/20181009_160742-e1541433251989-768x432.jpg 768w, http:\/\/victoria-rad.de\/wp-content\/uploads\/2018\/11\/20181009_160742-e1541433251989-1024x576.jpg 1024w\" sizes=\"auto, (max-width: 300px) 100vw, 300px\" \/><\/a><\/figure>\r\n<\/div>\r\n\r\n\r\n\r\n<div class=\"wp-block-image\">\r\n<figure class=\"aligncenter\"><a href=\"http:\/\/victoria-rad.de\/wp-content\/uploads\/2018\/11\/20181009_160833-e1541433693124.jpg\" target=\"_blank\" rel=\"noopener noreferrer\"><img loading=\"lazy\" decoding=\"async\" class=\"aligncenter wp-image-2709\" src=\"http:\/\/victoria-rad.de\/wp-content\/uploads\/2018\/11\/20181009_160833-e1541433693124-300x169.jpg\" alt=\"\" width=\"300\" height=\"169\" srcset=\"http:\/\/victoria-rad.de\/wp-content\/uploads\/2018\/11\/20181009_160833-e1541433693124-300x169.jpg 300w, http:\/\/victoria-rad.de\/wp-content\/uploads\/2018\/11\/20181009_160833-e1541433693124-150x84.jpg 150w, http:\/\/victoria-rad.de\/wp-content\/uploads\/2018\/11\/20181009_160833-e1541433693124-768x432.jpg 768w, http:\/\/victoria-rad.de\/wp-content\/uploads\/2018\/11\/20181009_160833-e1541433693124-1024x576.jpg 1024w\" sizes=\"auto, (max-width: 300px) 100vw, 300px\" \/><\/a><\/figure>\r\n<\/div>\r\n\r\n\r\n\r\n<p>Bei der &#8222;<strong><em>Fix Sport<\/em><\/strong>&#8220; wurde die Lackierung mit mehr blau unterlegten Farbsegmenten versch\u00f6nert.<\/p>\r\n<p>Originalbilder:<\/p>\r\n<p><a href=\"http:\/\/victoria-rad.de\/wp-content\/uploads\/2018\/11\/IMG_20181105_0012.jpg\" target=\"_blank\" rel=\"noopener noreferrer\"><img loading=\"lazy\" decoding=\"async\" class=\"aligncenter wp-image-2710 size-medium\" src=\"http:\/\/victoria-rad.de\/wp-content\/uploads\/2018\/11\/IMG_20181105_0012-247x300.jpg\" alt=\"\" width=\"247\" height=\"300\" srcset=\"http:\/\/victoria-rad.de\/wp-content\/uploads\/2018\/11\/IMG_20181105_0012-247x300.jpg 247w, http:\/\/victoria-rad.de\/wp-content\/uploads\/2018\/11\/IMG_20181105_0012-124x150.jpg 124w, http:\/\/victoria-rad.de\/wp-content\/uploads\/2018\/11\/IMG_20181105_0012-768x932.jpg 768w, http:\/\/victoria-rad.de\/wp-content\/uploads\/2018\/11\/IMG_20181105_0012-844x1024.jpg 844w\" sizes=\"auto, (max-width: 247px) 100vw, 247px\" \/><\/a><\/p>\r\n<p><a href=\"http:\/\/victoria-rad.de\/wp-content\/uploads\/2018\/11\/IMG_20141120_0009.jpg\" target=\"_blank\" rel=\"noopener noreferrer\"><img loading=\"lazy\" decoding=\"async\" class=\"aligncenter wp-image-2711 size-medium\" src=\"http:\/\/victoria-rad.de\/wp-content\/uploads\/2018\/11\/IMG_20141120_0009-300x298.jpg\" alt=\"\" width=\"300\" height=\"298\" srcset=\"http:\/\/victoria-rad.de\/wp-content\/uploads\/2018\/11\/IMG_20141120_0009-300x298.jpg 300w, http:\/\/victoria-rad.de\/wp-content\/uploads\/2018\/11\/IMG_20141120_0009-150x150.jpg 150w, http:\/\/victoria-rad.de\/wp-content\/uploads\/2018\/11\/IMG_20141120_0009-768x763.jpg 768w, http:\/\/victoria-rad.de\/wp-content\/uploads\/2018\/11\/IMG_20141120_0009-1024x1017.jpg 1024w, http:\/\/victoria-rad.de\/wp-content\/uploads\/2018\/11\/IMG_20141120_0009.jpg 1225w\" sizes=\"auto, (max-width: 300px) 100vw, 300px\" \/><\/a><\/p>\r\n<p><a href=\"http:\/\/victoria-rad.de\/wp-content\/uploads\/2018\/11\/IMG_20141123_0151.jpg\" target=\"_blank\" rel=\"noopener noreferrer\"><img loading=\"lazy\" decoding=\"async\" class=\"aligncenter wp-image-2712 size-medium\" src=\"http:\/\/victoria-rad.de\/wp-content\/uploads\/2018\/11\/IMG_20141123_0151-300x202.jpg\" alt=\"\" width=\"300\" height=\"202\" srcset=\"http:\/\/victoria-rad.de\/wp-content\/uploads\/2018\/11\/IMG_20141123_0151-300x202.jpg 300w, http:\/\/victoria-rad.de\/wp-content\/uploads\/2018\/11\/IMG_20141123_0151-150x101.jpg 150w, http:\/\/victoria-rad.de\/wp-content\/uploads\/2018\/11\/IMG_20141123_0151-768x517.jpg 768w, http:\/\/victoria-rad.de\/wp-content\/uploads\/2018\/11\/IMG_20141123_0151-1024x689.jpg 1024w, http:\/\/victoria-rad.de\/wp-content\/uploads\/2018\/11\/IMG_20141123_0151.jpg 1739w\" sizes=\"auto, (max-width: 300px) 100vw, 300px\" \/><\/a><\/p>\r\n<p><a href=\"http:\/\/victoria-rad.de\/wp-content\/uploads\/2018\/11\/IMG_20141123_0221.jpg\" target=\"_blank\" rel=\"noopener noreferrer\"><img loading=\"lazy\" decoding=\"async\" class=\"aligncenter wp-image-2713 size-medium\" src=\"http:\/\/victoria-rad.de\/wp-content\/uploads\/2018\/11\/IMG_20141123_0221-300x190.jpg\" alt=\"\" width=\"300\" height=\"190\" srcset=\"http:\/\/victoria-rad.de\/wp-content\/uploads\/2018\/11\/IMG_20141123_0221-300x190.jpg 300w, http:\/\/victoria-rad.de\/wp-content\/uploads\/2018\/11\/IMG_20141123_0221-150x95.jpg 150w, http:\/\/victoria-rad.de\/wp-content\/uploads\/2018\/11\/IMG_20141123_0221-768x485.jpg 768w, http:\/\/victoria-rad.de\/wp-content\/uploads\/2018\/11\/IMG_20141123_0221-1024x647.jpg 1024w, http:\/\/victoria-rad.de\/wp-content\/uploads\/2018\/11\/IMG_20141123_0221.jpg 1718w\" sizes=\"auto, (max-width: 300px) 100vw, 300px\" \/><\/a><\/p>\r\n<p><a href=\"http:\/\/victoria-rad.de\/wp-content\/uploads\/2018\/11\/Victoria-1.jpg\" target=\"_blank\" rel=\"noopener noreferrer\"><img loading=\"lazy\" decoding=\"async\" class=\"aligncenter wp-image-8884 size-medium\" src=\"http:\/\/victoria-rad.de\/wp-content\/uploads\/2018\/11\/Victoria-1-300x206.jpg\" alt=\"\" width=\"300\" height=\"206\" srcset=\"http:\/\/victoria-rad.de\/wp-content\/uploads\/2018\/11\/Victoria-1-300x206.jpg 300w, http:\/\/victoria-rad.de\/wp-content\/uploads\/2018\/11\/Victoria-1-150x103.jpg 150w, http:\/\/victoria-rad.de\/wp-content\/uploads\/2018\/11\/Victoria-1-768x527.jpg 768w, http:\/\/victoria-rad.de\/wp-content\/uploads\/2018\/11\/Victoria-1.jpg 1000w\" sizes=\"auto, (max-width: 300px) 100vw, 300px\" \/><\/a><\/p>\r\n<p><a href=\"http:\/\/victoria-rad.de\/?attachment_id=3857\" target=\"_blank\" rel=\"noopener noreferrer\"><img loading=\"lazy\" decoding=\"async\" class=\"aligncenter wp-image-3857 size-medium\" src=\"http:\/\/victoria-rad.de\/wp-content\/uploads\/2019\/03\/IMG_20190312_0002-1-300x102.jpg\" alt=\"\" width=\"300\" height=\"102\" srcset=\"http:\/\/victoria-rad.de\/wp-content\/uploads\/2019\/03\/IMG_20190312_0002-1-300x102.jpg 300w, http:\/\/victoria-rad.de\/wp-content\/uploads\/2019\/03\/IMG_20190312_0002-1-150x51.jpg 150w, http:\/\/victoria-rad.de\/wp-content\/uploads\/2019\/03\/IMG_20190312_0002-1-768x261.jpg 768w, http:\/\/victoria-rad.de\/wp-content\/uploads\/2019\/03\/IMG_20190312_0002-1-1024x347.jpg 1024w\" sizes=\"auto, (max-width: 300px) 100vw, 300px\" \/><\/a><\/p>\r\n\r\n\r\n\r\n\r\n\r\n\r\n\r\n\r\n\r\n\r\n\r\n\r\n\r\n\r\n\r\n<p>Die KR 10 gab es bereits 1932, aber dennoch wurde dieses Modell nochmal im Jahr 1937 mit einem F&amp;S Kickstartermotor ins Programm aufgenommen.<\/p>\r\n\r\n\r\n\r\n<p><strong>Victoria KR 10 1937:<\/strong><\/p>\r\n\r\n\r\n\r\n<div class=\"wp-block-image\">\r\n<figure class=\"aligncenter\"><a href=\"http:\/\/victoria-rad.de\/wp-content\/uploads\/2018\/11\/KR-10.png\" target=\"_blank\" rel=\"noopener noreferrer\"><img loading=\"lazy\" decoding=\"async\" class=\"aligncenter wp-image-2734\" src=\"http:\/\/victoria-rad.de\/wp-content\/uploads\/2018\/11\/KR-10-300x155.png\" alt=\"\" width=\"300\" height=\"155\" srcset=\"http:\/\/victoria-rad.de\/wp-content\/uploads\/2018\/11\/KR-10-300x155.png 300w, http:\/\/victoria-rad.de\/wp-content\/uploads\/2018\/11\/KR-10-150x78.png 150w, http:\/\/victoria-rad.de\/wp-content\/uploads\/2018\/11\/KR-10-768x397.png 768w, http:\/\/victoria-rad.de\/wp-content\/uploads\/2018\/11\/KR-10-1024x530.png 1024w, http:\/\/victoria-rad.de\/wp-content\/uploads\/2018\/11\/KR-10.png 1844w\" sizes=\"auto, (max-width: 300px) 100vw, 300px\" \/><\/a><\/figure>\r\n<\/div>\r\n\r\n\r\n\r\n<div class=\"wp-block-image\">\r\n<figure class=\"aligncenter\"><a href=\"http:\/\/victoria-rad.de\/?attachment_id=2715\" target=\"_blank\" rel=\"noopener noreferrer\"><img loading=\"lazy\" decoding=\"async\" class=\"aligncenter wp-image-2715\" src=\"http:\/\/victoria-rad.de\/wp-content\/uploads\/2018\/11\/IMG_20181029_0002-Kopie-2-300x157.jpg\" alt=\"\" width=\"300\" height=\"157\" srcset=\"http:\/\/victoria-rad.de\/wp-content\/uploads\/2018\/11\/IMG_20181029_0002-Kopie-2-300x157.jpg 300w, http:\/\/victoria-rad.de\/wp-content\/uploads\/2018\/11\/IMG_20181029_0002-Kopie-2-150x79.jpg 150w, http:\/\/victoria-rad.de\/wp-content\/uploads\/2018\/11\/IMG_20181029_0002-Kopie-2-768x402.jpg 768w, http:\/\/victoria-rad.de\/wp-content\/uploads\/2018\/11\/IMG_20181029_0002-Kopie-2-1024x537.jpg 1024w\" sizes=\"auto, (max-width: 300px) 100vw, 300px\" \/><\/a><\/figure>\r\n<\/div>\r\n\r\n\r\n\r\n<div class=\"wp-block-image\">\r\n<figure class=\"aligncenter\"><a href=\"http:\/\/victoria-rad.de\/wp-content\/uploads\/2018\/11\/IMG_20181029_0002-Kopie-3.jpg\" target=\"_blank\" rel=\"noopener noreferrer\"><img loading=\"lazy\" decoding=\"async\" class=\"aligncenter wp-image-2714\" src=\"http:\/\/victoria-rad.de\/wp-content\/uploads\/2018\/11\/IMG_20181029_0002-Kopie-3-105x300.jpg\" alt=\"\" width=\"105\" height=\"300\" srcset=\"http:\/\/victoria-rad.de\/wp-content\/uploads\/2018\/11\/IMG_20181029_0002-Kopie-3-105x300.jpg 105w, http:\/\/victoria-rad.de\/wp-content\/uploads\/2018\/11\/IMG_20181029_0002-Kopie-3-53x150.jpg 53w, http:\/\/victoria-rad.de\/wp-content\/uploads\/2018\/11\/IMG_20181029_0002-Kopie-3-768x2185.jpg 768w, http:\/\/victoria-rad.de\/wp-content\/uploads\/2018\/11\/IMG_20181029_0002-Kopie-3-360x1024.jpg 360w, http:\/\/victoria-rad.de\/wp-content\/uploads\/2018\/11\/IMG_20181029_0002-Kopie-3.jpg 1444w\" sizes=\"auto, (max-width: 105px) 100vw, 105px\" \/><\/a><\/figure>\r\n<\/div>\r\n\r\n\r\n\r\n<div class=\"wp-block-image\">\r\n<figure class=\"aligncenter\"><img loading=\"lazy\" decoding=\"async\" class=\"aligncenter wp-image-2729\" src=\"http:\/\/victoria-rad.de\/wp-content\/uploads\/2018\/11\/IMG_20181107_0001-Kopie-300x140.jpg\" alt=\"\" width=\"300\" height=\"140\" srcset=\"http:\/\/victoria-rad.de\/wp-content\/uploads\/2018\/11\/IMG_20181107_0001-Kopie-300x140.jpg 300w, http:\/\/victoria-rad.de\/wp-content\/uploads\/2018\/11\/IMG_20181107_0001-Kopie-150x70.jpg 150w, http:\/\/victoria-rad.de\/wp-content\/uploads\/2018\/11\/IMG_20181107_0001-Kopie-768x359.jpg 768w, http:\/\/victoria-rad.de\/wp-content\/uploads\/2018\/11\/IMG_20181107_0001-Kopie-1024x478.jpg 1024w\" sizes=\"auto, (max-width: 300px) 100vw, 300px\" \/><\/figure>\r\n<\/div>\r\n\r\n\r\n\r\n<div class=\"wp-block-image\">\r\n<figure class=\"aligncenter\"><a href=\"http:\/\/victoria-rad.de\/wp-content\/uploads\/2018\/11\/IMG_20181107_0001-Kopie-3.jpg\" target=\"_blank\" rel=\"noopener noreferrer\"><img loading=\"lazy\" decoding=\"async\" class=\"aligncenter wp-image-2730\" src=\"http:\/\/victoria-rad.de\/wp-content\/uploads\/2018\/11\/IMG_20181107_0001-Kopie-3-300x122.jpg\" alt=\"\" width=\"300\" height=\"122\" srcset=\"http:\/\/victoria-rad.de\/wp-content\/uploads\/2018\/11\/IMG_20181107_0001-Kopie-3-300x122.jpg 300w, http:\/\/victoria-rad.de\/wp-content\/uploads\/2018\/11\/IMG_20181107_0001-Kopie-3-150x61.jpg 150w, http:\/\/victoria-rad.de\/wp-content\/uploads\/2018\/11\/IMG_20181107_0001-Kopie-3-768x314.jpg 768w, http:\/\/victoria-rad.de\/wp-content\/uploads\/2018\/11\/IMG_20181107_0001-Kopie-3-1024x418.jpg 1024w\" sizes=\"auto, (max-width: 300px) 100vw, 300px\" \/><\/a><\/figure>\r\n<p>&nbsp;<\/p>\r\n<\/div>\r\n\r\n\r\n\r\n<div class=\"wp-block-image\">\r\n<figure class=\"aligncenter\"><img loading=\"lazy\" decoding=\"async\" width=\"300\" height=\"14\" class=\"wp-image-2672 aligncenter\" src=\"http:\/\/victoria-rad.de\/wp-content\/uploads\/2018\/11\/58-300x14.png\" alt=\"\" srcset=\"http:\/\/victoria-rad.de\/wp-content\/uploads\/2018\/11\/58-300x14.png 300w, http:\/\/victoria-rad.de\/wp-content\/uploads\/2018\/11\/58-150x7.png 150w, http:\/\/victoria-rad.de\/wp-content\/uploads\/2018\/11\/58.png 501w\" sizes=\"auto, (max-width: 300px) 100vw, 300px\" \/><\/figure>\r\n<\/div>\r\n","protected":false},"excerpt":{"rendered":"<p>Die neuen Victoria &#8211;\u00a0&#8222;Fix&#8220;\u00a0Motorfahrr\u00e4der Die neue Linie der Motorfahrr\u00e4der begann Ende 1936 mit einem Wettbewerb, heute w\u00fcrde man sagen einer Ausschreibung, um einen neuen Namen f\u00fcr die Motorfahrr\u00e4der zu finden. Mit vier Preisen und dem Gewinn von 50 RM wurde\u00a0 dann der Name &#8222;Fix&#8220; ermittelt. Das war der Slogan: &#8222;Einzigartige Formsch\u00f6nheit und Zweckm\u00e4\u00dfigkeit sind die &hellip; <a href=\"http:\/\/victoria-rad.de\/?p=2687\" class=\"more-link\"><span class=\"screen-reader-text\">Victoria &#8211; Motorfahrr\u00e4der &#8211; Die neuen Victoria &#8222;Fix&#8220; und &#8222;Fix Sport&#8220; Modelle ab 1936&#8230;<\/span> weiterlesen<\/a><\/p>\n","protected":false},"author":1,"featured_media":0,"comment_status":"open","ping_status":"open","sticky":false,"template":"","format":"standard","meta":{"footnotes":""},"categories":[1],"tags":[],"class_list":["post-2687","post","type-post","status-publish","format-standard","hentry","category-uncategorized"],"_links":{"self":[{"href":"http:\/\/victoria-rad.de\/index.php?rest_route=\/wp\/v2\/posts\/2687","targetHints":{"allow":["GET"]}}],"collection":[{"href":"http:\/\/victoria-rad.de\/index.php?rest_route=\/wp\/v2\/posts"}],"about":[{"href":"http:\/\/victoria-rad.de\/index.php?rest_route=\/wp\/v2\/types\/post"}],"author":[{"embeddable":true,"href":"http:\/\/victoria-rad.de\/index.php?rest_route=\/wp\/v2\/users\/1"}],"replies":[{"embeddable":true,"href":"http:\/\/victoria-rad.de\/index.php?rest_route=%2Fwp%2Fv2%2Fcomments&post=2687"}],"version-history":[{"count":25,"href":"http:\/\/victoria-rad.de\/index.php?rest_route=\/wp\/v2\/posts\/2687\/revisions"}],"predecessor-version":[{"id":8886,"href":"http:\/\/victoria-rad.de\/index.php?rest_route=\/wp\/v2\/posts\/2687\/revisions\/8886"}],"wp:attachment":[{"href":"http:\/\/victoria-rad.de\/index.php?rest_route=%2Fwp%2Fv2%2Fmedia&parent=2687"}],"wp:term":[{"taxonomy":"category","embeddable":true,"href":"http:\/\/victoria-rad.de\/index.php?rest_route=%2Fwp%2Fv2%2Fcategories&post=2687"},{"taxonomy":"post_tag","embeddable":true,"href":"http:\/\/victoria-rad.de\/index.php?rest_route=%2Fwp%2Fv2%2Ftags&post=2687"}],"curies":[{"name":"wp","href":"https:\/\/api.w.org\/{rel}","templated":true}]}}