{"id":3086,"date":"2018-12-28T11:19:14","date_gmt":"2018-12-28T11:19:14","guid":{"rendered":"http:\/\/victoria-rad.de\/?p=3086"},"modified":"2020-01-28T19:57:54","modified_gmt":"2020-01-28T19:57:54","slug":"victoria-jahrestreffen-vorschau-und-einladung-fuer-das-jahr-2019","status":"publish","type":"post","link":"http:\/\/victoria-rad.de\/?p=3086","title":{"rendered":"Motorrad &#8211; Victoria &#8211; Jahrestreffen Vorschau und Einladung f\u00fcr das Jahr 2019&#8230;"},"content":{"rendered":"\r\n<h2 class=\"wp-block-heading\"><em>Auszug\u00a0aus\u00a0unserem\u00a0zweiten Victoria Jahresheft\u00a0&#8211;\u00a0Einladung:<\/em><\/h2>\r\n\r\n\r\n\r\n<figure class=\"wp-block-image\"><a href=\"http:\/\/victoria-rad.de\/wp-content\/uploads\/2018\/12\/IMG_20181227_0001.jpg\" target=\"_blank\" rel=\"noopener noreferrer\"><img loading=\"lazy\" decoding=\"async\" class=\"aligncenter wp-image-3087\" src=\"http:\/\/victoria-rad.de\/wp-content\/uploads\/2018\/12\/IMG_20181227_0001-780x1024.jpg\" alt=\"\" width=\"780\" height=\"1024\" srcset=\"http:\/\/victoria-rad.de\/wp-content\/uploads\/2018\/12\/IMG_20181227_0001-780x1024.jpg 780w, http:\/\/victoria-rad.de\/wp-content\/uploads\/2018\/12\/IMG_20181227_0001-114x150.jpg 114w, http:\/\/victoria-rad.de\/wp-content\/uploads\/2018\/12\/IMG_20181227_0001-229x300.jpg 229w, http:\/\/victoria-rad.de\/wp-content\/uploads\/2018\/12\/IMG_20181227_0001-768x1008.jpg 768w\" sizes=\"auto, (max-width: 780px) 100vw, 780px\" \/><\/a><\/figure>\r\n\r\n\r\n\r\n<figure class=\"wp-block-image\"><a href=\"http:\/\/victoria-rad.de\/wp-content\/uploads\/2018\/12\/IMG_20181227_0002.jpg\" target=\"_blank\" rel=\"noopener noreferrer\"><img loading=\"lazy\" decoding=\"async\" class=\"aligncenter wp-image-3088\" src=\"http:\/\/victoria-rad.de\/wp-content\/uploads\/2018\/12\/IMG_20181227_0002-774x1024.jpg\" alt=\"\" width=\"774\" height=\"1024\" srcset=\"http:\/\/victoria-rad.de\/wp-content\/uploads\/2018\/12\/IMG_20181227_0002-774x1024.jpg 774w, http:\/\/victoria-rad.de\/wp-content\/uploads\/2018\/12\/IMG_20181227_0002-113x150.jpg 113w, http:\/\/victoria-rad.de\/wp-content\/uploads\/2018\/12\/IMG_20181227_0002-227x300.jpg 227w, http:\/\/victoria-rad.de\/wp-content\/uploads\/2018\/12\/IMG_20181227_0002-768x1016.jpg 768w\" sizes=\"auto, (max-width: 774px) 100vw, 774px\" \/><\/a><\/figure>\r\n\r\n\r\n\r\n<h3 class=\"wp-block-heading\">Ich, Romy und klein Victoria, freuen uns schon m\u00e4chtig auf das Treffen n\u00e4chstes Jahr und w\u00fcnschen Matthias gutes Gelingen und nat\u00fcrlich bestes Treffen Wetter!!!<\/h3>\r\n\r\n\r\n\r\n<h2 class=\"wp-block-heading\"><em>2019\u00a0&#8211;\u00a02019\u00a0&#8211;\u00a02019\u00a0&#8211;\u00a02019\u00a0&#8211;\u00a02019\u00a0&#8211;\u00a02019<\/em><\/h2>\r\n\r\n\r\n\r\n<p>&nbsp;<\/p>\r\n\r\n\r\n\r\n<h3 class=\"wp-block-heading\">Allen Besuchern meiner Victoria-Webseite &#8222;victoria-rad.de&#8220; w\u00fcnsche ich einen guten Rutsch ins neue Jahr, viel Schaffenskraft und nat\u00fcrlich Gesundheit. Im neuen Jahr starten wir die Webseite mit neuen tollen Themen: &#8222;Victoria &#8211; Saxonetten&#8220; Ende der Drei\u00dfiger Jahre. <strong>Euer\u00a0Gert\u00a0Reiher&#8230;<\/strong><\/h3>\r\n\r\n\r\n\r\n<p><em>\u00a0<\/em><\/p>\r\n\r\n\r\n\r\n<figure class=\"wp-block-image\"><a href=\"http:\/\/victoria-rad.de\/wp-content\/uploads\/2018\/12\/4a3fa9a1bcca6ebd7424dc96f46220fea169dee0_1080.jpg\" target=\"_blank\" rel=\"noopener noreferrer\"><img loading=\"lazy\" decoding=\"async\" class=\"aligncenter wp-image-3091\" src=\"http:\/\/victoria-rad.de\/wp-content\/uploads\/2018\/12\/4a3fa9a1bcca6ebd7424dc96f46220fea169dee0_1080.jpg\" alt=\"\" width=\"980\" height=\"450\" srcset=\"http:\/\/victoria-rad.de\/wp-content\/uploads\/2018\/12\/4a3fa9a1bcca6ebd7424dc96f46220fea169dee0_1080.jpg 980w, http:\/\/victoria-rad.de\/wp-content\/uploads\/2018\/12\/4a3fa9a1bcca6ebd7424dc96f46220fea169dee0_1080-150x69.jpg 150w, http:\/\/victoria-rad.de\/wp-content\/uploads\/2018\/12\/4a3fa9a1bcca6ebd7424dc96f46220fea169dee0_1080-300x138.jpg 300w, http:\/\/victoria-rad.de\/wp-content\/uploads\/2018\/12\/4a3fa9a1bcca6ebd7424dc96f46220fea169dee0_1080-768x353.jpg 768w\" sizes=\"auto, (max-width: 980px) 100vw, 980px\" \/><\/a><\/figure>\r\n\r\n\r\n\r\n<div class=\"wp-block-image\">\r\n<figure class=\"aligncenter\"><img loading=\"lazy\" decoding=\"async\" width=\"501\" height=\"23\" class=\"wp-image-2871 aligncenter\" src=\"http:\/\/victoria-rad.de\/wp-content\/uploads\/2018\/11\/58-2.png\" alt=\"\" srcset=\"http:\/\/victoria-rad.de\/wp-content\/uploads\/2018\/11\/58-2.png 501w, http:\/\/victoria-rad.de\/wp-content\/uploads\/2018\/11\/58-2-150x7.png 150w, http:\/\/victoria-rad.de\/wp-content\/uploads\/2018\/11\/58-2-300x14.png 300w\" sizes=\"auto, (max-width: 501px) 100vw, 501px\" \/><\/figure>\r\n<\/div>\r\n","protected":false},"excerpt":{"rendered":"<p>Auszug\u00a0aus\u00a0unserem\u00a0zweiten Victoria Jahresheft\u00a0&#8211;\u00a0Einladung: Ich, Romy und klein Victoria, freuen uns schon m\u00e4chtig auf das Treffen n\u00e4chstes Jahr und w\u00fcnschen Matthias gutes Gelingen und nat\u00fcrlich bestes Treffen Wetter!!! 2019\u00a0&#8211;\u00a02019\u00a0&#8211;\u00a02019\u00a0&#8211;\u00a02019\u00a0&#8211;\u00a02019\u00a0&#8211;\u00a02019 &nbsp; Allen Besuchern meiner Victoria-Webseite &#8222;victoria-rad.de&#8220; w\u00fcnsche ich einen guten Rutsch ins neue Jahr, viel Schaffenskraft und nat\u00fcrlich Gesundheit. Im neuen Jahr starten wir die Webseite mit &hellip; <a href=\"http:\/\/victoria-rad.de\/?p=3086\" class=\"more-link\"><span class=\"screen-reader-text\">Motorrad &#8211; Victoria &#8211; Jahrestreffen Vorschau und Einladung f\u00fcr das Jahr 2019&#8230;<\/span> weiterlesen<\/a><\/p>\n","protected":false},"author":1,"featured_media":0,"comment_status":"open","ping_status":"open","sticky":false,"template":"","format":"standard","meta":{"footnotes":""},"categories":[1],"tags":[],"class_list":["post-3086","post","type-post","status-publish","format-standard","hentry","category-uncategorized"],"_links":{"self":[{"href":"http:\/\/victoria-rad.de\/index.php?rest_route=\/wp\/v2\/posts\/3086","targetHints":{"allow":["GET"]}}],"collection":[{"href":"http:\/\/victoria-rad.de\/index.php?rest_route=\/wp\/v2\/posts"}],"about":[{"href":"http:\/\/victoria-rad.de\/index.php?rest_route=\/wp\/v2\/types\/post"}],"author":[{"embeddable":true,"href":"http:\/\/victoria-rad.de\/index.php?rest_route=\/wp\/v2\/users\/1"}],"replies":[{"embeddable":true,"href":"http:\/\/victoria-rad.de\/index.php?rest_route=%2Fwp%2Fv2%2Fcomments&post=3086"}],"version-history":[{"count":7,"href":"http:\/\/victoria-rad.de\/index.php?rest_route=\/wp\/v2\/posts\/3086\/revisions"}],"predecessor-version":[{"id":7535,"href":"http:\/\/victoria-rad.de\/index.php?rest_route=\/wp\/v2\/posts\/3086\/revisions\/7535"}],"wp:attachment":[{"href":"http:\/\/victoria-rad.de\/index.php?rest_route=%2Fwp%2Fv2%2Fmedia&parent=3086"}],"wp:term":[{"taxonomy":"category","embeddable":true,"href":"http:\/\/victoria-rad.de\/index.php?rest_route=%2Fwp%2Fv2%2Fcategories&post=3086"},{"taxonomy":"post_tag","embeddable":true,"href":"http:\/\/victoria-rad.de\/index.php?rest_route=%2Fwp%2Fv2%2Ftags&post=3086"}],"curies":[{"name":"wp","href":"https:\/\/api.w.org\/{rel}","templated":true}]}}