{"id":3122,"date":"2019-01-07T12:43:33","date_gmt":"2019-01-07T12:43:33","guid":{"rendered":"http:\/\/victoria-rad.de\/?p=3122"},"modified":"2020-01-28T20:03:54","modified_gmt":"2020-01-28T20:03:54","slug":"victoria-saxonetten-der-dreissiger-jahre","status":"publish","type":"post","link":"http:\/\/victoria-rad.de\/?p=3122","title":{"rendered":"Motorrad &#8211; Victoria &#8211; Saxonetten der Drei\u00dfiger Jahre"},"content":{"rendered":"\r\n<p>Die Firma Fichtel &amp; Sachs entwickelte den Radnabenmotor &#8222;Saxonette&#8220; neben den bekannten Einbaumotoren der 74er und 98er Reihe und stellten diesen im Jahr 1937 auf der Berliner Automobilausstellung vor:<\/p>\r\n\r\n\r\n\r\n<div class=\"wp-block-image\">\r\n<figure class=\"alignleft\"><a href=\"http:\/\/victoria-rad.de\/?attachment_id=3123\" target=\"_blank\" rel=\"noopener noreferrer\"><img loading=\"lazy\" decoding=\"async\" class=\"aligncenter wp-image-3123\" src=\"http:\/\/victoria-rad.de\/wp-content\/uploads\/2019\/01\/IMG_20181024_0036-712x1024.jpg\" alt=\"\" width=\"712\" height=\"1024\" srcset=\"http:\/\/victoria-rad.de\/wp-content\/uploads\/2019\/01\/IMG_20181024_0036-712x1024.jpg 712w, http:\/\/victoria-rad.de\/wp-content\/uploads\/2019\/01\/IMG_20181024_0036-104x150.jpg 104w, http:\/\/victoria-rad.de\/wp-content\/uploads\/2019\/01\/IMG_20181024_0036-209x300.jpg 209w, http:\/\/victoria-rad.de\/wp-content\/uploads\/2019\/01\/IMG_20181024_0036-768x1105.jpg 768w\" sizes=\"auto, (max-width: 712px) 100vw, 712px\" \/><\/a>\r\n<figcaption><em>&#8222;Die\u00a0motorisierte\u00a0Torpedo-Freilaufnabe,\u00a0als\u00a0Einbaumotor f\u00fcr Fahrr\u00e4der&#8220;\u00a0<\/em><\/figcaption>\r\n<\/figure>\r\n<\/div>\r\n\r\n\r\n\r\n<figure class=\"wp-block-image\"><a href=\"http:\/\/victoria-rad.de\/wp-content\/uploads\/2019\/01\/IMG_20181024_0038.jpg\" target=\"_blank\" rel=\"noopener noreferrer\"><img loading=\"lazy\" decoding=\"async\" class=\"aligncenter wp-image-3124\" src=\"http:\/\/victoria-rad.de\/wp-content\/uploads\/2019\/01\/IMG_20181024_0038-995x1024.jpg\" alt=\"\" width=\"995\" height=\"1024\" srcset=\"http:\/\/victoria-rad.de\/wp-content\/uploads\/2019\/01\/IMG_20181024_0038-995x1024.jpg 995w, http:\/\/victoria-rad.de\/wp-content\/uploads\/2019\/01\/IMG_20181024_0038-146x150.jpg 146w, http:\/\/victoria-rad.de\/wp-content\/uploads\/2019\/01\/IMG_20181024_0038-292x300.jpg 292w, http:\/\/victoria-rad.de\/wp-content\/uploads\/2019\/01\/IMG_20181024_0038-768x790.jpg 768w\" sizes=\"auto, (max-width: 995px) 100vw, 995px\" \/><\/a>\r\n<figcaption><em>Der\u00a0Saxonette\u00a0&#8211;\u00a0Konfektionsmotor\u00a0wurde\u00a0im\u00a026&#8243;\u00a0Zoll\u00a0Hinterrad\u00a0geliefert,\u00a0einbaufertig\u00a0f\u00fcr\u00a0ein\u00a0Fahrrad.<\/em><\/figcaption>\r\n<\/figure>\r\n\r\n\r\n\r\n<p>Technische Daten:<\/p>\r\n\r\n\r\n\r\n<figure class=\"wp-block-image\"><a href=\"http:\/\/victoria-rad.de\/?attachment_id=3125\" target=\"_blank\" rel=\"noopener noreferrer\"><img loading=\"lazy\" decoding=\"async\" class=\"aligncenter wp-image-3125\" src=\"http:\/\/victoria-rad.de\/wp-content\/uploads\/2019\/01\/IMG_20181024_0037-698x1024.jpg\" alt=\"\" width=\"698\" height=\"1024\" srcset=\"http:\/\/victoria-rad.de\/wp-content\/uploads\/2019\/01\/IMG_20181024_0037-698x1024.jpg 698w, http:\/\/victoria-rad.de\/wp-content\/uploads\/2019\/01\/IMG_20181024_0037-102x150.jpg 102w, http:\/\/victoria-rad.de\/wp-content\/uploads\/2019\/01\/IMG_20181024_0037-204x300.jpg 204w, http:\/\/victoria-rad.de\/wp-content\/uploads\/2019\/01\/IMG_20181024_0037-768x1127.jpg 768w\" sizes=\"auto, (max-width: 698px) 100vw, 698px\" \/><\/a><\/figure>\r\n\r\n\r\n\r\n<p>F\u00fcr die Hersteller, wie auch &#8222;Victoria&#8220;, wurden Vorschl\u00e4ge von &#8222;F&amp;S&#8220; gemacht, wie ein Komplettfahrzeug mit der Linie der integrierten Einbaumotoren aussehen konnte:<\/p>\r\n\r\n\r\n\r\n<figure class=\"wp-block-image\"><a href=\"http:\/\/victoria-rad.de\/?attachment_id=3126\" target=\"_blank\" rel=\"noopener noreferrer\"><img loading=\"lazy\" decoding=\"async\" class=\"aligncenter wp-image-3126\" src=\"http:\/\/victoria-rad.de\/wp-content\/uploads\/2019\/01\/IMG_20181024_0040-Kopie-1024x460.jpg\" alt=\"\" width=\"1024\" height=\"460\" srcset=\"http:\/\/victoria-rad.de\/wp-content\/uploads\/2019\/01\/IMG_20181024_0040-Kopie-1024x460.jpg 1024w, http:\/\/victoria-rad.de\/wp-content\/uploads\/2019\/01\/IMG_20181024_0040-Kopie-150x67.jpg 150w, http:\/\/victoria-rad.de\/wp-content\/uploads\/2019\/01\/IMG_20181024_0040-Kopie-300x135.jpg 300w, http:\/\/victoria-rad.de\/wp-content\/uploads\/2019\/01\/IMG_20181024_0040-Kopie-768x345.jpg 768w\" sizes=\"auto, (max-width: 1024px) 100vw, 1024px\" \/><\/a>\r\n<figcaption><em>Diese\u00a0Vorlage\u00a0kam\u00a0bei\u00a0Victoria\u00a0als\u00a0&#8222;Herrenmodell&#8220;\u00a0zur\u00a0Anwendung,\u00a0passend\u00a0zur\u00a0V-Linie.<\/em><\/figcaption>\r\n<\/figure>\r\n\r\n\r\n\r\n<figure class=\"wp-block-image\"><a href=\"http:\/\/victoria-rad.de\/wp-content\/uploads\/2019\/01\/IMG_20181024_0040.jpg\" target=\"_blank\" rel=\"noopener noreferrer\"><img loading=\"lazy\" decoding=\"async\" class=\"aligncenter wp-image-3127\" src=\"http:\/\/victoria-rad.de\/wp-content\/uploads\/2019\/01\/IMG_20181024_0040-1024x476.jpg\" alt=\"\" width=\"1024\" height=\"476\" srcset=\"http:\/\/victoria-rad.de\/wp-content\/uploads\/2019\/01\/IMG_20181024_0040-1024x476.jpg 1024w, http:\/\/victoria-rad.de\/wp-content\/uploads\/2019\/01\/IMG_20181024_0040-150x70.jpg 150w, http:\/\/victoria-rad.de\/wp-content\/uploads\/2019\/01\/IMG_20181024_0040-300x140.jpg 300w, http:\/\/victoria-rad.de\/wp-content\/uploads\/2019\/01\/IMG_20181024_0040-768x357.jpg 768w\" sizes=\"auto, (max-width: 1024px) 100vw, 1024px\" \/><\/a>\r\n<figcaption><em>Hier,\u00a0der\u00a0Tank\u00a0\u00fcber\u00a0dem\u00a0Hinterrad,\u00a0war\u00a0bei\u00a0Victoria\u00a0die\u00a0&#8222;Damenversion&#8220;.<\/em><\/figcaption>\r\n<\/figure>\r\n\r\n\r\n\r\n<figure class=\"wp-block-image\"><a href=\"http:\/\/victoria-rad.de\/?attachment_id=3128\" target=\"_blank\" rel=\"noopener noreferrer\"><img loading=\"lazy\" decoding=\"async\" class=\"aligncenter wp-image-3128\" src=\"http:\/\/victoria-rad.de\/wp-content\/uploads\/2019\/01\/IMG_20181024_0040-Kopie-2-1024x556.jpg\" alt=\"\" width=\"1024\" height=\"556\" srcset=\"http:\/\/victoria-rad.de\/wp-content\/uploads\/2019\/01\/IMG_20181024_0040-Kopie-2-1024x556.jpg 1024w, http:\/\/victoria-rad.de\/wp-content\/uploads\/2019\/01\/IMG_20181024_0040-Kopie-2-150x81.jpg 150w, http:\/\/victoria-rad.de\/wp-content\/uploads\/2019\/01\/IMG_20181024_0040-Kopie-2-300x163.jpg 300w, http:\/\/victoria-rad.de\/wp-content\/uploads\/2019\/01\/IMG_20181024_0040-Kopie-2-768x417.jpg 768w\" sizes=\"auto, (max-width: 1024px) 100vw, 1024px\" \/><\/a>\r\n<figcaption><em>Das Kreuzrahmenmodell ist eher ein Unikat und wurde selten verwendet.<br \/><\/em><\/figcaption>\r\n<\/figure>\r\n\r\n\r\n\r\n<p>An die 30 Hersteller von Fahrr\u00e4dern und Kleikraftr\u00e4dern bezogen die Einbaumotoren von &#8222;F&amp;S&#8220;, so dass bei den Schweinfurter Hersteller ein \u00fcberragender Marktanteil von ca. 75 % erreicht wurde. Allerdings endete die Herstellung dieser Einbaumotoren bereits 1940 wieder, weil die Motorradindustrie und die Fahrradhersteller, sowie die Motorenhersteller ein 6-Punkte Programm beschlossen. Es wurde eine strikte Trennung der verschiedenen Industrien fixiert, wobei der Einbaumotor auf der Strecke blieb.<\/p>\r\n\r\n\r\n\r\n<p>Der 38er Saxonette &#8211; Einbaumotor hatte durch seine kompakte Bauweise auch einige Nachteile. Da alles gut und formsch\u00f6n verkleidet war, traten bei Dauerbelastung und h\u00f6heren Geschwindigkeiten die \u00fcblichen W\u00e4rmeprobleme auf, welche zu Motorausf\u00e4llen und Z\u00fcndspulenproblemen f\u00fchrten. Hier heraus begr\u00fcndet sich, dass man am Gasgriff einen Druckpunkt nachr\u00fcstete, welcher dem Fahrer signalisierte das Mot\u00f6rchen nicht zu \u00fcberfordern. Die formsch\u00f6nen Abdeckungen hat mancher Pilot wohl entfernt, deshalb sind die Bleche auch heute sehr begehrt und kaum noch zu bekommen. Bei Fahren im Teillastbereich ver\u00f6lte die 175er Z\u00fcndkerze und man tauschte sie gegen eine 95er mit dem entsprechen geringeren W\u00e4rmewert. Um den Motor zu starten, musste eine Kolbenpumpe mehrmals bet\u00e4tigt werden, anstelle eines \u00fcblichen Tupfers. Dies stellte sich auch als Problem heraus und wurde in die H\u00e4ndlerhinweise aufgenommen.<\/p>\r\n\r\n\r\n\r\n<p>Der Pr\u00fcfungsbericht:<\/p>\r\n\r\n\r\n\r\n<figure class=\"wp-block-image\"><a href=\"http:\/\/victoria-rad.de\/wp-content\/uploads\/2019\/01\/IMG_20190205_0001.jpg\" target=\"_blank\" rel=\"noopener noreferrer\"><img loading=\"lazy\" decoding=\"async\" class=\"aligncenter wp-image-3419\" src=\"http:\/\/victoria-rad.de\/wp-content\/uploads\/2019\/01\/IMG_20190205_0001-756x1024.jpg\" alt=\"\" width=\"756\" height=\"1024\" srcset=\"http:\/\/victoria-rad.de\/wp-content\/uploads\/2019\/01\/IMG_20190205_0001-756x1024.jpg 756w, http:\/\/victoria-rad.de\/wp-content\/uploads\/2019\/01\/IMG_20190205_0001-111x150.jpg 111w, http:\/\/victoria-rad.de\/wp-content\/uploads\/2019\/01\/IMG_20190205_0001-222x300.jpg 222w, http:\/\/victoria-rad.de\/wp-content\/uploads\/2019\/01\/IMG_20190205_0001-768x1040.jpg 768w\" sizes=\"auto, (max-width: 756px) 100vw, 756px\" \/><\/a><\/figure>\r\n\r\n\r\n\r\n<figure class=\"wp-block-image\"><img loading=\"lazy\" decoding=\"async\" width=\"771\" height=\"1024\" class=\"wp-image-3420\" src=\"http:\/\/victoria-rad.de\/wp-content\/uploads\/2019\/01\/IMG_20190205_0002-771x1024.jpg\" alt=\"\" srcset=\"http:\/\/victoria-rad.de\/wp-content\/uploads\/2019\/01\/IMG_20190205_0002-771x1024.jpg 771w, http:\/\/victoria-rad.de\/wp-content\/uploads\/2019\/01\/IMG_20190205_0002-113x150.jpg 113w, http:\/\/victoria-rad.de\/wp-content\/uploads\/2019\/01\/IMG_20190205_0002-226x300.jpg 226w, http:\/\/victoria-rad.de\/wp-content\/uploads\/2019\/01\/IMG_20190205_0002-768x1020.jpg 768w\" sizes=\"auto, (max-width: 771px) 100vw, 771px\" \/><\/figure>\r\n\r\n\r\n\r\n<figure class=\"wp-block-image\"><a href=\"http:\/\/victoria-rad.de\/?attachment_id=3421\" target=\"_blank\" rel=\"noopener noreferrer\"><img loading=\"lazy\" decoding=\"async\" class=\"aligncenter wp-image-3421\" src=\"http:\/\/victoria-rad.de\/wp-content\/uploads\/2019\/01\/IMG_20190205_0003-721x1024.jpg\" alt=\"\" width=\"721\" height=\"1024\" srcset=\"http:\/\/victoria-rad.de\/wp-content\/uploads\/2019\/01\/IMG_20190205_0003-721x1024.jpg 721w, http:\/\/victoria-rad.de\/wp-content\/uploads\/2019\/01\/IMG_20190205_0003-106x150.jpg 106w, http:\/\/victoria-rad.de\/wp-content\/uploads\/2019\/01\/IMG_20190205_0003-211x300.jpg 211w, http:\/\/victoria-rad.de\/wp-content\/uploads\/2019\/01\/IMG_20190205_0003-768x1092.jpg 768w\" sizes=\"auto, (max-width: 721px) 100vw, 721px\" \/><\/a>\r\n<figcaption>Die Preise von 1938 waren noch sehr moderat. Heute bekommt man nicht mal mehr das Motorabdeckblech daf\u00fcr !<\/figcaption>\r\n<\/figure>\r\n\r\n\r\n\r\n<p>Die Victoria &#8222;Saxonetten&#8220;:<\/p>\r\n\r\n\r\n\r\n<figure class=\"wp-block-image\"><a href=\"http:\/\/victoria-rad.de\/?attachment_id=3130\" target=\"_blank\" rel=\"noopener noreferrer\"><img loading=\"lazy\" decoding=\"async\" class=\"aligncenter wp-image-3130\" src=\"http:\/\/victoria-rad.de\/wp-content\/uploads\/2019\/01\/IMG_20190106_0002-718x1024.jpg\" alt=\"\" width=\"718\" height=\"1024\" srcset=\"http:\/\/victoria-rad.de\/wp-content\/uploads\/2019\/01\/IMG_20190106_0002-718x1024.jpg 718w, http:\/\/victoria-rad.de\/wp-content\/uploads\/2019\/01\/IMG_20190106_0002-105x150.jpg 105w, http:\/\/victoria-rad.de\/wp-content\/uploads\/2019\/01\/IMG_20190106_0002-210x300.jpg 210w, http:\/\/victoria-rad.de\/wp-content\/uploads\/2019\/01\/IMG_20190106_0002-768x1096.jpg 768w, http:\/\/victoria-rad.de\/wp-content\/uploads\/2019\/01\/IMG_20190106_0002.jpg 1002w\" sizes=\"auto, (max-width: 718px) 100vw, 718px\" \/><\/a><\/figure>\r\n\r\n\r\n\r\n<figure class=\"wp-block-image\"><a href=\"http:\/\/victoria-rad.de\/?attachment_id=3129\" target=\"_blank\" rel=\"noopener noreferrer\"><img loading=\"lazy\" decoding=\"async\" class=\"aligncenter wp-image-3129\" src=\"http:\/\/victoria-rad.de\/wp-content\/uploads\/2019\/01\/IMG_20190106_0001-Kopie-2-1024x607.jpg\" alt=\"\" width=\"1024\" height=\"607\" srcset=\"http:\/\/victoria-rad.de\/wp-content\/uploads\/2019\/01\/IMG_20190106_0001-Kopie-2-1024x607.jpg 1024w, http:\/\/victoria-rad.de\/wp-content\/uploads\/2019\/01\/IMG_20190106_0001-Kopie-2-150x89.jpg 150w, http:\/\/victoria-rad.de\/wp-content\/uploads\/2019\/01\/IMG_20190106_0001-Kopie-2-300x178.jpg 300w, http:\/\/victoria-rad.de\/wp-content\/uploads\/2019\/01\/IMG_20190106_0001-Kopie-2-768x456.jpg 768w\" sizes=\"auto, (max-width: 1024px) 100vw, 1024px\" \/><\/a>\r\n<figcaption><em>In\u00a0Anlehnung\u00a0an\u00a0die &#8222;F&amp;S&#8220;\u00a0Vorgabe\u00a0Endstand\u00a0dieses\u00a0formsch\u00f6ne\u00a0V-Linien\u00a0Modell.<\/em><\/figcaption>\r\n<\/figure>\r\n\r\n\r\n\r\n<figure class=\"wp-block-image\"><a href=\"http:\/\/victoria-rad.de\/?attachment_id=3134\" target=\"_blank\" rel=\"noopener noreferrer\"><img loading=\"lazy\" decoding=\"async\" class=\"aligncenter wp-image-3134\" src=\"http:\/\/victoria-rad.de\/wp-content\/uploads\/2019\/01\/Bild-S-2-1024x681.jpg\" alt=\"\" width=\"1024\" height=\"681\" srcset=\"http:\/\/victoria-rad.de\/wp-content\/uploads\/2019\/01\/Bild-S-2-1024x681.jpg 1024w, http:\/\/victoria-rad.de\/wp-content\/uploads\/2019\/01\/Bild-S-2-150x100.jpg 150w, http:\/\/victoria-rad.de\/wp-content\/uploads\/2019\/01\/Bild-S-2-300x200.jpg 300w, http:\/\/victoria-rad.de\/wp-content\/uploads\/2019\/01\/Bild-S-2-768x511.jpg 768w\" sizes=\"auto, (max-width: 1024px) 100vw, 1024px\" \/><\/a>\r\n<figcaption>Originales Victoria V38 Modell mit dem Radnabenmotor, als &#8222;Herrenmodell&#8220;<br \/><br \/><\/figcaption>\r\n<\/figure>\r\n\r\n\r\n\r\n<figure class=\"wp-block-image\"><a href=\"http:\/\/victoria-rad.de\/wp-content\/uploads\/2019\/01\/Bild-S-1.jpg\" target=\"_blank\" rel=\"noopener noreferrer\"><img loading=\"lazy\" decoding=\"async\" class=\"aligncenter wp-image-3133\" src=\"http:\/\/victoria-rad.de\/wp-content\/uploads\/2019\/01\/Bild-S-1-1024x681.jpg\" alt=\"\" width=\"1024\" height=\"681\" srcset=\"http:\/\/victoria-rad.de\/wp-content\/uploads\/2019\/01\/Bild-S-1-1024x681.jpg 1024w, http:\/\/victoria-rad.de\/wp-content\/uploads\/2019\/01\/Bild-S-1-150x100.jpg 150w, http:\/\/victoria-rad.de\/wp-content\/uploads\/2019\/01\/Bild-S-1-300x200.jpg 300w, http:\/\/victoria-rad.de\/wp-content\/uploads\/2019\/01\/Bild-S-1-768x511.jpg 768w\" sizes=\"auto, (max-width: 1024px) 100vw, 1024px\" \/><\/a>\r\n<figcaption>Originales Victoria V48 Modell mit dem Radnabenmotor, als &#8222;Damenmodell&#8220;.<br \/>Damenmodelle wurden werksseitig immer mit roten Ballonreifen ausgeliefert.<\/figcaption>\r\n<\/figure>\r\n\r\n\r\n\r\n<p>Die Pendelgabel von Victoria:<\/p>\r\n\r\n\r\n\r\n<figure class=\"wp-block-image\"><a href=\"http:\/\/victoria-rad.de\/?attachment_id=3132\" target=\"_blank\" rel=\"noopener noreferrer\"><img loading=\"lazy\" decoding=\"async\" class=\"aligncenter wp-image-3132\" src=\"http:\/\/victoria-rad.de\/wp-content\/uploads\/2019\/01\/133.1-pic2.png\" alt=\"\" width=\"635\" height=\"567\" srcset=\"http:\/\/victoria-rad.de\/wp-content\/uploads\/2019\/01\/133.1-pic2.png 635w, http:\/\/victoria-rad.de\/wp-content\/uploads\/2019\/01\/133.1-pic2-150x134.png 150w, http:\/\/victoria-rad.de\/wp-content\/uploads\/2019\/01\/133.1-pic2-300x268.png 300w\" sizes=\"auto, (max-width: 635px) 100vw, 635px\" \/><\/a>\r\n<figcaption><em>Die\u00a0spezielle\u00a0Federung\u00a0der\u00a0Vordergabel\u00a0unterhalb\u00a0des\u00a0Steuerkopfes\u00a0bewirkt\u00a0einen Schwingeffekt,\u00a0welcher\u00a0sehr\u00a0wirkungsvoll\u00a0ist.<\/em><br \/><br \/><\/figcaption>\r\n<\/figure>\r\n\r\n\r\n\r\n<figure class=\"wp-block-image\"><a href=\"http:\/\/victoria-rad.de\/wp-content\/uploads\/2019\/01\/Victoria-Buch-Bilder-048.jpg\" target=\"_blank\" rel=\"noopener noreferrer\"><img loading=\"lazy\" decoding=\"async\" class=\"aligncenter wp-image-3138\" src=\"http:\/\/victoria-rad.de\/wp-content\/uploads\/2019\/01\/Victoria-Buch-Bilder-048-1024x768.jpg\" alt=\"\" width=\"1024\" height=\"768\" srcset=\"http:\/\/victoria-rad.de\/wp-content\/uploads\/2019\/01\/Victoria-Buch-Bilder-048-1024x768.jpg 1024w, http:\/\/victoria-rad.de\/wp-content\/uploads\/2019\/01\/Victoria-Buch-Bilder-048-150x113.jpg 150w, http:\/\/victoria-rad.de\/wp-content\/uploads\/2019\/01\/Victoria-Buch-Bilder-048-300x225.jpg 300w, http:\/\/victoria-rad.de\/wp-content\/uploads\/2019\/01\/Victoria-Buch-Bilder-048-768x576.jpg 768w\" sizes=\"auto, (max-width: 1024px) 100vw, 1024px\" \/><\/a>\r\n<figcaption><em>Pendelgabel am Originalrad.<br \/><\/em><\/figcaption>\r\n<\/figure>\r\n\r\n\r\n\r\n<figure class=\"wp-block-image\"><a href=\"http:\/\/victoria-rad.de\/?attachment_id=3137\" target=\"_blank\" rel=\"noopener noreferrer\"><img loading=\"lazy\" decoding=\"async\" class=\"aligncenter wp-image-3137\" src=\"http:\/\/victoria-rad.de\/wp-content\/uploads\/2019\/01\/Victoria-Buch-Bilder-046-Kopie-954x1024.jpg\" alt=\"\" width=\"954\" height=\"1024\" srcset=\"http:\/\/victoria-rad.de\/wp-content\/uploads\/2019\/01\/Victoria-Buch-Bilder-046-Kopie-954x1024.jpg 954w, http:\/\/victoria-rad.de\/wp-content\/uploads\/2019\/01\/Victoria-Buch-Bilder-046-Kopie-140x150.jpg 140w, http:\/\/victoria-rad.de\/wp-content\/uploads\/2019\/01\/Victoria-Buch-Bilder-046-Kopie-280x300.jpg 280w, http:\/\/victoria-rad.de\/wp-content\/uploads\/2019\/01\/Victoria-Buch-Bilder-046-Kopie-768x824.jpg 768w, http:\/\/victoria-rad.de\/wp-content\/uploads\/2019\/01\/Victoria-Buch-Bilder-046-Kopie.jpg 1010w\" sizes=\"auto, (max-width: 954px) 100vw, 954px\" \/><\/a>\r\n<figcaption><em>Radnabenmotor\u00a0Komplett\u00a0mit\u00a0dem\u00a0Abdeckblech,\u00a0oben\u00a0links\u00a0die\u00a0Kolbenpumpe.<\/em><\/figcaption>\r\n<\/figure>\r\n\r\n\r\n\r\n<figure class=\"wp-block-image\"><a href=\"http:\/\/victoria-rad.de\/?attachment_id=3136\" target=\"_blank\" rel=\"noopener noreferrer\"><img loading=\"lazy\" decoding=\"async\" class=\"aligncenter wp-image-3136\" src=\"http:\/\/victoria-rad.de\/wp-content\/uploads\/2019\/01\/Victoria-Buch-Bilder-046-1024x768.jpg\" alt=\"\" width=\"1024\" height=\"768\" srcset=\"http:\/\/victoria-rad.de\/wp-content\/uploads\/2019\/01\/Victoria-Buch-Bilder-046-1024x768.jpg 1024w, http:\/\/victoria-rad.de\/wp-content\/uploads\/2019\/01\/Victoria-Buch-Bilder-046-150x113.jpg 150w, http:\/\/victoria-rad.de\/wp-content\/uploads\/2019\/01\/Victoria-Buch-Bilder-046-300x225.jpg 300w, http:\/\/victoria-rad.de\/wp-content\/uploads\/2019\/01\/Victoria-Buch-Bilder-046-768x576.jpg 768w\" sizes=\"auto, (max-width: 1024px) 100vw, 1024px\" \/><\/a>\r\n<figcaption><em>Herrenmodell\u00a0linke\u00a0Seite,\u00a0mit\u00a0der\u00a0\u00fcblichen\u00a0Ausstattung.<\/em><\/figcaption>\r\n<\/figure>\r\n\r\n\r\n\r\n<figure class=\"wp-block-image\"><a href=\"http:\/\/victoria-rad.de\/wp-content\/uploads\/2019\/01\/Victoria-Buch-Bilder-044.jpg\" target=\"_blank\" rel=\"noopener noreferrer\"><img loading=\"lazy\" decoding=\"async\" class=\"aligncenter wp-image-3135\" src=\"http:\/\/victoria-rad.de\/wp-content\/uploads\/2019\/01\/Victoria-Buch-Bilder-044-1024x768.jpg\" alt=\"\" width=\"1024\" height=\"768\" srcset=\"http:\/\/victoria-rad.de\/wp-content\/uploads\/2019\/01\/Victoria-Buch-Bilder-044-1024x768.jpg 1024w, http:\/\/victoria-rad.de\/wp-content\/uploads\/2019\/01\/Victoria-Buch-Bilder-044-150x113.jpg 150w, http:\/\/victoria-rad.de\/wp-content\/uploads\/2019\/01\/Victoria-Buch-Bilder-044-300x225.jpg 300w, http:\/\/victoria-rad.de\/wp-content\/uploads\/2019\/01\/Victoria-Buch-Bilder-044-768x576.jpg 768w\" sizes=\"auto, (max-width: 1024px) 100vw, 1024px\" \/><\/a>\r\n<figcaption><em>Herrenmodell\u00a0rechte\u00a0Seite,\u00a0vorn\u00a0Innenbackenbremse\u00a0(90mm),\u00a0hinten\u00a0die\u00a0Freilaufnabe.<\/em><br \/>Die gro\u00dfe Abdeckscheibe sorgt f\u00fcr Frischluft &#8211; Motork\u00fchlung \u00fcber die 18 Schlitze.<br \/><br \/><\/figcaption>\r\n<\/figure>\r\n\r\n\r\n\r\n<p>Das seltene Damenmodell (nur noch ein Fragment bekannt) wurde in \u00d6sterreich von einem Hilfsmotoren Sammler aufgefunden. Die Damemodelle hat man im Verh\u00e4ltnis 40 zu 1 hergestellt:<\/p>\r\n\r\n\r\n\r\n<figure class=\"wp-block-image\"><a href=\"http:\/\/victoria-rad.de\/?attachment_id=3139\" target=\"_blank\" rel=\"noopener noreferrer\"><img loading=\"lazy\" decoding=\"async\" class=\"aligncenter wp-image-3139\" src=\"http:\/\/victoria-rad.de\/wp-content\/uploads\/2019\/01\/Motorrad-verschiedene-Bilder-002-1024x685.jpg\" alt=\"\" width=\"1024\" height=\"685\" srcset=\"http:\/\/victoria-rad.de\/wp-content\/uploads\/2019\/01\/Motorrad-verschiedene-Bilder-002-1024x685.jpg 1024w, http:\/\/victoria-rad.de\/wp-content\/uploads\/2019\/01\/Motorrad-verschiedene-Bilder-002-150x100.jpg 150w, http:\/\/victoria-rad.de\/wp-content\/uploads\/2019\/01\/Motorrad-verschiedene-Bilder-002-300x201.jpg 300w, http:\/\/victoria-rad.de\/wp-content\/uploads\/2019\/01\/Motorrad-verschiedene-Bilder-002-768x514.jpg 768w\" sizes=\"auto, (max-width: 1024px) 100vw, 1024px\" \/><\/a>\r\n<figcaption><em>Damenmodell\u00a0&#8211;\u00a0Originalzustand\u00a0mit\u00a0den\u00a0Erstreifen,\u00a0kaum\u00a0gefahren.<\/em><\/figcaption>\r\n<\/figure>\r\n\r\n\r\n\r\n<figure class=\"wp-block-image\"><a href=\"http:\/\/victoria-rad.de\/?attachment_id=3140\" target=\"_blank\" rel=\"noopener noreferrer\"><img loading=\"lazy\" decoding=\"async\" class=\"aligncenter wp-image-3140\" src=\"http:\/\/victoria-rad.de\/wp-content\/uploads\/2019\/01\/Motorrad-verschiedene-Bilder-004-1024x685.jpg\" alt=\"\" width=\"1024\" height=\"685\" srcset=\"http:\/\/victoria-rad.de\/wp-content\/uploads\/2019\/01\/Motorrad-verschiedene-Bilder-004-1024x685.jpg 1024w, http:\/\/victoria-rad.de\/wp-content\/uploads\/2019\/01\/Motorrad-verschiedene-Bilder-004-150x100.jpg 150w, http:\/\/victoria-rad.de\/wp-content\/uploads\/2019\/01\/Motorrad-verschiedene-Bilder-004-300x201.jpg 300w, http:\/\/victoria-rad.de\/wp-content\/uploads\/2019\/01\/Motorrad-verschiedene-Bilder-004-768x514.jpg 768w\" sizes=\"auto, (max-width: 1024px) 100vw, 1024px\" \/><\/a>\r\n<figcaption><em>Die\u00a0eher\u00a0unspektakul\u00e4re\u00a0rechte\u00a0Seite.<\/em><\/figcaption>\r\n<\/figure>\r\n\r\n\r\n\r\n<div class=\"wp-block-image\">\r\n<figure class=\"aligncenter\"><a href=\"http:\/\/victoria-rad.de\/?attachment_id=3141\" target=\"_blank\" rel=\"noopener noreferrer\"><img loading=\"lazy\" decoding=\"async\" class=\"aligncenter wp-image-3141\" src=\"http:\/\/victoria-rad.de\/wp-content\/uploads\/2019\/01\/Motorrad-verschiedene-Bilder-006-425x1024.jpg\" alt=\"\" width=\"425\" height=\"1024\" srcset=\"http:\/\/victoria-rad.de\/wp-content\/uploads\/2019\/01\/Motorrad-verschiedene-Bilder-006-425x1024.jpg 425w, http:\/\/victoria-rad.de\/wp-content\/uploads\/2019\/01\/Motorrad-verschiedene-Bilder-006-62x150.jpg 62w, http:\/\/victoria-rad.de\/wp-content\/uploads\/2019\/01\/Motorrad-verschiedene-Bilder-006-124x300.jpg 124w, http:\/\/victoria-rad.de\/wp-content\/uploads\/2019\/01\/Motorrad-verschiedene-Bilder-006-768x1851.jpg 768w, http:\/\/victoria-rad.de\/wp-content\/uploads\/2019\/01\/Motorrad-verschiedene-Bilder-006.jpg 1062w\" sizes=\"auto, (max-width: 425px) 100vw, 425px\" \/><\/a>\r\n<figcaption><em>Der\u00a0elegante\u00a0Kraftstofftank\u00a0\u00fcber dem hinteren\u00a0Schutzblech,\u00a0mit\u00a0Linierung.<\/em><\/figcaption>\r\n<\/figure>\r\n<\/div>\r\n\r\n\r\n\r\n<figure class=\"wp-block-image\"><a href=\"http:\/\/victoria-rad.de\/?attachment_id=3123\" target=\"_blank\" rel=\"noopener noreferrer\"><img loading=\"lazy\" decoding=\"async\" class=\"aligncenter wp-image-3123\" src=\"http:\/\/victoria-rad.de\/wp-content\/uploads\/2019\/01\/IMG_20181024_0036-712x1024.jpg\" alt=\"\" width=\"712\" height=\"1024\" srcset=\"http:\/\/victoria-rad.de\/wp-content\/uploads\/2019\/01\/IMG_20181024_0036-712x1024.jpg 712w, http:\/\/victoria-rad.de\/wp-content\/uploads\/2019\/01\/IMG_20181024_0036-104x150.jpg 104w, http:\/\/victoria-rad.de\/wp-content\/uploads\/2019\/01\/IMG_20181024_0036-209x300.jpg 209w, http:\/\/victoria-rad.de\/wp-content\/uploads\/2019\/01\/IMG_20181024_0036-768x1105.jpg 768w\" sizes=\"auto, (max-width: 712px) 100vw, 712px\" \/><\/a><\/figure>\r\n\r\n\r\n\r\n<div class=\"wp-block-image\">\r\n<figure class=\"aligncenter\"><img loading=\"lazy\" decoding=\"async\" width=\"501\" height=\"23\" class=\"wp-image-2871 aligncenter\" src=\"http:\/\/victoria-rad.de\/wp-content\/uploads\/2018\/11\/58-2.png\" alt=\"\" srcset=\"http:\/\/victoria-rad.de\/wp-content\/uploads\/2018\/11\/58-2.png 501w, http:\/\/victoria-rad.de\/wp-content\/uploads\/2018\/11\/58-2-150x7.png 150w, http:\/\/victoria-rad.de\/wp-content\/uploads\/2018\/11\/58-2-300x14.png 300w\" sizes=\"auto, (max-width: 501px) 100vw, 501px\" \/><\/figure>\r\n<\/div>\r\n","protected":false},"excerpt":{"rendered":"<p>Die Firma Fichtel &amp; Sachs entwickelte den Radnabenmotor &#8222;Saxonette&#8220; neben den bekannten Einbaumotoren der 74er und 98er Reihe und stellten diesen im Jahr 1937 auf der Berliner Automobilausstellung vor: Technische Daten: F\u00fcr die Hersteller, wie auch &#8222;Victoria&#8220;, wurden Vorschl\u00e4ge von &#8222;F&amp;S&#8220; gemacht, wie ein Komplettfahrzeug mit der Linie der integrierten Einbaumotoren aussehen konnte: An die &hellip; <a href=\"http:\/\/victoria-rad.de\/?p=3122\" class=\"more-link\"><span class=\"screen-reader-text\">Motorrad &#8211; Victoria &#8211; Saxonetten der Drei\u00dfiger Jahre<\/span> weiterlesen<\/a><\/p>\n","protected":false},"author":1,"featured_media":0,"comment_status":"open","ping_status":"open","sticky":false,"template":"","format":"standard","meta":{"footnotes":""},"categories":[1],"tags":[],"class_list":["post-3122","post","type-post","status-publish","format-standard","hentry","category-uncategorized"],"_links":{"self":[{"href":"http:\/\/victoria-rad.de\/index.php?rest_route=\/wp\/v2\/posts\/3122","targetHints":{"allow":["GET"]}}],"collection":[{"href":"http:\/\/victoria-rad.de\/index.php?rest_route=\/wp\/v2\/posts"}],"about":[{"href":"http:\/\/victoria-rad.de\/index.php?rest_route=\/wp\/v2\/types\/post"}],"author":[{"embeddable":true,"href":"http:\/\/victoria-rad.de\/index.php?rest_route=\/wp\/v2\/users\/1"}],"replies":[{"embeddable":true,"href":"http:\/\/victoria-rad.de\/index.php?rest_route=%2Fwp%2Fv2%2Fcomments&post=3122"}],"version-history":[{"count":6,"href":"http:\/\/victoria-rad.de\/index.php?rest_route=\/wp\/v2\/posts\/3122\/revisions"}],"predecessor-version":[{"id":7537,"href":"http:\/\/victoria-rad.de\/index.php?rest_route=\/wp\/v2\/posts\/3122\/revisions\/7537"}],"wp:attachment":[{"href":"http:\/\/victoria-rad.de\/index.php?rest_route=%2Fwp%2Fv2%2Fmedia&parent=3122"}],"wp:term":[{"taxonomy":"category","embeddable":true,"href":"http:\/\/victoria-rad.de\/index.php?rest_route=%2Fwp%2Fv2%2Fcategories&post=3122"},{"taxonomy":"post_tag","embeddable":true,"href":"http:\/\/victoria-rad.de\/index.php?rest_route=%2Fwp%2Fv2%2Ftags&post=3122"}],"curies":[{"name":"wp","href":"https:\/\/api.w.org\/{rel}","templated":true}]}}