{"id":330,"date":"2018-07-02T14:51:40","date_gmt":"2018-07-02T14:51:40","guid":{"rendered":"http:\/\/victoria-rad.de\/?p=330"},"modified":"2020-01-29T20:18:00","modified_gmt":"2020-01-29T20:18:00","slug":"schon-wieder-10-jahre-im-19-jahrhundert-man-stellt-den-katalog-1910-vor","status":"publish","type":"post","link":"http:\/\/victoria-rad.de\/?p=330","title":{"rendered":"Victoria &#8211; Fahrrad &#8211; schon wieder 10 Jahre im 19. Jahrhundert, man stellt den Katalog 1910 vor&#8230;"},"content":{"rendered":"<p><a href=\"http:\/\/victoria-rad.de\/wp-content\/uploads\/2018\/03\/IMG_20160315_0001-e1529582914967.jpg\" target=\"_blank\" rel=\"noopener noreferrer\"><img loading=\"lazy\" decoding=\"async\" class=\"aligncenter wp-image-278 size-medium\" src=\"http:\/\/victoria-rad.de\/wp-content\/uploads\/2018\/03\/IMG_20160315_0001-e1529582914967-180x300.jpg\" alt=\"\" width=\"180\" height=\"300\" srcset=\"http:\/\/victoria-rad.de\/wp-content\/uploads\/2018\/03\/IMG_20160315_0001-e1529582914967-180x300.jpg 180w, http:\/\/victoria-rad.de\/wp-content\/uploads\/2018\/03\/IMG_20160315_0001-e1529582914967-768x1283.jpg 768w, http:\/\/victoria-rad.de\/wp-content\/uploads\/2018\/03\/IMG_20160315_0001-e1529582914967-613x1024.jpg 613w\" sizes=\"auto, (max-width: 180px) 100vw, 180px\" \/><\/a><\/p>\n<p><a href=\"http:\/\/victoria-rad.de\/wp-content\/uploads\/2018\/03\/IMG_20160315_0002-e1529582971591.jpg\" target=\"_blank\" rel=\"noopener noreferrer\"><img loading=\"lazy\" decoding=\"async\" class=\"aligncenter wp-image-279 size-medium\" src=\"http:\/\/victoria-rad.de\/wp-content\/uploads\/2018\/03\/IMG_20160315_0002-e1529582971591-172x300.jpg\" alt=\"\" width=\"172\" height=\"300\" srcset=\"http:\/\/victoria-rad.de\/wp-content\/uploads\/2018\/03\/IMG_20160315_0002-e1529582971591-172x300.jpg 172w, http:\/\/victoria-rad.de\/wp-content\/uploads\/2018\/03\/IMG_20160315_0002-e1529582971591-768x1336.jpg 768w, http:\/\/victoria-rad.de\/wp-content\/uploads\/2018\/03\/IMG_20160315_0002-e1529582971591-589x1024.jpg 589w\" sizes=\"auto, (max-width: 172px) 100vw, 172px\" \/><\/a><\/p>\n<p>Das Titelblatt eines sehr interessanten Kataloges (aufgefunden: 2015),\u00a0 in dem auch erstmals die Betriebsr\u00e4ume der Firma Victoria dargestellt wurden. Diese sind auf den folgenden Bildern zu sehen:<\/p>\n<p><a href=\"http:\/\/victoria-rad.de\/wp-content\/uploads\/2018\/03\/IMG_20160315_0008.jpg\" target=\"_blank\" rel=\"noopener noreferrer\"><img loading=\"lazy\" decoding=\"async\" class=\"aligncenter wp-image-281 size-medium\" src=\"http:\/\/victoria-rad.de\/wp-content\/uploads\/2018\/03\/IMG_20160315_0008-300x228.jpg\" alt=\"\" width=\"300\" height=\"228\" srcset=\"http:\/\/victoria-rad.de\/wp-content\/uploads\/2018\/03\/IMG_20160315_0008-300x228.jpg 300w, http:\/\/victoria-rad.de\/wp-content\/uploads\/2018\/03\/IMG_20160315_0008-768x585.jpg 768w, http:\/\/victoria-rad.de\/wp-content\/uploads\/2018\/03\/IMG_20160315_0008-1024x780.jpg 1024w\" sizes=\"auto, (max-width: 300px) 100vw, 300px\" \/><\/a>Das Maschinenhaus mit den hohen Fenstern und dem m\u00e4chtigen Rad Compound&#8211;Dampfmaschine.<br \/>\n<a href=\"http:\/\/victoria-rad.de\/wp-content\/uploads\/2018\/03\/IMG_20160315_0010-1.jpg\" target=\"_blank\" rel=\"noopener noreferrer\"><img loading=\"lazy\" decoding=\"async\" class=\"aligncenter wp-image-283 size-medium\" src=\"http:\/\/victoria-rad.de\/wp-content\/uploads\/2018\/03\/IMG_20160315_0010-1-300x234.jpg\" alt=\"\" width=\"300\" height=\"234\" srcset=\"http:\/\/victoria-rad.de\/wp-content\/uploads\/2018\/03\/IMG_20160315_0010-1-300x234.jpg 300w, http:\/\/victoria-rad.de\/wp-content\/uploads\/2018\/03\/IMG_20160315_0010-1-768x600.jpg 768w, http:\/\/victoria-rad.de\/wp-content\/uploads\/2018\/03\/IMG_20160315_0010-1-1024x800.jpg 1024w\" sizes=\"auto, (max-width: 300px) 100vw, 300px\" \/><\/a>Die Stanzerei mit Stanzmaschinen von 1000 &#8211; 100000 kg.<\/p>\n<p><a href=\"http:\/\/victoria-rad.de\/wp-content\/uploads\/2018\/03\/IMG_20160315_0009.jpg\" target=\"_blank\" rel=\"noopener noreferrer\"><img loading=\"lazy\" decoding=\"async\" class=\"aligncenter wp-image-287 size-medium\" src=\"http:\/\/victoria-rad.de\/wp-content\/uploads\/2018\/03\/IMG_20160315_0009-300x233.jpg\" alt=\"\" width=\"300\" height=\"233\" srcset=\"http:\/\/victoria-rad.de\/wp-content\/uploads\/2018\/03\/IMG_20160315_0009-300x233.jpg 300w, http:\/\/victoria-rad.de\/wp-content\/uploads\/2018\/03\/IMG_20160315_0009-768x597.jpg 768w, http:\/\/victoria-rad.de\/wp-content\/uploads\/2018\/03\/IMG_20160315_0009-1024x796.jpg 1024w\" sizes=\"auto, (max-width: 300px) 100vw, 300px\" \/><\/a><\/p>\n<p>Ein ganzes Heer von Fr\u00e4smaschinen, welche bereits automatisiert arbeiten, verrichten hier \u00e4chzend und st\u00f6hnend ihren Dienst. Die einen fr\u00e4sen Kurbeln, die anderen Kugelk\u00f6pfe, die dritten Verbindungsst\u00fccke usw. Neben den Fr\u00e4smaschinen stehen hier Automaten. Hier werden gezogene Stahlstangen der verschiedensten St\u00e4rken, bis zu 60 mm Durchmesser und 6m L\u00e4nge automatisch zu Naben, Schalen, Konen, Pedalglocken, Schl\u00fcsselmuttern, Bremsf\u00fchrungen, Pedalachsen usw. verarbeitet. Ein Arbeiter bediente 4 &#8211; 6 Maschinen.<\/p>\n<p>Von der Dampfmaschine wird vermittelst \u00fcber viele starke Seile eine im Nebenraum befindliche K\u00f6nigswelle angetrieben. Die wiederum eine Menge an Zwischentransmissionen bedient und \u00fcber 300 Arbeitsmaschinen in Bewegung h\u00e4lt. Die K\u00f6nigswelle setzt den gro\u00dfen Lichtdynamo f\u00fcr die Lichterzeugung, sowie weitere Hilfsmaschinen und Elektromotore in Bewegung.<\/p>\n<p><a href=\"http:\/\/victoria-rad.de\/wp-content\/uploads\/2018\/03\/IMG_20160315_0011.jpg\" target=\"_blank\" rel=\"noopener noreferrer\"><img loading=\"lazy\" decoding=\"async\" class=\"aligncenter wp-image-284 size-medium\" src=\"http:\/\/victoria-rad.de\/wp-content\/uploads\/2018\/03\/IMG_20160315_0011-300x246.jpg\" alt=\"\" width=\"300\" height=\"246\" srcset=\"http:\/\/victoria-rad.de\/wp-content\/uploads\/2018\/03\/IMG_20160315_0011-300x246.jpg 300w, http:\/\/victoria-rad.de\/wp-content\/uploads\/2018\/03\/IMG_20160315_0011-768x629.jpg 768w, http:\/\/victoria-rad.de\/wp-content\/uploads\/2018\/03\/IMG_20160315_0011-1024x838.jpg 1024w\" sizes=\"auto, (max-width: 300px) 100vw, 300px\" \/><\/a>Die Dreherei wurde auch \u00fcber die Transmission mit ihren surrenden Riemen angetrieben.<\/p>\n<p><a href=\"http:\/\/victoria-rad.de\/wp-content\/uploads\/2018\/03\/IMG_20160315_0009.jpg\" target=\"_blank\" rel=\"noopener noreferrer\"><img loading=\"lazy\" decoding=\"async\" class=\"aligncenter wp-image-287 size-medium\" src=\"http:\/\/victoria-rad.de\/wp-content\/uploads\/2018\/03\/IMG_20160315_0009-300x233.jpg\" alt=\"\" width=\"300\" height=\"233\" srcset=\"http:\/\/victoria-rad.de\/wp-content\/uploads\/2018\/03\/IMG_20160315_0009-300x233.jpg 300w, http:\/\/victoria-rad.de\/wp-content\/uploads\/2018\/03\/IMG_20160315_0009-768x597.jpg 768w, http:\/\/victoria-rad.de\/wp-content\/uploads\/2018\/03\/IMG_20160315_0009-1024x796.jpg 1024w\" sizes=\"auto, (max-width: 300px) 100vw, 300px\" \/><\/a>Eine eigene Abteilung, deckt den Bedarf des Werkes an Werkzeugen aller Art, wie Fr\u00e4ser Rundmesser, Spezialbohrer, Schnitte usw. Es klingt fast unglaublich, dass so ein Werk f\u00fcr ca. 30000 Mark im Jahr Werkzeuge verbraucht. Ein ganz besonderes Augenmerk wird auf den Original-Leeren, Schablonen und Vorrichtungen aller Art zugewendet, welche eine lange\u00a0 un\u00fcbersehbare Reihe von Wandschr\u00e4nken f\u00fcllen. Mit Hilfe dieser kostbaren Einrichtungen wird es erst m\u00f6glich, Genauigkeiten bis 1\/1000 mm zu erzielen, wie es die moderne, nach dem austauschbaren System arbeitende Technik erfordert.<\/p>\n<p><a href=\"http:\/\/victoria-rad.de\/wp-content\/uploads\/2018\/03\/IMG_20160315_0013.jpg\" target=\"_blank\" rel=\"noopener noreferrer\"><img loading=\"lazy\" decoding=\"async\" class=\"aligncenter wp-image-286 size-medium\" src=\"http:\/\/victoria-rad.de\/wp-content\/uploads\/2018\/03\/IMG_20160315_0013-300x256.jpg\" alt=\"\" width=\"300\" height=\"256\" srcset=\"http:\/\/victoria-rad.de\/wp-content\/uploads\/2018\/03\/IMG_20160315_0013-300x256.jpg 300w, http:\/\/victoria-rad.de\/wp-content\/uploads\/2018\/03\/IMG_20160315_0013-768x654.jpg 768w, http:\/\/victoria-rad.de\/wp-content\/uploads\/2018\/03\/IMG_20160315_0013-1024x873.jpg 1024w\" sizes=\"auto, (max-width: 300px) 100vw, 300px\" \/><\/a>In der Vernicklung stehen in langen Reihen die Nickelb\u00e4der mit je 1000-1500 Liter Inhalt. Nach einer \u00e4u\u00dfert sorgf\u00e4ltigen Entfettung der Oberfl\u00e4che verbleiben die zu vernickelnden Teile je nach Verwendungszweck 3 Stunden in den B\u00e4dern, wo sie jene blendend wei\u00dfe\u00a0 Oberfl\u00e4che erhalten, welche an den Victoria R\u00e4dern so gesch\u00e4tzt wird. Einen Begriff von der Gr\u00f6\u00dfe der Anlageerh\u00e4lt man durcheinen Blick auf den Strommesser, welcher 700 Ampere anzeigt.<\/p>\n<p><a href=\"http:\/\/victoria-rad.de\/wp-content\/uploads\/2018\/03\/IMG_20160315_0014.jpg\" target=\"_blank\" rel=\"noopener noreferrer\"><img loading=\"lazy\" decoding=\"async\" class=\"aligncenter wp-image-288 size-medium\" src=\"http:\/\/victoria-rad.de\/wp-content\/uploads\/2018\/03\/IMG_20160315_0014-300x252.jpg\" alt=\"\" width=\"300\" height=\"252\" srcset=\"http:\/\/victoria-rad.de\/wp-content\/uploads\/2018\/03\/IMG_20160315_0014-300x252.jpg 300w, http:\/\/victoria-rad.de\/wp-content\/uploads\/2018\/03\/IMG_20160315_0014-768x646.jpg 768w, http:\/\/victoria-rad.de\/wp-content\/uploads\/2018\/03\/IMG_20160315_0014-1024x862.jpg 1024w\" sizes=\"auto, (max-width: 300px) 100vw, 300px\" \/><\/a>Hier ein Blick in die Radspannerei der Victoria-Werke.<\/p>\n<p>Einer au\u00dfergew\u00f6hnlich sorgf\u00e4ltigen Pr\u00fcfung wird jedes einzelne Vorder- und Hinterrad unterzogen, indem es abwechselnd auf beiden Seiten mit 9 (neun) Zentnern belastet wird. Naben und Lager m\u00fcssen Laufproben bis zu 10000 km machen, bei 100kg Belastung und 50 Stundenkilometer.<\/p>\n<p><a href=\"http:\/\/victoria-rad.de\/wp-content\/uploads\/2018\/03\/IMG_20160315_0015.jpg\" target=\"_blank\" rel=\"noopener noreferrer\"><img loading=\"lazy\" decoding=\"async\" class=\"aligncenter wp-image-289 size-medium\" src=\"http:\/\/victoria-rad.de\/wp-content\/uploads\/2018\/03\/IMG_20160315_0015-300x227.jpg\" alt=\"\" width=\"300\" height=\"227\" srcset=\"http:\/\/victoria-rad.de\/wp-content\/uploads\/2018\/03\/IMG_20160315_0015-300x227.jpg 300w, http:\/\/victoria-rad.de\/wp-content\/uploads\/2018\/03\/IMG_20160315_0015-768x581.jpg 768w, http:\/\/victoria-rad.de\/wp-content\/uploads\/2018\/03\/IMG_20160315_0015-1024x774.jpg 1024w\" sizes=\"auto, (max-width: 300px) 100vw, 300px\" \/><\/a>Montage der Victoria R\u00e4der in einer gut lichtdurchfluteten Halle.<\/p>\n<p>Sehr gro\u00dfer Wert wurde bei Victoria auf die Emailierung, heute sagt man Lackierung, gelegt. Sehr bedeutsam f\u00fcr die Qualit\u00e4t ist die Fernhaltung von Staub und Schmutz. Um dies alles zu erreichen, wird die Luft in einen Waschturm mit Wasser gereinigt und erst dann in die R\u00e4ume gepresst. Selbst W\u00e4nde und Decken wurden\u00a0 mit Wasser abgespritzt und hierdurch jeder Staub fern gehalten. Durch diese sinnreichen Einrichtungen wurde eine tiefschwarze Emaille von ganz au\u00dferordentlichen Glanz und gr\u00f6\u00dfter Haltbarkeit erzielt.<\/p>\n<p><a href=\"http:\/\/victoria-rad.de\/wp-content\/uploads\/2018\/03\/IMG_20160315_0016.jpg\" target=\"_blank\" rel=\"noopener noreferrer\"><img loading=\"lazy\" decoding=\"async\" class=\"aligncenter wp-image-290 size-medium\" src=\"http:\/\/victoria-rad.de\/wp-content\/uploads\/2018\/03\/IMG_20160315_0016-300x228.jpg\" alt=\"\" width=\"300\" height=\"228\" srcset=\"http:\/\/victoria-rad.de\/wp-content\/uploads\/2018\/03\/IMG_20160315_0016-300x228.jpg 300w, http:\/\/victoria-rad.de\/wp-content\/uploads\/2018\/03\/IMG_20160315_0016-768x584.jpg 768w, http:\/\/victoria-rad.de\/wp-content\/uploads\/2018\/03\/IMG_20160315_0016-1024x778.jpg 1024w\" sizes=\"auto, (max-width: 300px) 100vw, 300px\" \/><\/a>Zum Schluss noch einen Blick in die Magazine, Montage und Lagerr\u00e4ume. Es sind zum Teil riesige R\u00e4ume, in welchen die fertigen Teile aufgestapelt wurden.<\/p>\n<p>Originaltext aus dem Katalog 1910 :<\/p>\n<p>Nach Weihnachten beginnt hier ein Leben wie in einem Bienenhaus, ein Hasten und Dr\u00e4ngen, dass es fast scheint, es g\u00e4be nichts wichtigeres, als die Welt mit R\u00e4dern zu versorgen. Kommt man dagegen im Sommer in dieselben R\u00e4ume, so sind sie wieder v\u00f6llig leer. In alle Winde sind die vielen Tausende von Fahrr\u00e4dern hinausgeflogen, nach dem hei\u00dfen S\u00fcden, nach den kalten Norden, nach Oste und Westen, denn in allen L\u00e4ndern &#8211; \u00fcberall wo die Kultur zum Fahren geeignete Wege geschaffen hat, f\u00e4hrt man mit Vorliebe &#8222;Victoria R\u00e4der&#8220;.<\/p>\n<p><a href=\"http:\/\/victoria-rad.de\/wp-content\/uploads\/2018\/03\/IMG_20160315_0003.jpg\" target=\"_blank\" rel=\"noopener noreferrer\"><img loading=\"lazy\" decoding=\"async\" class=\"aligncenter wp-image-280 size-medium\" src=\"http:\/\/victoria-rad.de\/wp-content\/uploads\/2018\/03\/IMG_20160315_0003-180x300.jpg\" alt=\"\" width=\"180\" height=\"300\" srcset=\"http:\/\/victoria-rad.de\/wp-content\/uploads\/2018\/03\/IMG_20160315_0003-180x300.jpg 180w, http:\/\/victoria-rad.de\/wp-content\/uploads\/2018\/03\/IMG_20160315_0003-768x1279.jpg 768w, http:\/\/victoria-rad.de\/wp-content\/uploads\/2018\/03\/IMG_20160315_0003-615x1024.jpg 615w\" sizes=\"auto, (max-width: 180px) 100vw, 180px\" \/><\/a><br \/>\n<img loading=\"lazy\" decoding=\"async\" class=\"alignnone size-medium wp-image-186 aligncenter\" src=\"http:\/\/victoria-rad.de\/wp-content\/uploads\/2018\/06\/58-300x14.png\" alt=\"\" width=\"300\" height=\"14\" srcset=\"http:\/\/victoria-rad.de\/wp-content\/uploads\/2018\/06\/58-300x14.png 300w, http:\/\/victoria-rad.de\/wp-content\/uploads\/2018\/06\/58.png 501w\" sizes=\"auto, (max-width: 300px) 100vw, 300px\" \/><\/p>\n<p>&nbsp;<\/p>\n<p>&nbsp;<\/p>\n","protected":false},"excerpt":{"rendered":"<p>Das Titelblatt eines sehr interessanten Kataloges (aufgefunden: 2015),\u00a0 in dem auch erstmals die Betriebsr\u00e4ume der Firma Victoria dargestellt wurden. Diese sind auf den folgenden Bildern zu sehen: Das Maschinenhaus mit den hohen Fenstern und dem m\u00e4chtigen Rad Compound&#8211;Dampfmaschine. Die Stanzerei mit Stanzmaschinen von 1000 &#8211; 100000 kg. Ein ganzes Heer von Fr\u00e4smaschinen, welche bereits automatisiert &hellip; <a href=\"http:\/\/victoria-rad.de\/?p=330\" class=\"more-link\"><span class=\"screen-reader-text\">Victoria &#8211; Fahrrad &#8211; schon wieder 10 Jahre im 19. Jahrhundert, man stellt den Katalog 1910 vor&#8230;<\/span> weiterlesen<\/a><\/p>\n","protected":false},"author":1,"featured_media":0,"comment_status":"open","ping_status":"open","sticky":false,"template":"","format":"standard","meta":{"footnotes":""},"categories":[1],"tags":[],"class_list":["post-330","post","type-post","status-publish","format-standard","hentry","category-uncategorized"],"_links":{"self":[{"href":"http:\/\/victoria-rad.de\/index.php?rest_route=\/wp\/v2\/posts\/330","targetHints":{"allow":["GET"]}}],"collection":[{"href":"http:\/\/victoria-rad.de\/index.php?rest_route=\/wp\/v2\/posts"}],"about":[{"href":"http:\/\/victoria-rad.de\/index.php?rest_route=\/wp\/v2\/types\/post"}],"author":[{"embeddable":true,"href":"http:\/\/victoria-rad.de\/index.php?rest_route=\/wp\/v2\/users\/1"}],"replies":[{"embeddable":true,"href":"http:\/\/victoria-rad.de\/index.php?rest_route=%2Fwp%2Fv2%2Fcomments&post=330"}],"version-history":[{"count":4,"href":"http:\/\/victoria-rad.de\/index.php?rest_route=\/wp\/v2\/posts\/330\/revisions"}],"predecessor-version":[{"id":7634,"href":"http:\/\/victoria-rad.de\/index.php?rest_route=\/wp\/v2\/posts\/330\/revisions\/7634"}],"wp:attachment":[{"href":"http:\/\/victoria-rad.de\/index.php?rest_route=%2Fwp%2Fv2%2Fmedia&parent=330"}],"wp:term":[{"taxonomy":"category","embeddable":true,"href":"http:\/\/victoria-rad.de\/index.php?rest_route=%2Fwp%2Fv2%2Fcategories&post=330"},{"taxonomy":"post_tag","embeddable":true,"href":"http:\/\/victoria-rad.de\/index.php?rest_route=%2Fwp%2Fv2%2Ftags&post=330"}],"curies":[{"name":"wp","href":"https:\/\/api.w.org\/{rel}","templated":true}]}}