{"id":357,"date":"2018-07-03T13:38:38","date_gmt":"2018-07-03T13:38:38","guid":{"rendered":"http:\/\/victoria-rad.de\/?p=357"},"modified":"2020-01-29T20:24:09","modified_gmt":"2020-01-29T20:24:09","slug":"die-fahrraeder-und-fahrzeuge-aus-katalog-1910","status":"publish","type":"post","link":"http:\/\/victoria-rad.de\/?p=357","title":{"rendered":"Victoria &#8211; Fahrrad &#8211; Die Fahrr\u00e4der und Fahrzeuge aus Katalog 1910"},"content":{"rendered":"<p><a href=\"http:\/\/victoria-rad.de\/wp-content\/uploads\/2018\/03\/IMG_20160315_0001-e1529582914967.jpg\" target=\"_blank\" rel=\"noopener noreferrer\"><img loading=\"lazy\" decoding=\"async\" class=\"aligncenter wp-image-278 size-medium\" src=\"http:\/\/victoria-rad.de\/wp-content\/uploads\/2018\/03\/IMG_20160315_0001-e1529582914967-180x300.jpg\" alt=\"\" width=\"180\" height=\"300\" srcset=\"http:\/\/victoria-rad.de\/wp-content\/uploads\/2018\/03\/IMG_20160315_0001-e1529582914967-180x300.jpg 180w, http:\/\/victoria-rad.de\/wp-content\/uploads\/2018\/03\/IMG_20160315_0001-e1529582914967-768x1283.jpg 768w, http:\/\/victoria-rad.de\/wp-content\/uploads\/2018\/03\/IMG_20160315_0001-e1529582914967-613x1024.jpg 613w\" sizes=\"auto, (max-width: 180px) 100vw, 180px\" \/><\/a>Eine Vielzahl von Fahrr\u00e4dern wurde im Katalog von 1910 vorgestellt, die folgenden R\u00e4der wurden ab 1908 hergestellt :<\/p>\n<p><a href=\"http:\/\/victoria-rad.de\/wp-content\/uploads\/2018\/03\/IMG_20160315_0019.jpg\" target=\"_blank\" rel=\"noopener noreferrer\"><img loading=\"lazy\" decoding=\"async\" class=\"aligncenter wp-image-293 size-medium\" src=\"http:\/\/victoria-rad.de\/wp-content\/uploads\/2018\/03\/IMG_20160315_0019-300x208.jpg\" alt=\"\" width=\"300\" height=\"208\" srcset=\"http:\/\/victoria-rad.de\/wp-content\/uploads\/2018\/03\/IMG_20160315_0019-300x208.jpg 300w, http:\/\/victoria-rad.de\/wp-content\/uploads\/2018\/03\/IMG_20160315_0019-768x531.jpg 768w, http:\/\/victoria-rad.de\/wp-content\/uploads\/2018\/03\/IMG_20160315_0019-1024x708.jpg 1024w\" sizes=\"auto, (max-width: 300px) 100vw, 300px\" \/><\/a><br \/>\nVictoria 0 &#8211; Kr\u00e4ftiges Herrenrad mit 15kg Gewicht, gab es auch als Knabenrad.<\/p>\n<p><a href=\"http:\/\/victoria-rad.de\/wp-content\/uploads\/2018\/03\/IMG_20160315_0021.jpg\" target=\"_blank\" rel=\"noopener noreferrer\"><img loading=\"lazy\" decoding=\"async\" class=\"aligncenter wp-image-294 size-medium\" src=\"http:\/\/victoria-rad.de\/wp-content\/uploads\/2018\/03\/IMG_20160315_0021-300x216.jpg\" alt=\"\" width=\"300\" height=\"216\" srcset=\"http:\/\/victoria-rad.de\/wp-content\/uploads\/2018\/03\/IMG_20160315_0021-300x216.jpg 300w, http:\/\/victoria-rad.de\/wp-content\/uploads\/2018\/03\/IMG_20160315_0021-768x552.jpg 768w, http:\/\/victoria-rad.de\/wp-content\/uploads\/2018\/03\/IMG_20160315_0021-1024x736.jpg 1024w\" sizes=\"auto, (max-width: 300px) 100vw, 300px\" \/><\/a> Victoria 00 &#8211; Solides Damenrad mit 14,5kg Gewicht, auch als M\u00e4dchenrad.<\/p>\n<p><a href=\"http:\/\/victoria-rad.de\/wp-content\/uploads\/2018\/03\/IMG_20160315_0023.jpg\" target=\"_blank\" rel=\"noopener noreferrer\"><img loading=\"lazy\" decoding=\"async\" class=\"aligncenter wp-image-295 size-medium\" src=\"http:\/\/victoria-rad.de\/wp-content\/uploads\/2018\/03\/IMG_20160315_0023-300x217.jpg\" alt=\"\" width=\"300\" height=\"217\" srcset=\"http:\/\/victoria-rad.de\/wp-content\/uploads\/2018\/03\/IMG_20160315_0023-300x217.jpg 300w, http:\/\/victoria-rad.de\/wp-content\/uploads\/2018\/03\/IMG_20160315_0023-768x555.jpg 768w, http:\/\/victoria-rad.de\/wp-content\/uploads\/2018\/03\/IMG_20160315_0023-1024x740.jpg 1024w\" sizes=\"auto, (max-width: 300px) 100vw, 300px\" \/><\/a>Victoria 6 &#8211; Elegantes Tourenrad.<\/p>\n<p><a href=\"http:\/\/victoria-rad.de\/wp-content\/uploads\/2018\/03\/IMG_20160315_0025.jpg\" target=\"_blank\" rel=\"noopener noreferrer\"><img loading=\"lazy\" decoding=\"async\" class=\"aligncenter wp-image-296 size-medium\" src=\"http:\/\/victoria-rad.de\/wp-content\/uploads\/2018\/03\/IMG_20160315_0025-300x215.jpg\" alt=\"\" width=\"300\" height=\"215\" srcset=\"http:\/\/victoria-rad.de\/wp-content\/uploads\/2018\/03\/IMG_20160315_0025-300x215.jpg 300w, http:\/\/victoria-rad.de\/wp-content\/uploads\/2018\/03\/IMG_20160315_0025-768x549.jpg 768w, http:\/\/victoria-rad.de\/wp-content\/uploads\/2018\/03\/IMG_20160315_0025-1024x733.jpg 1024w\" sizes=\"auto, (max-width: 300px) 100vw, 300px\" \/><\/a>Victoria 4 &#8211; Extra leichter Halbrenner mit 11,5kg Gewicht. Man beachte das vergr\u00f6\u00dferte Kettenblatt.<\/p>\n<p><a href=\"http:\/\/victoria-rad.de\/wp-content\/uploads\/2018\/03\/IMG_20160315_0027.jpg\" target=\"_blank\" rel=\"noopener noreferrer\"><img loading=\"lazy\" decoding=\"async\" class=\"aligncenter wp-image-297 size-medium\" src=\"http:\/\/victoria-rad.de\/wp-content\/uploads\/2018\/03\/IMG_20160315_0027-300x212.jpg\" alt=\"\" width=\"300\" height=\"212\" srcset=\"http:\/\/victoria-rad.de\/wp-content\/uploads\/2018\/03\/IMG_20160315_0027-300x212.jpg 300w, http:\/\/victoria-rad.de\/wp-content\/uploads\/2018\/03\/IMG_20160315_0027-768x543.jpg 768w, http:\/\/victoria-rad.de\/wp-content\/uploads\/2018\/03\/IMG_20160315_0027-1024x724.jpg 1024w\" sizes=\"auto, (max-width: 300px) 100vw, 300px\" \/><\/a>Victoria 3 &#8211; Extra leichtes Tourenrad.<\/p>\n<p><a href=\"http:\/\/victoria-rad.de\/wp-content\/uploads\/2018\/03\/IMG_20160315_0029-1.jpg\" target=\"_blank\" rel=\"noopener noreferrer\"><img loading=\"lazy\" decoding=\"async\" class=\"aligncenter wp-image-299 size-medium\" src=\"http:\/\/victoria-rad.de\/wp-content\/uploads\/2018\/03\/IMG_20160315_0029-1-300x211.jpg\" alt=\"\" width=\"300\" height=\"211\" srcset=\"http:\/\/victoria-rad.de\/wp-content\/uploads\/2018\/03\/IMG_20160315_0029-1-300x211.jpg 300w, http:\/\/victoria-rad.de\/wp-content\/uploads\/2018\/03\/IMG_20160315_0029-1-768x541.jpg 768w, http:\/\/victoria-rad.de\/wp-content\/uploads\/2018\/03\/IMG_20160315_0029-1-1024x721.jpg 1024w\" sizes=\"auto, (max-width: 300px) 100vw, 300px\" \/><\/a>Victoria 2 &#8211; Luxus &#8211; Tourenrad.<\/p>\n<p><a href=\"http:\/\/victoria-rad.de\/wp-content\/uploads\/2018\/03\/IMG_20160315_0031.jpg\" target=\"_blank\" rel=\"noopener noreferrer\"><img loading=\"lazy\" decoding=\"async\" class=\"aligncenter wp-image-300 size-medium\" src=\"http:\/\/victoria-rad.de\/wp-content\/uploads\/2018\/03\/IMG_20160315_0031-300x212.jpg\" alt=\"\" width=\"300\" height=\"212\" srcset=\"http:\/\/victoria-rad.de\/wp-content\/uploads\/2018\/03\/IMG_20160315_0031-300x212.jpg 300w, http:\/\/victoria-rad.de\/wp-content\/uploads\/2018\/03\/IMG_20160315_0031-768x544.jpg 768w, http:\/\/victoria-rad.de\/wp-content\/uploads\/2018\/03\/IMG_20160315_0031-1024x725.jpg 1024w\" sizes=\"auto, (max-width: 300px) 100vw, 300px\" \/><\/a>Victoria 1 &#8211; Leichter Renner, genannt &#8222;Flieger&#8220; aus dem Jahr 1909.<\/p>\n<p style=\"text-align: center;\"><a href=\"http:\/\/victoria-rad.de\/wp-content\/uploads\/2018\/07\/Victoria-Buch-Bilder-401.jpg\" target=\"_blank\" rel=\"noopener noreferrer\"><img loading=\"lazy\" decoding=\"async\" class=\"aligncenter wp-image-1593 size-medium\" src=\"http:\/\/victoria-rad.de\/wp-content\/uploads\/2018\/07\/Victoria-Buch-Bilder-401-209x300.jpg\" alt=\"\" width=\"209\" height=\"300\" srcset=\"http:\/\/victoria-rad.de\/wp-content\/uploads\/2018\/07\/Victoria-Buch-Bilder-401-209x300.jpg 209w, http:\/\/victoria-rad.de\/wp-content\/uploads\/2018\/07\/Victoria-Buch-Bilder-401-768x1100.jpg 768w, http:\/\/victoria-rad.de\/wp-content\/uploads\/2018\/07\/Victoria-Buch-Bilder-401-715x1024.jpg 715w, http:\/\/victoria-rad.de\/wp-content\/uploads\/2018\/07\/Victoria-Buch-Bilder-401.jpg 1633w\" sizes=\"auto, (max-width: 209px) 100vw, 209px\" \/><\/a>Eines der ersten Blechschilder mit einem &#8222;Leichten Renner&#8220;.<\/p>\n<p><a href=\"http:\/\/victoria-rad.de\/wp-content\/uploads\/2018\/03\/IMG_20160315_0035-1.jpg\" target=\"_blank\" rel=\"noopener noreferrer\"><img loading=\"lazy\" decoding=\"async\" class=\"aligncenter wp-image-302 size-medium\" src=\"http:\/\/victoria-rad.de\/wp-content\/uploads\/2018\/03\/IMG_20160315_0035-1-300x218.jpg\" alt=\"\" width=\"300\" height=\"218\" srcset=\"http:\/\/victoria-rad.de\/wp-content\/uploads\/2018\/03\/IMG_20160315_0035-1-300x218.jpg 300w, http:\/\/victoria-rad.de\/wp-content\/uploads\/2018\/03\/IMG_20160315_0035-1-768x557.jpg 768w, http:\/\/victoria-rad.de\/wp-content\/uploads\/2018\/03\/IMG_20160315_0035-1-1024x743.jpg 1024w\" sizes=\"auto, (max-width: 300px) 100vw, 300px\" \/><\/a>Victoria 9 &#8211; Feines Damenrad vom M\u00e4rz 1909. Sch\u00f6ner Celluloid Kettenschutz.<\/p>\n<p><a href=\"http:\/\/victoria-rad.de\/wp-content\/uploads\/2018\/03\/IMG_20160315_0037.jpg\" target=\"_blank\" rel=\"noopener noreferrer\"><img loading=\"lazy\" decoding=\"async\" class=\"aligncenter wp-image-303 size-medium\" src=\"http:\/\/victoria-rad.de\/wp-content\/uploads\/2018\/03\/IMG_20160315_0037-300x216.jpg\" alt=\"\" width=\"300\" height=\"216\" srcset=\"http:\/\/victoria-rad.de\/wp-content\/uploads\/2018\/03\/IMG_20160315_0037-300x216.jpg 300w, http:\/\/victoria-rad.de\/wp-content\/uploads\/2018\/03\/IMG_20160315_0037-768x554.jpg 768w, http:\/\/victoria-rad.de\/wp-content\/uploads\/2018\/03\/IMG_20160315_0037-1024x738.jpg 1024w\" sizes=\"auto, (max-width: 300px) 100vw, 300px\" \/><\/a>Victoria 7 &#8211; Luxus &#8211; Damenrad. Mit geschlossenen Kettenschutz.<\/p>\n<p><a href=\"http:\/\/victoria-rad.de\/wp-content\/uploads\/2018\/03\/IMG_20160315_0039.jpg\" target=\"_blank\" rel=\"noopener noreferrer\"><img loading=\"lazy\" decoding=\"async\" class=\"aligncenter wp-image-304 size-medium\" src=\"http:\/\/victoria-rad.de\/wp-content\/uploads\/2018\/03\/IMG_20160315_0039-300x202.jpg\" alt=\"\" width=\"300\" height=\"202\" srcset=\"http:\/\/victoria-rad.de\/wp-content\/uploads\/2018\/03\/IMG_20160315_0039-300x202.jpg 300w, http:\/\/victoria-rad.de\/wp-content\/uploads\/2018\/03\/IMG_20160315_0039-768x516.jpg 768w, http:\/\/victoria-rad.de\/wp-content\/uploads\/2018\/03\/IMG_20160315_0039-1024x688.jpg 1024w\" sizes=\"auto, (max-width: 300px) 100vw, 300px\" \/><\/a>Victoria 10 &#8211; Milit\u00e4rrad mit 15,5kg Gewicht und der \u00fcbliche Ausstattung.<\/p>\n<p>Im Jahre 1908 wurden \u00fcber 1200 Milit\u00e4rr\u00e4der an die deutsche Armee ausgeliefert !<\/p>\n<p><a href=\"http:\/\/victoria-rad.de\/wp-content\/uploads\/2018\/03\/IMG_20160315_0041.jpg\" target=\"_blank\" rel=\"noopener noreferrer\"><img loading=\"lazy\" decoding=\"async\" class=\"aligncenter wp-image-305 size-medium\" src=\"http:\/\/victoria-rad.de\/wp-content\/uploads\/2018\/03\/IMG_20160315_0041-300x222.jpg\" alt=\"\" width=\"300\" height=\"222\" srcset=\"http:\/\/victoria-rad.de\/wp-content\/uploads\/2018\/03\/IMG_20160315_0041-300x222.jpg 300w, http:\/\/victoria-rad.de\/wp-content\/uploads\/2018\/03\/IMG_20160315_0041-768x568.jpg 768w, http:\/\/victoria-rad.de\/wp-content\/uploads\/2018\/03\/IMG_20160315_0041-1024x757.jpg 1024w\" sizes=\"auto, (max-width: 300px) 100vw, 300px\" \/><\/a>Victoria EH &#8211; Feines englisches Tourenrad.<\/p>\n<p><a href=\"http:\/\/victoria-rad.de\/wp-content\/uploads\/2018\/03\/Victoria-Buch-Bilder-312.jpg\" target=\"_blank\" rel=\"noopener noreferrer\"><img loading=\"lazy\" decoding=\"async\" class=\"aligncenter wp-image-323 size-medium\" src=\"http:\/\/victoria-rad.de\/wp-content\/uploads\/2018\/03\/Victoria-Buch-Bilder-312-300x225.jpg\" alt=\"\" width=\"300\" height=\"225\" srcset=\"http:\/\/victoria-rad.de\/wp-content\/uploads\/2018\/03\/Victoria-Buch-Bilder-312-300x225.jpg 300w, http:\/\/victoria-rad.de\/wp-content\/uploads\/2018\/03\/Victoria-Buch-Bilder-312-768x576.jpg 768w, http:\/\/victoria-rad.de\/wp-content\/uploads\/2018\/03\/Victoria-Buch-Bilder-312-1024x768.jpg 1024w\" sizes=\"auto, (max-width: 300px) 100vw, 300px\" \/><\/a>Hier ein hochfeines englisches Fahrrad im Originalzustand. Diese R\u00e4der wurden ab 1909 gebaut und waren bis Ende der Zwanziger Jahre im Programm. Man beachte die Stangen zur Hinterradbremse nach System &#8222;Bowden&#8220;.<\/p>\n<p><a href=\"http:\/\/victoria-rad.de\/wp-content\/uploads\/2018\/03\/IMG_20160315_0043.jpg\" target=\"_blank\" rel=\"noopener noreferrer\"><img loading=\"lazy\" decoding=\"async\" class=\"aligncenter wp-image-306 size-medium\" src=\"http:\/\/victoria-rad.de\/wp-content\/uploads\/2018\/03\/IMG_20160315_0043-300x216.jpg\" alt=\"\" width=\"300\" height=\"216\" srcset=\"http:\/\/victoria-rad.de\/wp-content\/uploads\/2018\/03\/IMG_20160315_0043-300x216.jpg 300w, http:\/\/victoria-rad.de\/wp-content\/uploads\/2018\/03\/IMG_20160315_0043-768x554.jpg 768w, http:\/\/victoria-rad.de\/wp-content\/uploads\/2018\/03\/IMG_20160315_0043-1024x738.jpg 1024w\" sizes=\"auto, (max-width: 300px) 100vw, 300px\" \/><\/a> Victoria ER &#8211; Feiner englischer Halbrenner mit 13kg.<\/p>\n<p><a href=\"http:\/\/victoria-rad.de\/wp-content\/uploads\/2018\/03\/IMG_20160315_0045.jpg\" target=\"_blank\" rel=\"noopener noreferrer\"><img loading=\"lazy\" decoding=\"async\" class=\"aligncenter wp-image-308 size-medium\" src=\"http:\/\/victoria-rad.de\/wp-content\/uploads\/2018\/03\/IMG_20160315_0045-300x218.jpg\" alt=\"\" width=\"300\" height=\"218\" srcset=\"http:\/\/victoria-rad.de\/wp-content\/uploads\/2018\/03\/IMG_20160315_0045-300x218.jpg 300w, http:\/\/victoria-rad.de\/wp-content\/uploads\/2018\/03\/IMG_20160315_0045-768x559.jpg 768w, http:\/\/victoria-rad.de\/wp-content\/uploads\/2018\/03\/IMG_20160315_0045-1024x746.jpg 1024w\" sizes=\"auto, (max-width: 300px) 100vw, 300px\" \/><\/a>Victoria ED &#8211; Feines englisches Damenrad aus dem Jahr 1909.<\/p>\n<p><a href=\"http:\/\/victoria-rad.de\/wp-content\/uploads\/2018\/03\/Victoria-Buch-Bilder-314.jpg\" target=\"_blank\" rel=\"noopener noreferrer\"><img loading=\"lazy\" decoding=\"async\" class=\"aligncenter wp-image-324 size-medium\" src=\"http:\/\/victoria-rad.de\/wp-content\/uploads\/2018\/03\/Victoria-Buch-Bilder-314-300x225.jpg\" alt=\"\" width=\"300\" height=\"225\" srcset=\"http:\/\/victoria-rad.de\/wp-content\/uploads\/2018\/03\/Victoria-Buch-Bilder-314-300x225.jpg 300w, http:\/\/victoria-rad.de\/wp-content\/uploads\/2018\/03\/Victoria-Buch-Bilder-314-768x576.jpg 768w, http:\/\/victoria-rad.de\/wp-content\/uploads\/2018\/03\/Victoria-Buch-Bilder-314-1024x768.jpg 1024w\" sizes=\"auto, (max-width: 300px) 100vw, 300px\" \/><\/a><a href=\"http:\/\/victoria-rad.de\/wp-content\/uploads\/2018\/03\/Nr.556371.jpg\" target=\"_blank\" rel=\"noopener noreferrer\"><img loading=\"lazy\" decoding=\"async\" class=\"aligncenter wp-image-325 size-medium\" src=\"http:\/\/victoria-rad.de\/wp-content\/uploads\/2018\/03\/Nr.556371-200x300.jpg\" alt=\"\" width=\"200\" height=\"300\" srcset=\"http:\/\/victoria-rad.de\/wp-content\/uploads\/2018\/03\/Nr.556371-200x300.jpg 200w, http:\/\/victoria-rad.de\/wp-content\/uploads\/2018\/03\/Nr.556371-768x1154.jpg 768w, http:\/\/victoria-rad.de\/wp-content\/uploads\/2018\/03\/Nr.556371-681x1024.jpg 681w\" sizes=\"auto, (max-width: 200px) 100vw, 200px\" \/><\/a>Hier 2 Bilder eines solchen Rades im Originalzustand. Die englische Form wurde, wie es schon aussagt, den englischen R\u00e4der in Stil und Form nach empfunden. Man sieht auch die Bremsstangen zur \u00dcbertragung der Bremswirkung sehr deutlich, welche durch ein Bowdensystem am Rad die Geschwindigkeit verz\u00f6gern.<\/p>\n<p><a href=\"http:\/\/victoria-rad.de\/wp-content\/uploads\/2018\/03\/IMG_20160315_0047.jpg\" target=\"_blank\" rel=\"noopener noreferrer\"><img loading=\"lazy\" decoding=\"async\" class=\"aligncenter wp-image-309 size-medium\" src=\"http:\/\/victoria-rad.de\/wp-content\/uploads\/2018\/03\/IMG_20160315_0047-300x225.jpg\" alt=\"\" width=\"300\" height=\"225\" srcset=\"http:\/\/victoria-rad.de\/wp-content\/uploads\/2018\/03\/IMG_20160315_0047-300x225.jpg 300w, http:\/\/victoria-rad.de\/wp-content\/uploads\/2018\/03\/IMG_20160315_0047-768x575.jpg 768w, http:\/\/victoria-rad.de\/wp-content\/uploads\/2018\/03\/IMG_20160315_0047-1024x767.jpg 1024w\" sizes=\"auto, (max-width: 300px) 100vw, 300px\" \/><\/a>Victoria S &#8211; Saalfahrmaschine, genau nach den Vorschriften des D.R.B.<a href=\"http:\/\/victoria-rad.de\/wp-content\/uploads\/2018\/03\/IMG_20160315_0050.jpg\" target=\"_blank\" rel=\"noopener noreferrer\"><img loading=\"lazy\" decoding=\"async\" class=\"aligncenter wp-image-311 size-medium\" src=\"http:\/\/victoria-rad.de\/wp-content\/uploads\/2018\/03\/IMG_20160315_0050-180x300.jpg\" alt=\"\" width=\"180\" height=\"300\" srcset=\"http:\/\/victoria-rad.de\/wp-content\/uploads\/2018\/03\/IMG_20160315_0050-180x300.jpg 180w, http:\/\/victoria-rad.de\/wp-content\/uploads\/2018\/03\/IMG_20160315_0050-768x1282.jpg 768w, http:\/\/victoria-rad.de\/wp-content\/uploads\/2018\/03\/IMG_20160315_0050-613x1024.jpg 613w\" sizes=\"auto, (max-width: 180px) 100vw, 180px\" \/><\/a><a href=\"http:\/\/victoria-rad.de\/wp-content\/uploads\/2018\/03\/IMG_20160315_0049.jpg\" target=\"_blank\" rel=\"noopener noreferrer\"><img loading=\"lazy\" decoding=\"async\" class=\"aligncenter wp-image-310 size-medium\" src=\"http:\/\/victoria-rad.de\/wp-content\/uploads\/2018\/03\/IMG_20160315_0049-182x300.jpg\" alt=\"\" width=\"182\" height=\"300\" srcset=\"http:\/\/victoria-rad.de\/wp-content\/uploads\/2018\/03\/IMG_20160315_0049-182x300.jpg 182w, http:\/\/victoria-rad.de\/wp-content\/uploads\/2018\/03\/IMG_20160315_0049-768x1265.jpg 768w, http:\/\/victoria-rad.de\/wp-content\/uploads\/2018\/03\/IMG_20160315_0049-622x1024.jpg 622w\" sizes=\"auto, (max-width: 182px) 100vw, 182px\" \/><\/a>Darstellung der einzelnen Teile der R\u00e4der auf 2 Tafeln.<\/p>\n<p>Die n\u00e4chsten Bilder zeigen eine Vielzahl von Gesch\u00e4ftsr\u00e4dern, welche in dieser Zeit sich gro\u00dfer Beliebtheit erfreuten. Sie lagen in einer Preisspanne von Mk. 160 &#8211; Mk. 360.<\/p>\n<p><a href=\"http:\/\/victoria-rad.de\/wp-content\/uploads\/2018\/03\/IMG_20160315_0053.jpg\" target=\"_blank\" rel=\"noopener noreferrer\"><img loading=\"lazy\" decoding=\"async\" class=\"aligncenter wp-image-313 size-medium\" src=\"http:\/\/victoria-rad.de\/wp-content\/uploads\/2018\/03\/IMG_20160315_0053-300x224.jpg\" alt=\"\" width=\"300\" height=\"224\" srcset=\"http:\/\/victoria-rad.de\/wp-content\/uploads\/2018\/03\/IMG_20160315_0053-300x224.jpg 300w, http:\/\/victoria-rad.de\/wp-content\/uploads\/2018\/03\/IMG_20160315_0053-768x572.jpg 768w, http:\/\/victoria-rad.de\/wp-content\/uploads\/2018\/03\/IMG_20160315_0053-1024x763.jpg 1024w\" sizes=\"auto, (max-width: 300px) 100vw, 300px\" \/><\/a>Victoria 12 &#8211; Gesch\u00e4ftszweirad.<\/p>\n<p><a href=\"http:\/\/victoria-rad.de\/wp-content\/uploads\/2018\/03\/IMG_20160315_0055.jpg\" target=\"_blank\" rel=\"noopener noreferrer\"><img loading=\"lazy\" decoding=\"async\" class=\"aligncenter wp-image-312 size-medium\" src=\"http:\/\/victoria-rad.de\/wp-content\/uploads\/2018\/03\/IMG_20160315_0055-300x182.jpg\" alt=\"\" width=\"300\" height=\"182\" srcset=\"http:\/\/victoria-rad.de\/wp-content\/uploads\/2018\/03\/IMG_20160315_0055-300x182.jpg 300w, http:\/\/victoria-rad.de\/wp-content\/uploads\/2018\/03\/IMG_20160315_0055-768x466.jpg 768w, http:\/\/victoria-rad.de\/wp-content\/uploads\/2018\/03\/IMG_20160315_0055-1024x621.jpg 1024w\" sizes=\"auto, (max-width: 300px) 100vw, 300px\" \/><\/a>Victoria 13 &#8211; Transport &#8211; Dreirad. Kasten vor dem Sitz f\u00fcr leichte Lasten.<\/p>\n<p><a href=\"http:\/\/victoria-rad.de\/wp-content\/uploads\/2018\/03\/IMG_20160315_0056.jpg\" target=\"_blank\" rel=\"noopener noreferrer\"><img loading=\"lazy\" decoding=\"async\" class=\"aligncenter wp-image-314 size-medium\" src=\"http:\/\/victoria-rad.de\/wp-content\/uploads\/2018\/03\/IMG_20160315_0056-300x192.jpg\" alt=\"\" width=\"300\" height=\"192\" srcset=\"http:\/\/victoria-rad.de\/wp-content\/uploads\/2018\/03\/IMG_20160315_0056-300x192.jpg 300w, http:\/\/victoria-rad.de\/wp-content\/uploads\/2018\/03\/IMG_20160315_0056-768x491.jpg 768w, http:\/\/victoria-rad.de\/wp-content\/uploads\/2018\/03\/IMG_20160315_0056-1024x655.jpg 1024w\" sizes=\"auto, (max-width: 300px) 100vw, 300px\" \/><\/a> Victoria 15 &#8211; Transport &#8211; Dreirad mit Kasten. Wenn man den Werbeschriftzug folgt, wei\u00df man, wo die Firma Victoria so \u00fcberall hin geliefert hat.<\/p>\n<p><a href=\"http:\/\/victoria-rad.de\/wp-content\/uploads\/2018\/03\/IMG_20160315_0057.jpg\" target=\"_blank\" rel=\"noopener noreferrer\"><img loading=\"lazy\" decoding=\"async\" class=\"aligncenter wp-image-315 size-medium\" src=\"http:\/\/victoria-rad.de\/wp-content\/uploads\/2018\/03\/IMG_20160315_0057-300x206.jpg\" alt=\"\" width=\"300\" height=\"206\" srcset=\"http:\/\/victoria-rad.de\/wp-content\/uploads\/2018\/03\/IMG_20160315_0057-300x206.jpg 300w, http:\/\/victoria-rad.de\/wp-content\/uploads\/2018\/03\/IMG_20160315_0057-768x529.jpg 768w, http:\/\/victoria-rad.de\/wp-content\/uploads\/2018\/03\/IMG_20160315_0057-1024x705.jpg 1024w\" sizes=\"auto, (max-width: 300px) 100vw, 300px\" \/><\/a>Victoria 19 &#8211; Transport &#8211; Dreirad f\u00fcr die Gewehrfabrik Spandau.<\/p>\n<p><a href=\"http:\/\/victoria-rad.de\/wp-content\/uploads\/2018\/03\/IMG_20160315_0058.jpg\" target=\"_blank\" rel=\"noopener noreferrer\"><img loading=\"lazy\" decoding=\"async\" class=\"aligncenter wp-image-316 size-medium\" src=\"http:\/\/victoria-rad.de\/wp-content\/uploads\/2018\/03\/IMG_20160315_0058-300x190.jpg\" alt=\"\" width=\"300\" height=\"190\" srcset=\"http:\/\/victoria-rad.de\/wp-content\/uploads\/2018\/03\/IMG_20160315_0058-300x190.jpg 300w, http:\/\/victoria-rad.de\/wp-content\/uploads\/2018\/03\/IMG_20160315_0058-768x487.jpg 768w, http:\/\/victoria-rad.de\/wp-content\/uploads\/2018\/03\/IMG_20160315_0058-1024x649.jpg 1024w\" sizes=\"auto, (max-width: 300px) 100vw, 300px\" \/><\/a>Victoria 20 &#8211; Transport &#8211; Dreirad f\u00fcr die Betriebseigene Fiale in Berlin.<\/p>\n<p><a href=\"http:\/\/victoria-rad.de\/wp-content\/uploads\/2018\/07\/IMG_20150729_0005.jpg\" target=\"_blank\" rel=\"noopener noreferrer\"><img loading=\"lazy\" decoding=\"async\" class=\"aligncenter wp-image-1745 size-medium\" src=\"http:\/\/victoria-rad.de\/wp-content\/uploads\/2018\/07\/IMG_20150729_0005-178x300.jpg\" alt=\"\" width=\"178\" height=\"300\" srcset=\"http:\/\/victoria-rad.de\/wp-content\/uploads\/2018\/07\/IMG_20150729_0005-178x300.jpg 178w, http:\/\/victoria-rad.de\/wp-content\/uploads\/2018\/07\/IMG_20150729_0005-768x1293.jpg 768w, http:\/\/victoria-rad.de\/wp-content\/uploads\/2018\/07\/IMG_20150729_0005-608x1024.jpg 608w\" sizes=\"auto, (max-width: 178px) 100vw, 178px\" \/><\/a><img loading=\"lazy\" decoding=\"async\" class=\"alignnone size-medium wp-image-1650 aligncenter\" src=\"http:\/\/victoria-rad.de\/wp-content\/uploads\/2018\/08\/58-300x14.png\" alt=\"\" width=\"300\" height=\"14\" srcset=\"http:\/\/victoria-rad.de\/wp-content\/uploads\/2018\/08\/58-300x14.png 300w, http:\/\/victoria-rad.de\/wp-content\/uploads\/2018\/08\/58.png 501w\" sizes=\"auto, (max-width: 300px) 100vw, 300px\" \/><\/p>\n<p><a href=\"http:\/\/victoria-rad.de\/wp-content\/uploads\/2018\/03\/IMG_20160315_0059.jpg\" target=\"_blank\" rel=\"noopener noreferrer\"><img loading=\"lazy\" decoding=\"async\" class=\"aligncenter wp-image-317 size-medium\" src=\"http:\/\/victoria-rad.de\/wp-content\/uploads\/2018\/03\/IMG_20160315_0059-300x186.jpg\" alt=\"\" width=\"300\" height=\"186\" srcset=\"http:\/\/victoria-rad.de\/wp-content\/uploads\/2018\/03\/IMG_20160315_0059-300x186.jpg 300w, http:\/\/victoria-rad.de\/wp-content\/uploads\/2018\/03\/IMG_20160315_0059-768x476.jpg 768w, http:\/\/victoria-rad.de\/wp-content\/uploads\/2018\/03\/IMG_20160315_0059-1024x635.jpg 1024w, http:\/\/victoria-rad.de\/wp-content\/uploads\/2018\/03\/IMG_20160315_0059-825x510.jpg 825w\" sizes=\"auto, (max-width: 300px) 100vw, 300px\" \/><\/a>Victoria &#8211; Modell 1910. Auf Anforderung konnte man einen speziellen Katalog f\u00fcr Motorr\u00e4der anfordern. Leider ist bis heute keiner aufgetaucht.<\/p>\n<p><a href=\"http:\/\/victoria-rad.de\/wp-content\/uploads\/2018\/03\/IMG_20160315_0061.jpg\" target=\"_blank\" rel=\"noopener noreferrer\"><img loading=\"lazy\" decoding=\"async\" class=\"aligncenter wp-image-307 size-medium\" src=\"http:\/\/victoria-rad.de\/wp-content\/uploads\/2018\/03\/IMG_20160315_0061-300x222.jpg\" alt=\"\" width=\"300\" height=\"222\" srcset=\"http:\/\/victoria-rad.de\/wp-content\/uploads\/2018\/03\/IMG_20160315_0061-300x222.jpg 300w, http:\/\/victoria-rad.de\/wp-content\/uploads\/2018\/03\/IMG_20160315_0061-768x569.jpg 768w, http:\/\/victoria-rad.de\/wp-content\/uploads\/2018\/03\/IMG_20160315_0061-1024x759.jpg 1024w\" sizes=\"auto, (max-width: 300px) 100vw, 300px\" \/><\/a>Victoria &#8211; Motor &#8211; Gep\u00e4ckwagen.<\/p>\n<ul>\n<li>Gepresster Stahlrahmen<\/li>\n<li>Zweizylinder, ca. 8-10 PS vertikaler Benzinmotor, Wasserk\u00fchler, Spritzvergaser.<\/li>\n<li>Staubdichter Kardanantrieb.<\/li>\n<li>Wechselgetriebe 3 Geschwindigkeiten vorw\u00e4rts und R\u00fcckw\u00e4rtsgang.<\/li>\n<li>eine Fu\u00dfbremse und ein paar Handhebel Innenbremsen.<\/li>\n<li>Lenkung von der Steuers\u00e4ule mit Drossel und Z\u00fcndhebel.<\/li>\n<li>Laufr\u00e4der aus Holz mit Stahlfelge 710&#215;90 mm.<\/li>\n<li>Geschwindigkeit 35km\/h auf ebener trockener Stra\u00dfe.<\/li>\n<li>Benzinvorrat 35 Liter.<\/li>\n<li>Tragf\u00e4higkeit max. 350 &#8211; 400 Kilo.<\/li>\n<\/ul>\n<p>Auch f\u00fcr die Victoria Autos konnte man einen gesonderten Katalog anfordern. Es ist auch leider keiner bekannt.<\/p>\n<p style=\"text-align: center;\"><a href=\"http:\/\/victoria-rad.de\/wp-content\/uploads\/2018\/07\/IMG_20141127_0054-1.jpg\" target=\"_blank\" rel=\"noopener noreferrer\"><img loading=\"lazy\" decoding=\"async\" class=\"aligncenter wp-image-1529 size-medium\" src=\"http:\/\/victoria-rad.de\/wp-content\/uploads\/2018\/07\/IMG_20141127_0054-1-300x192.jpg\" alt=\"\" width=\"300\" height=\"192\" srcset=\"http:\/\/victoria-rad.de\/wp-content\/uploads\/2018\/07\/IMG_20141127_0054-1-300x192.jpg 300w, http:\/\/victoria-rad.de\/wp-content\/uploads\/2018\/07\/IMG_20141127_0054-1-768x490.jpg 768w, http:\/\/victoria-rad.de\/wp-content\/uploads\/2018\/07\/IMG_20141127_0054-1-1024x654.jpg 1024w\" sizes=\"auto, (max-width: 300px) 100vw, 300px\" \/><\/a>Die Kameraden &#8211; F\u00fcr Kaiser &#8211; K\u00f6nig &#8211; Vaterland, 1911 &#8211; 1913.<\/p>\n<p><a href=\"http:\/\/victoria-rad.de\/wp-content\/uploads\/2018\/06\/Engel.png\" target=\"_blank\" rel=\"noopener noreferrer\"><img loading=\"lazy\" decoding=\"async\" class=\"aligncenter wp-image-245 size-medium\" src=\"http:\/\/victoria-rad.de\/wp-content\/uploads\/2018\/06\/Engel-248x300.png\" alt=\"\" width=\"248\" height=\"300\" srcset=\"http:\/\/victoria-rad.de\/wp-content\/uploads\/2018\/06\/Engel-248x300.png 248w, http:\/\/victoria-rad.de\/wp-content\/uploads\/2018\/06\/Engel.png 346w\" sizes=\"auto, (max-width: 248px) 100vw, 248px\" \/><\/a><\/p>\n","protected":false},"excerpt":{"rendered":"<p>Eine Vielzahl von Fahrr\u00e4dern wurde im Katalog von 1910 vorgestellt, die folgenden R\u00e4der wurden ab 1908 hergestellt : Victoria 0 &#8211; Kr\u00e4ftiges Herrenrad mit 15kg Gewicht, gab es auch als Knabenrad. Victoria 00 &#8211; Solides Damenrad mit 14,5kg Gewicht, auch als M\u00e4dchenrad. Victoria 6 &#8211; Elegantes Tourenrad. Victoria 4 &#8211; Extra leichter Halbrenner mit 11,5kg &hellip; <a href=\"http:\/\/victoria-rad.de\/?p=357\" class=\"more-link\"><span class=\"screen-reader-text\">Victoria &#8211; Fahrrad &#8211; Die Fahrr\u00e4der und Fahrzeuge aus Katalog 1910<\/span> weiterlesen<\/a><\/p>\n","protected":false},"author":1,"featured_media":0,"comment_status":"open","ping_status":"open","sticky":false,"template":"","format":"standard","meta":{"footnotes":""},"categories":[1],"tags":[],"class_list":["post-357","post","type-post","status-publish","format-standard","hentry","category-uncategorized"],"_links":{"self":[{"href":"http:\/\/victoria-rad.de\/index.php?rest_route=\/wp\/v2\/posts\/357","targetHints":{"allow":["GET"]}}],"collection":[{"href":"http:\/\/victoria-rad.de\/index.php?rest_route=\/wp\/v2\/posts"}],"about":[{"href":"http:\/\/victoria-rad.de\/index.php?rest_route=\/wp\/v2\/types\/post"}],"author":[{"embeddable":true,"href":"http:\/\/victoria-rad.de\/index.php?rest_route=\/wp\/v2\/users\/1"}],"replies":[{"embeddable":true,"href":"http:\/\/victoria-rad.de\/index.php?rest_route=%2Fwp%2Fv2%2Fcomments&post=357"}],"version-history":[{"count":8,"href":"http:\/\/victoria-rad.de\/index.php?rest_route=\/wp\/v2\/posts\/357\/revisions"}],"predecessor-version":[{"id":7636,"href":"http:\/\/victoria-rad.de\/index.php?rest_route=\/wp\/v2\/posts\/357\/revisions\/7636"}],"wp:attachment":[{"href":"http:\/\/victoria-rad.de\/index.php?rest_route=%2Fwp%2Fv2%2Fmedia&parent=357"}],"wp:term":[{"taxonomy":"category","embeddable":true,"href":"http:\/\/victoria-rad.de\/index.php?rest_route=%2Fwp%2Fv2%2Fcategories&post=357"},{"taxonomy":"post_tag","embeddable":true,"href":"http:\/\/victoria-rad.de\/index.php?rest_route=%2Fwp%2Fv2%2Ftags&post=357"}],"curies":[{"name":"wp","href":"https:\/\/api.w.org\/{rel}","templated":true}]}}