{"id":3646,"date":"2019-02-22T10:41:10","date_gmt":"2019-02-22T10:41:10","guid":{"rendered":"http:\/\/victoria-rad.de\/?p=3646"},"modified":"2020-01-29T10:51:42","modified_gmt":"2020-01-29T10:51:42","slug":"victoria-fahrrad-die-fahrraeder-der-fuenfziger-jahre","status":"publish","type":"post","link":"http:\/\/victoria-rad.de\/?p=3646","title":{"rendered":"Fahrrad &#8211; Victoria &#8211; die Fahrr\u00e4der der F\u00fcnfziger Jahre&#8230;"},"content":{"rendered":"<p><a href=\"http:\/\/victoria-rad.de\/wp-content\/uploads\/2019\/02\/20190224_103205_001-Kopie.jpg\" target=\"_blank\" rel=\"noopener noreferrer\"><img loading=\"lazy\" decoding=\"async\" class=\"aligncenter wp-image-3726 size-medium\" src=\"http:\/\/victoria-rad.de\/wp-content\/uploads\/2019\/02\/20190224_103205_001-Kopie-210x300.jpg\" alt=\"\" width=\"210\" height=\"300\" srcset=\"http:\/\/victoria-rad.de\/wp-content\/uploads\/2019\/02\/20190224_103205_001-Kopie-210x300.jpg 210w, http:\/\/victoria-rad.de\/wp-content\/uploads\/2019\/02\/20190224_103205_001-Kopie-105x150.jpg 105w, http:\/\/victoria-rad.de\/wp-content\/uploads\/2019\/02\/20190224_103205_001-Kopie-768x1099.jpg 768w, http:\/\/victoria-rad.de\/wp-content\/uploads\/2019\/02\/20190224_103205_001-Kopie-716x1024.jpg 716w\" sizes=\"auto, (max-width: 210px) 100vw, 210px\" \/><\/a><br \/>\n<a href=\"http:\/\/victoria-rad.de\/wp-content\/uploads\/2019\/02\/Victoria-Buch-355.jpg\" target=\"_blank\" rel=\"noopener noreferrer\"><img loading=\"lazy\" decoding=\"async\" class=\"aligncenter wp-image-3647 size-medium\" src=\"http:\/\/victoria-rad.de\/wp-content\/uploads\/2019\/02\/Victoria-Buch-355-300x105.jpg\" alt=\"\" width=\"300\" height=\"105\" srcset=\"http:\/\/victoria-rad.de\/wp-content\/uploads\/2019\/02\/Victoria-Buch-355-300x105.jpg 300w, http:\/\/victoria-rad.de\/wp-content\/uploads\/2019\/02\/Victoria-Buch-355-150x52.jpg 150w, http:\/\/victoria-rad.de\/wp-content\/uploads\/2019\/02\/Victoria-Buch-355-768x268.jpg 768w, http:\/\/victoria-rad.de\/wp-content\/uploads\/2019\/02\/Victoria-Buch-355-1024x357.jpg 1024w\" sizes=\"auto, (max-width: 300px) 100vw, 300px\" \/><\/a><\/p>\n<p>Im folgenden Beitrag werden die neuesten Fahrrad &#8211; Modelle der &#8222;F\u00fcnfziger Jahre&#8220; vorgestellt. Sicherlich wurde die Linie der Vorkriegs und Nachkriegsjahre beibehalten, aber es kamen neue moderne Formen der Rahmen dazu. Aufgrund von Materialmangel nach dem Krieg hat Victoria ein neues Leichtlauftretlager konstruiert, was aber gr\u00fcndlich misslang. Da einige Wellen brachen und das f\u00fcr die hohen Qualit\u00e4tsanspr\u00fcche von Victoria nicht in Frage kam, griff man auf die bew\u00e4hrte Technik von vorher zur\u00fcck. In den folgenden Bildern sieht man die neue Linie der geraden Doppelrohrrahmen:<\/p>\n<p style=\"text-align: center;\"><a href=\"http:\/\/victoria-rad.de\/wp-content\/uploads\/2019\/02\/Victoria-Buch-Bilder-156.jpg\" target=\"_blank\" rel=\"noopener noreferrer\"><img loading=\"lazy\" decoding=\"async\" class=\"aligncenter wp-image-3648 size-medium\" src=\"http:\/\/victoria-rad.de\/wp-content\/uploads\/2019\/02\/Victoria-Buch-Bilder-156-300x225.jpg\" alt=\"\" width=\"300\" height=\"225\" srcset=\"http:\/\/victoria-rad.de\/wp-content\/uploads\/2019\/02\/Victoria-Buch-Bilder-156-300x225.jpg 300w, http:\/\/victoria-rad.de\/wp-content\/uploads\/2019\/02\/Victoria-Buch-Bilder-156-150x113.jpg 150w, http:\/\/victoria-rad.de\/wp-content\/uploads\/2019\/02\/Victoria-Buch-Bilder-156-768x576.jpg 768w, http:\/\/victoria-rad.de\/wp-content\/uploads\/2019\/02\/Victoria-Buch-Bilder-156-1024x768.jpg 1024w\" sizes=\"auto, (max-width: 300px) 100vw, 300px\" \/><\/a>Victoria Damenrad VS 26 D.<br \/>\n<a href=\"http:\/\/victoria-rad.de\/wp-content\/uploads\/2019\/02\/Victoria-Buch-Bilder-161.jpg\" target=\"_blank\" rel=\"noopener noreferrer\"><img loading=\"lazy\" decoding=\"async\" class=\"aligncenter wp-image-3649 size-medium\" src=\"http:\/\/victoria-rad.de\/wp-content\/uploads\/2019\/02\/Victoria-Buch-Bilder-161-300x225.jpg\" alt=\"\" width=\"300\" height=\"225\" srcset=\"http:\/\/victoria-rad.de\/wp-content\/uploads\/2019\/02\/Victoria-Buch-Bilder-161-300x225.jpg 300w, http:\/\/victoria-rad.de\/wp-content\/uploads\/2019\/02\/Victoria-Buch-Bilder-161-150x113.jpg 150w, http:\/\/victoria-rad.de\/wp-content\/uploads\/2019\/02\/Victoria-Buch-Bilder-161-768x576.jpg 768w, http:\/\/victoria-rad.de\/wp-content\/uploads\/2019\/02\/Victoria-Buch-Bilder-161-1024x768.jpg 1024w\" sizes=\"auto, (max-width: 300px) 100vw, 300px\" \/><\/a><a href=\"http:\/\/victoria-rad.de\/wp-content\/uploads\/2019\/02\/Victoria-Buch-Bilder-160-1.jpg\" target=\"_blank\" rel=\"noopener noreferrer\"><img loading=\"lazy\" decoding=\"async\" class=\"aligncenter wp-image-3672 size-medium\" src=\"http:\/\/victoria-rad.de\/wp-content\/uploads\/2019\/02\/Victoria-Buch-Bilder-160-1-124x300.jpg\" alt=\"\" width=\"124\" height=\"300\" srcset=\"http:\/\/victoria-rad.de\/wp-content\/uploads\/2019\/02\/Victoria-Buch-Bilder-160-1-124x300.jpg 124w, http:\/\/victoria-rad.de\/wp-content\/uploads\/2019\/02\/Victoria-Buch-Bilder-160-1-62x150.jpg 62w, http:\/\/victoria-rad.de\/wp-content\/uploads\/2019\/02\/Victoria-Buch-Bilder-160-1-768x1860.jpg 768w, http:\/\/victoria-rad.de\/wp-content\/uploads\/2019\/02\/Victoria-Buch-Bilder-160-1-423x1024.jpg 423w, http:\/\/victoria-rad.de\/wp-content\/uploads\/2019\/02\/Victoria-Buch-Bilder-160-1.jpg 1057w\" sizes=\"auto, (max-width: 124px) 100vw, 124px\" \/><\/a><\/p>\n<p>Die neue Schutzblechfigur der F\u00fcnfziger Jahre mit der Einrundung um den Victoria-Engel wurde meist mit den jeweiligen Farben versehen des Fahrrades\u00a0 (Blau, Schwarz, Rot oder Gr\u00fcn), versehen:<\/p>\n<p><a href=\"http:\/\/victoria-rad.de\/wp-content\/uploads\/2019\/02\/Bild-A23.jpg\" target=\"_blank\" rel=\"noopener noreferrer\"><img loading=\"lazy\" decoding=\"async\" class=\"aligncenter wp-image-3655 size-medium\" src=\"http:\/\/victoria-rad.de\/wp-content\/uploads\/2019\/02\/Bild-A23-300x129.jpg\" alt=\"\" width=\"300\" height=\"129\" srcset=\"http:\/\/victoria-rad.de\/wp-content\/uploads\/2019\/02\/Bild-A23-300x129.jpg 300w, http:\/\/victoria-rad.de\/wp-content\/uploads\/2019\/02\/Bild-A23-150x64.jpg 150w, http:\/\/victoria-rad.de\/wp-content\/uploads\/2019\/02\/Bild-A23-768x330.jpg 768w, http:\/\/victoria-rad.de\/wp-content\/uploads\/2019\/02\/Bild-A23-1024x440.jpg 1024w\" sizes=\"auto, (max-width: 300px) 100vw, 300px\" \/><\/a><\/p>\n<p>Hier nochmal die voran gegangen Steuerkopfzeichen ab 1936:<\/p>\n<p><a href=\"http:\/\/victoria-rad.de\/wp-content\/uploads\/2019\/02\/Bild-A20.jpg\" target=\"_blank\" rel=\"noopener noreferrer\"><img loading=\"lazy\" decoding=\"async\" class=\"aligncenter wp-image-3653 size-medium\" src=\"http:\/\/victoria-rad.de\/wp-content\/uploads\/2019\/02\/Bild-A20-300x170.jpg\" alt=\"\" width=\"300\" height=\"170\" srcset=\"http:\/\/victoria-rad.de\/wp-content\/uploads\/2019\/02\/Bild-A20-300x170.jpg 300w, http:\/\/victoria-rad.de\/wp-content\/uploads\/2019\/02\/Bild-A20-150x85.jpg 150w, http:\/\/victoria-rad.de\/wp-content\/uploads\/2019\/02\/Bild-A20-768x434.jpg 768w, http:\/\/victoria-rad.de\/wp-content\/uploads\/2019\/02\/Bild-A20-1024x579.jpg 1024w, http:\/\/victoria-rad.de\/wp-content\/uploads\/2019\/02\/Bild-A20.jpg 1453w\" sizes=\"auto, (max-width: 300px) 100vw, 300px\" \/><\/a><a href=\"http:\/\/victoria-rad.de\/wp-content\/uploads\/2019\/02\/Bild-A21.jpg\" target=\"_blank\" rel=\"noopener noreferrer\"><img loading=\"lazy\" decoding=\"async\" class=\"aligncenter wp-image-3654 size-medium\" src=\"http:\/\/victoria-rad.de\/wp-content\/uploads\/2019\/02\/Bild-A21-300x185.jpg\" alt=\"\" width=\"300\" height=\"185\" srcset=\"http:\/\/victoria-rad.de\/wp-content\/uploads\/2019\/02\/Bild-A21-300x185.jpg 300w, http:\/\/victoria-rad.de\/wp-content\/uploads\/2019\/02\/Bild-A21-150x92.jpg 150w, http:\/\/victoria-rad.de\/wp-content\/uploads\/2019\/02\/Bild-A21-768x473.jpg 768w, http:\/\/victoria-rad.de\/wp-content\/uploads\/2019\/02\/Bild-A21-1024x631.jpg 1024w, http:\/\/victoria-rad.de\/wp-content\/uploads\/2019\/02\/Bild-A21-825x510.jpg 825w, http:\/\/victoria-rad.de\/wp-content\/uploads\/2019\/02\/Bild-A21.jpg 2041w\" sizes=\"auto, (max-width: 300px) 100vw, 300px\" \/><\/a><\/p>\n<p>Das eleganteste und sch\u00f6nste Modell der Nachkriegszeit kam ab 1950 auf den Markt, das sogenannte &#8222;Doppelschleifen-Chrom-Rad&#8220;:<\/p>\n<p style=\"text-align: center;\"><a href=\"http:\/\/victoria-rad.de\/wp-content\/uploads\/2019\/02\/IMG_20150729_0040.jpg\" target=\"_blank\" rel=\"noopener noreferrer\"><img loading=\"lazy\" decoding=\"async\" class=\"aligncenter wp-image-3660 size-medium\" src=\"http:\/\/victoria-rad.de\/wp-content\/uploads\/2019\/02\/IMG_20150729_0040-300x234.jpg\" alt=\"\" width=\"300\" height=\"234\" srcset=\"http:\/\/victoria-rad.de\/wp-content\/uploads\/2019\/02\/IMG_20150729_0040-300x234.jpg 300w, http:\/\/victoria-rad.de\/wp-content\/uploads\/2019\/02\/IMG_20150729_0040-150x117.jpg 150w, http:\/\/victoria-rad.de\/wp-content\/uploads\/2019\/02\/IMG_20150729_0040-768x600.jpg 768w, http:\/\/victoria-rad.de\/wp-content\/uploads\/2019\/02\/IMG_20150729_0040-1024x800.jpg 1024w\" sizes=\"auto, (max-width: 300px) 100vw, 300px\" \/><\/a><\/p>\n<p style=\"text-align: center;\">Das erste Rad, mit der Doppelschleife ausgehend von der hinteren Nabe \u00fcber die oberen Rahmenrohre zum Steuerkopf.<\/p>\n<p style=\"text-align: center;\"><a href=\"http:\/\/victoria-rad.de\/wp-content\/uploads\/2019\/02\/IMG_20150729_0041-Kopie-1.jpg\" target=\"_blank\" rel=\"noopener noreferrer\"><img loading=\"lazy\" decoding=\"async\" class=\"aligncenter wp-image-3659 size-medium\" src=\"http:\/\/victoria-rad.de\/wp-content\/uploads\/2019\/02\/IMG_20150729_0041-Kopie-1-300x219.jpg\" alt=\"\" width=\"300\" height=\"219\" srcset=\"http:\/\/victoria-rad.de\/wp-content\/uploads\/2019\/02\/IMG_20150729_0041-Kopie-1-300x219.jpg 300w, http:\/\/victoria-rad.de\/wp-content\/uploads\/2019\/02\/IMG_20150729_0041-Kopie-1-150x109.jpg 150w, http:\/\/victoria-rad.de\/wp-content\/uploads\/2019\/02\/IMG_20150729_0041-Kopie-1-768x560.jpg 768w, http:\/\/victoria-rad.de\/wp-content\/uploads\/2019\/02\/IMG_20150729_0041-Kopie-1-1024x746.jpg 1024w\" sizes=\"auto, (max-width: 300px) 100vw, 300px\" \/><\/a>Die zweite Variante, oben mit Doppelschleife und ausgebildet als Doppelrohrahmen, mit einer Eleganz die seines gleichen sucht ! Hier noch ohne Schaltung in einfacher Version, ohne jegliche zus\u00e4tzliche Instrumente.<\/p>\n<p style=\"text-align: center;\"><a href=\"http:\/\/victoria-rad.de\/wp-content\/uploads\/2019\/02\/IMG_20150729_0041-Kopie.jpg\" target=\"_blank\" rel=\"noopener noreferrer\"><img loading=\"lazy\" decoding=\"async\" class=\"aligncenter wp-image-3658 size-medium\" src=\"http:\/\/victoria-rad.de\/wp-content\/uploads\/2019\/02\/IMG_20150729_0041-Kopie-300x227.jpg\" alt=\"\" width=\"300\" height=\"227\" srcset=\"http:\/\/victoria-rad.de\/wp-content\/uploads\/2019\/02\/IMG_20150729_0041-Kopie-300x227.jpg 300w, http:\/\/victoria-rad.de\/wp-content\/uploads\/2019\/02\/IMG_20150729_0041-Kopie-150x114.jpg 150w, http:\/\/victoria-rad.de\/wp-content\/uploads\/2019\/02\/IMG_20150729_0041-Kopie-768x582.jpg 768w, http:\/\/victoria-rad.de\/wp-content\/uploads\/2019\/02\/IMG_20150729_0041-Kopie-1024x775.jpg 1024w\" sizes=\"auto, (max-width: 300px) 100vw, 300px\" \/><\/a>Das wundersch\u00f6ne Chrom-Rad hier mit Viergang-Schaltung und Tachometer am oberen Ende der Doppelschleife.<\/p>\n<p><a href=\"http:\/\/victoria-rad.de\/wp-content\/uploads\/2019\/02\/Victoria-Buch-Bilder-801.jpg\" target=\"_blank\" rel=\"noopener noreferrer\"><img loading=\"lazy\" decoding=\"async\" class=\"aligncenter wp-image-3676 size-medium\" src=\"http:\/\/victoria-rad.de\/wp-content\/uploads\/2019\/02\/Victoria-Buch-Bilder-801-300x211.jpg\" alt=\"\" width=\"300\" height=\"211\" srcset=\"http:\/\/victoria-rad.de\/wp-content\/uploads\/2019\/02\/Victoria-Buch-Bilder-801-300x211.jpg 300w, http:\/\/victoria-rad.de\/wp-content\/uploads\/2019\/02\/Victoria-Buch-Bilder-801-150x106.jpg 150w, http:\/\/victoria-rad.de\/wp-content\/uploads\/2019\/02\/Victoria-Buch-Bilder-801-768x541.jpg 768w, http:\/\/victoria-rad.de\/wp-content\/uploads\/2019\/02\/Victoria-Buch-Bilder-801-1024x721.jpg 1024w, http:\/\/victoria-rad.de\/wp-content\/uploads\/2019\/02\/Victoria-Buch-Bilder-801.jpg 2024w\" sizes=\"auto, (max-width: 300px) 100vw, 300px\" \/><\/a>Das Sport-Rad in den herrlichen Transparent-Farben:<\/p>\n<p style=\"text-align: center;\"><a href=\"http:\/\/victoria-rad.de\/wp-content\/uploads\/2019\/02\/Nr.1720142.jpg\" target=\"_blank\" rel=\"noopener noreferrer\"><img loading=\"lazy\" decoding=\"async\" class=\"aligncenter wp-image-3651 size-medium\" src=\"http:\/\/victoria-rad.de\/wp-content\/uploads\/2019\/02\/Nr.1720142-300x200.jpg\" alt=\"\" width=\"300\" height=\"200\" srcset=\"http:\/\/victoria-rad.de\/wp-content\/uploads\/2019\/02\/Nr.1720142-300x200.jpg 300w, http:\/\/victoria-rad.de\/wp-content\/uploads\/2019\/02\/Nr.1720142-150x100.jpg 150w, http:\/\/victoria-rad.de\/wp-content\/uploads\/2019\/02\/Nr.1720142-768x511.jpg 768w, http:\/\/victoria-rad.de\/wp-content\/uploads\/2019\/02\/Nr.1720142-1024x681.jpg 1024w\" sizes=\"auto, (max-width: 300px) 100vw, 300px\" \/><\/a><a href=\"http:\/\/victoria-rad.de\/wp-content\/uploads\/2019\/02\/IMG_20190219_0003.jpg\" target=\"_blank\" rel=\"noopener noreferrer\"><img loading=\"lazy\" decoding=\"async\" class=\"aligncenter wp-image-3657 size-medium\" src=\"http:\/\/victoria-rad.de\/wp-content\/uploads\/2019\/02\/IMG_20190219_0003-225x300.jpg\" alt=\"\" width=\"225\" height=\"300\" srcset=\"http:\/\/victoria-rad.de\/wp-content\/uploads\/2019\/02\/IMG_20190219_0003-225x300.jpg 225w, http:\/\/victoria-rad.de\/wp-content\/uploads\/2019\/02\/IMG_20190219_0003-112x150.jpg 112w, http:\/\/victoria-rad.de\/wp-content\/uploads\/2019\/02\/IMG_20190219_0003-768x1026.jpg 768w, http:\/\/victoria-rad.de\/wp-content\/uploads\/2019\/02\/IMG_20190219_0003-767x1024.jpg 767w\" sizes=\"auto, (max-width: 225px) 100vw, 225px\" \/><\/a><a href=\"http:\/\/victoria-rad.de\/wp-content\/uploads\/2019\/02\/28.10.1955-e1550668007527.jpg\" target=\"_blank\" rel=\"noopener noreferrer\"><img loading=\"lazy\" decoding=\"async\" class=\"aligncenter wp-image-3667 size-medium\" src=\"http:\/\/victoria-rad.de\/wp-content\/uploads\/2019\/02\/28.10.1955-e1550668007527-143x300.jpg\" alt=\"\" width=\"143\" height=\"300\" srcset=\"http:\/\/victoria-rad.de\/wp-content\/uploads\/2019\/02\/28.10.1955-e1550668007527-143x300.jpg 143w, http:\/\/victoria-rad.de\/wp-content\/uploads\/2019\/02\/28.10.1955-e1550668007527-72x150.jpg 72w, http:\/\/victoria-rad.de\/wp-content\/uploads\/2019\/02\/28.10.1955-e1550668007527-768x1610.jpg 768w, http:\/\/victoria-rad.de\/wp-content\/uploads\/2019\/02\/28.10.1955-e1550668007527-489x1024.jpg 489w, http:\/\/victoria-rad.de\/wp-content\/uploads\/2019\/02\/28.10.1955-e1550668007527.jpg 1734w\" sizes=\"auto, (max-width: 143px) 100vw, 143px\" \/><\/a>Detail Schaltung\/Tachometer.<\/p>\n<p>Das Tretlager:<\/p>\n<p><a href=\"http:\/\/victoria-rad.de\/wp-content\/uploads\/2019\/02\/31.01.56.jpg\" target=\"_blank\" rel=\"noopener noreferrer\"><img loading=\"lazy\" decoding=\"async\" class=\"aligncenter wp-image-3669 size-medium\" src=\"http:\/\/victoria-rad.de\/wp-content\/uploads\/2019\/02\/31.01.56-284x300.jpg\" alt=\"\" width=\"284\" height=\"300\" srcset=\"http:\/\/victoria-rad.de\/wp-content\/uploads\/2019\/02\/31.01.56-284x300.jpg 284w, http:\/\/victoria-rad.de\/wp-content\/uploads\/2019\/02\/31.01.56-142x150.jpg 142w, http:\/\/victoria-rad.de\/wp-content\/uploads\/2019\/02\/31.01.56-768x812.jpg 768w, http:\/\/victoria-rad.de\/wp-content\/uploads\/2019\/02\/31.01.56-968x1024.jpg 968w\" sizes=\"auto, (max-width: 284px) 100vw, 284px\" \/><\/a><a href=\"http:\/\/victoria-rad.de\/wp-content\/uploads\/2019\/02\/1956.jpg\" target=\"_blank\" rel=\"noopener noreferrer\"><img loading=\"lazy\" decoding=\"async\" class=\"aligncenter wp-image-3670 size-medium\" src=\"http:\/\/victoria-rad.de\/wp-content\/uploads\/2019\/02\/1956-300x253.jpg\" alt=\"\" width=\"300\" height=\"253\" srcset=\"http:\/\/victoria-rad.de\/wp-content\/uploads\/2019\/02\/1956-300x253.jpg 300w, http:\/\/victoria-rad.de\/wp-content\/uploads\/2019\/02\/1956-150x126.jpg 150w, http:\/\/victoria-rad.de\/wp-content\/uploads\/2019\/02\/1956-768x647.jpg 768w, http:\/\/victoria-rad.de\/wp-content\/uploads\/2019\/02\/1956-1024x862.jpg 1024w\" sizes=\"auto, (max-width: 300px) 100vw, 300px\" \/><\/a><\/p>\n<p>Die Pr\u00fcfung der Tretlager:<\/p>\n<p><a href=\"http:\/\/victoria-rad.de\/wp-content\/uploads\/2019\/02\/IMG_20150729_0028.jpg\" target=\"_blank\" rel=\"noopener noreferrer\"><img loading=\"lazy\" decoding=\"async\" class=\"aligncenter wp-image-3662 size-medium\" src=\"http:\/\/victoria-rad.de\/wp-content\/uploads\/2019\/02\/IMG_20150729_0028-300x157.jpg\" alt=\"\" width=\"300\" height=\"157\" srcset=\"http:\/\/victoria-rad.de\/wp-content\/uploads\/2019\/02\/IMG_20150729_0028-300x157.jpg 300w, http:\/\/victoria-rad.de\/wp-content\/uploads\/2019\/02\/IMG_20150729_0028-150x78.jpg 150w, http:\/\/victoria-rad.de\/wp-content\/uploads\/2019\/02\/IMG_20150729_0028-768x401.jpg 768w, http:\/\/victoria-rad.de\/wp-content\/uploads\/2019\/02\/IMG_20150729_0028-1024x535.jpg 1024w\" sizes=\"auto, (max-width: 300px) 100vw, 300px\" \/><\/a><a href=\"http:\/\/victoria-rad.de\/wp-content\/uploads\/2019\/02\/IMG_20150729_0028-Kopie.jpg\" target=\"_blank\" rel=\"noopener noreferrer\"><img loading=\"lazy\" decoding=\"async\" class=\"aligncenter wp-image-3661 size-medium\" src=\"http:\/\/victoria-rad.de\/wp-content\/uploads\/2019\/02\/IMG_20150729_0028-Kopie-300x232.jpg\" alt=\"\" width=\"300\" height=\"232\" srcset=\"http:\/\/victoria-rad.de\/wp-content\/uploads\/2019\/02\/IMG_20150729_0028-Kopie-300x232.jpg 300w, http:\/\/victoria-rad.de\/wp-content\/uploads\/2019\/02\/IMG_20150729_0028-Kopie-150x116.jpg 150w, http:\/\/victoria-rad.de\/wp-content\/uploads\/2019\/02\/IMG_20150729_0028-Kopie-768x593.jpg 768w, http:\/\/victoria-rad.de\/wp-content\/uploads\/2019\/02\/IMG_20150729_0028-Kopie-1024x791.jpg 1024w\" sizes=\"auto, (max-width: 300px) 100vw, 300px\" \/><\/a><\/p>\n<p>Herrenrad von 1956:<\/p>\n<p><a href=\"http:\/\/victoria-rad.de\/wp-content\/uploads\/2019\/02\/6.6.1956.jpg\" target=\"_blank\" rel=\"noopener noreferrer\"><img loading=\"lazy\" decoding=\"async\" class=\"aligncenter wp-image-3679 size-medium\" src=\"http:\/\/victoria-rad.de\/wp-content\/uploads\/2019\/02\/6.6.1956-300x222.jpg\" alt=\"\" width=\"300\" height=\"222\" srcset=\"http:\/\/victoria-rad.de\/wp-content\/uploads\/2019\/02\/6.6.1956-300x222.jpg 300w, http:\/\/victoria-rad.de\/wp-content\/uploads\/2019\/02\/6.6.1956-150x111.jpg 150w, http:\/\/victoria-rad.de\/wp-content\/uploads\/2019\/02\/6.6.1956-768x568.jpg 768w, http:\/\/victoria-rad.de\/wp-content\/uploads\/2019\/02\/6.6.1956-1024x758.jpg 1024w\" sizes=\"auto, (max-width: 300px) 100vw, 300px\" \/><\/a><\/p>\n<p>Rennrad &#8222;V58 \/ Avanti&#8220; Original:<\/p>\n<p><a href=\"http:\/\/victoria-rad.de\/wp-content\/uploads\/2019\/02\/Nr.1618323.jpg\" target=\"_blank\" rel=\"noopener noreferrer\"><img loading=\"lazy\" decoding=\"async\" class=\"aligncenter wp-image-3652 size-medium\" src=\"http:\/\/victoria-rad.de\/wp-content\/uploads\/2019\/02\/Nr.1618323-300x200.jpg\" alt=\"\" width=\"300\" height=\"200\" srcset=\"http:\/\/victoria-rad.de\/wp-content\/uploads\/2019\/02\/Nr.1618323-300x200.jpg 300w, http:\/\/victoria-rad.de\/wp-content\/uploads\/2019\/02\/Nr.1618323-150x100.jpg 150w, http:\/\/victoria-rad.de\/wp-content\/uploads\/2019\/02\/Nr.1618323-768x512.jpg 768w, http:\/\/victoria-rad.de\/wp-content\/uploads\/2019\/02\/Nr.1618323-1024x683.jpg 1024w\" sizes=\"auto, (max-width: 300px) 100vw, 300px\" \/><\/a><\/p>\n<p>Herrenrad V 74 L:<\/p>\n<p><a href=\"http:\/\/victoria-rad.de\/wp-content\/uploads\/2019\/02\/V-74-L.jpg\" target=\"_blank\" rel=\"noopener noreferrer\"><img loading=\"lazy\" decoding=\"async\" class=\"aligncenter wp-image-3682 size-medium\" src=\"http:\/\/victoria-rad.de\/wp-content\/uploads\/2019\/02\/V-74-L-300x196.jpg\" alt=\"\" width=\"300\" height=\"196\" srcset=\"http:\/\/victoria-rad.de\/wp-content\/uploads\/2019\/02\/V-74-L-300x196.jpg 300w, http:\/\/victoria-rad.de\/wp-content\/uploads\/2019\/02\/V-74-L-150x98.jpg 150w, http:\/\/victoria-rad.de\/wp-content\/uploads\/2019\/02\/V-74-L-768x501.jpg 768w, http:\/\/victoria-rad.de\/wp-content\/uploads\/2019\/02\/V-74-L-1024x668.jpg 1024w\" sizes=\"auto, (max-width: 300px) 100vw, 300px\" \/><\/a><\/p>\n<p>Herrenrad V 76 L:<\/p>\n<p><a href=\"http:\/\/victoria-rad.de\/wp-content\/uploads\/2019\/02\/4C1C7E7B-112E-4D85-8A73-6569B84DF83D.jpg\" target=\"_blank\" rel=\"noopener noreferrer\"><img loading=\"lazy\" decoding=\"async\" class=\"aligncenter wp-image-4825 size-medium\" src=\"http:\/\/victoria-rad.de\/wp-content\/uploads\/2019\/02\/4C1C7E7B-112E-4D85-8A73-6569B84DF83D-300x225.jpg\" alt=\"\" width=\"300\" height=\"225\" srcset=\"http:\/\/victoria-rad.de\/wp-content\/uploads\/2019\/02\/4C1C7E7B-112E-4D85-8A73-6569B84DF83D-300x225.jpg 300w, http:\/\/victoria-rad.de\/wp-content\/uploads\/2019\/02\/4C1C7E7B-112E-4D85-8A73-6569B84DF83D-150x113.jpg 150w, http:\/\/victoria-rad.de\/wp-content\/uploads\/2019\/02\/4C1C7E7B-112E-4D85-8A73-6569B84DF83D-768x576.jpg 768w, http:\/\/victoria-rad.de\/wp-content\/uploads\/2019\/02\/4C1C7E7B-112E-4D85-8A73-6569B84DF83D.jpg 1024w\" sizes=\"auto, (max-width: 300px) 100vw, 300px\" \/><\/a><\/p>\n<p>Damenrad V 176 L:<\/p>\n<p><a href=\"http:\/\/victoria-rad.de\/wp-content\/uploads\/2019\/02\/V176-L.jpg\" target=\"_blank\" rel=\"noopener noreferrer\"><img loading=\"lazy\" decoding=\"async\" class=\"aligncenter wp-image-3683 size-medium\" src=\"http:\/\/victoria-rad.de\/wp-content\/uploads\/2019\/02\/V176-L-300x203.jpg\" alt=\"\" width=\"300\" height=\"203\" srcset=\"http:\/\/victoria-rad.de\/wp-content\/uploads\/2019\/02\/V176-L-300x203.jpg 300w, http:\/\/victoria-rad.de\/wp-content\/uploads\/2019\/02\/V176-L-150x102.jpg 150w, http:\/\/victoria-rad.de\/wp-content\/uploads\/2019\/02\/V176-L-768x520.jpg 768w, http:\/\/victoria-rad.de\/wp-content\/uploads\/2019\/02\/V176-L-1024x694.jpg 1024w\" sizes=\"auto, (max-width: 300px) 100vw, 300px\" \/><\/a><\/p>\n<p>Das folgende Bild zeigt einen Auszug aus dem Film &#8222;Immer die Radfahrer&#8220; von der Deutsche Film-Hansa GmbH + Co mit den ber\u00fchmten Schauspielern Heinz Erhardt, Joachim Kulenkampff und Wolf Albach-Retty, nat\u00fcrlich auf &#8222;Victoria-Fahrr\u00e4dern&#8220;. Dieser Film wird auch heute noch gelegentlich im Fernsehprogramm abgespielt:<\/p>\n<p><a href=\"http:\/\/victoria-rad.de\/wp-content\/uploads\/2019\/02\/IMG_20150729_0016.jpg\" target=\"_blank\" rel=\"noopener noreferrer\"><img loading=\"lazy\" decoding=\"async\" class=\"aligncenter wp-image-3663 size-medium\" src=\"http:\/\/victoria-rad.de\/wp-content\/uploads\/2019\/02\/IMG_20150729_0016-300x207.jpg\" alt=\"\" width=\"300\" height=\"207\" srcset=\"http:\/\/victoria-rad.de\/wp-content\/uploads\/2019\/02\/IMG_20150729_0016-300x207.jpg 300w, http:\/\/victoria-rad.de\/wp-content\/uploads\/2019\/02\/IMG_20150729_0016-150x103.jpg 150w, http:\/\/victoria-rad.de\/wp-content\/uploads\/2019\/02\/IMG_20150729_0016-768x530.jpg 768w, http:\/\/victoria-rad.de\/wp-content\/uploads\/2019\/02\/IMG_20150729_0016-1024x706.jpg 1024w\" sizes=\"auto, (max-width: 300px) 100vw, 300px\" \/><\/a><\/p>\n<p><a href=\"http:\/\/victoria-rad.de\/wp-content\/uploads\/2019\/02\/Victoria-Buch-Bilder-063.jpg\" target=\"_blank\" rel=\"noopener noreferrer\"><img loading=\"lazy\" decoding=\"async\" class=\"aligncenter wp-image-3684 size-medium\" src=\"http:\/\/victoria-rad.de\/wp-content\/uploads\/2019\/02\/Victoria-Buch-Bilder-063-300x125.jpg\" alt=\"\" width=\"300\" height=\"125\" srcset=\"http:\/\/victoria-rad.de\/wp-content\/uploads\/2019\/02\/Victoria-Buch-Bilder-063-300x125.jpg 300w, http:\/\/victoria-rad.de\/wp-content\/uploads\/2019\/02\/Victoria-Buch-Bilder-063-150x63.jpg 150w, http:\/\/victoria-rad.de\/wp-content\/uploads\/2019\/02\/Victoria-Buch-Bilder-063-768x321.jpg 768w, http:\/\/victoria-rad.de\/wp-content\/uploads\/2019\/02\/Victoria-Buch-Bilder-063-1024x428.jpg 1024w\" sizes=\"auto, (max-width: 300px) 100vw, 300px\" \/><\/a><\/p>\n<p><a href=\"http:\/\/victoria-rad.de\/wp-content\/uploads\/2019\/02\/Victoria-Buch-Bilder-810.jpg\" target=\"_blank\" rel=\"noopener noreferrer\"><img loading=\"lazy\" decoding=\"async\" class=\"aligncenter wp-image-3685 size-medium\" src=\"http:\/\/victoria-rad.de\/wp-content\/uploads\/2019\/02\/Victoria-Buch-Bilder-810-300x213.jpg\" alt=\"\" width=\"300\" height=\"213\" srcset=\"http:\/\/victoria-rad.de\/wp-content\/uploads\/2019\/02\/Victoria-Buch-Bilder-810-300x213.jpg 300w, http:\/\/victoria-rad.de\/wp-content\/uploads\/2019\/02\/Victoria-Buch-Bilder-810-150x107.jpg 150w, http:\/\/victoria-rad.de\/wp-content\/uploads\/2019\/02\/Victoria-Buch-Bilder-810-768x546.jpg 768w, http:\/\/victoria-rad.de\/wp-content\/uploads\/2019\/02\/Victoria-Buch-Bilder-810-1024x728.jpg 1024w\" sizes=\"auto, (max-width: 300px) 100vw, 300px\" \/><\/a><br \/>\n<img loading=\"lazy\" decoding=\"async\" class=\"alignnone size-medium wp-image-3365 aligncenter\" src=\"http:\/\/victoria-rad.de\/wp-content\/uploads\/2019\/01\/58-1-300x14.png\" alt=\"\" width=\"300\" height=\"14\" srcset=\"http:\/\/victoria-rad.de\/wp-content\/uploads\/2019\/01\/58-1-300x14.png 300w, http:\/\/victoria-rad.de\/wp-content\/uploads\/2019\/01\/58-1-150x7.png 150w, http:\/\/victoria-rad.de\/wp-content\/uploads\/2019\/01\/58-1.png 501w\" sizes=\"auto, (max-width: 300px) 100vw, 300px\" \/><\/p>\n","protected":false},"excerpt":{"rendered":"<p>Im folgenden Beitrag werden die neuesten Fahrrad &#8211; Modelle der &#8222;F\u00fcnfziger Jahre&#8220; vorgestellt. Sicherlich wurde die Linie der Vorkriegs und Nachkriegsjahre beibehalten, aber es kamen neue moderne Formen der Rahmen dazu. Aufgrund von Materialmangel nach dem Krieg hat Victoria ein neues Leichtlauftretlager konstruiert, was aber gr\u00fcndlich misslang. Da einige Wellen brachen und das f\u00fcr die &hellip; <a href=\"http:\/\/victoria-rad.de\/?p=3646\" class=\"more-link\"><span class=\"screen-reader-text\">Fahrrad &#8211; Victoria &#8211; die Fahrr\u00e4der der F\u00fcnfziger Jahre&#8230;<\/span> weiterlesen<\/a><\/p>\n","protected":false},"author":1,"featured_media":0,"comment_status":"open","ping_status":"open","sticky":false,"template":"","format":"standard","meta":{"footnotes":""},"categories":[1],"tags":[],"class_list":["post-3646","post","type-post","status-publish","format-standard","hentry","category-uncategorized"],"_links":{"self":[{"href":"http:\/\/victoria-rad.de\/index.php?rest_route=\/wp\/v2\/posts\/3646","targetHints":{"allow":["GET"]}}],"collection":[{"href":"http:\/\/victoria-rad.de\/index.php?rest_route=\/wp\/v2\/posts"}],"about":[{"href":"http:\/\/victoria-rad.de\/index.php?rest_route=\/wp\/v2\/types\/post"}],"author":[{"embeddable":true,"href":"http:\/\/victoria-rad.de\/index.php?rest_route=\/wp\/v2\/users\/1"}],"replies":[{"embeddable":true,"href":"http:\/\/victoria-rad.de\/index.php?rest_route=%2Fwp%2Fv2%2Fcomments&post=3646"}],"version-history":[{"count":12,"href":"http:\/\/victoria-rad.de\/index.php?rest_route=\/wp\/v2\/posts\/3646\/revisions"}],"predecessor-version":[{"id":7548,"href":"http:\/\/victoria-rad.de\/index.php?rest_route=\/wp\/v2\/posts\/3646\/revisions\/7548"}],"wp:attachment":[{"href":"http:\/\/victoria-rad.de\/index.php?rest_route=%2Fwp%2Fv2%2Fmedia&parent=3646"}],"wp:term":[{"taxonomy":"category","embeddable":true,"href":"http:\/\/victoria-rad.de\/index.php?rest_route=%2Fwp%2Fv2%2Fcategories&post=3646"},{"taxonomy":"post_tag","embeddable":true,"href":"http:\/\/victoria-rad.de\/index.php?rest_route=%2Fwp%2Fv2%2Ftags&post=3646"}],"curies":[{"name":"wp","href":"https:\/\/api.w.org\/{rel}","templated":true}]}}