{"id":4613,"date":"2019-07-19T14:42:26","date_gmt":"2019-07-19T14:42:26","guid":{"rendered":"http:\/\/victoria-rad.de\/?p=4613"},"modified":"2020-01-29T16:06:16","modified_gmt":"2020-01-29T16:06:16","slug":"victoria-luxus-ab-1958","status":"publish","type":"post","link":"http:\/\/victoria-rad.de\/?p=4613","title":{"rendered":"Moped &#8211; Victoria &#8211; Luxus ab 1958&#8230;"},"content":{"rendered":"<p><a href=\"http:\/\/victoria-rad.de\/wp-content\/uploads\/2019\/07\/IMG_20190702_0001.jpg\" target=\"_blank\" rel=\"noopener noreferrer\"><img loading=\"lazy\" decoding=\"async\" class=\"aligncenter wp-image-4614 size-medium\" src=\"http:\/\/victoria-rad.de\/wp-content\/uploads\/2019\/07\/IMG_20190702_0001-209x300.jpg\" alt=\"\" width=\"209\" height=\"300\" srcset=\"http:\/\/victoria-rad.de\/wp-content\/uploads\/2019\/07\/IMG_20190702_0001-209x300.jpg 209w, http:\/\/victoria-rad.de\/wp-content\/uploads\/2019\/07\/IMG_20190702_0001-104x150.jpg 104w, http:\/\/victoria-rad.de\/wp-content\/uploads\/2019\/07\/IMG_20190702_0001.jpg 557w\" sizes=\"auto, (max-width: 209px) 100vw, 209px\" \/><\/a>Ab 1958, also bereits unter der Regie der &#8222;Zweirad-Union&#8220;, hat man das Luxus Modell gefertigt. Man erkennt die Fortf\u00fchrung der Vicky IV Linie, speziell von der Vicky IV E ist viel \u00fcbernommen worden, wie Fahrwerk, der Cockpit-Lenker bis zum Gep\u00e4cktr\u00e4ger. Am auff\u00e4lligsten sind die vorderen Sto\u00dfd\u00e4mpfer, die die anf\u00e4lligen Gummiteile mit Federn ersetzt haben. Durch die Bereifung inklusive Wei\u00dfwandreifen der Gr\u00f6\u00dfe 23 x 2,25 war eine Verbreiterung der Kotfl\u00fcgel notwendig !<\/p>\n<p>Originale Victoria &#8211; Luxus:<\/p>\n<p style=\"text-align: center;\"><a href=\"http:\/\/victoria-rad.de\/wp-content\/uploads\/2019\/07\/P1030102.png\" target=\"_blank\" rel=\"noopener noreferrer\"><img loading=\"lazy\" decoding=\"async\" class=\"aligncenter wp-image-4617 size-medium\" src=\"http:\/\/victoria-rad.de\/wp-content\/uploads\/2019\/07\/P1030102-300x225.png\" alt=\"\" width=\"300\" height=\"225\" srcset=\"http:\/\/victoria-rad.de\/wp-content\/uploads\/2019\/07\/P1030102-300x225.png 300w, http:\/\/victoria-rad.de\/wp-content\/uploads\/2019\/07\/P1030102-150x113.png 150w, http:\/\/victoria-rad.de\/wp-content\/uploads\/2019\/07\/P1030102-768x576.png 768w, http:\/\/victoria-rad.de\/wp-content\/uploads\/2019\/07\/P1030102.png 800w\" sizes=\"auto, (max-width: 300px) 100vw, 300px\" \/><\/a><a href=\"http:\/\/victoria-rad.de\/wp-content\/uploads\/2019\/07\/P1030100.png\" target=\"_blank\" rel=\"noopener noreferrer\"><img loading=\"lazy\" decoding=\"async\" class=\"aligncenter wp-image-4618 size-medium\" src=\"http:\/\/victoria-rad.de\/wp-content\/uploads\/2019\/07\/P1030100-300x225.png\" alt=\"\" width=\"300\" height=\"225\" srcset=\"http:\/\/victoria-rad.de\/wp-content\/uploads\/2019\/07\/P1030100-300x225.png 300w, http:\/\/victoria-rad.de\/wp-content\/uploads\/2019\/07\/P1030100-150x113.png 150w, http:\/\/victoria-rad.de\/wp-content\/uploads\/2019\/07\/P1030100-768x576.png 768w, http:\/\/victoria-rad.de\/wp-content\/uploads\/2019\/07\/P1030100.png 800w\" sizes=\"auto, (max-width: 300px) 100vw, 300px\" \/><\/a>anstelle des Schwingsattels hat man bei diesem Modell eine Sitzbank montiert!<\/p>\n<p style=\"text-align: center;\"><a href=\"http:\/\/victoria-rad.de\/wp-content\/uploads\/2019\/07\/P1030103.png\" target=\"_blank\" rel=\"noopener noreferrer\"><img loading=\"lazy\" decoding=\"async\" class=\"aligncenter wp-image-4620 size-medium\" src=\"http:\/\/victoria-rad.de\/wp-content\/uploads\/2019\/07\/P1030103-300x225.png\" alt=\"\" width=\"300\" height=\"225\" srcset=\"http:\/\/victoria-rad.de\/wp-content\/uploads\/2019\/07\/P1030103-300x225.png 300w, http:\/\/victoria-rad.de\/wp-content\/uploads\/2019\/07\/P1030103-150x113.png 150w, http:\/\/victoria-rad.de\/wp-content\/uploads\/2019\/07\/P1030103-768x576.png 768w, http:\/\/victoria-rad.de\/wp-content\/uploads\/2019\/07\/P1030103.png 800w\" sizes=\"auto, (max-width: 300px) 100vw, 300px\" \/><\/a>Die Tankschalen stammen von der Vicky-Standard. Typisch f\u00fcr das Modell auch das gro\u00dfe Emblem auf der Steuerkopfverkleidung.<\/p>\n<p style=\"text-align: center;\"><a href=\"http:\/\/victoria-rad.de\/wp-content\/uploads\/2019\/07\/S22C-113062513100.jpg\" target=\"_blank\" rel=\"noopener noreferrer\"><img loading=\"lazy\" decoding=\"async\" class=\"aligncenter wp-image-4621 size-medium\" src=\"http:\/\/victoria-rad.de\/wp-content\/uploads\/2019\/07\/S22C-113062513100-300x131.jpg\" alt=\"\" width=\"300\" height=\"131\" srcset=\"http:\/\/victoria-rad.de\/wp-content\/uploads\/2019\/07\/S22C-113062513100-300x131.jpg 300w, http:\/\/victoria-rad.de\/wp-content\/uploads\/2019\/07\/S22C-113062513100-150x66.jpg 150w, http:\/\/victoria-rad.de\/wp-content\/uploads\/2019\/07\/S22C-113062513100-768x336.jpg 768w, http:\/\/victoria-rad.de\/wp-content\/uploads\/2019\/07\/S22C-113062513100.jpg 800w\" sizes=\"auto, (max-width: 300px) 100vw, 300px\" \/><\/a><a href=\"http:\/\/victoria-rad.de\/wp-content\/uploads\/2019\/07\/S22C-113062513100-Kopie.jpg\" target=\"_blank\" rel=\"noopener noreferrer\"><img loading=\"lazy\" decoding=\"async\" class=\"aligncenter wp-image-4622 size-medium\" src=\"http:\/\/victoria-rad.de\/wp-content\/uploads\/2019\/07\/S22C-113062513100-Kopie-142x300.jpg\" alt=\"\" width=\"142\" height=\"300\" srcset=\"http:\/\/victoria-rad.de\/wp-content\/uploads\/2019\/07\/S22C-113062513100-Kopie-142x300.jpg 142w, http:\/\/victoria-rad.de\/wp-content\/uploads\/2019\/07\/S22C-113062513100-Kopie-71x150.jpg 71w, http:\/\/victoria-rad.de\/wp-content\/uploads\/2019\/07\/S22C-113062513100-Kopie.jpg 379w\" sizes=\"auto, (max-width: 142px) 100vw, 142px\" \/><\/a>Genug Platz f\u00fcr Koffer und Tasche.<\/p>\n<p><a href=\"http:\/\/victoria-rad.de\/wp-content\/uploads\/2019\/07\/Vicky-L.png\" target=\"_blank\" rel=\"noopener noreferrer\"><img loading=\"lazy\" decoding=\"async\" class=\"aligncenter wp-image-4623 size-medium\" src=\"http:\/\/victoria-rad.de\/wp-content\/uploads\/2019\/07\/Vicky-L-300x157.png\" alt=\"\" width=\"300\" height=\"157\" srcset=\"http:\/\/victoria-rad.de\/wp-content\/uploads\/2019\/07\/Vicky-L-300x157.png 300w, http:\/\/victoria-rad.de\/wp-content\/uploads\/2019\/07\/Vicky-L-150x79.png 150w, http:\/\/victoria-rad.de\/wp-content\/uploads\/2019\/07\/Vicky-L-768x402.png 768w, http:\/\/victoria-rad.de\/wp-content\/uploads\/2019\/07\/Vicky-L.png 800w\" sizes=\"auto, (max-width: 300px) 100vw, 300px\" \/><\/a>Die Vicky L war ein recht gelungenes Moped mit dem Motor der Vorg\u00e4nger, ebenfalls mit Zwei oder gegen Aufpreis dem Dreiganggetriebe. Hier und da eine Chromleiste auf den Schwingen oder der verchromte Sturzb\u00fcgel, der Schwingsattel in der wei\u00dfen Farbe, Grundfarbe Adriablau mit den Applikationen in Hanfbeige machten das Moped zum Hingucker. Trotz des stattlichen Preises von ca. 700.- DM verkauften sich um die 42000 Modelle.<\/p>\n<p><a href=\"http:\/\/victoria-rad.de\/wp-content\/uploads\/2019\/07\/IMG_20190703_00012-Kopie.jpg\" target=\"_blank\" rel=\"noopener noreferrer\"><img loading=\"lazy\" decoding=\"async\" class=\"aligncenter wp-image-4627 size-medium\" src=\"http:\/\/victoria-rad.de\/wp-content\/uploads\/2019\/07\/IMG_20190703_00012-Kopie-300x280.jpg\" alt=\"\" width=\"300\" height=\"280\" srcset=\"http:\/\/victoria-rad.de\/wp-content\/uploads\/2019\/07\/IMG_20190703_00012-Kopie-300x280.jpg 300w, http:\/\/victoria-rad.de\/wp-content\/uploads\/2019\/07\/IMG_20190703_00012-Kopie-150x140.jpg 150w, http:\/\/victoria-rad.de\/wp-content\/uploads\/2019\/07\/IMG_20190703_00012-Kopie-768x716.jpg 768w, http:\/\/victoria-rad.de\/wp-content\/uploads\/2019\/07\/IMG_20190703_00012-Kopie.jpg 800w\" sizes=\"auto, (max-width: 300px) 100vw, 300px\" \/><\/a><a href=\"http:\/\/victoria-rad.de\/wp-content\/uploads\/2019\/07\/IMG_20190703_00012-Kopie-3.jpg\" target=\"_blank\" rel=\"noopener noreferrer\"><img loading=\"lazy\" decoding=\"async\" class=\"aligncenter wp-image-4628 size-medium\" src=\"http:\/\/victoria-rad.de\/wp-content\/uploads\/2019\/07\/IMG_20190703_00012-Kopie-3-300x188.jpg\" alt=\"\" width=\"300\" height=\"188\" srcset=\"http:\/\/victoria-rad.de\/wp-content\/uploads\/2019\/07\/IMG_20190703_00012-Kopie-3-300x188.jpg 300w, http:\/\/victoria-rad.de\/wp-content\/uploads\/2019\/07\/IMG_20190703_00012-Kopie-3-150x94.jpg 150w, http:\/\/victoria-rad.de\/wp-content\/uploads\/2019\/07\/IMG_20190703_00012-Kopie-3-768x482.jpg 768w, http:\/\/victoria-rad.de\/wp-content\/uploads\/2019\/07\/IMG_20190703_00012-Kopie-3.jpg 800w\" sizes=\"auto, (max-width: 300px) 100vw, 300px\" \/><\/a><a href=\"http:\/\/victoria-rad.de\/wp-content\/uploads\/2019\/07\/IMG_20190703_00012-Kopie-4.jpg\" target=\"_blank\" rel=\"noopener noreferrer\"><img loading=\"lazy\" decoding=\"async\" class=\"aligncenter wp-image-4629 size-medium\" src=\"http:\/\/victoria-rad.de\/wp-content\/uploads\/2019\/07\/IMG_20190703_00012-Kopie-4-300x191.jpg\" alt=\"\" width=\"300\" height=\"191\" srcset=\"http:\/\/victoria-rad.de\/wp-content\/uploads\/2019\/07\/IMG_20190703_00012-Kopie-4-300x191.jpg 300w, http:\/\/victoria-rad.de\/wp-content\/uploads\/2019\/07\/IMG_20190703_00012-Kopie-4-150x96.jpg 150w, http:\/\/victoria-rad.de\/wp-content\/uploads\/2019\/07\/IMG_20190703_00012-Kopie-4-768x490.jpg 768w, http:\/\/victoria-rad.de\/wp-content\/uploads\/2019\/07\/IMG_20190703_00012-Kopie-4.jpg 800w\" sizes=\"auto, (max-width: 300px) 100vw, 300px\" \/><\/a>Technische Daten:<\/p>\n<p><a href=\"http:\/\/victoria-rad.de\/wp-content\/uploads\/2019\/07\/IMG_20190703_00012-Kopie-5.jpg\" target=\"_blank\" rel=\"noopener noreferrer\"><img loading=\"lazy\" decoding=\"async\" class=\"aligncenter wp-image-4630 size-medium\" src=\"http:\/\/victoria-rad.de\/wp-content\/uploads\/2019\/07\/IMG_20190703_00012-Kopie-5-300x171.jpg\" alt=\"\" width=\"300\" height=\"171\" srcset=\"http:\/\/victoria-rad.de\/wp-content\/uploads\/2019\/07\/IMG_20190703_00012-Kopie-5-300x171.jpg 300w, http:\/\/victoria-rad.de\/wp-content\/uploads\/2019\/07\/IMG_20190703_00012-Kopie-5-150x86.jpg 150w, http:\/\/victoria-rad.de\/wp-content\/uploads\/2019\/07\/IMG_20190703_00012-Kopie-5-768x439.jpg 768w, http:\/\/victoria-rad.de\/wp-content\/uploads\/2019\/07\/IMG_20190703_00012-Kopie-5.jpg 800w\" sizes=\"auto, (max-width: 300px) 100vw, 300px\" \/><\/a><a href=\"http:\/\/victoria-rad.de\/wp-content\/uploads\/2019\/07\/IMG_20190703_00012-Kopie-6.jpg\" target=\"_blank\" rel=\"noopener noreferrer\"><img loading=\"lazy\" decoding=\"async\" class=\"aligncenter wp-image-4631 size-medium\" src=\"http:\/\/victoria-rad.de\/wp-content\/uploads\/2019\/07\/IMG_20190703_00012-Kopie-6-300x170.jpg\" alt=\"\" width=\"300\" height=\"170\" srcset=\"http:\/\/victoria-rad.de\/wp-content\/uploads\/2019\/07\/IMG_20190703_00012-Kopie-6-300x170.jpg 300w, http:\/\/victoria-rad.de\/wp-content\/uploads\/2019\/07\/IMG_20190703_00012-Kopie-6-150x85.jpg 150w, http:\/\/victoria-rad.de\/wp-content\/uploads\/2019\/07\/IMG_20190703_00012-Kopie-6-768x434.jpg 768w, http:\/\/victoria-rad.de\/wp-content\/uploads\/2019\/07\/IMG_20190703_00012-Kopie-6.jpg 800w\" sizes=\"auto, (max-width: 300px) 100vw, 300px\" \/><\/a><a href=\"http:\/\/victoria-rad.de\/wp-content\/uploads\/2019\/07\/IMG_20190703_00012-Kopie-2.jpg\" target=\"_blank\" rel=\"noopener noreferrer\"><img loading=\"lazy\" decoding=\"async\" class=\"aligncenter wp-image-4632 size-medium\" src=\"http:\/\/victoria-rad.de\/wp-content\/uploads\/2019\/07\/IMG_20190703_00012-Kopie-2-264x300.jpg\" alt=\"\" width=\"264\" height=\"300\" srcset=\"http:\/\/victoria-rad.de\/wp-content\/uploads\/2019\/07\/IMG_20190703_00012-Kopie-2-264x300.jpg 264w, http:\/\/victoria-rad.de\/wp-content\/uploads\/2019\/07\/IMG_20190703_00012-Kopie-2-132x150.jpg 132w, http:\/\/victoria-rad.de\/wp-content\/uploads\/2019\/07\/IMG_20190703_00012-Kopie-2.jpg 704w\" sizes=\"auto, (max-width: 264px) 100vw, 264px\" \/><\/a><\/p>\n<p><a href=\"http:\/\/victoria-rad.de\/wp-content\/uploads\/2019\/07\/IMG_20190702_0001-1.jpg\" target=\"_blank\" rel=\"noopener noreferrer\"><img loading=\"lazy\" decoding=\"async\" class=\"aligncenter wp-image-4624 size-medium\" src=\"http:\/\/victoria-rad.de\/wp-content\/uploads\/2019\/07\/IMG_20190702_0001-1-300x85.jpg\" alt=\"\" width=\"300\" height=\"85\" srcset=\"http:\/\/victoria-rad.de\/wp-content\/uploads\/2019\/07\/IMG_20190702_0001-1-300x85.jpg 300w, http:\/\/victoria-rad.de\/wp-content\/uploads\/2019\/07\/IMG_20190702_0001-1-150x42.jpg 150w, http:\/\/victoria-rad.de\/wp-content\/uploads\/2019\/07\/IMG_20190702_0001-1.jpg 557w\" sizes=\"auto, (max-width: 300px) 100vw, 300px\" \/><\/a><br \/>\n<img loading=\"lazy\" decoding=\"async\" class=\"alignnone size-medium wp-image-4625 aligncenter\" src=\"http:\/\/victoria-rad.de\/wp-content\/uploads\/2019\/07\/58-300x14.png\" alt=\"\" width=\"300\" height=\"14\" srcset=\"http:\/\/victoria-rad.de\/wp-content\/uploads\/2019\/07\/58-300x14.png 300w, http:\/\/victoria-rad.de\/wp-content\/uploads\/2019\/07\/58-150x7.png 150w, http:\/\/victoria-rad.de\/wp-content\/uploads\/2019\/07\/58.png 501w\" sizes=\"auto, (max-width: 300px) 100vw, 300px\" \/><\/p>\n","protected":false},"excerpt":{"rendered":"<p>Ab 1958, also bereits unter der Regie der &#8222;Zweirad-Union&#8220;, hat man das Luxus Modell gefertigt. Man erkennt die Fortf\u00fchrung der Vicky IV Linie, speziell von der Vicky IV E ist viel \u00fcbernommen worden, wie Fahrwerk, der Cockpit-Lenker bis zum Gep\u00e4cktr\u00e4ger. Am auff\u00e4lligsten sind die vorderen Sto\u00dfd\u00e4mpfer, die die anf\u00e4lligen Gummiteile mit Federn ersetzt haben. Durch &hellip; <a href=\"http:\/\/victoria-rad.de\/?p=4613\" class=\"more-link\"><span class=\"screen-reader-text\">Moped &#8211; Victoria &#8211; Luxus ab 1958&#8230;<\/span> weiterlesen<\/a><\/p>\n","protected":false},"author":1,"featured_media":0,"comment_status":"open","ping_status":"open","sticky":false,"template":"","format":"standard","meta":{"footnotes":""},"categories":[1],"tags":[],"class_list":["post-4613","post","type-post","status-publish","format-standard","hentry","category-uncategorized"],"_links":{"self":[{"href":"http:\/\/victoria-rad.de\/index.php?rest_route=\/wp\/v2\/posts\/4613","targetHints":{"allow":["GET"]}}],"collection":[{"href":"http:\/\/victoria-rad.de\/index.php?rest_route=\/wp\/v2\/posts"}],"about":[{"href":"http:\/\/victoria-rad.de\/index.php?rest_route=\/wp\/v2\/types\/post"}],"author":[{"embeddable":true,"href":"http:\/\/victoria-rad.de\/index.php?rest_route=\/wp\/v2\/users\/1"}],"replies":[{"embeddable":true,"href":"http:\/\/victoria-rad.de\/index.php?rest_route=%2Fwp%2Fv2%2Fcomments&post=4613"}],"version-history":[{"count":6,"href":"http:\/\/victoria-rad.de\/index.php?rest_route=\/wp\/v2\/posts\/4613\/revisions"}],"predecessor-version":[{"id":7584,"href":"http:\/\/victoria-rad.de\/index.php?rest_route=\/wp\/v2\/posts\/4613\/revisions\/7584"}],"wp:attachment":[{"href":"http:\/\/victoria-rad.de\/index.php?rest_route=%2Fwp%2Fv2%2Fmedia&parent=4613"}],"wp:term":[{"taxonomy":"category","embeddable":true,"href":"http:\/\/victoria-rad.de\/index.php?rest_route=%2Fwp%2Fv2%2Fcategories&post=4613"},{"taxonomy":"post_tag","embeddable":true,"href":"http:\/\/victoria-rad.de\/index.php?rest_route=%2Fwp%2Fv2%2Ftags&post=4613"}],"curies":[{"name":"wp","href":"https:\/\/api.w.org\/{rel}","templated":true}]}}