{"id":5250,"date":"2019-09-06T15:11:23","date_gmt":"2019-09-06T15:11:23","guid":{"rendered":"http:\/\/victoria-rad.de\/?p=5250"},"modified":"2020-01-29T17:00:43","modified_gmt":"2020-01-29T17:00:43","slug":"victoria-vertretung-in-harbin-mandschurei","status":"publish","type":"post","link":"http:\/\/victoria-rad.de\/?p=5250","title":{"rendered":"Motorrad &#8211; Victoria &#8211; Vertretung in Harbin\/Mandschurei"},"content":{"rendered":"<p><strong>Originalprospekt &#8211; Victoria im fernen Osten:<\/strong><\/p>\n<p><a href=\"http:\/\/victoria-rad.de\/wp-content\/uploads\/2019\/09\/Image00013-Kopie-7.jpg\" target=\"_blank\" rel=\"noopener noreferrer\"><img loading=\"lazy\" decoding=\"async\" class=\"aligncenter wp-image-5273 size-medium\" src=\"http:\/\/victoria-rad.de\/wp-content\/uploads\/2019\/09\/Image00013-Kopie-7-300x71.jpg\" alt=\"\" width=\"300\" height=\"71\" srcset=\"http:\/\/victoria-rad.de\/wp-content\/uploads\/2019\/09\/Image00013-Kopie-7-300x71.jpg 300w, http:\/\/victoria-rad.de\/wp-content\/uploads\/2019\/09\/Image00013-Kopie-7-150x36.jpg 150w, http:\/\/victoria-rad.de\/wp-content\/uploads\/2019\/09\/Image00013-Kopie-7.jpg 358w\" sizes=\"auto, (max-width: 300px) 100vw, 300px\" \/><\/a><a href=\"http:\/\/victoria-rad.de\/wp-content\/uploads\/2019\/09\/Image00013-1.jpg\" target=\"_blank\" rel=\"noopener noreferrer\"><img loading=\"lazy\" decoding=\"async\" class=\"aligncenter wp-image-5274 size-full\" src=\"http:\/\/victoria-rad.de\/wp-content\/uploads\/2019\/09\/Image00013-1.jpg\" alt=\"\" width=\"90\" height=\"111\" \/><\/a><a href=\"http:\/\/victoria-rad.de\/wp-content\/uploads\/2019\/09\/Image00013-Kopie-8.jpg\" target=\"_blank\" rel=\"noopener noreferrer\"><img loading=\"lazy\" decoding=\"async\" class=\"aligncenter wp-image-5275 size-full\" src=\"http:\/\/victoria-rad.de\/wp-content\/uploads\/2019\/09\/Image00013-Kopie-8.jpg\" alt=\"\" width=\"148\" height=\"186\" srcset=\"http:\/\/victoria-rad.de\/wp-content\/uploads\/2019\/09\/Image00013-Kopie-8.jpg 148w, http:\/\/victoria-rad.de\/wp-content\/uploads\/2019\/09\/Image00013-Kopie-8-119x150.jpg 119w\" sizes=\"auto, (max-width: 148px) 100vw, 148px\" \/><\/a><\/p>\n<p><a href=\"http:\/\/victoria-rad.de\/wp-content\/uploads\/2019\/09\/Image00013.jpg\" target=\"_blank\" rel=\"noopener noreferrer\"><img loading=\"lazy\" decoding=\"async\" class=\"aligncenter wp-image-5251 size-medium\" src=\"http:\/\/victoria-rad.de\/wp-content\/uploads\/2019\/09\/Image00013-300x201.jpg\" alt=\"\" width=\"300\" height=\"201\" srcset=\"http:\/\/victoria-rad.de\/wp-content\/uploads\/2019\/09\/Image00013-300x201.jpg 300w, http:\/\/victoria-rad.de\/wp-content\/uploads\/2019\/09\/Image00013-150x100.jpg 150w, http:\/\/victoria-rad.de\/wp-content\/uploads\/2019\/09\/Image00013-768x514.jpg 768w, http:\/\/victoria-rad.de\/wp-content\/uploads\/2019\/09\/Image00013.jpg 800w\" sizes=\"auto, (max-width: 300px) 100vw, 300px\" \/><\/a><\/p>\n<p>Text:\u00a0 Zum Teil,Victoria IG-Buch.<\/p>\n<p>Die Familie Schander stammt urspr\u00fcnglich aus dem Bodenseeraum und folgte dem Ruf von Katharina der Gro\u00dfen nach Russland auszusiedeln. Von der Wolga bewegten sich die Nachkommen sp\u00e4ter weiter nach Osten und fanden eine neue Heimat in der Mandschurei in der Stadt Harbin. In Harbin gelangte die Familie zu wirtschaftlichen Wohlstand. In dem Hotel, das die Familie in Harbin betrieb, wurden im Parterre Verkaufsr\u00e4ume f\u00fcr Zweir\u00e4der eingerichtet. Ein Sohn der Familie kam in den Zwanziger Jahren f\u00fcr ein Maschinenbaustudium nach Dresden. Er kam in dieser Zeit zu einem Abschluss mit den Victoria Werken f\u00fcr die Generalvertretung in der Mandschurei. Es wurden Fahrr\u00e4der und Motorr\u00e4der , KR20; KR35;- und KRVI-Modelle importiert:<\/p>\n<p style=\"text-align: center;\"><a href=\"http:\/\/victoria-rad.de\/wp-content\/uploads\/2019\/09\/harbin007_2.jpeg\" target=\"_blank\" rel=\"noopener noreferrer\">Foto &#8211; Archiv O. Friedrich.<\/a><a href=\"http:\/\/victoria-rad.de\/wp-content\/uploads\/2019\/09\/harbin007_2.jpeg\" target=\"_blank\" rel=\"noopener noreferrer\"><img loading=\"lazy\" decoding=\"async\" class=\"aligncenter wp-image-5253 size-medium\" src=\"http:\/\/victoria-rad.de\/wp-content\/uploads\/2019\/09\/harbin007_2-300x203.jpeg\" alt=\"\" width=\"300\" height=\"203\" srcset=\"http:\/\/victoria-rad.de\/wp-content\/uploads\/2019\/09\/harbin007_2-300x203.jpeg 300w, http:\/\/victoria-rad.de\/wp-content\/uploads\/2019\/09\/harbin007_2-150x101.jpeg 150w, http:\/\/victoria-rad.de\/wp-content\/uploads\/2019\/09\/harbin007_2-768x518.jpeg 768w, http:\/\/victoria-rad.de\/wp-content\/uploads\/2019\/09\/harbin007_2.jpeg 800w\" sizes=\"auto, (max-width: 300px) 100vw, 300px\" \/><\/a><\/p>\n<p>Wie das Bild zeigt werden Fahrr\u00e4der in Einzelteilen ordentlich verpackt und zum Versand nach Harbin vorbereitet.<\/p>\n<p>Herr Schander bewegte diese Fahrzeuge zu Werbezwecken in Harbin und lie\u00df sich dabei fotografieren. Das folgende Bild zeigt eine Aufstellung von Victoria- Fahrzeugen zu Werbezwecken. In der Mitte dominiert das KR35-Gespann mit dem Sportseitenwagen von &#8222;KALI&#8220;:<\/p>\n<p style=\"text-align: center;\"><a href=\"http:\/\/victoria-rad.de\/wp-content\/uploads\/2019\/09\/harbin028_2.jpeg\" target=\"_blank\" rel=\"noopener noreferrer\"><img loading=\"lazy\" decoding=\"async\" class=\"aligncenter wp-image-5255 size-medium\" src=\"http:\/\/victoria-rad.de\/wp-content\/uploads\/2019\/09\/harbin028_2-300x203.jpeg\" alt=\"\" width=\"300\" height=\"203\" srcset=\"http:\/\/victoria-rad.de\/wp-content\/uploads\/2019\/09\/harbin028_2-300x203.jpeg 300w, http:\/\/victoria-rad.de\/wp-content\/uploads\/2019\/09\/harbin028_2-150x102.jpeg 150w, http:\/\/victoria-rad.de\/wp-content\/uploads\/2019\/09\/harbin028_2-768x520.jpeg 768w, http:\/\/victoria-rad.de\/wp-content\/uploads\/2019\/09\/harbin028_2.jpeg 800w\" sizes=\"auto, (max-width: 300px) 100vw, 300px\" \/><\/a>Foto Archiv: O.Friedrich.<\/p>\n<p><a href=\"http:\/\/victoria-rad.de\/wp-content\/uploads\/2019\/09\/harbin004_2.jpeg\" target=\"_blank\" rel=\"noopener noreferrer\"><img loading=\"lazy\" decoding=\"async\" class=\"aligncenter wp-image-5281 size-medium\" src=\"http:\/\/victoria-rad.de\/wp-content\/uploads\/2019\/09\/harbin004_2-300x229.jpeg\" alt=\"\" width=\"300\" height=\"229\" srcset=\"http:\/\/victoria-rad.de\/wp-content\/uploads\/2019\/09\/harbin004_2-300x229.jpeg 300w, http:\/\/victoria-rad.de\/wp-content\/uploads\/2019\/09\/harbin004_2-150x115.jpeg 150w, http:\/\/victoria-rad.de\/wp-content\/uploads\/2019\/09\/harbin004_2-768x587.jpeg 768w, http:\/\/victoria-rad.de\/wp-content\/uploads\/2019\/09\/harbin004_2.jpeg 800w\" sizes=\"auto, (max-width: 300px) 100vw, 300px\" \/><\/a><\/p>\n<p>Diese Fotografien von Victoria-Gespannen wurden an die Victoria Werke geschickt, und dort entschied man sich, die Aufnahmen f\u00fcr einen Prospekt zu verwenden, der ca. 1930\/31 publiziert wurde. Die Familie Schander vertrieb neben Victoria auch DKW und Harley Davidson.\u00a0 In den Drei\u00dfiger Jahren lie\u00df\u00a0 sich die Familie als Reichsdeutsche mit deutschen Pass eingliedern, weil die Mandschurei mittlerweile ein Spielball der Interessen von Russland, Japan und China geworden war. Die Kriegswirren mit unterschiedlichen Besatzungen f\u00fchrten zur Vertreibung der Familie. \u00dcber eine zweij\u00e4hrige Zwischenstation im Nachkriegsdeutschland \u00fcbersiedelte die Familie schlie\u00dflich in die USA. Ed Schander war im Jahr 2012 auf dem Victoria-Treffen in Helmbrechts. Er wurde durch die Initiative von O. Friedrich zu uns gebracht. Mit einem Vortrag \u00fcber die Ereignisse hat O. Friedrich die ganze Geschichte belegt.<\/p>\n<p style=\"text-align: center;\"><a href=\"http:\/\/victoria-rad.de\/wp-content\/uploads\/2019\/09\/ed.jpeg\" target=\"_blank\" rel=\"noopener noreferrer\"><img loading=\"lazy\" decoding=\"async\" class=\"aligncenter wp-image-5257 size-medium\" src=\"http:\/\/victoria-rad.de\/wp-content\/uploads\/2019\/09\/ed-167x300.jpeg\" alt=\"\" width=\"167\" height=\"300\" srcset=\"http:\/\/victoria-rad.de\/wp-content\/uploads\/2019\/09\/ed-167x300.jpeg 167w, http:\/\/victoria-rad.de\/wp-content\/uploads\/2019\/09\/ed-83x150.jpeg 83w, http:\/\/victoria-rad.de\/wp-content\/uploads\/2019\/09\/ed.jpeg 444w\" sizes=\"auto, (max-width: 167px) 100vw, 167px\" \/><\/a>ED Schander auf der KRVI von O. Friedrich. Ed starb im November 2015.<\/p>\n<p>Shangai &#8211; Chinesische Kraftfahrabteilung auf Victoria-Gespannen:<\/p>\n<p><a href=\"http:\/\/victoria-rad.de\/wp-content\/uploads\/2019\/09\/Image00013-Kopie.jpg\" target=\"_blank\" rel=\"noopener noreferrer\"><img loading=\"lazy\" decoding=\"async\" class=\"aligncenter wp-image-5259 size-full\" src=\"http:\/\/victoria-rad.de\/wp-content\/uploads\/2019\/09\/Image00013-Kopie.jpg\" alt=\"\" width=\"164\" height=\"92\" srcset=\"http:\/\/victoria-rad.de\/wp-content\/uploads\/2019\/09\/Image00013-Kopie.jpg 164w, http:\/\/victoria-rad.de\/wp-content\/uploads\/2019\/09\/Image00013-Kopie-150x84.jpg 150w\" sizes=\"auto, (max-width: 164px) 100vw, 164px\" \/><\/a><\/p>\n<p>Harbin &#8211; Victoria-Fahrer vor dem Tor zum Kloster Ti-Lo-Si:<\/p>\n<p><a href=\"http:\/\/victoria-rad.de\/wp-content\/uploads\/2019\/09\/Image00013-Kopie-2.jpg\" target=\"_blank\" rel=\"noopener noreferrer\"><img loading=\"lazy\" decoding=\"async\" class=\"aligncenter wp-image-5261 size-full\" src=\"http:\/\/victoria-rad.de\/wp-content\/uploads\/2019\/09\/Image00013-Kopie-2.jpg\" alt=\"\" width=\"176\" height=\"103\" srcset=\"http:\/\/victoria-rad.de\/wp-content\/uploads\/2019\/09\/Image00013-Kopie-2.jpg 176w, http:\/\/victoria-rad.de\/wp-content\/uploads\/2019\/09\/Image00013-Kopie-2-150x88.jpg 150w\" sizes=\"auto, (max-width: 176px) 100vw, 176px\" \/><\/a><\/p>\n<p>Shangai &#8211; Chinesisches Milit\u00e4r auf Victoria-Gespann:<\/p>\n<p><a href=\"http:\/\/victoria-rad.de\/wp-content\/uploads\/2019\/09\/Image00013-Kopie-3.jpg\" target=\"_blank\" rel=\"noopener noreferrer\"><img loading=\"lazy\" decoding=\"async\" class=\"aligncenter wp-image-5263 size-full\" src=\"http:\/\/victoria-rad.de\/wp-content\/uploads\/2019\/09\/Image00013-Kopie-3.jpg\" alt=\"\" width=\"150\" height=\"113\" \/><\/a><\/p>\n<p>Harbin &#8211; Victoria-Fahrer zum Kloster TI-Lo-Si:<\/p>\n<p><a href=\"http:\/\/victoria-rad.de\/wp-content\/uploads\/2019\/09\/Image00013-Kopie-4.jpg\" target=\"_blank\" rel=\"noopener noreferrer\"><img loading=\"lazy\" decoding=\"async\" class=\"aligncenter wp-image-5265 size-full\" src=\"http:\/\/victoria-rad.de\/wp-content\/uploads\/2019\/09\/Image00013-Kopie-4.jpg\" alt=\"\" width=\"155\" height=\"113\" srcset=\"http:\/\/victoria-rad.de\/wp-content\/uploads\/2019\/09\/Image00013-Kopie-4.jpg 155w, http:\/\/victoria-rad.de\/wp-content\/uploads\/2019\/09\/Image00013-Kopie-4-150x109.jpg 150w\" sizes=\"auto, (max-width: 155px) 100vw, 155px\" \/><\/a><\/p>\n<p>Kanton &#8211; Victoria-Fahrer im Stra\u00dfengew\u00fchl:<\/p>\n<p><a href=\"http:\/\/victoria-rad.de\/wp-content\/uploads\/2019\/09\/Image00013-Kopie-5.jpg\" target=\"_blank\" rel=\"noopener noreferrer\"><img loading=\"lazy\" decoding=\"async\" class=\"aligncenter wp-image-5268 size-full\" src=\"http:\/\/victoria-rad.de\/wp-content\/uploads\/2019\/09\/Image00013-Kopie-5.jpg\" alt=\"\" width=\"182\" height=\"125\" srcset=\"http:\/\/victoria-rad.de\/wp-content\/uploads\/2019\/09\/Image00013-Kopie-5.jpg 182w, http:\/\/victoria-rad.de\/wp-content\/uploads\/2019\/09\/Image00013-Kopie-5-150x103.jpg 150w\" sizes=\"auto, (max-width: 182px) 100vw, 182px\" \/><\/a><\/p>\n<p>Harbin &#8211; Blick auf das Kloster Ti-Lo-Si:<\/p>\n<p><a href=\"http:\/\/victoria-rad.de\/wp-content\/uploads\/2019\/09\/Image00013-Kopie-6.jpg\" target=\"_blank\" rel=\"noopener noreferrer\"><img loading=\"lazy\" decoding=\"async\" class=\"aligncenter wp-image-5270 size-full\" src=\"http:\/\/victoria-rad.de\/wp-content\/uploads\/2019\/09\/Image00013-Kopie-6.jpg\" alt=\"\" width=\"117\" height=\"140\" \/><\/a><\/p>\n<p><a href=\"http:\/\/victoria-rad.de\/wp-content\/uploads\/2019\/09\/Image00013.jpg\" target=\"_blank\" rel=\"noopener noreferrer\"><img loading=\"lazy\" decoding=\"async\" class=\"aligncenter wp-image-5251 size-medium\" src=\"http:\/\/victoria-rad.de\/wp-content\/uploads\/2019\/09\/Image00013-300x201.jpg\" alt=\"\" width=\"300\" height=\"201\" srcset=\"http:\/\/victoria-rad.de\/wp-content\/uploads\/2019\/09\/Image00013-300x201.jpg 300w, http:\/\/victoria-rad.de\/wp-content\/uploads\/2019\/09\/Image00013-150x100.jpg 150w, http:\/\/victoria-rad.de\/wp-content\/uploads\/2019\/09\/Image00013-768x514.jpg 768w, http:\/\/victoria-rad.de\/wp-content\/uploads\/2019\/09\/Image00013.jpg 800w\" sizes=\"auto, (max-width: 300px) 100vw, 300px\" \/><\/a><\/p>\n<p>Die letzten 100 Beitr\u00e4ge:<\/p>\n<p><a href=\"http:\/\/victoria-rad.de\/wp-content\/uploads\/2019\/09\/IMG_20190825_0001-1.jpg\" target=\"_blank\" rel=\"noopener noreferrer\"><img loading=\"lazy\" decoding=\"async\" class=\"aligncenter wp-image-5227 size-medium\" src=\"http:\/\/victoria-rad.de\/wp-content\/uploads\/2019\/09\/IMG_20190825_0001-1-224x300.jpg\" alt=\"\" width=\"224\" height=\"300\" srcset=\"http:\/\/victoria-rad.de\/wp-content\/uploads\/2019\/09\/IMG_20190825_0001-1-224x300.jpg 224w, http:\/\/victoria-rad.de\/wp-content\/uploads\/2019\/09\/IMG_20190825_0001-1-112x150.jpg 112w, http:\/\/victoria-rad.de\/wp-content\/uploads\/2019\/09\/IMG_20190825_0001-1-768x1028.jpg 768w, http:\/\/victoria-rad.de\/wp-content\/uploads\/2019\/09\/IMG_20190825_0001-1-765x1024.jpg 765w\" sizes=\"auto, (max-width: 224px) 100vw, 224px\" \/><\/a><\/p>\n<p><img loading=\"lazy\" decoding=\"async\" class=\"alignnone size-medium wp-image-5218 aligncenter\" src=\"http:\/\/victoria-rad.de\/wp-content\/uploads\/2019\/09\/58-1-300x14.png\" alt=\"\" width=\"300\" height=\"14\" srcset=\"http:\/\/victoria-rad.de\/wp-content\/uploads\/2019\/09\/58-1-300x14.png 300w, http:\/\/victoria-rad.de\/wp-content\/uploads\/2019\/09\/58-1-150x7.png 150w, http:\/\/victoria-rad.de\/wp-content\/uploads\/2019\/09\/58-1.png 501w\" sizes=\"auto, (max-width: 300px) 100vw, 300px\" \/><\/p>\n","protected":false},"excerpt":{"rendered":"<p>Originalprospekt &#8211; Victoria im fernen Osten: Text:\u00a0 Zum Teil,Victoria IG-Buch. Die Familie Schander stammt urspr\u00fcnglich aus dem Bodenseeraum und folgte dem Ruf von Katharina der Gro\u00dfen nach Russland auszusiedeln. Von der Wolga bewegten sich die Nachkommen sp\u00e4ter weiter nach Osten und fanden eine neue Heimat in der Mandschurei in der Stadt Harbin. In Harbin gelangte &hellip; <a href=\"http:\/\/victoria-rad.de\/?p=5250\" class=\"more-link\"><span class=\"screen-reader-text\">Motorrad &#8211; Victoria &#8211; Vertretung in Harbin\/Mandschurei<\/span> weiterlesen<\/a><\/p>\n","protected":false},"author":1,"featured_media":0,"comment_status":"open","ping_status":"open","sticky":false,"template":"","format":"standard","meta":{"footnotes":""},"categories":[1],"tags":[],"class_list":["post-5250","post","type-post","status-publish","format-standard","hentry","category-uncategorized"],"_links":{"self":[{"href":"http:\/\/victoria-rad.de\/index.php?rest_route=\/wp\/v2\/posts\/5250","targetHints":{"allow":["GET"]}}],"collection":[{"href":"http:\/\/victoria-rad.de\/index.php?rest_route=\/wp\/v2\/posts"}],"about":[{"href":"http:\/\/victoria-rad.de\/index.php?rest_route=\/wp\/v2\/types\/post"}],"author":[{"embeddable":true,"href":"http:\/\/victoria-rad.de\/index.php?rest_route=\/wp\/v2\/users\/1"}],"replies":[{"embeddable":true,"href":"http:\/\/victoria-rad.de\/index.php?rest_route=%2Fwp%2Fv2%2Fcomments&post=5250"}],"version-history":[{"count":22,"href":"http:\/\/victoria-rad.de\/index.php?rest_route=\/wp\/v2\/posts\/5250\/revisions"}],"predecessor-version":[{"id":7597,"href":"http:\/\/victoria-rad.de\/index.php?rest_route=\/wp\/v2\/posts\/5250\/revisions\/7597"}],"wp:attachment":[{"href":"http:\/\/victoria-rad.de\/index.php?rest_route=%2Fwp%2Fv2%2Fmedia&parent=5250"}],"wp:term":[{"taxonomy":"category","embeddable":true,"href":"http:\/\/victoria-rad.de\/index.php?rest_route=%2Fwp%2Fv2%2Fcategories&post=5250"},{"taxonomy":"post_tag","embeddable":true,"href":"http:\/\/victoria-rad.de\/index.php?rest_route=%2Fwp%2Fv2%2Ftags&post=5250"}],"curies":[{"name":"wp","href":"https:\/\/api.w.org\/{rel}","templated":true}]}}