{"id":6013,"date":"2020-01-10T08:38:58","date_gmt":"2020-01-10T08:38:58","guid":{"rendered":"http:\/\/victoria-rad.de\/?p=6013"},"modified":"2021-05-12T12:19:48","modified_gmt":"2021-05-12T10:19:48","slug":"motorrad-wanderer-werke-was-verbindet-mit-victoria","status":"publish","type":"post","link":"http:\/\/victoria-rad.de\/?p=6013","title":{"rendered":"Motorrad &#8211; Wanderer &#8211; Werke, was verbindet mit Victoria&#8230;"},"content":{"rendered":"<p><strong>Nun ja, Wanderer wurde ein Jahr fr\u00fcher gegr\u00fcndet, also 1885 und Victoria dann 1886&#8230; Die Firmengr\u00fcnder waren die Herren Johann Baptist Winkelhofer und Richard Adolf Jaenicke. Bei Victoria waren auch zwei Herren zu Gange, n\u00e4mlich Max Frankenburger und Max Ottenstein. Beide Firmen besch\u00e4ftigten sich mit dem Bau von Hochr\u00e4dern und dann Fahrr\u00e4dern und deren Reparaturen. Oftmals werden auch die Firmen-Embleme von nicht so sachkundigen Menschen verwechselt, n\u00e4mlich das &#8222;VW&#8220; und das &#8222;WW&#8220;&#8230;<\/strong><\/p>\n<p><strong>Das Firmenlogo der &#8222;Wanderer-Werke&#8220;:<\/strong><\/p>\n<p><a href=\"http:\/\/victoria-rad.de\/wp-content\/uploads\/2019\/11\/IMG_20191102_0001-Kopie-2.jpg\" target=\"_blank\" rel=\"noopener noreferrer\"><img loading=\"lazy\" decoding=\"async\" class=\"aligncenter wp-image-6014 size-medium\" src=\"http:\/\/victoria-rad.de\/wp-content\/uploads\/2019\/11\/IMG_20191102_0001-Kopie-2-300x179.jpg\" alt=\"\" width=\"300\" height=\"179\" srcset=\"http:\/\/victoria-rad.de\/wp-content\/uploads\/2019\/11\/IMG_20191102_0001-Kopie-2-300x179.jpg 300w, http:\/\/victoria-rad.de\/wp-content\/uploads\/2019\/11\/IMG_20191102_0001-Kopie-2-150x90.jpg 150w, http:\/\/victoria-rad.de\/wp-content\/uploads\/2019\/11\/IMG_20191102_0001-Kopie-2.jpg 616w\" sizes=\"auto, (max-width: 300px) 100vw, 300px\" \/><\/a>Der Firmensitz des &#8222;Chemnitzer Veloziped-Depot Winkelhofer &amp; Jaenicke&#8220; war ab 1894 in Sch\u00f6nau bei Chemnitz. Um die Jahrhundertwende war die Firma bereits eines der f\u00fchrenden Unternehmen der Region heran gewachsen. Ebenso wie Victoria hat Wanderer viele eigene Patente in der Fahrradtechnik zu dieser Zeit erarbeitet und erworben.<\/p>\n<p>Der Firmensitz l\u00e4sst schon erkennen, dass es sich um ein bedeutendes Unternehmen handelt:<\/p>\n<p style=\"text-align: center;\"><a href=\"http:\/\/victoria-rad.de\/wp-content\/uploads\/2019\/11\/20191028_113858-Kopie.jpg\" target=\"_blank\" rel=\"noopener noreferrer\"><img loading=\"lazy\" decoding=\"async\" class=\"aligncenter wp-image-6016 size-medium\" src=\"http:\/\/victoria-rad.de\/wp-content\/uploads\/2019\/11\/20191028_113858-Kopie-300x130.jpg\" alt=\"\" width=\"300\" height=\"130\" srcset=\"http:\/\/victoria-rad.de\/wp-content\/uploads\/2019\/11\/20191028_113858-Kopie-300x130.jpg 300w, http:\/\/victoria-rad.de\/wp-content\/uploads\/2019\/11\/20191028_113858-Kopie-150x65.jpg 150w, http:\/\/victoria-rad.de\/wp-content\/uploads\/2019\/11\/20191028_113858-Kopie.jpg 586w\" sizes=\"auto, (max-width: 300px) 100vw, 300px\" \/><\/a>Dazu mehr am Ende des Berichtes&#8230;<\/p>\n<p><a href=\"http:\/\/victoria-rad.de\/wp-content\/uploads\/2019\/11\/IMG_20191102_0001-Kopie.jpg\" target=\"_blank\" rel=\"noopener noreferrer\"><img loading=\"lazy\" decoding=\"async\" class=\"aligncenter wp-image-6017 size-medium\" src=\"http:\/\/victoria-rad.de\/wp-content\/uploads\/2019\/11\/IMG_20191102_0001-Kopie-300x235.jpg\" alt=\"\" width=\"300\" height=\"235\" srcset=\"http:\/\/victoria-rad.de\/wp-content\/uploads\/2019\/11\/IMG_20191102_0001-Kopie-300x235.jpg 300w, http:\/\/victoria-rad.de\/wp-content\/uploads\/2019\/11\/IMG_20191102_0001-Kopie-150x117.jpg 150w, http:\/\/victoria-rad.de\/wp-content\/uploads\/2019\/11\/IMG_20191102_0001-Kopie.jpg 447w\" sizes=\"auto, (max-width: 300px) 100vw, 300px\" \/><\/a><\/p>\n<p>Der Beginn mit Hochr\u00e4dern:<\/p>\n<p style=\"text-align: center;\"><a href=\"http:\/\/victoria-rad.de\/wp-content\/uploads\/2019\/11\/20191024_122241.jpg\" target=\"_blank\" rel=\"noopener noreferrer\"><img loading=\"lazy\" decoding=\"async\" class=\"aligncenter wp-image-6018 size-medium\" src=\"http:\/\/victoria-rad.de\/wp-content\/uploads\/2019\/11\/20191024_122241-186x300.jpg\" alt=\"\" width=\"186\" height=\"300\" srcset=\"http:\/\/victoria-rad.de\/wp-content\/uploads\/2019\/11\/20191024_122241-186x300.jpg 186w, http:\/\/victoria-rad.de\/wp-content\/uploads\/2019\/11\/20191024_122241-93x150.jpg 93w, http:\/\/victoria-rad.de\/wp-content\/uploads\/2019\/11\/20191024_122241.jpg 496w\" sizes=\"auto, (max-width: 186px) 100vw, 186px\" \/><\/a>Originales Hochrad im Museum &#8222;S\u00e4chsische Fahrzeuge&#8220; Chemnitz.<\/p>\n<p>Einige R\u00e4der aus den verschiedenen Epochen:<\/p>\n<p style=\"text-align: center;\"><a href=\"http:\/\/victoria-rad.de\/wp-content\/uploads\/2019\/11\/Hochrad-scaled.jpg\" target=\"_blank\" rel=\"noopener noreferrer\"><img loading=\"lazy\" decoding=\"async\" class=\"aligncenter wp-image-6301 size-medium\" src=\"http:\/\/victoria-rad.de\/wp-content\/uploads\/2019\/11\/Hochrad-300x199.jpg\" alt=\"\" width=\"300\" height=\"199\" srcset=\"http:\/\/victoria-rad.de\/wp-content\/uploads\/2019\/11\/Hochrad-300x199.jpg 300w, http:\/\/victoria-rad.de\/wp-content\/uploads\/2019\/11\/Hochrad-1024x681.jpg 1024w, http:\/\/victoria-rad.de\/wp-content\/uploads\/2019\/11\/Hochrad-150x100.jpg 150w, http:\/\/victoria-rad.de\/wp-content\/uploads\/2019\/11\/Hochrad-768x511.jpg 768w, http:\/\/victoria-rad.de\/wp-content\/uploads\/2019\/11\/Hochrad-1536x1021.jpg 1536w, http:\/\/victoria-rad.de\/wp-content\/uploads\/2019\/11\/Hochrad-2048x1362.jpg 2048w\" sizes=\"auto, (max-width: 300px) 100vw, 300px\" \/><\/a><a href=\"http:\/\/victoria-rad.de\/wp-content\/uploads\/2019\/11\/1882-Niederrad.jpg\" target=\"_blank\" rel=\"noopener noreferrer\"><img loading=\"lazy\" decoding=\"async\" class=\"aligncenter wp-image-6302 size-medium\" src=\"http:\/\/victoria-rad.de\/wp-content\/uploads\/2019\/11\/1882-Niederrad-300x183.jpg\" alt=\"\" width=\"300\" height=\"183\" srcset=\"http:\/\/victoria-rad.de\/wp-content\/uploads\/2019\/11\/1882-Niederrad-300x183.jpg 300w, http:\/\/victoria-rad.de\/wp-content\/uploads\/2019\/11\/1882-Niederrad-150x92.jpg 150w, http:\/\/victoria-rad.de\/wp-content\/uploads\/2019\/11\/1882-Niederrad-768x469.jpg 768w, http:\/\/victoria-rad.de\/wp-content\/uploads\/2019\/11\/1882-Niederrad.jpg 800w\" sizes=\"auto, (max-width: 300px) 100vw, 300px\" \/><\/a>Jahr 1882.<\/p>\n<p style=\"text-align: center;\"><a href=\"http:\/\/victoria-rad.de\/wp-content\/uploads\/2019\/11\/1899-Modell-5.jpg\" target=\"_blank\" rel=\"noopener noreferrer\"><img loading=\"lazy\" decoding=\"async\" class=\"aligncenter wp-image-6303 size-medium\" src=\"http:\/\/victoria-rad.de\/wp-content\/uploads\/2019\/11\/1899-Modell-5-300x180.jpg\" alt=\"\" width=\"300\" height=\"180\" srcset=\"http:\/\/victoria-rad.de\/wp-content\/uploads\/2019\/11\/1899-Modell-5-300x180.jpg 300w, http:\/\/victoria-rad.de\/wp-content\/uploads\/2019\/11\/1899-Modell-5-150x90.jpg 150w, http:\/\/victoria-rad.de\/wp-content\/uploads\/2019\/11\/1899-Modell-5-768x462.jpg 768w, http:\/\/victoria-rad.de\/wp-content\/uploads\/2019\/11\/1899-Modell-5.jpg 800w\" sizes=\"auto, (max-width: 300px) 100vw, 300px\" \/><\/a>Jahr 1899.<\/p>\n<p style=\"text-align: center;\"><a href=\"http:\/\/victoria-rad.de\/wp-content\/uploads\/2019\/11\/1914-Modell-3.jpg\" target=\"_blank\" rel=\"noopener noreferrer\"><img loading=\"lazy\" decoding=\"async\" class=\"aligncenter wp-image-6304 size-medium\" src=\"http:\/\/victoria-rad.de\/wp-content\/uploads\/2019\/11\/1914-Modell-3-300x174.jpg\" alt=\"\" width=\"300\" height=\"174\" srcset=\"http:\/\/victoria-rad.de\/wp-content\/uploads\/2019\/11\/1914-Modell-3-300x174.jpg 300w, http:\/\/victoria-rad.de\/wp-content\/uploads\/2019\/11\/1914-Modell-3-150x87.jpg 150w, http:\/\/victoria-rad.de\/wp-content\/uploads\/2019\/11\/1914-Modell-3-768x445.jpg 768w, http:\/\/victoria-rad.de\/wp-content\/uploads\/2019\/11\/1914-Modell-3.jpg 800w\" sizes=\"auto, (max-width: 300px) 100vw, 300px\" \/><\/a>Jahr 1914.<\/p>\n<p style=\"text-align: center;\"><a href=\"http:\/\/victoria-rad.de\/wp-content\/uploads\/2019\/11\/1928-Modell-6.jpg\" target=\"_blank\" rel=\"noopener noreferrer\"><img loading=\"lazy\" decoding=\"async\" class=\"aligncenter wp-image-6305 size-medium\" src=\"http:\/\/victoria-rad.de\/wp-content\/uploads\/2019\/11\/1928-Modell-6-300x192.jpg\" alt=\"\" width=\"300\" height=\"192\" srcset=\"http:\/\/victoria-rad.de\/wp-content\/uploads\/2019\/11\/1928-Modell-6-300x192.jpg 300w, http:\/\/victoria-rad.de\/wp-content\/uploads\/2019\/11\/1928-Modell-6-150x96.jpg 150w, http:\/\/victoria-rad.de\/wp-content\/uploads\/2019\/11\/1928-Modell-6-768x491.jpg 768w, http:\/\/victoria-rad.de\/wp-content\/uploads\/2019\/11\/1928-Modell-6.jpg 800w\" sizes=\"auto, (max-width: 300px) 100vw, 300px\" \/><\/a>Jahr 1928.<\/p>\n<p style=\"text-align: center;\"><a href=\"http:\/\/victoria-rad.de\/wp-content\/uploads\/2019\/11\/1935-Rennrad-scaled.jpg\" target=\"_blank\" rel=\"noopener noreferrer\"><img loading=\"lazy\" decoding=\"async\" class=\"aligncenter wp-image-6307 size-medium\" src=\"http:\/\/victoria-rad.de\/wp-content\/uploads\/2019\/11\/1935-Rennrad-300x199.jpg\" alt=\"\" width=\"300\" height=\"199\" srcset=\"http:\/\/victoria-rad.de\/wp-content\/uploads\/2019\/11\/1935-Rennrad-300x199.jpg 300w, http:\/\/victoria-rad.de\/wp-content\/uploads\/2019\/11\/1935-Rennrad-1024x681.jpg 1024w, http:\/\/victoria-rad.de\/wp-content\/uploads\/2019\/11\/1935-Rennrad-150x100.jpg 150w, http:\/\/victoria-rad.de\/wp-content\/uploads\/2019\/11\/1935-Rennrad-768x511.jpg 768w, http:\/\/victoria-rad.de\/wp-content\/uploads\/2019\/11\/1935-Rennrad-1536x1021.jpg 1536w, http:\/\/victoria-rad.de\/wp-content\/uploads\/2019\/11\/1935-Rennrad-2048x1362.jpg 2048w\" sizes=\"auto, (max-width: 300px) 100vw, 300px\" \/><\/a>Jahr 1935.<\/p>\n<p style=\"text-align: center;\"><a href=\"http:\/\/victoria-rad.de\/wp-content\/uploads\/2019\/11\/1944-Tourenrad-2.png\" target=\"_blank\" rel=\"noopener noreferrer\"><img loading=\"lazy\" decoding=\"async\" class=\"aligncenter wp-image-6308 size-medium\" src=\"http:\/\/victoria-rad.de\/wp-content\/uploads\/2019\/11\/1944-Tourenrad-2-300x200.png\" alt=\"\" width=\"300\" height=\"200\" srcset=\"http:\/\/victoria-rad.de\/wp-content\/uploads\/2019\/11\/1944-Tourenrad-2-300x200.png 300w, http:\/\/victoria-rad.de\/wp-content\/uploads\/2019\/11\/1944-Tourenrad-2-150x100.png 150w, http:\/\/victoria-rad.de\/wp-content\/uploads\/2019\/11\/1944-Tourenrad-2-768x511.png 768w, http:\/\/victoria-rad.de\/wp-content\/uploads\/2019\/11\/1944-Tourenrad-2.png 800w\" sizes=\"auto, (max-width: 300px) 100vw, 300px\" \/><\/a>Jahr 1944.<\/p>\n<p>Zur Jahrhundertwende hat man die Produktion auf Werkzeugmaschinen ausgeweitet um den eigenen Qualit\u00e4tsanspr\u00fcchen zu gen\u00fcgen und nat\u00fcrlich die eigene Produktion zu flexibilisieren. Die Maschinen wurden zu einem festen Standbein der Firma und viele andere Firmen bezogen diese von den Wanderer-Werken.<\/p>\n<p>Einige Bilder von Werkzeugmaschinen:<\/p>\n<p><a href=\"http:\/\/victoria-rad.de\/wp-content\/uploads\/2019\/11\/Autoho-Museum.jpg\" target=\"_blank\" rel=\"noopener noreferrer\"><img loading=\"lazy\" decoding=\"async\" class=\"aligncenter wp-image-6019 size-medium\" src=\"http:\/\/victoria-rad.de\/wp-content\/uploads\/2019\/11\/Autoho-Museum-179x300.jpg\" alt=\"\" width=\"179\" height=\"300\" srcset=\"http:\/\/victoria-rad.de\/wp-content\/uploads\/2019\/11\/Autoho-Museum-179x300.jpg 179w, http:\/\/victoria-rad.de\/wp-content\/uploads\/2019\/11\/Autoho-Museum-89x150.jpg 89w, http:\/\/victoria-rad.de\/wp-content\/uploads\/2019\/11\/Autoho-Museum.jpg 476w\" sizes=\"auto, (max-width: 179px) 100vw, 179px\" \/><\/a><\/p>\n<p><a href=\"http:\/\/victoria-rad.de\/wp-content\/uploads\/2019\/11\/08-01.jpg\" target=\"_blank\" rel=\"noopener noreferrer\"><img loading=\"lazy\" decoding=\"async\" class=\"aligncenter wp-image-6020 size-medium\" src=\"http:\/\/victoria-rad.de\/wp-content\/uploads\/2019\/11\/08-01-300x225.jpg\" alt=\"\" width=\"300\" height=\"225\" srcset=\"http:\/\/victoria-rad.de\/wp-content\/uploads\/2019\/11\/08-01-300x225.jpg 300w, http:\/\/victoria-rad.de\/wp-content\/uploads\/2019\/11\/08-01-150x113.jpg 150w, http:\/\/victoria-rad.de\/wp-content\/uploads\/2019\/11\/08-01.jpg 640w\" sizes=\"auto, (max-width: 300px) 100vw, 300px\" \/><\/a><\/p>\n<p><a href=\"http:\/\/victoria-rad.de\/wp-content\/uploads\/2019\/11\/08-07.jpg\" target=\"_blank\" rel=\"noopener noreferrer\"><img loading=\"lazy\" decoding=\"async\" class=\"aligncenter wp-image-6021 size-medium\" src=\"http:\/\/victoria-rad.de\/wp-content\/uploads\/2019\/11\/08-07-300x225.jpg\" alt=\"\" width=\"300\" height=\"225\" srcset=\"http:\/\/victoria-rad.de\/wp-content\/uploads\/2019\/11\/08-07-300x225.jpg 300w, http:\/\/victoria-rad.de\/wp-content\/uploads\/2019\/11\/08-07-150x113.jpg 150w, http:\/\/victoria-rad.de\/wp-content\/uploads\/2019\/11\/08-07.jpg 640w\" sizes=\"auto, (max-width: 300px) 100vw, 300px\" \/><\/a><\/p>\n<p>Um die Jahre 1903\/1904 begann Wanderer mit der Herstellung von hochwertigen Schreibmaschinen und sp\u00e4ter wurden auch Rechenmaschinen hergestellt. Die Schreibmaschinen wurden unter der Marke &#8222;Continental&#8220; verkauft:<\/p>\n<p><a href=\"http:\/\/victoria-rad.de\/wp-content\/uploads\/2019\/11\/20191028_113848.jpg\" target=\"_blank\" rel=\"noopener noreferrer\"><img loading=\"lazy\" decoding=\"async\" class=\"aligncenter wp-image-6022 size-medium\" src=\"http:\/\/victoria-rad.de\/wp-content\/uploads\/2019\/11\/20191028_113848-300x294.jpg\" alt=\"\" width=\"300\" height=\"294\" srcset=\"http:\/\/victoria-rad.de\/wp-content\/uploads\/2019\/11\/20191028_113848-300x294.jpg 300w, http:\/\/victoria-rad.de\/wp-content\/uploads\/2019\/11\/20191028_113848-150x147.jpg 150w, http:\/\/victoria-rad.de\/wp-content\/uploads\/2019\/11\/20191028_113848-768x754.jpg 768w, http:\/\/victoria-rad.de\/wp-content\/uploads\/2019\/11\/20191028_113848.jpg 800w\" sizes=\"auto, (max-width: 300px) 100vw, 300px\" \/><\/a><a href=\"http:\/\/victoria-rad.de\/wp-content\/uploads\/2019\/11\/20191028_113858.jpg\" target=\"_blank\" rel=\"noopener noreferrer\"><img loading=\"lazy\" decoding=\"async\" class=\"aligncenter wp-image-6023 size-medium\" src=\"http:\/\/victoria-rad.de\/wp-content\/uploads\/2019\/11\/20191028_113858-300x143.jpg\" alt=\"\" width=\"300\" height=\"143\" srcset=\"http:\/\/victoria-rad.de\/wp-content\/uploads\/2019\/11\/20191028_113858-300x143.jpg 300w, http:\/\/victoria-rad.de\/wp-content\/uploads\/2019\/11\/20191028_113858-150x71.jpg 150w, http:\/\/victoria-rad.de\/wp-content\/uploads\/2019\/11\/20191028_113858-768x365.jpg 768w, http:\/\/victoria-rad.de\/wp-content\/uploads\/2019\/11\/20191028_113858.jpg 800w\" sizes=\"auto, (max-width: 300px) 100vw, 300px\" \/><\/a><a href=\"http:\/\/victoria-rad.de\/wp-content\/uploads\/2019\/11\/20191028_113908-2.jpg\" target=\"_blank\" rel=\"noopener noreferrer\"><img loading=\"lazy\" decoding=\"async\" class=\"aligncenter wp-image-6024 size-medium\" src=\"http:\/\/victoria-rad.de\/wp-content\/uploads\/2019\/11\/20191028_113908-2-300x110.jpg\" alt=\"\" width=\"300\" height=\"110\" srcset=\"http:\/\/victoria-rad.de\/wp-content\/uploads\/2019\/11\/20191028_113908-2-300x110.jpg 300w, http:\/\/victoria-rad.de\/wp-content\/uploads\/2019\/11\/20191028_113908-2-150x55.jpg 150w, http:\/\/victoria-rad.de\/wp-content\/uploads\/2019\/11\/20191028_113908-2-768x282.jpg 768w, http:\/\/victoria-rad.de\/wp-content\/uploads\/2019\/11\/20191028_113908-2.jpg 800w\" sizes=\"auto, (max-width: 300px) 100vw, 300px\" \/><\/a><\/p>\n<p><strong>Victoria baute sein erstes Motorrad bereits im Jahr 1901 und Wanderer begann mit der Motorradproduktion im Jahr 1902:<\/strong><\/p>\n<p style=\"text-align: center;\"><a href=\"http:\/\/victoria-rad.de\/wp-content\/uploads\/2019\/11\/6.jpg\" target=\"_blank\" rel=\"noopener noreferrer\"><img loading=\"lazy\" decoding=\"async\" class=\"aligncenter wp-image-6025 size-medium\" src=\"http:\/\/victoria-rad.de\/wp-content\/uploads\/2019\/11\/6-300x207.jpg\" alt=\"\" width=\"300\" height=\"207\" srcset=\"http:\/\/victoria-rad.de\/wp-content\/uploads\/2019\/11\/6-300x207.jpg 300w, http:\/\/victoria-rad.de\/wp-content\/uploads\/2019\/11\/6-150x104.jpg 150w, http:\/\/victoria-rad.de\/wp-content\/uploads\/2019\/11\/6-768x530.jpg 768w, http:\/\/victoria-rad.de\/wp-content\/uploads\/2019\/11\/6.jpg 800w\" sizes=\"auto, (max-width: 300px) 100vw, 300px\" \/><\/a><a href=\"http:\/\/victoria-rad.de\/wp-content\/uploads\/2019\/11\/5.jpg\" target=\"_blank\" rel=\"noopener noreferrer\"><img loading=\"lazy\" decoding=\"async\" class=\"aligncenter wp-image-6026 size-medium\" src=\"http:\/\/victoria-rad.de\/wp-content\/uploads\/2019\/11\/5-300x176.jpg\" alt=\"\" width=\"300\" height=\"176\" srcset=\"http:\/\/victoria-rad.de\/wp-content\/uploads\/2019\/11\/5-300x176.jpg 300w, http:\/\/victoria-rad.de\/wp-content\/uploads\/2019\/11\/5-150x88.jpg 150w, http:\/\/victoria-rad.de\/wp-content\/uploads\/2019\/11\/5-768x449.jpg 768w, http:\/\/victoria-rad.de\/wp-content\/uploads\/2019\/11\/5.jpg 800w\" sizes=\"auto, (max-width: 300px) 100vw, 300px\" \/><\/a>Heeresmodell 3 PS von 1913.<\/p>\n<p style=\"text-align: center;\"><a href=\"http:\/\/victoria-rad.de\/wp-content\/uploads\/2019\/11\/3.jpg\" target=\"_blank\" rel=\"noopener noreferrer\"><img loading=\"lazy\" decoding=\"async\" class=\"aligncenter wp-image-6027 size-medium\" src=\"http:\/\/victoria-rad.de\/wp-content\/uploads\/2019\/11\/3-300x177.jpg\" alt=\"\" width=\"300\" height=\"177\" srcset=\"http:\/\/victoria-rad.de\/wp-content\/uploads\/2019\/11\/3-300x177.jpg 300w, http:\/\/victoria-rad.de\/wp-content\/uploads\/2019\/11\/3-150x88.jpg 150w, http:\/\/victoria-rad.de\/wp-content\/uploads\/2019\/11\/3-768x452.jpg 768w, http:\/\/victoria-rad.de\/wp-content\/uploads\/2019\/11\/3.jpg 800w\" sizes=\"auto, (max-width: 300px) 100vw, 300px\" \/><\/a><a href=\"http:\/\/victoria-rad.de\/wp-content\/uploads\/2019\/11\/4.jpg\" target=\"_blank\" rel=\"noopener noreferrer\"><img loading=\"lazy\" decoding=\"async\" class=\"aligncenter wp-image-6028 size-medium\" src=\"http:\/\/victoria-rad.de\/wp-content\/uploads\/2019\/11\/4-300x158.jpg\" alt=\"\" width=\"300\" height=\"158\" srcset=\"http:\/\/victoria-rad.de\/wp-content\/uploads\/2019\/11\/4-300x158.jpg 300w, http:\/\/victoria-rad.de\/wp-content\/uploads\/2019\/11\/4-150x79.jpg 150w, http:\/\/victoria-rad.de\/wp-content\/uploads\/2019\/11\/4-768x405.jpg 768w, http:\/\/victoria-rad.de\/wp-content\/uploads\/2019\/11\/4.jpg 800w\" sizes=\"auto, (max-width: 300px) 100vw, 300px\" \/><\/a>Modell 708, 8-Ventil Motorrad, wohl eines der begehrtesten heutzutage&#8230;<\/p>\n<p><a href=\"http:\/\/victoria-rad.de\/wp-content\/uploads\/2019\/11\/2.jpg\" target=\"_blank\" rel=\"noopener noreferrer\"><img loading=\"lazy\" decoding=\"async\" class=\"aligncenter wp-image-6029 size-medium\" src=\"http:\/\/victoria-rad.de\/wp-content\/uploads\/2019\/11\/2-300x225.jpg\" alt=\"\" width=\"300\" height=\"225\" srcset=\"http:\/\/victoria-rad.de\/wp-content\/uploads\/2019\/11\/2-300x225.jpg 300w, http:\/\/victoria-rad.de\/wp-content\/uploads\/2019\/11\/2-150x113.jpg 150w, http:\/\/victoria-rad.de\/wp-content\/uploads\/2019\/11\/2-768x576.jpg 768w, http:\/\/victoria-rad.de\/wp-content\/uploads\/2019\/11\/2-1024x768.jpg 1024w, http:\/\/victoria-rad.de\/wp-content\/uploads\/2019\/11\/2.jpg 2048w\" sizes=\"auto, (max-width: 300px) 100vw, 300px\" \/><\/a><\/p>\n<p>&nbsp;<\/p>\n<p>Mit der K 500 endete die Motorrad-Produktion um 1930, weil dieses Modell relativ unausgereift auf den Markt kam und im Gegensatz zu den hohen Qualit\u00e4tsanspr\u00fcchen von Wanderer eher ein Flop war. Die gesamte Motorradproduktion wurde 1929 nach Tschechien an einen Waffenproduzenten Namens Janecek verkauft. Dieser stellt noch heute Motorr\u00e4der unter der Marke &#8222;JAWA&#8220; (Janecek &amp; Wanderer) her.<\/p>\n<p><a href=\"http:\/\/victoria-rad.de\/wp-content\/uploads\/2019\/11\/1.jpg\" target=\"_blank\" rel=\"noopener noreferrer\"><img loading=\"lazy\" decoding=\"async\" class=\"aligncenter wp-image-6030 size-medium\" src=\"http:\/\/victoria-rad.de\/wp-content\/uploads\/2019\/11\/1-201x300.jpg\" alt=\"\" width=\"201\" height=\"300\" srcset=\"http:\/\/victoria-rad.de\/wp-content\/uploads\/2019\/11\/1-201x300.jpg 201w, http:\/\/victoria-rad.de\/wp-content\/uploads\/2019\/11\/1-101x150.jpg 101w, http:\/\/victoria-rad.de\/wp-content\/uploads\/2019\/11\/1.jpg 536w\" sizes=\"auto, (max-width: 201px) 100vw, 201px\" \/><\/a><\/p>\n<p style=\"text-align: center;\">Wanderer K 500 Einport-Maschine, gab es auch als Doppelport Ausf\u00fchrung.<\/p>\n<p>Wanderer hat den motorisierten Zweiradmarkt nicht ganz verlassen und hat weiterhin Kleinmotorr\u00e4der vorwiegend mit 74 und 98 Sachs-Motoren bedient:<\/p>\n<p><a href=\"http:\/\/victoria-rad.de\/wp-content\/uploads\/2019\/11\/7.jpg\" target=\"_blank\" rel=\"noopener noreferrer\"><img loading=\"lazy\" decoding=\"async\" class=\"aligncenter wp-image-6031 size-medium\" src=\"http:\/\/victoria-rad.de\/wp-content\/uploads\/2019\/11\/7-300x225.jpg\" alt=\"\" width=\"300\" height=\"225\" srcset=\"http:\/\/victoria-rad.de\/wp-content\/uploads\/2019\/11\/7-300x225.jpg 300w, http:\/\/victoria-rad.de\/wp-content\/uploads\/2019\/11\/7-150x113.jpg 150w, http:\/\/victoria-rad.de\/wp-content\/uploads\/2019\/11\/7-768x576.jpg 768w, http:\/\/victoria-rad.de\/wp-content\/uploads\/2019\/11\/7-1024x768.jpg 1024w, http:\/\/victoria-rad.de\/wp-content\/uploads\/2019\/11\/7.jpg 2048w\" sizes=\"auto, (max-width: 300px) 100vw, 300px\" \/><\/a><\/p>\n<p style=\"text-align: center;\">Wanderer Modell SP 1, 98 ccm von 1936.<\/p>\n<p><strong>Etwa zur gleichen Zeit, wie Victoria, hat Wanderer mit der der Autoproduktion begonnen, sieht mal man von Prototypen der beiden Firmen ab, welche sicherlich noch nicht dem Stand der Technik entsprachen. Von W1 bis W24 in die Vierziger Jahre begann eine regelrechte Erfolgsserie im Automobilbau von der Firma Wanderer:<\/strong><\/p>\n<p><a href=\"http:\/\/victoria-rad.de\/wp-content\/uploads\/2019\/11\/IMG_20141220_0002-2.jpg\" target=\"_blank\" rel=\"noopener noreferrer\"><img loading=\"lazy\" decoding=\"async\" class=\"aligncenter wp-image-6032 size-medium\" src=\"http:\/\/victoria-rad.de\/wp-content\/uploads\/2019\/11\/IMG_20141220_0002-2-300x279.jpg\" alt=\"\" width=\"300\" height=\"279\" srcset=\"http:\/\/victoria-rad.de\/wp-content\/uploads\/2019\/11\/IMG_20141220_0002-2-300x279.jpg 300w, http:\/\/victoria-rad.de\/wp-content\/uploads\/2019\/11\/IMG_20141220_0002-2-150x140.jpg 150w, http:\/\/victoria-rad.de\/wp-content\/uploads\/2019\/11\/IMG_20141220_0002-2-768x714.jpg 768w, http:\/\/victoria-rad.de\/wp-content\/uploads\/2019\/11\/IMG_20141220_0002-2.jpg 800w\" sizes=\"auto, (max-width: 300px) 100vw, 300px\" \/><\/a><\/p>\n<p style=\"text-align: center;\"><a href=\"http:\/\/victoria-rad.de\/wp-content\/uploads\/2019\/10\/3-1.jpg\" target=\"_blank\" rel=\"noopener noreferrer\"><img loading=\"lazy\" decoding=\"async\" class=\"aligncenter wp-image-5962 size-medium\" src=\"http:\/\/victoria-rad.de\/wp-content\/uploads\/2019\/10\/3-1-300x169.jpg\" alt=\"\" width=\"300\" height=\"169\" srcset=\"http:\/\/victoria-rad.de\/wp-content\/uploads\/2019\/10\/3-1-300x169.jpg 300w, http:\/\/victoria-rad.de\/wp-content\/uploads\/2019\/10\/3-1-150x84.jpg 150w, http:\/\/victoria-rad.de\/wp-content\/uploads\/2019\/10\/3-1-768x432.jpg 768w, http:\/\/victoria-rad.de\/wp-content\/uploads\/2019\/10\/3-1.jpg 800w\" sizes=\"auto, (max-width: 300px) 100vw, 300px\" \/><\/a>Im Vordergrund das &#8222;Wanderer-Puppchen&#8220; benannt der im gleichen Jahr 1913 uraufgef\u00fchrten Operette &#8222;Puppchen&#8220; von Jean Gilbert.<\/p>\n<p>Das Zweisitzer Auto gab es wie hier als Vorder und Hintersitzer und mit zwei Sitzen nebeneinander.<\/p>\n<p>Herr Winklhofer, ans\u00e4ssig in M\u00fcnchen, ein Nachfahre des Firmengr\u00fcnders beim Fahrradfest am Deutschen Fahrradmuseum in Bad Br\u00fcckenau:<\/p>\n<p><a href=\"http:\/\/victoria-rad.de\/wp-content\/uploads\/2019\/11\/IMG_20150104_0021.jpg\" target=\"_blank\" rel=\"noopener noreferrer\"><img loading=\"lazy\" decoding=\"async\" class=\"aligncenter wp-image-6050 size-medium\" src=\"http:\/\/victoria-rad.de\/wp-content\/uploads\/2019\/11\/IMG_20150104_0021-300x255.jpg\" alt=\"\" width=\"300\" height=\"255\" srcset=\"http:\/\/victoria-rad.de\/wp-content\/uploads\/2019\/11\/IMG_20150104_0021-300x255.jpg 300w, http:\/\/victoria-rad.de\/wp-content\/uploads\/2019\/11\/IMG_20150104_0021-150x127.jpg 150w, http:\/\/victoria-rad.de\/wp-content\/uploads\/2019\/11\/IMG_20150104_0021-768x652.jpg 768w, http:\/\/victoria-rad.de\/wp-content\/uploads\/2019\/11\/IMG_20150104_0021.jpg 800w\" sizes=\"auto, (max-width: 300px) 100vw, 300px\" \/><\/a><\/p>\n<p>Hier ein Wanderer W 8:<\/p>\n<p style=\"text-align: center;\"><a href=\"http:\/\/victoria-rad.de\/wp-content\/uploads\/2019\/11\/IMG_20141211_0047.jpg\" target=\"_blank\" rel=\"noopener noreferrer\"><img loading=\"lazy\" decoding=\"async\" class=\"aligncenter wp-image-6048 size-medium\" src=\"http:\/\/victoria-rad.de\/wp-content\/uploads\/2019\/11\/IMG_20141211_0047-300x174.jpg\" alt=\"\" width=\"300\" height=\"174\" srcset=\"http:\/\/victoria-rad.de\/wp-content\/uploads\/2019\/11\/IMG_20141211_0047-300x174.jpg 300w, http:\/\/victoria-rad.de\/wp-content\/uploads\/2019\/11\/IMG_20141211_0047-150x87.jpg 150w, http:\/\/victoria-rad.de\/wp-content\/uploads\/2019\/11\/IMG_20141211_0047-768x444.jpg 768w, http:\/\/victoria-rad.de\/wp-content\/uploads\/2019\/11\/IMG_20141211_0047.jpg 800w\" sizes=\"auto, (max-width: 300px) 100vw, 300px\" \/><\/a><a href=\"http:\/\/victoria-rad.de\/wp-content\/uploads\/2019\/11\/IMG_20150208_0002.jpg\" target=\"_blank\" rel=\"noopener noreferrer\"><img loading=\"lazy\" decoding=\"async\" class=\"aligncenter wp-image-6049 size-medium\" src=\"http:\/\/victoria-rad.de\/wp-content\/uploads\/2019\/11\/IMG_20150208_0002-300x173.jpg\" alt=\"\" width=\"300\" height=\"173\" srcset=\"http:\/\/victoria-rad.de\/wp-content\/uploads\/2019\/11\/IMG_20150208_0002-300x173.jpg 300w, http:\/\/victoria-rad.de\/wp-content\/uploads\/2019\/11\/IMG_20150208_0002-150x86.jpg 150w, http:\/\/victoria-rad.de\/wp-content\/uploads\/2019\/11\/IMG_20150208_0002-768x443.jpg 768w, http:\/\/victoria-rad.de\/wp-content\/uploads\/2019\/11\/IMG_20150208_0002.jpg 800w\" sizes=\"auto, (max-width: 300px) 100vw, 300px\" \/><\/a>Ohne Verdeck&#8230;<\/p>\n<p><strong>Im folgenden Teil wird die fr\u00fche Renngeschichte der Wanderer Rennfahrten gezeigt:<\/strong><\/p>\n<p><a href=\"http:\/\/victoria-rad.de\/wp-content\/uploads\/2019\/11\/IMG_20141220_0003-2.jpg\" target=\"_blank\" rel=\"noopener noreferrer\"><img loading=\"lazy\" decoding=\"async\" class=\"aligncenter wp-image-6033 size-medium\" src=\"http:\/\/victoria-rad.de\/wp-content\/uploads\/2019\/11\/IMG_20141220_0003-2-240x300.jpg\" alt=\"\" width=\"240\" height=\"300\" srcset=\"http:\/\/victoria-rad.de\/wp-content\/uploads\/2019\/11\/IMG_20141220_0003-2-240x300.jpg 240w, http:\/\/victoria-rad.de\/wp-content\/uploads\/2019\/11\/IMG_20141220_0003-2-120x150.jpg 120w, http:\/\/victoria-rad.de\/wp-content\/uploads\/2019\/11\/IMG_20141220_0003-2.jpg 641w\" sizes=\"auto, (max-width: 240px) 100vw, 240px\" \/><\/a><a href=\"http:\/\/victoria-rad.de\/wp-content\/uploads\/2019\/11\/IMG_20141220_0005-2.jpg\" target=\"_blank\" rel=\"noopener noreferrer\"><img loading=\"lazy\" decoding=\"async\" class=\"aligncenter wp-image-6034 size-medium\" src=\"http:\/\/victoria-rad.de\/wp-content\/uploads\/2019\/11\/IMG_20141220_0005-2-228x300.jpg\" alt=\"\" width=\"228\" height=\"300\" srcset=\"http:\/\/victoria-rad.de\/wp-content\/uploads\/2019\/11\/IMG_20141220_0005-2-228x300.jpg 228w, http:\/\/victoria-rad.de\/wp-content\/uploads\/2019\/11\/IMG_20141220_0005-2-114x150.jpg 114w, http:\/\/victoria-rad.de\/wp-content\/uploads\/2019\/11\/IMG_20141220_0005-2.jpg 609w\" sizes=\"auto, (max-width: 228px) 100vw, 228px\" \/><\/a><a href=\"http:\/\/victoria-rad.de\/wp-content\/uploads\/2019\/11\/IMG_20141220_0006-2.jpg\" target=\"_blank\" rel=\"noopener noreferrer\"><img loading=\"lazy\" decoding=\"async\" class=\"aligncenter wp-image-6035 size-medium\" src=\"http:\/\/victoria-rad.de\/wp-content\/uploads\/2019\/11\/IMG_20141220_0006-2-237x300.jpg\" alt=\"\" width=\"237\" height=\"300\" srcset=\"http:\/\/victoria-rad.de\/wp-content\/uploads\/2019\/11\/IMG_20141220_0006-2-237x300.jpg 237w, http:\/\/victoria-rad.de\/wp-content\/uploads\/2019\/11\/IMG_20141220_0006-2-118x150.jpg 118w, http:\/\/victoria-rad.de\/wp-content\/uploads\/2019\/11\/IMG_20141220_0006-2.jpg 631w\" sizes=\"auto, (max-width: 237px) 100vw, 237px\" \/><\/a><a href=\"http:\/\/victoria-rad.de\/wp-content\/uploads\/2019\/11\/IMG_20141220_0007-2.jpg\" target=\"_blank\" rel=\"noopener noreferrer\"><img loading=\"lazy\" decoding=\"async\" class=\"aligncenter wp-image-6036 size-medium\" src=\"http:\/\/victoria-rad.de\/wp-content\/uploads\/2019\/11\/IMG_20141220_0007-2-233x300.jpg\" alt=\"\" width=\"233\" height=\"300\" srcset=\"http:\/\/victoria-rad.de\/wp-content\/uploads\/2019\/11\/IMG_20141220_0007-2-233x300.jpg 233w, http:\/\/victoria-rad.de\/wp-content\/uploads\/2019\/11\/IMG_20141220_0007-2-116x150.jpg 116w, http:\/\/victoria-rad.de\/wp-content\/uploads\/2019\/11\/IMG_20141220_0007-2.jpg 621w\" sizes=\"auto, (max-width: 233px) 100vw, 233px\" \/><\/a><a href=\"http:\/\/victoria-rad.de\/wp-content\/uploads\/2019\/11\/IMG_20141220_0008-2.jpg\" target=\"_blank\" rel=\"noopener noreferrer\"><img loading=\"lazy\" decoding=\"async\" class=\"aligncenter wp-image-6037 size-medium\" src=\"http:\/\/victoria-rad.de\/wp-content\/uploads\/2019\/11\/IMG_20141220_0008-2-247x300.jpg\" alt=\"\" width=\"247\" height=\"300\" srcset=\"http:\/\/victoria-rad.de\/wp-content\/uploads\/2019\/11\/IMG_20141220_0008-2-247x300.jpg 247w, http:\/\/victoria-rad.de\/wp-content\/uploads\/2019\/11\/IMG_20141220_0008-2-123x150.jpg 123w, http:\/\/victoria-rad.de\/wp-content\/uploads\/2019\/11\/IMG_20141220_0008-2.jpg 658w\" sizes=\"auto, (max-width: 247px) 100vw, 247px\" \/><\/a><a href=\"http:\/\/victoria-rad.de\/wp-content\/uploads\/2019\/11\/IMG_20141220_0009-2.jpg\" target=\"_blank\" rel=\"noopener noreferrer\"><img loading=\"lazy\" decoding=\"async\" class=\"aligncenter wp-image-6038 size-medium\" src=\"http:\/\/victoria-rad.de\/wp-content\/uploads\/2019\/11\/IMG_20141220_0009-2-251x300.jpg\" alt=\"\" width=\"251\" height=\"300\" srcset=\"http:\/\/victoria-rad.de\/wp-content\/uploads\/2019\/11\/IMG_20141220_0009-2-251x300.jpg 251w, http:\/\/victoria-rad.de\/wp-content\/uploads\/2019\/11\/IMG_20141220_0009-2-125x150.jpg 125w, http:\/\/victoria-rad.de\/wp-content\/uploads\/2019\/11\/IMG_20141220_0009-2.jpg 669w\" sizes=\"auto, (max-width: 251px) 100vw, 251px\" \/><\/a><a href=\"http:\/\/victoria-rad.de\/wp-content\/uploads\/2019\/11\/IMG_20141220_0011-2.jpg\" target=\"_blank\" rel=\"noopener noreferrer\"><img loading=\"lazy\" decoding=\"async\" class=\"aligncenter wp-image-6039 size-medium\" src=\"http:\/\/victoria-rad.de\/wp-content\/uploads\/2019\/11\/IMG_20141220_0011-2-238x300.jpg\" alt=\"\" width=\"238\" height=\"300\" srcset=\"http:\/\/victoria-rad.de\/wp-content\/uploads\/2019\/11\/IMG_20141220_0011-2-238x300.jpg 238w, http:\/\/victoria-rad.de\/wp-content\/uploads\/2019\/11\/IMG_20141220_0011-2-119x150.jpg 119w, http:\/\/victoria-rad.de\/wp-content\/uploads\/2019\/11\/IMG_20141220_0011-2.jpg 635w\" sizes=\"auto, (max-width: 238px) 100vw, 238px\" \/><\/a><a href=\"http:\/\/victoria-rad.de\/wp-content\/uploads\/2019\/11\/IMG_20141220_0012-2.jpg\" target=\"_blank\" rel=\"noopener noreferrer\"><img loading=\"lazy\" decoding=\"async\" class=\"aligncenter wp-image-6040 size-medium\" src=\"http:\/\/victoria-rad.de\/wp-content\/uploads\/2019\/11\/IMG_20141220_0012-2-247x300.jpg\" alt=\"\" width=\"247\" height=\"300\" srcset=\"http:\/\/victoria-rad.de\/wp-content\/uploads\/2019\/11\/IMG_20141220_0012-2-247x300.jpg 247w, http:\/\/victoria-rad.de\/wp-content\/uploads\/2019\/11\/IMG_20141220_0012-2-124x150.jpg 124w, http:\/\/victoria-rad.de\/wp-content\/uploads\/2019\/11\/IMG_20141220_0012-2.jpg 659w\" sizes=\"auto, (max-width: 247px) 100vw, 247px\" \/><\/a><a href=\"http:\/\/victoria-rad.de\/wp-content\/uploads\/2019\/11\/IMG_20141220_0013-2.jpg\" target=\"_blank\" rel=\"noopener noreferrer\"><img loading=\"lazy\" decoding=\"async\" class=\"aligncenter wp-image-6041 size-medium\" src=\"http:\/\/victoria-rad.de\/wp-content\/uploads\/2019\/11\/IMG_20141220_0013-2-241x300.jpg\" alt=\"\" width=\"241\" height=\"300\" srcset=\"http:\/\/victoria-rad.de\/wp-content\/uploads\/2019\/11\/IMG_20141220_0013-2-241x300.jpg 241w, http:\/\/victoria-rad.de\/wp-content\/uploads\/2019\/11\/IMG_20141220_0013-2-120x150.jpg 120w, http:\/\/victoria-rad.de\/wp-content\/uploads\/2019\/11\/IMG_20141220_0013-2.jpg 642w\" sizes=\"auto, (max-width: 241px) 100vw, 241px\" \/><\/a><a href=\"http:\/\/victoria-rad.de\/wp-content\/uploads\/2019\/11\/IMG_20141220_0015-2.jpg\" target=\"_blank\" rel=\"noopener noreferrer\"><img loading=\"lazy\" decoding=\"async\" class=\"aligncenter wp-image-6042 size-medium\" src=\"http:\/\/victoria-rad.de\/wp-content\/uploads\/2019\/11\/IMG_20141220_0015-2-248x300.jpg\" alt=\"\" width=\"248\" height=\"300\" srcset=\"http:\/\/victoria-rad.de\/wp-content\/uploads\/2019\/11\/IMG_20141220_0015-2-248x300.jpg 248w, http:\/\/victoria-rad.de\/wp-content\/uploads\/2019\/11\/IMG_20141220_0015-2-124x150.jpg 124w, http:\/\/victoria-rad.de\/wp-content\/uploads\/2019\/11\/IMG_20141220_0015-2.jpg 662w\" sizes=\"auto, (max-width: 248px) 100vw, 248px\" \/><\/a><a href=\"http:\/\/victoria-rad.de\/wp-content\/uploads\/2019\/11\/IMG_20141220_0018.jpg\" target=\"_blank\" rel=\"noopener noreferrer\"><img loading=\"lazy\" decoding=\"async\" class=\"aligncenter wp-image-6043 size-medium\" src=\"http:\/\/victoria-rad.de\/wp-content\/uploads\/2019\/11\/IMG_20141220_0018-243x300.jpg\" alt=\"\" width=\"243\" height=\"300\" srcset=\"http:\/\/victoria-rad.de\/wp-content\/uploads\/2019\/11\/IMG_20141220_0018-243x300.jpg 243w, http:\/\/victoria-rad.de\/wp-content\/uploads\/2019\/11\/IMG_20141220_0018-121x150.jpg 121w, http:\/\/victoria-rad.de\/wp-content\/uploads\/2019\/11\/IMG_20141220_0018.jpg 647w\" sizes=\"auto, (max-width: 243px) 100vw, 243px\" \/><\/a><a href=\"http:\/\/victoria-rad.de\/wp-content\/uploads\/2019\/11\/IMG_20141220_0025.jpg\" target=\"_blank\" rel=\"noopener noreferrer\"><img loading=\"lazy\" decoding=\"async\" class=\"aligncenter wp-image-6044 size-medium\" src=\"http:\/\/victoria-rad.de\/wp-content\/uploads\/2019\/11\/IMG_20141220_0025-226x300.jpg\" alt=\"\" width=\"226\" height=\"300\" srcset=\"http:\/\/victoria-rad.de\/wp-content\/uploads\/2019\/11\/IMG_20141220_0025-226x300.jpg 226w, http:\/\/victoria-rad.de\/wp-content\/uploads\/2019\/11\/IMG_20141220_0025-113x150.jpg 113w, http:\/\/victoria-rad.de\/wp-content\/uploads\/2019\/11\/IMG_20141220_0025.jpg 602w\" sizes=\"auto, (max-width: 226px) 100vw, 226px\" \/><\/a><\/p>\n<p style=\"text-align: center;\">Victoria war in der Mandschurei und Wanderer war in Japan&#8230;<\/p>\n<p>Der wirtschaftliche Druck zwang im Jahr 1932 die Firma Wanderer zum Zusammenschluss mit den Firmen Horch, Audi und DKW zur sogenannten &#8222;Auto-Union&#8220;. Victoria erging es \u00e4hnlich im Motorradbereich, da waren auch die Firmen DKW und Express mit im Boot &#8211; hier war es die sogenannte &#8222;Zweirad-Union&#8220;.<\/p>\n<p>Ab 1930 beauftragte Wanderer den Konstrukteur Ferdinand Porsche einen Sechszylinder und zwei Achtzylinder &#8211; Motoren zu konstruieren. Es kam aber nur zum Sechszylinder Leichtmetall-Motor f\u00fcr den W14 einer 3 Liter-Variante, Baujahr 1931. Unter der Auto-Union kamen in den folgenden Jahren mehrere Modelle auf den Markt mit sehr erfolgreichen St\u00fcckzahlen.<\/p>\n<p>Hier ein Prototyp eines W25 mit Sechszylinder Leichtmetallmotor vom Konstrukteur Ferdinand Porsche:<\/p>\n<p style=\"text-align: center;\"><a href=\"http:\/\/victoria-rad.de\/wp-content\/uploads\/2019\/11\/IMG_20150104_0019.jpg\" target=\"_blank\" rel=\"noopener noreferrer\"><img loading=\"lazy\" decoding=\"async\" class=\"aligncenter wp-image-6045 size-medium\" src=\"http:\/\/victoria-rad.de\/wp-content\/uploads\/2019\/11\/IMG_20150104_0019-300x183.jpg\" alt=\"\" width=\"300\" height=\"183\" srcset=\"http:\/\/victoria-rad.de\/wp-content\/uploads\/2019\/11\/IMG_20150104_0019-300x183.jpg 300w, http:\/\/victoria-rad.de\/wp-content\/uploads\/2019\/11\/IMG_20150104_0019-150x91.jpg 150w, http:\/\/victoria-rad.de\/wp-content\/uploads\/2019\/11\/IMG_20150104_0019-768x467.jpg 768w, http:\/\/victoria-rad.de\/wp-content\/uploads\/2019\/11\/IMG_20150104_0019-1024x623.jpg 1024w\" sizes=\"auto, (max-width: 300px) 100vw, 300px\" \/><\/a><a href=\"http:\/\/victoria-rad.de\/wp-content\/uploads\/2019\/11\/IMG_20150208_0001.jpg\" target=\"_blank\" rel=\"noopener noreferrer\"><img loading=\"lazy\" decoding=\"async\" class=\"aligncenter wp-image-6046 size-medium\" src=\"http:\/\/victoria-rad.de\/wp-content\/uploads\/2019\/11\/IMG_20150208_0001-300x216.jpg\" alt=\"\" width=\"300\" height=\"216\" srcset=\"http:\/\/victoria-rad.de\/wp-content\/uploads\/2019\/11\/IMG_20150208_0001-300x216.jpg 300w, http:\/\/victoria-rad.de\/wp-content\/uploads\/2019\/11\/IMG_20150208_0001-150x108.jpg 150w, http:\/\/victoria-rad.de\/wp-content\/uploads\/2019\/11\/IMG_20150208_0001-768x554.jpg 768w, http:\/\/victoria-rad.de\/wp-content\/uploads\/2019\/11\/IMG_20150208_0001.jpg 800w\" sizes=\"auto, (max-width: 300px) 100vw, 300px\" \/><\/a>Ministerpr\u00e4sident von Sachsen, Georg Milbrad, im Juni 2003 zur Augustusburg-Rallye, Fahrer Gert Reiher&#8230;<\/p>\n<p style=\"text-align: center;\"><a href=\"http:\/\/victoria-rad.de\/wp-content\/uploads\/2019\/11\/IMG_20141211_0050.jpg\" target=\"_blank\" rel=\"noopener noreferrer\"><img loading=\"lazy\" decoding=\"async\" class=\"aligncenter wp-image-6047 size-medium\" src=\"http:\/\/victoria-rad.de\/wp-content\/uploads\/2019\/11\/IMG_20141211_0050-272x300.jpg\" alt=\"\" width=\"272\" height=\"300\" srcset=\"http:\/\/victoria-rad.de\/wp-content\/uploads\/2019\/11\/IMG_20141211_0050-272x300.jpg 272w, http:\/\/victoria-rad.de\/wp-content\/uploads\/2019\/11\/IMG_20141211_0050-136x150.jpg 136w, http:\/\/victoria-rad.de\/wp-content\/uploads\/2019\/11\/IMG_20141211_0050.jpg 726w\" sizes=\"auto, (max-width: 272px) 100vw, 272px\" \/><\/a>Frau Krenz, Ehefrau von Paul Krenz &#8211; Besitzer des W25 zu DDR-Zeiten.<\/p>\n<p><a href=\"http:\/\/victoria-rad.de\/wp-content\/uploads\/2019\/11\/IMG_20141220_0001.jpg\" target=\"_blank\" rel=\"noopener noreferrer\"><img loading=\"lazy\" decoding=\"async\" class=\"aligncenter wp-image-6051 size-medium\" src=\"http:\/\/victoria-rad.de\/wp-content\/uploads\/2019\/11\/IMG_20141220_0001-300x204.jpg\" alt=\"\" width=\"300\" height=\"204\" srcset=\"http:\/\/victoria-rad.de\/wp-content\/uploads\/2019\/11\/IMG_20141220_0001-300x204.jpg 300w, http:\/\/victoria-rad.de\/wp-content\/uploads\/2019\/11\/IMG_20141220_0001-150x102.jpg 150w, http:\/\/victoria-rad.de\/wp-content\/uploads\/2019\/11\/IMG_20141220_0001-768x523.jpg 768w, http:\/\/victoria-rad.de\/wp-content\/uploads\/2019\/11\/IMG_20141220_0001.jpg 800w\" sizes=\"auto, (max-width: 300px) 100vw, 300px\" \/><\/a><\/p>\n<p><strong>Wie sehen die &#8222;Wanderer-Werke&#8220; heute aus ? Oder wie geht es weiter:<\/strong><\/p>\n<p style=\"text-align: center;\"><a href=\"http:\/\/victoria-rad.de\/wp-content\/uploads\/2019\/11\/20190908_141721.jpg\" target=\"_blank\" rel=\"noopener noreferrer\"><img loading=\"lazy\" decoding=\"async\" class=\"alignnone wp-image-6054 size-medium\" src=\"http:\/\/victoria-rad.de\/wp-content\/uploads\/2019\/11\/20190908_141721-300x225.jpg\" alt=\"\" width=\"300\" height=\"225\" srcset=\"http:\/\/victoria-rad.de\/wp-content\/uploads\/2019\/11\/20190908_141721-300x225.jpg 300w, http:\/\/victoria-rad.de\/wp-content\/uploads\/2019\/11\/20190908_141721-150x113.jpg 150w, http:\/\/victoria-rad.de\/wp-content\/uploads\/2019\/11\/20190908_141721-768x576.jpg 768w, http:\/\/victoria-rad.de\/wp-content\/uploads\/2019\/11\/20190908_141721.jpg 800w\" sizes=\"auto, (max-width: 300px) 100vw, 300px\" \/><\/a><\/p>\n<p><a href=\"http:\/\/victoria-rad.de\/wp-content\/uploads\/2019\/11\/20190908_140304.jpg\" target=\"_blank\" rel=\"noopener noreferrer\"><img loading=\"lazy\" decoding=\"async\" class=\"aligncenter wp-image-6055 size-medium\" src=\"http:\/\/victoria-rad.de\/wp-content\/uploads\/2019\/11\/20190908_140304-300x225.jpg\" alt=\"\" width=\"300\" height=\"225\" srcset=\"http:\/\/victoria-rad.de\/wp-content\/uploads\/2019\/11\/20190908_140304-300x225.jpg 300w, http:\/\/victoria-rad.de\/wp-content\/uploads\/2019\/11\/20190908_140304-150x113.jpg 150w, http:\/\/victoria-rad.de\/wp-content\/uploads\/2019\/11\/20190908_140304-768x576.jpg 768w, http:\/\/victoria-rad.de\/wp-content\/uploads\/2019\/11\/20190908_140304.jpg 800w\" sizes=\"auto, (max-width: 300px) 100vw, 300px\" \/><\/a><a href=\"http:\/\/victoria-rad.de\/wp-content\/uploads\/2019\/11\/20190908_141335.jpg\" target=\"_blank\" rel=\"noopener noreferrer\"><img loading=\"lazy\" decoding=\"async\" class=\"aligncenter wp-image-6056 size-medium\" src=\"http:\/\/victoria-rad.de\/wp-content\/uploads\/2019\/11\/20190908_141335-300x225.jpg\" alt=\"\" width=\"300\" height=\"225\" srcset=\"http:\/\/victoria-rad.de\/wp-content\/uploads\/2019\/11\/20190908_141335-300x225.jpg 300w, http:\/\/victoria-rad.de\/wp-content\/uploads\/2019\/11\/20190908_141335-150x113.jpg 150w, http:\/\/victoria-rad.de\/wp-content\/uploads\/2019\/11\/20190908_141335-768x576.jpg 768w, http:\/\/victoria-rad.de\/wp-content\/uploads\/2019\/11\/20190908_141335.jpg 800w\" sizes=\"auto, (max-width: 300px) 100vw, 300px\" \/><\/a><a href=\"http:\/\/victoria-rad.de\/wp-content\/uploads\/2019\/11\/20190908_141045.jpg\" target=\"_blank\" rel=\"noopener noreferrer\"><img loading=\"lazy\" decoding=\"async\" class=\"aligncenter wp-image-6057 size-medium\" src=\"http:\/\/victoria-rad.de\/wp-content\/uploads\/2019\/11\/20190908_141045-225x300.jpg\" alt=\"\" width=\"225\" height=\"300\" srcset=\"http:\/\/victoria-rad.de\/wp-content\/uploads\/2019\/11\/20190908_141045-225x300.jpg 225w, http:\/\/victoria-rad.de\/wp-content\/uploads\/2019\/11\/20190908_141045-113x150.jpg 113w, http:\/\/victoria-rad.de\/wp-content\/uploads\/2019\/11\/20190908_141045.jpg 600w\" sizes=\"auto, (max-width: 225px) 100vw, 225px\" \/><\/a><\/p>\n<p><a href=\"http:\/\/victoria-rad.de\/wp-content\/uploads\/2019\/11\/20190908_140340.jpg\" target=\"_blank\" rel=\"noopener noreferrer\"><img loading=\"lazy\" decoding=\"async\" class=\"aligncenter wp-image-6059 size-medium\" src=\"http:\/\/victoria-rad.de\/wp-content\/uploads\/2019\/11\/20190908_140340-300x225.jpg\" alt=\"\" width=\"300\" height=\"225\" srcset=\"http:\/\/victoria-rad.de\/wp-content\/uploads\/2019\/11\/20190908_140340-300x225.jpg 300w, http:\/\/victoria-rad.de\/wp-content\/uploads\/2019\/11\/20190908_140340-150x113.jpg 150w, http:\/\/victoria-rad.de\/wp-content\/uploads\/2019\/11\/20190908_140340-768x576.jpg 768w, http:\/\/victoria-rad.de\/wp-content\/uploads\/2019\/11\/20190908_140340.jpg 800w\" sizes=\"auto, (max-width: 300px) 100vw, 300px\" \/><\/a><\/p>\n<p>Es sind zwar zum Teil erschreckende Bilder, aber das Werk steht noch, im Gegensatz zu den Victoria-Werken, wo alles dem Erdboden gleich gemacht wurde&#8230;<\/p>\n<p>Die Geb\u00e4ude sind in der Hand eines \u00f6sterreichischen Immobilien-Unternehmens. Am Tag des offenen Denkmals waren die Gem\u00e4uer zur Besichtigung freigegeben. Es blutete sicher manchen, auch ehemaligen Mitarbeitern, das Herz den Zustand erleben zu m\u00fcssen. Aber die D\u00e4cher sind gesichert und es laufen vorbereitende Ma\u00dfnahmen zum Baubeginn. eine Sicherheitsfirma gibt acht, das nicht noch mehr Vandalismus und Metallklau geschieht.<\/p>\n<p>Was wird aus den gro\u00dfen Geb\u00e4ude in der Zukunft ?<\/p>\n<p>Seht selbst:<\/p>\n<p><a href=\"http:\/\/victoria-rad.de\/wp-content\/uploads\/2019\/11\/20190908_140755-Kopie.jpg\" target=\"_blank\" rel=\"noopener noreferrer\"><img loading=\"lazy\" decoding=\"async\" class=\"aligncenter wp-image-6058 size-medium\" src=\"http:\/\/victoria-rad.de\/wp-content\/uploads\/2019\/11\/20190908_140755-Kopie-300x228.jpg\" alt=\"\" width=\"300\" height=\"228\" srcset=\"http:\/\/victoria-rad.de\/wp-content\/uploads\/2019\/11\/20190908_140755-Kopie-300x228.jpg 300w, http:\/\/victoria-rad.de\/wp-content\/uploads\/2019\/11\/20190908_140755-Kopie-150x114.jpg 150w, http:\/\/victoria-rad.de\/wp-content\/uploads\/2019\/11\/20190908_140755-Kopie-768x584.jpg 768w, http:\/\/victoria-rad.de\/wp-content\/uploads\/2019\/11\/20190908_140755-Kopie.jpg 800w\" sizes=\"auto, (max-width: 300px) 100vw, 300px\" \/><\/a><\/p>\n<p style=\"text-align: center;\"><strong>Man kann nur hoffen, dass das Vorhaben gelingt<span style=\"text-align: left; color: #333333; text-transform: none; text-indent: 0px; letter-spacing: normal; font-family: 'Noto Serif',serif; font-size: 17px; font-style: normal; font-variant: normal; text-decoration: none; word-spacing: 0px; display: inline !important; white-space: normal; orphans: 2; float: none; -webkit-text-stroke-width: 0px; background-color: #ffffff;\"> !!!<\/span><\/strong><\/p>\n<p>&nbsp;<\/p>\n<p><img loading=\"lazy\" decoding=\"async\" class=\"alignnone size-medium wp-image-5923 aligncenter\" src=\"http:\/\/victoria-rad.de\/wp-content\/uploads\/2019\/10\/58-2-300x14.png\" alt=\"\" width=\"300\" height=\"14\" srcset=\"http:\/\/victoria-rad.de\/wp-content\/uploads\/2019\/10\/58-2-300x14.png 300w, http:\/\/victoria-rad.de\/wp-content\/uploads\/2019\/10\/58-2-150x7.png 150w, http:\/\/victoria-rad.de\/wp-content\/uploads\/2019\/10\/58-2.png 501w\" sizes=\"auto, (max-width: 300px) 100vw, 300px\" \/><\/p>\n<p>&nbsp;<\/p>\n<p>&nbsp;<\/p>\n","protected":false},"excerpt":{"rendered":"<p>Nun ja, Wanderer wurde ein Jahr fr\u00fcher gegr\u00fcndet, also 1885 und Victoria dann 1886&#8230; Die Firmengr\u00fcnder waren die Herren Johann Baptist Winkelhofer und Richard Adolf Jaenicke. Bei Victoria waren auch zwei Herren zu Gange, n\u00e4mlich Max Frankenburger und Max Ottenstein. Beide Firmen besch\u00e4ftigten sich mit dem Bau von Hochr\u00e4dern und dann Fahrr\u00e4dern und deren Reparaturen. &hellip; <a href=\"http:\/\/victoria-rad.de\/?p=6013\" class=\"more-link\"><span class=\"screen-reader-text\">Motorrad &#8211; Wanderer &#8211; Werke, was verbindet mit Victoria&#8230;<\/span> weiterlesen<\/a><\/p>\n","protected":false},"author":1,"featured_media":0,"comment_status":"open","ping_status":"open","sticky":false,"template":"","format":"standard","meta":{"footnotes":""},"categories":[1],"tags":[],"class_list":["post-6013","post","type-post","status-publish","format-standard","hentry","category-uncategorized"],"_links":{"self":[{"href":"http:\/\/victoria-rad.de\/index.php?rest_route=\/wp\/v2\/posts\/6013","targetHints":{"allow":["GET"]}}],"collection":[{"href":"http:\/\/victoria-rad.de\/index.php?rest_route=\/wp\/v2\/posts"}],"about":[{"href":"http:\/\/victoria-rad.de\/index.php?rest_route=\/wp\/v2\/types\/post"}],"author":[{"embeddable":true,"href":"http:\/\/victoria-rad.de\/index.php?rest_route=\/wp\/v2\/users\/1"}],"replies":[{"embeddable":true,"href":"http:\/\/victoria-rad.de\/index.php?rest_route=%2Fwp%2Fv2%2Fcomments&post=6013"}],"version-history":[{"count":14,"href":"http:\/\/victoria-rad.de\/index.php?rest_route=\/wp\/v2\/posts\/6013\/revisions"}],"predecessor-version":[{"id":10348,"href":"http:\/\/victoria-rad.de\/index.php?rest_route=\/wp\/v2\/posts\/6013\/revisions\/10348"}],"wp:attachment":[{"href":"http:\/\/victoria-rad.de\/index.php?rest_route=%2Fwp%2Fv2%2Fmedia&parent=6013"}],"wp:term":[{"taxonomy":"category","embeddable":true,"href":"http:\/\/victoria-rad.de\/index.php?rest_route=%2Fwp%2Fv2%2Fcategories&post=6013"},{"taxonomy":"post_tag","embeddable":true,"href":"http:\/\/victoria-rad.de\/index.php?rest_route=%2Fwp%2Fv2%2Ftags&post=6013"}],"curies":[{"name":"wp","href":"https:\/\/api.w.org\/{rel}","templated":true}]}}