{"id":6641,"date":"2020-03-27T07:09:01","date_gmt":"2020-03-27T07:09:01","guid":{"rendered":"http:\/\/victoria-rad.de\/?p=6641"},"modified":"2020-03-28T06:11:09","modified_gmt":"2020-03-28T06:11:09","slug":"victoria-motorrad-kr-17-parilla-der-letzte-versuch-noch-mal-ein-motorrad-mit-erfolg","status":"publish","type":"post","link":"http:\/\/victoria-rad.de\/?p=6641","title":{"rendered":"Victoria &#8211; Parilla KR 17, der letzte Versuch noch mal ein Motorrad mit Erfolg ?"},"content":{"rendered":"<p><strong>Leider blieb der Erfolg aus, obwohl alle Anstrengungen unternommen wurden ein optimales Motorrad in der 175er Klasse herzustellen. Das Modell Victoria KR 17 Parilla war vom Design ein sportliches Motorrad, mal von den etwas zu volumin\u00f6s geratenen Schutzblechen abgesehen,<\/strong><strong> passte es auf jeden Fall in die Zeit:<\/strong><\/p>\n<p><a href=\"http:\/\/victoria-rad.de\/wp-content\/uploads\/2019\/12\/Plakat3.png\" target=\"_blank\" rel=\"noopener noreferrer\"><img loading=\"lazy\" decoding=\"async\" class=\"aligncenter wp-image-6649 size-medium\" src=\"http:\/\/victoria-rad.de\/wp-content\/uploads\/2019\/12\/Plakat3-300x210.png\" alt=\"\" width=\"300\" height=\"210\" srcset=\"http:\/\/victoria-rad.de\/wp-content\/uploads\/2019\/12\/Plakat3-300x210.png 300w, http:\/\/victoria-rad.de\/wp-content\/uploads\/2019\/12\/Plakat3-150x105.png 150w, http:\/\/victoria-rad.de\/wp-content\/uploads\/2019\/12\/Plakat3-768x538.png 768w, http:\/\/victoria-rad.de\/wp-content\/uploads\/2019\/12\/Plakat3.png 800w\" sizes=\"auto, (max-width: 300px) 100vw, 300px\" \/><\/a><\/p>\n<p><a href=\"http:\/\/victoria-rad.de\/wp-content\/uploads\/2019\/12\/5-2.jpg\" target=\"_blank\" rel=\"noopener noreferrer\"><img loading=\"lazy\" decoding=\"async\" class=\"aligncenter wp-image-6642 size-medium\" src=\"http:\/\/victoria-rad.de\/wp-content\/uploads\/2019\/12\/5-2-300x150.jpg\" alt=\"\" width=\"300\" height=\"150\" srcset=\"http:\/\/victoria-rad.de\/wp-content\/uploads\/2019\/12\/5-2-300x150.jpg 300w, http:\/\/victoria-rad.de\/wp-content\/uploads\/2019\/12\/5-2-150x75.jpg 150w, http:\/\/victoria-rad.de\/wp-content\/uploads\/2019\/12\/5-2-768x384.jpg 768w, http:\/\/victoria-rad.de\/wp-content\/uploads\/2019\/12\/5-2.jpg 800w\" sizes=\"auto, (max-width: 300px) 100vw, 300px\" \/><\/a><\/p>\n<p>Ein Fahrgestell herzustellen war nicht das Problem, aber den passenden Motor in der 175er Klasse kurzfristig zu bekommen veranlasste Victoria \u00fcber den Tellerrand zu blicken. Da gab es eine Firma der Gebr\u00fcder Parrilla (mit Doppel-r) in Mailand &#8211; Italien, welche f\u00fcr tolle moderne Motoren einen Namen hatte. Gesagt, getan der Ingenieur von Victoria Harald Oelerich kreuzte in Mailand auf und brachte mehrere Motoren mit verschiedenen Leistungsdaten mit nach N\u00fcrnberg.<\/p>\n<p style=\"text-align: center;\"><a href=\"http:\/\/victoria-rad.de\/wp-content\/uploads\/2019\/12\/IMG_20191130_0002-2.jpg\" target=\"_blank\" rel=\"noopener noreferrer\"><img loading=\"lazy\" decoding=\"async\" class=\"aligncenter wp-image-6644 size-medium\" src=\"http:\/\/victoria-rad.de\/wp-content\/uploads\/2019\/12\/IMG_20191130_0002-2-203x300.jpg\" alt=\"\" width=\"203\" height=\"300\" srcset=\"http:\/\/victoria-rad.de\/wp-content\/uploads\/2019\/12\/IMG_20191130_0002-2-203x300.jpg 203w, http:\/\/victoria-rad.de\/wp-content\/uploads\/2019\/12\/IMG_20191130_0002-2-101x150.jpg 101w, http:\/\/victoria-rad.de\/wp-content\/uploads\/2019\/12\/IMG_20191130_0002-2.jpg 541w\" sizes=\"auto, (max-width: 203px) 100vw, 203px\" \/><\/a>Links Giovanni Parrilla, daneben Direktor Bauer von Victoria auf der IFMA \/ Frankfurt vor einem Prototyp-Modell der Parilla im Jahr 1956.<\/p>\n<p>Das n\u00e4chste Bild zeigt Parrilla &#8211; wie sie in Italien hergestellt wurde:<\/p>\n<p><a href=\"http:\/\/victoria-rad.de\/wp-content\/uploads\/2019\/12\/8-1-scaled.jpg\" target=\"_blank\" rel=\"noopener noreferrer\"><img loading=\"lazy\" decoding=\"async\" class=\"aligncenter wp-image-6645 size-medium\" src=\"http:\/\/victoria-rad.de\/wp-content\/uploads\/2019\/12\/8-1-300x169.jpg\" alt=\"\" width=\"300\" height=\"169\" srcset=\"http:\/\/victoria-rad.de\/wp-content\/uploads\/2019\/12\/8-1-300x169.jpg 300w, http:\/\/victoria-rad.de\/wp-content\/uploads\/2019\/12\/8-1-1024x576.jpg 1024w, http:\/\/victoria-rad.de\/wp-content\/uploads\/2019\/12\/8-1-150x84.jpg 150w, http:\/\/victoria-rad.de\/wp-content\/uploads\/2019\/12\/8-1-768x432.jpg 768w, http:\/\/victoria-rad.de\/wp-content\/uploads\/2019\/12\/8-1-1536x864.jpg 1536w, http:\/\/victoria-rad.de\/wp-content\/uploads\/2019\/12\/8-1-2048x1152.jpg 2048w\" sizes=\"auto, (max-width: 300px) 100vw, 300px\" \/><\/a><\/p>\n<p><a href=\"http:\/\/victoria-rad.de\/wp-content\/uploads\/2019\/12\/IMG_20191130_0003-Kopie.jpg\" target=\"_blank\" rel=\"noopener noreferrer\"><img loading=\"lazy\" decoding=\"async\" class=\"aligncenter wp-image-6647 size-medium\" src=\"http:\/\/victoria-rad.de\/wp-content\/uploads\/2019\/12\/IMG_20191130_0003-Kopie-300x226.jpg\" alt=\"\" width=\"300\" height=\"226\" srcset=\"http:\/\/victoria-rad.de\/wp-content\/uploads\/2019\/12\/IMG_20191130_0003-Kopie-300x226.jpg 300w, http:\/\/victoria-rad.de\/wp-content\/uploads\/2019\/12\/IMG_20191130_0003-Kopie-150x113.jpg 150w, http:\/\/victoria-rad.de\/wp-content\/uploads\/2019\/12\/IMG_20191130_0003-Kopie-768x578.jpg 768w, http:\/\/victoria-rad.de\/wp-content\/uploads\/2019\/12\/IMG_20191130_0003-Kopie.jpg 800w\" sizes=\"auto, (max-width: 300px) 100vw, 300px\" \/><\/a><\/p>\n<p>Der f\u00fcr Victoria verwendete Touren-Sport-Motor:<\/p>\n<p><a href=\"http:\/\/victoria-rad.de\/wp-content\/uploads\/2019\/12\/S22C-113062514150-Kopie-2.jpg\" target=\"_blank\" rel=\"noopener noreferrer\"><img loading=\"lazy\" decoding=\"async\" class=\"aligncenter wp-image-6646 size-medium\" src=\"http:\/\/victoria-rad.de\/wp-content\/uploads\/2019\/12\/S22C-113062514150-Kopie-2-300x271.jpg\" alt=\"\" width=\"300\" height=\"271\" srcset=\"http:\/\/victoria-rad.de\/wp-content\/uploads\/2019\/12\/S22C-113062514150-Kopie-2-300x271.jpg 300w, http:\/\/victoria-rad.de\/wp-content\/uploads\/2019\/12\/S22C-113062514150-Kopie-2-150x136.jpg 150w, http:\/\/victoria-rad.de\/wp-content\/uploads\/2019\/12\/S22C-113062514150-Kopie-2.jpg 529w\" sizes=\"auto, (max-width: 300px) 100vw, 300px\" \/><\/a><\/p>\n<p style=\"text-align: center;\">OHV-Gesteuerter Motor mit Alu-Zylinderkopf &#8211; Leistung: 12,2 PS bei 6950 U\/min, das Verdichtungsverh\u00e4ltnis betr\u00e4gt 7,2 : 1, Vergaser &#8211; Dell`Orto 20 mm.<\/p>\n<p><a href=\"http:\/\/victoria-rad.de\/wp-content\/uploads\/2019\/12\/IMG_20191130_0001-3.jpg\" target=\"_blank\" rel=\"noopener noreferrer\"><img loading=\"lazy\" decoding=\"async\" class=\"aligncenter wp-image-6648 size-medium\" src=\"http:\/\/victoria-rad.de\/wp-content\/uploads\/2019\/12\/IMG_20191130_0001-3-203x300.jpg\" alt=\"\" width=\"203\" height=\"300\" srcset=\"http:\/\/victoria-rad.de\/wp-content\/uploads\/2019\/12\/IMG_20191130_0001-3-203x300.jpg 203w, http:\/\/victoria-rad.de\/wp-content\/uploads\/2019\/12\/IMG_20191130_0001-3-101x150.jpg 101w, http:\/\/victoria-rad.de\/wp-content\/uploads\/2019\/12\/IMG_20191130_0001-3.jpg 540w\" sizes=\"auto, (max-width: 203px) 100vw, 203px\" \/><\/a><a href=\"http:\/\/victoria-rad.de\/wp-content\/uploads\/2019\/12\/S22C-113062514150-Kopie.jpg\" target=\"_blank\" rel=\"noopener noreferrer\"><img loading=\"lazy\" decoding=\"async\" class=\"aligncenter wp-image-6650 size-medium\" src=\"http:\/\/victoria-rad.de\/wp-content\/uploads\/2019\/12\/S22C-113062514150-Kopie-300x207.jpg\" alt=\"\" width=\"300\" height=\"207\" srcset=\"http:\/\/victoria-rad.de\/wp-content\/uploads\/2019\/12\/S22C-113062514150-Kopie-300x207.jpg 300w, http:\/\/victoria-rad.de\/wp-content\/uploads\/2019\/12\/S22C-113062514150-Kopie-150x104.jpg 150w, http:\/\/victoria-rad.de\/wp-content\/uploads\/2019\/12\/S22C-113062514150-Kopie-768x531.jpg 768w, http:\/\/victoria-rad.de\/wp-content\/uploads\/2019\/12\/S22C-113062514150-Kopie.jpg 800w\" sizes=\"auto, (max-width: 300px) 100vw, 300px\" \/><\/a><a href=\"http:\/\/victoria-rad.de\/wp-content\/uploads\/2019\/12\/S22C-113062514150.jpg\" target=\"_blank\" rel=\"noopener noreferrer\"><img loading=\"lazy\" decoding=\"async\" class=\"aligncenter wp-image-6651 size-medium\" src=\"http:\/\/victoria-rad.de\/wp-content\/uploads\/2019\/12\/S22C-113062514150-300x206.jpg\" alt=\"\" width=\"300\" height=\"206\" srcset=\"http:\/\/victoria-rad.de\/wp-content\/uploads\/2019\/12\/S22C-113062514150-300x206.jpg 300w, http:\/\/victoria-rad.de\/wp-content\/uploads\/2019\/12\/S22C-113062514150-150x103.jpg 150w, http:\/\/victoria-rad.de\/wp-content\/uploads\/2019\/12\/S22C-113062514150-768x528.jpg 768w, http:\/\/victoria-rad.de\/wp-content\/uploads\/2019\/12\/S22C-113062514150.jpg 800w\" sizes=\"auto, (max-width: 300px) 100vw, 300px\" \/><\/a><\/p>\n<p>KR 17 Parilla von der rechten Seite:<\/p>\n<p><a href=\"http:\/\/victoria-rad.de\/wp-content\/uploads\/2019\/12\/IMG_20191130_0003-Kopie-2-Kopie-1.jpg\" target=\"_blank\" rel=\"noopener noreferrer\"><img loading=\"lazy\" decoding=\"async\" class=\"aligncenter wp-image-6652 size-medium\" src=\"http:\/\/victoria-rad.de\/wp-content\/uploads\/2019\/12\/IMG_20191130_0003-Kopie-2-Kopie-1-300x221.jpg\" alt=\"\" width=\"300\" height=\"221\" srcset=\"http:\/\/victoria-rad.de\/wp-content\/uploads\/2019\/12\/IMG_20191130_0003-Kopie-2-Kopie-1-300x221.jpg 300w, http:\/\/victoria-rad.de\/wp-content\/uploads\/2019\/12\/IMG_20191130_0003-Kopie-2-Kopie-1-150x110.jpg 150w, http:\/\/victoria-rad.de\/wp-content\/uploads\/2019\/12\/IMG_20191130_0003-Kopie-2-Kopie-1-768x565.jpg 768w, http:\/\/victoria-rad.de\/wp-content\/uploads\/2019\/12\/IMG_20191130_0003-Kopie-2-Kopie-1.jpg 800w\" sizes=\"auto, (max-width: 300px) 100vw, 300px\" \/><\/a><\/p>\n<p>Die zweite Variante der Victoria KR 17 Parilla war eine tolle Sportversion im Motorbereich, die mit einem h\u00f6her verdichteten Aggregat (8 : 1) ausger\u00fcstet war. Mit einer Sport-Nockenwelle erreichte der Motor stolze 14 PS bei 7800 U\/min. Es wurde ebenfalls ein Dell`Orto Vergaser, jedoch mit 21,5 mm eingebaut. Die zweite Variante war geplant, ging aber nie in Serie !!! Da man 1955 verschiedene Motoren aus Italien mitgebracht hatte, wurden auch die wenigen Sportmotoren verbaut&#8230;<\/p>\n<p>Der Sport-Motor:<\/p>\n<p style=\"text-align: center;\"><a href=\"http:\/\/victoria-rad.de\/wp-content\/uploads\/2019\/12\/Vic1956KR17SportNrF1359CL-Kopie-2.jpg\" target=\"_blank\" rel=\"noopener noreferrer\"><img loading=\"lazy\" decoding=\"async\" class=\"aligncenter wp-image-6653 size-medium\" src=\"http:\/\/victoria-rad.de\/wp-content\/uploads\/2019\/12\/Vic1956KR17SportNrF1359CL-Kopie-2-300x225.jpg\" alt=\"\" width=\"300\" height=\"225\" srcset=\"http:\/\/victoria-rad.de\/wp-content\/uploads\/2019\/12\/Vic1956KR17SportNrF1359CL-Kopie-2-300x225.jpg 300w, http:\/\/victoria-rad.de\/wp-content\/uploads\/2019\/12\/Vic1956KR17SportNrF1359CL-Kopie-2-1024x768.jpg 1024w, http:\/\/victoria-rad.de\/wp-content\/uploads\/2019\/12\/Vic1956KR17SportNrF1359CL-Kopie-2-150x113.jpg 150w, http:\/\/victoria-rad.de\/wp-content\/uploads\/2019\/12\/Vic1956KR17SportNrF1359CL-Kopie-2-768x576.jpg 768w, http:\/\/victoria-rad.de\/wp-content\/uploads\/2019\/12\/Vic1956KR17SportNrF1359CL-Kopie-2-1536x1152.jpg 1536w, http:\/\/victoria-rad.de\/wp-content\/uploads\/2019\/12\/Vic1956KR17SportNrF1359CL-Kopie-2.jpg 1600w\" sizes=\"auto, (max-width: 300px) 100vw, 300px\" \/><\/a>Erkennbar ist der Sportmotor am zweiten Deckel (Unterbrecherdeckel) vor dem rechten gro\u00dfen Kupplungsdeckel.<\/p>\n<p><a href=\"http:\/\/victoria-rad.de\/wp-content\/uploads\/2019\/12\/Vic1958KR17PSportNrF1359l-Kopie.jpg\" target=\"_blank\" rel=\"noopener noreferrer\"><img loading=\"lazy\" decoding=\"async\" class=\"aligncenter wp-image-6654 size-medium\" src=\"http:\/\/victoria-rad.de\/wp-content\/uploads\/2019\/12\/Vic1958KR17PSportNrF1359l-Kopie-300x199.jpg\" alt=\"\" width=\"300\" height=\"199\" srcset=\"http:\/\/victoria-rad.de\/wp-content\/uploads\/2019\/12\/Vic1958KR17PSportNrF1359l-Kopie-300x199.jpg 300w, http:\/\/victoria-rad.de\/wp-content\/uploads\/2019\/12\/Vic1958KR17PSportNrF1359l-Kopie-150x100.jpg 150w, http:\/\/victoria-rad.de\/wp-content\/uploads\/2019\/12\/Vic1958KR17PSportNrF1359l-Kopie-768x510.jpg 768w, http:\/\/victoria-rad.de\/wp-content\/uploads\/2019\/12\/Vic1958KR17PSportNrF1359l-Kopie.jpg 900w\" sizes=\"auto, (max-width: 300px) 100vw, 300px\" \/><\/a><\/p>\n<p>Wie man an der Tank-Lackierung erkennen kann, gab es zwei Lackvarianten, einmal Blau\/Schwarz eingefasst mit einer 3 mm breiten Goldlinie. Dies Variante wurde bei den ersten hundert Modellen angewendet:<\/p>\n<p><a href=\"http:\/\/victoria-rad.de\/wp-content\/uploads\/2019\/12\/VPTank-Kopie.jpg\" target=\"_blank\" rel=\"noopener noreferrer\"><img loading=\"lazy\" decoding=\"async\" class=\"aligncenter wp-image-6655 size-medium\" src=\"http:\/\/victoria-rad.de\/wp-content\/uploads\/2019\/12\/VPTank-Kopie-300x225.jpg\" alt=\"\" width=\"300\" height=\"225\" srcset=\"http:\/\/victoria-rad.de\/wp-content\/uploads\/2019\/12\/VPTank-Kopie-300x225.jpg 300w, http:\/\/victoria-rad.de\/wp-content\/uploads\/2019\/12\/VPTank-Kopie-1024x768.jpg 1024w, http:\/\/victoria-rad.de\/wp-content\/uploads\/2019\/12\/VPTank-Kopie-150x113.jpg 150w, http:\/\/victoria-rad.de\/wp-content\/uploads\/2019\/12\/VPTank-Kopie-768x576.jpg 768w, http:\/\/victoria-rad.de\/wp-content\/uploads\/2019\/12\/VPTank-Kopie.jpg 1136w\" sizes=\"auto, (max-width: 300px) 100vw, 300px\" \/><\/a><\/p>\n<p>Diese Variante gab es auch noch mit einer abgesetzten Linie im unteren Tankbereich:<\/p>\n<p><a href=\"http:\/\/victoria-rad.de\/wp-content\/uploads\/2020\/01\/VPTAL1101bis.png\" target=\"_blank\" rel=\"noopener noreferrer\"><img loading=\"lazy\" decoding=\"async\" class=\"aligncenter wp-image-6770 size-medium\" src=\"http:\/\/victoria-rad.de\/wp-content\/uploads\/2020\/01\/VPTAL1101bis-300x182.png\" alt=\"\" width=\"300\" height=\"182\" srcset=\"http:\/\/victoria-rad.de\/wp-content\/uploads\/2020\/01\/VPTAL1101bis-300x182.png 300w, http:\/\/victoria-rad.de\/wp-content\/uploads\/2020\/01\/VPTAL1101bis-150x91.png 150w, http:\/\/victoria-rad.de\/wp-content\/uploads\/2020\/01\/VPTAL1101bis-768x467.png 768w, http:\/\/victoria-rad.de\/wp-content\/uploads\/2020\/01\/VPTAL1101bis.png 800w\" sizes=\"auto, (max-width: 300px) 100vw, 300px\" \/><\/a><\/p>\n<p>Der Rot\/Schwarze Tank wurde in Modelle mit rot lackierten Fahrgestell eingebaut:<\/p>\n<p><a href=\"http:\/\/victoria-rad.de\/wp-content\/uploads\/2019\/12\/Vic1957KR17PNrF1016TAl-scaled.jpg\" target=\"_blank\" rel=\"noopener noreferrer\"><img loading=\"lazy\" decoding=\"async\" class=\"aligncenter wp-image-6656 size-medium\" src=\"http:\/\/victoria-rad.de\/wp-content\/uploads\/2019\/12\/Vic1957KR17PNrF1016TAl-300x225.jpg\" alt=\"\" width=\"300\" height=\"225\" srcset=\"http:\/\/victoria-rad.de\/wp-content\/uploads\/2019\/12\/Vic1957KR17PNrF1016TAl-300x225.jpg 300w, http:\/\/victoria-rad.de\/wp-content\/uploads\/2019\/12\/Vic1957KR17PNrF1016TAl-1024x768.jpg 1024w, http:\/\/victoria-rad.de\/wp-content\/uploads\/2019\/12\/Vic1957KR17PNrF1016TAl-150x113.jpg 150w, http:\/\/victoria-rad.de\/wp-content\/uploads\/2019\/12\/Vic1957KR17PNrF1016TAl-768x576.jpg 768w, http:\/\/victoria-rad.de\/wp-content\/uploads\/2019\/12\/Vic1957KR17PNrF1016TAl-1536x1152.jpg 1536w, http:\/\/victoria-rad.de\/wp-content\/uploads\/2019\/12\/Vic1957KR17PNrF1016TAl-2048x1536.jpg 2048w\" sizes=\"auto, (max-width: 300px) 100vw, 300px\" \/><\/a><\/p>\n<p>Nach Recherche von T. Reinwald gab es auch noch eine dritte Version, welche ebenfalls auf der IFMA 1956 als Einzelst\u00fcck vorgestellt wurde. Ein reines Sportfahrzeug mit Zulassung. Verbaut wurde ein spezieller Sportmotor mit zwei oben liegenden Nockenwellen. Aus den 175 ccm holte man \u00fcberragende 22 PS heraus. Ohne Seitendeckel konnte man den Vergaser mit Trichter live sehen. Mit gr\u00f6\u00dferer Trommelbremse im Vorderrad und filigraneren Schutzblechen wirkte die Parilla absolut rennsportlich:<\/p>\n<p style=\"text-align: center;\"><a href=\"http:\/\/victoria-rad.de\/wp-content\/uploads\/2019\/12\/IMG_20191130_0006.jpg\" target=\"_blank\" rel=\"noopener noreferrer\"><img loading=\"lazy\" decoding=\"async\" class=\"aligncenter wp-image-6658 size-medium\" src=\"http:\/\/victoria-rad.de\/wp-content\/uploads\/2019\/12\/IMG_20191130_0006-300x178.jpg\" alt=\"\" width=\"300\" height=\"178\" srcset=\"http:\/\/victoria-rad.de\/wp-content\/uploads\/2019\/12\/IMG_20191130_0006-300x178.jpg 300w, http:\/\/victoria-rad.de\/wp-content\/uploads\/2019\/12\/IMG_20191130_0006-150x89.jpg 150w, http:\/\/victoria-rad.de\/wp-content\/uploads\/2019\/12\/IMG_20191130_0006-768x455.jpg 768w, http:\/\/victoria-rad.de\/wp-content\/uploads\/2019\/12\/IMG_20191130_0006.jpg 800w\" sizes=\"auto, (max-width: 300px) 100vw, 300px\" \/><\/a>Schade, das so eine Rennvariante nicht auf die Stra\u00dfe kam&#8230; Bild: Verlag Kleine\/Vennekate.<\/p>\n<p style=\"text-align: center;\"><a href=\"http:\/\/victoria-rad.de\/wp-content\/uploads\/2019\/12\/IMG_20191130_0006-Kopie.jpg\" target=\"_blank\" rel=\"noopener noreferrer\"><img loading=\"lazy\" decoding=\"async\" class=\"aligncenter wp-image-6664 size-medium\" src=\"http:\/\/victoria-rad.de\/wp-content\/uploads\/2019\/12\/IMG_20191130_0006-Kopie-233x300.jpg\" alt=\"\" width=\"233\" height=\"300\" srcset=\"http:\/\/victoria-rad.de\/wp-content\/uploads\/2019\/12\/IMG_20191130_0006-Kopie-233x300.jpg 233w, http:\/\/victoria-rad.de\/wp-content\/uploads\/2019\/12\/IMG_20191130_0006-Kopie-116x150.jpg 116w, http:\/\/victoria-rad.de\/wp-content\/uploads\/2019\/12\/IMG_20191130_0006-Kopie.jpg 620w\" sizes=\"auto, (max-width: 233px) 100vw, 233px\" \/><\/a>Besonders zu beachten &#8211; Haarnadel-Ventilfedern und die Doppelnocken.<\/p>\n<p><em><strong>Aber nicht nur die Entwicklungsabteilungen forcierten Motorr\u00e4der zu Renngef\u00e4hrten. Auch im privaten Bereich wurde oft modifiziert, an Hand vom folgenden Victoria-Parilla-Rennmotorrad:<\/strong><\/em><\/p>\n<p><a href=\"http:\/\/victoria-rad.de\/wp-content\/uploads\/2019\/12\/20191124_135200.jpg\" target=\"_blank\" rel=\"noopener noreferrer\"><img loading=\"lazy\" decoding=\"async\" class=\"aligncenter wp-image-6659 size-medium\" src=\"http:\/\/victoria-rad.de\/wp-content\/uploads\/2019\/12\/20191124_135200-300x184.jpg\" alt=\"\" width=\"300\" height=\"184\" srcset=\"http:\/\/victoria-rad.de\/wp-content\/uploads\/2019\/12\/20191124_135200-300x184.jpg 300w, http:\/\/victoria-rad.de\/wp-content\/uploads\/2019\/12\/20191124_135200-150x92.jpg 150w, http:\/\/victoria-rad.de\/wp-content\/uploads\/2019\/12\/20191124_135200-768x471.jpg 768w, http:\/\/victoria-rad.de\/wp-content\/uploads\/2019\/12\/20191124_135200.jpg 800w\" sizes=\"auto, (max-width: 300px) 100vw, 300px\" \/><\/a><a href=\"http:\/\/victoria-rad.de\/wp-content\/uploads\/2019\/12\/20191124_135333.jpg\" target=\"_blank\" rel=\"noopener noreferrer\"><img loading=\"lazy\" decoding=\"async\" class=\"aligncenter wp-image-6660 size-medium\" src=\"http:\/\/victoria-rad.de\/wp-content\/uploads\/2019\/12\/20191124_135333-300x174.jpg\" alt=\"\" width=\"300\" height=\"174\" srcset=\"http:\/\/victoria-rad.de\/wp-content\/uploads\/2019\/12\/20191124_135333-300x174.jpg 300w, http:\/\/victoria-rad.de\/wp-content\/uploads\/2019\/12\/20191124_135333-150x87.jpg 150w, http:\/\/victoria-rad.de\/wp-content\/uploads\/2019\/12\/20191124_135333-768x444.jpg 768w, http:\/\/victoria-rad.de\/wp-content\/uploads\/2019\/12\/20191124_135333.jpg 800w\" sizes=\"auto, (max-width: 300px) 100vw, 300px\" \/><\/a>Die Ver\u00e4nderungen fallen dem Betrachter unschwer ins Auge, was die Vordergabel mit der Duplex-Bremse betrifft. Der Sitzbereich mit Rennsitzbank und dem der Sitzhaltung entsprechendem Rennlenker verleihen dem Fahrer eine sportliche Sitzhaltung. Im \u00fcbrigen sind viele Details mit Liebe zum Detail verbaut.<\/p>\n<p style=\"text-align: center;\"><a href=\"http:\/\/victoria-rad.de\/wp-content\/uploads\/2019\/12\/20191122_121752.jpg\" target=\"_blank\" rel=\"noopener noreferrer\"><img loading=\"lazy\" decoding=\"async\" class=\"aligncenter wp-image-6662 size-medium\" src=\"http:\/\/victoria-rad.de\/wp-content\/uploads\/2019\/12\/20191122_121752-195x300.jpg\" alt=\"\" width=\"195\" height=\"300\" srcset=\"http:\/\/victoria-rad.de\/wp-content\/uploads\/2019\/12\/20191122_121752-195x300.jpg 195w, http:\/\/victoria-rad.de\/wp-content\/uploads\/2019\/12\/20191122_121752-98x150.jpg 98w, http:\/\/victoria-rad.de\/wp-content\/uploads\/2019\/12\/20191122_121752.jpg 521w\" sizes=\"auto, (max-width: 195px) 100vw, 195px\" \/><\/a>Duplex-Rennbremsen aus Magnesium-Guss.<\/p>\n<p style=\"text-align: center;\"><a href=\"http:\/\/victoria-rad.de\/wp-content\/uploads\/2019\/12\/20191122_121933.jpg\" target=\"_blank\" rel=\"noopener noreferrer\"><img loading=\"lazy\" decoding=\"async\" class=\"aligncenter wp-image-6663 size-medium\" src=\"http:\/\/victoria-rad.de\/wp-content\/uploads\/2019\/12\/20191122_121933-300x169.jpg\" alt=\"\" width=\"300\" height=\"169\" srcset=\"http:\/\/victoria-rad.de\/wp-content\/uploads\/2019\/12\/20191122_121933-300x169.jpg 300w, http:\/\/victoria-rad.de\/wp-content\/uploads\/2019\/12\/20191122_121933-150x84.jpg 150w, http:\/\/victoria-rad.de\/wp-content\/uploads\/2019\/12\/20191122_121933-768x432.jpg 768w, http:\/\/victoria-rad.de\/wp-content\/uploads\/2019\/12\/20191122_121933.jpg 800w\" sizes=\"auto, (max-width: 300px) 100vw, 300px\" \/><\/a>Schmale, gro\u00df gehaltene K\u00fchl-Bremstrommel.<\/p>\n<p style=\"text-align: center;\"><a href=\"http:\/\/victoria-rad.de\/wp-content\/uploads\/2019\/12\/IMG_0035.jpg\" target=\"_blank\" rel=\"noopener noreferrer\"><img loading=\"lazy\" decoding=\"async\" class=\"aligncenter wp-image-6665 size-medium\" src=\"http:\/\/victoria-rad.de\/wp-content\/uploads\/2019\/12\/IMG_0035-300x225.jpg\" alt=\"\" width=\"300\" height=\"225\" srcset=\"http:\/\/victoria-rad.de\/wp-content\/uploads\/2019\/12\/IMG_0035-300x225.jpg 300w, http:\/\/victoria-rad.de\/wp-content\/uploads\/2019\/12\/IMG_0035-1024x768.jpg 1024w, http:\/\/victoria-rad.de\/wp-content\/uploads\/2019\/12\/IMG_0035-150x113.jpg 150w, http:\/\/victoria-rad.de\/wp-content\/uploads\/2019\/12\/IMG_0035-768x576.jpg 768w, http:\/\/victoria-rad.de\/wp-content\/uploads\/2019\/12\/IMG_0035-1536x1152.jpg 1536w, http:\/\/victoria-rad.de\/wp-content\/uploads\/2019\/12\/IMG_0035.jpg 1600w\" sizes=\"auto, (max-width: 300px) 100vw, 300px\" \/><\/a>Noch ein Blick in die Steuerseite, im Hintergrund ein Novotex-Rad. Diese Kunststoffr\u00e4der wurden in der Zeit vielfach verwendet, hatten aber auch eklatante Nachteile der Festigkeit. Wenn sich so ein Rad verabschiedet kann das zur Zerst\u00f6rung des Motors f\u00fchren.<\/p>\n<p><a href=\"http:\/\/victoria-rad.de\/wp-content\/uploads\/2019\/12\/20191124_135225.jpg\" target=\"_blank\" rel=\"noopener noreferrer\"><img loading=\"lazy\" decoding=\"async\" class=\"aligncenter wp-image-6666 size-medium\" src=\"http:\/\/victoria-rad.de\/wp-content\/uploads\/2019\/12\/20191124_135225-242x300.jpg\" alt=\"\" width=\"242\" height=\"300\" srcset=\"http:\/\/victoria-rad.de\/wp-content\/uploads\/2019\/12\/20191124_135225-242x300.jpg 242w, http:\/\/victoria-rad.de\/wp-content\/uploads\/2019\/12\/20191124_135225-121x150.jpg 121w, http:\/\/victoria-rad.de\/wp-content\/uploads\/2019\/12\/20191124_135225.jpg 645w\" sizes=\"auto, (max-width: 242px) 100vw, 242px\" \/><\/a><\/p>\n<div style=\"width: 660px;\" class=\"wp-video\"><video class=\"wp-video-shortcode\" id=\"video-6641-1\" width=\"660\" height=\"371\" preload=\"metadata\" controls=\"controls\"><source type=\"video\/mp4\" src=\"http:\/\/victoria-rad.de\/wp-content\/uploads\/2019\/12\/Mein-Film.mp4?_=1\" \/><a href=\"http:\/\/victoria-rad.de\/wp-content\/uploads\/2019\/12\/Mein-Film.mp4\">http:\/\/victoria-rad.de\/wp-content\/uploads\/2019\/12\/Mein-Film.mp4<\/a><\/video><\/div>\n<p>Von den Victoria KR 17 P sind leider nur ca. 400 St\u00fcck gebaut wurden, wobei nur ca. 50 St\u00fcck erhalten sind. Wer eine besitzt, sollte sie in Ehren halten !<\/p>\n<p>Sportliche Veranstaltungen mit der Victoria KR 17 Parilla Quelle: Verlag Kleine\/Vennekate\/Reinwald:<\/p>\n<p style=\"text-align: center;\"><a href=\"http:\/\/victoria-rad.de\/wp-content\/uploads\/2020\/01\/IMG_20191130_0008-Kopie-Kopie.jpg\" target=\"_blank\" rel=\"noopener noreferrer\"><img loading=\"lazy\" decoding=\"async\" class=\"aligncenter wp-image-6670 size-medium\" src=\"http:\/\/victoria-rad.de\/wp-content\/uploads\/2020\/01\/IMG_20191130_0008-Kopie-Kopie-300x207.jpg\" alt=\"\" width=\"300\" height=\"207\" srcset=\"http:\/\/victoria-rad.de\/wp-content\/uploads\/2020\/01\/IMG_20191130_0008-Kopie-Kopie-300x207.jpg 300w, http:\/\/victoria-rad.de\/wp-content\/uploads\/2020\/01\/IMG_20191130_0008-Kopie-Kopie-150x104.jpg 150w, http:\/\/victoria-rad.de\/wp-content\/uploads\/2020\/01\/IMG_20191130_0008-Kopie-Kopie-768x531.jpg 768w, http:\/\/victoria-rad.de\/wp-content\/uploads\/2020\/01\/IMG_20191130_0008-Kopie-Kopie.jpg 800w\" sizes=\"auto, (max-width: 300px) 100vw, 300px\" \/><\/a>Der einzige Erfolg der KR 17 P bei einem Stra\u00dfenrennen f\u00fcr Victoria. Hier auf dem Noris-Ring-Rennen 1957. Startnummer 203 &#8211; Georg Goppert, Startnummer 209 &#8211; Heinz Mayer.<\/p>\n<p style=\"text-align: center;\"><a href=\"http:\/\/victoria-rad.de\/wp-content\/uploads\/2020\/01\/IMG_20191130_0009.jpg\" target=\"_blank\" rel=\"noopener noreferrer\"><img loading=\"lazy\" decoding=\"async\" class=\"aligncenter wp-image-6671 size-medium\" src=\"http:\/\/victoria-rad.de\/wp-content\/uploads\/2020\/01\/IMG_20191130_0009-205x300.jpg\" alt=\"\" width=\"205\" height=\"300\" srcset=\"http:\/\/victoria-rad.de\/wp-content\/uploads\/2020\/01\/IMG_20191130_0009-205x300.jpg 205w, http:\/\/victoria-rad.de\/wp-content\/uploads\/2020\/01\/IMG_20191130_0009-103x150.jpg 103w, http:\/\/victoria-rad.de\/wp-content\/uploads\/2020\/01\/IMG_20191130_0009.jpg 547w\" sizes=\"auto, (max-width: 205px) 100vw, 205px\" \/><\/a>Georg Goppert freut sich \u00fcber den Sieg und Heinz Mayer erh\u00e4lt einen Blumenstrau\u00df. Zwischen den beiden steht Harald Oelerich, der ma\u00dfgeblich technisch als Versuchsingenieur an der Entwicklung der Parilla beteiligt war. Links im Anzug steht Hans Richter&#8230;<\/p>\n<p style=\"text-align: center;\"><a href=\"http:\/\/victoria-rad.de\/wp-content\/uploads\/2020\/01\/IMG_20191130_0008.jpg\" target=\"_blank\" rel=\"noopener noreferrer\"><img loading=\"lazy\" decoding=\"async\" class=\"aligncenter wp-image-6672 size-medium\" src=\"http:\/\/victoria-rad.de\/wp-content\/uploads\/2020\/01\/IMG_20191130_0008-300x234.jpg\" alt=\"\" width=\"300\" height=\"234\" srcset=\"http:\/\/victoria-rad.de\/wp-content\/uploads\/2020\/01\/IMG_20191130_0008-300x234.jpg 300w, http:\/\/victoria-rad.de\/wp-content\/uploads\/2020\/01\/IMG_20191130_0008-150x117.jpg 150w, http:\/\/victoria-rad.de\/wp-content\/uploads\/2020\/01\/IMG_20191130_0008-768x600.jpg 768w, http:\/\/victoria-rad.de\/wp-content\/uploads\/2020\/01\/IMG_20191130_0008.jpg 800w\" sizes=\"auto, (max-width: 300px) 100vw, 300px\" \/><\/a>Gel\u00e4ndesportveranstaltungen wurden ebenfalls absolviert, jedoch mit wenig Erfolg. beim Gel\u00e4ndesport wurde die Vorderradschwinge durch eine Teleskopgabel ersetzt.<\/p>\n<p>Ernst W\u00fcstenhagen, ein genialer Konstrukteur, entwarf das Fahrgestell der Victoria KR 17 Parilla. Zusammen mit Harald Oelerich im Team wurde das Motorrad auf die R\u00e4der gestellt und \u00fcber einen Prototyp hinaus ging die Parilla dann in Serie. Einige technische Daten und Besonderheiten:<\/p>\n<ul>\n<li>Victoria-eigenes Rohrahmen &#8211; Modell &#8211; Motor mittragend.<\/li>\n<li>\u00a0Hinerradfederung mit Langschwinge und Boge-Federbeinen<\/li>\n<li>\u00a0Vorderradfederung mit geschobener Langschwinge.<\/li>\n<li>\u00a0Schwingen &#8211; nadelgelagert.<\/li>\n<li>\u00a0Federweg vorn 145 mm, hinten 110 mm &#8211; optimale Werte.<\/li>\n<li>\u00a0Gewicht &#8211; vollgetankt 142 kg.<\/li>\n<\/ul>\n<p><a href=\"http:\/\/victoria-rad.de\/wp-content\/uploads\/2020\/01\/IMG_20191130_0002-3-Kopie.jpg\" target=\"_blank\" rel=\"noopener noreferrer\"><img loading=\"lazy\" decoding=\"async\" class=\"alignleft wp-image-6674 size-medium\" src=\"http:\/\/victoria-rad.de\/wp-content\/uploads\/2020\/01\/IMG_20191130_0002-3-Kopie-223x300.jpg\" alt=\"\" width=\"223\" height=\"300\" srcset=\"http:\/\/victoria-rad.de\/wp-content\/uploads\/2020\/01\/IMG_20191130_0002-3-Kopie-223x300.jpg 223w, http:\/\/victoria-rad.de\/wp-content\/uploads\/2020\/01\/IMG_20191130_0002-3-Kopie-111x150.jpg 111w, http:\/\/victoria-rad.de\/wp-content\/uploads\/2020\/01\/IMG_20191130_0002-3-Kopie.jpg 650w\" sizes=\"auto, (max-width: 223px) 100vw, 223px\" \/><\/a><em><strong>&#8222;Das Motorrad&#8220; im Jahr 1957 am 18. Mai &#8211; kurz vor dem &#8222;Aus&#8220; f\u00fcr das letzte Victoria-Motorrad.<\/strong><\/em><\/p>\n<p>&nbsp;<\/p>\n<p>&nbsp;<\/p>\n<p>&nbsp;<\/p>\n<p>&nbsp;<\/p>\n<p style=\"text-align: left;\">Chefredakteur C.H. Hertweck sitzt pers\u00f6nlich auf der Parilla. Er hat den Deal, die Motoren von Parrilla einzusetzen, mit eingef\u00e4delt. Er war Verfechter f\u00fcr den Erfolg dieser Maschine. Es half aber alles nichts, mit der Fusion &#8211; DKW und Express zur Zweiradunion war die Victoria Motorradproduktion Geschichte.<\/p>\n<p>Einige Fotos von den sch\u00f6nen Victoria &#8211; Parillas:<\/p>\n<p><a href=\"http:\/\/victoria-rad.de\/wp-content\/uploads\/2020\/01\/Vic175KR17P1958NrF1243r-Kopie.jpg\" target=\"_blank\" rel=\"noopener noreferrer\"><img loading=\"lazy\" decoding=\"async\" class=\"aligncenter wp-image-6675 size-medium\" src=\"http:\/\/victoria-rad.de\/wp-content\/uploads\/2020\/01\/Vic175KR17P1958NrF1243r-Kopie-300x225.jpg\" alt=\"\" width=\"300\" height=\"225\" srcset=\"http:\/\/victoria-rad.de\/wp-content\/uploads\/2020\/01\/Vic175KR17P1958NrF1243r-Kopie-300x225.jpg 300w, http:\/\/victoria-rad.de\/wp-content\/uploads\/2020\/01\/Vic175KR17P1958NrF1243r-Kopie-1024x768.jpg 1024w, http:\/\/victoria-rad.de\/wp-content\/uploads\/2020\/01\/Vic175KR17P1958NrF1243r-Kopie-150x113.jpg 150w, http:\/\/victoria-rad.de\/wp-content\/uploads\/2020\/01\/Vic175KR17P1958NrF1243r-Kopie-768x576.jpg 768w, http:\/\/victoria-rad.de\/wp-content\/uploads\/2020\/01\/Vic175KR17P1958NrF1243r-Kopie-1536x1152.jpg 1536w, http:\/\/victoria-rad.de\/wp-content\/uploads\/2020\/01\/Vic175KR17P1958NrF1243r-Kopie.jpg 1600w\" sizes=\"auto, (max-width: 300px) 100vw, 300px\" \/><\/a><a href=\"http:\/\/victoria-rad.de\/wp-content\/uploads\/2020\/01\/Vic175KR17P1958NrF1253l.jpg\" target=\"_blank\" rel=\"noopener noreferrer\"><img loading=\"lazy\" decoding=\"async\" class=\"aligncenter wp-image-6676 size-medium\" src=\"http:\/\/victoria-rad.de\/wp-content\/uploads\/2020\/01\/Vic175KR17P1958NrF1253l-300x225.jpg\" alt=\"\" width=\"300\" height=\"225\" srcset=\"http:\/\/victoria-rad.de\/wp-content\/uploads\/2020\/01\/Vic175KR17P1958NrF1253l-300x225.jpg 300w, http:\/\/victoria-rad.de\/wp-content\/uploads\/2020\/01\/Vic175KR17P1958NrF1253l-1024x768.jpg 1024w, http:\/\/victoria-rad.de\/wp-content\/uploads\/2020\/01\/Vic175KR17P1958NrF1253l-150x113.jpg 150w, http:\/\/victoria-rad.de\/wp-content\/uploads\/2020\/01\/Vic175KR17P1958NrF1253l-768x576.jpg 768w, http:\/\/victoria-rad.de\/wp-content\/uploads\/2020\/01\/Vic175KR17P1958NrF1253l-1536x1152.jpg 1536w, http:\/\/victoria-rad.de\/wp-content\/uploads\/2020\/01\/Vic175KR17P1958NrF1253l.jpg 1600w\" sizes=\"auto, (max-width: 300px) 100vw, 300px\" \/><\/a><a href=\"http:\/\/victoria-rad.de\/wp-content\/uploads\/2020\/01\/Vic175KR17P1958NrF1338-Kopie-scaled.jpg\" target=\"_blank\" rel=\"noopener noreferrer\"><img loading=\"lazy\" decoding=\"async\" class=\"aligncenter wp-image-6677 size-medium\" src=\"http:\/\/victoria-rad.de\/wp-content\/uploads\/2020\/01\/Vic175KR17P1958NrF1338-Kopie-300x224.jpg\" alt=\"\" width=\"300\" height=\"224\" srcset=\"http:\/\/victoria-rad.de\/wp-content\/uploads\/2020\/01\/Vic175KR17P1958NrF1338-Kopie-300x224.jpg 300w, http:\/\/victoria-rad.de\/wp-content\/uploads\/2020\/01\/Vic175KR17P1958NrF1338-Kopie-1024x765.jpg 1024w, http:\/\/victoria-rad.de\/wp-content\/uploads\/2020\/01\/Vic175KR17P1958NrF1338-Kopie-150x112.jpg 150w, http:\/\/victoria-rad.de\/wp-content\/uploads\/2020\/01\/Vic175KR17P1958NrF1338-Kopie-768x574.jpg 768w, http:\/\/victoria-rad.de\/wp-content\/uploads\/2020\/01\/Vic175KR17P1958NrF1338-Kopie-1536x1147.jpg 1536w, http:\/\/victoria-rad.de\/wp-content\/uploads\/2020\/01\/Vic175KR17P1958NrF1338-Kopie-2048x1530.jpg 2048w\" sizes=\"auto, (max-width: 300px) 100vw, 300px\" \/><\/a><a href=\"http:\/\/victoria-rad.de\/wp-content\/uploads\/2020\/01\/Vic1957KR17PNrF1016Wittmann-Kopie-scaled.jpg\" target=\"_blank\" rel=\"noopener noreferrer\"><img loading=\"lazy\" decoding=\"async\" class=\"aligncenter wp-image-6678 size-medium\" src=\"http:\/\/victoria-rad.de\/wp-content\/uploads\/2020\/01\/Vic1957KR17PNrF1016Wittmann-Kopie-300x225.jpg\" alt=\"\" width=\"300\" height=\"225\" srcset=\"http:\/\/victoria-rad.de\/wp-content\/uploads\/2020\/01\/Vic1957KR17PNrF1016Wittmann-Kopie-300x225.jpg 300w, http:\/\/victoria-rad.de\/wp-content\/uploads\/2020\/01\/Vic1957KR17PNrF1016Wittmann-Kopie-1024x768.jpg 1024w, http:\/\/victoria-rad.de\/wp-content\/uploads\/2020\/01\/Vic1957KR17PNrF1016Wittmann-Kopie-150x113.jpg 150w, http:\/\/victoria-rad.de\/wp-content\/uploads\/2020\/01\/Vic1957KR17PNrF1016Wittmann-Kopie-768x576.jpg 768w, http:\/\/victoria-rad.de\/wp-content\/uploads\/2020\/01\/Vic1957KR17PNrF1016Wittmann-Kopie-1536x1152.jpg 1536w, http:\/\/victoria-rad.de\/wp-content\/uploads\/2020\/01\/Vic1957KR17PNrF1016Wittmann-Kopie-2048x1536.jpg 2048w\" sizes=\"auto, (max-width: 300px) 100vw, 300px\" \/><\/a><\/p>\n<p>Originales Foto von Rudi Ebert auf Victoria &#8222;Parilla&#8220;. Das Foto wurde zum Buch des Podzun-Verlag, Autor Thomas Reinwald, \u00fcber Victoria Motorr\u00e4der verwendet:<\/p>\n<p><a href=\"http:\/\/victoria-rad.de\/wp-content\/uploads\/2020\/01\/IMG_20141127_0021.jpg\" target=\"_blank\" rel=\"noopener noreferrer\"><img loading=\"lazy\" decoding=\"async\" class=\"aligncenter wp-image-7224 size-medium\" src=\"http:\/\/victoria-rad.de\/wp-content\/uploads\/2020\/01\/IMG_20141127_0021-300x298.jpg\" alt=\"\" width=\"300\" height=\"298\" srcset=\"http:\/\/victoria-rad.de\/wp-content\/uploads\/2020\/01\/IMG_20141127_0021-300x298.jpg 300w, http:\/\/victoria-rad.de\/wp-content\/uploads\/2020\/01\/IMG_20141127_0021-150x150.jpg 150w, http:\/\/victoria-rad.de\/wp-content\/uploads\/2020\/01\/IMG_20141127_0021-768x763.jpg 768w, http:\/\/victoria-rad.de\/wp-content\/uploads\/2020\/01\/IMG_20141127_0021.jpg 800w\" sizes=\"auto, (max-width: 300px) 100vw, 300px\" \/><\/a><\/p>\n<p><img loading=\"lazy\" decoding=\"async\" class=\"alignnone size-medium wp-image-6679 aligncenter\" src=\"http:\/\/victoria-rad.de\/wp-content\/uploads\/2020\/01\/58-300x14.png\" alt=\"\" width=\"300\" height=\"14\" srcset=\"http:\/\/victoria-rad.de\/wp-content\/uploads\/2020\/01\/58-300x14.png 300w, http:\/\/victoria-rad.de\/wp-content\/uploads\/2020\/01\/58-150x7.png 150w, http:\/\/victoria-rad.de\/wp-content\/uploads\/2020\/01\/58.png 501w\" sizes=\"auto, (max-width: 300px) 100vw, 300px\" \/><\/p>\n<p>&nbsp;<\/p>\n<p>&nbsp;<\/p>\n<p>&nbsp;<\/p>\n<p>&nbsp;<\/p>\n","protected":false},"excerpt":{"rendered":"<p>Leider blieb der Erfolg aus, obwohl alle Anstrengungen unternommen wurden ein optimales Motorrad in der 175er Klasse herzustellen. Das Modell Victoria KR 17 Parilla war vom Design ein sportliches Motorrad, mal von den etwas zu volumin\u00f6s geratenen Schutzblechen abgesehen, passte es auf jeden Fall in die Zeit: Ein Fahrgestell herzustellen war nicht das Problem, aber &hellip; <a href=\"http:\/\/victoria-rad.de\/?p=6641\" class=\"more-link\"><span class=\"screen-reader-text\">Victoria &#8211; Parilla KR 17, der letzte Versuch noch mal ein Motorrad mit Erfolg ?<\/span> weiterlesen<\/a><\/p>\n","protected":false},"author":1,"featured_media":0,"comment_status":"open","ping_status":"open","sticky":false,"template":"","format":"standard","meta":{"footnotes":""},"categories":[1],"tags":[],"class_list":["post-6641","post","type-post","status-publish","format-standard","hentry","category-uncategorized"],"_links":{"self":[{"href":"http:\/\/victoria-rad.de\/index.php?rest_route=\/wp\/v2\/posts\/6641","targetHints":{"allow":["GET"]}}],"collection":[{"href":"http:\/\/victoria-rad.de\/index.php?rest_route=\/wp\/v2\/posts"}],"about":[{"href":"http:\/\/victoria-rad.de\/index.php?rest_route=\/wp\/v2\/types\/post"}],"author":[{"embeddable":true,"href":"http:\/\/victoria-rad.de\/index.php?rest_route=\/wp\/v2\/users\/1"}],"replies":[{"embeddable":true,"href":"http:\/\/victoria-rad.de\/index.php?rest_route=%2Fwp%2Fv2%2Fcomments&post=6641"}],"version-history":[{"count":13,"href":"http:\/\/victoria-rad.de\/index.php?rest_route=\/wp\/v2\/posts\/6641\/revisions"}],"predecessor-version":[{"id":8408,"href":"http:\/\/victoria-rad.de\/index.php?rest_route=\/wp\/v2\/posts\/6641\/revisions\/8408"}],"wp:attachment":[{"href":"http:\/\/victoria-rad.de\/index.php?rest_route=%2Fwp%2Fv2%2Fmedia&parent=6641"}],"wp:term":[{"taxonomy":"category","embeddable":true,"href":"http:\/\/victoria-rad.de\/index.php?rest_route=%2Fwp%2Fv2%2Fcategories&post=6641"},{"taxonomy":"post_tag","embeddable":true,"href":"http:\/\/victoria-rad.de\/index.php?rest_route=%2Fwp%2Fv2%2Ftags&post=6641"}],"curies":[{"name":"wp","href":"https:\/\/api.w.org\/{rel}","templated":true}]}}