{"id":7014,"date":"2020-08-24T14:20:40","date_gmt":"2020-08-24T14:20:40","guid":{"rendered":"http:\/\/victoria-rad.de\/?p=7014"},"modified":"2020-08-24T14:20:40","modified_gmt":"2020-08-24T14:20:40","slug":"victoria-vicky-superluxus-zweirad-union-ag","status":"publish","type":"post","link":"http:\/\/victoria-rad.de\/?p=7014","title":{"rendered":"Victoria &#8211; Vicky Superluxus &#8211; Zweirad Union AG&#8230;"},"content":{"rendered":"<p><strong>Die Vicky Super-Luxus von 1959\/1960 war unverkennbar das sch\u00f6nste Moped aus der ganzen Vicky-Reihe und man hat sie in der Zweirad Union gerne mit eingebracht und\u00a0 unter der neuen Marke verkauft:<\/strong><\/p>\n<p><a href=\"http:\/\/victoria-rad.de\/wp-content\/uploads\/2019\/07\/Vicky-Superluxus.png\" target=\"_blank\" rel=\"noopener noreferrer\"><img loading=\"lazy\" decoding=\"async\" class=\"aligncenter wp-image-4648 size-medium\" src=\"http:\/\/victoria-rad.de\/wp-content\/uploads\/2019\/07\/Vicky-Superluxus-300x160.png\" alt=\"\" width=\"300\" height=\"160\" srcset=\"http:\/\/victoria-rad.de\/wp-content\/uploads\/2019\/07\/Vicky-Superluxus-300x160.png 300w, http:\/\/victoria-rad.de\/wp-content\/uploads\/2019\/07\/Vicky-Superluxus-150x80.png 150w, http:\/\/victoria-rad.de\/wp-content\/uploads\/2019\/07\/Vicky-Superluxus-768x409.png 768w, http:\/\/victoria-rad.de\/wp-content\/uploads\/2019\/07\/Vicky-Superluxus.png 800w\" sizes=\"auto, (max-width: 300px) 100vw, 300px\" \/><\/a>Das Modell aus der &#8222;Zweirad-Union&#8220;.<\/p>\n<p><a href=\"http:\/\/victoria-rad.de\/wp-content\/uploads\/2019\/07\/Image00042-3-Kopie.jpg\" target=\"_blank\" rel=\"noopener noreferrer\"><img loading=\"lazy\" decoding=\"async\" class=\"aligncenter wp-image-4649 size-medium\" src=\"http:\/\/victoria-rad.de\/wp-content\/uploads\/2019\/07\/Image00042-3-Kopie-238x300.jpg\" alt=\"\" width=\"238\" height=\"300\" srcset=\"http:\/\/victoria-rad.de\/wp-content\/uploads\/2019\/07\/Image00042-3-Kopie-238x300.jpg 238w, http:\/\/victoria-rad.de\/wp-content\/uploads\/2019\/07\/Image00042-3-Kopie-119x150.jpg 119w, http:\/\/victoria-rad.de\/wp-content\/uploads\/2019\/07\/Image00042-3-Kopie.jpg 634w\" sizes=\"auto, (max-width: 238px) 100vw, 238px\" \/><\/a>Oben handschriftlich die Verkaufspreise f\u00fcr Normalmotor und f\u00fcr den Gebl\u00e4se-Motor.<\/p>\n<p><a href=\"http:\/\/victoria-rad.de\/wp-content\/uploads\/2019\/07\/Image00042-4-Kopie.jpg\" target=\"_blank\" rel=\"noopener noreferrer\"><img loading=\"lazy\" decoding=\"async\" class=\"aligncenter wp-image-4650 size-medium\" src=\"http:\/\/victoria-rad.de\/wp-content\/uploads\/2019\/07\/Image00042-4-Kopie-300x147.jpg\" alt=\"\" width=\"300\" height=\"147\" srcset=\"http:\/\/victoria-rad.de\/wp-content\/uploads\/2019\/07\/Image00042-4-Kopie-300x147.jpg 300w, http:\/\/victoria-rad.de\/wp-content\/uploads\/2019\/07\/Image00042-4-Kopie-150x74.jpg 150w, http:\/\/victoria-rad.de\/wp-content\/uploads\/2019\/07\/Image00042-4-Kopie.jpg 548w\" sizes=\"auto, (max-width: 300px) 100vw, 300px\" \/><\/a><a href=\"http:\/\/victoria-rad.de\/wp-content\/uploads\/2019\/07\/Image00042-4-Kopie-Kopie.jpg\" target=\"_blank\" rel=\"noopener noreferrer\"><img loading=\"lazy\" decoding=\"async\" class=\"aligncenter wp-image-4651 size-medium\" src=\"http:\/\/victoria-rad.de\/wp-content\/uploads\/2019\/07\/Image00042-4-Kopie-Kopie-300x143.jpg\" alt=\"\" width=\"300\" height=\"143\" srcset=\"http:\/\/victoria-rad.de\/wp-content\/uploads\/2019\/07\/Image00042-4-Kopie-Kopie-300x143.jpg 300w, http:\/\/victoria-rad.de\/wp-content\/uploads\/2019\/07\/Image00042-4-Kopie-Kopie-150x72.jpg 150w, http:\/\/victoria-rad.de\/wp-content\/uploads\/2019\/07\/Image00042-4-Kopie-Kopie.jpg 548w\" sizes=\"auto, (max-width: 300px) 100vw, 300px\" \/><\/a>Der moderne Gebl\u00e4se-Motor:<\/p>\n<p><a href=\"http:\/\/victoria-rad.de\/wp-content\/uploads\/2019\/07\/Image00042-5-Kopie-Kopie.jpg\" target=\"_blank\" rel=\"noopener noreferrer\"><img loading=\"lazy\" decoding=\"async\" class=\"aligncenter wp-image-4652 size-medium\" src=\"http:\/\/victoria-rad.de\/wp-content\/uploads\/2019\/07\/Image00042-5-Kopie-Kopie-300x146.jpg\" alt=\"\" width=\"300\" height=\"146\" srcset=\"http:\/\/victoria-rad.de\/wp-content\/uploads\/2019\/07\/Image00042-5-Kopie-Kopie-300x146.jpg 300w, http:\/\/victoria-rad.de\/wp-content\/uploads\/2019\/07\/Image00042-5-Kopie-Kopie-150x73.jpg 150w, http:\/\/victoria-rad.de\/wp-content\/uploads\/2019\/07\/Image00042-5-Kopie-Kopie.jpg 548w\" sizes=\"auto, (max-width: 300px) 100vw, 300px\" \/><\/a>Die Motoren:<\/p>\n<p><a href=\"http:\/\/victoria-rad.de\/wp-content\/uploads\/2019\/07\/IMG_20190707_0001-Kopie.jpg\" target=\"_blank\" rel=\"noopener noreferrer\"><img loading=\"lazy\" decoding=\"async\" class=\"aligncenter wp-image-4656 size-medium\" src=\"http:\/\/victoria-rad.de\/wp-content\/uploads\/2019\/07\/IMG_20190707_0001-Kopie-300x108.jpg\" alt=\"\" width=\"300\" height=\"108\" srcset=\"http:\/\/victoria-rad.de\/wp-content\/uploads\/2019\/07\/IMG_20190707_0001-Kopie-300x108.jpg 300w, http:\/\/victoria-rad.de\/wp-content\/uploads\/2019\/07\/IMG_20190707_0001-Kopie-150x54.jpg 150w, http:\/\/victoria-rad.de\/wp-content\/uploads\/2019\/07\/IMG_20190707_0001-Kopie-768x276.jpg 768w, http:\/\/victoria-rad.de\/wp-content\/uploads\/2019\/07\/IMG_20190707_0001-Kopie.jpg 800w\" sizes=\"auto, (max-width: 300px) 100vw, 300px\" \/><\/a><a href=\"http:\/\/victoria-rad.de\/wp-content\/uploads\/2019\/07\/IMG_20190707_0001.jpg\" target=\"_blank\" rel=\"noopener noreferrer\"><img loading=\"lazy\" decoding=\"async\" class=\"aligncenter wp-image-4657 size-medium\" src=\"http:\/\/victoria-rad.de\/wp-content\/uploads\/2019\/07\/IMG_20190707_0001-300x105.jpg\" alt=\"\" width=\"300\" height=\"105\" srcset=\"http:\/\/victoria-rad.de\/wp-content\/uploads\/2019\/07\/IMG_20190707_0001-300x105.jpg 300w, http:\/\/victoria-rad.de\/wp-content\/uploads\/2019\/07\/IMG_20190707_0001-150x53.jpg 150w, http:\/\/victoria-rad.de\/wp-content\/uploads\/2019\/07\/IMG_20190707_0001-768x270.jpg 768w, http:\/\/victoria-rad.de\/wp-content\/uploads\/2019\/07\/IMG_20190707_0001.jpg 800w\" sizes=\"auto, (max-width: 300px) 100vw, 300px\" \/><\/a><br \/>\n<a href=\"http:\/\/victoria-rad.de\/wp-content\/uploads\/2019\/07\/Image00043-Kopie-1.jpg\" target=\"_blank\" rel=\"noopener noreferrer\"><img loading=\"lazy\" decoding=\"async\" class=\"aligncenter wp-image-4653 size-medium\" src=\"http:\/\/victoria-rad.de\/wp-content\/uploads\/2019\/07\/Image00043-Kopie-1-201x300.jpg\" alt=\"\" width=\"201\" height=\"300\" srcset=\"http:\/\/victoria-rad.de\/wp-content\/uploads\/2019\/07\/Image00043-Kopie-1-201x300.jpg 201w, http:\/\/victoria-rad.de\/wp-content\/uploads\/2019\/07\/Image00043-Kopie-1-101x150.jpg 101w, http:\/\/victoria-rad.de\/wp-content\/uploads\/2019\/07\/Image00043-Kopie-1.jpg 536w\" sizes=\"auto, (max-width: 201px) 100vw, 201px\" \/><\/a>Wie schon die Vorg\u00e4nger besa\u00df der Tankrahmen zwei Halbschalen welche verwindungsfrei gepresst waren. Der Tank hatte jetzt einen Inhalt von exakt 5,11 Liter Kraftstoff. Dieser Rahmen geht bis zum Heckteil und ist mit den sch\u00f6nen Zierleisten und Halbschalen umgeben. Der Hingucker ist sicherlich die Frontpartie mit dem gro\u00dfen breiten Breitband-Scheinwerfer und den Bedienelementen. Als Voll-Schwingen-Fahrzeug hat man einen sehr guten Fahrkomfort und kann auch gr\u00f6\u00dfere Strecken fahren. Nat\u00fcrlich ist auch der Sozius-Fahrer mit diesem Fahrkomfort bedacht auf der gro\u00dfen Doppelsitzbank. Es wurden auch Ver\u00e4nderungen vorgenommen, um bessere Montage der Bowdenz\u00fcge zu erreichen. Am Heck \u00fcbernimmt ein Alugussteil die Halterung f\u00fcr den Gep\u00e4cktr\u00e4ger und das R\u00fccklicht. Man kann sagen das Detail im Detail, ja so hat Victoria halt konstruiert und gearbeitet.<\/p>\n<p>Originale Victoria &#8222;Super-Luxus&#8220;:<\/p>\n<p><a href=\"http:\/\/victoria-rad.de\/wp-content\/uploads\/2019\/07\/P1030091.png\" target=\"_blank\" rel=\"noopener noreferrer\"><img loading=\"lazy\" decoding=\"async\" class=\"aligncenter wp-image-4658 size-medium\" src=\"http:\/\/victoria-rad.de\/wp-content\/uploads\/2019\/07\/P1030091-300x225.png\" alt=\"\" width=\"300\" height=\"225\" srcset=\"http:\/\/victoria-rad.de\/wp-content\/uploads\/2019\/07\/P1030091-300x225.png 300w, http:\/\/victoria-rad.de\/wp-content\/uploads\/2019\/07\/P1030091-150x113.png 150w, http:\/\/victoria-rad.de\/wp-content\/uploads\/2019\/07\/P1030091-768x576.png 768w, http:\/\/victoria-rad.de\/wp-content\/uploads\/2019\/07\/P1030091.png 800w\" sizes=\"auto, (max-width: 300px) 100vw, 300px\" \/><\/a><a href=\"http:\/\/victoria-rad.de\/wp-content\/uploads\/2019\/07\/P1030088.png\" target=\"_blank\" rel=\"noopener noreferrer\"><img loading=\"lazy\" decoding=\"async\" class=\"aligncenter wp-image-4659 size-medium\" src=\"http:\/\/victoria-rad.de\/wp-content\/uploads\/2019\/07\/P1030088-300x225.png\" alt=\"\" width=\"300\" height=\"225\" srcset=\"http:\/\/victoria-rad.de\/wp-content\/uploads\/2019\/07\/P1030088-300x225.png 300w, http:\/\/victoria-rad.de\/wp-content\/uploads\/2019\/07\/P1030088-150x113.png 150w, http:\/\/victoria-rad.de\/wp-content\/uploads\/2019\/07\/P1030088-768x576.png 768w, http:\/\/victoria-rad.de\/wp-content\/uploads\/2019\/07\/P1030088.png 800w\" sizes=\"auto, (max-width: 300px) 100vw, 300px\" \/><\/a><a href=\"http:\/\/victoria-rad.de\/wp-content\/uploads\/2019\/07\/P1030092-1.png\" target=\"_blank\" rel=\"noopener noreferrer\"><img loading=\"lazy\" decoding=\"async\" class=\"aligncenter wp-image-4660 size-medium\" src=\"http:\/\/victoria-rad.de\/wp-content\/uploads\/2019\/07\/P1030092-1-300x225.png\" alt=\"\" width=\"300\" height=\"225\" srcset=\"http:\/\/victoria-rad.de\/wp-content\/uploads\/2019\/07\/P1030092-1-300x225.png 300w, http:\/\/victoria-rad.de\/wp-content\/uploads\/2019\/07\/P1030092-1-150x113.png 150w, http:\/\/victoria-rad.de\/wp-content\/uploads\/2019\/07\/P1030092-1-768x576.png 768w, http:\/\/victoria-rad.de\/wp-content\/uploads\/2019\/07\/P1030092-1.png 800w\" sizes=\"auto, (max-width: 300px) 100vw, 300px\" \/><\/a>Wie bei den vorherigen Modellen war die Durchf\u00fchrung zur Halterung eines Kindersitzes vorgesehen. Hier sieht man wie der vollst\u00e4ndige Sitz montiert ist. diese Kindersitze sind heute sehr begehrt und im Nachkauf auch sehr teuer, weil nur wenige \u00fcberlebt haben.<\/p>\n<p><a href=\"http:\/\/victoria-rad.de\/wp-content\/uploads\/2020\/01\/IMG_20200113_0028.jpg\" target=\"_blank\" rel=\"noopener noreferrer\"><img loading=\"lazy\" decoding=\"async\" class=\"aligncenter wp-image-7022 size-medium\" src=\"http:\/\/victoria-rad.de\/wp-content\/uploads\/2020\/01\/IMG_20200113_0028-216x300.jpg\" alt=\"\" width=\"216\" height=\"300\" srcset=\"http:\/\/victoria-rad.de\/wp-content\/uploads\/2020\/01\/IMG_20200113_0028-216x300.jpg 216w, http:\/\/victoria-rad.de\/wp-content\/uploads\/2020\/01\/IMG_20200113_0028-108x150.jpg 108w, http:\/\/victoria-rad.de\/wp-content\/uploads\/2020\/01\/IMG_20200113_0028.jpg 576w\" sizes=\"auto, (max-width: 216px) 100vw, 216px\" \/><\/a>Vicky Super Luxus mit Gebl\u00e4se:<\/p>\n<p><a href=\"http:\/\/victoria-rad.de\/wp-content\/uploads\/2019\/07\/S22C-113062513270-3-Kopie.jpg\" target=\"_blank\" rel=\"noopener noreferrer\"><img loading=\"lazy\" decoding=\"async\" class=\"aligncenter wp-image-4661 size-medium\" src=\"http:\/\/victoria-rad.de\/wp-content\/uploads\/2019\/07\/S22C-113062513270-3-Kopie-300x214.jpg\" alt=\"\" width=\"300\" height=\"214\" srcset=\"http:\/\/victoria-rad.de\/wp-content\/uploads\/2019\/07\/S22C-113062513270-3-Kopie-300x214.jpg 300w, http:\/\/victoria-rad.de\/wp-content\/uploads\/2019\/07\/S22C-113062513270-3-Kopie-150x107.jpg 150w, http:\/\/victoria-rad.de\/wp-content\/uploads\/2019\/07\/S22C-113062513270-3-Kopie-768x547.jpg 768w, http:\/\/victoria-rad.de\/wp-content\/uploads\/2019\/07\/S22C-113062513270-3-Kopie.jpg 800w\" sizes=\"auto, (max-width: 300px) 100vw, 300px\" \/><\/a><\/p>\n<p>Das Prospekt der Zweirad-Union mit &#8222;Super-Luxus&#8220; und &#8222;Vicky-Standard&#8220;:<\/p>\n<p><a href=\"http:\/\/victoria-rad.de\/wp-content\/uploads\/2019\/07\/Image00043-Kopie-4.jpg\" target=\"_blank\" rel=\"noopener noreferrer\"><img loading=\"lazy\" decoding=\"async\" class=\"aligncenter wp-image-4643 size-medium\" src=\"http:\/\/victoria-rad.de\/wp-content\/uploads\/2019\/07\/Image00043-Kopie-4-206x300.jpg\" alt=\"\" width=\"206\" height=\"300\" srcset=\"http:\/\/victoria-rad.de\/wp-content\/uploads\/2019\/07\/Image00043-Kopie-4-206x300.jpg 206w, http:\/\/victoria-rad.de\/wp-content\/uploads\/2019\/07\/Image00043-Kopie-4-103x150.jpg 103w, http:\/\/victoria-rad.de\/wp-content\/uploads\/2019\/07\/Image00043-Kopie-4.jpg 550w\" sizes=\"auto, (max-width: 206px) 100vw, 206px\" \/><\/a><a href=\"http:\/\/victoria-rad.de\/wp-content\/uploads\/2019\/07\/S22C-113062513061.jpg\" target=\"_blank\" rel=\"noopener noreferrer\"><img loading=\"lazy\" decoding=\"async\" class=\"aligncenter wp-image-4663 size-medium\" src=\"http:\/\/victoria-rad.de\/wp-content\/uploads\/2019\/07\/S22C-113062513061-212x300.jpg\" alt=\"\" width=\"212\" height=\"300\" srcset=\"http:\/\/victoria-rad.de\/wp-content\/uploads\/2019\/07\/S22C-113062513061-212x300.jpg 212w, http:\/\/victoria-rad.de\/wp-content\/uploads\/2019\/07\/S22C-113062513061-106x150.jpg 106w, http:\/\/victoria-rad.de\/wp-content\/uploads\/2019\/07\/S22C-113062513061.jpg 565w\" sizes=\"auto, (max-width: 212px) 100vw, 212px\" \/><\/a><\/p>\n<p><a href=\"http:\/\/victoria-rad.de\/wp-content\/uploads\/2020\/01\/IMG_20200113_0001.jpg\" target=\"_blank\" rel=\"noopener noreferrer\"><img loading=\"lazy\" decoding=\"async\" class=\"aligncenter wp-image-7018 size-medium\" src=\"http:\/\/victoria-rad.de\/wp-content\/uploads\/2020\/01\/IMG_20200113_0001-215x300.jpg\" alt=\"\" width=\"215\" height=\"300\" srcset=\"http:\/\/victoria-rad.de\/wp-content\/uploads\/2020\/01\/IMG_20200113_0001-215x300.jpg 215w, http:\/\/victoria-rad.de\/wp-content\/uploads\/2020\/01\/IMG_20200113_0001-107x150.jpg 107w, http:\/\/victoria-rad.de\/wp-content\/uploads\/2020\/01\/IMG_20200113_0001.jpg 573w\" sizes=\"auto, (max-width: 215px) 100vw, 215px\" \/><\/a><a href=\"http:\/\/victoria-rad.de\/wp-content\/uploads\/2020\/01\/IMG_20200113_0002.jpg\" target=\"_blank\" rel=\"noopener noreferrer\"><img loading=\"lazy\" decoding=\"async\" class=\"aligncenter wp-image-7019 size-medium\" src=\"http:\/\/victoria-rad.de\/wp-content\/uploads\/2020\/01\/IMG_20200113_0002-215x300.jpg\" alt=\"\" width=\"215\" height=\"300\" srcset=\"http:\/\/victoria-rad.de\/wp-content\/uploads\/2020\/01\/IMG_20200113_0002-215x300.jpg 215w, http:\/\/victoria-rad.de\/wp-content\/uploads\/2020\/01\/IMG_20200113_0002-107x150.jpg 107w, http:\/\/victoria-rad.de\/wp-content\/uploads\/2020\/01\/IMG_20200113_0002.jpg 573w\" sizes=\"auto, (max-width: 215px) 100vw, 215px\" \/><\/a><\/p>\n<p><a href=\"http:\/\/victoria-rad.de\/wp-content\/uploads\/2020\/01\/IMG_20200114_0002.jpg\" target=\"_blank\" rel=\"noopener noreferrer\"><img loading=\"lazy\" decoding=\"async\" class=\"aligncenter wp-image-7061 size-medium\" src=\"http:\/\/victoria-rad.de\/wp-content\/uploads\/2020\/01\/IMG_20200114_0002-300x236.jpg\" alt=\"\" width=\"300\" height=\"236\" srcset=\"http:\/\/victoria-rad.de\/wp-content\/uploads\/2020\/01\/IMG_20200114_0002-300x236.jpg 300w, http:\/\/victoria-rad.de\/wp-content\/uploads\/2020\/01\/IMG_20200114_0002-150x118.jpg 150w, http:\/\/victoria-rad.de\/wp-content\/uploads\/2020\/01\/IMG_20200114_0002-768x603.jpg 768w, http:\/\/victoria-rad.de\/wp-content\/uploads\/2020\/01\/IMG_20200114_0002.jpg 800w\" sizes=\"auto, (max-width: 300px) 100vw, 300px\" \/><\/a><\/p>\n<p>Originale Werksbilder:<\/p>\n<p><a href=\"http:\/\/victoria-rad.de\/wp-content\/uploads\/2020\/01\/IMG_20141122_0008.jpg\" target=\"_blank\" rel=\"noopener noreferrer\"><img loading=\"lazy\" decoding=\"async\" class=\"aligncenter wp-image-7216 size-medium\" src=\"http:\/\/victoria-rad.de\/wp-content\/uploads\/2020\/01\/IMG_20141122_0008-300x216.jpg\" alt=\"\" width=\"300\" height=\"216\" srcset=\"http:\/\/victoria-rad.de\/wp-content\/uploads\/2020\/01\/IMG_20141122_0008-300x216.jpg 300w, http:\/\/victoria-rad.de\/wp-content\/uploads\/2020\/01\/IMG_20141122_0008-150x108.jpg 150w, http:\/\/victoria-rad.de\/wp-content\/uploads\/2020\/01\/IMG_20141122_0008-768x554.jpg 768w, http:\/\/victoria-rad.de\/wp-content\/uploads\/2020\/01\/IMG_20141122_0008.jpg 800w\" sizes=\"auto, (max-width: 300px) 100vw, 300px\" \/><\/a><a href=\"http:\/\/victoria-rad.de\/wp-content\/uploads\/2020\/01\/IMG_20141127_0017.jpg\" target=\"_blank\" rel=\"noopener noreferrer\"><img loading=\"lazy\" decoding=\"async\" class=\"aligncenter wp-image-7217 size-medium\" src=\"http:\/\/victoria-rad.de\/wp-content\/uploads\/2020\/01\/IMG_20141127_0017-191x300.jpg\" alt=\"\" width=\"191\" height=\"300\" srcset=\"http:\/\/victoria-rad.de\/wp-content\/uploads\/2020\/01\/IMG_20141127_0017-191x300.jpg 191w, http:\/\/victoria-rad.de\/wp-content\/uploads\/2020\/01\/IMG_20141127_0017-95x150.jpg 95w, http:\/\/victoria-rad.de\/wp-content\/uploads\/2020\/01\/IMG_20141127_0017.jpg 508w\" sizes=\"auto, (max-width: 191px) 100vw, 191px\" \/><\/a><a href=\"http:\/\/victoria-rad.de\/wp-content\/uploads\/2020\/01\/IMG_20141127_0019.jpg\" target=\"_blank\" rel=\"noopener noreferrer\"><img loading=\"lazy\" decoding=\"async\" class=\"aligncenter wp-image-7218 size-medium\" src=\"http:\/\/victoria-rad.de\/wp-content\/uploads\/2020\/01\/IMG_20141127_0019-214x300.jpg\" alt=\"\" width=\"214\" height=\"300\" srcset=\"http:\/\/victoria-rad.de\/wp-content\/uploads\/2020\/01\/IMG_20141127_0019-214x300.jpg 214w, http:\/\/victoria-rad.de\/wp-content\/uploads\/2020\/01\/IMG_20141127_0019-107x150.jpg 107w, http:\/\/victoria-rad.de\/wp-content\/uploads\/2020\/01\/IMG_20141127_0019.jpg 570w\" sizes=\"auto, (max-width: 214px) 100vw, 214px\" \/><\/a><a href=\"http:\/\/victoria-rad.de\/wp-content\/uploads\/2020\/01\/IMG_20141127_0020.jpg\" target=\"_blank\" rel=\"noopener noreferrer\"><img loading=\"lazy\" decoding=\"async\" class=\"aligncenter wp-image-7219 size-medium\" src=\"http:\/\/victoria-rad.de\/wp-content\/uploads\/2020\/01\/IMG_20141127_0020-212x300.jpg\" alt=\"\" width=\"212\" height=\"300\" srcset=\"http:\/\/victoria-rad.de\/wp-content\/uploads\/2020\/01\/IMG_20141127_0020-212x300.jpg 212w, http:\/\/victoria-rad.de\/wp-content\/uploads\/2020\/01\/IMG_20141127_0020-106x150.jpg 106w, http:\/\/victoria-rad.de\/wp-content\/uploads\/2020\/01\/IMG_20141127_0020.jpg 565w\" sizes=\"auto, (max-width: 212px) 100vw, 212px\" \/><\/a><a href=\"http:\/\/victoria-rad.de\/wp-content\/uploads\/2020\/01\/IMG_20141127_0022.jpg\" target=\"_blank\" rel=\"noopener noreferrer\"><img loading=\"lazy\" decoding=\"async\" class=\"aligncenter wp-image-7220 size-medium\" src=\"http:\/\/victoria-rad.de\/wp-content\/uploads\/2020\/01\/IMG_20141127_0022-196x300.jpg\" alt=\"\" width=\"196\" height=\"300\" srcset=\"http:\/\/victoria-rad.de\/wp-content\/uploads\/2020\/01\/IMG_20141127_0022-196x300.jpg 196w, http:\/\/victoria-rad.de\/wp-content\/uploads\/2020\/01\/IMG_20141127_0022-98x150.jpg 98w, http:\/\/victoria-rad.de\/wp-content\/uploads\/2020\/01\/IMG_20141127_0022.jpg 522w\" sizes=\"auto, (max-width: 196px) 100vw, 196px\" \/><\/a><a href=\"http:\/\/victoria-rad.de\/wp-content\/uploads\/2020\/01\/IMG_20141127_0023.jpg\" target=\"_blank\" rel=\"noopener noreferrer\"><img loading=\"lazy\" decoding=\"async\" class=\"aligncenter wp-image-7221 size-medium\" src=\"http:\/\/victoria-rad.de\/wp-content\/uploads\/2020\/01\/IMG_20141127_0023-198x300.jpg\" alt=\"\" width=\"198\" height=\"300\" srcset=\"http:\/\/victoria-rad.de\/wp-content\/uploads\/2020\/01\/IMG_20141127_0023-198x300.jpg 198w, http:\/\/victoria-rad.de\/wp-content\/uploads\/2020\/01\/IMG_20141127_0023-99x150.jpg 99w, http:\/\/victoria-rad.de\/wp-content\/uploads\/2020\/01\/IMG_20141127_0023.jpg 528w\" sizes=\"auto, (max-width: 198px) 100vw, 198px\" \/><\/a><\/p>\n<p><img loading=\"lazy\" decoding=\"async\" class=\"alignnone size-medium wp-image-4607 aligncenter\" src=\"http:\/\/victoria-rad.de\/wp-content\/uploads\/2019\/06\/Victoria-300x94.png\" alt=\"\" width=\"300\" height=\"94\" srcset=\"http:\/\/victoria-rad.de\/wp-content\/uploads\/2019\/06\/Victoria-300x94.png 300w, http:\/\/victoria-rad.de\/wp-content\/uploads\/2019\/06\/Victoria-150x47.png 150w, http:\/\/victoria-rad.de\/wp-content\/uploads\/2019\/06\/Victoria-768x240.png 768w, http:\/\/victoria-rad.de\/wp-content\/uploads\/2019\/06\/Victoria.png 800w\" sizes=\"auto, (max-width: 300px) 100vw, 300px\" \/><br \/>\n<img loading=\"lazy\" decoding=\"async\" class=\"alignnone size-medium wp-image-4625 aligncenter\" src=\"http:\/\/victoria-rad.de\/wp-content\/uploads\/2019\/07\/58-300x14.png\" alt=\"\" width=\"300\" height=\"14\" srcset=\"http:\/\/victoria-rad.de\/wp-content\/uploads\/2019\/07\/58-300x14.png 300w, http:\/\/victoria-rad.de\/wp-content\/uploads\/2019\/07\/58-150x7.png 150w, http:\/\/victoria-rad.de\/wp-content\/uploads\/2019\/07\/58.png 501w\" sizes=\"auto, (max-width: 300px) 100vw, 300px\" \/><\/p>\n<p>&nbsp;<\/p>\n<p>&nbsp;<\/p>\n","protected":false},"excerpt":{"rendered":"<p>Die Vicky Super-Luxus von 1959\/1960 war unverkennbar das sch\u00f6nste Moped aus der ganzen Vicky-Reihe und man hat sie in der Zweirad Union gerne mit eingebracht und\u00a0 unter der neuen Marke verkauft: Das Modell aus der &#8222;Zweirad-Union&#8220;. Oben handschriftlich die Verkaufspreise f\u00fcr Normalmotor und f\u00fcr den Gebl\u00e4se-Motor. Der moderne Gebl\u00e4se-Motor: Die Motoren: Wie schon die Vorg\u00e4nger &hellip; <a href=\"http:\/\/victoria-rad.de\/?p=7014\" class=\"more-link\"><span class=\"screen-reader-text\">Victoria &#8211; Vicky Superluxus &#8211; Zweirad Union AG&#8230;<\/span> weiterlesen<\/a><\/p>\n","protected":false},"author":1,"featured_media":0,"comment_status":"open","ping_status":"open","sticky":false,"template":"","format":"standard","meta":{"footnotes":""},"categories":[1],"tags":[],"class_list":["post-7014","post","type-post","status-publish","format-standard","hentry","category-uncategorized"],"_links":{"self":[{"href":"http:\/\/victoria-rad.de\/index.php?rest_route=\/wp\/v2\/posts\/7014","targetHints":{"allow":["GET"]}}],"collection":[{"href":"http:\/\/victoria-rad.de\/index.php?rest_route=\/wp\/v2\/posts"}],"about":[{"href":"http:\/\/victoria-rad.de\/index.php?rest_route=\/wp\/v2\/types\/post"}],"author":[{"embeddable":true,"href":"http:\/\/victoria-rad.de\/index.php?rest_route=\/wp\/v2\/users\/1"}],"replies":[{"embeddable":true,"href":"http:\/\/victoria-rad.de\/index.php?rest_route=%2Fwp%2Fv2%2Fcomments&post=7014"}],"version-history":[{"count":8,"href":"http:\/\/victoria-rad.de\/index.php?rest_route=\/wp\/v2\/posts\/7014\/revisions"}],"predecessor-version":[{"id":7223,"href":"http:\/\/victoria-rad.de\/index.php?rest_route=\/wp\/v2\/posts\/7014\/revisions\/7223"}],"wp:attachment":[{"href":"http:\/\/victoria-rad.de\/index.php?rest_route=%2Fwp%2Fv2%2Fmedia&parent=7014"}],"wp:term":[{"taxonomy":"category","embeddable":true,"href":"http:\/\/victoria-rad.de\/index.php?rest_route=%2Fwp%2Fv2%2Fcategories&post=7014"},{"taxonomy":"post_tag","embeddable":true,"href":"http:\/\/victoria-rad.de\/index.php?rest_route=%2Fwp%2Fv2%2Ftags&post=7014"}],"curies":[{"name":"wp","href":"https:\/\/api.w.org\/{rel}","templated":true}]}}