{"id":723,"date":"2018-07-19T08:49:10","date_gmt":"2018-07-19T08:49:10","guid":{"rendered":"http:\/\/victoria-rad.de\/?p=723"},"modified":"2020-01-16T08:54:15","modified_gmt":"2020-01-16T08:54:15","slug":"victoria-k-r-iii-die-umstellung-von-treibriemen-auf-kettenantrieb","status":"publish","type":"post","link":"http:\/\/victoria-rad.de\/?p=723","title":{"rendered":"Victoria &#8211; Motorrad &#8211;  KR 3  &#8211; Die Umstellung von Treibriemen auf Kettenantrieb&#8230;"},"content":{"rendered":"\r\n<p>VICTORIA die DRITTE &#8211; K.R.III.<\/p>\r\n\r\n\r\n\r\n<p>Von der Victoria K.R.II. zur K.R.III. war ein relativ kurzer Weg. Schon Anfang 1924 stellte man die Produktion um, um ein besseres Fahrverhalten des Motorrades, insbesondere mit einem Seitenwagen, zu erreichen. Eine Umstellung vom Treibriemen zur Kette war da nat\u00fcrlich ausschlaggebend. Die zweite haupts\u00e4chliche Verbesserung war das neue Dreiganggetriebe, welches das Zweiganggetriebe der &#8222;II&#8220; ersetzte. Die n\u00e4chsten Jahre gab es noch einige \u00c4nderungen, welche im Detail in den Folgenden Abschnitten beschrieben werden:<\/p>\r\n\r\n\r\n\r\n<p>Erste Serie ab 1924:<\/p>\r\n\r\n\r\n\r\n<div class=\"wp-block-image\">\r\n<figure class=\"aligncenter\"><a href=\"http:\/\/victoria-rad.de\/wp-content\/uploads\/2018\/07\/IMG_20180720_0001.jpg\" target=\"_blank\" rel=\"noopener noreferrer\"><img loading=\"lazy\" decoding=\"async\" class=\"aligncenter wp-image-777\" src=\"http:\/\/victoria-rad.de\/wp-content\/uploads\/2018\/07\/IMG_20180720_0001-234x300.jpg\" alt=\"\" width=\"234\" height=\"300\" srcset=\"http:\/\/victoria-rad.de\/wp-content\/uploads\/2018\/07\/IMG_20180720_0001-234x300.jpg 234w, http:\/\/victoria-rad.de\/wp-content\/uploads\/2018\/07\/IMG_20180720_0001-768x987.jpg 768w, http:\/\/victoria-rad.de\/wp-content\/uploads\/2018\/07\/IMG_20180720_0001-797x1024.jpg 797w\" sizes=\"auto, (max-width: 234px) 100vw, 234px\" \/><\/a><\/figure>\r\n<\/div>\r\n\r\n\r\n\r\n<div class=\"wp-block-image\">\r\n<figure class=\"aligncenter\"><a href=\"http:\/\/victoria-rad.de\/wp-content\/uploads\/2018\/07\/Image00262.jpg\" target=\"_blank\" rel=\"noopener noreferrer\"><img loading=\"lazy\" decoding=\"async\" class=\"aligncenter wp-image-726\" src=\"http:\/\/victoria-rad.de\/wp-content\/uploads\/2018\/07\/Image00262-300x157.jpg\" alt=\"\" width=\"300\" height=\"157\" srcset=\"http:\/\/victoria-rad.de\/wp-content\/uploads\/2018\/07\/Image00262-300x157.jpg 300w, http:\/\/victoria-rad.de\/wp-content\/uploads\/2018\/07\/Image00262-768x402.jpg 768w, http:\/\/victoria-rad.de\/wp-content\/uploads\/2018\/07\/Image00262-1024x536.jpg 1024w, http:\/\/victoria-rad.de\/wp-content\/uploads\/2018\/07\/Image00262.jpg 1968w\" sizes=\"auto, (max-width: 300px) 100vw, 300px\" \/><\/a><\/figure>\r\n<\/div>\r\n\r\n\r\n\r\n<div class=\"wp-block-image\">\r\n<figure class=\"aligncenter\"><a href=\"http:\/\/victoria-rad.de\/wp-content\/uploads\/2018\/07\/Image00261.jpg\" target=\"_blank\" rel=\"noopener noreferrer\"><img loading=\"lazy\" decoding=\"async\" class=\"aligncenter wp-image-725\" src=\"http:\/\/victoria-rad.de\/wp-content\/uploads\/2018\/07\/Image00261-300x159.jpg\" alt=\"\" width=\"300\" height=\"159\" srcset=\"http:\/\/victoria-rad.de\/wp-content\/uploads\/2018\/07\/Image00261-300x159.jpg 300w, http:\/\/victoria-rad.de\/wp-content\/uploads\/2018\/07\/Image00261-768x406.jpg 768w, http:\/\/victoria-rad.de\/wp-content\/uploads\/2018\/07\/Image00261-1024x541.jpg 1024w, http:\/\/victoria-rad.de\/wp-content\/uploads\/2018\/07\/Image00261.jpg 2014w\" sizes=\"auto, (max-width: 300px) 100vw, 300px\" \/><\/a><\/figure>\r\n<\/div>\r\n\r\n\r\n\r\n<p>\u00a0 \u00a0 \u00a0 \u00a0 \u00a0 \u00a0 \u00a0 \u00a0 \u00a0 \u00a0 \u00a0\u00a0 Wesentliche Neuheit: Dreiganggetriebe und Kettenantrieb!<\/p>\r\n\r\n\r\n\r\n<p>Die Riemenfelge mit der Keilklotzbremse blieb dieser K:R:III. noch erhalten. Im Hinterrad war ein einfaches, viergeteiltes Kettenrad verbaut, Sichtbar n\u00e4chste Tafel:<\/p>\r\n\r\n\r\n\r\n<div class=\"wp-block-image\">\r\n<figure class=\"aligncenter\"><a href=\"http:\/\/victoria-rad.de\/wp-content\/uploads\/2018\/07\/Image00251.jpg\" target=\"_blank\" rel=\"noopener noreferrer\"><img loading=\"lazy\" decoding=\"async\" class=\"aligncenter wp-image-728\" src=\"http:\/\/victoria-rad.de\/wp-content\/uploads\/2018\/07\/Image00251-300x220.jpg\" alt=\"\" width=\"300\" height=\"220\" srcset=\"http:\/\/victoria-rad.de\/wp-content\/uploads\/2018\/07\/Image00251-300x220.jpg 300w, http:\/\/victoria-rad.de\/wp-content\/uploads\/2018\/07\/Image00251-768x564.jpg 768w, http:\/\/victoria-rad.de\/wp-content\/uploads\/2018\/07\/Image00251-1024x752.jpg 1024w\" sizes=\"auto, (max-width: 300px) 100vw, 300px\" \/><\/a><\/figure>\r\n<\/div>\r\n\r\n\r\n\r\n<p>Wie man sieht, war die Firma Victoria schon sehr fortschrittlich, da acht gebogene Federn im Kettenrad St\u00f6\u00dfe, haupts\u00e4chlich beim Anfahren und Schalten abfangen sollten, genannt die Ruckd\u00e4mpfung:<\/p>\r\n\r\n\r\n\r\n<div class=\"wp-block-image\">\r\n<figure class=\"aligncenter\"><a href=\"http:\/\/victoria-rad.de\/wp-content\/uploads\/2018\/07\/Image00251-1.jpg\" target=\"_blank\" rel=\"noopener noreferrer\"><img loading=\"lazy\" decoding=\"async\" class=\"aligncenter wp-image-730\" src=\"http:\/\/victoria-rad.de\/wp-content\/uploads\/2018\/07\/Image00251-1-300x153.jpg\" alt=\"\" width=\"300\" height=\"153\" srcset=\"http:\/\/victoria-rad.de\/wp-content\/uploads\/2018\/07\/Image00251-1-300x153.jpg 300w, http:\/\/victoria-rad.de\/wp-content\/uploads\/2018\/07\/Image00251-1-768x391.jpg 768w, http:\/\/victoria-rad.de\/wp-content\/uploads\/2018\/07\/Image00251-1.jpg 943w\" sizes=\"auto, (max-width: 300px) 100vw, 300px\" \/><\/a><\/figure>\r\n<\/div>\r\n\r\n\r\n\r\n<p>Man \u00fcbernahm den Motor mit dem au\u00dfenliegenden Vergaser aus der letzten Serie der K.R.II., hier als Schnittmodell:<\/p>\r\n\r\n\r\n\r\n<div class=\"wp-block-image\">\r\n<figure class=\"aligncenter\"><a href=\"http:\/\/victoria-rad.de\/?attachment_id=733\" target=\"_blank\" rel=\"noopener noreferrer\"><img loading=\"lazy\" decoding=\"async\" class=\"aligncenter wp-image-733\" src=\"http:\/\/victoria-rad.de\/wp-content\/uploads\/2018\/07\/Image00194-300x221.jpg\" alt=\"\" width=\"300\" height=\"221\" srcset=\"http:\/\/victoria-rad.de\/wp-content\/uploads\/2018\/07\/Image00194-300x221.jpg 300w, http:\/\/victoria-rad.de\/wp-content\/uploads\/2018\/07\/Image00194-768x566.jpg 768w, http:\/\/victoria-rad.de\/wp-content\/uploads\/2018\/07\/Image00194-1024x754.jpg 1024w, http:\/\/victoria-rad.de\/wp-content\/uploads\/2018\/07\/Image00194.jpg 1153w\" sizes=\"auto, (max-width: 300px) 100vw, 300px\" \/><\/a><\/figure>\r\n<\/div>\r\n\r\n\r\n\r\n<p>Hier sieht man deutlich die Luftzuf\u00fchrung \u00fcber den Ansaugstutzen\u00a0 am vorderen Zylinder und dann durch den Kanal der \u00d6l-Vorw\u00e4rmung zum innenliegenden Vergaser.<\/p>\r\n\r\n\r\n\r\n<div class=\"wp-block-image\">\r\n<figure class=\"aligncenter\"><a href=\"http:\/\/victoria-rad.de\/wp-content\/uploads\/2018\/07\/Image00216.jpg\" target=\"_blank\" rel=\"noopener noreferrer\"><img loading=\"lazy\" decoding=\"async\" class=\"aligncenter wp-image-731\" src=\"http:\/\/victoria-rad.de\/wp-content\/uploads\/2018\/07\/Image00216-300x225.jpg\" alt=\"\" width=\"300\" height=\"225\" srcset=\"http:\/\/victoria-rad.de\/wp-content\/uploads\/2018\/07\/Image00216-300x225.jpg 300w, http:\/\/victoria-rad.de\/wp-content\/uploads\/2018\/07\/Image00216-768x576.jpg 768w, http:\/\/victoria-rad.de\/wp-content\/uploads\/2018\/07\/Image00216-1024x768.jpg 1024w, http:\/\/victoria-rad.de\/wp-content\/uploads\/2018\/07\/Image00216.jpg 1067w\" sizes=\"auto, (max-width: 300px) 100vw, 300px\" \/><\/a><\/figure>\r\n<\/div>\r\n\r\n\r\n\r\n<p>Noch einige Tafeln aus der Ersatzteilliste der ersten Serie:<\/p>\r\n\r\n\r\n\r\n<div class=\"wp-block-image\">\r\n<figure class=\"aligncenter\"><a href=\"http:\/\/victoria-rad.de\/wp-content\/uploads\/2018\/07\/Image00221.jpg\" target=\"_blank\" rel=\"noopener noreferrer\"><img loading=\"lazy\" decoding=\"async\" class=\"aligncenter wp-image-734\" src=\"http:\/\/victoria-rad.de\/wp-content\/uploads\/2018\/07\/Image00221-300x235.jpg\" alt=\"\" width=\"300\" height=\"235\" srcset=\"http:\/\/victoria-rad.de\/wp-content\/uploads\/2018\/07\/Image00221-300x235.jpg 300w, http:\/\/victoria-rad.de\/wp-content\/uploads\/2018\/07\/Image00221-768x601.jpg 768w, http:\/\/victoria-rad.de\/wp-content\/uploads\/2018\/07\/Image00221-1024x802.jpg 1024w\" sizes=\"auto, (max-width: 300px) 100vw, 300px\" \/><\/a><\/figure>\r\n<\/div>\r\n\r\n\r\n\r\n<div class=\"wp-block-image\">\r\n<figure class=\"aligncenter\"><a href=\"http:\/\/victoria-rad.de\/wp-content\/uploads\/2018\/07\/Image00222-1.jpg\" target=\"_blank\" rel=\"noopener noreferrer\"><img loading=\"lazy\" decoding=\"async\" class=\"aligncenter wp-image-735\" src=\"http:\/\/victoria-rad.de\/wp-content\/uploads\/2018\/07\/Image00222-1-300x238.jpg\" alt=\"\" width=\"300\" height=\"238\" srcset=\"http:\/\/victoria-rad.de\/wp-content\/uploads\/2018\/07\/Image00222-1-300x238.jpg 300w, http:\/\/victoria-rad.de\/wp-content\/uploads\/2018\/07\/Image00222-1-768x609.jpg 768w, http:\/\/victoria-rad.de\/wp-content\/uploads\/2018\/07\/Image00222-1-1024x812.jpg 1024w\" sizes=\"auto, (max-width: 300px) 100vw, 300px\" \/><\/a><\/figure>\r\n<\/div>\r\n\r\n\r\n\r\n<div class=\"wp-block-image\">\r\n<figure class=\"aligncenter\"><a href=\"http:\/\/victoria-rad.de\/wp-content\/uploads\/2018\/07\/Image00227.jpg\" target=\"_blank\" rel=\"noopener noreferrer\"><img loading=\"lazy\" decoding=\"async\" class=\"aligncenter wp-image-736\" src=\"http:\/\/victoria-rad.de\/wp-content\/uploads\/2018\/07\/Image00227-300x238.jpg\" alt=\"\" width=\"300\" height=\"238\" srcset=\"http:\/\/victoria-rad.de\/wp-content\/uploads\/2018\/07\/Image00227-300x238.jpg 300w, http:\/\/victoria-rad.de\/wp-content\/uploads\/2018\/07\/Image00227-768x609.jpg 768w, http:\/\/victoria-rad.de\/wp-content\/uploads\/2018\/07\/Image00227-1024x811.jpg 1024w\" sizes=\"auto, (max-width: 300px) 100vw, 300px\" \/><\/a><\/figure>\r\n<\/div>\r\n\r\n\r\n\r\n<div class=\"wp-block-image\">\r\n<figure class=\"aligncenter\"><a href=\"http:\/\/victoria-rad.de\/wp-content\/uploads\/2018\/07\/Image00229.jpg\" target=\"_blank\" rel=\"noopener noreferrer\"><img loading=\"lazy\" decoding=\"async\" class=\"aligncenter wp-image-737\" src=\"http:\/\/victoria-rad.de\/wp-content\/uploads\/2018\/07\/Image00229-300x238.jpg\" alt=\"\" width=\"300\" height=\"238\" srcset=\"http:\/\/victoria-rad.de\/wp-content\/uploads\/2018\/07\/Image00229-300x238.jpg 300w, http:\/\/victoria-rad.de\/wp-content\/uploads\/2018\/07\/Image00229-768x608.jpg 768w, http:\/\/victoria-rad.de\/wp-content\/uploads\/2018\/07\/Image00229-1024x811.jpg 1024w\" sizes=\"auto, (max-width: 300px) 100vw, 300px\" \/><\/a><\/figure>\r\n<\/div>\r\n\r\n\r\n\r\n<div class=\"wp-block-image\">\r\n<figure class=\"aligncenter\"><a href=\"http:\/\/victoria-rad.de\/wp-content\/uploads\/2018\/07\/Image00231.jpg\" target=\"_blank\" rel=\"noopener noreferrer\"><img loading=\"lazy\" decoding=\"async\" class=\"aligncenter wp-image-738\" src=\"http:\/\/victoria-rad.de\/wp-content\/uploads\/2018\/07\/Image00231-300x227.jpg\" alt=\"\" width=\"300\" height=\"227\" srcset=\"http:\/\/victoria-rad.de\/wp-content\/uploads\/2018\/07\/Image00231-300x227.jpg 300w, http:\/\/victoria-rad.de\/wp-content\/uploads\/2018\/07\/Image00231-768x582.jpg 768w, http:\/\/victoria-rad.de\/wp-content\/uploads\/2018\/07\/Image00231-1024x776.jpg 1024w\" sizes=\"auto, (max-width: 300px) 100vw, 300px\" \/><\/a><\/figure>\r\n<\/div>\r\n\r\n\r\n\r\n<div class=\"wp-block-image\">\r\n<figure class=\"aligncenter\"><a href=\"http:\/\/victoria-rad.de\/wp-content\/uploads\/2018\/07\/Image00243.jpg\" target=\"_blank\" rel=\"noopener noreferrer\"><img loading=\"lazy\" decoding=\"async\" class=\"aligncenter wp-image-740\" src=\"http:\/\/victoria-rad.de\/wp-content\/uploads\/2018\/07\/Image00243-300x218.jpg\" alt=\"\" width=\"300\" height=\"218\" srcset=\"http:\/\/victoria-rad.de\/wp-content\/uploads\/2018\/07\/Image00243-300x218.jpg 300w, http:\/\/victoria-rad.de\/wp-content\/uploads\/2018\/07\/Image00243-768x559.jpg 768w, http:\/\/victoria-rad.de\/wp-content\/uploads\/2018\/07\/Image00243-1024x745.jpg 1024w\" sizes=\"auto, (max-width: 300px) 100vw, 300px\" \/><\/a><\/figure>\r\n<\/div>\r\n\r\n\r\n\r\n<div class=\"wp-block-image\">\r\n<figure class=\"aligncenter\"><a href=\"http:\/\/victoria-rad.de\/wp-content\/uploads\/2018\/07\/Vordergabel.png\" target=\"_blank\" rel=\"noopener noreferrer\"><img loading=\"lazy\" decoding=\"async\" class=\"aligncenter wp-image-1138\" src=\"http:\/\/victoria-rad.de\/wp-content\/uploads\/2018\/07\/Vordergabel-212x300.png\" alt=\"\" width=\"212\" height=\"300\" srcset=\"http:\/\/victoria-rad.de\/wp-content\/uploads\/2018\/07\/Vordergabel-212x300.png 212w, http:\/\/victoria-rad.de\/wp-content\/uploads\/2018\/07\/Vordergabel.png 565w\" sizes=\"auto, (max-width: 212px) 100vw, 212px\" \/><\/a><\/figure>\r\n<\/div>\r\n\r\n\r\n\r\n<div class=\"wp-block-image\">\r\n<figure class=\"aligncenter\"><a href=\"http:\/\/victoria-rad.de\/wp-content\/uploads\/2018\/07\/Image00249-1.jpg\" target=\"_blank\" rel=\"noopener noreferrer\"><img loading=\"lazy\" decoding=\"async\" class=\"aligncenter wp-image-741\" src=\"http:\/\/victoria-rad.de\/wp-content\/uploads\/2018\/07\/Image00249-1-300x225.jpg\" alt=\"\" width=\"300\" height=\"225\" srcset=\"http:\/\/victoria-rad.de\/wp-content\/uploads\/2018\/07\/Image00249-1-300x225.jpg 300w, http:\/\/victoria-rad.de\/wp-content\/uploads\/2018\/07\/Image00249-1-768x576.jpg 768w, http:\/\/victoria-rad.de\/wp-content\/uploads\/2018\/07\/Image00249-1-1024x768.jpg 1024w\" sizes=\"auto, (max-width: 300px) 100vw, 300px\" \/><\/a><\/figure>\r\n<\/div>\r\n\r\n\r\n\r\n<div class=\"wp-block-image\">\r\n<figure class=\"aligncenter\"><a href=\"http:\/\/victoria-rad.de\/wp-content\/uploads\/2018\/07\/Image00253.jpg\" target=\"_blank\" rel=\"noopener noreferrer\"><img loading=\"lazy\" decoding=\"async\" class=\"aligncenter wp-image-742\" src=\"http:\/\/victoria-rad.de\/wp-content\/uploads\/2018\/07\/Image00253-300x225.jpg\" alt=\"\" width=\"300\" height=\"225\" srcset=\"http:\/\/victoria-rad.de\/wp-content\/uploads\/2018\/07\/Image00253-300x225.jpg 300w, http:\/\/victoria-rad.de\/wp-content\/uploads\/2018\/07\/Image00253-768x575.jpg 768w, http:\/\/victoria-rad.de\/wp-content\/uploads\/2018\/07\/Image00253-1024x767.jpg 1024w\" sizes=\"auto, (max-width: 300px) 100vw, 300px\" \/><\/a><\/figure>\r\n<\/div>\r\n\r\n\r\n\r\n<div class=\"wp-block-image\">\r\n<figure class=\"aligncenter\"><a href=\"http:\/\/victoria-rad.de\/wp-content\/uploads\/2018\/07\/Image00255-1.jpg\" target=\"_blank\" rel=\"noopener noreferrer\"><img loading=\"lazy\" decoding=\"async\" class=\"aligncenter wp-image-743\" src=\"http:\/\/victoria-rad.de\/wp-content\/uploads\/2018\/07\/Image00255-1-300x226.jpg\" alt=\"\" width=\"300\" height=\"226\" srcset=\"http:\/\/victoria-rad.de\/wp-content\/uploads\/2018\/07\/Image00255-1-300x226.jpg 300w, http:\/\/victoria-rad.de\/wp-content\/uploads\/2018\/07\/Image00255-1-768x578.jpg 768w, http:\/\/victoria-rad.de\/wp-content\/uploads\/2018\/07\/Image00255-1-1024x770.jpg 1024w\" sizes=\"auto, (max-width: 300px) 100vw, 300px\" \/><\/a><\/figure>\r\n<\/div>\r\n\r\n\r\n\r\n<p><br \/><br \/><br \/>K.R.III. &#8211; Getriebe<\/p>\r\n\r\n\r\n\r\n<div class=\"wp-block-image\">\r\n<figure class=\"aligncenter\"><a href=\"http:\/\/victoria-rad.de\/wp-content\/uploads\/2018\/07\/Dreiganggetriebe.png\" target=\"_blank\" rel=\"noopener noreferrer\"><img loading=\"lazy\" decoding=\"async\" class=\"aligncenter wp-image-1136\" src=\"http:\/\/victoria-rad.de\/wp-content\/uploads\/2018\/07\/Dreiganggetriebe-283x300.png\" alt=\"\" width=\"283\" height=\"300\" srcset=\"http:\/\/victoria-rad.de\/wp-content\/uploads\/2018\/07\/Dreiganggetriebe-283x300.png 283w, http:\/\/victoria-rad.de\/wp-content\/uploads\/2018\/07\/Dreiganggetriebe-768x813.png 768w, http:\/\/victoria-rad.de\/wp-content\/uploads\/2018\/07\/Dreiganggetriebe-967x1024.png 967w, http:\/\/victoria-rad.de\/wp-content\/uploads\/2018\/07\/Dreiganggetriebe.png 1077w\" sizes=\"auto, (max-width: 283px) 100vw, 283px\" \/><\/a><\/figure>\r\n<\/div>\r\n\r\n\r\n\r\n<p>Wie anf\u00e4nglich erw\u00e4hnt, bot in dieser Liste die Firma Victoria auch die Seitenwagen-Fahrgestelle an. Die Boote wurden zumeist von den gesch\u00e4tzten Seitenwagen-Herstellern, wie Anfa, Steib, usw. hergestellt, dazu aber mehr im Artikel &#8211; Seitenwagen:<\/p>\r\n\r\n\r\n\r\n<div class=\"wp-block-image\">\r\n<figure class=\"aligncenter\"><a href=\"http:\/\/victoria-rad.de\/wp-content\/uploads\/2018\/07\/Image00257.jpg\" target=\"_blank\" rel=\"noopener noreferrer\"><img loading=\"lazy\" decoding=\"async\" class=\"aligncenter wp-image-744\" src=\"http:\/\/victoria-rad.de\/wp-content\/uploads\/2018\/07\/Image00257-300x224.jpg\" alt=\"\" width=\"300\" height=\"224\" srcset=\"http:\/\/victoria-rad.de\/wp-content\/uploads\/2018\/07\/Image00257-300x224.jpg 300w, http:\/\/victoria-rad.de\/wp-content\/uploads\/2018\/07\/Image00257-768x573.jpg 768w, http:\/\/victoria-rad.de\/wp-content\/uploads\/2018\/07\/Image00257-1024x765.jpg 1024w\" sizes=\"auto, (max-width: 300px) 100vw, 300px\" \/><\/a><\/figure>\r\n<\/div>\r\n\r\n\r\n\r\n<div class=\"wp-block-image\">\r\n<figure class=\"aligncenter\"><a href=\"http:\/\/victoria-rad.de\/wp-content\/uploads\/2018\/07\/Image00259.jpg\" target=\"_blank\" rel=\"noopener noreferrer\"><img loading=\"lazy\" decoding=\"async\" class=\"aligncenter wp-image-745\" src=\"http:\/\/victoria-rad.de\/wp-content\/uploads\/2018\/07\/Image00259-300x227.jpg\" alt=\"\" width=\"300\" height=\"227\" srcset=\"http:\/\/victoria-rad.de\/wp-content\/uploads\/2018\/07\/Image00259-300x227.jpg 300w, http:\/\/victoria-rad.de\/wp-content\/uploads\/2018\/07\/Image00259-768x581.jpg 768w, http:\/\/victoria-rad.de\/wp-content\/uploads\/2018\/07\/Image00259-1024x774.jpg 1024w\" sizes=\"auto, (max-width: 300px) 100vw, 300px\" \/><\/a><\/figure>\r\n<\/div>\r\n\r\n\r\n\r\n<div class=\"wp-block-image\">\r\n<figure class=\"aligncenter\"><a href=\"http:\/\/victoria-rad.de\/wp-content\/uploads\/2018\/07\/Victoria-Treffen-2013-026.jpg\" target=\"_blank\" rel=\"noopener noreferrer\"><img loading=\"lazy\" decoding=\"async\" class=\"aligncenter wp-image-746\" src=\"http:\/\/victoria-rad.de\/wp-content\/uploads\/2018\/07\/Victoria-Treffen-2013-026-300x201.jpg\" alt=\"\" width=\"300\" height=\"201\" srcset=\"http:\/\/victoria-rad.de\/wp-content\/uploads\/2018\/07\/Victoria-Treffen-2013-026-300x201.jpg 300w, http:\/\/victoria-rad.de\/wp-content\/uploads\/2018\/07\/Victoria-Treffen-2013-026-768x514.jpg 768w, http:\/\/victoria-rad.de\/wp-content\/uploads\/2018\/07\/Victoria-Treffen-2013-026-1024x685.jpg 1024w\" sizes=\"auto, (max-width: 300px) 100vw, 300px\" \/><\/a><\/figure>\r\n<\/div>\r\n\r\n\r\n\r\n<p>\u00a0 \u00a0 \u00a0 \u00a0 \u00a0 \u00a0 \u00a0 \u00a0 \u00a0 \u00a0 \u00a0 \u00a0 \u00a0 \u00a0 \u00a0 \u00a0 \u00a0 \u00a0 \u00a0 \u00a0 \u00a0 \u00a0 \u00a0 \u00a0 \u00a0 \u00a0 \u00a0 Originaler Seitenwagen.<\/p>\r\n<p style=\"text-align: center;\"><a href=\"http:\/\/victoria-rad.de\/wp-content\/uploads\/2018\/07\/IMG_20141123_0013.jpg\" target=\"_blank\" rel=\"noopener noreferrer\"><img loading=\"lazy\" decoding=\"async\" class=\"aligncenter wp-image-750 size-medium\" src=\"http:\/\/victoria-rad.de\/wp-content\/uploads\/2018\/07\/IMG_20141123_0013-300x235.jpg\" alt=\"\" width=\"300\" height=\"235\" srcset=\"http:\/\/victoria-rad.de\/wp-content\/uploads\/2018\/07\/IMG_20141123_0013-300x235.jpg 300w, http:\/\/victoria-rad.de\/wp-content\/uploads\/2018\/07\/IMG_20141123_0013-768x602.jpg 768w, http:\/\/victoria-rad.de\/wp-content\/uploads\/2018\/07\/IMG_20141123_0013-1024x803.jpg 1024w\" sizes=\"auto, (max-width: 300px) 100vw, 300px\" \/><\/a>Originalbild<\/p>\r\n\r\n\r\n\r\n\r\n\r\n\r\n\r\n<p>Originales Bild Modell, erste Serie, man sieht deutlich das viergeteilte Kettenrad. Der Motor ist aber bereits die zweite Motovariante, welche im n\u00e4chsten Teil der K.R.III. folgt:<\/p>\r\n<p><a href=\"http:\/\/victoria-rad.de\/wp-content\/uploads\/2018\/07\/IMG_20141122_0021.jpg\" target=\"_blank\" rel=\"noopener noreferrer\"><img loading=\"lazy\" decoding=\"async\" class=\"aligncenter wp-image-749 size-medium\" src=\"http:\/\/victoria-rad.de\/wp-content\/uploads\/2018\/07\/IMG_20141122_0021-300x205.jpg\" alt=\"\" width=\"300\" height=\"205\" srcset=\"http:\/\/victoria-rad.de\/wp-content\/uploads\/2018\/07\/IMG_20141122_0021-300x205.jpg 300w, http:\/\/victoria-rad.de\/wp-content\/uploads\/2018\/07\/IMG_20141122_0021-768x526.jpg 768w, http:\/\/victoria-rad.de\/wp-content\/uploads\/2018\/07\/IMG_20141122_0021-1024x701.jpg 1024w\" sizes=\"auto, (max-width: 300px) 100vw, 300px\" \/><\/a><\/p>\r\n<p>&nbsp;<\/p>\r\n\r\n\r\n\r\n\r\n\r\n<div class=\"wp-block-image\">\r\n<figure class=\"aligncenter\"><a href=\"http:\/\/victoria-rad.de\/wp-content\/uploads\/2018\/07\/brudes.kr2_.1923.motorsport.mutschler.jpg\" target=\"_blank\" rel=\"noopener noreferrer\"><img loading=\"lazy\" decoding=\"async\" class=\"aligncenter wp-image-866\" src=\"http:\/\/victoria-rad.de\/wp-content\/uploads\/2018\/07\/brudes.kr2_.1923.motorsport.mutschler-300x222.jpg\" alt=\"\" width=\"300\" height=\"222\" srcset=\"http:\/\/victoria-rad.de\/wp-content\/uploads\/2018\/07\/brudes.kr2_.1923.motorsport.mutschler-300x222.jpg 300w, http:\/\/victoria-rad.de\/wp-content\/uploads\/2018\/07\/brudes.kr2_.1923.motorsport.mutschler-768x569.jpg 768w, http:\/\/victoria-rad.de\/wp-content\/uploads\/2018\/07\/brudes.kr2_.1923.motorsport.mutschler-1024x759.jpg 1024w\" sizes=\"auto, (max-width: 300px) 100vw, 300px\" \/><\/a><\/figure>\r\n<\/div>\r\n\r\n\r\n\r\n<p style=\"text-align: center;\">Adolf Brudes, 1923.<\/p>\r\n\r\n\r\n\r\n<div class=\"wp-block-image\">\r\n<figure class=\"aligncenter\"><img loading=\"lazy\" decoding=\"async\" width=\"300\" height=\"14\" class=\"wp-image-186 aligncenter\" src=\"http:\/\/victoria-rad.de\/wp-content\/uploads\/2018\/06\/58-300x14.png\" alt=\"\" srcset=\"http:\/\/victoria-rad.de\/wp-content\/uploads\/2018\/06\/58-300x14.png 300w, http:\/\/victoria-rad.de\/wp-content\/uploads\/2018\/06\/58.png 501w\" sizes=\"auto, (max-width: 300px) 100vw, 300px\" \/><\/figure>\r\n<\/div>\r\n\r\n\r\n\r\n<p>Zweite Serie Modell 1925:<\/p>\r\n\r\n\r\n\r\n<p>Katalog von 7.1926:<\/p>\r\n\r\n\r\n\r\n<div class=\"wp-block-image\">\r\n<figure class=\"aligncenter\"><a href=\"http:\/\/victoria-rad.de\/?attachment_id=759\" target=\"_blank\" rel=\"noopener noreferrer\"><img loading=\"lazy\" decoding=\"async\" class=\"aligncenter wp-image-759\" src=\"http:\/\/victoria-rad.de\/wp-content\/uploads\/2018\/07\/IMG_20180719_0002-219x300.jpg\" alt=\"\" width=\"219\" height=\"300\" srcset=\"http:\/\/victoria-rad.de\/wp-content\/uploads\/2018\/07\/IMG_20180719_0002-219x300.jpg 219w, http:\/\/victoria-rad.de\/wp-content\/uploads\/2018\/07\/IMG_20180719_0002-768x1054.jpg 768w, http:\/\/victoria-rad.de\/wp-content\/uploads\/2018\/07\/IMG_20180719_0002-746x1024.jpg 746w\" sizes=\"auto, (max-width: 219px) 100vw, 219px\" \/><\/a><\/figure>\r\n<\/div>\r\n\r\n\r\n\r\n<div class=\"wp-block-image\">\r\n<figure class=\"aligncenter\"><a href=\"http:\/\/victoria-rad.de\/wp-content\/uploads\/2018\/07\/IMG_20180719_0003.jpg\" target=\"_blank\" rel=\"noopener noreferrer\"><img loading=\"lazy\" decoding=\"async\" class=\"aligncenter wp-image-760\" src=\"http:\/\/victoria-rad.de\/wp-content\/uploads\/2018\/07\/IMG_20180719_0003-218x300.jpg\" alt=\"\" width=\"218\" height=\"300\" srcset=\"http:\/\/victoria-rad.de\/wp-content\/uploads\/2018\/07\/IMG_20180719_0003-218x300.jpg 218w, http:\/\/victoria-rad.de\/wp-content\/uploads\/2018\/07\/IMG_20180719_0003-768x1057.jpg 768w, http:\/\/victoria-rad.de\/wp-content\/uploads\/2018\/07\/IMG_20180719_0003-744x1024.jpg 744w\" sizes=\"auto, (max-width: 218px) 100vw, 218px\" \/><\/a><\/figure>\r\n<\/div>\r\n\r\n\r\n\r\n<div class=\"wp-block-image\">\r\n<figure class=\"aligncenter\"><a href=\"http:\/\/victoria-rad.de\/wp-content\/uploads\/2018\/07\/IMG_20180719_0004-3.jpg\" target=\"_blank\" rel=\"noopener noreferrer\"><img loading=\"lazy\" decoding=\"async\" class=\"aligncenter wp-image-761\" src=\"http:\/\/victoria-rad.de\/wp-content\/uploads\/2018\/07\/IMG_20180719_0004-3-300x170.jpg\" alt=\"\" width=\"300\" height=\"170\" srcset=\"http:\/\/victoria-rad.de\/wp-content\/uploads\/2018\/07\/IMG_20180719_0004-3-300x170.jpg 300w, http:\/\/victoria-rad.de\/wp-content\/uploads\/2018\/07\/IMG_20180719_0004-3-768x435.jpg 768w, http:\/\/victoria-rad.de\/wp-content\/uploads\/2018\/07\/IMG_20180719_0004-3-1024x580.jpg 1024w\" sizes=\"auto, (max-width: 300px) 100vw, 300px\" \/><\/a><\/figure>\r\n<\/div>\r\n\r\n\r\n\r\n<div class=\"wp-block-image\">\r\n<figure class=\"aligncenter\"><a href=\"http:\/\/victoria-rad.de\/?attachment_id=764\" target=\"_blank\" rel=\"noopener noreferrer\"><img loading=\"lazy\" decoding=\"async\" class=\"aligncenter wp-image-764\" src=\"http:\/\/victoria-rad.de\/wp-content\/uploads\/2018\/07\/IMG_20180719_0004-300x148.jpg\" alt=\"\" width=\"300\" height=\"148\" srcset=\"http:\/\/victoria-rad.de\/wp-content\/uploads\/2018\/07\/IMG_20180719_0004-300x148.jpg 300w, http:\/\/victoria-rad.de\/wp-content\/uploads\/2018\/07\/IMG_20180719_0004-768x379.jpg 768w, http:\/\/victoria-rad.de\/wp-content\/uploads\/2018\/07\/IMG_20180719_0004-1024x506.jpg 1024w\" sizes=\"auto, (max-width: 300px) 100vw, 300px\" \/><\/a><\/figure>\r\n<\/div>\r\n\r\n\r\n\r\n<p>Neuheiten im \u00dcberblick:<\/p>\r\n\r\n\r\n\r\n<ul class=\"wp-block-list\">\r\n<li>Die Zylinder wurden komplett in Stahlguss gefertigt.<\/li>\r\n<li>Auspuffrohre am Zylinderkopf mit Flansch, anstatt geschraubt.<\/li>\r\n<li>Kipphebelbefestigung geschraubt (austauschbar).<\/li>\r\n<li>Kippst\u00e4nder unter Rahmen, Heckst\u00e4nder f\u00e4llt weg.<\/li>\r\n<li>Hinterradantrieb mit integrierter Backenbremse.<\/li>\r\n<li>Hinterer Kotfl\u00fcgel abnehmbar.<\/li>\r\n<li>Lenker und Armaturen &#8211; neu.<\/li>\r\n<li>\u00c4nderung des Klemmkopfes der Vordergabel durch k\u00fcrzere Federn.<\/li>\r\n<\/ul>\r\n\r\n\r\n\r\n<div class=\"wp-block-image\">\r\n<figure class=\"aligncenter\"><a href=\"http:\/\/victoria-rad.de\/wp-content\/uploads\/2018\/07\/Image00155.jpg\" target=\"_blank\" rel=\"noopener noreferrer\"><img loading=\"lazy\" decoding=\"async\" class=\"aligncenter wp-image-763\" src=\"http:\/\/victoria-rad.de\/wp-content\/uploads\/2018\/07\/Image00155-300x160.jpg\" alt=\"\" width=\"300\" height=\"160\" srcset=\"http:\/\/victoria-rad.de\/wp-content\/uploads\/2018\/07\/Image00155-300x160.jpg 300w, http:\/\/victoria-rad.de\/wp-content\/uploads\/2018\/07\/Image00155-768x410.jpg 768w, http:\/\/victoria-rad.de\/wp-content\/uploads\/2018\/07\/Image00155-1024x547.jpg 1024w, http:\/\/victoria-rad.de\/wp-content\/uploads\/2018\/07\/Image00155.jpg 1765w\" sizes=\"auto, (max-width: 300px) 100vw, 300px\" \/><\/a><\/figure>\r\n<\/div>\r\n\r\n\r\n\r\n<p>&nbsp;<\/p>\r\n\r\n\r\n\r\n<div class=\"wp-block-image\">\r\n<figure class=\"aligncenter\"><a href=\"http:\/\/victoria-rad.de\/wp-content\/uploads\/2018\/07\/Ulis-KR3-046.jpg\" target=\"_blank\" rel=\"noopener noreferrer\"><img loading=\"lazy\" decoding=\"async\" class=\"aligncenter wp-image-786\" src=\"http:\/\/victoria-rad.de\/wp-content\/uploads\/2018\/07\/Ulis-KR3-046-300x201.jpg\" alt=\"\" width=\"300\" height=\"201\" srcset=\"http:\/\/victoria-rad.de\/wp-content\/uploads\/2018\/07\/Ulis-KR3-046-300x201.jpg 300w, http:\/\/victoria-rad.de\/wp-content\/uploads\/2018\/07\/Ulis-KR3-046-768x514.jpg 768w, http:\/\/victoria-rad.de\/wp-content\/uploads\/2018\/07\/Ulis-KR3-046-1024x685.jpg 1024w\" sizes=\"auto, (max-width: 300px) 100vw, 300px\" \/><\/a><\/figure>\r\n<\/div>\r\n\r\n\r\n\r\n<p style=\"text-align: center;\">Ruckd\u00e4mpfer-Kettenrad mit Backenbremse im Nachbau:<\/p>\r\n\r\n\r\n\r\n<div class=\"wp-block-image\">\r\n<figure class=\"aligncenter\"><a href=\"http:\/\/victoria-rad.de\/wp-content\/uploads\/2018\/07\/P1060342.jpg\" target=\"_blank\" rel=\"noopener noreferrer\"><img loading=\"lazy\" decoding=\"async\" class=\"aligncenter wp-image-774\" src=\"http:\/\/victoria-rad.de\/wp-content\/uploads\/2018\/07\/P1060342-300x201.jpg\" alt=\"\" width=\"300\" height=\"201\" srcset=\"http:\/\/victoria-rad.de\/wp-content\/uploads\/2018\/07\/P1060342-300x201.jpg 300w, http:\/\/victoria-rad.de\/wp-content\/uploads\/2018\/07\/P1060342-768x514.jpg 768w, http:\/\/victoria-rad.de\/wp-content\/uploads\/2018\/07\/P1060342-1024x685.jpg 1024w\" sizes=\"auto, (max-width: 300px) 100vw, 300px\" \/><\/a><\/figure>\r\n<\/div>\r\n\r\n\r\n\r\n<div class=\"wp-block-image\">\r\n<figure class=\"aligncenter\"><a href=\"http:\/\/victoria-rad.de\/wp-content\/uploads\/2018\/07\/IMG_20141120_0014.jpg\" target=\"_blank\" rel=\"noopener noreferrer\"><img loading=\"lazy\" decoding=\"async\" class=\"aligncenter wp-image-754\" src=\"http:\/\/victoria-rad.de\/wp-content\/uploads\/2018\/07\/IMG_20141120_0014-300x213.jpg\" alt=\"\" width=\"300\" height=\"213\" srcset=\"http:\/\/victoria-rad.de\/wp-content\/uploads\/2018\/07\/IMG_20141120_0014-300x213.jpg 300w, http:\/\/victoria-rad.de\/wp-content\/uploads\/2018\/07\/IMG_20141120_0014-768x546.jpg 768w, http:\/\/victoria-rad.de\/wp-content\/uploads\/2018\/07\/IMG_20141120_0014-1024x728.jpg 1024w\" sizes=\"auto, (max-width: 300px) 100vw, 300px\" \/><\/a><\/figure>\r\n<\/div>\r\n\r\n\r\n\r\n<div class=\"wp-block-image\">\r\n<figure class=\"aligncenter\"><a href=\"http:\/\/victoria-rad.de\/wp-content\/uploads\/2018\/07\/P1050827.jpg\" target=\"_blank\" rel=\"noopener noreferrer\"><img loading=\"lazy\" decoding=\"async\" class=\"aligncenter wp-image-756\" src=\"http:\/\/victoria-rad.de\/wp-content\/uploads\/2018\/07\/P1050827-300x201.jpg\" alt=\"\" width=\"300\" height=\"201\" srcset=\"http:\/\/victoria-rad.de\/wp-content\/uploads\/2018\/07\/P1050827-300x201.jpg 300w, http:\/\/victoria-rad.de\/wp-content\/uploads\/2018\/07\/P1050827-768x514.jpg 768w, http:\/\/victoria-rad.de\/wp-content\/uploads\/2018\/07\/P1050827-1024x685.jpg 1024w\" sizes=\"auto, (max-width: 300px) 100vw, 300px\" \/><\/a><\/figure>\r\n<\/div>\r\n\r\n\r\n\r\n<div class=\"wp-block-image\">\r\n<figure class=\"aligncenter\"><a href=\"http:\/\/victoria-rad.de\/wp-content\/uploads\/2018\/07\/Victoria-KR3-Originazustand.jpg\" target=\"_blank\" rel=\"noopener noreferrer\"><img loading=\"lazy\" decoding=\"async\" class=\"aligncenter wp-image-757\" src=\"http:\/\/victoria-rad.de\/wp-content\/uploads\/2018\/07\/Victoria-KR3-Originazustand-300x203.jpg\" alt=\"\" width=\"300\" height=\"203\" srcset=\"http:\/\/victoria-rad.de\/wp-content\/uploads\/2018\/07\/Victoria-KR3-Originazustand-300x203.jpg 300w, http:\/\/victoria-rad.de\/wp-content\/uploads\/2018\/07\/Victoria-KR3-Originazustand-768x520.jpg 768w, http:\/\/victoria-rad.de\/wp-content\/uploads\/2018\/07\/Victoria-KR3-Originazustand-1024x693.jpg 1024w\" sizes=\"auto, (max-width: 300px) 100vw, 300px\" \/><\/a><\/figure>\r\n<\/div>\r\n\r\n\r\n\r\n<p>Modell 1925, wohl eine der originalsten K.R.III., welche noch aus dieser Zeit existiert.<br \/><br \/>Sch\u00f6n restaurierte K.R.III.:<\/p>\r\n\r\n\r\n\r\n<div class=\"wp-block-image\">\r\n<figure class=\"aligncenter\"><a href=\"http:\/\/victoria-rad.de\/wp-content\/uploads\/2018\/07\/KRIII.jpg\" target=\"_blank\" rel=\"noopener noreferrer\"><img loading=\"lazy\" decoding=\"async\" class=\"aligncenter wp-image-779\" src=\"http:\/\/victoria-rad.de\/wp-content\/uploads\/2018\/07\/KRIII-300x225.jpg\" alt=\"\" width=\"300\" height=\"225\" srcset=\"http:\/\/victoria-rad.de\/wp-content\/uploads\/2018\/07\/KRIII-300x225.jpg 300w, http:\/\/victoria-rad.de\/wp-content\/uploads\/2018\/07\/KRIII-768x576.jpg 768w, http:\/\/victoria-rad.de\/wp-content\/uploads\/2018\/07\/KRIII-1024x768.jpg 1024w, http:\/\/victoria-rad.de\/wp-content\/uploads\/2018\/07\/KRIII.jpg 2048w\" sizes=\"auto, (max-width: 300px) 100vw, 300px\" \/><\/a><\/figure>\r\n<\/div>\r\n\r\n\r\n\r\n<div class=\"wp-block-image\">\r\n<figure class=\"aligncenter\"><a href=\"http:\/\/victoria-rad.de\/?attachment_id=780\" target=\"_blank\" rel=\"noopener noreferrer\"><img loading=\"lazy\" decoding=\"async\" class=\"aligncenter wp-image-780\" src=\"http:\/\/victoria-rad.de\/wp-content\/uploads\/2018\/07\/KRIII-1-300x225.jpg\" alt=\"\" width=\"300\" height=\"225\" srcset=\"http:\/\/victoria-rad.de\/wp-content\/uploads\/2018\/07\/KRIII-1-300x225.jpg 300w, http:\/\/victoria-rad.de\/wp-content\/uploads\/2018\/07\/KRIII-1-768x576.jpg 768w, http:\/\/victoria-rad.de\/wp-content\/uploads\/2018\/07\/KRIII-1-1024x768.jpg 1024w, http:\/\/victoria-rad.de\/wp-content\/uploads\/2018\/07\/KRIII-1.jpg 2048w\" sizes=\"auto, (max-width: 300px) 100vw, 300px\" \/><\/a><\/figure>\r\n<\/div>\r\n\r\n\r\n\r\n<div class=\"wp-block-image\">\r\n<figure class=\"aligncenter\"><a href=\"http:\/\/victoria-rad.de\/wp-content\/uploads\/2018\/07\/IMG_20141211_0038.jpg\" target=\"_blank\" rel=\"noopener noreferrer\"><img loading=\"lazy\" decoding=\"async\" class=\"aligncenter wp-image-1507\" src=\"http:\/\/victoria-rad.de\/wp-content\/uploads\/2018\/07\/IMG_20141211_0038-300x172.jpg\" alt=\"\" width=\"300\" height=\"172\" srcset=\"http:\/\/victoria-rad.de\/wp-content\/uploads\/2018\/07\/IMG_20141211_0038-300x172.jpg 300w, http:\/\/victoria-rad.de\/wp-content\/uploads\/2018\/07\/IMG_20141211_0038-768x440.jpg 768w, http:\/\/victoria-rad.de\/wp-content\/uploads\/2018\/07\/IMG_20141211_0038-1024x586.jpg 1024w\" sizes=\"auto, (max-width: 300px) 100vw, 300px\" \/><\/a><\/figure>\r\n<\/div>\r\n\r\n\r\n\r\n<p>Originale Bilder:<\/p>\r\n<p><a href=\"http:\/\/victoria-rad.de\/wp-content\/uploads\/2018\/07\/IMG_20141122_0051.jpg\" target=\"_blank\" rel=\"noopener noreferrer\"><img loading=\"lazy\" decoding=\"async\" class=\"aligncenter wp-image-765 size-medium\" src=\"http:\/\/victoria-rad.de\/wp-content\/uploads\/2018\/07\/IMG_20141122_0051-300x205.jpg\" alt=\"\" width=\"300\" height=\"205\" srcset=\"http:\/\/victoria-rad.de\/wp-content\/uploads\/2018\/07\/IMG_20141122_0051-300x205.jpg 300w, http:\/\/victoria-rad.de\/wp-content\/uploads\/2018\/07\/IMG_20141122_0051-768x525.jpg 768w, http:\/\/victoria-rad.de\/wp-content\/uploads\/2018\/07\/IMG_20141122_0051-1024x701.jpg 1024w\" sizes=\"auto, (max-width: 300px) 100vw, 300px\" \/><\/a><a href=\"http:\/\/victoria-rad.de\/wp-content\/uploads\/2018\/07\/IMG_20141122_0114.jpg\" target=\"_blank\" rel=\"noopener noreferrer\"><img loading=\"lazy\" decoding=\"async\" class=\"aligncenter wp-image-766 size-medium\" src=\"http:\/\/victoria-rad.de\/wp-content\/uploads\/2018\/07\/IMG_20141122_0114-300x219.jpg\" alt=\"\" width=\"300\" height=\"219\" srcset=\"http:\/\/victoria-rad.de\/wp-content\/uploads\/2018\/07\/IMG_20141122_0114-300x219.jpg 300w, http:\/\/victoria-rad.de\/wp-content\/uploads\/2018\/07\/IMG_20141122_0114-768x561.jpg 768w, http:\/\/victoria-rad.de\/wp-content\/uploads\/2018\/07\/IMG_20141122_0114-1024x747.jpg 1024w\" sizes=\"auto, (max-width: 300px) 100vw, 300px\" \/><\/a><a href=\"http:\/\/victoria-rad.de\/wp-content\/uploads\/2018\/07\/IMG_20141128_0027.jpg\" target=\"_blank\" rel=\"noopener noreferrer\"><img loading=\"lazy\" decoding=\"async\" class=\"aligncenter wp-image-768 size-medium\" src=\"http:\/\/victoria-rad.de\/wp-content\/uploads\/2018\/07\/IMG_20141128_0027-300x230.jpg\" alt=\"\" width=\"300\" height=\"230\" srcset=\"http:\/\/victoria-rad.de\/wp-content\/uploads\/2018\/07\/IMG_20141128_0027-300x230.jpg 300w, http:\/\/victoria-rad.de\/wp-content\/uploads\/2018\/07\/IMG_20141128_0027-768x589.jpg 768w, http:\/\/victoria-rad.de\/wp-content\/uploads\/2018\/07\/IMG_20141128_0027-1024x785.jpg 1024w\" sizes=\"auto, (max-width: 300px) 100vw, 300px\" \/><\/a><a href=\"http:\/\/victoria-rad.de\/wp-content\/uploads\/2018\/07\/IMG_20141128_0021-1.jpg\" target=\"_blank\" rel=\"noopener noreferrer\"><img loading=\"lazy\" decoding=\"async\" class=\"aligncenter wp-image-767 size-medium\" src=\"http:\/\/victoria-rad.de\/wp-content\/uploads\/2018\/07\/IMG_20141128_0021-1-300x190.jpg\" alt=\"\" width=\"300\" height=\"190\" srcset=\"http:\/\/victoria-rad.de\/wp-content\/uploads\/2018\/07\/IMG_20141128_0021-1-300x190.jpg 300w, http:\/\/victoria-rad.de\/wp-content\/uploads\/2018\/07\/IMG_20141128_0021-1-768x487.jpg 768w, http:\/\/victoria-rad.de\/wp-content\/uploads\/2018\/07\/IMG_20141128_0021-1-1024x650.jpg 1024w\" sizes=\"auto, (max-width: 300px) 100vw, 300px\" \/><\/a><\/p>\r\n\r\n\r\n\r\n\r\n\r\n\r\n\r\n\r\n\r\n\r\n\r\n<div class=\"wp-block-image\">\r\n<figure class=\"aligncenter\"><a href=\"http:\/\/victoria-rad.de\/wp-content\/uploads\/2018\/07\/Vorderseite-Bild-unten.jpg\" target=\"_blank\" rel=\"noopener noreferrer\"><img loading=\"lazy\" decoding=\"async\" class=\"aligncenter wp-image-772\" src=\"http:\/\/victoria-rad.de\/wp-content\/uploads\/2018\/07\/Vorderseite-Bild-unten-300x199.jpg\" alt=\"\" width=\"300\" height=\"199\" srcset=\"http:\/\/victoria-rad.de\/wp-content\/uploads\/2018\/07\/Vorderseite-Bild-unten-300x199.jpg 300w, http:\/\/victoria-rad.de\/wp-content\/uploads\/2018\/07\/Vorderseite-Bild-unten-768x510.jpg 768w, http:\/\/victoria-rad.de\/wp-content\/uploads\/2018\/07\/Vorderseite-Bild-unten-1024x680.jpg 1024w\" sizes=\"auto, (max-width: 300px) 100vw, 300px\" \/><\/a><\/figure>\r\n<\/div>\r\n\r\n\r\n\r\n<div class=\"wp-block-image\">\r\n<figure class=\"aligncenter\"><a href=\"http:\/\/victoria-rad.de\/wp-content\/uploads\/2018\/07\/IMG-20180617-WA0000-Kopie.jpg\" target=\"_blank\" rel=\"noopener noreferrer\"><img loading=\"lazy\" decoding=\"async\" class=\"aligncenter wp-image-773\" src=\"http:\/\/victoria-rad.de\/wp-content\/uploads\/2018\/07\/IMG-20180617-WA0000-Kopie-225x300.jpg\" alt=\"\" width=\"225\" height=\"300\" srcset=\"http:\/\/victoria-rad.de\/wp-content\/uploads\/2018\/07\/IMG-20180617-WA0000-Kopie-225x300.jpg 225w, http:\/\/victoria-rad.de\/wp-content\/uploads\/2018\/07\/IMG-20180617-WA0000-Kopie-768x1024.jpg 768w, http:\/\/victoria-rad.de\/wp-content\/uploads\/2018\/07\/IMG-20180617-WA0000-Kopie.jpg 1200w\" sizes=\"auto, (max-width: 225px) 100vw, 225px\" \/><\/a><\/figure>\r\n<\/div>\r\n\r\n\r\n\r\n<div class=\"wp-block-image\">\r\n<figure class=\"aligncenter\"><img loading=\"lazy\" decoding=\"async\" width=\"300\" height=\"14\" class=\"wp-image-186 aligncenter\" src=\"http:\/\/victoria-rad.de\/wp-content\/uploads\/2018\/06\/58-300x14.png\" alt=\"\" srcset=\"http:\/\/victoria-rad.de\/wp-content\/uploads\/2018\/06\/58-300x14.png 300w, http:\/\/victoria-rad.de\/wp-content\/uploads\/2018\/06\/58.png 501w\" sizes=\"auto, (max-width: 300px) 100vw, 300px\" \/><\/figure>\r\n<\/div>\r\n\r\n\r\n\r\n<div class=\"wp-block-image\">\r\n<figure class=\"aligncenter\"><a href=\"http:\/\/victoria-rad.de\/wp-content\/uploads\/2018\/07\/IMG_20180720_0003.jpg\" target=\"_blank\" rel=\"noopener noreferrer\"><img loading=\"lazy\" decoding=\"async\" class=\"aligncenter wp-image-790\" src=\"http:\/\/victoria-rad.de\/wp-content\/uploads\/2018\/07\/IMG_20180720_0003-283x300.jpg\" alt=\"\" width=\"283\" height=\"300\" srcset=\"http:\/\/victoria-rad.de\/wp-content\/uploads\/2018\/07\/IMG_20180720_0003-283x300.jpg 283w, http:\/\/victoria-rad.de\/wp-content\/uploads\/2018\/07\/IMG_20180720_0003-768x814.jpg 768w, http:\/\/victoria-rad.de\/wp-content\/uploads\/2018\/07\/IMG_20180720_0003-966x1024.jpg 966w\" sizes=\"auto, (max-width: 283px) 100vw, 283px\" \/><\/a><\/figure>\r\n<\/div>\r\n\r\n\r\n\r\n<p>Ab Mitte 1926 bekommt der K.R.III. Motor eine neue Motorenentl\u00fcftung, verbunden mit der \u00c4nderung der Nockenwelle.<\/p>\r\n\r\n\r\n\r\n<div class=\"wp-block-image\">\r\n<figure class=\"aligncenter\"><a href=\"http:\/\/victoria-rad.de\/wp-content\/uploads\/2018\/07\/Image00217.jpg\" target=\"_blank\" rel=\"noopener noreferrer\"><img loading=\"lazy\" decoding=\"async\" class=\"aligncenter wp-image-781\" src=\"http:\/\/victoria-rad.de\/wp-content\/uploads\/2018\/07\/Image00217-300x282.jpg\" alt=\"\" width=\"300\" height=\"282\" srcset=\"http:\/\/victoria-rad.de\/wp-content\/uploads\/2018\/07\/Image00217-300x282.jpg 300w, http:\/\/victoria-rad.de\/wp-content\/uploads\/2018\/07\/Image00217.jpg 666w\" sizes=\"auto, (max-width: 300px) 100vw, 300px\" \/><\/a><\/figure>\r\n<\/div>\r\n\r\n\r\n\r\n<p>Nach Einf\u00fchrung dieses Entl\u00fcfters hat man bei einigen Modellen auch auf den sogenannten Dekompressionsanschluss verzichtet und mit einem elektrisch \u00fcber den Z\u00fcndmagneten gesteuerten Aus-Knopf am Lenker den Motor zum Sillstand gebracht.:<\/p>\r\n\r\n\r\n\r\n<div class=\"wp-block-image\">\r\n<figure class=\"aligncenter\"><a href=\"http:\/\/victoria-rad.de\/wp-content\/uploads\/2018\/07\/Ulis-KR3-118.jpg\" target=\"_blank\" rel=\"noopener noreferrer\"><img loading=\"lazy\" decoding=\"async\" class=\"aligncenter wp-image-782\" src=\"http:\/\/victoria-rad.de\/wp-content\/uploads\/2018\/07\/Ulis-KR3-118-300x189.jpg\" alt=\"\" width=\"300\" height=\"189\" srcset=\"http:\/\/victoria-rad.de\/wp-content\/uploads\/2018\/07\/Ulis-KR3-118-300x189.jpg 300w, http:\/\/victoria-rad.de\/wp-content\/uploads\/2018\/07\/Ulis-KR3-118-768x485.jpg 768w, http:\/\/victoria-rad.de\/wp-content\/uploads\/2018\/07\/Ulis-KR3-118-1024x646.jpg 1024w\" sizes=\"auto, (max-width: 300px) 100vw, 300px\" \/><\/a><\/figure>\r\n<\/div>\r\n\r\n\r\n\r\n<p>Bei diesem Motor mit der Nummer 6400 war an der Nockenwelle kein Aushubzapfen vorhanden!<\/p>\r\n\r\n\r\n\r\n<p>Das Motorrad nach der Restauration:<\/p>\r\n\r\n\r\n\r\n<div class=\"wp-block-image\">\r\n<figure class=\"aligncenter\"><a href=\"http:\/\/victoria-rad.de\/wp-content\/uploads\/2018\/07\/Ulis-KR3-012.jpg\" target=\"_blank\" rel=\"noopener noreferrer\"><img loading=\"lazy\" decoding=\"async\" class=\"aligncenter wp-image-783\" src=\"http:\/\/victoria-rad.de\/wp-content\/uploads\/2018\/07\/Ulis-KR3-012-300x201.jpg\" alt=\"\" width=\"300\" height=\"201\" srcset=\"http:\/\/victoria-rad.de\/wp-content\/uploads\/2018\/07\/Ulis-KR3-012-300x201.jpg 300w, http:\/\/victoria-rad.de\/wp-content\/uploads\/2018\/07\/Ulis-KR3-012-768x514.jpg 768w, http:\/\/victoria-rad.de\/wp-content\/uploads\/2018\/07\/Ulis-KR3-012-1024x685.jpg 1024w\" sizes=\"auto, (max-width: 300px) 100vw, 300px\" \/><\/a><\/figure>\r\n<\/div>\r\n\r\n\r\n\r\n<div class=\"wp-block-image\">\r\n<figure class=\"aligncenter\"><a href=\"http:\/\/victoria-rad.de\/?attachment_id=784\" target=\"_blank\" rel=\"noopener noreferrer\"><img loading=\"lazy\" decoding=\"async\" class=\"aligncenter wp-image-784\" src=\"http:\/\/victoria-rad.de\/wp-content\/uploads\/2018\/07\/Ulis-KR3-002-300x201.jpg\" alt=\"\" width=\"300\" height=\"201\" srcset=\"http:\/\/victoria-rad.de\/wp-content\/uploads\/2018\/07\/Ulis-KR3-002-300x201.jpg 300w, http:\/\/victoria-rad.de\/wp-content\/uploads\/2018\/07\/Ulis-KR3-002-768x514.jpg 768w, http:\/\/victoria-rad.de\/wp-content\/uploads\/2018\/07\/Ulis-KR3-002-1024x685.jpg 1024w\" sizes=\"auto, (max-width: 300px) 100vw, 300px\" \/><\/a><\/figure>\r\n<\/div>\r\n\r\n\r\n\r\n<div class=\"wp-block-image\">\r\n<figure class=\"aligncenter\"><a href=\"http:\/\/victoria-rad.de\/wp-content\/uploads\/2018\/08\/IMG_20181004_0004.jpg\" target=\"_blank\" rel=\"noopener noreferrer\"><img loading=\"lazy\" decoding=\"async\" class=\"aligncenter wp-image-2291\" src=\"http:\/\/victoria-rad.de\/wp-content\/uploads\/2018\/08\/IMG_20181004_0004-300x204.jpg\" alt=\"\" width=\"300\" height=\"204\" srcset=\"http:\/\/victoria-rad.de\/wp-content\/uploads\/2018\/08\/IMG_20181004_0004-300x204.jpg 300w, http:\/\/victoria-rad.de\/wp-content\/uploads\/2018\/08\/IMG_20181004_0004-768x521.jpg 768w, http:\/\/victoria-rad.de\/wp-content\/uploads\/2018\/08\/IMG_20181004_0004-1024x695.jpg 1024w, http:\/\/victoria-rad.de\/wp-content\/uploads\/2018\/08\/IMG_20181004_0004.jpg 1992w\" sizes=\"auto, (max-width: 300px) 100vw, 300px\" \/><\/a><\/figure>\r\n<\/div>\r\n\r\n\r\n\r\n<p>Katalog Anfang 1927:<\/p>\r\n\r\n\r\n\r\n<div class=\"wp-block-image\">\r\n<figure class=\"aligncenter\"><a href=\"http:\/\/victoria-rad.de\/wp-content\/uploads\/2018\/07\/Image00188.jpg\" target=\"_blank\" rel=\"noopener noreferrer\"><img loading=\"lazy\" decoding=\"async\" class=\"aligncenter wp-image-788\" src=\"http:\/\/victoria-rad.de\/wp-content\/uploads\/2018\/07\/Image00188-225x300.jpg\" alt=\"\" width=\"225\" height=\"300\" srcset=\"http:\/\/victoria-rad.de\/wp-content\/uploads\/2018\/07\/Image00188-225x300.jpg 225w, http:\/\/victoria-rad.de\/wp-content\/uploads\/2018\/07\/Image00188-768x1026.jpg 768w, http:\/\/victoria-rad.de\/wp-content\/uploads\/2018\/07\/Image00188-767x1024.jpg 767w, http:\/\/victoria-rad.de\/wp-content\/uploads\/2018\/07\/Image00188.jpg 1395w\" sizes=\"auto, (max-width: 225px) 100vw, 225px\" \/><\/a><\/figure>\r\n<\/div>\r\n\r\n\r\n\r\n<div class=\"wp-block-image\">\r\n<figure class=\"aligncenter\"><a href=\"http:\/\/victoria-rad.de\/?attachment_id=789\" target=\"_blank\" rel=\"noopener noreferrer\"><img loading=\"lazy\" decoding=\"async\" class=\"aligncenter wp-image-789\" src=\"http:\/\/victoria-rad.de\/wp-content\/uploads\/2018\/07\/Image00189-218x300.jpg\" alt=\"\" width=\"218\" height=\"300\" srcset=\"http:\/\/victoria-rad.de\/wp-content\/uploads\/2018\/07\/Image00189-218x300.jpg 218w, http:\/\/victoria-rad.de\/wp-content\/uploads\/2018\/07\/Image00189-768x1055.jpg 768w, http:\/\/victoria-rad.de\/wp-content\/uploads\/2018\/07\/Image00189-745x1024.jpg 745w, http:\/\/victoria-rad.de\/wp-content\/uploads\/2018\/07\/Image00189.jpg 1314w\" sizes=\"auto, (max-width: 218px) 100vw, 218px\" \/><\/a><\/figure>\r\n<\/div>\r\n\r\n\r\n\r\n<p><br \/>Nach wie vor wird die Motorradbezeichnung mit Punkten hinter den Buchstaben und Ziffern versehen. Danach trat eine \u00c4nderung ein und man lie\u00df die Punkte weg.<\/p>\r\n\r\n\r\n\r\n<div class=\"wp-block-image\">\r\n<figure class=\"aligncenter\"><a href=\"http:\/\/victoria-rad.de\/wp-content\/uploads\/2018\/07\/Image00191.jpg\" target=\"_blank\" rel=\"noopener noreferrer\"><img loading=\"lazy\" decoding=\"async\" class=\"aligncenter wp-image-817\" src=\"http:\/\/victoria-rad.de\/wp-content\/uploads\/2018\/07\/Image00191-300x188.jpg\" alt=\"\" width=\"300\" height=\"188\" srcset=\"http:\/\/victoria-rad.de\/wp-content\/uploads\/2018\/07\/Image00191-300x188.jpg 300w, http:\/\/victoria-rad.de\/wp-content\/uploads\/2018\/07\/Image00191-768x481.jpg 768w, http:\/\/victoria-rad.de\/wp-content\/uploads\/2018\/07\/Image00191.jpg 912w\" sizes=\"auto, (max-width: 300px) 100vw, 300px\" \/><\/a><\/figure>\r\n<\/div>\r\n\r\n\r\n\r\n<p>\u00a0 \u00a0 \u00a0 \u00a0 \u00a0 \u00a0 \u00a0 \u00a0 \u00a0 \u00a0 \u00a0 \u00a0 \u00a0 \u00a0 \u00a0 \u00a0 \u00a0 \u00a0 \u00a0 \u00a0 \u00a0 \u00a0 \u00a0 \u00a0 \u00a0 \u00a0 \u00a0 \u00a0 \u00a0 Werk M\u00fcnchen.<\/p>\r\n\r\n\r\n\r\n<p>Modell K.R.III. 1927:<\/p>\r\n\r\n\r\n\r\n<p>mit ver\u00e4nderten Benzintank, welcher nach hinten schr\u00e4ger abf\u00e4llt und dadurch eine formsch\u00f6nere Linie erh\u00e4lt. Hier wurde letztmalig die sogenannte Kaffeem\u00fchlenschaltung auf der Oberseite des Tanks verwendet.<\/p>\r\n\r\n\r\n\r\n<div class=\"wp-block-image\">\r\n<figure class=\"aligncenter\"><a href=\"http:\/\/victoria-rad.de\/?attachment_id=793\" target=\"_blank\" rel=\"noopener noreferrer\"><img loading=\"lazy\" decoding=\"async\" class=\"aligncenter wp-image-793\" src=\"http:\/\/victoria-rad.de\/wp-content\/uploads\/2018\/07\/Image00192-300x205.jpg\" alt=\"\" width=\"300\" height=\"205\" srcset=\"http:\/\/victoria-rad.de\/wp-content\/uploads\/2018\/07\/Image00192-300x205.jpg 300w, http:\/\/victoria-rad.de\/wp-content\/uploads\/2018\/07\/Image00192-768x526.jpg 768w, http:\/\/victoria-rad.de\/wp-content\/uploads\/2018\/07\/Image00192-1024x701.jpg 1024w, http:\/\/victoria-rad.de\/wp-content\/uploads\/2018\/07\/Image00192.jpg 1520w\" sizes=\"auto, (max-width: 300px) 100vw, 300px\" \/><\/a><\/figure>\r\n<\/div>\r\n\r\n\r\n\r\n<div class=\"wp-block-image\">\r\n<figure class=\"aligncenter\"><a href=\"http:\/\/victoria-rad.de\/?attachment_id=811\" target=\"_blank\" rel=\"noopener noreferrer\"><img loading=\"lazy\" decoding=\"async\" class=\"aligncenter wp-image-811\" src=\"http:\/\/victoria-rad.de\/wp-content\/uploads\/2018\/07\/Image00153-207x300.jpg\" alt=\"\" width=\"207\" height=\"300\" srcset=\"http:\/\/victoria-rad.de\/wp-content\/uploads\/2018\/07\/Image00153-207x300.jpg 207w, http:\/\/victoria-rad.de\/wp-content\/uploads\/2018\/07\/Image00153-768x1115.jpg 768w, http:\/\/victoria-rad.de\/wp-content\/uploads\/2018\/07\/Image00153-706x1024.jpg 706w, http:\/\/victoria-rad.de\/wp-content\/uploads\/2018\/07\/Image00153.jpg 1737w\" sizes=\"auto, (max-width: 207px) 100vw, 207px\" \/><\/a><\/figure>\r\n<\/div>\r\n\r\n\r\n\r\n<p>Modell KRIII-N, 1927:<\/p>\r\n\r\n\r\n\r\n<p>mit Riemenfelge und Keilklotzbremse im Vorderrad, sowie der am Motorblock am Steuerteil angedockten Schaltkulisse. Die Kupplung war jetzt linksseitig angebracht. Dadurch ver\u00e4nderte sich auch der Kettenschutz zu seinem Vorteil im neuen Design:<\/p>\r\n\r\n\r\n\r\n<div class=\"wp-block-image\">\r\n<figure class=\"aligncenter\"><a href=\"http:\/\/victoria-rad.de\/wp-content\/uploads\/2018\/07\/IMG_20180720_0006.jpg\" target=\"_blank\" rel=\"noopener noreferrer\"><img loading=\"lazy\" decoding=\"async\" class=\"aligncenter wp-image-797\" src=\"http:\/\/victoria-rad.de\/wp-content\/uploads\/2018\/07\/IMG_20180720_0006-300x145.jpg\" alt=\"\" width=\"300\" height=\"145\" srcset=\"http:\/\/victoria-rad.de\/wp-content\/uploads\/2018\/07\/IMG_20180720_0006-300x145.jpg 300w, http:\/\/victoria-rad.de\/wp-content\/uploads\/2018\/07\/IMG_20180720_0006-768x372.jpg 768w, http:\/\/victoria-rad.de\/wp-content\/uploads\/2018\/07\/IMG_20180720_0006-1024x496.jpg 1024w\" sizes=\"auto, (max-width: 300px) 100vw, 300px\" \/><\/a><\/figure>\r\n<\/div>\r\n\r\n\r\n\r\n<p>\u00a0 \u00a0 \u00a0 \u00a0 \u00a0 \u00a0 \u00a0 \u00a0 \u00a0 \u00a0 \u00a0 \u00a0 \u00a0 \u00a0 \u00a0 \u00a0 \u00a0 \u00a0 \u00a0 \u00a0 \u00a0 \u00a0 \u00a0 \u00a0 \u00a0 \u00a0 \u00a0\u00a0 Modell KRIII 1927 \/ 1928:<\/p>\r\n\r\n\r\n\r\n<p>Es wurde ein v\u00f6llig neuer Rahmen konzipiert, welcher im oberen Bereich zwei sogenannte &#8222;H\u00f6cker&#8220; hatte. In der Vorstufe wurde der Abstand der &#8222;H\u00f6cker&#8220; noch schmaler gehalten, als in der Letzten Ausbaustufe, welche bereits danach in der KRVI verbaut wurde.<\/p>\r\n\r\n\r\n\r\n<div class=\"wp-block-image\">\r\n<figure class=\"aligncenter\"><a href=\"http:\/\/victoria-rad.de\/wp-content\/uploads\/2018\/07\/IMG_20151219_0002.jpg\" target=\"_blank\" rel=\"noopener noreferrer\"><img loading=\"lazy\" decoding=\"async\" class=\"aligncenter wp-image-798\" src=\"http:\/\/victoria-rad.de\/wp-content\/uploads\/2018\/07\/IMG_20151219_0002-148x300.jpg\" alt=\"\" width=\"148\" height=\"300\" srcset=\"http:\/\/victoria-rad.de\/wp-content\/uploads\/2018\/07\/IMG_20151219_0002-148x300.jpg 148w, http:\/\/victoria-rad.de\/wp-content\/uploads\/2018\/07\/IMG_20151219_0002-768x1552.jpg 768w, http:\/\/victoria-rad.de\/wp-content\/uploads\/2018\/07\/IMG_20151219_0002-507x1024.jpg 507w, http:\/\/victoria-rad.de\/wp-content\/uploads\/2018\/07\/IMG_20151219_0002.jpg 1503w\" sizes=\"auto, (max-width: 148px) 100vw, 148px\" \/><\/a><\/figure>\r\n<\/div>\r\n\r\n\r\n\r\n<p>Bei diesem zweiten schmalen H\u00f6ckerrahmen sieht man die Gabelklemmung mit der Lenkeraufnahme, bereits wie bei der folgenden KRVI:<\/p>\r\n\r\n\r\n\r\n<div class=\"wp-block-image\">\r\n<figure class=\"aligncenter\"><a href=\"http:\/\/victoria-rad.de\/?attachment_id=2408\" target=\"_blank\" rel=\"noopener noreferrer\"><img loading=\"lazy\" decoding=\"async\" class=\"aligncenter wp-image-2408\" src=\"http:\/\/victoria-rad.de\/wp-content\/uploads\/2018\/07\/H\u00f6ckerrahmen-schmal-300x169.jpg\" alt=\"\" width=\"300\" height=\"169\" srcset=\"http:\/\/victoria-rad.de\/wp-content\/uploads\/2018\/07\/H\u00f6ckerrahmen-schmal-300x169.jpg 300w, http:\/\/victoria-rad.de\/wp-content\/uploads\/2018\/07\/H\u00f6ckerrahmen-schmal-768x432.jpg 768w, http:\/\/victoria-rad.de\/wp-content\/uploads\/2018\/07\/H\u00f6ckerrahmen-schmal-1024x576.jpg 1024w, http:\/\/victoria-rad.de\/wp-content\/uploads\/2018\/07\/H\u00f6ckerrahmen-schmal.jpg 1920w\" sizes=\"auto, (max-width: 300px) 100vw, 300px\" \/><\/a><\/figure>\r\n<\/div>\r\n\r\n\r\n\r\n<div class=\"wp-block-image\">\r\n<figure class=\"aligncenter\"><a href=\"http:\/\/victoria-rad.de\/wp-content\/uploads\/2018\/07\/Klemmung-bereits-wie-KRIV.jpg\" target=\"_blank\" rel=\"noopener noreferrer\"><img loading=\"lazy\" decoding=\"async\" class=\"aligncenter wp-image-2409\" src=\"http:\/\/victoria-rad.de\/wp-content\/uploads\/2018\/07\/Klemmung-bereits-wie-KRIV-188x300.jpg\" alt=\"\" width=\"188\" height=\"300\" srcset=\"http:\/\/victoria-rad.de\/wp-content\/uploads\/2018\/07\/Klemmung-bereits-wie-KRIV-188x300.jpg 188w, http:\/\/victoria-rad.de\/wp-content\/uploads\/2018\/07\/Klemmung-bereits-wie-KRIV.jpg 459w\" sizes=\"auto, (max-width: 188px) 100vw, 188px\" \/><\/a><\/figure>\r\n<\/div>\r\n\r\n\r\n\r\n<p>\u00a0 \u00a0 \u00a0 \u00a0 \u00a0 \u00a0 \u00a0 \u00a0 \u00a0 \u00a0 \u00a0 \u00a0 \u00a0 \u00a0 \u00a0 \u00a0 \u00a0 \u00a0 \u00a0 \u00a0 \u00a0 \u00a0 \u00a0 \u00a0 \u00a0 \u00a0 \u00a0\u00a0 Klemmung der KRVI:<\/p>\r\n\r\n\r\n\r\n<div class=\"wp-block-image\">\r\n<figure class=\"aligncenter\"><img loading=\"lazy\" decoding=\"async\" width=\"300\" height=\"235\" class=\"wp-image-2410 aligncenter\" src=\"http:\/\/victoria-rad.de\/wp-content\/uploads\/2018\/07\/KRIV-Klemmung-waagrecht-am-Lenker-300x235.jpg\" alt=\"\" srcset=\"http:\/\/victoria-rad.de\/wp-content\/uploads\/2018\/07\/KRIV-Klemmung-waagrecht-am-Lenker-300x235.jpg 300w, http:\/\/victoria-rad.de\/wp-content\/uploads\/2018\/07\/KRIV-Klemmung-waagrecht-am-Lenker.jpg 362w\" sizes=\"auto, (max-width: 300px) 100vw, 300px\" \/><\/figure>\r\n<\/div>\r\n\r\n\r\n\r\n<p>Klemmung der KRIII erste und zweite Version wie beim Fahrrad am senkrechten Lenkerrohr:<\/p>\r\n\r\n\r\n\r\n<div class=\"wp-block-image\">\r\n<figure class=\"aligncenter\"><img loading=\"lazy\" decoding=\"async\" width=\"253\" height=\"296\" class=\"wp-image-2411 aligncenter\" src=\"http:\/\/victoria-rad.de\/wp-content\/uploads\/2018\/07\/KRIII-Klemmung-am-senkrechten-Lenkerrohr.jpg\" alt=\"\" \/><\/figure>\r\n<\/div>\r\n\r\n\r\n\r\n<p>Einige Modelle wurden noch mit der &#8222;Kaffeem\u00fchlenschaltung&#8220; ausger\u00fcstet, man sieht es an der Durchf\u00fchrung des Gest\u00e4nges am Tank:<\/p>\r\n\r\n\r\n\r\n<div class=\"wp-block-image\">\r\n<figure class=\"aligncenter\"><a href=\"http:\/\/victoria-rad.de\/?attachment_id=2413\" target=\"_blank\" rel=\"noopener noreferrer\"><img loading=\"lazy\" decoding=\"async\" class=\"aligncenter wp-image-2413\" src=\"http:\/\/victoria-rad.de\/wp-content\/uploads\/2018\/07\/20181023_175328-300x229.jpg\" alt=\"\" width=\"300\" height=\"229\" srcset=\"http:\/\/victoria-rad.de\/wp-content\/uploads\/2018\/07\/20181023_175328-300x229.jpg 300w, http:\/\/victoria-rad.de\/wp-content\/uploads\/2018\/07\/20181023_175328-768x587.jpg 768w, http:\/\/victoria-rad.de\/wp-content\/uploads\/2018\/07\/20181023_175328-1024x782.jpg 1024w, http:\/\/victoria-rad.de\/wp-content\/uploads\/2018\/07\/20181023_175328.jpg 1364w\" sizes=\"auto, (max-width: 300px) 100vw, 300px\" \/><\/a><\/figure>\r\n<\/div>\r\n\r\n\r\n\r\n<div class=\"wp-block-image\">\r\n<figure class=\"aligncenter\"><a href=\"http:\/\/victoria-rad.de\/?attachment_id=2414\" target=\"_blank\" rel=\"noopener noreferrer\"><img loading=\"lazy\" decoding=\"async\" class=\"aligncenter wp-image-2414\" src=\"http:\/\/victoria-rad.de\/wp-content\/uploads\/2018\/07\/20181023_175358-300x267.jpg\" alt=\"\" width=\"300\" height=\"267\" srcset=\"http:\/\/victoria-rad.de\/wp-content\/uploads\/2018\/07\/20181023_175358-300x267.jpg 300w, http:\/\/victoria-rad.de\/wp-content\/uploads\/2018\/07\/20181023_175358-768x683.jpg 768w, http:\/\/victoria-rad.de\/wp-content\/uploads\/2018\/07\/20181023_175358-1024x911.jpg 1024w, http:\/\/victoria-rad.de\/wp-content\/uploads\/2018\/07\/20181023_175358.jpg 1214w\" sizes=\"auto, (max-width: 300px) 100vw, 300px\" \/><\/a><\/figure>\r\n<\/div>\r\n\r\n\r\n\r\n<p>Anschlie\u00dfend ein Bild mit der restaurierten KRIII &#8211; schmale &#8222;H\u00f6cker&#8220;, mit Schaltung am Motorgeh\u00e4use, wie bei der KRVI:<\/p>\r\n\r\n\r\n\r\n<div class=\"wp-block-image\">\r\n<figure class=\"aligncenter\"><a href=\"http:\/\/victoria-rad.de\/?attachment_id=799\" target=\"_blank\" rel=\"noopener noreferrer\"><img loading=\"lazy\" decoding=\"async\" class=\"aligncenter wp-image-799\" src=\"http:\/\/victoria-rad.de\/wp-content\/uploads\/2018\/07\/Steimetz-300x225.jpg\" alt=\"\" width=\"300\" height=\"225\" srcset=\"http:\/\/victoria-rad.de\/wp-content\/uploads\/2018\/07\/Steimetz-300x225.jpg 300w, http:\/\/victoria-rad.de\/wp-content\/uploads\/2018\/07\/Steimetz-768x576.jpg 768w, http:\/\/victoria-rad.de\/wp-content\/uploads\/2018\/07\/Steimetz-1024x768.jpg 1024w, http:\/\/victoria-rad.de\/wp-content\/uploads\/2018\/07\/Steimetz.jpg 1136w\" sizes=\"auto, (max-width: 300px) 100vw, 300px\" \/><\/a><\/figure>\r\n<\/div>\r\n\r\n\r\n\r\n<p>Zweite H\u00f6ckerform mit breiterer Ausladung, 1928er Ausf\u00fchrung, Motor ist nicht f\u00fcr dieses Modell.:<\/p>\r\n\r\n\r\n\r\n<div class=\"wp-block-image\">\r\n<figure class=\"aligncenter\"><a href=\"http:\/\/victoria-rad.de\/wp-content\/uploads\/2018\/07\/P1060212.png\" target=\"_blank\" rel=\"noopener noreferrer\"><img loading=\"lazy\" decoding=\"async\" class=\"aligncenter wp-image-800\" src=\"http:\/\/victoria-rad.de\/wp-content\/uploads\/2018\/07\/P1060212-300x169.png\" alt=\"\" width=\"300\" height=\"169\" srcset=\"http:\/\/victoria-rad.de\/wp-content\/uploads\/2018\/07\/P1060212-300x169.png 300w, http:\/\/victoria-rad.de\/wp-content\/uploads\/2018\/07\/P1060212-768x434.png 768w, http:\/\/victoria-rad.de\/wp-content\/uploads\/2018\/07\/P1060212-1024x578.png 1024w\" sizes=\"auto, (max-width: 300px) 100vw, 300px\" \/><\/a><\/figure>\r\n<\/div>\r\n\r\n\r\n\r\n<p>\u00a0 \u00a0 \u00a0 \u00a0 \u00a0 \u00a0 \u00a0 \u00a0 \u00a0 \u00a0 \u00a0 \u00a0 \u00a0 \u00a0 \u00a0 \u00a0 \u00a0 \u00a0 \u00a0 \u00a0 \u00a0 \u00a0 \u00a0 \u00a0 \u00a0 \u00a0 \u00a0 \u00a0 Modell KRIII 1928:<\/p>\r\n\r\n\r\n\r\n<p>Das Modell war die Vorstufe zur KRVI, bereits mit ver\u00e4nderten Kotfl\u00fcgeln, sowie einigen Neuheiten am Motor. Der Vergaser (AMAC) mit der Ansaugung wurde neu modifiziert. Die Ansaugung erfolgt \u00fcber einen speziellen Stutzen \u00fcber dem hinteren Zylinder. Die Fu\u00dfkupplung erfolgt \u00fcber den rechten Fu\u00df \u00fcber die Ferse. Im Vorderrad hat man eine Trommelbremse verbaut, was eine gute Neuerung f\u00fcr die Sicherheit des Victoria Fahrers war.<\/p>\r\n\r\n\r\n\r\n<div class=\"wp-block-image\">\r\n<figure class=\"aligncenter\"><a href=\"http:\/\/victoria-rad.de\/?attachment_id=803\" target=\"_blank\" rel=\"noopener noreferrer\"><img loading=\"lazy\" decoding=\"async\" class=\"aligncenter wp-image-803\" src=\"http:\/\/victoria-rad.de\/wp-content\/uploads\/2018\/07\/S22C-113062512500-2-300x195.jpg\" alt=\"\" width=\"300\" height=\"195\" srcset=\"http:\/\/victoria-rad.de\/wp-content\/uploads\/2018\/07\/S22C-113062512500-2-300x195.jpg 300w, http:\/\/victoria-rad.de\/wp-content\/uploads\/2018\/07\/S22C-113062512500-2-768x498.jpg 768w, http:\/\/victoria-rad.de\/wp-content\/uploads\/2018\/07\/S22C-113062512500-2-1024x664.jpg 1024w\" sizes=\"auto, (max-width: 300px) 100vw, 300px\" \/><\/a><\/figure>\r\n<\/div>\r\n\r\n\r\n\r\n<div class=\"wp-block-image\">\r\n<figure class=\"aligncenter\"><a href=\"http:\/\/victoria-rad.de\/?attachment_id=813\" target=\"_blank\" rel=\"noopener noreferrer\"><img loading=\"lazy\" decoding=\"async\" class=\"aligncenter wp-image-813\" src=\"http:\/\/victoria-rad.de\/wp-content\/uploads\/2018\/07\/Victoria-Treffen-2013-016-300x201.jpg\" alt=\"\" width=\"300\" height=\"201\" srcset=\"http:\/\/victoria-rad.de\/wp-content\/uploads\/2018\/07\/Victoria-Treffen-2013-016-300x201.jpg 300w, http:\/\/victoria-rad.de\/wp-content\/uploads\/2018\/07\/Victoria-Treffen-2013-016-768x514.jpg 768w, http:\/\/victoria-rad.de\/wp-content\/uploads\/2018\/07\/Victoria-Treffen-2013-016-1024x685.jpg 1024w\" sizes=\"auto, (max-width: 300px) 100vw, 300px\" \/><\/a><\/figure>\r\n<\/div>\r\n\r\n\r\n\r\n<p>Victoria KR IV ??? gab es Sie, oder nicht.<\/p>\r\n\r\n\r\n\r\n<p>Die sagenumwobene Victoria KR IV konnte bislang nicht durch eine gedruckte Werksunterlage, wie Anleitung, Ersatzteilliste bzw. Prospekte nachgewiesen werden. Daraus muss man den Schluss ziehen, Sie existiert nicht !<\/p>\r\n\r\n\r\n\r\n<div class=\"wp-block-image\">\r\n<figure class=\"aligncenter\"><a href=\"http:\/\/victoria-rad.de\/?attachment_id=807\" target=\"_blank\" rel=\"noopener noreferrer\"><img loading=\"lazy\" decoding=\"async\" class=\"aligncenter wp-image-807\" src=\"http:\/\/victoria-rad.de\/wp-content\/uploads\/2018\/07\/KR4-2-236x300.png\" alt=\"\" width=\"236\" height=\"300\" srcset=\"http:\/\/victoria-rad.de\/wp-content\/uploads\/2018\/07\/KR4-2-236x300.png 236w, http:\/\/victoria-rad.de\/wp-content\/uploads\/2018\/07\/KR4-2-768x978.png 768w, http:\/\/victoria-rad.de\/wp-content\/uploads\/2018\/07\/KR4-2-804x1024.png 804w, http:\/\/victoria-rad.de\/wp-content\/uploads\/2018\/07\/KR4-2.png 1412w\" sizes=\"auto, (max-width: 236px) 100vw, 236px\" \/><\/a><\/figure>\r\n<\/div>\r\n\r\n\r\n\r\n<p>Folgende Bilder kursieren, aber wie gesagt ohne Nachweis. Deshalb gehe ich davon aus, das es sich wiederum um ein \u00dcbergangsmodell zum Typ KR VI handelt:<br \/>Bei dem Vergaser handelt sich um ein Importmodell aus England mit der Bezeichnung: T25, HYDM von Amac Carburetters:<\/p>\r\n\r\n\r\n\r\n<div class=\"wp-block-image\">\r\n<figure class=\"aligncenter\"><a href=\"http:\/\/victoria-rad.de\/?attachment_id=808\" target=\"_blank\" rel=\"noopener noreferrer\"><img loading=\"lazy\" decoding=\"async\" class=\"aligncenter wp-image-808\" src=\"http:\/\/victoria-rad.de\/wp-content\/uploads\/2018\/07\/IMG_20150208_0003-300x190.jpg\" alt=\"\" width=\"300\" height=\"190\" srcset=\"http:\/\/victoria-rad.de\/wp-content\/uploads\/2018\/07\/IMG_20150208_0003-300x190.jpg 300w, http:\/\/victoria-rad.de\/wp-content\/uploads\/2018\/07\/IMG_20150208_0003-768x486.jpg 768w, http:\/\/victoria-rad.de\/wp-content\/uploads\/2018\/07\/IMG_20150208_0003-1024x648.jpg 1024w\" sizes=\"auto, (max-width: 300px) 100vw, 300px\" \/><\/a><\/figure>\r\n<\/div>\r\n\r\n\r\n\r\n<div class=\"wp-block-image\">\r\n<figure class=\"aligncenter\"><a href=\"http:\/\/victoria-rad.de\/wp-content\/uploads\/2018\/07\/Victoria-KR4-KR6D.jpg\" target=\"_blank\" rel=\"noopener noreferrer\"><img loading=\"lazy\" decoding=\"async\" class=\"aligncenter wp-image-809\" src=\"http:\/\/victoria-rad.de\/wp-content\/uploads\/2018\/07\/Victoria-KR4-KR6D-300x186.jpg\" alt=\"\" width=\"300\" height=\"186\" srcset=\"http:\/\/victoria-rad.de\/wp-content\/uploads\/2018\/07\/Victoria-KR4-KR6D-300x186.jpg 300w, http:\/\/victoria-rad.de\/wp-content\/uploads\/2018\/07\/Victoria-KR4-KR6D-768x476.jpg 768w, http:\/\/victoria-rad.de\/wp-content\/uploads\/2018\/07\/Victoria-KR4-KR6D-1024x634.jpg 1024w, http:\/\/victoria-rad.de\/wp-content\/uploads\/2018\/07\/Victoria-KR4-KR6D-825x510.jpg 825w\" sizes=\"auto, (max-width: 300px) 100vw, 300px\" \/><\/a><\/figure>\r\n<\/div>\r\n\r\n\r\n\r\n<div class=\"wp-block-image\">\r\n<figure class=\"aligncenter\"><a href=\"http:\/\/victoria-rad.de\/?attachment_id=1351\" target=\"_blank\" rel=\"noopener noreferrer\"><img loading=\"lazy\" decoding=\"async\" class=\"aligncenter wp-image-1351\" src=\"http:\/\/victoria-rad.de\/wp-content\/uploads\/2018\/07\/KRIV-300x147.png\" alt=\"\" width=\"300\" height=\"147\" srcset=\"http:\/\/victoria-rad.de\/wp-content\/uploads\/2018\/07\/KRIV-300x147.png 300w, http:\/\/victoria-rad.de\/wp-content\/uploads\/2018\/07\/KRIV-768x376.png 768w, http:\/\/victoria-rad.de\/wp-content\/uploads\/2018\/07\/KRIV-1024x501.png 1024w\" sizes=\"auto, (max-width: 300px) 100vw, 300px\" \/><\/a><\/figure>\r\n<\/div>\r\n\r\n\r\n\r\n<p>Nummern\u00fcbersicht:<\/p>\r\n\r\n\r\n\r\n<div class=\"wp-block-image\">\r\n<figure class=\"aligncenter\"><a href=\"http:\/\/victoria-rad.de\/?attachment_id=815\" target=\"_blank\" rel=\"noopener noreferrer\"><img loading=\"lazy\" decoding=\"async\" class=\"aligncenter wp-image-815\" src=\"http:\/\/victoria-rad.de\/wp-content\/uploads\/2018\/07\/IMG_20150909_0002-300x135.jpg\" alt=\"\" width=\"300\" height=\"135\" srcset=\"http:\/\/victoria-rad.de\/wp-content\/uploads\/2018\/07\/IMG_20150909_0002-300x135.jpg 300w, http:\/\/victoria-rad.de\/wp-content\/uploads\/2018\/07\/IMG_20150909_0002-768x345.jpg 768w, http:\/\/victoria-rad.de\/wp-content\/uploads\/2018\/07\/IMG_20150909_0002-1024x460.jpg 1024w\" sizes=\"auto, (max-width: 300px) 100vw, 300px\" \/><\/a><\/figure>\r\n<\/div>\r\n\r\n\r\n\r\n<p>Fazit:<\/p>\r\n\r\n\r\n\r\n<p>In den Jahren von 1923 angefangen, mit der K.R.II. bis zur KR VI gab es so viele Ver\u00e4nderungen, haupts\u00e4chlich im Bereich der K.R.III., dass es oft schwierig ist dies aufs genaueste zu verifizieren. Dieser Bericht soll dazu dienen etwas Licht in das manchmal dunkle zu bringen. Sollten aufmerksame Betrachter neue Erkenntnisse beibringen, so werden diese gerne mit aufgenommen.<\/p>\r\n\r\n\r\n\r\n<div class=\"wp-block-image\">\r\n<figure class=\"aligncenter\"><img loading=\"lazy\" decoding=\"async\" width=\"300\" height=\"293\" class=\"wp-image-604 aligncenter\" src=\"http:\/\/victoria-rad.de\/wp-content\/uploads\/2018\/07\/IMG_20180715_0001-300x293.jpg\" alt=\"\" srcset=\"http:\/\/victoria-rad.de\/wp-content\/uploads\/2018\/07\/IMG_20180715_0001-300x293.jpg 300w, http:\/\/victoria-rad.de\/wp-content\/uploads\/2018\/07\/IMG_20180715_0001-768x749.jpg 768w, http:\/\/victoria-rad.de\/wp-content\/uploads\/2018\/07\/IMG_20180715_0001-1024x999.jpg 1024w, http:\/\/victoria-rad.de\/wp-content\/uploads\/2018\/07\/IMG_20180715_0001.jpg 1326w\" sizes=\"auto, (max-width: 300px) 100vw, 300px\" \/><\/figure>\r\n<\/div>\r\n\r\n\r\n\r\n<p>Gert Reiher&#8230;<\/p>\r\n\r\n\r\n\r\n\r\n\r\n<div class=\"wp-block-image\">\r\n<figure class=\"aligncenter\"><br \/><img loading=\"lazy\" decoding=\"async\" width=\"300\" height=\"14\" class=\"wp-image-2534 aligncenter\" src=\"http:\/\/victoria-rad.de\/wp-content\/uploads\/2018\/10\/58-1-300x14.png\" alt=\"\" srcset=\"http:\/\/victoria-rad.de\/wp-content\/uploads\/2018\/10\/58-1-300x14.png 300w, http:\/\/victoria-rad.de\/wp-content\/uploads\/2018\/10\/58-1.png 501w\" sizes=\"auto, (max-width: 300px) 100vw, 300px\" \/><\/figure>\r\n<\/div>\r\n","protected":false},"excerpt":{"rendered":"<p>VICTORIA die DRITTE &#8211; K.R.III. Von der Victoria K.R.II. zur K.R.III. war ein relativ kurzer Weg. Schon Anfang 1924 stellte man die Produktion um, um ein besseres Fahrverhalten des Motorrades, insbesondere mit einem Seitenwagen, zu erreichen. Eine Umstellung vom Treibriemen zur Kette war da nat\u00fcrlich ausschlaggebend. Die zweite haupts\u00e4chliche Verbesserung war das neue Dreiganggetriebe, welches &hellip; <a href=\"http:\/\/victoria-rad.de\/?p=723\" class=\"more-link\"><span class=\"screen-reader-text\">Victoria &#8211; Motorrad &#8211;  KR 3  &#8211; Die Umstellung von Treibriemen auf Kettenantrieb&#8230;<\/span> weiterlesen<\/a><\/p>\n","protected":false},"author":1,"featured_media":0,"comment_status":"open","ping_status":"open","sticky":false,"template":"","format":"standard","meta":{"footnotes":""},"categories":[1],"tags":[],"class_list":["post-723","post","type-post","status-publish","format-standard","hentry","category-uncategorized"],"_links":{"self":[{"href":"http:\/\/victoria-rad.de\/index.php?rest_route=\/wp\/v2\/posts\/723","targetHints":{"allow":["GET"]}}],"collection":[{"href":"http:\/\/victoria-rad.de\/index.php?rest_route=\/wp\/v2\/posts"}],"about":[{"href":"http:\/\/victoria-rad.de\/index.php?rest_route=\/wp\/v2\/types\/post"}],"author":[{"embeddable":true,"href":"http:\/\/victoria-rad.de\/index.php?rest_route=\/wp\/v2\/users\/1"}],"replies":[{"embeddable":true,"href":"http:\/\/victoria-rad.de\/index.php?rest_route=%2Fwp%2Fv2%2Fcomments&post=723"}],"version-history":[{"count":46,"href":"http:\/\/victoria-rad.de\/index.php?rest_route=\/wp\/v2\/posts\/723\/revisions"}],"predecessor-version":[{"id":15397,"href":"http:\/\/victoria-rad.de\/index.php?rest_route=\/wp\/v2\/posts\/723\/revisions\/15397"}],"wp:attachment":[{"href":"http:\/\/victoria-rad.de\/index.php?rest_route=%2Fwp%2Fv2%2Fmedia&parent=723"}],"wp:term":[{"taxonomy":"category","embeddable":true,"href":"http:\/\/victoria-rad.de\/index.php?rest_route=%2Fwp%2Fv2%2Fcategories&post=723"},{"taxonomy":"post_tag","embeddable":true,"href":"http:\/\/victoria-rad.de\/index.php?rest_route=%2Fwp%2Fv2%2Ftags&post=723"}],"curies":[{"name":"wp","href":"https:\/\/api.w.org\/{rel}","templated":true}]}}