{"id":7351,"date":"2020-01-24T15:20:32","date_gmt":"2020-01-24T15:20:32","guid":{"rendered":"http:\/\/victoria-rad.de\/?p=7351"},"modified":"2020-01-24T15:20:32","modified_gmt":"2020-01-24T15:20:32","slug":"victoria-steher-rennen-radrennen-von-den-dreissigern-bis-in-die-fuenfziger-jahre","status":"publish","type":"post","link":"http:\/\/victoria-rad.de\/?p=7351","title":{"rendered":"Victoria &#8211; Steher-Rennen, Radrennen von den Drei\u00dfigern bis in die F\u00fcnfziger Jahre&#8230;"},"content":{"rendered":"<p><strong>In diesem Beitrag werden einige Ausz\u00fcge aus bekannten Radrennen und Schrittmacher-Steher-Rennen mit ber\u00fchmten Radrennfahrern von Victoria gezeigt.<\/strong><\/p>\n<p style=\"text-align: center;\"><a href=\"http:\/\/victoria-rad.de\/wp-content\/uploads\/2020\/01\/Plakat-1.png\" target=\"_blank\" rel=\"noopener noreferrer\"><img loading=\"lazy\" decoding=\"async\" class=\"aligncenter wp-image-7355 size-medium\" src=\"http:\/\/victoria-rad.de\/wp-content\/uploads\/2020\/01\/Plakat-1-150x300.png\" alt=\"\" width=\"150\" height=\"300\" srcset=\"http:\/\/victoria-rad.de\/wp-content\/uploads\/2020\/01\/Plakat-1-150x300.png 150w, http:\/\/victoria-rad.de\/wp-content\/uploads\/2020\/01\/Plakat-1-75x150.png 75w, http:\/\/victoria-rad.de\/wp-content\/uploads\/2020\/01\/Plakat-1.png 400w\" sizes=\"auto, (max-width: 150px) 100vw, 150px\" \/><\/a>Victoria &#8211; Siege, hier mit Willi Kutschbach auf Victoria &#8222;V101&#8220; dem Jubil\u00e4umsmodell von 1936.<\/p>\n<p style=\"text-align: center;\"><a href=\"http:\/\/victoria-rad.de\/wp-content\/uploads\/2020\/01\/Nr.1095972-scaled.jpg\" target=\"_blank\" rel=\"noopener noreferrer\"><img loading=\"lazy\" decoding=\"async\" class=\"aligncenter wp-image-7356 size-medium\" src=\"http:\/\/victoria-rad.de\/wp-content\/uploads\/2020\/01\/Nr.1095972-300x200.jpg\" alt=\"\" width=\"300\" height=\"200\" srcset=\"http:\/\/victoria-rad.de\/wp-content\/uploads\/2020\/01\/Nr.1095972-300x200.jpg 300w, http:\/\/victoria-rad.de\/wp-content\/uploads\/2020\/01\/Nr.1095972-1024x683.jpg 1024w, http:\/\/victoria-rad.de\/wp-content\/uploads\/2020\/01\/Nr.1095972-150x100.jpg 150w, http:\/\/victoria-rad.de\/wp-content\/uploads\/2020\/01\/Nr.1095972-768x512.jpg 768w, http:\/\/victoria-rad.de\/wp-content\/uploads\/2020\/01\/Nr.1095972-1536x1024.jpg 1536w, http:\/\/victoria-rad.de\/wp-content\/uploads\/2020\/01\/Nr.1095972-2048x1365.jpg 2048w\" sizes=\"auto, (max-width: 300px) 100vw, 300px\" \/><\/a>Victoria &#8211; V 101, 1936.<\/p>\n<p><a href=\"http:\/\/victoria-rad.de\/wp-content\/uploads\/2020\/01\/IMG_20200121_0002.jpg\" target=\"_blank\" rel=\"noopener noreferrer\"><img loading=\"lazy\" decoding=\"async\" class=\"aligncenter wp-image-7357 size-medium\" src=\"http:\/\/victoria-rad.de\/wp-content\/uploads\/2020\/01\/IMG_20200121_0002-210x300.jpg\" alt=\"\" width=\"210\" height=\"300\" srcset=\"http:\/\/victoria-rad.de\/wp-content\/uploads\/2020\/01\/IMG_20200121_0002-210x300.jpg 210w, http:\/\/victoria-rad.de\/wp-content\/uploads\/2020\/01\/IMG_20200121_0002-105x150.jpg 105w, http:\/\/victoria-rad.de\/wp-content\/uploads\/2020\/01\/IMG_20200121_0002.jpg 561w\" sizes=\"auto, (max-width: 210px) 100vw, 210px\" \/><\/a><\/p>\n<p style=\"text-align: center;\"><a href=\"http:\/\/victoria-rad.de\/wp-content\/uploads\/2020\/01\/IMG_20150729_0054.jpg\" target=\"_blank\" rel=\"noopener noreferrer\"><img loading=\"lazy\" decoding=\"async\" class=\"aligncenter wp-image-7358 size-medium\" src=\"http:\/\/victoria-rad.de\/wp-content\/uploads\/2020\/01\/IMG_20150729_0054-247x300.jpg\" alt=\"\" width=\"247\" height=\"300\" srcset=\"http:\/\/victoria-rad.de\/wp-content\/uploads\/2020\/01\/IMG_20150729_0054-247x300.jpg 247w, http:\/\/victoria-rad.de\/wp-content\/uploads\/2020\/01\/IMG_20150729_0054-124x150.jpg 124w, http:\/\/victoria-rad.de\/wp-content\/uploads\/2020\/01\/IMG_20150729_0054.jpg 659w\" sizes=\"auto, (max-width: 247px) 100vw, 247px\" \/><\/a>Die Radrennfahrer fuhren hinter den gro\u00dfvolumigen Stehermaschinen um den Windschatten versuchsweise immer auszunutzen und somit h\u00f6chste Leistungen in Bezug auf Geschwindigkeit und Zeit zu nutzen. 100 Stundenkilometer \u00fcber l\u00e4ngere Distanzen waren keine Seltenheit.<\/p>\n<p><a href=\"http:\/\/victoria-rad.de\/wp-content\/uploads\/2020\/01\/IMG_20150729_0055.jpg\" target=\"_blank\" rel=\"noopener noreferrer\"><img loading=\"lazy\" decoding=\"async\" class=\"aligncenter wp-image-7359 size-medium\" src=\"http:\/\/victoria-rad.de\/wp-content\/uploads\/2020\/01\/IMG_20150729_0055-245x300.jpg\" alt=\"\" width=\"245\" height=\"300\" srcset=\"http:\/\/victoria-rad.de\/wp-content\/uploads\/2020\/01\/IMG_20150729_0055-245x300.jpg 245w, http:\/\/victoria-rad.de\/wp-content\/uploads\/2020\/01\/IMG_20150729_0055-122x150.jpg 122w, http:\/\/victoria-rad.de\/wp-content\/uploads\/2020\/01\/IMG_20150729_0055.jpg 652w\" sizes=\"auto, (max-width: 245px) 100vw, 245px\" \/><\/a><a href=\"http:\/\/victoria-rad.de\/wp-content\/uploads\/2020\/01\/IMG_20150729_0056.jpg\" target=\"_blank\" rel=\"noopener noreferrer\"><img loading=\"lazy\" decoding=\"async\" class=\"aligncenter wp-image-7360 size-medium\" src=\"http:\/\/victoria-rad.de\/wp-content\/uploads\/2020\/01\/IMG_20150729_0056-300x212.jpg\" alt=\"\" width=\"300\" height=\"212\" srcset=\"http:\/\/victoria-rad.de\/wp-content\/uploads\/2020\/01\/IMG_20150729_0056-300x212.jpg 300w, http:\/\/victoria-rad.de\/wp-content\/uploads\/2020\/01\/IMG_20150729_0056-150x106.jpg 150w, http:\/\/victoria-rad.de\/wp-content\/uploads\/2020\/01\/IMG_20150729_0056-768x543.jpg 768w, http:\/\/victoria-rad.de\/wp-content\/uploads\/2020\/01\/IMG_20150729_0056.jpg 800w\" sizes=\"auto, (max-width: 300px) 100vw, 300px\" \/><\/a><\/p>\n<p><a href=\"http:\/\/victoria-rad.de\/wp-content\/uploads\/2020\/01\/IMG_20150729_0056-Kopie.jpg\" target=\"_blank\" rel=\"noopener noreferrer\"><img loading=\"lazy\" decoding=\"async\" class=\"aligncenter wp-image-7361 size-medium\" src=\"http:\/\/victoria-rad.de\/wp-content\/uploads\/2020\/01\/IMG_20150729_0056-Kopie-300x214.jpg\" alt=\"\" width=\"300\" height=\"214\" srcset=\"http:\/\/victoria-rad.de\/wp-content\/uploads\/2020\/01\/IMG_20150729_0056-Kopie-300x214.jpg 300w, http:\/\/victoria-rad.de\/wp-content\/uploads\/2020\/01\/IMG_20150729_0056-Kopie-150x107.jpg 150w, http:\/\/victoria-rad.de\/wp-content\/uploads\/2020\/01\/IMG_20150729_0056-Kopie-768x547.jpg 768w, http:\/\/victoria-rad.de\/wp-content\/uploads\/2020\/01\/IMG_20150729_0056-Kopie.jpg 800w\" sizes=\"auto, (max-width: 300px) 100vw, 300px\" \/><\/a><\/p>\n<p>Der ber\u00fchmteste Steher-Radrennfahrer der F\u00fcnfziger Jahre war Heinz Jacobi:<\/p>\n<p><a href=\"http:\/\/victoria-rad.de\/wp-content\/uploads\/2020\/01\/209.1-1.jpg\" target=\"_blank\" rel=\"noopener noreferrer\"><img loading=\"lazy\" decoding=\"async\" class=\"aligncenter wp-image-7362 size-medium\" src=\"http:\/\/victoria-rad.de\/wp-content\/uploads\/2020\/01\/209.1-1-211x300.jpg\" alt=\"\" width=\"211\" height=\"300\" srcset=\"http:\/\/victoria-rad.de\/wp-content\/uploads\/2020\/01\/209.1-1-211x300.jpg 211w, http:\/\/victoria-rad.de\/wp-content\/uploads\/2020\/01\/209.1-1-105x150.jpg 105w, http:\/\/victoria-rad.de\/wp-content\/uploads\/2020\/01\/209.1-1.jpg 562w\" sizes=\"auto, (max-width: 211px) 100vw, 211px\" \/><\/a><\/p>\n<p><a href=\"http:\/\/victoria-rad.de\/wp-content\/uploads\/2020\/01\/IMG_20150729_0050.jpg\" target=\"_blank\" rel=\"noopener noreferrer\"><img loading=\"lazy\" decoding=\"async\" class=\"aligncenter wp-image-7363 size-medium\" src=\"http:\/\/victoria-rad.de\/wp-content\/uploads\/2020\/01\/IMG_20150729_0050-185x300.jpg\" alt=\"\" width=\"185\" height=\"300\" srcset=\"http:\/\/victoria-rad.de\/wp-content\/uploads\/2020\/01\/IMG_20150729_0050-185x300.jpg 185w, http:\/\/victoria-rad.de\/wp-content\/uploads\/2020\/01\/IMG_20150729_0050-92x150.jpg 92w, http:\/\/victoria-rad.de\/wp-content\/uploads\/2020\/01\/IMG_20150729_0050.jpg 492w\" sizes=\"auto, (max-width: 185px) 100vw, 185px\" \/><\/a><\/p>\n<p><a href=\"http:\/\/victoria-rad.de\/wp-content\/uploads\/2020\/01\/IMG_20150729_0052.jpg\" target=\"_blank\" rel=\"noopener noreferrer\"><img loading=\"lazy\" decoding=\"async\" class=\"aligncenter wp-image-7364 size-medium\" src=\"http:\/\/victoria-rad.de\/wp-content\/uploads\/2020\/01\/IMG_20150729_0052-275x300.jpg\" alt=\"\" width=\"275\" height=\"300\" srcset=\"http:\/\/victoria-rad.de\/wp-content\/uploads\/2020\/01\/IMG_20150729_0052-275x300.jpg 275w, http:\/\/victoria-rad.de\/wp-content\/uploads\/2020\/01\/IMG_20150729_0052-137x150.jpg 137w, http:\/\/victoria-rad.de\/wp-content\/uploads\/2020\/01\/IMG_20150729_0052.jpg 733w\" sizes=\"auto, (max-width: 275px) 100vw, 275px\" \/><\/a><\/p>\n<p><a href=\"http:\/\/victoria-rad.de\/wp-content\/uploads\/2020\/01\/IMG_20150729_0052-Kopie.jpg\" target=\"_blank\" rel=\"noopener noreferrer\"><img loading=\"lazy\" decoding=\"async\" class=\"aligncenter wp-image-7365 size-medium\" src=\"http:\/\/victoria-rad.de\/wp-content\/uploads\/2020\/01\/IMG_20150729_0052-Kopie-294x300.jpg\" alt=\"\" width=\"294\" height=\"300\" srcset=\"http:\/\/victoria-rad.de\/wp-content\/uploads\/2020\/01\/IMG_20150729_0052-Kopie-294x300.jpg 294w, http:\/\/victoria-rad.de\/wp-content\/uploads\/2020\/01\/IMG_20150729_0052-Kopie-147x150.jpg 147w, http:\/\/victoria-rad.de\/wp-content\/uploads\/2020\/01\/IMG_20150729_0052-Kopie-768x783.jpg 768w, http:\/\/victoria-rad.de\/wp-content\/uploads\/2020\/01\/IMG_20150729_0052-Kopie.jpg 785w\" sizes=\"auto, (max-width: 294px) 100vw, 294px\" \/><\/a><\/p>\n<p style=\"text-align: center;\"><a href=\"http:\/\/victoria-rad.de\/wp-content\/uploads\/2020\/01\/IMG_20150729_0053.jpg\" target=\"_blank\" rel=\"noopener noreferrer\"><img loading=\"lazy\" decoding=\"async\" class=\"aligncenter wp-image-7366 size-medium\" src=\"http:\/\/victoria-rad.de\/wp-content\/uploads\/2020\/01\/IMG_20150729_0053-294x300.jpg\" alt=\"\" width=\"294\" height=\"300\" srcset=\"http:\/\/victoria-rad.de\/wp-content\/uploads\/2020\/01\/IMG_20150729_0053-294x300.jpg 294w, http:\/\/victoria-rad.de\/wp-content\/uploads\/2020\/01\/IMG_20150729_0053-147x150.jpg 147w, http:\/\/victoria-rad.de\/wp-content\/uploads\/2020\/01\/IMG_20150729_0053-768x784.jpg 768w, http:\/\/victoria-rad.de\/wp-content\/uploads\/2020\/01\/IMG_20150729_0053.jpg 784w\" sizes=\"auto, (max-width: 294px) 100vw, 294px\" \/><\/a>Siegerehrung durch die Direktoren von Victoria 1956.<\/p>\n<p><a href=\"http:\/\/victoria-rad.de\/wp-content\/uploads\/2020\/01\/IMG_20150729_0051.jpg\" target=\"_blank\" rel=\"noopener noreferrer\"><img loading=\"lazy\" decoding=\"async\" class=\"aligncenter wp-image-7367 size-medium\" src=\"http:\/\/victoria-rad.de\/wp-content\/uploads\/2020\/01\/IMG_20150729_0051-215x300.jpg\" alt=\"\" width=\"215\" height=\"300\" srcset=\"http:\/\/victoria-rad.de\/wp-content\/uploads\/2020\/01\/IMG_20150729_0051-215x300.jpg 215w, http:\/\/victoria-rad.de\/wp-content\/uploads\/2020\/01\/IMG_20150729_0051-108x150.jpg 108w, http:\/\/victoria-rad.de\/wp-content\/uploads\/2020\/01\/IMG_20150729_0051.jpg 574w\" sizes=\"auto, (max-width: 215px) 100vw, 215px\" \/><\/a><\/p>\n<p>Nach Heinz Jacobi hat man die Super-Sport-Modelle in der sp\u00e4teren Zweirad Union AG benannt:<\/p>\n<p><a href=\"http:\/\/victoria-rad.de\/wp-content\/uploads\/2020\/01\/208.jpg\" target=\"_blank\" rel=\"noopener noreferrer\"><img loading=\"lazy\" decoding=\"async\" class=\"aligncenter wp-image-7307 size-medium\" src=\"http:\/\/victoria-rad.de\/wp-content\/uploads\/2020\/01\/208-300x211.jpg\" alt=\"\" width=\"300\" height=\"211\" srcset=\"http:\/\/victoria-rad.de\/wp-content\/uploads\/2020\/01\/208-300x211.jpg 300w, http:\/\/victoria-rad.de\/wp-content\/uploads\/2020\/01\/208-150x105.jpg 150w, http:\/\/victoria-rad.de\/wp-content\/uploads\/2020\/01\/208-768x540.jpg 768w, http:\/\/victoria-rad.de\/wp-content\/uploads\/2020\/01\/208.jpg 800w\" sizes=\"auto, (max-width: 300px) 100vw, 300px\" \/><\/a><a href=\"http:\/\/victoria-rad.de\/wp-content\/uploads\/2020\/01\/335-V-57-Jakobi.png\" target=\"_blank\" rel=\"noopener noreferrer\"><img loading=\"lazy\" decoding=\"async\" class=\"aligncenter wp-image-7325 size-medium\" src=\"http:\/\/victoria-rad.de\/wp-content\/uploads\/2020\/01\/335-V-57-Jakobi-300x214.png\" alt=\"\" width=\"300\" height=\"214\" srcset=\"http:\/\/victoria-rad.de\/wp-content\/uploads\/2020\/01\/335-V-57-Jakobi-300x214.png 300w, http:\/\/victoria-rad.de\/wp-content\/uploads\/2020\/01\/335-V-57-Jakobi-1024x731.png 1024w, http:\/\/victoria-rad.de\/wp-content\/uploads\/2020\/01\/335-V-57-Jakobi-150x107.png 150w, http:\/\/victoria-rad.de\/wp-content\/uploads\/2020\/01\/335-V-57-Jakobi-768x549.png 768w, http:\/\/victoria-rad.de\/wp-content\/uploads\/2020\/01\/335-V-57-Jakobi.png 1400w\" sizes=\"auto, (max-width: 300px) 100vw, 300px\" \/><\/a><\/p>\n<p>Die R\u00e4der wurden mit eigens gefertigten Anh\u00e4ngern zu den Austragungsorten gebracht:<\/p>\n<p><a href=\"http:\/\/victoria-rad.de\/wp-content\/uploads\/2020\/01\/IMG_20150729_0048.jpg\" target=\"_blank\" rel=\"noopener noreferrer\"><img loading=\"lazy\" decoding=\"async\" class=\"aligncenter wp-image-7368 size-medium\" src=\"http:\/\/victoria-rad.de\/wp-content\/uploads\/2020\/01\/IMG_20150729_0048-300x188.jpg\" alt=\"\" width=\"300\" height=\"188\" srcset=\"http:\/\/victoria-rad.de\/wp-content\/uploads\/2020\/01\/IMG_20150729_0048-300x188.jpg 300w, http:\/\/victoria-rad.de\/wp-content\/uploads\/2020\/01\/IMG_20150729_0048-150x94.jpg 150w, http:\/\/victoria-rad.de\/wp-content\/uploads\/2020\/01\/IMG_20150729_0048-768x480.jpg 768w, http:\/\/victoria-rad.de\/wp-content\/uploads\/2020\/01\/IMG_20150729_0048.jpg 800w\" sizes=\"auto, (max-width: 300px) 100vw, 300px\" \/><\/a><\/p>\n<p>Im Anschluss fr\u00fche Steher-Rennen von Austragungsorten weltweit:<\/p>\n<p><a href=\"http:\/\/victoria-rad.de\/wp-content\/uploads\/2020\/01\/IMG_20150729_0015-Kopie.jpg\" target=\"_blank\" rel=\"noopener noreferrer\"><img loading=\"lazy\" decoding=\"async\" class=\"aligncenter wp-image-7369 size-medium\" src=\"http:\/\/victoria-rad.de\/wp-content\/uploads\/2020\/01\/IMG_20150729_0015-Kopie-300x200.jpg\" alt=\"\" width=\"300\" height=\"200\" srcset=\"http:\/\/victoria-rad.de\/wp-content\/uploads\/2020\/01\/IMG_20150729_0015-Kopie-300x200.jpg 300w, http:\/\/victoria-rad.de\/wp-content\/uploads\/2020\/01\/IMG_20150729_0015-Kopie-150x100.jpg 150w, http:\/\/victoria-rad.de\/wp-content\/uploads\/2020\/01\/IMG_20150729_0015-Kopie-768x512.jpg 768w, http:\/\/victoria-rad.de\/wp-content\/uploads\/2020\/01\/IMG_20150729_0015-Kopie.jpg 800w\" sizes=\"auto, (max-width: 300px) 100vw, 300px\" \/><\/a><a href=\"http:\/\/victoria-rad.de\/wp-content\/uploads\/2020\/01\/IMG_20150729_0014.jpg\" target=\"_blank\" rel=\"noopener noreferrer\"><img loading=\"lazy\" decoding=\"async\" class=\"aligncenter wp-image-7370 size-medium\" src=\"http:\/\/victoria-rad.de\/wp-content\/uploads\/2020\/01\/IMG_20150729_0014-300x216.jpg\" alt=\"\" width=\"300\" height=\"216\" srcset=\"http:\/\/victoria-rad.de\/wp-content\/uploads\/2020\/01\/IMG_20150729_0014-300x216.jpg 300w, http:\/\/victoria-rad.de\/wp-content\/uploads\/2020\/01\/IMG_20150729_0014-150x108.jpg 150w, http:\/\/victoria-rad.de\/wp-content\/uploads\/2020\/01\/IMG_20150729_0014-768x553.jpg 768w, http:\/\/victoria-rad.de\/wp-content\/uploads\/2020\/01\/IMG_20150729_0014.jpg 800w\" sizes=\"auto, (max-width: 300px) 100vw, 300px\" \/><\/a><a href=\"http:\/\/victoria-rad.de\/wp-content\/uploads\/2020\/01\/IMG_20150729_0015.jpg\" target=\"_blank\" rel=\"noopener noreferrer\"><img loading=\"lazy\" decoding=\"async\" class=\"aligncenter wp-image-7371 size-medium\" src=\"http:\/\/victoria-rad.de\/wp-content\/uploads\/2020\/01\/IMG_20150729_0015-300x193.jpg\" alt=\"\" width=\"300\" height=\"193\" srcset=\"http:\/\/victoria-rad.de\/wp-content\/uploads\/2020\/01\/IMG_20150729_0015-300x193.jpg 300w, http:\/\/victoria-rad.de\/wp-content\/uploads\/2020\/01\/IMG_20150729_0015-150x97.jpg 150w, http:\/\/victoria-rad.de\/wp-content\/uploads\/2020\/01\/IMG_20150729_0015-768x494.jpg 768w, http:\/\/victoria-rad.de\/wp-content\/uploads\/2020\/01\/IMG_20150729_0015.jpg 800w\" sizes=\"auto, (max-width: 300px) 100vw, 300px\" \/><\/a><\/p>\n<p>Eine Siegerehrung in historischer Tracht:<\/p>\n<p><a href=\"http:\/\/victoria-rad.de\/wp-content\/uploads\/2020\/01\/IMG_20150729_0013-scaled.jpg\" target=\"_blank\" rel=\"noopener noreferrer\"><img loading=\"lazy\" decoding=\"async\" class=\"aligncenter wp-image-7372 size-medium\" src=\"http:\/\/victoria-rad.de\/wp-content\/uploads\/2020\/01\/IMG_20150729_0013-300x190.jpg\" alt=\"\" width=\"300\" height=\"190\" srcset=\"http:\/\/victoria-rad.de\/wp-content\/uploads\/2020\/01\/IMG_20150729_0013-300x190.jpg 300w, http:\/\/victoria-rad.de\/wp-content\/uploads\/2020\/01\/IMG_20150729_0013-1024x649.jpg 1024w, http:\/\/victoria-rad.de\/wp-content\/uploads\/2020\/01\/IMG_20150729_0013-150x95.jpg 150w, http:\/\/victoria-rad.de\/wp-content\/uploads\/2020\/01\/IMG_20150729_0013-768x487.jpg 768w, http:\/\/victoria-rad.de\/wp-content\/uploads\/2020\/01\/IMG_20150729_0013-1536x974.jpg 1536w, http:\/\/victoria-rad.de\/wp-content\/uploads\/2020\/01\/IMG_20150729_0013-2048x1299.jpg 2048w\" sizes=\"auto, (max-width: 300px) 100vw, 300px\" \/><\/a><\/p>\n<p style=\"text-align: center;\"><strong>VICTORIA &#8211; Poster von 1956<\/strong><\/p>\n<p style=\"text-align: center;\"><a href=\"http:\/\/victoria-rad.de\/wp-content\/uploads\/2020\/01\/IMG_20150729_0049.jpg\" target=\"_blank\" rel=\"noopener noreferrer\"><img loading=\"lazy\" decoding=\"async\" class=\"aligncenter wp-image-7373 size-medium\" src=\"http:\/\/victoria-rad.de\/wp-content\/uploads\/2020\/01\/IMG_20150729_0049-247x300.jpg\" alt=\"\" width=\"247\" height=\"300\" srcset=\"http:\/\/victoria-rad.de\/wp-content\/uploads\/2020\/01\/IMG_20150729_0049-247x300.jpg 247w, http:\/\/victoria-rad.de\/wp-content\/uploads\/2020\/01\/IMG_20150729_0049-123x150.jpg 123w, http:\/\/victoria-rad.de\/wp-content\/uploads\/2020\/01\/IMG_20150729_0049.jpg 658w\" sizes=\"auto, (max-width: 247px) 100vw, 247px\" \/><\/a>Symbol &#8211; Steher-Rad-Rennen.<\/p>\n<p><img loading=\"lazy\" decoding=\"async\" class=\"alignnone size-medium wp-image-7323 aligncenter\" src=\"http:\/\/victoria-rad.de\/wp-content\/uploads\/2020\/01\/58-3-300x14.png\" alt=\"\" width=\"300\" height=\"14\" srcset=\"http:\/\/victoria-rad.de\/wp-content\/uploads\/2020\/01\/58-3-300x14.png 300w, http:\/\/victoria-rad.de\/wp-content\/uploads\/2020\/01\/58-3-150x7.png 150w, http:\/\/victoria-rad.de\/wp-content\/uploads\/2020\/01\/58-3.png 501w\" sizes=\"auto, (max-width: 300px) 100vw, 300px\" \/><\/p>\n<p>&nbsp;<\/p>\n","protected":false},"excerpt":{"rendered":"<p>In diesem Beitrag werden einige Ausz\u00fcge aus bekannten Radrennen und Schrittmacher-Steher-Rennen mit ber\u00fchmten Radrennfahrern von Victoria gezeigt. Victoria &#8211; Siege, hier mit Willi Kutschbach auf Victoria &#8222;V101&#8220; dem Jubil\u00e4umsmodell von 1936. Victoria &#8211; V 101, 1936. Die Radrennfahrer fuhren hinter den gro\u00dfvolumigen Stehermaschinen um den Windschatten versuchsweise immer auszunutzen und somit h\u00f6chste Leistungen in Bezug &hellip; <a href=\"http:\/\/victoria-rad.de\/?p=7351\" class=\"more-link\"><span class=\"screen-reader-text\">Victoria &#8211; Steher-Rennen, Radrennen von den Drei\u00dfigern bis in die F\u00fcnfziger Jahre&#8230;<\/span> weiterlesen<\/a><\/p>\n","protected":false},"author":1,"featured_media":0,"comment_status":"open","ping_status":"open","sticky":false,"template":"","format":"standard","meta":{"footnotes":""},"categories":[1],"tags":[],"class_list":["post-7351","post","type-post","status-publish","format-standard","hentry","category-uncategorized"],"_links":{"self":[{"href":"http:\/\/victoria-rad.de\/index.php?rest_route=\/wp\/v2\/posts\/7351","targetHints":{"allow":["GET"]}}],"collection":[{"href":"http:\/\/victoria-rad.de\/index.php?rest_route=\/wp\/v2\/posts"}],"about":[{"href":"http:\/\/victoria-rad.de\/index.php?rest_route=\/wp\/v2\/types\/post"}],"author":[{"embeddable":true,"href":"http:\/\/victoria-rad.de\/index.php?rest_route=\/wp\/v2\/users\/1"}],"replies":[{"embeddable":true,"href":"http:\/\/victoria-rad.de\/index.php?rest_route=%2Fwp%2Fv2%2Fcomments&post=7351"}],"version-history":[{"count":6,"href":"http:\/\/victoria-rad.de\/index.php?rest_route=\/wp\/v2\/posts\/7351\/revisions"}],"predecessor-version":[{"id":7378,"href":"http:\/\/victoria-rad.de\/index.php?rest_route=\/wp\/v2\/posts\/7351\/revisions\/7378"}],"wp:attachment":[{"href":"http:\/\/victoria-rad.de\/index.php?rest_route=%2Fwp%2Fv2%2Fmedia&parent=7351"}],"wp:term":[{"taxonomy":"category","embeddable":true,"href":"http:\/\/victoria-rad.de\/index.php?rest_route=%2Fwp%2Fv2%2Fcategories&post=7351"},{"taxonomy":"post_tag","embeddable":true,"href":"http:\/\/victoria-rad.de\/index.php?rest_route=%2Fwp%2Fv2%2Ftags&post=7351"}],"curies":[{"name":"wp","href":"https:\/\/api.w.org\/{rel}","templated":true}]}}