{"id":7385,"date":"2021-03-19T19:15:07","date_gmt":"2021-03-19T19:15:07","guid":{"rendered":"http:\/\/victoria-rad.de\/?p=7385"},"modified":"2021-03-19T19:15:07","modified_gmt":"2021-03-19T19:15:07","slug":"victoria-hilfsmotor-fm-38-und-der-fuchs","status":"publish","type":"post","link":"http:\/\/victoria-rad.de\/?p=7385","title":{"rendered":"Victoria &#8211; Hilfsmotor FM 38 und der &#8222;Fuchs&#8220;&#8230;"},"content":{"rendered":"<p><strong>Was hat denn der Victoria Anbau-Moter FM 38 ab 1946 mit dem Fuchs-Motor aus Hallein in \u00d6sterreich zu schaffen ? Ja &#8211; einiges, aber nun erst mal von vorn berichtet&#8230;<\/strong><\/p>\n<p><em><strong>Nochmal kurz zur Erfolgsgeschichte des Anbau-Motors FM 38:<\/strong><\/em><\/p>\n<p><img loading=\"lazy\" decoding=\"async\" class=\"alignnone size-medium wp-image-3769 aligncenter\" src=\"http:\/\/victoria-rad.de\/wp-content\/uploads\/2019\/03\/20190311_162248-Kopie-300x93.jpg\" alt=\"\" width=\"300\" height=\"93\" srcset=\"http:\/\/victoria-rad.de\/wp-content\/uploads\/2019\/03\/20190311_162248-Kopie-300x93.jpg 300w, http:\/\/victoria-rad.de\/wp-content\/uploads\/2019\/03\/20190311_162248-Kopie-150x46.jpg 150w, http:\/\/victoria-rad.de\/wp-content\/uploads\/2019\/03\/20190311_162248-Kopie-768x237.jpg 768w, http:\/\/victoria-rad.de\/wp-content\/uploads\/2019\/03\/20190311_162248-Kopie-1024x316.jpg 1024w\" sizes=\"auto, (max-width: 300px) 100vw, 300px\" \/><a href=\"http:\/\/victoria-rad.de\/wp-content\/uploads\/2019\/03\/20190311_162248-1.jpg\" target=\"_blank\" rel=\"noopener noreferrer\"><img loading=\"lazy\" decoding=\"async\" class=\"aligncenter wp-image-3772 size-medium\" src=\"http:\/\/victoria-rad.de\/wp-content\/uploads\/2019\/03\/20190311_162248-1-300x251.jpg\" alt=\"\" width=\"300\" height=\"251\" srcset=\"http:\/\/victoria-rad.de\/wp-content\/uploads\/2019\/03\/20190311_162248-1-300x251.jpg 300w, http:\/\/victoria-rad.de\/wp-content\/uploads\/2019\/03\/20190311_162248-1-150x125.jpg 150w, http:\/\/victoria-rad.de\/wp-content\/uploads\/2019\/03\/20190311_162248-1-768x642.jpg 768w, http:\/\/victoria-rad.de\/wp-content\/uploads\/2019\/03\/20190311_162248-1.jpg 844w\" sizes=\"auto, (max-width: 300px) 100vw, 300px\" \/><\/a><a href=\"http:\/\/victoria-rad.de\/wp-content\/uploads\/2019\/03\/20190311_162248-Kopie-2.jpg\" target=\"_blank\" rel=\"noopener noreferrer\"><img loading=\"lazy\" decoding=\"async\" class=\"aligncenter wp-image-3771 size-medium\" src=\"http:\/\/victoria-rad.de\/wp-content\/uploads\/2019\/03\/20190311_162248-Kopie-2-204x300.jpg\" alt=\"\" width=\"204\" height=\"300\" srcset=\"http:\/\/victoria-rad.de\/wp-content\/uploads\/2019\/03\/20190311_162248-Kopie-2-204x300.jpg 204w, http:\/\/victoria-rad.de\/wp-content\/uploads\/2019\/03\/20190311_162248-Kopie-2-102x150.jpg 102w, http:\/\/victoria-rad.de\/wp-content\/uploads\/2019\/03\/20190311_162248-Kopie-2-768x1129.jpg 768w, http:\/\/victoria-rad.de\/wp-content\/uploads\/2019\/03\/20190311_162248-Kopie-2-697x1024.jpg 697w\" sizes=\"auto, (max-width: 204px) 100vw, 204px\" \/><\/a><\/p>\n<p><a href=\"http:\/\/victoria-rad.de\/wp-content\/uploads\/2020\/01\/P1030477.png\" target=\"_blank\" rel=\"noopener noreferrer\"><img loading=\"lazy\" decoding=\"async\" class=\"aligncenter wp-image-7444 size-medium\" src=\"http:\/\/victoria-rad.de\/wp-content\/uploads\/2020\/01\/P1030477-300x201.png\" alt=\"\" width=\"300\" height=\"201\" srcset=\"http:\/\/victoria-rad.de\/wp-content\/uploads\/2020\/01\/P1030477-300x201.png 300w, http:\/\/victoria-rad.de\/wp-content\/uploads\/2020\/01\/P1030477-150x100.png 150w, http:\/\/victoria-rad.de\/wp-content\/uploads\/2020\/01\/P1030477-768x514.png 768w, http:\/\/victoria-rad.de\/wp-content\/uploads\/2020\/01\/P1030477.png 800w\" sizes=\"auto, (max-width: 300px) 100vw, 300px\" \/><\/a><\/p>\n<p>Schon zu Kriegszeiten begann der Konstrukteur Albert Roder mit der Entwicklung eines Fahrrad-Einbau-Motors bei der Firma Victoria. Irgendwie hatte man den Riecher, dass nach dem Krieg auch wieder die Mobilit\u00e4t eine gro\u00dfe Rolle spielen wird. Schon 1946 kam der erste Nachkriegsmotor auf den deutschen Markt. Der Hubraum wurde bewusst mit nur 38 ccm recht niedrig gehalten, da man noch nicht wusste, wie die Besatzungsm\u00e4chte in Punkto Hubraum Genehmigungen erteilen werden. Aus den 38 ccm bekam man in der Serie 1 PS Leistung bei ca. 5000 U\/min heraus. Die Geschwindigkeit mit 30 km\/h war f\u00fcr ein Fahrrad optimal und recht durchzugstark. Der Motor mit seiner im Geh\u00e4use einseitig gelagerten Kurbelwelle trieb \u00fcber ein Zweigang-Getriebe ein im Hinterrad angebautes Kettenrad an. Eine Spreizringkupplung mit integrierten Leerlauf sorgte f\u00fcr ein komfortables Fahrgef\u00fchl. Der schwimmerlose Vergaser war auch ein ziemlich einfaches Bauteil, welches ab und zu bem\u00e4ngelt wurde, dass es nicht richtig funktioniert. Wenn er l\u00e4uft, dann l\u00e4uft er, sind meine Erfahrungen.<\/p>\n<p><em>R\u00fcckblick auf den Anfang des FM 38. Das folgenden zwei Bilder zeigen den Prototyp, de noch recht unprofessionell erscheint:<\/em><\/p>\n<p style=\"text-align: center;\"><a href=\"http:\/\/victoria-rad.de\/wp-content\/uploads\/2019\/03\/IMG_20190314_0001.jpg\" target=\"_blank\" rel=\"noopener noreferrer\"><img loading=\"lazy\" decoding=\"async\" class=\"aligncenter wp-image-3863 size-medium\" src=\"http:\/\/victoria-rad.de\/wp-content\/uploads\/2019\/03\/IMG_20190314_0001-192x300.jpg\" alt=\"\" width=\"192\" height=\"300\" srcset=\"http:\/\/victoria-rad.de\/wp-content\/uploads\/2019\/03\/IMG_20190314_0001-192x300.jpg 192w, http:\/\/victoria-rad.de\/wp-content\/uploads\/2019\/03\/IMG_20190314_0001-96x150.jpg 96w, http:\/\/victoria-rad.de\/wp-content\/uploads\/2019\/03\/IMG_20190314_0001-768x1203.jpg 768w, http:\/\/victoria-rad.de\/wp-content\/uploads\/2019\/03\/IMG_20190314_0001-654x1024.jpg 654w, http:\/\/victoria-rad.de\/wp-content\/uploads\/2019\/03\/IMG_20190314_0001.jpg 1978w\" sizes=\"auto, (max-width: 192px) 100vw, 192px\" \/><\/a><a href=\"http:\/\/victoria-rad.de\/wp-content\/uploads\/2019\/03\/IMG_20190314_0003-1.jpg\" target=\"_blank\" rel=\"noopener noreferrer\"><img loading=\"lazy\" decoding=\"async\" class=\"aligncenter wp-image-3864 size-medium\" src=\"http:\/\/victoria-rad.de\/wp-content\/uploads\/2019\/03\/IMG_20190314_0003-1-181x300.jpg\" alt=\"\" width=\"181\" height=\"300\" srcset=\"http:\/\/victoria-rad.de\/wp-content\/uploads\/2019\/03\/IMG_20190314_0003-1-181x300.jpg 181w, http:\/\/victoria-rad.de\/wp-content\/uploads\/2019\/03\/IMG_20190314_0003-1-91x150.jpg 91w, http:\/\/victoria-rad.de\/wp-content\/uploads\/2019\/03\/IMG_20190314_0003-1-768x1272.jpg 768w, http:\/\/victoria-rad.de\/wp-content\/uploads\/2019\/03\/IMG_20190314_0003-1-618x1024.jpg 618w, http:\/\/victoria-rad.de\/wp-content\/uploads\/2019\/03\/IMG_20190314_0003-1.jpg 1836w\" sizes=\"auto, (max-width: 181px) 100vw, 181px\" \/><\/a>(Bilder Archiv: Verlag Kleine\/Vennekate\/Reinwald)<\/p>\n<p><a href=\"http:\/\/victoria-rad.de\/wp-content\/uploads\/2019\/03\/IMG_20190310_0001-Kopie.jpg\" target=\"_blank\" rel=\"noopener noreferrer\"><img loading=\"lazy\" decoding=\"async\" class=\"aligncenter wp-image-3739 size-medium\" src=\"http:\/\/victoria-rad.de\/wp-content\/uploads\/2019\/03\/IMG_20190310_0001-Kopie-300x268.jpg\" alt=\"\" width=\"300\" height=\"268\" srcset=\"http:\/\/victoria-rad.de\/wp-content\/uploads\/2019\/03\/IMG_20190310_0001-Kopie-300x268.jpg 300w, http:\/\/victoria-rad.de\/wp-content\/uploads\/2019\/03\/IMG_20190310_0001-Kopie-150x134.jpg 150w, http:\/\/victoria-rad.de\/wp-content\/uploads\/2019\/03\/IMG_20190310_0001-Kopie-768x685.jpg 768w, http:\/\/victoria-rad.de\/wp-content\/uploads\/2019\/03\/IMG_20190310_0001-Kopie-1024x913.jpg 1024w\" sizes=\"auto, (max-width: 300px) 100vw, 300px\" \/><\/a>Das war die Devise &#8222;Bergauf Radfahren ohne zu treten&#8220; erstes Prospekt nach dem Krieg, noch mit Engel und Ehrenkranz.<\/p>\n<p><a href=\"http:\/\/victoria-rad.de\/wp-content\/uploads\/2019\/03\/21.jpg\" target=\"_blank\" rel=\"noopener noreferrer\"><img loading=\"lazy\" decoding=\"async\" class=\"aligncenter wp-image-3737 size-medium\" src=\"http:\/\/victoria-rad.de\/wp-content\/uploads\/2019\/03\/21-300x216.jpg\" alt=\"\" width=\"300\" height=\"216\" srcset=\"http:\/\/victoria-rad.de\/wp-content\/uploads\/2019\/03\/21-300x216.jpg 300w, http:\/\/victoria-rad.de\/wp-content\/uploads\/2019\/03\/21-150x108.jpg 150w, http:\/\/victoria-rad.de\/wp-content\/uploads\/2019\/03\/21-768x554.jpg 768w, http:\/\/victoria-rad.de\/wp-content\/uploads\/2019\/03\/21-1024x738.jpg 1024w\" sizes=\"auto, (max-width: 300px) 100vw, 300px\" \/><\/a><a href=\"http:\/\/victoria-rad.de\/wp-content\/uploads\/2019\/03\/22.jpg\" target=\"_blank\" rel=\"noopener noreferrer\"><img loading=\"lazy\" decoding=\"async\" class=\"aligncenter wp-image-3738 size-medium\" src=\"http:\/\/victoria-rad.de\/wp-content\/uploads\/2019\/03\/22-206x300.jpg\" alt=\"\" width=\"206\" height=\"300\" srcset=\"http:\/\/victoria-rad.de\/wp-content\/uploads\/2019\/03\/22-206x300.jpg 206w, http:\/\/victoria-rad.de\/wp-content\/uploads\/2019\/03\/22-103x150.jpg 103w, http:\/\/victoria-rad.de\/wp-content\/uploads\/2019\/03\/22-768x1116.jpg 768w, http:\/\/victoria-rad.de\/wp-content\/uploads\/2019\/03\/22-704x1024.jpg 704w\" sizes=\"auto, (max-width: 206px) 100vw, 206px\" \/><\/a>Der Lieferumfang: Motor, Tank im Gep\u00e4cktr\u00e4ger. Hier beim ersten Modell mit Auspuff &#8211; Ausf\u00fchrung &#8211; rundes Blechrohr, nicht verchromt.<\/p>\n<p><a href=\"http:\/\/victoria-rad.de\/wp-content\/uploads\/2019\/03\/24.0.jpg\" target=\"_blank\" rel=\"noopener noreferrer\"><img loading=\"lazy\" decoding=\"async\" class=\"aligncenter wp-image-3742 size-medium\" src=\"http:\/\/victoria-rad.de\/wp-content\/uploads\/2019\/03\/24.0-300x201.jpg\" alt=\"\" width=\"300\" height=\"201\" srcset=\"http:\/\/victoria-rad.de\/wp-content\/uploads\/2019\/03\/24.0-300x201.jpg 300w, http:\/\/victoria-rad.de\/wp-content\/uploads\/2019\/03\/24.0-150x100.jpg 150w, http:\/\/victoria-rad.de\/wp-content\/uploads\/2019\/03\/24.0-768x514.jpg 768w, http:\/\/victoria-rad.de\/wp-content\/uploads\/2019\/03\/24.0-1024x685.jpg 1024w\" sizes=\"auto, (max-width: 300px) 100vw, 300px\" \/><\/a>Das Haupterkennungsmerkmal der ersten Serie ist der Alu Deckel (kurz-gedrungen) und das Auspuffrohr.<\/p>\n<p><a href=\"http:\/\/victoria-rad.de\/wp-content\/uploads\/2019\/03\/24.1.jpg\" target=\"_blank\" rel=\"noopener noreferrer\"><img loading=\"lazy\" decoding=\"async\" class=\"aligncenter wp-image-3773 size-medium\" src=\"http:\/\/victoria-rad.de\/wp-content\/uploads\/2019\/03\/24.1-300x225.jpg\" alt=\"\" width=\"300\" height=\"225\" srcset=\"http:\/\/victoria-rad.de\/wp-content\/uploads\/2019\/03\/24.1-300x225.jpg 300w, http:\/\/victoria-rad.de\/wp-content\/uploads\/2019\/03\/24.1-150x113.jpg 150w, http:\/\/victoria-rad.de\/wp-content\/uploads\/2019\/03\/24.1-768x576.jpg 768w, http:\/\/victoria-rad.de\/wp-content\/uploads\/2019\/03\/24.1-1024x768.jpg 1024w\" sizes=\"auto, (max-width: 300px) 100vw, 300px\" \/><\/a><\/p>\n<p style=\"text-align: center;\"><a href=\"http:\/\/victoria-rad.de\/wp-content\/uploads\/2019\/03\/IMG_20190310_0002-Kopie.jpg\" target=\"_blank\" rel=\"noopener noreferrer\"><img loading=\"lazy\" decoding=\"async\" class=\"aligncenter wp-image-3740 size-medium\" src=\"http:\/\/victoria-rad.de\/wp-content\/uploads\/2019\/03\/IMG_20190310_0002-Kopie-300x271.jpg\" alt=\"\" width=\"300\" height=\"271\" srcset=\"http:\/\/victoria-rad.de\/wp-content\/uploads\/2019\/03\/IMG_20190310_0002-Kopie-300x271.jpg 300w, http:\/\/victoria-rad.de\/wp-content\/uploads\/2019\/03\/IMG_20190310_0002-Kopie-150x136.jpg 150w, http:\/\/victoria-rad.de\/wp-content\/uploads\/2019\/03\/IMG_20190310_0002-Kopie-768x694.jpg 768w, http:\/\/victoria-rad.de\/wp-content\/uploads\/2019\/03\/IMG_20190310_0002-Kopie-1024x926.jpg 1024w, http:\/\/victoria-rad.de\/wp-content\/uploads\/2019\/03\/IMG_20190310_0002-Kopie.jpg 1963w\" sizes=\"auto, (max-width: 300px) 100vw, 300px\" \/><\/a>Der Erfolg war nicht zu \u00fcbersehen!<\/p>\n<p>Originale Bilder:<\/p>\n<p><a href=\"http:\/\/victoria-rad.de\/wp-content\/uploads\/2019\/03\/24.4.jpg\" target=\"_blank\" rel=\"noopener noreferrer\"><img loading=\"lazy\" decoding=\"async\" class=\"aligncenter wp-image-3746 size-medium\" src=\"http:\/\/victoria-rad.de\/wp-content\/uploads\/2019\/03\/24.4-300x195.jpg\" alt=\"\" width=\"300\" height=\"195\" srcset=\"http:\/\/victoria-rad.de\/wp-content\/uploads\/2019\/03\/24.4-300x195.jpg 300w, http:\/\/victoria-rad.de\/wp-content\/uploads\/2019\/03\/24.4-150x97.jpg 150w, http:\/\/victoria-rad.de\/wp-content\/uploads\/2019\/03\/24.4-768x498.jpg 768w, http:\/\/victoria-rad.de\/wp-content\/uploads\/2019\/03\/24.4-1024x664.jpg 1024w\" sizes=\"auto, (max-width: 300px) 100vw, 300px\" \/><\/a><a href=\"http:\/\/victoria-rad.de\/wp-content\/uploads\/2019\/03\/IMG_20141120_0013.jpg\" target=\"_blank\" rel=\"noopener noreferrer\"><img loading=\"lazy\" decoding=\"async\" class=\"aligncenter wp-image-3872 size-medium\" src=\"http:\/\/victoria-rad.de\/wp-content\/uploads\/2019\/03\/IMG_20141120_0013-187x300.jpg\" alt=\"\" width=\"187\" height=\"300\" srcset=\"http:\/\/victoria-rad.de\/wp-content\/uploads\/2019\/03\/IMG_20141120_0013-187x300.jpg 187w, http:\/\/victoria-rad.de\/wp-content\/uploads\/2019\/03\/IMG_20141120_0013-94x150.jpg 94w, http:\/\/victoria-rad.de\/wp-content\/uploads\/2019\/03\/IMG_20141120_0013-768x1230.jpg 768w, http:\/\/victoria-rad.de\/wp-content\/uploads\/2019\/03\/IMG_20141120_0013-639x1024.jpg 639w, http:\/\/victoria-rad.de\/wp-content\/uploads\/2019\/03\/IMG_20141120_0013.jpg 2048w\" sizes=\"auto, (max-width: 187px) 100vw, 187px\" \/><\/a><\/p>\n<p><a href=\"http:\/\/victoria-rad.de\/wp-content\/uploads\/2019\/03\/20.jpg\" target=\"_blank\" rel=\"noopener noreferrer\"><img loading=\"lazy\" decoding=\"async\" class=\"aligncenter wp-image-3736 size-medium\" src=\"http:\/\/victoria-rad.de\/wp-content\/uploads\/2019\/03\/20-211x300.jpg\" alt=\"\" width=\"211\" height=\"300\" srcset=\"http:\/\/victoria-rad.de\/wp-content\/uploads\/2019\/03\/20-211x300.jpg 211w, http:\/\/victoria-rad.de\/wp-content\/uploads\/2019\/03\/20-106x150.jpg 106w, http:\/\/victoria-rad.de\/wp-content\/uploads\/2019\/03\/20-768x1090.jpg 768w, http:\/\/victoria-rad.de\/wp-content\/uploads\/2019\/03\/20-722x1024.jpg 722w\" sizes=\"auto, (max-width: 211px) 100vw, 211px\" \/><\/a>Auch Die ber\u00fchmte Heidi Hetzer, Tochter von Siegried Hetzer dem Besitzer der gr\u00f6\u00dften Victoria Vertretung in Deutschland bzw. Berlin, fuhr Victoria mit FM 38:<\/p>\n<p><a href=\"http:\/\/victoria-rad.de\/wp-content\/uploads\/2019\/03\/Heidi-Hetzer-auf-FM38-1950.png\" target=\"_blank\" rel=\"noopener noreferrer\"><img loading=\"lazy\" decoding=\"async\" class=\"aligncenter wp-image-3877 size-medium\" src=\"http:\/\/victoria-rad.de\/wp-content\/uploads\/2019\/03\/Heidi-Hetzer-auf-FM38-1950-226x300.png\" alt=\"\" width=\"226\" height=\"300\" srcset=\"http:\/\/victoria-rad.de\/wp-content\/uploads\/2019\/03\/Heidi-Hetzer-auf-FM38-1950-226x300.png 226w, http:\/\/victoria-rad.de\/wp-content\/uploads\/2019\/03\/Heidi-Hetzer-auf-FM38-1950-113x150.png 113w, http:\/\/victoria-rad.de\/wp-content\/uploads\/2019\/03\/Heidi-Hetzer-auf-FM38-1950-768x1020.png 768w, http:\/\/victoria-rad.de\/wp-content\/uploads\/2019\/03\/Heidi-Hetzer-auf-FM38-1950-771x1024.png 771w\" sizes=\"auto, (max-width: 226px) 100vw, 226px\" \/><\/a><\/p>\n<p><em><strong>Nun aber zu den Halleiner Fuchs-Modellen:<\/strong><\/em><\/p>\n<p><a href=\"http:\/\/victoria-rad.de\/wp-content\/uploads\/2020\/01\/IMG_20200124_0010-Kopie.jpg\" target=\"_blank\" rel=\"noopener noreferrer\"><img loading=\"lazy\" decoding=\"async\" class=\"aligncenter wp-image-7390 size-medium\" src=\"http:\/\/victoria-rad.de\/wp-content\/uploads\/2020\/01\/IMG_20200124_0010-Kopie-300x208.jpg\" alt=\"\" width=\"300\" height=\"208\" srcset=\"http:\/\/victoria-rad.de\/wp-content\/uploads\/2020\/01\/IMG_20200124_0010-Kopie-300x208.jpg 300w, http:\/\/victoria-rad.de\/wp-content\/uploads\/2020\/01\/IMG_20200124_0010-Kopie-150x104.jpg 150w, http:\/\/victoria-rad.de\/wp-content\/uploads\/2020\/01\/IMG_20200124_0010-Kopie.jpg 603w\" sizes=\"auto, (max-width: 300px) 100vw, 300px\" \/><\/a><\/p>\n<p>&nbsp;<\/p>\n<p>Auf den ersten Blick k\u00f6nnte man meinen, es sei ein Victoria-Motor FM 38, wenn nicht ein &#8222;Fuchs&#8220; den Lima-Deckel zieren w\u00fcrde und ein anderer Vergaser und abge\u00e4nderter Auspuff am Mot\u00f6rchen verbaut w\u00e4re. Die Chinesen waren 1946 noch nicht mit dem Fotoapparat unterwegs, aber ein gewisser Anton Fuchs, ein ehemaliger Mitarbeiter von Albert Roder im Victoria-Werk hatte mal schnell die Konstruktionspl\u00e4ne mit nach Hallein in \u00d6sterreich mit genommen. Nun kann sich jeder ausmalen, was dann geschah&#8230;<\/p>\n<p>Anton Fuchs gr\u00fcndete in Nieder\u00f6sterreich ein Motoren-Werk und stellte dort den Hilfsmotor <strong>&#8222;Fuchs FM 40&#8220;\u00a0<\/strong>her. Der Motor selbst, war mit dem FM 38 von Victoria identisch, nur ein eigener Vergaser bef\u00fcllte ihn, also der Eingang und der Ausgang (Auspuff) wichen gerade mal vom Ur-Motor ab. Da die Auftr\u00e4ge \u00fcber Hand nahmen verlagerte Fuchs die Produktion, wie gesagt, nach Hallein in die N\u00e4he von Salzburg. Anton Fuchs hatte Probleme, welcher Art auch immer, und wanderte nach Kanada aus. Die Firma war jetzt unter dem Namen<strong> &#8222;HMW Halleiner Motorenwerk AG&#8220;<\/strong> eingetragen.<\/p>\n<p>Nach ca. 30 000 verkauften Einheiten kam Victoria auch schon mal dahinter, dass in \u00d6sterreich ein Plagiat vom FM 38 gefertigt wurde, wahrscheinlich durch die eher schlechten Verkaufszahlen in dieser Region. Es folgten Rechtsstreitigkeiten und HMW musste ein Sal\u00e4r f\u00fcr die verkauften und zu verkaufenden eine Lizenz bezahlen. Nicht &#8222;Fuchs&#8220; sondern &#8222;Fluchs&#8220; wurde ein neuer Motor kreiert, der nannte sich &#8222;FM 40 S&#8220;, &#8222;S&#8220; wie Salzburg. Der neue Motor unterschied sich im Aussehen im wesentlichen durch einen runden Lima-Deckel, wieder mit dem Fuchs, diesmal in Stahlblech &#8211; verchromt:<\/p>\n<p><a href=\"http:\/\/victoria-rad.de\/wp-content\/uploads\/2020\/01\/20200126_210732.jpg\" target=\"_blank\" rel=\"noopener noreferrer\"><img loading=\"lazy\" decoding=\"async\" class=\"aligncenter wp-image-7442 size-medium\" src=\"http:\/\/victoria-rad.de\/wp-content\/uploads\/2020\/01\/20200126_210732-300x227.jpg\" alt=\"\" width=\"300\" height=\"227\" srcset=\"http:\/\/victoria-rad.de\/wp-content\/uploads\/2020\/01\/20200126_210732-300x227.jpg 300w, http:\/\/victoria-rad.de\/wp-content\/uploads\/2020\/01\/20200126_210732-150x113.jpg 150w, http:\/\/victoria-rad.de\/wp-content\/uploads\/2020\/01\/20200126_210732-768x580.jpg 768w, http:\/\/victoria-rad.de\/wp-content\/uploads\/2020\/01\/20200126_210732.jpg 800w\" sizes=\"auto, (max-width: 300px) 100vw, 300px\" \/><\/a><\/p>\n<p>Nach einem weiteren Umzug des Werks, zur\u00fcck nach Nieder\u00f6sterreich lief die Produktion nach ca. 20 000 Einheiten aus&#8230;<\/p>\n<p>Impressionen eines Fuchs-Gef\u00e4hrtes:<\/p>\n<p><a href=\"http:\/\/victoria-rad.de\/wp-content\/uploads\/2020\/01\/IMG_20200124_0010.jpg\" target=\"_blank\" rel=\"noopener noreferrer\"><img loading=\"lazy\" decoding=\"async\" class=\"aligncenter wp-image-7427 size-medium\" src=\"http:\/\/victoria-rad.de\/wp-content\/uploads\/2020\/01\/IMG_20200124_0010-300x191.jpg\" alt=\"\" width=\"300\" height=\"191\" srcset=\"http:\/\/victoria-rad.de\/wp-content\/uploads\/2020\/01\/IMG_20200124_0010-300x191.jpg 300w, http:\/\/victoria-rad.de\/wp-content\/uploads\/2020\/01\/IMG_20200124_0010-150x95.jpg 150w, http:\/\/victoria-rad.de\/wp-content\/uploads\/2020\/01\/IMG_20200124_0010-768x488.jpg 768w, http:\/\/victoria-rad.de\/wp-content\/uploads\/2020\/01\/IMG_20200124_0010.jpg 800w\" sizes=\"auto, (max-width: 300px) 100vw, 300px\" \/><\/a><\/p>\n<p><a href=\"http:\/\/victoria-rad.de\/wp-content\/uploads\/2020\/01\/IMG_20200124_0010-Kopie-2.jpg\" target=\"_blank\" rel=\"noopener noreferrer\"><img loading=\"lazy\" decoding=\"async\" class=\"aligncenter wp-image-7428 size-medium\" src=\"http:\/\/victoria-rad.de\/wp-content\/uploads\/2020\/01\/IMG_20200124_0010-Kopie-2-208x300.jpg\" alt=\"\" width=\"208\" height=\"300\" srcset=\"http:\/\/victoria-rad.de\/wp-content\/uploads\/2020\/01\/IMG_20200124_0010-Kopie-2-208x300.jpg 208w, http:\/\/victoria-rad.de\/wp-content\/uploads\/2020\/01\/IMG_20200124_0010-Kopie-2-104x150.jpg 104w, http:\/\/victoria-rad.de\/wp-content\/uploads\/2020\/01\/IMG_20200124_0010-Kopie-2.jpg 658w\" sizes=\"auto, (max-width: 208px) 100vw, 208px\" \/><\/a><\/p>\n<p><a href=\"http:\/\/victoria-rad.de\/wp-content\/uploads\/2020\/01\/IMG_20200124_0010-Kopie-3.jpg\" target=\"_blank\" rel=\"noopener noreferrer\"><img loading=\"lazy\" decoding=\"async\" class=\"aligncenter wp-image-7429 size-medium\" src=\"http:\/\/victoria-rad.de\/wp-content\/uploads\/2020\/01\/IMG_20200124_0010-Kopie-3-300x203.jpg\" alt=\"\" width=\"300\" height=\"203\" srcset=\"http:\/\/victoria-rad.de\/wp-content\/uploads\/2020\/01\/IMG_20200124_0010-Kopie-3-300x203.jpg 300w, http:\/\/victoria-rad.de\/wp-content\/uploads\/2020\/01\/IMG_20200124_0010-Kopie-3-150x101.jpg 150w, http:\/\/victoria-rad.de\/wp-content\/uploads\/2020\/01\/IMG_20200124_0010-Kopie-3-768x518.jpg 768w, http:\/\/victoria-rad.de\/wp-content\/uploads\/2020\/01\/IMG_20200124_0010-Kopie-3.jpg 800w\" sizes=\"auto, (max-width: 300px) 100vw, 300px\" \/><\/a><\/p>\n<p><a href=\"http:\/\/victoria-rad.de\/wp-content\/uploads\/2020\/01\/IMG_20200124_0009.jpg\" target=\"_blank\" rel=\"noopener noreferrer\"><img loading=\"lazy\" decoding=\"async\" class=\"aligncenter wp-image-7446 size-medium\" src=\"http:\/\/victoria-rad.de\/wp-content\/uploads\/2020\/01\/IMG_20200124_0009-300x36.jpg\" alt=\"\" width=\"300\" height=\"36\" srcset=\"http:\/\/victoria-rad.de\/wp-content\/uploads\/2020\/01\/IMG_20200124_0009-300x36.jpg 300w, http:\/\/victoria-rad.de\/wp-content\/uploads\/2020\/01\/IMG_20200124_0009-150x18.jpg 150w, http:\/\/victoria-rad.de\/wp-content\/uploads\/2020\/01\/IMG_20200124_0009-768x93.jpg 768w, http:\/\/victoria-rad.de\/wp-content\/uploads\/2020\/01\/IMG_20200124_0009.jpg 800w\" sizes=\"auto, (max-width: 300px) 100vw, 300px\" \/><\/a><\/p>\n<p>Die Fuchsjagden:<\/p>\n<p>Die Haupt-Szene der Fuchsjagden traf sich am dritten Wochenende im September im MVC Attnang-Puchheim und brachen zu diesen Jagden nicht mit dem Schiessgewehr sondern mit dem Fuchs an Bord auf, um in Gruppen oder einzeln verschiedene Wege zu befahren. Ergo sei anzumerken, die Fahrt, wie auch immer sie endete &#8211; sie endete auf jeden Fall immer im Gasthaus&#8230;<\/p>\n<p>Die Fotos stammen von unsrem \u00f6sterreichischen Oldtimerfreund Hannes Denzel gestellt f\u00fcr die Zeitschrift &#8222;Fahrrad &amp; Moped&#8220;, welche leider nicht mehr erscheint&#8230;<\/p>\n<p style=\"text-align: center;\"><a href=\"http:\/\/victoria-rad.de\/wp-content\/uploads\/2020\/01\/IMG_20200124_0012-2.jpg\" target=\"_blank\" rel=\"noopener noreferrer\"><img loading=\"lazy\" decoding=\"async\" class=\"aligncenter wp-image-7431 size-medium\" src=\"http:\/\/victoria-rad.de\/wp-content\/uploads\/2020\/01\/IMG_20200124_0012-2-300x65.jpg\" alt=\"\" width=\"300\" height=\"65\" srcset=\"http:\/\/victoria-rad.de\/wp-content\/uploads\/2020\/01\/IMG_20200124_0012-2-300x65.jpg 300w, http:\/\/victoria-rad.de\/wp-content\/uploads\/2020\/01\/IMG_20200124_0012-2-150x32.jpg 150w, http:\/\/victoria-rad.de\/wp-content\/uploads\/2020\/01\/IMG_20200124_0012-2-768x166.jpg 768w, http:\/\/victoria-rad.de\/wp-content\/uploads\/2020\/01\/IMG_20200124_0012-2.jpg 800w\" sizes=\"auto, (max-width: 300px) 100vw, 300px\" \/><\/a>Gruppenbild Attnang-Puchheim.<\/p>\n<p style=\"text-align: center;\"><a href=\"http:\/\/victoria-rad.de\/wp-content\/uploads\/2020\/01\/IMG_20200124_0011-Kopie-6.jpg\" target=\"_blank\" rel=\"noopener noreferrer\"><img loading=\"lazy\" decoding=\"async\" class=\"aligncenter wp-image-7432 size-medium\" src=\"http:\/\/victoria-rad.de\/wp-content\/uploads\/2020\/01\/IMG_20200124_0011-Kopie-6-300x174.jpg\" alt=\"\" width=\"300\" height=\"174\" srcset=\"http:\/\/victoria-rad.de\/wp-content\/uploads\/2020\/01\/IMG_20200124_0011-Kopie-6-300x174.jpg 300w, http:\/\/victoria-rad.de\/wp-content\/uploads\/2020\/01\/IMG_20200124_0011-Kopie-6-150x87.jpg 150w, http:\/\/victoria-rad.de\/wp-content\/uploads\/2020\/01\/IMG_20200124_0011-Kopie-6-768x446.jpg 768w, http:\/\/victoria-rad.de\/wp-content\/uploads\/2020\/01\/IMG_20200124_0011-Kopie-6.jpg 800w\" sizes=\"auto, (max-width: 300px) 100vw, 300px\" \/><\/a>Die &#8222;F\u00fcchse&#8220; auf abseitsenen Wegen&#8230;<\/p>\n<p><a href=\"http:\/\/victoria-rad.de\/wp-content\/uploads\/2020\/01\/IMG_20200124_0011-Kopie-4.jpg\" target=\"_blank\" rel=\"noopener noreferrer\"><img loading=\"lazy\" decoding=\"async\" class=\"aligncenter wp-image-7433 size-medium\" src=\"http:\/\/victoria-rad.de\/wp-content\/uploads\/2020\/01\/IMG_20200124_0011-Kopie-4-300x188.jpg\" alt=\"\" width=\"300\" height=\"188\" srcset=\"http:\/\/victoria-rad.de\/wp-content\/uploads\/2020\/01\/IMG_20200124_0011-Kopie-4-300x188.jpg 300w, http:\/\/victoria-rad.de\/wp-content\/uploads\/2020\/01\/IMG_20200124_0011-Kopie-4-150x94.jpg 150w, http:\/\/victoria-rad.de\/wp-content\/uploads\/2020\/01\/IMG_20200124_0011-Kopie-4.jpg 652w\" sizes=\"auto, (max-width: 300px) 100vw, 300px\" \/><\/a><\/p>\n<p style=\"text-align: center;\"><a href=\"http:\/\/victoria-rad.de\/wp-content\/uploads\/2020\/01\/IMG_20200124_0011-Kopie.jpg\" target=\"_blank\" rel=\"noopener noreferrer\"><img loading=\"lazy\" decoding=\"async\" class=\"aligncenter wp-image-7434 size-medium\" src=\"http:\/\/victoria-rad.de\/wp-content\/uploads\/2020\/01\/IMG_20200124_0011-Kopie-300x223.jpg\" alt=\"\" width=\"300\" height=\"223\" srcset=\"http:\/\/victoria-rad.de\/wp-content\/uploads\/2020\/01\/IMG_20200124_0011-Kopie-300x223.jpg 300w, http:\/\/victoria-rad.de\/wp-content\/uploads\/2020\/01\/IMG_20200124_0011-Kopie-150x111.jpg 150w, http:\/\/victoria-rad.de\/wp-content\/uploads\/2020\/01\/IMG_20200124_0011-Kopie-768x570.jpg 768w, http:\/\/victoria-rad.de\/wp-content\/uploads\/2020\/01\/IMG_20200124_0011-Kopie.jpg 883w\" sizes=\"auto, (max-width: 300px) 100vw, 300px\" \/><\/a>rasant unterwegs&#8230;<\/p>\n<p><a href=\"http:\/\/victoria-rad.de\/wp-content\/uploads\/2020\/01\/IMG_20200124_0011-Kopie-3.jpg\" target=\"_blank\" rel=\"noopener noreferrer\"><img loading=\"lazy\" decoding=\"async\" class=\"aligncenter wp-image-7435 size-medium\" src=\"http:\/\/victoria-rad.de\/wp-content\/uploads\/2020\/01\/IMG_20200124_0011-Kopie-3-300x200.jpg\" alt=\"\" width=\"300\" height=\"200\" srcset=\"http:\/\/victoria-rad.de\/wp-content\/uploads\/2020\/01\/IMG_20200124_0011-Kopie-3-300x200.jpg 300w, http:\/\/victoria-rad.de\/wp-content\/uploads\/2020\/01\/IMG_20200124_0011-Kopie-3-150x100.jpg 150w, http:\/\/victoria-rad.de\/wp-content\/uploads\/2020\/01\/IMG_20200124_0011-Kopie-3-768x513.jpg 768w, http:\/\/victoria-rad.de\/wp-content\/uploads\/2020\/01\/IMG_20200124_0011-Kopie-3.jpg 834w\" sizes=\"auto, (max-width: 300px) 100vw, 300px\" \/><\/a><\/p>\n<p style=\"text-align: center;\"><a href=\"http:\/\/victoria-rad.de\/wp-content\/uploads\/2020\/01\/IMG_20200124_0011.jpg\" target=\"_blank\" rel=\"noopener noreferrer\"><img loading=\"lazy\" decoding=\"async\" class=\"aligncenter wp-image-7436 size-medium\" src=\"http:\/\/victoria-rad.de\/wp-content\/uploads\/2020\/01\/IMG_20200124_0011-300x180.jpg\" alt=\"\" width=\"300\" height=\"180\" srcset=\"http:\/\/victoria-rad.de\/wp-content\/uploads\/2020\/01\/IMG_20200124_0011-300x180.jpg 300w, http:\/\/victoria-rad.de\/wp-content\/uploads\/2020\/01\/IMG_20200124_0011-150x90.jpg 150w, http:\/\/victoria-rad.de\/wp-content\/uploads\/2020\/01\/IMG_20200124_0011-768x461.jpg 768w, http:\/\/victoria-rad.de\/wp-content\/uploads\/2020\/01\/IMG_20200124_0011.jpg 800w\" sizes=\"auto, (max-width: 300px) 100vw, 300px\" \/><\/a>Schr\u00e4glage 45 Grad und mehr&#8230;<\/p>\n<p style=\"text-align: center;\"><a href=\"http:\/\/victoria-rad.de\/wp-content\/uploads\/2020\/01\/IMG_20200124_0011-Kopie-2.jpg\" target=\"_blank\" rel=\"noopener noreferrer\"><img loading=\"lazy\" decoding=\"async\" class=\"aligncenter wp-image-7437 size-medium\" src=\"http:\/\/victoria-rad.de\/wp-content\/uploads\/2020\/01\/IMG_20200124_0011-Kopie-2-300x177.jpg\" alt=\"\" width=\"300\" height=\"177\" srcset=\"http:\/\/victoria-rad.de\/wp-content\/uploads\/2020\/01\/IMG_20200124_0011-Kopie-2-300x177.jpg 300w, http:\/\/victoria-rad.de\/wp-content\/uploads\/2020\/01\/IMG_20200124_0011-Kopie-2-150x89.jpg 150w, http:\/\/victoria-rad.de\/wp-content\/uploads\/2020\/01\/IMG_20200124_0011-Kopie-2-768x454.jpg 768w, http:\/\/victoria-rad.de\/wp-content\/uploads\/2020\/01\/IMG_20200124_0011-Kopie-2.jpg 978w\" sizes=\"auto, (max-width: 300px) 100vw, 300px\" \/><\/a>bis zum Sturz im Strohballen&#8230;<\/p>\n<p>Noch drei Bilder:<\/p>\n<p style=\"text-align: center;\"><a href=\"http:\/\/victoria-rad.de\/wp-content\/uploads\/2020\/01\/IMG_20200124_0009-Kopie-5.jpg\" target=\"_blank\" rel=\"noopener noreferrer\"><img loading=\"lazy\" decoding=\"async\" class=\"aligncenter wp-image-7438 size-medium\" src=\"http:\/\/victoria-rad.de\/wp-content\/uploads\/2020\/01\/IMG_20200124_0009-Kopie-5-300x197.jpg\" alt=\"\" width=\"300\" height=\"197\" srcset=\"http:\/\/victoria-rad.de\/wp-content\/uploads\/2020\/01\/IMG_20200124_0009-Kopie-5-300x197.jpg 300w, http:\/\/victoria-rad.de\/wp-content\/uploads\/2020\/01\/IMG_20200124_0009-Kopie-5-150x98.jpg 150w, http:\/\/victoria-rad.de\/wp-content\/uploads\/2020\/01\/IMG_20200124_0009-Kopie-5-768x504.jpg 768w, http:\/\/victoria-rad.de\/wp-content\/uploads\/2020\/01\/IMG_20200124_0009-Kopie-5.jpg 800w\" sizes=\"auto, (max-width: 300px) 100vw, 300px\" \/><\/a>Steigungen werden pedaliert&#8230;<\/p>\n<p style=\"text-align: center;\"><a href=\"http:\/\/victoria-rad.de\/wp-content\/uploads\/2020\/01\/IMG_20200124_0009-Kopie-6.jpg\" target=\"_blank\" rel=\"noopener noreferrer\"><img loading=\"lazy\" decoding=\"async\" class=\"aligncenter wp-image-7439 size-medium\" src=\"http:\/\/victoria-rad.de\/wp-content\/uploads\/2020\/01\/IMG_20200124_0009-Kopie-6-300x206.jpg\" alt=\"\" width=\"300\" height=\"206\" srcset=\"http:\/\/victoria-rad.de\/wp-content\/uploads\/2020\/01\/IMG_20200124_0009-Kopie-6-300x206.jpg 300w, http:\/\/victoria-rad.de\/wp-content\/uploads\/2020\/01\/IMG_20200124_0009-Kopie-6-150x103.jpg 150w, http:\/\/victoria-rad.de\/wp-content\/uploads\/2020\/01\/IMG_20200124_0009-Kopie-6-768x526.jpg 768w, http:\/\/victoria-rad.de\/wp-content\/uploads\/2020\/01\/IMG_20200124_0009-Kopie-6.jpg 800w\" sizes=\"auto, (max-width: 300px) 100vw, 300px\" \/><\/a>Auf der rechten Seite hat sich ein Keilriemen-Rex eingemogelt&#8230;<\/p>\n<p style=\"text-align: center;\"><a href=\"http:\/\/victoria-rad.de\/wp-content\/uploads\/2020\/01\/IMG_20200124_0009-Kopie-4.jpg\" target=\"_blank\" rel=\"noopener noreferrer\"><img loading=\"lazy\" decoding=\"async\" class=\"aligncenter wp-image-7440 size-medium\" src=\"http:\/\/victoria-rad.de\/wp-content\/uploads\/2020\/01\/IMG_20200124_0009-Kopie-4-300x208.jpg\" alt=\"\" width=\"300\" height=\"208\" srcset=\"http:\/\/victoria-rad.de\/wp-content\/uploads\/2020\/01\/IMG_20200124_0009-Kopie-4-300x208.jpg 300w, http:\/\/victoria-rad.de\/wp-content\/uploads\/2020\/01\/IMG_20200124_0009-Kopie-4-150x104.jpg 150w, http:\/\/victoria-rad.de\/wp-content\/uploads\/2020\/01\/IMG_20200124_0009-Kopie-4-768x532.jpg 768w, http:\/\/victoria-rad.de\/wp-content\/uploads\/2020\/01\/IMG_20200124_0009-Kopie-4.jpg 800w\" sizes=\"auto, (max-width: 300px) 100vw, 300px\" \/><\/a>Die &#8222;Foxinette&#8220; &#8211; aber mit &#8222;Fuchs-Motor&#8220;&#8230;<\/p>\n<p style=\"text-align: center;\"><b><i>Unter heutigen Gesichtspunkten ist der &#8222;Fuchs-Motor&#8220; noch wesentlich<\/i><\/b> <em><strong>seltener als der deutsche FM 38 und damit ein begehrtes Sammel-Objekt&#8230;<\/strong><\/em><\/p>\n<p><img loading=\"lazy\" decoding=\"async\" class=\"alignnone size-medium wp-image-3857 aligncenter\" src=\"http:\/\/victoria-rad.de\/wp-content\/uploads\/2019\/03\/IMG_20190312_0002-1-300x102.jpg\" alt=\"\" width=\"300\" height=\"102\" srcset=\"http:\/\/victoria-rad.de\/wp-content\/uploads\/2019\/03\/IMG_20190312_0002-1-300x102.jpg 300w, http:\/\/victoria-rad.de\/wp-content\/uploads\/2019\/03\/IMG_20190312_0002-1-150x51.jpg 150w, http:\/\/victoria-rad.de\/wp-content\/uploads\/2019\/03\/IMG_20190312_0002-1-768x261.jpg 768w, http:\/\/victoria-rad.de\/wp-content\/uploads\/2019\/03\/IMG_20190312_0002-1-1024x347.jpg 1024w\" sizes=\"auto, (max-width: 300px) 100vw, 300px\" \/><\/p>\n<p><img loading=\"lazy\" decoding=\"async\" class=\"alignnone size-medium wp-image-3698 aligncenter\" src=\"http:\/\/victoria-rad.de\/wp-content\/uploads\/2019\/02\/58-2-300x14.png\" alt=\"\" width=\"300\" height=\"14\" srcset=\"http:\/\/victoria-rad.de\/wp-content\/uploads\/2019\/02\/58-2-300x14.png 300w, http:\/\/victoria-rad.de\/wp-content\/uploads\/2019\/02\/58-2-150x7.png 150w, http:\/\/victoria-rad.de\/wp-content\/uploads\/2019\/02\/58-2.png 501w\" sizes=\"auto, (max-width: 300px) 100vw, 300px\" \/><\/p>\n","protected":false},"excerpt":{"rendered":"<p>Was hat denn der Victoria Anbau-Moter FM 38 ab 1946 mit dem Fuchs-Motor aus Hallein in \u00d6sterreich zu schaffen ? Ja &#8211; einiges, aber nun erst mal von vorn berichtet&#8230; Nochmal kurz zur Erfolgsgeschichte des Anbau-Motors FM 38: Schon zu Kriegszeiten begann der Konstrukteur Albert Roder mit der Entwicklung eines Fahrrad-Einbau-Motors bei der Firma Victoria. &hellip; <a href=\"http:\/\/victoria-rad.de\/?p=7385\" class=\"more-link\"><span class=\"screen-reader-text\">Victoria &#8211; Hilfsmotor FM 38 und der &#8222;Fuchs&#8220;&#8230;<\/span> weiterlesen<\/a><\/p>\n","protected":false},"author":1,"featured_media":0,"comment_status":"open","ping_status":"open","sticky":false,"template":"","format":"standard","meta":{"footnotes":""},"categories":[1],"tags":[],"class_list":["post-7385","post","type-post","status-publish","format-standard","hentry","category-uncategorized"],"_links":{"self":[{"href":"http:\/\/victoria-rad.de\/index.php?rest_route=\/wp\/v2\/posts\/7385","targetHints":{"allow":["GET"]}}],"collection":[{"href":"http:\/\/victoria-rad.de\/index.php?rest_route=\/wp\/v2\/posts"}],"about":[{"href":"http:\/\/victoria-rad.de\/index.php?rest_route=\/wp\/v2\/types\/post"}],"author":[{"embeddable":true,"href":"http:\/\/victoria-rad.de\/index.php?rest_route=\/wp\/v2\/users\/1"}],"replies":[{"embeddable":true,"href":"http:\/\/victoria-rad.de\/index.php?rest_route=%2Fwp%2Fv2%2Fcomments&post=7385"}],"version-history":[{"count":13,"href":"http:\/\/victoria-rad.de\/index.php?rest_route=\/wp\/v2\/posts\/7385\/revisions"}],"predecessor-version":[{"id":8630,"href":"http:\/\/victoria-rad.de\/index.php?rest_route=\/wp\/v2\/posts\/7385\/revisions\/8630"}],"wp:attachment":[{"href":"http:\/\/victoria-rad.de\/index.php?rest_route=%2Fwp%2Fv2%2Fmedia&parent=7385"}],"wp:term":[{"taxonomy":"category","embeddable":true,"href":"http:\/\/victoria-rad.de\/index.php?rest_route=%2Fwp%2Fv2%2Fcategories&post=7385"},{"taxonomy":"post_tag","embeddable":true,"href":"http:\/\/victoria-rad.de\/index.php?rest_route=%2Fwp%2Fv2%2Ftags&post=7385"}],"curies":[{"name":"wp","href":"https:\/\/api.w.org\/{rel}","templated":true}]}}