{"id":7716,"date":"2020-02-17T19:16:39","date_gmt":"2020-02-17T19:16:39","guid":{"rendered":"http:\/\/victoria-rad.de\/?p=7716"},"modified":"2020-02-18T06:00:42","modified_gmt":"2020-02-18T06:00:42","slug":"dkw-rennwagen-sonderausstellung-1-teil-saechsisches-fahrzeugmuseum-chemnitz","status":"publish","type":"post","link":"http:\/\/victoria-rad.de\/?p=7716","title":{"rendered":"DKW &#8211;  Rennwagen Sonderausstellung 1. Teil, S\u00e4chsisches Fahrzeugmuseum Chemnitz&#8230;"},"content":{"rendered":"<p><em><strong>Im S\u00e4chsischen Fahrzeugmuseum in Chemnitz hat eine sehr interessante Rennwagen-Ausstellung ihre Pforten ge\u00f6ffnet. Wer Zeit und Lust hat sollte sich diese unbedingt mal anschauen. Hier die Einladung:<\/strong><\/em><\/p>\n<p><a href=\"http:\/\/victoria-rad.de\/wp-content\/uploads\/2020\/02\/59.jpg\" target=\"_blank\" rel=\"noopener noreferrer\"><img loading=\"lazy\" decoding=\"async\" class=\"aligncenter wp-image-7729 size-medium\" src=\"http:\/\/victoria-rad.de\/wp-content\/uploads\/2020\/02\/59-300x275.jpg\" alt=\"\" width=\"300\" height=\"275\" srcset=\"http:\/\/victoria-rad.de\/wp-content\/uploads\/2020\/02\/59-300x275.jpg 300w, http:\/\/victoria-rad.de\/wp-content\/uploads\/2020\/02\/59-150x137.jpg 150w, http:\/\/victoria-rad.de\/wp-content\/uploads\/2020\/02\/59-768x704.jpg 768w, http:\/\/victoria-rad.de\/wp-content\/uploads\/2020\/02\/59.jpg 800w\" sizes=\"auto, (max-width: 300px) 100vw, 300px\" \/><\/a><\/p>\n<p>Wie das Thema schon aussagt, dreht sich diese Sonderausstellung um die DKW-Rennfahrzeuge mit Frontantrieb ab Anfang der &#8222;Drei\u00dfiger Jahre&#8220;. In den &#8222;Zwanzigern&#8220; gr\u00fcndete der Unternehmer J\u00f6rgen Skafte Rasmussen die Firma DKW, welche zeitenweise die gr\u00f6\u00dfte Motorrad-Fabrik der Welt war. Die ersten Rennwagen hatten noch Heckantrieb, aber ab 1931 kam bei DKW der Frontantrieb mit Zweitaktmotor als Weltsensation zum Einsatz. Aber erstmal zum Anfang der DKW Sportwagen:<\/p>\n<p><strong>DKW &#8211; Sportwagen PS 600:<\/strong><\/p>\n<p style=\"text-align: center;\"><a href=\"http:\/\/victoria-rad.de\/wp-content\/uploads\/2020\/02\/582.jpg\" target=\"_blank\" rel=\"noopener noreferrer\"><img loading=\"lazy\" decoding=\"async\" class=\"aligncenter wp-image-7731 size-medium\" src=\"http:\/\/victoria-rad.de\/wp-content\/uploads\/2020\/02\/582-300x151.jpg\" alt=\"\" width=\"300\" height=\"151\" srcset=\"http:\/\/victoria-rad.de\/wp-content\/uploads\/2020\/02\/582-300x151.jpg 300w, http:\/\/victoria-rad.de\/wp-content\/uploads\/2020\/02\/582-150x76.jpg 150w, http:\/\/victoria-rad.de\/wp-content\/uploads\/2020\/02\/582-768x387.jpg 768w, http:\/\/victoria-rad.de\/wp-content\/uploads\/2020\/02\/582.jpg 800w\" sizes=\"auto, (max-width: 300px) 100vw, 300px\" \/><\/a>Fahrzeugschau von H\u00e4ndler Willy Thiele aus Rathenow mit einem Sportwagen PS 600, welcher im Spandauer DKW-Werk gefertigt wurde.<\/p>\n<p style=\"text-align: center;\"><a href=\"http:\/\/victoria-rad.de\/wp-content\/uploads\/2020\/02\/581.jpg\" target=\"_blank\" rel=\"noopener noreferrer\"><img loading=\"lazy\" decoding=\"async\" class=\"aligncenter wp-image-7733 size-medium\" src=\"http:\/\/victoria-rad.de\/wp-content\/uploads\/2020\/02\/581-300x161.jpg\" alt=\"\" width=\"300\" height=\"161\" srcset=\"http:\/\/victoria-rad.de\/wp-content\/uploads\/2020\/02\/581-300x161.jpg 300w, http:\/\/victoria-rad.de\/wp-content\/uploads\/2020\/02\/581-150x80.jpg 150w, http:\/\/victoria-rad.de\/wp-content\/uploads\/2020\/02\/581-768x412.jpg 768w, http:\/\/victoria-rad.de\/wp-content\/uploads\/2020\/02\/581.jpg 800w\" sizes=\"auto, (max-width: 300px) 100vw, 300px\" \/><\/a>Bild eines originalen Rennwagens&#8230;<\/p>\n<p style=\"text-align: center;\"><a href=\"http:\/\/victoria-rad.de\/wp-content\/uploads\/2020\/02\/584.jpg\" target=\"_blank\" rel=\"noopener noreferrer\"><img loading=\"lazy\" decoding=\"async\" class=\"aligncenter wp-image-7734 size-medium\" src=\"http:\/\/victoria-rad.de\/wp-content\/uploads\/2020\/02\/584-300x173.jpg\" alt=\"\" width=\"300\" height=\"173\" srcset=\"http:\/\/victoria-rad.de\/wp-content\/uploads\/2020\/02\/584-300x173.jpg 300w, http:\/\/victoria-rad.de\/wp-content\/uploads\/2020\/02\/584-150x86.jpg 150w, http:\/\/victoria-rad.de\/wp-content\/uploads\/2020\/02\/584-768x442.jpg 768w, http:\/\/victoria-rad.de\/wp-content\/uploads\/2020\/02\/584.jpg 800w\" sizes=\"auto, (max-width: 300px) 100vw, 300px\" \/><\/a>Einer der ersten Werksrennwagen mit Heckantrieb auf der Basis der PS 600 Sportwagen.<\/p>\n<p>Der restaurierte Sportwagen steht als Leihgabe im S\u00e4chsischen Fahrzeugmuseum:<\/p>\n<p><a href=\"http:\/\/victoria-rad.de\/wp-content\/uploads\/2020\/02\/133.jpg\" target=\"_blank\" rel=\"noopener noreferrer\"><img loading=\"lazy\" decoding=\"async\" class=\"aligncenter wp-image-7735 size-medium\" src=\"http:\/\/victoria-rad.de\/wp-content\/uploads\/2020\/02\/133-300x242.jpg\" alt=\"\" width=\"300\" height=\"242\" srcset=\"http:\/\/victoria-rad.de\/wp-content\/uploads\/2020\/02\/133-300x242.jpg 300w, http:\/\/victoria-rad.de\/wp-content\/uploads\/2020\/02\/133-150x121.jpg 150w, http:\/\/victoria-rad.de\/wp-content\/uploads\/2020\/02\/133-768x620.jpg 768w, http:\/\/victoria-rad.de\/wp-content\/uploads\/2020\/02\/133.jpg 800w\" sizes=\"auto, (max-width: 300px) 100vw, 300px\" \/><\/a>Fahrzeugdaten:<\/p>\n<p><a href=\"http:\/\/victoria-rad.de\/wp-content\/uploads\/2020\/02\/IMG_20200210_0007.jpg\" target=\"_blank\" rel=\"noopener noreferrer\"><img loading=\"lazy\" decoding=\"async\" class=\"aligncenter wp-image-7737 size-medium\" src=\"http:\/\/victoria-rad.de\/wp-content\/uploads\/2020\/02\/IMG_20200210_0007-253x300.jpg\" alt=\"\" width=\"253\" height=\"300\" srcset=\"http:\/\/victoria-rad.de\/wp-content\/uploads\/2020\/02\/IMG_20200210_0007-253x300.jpg 253w, http:\/\/victoria-rad.de\/wp-content\/uploads\/2020\/02\/IMG_20200210_0007-865x1024.jpg 865w, http:\/\/victoria-rad.de\/wp-content\/uploads\/2020\/02\/IMG_20200210_0007-127x150.jpg 127w, http:\/\/victoria-rad.de\/wp-content\/uploads\/2020\/02\/IMG_20200210_0007-768x909.jpg 768w, http:\/\/victoria-rad.de\/wp-content\/uploads\/2020\/02\/IMG_20200210_0007.jpg 981w\" sizes=\"auto, (max-width: 253px) 100vw, 253px\" \/><\/a><\/p>\n<p>Das n\u00e4chste Bild zeigt zwei PS 600-Rennwagen mit DKW-Werksangeh\u00f6rigen bei Filmaufnahmen:<\/p>\n<p><a href=\"http:\/\/victoria-rad.de\/wp-content\/uploads\/2020\/02\/585-2.jpg\" target=\"_blank\" rel=\"noopener noreferrer\"><img loading=\"lazy\" decoding=\"async\" class=\"aligncenter wp-image-7738 size-medium\" src=\"http:\/\/victoria-rad.de\/wp-content\/uploads\/2020\/02\/585-2-300x166.jpg\" alt=\"\" width=\"300\" height=\"166\" srcset=\"http:\/\/victoria-rad.de\/wp-content\/uploads\/2020\/02\/585-2-300x166.jpg 300w, http:\/\/victoria-rad.de\/wp-content\/uploads\/2020\/02\/585-2-150x83.jpg 150w, http:\/\/victoria-rad.de\/wp-content\/uploads\/2020\/02\/585-2-768x425.jpg 768w, http:\/\/victoria-rad.de\/wp-content\/uploads\/2020\/02\/585-2.jpg 800w\" sizes=\"auto, (max-width: 300px) 100vw, 300px\" \/><\/a><\/p>\n<p style=\"text-align: center;\">Im DKW-Werk in Spandau entstanden Versuchsmotoren, die mit dem einfachen Zweitakter nicht mehr viel zu tun hatten. Das folgende interessante Bild zeigt zwei Doppelkolbenmotore mit einem dazwischen geschalteten Kompessor. Mit dem Zoller-Kompressor brachte es der Motor auf ca. 80 PS. Zwar viel Leistung, aber dementsprechend auch viel technische Probleme&#8230;<\/p>\n<p style=\"text-align: center;\"><a href=\"http:\/\/victoria-rad.de\/wp-content\/uploads\/2020\/02\/585-2-Kopie.jpg\" target=\"_blank\" rel=\"noopener noreferrer\"><img loading=\"lazy\" decoding=\"async\" class=\"aligncenter wp-image-7924 size-medium\" src=\"http:\/\/victoria-rad.de\/wp-content\/uploads\/2020\/02\/585-2-Kopie-300x201.jpg\" alt=\"\" width=\"300\" height=\"201\" srcset=\"http:\/\/victoria-rad.de\/wp-content\/uploads\/2020\/02\/585-2-Kopie-300x201.jpg 300w, http:\/\/victoria-rad.de\/wp-content\/uploads\/2020\/02\/585-2-Kopie-150x100.jpg 150w, http:\/\/victoria-rad.de\/wp-content\/uploads\/2020\/02\/585-2-Kopie-768x514.jpg 768w, http:\/\/victoria-rad.de\/wp-content\/uploads\/2020\/02\/585-2-Kopie.jpg 980w\" sizes=\"auto, (max-width: 300px) 100vw, 300px\" \/><\/a><\/p>\n<p>Die erste Rennteilnahme der DKW-Rennwagen erfolgte 1933 unter den 4 Ringen der Auto-Union. 1934 endete der werksseitige der DKW-Rennwagen&#8230;<\/p>\n<p><strong>Der DKW Frontrennwagen F 1 Monoposto:<\/strong><\/p>\n<p style=\"text-align: center;\"><a href=\"http:\/\/victoria-rad.de\/wp-content\/uploads\/2020\/02\/62.jpg\" target=\"_blank\" rel=\"noopener noreferrer\"><img loading=\"lazy\" decoding=\"async\" class=\"aligncenter wp-image-7742 size-medium\" src=\"http:\/\/victoria-rad.de\/wp-content\/uploads\/2020\/02\/62-300x159.jpg\" alt=\"\" width=\"300\" height=\"159\" srcset=\"http:\/\/victoria-rad.de\/wp-content\/uploads\/2020\/02\/62-300x159.jpg 300w, http:\/\/victoria-rad.de\/wp-content\/uploads\/2020\/02\/62-1024x543.jpg 1024w, http:\/\/victoria-rad.de\/wp-content\/uploads\/2020\/02\/62-150x80.jpg 150w, http:\/\/victoria-rad.de\/wp-content\/uploads\/2020\/02\/62-768x408.jpg 768w, http:\/\/victoria-rad.de\/wp-content\/uploads\/2020\/02\/62-1536x815.jpg 1536w, http:\/\/victoria-rad.de\/wp-content\/uploads\/2020\/02\/62-2048x1087.jpg 2048w\" sizes=\"auto, (max-width: 300px) 100vw, 300px\" \/><\/a>Im Winter 1932 starteten mehrere DKW-Frontrennwagen auf dem zugefrorenen Eibsee bei Garmisch-Partenkirchen gegen BMW Autos.<\/p>\n<p>Der erste Einsatz dieser ber\u00fchmten Rennwagen erfolgte 1931 auf dem N\u00fcrburgring. Der letzte Rennverlauf diese lautstarken Gef\u00e4hrts erfolgte 1933 am W\u00fcrgauer Berg&#8230;<\/p>\n<p>Selbst Toni Bauhofer, der eigentlich mehr mit zwei R\u00e4dern unterwegs war, versuchte sich mit dem DKW auf der AVUS Berlin:<\/p>\n<p><a href=\"http:\/\/victoria-rad.de\/wp-content\/uploads\/2020\/02\/64.jpg\" target=\"_blank\" rel=\"noopener noreferrer\"><img loading=\"lazy\" decoding=\"async\" class=\"aligncenter wp-image-7743 size-medium\" src=\"http:\/\/victoria-rad.de\/wp-content\/uploads\/2020\/02\/64-216x300.jpg\" alt=\"\" width=\"216\" height=\"300\" srcset=\"http:\/\/victoria-rad.de\/wp-content\/uploads\/2020\/02\/64-216x300.jpg 216w, http:\/\/victoria-rad.de\/wp-content\/uploads\/2020\/02\/64-108x150.jpg 108w, http:\/\/victoria-rad.de\/wp-content\/uploads\/2020\/02\/64.jpg 577w\" sizes=\"auto, (max-width: 216px) 100vw, 216px\" \/><\/a><\/p>\n<p>Technische Daten:<\/p>\n<p><a href=\"http:\/\/victoria-rad.de\/wp-content\/uploads\/2020\/02\/65.jpg\" target=\"_blank\" rel=\"noopener noreferrer\"><img loading=\"lazy\" decoding=\"async\" class=\"aligncenter wp-image-7736 size-medium\" src=\"http:\/\/victoria-rad.de\/wp-content\/uploads\/2020\/02\/65-288x300.jpg\" alt=\"\" width=\"288\" height=\"300\" srcset=\"http:\/\/victoria-rad.de\/wp-content\/uploads\/2020\/02\/65-288x300.jpg 288w, http:\/\/victoria-rad.de\/wp-content\/uploads\/2020\/02\/65-144x150.jpg 144w, http:\/\/victoria-rad.de\/wp-content\/uploads\/2020\/02\/65-768x799.jpg 768w, http:\/\/victoria-rad.de\/wp-content\/uploads\/2020\/02\/65.jpg 925w\" sizes=\"auto, (max-width: 288px) 100vw, 288px\" \/><\/a><\/p>\n<p>&nbsp;<\/p>\n<p><strong>Die Geschichte des DKW F 1 Weltrekordwagen:<\/strong><\/p>\n<p>Es war einmal&#8230; ein schw\u00e4bischer Rennbaron namens Reinhard von K\u00f6nig-Fachsenfeld, der anfangs 1930 mit einem heckgetriebenen DKW-Rennwagen bei Montlh\u00e9ry Weltrekord fuhr. Mit viel Enthusiasmus und Energie zu Neueren entwarf er eine neue Karosserie mit stromlinieng\u00fcnstigen Eigenschaften. Er bezog von DKW ein 500er Aggregat mit Ladepumpe und verpflanzte dieses in den neu konzipierten Rennwagen. Die Rekordversuche am 17. und 18. November 1931 in Linas-Montlhery waren erfolgreich verlaufen. Der &#8222;Stromlinienbaron&#8220; experimentierte und entwarf weitere Karosserien, auch f\u00fcr andere Hersteller, wie Mercedes-Rennwagen des Freiherrn Manfred von Brauchitsch. Durch die schlechte Wirtschaftslage fuhr sein Mechaniker mit dem DKW-Rennwagen auf Volksfesten in einem Motodrom Schau-Runden. Der Rennwagen blieb bei dem Schausteller. Dieser benutzte ihn noch viele Jahre um Runden auf der h\u00f6lzernen Bahn zu drehen. Der Rennwagen wurde in den Achtziger Jahren in einem erb\u00e4rmlichen Zustand wieder aufgefunden und einer Restauration zugef\u00fchrt. In den Neunziger Jahren war der Fachsenfeld-Rennwagen dann wieder auf den Rennstrecken zu sehen, bis zum letzten Rennen auf Der AVUS im Jahr 1999:<\/p>\n<p style=\"text-align: center;\"><a href=\"http:\/\/victoria-rad.de\/wp-content\/uploads\/2020\/02\/68.jpg\" target=\"_blank\" rel=\"noopener noreferrer\"><img loading=\"lazy\" decoding=\"async\" class=\"aligncenter wp-image-7749 size-medium\" src=\"http:\/\/victoria-rad.de\/wp-content\/uploads\/2020\/02\/68-300x183.jpg\" alt=\"\" width=\"300\" height=\"183\" srcset=\"http:\/\/victoria-rad.de\/wp-content\/uploads\/2020\/02\/68-300x183.jpg 300w, http:\/\/victoria-rad.de\/wp-content\/uploads\/2020\/02\/68-150x91.jpg 150w, http:\/\/victoria-rad.de\/wp-content\/uploads\/2020\/02\/68-768x468.jpg 768w, http:\/\/victoria-rad.de\/wp-content\/uploads\/2020\/02\/68.jpg 800w\" sizes=\"auto, (max-width: 300px) 100vw, 300px\" \/><\/a>Wie 1932, so stand der Renner auch wieder 1999 zu letzten Rennen auf der AVUS vor der Trib\u00fcne. Fahrer &#8211; Frieder Bach.<\/p>\n<p><a href=\"http:\/\/victoria-rad.de\/wp-content\/uploads\/2020\/02\/69.jpg\" target=\"_blank\" rel=\"noopener noreferrer\"><img loading=\"lazy\" decoding=\"async\" class=\"aligncenter wp-image-7748 size-medium\" src=\"http:\/\/victoria-rad.de\/wp-content\/uploads\/2020\/02\/69-300x188.jpg\" alt=\"\" width=\"300\" height=\"188\" srcset=\"http:\/\/victoria-rad.de\/wp-content\/uploads\/2020\/02\/69-300x188.jpg 300w, http:\/\/victoria-rad.de\/wp-content\/uploads\/2020\/02\/69-150x94.jpg 150w, http:\/\/victoria-rad.de\/wp-content\/uploads\/2020\/02\/69-768x481.jpg 768w, http:\/\/victoria-rad.de\/wp-content\/uploads\/2020\/02\/69.jpg 800w\" sizes=\"auto, (max-width: 300px) 100vw, 300px\" \/><\/a><\/p>\n<p style=\"text-align: center;\">Hier steht der Rennwagen vor dem Schloss Klaffenbach, wo er einige Jahre im beherbergten &#8222;Museum f\u00fcr S\u00e4chsische Fahrzeuge&#8220; stand.<\/p>\n<p>Die Stiftung mit der gleichnamigen Bezeichnung \u00fcbernahm den Weltrekordwagen und k\u00fcmmert sich um das Erbe rund um das Schloss Fachsenfeld, um dessen Ambiente zu erhalten&#8230;<\/p>\n<p>Einige Bilder der nachgebauten Weltrekord-Rennwagen, wie sie jetzt zur Sonderausstellung im S\u00e4chsischen Museum stehen:<\/p>\n<p style=\"text-align: center;\"><a href=\"http:\/\/victoria-rad.de\/wp-content\/uploads\/2020\/02\/125.jpg\" target=\"_blank\" rel=\"noopener noreferrer\"><img loading=\"lazy\" decoding=\"async\" class=\"aligncenter wp-image-7750 size-medium\" src=\"http:\/\/victoria-rad.de\/wp-content\/uploads\/2020\/02\/125-300x198.jpg\" alt=\"\" width=\"300\" height=\"198\" srcset=\"http:\/\/victoria-rad.de\/wp-content\/uploads\/2020\/02\/125-300x198.jpg 300w, http:\/\/victoria-rad.de\/wp-content\/uploads\/2020\/02\/125-150x99.jpg 150w, http:\/\/victoria-rad.de\/wp-content\/uploads\/2020\/02\/125-768x507.jpg 768w, http:\/\/victoria-rad.de\/wp-content\/uploads\/2020\/02\/125.jpg 800w\" sizes=\"auto, (max-width: 300px) 100vw, 300px\" \/><\/a><a href=\"http:\/\/victoria-rad.de\/wp-content\/uploads\/2020\/02\/126.jpg\" target=\"_blank\" rel=\"noopener noreferrer\"><img loading=\"lazy\" decoding=\"async\" class=\"aligncenter wp-image-7751 size-medium\" src=\"http:\/\/victoria-rad.de\/wp-content\/uploads\/2020\/02\/126-300x218.jpg\" alt=\"\" width=\"300\" height=\"218\" srcset=\"http:\/\/victoria-rad.de\/wp-content\/uploads\/2020\/02\/126-300x218.jpg 300w, http:\/\/victoria-rad.de\/wp-content\/uploads\/2020\/02\/126-150x109.jpg 150w, http:\/\/victoria-rad.de\/wp-content\/uploads\/2020\/02\/126-768x557.jpg 768w, http:\/\/victoria-rad.de\/wp-content\/uploads\/2020\/02\/126.jpg 800w\" sizes=\"auto, (max-width: 300px) 100vw, 300px\" \/><\/a><a href=\"http:\/\/victoria-rad.de\/wp-content\/uploads\/2020\/02\/86-scaled.jpg\" target=\"_blank\" rel=\"noopener noreferrer\"><img loading=\"lazy\" decoding=\"async\" class=\"aligncenter wp-image-7752 size-medium\" src=\"http:\/\/victoria-rad.de\/wp-content\/uploads\/2020\/02\/86-300x169.jpg\" alt=\"\" width=\"300\" height=\"169\" srcset=\"http:\/\/victoria-rad.de\/wp-content\/uploads\/2020\/02\/86-300x169.jpg 300w, http:\/\/victoria-rad.de\/wp-content\/uploads\/2020\/02\/86-1024x576.jpg 1024w, http:\/\/victoria-rad.de\/wp-content\/uploads\/2020\/02\/86-150x84.jpg 150w, http:\/\/victoria-rad.de\/wp-content\/uploads\/2020\/02\/86-768x432.jpg 768w, http:\/\/victoria-rad.de\/wp-content\/uploads\/2020\/02\/86-1536x864.jpg 1536w, http:\/\/victoria-rad.de\/wp-content\/uploads\/2020\/02\/86-2048x1152.jpg 2048w\" sizes=\"auto, (max-width: 300px) 100vw, 300px\" \/><\/a>Das Aggregat, &#8211; technische Details nachfolgend&#8230;<\/p>\n<p style=\"text-align: center;\"><a href=\"http:\/\/victoria-rad.de\/wp-content\/uploads\/2020\/02\/85-scaled.jpg\" target=\"_blank\" rel=\"noopener noreferrer\"><img loading=\"lazy\" decoding=\"async\" class=\"aligncenter wp-image-7753 size-medium\" src=\"http:\/\/victoria-rad.de\/wp-content\/uploads\/2020\/02\/85-169x300.jpg\" alt=\"\" width=\"169\" height=\"300\" srcset=\"http:\/\/victoria-rad.de\/wp-content\/uploads\/2020\/02\/85-169x300.jpg 169w, http:\/\/victoria-rad.de\/wp-content\/uploads\/2020\/02\/85-576x1024.jpg 576w, http:\/\/victoria-rad.de\/wp-content\/uploads\/2020\/02\/85-84x150.jpg 84w, http:\/\/victoria-rad.de\/wp-content\/uploads\/2020\/02\/85-768x1365.jpg 768w, http:\/\/victoria-rad.de\/wp-content\/uploads\/2020\/02\/85-864x1536.jpg 864w, http:\/\/victoria-rad.de\/wp-content\/uploads\/2020\/02\/85-1152x2048.jpg 1152w, http:\/\/victoria-rad.de\/wp-content\/uploads\/2020\/02\/85-scaled.jpg 1440w\" sizes=\"auto, (max-width: 169px) 100vw, 169px\" \/><\/a>Unter dem Zweitakt-Motor ist die Ladepumpe angeflanscht.<\/p>\n<p>Technische Daten:<\/p>\n<p><a href=\"http:\/\/victoria-rad.de\/wp-content\/uploads\/2020\/02\/IMG_20200211_0001.jpg\" target=\"_blank\" rel=\"noopener noreferrer\"><img loading=\"lazy\" decoding=\"async\" class=\"aligncenter wp-image-7757 size-medium\" src=\"http:\/\/victoria-rad.de\/wp-content\/uploads\/2020\/02\/IMG_20200211_0001-275x300.jpg\" alt=\"\" width=\"275\" height=\"300\" srcset=\"http:\/\/victoria-rad.de\/wp-content\/uploads\/2020\/02\/IMG_20200211_0001-275x300.jpg 275w, http:\/\/victoria-rad.de\/wp-content\/uploads\/2020\/02\/IMG_20200211_0001-938x1024.jpg 938w, http:\/\/victoria-rad.de\/wp-content\/uploads\/2020\/02\/IMG_20200211_0001-137x150.jpg 137w, http:\/\/victoria-rad.de\/wp-content\/uploads\/2020\/02\/IMG_20200211_0001-768x839.jpg 768w, http:\/\/victoria-rad.de\/wp-content\/uploads\/2020\/02\/IMG_20200211_0001.jpg 988w\" sizes=\"auto, (max-width: 275px) 100vw, 275px\" \/><\/a><\/p>\n<p>&nbsp;<\/p>\n<p>Dieser Rennwagen war der einzige in &#8222;rot&#8220; lackierte:<\/p>\n<p style=\"text-align: center;\"><a href=\"http:\/\/victoria-rad.de\/wp-content\/uploads\/2020\/02\/67.jpg\" target=\"_blank\" rel=\"noopener noreferrer\"><img loading=\"lazy\" decoding=\"async\" class=\"aligncenter wp-image-7754 size-medium\" src=\"http:\/\/victoria-rad.de\/wp-content\/uploads\/2020\/02\/67-300x230.jpg\" alt=\"\" width=\"300\" height=\"230\" srcset=\"http:\/\/victoria-rad.de\/wp-content\/uploads\/2020\/02\/67-300x230.jpg 300w, http:\/\/victoria-rad.de\/wp-content\/uploads\/2020\/02\/67-150x115.jpg 150w, http:\/\/victoria-rad.de\/wp-content\/uploads\/2020\/02\/67-768x589.jpg 768w, http:\/\/victoria-rad.de\/wp-content\/uploads\/2020\/02\/67.jpg 800w\" sizes=\"auto, (max-width: 300px) 100vw, 300px\" \/><\/a>Der Sieger ist Fritz Tr\u00e4gner.<\/p>\n<p><strong>DKW F 1 Spezial:<\/strong><\/p>\n<p><a href=\"http:\/\/victoria-rad.de\/wp-content\/uploads\/2020\/02\/70.jpg\" target=\"_blank\" rel=\"noopener noreferrer\"><img loading=\"lazy\" decoding=\"async\" class=\"aligncenter wp-image-7759 size-medium\" src=\"http:\/\/victoria-rad.de\/wp-content\/uploads\/2020\/02\/70-300x176.jpg\" alt=\"\" width=\"300\" height=\"176\" srcset=\"http:\/\/victoria-rad.de\/wp-content\/uploads\/2020\/02\/70-300x176.jpg 300w, http:\/\/victoria-rad.de\/wp-content\/uploads\/2020\/02\/70-150x88.jpg 150w, http:\/\/victoria-rad.de\/wp-content\/uploads\/2020\/02\/70-768x451.jpg 768w, http:\/\/victoria-rad.de\/wp-content\/uploads\/2020\/02\/70.jpg 800w\" sizes=\"auto, (max-width: 300px) 100vw, 300px\" \/><\/a><\/p>\n<p><span style=\"display: inline !important; float: none; background-color: #ffffff; color: #333333; cursor: text; font-family: 'Noto Serif',serif; font-size: 17px; font-style: normal; font-variant: normal; font-weight: 400; letter-spacing: normal; orphans: 2; text-align: left; text-decoration: none; text-indent: 0px; text-transform: none; -webkit-text-stroke-width: 0px; white-space: normal; word-spacing: 0px;\">Wie man auf dem vorherigen Bild erkennen kann, handelt es sich um eine Karosse der Ihle aus Bruchsal. Ihle hat f\u00fcr viele Rennwagen-Hersteller die Karossen gefertigt, unter anderen auch f\u00fcr Bugatti. Die langgezogenen Nieren waten sinnbildlich f\u00fcr die Firma Ihle, nicht mit BMW zu verwechseln&#8230;<\/span><\/p>\n<p>Manche dieser Fahrzeuge fristeten ihr Dasein auch Im Motodrom:<\/p>\n<p><a href=\"http:\/\/victoria-rad.de\/wp-content\/uploads\/2020\/02\/IMG_20200211_0002.jpg\" target=\"_blank\" rel=\"noopener noreferrer\"><img loading=\"lazy\" decoding=\"async\" class=\"aligncenter wp-image-7761 size-medium\" src=\"http:\/\/victoria-rad.de\/wp-content\/uploads\/2020\/02\/IMG_20200211_0002-300x185.jpg\" alt=\"\" width=\"300\" height=\"185\" srcset=\"http:\/\/victoria-rad.de\/wp-content\/uploads\/2020\/02\/IMG_20200211_0002-300x185.jpg 300w, http:\/\/victoria-rad.de\/wp-content\/uploads\/2020\/02\/IMG_20200211_0002-1024x633.jpg 1024w, http:\/\/victoria-rad.de\/wp-content\/uploads\/2020\/02\/IMG_20200211_0002-150x93.jpg 150w, http:\/\/victoria-rad.de\/wp-content\/uploads\/2020\/02\/IMG_20200211_0002-768x474.jpg 768w, http:\/\/victoria-rad.de\/wp-content\/uploads\/2020\/02\/IMG_20200211_0002-825x510.jpg 825w, http:\/\/victoria-rad.de\/wp-content\/uploads\/2020\/02\/IMG_20200211_0002.jpg 1036w\" sizes=\"auto, (max-width: 300px) 100vw, 300px\" \/><\/a><\/p>\n<p><a href=\"http:\/\/victoria-rad.de\/wp-content\/uploads\/2020\/02\/837.jpg\" target=\"_blank\" rel=\"noopener noreferrer\"><img loading=\"lazy\" decoding=\"async\" class=\"aligncenter wp-image-7762 size-medium\" src=\"http:\/\/victoria-rad.de\/wp-content\/uploads\/2020\/02\/837-300x297.jpg\" alt=\"\" width=\"300\" height=\"297\" srcset=\"http:\/\/victoria-rad.de\/wp-content\/uploads\/2020\/02\/837-300x297.jpg 300w, http:\/\/victoria-rad.de\/wp-content\/uploads\/2020\/02\/837-150x150.jpg 150w, http:\/\/victoria-rad.de\/wp-content\/uploads\/2020\/02\/837-768x760.jpg 768w, http:\/\/victoria-rad.de\/wp-content\/uploads\/2020\/02\/837.jpg 800w\" sizes=\"auto, (max-width: 300px) 100vw, 300px\" \/><\/a><\/p>\n<p>Technische Daten:<\/p>\n<p><a href=\"http:\/\/victoria-rad.de\/wp-content\/uploads\/2020\/02\/838.jpg\" target=\"_blank\" rel=\"noopener noreferrer\"><img loading=\"lazy\" decoding=\"async\" class=\"aligncenter wp-image-7767 size-medium\" src=\"http:\/\/victoria-rad.de\/wp-content\/uploads\/2020\/02\/838-300x191.jpg\" alt=\"\" width=\"300\" height=\"191\" srcset=\"http:\/\/victoria-rad.de\/wp-content\/uploads\/2020\/02\/838-300x191.jpg 300w, http:\/\/victoria-rad.de\/wp-content\/uploads\/2020\/02\/838-150x95.jpg 150w, http:\/\/victoria-rad.de\/wp-content\/uploads\/2020\/02\/838-768x489.jpg 768w, http:\/\/victoria-rad.de\/wp-content\/uploads\/2020\/02\/838.jpg 970w\" sizes=\"auto, (max-width: 300px) 100vw, 300px\" \/><\/a><\/p>\n<p>Der DKW F 1 Spezial steht in der Sonderausstellung:<\/p>\n<p><a href=\"http:\/\/victoria-rad.de\/wp-content\/uploads\/2020\/02\/122.jpg\" target=\"_blank\" rel=\"noopener noreferrer\"><img loading=\"lazy\" decoding=\"async\" class=\"aligncenter wp-image-7763 size-medium\" src=\"http:\/\/victoria-rad.de\/wp-content\/uploads\/2020\/02\/122-300x188.jpg\" alt=\"\" width=\"300\" height=\"188\" srcset=\"http:\/\/victoria-rad.de\/wp-content\/uploads\/2020\/02\/122-300x188.jpg 300w, http:\/\/victoria-rad.de\/wp-content\/uploads\/2020\/02\/122-150x94.jpg 150w, http:\/\/victoria-rad.de\/wp-content\/uploads\/2020\/02\/122-768x482.jpg 768w, http:\/\/victoria-rad.de\/wp-content\/uploads\/2020\/02\/122.jpg 800w\" sizes=\"auto, (max-width: 300px) 100vw, 300px\" \/><\/a><a href=\"http:\/\/victoria-rad.de\/wp-content\/uploads\/2020\/02\/123.jpg\" target=\"_blank\" rel=\"noopener noreferrer\"><img loading=\"lazy\" decoding=\"async\" class=\"aligncenter wp-image-7764 size-medium\" src=\"http:\/\/victoria-rad.de\/wp-content\/uploads\/2020\/02\/123-300x223.jpg\" alt=\"\" width=\"300\" height=\"223\" srcset=\"http:\/\/victoria-rad.de\/wp-content\/uploads\/2020\/02\/123-300x223.jpg 300w, http:\/\/victoria-rad.de\/wp-content\/uploads\/2020\/02\/123-150x112.jpg 150w, http:\/\/victoria-rad.de\/wp-content\/uploads\/2020\/02\/123-768x571.jpg 768w, http:\/\/victoria-rad.de\/wp-content\/uploads\/2020\/02\/123.jpg 800w\" sizes=\"auto, (max-width: 300px) 100vw, 300px\" \/><\/a><a href=\"http:\/\/victoria-rad.de\/wp-content\/uploads\/2020\/02\/124-2.jpg\" target=\"_blank\" rel=\"noopener noreferrer\"><img loading=\"lazy\" decoding=\"async\" class=\"aligncenter wp-image-7765 size-medium\" src=\"http:\/\/victoria-rad.de\/wp-content\/uploads\/2020\/02\/124-2-245x300.jpg\" alt=\"\" width=\"245\" height=\"300\" srcset=\"http:\/\/victoria-rad.de\/wp-content\/uploads\/2020\/02\/124-2-245x300.jpg 245w, http:\/\/victoria-rad.de\/wp-content\/uploads\/2020\/02\/124-2-122x150.jpg 122w, http:\/\/victoria-rad.de\/wp-content\/uploads\/2020\/02\/124-2.jpg 653w\" sizes=\"auto, (max-width: 245px) 100vw, 245px\" \/><\/a><\/p>\n<p><strong>DKW F 2 Spezial:<\/strong><\/p>\n<p><span style=\"display: inline !important; float: none; background-color: #ffffff; color: #333333; cursor: text; font-family: 'Noto Serif',serif; font-size: 17px; font-style: normal; font-variant: normal; font-weight: 400; letter-spacing: normal; orphans: 2; text-align: left; text-decoration: none; text-indent: 0px; text-transform: none; -webkit-text-stroke-width: 0px; white-space: normal; word-spacing: 0px;\"> Die DKW F 2 Sportwagen entstanden haupts\u00e4chlich aus Privat-Initiativen, also Menschen, die ein sportliches Fahrzeug besitzen wollten zum Teil auch an Rennen teilnahmen. Mit dem 700er Motor war auch eine Leistungsstufe erreicht, wo man schon aufgrund der Leichtigkeit des Fahrzeuges, einiges bewegen konnte<\/span><\/p>\n<p style=\"color: #333333; font-family: &amp;quot; noto serif&amp;quot;,serif; font-size: 17px; font-style: normal; font-variant: normal; font-weight: 400; letter-spacing: normal; orphans: 2; text-align: left; text-decoration: none; text-indent: 0px; text-transform: none; -webkit-text-stroke-width: 0px; white-space: normal; word-spacing: 0px; margin: 0px 0px 28px 0px;\"><em>Die Geschichte:<\/em><\/p>\n<p><em><span style=\"text-align: left; color: #333333; text-transform: none; text-indent: 0px; letter-spacing: normal; font-family: 'Noto Serif',serif; font-size: 17px; font-variant: normal; font-weight: 400; text-decoration: none; word-spacing: 0px; display: inline !important; white-space: normal; cursor: text; orphans: 2; float: none; -webkit-text-stroke-width: 0px; background-color: #ffffff;\">Hans Lehr, Jahrgang 1898, betrieb in Feuchtwangen eine Autowerkstatt, in der auch sein Sohn Georg (geb. 1920) mitarbeitete. Beide fuhren Motorradrennen und hatten sich zum Ziel gesetzt, einen Rennwagen aufzubauen, um den Rennsport auf vier R\u00e4dern fortzusetzen. Zu diesem Zweck erwarben sie einen DKW F 2 und begannen 1938, ihn in ihrer Freizeit umzubauen. Zwei Stunden nachdem im Jahr 1939 den letzten Handgriff\u00a0 an dem Fahrzeug getan hatten, erhielten beide den Einberufungsbefehl zur Wehrmacht, da der Krieg begonnen hatte. Georg, der Sohn, fiel 1942 in Russland; der Vater kehrte allein in die Heimat zur\u00fcck. Er machte den Wagen fahrbereit und meldete ihn 1950 an. Als Andenken an der Arbeit befestigte er Plaketten an der Seite des Wagens mit der Inschrift: &#8222;Sein Werk&#8220; und lie\u00df das Auto stehen. Hans Lehr starb 1986 und den F 2 erbte sein Enkel, der den gleichen Namen trug wie der Erbauer des Autos &#8211; Georg ! Nach der Wieder-Fertigstellung erkrankte Georg und meldete das Auto wiederum 2004 ab. Er starb dann im Jahr 2007. Erst 2018 verkaufte die Witwe das Auto an den heutigen Leihgeber des Wagens f\u00fcr das Museum in Chemnitz.<\/span><\/em><\/p>\n<p>Das Fahrzeug steht in der Sonderausstellung:<\/p>\n<p style=\"text-align: center;\"><a href=\"http:\/\/victoria-rad.de\/wp-content\/uploads\/2020\/02\/115.jpg\" target=\"_blank\" rel=\"noopener noreferrer\"><img loading=\"lazy\" decoding=\"async\" class=\"aligncenter wp-image-7769 size-medium\" src=\"http:\/\/victoria-rad.de\/wp-content\/uploads\/2020\/02\/115-300x220.jpg\" alt=\"\" width=\"300\" height=\"220\" srcset=\"http:\/\/victoria-rad.de\/wp-content\/uploads\/2020\/02\/115-300x220.jpg 300w, http:\/\/victoria-rad.de\/wp-content\/uploads\/2020\/02\/115-150x110.jpg 150w, http:\/\/victoria-rad.de\/wp-content\/uploads\/2020\/02\/115-768x564.jpg 768w, http:\/\/victoria-rad.de\/wp-content\/uploads\/2020\/02\/115.jpg 800w\" sizes=\"auto, (max-width: 300px) 100vw, 300px\" \/><\/a><a href=\"http:\/\/victoria-rad.de\/wp-content\/uploads\/2020\/02\/117.jpg\" target=\"_blank\" rel=\"noopener noreferrer\"><img loading=\"lazy\" decoding=\"async\" class=\"aligncenter wp-image-7770 size-medium\" src=\"http:\/\/victoria-rad.de\/wp-content\/uploads\/2020\/02\/117-300x169.jpg\" alt=\"\" width=\"300\" height=\"169\" srcset=\"http:\/\/victoria-rad.de\/wp-content\/uploads\/2020\/02\/117-300x169.jpg 300w, http:\/\/victoria-rad.de\/wp-content\/uploads\/2020\/02\/117-150x84.jpg 150w, http:\/\/victoria-rad.de\/wp-content\/uploads\/2020\/02\/117-768x432.jpg 768w, http:\/\/victoria-rad.de\/wp-content\/uploads\/2020\/02\/117.jpg 800w\" sizes=\"auto, (max-width: 300px) 100vw, 300px\" \/><\/a><a href=\"http:\/\/victoria-rad.de\/wp-content\/uploads\/2020\/02\/118.jpg\" target=\"_blank\" rel=\"noopener noreferrer\"><img loading=\"lazy\" decoding=\"async\" class=\"aligncenter wp-image-7771 size-medium\" src=\"http:\/\/victoria-rad.de\/wp-content\/uploads\/2020\/02\/118-300x72.jpg\" alt=\"\" width=\"300\" height=\"72\" srcset=\"http:\/\/victoria-rad.de\/wp-content\/uploads\/2020\/02\/118-300x72.jpg 300w, http:\/\/victoria-rad.de\/wp-content\/uploads\/2020\/02\/118-150x36.jpg 150w, http:\/\/victoria-rad.de\/wp-content\/uploads\/2020\/02\/118-768x183.jpg 768w, http:\/\/victoria-rad.de\/wp-content\/uploads\/2020\/02\/118.jpg 800w\" sizes=\"auto, (max-width: 300px) 100vw, 300px\" \/><\/a>&#8222;Sein Werk&#8220;.<\/p>\n<p>Technische Daten:<\/p>\n<p><a href=\"http:\/\/victoria-rad.de\/wp-content\/uploads\/2020\/02\/839-2.jpg\" target=\"_blank\" rel=\"noopener noreferrer\"><img loading=\"lazy\" decoding=\"async\" class=\"aligncenter wp-image-7772 size-medium\" src=\"http:\/\/victoria-rad.de\/wp-content\/uploads\/2020\/02\/839-2-300x236.jpg\" alt=\"\" width=\"300\" height=\"236\" srcset=\"http:\/\/victoria-rad.de\/wp-content\/uploads\/2020\/02\/839-2-300x236.jpg 300w, http:\/\/victoria-rad.de\/wp-content\/uploads\/2020\/02\/839-2-150x118.jpg 150w, http:\/\/victoria-rad.de\/wp-content\/uploads\/2020\/02\/839-2-768x604.jpg 768w, http:\/\/victoria-rad.de\/wp-content\/uploads\/2020\/02\/839-2.jpg 934w\" sizes=\"auto, (max-width: 300px) 100vw, 300px\" \/><\/a><\/p>\n<p>Hier Hans Rasmussen, ein Sohn des Firmengr\u00fcnders von DKW, auch in einem Sportwagen mit einem Serienchassis:<\/p>\n<p><a href=\"http:\/\/victoria-rad.de\/wp-content\/uploads\/2020\/02\/71.jpg\" target=\"_blank\" rel=\"noopener noreferrer\"><img loading=\"lazy\" decoding=\"async\" class=\"aligncenter wp-image-7774 size-medium\" src=\"http:\/\/victoria-rad.de\/wp-content\/uploads\/2020\/02\/71-300x156.jpg\" alt=\"\" width=\"300\" height=\"156\" srcset=\"http:\/\/victoria-rad.de\/wp-content\/uploads\/2020\/02\/71-300x156.jpg 300w, http:\/\/victoria-rad.de\/wp-content\/uploads\/2020\/02\/71-150x78.jpg 150w, http:\/\/victoria-rad.de\/wp-content\/uploads\/2020\/02\/71-768x399.jpg 768w, http:\/\/victoria-rad.de\/wp-content\/uploads\/2020\/02\/71.jpg 800w\" sizes=\"auto, (max-width: 300px) 100vw, 300px\" \/><\/a><\/p>\n<p>Auch im Erzgebirge lief ein Sportwagen von DKW, der schon viele Jahre hier im Museum steht:<\/p>\n<p style=\"text-align: center;\"><a href=\"http:\/\/victoria-rad.de\/wp-content\/uploads\/2020\/02\/72.jpg\" target=\"_blank\" rel=\"noopener noreferrer\"><img loading=\"lazy\" decoding=\"async\" class=\"aligncenter wp-image-7775 size-medium\" src=\"http:\/\/victoria-rad.de\/wp-content\/uploads\/2020\/02\/72-300x177.jpg\" alt=\"\" width=\"300\" height=\"177\" srcset=\"http:\/\/victoria-rad.de\/wp-content\/uploads\/2020\/02\/72-300x177.jpg 300w, http:\/\/victoria-rad.de\/wp-content\/uploads\/2020\/02\/72-150x88.jpg 150w, http:\/\/victoria-rad.de\/wp-content\/uploads\/2020\/02\/72-768x452.jpg 768w, http:\/\/victoria-rad.de\/wp-content\/uploads\/2020\/02\/72.jpg 800w\" sizes=\"auto, (max-width: 300px) 100vw, 300px\" \/><\/a>DKW F 2 &#8211; Eigenbau.<\/p>\n<p>Frieder Bach er\u00f6ffnete die Sonderausstellung &#8222;DKW-Rennwagen&#8220; am 6. Februar 2020 im Kreis von vielen Oldtimerfreunden:<\/p>\n<p><a href=\"http:\/\/victoria-rad.de\/wp-content\/uploads\/2020\/02\/90.jpg\" target=\"_blank\" rel=\"noopener noreferrer\"><img loading=\"lazy\" decoding=\"async\" class=\"aligncenter wp-image-7776 size-medium\" src=\"http:\/\/victoria-rad.de\/wp-content\/uploads\/2020\/02\/90-300x172.jpg\" alt=\"\" width=\"300\" height=\"172\" srcset=\"http:\/\/victoria-rad.de\/wp-content\/uploads\/2020\/02\/90-300x172.jpg 300w, http:\/\/victoria-rad.de\/wp-content\/uploads\/2020\/02\/90-150x86.jpg 150w, http:\/\/victoria-rad.de\/wp-content\/uploads\/2020\/02\/90-768x440.jpg 768w, http:\/\/victoria-rad.de\/wp-content\/uploads\/2020\/02\/90.jpg 800w\" sizes=\"auto, (max-width: 300px) 100vw, 300px\" \/><\/a><\/p>\n<p>Man sollte auch die vielen Motorr\u00e4der nicht unerw\u00e4hnt lassen, die der Ausstellung die Vielfalt der Techniken verleiht:<\/p>\n<p>Einige Bilder ohne Kommentar:<\/p>\n<p style=\"text-align: center;\"><a href=\"http:\/\/victoria-rad.de\/wp-content\/uploads\/2020\/02\/155.jpg\" target=\"_blank\" rel=\"noopener noreferrer\"><img loading=\"lazy\" decoding=\"async\" class=\"aligncenter wp-image-7777 size-medium\" src=\"http:\/\/victoria-rad.de\/wp-content\/uploads\/2020\/02\/155-300x169.jpg\" alt=\"\" width=\"300\" height=\"169\" srcset=\"http:\/\/victoria-rad.de\/wp-content\/uploads\/2020\/02\/155-300x169.jpg 300w, http:\/\/victoria-rad.de\/wp-content\/uploads\/2020\/02\/155-150x84.jpg 150w, http:\/\/victoria-rad.de\/wp-content\/uploads\/2020\/02\/155-768x432.jpg 768w, http:\/\/victoria-rad.de\/wp-content\/uploads\/2020\/02\/155.jpg 800w\" sizes=\"auto, (max-width: 300px) 100vw, 300px\" \/><\/a><a href=\"http:\/\/victoria-rad.de\/wp-content\/uploads\/2020\/02\/151.jpg\" target=\"_blank\" rel=\"noopener noreferrer\"><img loading=\"lazy\" decoding=\"async\" class=\"aligncenter wp-image-7779 size-medium\" src=\"http:\/\/victoria-rad.de\/wp-content\/uploads\/2020\/02\/151-300x255.jpg\" alt=\"\" width=\"300\" height=\"255\" srcset=\"http:\/\/victoria-rad.de\/wp-content\/uploads\/2020\/02\/151-300x255.jpg 300w, http:\/\/victoria-rad.de\/wp-content\/uploads\/2020\/02\/151-150x127.jpg 150w, http:\/\/victoria-rad.de\/wp-content\/uploads\/2020\/02\/151-768x652.jpg 768w, http:\/\/victoria-rad.de\/wp-content\/uploads\/2020\/02\/151.jpg 800w\" sizes=\"auto, (max-width: 300px) 100vw, 300px\" \/><\/a><a href=\"http:\/\/victoria-rad.de\/wp-content\/uploads\/2020\/02\/157.jpg\" target=\"_blank\" rel=\"noopener noreferrer\"><img loading=\"lazy\" decoding=\"async\" class=\"aligncenter wp-image-7780 size-medium\" src=\"http:\/\/victoria-rad.de\/wp-content\/uploads\/2020\/02\/157-300x169.jpg\" alt=\"\" width=\"300\" height=\"169\" srcset=\"http:\/\/victoria-rad.de\/wp-content\/uploads\/2020\/02\/157-300x169.jpg 300w, http:\/\/victoria-rad.de\/wp-content\/uploads\/2020\/02\/157-150x84.jpg 150w, http:\/\/victoria-rad.de\/wp-content\/uploads\/2020\/02\/157-768x432.jpg 768w, http:\/\/victoria-rad.de\/wp-content\/uploads\/2020\/02\/157.jpg 800w\" sizes=\"auto, (max-width: 300px) 100vw, 300px\" \/><\/a><a href=\"http:\/\/victoria-rad.de\/wp-content\/uploads\/2019\/10\/5-1.jpg\" target=\"_blank\" rel=\"noopener noreferrer\"><img loading=\"lazy\" decoding=\"async\" class=\"aligncenter wp-image-5964 size-medium\" src=\"http:\/\/victoria-rad.de\/wp-content\/uploads\/2019\/10\/5-1-300x182.jpg\" alt=\"\" width=\"300\" height=\"182\" srcset=\"http:\/\/victoria-rad.de\/wp-content\/uploads\/2019\/10\/5-1-300x182.jpg 300w, http:\/\/victoria-rad.de\/wp-content\/uploads\/2019\/10\/5-1-150x91.jpg 150w, http:\/\/victoria-rad.de\/wp-content\/uploads\/2019\/10\/5-1-768x465.jpg 768w, http:\/\/victoria-rad.de\/wp-content\/uploads\/2019\/10\/5-1.jpg 800w\" sizes=\"auto, (max-width: 300px) 100vw, 300px\" \/><\/a><a href=\"http:\/\/victoria-rad.de\/wp-content\/uploads\/2019\/10\/4-1.jpg\" target=\"_blank\" rel=\"noopener noreferrer\"><img loading=\"lazy\" decoding=\"async\" class=\"aligncenter wp-image-5963 size-medium\" src=\"http:\/\/victoria-rad.de\/wp-content\/uploads\/2019\/10\/4-1-300x169.jpg\" alt=\"\" width=\"300\" height=\"169\" srcset=\"http:\/\/victoria-rad.de\/wp-content\/uploads\/2019\/10\/4-1-300x169.jpg 300w, http:\/\/victoria-rad.de\/wp-content\/uploads\/2019\/10\/4-1-150x84.jpg 150w, http:\/\/victoria-rad.de\/wp-content\/uploads\/2019\/10\/4-1-768x432.jpg 768w, http:\/\/victoria-rad.de\/wp-content\/uploads\/2019\/10\/4-1-1024x576.jpg 1024w\" sizes=\"auto, (max-width: 300px) 100vw, 300px\" \/><\/a><a href=\"http:\/\/victoria-rad.de\/wp-content\/uploads\/2020\/02\/83-scaled.jpg\" target=\"_blank\" rel=\"noopener noreferrer\"><img loading=\"lazy\" decoding=\"async\" class=\"aligncenter wp-image-7778 size-medium\" src=\"http:\/\/victoria-rad.de\/wp-content\/uploads\/2020\/02\/83-300x169.jpg\" alt=\"\" width=\"300\" height=\"169\" srcset=\"http:\/\/victoria-rad.de\/wp-content\/uploads\/2020\/02\/83-300x169.jpg 300w, http:\/\/victoria-rad.de\/wp-content\/uploads\/2020\/02\/83-1024x576.jpg 1024w, http:\/\/victoria-rad.de\/wp-content\/uploads\/2020\/02\/83-150x84.jpg 150w, http:\/\/victoria-rad.de\/wp-content\/uploads\/2020\/02\/83-768x432.jpg 768w, http:\/\/victoria-rad.de\/wp-content\/uploads\/2020\/02\/83-1536x864.jpg 1536w, http:\/\/victoria-rad.de\/wp-content\/uploads\/2020\/02\/83-2048x1152.jpg 2048w\" sizes=\"auto, (max-width: 300px) 100vw, 300px\" \/><\/a>Frieder Bach im Gespr\u00e4ch mit der designierten B\u00fcrgermeisterin von Chemnitz.<\/p>\n<p><em><strong><span style=\"text-align: left; color: #333333; text-transform: none; text-indent: 0px; letter-spacing: normal; font-family: 'Noto Serif',serif; font-size: 17px; font-variant: normal; text-decoration: none; word-spacing: 0px; display: inline !important; white-space: normal; cursor: text; orphans: 2; float: none; -webkit-text-stroke-width: 0px; background-color: #ffffff;\">Liebe Leser, das war der erste Teil einer interessanten Rennwagen-Ausstellung im S\u00e4chsischen Fahrzeugmuseum in Chemnitz. Der zweite Teil wird im n\u00e4chsten Beitrag zu lesen sein. Er besch\u00e4ftigt sich dann haupts\u00e4chlich mit den Nachkriegs &#8211; DKW`s<\/span>.<\/strong><\/em><\/p>\n<p>Ausz\u00fcge und Bilder stammen zum Teil aus der Brosch\u00fcre des Museums, diese ist dort f\u00fcr 8.- EUR zu erwerben:<\/p>\n<p><a href=\"http:\/\/victoria-rad.de\/wp-content\/uploads\/2020\/02\/6091.jpg\" target=\"_blank\" rel=\"noopener noreferrer\"><img loading=\"lazy\" decoding=\"async\" class=\"aligncenter wp-image-7882 size-medium\" src=\"http:\/\/victoria-rad.de\/wp-content\/uploads\/2020\/02\/6091-297x300.jpg\" alt=\"\" width=\"297\" height=\"300\" srcset=\"http:\/\/victoria-rad.de\/wp-content\/uploads\/2020\/02\/6091-297x300.jpg 297w, http:\/\/victoria-rad.de\/wp-content\/uploads\/2020\/02\/6091-768x775.jpg 768w, http:\/\/victoria-rad.de\/wp-content\/uploads\/2020\/02\/6091.jpg 793w\" sizes=\"auto, (max-width: 297px) 100vw, 297px\" \/><\/a><\/p>\n<p><img loading=\"lazy\" decoding=\"async\" class=\"alignnone size-medium wp-image-7458 aligncenter\" src=\"http:\/\/victoria-rad.de\/wp-content\/uploads\/2020\/01\/58-4-300x14.png\" alt=\"\" width=\"300\" height=\"14\" srcset=\"http:\/\/victoria-rad.de\/wp-content\/uploads\/2020\/01\/58-4-300x14.png 300w, http:\/\/victoria-rad.de\/wp-content\/uploads\/2020\/01\/58-4-150x7.png 150w, http:\/\/victoria-rad.de\/wp-content\/uploads\/2020\/01\/58-4.png 501w\" sizes=\"auto, (max-width: 300px) 100vw, 300px\" \/><\/p>\n<p>&nbsp;<\/p>\n<p>&nbsp;<\/p>\n","protected":false},"excerpt":{"rendered":"<p>Im S\u00e4chsischen Fahrzeugmuseum in Chemnitz hat eine sehr interessante Rennwagen-Ausstellung ihre Pforten ge\u00f6ffnet. Wer Zeit und Lust hat sollte sich diese unbedingt mal anschauen. Hier die Einladung: Wie das Thema schon aussagt, dreht sich diese Sonderausstellung um die DKW-Rennfahrzeuge mit Frontantrieb ab Anfang der &#8222;Drei\u00dfiger Jahre&#8220;. In den &#8222;Zwanzigern&#8220; gr\u00fcndete der Unternehmer J\u00f6rgen Skafte Rasmussen &hellip; <a href=\"http:\/\/victoria-rad.de\/?p=7716\" class=\"more-link\"><span class=\"screen-reader-text\">DKW &#8211;  Rennwagen Sonderausstellung 1. Teil, S\u00e4chsisches Fahrzeugmuseum Chemnitz&#8230;<\/span> weiterlesen<\/a><\/p>\n","protected":false},"author":1,"featured_media":0,"comment_status":"open","ping_status":"open","sticky":false,"template":"","format":"standard","meta":{"footnotes":""},"categories":[1],"tags":[],"class_list":["post-7716","post","type-post","status-publish","format-standard","hentry","category-uncategorized"],"_links":{"self":[{"href":"http:\/\/victoria-rad.de\/index.php?rest_route=\/wp\/v2\/posts\/7716","targetHints":{"allow":["GET"]}}],"collection":[{"href":"http:\/\/victoria-rad.de\/index.php?rest_route=\/wp\/v2\/posts"}],"about":[{"href":"http:\/\/victoria-rad.de\/index.php?rest_route=\/wp\/v2\/types\/post"}],"author":[{"embeddable":true,"href":"http:\/\/victoria-rad.de\/index.php?rest_route=\/wp\/v2\/users\/1"}],"replies":[{"embeddable":true,"href":"http:\/\/victoria-rad.de\/index.php?rest_route=%2Fwp%2Fv2%2Fcomments&post=7716"}],"version-history":[{"count":43,"href":"http:\/\/victoria-rad.de\/index.php?rest_route=\/wp\/v2\/posts\/7716\/revisions"}],"predecessor-version":[{"id":7926,"href":"http:\/\/victoria-rad.de\/index.php?rest_route=\/wp\/v2\/posts\/7716\/revisions\/7926"}],"wp:attachment":[{"href":"http:\/\/victoria-rad.de\/index.php?rest_route=%2Fwp%2Fv2%2Fmedia&parent=7716"}],"wp:term":[{"taxonomy":"category","embeddable":true,"href":"http:\/\/victoria-rad.de\/index.php?rest_route=%2Fwp%2Fv2%2Fcategories&post=7716"},{"taxonomy":"post_tag","embeddable":true,"href":"http:\/\/victoria-rad.de\/index.php?rest_route=%2Fwp%2Fv2%2Ftags&post=7716"}],"curies":[{"name":"wp","href":"https:\/\/api.w.org\/{rel}","templated":true}]}}