{"id":7789,"date":"2020-02-24T07:14:09","date_gmt":"2020-02-24T07:14:09","guid":{"rendered":"http:\/\/victoria-rad.de\/?p=7789"},"modified":"2020-02-26T06:48:22","modified_gmt":"2020-02-26T06:48:22","slug":"dkw-rennwagen-sonderausstellung-2-teil-saechsisches-fahrzeugmuseum-chemnitz","status":"publish","type":"post","link":"http:\/\/victoria-rad.de\/?p=7789","title":{"rendered":"DKW &#8211; Rennwagen Sonderausstellung 2. Teil, S\u00e4chsisches Fahrzeugmuseum Chemnitz&#8230;"},"content":{"rendered":"<p><em><strong>Hier im zweiten Bericht wird die Zeit der Vierziger Jahre und sp\u00e4ter mit den DKW\u00a0 Rennwagen beleuchtet.\u00a0 Aber zuerst nochmal die Einladung ins S\u00e4chsische Fahrzeugmuseum in Chemnitz zur Sonderausstellung f\u00fcr DKW-Rennwagen:<\/strong><\/em><\/p>\n<p><a href=\"http:\/\/victoria-rad.de\/wp-content\/uploads\/2020\/02\/59-1.jpg\" target=\"_blank\" rel=\"noopener noreferrer\"><img loading=\"lazy\" decoding=\"async\" class=\"aligncenter wp-image-7792 size-medium\" src=\"http:\/\/victoria-rad.de\/wp-content\/uploads\/2020\/02\/59-1-300x275.jpg\" alt=\"\" width=\"300\" height=\"275\" srcset=\"http:\/\/victoria-rad.de\/wp-content\/uploads\/2020\/02\/59-1-300x275.jpg 300w, http:\/\/victoria-rad.de\/wp-content\/uploads\/2020\/02\/59-1-150x137.jpg 150w, http:\/\/victoria-rad.de\/wp-content\/uploads\/2020\/02\/59-1-768x704.jpg 768w, http:\/\/victoria-rad.de\/wp-content\/uploads\/2020\/02\/59-1.jpg 800w\" sizes=\"auto, (max-width: 300px) 100vw, 300px\" \/><\/a><\/p>\n<p>In diesem Bericht werden sehr viele Bilder gezeigt, die dem wahren Leben entsprechen, da die Personen, welche die Rennwagen noch aktiv fahren, unter uns weilen&#8230;<\/p>\n<p>Aber jetzt zum Anfang, Auszug aus der Brosch\u00fcre der Sonderausstellung des Museums:<\/p>\n<p>Hier war die Endstufe der Karosserieentwicklung fast erreicht, wie man auf dem folgenden Bild erkennen kann:<\/p>\n<p><a href=\"http:\/\/victoria-rad.de\/wp-content\/uploads\/2020\/02\/73.jpg\" target=\"_blank\" rel=\"noopener noreferrer\"><img loading=\"lazy\" decoding=\"async\" class=\"aligncenter wp-image-7813 size-medium\" src=\"http:\/\/victoria-rad.de\/wp-content\/uploads\/2020\/02\/73-300x190.jpg\" alt=\"\" width=\"300\" height=\"190\" srcset=\"http:\/\/victoria-rad.de\/wp-content\/uploads\/2020\/02\/73-300x190.jpg 300w, http:\/\/victoria-rad.de\/wp-content\/uploads\/2020\/02\/73-150x95.jpg 150w, http:\/\/victoria-rad.de\/wp-content\/uploads\/2020\/02\/73-768x487.jpg 768w, http:\/\/victoria-rad.de\/wp-content\/uploads\/2020\/02\/73.jpg 800w\" sizes=\"auto, (max-width: 300px) 100vw, 300px\" \/><\/a><\/p>\n<p><em><strong>Die Geschichte:<\/strong><\/em><\/p>\n<p><em><strong>Der Kraftfahrzeug- und Elektromeister Jacob Lauer (1912) er\u00f6ffnete 1944 in Eppelborn eine KFZ-Werkstatt. Als 1947 in seiner heimatlichen Umgebung der Motoren-Rennsport widerbelebt wurde, sah er hier seine Chance mit einem zum Rennwagen umgebauten DKW. Aufgrund seiner Ausbildung war es f\u00fcr ihn kein Problem,\u00a0 die DKW-Technik rennf\u00e4hig zu machen und mit einer Eigenbaukarosserie zu versehen. 1948 fuhr Jacob in K\u00f6ln sein erstes Rennen und landete auf dem dritten Platz. Auch auf dem Schottenring war er 1948 schon mit dabei. Wegen des knappen Budgets f\u00fcr seinen Rennsport war die Anschaffung eines Transportfahrzeuges f\u00fcr seinen Rennwagen Utopie. Er versuchte, das Fahrzeug f\u00fcr den Stra\u00dfenverkehr zuzulassen, was auch gelang. Der Wagen wurde immer wieder verbessert und bis 1958 im aktiven Rennsport eingesetzt. Ab 1976 war Lauer wieder bei den aufflammenden historischen Rennen dabei. Frieder Bach hatte Gelegenheit im Jahr 1989 Jacob Lauer und dessen Sohn Willi auf dem N\u00fcrburg-Ring kennen zu lernen. Bei den letzten Eins\u00e4tzen des Rennwagens konnten mit den 40 PS stolze 164 Km\/h gemessen werden, das war im Jahr 1997. Das letzte Rennen von Jacob Lauer war 1998, sein pers\u00f6nliches Lebensrennen ging 2004 zu Ende. Sein Sohn Willi f\u00fchrt das Unternehmen weiter und h\u00e4lt auch den Rennwagen in Ehren und in Schuss !<\/strong><\/em><\/p>\n<p style=\"text-align: center;\"><a href=\"http:\/\/victoria-rad.de\/wp-content\/uploads\/2020\/02\/56.jpg\" target=\"_blank\" rel=\"noopener noreferrer\"><img loading=\"lazy\" decoding=\"async\" class=\"aligncenter wp-image-7814 size-medium\" src=\"http:\/\/victoria-rad.de\/wp-content\/uploads\/2020\/02\/56-300x182.jpg\" alt=\"\" width=\"300\" height=\"182\" srcset=\"http:\/\/victoria-rad.de\/wp-content\/uploads\/2020\/02\/56-300x182.jpg 300w, http:\/\/victoria-rad.de\/wp-content\/uploads\/2020\/02\/56-150x91.jpg 150w, http:\/\/victoria-rad.de\/wp-content\/uploads\/2020\/02\/56-768x465.jpg 768w, http:\/\/victoria-rad.de\/wp-content\/uploads\/2020\/02\/56.jpg 800w\" sizes=\"auto, (max-width: 300px) 100vw, 300px\" \/><\/a>Jacob Lauer im Jahr 1947\/1948.<\/p>\n<p>Das Fahrzeug ist nat\u00fcrlich in der Sonderausstellung zu bewundern:<\/p>\n<p><a href=\"http:\/\/victoria-rad.de\/wp-content\/uploads\/2020\/02\/110.jpg\" target=\"_blank\" rel=\"noopener noreferrer\"><img loading=\"lazy\" decoding=\"async\" class=\"aligncenter wp-image-7816 size-medium\" src=\"http:\/\/victoria-rad.de\/wp-content\/uploads\/2020\/02\/110-300x176.jpg\" alt=\"\" width=\"300\" height=\"176\" srcset=\"http:\/\/victoria-rad.de\/wp-content\/uploads\/2020\/02\/110-300x176.jpg 300w, http:\/\/victoria-rad.de\/wp-content\/uploads\/2020\/02\/110-150x88.jpg 150w, http:\/\/victoria-rad.de\/wp-content\/uploads\/2020\/02\/110-768x451.jpg 768w, http:\/\/victoria-rad.de\/wp-content\/uploads\/2020\/02\/110.jpg 800w\" sizes=\"auto, (max-width: 300px) 100vw, 300px\" \/><\/a><\/p>\n<p>Technische Daten:<\/p>\n<p><a href=\"http:\/\/victoria-rad.de\/wp-content\/uploads\/2020\/02\/IMG_20200212_0001.jpg\" target=\"_blank\" rel=\"noopener noreferrer\"><img loading=\"lazy\" decoding=\"async\" class=\"aligncenter wp-image-7817 size-medium\" src=\"http:\/\/victoria-rad.de\/wp-content\/uploads\/2020\/02\/IMG_20200212_0001-300x254.jpg\" alt=\"\" width=\"300\" height=\"254\" srcset=\"http:\/\/victoria-rad.de\/wp-content\/uploads\/2020\/02\/IMG_20200212_0001-300x254.jpg 300w, http:\/\/victoria-rad.de\/wp-content\/uploads\/2020\/02\/IMG_20200212_0001-150x127.jpg 150w, http:\/\/victoria-rad.de\/wp-content\/uploads\/2020\/02\/IMG_20200212_0001-768x649.jpg 768w, http:\/\/victoria-rad.de\/wp-content\/uploads\/2020\/02\/IMG_20200212_0001.jpg 964w\" sizes=\"auto, (max-width: 300px) 100vw, 300px\" \/><\/a><\/p>\n<p>Das folgende Bild zeigt wie Jacob Lauer bereits nach dem Krieg mit einem DKW-Chassis und einem Opel K\u00fchlergrill das Werk anging:<\/p>\n<p style=\"text-align: center;\"><a href=\"http:\/\/victoria-rad.de\/wp-content\/uploads\/2020\/02\/590.jpg\" target=\"_blank\" rel=\"noopener noreferrer\"><img loading=\"lazy\" decoding=\"async\" class=\"aligncenter wp-image-7818 size-medium\" src=\"http:\/\/victoria-rad.de\/wp-content\/uploads\/2020\/02\/590-300x187.jpg\" alt=\"\" width=\"300\" height=\"187\" srcset=\"http:\/\/victoria-rad.de\/wp-content\/uploads\/2020\/02\/590-300x187.jpg 300w, http:\/\/victoria-rad.de\/wp-content\/uploads\/2020\/02\/590-150x93.jpg 150w, http:\/\/victoria-rad.de\/wp-content\/uploads\/2020\/02\/590-768x478.jpg 768w, http:\/\/victoria-rad.de\/wp-content\/uploads\/2020\/02\/590.jpg 1023w\" sizes=\"auto, (max-width: 300px) 100vw, 300px\" \/><\/a><a href=\"http:\/\/victoria-rad.de\/wp-content\/uploads\/2020\/02\/57-2.jpg\" target=\"_blank\" rel=\"noopener noreferrer\"><img loading=\"lazy\" decoding=\"async\" class=\"aligncenter wp-image-7819 size-medium\" src=\"http:\/\/victoria-rad.de\/wp-content\/uploads\/2020\/02\/57-2-300x203.jpg\" alt=\"\" width=\"300\" height=\"203\" srcset=\"http:\/\/victoria-rad.de\/wp-content\/uploads\/2020\/02\/57-2-300x203.jpg 300w, http:\/\/victoria-rad.de\/wp-content\/uploads\/2020\/02\/57-2-150x101.jpg 150w, http:\/\/victoria-rad.de\/wp-content\/uploads\/2020\/02\/57-2-768x519.jpg 768w, http:\/\/victoria-rad.de\/wp-content\/uploads\/2020\/02\/57-2.jpg 800w\" sizes=\"auto, (max-width: 300px) 100vw, 300px\" \/><\/a>Die vier Ringe symbolisierten f\u00fcr die Auto-Union.<\/p>\n<p><strong>DKW F 8 MSG:<\/strong><\/p>\n<p>Nach dem Krieg war der Rennsport erst mal am Boden. Zaghafte Versuche wieder mit dem Rennsport gelangen dann im Jahr 1949 unter der technischen Leitung von Walter Stritzl, einem erfahrenen Meister aus der Versuchsabteilung DKW.\u00a0 Aus dem Mangel heraus konnten nat\u00fcrlich keine Vorkriegs-Silberpfeile entstehen. So musste man sich mit dem begn\u00fcgen, was vorhanden war. So entstanden vier fas identische Flitzer aus DKW F 8 Fahrgestellen in den Farben &#8211; Rot, Gelb, Blau und Gr\u00fcn als zweisitzige Rennwagen, wohl geschuldet, dem Umstand, dass es vorher PkW`s ware. Sie fuhren in der Klasse G bis 1100 ccm. Der erste Rennwagen (Gelb), der hergestellt wurde bestand noch aus einzelnen Blechteilen, die mit Sicken ineinander geschraubt wurden. So konnte man an der Formgebung noch \u00c4nderungen vornehmen. Die Motoren hatten keine Serienkurbelwelle, sondern eine Vollwangen-Rennwelle sowie eine ge\u00e4nderte Prim\u00e4r\u00fcbersetzung, das sie noch mit einem Dreiganggetriebe auskommen mussten. Die Zylinder stammten aus der Serie. Um eine f\u00fcr den Rennsport akzeptable Leistung zu erreichen, wurden die Kan\u00e4le ge\u00e4ndert und poliert, so dass ca. 29-30 PS m\u00f6glich waren. Die Verdichtung wurde auch erh\u00f6ht.<\/p>\n<p>Im folgenden Bild wurden zwei Rennwagen auf dem Sachsenring festgehalten, wobei der erste der rote vor dem gelben den Queckenberg hinauf st\u00fcrmt:<\/p>\n<p><a href=\"http:\/\/victoria-rad.de\/wp-content\/uploads\/2020\/02\/792.jpg\" target=\"_blank\" rel=\"noopener noreferrer\"><img loading=\"lazy\" decoding=\"async\" class=\"aligncenter wp-image-7822 size-medium\" src=\"http:\/\/victoria-rad.de\/wp-content\/uploads\/2020\/02\/792-300x149.jpg\" alt=\"\" width=\"300\" height=\"149\" srcset=\"http:\/\/victoria-rad.de\/wp-content\/uploads\/2020\/02\/792-300x149.jpg 300w, http:\/\/victoria-rad.de\/wp-content\/uploads\/2020\/02\/792-150x74.jpg 150w, http:\/\/victoria-rad.de\/wp-content\/uploads\/2020\/02\/792-768x381.jpg 768w, http:\/\/victoria-rad.de\/wp-content\/uploads\/2020\/02\/792.jpg 800w\" sizes=\"auto, (max-width: 300px) 100vw, 300px\" \/><\/a><\/p>\n<p style=\"text-align: center;\"><a href=\"http:\/\/victoria-rad.de\/wp-content\/uploads\/2020\/02\/602.jpg\" target=\"_blank\" rel=\"noopener noreferrer\"><img loading=\"lazy\" decoding=\"async\" class=\"aligncenter wp-image-7823 size-medium\" src=\"http:\/\/victoria-rad.de\/wp-content\/uploads\/2020\/02\/602-300x187.jpg\" alt=\"\" width=\"300\" height=\"187\" srcset=\"http:\/\/victoria-rad.de\/wp-content\/uploads\/2020\/02\/602-300x187.jpg 300w, http:\/\/victoria-rad.de\/wp-content\/uploads\/2020\/02\/602-1024x639.jpg 1024w, http:\/\/victoria-rad.de\/wp-content\/uploads\/2020\/02\/602-150x94.jpg 150w, http:\/\/victoria-rad.de\/wp-content\/uploads\/2020\/02\/602-768x479.jpg 768w, http:\/\/victoria-rad.de\/wp-content\/uploads\/2020\/02\/602.jpg 1032w\" sizes=\"auto, (max-width: 300px) 100vw, 300px\" \/><\/a>Alle vier Rennwagen am Vorstart &#8211; Sachsenring.<\/p>\n<p>Technische Daten:<\/p>\n<p><a href=\"http:\/\/victoria-rad.de\/wp-content\/uploads\/2020\/02\/600.jpg\" target=\"_blank\" rel=\"noopener noreferrer\"><img loading=\"lazy\" decoding=\"async\" class=\"aligncenter wp-image-7824 size-medium\" src=\"http:\/\/victoria-rad.de\/wp-content\/uploads\/2020\/02\/600-285x300.jpg\" alt=\"\" width=\"285\" height=\"300\" srcset=\"http:\/\/victoria-rad.de\/wp-content\/uploads\/2020\/02\/600-285x300.jpg 285w, http:\/\/victoria-rad.de\/wp-content\/uploads\/2020\/02\/600-972x1024.jpg 972w, http:\/\/victoria-rad.de\/wp-content\/uploads\/2020\/02\/600-142x150.jpg 142w, http:\/\/victoria-rad.de\/wp-content\/uploads\/2020\/02\/600-768x809.jpg 768w, http:\/\/victoria-rad.de\/wp-content\/uploads\/2020\/02\/600.jpg 991w\" sizes=\"auto, (max-width: 285px) 100vw, 285px\" \/><\/a><\/p>\n<p>Der rote und der gelbe Rennwagen stehen in der Sonderausstellung:<\/p>\n<p><a href=\"http:\/\/victoria-rad.de\/wp-content\/uploads\/2020\/02\/100.jpg\" target=\"_blank\" rel=\"noopener noreferrer\"><img loading=\"lazy\" decoding=\"async\" class=\"aligncenter wp-image-7826 size-medium\" src=\"http:\/\/victoria-rad.de\/wp-content\/uploads\/2020\/02\/100-300x192.jpg\" alt=\"\" width=\"300\" height=\"192\" srcset=\"http:\/\/victoria-rad.de\/wp-content\/uploads\/2020\/02\/100-300x192.jpg 300w, http:\/\/victoria-rad.de\/wp-content\/uploads\/2020\/02\/100-150x96.jpg 150w, http:\/\/victoria-rad.de\/wp-content\/uploads\/2020\/02\/100-768x491.jpg 768w, http:\/\/victoria-rad.de\/wp-content\/uploads\/2020\/02\/100.jpg 800w\" sizes=\"auto, (max-width: 300px) 100vw, 300px\" \/><\/a><\/p>\n<p>Noch einige Bilder der beiden Rennwagen:<\/p>\n<p><a href=\"http:\/\/victoria-rad.de\/wp-content\/uploads\/2020\/02\/96.jpg\" target=\"_blank\" rel=\"noopener noreferrer\"><img loading=\"lazy\" decoding=\"async\" class=\"aligncenter wp-image-7827 size-medium\" src=\"http:\/\/victoria-rad.de\/wp-content\/uploads\/2020\/02\/96-300x204.jpg\" alt=\"\" width=\"300\" height=\"204\" srcset=\"http:\/\/victoria-rad.de\/wp-content\/uploads\/2020\/02\/96-300x204.jpg 300w, http:\/\/victoria-rad.de\/wp-content\/uploads\/2020\/02\/96-150x102.jpg 150w, http:\/\/victoria-rad.de\/wp-content\/uploads\/2020\/02\/96-768x523.jpg 768w, http:\/\/victoria-rad.de\/wp-content\/uploads\/2020\/02\/96.jpg 800w\" sizes=\"auto, (max-width: 300px) 100vw, 300px\" \/><\/a><a href=\"http:\/\/victoria-rad.de\/wp-content\/uploads\/2020\/02\/754.jpg\" target=\"_blank\" rel=\"noopener noreferrer\"><img loading=\"lazy\" decoding=\"async\" class=\"aligncenter wp-image-7828 size-medium\" src=\"http:\/\/victoria-rad.de\/wp-content\/uploads\/2020\/02\/754-300x205.jpg\" alt=\"\" width=\"300\" height=\"205\" srcset=\"http:\/\/victoria-rad.de\/wp-content\/uploads\/2020\/02\/754-300x205.jpg 300w, http:\/\/victoria-rad.de\/wp-content\/uploads\/2020\/02\/754-150x102.jpg 150w, http:\/\/victoria-rad.de\/wp-content\/uploads\/2020\/02\/754-768x524.jpg 768w, http:\/\/victoria-rad.de\/wp-content\/uploads\/2020\/02\/754.jpg 800w\" sizes=\"auto, (max-width: 300px) 100vw, 300px\" \/><\/a><a href=\"http:\/\/victoria-rad.de\/wp-content\/uploads\/2020\/02\/76-Kopie.jpg\" target=\"_blank\" rel=\"noopener noreferrer\"><img loading=\"lazy\" decoding=\"async\" class=\"aligncenter wp-image-7829 size-medium\" src=\"http:\/\/victoria-rad.de\/wp-content\/uploads\/2020\/02\/76-Kopie-300x184.jpg\" alt=\"\" width=\"300\" height=\"184\" srcset=\"http:\/\/victoria-rad.de\/wp-content\/uploads\/2020\/02\/76-Kopie-300x184.jpg 300w, http:\/\/victoria-rad.de\/wp-content\/uploads\/2020\/02\/76-Kopie-150x92.jpg 150w, http:\/\/victoria-rad.de\/wp-content\/uploads\/2020\/02\/76-Kopie-768x471.jpg 768w, http:\/\/victoria-rad.de\/wp-content\/uploads\/2020\/02\/76-Kopie.jpg 800w\" sizes=\"auto, (max-width: 300px) 100vw, 300px\" \/><\/a><a href=\"http:\/\/victoria-rad.de\/wp-content\/uploads\/2020\/02\/76.jpg\" target=\"_blank\" rel=\"noopener noreferrer\"><img loading=\"lazy\" decoding=\"async\" class=\"aligncenter wp-image-7830 size-medium\" src=\"http:\/\/victoria-rad.de\/wp-content\/uploads\/2020\/02\/76-300x171.jpg\" alt=\"\" width=\"300\" height=\"171\" srcset=\"http:\/\/victoria-rad.de\/wp-content\/uploads\/2020\/02\/76-300x171.jpg 300w, http:\/\/victoria-rad.de\/wp-content\/uploads\/2020\/02\/76-150x85.jpg 150w, http:\/\/victoria-rad.de\/wp-content\/uploads\/2020\/02\/76-768x437.jpg 768w, http:\/\/victoria-rad.de\/wp-content\/uploads\/2020\/02\/76.jpg 982w\" sizes=\"auto, (max-width: 300px) 100vw, 300px\" \/><\/a><\/p>\n<p>Die Aktivit\u00e4ten:<\/p>\n<p style=\"text-align: center;\"><a href=\"http:\/\/victoria-rad.de\/wp-content\/uploads\/2020\/02\/94.jpg\" target=\"_blank\" rel=\"noopener noreferrer\"><img loading=\"lazy\" decoding=\"async\" class=\"aligncenter wp-image-7831 size-medium\" src=\"http:\/\/victoria-rad.de\/wp-content\/uploads\/2020\/02\/94-300x193.jpg\" alt=\"\" width=\"300\" height=\"193\" srcset=\"http:\/\/victoria-rad.de\/wp-content\/uploads\/2020\/02\/94-300x193.jpg 300w, http:\/\/victoria-rad.de\/wp-content\/uploads\/2020\/02\/94-150x96.jpg 150w, http:\/\/victoria-rad.de\/wp-content\/uploads\/2020\/02\/94-768x493.jpg 768w, http:\/\/victoria-rad.de\/wp-content\/uploads\/2020\/02\/94.jpg 800w\" sizes=\"auto, (max-width: 300px) 100vw, 300px\" \/><\/a>Teilnehmer beim Wanderer-Treffen 2015 in Bad Brambach.<\/p>\n<p style=\"text-align: center;\"><a href=\"http:\/\/victoria-rad.de\/wp-content\/uploads\/2020\/02\/IMG_20150208_0001-3-scaled.jpg\" target=\"_blank\" rel=\"noopener noreferrer\"><img loading=\"lazy\" decoding=\"async\" class=\"aligncenter wp-image-7832 size-medium\" src=\"http:\/\/victoria-rad.de\/wp-content\/uploads\/2020\/02\/IMG_20150208_0001-3-300x210.jpg\" alt=\"\" width=\"300\" height=\"210\" srcset=\"http:\/\/victoria-rad.de\/wp-content\/uploads\/2020\/02\/IMG_20150208_0001-3-300x210.jpg 300w, http:\/\/victoria-rad.de\/wp-content\/uploads\/2020\/02\/IMG_20150208_0001-3-1024x715.jpg 1024w, http:\/\/victoria-rad.de\/wp-content\/uploads\/2020\/02\/IMG_20150208_0001-3-150x105.jpg 150w, http:\/\/victoria-rad.de\/wp-content\/uploads\/2020\/02\/IMG_20150208_0001-3-768x537.jpg 768w, http:\/\/victoria-rad.de\/wp-content\/uploads\/2020\/02\/IMG_20150208_0001-3-1536x1073.jpg 1536w, http:\/\/victoria-rad.de\/wp-content\/uploads\/2020\/02\/IMG_20150208_0001-3-2048x1431.jpg 2048w\" sizes=\"auto, (max-width: 300px) 100vw, 300px\" \/><\/a>Auch bei schlechtesten Wetter&#8230;<\/p>\n<p>Der rote Rennwagen war zum letzten Rennen auf der AVUS im Jahr 1999 mit am Start:<\/p>\n<p><a href=\"http:\/\/victoria-rad.de\/wp-content\/uploads\/2020\/02\/603.jpg\" target=\"_blank\" rel=\"noopener noreferrer\"><img loading=\"lazy\" decoding=\"async\" class=\"aligncenter wp-image-7833 size-medium\" src=\"http:\/\/victoria-rad.de\/wp-content\/uploads\/2020\/02\/603-224x300.jpg\" alt=\"\" width=\"224\" height=\"300\" srcset=\"http:\/\/victoria-rad.de\/wp-content\/uploads\/2020\/02\/603-224x300.jpg 224w, http:\/\/victoria-rad.de\/wp-content\/uploads\/2020\/02\/603-112x150.jpg 112w, http:\/\/victoria-rad.de\/wp-content\/uploads\/2020\/02\/603.jpg 597w\" sizes=\"auto, (max-width: 224px) 100vw, 224px\" \/><\/a><\/p>\n<p><a href=\"http:\/\/victoria-rad.de\/wp-content\/uploads\/2020\/02\/IMG_20150208_0002-3-scaled.jpg\" target=\"_blank\" rel=\"noopener noreferrer\"><img loading=\"lazy\" decoding=\"async\" class=\"aligncenter wp-image-7842 size-medium\" src=\"http:\/\/victoria-rad.de\/wp-content\/uploads\/2020\/02\/IMG_20150208_0002-3-300x206.jpg\" alt=\"\" width=\"300\" height=\"206\" srcset=\"http:\/\/victoria-rad.de\/wp-content\/uploads\/2020\/02\/IMG_20150208_0002-3-300x206.jpg 300w, http:\/\/victoria-rad.de\/wp-content\/uploads\/2020\/02\/IMG_20150208_0002-3-1024x702.jpg 1024w, http:\/\/victoria-rad.de\/wp-content\/uploads\/2020\/02\/IMG_20150208_0002-3-150x103.jpg 150w, http:\/\/victoria-rad.de\/wp-content\/uploads\/2020\/02\/IMG_20150208_0002-3-768x526.jpg 768w, http:\/\/victoria-rad.de\/wp-content\/uploads\/2020\/02\/IMG_20150208_0002-3-1536x1053.jpg 1536w, http:\/\/victoria-rad.de\/wp-content\/uploads\/2020\/02\/IMG_20150208_0002-3-2048x1404.jpg 2048w\" sizes=\"auto, (max-width: 300px) 100vw, 300px\" \/><\/a><\/p>\n<p>Im Jahr darauf wurde der Lausitz-Ring er\u00f6ffnet, da war er auch wieder dabei:<\/p>\n<p><a href=\"http:\/\/victoria-rad.de\/wp-content\/uploads\/2020\/02\/IMG_20141212_0002-scaled.jpg\" target=\"_blank\" rel=\"noopener noreferrer\"><img loading=\"lazy\" decoding=\"async\" class=\"aligncenter wp-image-7834 size-medium\" src=\"http:\/\/victoria-rad.de\/wp-content\/uploads\/2020\/02\/IMG_20141212_0002-300x201.jpg\" alt=\"\" width=\"300\" height=\"201\" srcset=\"http:\/\/victoria-rad.de\/wp-content\/uploads\/2020\/02\/IMG_20141212_0002-300x201.jpg 300w, http:\/\/victoria-rad.de\/wp-content\/uploads\/2020\/02\/IMG_20141212_0002-1024x686.jpg 1024w, http:\/\/victoria-rad.de\/wp-content\/uploads\/2020\/02\/IMG_20141212_0002-150x100.jpg 150w, http:\/\/victoria-rad.de\/wp-content\/uploads\/2020\/02\/IMG_20141212_0002-768x514.jpg 768w, http:\/\/victoria-rad.de\/wp-content\/uploads\/2020\/02\/IMG_20141212_0002-1536x1029.jpg 1536w, http:\/\/victoria-rad.de\/wp-content\/uploads\/2020\/02\/IMG_20141212_0002-2048x1372.jpg 2048w\" sizes=\"auto, (max-width: 300px) 100vw, 300px\" \/><\/a><\/p>\n<p>Ein besonderes Highlight war die Rallye &#8222;Gran Premio &#8211; Tazio Nuvolari&#8220; vom 17.-19. September 1999 in Italien:<\/p>\n<p><a href=\"http:\/\/victoria-rad.de\/wp-content\/uploads\/2020\/02\/50.jpg\" target=\"_blank\" rel=\"noopener noreferrer\"><img loading=\"lazy\" decoding=\"async\" class=\"aligncenter wp-image-7835 size-medium\" src=\"http:\/\/victoria-rad.de\/wp-content\/uploads\/2020\/02\/50-208x300.jpg\" alt=\"\" width=\"208\" height=\"300\" srcset=\"http:\/\/victoria-rad.de\/wp-content\/uploads\/2020\/02\/50-208x300.jpg 208w, http:\/\/victoria-rad.de\/wp-content\/uploads\/2020\/02\/50-104x150.jpg 104w, http:\/\/victoria-rad.de\/wp-content\/uploads\/2020\/02\/50.jpg 555w\" sizes=\"auto, (max-width: 208px) 100vw, 208px\" \/><\/a>Diese zweitgr\u00f6\u00dfte Rallye nach der Mille Miglia wird jedes Jahr zu Ehren des gro\u00dfen italienischen Rennfahrers Tazio Nuvolari veranstaltet.<\/p>\n<p><a href=\"http:\/\/victoria-rad.de\/wp-content\/uploads\/2020\/02\/52.jpg\" target=\"_blank\" rel=\"noopener noreferrer\"><img loading=\"lazy\" decoding=\"async\" class=\"aligncenter wp-image-7837 size-medium\" src=\"http:\/\/victoria-rad.de\/wp-content\/uploads\/2020\/02\/52-300x249.jpg\" alt=\"\" width=\"300\" height=\"249\" srcset=\"http:\/\/victoria-rad.de\/wp-content\/uploads\/2020\/02\/52-300x249.jpg 300w, http:\/\/victoria-rad.de\/wp-content\/uploads\/2020\/02\/52-150x125.jpg 150w, http:\/\/victoria-rad.de\/wp-content\/uploads\/2020\/02\/52-768x638.jpg 768w, http:\/\/victoria-rad.de\/wp-content\/uploads\/2020\/02\/52.jpg 800w\" sizes=\"auto, (max-width: 300px) 100vw, 300px\" \/><\/a><\/p>\n<p>Wir sind damals im &#8222;Team &#8211; Audi&#8220; mitgefahren, hier ein Bild der Teilnehmer mit ihren Rennwagen, links der Blaue Rennwagen:<\/p>\n<p><a href=\"http:\/\/victoria-rad.de\/wp-content\/uploads\/2020\/02\/IMG_20150207_0003-2-scaled.jpg\" target=\"_blank\" rel=\"noopener noreferrer\"><img loading=\"lazy\" decoding=\"async\" class=\"aligncenter wp-image-7836 size-medium\" src=\"http:\/\/victoria-rad.de\/wp-content\/uploads\/2020\/02\/IMG_20150207_0003-2-300x176.jpg\" alt=\"\" width=\"300\" height=\"176\" srcset=\"http:\/\/victoria-rad.de\/wp-content\/uploads\/2020\/02\/IMG_20150207_0003-2-300x176.jpg 300w, http:\/\/victoria-rad.de\/wp-content\/uploads\/2020\/02\/IMG_20150207_0003-2-1024x600.jpg 1024w, http:\/\/victoria-rad.de\/wp-content\/uploads\/2020\/02\/IMG_20150207_0003-2-150x88.jpg 150w, http:\/\/victoria-rad.de\/wp-content\/uploads\/2020\/02\/IMG_20150207_0003-2-768x450.jpg 768w, http:\/\/victoria-rad.de\/wp-content\/uploads\/2020\/02\/IMG_20150207_0003-2-1536x901.jpg 1536w, http:\/\/victoria-rad.de\/wp-content\/uploads\/2020\/02\/IMG_20150207_0003-2-2048x1201.jpg 2048w\" sizes=\"auto, (max-width: 300px) 100vw, 300px\" \/><\/a><\/p>\n<p>Die Route:<\/p>\n<p><a href=\"http:\/\/victoria-rad.de\/wp-content\/uploads\/2020\/02\/55.jpg\" target=\"_blank\" rel=\"noopener noreferrer\"><img loading=\"lazy\" decoding=\"async\" class=\"aligncenter wp-image-7838 size-medium\" src=\"http:\/\/victoria-rad.de\/wp-content\/uploads\/2020\/02\/55-210x300.jpg\" alt=\"\" width=\"210\" height=\"300\" srcset=\"http:\/\/victoria-rad.de\/wp-content\/uploads\/2020\/02\/55-210x300.jpg 210w, http:\/\/victoria-rad.de\/wp-content\/uploads\/2020\/02\/55-105x150.jpg 105w, http:\/\/victoria-rad.de\/wp-content\/uploads\/2020\/02\/55.jpg 559w\" sizes=\"auto, (max-width: 210px) 100vw, 210px\" \/><\/a><\/p>\n<p>Einige Bilder von der Fahrt durch die Toskana und viele Orte wie Mantova, Pisa, Florenz und Rimini:<\/p>\n<p><a href=\"http:\/\/victoria-rad.de\/wp-content\/uploads\/2020\/02\/753.jpg\" target=\"_blank\" rel=\"noopener noreferrer\"><img loading=\"lazy\" decoding=\"async\" class=\"aligncenter wp-image-7839 size-medium\" src=\"http:\/\/victoria-rad.de\/wp-content\/uploads\/2020\/02\/753-300x221.jpg\" alt=\"\" width=\"300\" height=\"221\" srcset=\"http:\/\/victoria-rad.de\/wp-content\/uploads\/2020\/02\/753-300x221.jpg 300w, http:\/\/victoria-rad.de\/wp-content\/uploads\/2020\/02\/753-150x110.jpg 150w, http:\/\/victoria-rad.de\/wp-content\/uploads\/2020\/02\/753-768x565.jpg 768w, http:\/\/victoria-rad.de\/wp-content\/uploads\/2020\/02\/753.jpg 800w\" sizes=\"auto, (max-width: 300px) 100vw, 300px\" \/><\/a><a href=\"http:\/\/victoria-rad.de\/wp-content\/uploads\/2020\/02\/97.jpg\" target=\"_blank\" rel=\"noopener noreferrer\"><img loading=\"lazy\" decoding=\"async\" class=\"aligncenter wp-image-7841 size-medium\" src=\"http:\/\/victoria-rad.de\/wp-content\/uploads\/2020\/02\/97-204x300.jpg\" alt=\"\" width=\"204\" height=\"300\" srcset=\"http:\/\/victoria-rad.de\/wp-content\/uploads\/2020\/02\/97-204x300.jpg 204w, http:\/\/victoria-rad.de\/wp-content\/uploads\/2020\/02\/97-102x150.jpg 102w, http:\/\/victoria-rad.de\/wp-content\/uploads\/2020\/02\/97.jpg 544w\" sizes=\"auto, (max-width: 204px) 100vw, 204px\" \/><\/a><a href=\"http:\/\/victoria-rad.de\/wp-content\/uploads\/2020\/02\/IMG_20150208_0022-scaled.jpg\" target=\"_blank\" rel=\"noopener noreferrer\"><img loading=\"lazy\" decoding=\"async\" class=\"aligncenter wp-image-7840 size-medium\" src=\"http:\/\/victoria-rad.de\/wp-content\/uploads\/2020\/02\/IMG_20150208_0022-300x188.jpg\" alt=\"\" width=\"300\" height=\"188\" srcset=\"http:\/\/victoria-rad.de\/wp-content\/uploads\/2020\/02\/IMG_20150208_0022-300x188.jpg 300w, http:\/\/victoria-rad.de\/wp-content\/uploads\/2020\/02\/IMG_20150208_0022-1024x642.jpg 1024w, http:\/\/victoria-rad.de\/wp-content\/uploads\/2020\/02\/IMG_20150208_0022-150x94.jpg 150w, http:\/\/victoria-rad.de\/wp-content\/uploads\/2020\/02\/IMG_20150208_0022-768x481.jpg 768w, http:\/\/victoria-rad.de\/wp-content\/uploads\/2020\/02\/IMG_20150208_0022-1536x963.jpg 1536w, http:\/\/victoria-rad.de\/wp-content\/uploads\/2020\/02\/IMG_20150208_0022-2048x1284.jpg 2048w\" sizes=\"auto, (max-width: 300px) 100vw, 300px\" \/><\/a><\/p>\n<p>Noch Fotos von Tazio Nuvolari:<\/p>\n<p style=\"text-align: center;\"><a href=\"http:\/\/victoria-rad.de\/wp-content\/uploads\/2020\/02\/53.jpg\" target=\"_blank\" rel=\"noopener noreferrer\"><img loading=\"lazy\" decoding=\"async\" class=\"aligncenter wp-image-7844 size-medium\" src=\"http:\/\/victoria-rad.de\/wp-content\/uploads\/2020\/02\/53-300x292.jpg\" alt=\"\" width=\"300\" height=\"292\" srcset=\"http:\/\/victoria-rad.de\/wp-content\/uploads\/2020\/02\/53-300x292.jpg 300w, http:\/\/victoria-rad.de\/wp-content\/uploads\/2020\/02\/53-150x146.jpg 150w, http:\/\/victoria-rad.de\/wp-content\/uploads\/2020\/02\/53-768x748.jpg 768w, http:\/\/victoria-rad.de\/wp-content\/uploads\/2020\/02\/53.jpg 800w\" sizes=\"auto, (max-width: 300px) 100vw, 300px\" \/><\/a>Hier im Alfa Romeo Rennwagen.<\/p>\n<p style=\"text-align: center;\"><a href=\"http:\/\/victoria-rad.de\/wp-content\/uploads\/2020\/02\/54.jpg\" target=\"_blank\" rel=\"noopener noreferrer\"><img loading=\"lazy\" decoding=\"async\" class=\"aligncenter wp-image-7845 size-medium\" src=\"http:\/\/victoria-rad.de\/wp-content\/uploads\/2020\/02\/54-300x223.jpg\" alt=\"\" width=\"300\" height=\"223\" srcset=\"http:\/\/victoria-rad.de\/wp-content\/uploads\/2020\/02\/54-300x223.jpg 300w, http:\/\/victoria-rad.de\/wp-content\/uploads\/2020\/02\/54-150x112.jpg 150w, http:\/\/victoria-rad.de\/wp-content\/uploads\/2020\/02\/54-768x571.jpg 768w, http:\/\/victoria-rad.de\/wp-content\/uploads\/2020\/02\/54.jpg 800w\" sizes=\"auto, (max-width: 300px) 100vw, 300px\" \/><\/a>Eines der letzten Bilder, bevor Tazio verstarb&#8230;<\/p>\n<p>Es folgen noch einige historische Fotos der F 8 &#8211; Rennwagen:<\/p>\n<p><a href=\"http:\/\/victoria-rad.de\/wp-content\/uploads\/2020\/02\/751.jpg\" target=\"_blank\" rel=\"noopener noreferrer\"><img loading=\"lazy\" decoding=\"async\" class=\"aligncenter wp-image-7846 size-medium\" src=\"http:\/\/victoria-rad.de\/wp-content\/uploads\/2020\/02\/751-300x208.jpg\" alt=\"\" width=\"300\" height=\"208\" srcset=\"http:\/\/victoria-rad.de\/wp-content\/uploads\/2020\/02\/751-300x208.jpg 300w, http:\/\/victoria-rad.de\/wp-content\/uploads\/2020\/02\/751-150x104.jpg 150w, http:\/\/victoria-rad.de\/wp-content\/uploads\/2020\/02\/751-768x533.jpg 768w, http:\/\/victoria-rad.de\/wp-content\/uploads\/2020\/02\/751.jpg 800w\" sizes=\"auto, (max-width: 300px) 100vw, 300px\" \/><\/a><a href=\"http:\/\/victoria-rad.de\/wp-content\/uploads\/2020\/02\/752.jpg\" target=\"_blank\" rel=\"noopener noreferrer\"><img loading=\"lazy\" decoding=\"async\" class=\"aligncenter wp-image-7847 size-medium\" src=\"http:\/\/victoria-rad.de\/wp-content\/uploads\/2020\/02\/752-300x208.jpg\" alt=\"\" width=\"300\" height=\"208\" srcset=\"http:\/\/victoria-rad.de\/wp-content\/uploads\/2020\/02\/752-300x208.jpg 300w, http:\/\/victoria-rad.de\/wp-content\/uploads\/2020\/02\/752-150x104.jpg 150w, http:\/\/victoria-rad.de\/wp-content\/uploads\/2020\/02\/752-768x532.jpg 768w, http:\/\/victoria-rad.de\/wp-content\/uploads\/2020\/02\/752.jpg 800w\" sizes=\"auto, (max-width: 300px) 100vw, 300px\" \/><\/a><a href=\"http:\/\/victoria-rad.de\/wp-content\/uploads\/2020\/02\/98.jpg\" target=\"_blank\" rel=\"noopener noreferrer\"><img loading=\"lazy\" decoding=\"async\" class=\"aligncenter wp-image-7848 size-medium\" src=\"http:\/\/victoria-rad.de\/wp-content\/uploads\/2020\/02\/98-300x209.jpg\" alt=\"\" width=\"300\" height=\"209\" srcset=\"http:\/\/victoria-rad.de\/wp-content\/uploads\/2020\/02\/98-300x209.jpg 300w, http:\/\/victoria-rad.de\/wp-content\/uploads\/2020\/02\/98-150x104.jpg 150w, http:\/\/victoria-rad.de\/wp-content\/uploads\/2020\/02\/98-768x535.jpg 768w, http:\/\/victoria-rad.de\/wp-content\/uploads\/2020\/02\/98.jpg 800w\" sizes=\"auto, (max-width: 300px) 100vw, 300px\" \/><\/a><a href=\"http:\/\/victoria-rad.de\/wp-content\/uploads\/2020\/02\/99.jpg\" target=\"_blank\" rel=\"noopener noreferrer\"><img loading=\"lazy\" decoding=\"async\" class=\"aligncenter wp-image-7849 size-medium\" src=\"http:\/\/victoria-rad.de\/wp-content\/uploads\/2020\/02\/99-300x205.jpg\" alt=\"\" width=\"300\" height=\"205\" srcset=\"http:\/\/victoria-rad.de\/wp-content\/uploads\/2020\/02\/99-300x205.jpg 300w, http:\/\/victoria-rad.de\/wp-content\/uploads\/2020\/02\/99-150x102.jpg 150w, http:\/\/victoria-rad.de\/wp-content\/uploads\/2020\/02\/99-768x524.jpg 768w, http:\/\/victoria-rad.de\/wp-content\/uploads\/2020\/02\/99.jpg 800w\" sizes=\"auto, (max-width: 300px) 100vw, 300px\" \/><\/a><\/p>\n<p><strong>Nach diesem umfangreichen Bericht folgt im 3. Teil der Sonderausstellung die Rennwagengeschichte der n\u00e4chsten Generation, die F 9 Fahrzeuge bereits mit Dreizylinder-Motoren vom Typ F 9. Bitte noch etwas Zeit, aber dann viel Spa\u00df beim st\u00f6bern&#8230;<\/strong><\/p>\n<p>Ausz\u00fcge und Bilder stammen zum Teil aus der Brosch\u00fcre des Museums, diese ist dort f\u00fcr 8.- EUR zu erwerben:<\/p>\n<p><a href=\"http:\/\/victoria-rad.de\/wp-content\/uploads\/2020\/02\/6091.jpg\" target=\"_blank\" rel=\"noopener noreferrer\"><img loading=\"lazy\" decoding=\"async\" class=\"aligncenter wp-image-7882 size-medium\" src=\"http:\/\/victoria-rad.de\/wp-content\/uploads\/2020\/02\/6091-297x300.jpg\" alt=\"\" width=\"297\" height=\"300\" srcset=\"http:\/\/victoria-rad.de\/wp-content\/uploads\/2020\/02\/6091-297x300.jpg 297w, http:\/\/victoria-rad.de\/wp-content\/uploads\/2020\/02\/6091-768x775.jpg 768w, http:\/\/victoria-rad.de\/wp-content\/uploads\/2020\/02\/6091.jpg 793w\" sizes=\"auto, (max-width: 297px) 100vw, 297px\" \/><\/a><\/p>\n<p><img loading=\"lazy\" decoding=\"async\" class=\"alignnone size-medium wp-image-7853 aligncenter\" src=\"http:\/\/victoria-rad.de\/wp-content\/uploads\/2020\/02\/58-300x14.png\" alt=\"\" width=\"300\" height=\"14\" srcset=\"http:\/\/victoria-rad.de\/wp-content\/uploads\/2020\/02\/58-300x14.png 300w, http:\/\/victoria-rad.de\/wp-content\/uploads\/2020\/02\/58-150x7.png 150w, http:\/\/victoria-rad.de\/wp-content\/uploads\/2020\/02\/58.png 501w\" sizes=\"auto, (max-width: 300px) 100vw, 300px\" \/><\/p>\n<p>&nbsp;<\/p>\n<p>&nbsp;<\/p>\n","protected":false},"excerpt":{"rendered":"<p>Hier im zweiten Bericht wird die Zeit der Vierziger Jahre und sp\u00e4ter mit den DKW\u00a0 Rennwagen beleuchtet.\u00a0 Aber zuerst nochmal die Einladung ins S\u00e4chsische Fahrzeugmuseum in Chemnitz zur Sonderausstellung f\u00fcr DKW-Rennwagen: In diesem Bericht werden sehr viele Bilder gezeigt, die dem wahren Leben entsprechen, da die Personen, welche die Rennwagen noch aktiv fahren, unter uns &hellip; <a href=\"http:\/\/victoria-rad.de\/?p=7789\" class=\"more-link\"><span class=\"screen-reader-text\">DKW &#8211; Rennwagen Sonderausstellung 2. Teil, S\u00e4chsisches Fahrzeugmuseum Chemnitz&#8230;<\/span> weiterlesen<\/a><\/p>\n","protected":false},"author":1,"featured_media":0,"comment_status":"open","ping_status":"open","sticky":false,"template":"","format":"standard","meta":{"footnotes":""},"categories":[1],"tags":[],"class_list":["post-7789","post","type-post","status-publish","format-standard","hentry","category-uncategorized"],"_links":{"self":[{"href":"http:\/\/victoria-rad.de\/index.php?rest_route=\/wp\/v2\/posts\/7789","targetHints":{"allow":["GET"]}}],"collection":[{"href":"http:\/\/victoria-rad.de\/index.php?rest_route=\/wp\/v2\/posts"}],"about":[{"href":"http:\/\/victoria-rad.de\/index.php?rest_route=\/wp\/v2\/types\/post"}],"author":[{"embeddable":true,"href":"http:\/\/victoria-rad.de\/index.php?rest_route=\/wp\/v2\/users\/1"}],"replies":[{"embeddable":true,"href":"http:\/\/victoria-rad.de\/index.php?rest_route=%2Fwp%2Fv2%2Fcomments&post=7789"}],"version-history":[{"count":14,"href":"http:\/\/victoria-rad.de\/index.php?rest_route=\/wp\/v2\/posts\/7789\/revisions"}],"predecessor-version":[{"id":8012,"href":"http:\/\/victoria-rad.de\/index.php?rest_route=\/wp\/v2\/posts\/7789\/revisions\/8012"}],"wp:attachment":[{"href":"http:\/\/victoria-rad.de\/index.php?rest_route=%2Fwp%2Fv2%2Fmedia&parent=7789"}],"wp:term":[{"taxonomy":"category","embeddable":true,"href":"http:\/\/victoria-rad.de\/index.php?rest_route=%2Fwp%2Fv2%2Fcategories&post=7789"},{"taxonomy":"post_tag","embeddable":true,"href":"http:\/\/victoria-rad.de\/index.php?rest_route=%2Fwp%2Fv2%2Ftags&post=7789"}],"curies":[{"name":"wp","href":"https:\/\/api.w.org\/{rel}","templated":true}]}}