{"id":8206,"date":"2021-04-24T09:36:04","date_gmt":"2021-04-24T07:36:04","guid":{"rendered":"http:\/\/victoria-rad.de\/?p=8206"},"modified":"2021-04-24T09:36:04","modified_gmt":"2021-04-24T07:36:04","slug":"victoria-1-die-zweitaktmodelle-kleinmotorraeder-ab-1930-1939-im-ueberblick","status":"publish","type":"post","link":"http:\/\/victoria-rad.de\/?p=8206","title":{"rendered":"Victoria &#8211; 1. die Zweitaktmodelle, Kleinmotorr\u00e4der ab 1930 &#8211; 1939 im \u00dcberblick&#8230;"},"content":{"rendered":"\r\n<h4><span style=\"color: #333399;\">In den n\u00e4chsten 3 Berichten erfolgt ein \u00dcberblick der Zweitakt-Modelle von Victoria der Drei\u00dfiger Jahre&#8230;<\/span><\/h4>\r\n<p><strong>Victoria &#8211; die Kleinmotorr\u00e4der mit dem 74 ccm Fichtel &amp; Sachs &#8211; Motor<\/strong><\/p>\r\n\r\n\r\n\r\n<p>Die Weltwirtschaftskrise war da und Victoria, sowie auch viele andere Hersteller mussten sich einiges einfallen lassen, um nicht ins Hintertreffen zu geraten, denn die hubraumstarken Motorr\u00e4der verkaufte man weniger. Da kamen die Fichtel &amp; Sachs Motoren mit 74 ccm gerade recht, um diese L\u00fccke zu f\u00fcllen. Das Fahrrad erfuhr nat\u00fcrlich auch seine Berechtigung und seinen Aufschwung, um mit einem verst\u00e4rkten Rahmen diese Motoren aufzunehmen, bzw. auch die fahrwerkstechnischen Voraussetzungen zu erf\u00fcllen.<\/p>\r\n\r\n\r\n\r\n<p>Fichtel &amp; Sachs die Einbauvariante f\u00fcr das Fahrrad:<\/p>\r\n\r\n\r\n\r\n<div class=\"wp-block-image\">\r\n<figure class=\"aligncenter\"><a href=\"http:\/\/victoria-rad.de\/?attachment_id=2422\" target=\"_blank\" rel=\"noopener noreferrer\"><img loading=\"lazy\" decoding=\"async\" class=\"aligncenter wp-image-2422\" src=\"http:\/\/victoria-rad.de\/wp-content\/uploads\/2018\/10\/IMG_20181024_0005-Kopie-300x176.jpg\" alt=\"\" width=\"300\" height=\"176\" srcset=\"http:\/\/victoria-rad.de\/wp-content\/uploads\/2018\/10\/IMG_20181024_0005-Kopie-300x176.jpg 300w, http:\/\/victoria-rad.de\/wp-content\/uploads\/2018\/10\/IMG_20181024_0005-Kopie-768x451.jpg 768w, http:\/\/victoria-rad.de\/wp-content\/uploads\/2018\/10\/IMG_20181024_0005-Kopie-1024x602.jpg 1024w, http:\/\/victoria-rad.de\/wp-content\/uploads\/2018\/10\/IMG_20181024_0005-Kopie.jpg 1842w\" sizes=\"auto, (max-width: 300px) 100vw, 300px\" \/><\/a><\/figure>\r\n<\/div>\r\n\r\n\r\n\r\n<p style=\"text-align: center;\">Herrenmodell.<\/p>\r\n\r\n\r\n\r\n<div class=\"wp-block-image\">\r\n<figure class=\"aligncenter\"><a href=\"http:\/\/victoria-rad.de\/?attachment_id=2423\" target=\"_blank\" rel=\"noopener noreferrer\"><img loading=\"lazy\" decoding=\"async\" class=\"aligncenter wp-image-2423\" src=\"http:\/\/victoria-rad.de\/wp-content\/uploads\/2018\/10\/IMG_20181024_0005-300x175.jpg\" alt=\"\" width=\"300\" height=\"175\" srcset=\"http:\/\/victoria-rad.de\/wp-content\/uploads\/2018\/10\/IMG_20181024_0005-300x175.jpg 300w, http:\/\/victoria-rad.de\/wp-content\/uploads\/2018\/10\/IMG_20181024_0005-768x448.jpg 768w, http:\/\/victoria-rad.de\/wp-content\/uploads\/2018\/10\/IMG_20181024_0005-1024x598.jpg 1024w, http:\/\/victoria-rad.de\/wp-content\/uploads\/2018\/10\/IMG_20181024_0005.jpg 1825w\" sizes=\"auto, (max-width: 300px) 100vw, 300px\" \/><\/a><\/figure>\r\n<\/div>\r\n\r\n\r\n\r\n<p style=\"text-align: center;\">Damenmodell.<\/p>\r\n\r\n\r\n\r\n<div class=\"wp-block-image\">\r\n<figure class=\"aligncenter\"><a href=\"http:\/\/victoria-rad.de\/wp-content\/uploads\/2018\/10\/IMG_20181024_0001.jpg\" target=\"_blank\" rel=\"noopener noreferrer\"><img loading=\"lazy\" decoding=\"async\" class=\"aligncenter wp-image-2421\" src=\"http:\/\/victoria-rad.de\/wp-content\/uploads\/2018\/10\/IMG_20181024_0001-210x300.jpg\" alt=\"\" width=\"210\" height=\"300\" srcset=\"http:\/\/victoria-rad.de\/wp-content\/uploads\/2018\/10\/IMG_20181024_0001-210x300.jpg 210w, http:\/\/victoria-rad.de\/wp-content\/uploads\/2018\/10\/IMG_20181024_0001-768x1096.jpg 768w, http:\/\/victoria-rad.de\/wp-content\/uploads\/2018\/10\/IMG_20181024_0001-718x1024.jpg 718w\" sizes=\"auto, (max-width: 210px) 100vw, 210px\" \/><\/a><\/figure>\r\n<\/div>\r\n\r\n\r\n\r\n\r\n\r\n<p>Victoria &#8211; 74er Fichtel &amp; Sachs -H- Modell V75 1931:<\/p>\r\n\r\n\r\n\r\n<div class=\"wp-block-image\">\r\n<figure class=\"aligncenter\"><a href=\"http:\/\/victoria-rad.de\/wp-content\/uploads\/2018\/10\/IMG_20181025_0005-Kopie.jpg\" target=\"_blank\" rel=\"noopener noreferrer\"><img loading=\"lazy\" decoding=\"async\" class=\"aligncenter wp-image-2467\" src=\"http:\/\/victoria-rad.de\/wp-content\/uploads\/2018\/10\/IMG_20181025_0005-Kopie-300x165.jpg\" alt=\"\" width=\"300\" height=\"165\" srcset=\"http:\/\/victoria-rad.de\/wp-content\/uploads\/2018\/10\/IMG_20181025_0005-Kopie-300x165.jpg 300w, http:\/\/victoria-rad.de\/wp-content\/uploads\/2018\/10\/IMG_20181025_0005-Kopie-768x422.jpg 768w, http:\/\/victoria-rad.de\/wp-content\/uploads\/2018\/10\/IMG_20181025_0005-Kopie-1024x563.jpg 1024w\" sizes=\"auto, (max-width: 300px) 100vw, 300px\" \/><\/a><\/figure>\r\n<\/div>\r\n\r\n\r\n\r\n<p style=\"text-align: center;\">Mit vorgelegten Fu\u00dfrasten.<\/p>\r\n\r\n\r\n\r\n<div class=\"wp-block-image\">\r\n<figure class=\"aligncenter\"><a href=\"http:\/\/victoria-rad.de\/wp-content\/uploads\/2018\/10\/IMG_20181025_0005.jpg\" target=\"_blank\" rel=\"noopener noreferrer\"><img loading=\"lazy\" decoding=\"async\" class=\"aligncenter wp-image-2468\" src=\"http:\/\/victoria-rad.de\/wp-content\/uploads\/2018\/10\/IMG_20181025_0005-300x179.jpg\" alt=\"\" width=\"300\" height=\"179\" srcset=\"http:\/\/victoria-rad.de\/wp-content\/uploads\/2018\/10\/IMG_20181025_0005-300x179.jpg 300w, http:\/\/victoria-rad.de\/wp-content\/uploads\/2018\/10\/IMG_20181025_0005-768x458.jpg 768w, http:\/\/victoria-rad.de\/wp-content\/uploads\/2018\/10\/IMG_20181025_0005-1024x611.jpg 1024w\" sizes=\"auto, (max-width: 300px) 100vw, 300px\" \/><\/a><\/figure>\r\n<\/div>\r\n\r\n\r\n\r\n<p style=\"text-align: center;\">Victoria &#8211; 74er Fichtel &amp; Sachs -D- Modell V85 1931:ebenfalls mi Fu\u00dfrasten.<\/p>\r\n<p style=\"text-align: center;\"><a href=\"http:\/\/victoria-rad.de\/?attachment_id=2429\" target=\"_blank\" rel=\"noopener noreferrer\"><img loading=\"lazy\" decoding=\"async\" class=\"aligncenter wp-image-2429\" src=\"http:\/\/victoria-rad.de\/wp-content\/uploads\/2018\/10\/IMG_20181024_0010-300x188.jpg\" alt=\"\" width=\"300\" height=\"188\" srcset=\"http:\/\/victoria-rad.de\/wp-content\/uploads\/2018\/10\/IMG_20181024_0010-300x188.jpg 300w, http:\/\/victoria-rad.de\/wp-content\/uploads\/2018\/10\/IMG_20181024_0010-768x480.jpg 768w, http:\/\/victoria-rad.de\/wp-content\/uploads\/2018\/10\/IMG_20181024_0010-1024x640.jpg 1024w\" sizes=\"auto, (max-width: 300px) 100vw, 300px\" \/><\/a><a href=\"http:\/\/victoria-rad.de\/?attachment_id=2443\" target=\"_blank\" rel=\"noopener noreferrer\"><img loading=\"lazy\" decoding=\"async\" class=\"aligncenter wp-image-2443\" src=\"http:\/\/victoria-rad.de\/wp-content\/uploads\/2018\/10\/20181011_115857-e1540458345419-300x169.jpg\" alt=\"\" width=\"300\" height=\"169\" srcset=\"http:\/\/victoria-rad.de\/wp-content\/uploads\/2018\/10\/20181011_115857-e1540458345419-300x169.jpg 300w, http:\/\/victoria-rad.de\/wp-content\/uploads\/2018\/10\/20181011_115857-e1540458345419-768x432.jpg 768w, http:\/\/victoria-rad.de\/wp-content\/uploads\/2018\/10\/20181011_115857-e1540458345419-1024x576.jpg 1024w\" sizes=\"auto, (max-width: 300px) 100vw, 300px\" \/><\/a><\/p>\r\n\r\n\r\n\r\n\r\n\r\n\r\n\r\n\r\n\r\n\r\n\r\n\r\n\r\n\r\n\r\n\r\n\r\n\r\n\r\n\r\n\r\n\r\n\r\n\r\n\r\n\r\n\r\n\r\n\r\n\r\n\r\n\r\n\r\n\r\n\r\n\r\n\r\n\r\n\r\n\r\n\r\n\r\n\r\n\r\n\r\n\r\n\r\n\r\n\r\n\r\n\r\n\r\n\r\n\r\n\r\n\r\n\r\n\r\n\r\n\r\n\r\n\r\n\r\n\r\n\r\n\r\n\r\n\r\n\r\n\r\n\r\n\r\n\r\n\r\n\r\n\r\n\r\n\r\n\r\n\r\n\r\n\r\n\r\n\r\n\r\n\r\n\r\n\r\n\r\n\r\n\r\n\r\n\r\n\r\n\r\n\r\n\r\n<p>Victoria &#8211; V75L M\u00e4rz 1933:<\/p>\r\n\r\n\r\n\r\n<div class=\"wp-block-image\">\r\n<figure class=\"aligncenter\"><a href=\"http:\/\/victoria-rad.de\/?attachment_id=2456\" target=\"_blank\" rel=\"noopener noreferrer\"><img loading=\"lazy\" decoding=\"async\" class=\"aligncenter wp-image-2456\" src=\"http:\/\/victoria-rad.de\/wp-content\/uploads\/2018\/10\/IMG_20181025_0003-Kopie-2-300x169.jpg\" alt=\"\" width=\"300\" height=\"169\" srcset=\"http:\/\/victoria-rad.de\/wp-content\/uploads\/2018\/10\/IMG_20181025_0003-Kopie-2-300x169.jpg 300w, http:\/\/victoria-rad.de\/wp-content\/uploads\/2018\/10\/IMG_20181025_0003-Kopie-2-768x432.jpg 768w, http:\/\/victoria-rad.de\/wp-content\/uploads\/2018\/10\/IMG_20181025_0003-Kopie-2-1024x576.jpg 1024w\" sizes=\"auto, (max-width: 300px) 100vw, 300px\" \/><\/a><\/figure>\r\n<\/div>\r\n\r\n\r\n\r\n<p style=\"text-align: center;\">Tank mit Victoriaengel in moderner Ausf\u00fchrung.<\/p>\r\n<p><\/p>\r\n<p><strong>Victoria Kleinmotorr\u00e4der mit 98er Fichtel &amp; Sachs Motor ab 1932 &#8211; 1938<\/strong><\/p>\r\n<p>\r\n\r\n<\/p>\r\n<p>Victoria &#8211; Kleinmotorrad vom Fahrrad kommend mit 98er Fichtel &amp; Sachs und der Leistung von 2,25 PS Zweitakter als Modell V 98 Herrenmodell und V 108 als Damenmodell ab dem Baujahr 1932. Das erste Modell war noch mit dem h\u00e4ngenden Tank, mit der Verzierung des Victoriaengels. Am Anfang mit schwarzer Emaillierung und vorderer Felgenbremse:<\/p>\r\n<p>\r\n\r\n<\/p>\r\n<div class=\"wp-block-image\">\r\n<figure class=\"aligncenter\"><a href=\"http:\/\/victoria-rad.de\/wp-content\/uploads\/2018\/10\/20181011_115357-e1540664275919.jpg\" target=\"_blank\" rel=\"noopener noreferrer\"><img loading=\"lazy\" decoding=\"async\" class=\"aligncenter wp-image-2484\" src=\"http:\/\/victoria-rad.de\/wp-content\/uploads\/2018\/10\/20181011_115357-e1540664275919-300x169.jpg\" alt=\"\" width=\"300\" height=\"169\" srcset=\"http:\/\/victoria-rad.de\/wp-content\/uploads\/2018\/10\/20181011_115357-e1540664275919-300x169.jpg 300w, http:\/\/victoria-rad.de\/wp-content\/uploads\/2018\/10\/20181011_115357-e1540664275919-768x432.jpg 768w, http:\/\/victoria-rad.de\/wp-content\/uploads\/2018\/10\/20181011_115357-e1540664275919-1024x576.jpg 1024w\" sizes=\"auto, (max-width: 300px) 100vw, 300px\" \/><\/a><\/figure>\r\n<\/div>\r\n<p>\r\n\r\n<\/p>\r\n<p style=\"text-align: center;\">Original &#8211; Kleinmotorrad mit dem 98er Motor.<a href=\"http:\/\/victoria-rad.de\/wp-content\/uploads\/2018\/10\/IMG_20181024_0025.jpg\" target=\"_blank\" rel=\"noopener noreferrer\"><img loading=\"lazy\" decoding=\"async\" class=\"aligncenter wp-image-2492\" src=\"http:\/\/victoria-rad.de\/wp-content\/uploads\/2018\/10\/IMG_20181024_0025-300x271.jpg\" alt=\"\" width=\"300\" height=\"271\" srcset=\"http:\/\/victoria-rad.de\/wp-content\/uploads\/2018\/10\/IMG_20181024_0025-300x271.jpg 300w, http:\/\/victoria-rad.de\/wp-content\/uploads\/2018\/10\/IMG_20181024_0025-768x694.jpg 768w, http:\/\/victoria-rad.de\/wp-content\/uploads\/2018\/10\/IMG_20181024_0025-1024x925.jpg 1024w\" sizes=\"auto, (max-width: 300px) 100vw, 300px\" \/><\/a><\/p>\r\n<p>\r\n\r\n\r\n\r\n\r\n\r\n\r\n\r\n\r\n\r\n<\/p>\r\n<p>\r\n\r\n<\/p>\r\n<p>\r\n\r\n\r\n\r\n\r\n\r\n\r\n\r\n\r\n\r\n\r\n\r\n\r\n\r\n\r\n\r\n\r\n\r\n\r\n\r\n\r\n\r\n\r\n\r\n\r\n\r\n<\/p>\r\n<p>Verkaufsprospekt von 1935:<\/p>\r\n<p>\r\n\r\n<\/p>\r\n<div class=\"wp-block-image\">\r\n<figure class=\"aligncenter\"><a href=\"http:\/\/victoria-rad.de\/wp-content\/uploads\/2018\/10\/IMG_20181026_0002.jpg\" target=\"_blank\" rel=\"noopener noreferrer\"><img loading=\"lazy\" decoding=\"async\" class=\"aligncenter wp-image-2507\" src=\"http:\/\/victoria-rad.de\/wp-content\/uploads\/2018\/10\/IMG_20181026_0002-206x300.jpg\" alt=\"\" width=\"206\" height=\"300\" srcset=\"http:\/\/victoria-rad.de\/wp-content\/uploads\/2018\/10\/IMG_20181026_0002-206x300.jpg 206w, http:\/\/victoria-rad.de\/wp-content\/uploads\/2018\/10\/IMG_20181026_0002-768x1118.jpg 768w, http:\/\/victoria-rad.de\/wp-content\/uploads\/2018\/10\/IMG_20181026_0002-703x1024.jpg 703w\" sizes=\"auto, (max-width: 206px) 100vw, 206px\" \/><\/a><\/figure>\r\n<\/div>\r\n<p>\r\n\r\n\r\n\r\n\r\n\r\n\r\n\r\n\r\n\r\n<\/p>\r\n<p>Wie bereits in diesem Prospekt vorgestellt, kamen dann 1936 die Jubil\u00e4umsmodelle (50 Jahre Victoria) auf den Markt. Mit einer exzellenten Tanklackierung, viel Chrom und den im Ehrenkranz eingeschlossenen Victoriaengel, oder als qualitativer Rhombus dargestellt:<\/p>\r\n<p>\r\n\r\n<\/p>\r\n<div class=\"wp-block-image\">\r\n<figure class=\"aligncenter\"><a href=\"http:\/\/victoria-rad.de\/wp-content\/uploads\/2018\/10\/IMG_20181027_0001.jpg\" target=\"_blank\" rel=\"noopener noreferrer\"><img loading=\"lazy\" decoding=\"async\" class=\"aligncenter wp-image-2515\" src=\"http:\/\/victoria-rad.de\/wp-content\/uploads\/2018\/10\/IMG_20181027_0001-214x300.jpg\" alt=\"\" width=\"214\" height=\"300\" srcset=\"http:\/\/victoria-rad.de\/wp-content\/uploads\/2018\/10\/IMG_20181027_0001-214x300.jpg 214w, http:\/\/victoria-rad.de\/wp-content\/uploads\/2018\/10\/IMG_20181027_0001-768x1076.jpg 768w, http:\/\/victoria-rad.de\/wp-content\/uploads\/2018\/10\/IMG_20181027_0001-731x1024.jpg 731w, http:\/\/victoria-rad.de\/wp-content\/uploads\/2018\/10\/IMG_20181027_0001.jpg 1123w\" sizes=\"auto, (max-width: 214px) 100vw, 214px\" \/><\/a><\/figure>\r\n<\/div>\r\n<p>\r\n\r\n<\/p>\r\n<div class=\"wp-block-image\">\r\n<figure class=\"aligncenter\"><a href=\"http:\/\/victoria-rad.de\/?attachment_id=2513\" target=\"_blank\" rel=\"noopener noreferrer\"><img loading=\"lazy\" decoding=\"async\" class=\"aligncenter wp-image-2513\" src=\"http:\/\/victoria-rad.de\/wp-content\/uploads\/2018\/10\/Victoria-Buch-Bilder-038-300x190.jpg\" alt=\"\" width=\"300\" height=\"190\" srcset=\"http:\/\/victoria-rad.de\/wp-content\/uploads\/2018\/10\/Victoria-Buch-Bilder-038-300x190.jpg 300w, http:\/\/victoria-rad.de\/wp-content\/uploads\/2018\/10\/Victoria-Buch-Bilder-038-768x487.jpg 768w, http:\/\/victoria-rad.de\/wp-content\/uploads\/2018\/10\/Victoria-Buch-Bilder-038-1024x649.jpg 1024w\" sizes=\"auto, (max-width: 300px) 100vw, 300px\" \/><\/a><\/figure>\r\n<\/div>\r\n<p>\r\n\r\n\r\n\r\n<\/p>\r\n<p style=\"text-align: center;\">Jubil\u00e4umsmodell V 98 L.<\/p>\r\n<p>\r\n\r\n<\/p>\r\n<p>Man konnte auch eine Pendelgabel bestellen, hier als Damenmodell V 108 L mit niedrigen Durchstieg gezeigt:<\/p>\r\n<p><a href=\"http:\/\/victoria-rad.de\/wp-content\/uploads\/2021\/04\/60-Victoria-Modell-98-D-1936.jpg\" target=\"_blank\" rel=\"noopener\"><img loading=\"lazy\" decoding=\"async\" class=\"aligncenter wp-image-10324 size-medium\" src=\"http:\/\/victoria-rad.de\/wp-content\/uploads\/2021\/04\/60-Victoria-Modell-98-D-1936-300x225.jpg\" alt=\"\" width=\"300\" height=\"225\" srcset=\"http:\/\/victoria-rad.de\/wp-content\/uploads\/2021\/04\/60-Victoria-Modell-98-D-1936-300x225.jpg 300w, http:\/\/victoria-rad.de\/wp-content\/uploads\/2021\/04\/60-Victoria-Modell-98-D-1936-150x113.jpg 150w, http:\/\/victoria-rad.de\/wp-content\/uploads\/2021\/04\/60-Victoria-Modell-98-D-1936-768x576.jpg 768w, http:\/\/victoria-rad.de\/wp-content\/uploads\/2021\/04\/60-Victoria-Modell-98-D-1936.jpg 1000w\" sizes=\"auto, (max-width: 300px) 100vw, 300px\" \/><\/a><\/p>\r\n<p>\r\n\r\n\r\n\r\n\r\n\r\n<\/p>\r\n<p>\r\n\r\n\r\n\r\n<\/p>\r\n<p>Die Tankformen der Jubil\u00e4umsmodelle mit Engel und Ehrenkranz:<\/p>\r\n<p>\r\n\r\n<\/p>\r\n<div class=\"wp-block-image\">\r\n<figure class=\"aligncenter\"><a href=\"http:\/\/victoria-rad.de\/wp-content\/uploads\/2018\/10\/Image00559.jpg\" target=\"_blank\" rel=\"noopener noreferrer\"><img loading=\"lazy\" decoding=\"async\" class=\"aligncenter wp-image-2519\" src=\"http:\/\/victoria-rad.de\/wp-content\/uploads\/2018\/10\/Image00559-300x78.jpg\" alt=\"\" width=\"300\" height=\"78\" srcset=\"http:\/\/victoria-rad.de\/wp-content\/uploads\/2018\/10\/Image00559-300x78.jpg 300w, http:\/\/victoria-rad.de\/wp-content\/uploads\/2018\/10\/Image00559-768x201.jpg 768w, http:\/\/victoria-rad.de\/wp-content\/uploads\/2018\/10\/Image00559-1024x268.jpg 1024w, http:\/\/victoria-rad.de\/wp-content\/uploads\/2018\/10\/Image00559.jpg 1730w\" sizes=\"auto, (max-width: 300px) 100vw, 300px\" \/><\/a><\/figure>\r\n<p><a href=\"http:\/\/victoria-rad.de\/wp-content\/uploads\/2021\/04\/IMG_20190312_0002-scaled.jpg\" target=\"_blank\" rel=\"noopener\"><img loading=\"lazy\" decoding=\"async\" class=\"aligncenter wp-image-10325 size-medium\" src=\"http:\/\/victoria-rad.de\/wp-content\/uploads\/2021\/04\/IMG_20190312_0002-300x102.jpg\" alt=\"\" width=\"300\" height=\"102\" srcset=\"http:\/\/victoria-rad.de\/wp-content\/uploads\/2021\/04\/IMG_20190312_0002-300x102.jpg 300w, http:\/\/victoria-rad.de\/wp-content\/uploads\/2021\/04\/IMG_20190312_0002-1024x347.jpg 1024w, http:\/\/victoria-rad.de\/wp-content\/uploads\/2021\/04\/IMG_20190312_0002-150x51.jpg 150w, http:\/\/victoria-rad.de\/wp-content\/uploads\/2021\/04\/IMG_20190312_0002-768x261.jpg 768w, http:\/\/victoria-rad.de\/wp-content\/uploads\/2021\/04\/IMG_20190312_0002-1536x521.jpg 1536w, http:\/\/victoria-rad.de\/wp-content\/uploads\/2021\/04\/IMG_20190312_0002-2048x695.jpg 2048w\" sizes=\"auto, (max-width: 300px) 100vw, 300px\" \/><\/a><\/p>\r\n<\/div>\r\n<p>&nbsp;<\/p>\r\n<p>\r\n\r\n<\/p>\r\n<div class=\"wp-block-image\">\r\n<p style=\"text-align: center;\"><img loading=\"lazy\" decoding=\"async\" class=\"alignnone size-medium wp-image-7458 aligncenter\" src=\"http:\/\/victoria-rad.de\/wp-content\/uploads\/2020\/01\/58-4-300x14.png\" alt=\"\" width=\"300\" height=\"14\" srcset=\"http:\/\/victoria-rad.de\/wp-content\/uploads\/2020\/01\/58-4-300x14.png 300w, http:\/\/victoria-rad.de\/wp-content\/uploads\/2020\/01\/58-4-150x7.png 150w, http:\/\/victoria-rad.de\/wp-content\/uploads\/2020\/01\/58-4.png 501w\" sizes=\"auto, (max-width: 300px) 100vw, 300px\" \/><\/p>\r\n<div class=\"wp-block-image\">\r\n<div>\r\n<div class=\"wp-block-image\">\r\n<div class=\"wp-block-image\">\r\n<p>&nbsp;<\/p>\r\n<p>&nbsp;<\/p>\r\n<p>&nbsp;<\/p>\r\n<p>&nbsp;<\/p>\r\n<p>&nbsp;<\/p>\r\n<p>&nbsp;<\/p>\r\n<p>&nbsp;<\/p>\r\n<p>&nbsp;<\/p>\r\n<p>&nbsp;<\/p>\r\n<p>&nbsp;<\/p>\r\n<p>&nbsp;<\/p>\r\n<\/div>\r\n<figure class=\"wp-block-image\"><\/figure>\r\n<div class=\"wp-block-image\">\u00a0<\/div>\r\n<div class=\"wp-block-image\">\u00a0<\/div>\r\n<p>&nbsp;<\/p>\r\n<p>&nbsp;<\/p>\r\n<p>&nbsp;<\/p>\r\n<p>&nbsp;<\/p>\r\n<p>&nbsp;<\/p>\r\n<p>&nbsp;<\/p>\r\n<figure class=\"wp-block-image\"><\/figure>\r\n<div class=\"wp-block-image\">\u00a0<\/div>\r\n<div class=\"wp-block-image\">\u00a0<\/div>\r\n<div class=\"wp-block-image\">\u00a0<\/div>\r\n<div class=\"wp-block-image\">\u00a0<\/div>\r\n<div class=\"wp-block-image\">\u00a0<\/div>\r\n<div class=\"wp-block-image\">\u00a0<\/div>\r\n<div class=\"wp-block-image\">\u00a0<\/div>\r\n<p>&nbsp;<\/p>\r\n<div class=\"wp-block-image\">\u00a0<\/div>\r\n<div class=\"wp-block-image\">\u00a0<\/div>\r\n<div class=\"wp-block-image\">\u00a0<\/div>\r\n<p>&nbsp;<\/p>\r\n<p>&nbsp;<\/p>\r\n<p>&nbsp;<\/p>\r\n<p>&nbsp;<\/p>\r\n<figure class=\"wp-block-image\"><\/figure>\r\n<div class=\"wp-block-image\">\u00a0<\/div>\r\n<\/div>\r\n<div class=\"wp-block-image\">\u00a0<\/div>\r\n<div class=\"wp-block-image\">\u00a0<\/div>\r\n<\/div>\r\n<div>\u00a0<\/div>\r\n<figure class=\"wp-block-image\"><\/figure>\r\n<div class=\"wp-block-image\">\u00a0<\/div>\r\n<\/div>\r\n<div class=\"wp-block-image\">\u00a0<\/div>\r\n<figure class=\"wp-block-image\"><\/figure>\r\n<div class=\"wp-block-image\">\u00a0<\/div>\r\n<p>&nbsp;<\/p>\r\n<\/div>\r\n<p>\r\n\r\n<\/p>\r\n<p>&nbsp;<\/p>\r\n<p>\r\n\r\n\r\n\r\n<\/p>\r\n<p>&nbsp;<\/p>\r\n<p>\r\n\r\n\r\n\r\n<\/p>\r\n<p>&nbsp;<\/p>\r\n<p>\r\n\r\n\r\n\r\n<\/p>\r\n<p>&nbsp;<\/p>\r\n<p>\r\n\r\n\r\n\r\n\r\n\r\n\r\n\r\n<\/p>\r\n<p>&nbsp;<\/p>\r\n<p>\r\n\r\n\r\n\r\n<\/p>\r\n<p>&nbsp;<\/p>\r\n<p>&nbsp;<\/p>\r\n<p>&nbsp;<\/p>\r\n<p>&nbsp;<\/p>\r\n<p>&nbsp;<\/p>\r\n<p>\r\n\r\n\r\n\r\n\r\n\r\n\r\n\r\n\r\n\r\n\r\n\r\n<\/p>\r\n\r\n\r\n\r\n<p>&nbsp;<\/p>\r\n\r\n\r\n\r\n\r\n\r\n<p>&nbsp;<\/p>\r\n\r\n\r\n\r\n\r\n\r\n\r\n\r\n\r\n\r\n\r\n\r\n\r\n\r\n\r\n\r\n\r\n\r\n\r\n\r\n<p>&nbsp;<\/p>\r\n\r\n\r\n\r\n\r\n\r\n\r\n\r\n\r\n\r\n\r\n\r\n\r\n\r\n\r\n\r\n\r\n\r\n\r\n\r\n<p>&nbsp;<\/p>\r\n\r\n\r\n\r\n\r\n\r\n\r\n","protected":false},"excerpt":{"rendered":"<p>In den n\u00e4chsten 3 Berichten erfolgt ein \u00dcberblick der Zweitakt-Modelle von Victoria der Drei\u00dfiger Jahre&#8230; Victoria &#8211; die Kleinmotorr\u00e4der mit dem 74 ccm Fichtel &amp; Sachs &#8211; Motor Die Weltwirtschaftskrise war da und Victoria, sowie auch viele andere Hersteller mussten sich einiges einfallen lassen, um nicht ins Hintertreffen zu geraten, denn die hubraumstarken Motorr\u00e4der verkaufte &hellip; <a href=\"http:\/\/victoria-rad.de\/?p=8206\" class=\"more-link\"><span class=\"screen-reader-text\">Victoria &#8211; 1. die Zweitaktmodelle, Kleinmotorr\u00e4der ab 1930 &#8211; 1939 im \u00dcberblick&#8230;<\/span> weiterlesen<\/a><\/p>\n","protected":false},"author":1,"featured_media":0,"comment_status":"open","ping_status":"open","sticky":false,"template":"","format":"standard","meta":{"footnotes":""},"categories":[1],"tags":[],"class_list":["post-8206","post","type-post","status-publish","format-standard","hentry","category-uncategorized"],"_links":{"self":[{"href":"http:\/\/victoria-rad.de\/index.php?rest_route=\/wp\/v2\/posts\/8206","targetHints":{"allow":["GET"]}}],"collection":[{"href":"http:\/\/victoria-rad.de\/index.php?rest_route=\/wp\/v2\/posts"}],"about":[{"href":"http:\/\/victoria-rad.de\/index.php?rest_route=\/wp\/v2\/types\/post"}],"author":[{"embeddable":true,"href":"http:\/\/victoria-rad.de\/index.php?rest_route=\/wp\/v2\/users\/1"}],"replies":[{"embeddable":true,"href":"http:\/\/victoria-rad.de\/index.php?rest_route=%2Fwp%2Fv2%2Fcomments&post=8206"}],"version-history":[{"count":32,"href":"http:\/\/victoria-rad.de\/index.php?rest_route=\/wp\/v2\/posts\/8206\/revisions"}],"predecessor-version":[{"id":10331,"href":"http:\/\/victoria-rad.de\/index.php?rest_route=\/wp\/v2\/posts\/8206\/revisions\/10331"}],"wp:attachment":[{"href":"http:\/\/victoria-rad.de\/index.php?rest_route=%2Fwp%2Fv2%2Fmedia&parent=8206"}],"wp:term":[{"taxonomy":"category","embeddable":true,"href":"http:\/\/victoria-rad.de\/index.php?rest_route=%2Fwp%2Fv2%2Fcategories&post=8206"},{"taxonomy":"post_tag","embeddable":true,"href":"http:\/\/victoria-rad.de\/index.php?rest_route=%2Fwp%2Fv2%2Ftags&post=8206"}],"curies":[{"name":"wp","href":"https:\/\/api.w.org\/{rel}","templated":true}]}}