{"id":822,"date":"2018-07-24T10:10:03","date_gmt":"2018-07-24T10:10:03","guid":{"rendered":"http:\/\/victoria-rad.de\/?p=822"},"modified":"2020-02-17T15:24:05","modified_gmt":"2020-02-17T15:24:05","slug":"victoria-sport-und-kompressor-motorraeder-auf-basis-k-r-iii-1925-1926","status":"publish","type":"post","link":"http:\/\/victoria-rad.de\/?p=822","title":{"rendered":"VICTORIA &#8211; Motorrad KR 3 &#8211; Sport und Kompressor-Motorr\u00e4der auf Basis K.R.III. 1925\/1926"},"content":{"rendered":"\r\n<p>Im Jahr 1919 begann bei der Firma Victoria eine neue \u00c4ra mit dem Motorradbau nach dem ersten Weltkrieg. Anf\u00e4nglich kaufte man Motoren von BMW mit der Modellbezeichnung &#8222;M2B15&#8220; zu und baute sie in die eigens daf\u00fcr konstruierten Fahrgestelle ein. Das erste Motorrad mit der Typbezeichnung K.R.I. war mit diesen seitengesteuerten Motor best\u00fcckt, welcher mit 6,5 PS Bremsleistung bei einer Motordrehzahl bis 3000 U\/min arbeitete. Der Konstrukteur Martin Stolle, welcher beruflich von BMW zu Victoria wechselte, fuhr eine K.R.I. privat. Er konnte selbst im Jahr 1921 einige sportliche Erfolge mit diesem Motorrad f\u00fcr sich verbuchen.<\/p>\r\n\r\n\r\n\r\n<div class=\"wp-block-image\">\r\n<figure class=\"aligncenter\"><a href=\"http:\/\/victoria-rad.de\/wp-content\/uploads\/2018\/07\/IMG_20180714_0002-1.jpg\" target=\"_blank\" rel=\"noopener noreferrer\"><img loading=\"lazy\" decoding=\"async\" class=\"aligncenter wp-image-823\" src=\"http:\/\/victoria-rad.de\/wp-content\/uploads\/2018\/07\/IMG_20180714_0002-1-300x251.jpg\" alt=\"\" width=\"300\" height=\"251\" srcset=\"http:\/\/victoria-rad.de\/wp-content\/uploads\/2018\/07\/IMG_20180714_0002-1-300x251.jpg 300w, http:\/\/victoria-rad.de\/wp-content\/uploads\/2018\/07\/IMG_20180714_0002-1-768x643.jpg 768w, http:\/\/victoria-rad.de\/wp-content\/uploads\/2018\/07\/IMG_20180714_0002-1-1024x858.jpg 1024w\" sizes=\"auto, (max-width: 300px) 100vw, 300px\" \/><\/a><\/figure>\r\n<\/div>\r\n\r\n\r\n\r\n<p>\u00a0 \u00a0 \u00a0\u00a0 Martin Stolle, Bild: Verlag Kleine Vennekate Quelle &#8211; Thomas Reinwald.<\/p>\r\n\r\n\r\n\r\n<p>Martin Stolle hat bei der Firma Sedlbauer in M\u00fcnchen, welche 1923 von Victoria \u00fcbernommen wurde, den zweiten Motor, bereits kopfgesteuert, entwickelt. Die Leistung betrug 9 PS mit 499 ccm. Das zweite Modell hie\u00df K.R.II., war aber noch mit einem Zweiganggetriebe und Riementrieb, wie das Vorg\u00e4ngermodell unterwegs.<\/p>\r\n\r\n\r\n\r\n<div class=\"wp-block-image\">\r\n<figure class=\"aligncenter\"><a href=\"http:\/\/victoria-rad.de\/wp-content\/uploads\/2018\/07\/IMG_20141128_0013-2.jpg\"><img loading=\"lazy\" decoding=\"async\" class=\"aligncenter wp-image-824\" src=\"http:\/\/victoria-rad.de\/wp-content\/uploads\/2018\/07\/IMG_20141128_0013-2-300x187.jpg\" alt=\"\" width=\"300\" height=\"187\" srcset=\"http:\/\/victoria-rad.de\/wp-content\/uploads\/2018\/07\/IMG_20141128_0013-2-300x187.jpg 300w, http:\/\/victoria-rad.de\/wp-content\/uploads\/2018\/07\/IMG_20141128_0013-2-768x478.jpg 768w, http:\/\/victoria-rad.de\/wp-content\/uploads\/2018\/07\/IMG_20141128_0013-2-1024x638.jpg 1024w\" sizes=\"auto, (max-width: 300px) 100vw, 300px\" \/><\/a><\/figure>\r\n<\/div>\r\n\r\n\r\n\r\n<p>K.R.II. mit Vordergabel von K.R.I., Riementrieb, Keilklotzbremse aber &#8211; neuem Rahmen und kopfgesteuerten Motor.<\/p>\r\n\r\n\r\n\r\n<p>Unter st\u00e4ndiger ineinander greifender Ver\u00e4nderung entstand in der Folge das neue Modell K.R.III. Das Motorrad bekam einen technisch besseren Motor mit 12 PS und au\u00dfenliegenden Vergaser, sowie eine neue Vordergabel mit horizontalel und vertikaler Federung. Eine wesentliche Verbesserung war der Kettenradantrieb in der zweiten Version mit integrierten Ruckd\u00e4mpfer-Federn. Man war wesentlich komfortabler unterwegs, vor allem im Seitenwagen-Betrieb. Mit diesen K.R.III. Motorr\u00e4dern fuhr man auch bei einigen Wettbewerben und konnte weitere Erfolge erzielen.<\/p>\r\n\r\n\r\n\r\n<div class=\"wp-block-image\">\r\n<figure class=\"aligncenter\"><a href=\"http:\/\/victoria-rad.de\/wp-content\/uploads\/2018\/07\/Victoria-KR3-Originazustand.jpg\"><img loading=\"lazy\" decoding=\"async\" class=\"aligncenter wp-image-757\" src=\"http:\/\/victoria-rad.de\/wp-content\/uploads\/2018\/07\/Victoria-KR3-Originazustand-300x203.jpg\" alt=\"\" width=\"300\" height=\"203\" srcset=\"http:\/\/victoria-rad.de\/wp-content\/uploads\/2018\/07\/Victoria-KR3-Originazustand-300x203.jpg 300w, http:\/\/victoria-rad.de\/wp-content\/uploads\/2018\/07\/Victoria-KR3-Originazustand-768x520.jpg 768w, http:\/\/victoria-rad.de\/wp-content\/uploads\/2018\/07\/Victoria-KR3-Originazustand-1024x693.jpg 1024w\" sizes=\"auto, (max-width: 300px) 100vw, 300px\" \/><\/a><\/figure>\r\n<\/div>\r\n\r\n\r\n\r\n<p>\u00a0 \u00a0 \u00a0 \u00a0 \u00a0 \u00a0 \u00a0 \u00a0 \u00a0 \u00a0 \u00a0 \u00a0 \u00a0 \u00a0 \u00a0 \u00a0 \u00a0 \u00a0 \u00a0 \u00a0 \u00a0 \u00a0 \u00a0 \u00a0 K.R.III. im Originalzustand.<\/p>\r\n\r\n\r\n\r\n<p>Die Begehrlichkeiten nach weiteren Siegen bei Meisterschaften setzten nat\u00fcrlich weitere Ver\u00e4nderungen am Motor voraus, denn mit den Serienmotoren war man am Ende mit Leistungssteigerungen. Im n\u00e4chsten Bild sieht man den Werksfahrer Adolf Brudes auf einer K.R.III. mit Doppelvergaseranlage und weiter modifizierten Motor. Aller Wahrscheinlichkeit nach wurde dieser Motor zu Testzwecken in ein \u00e4lteres Modell der Serie 1 eingebaut.<\/p>\r\n\r\n\r\n\r\n<div class=\"wp-block-image\">\r\n<figure class=\"aligncenter\"><a href=\"http:\/\/victoria-rad.de\/wp-content\/uploads\/2018\/07\/IMG_20180723_0001.jpg\"><img loading=\"lazy\" decoding=\"async\" class=\"aligncenter wp-image-825\" src=\"http:\/\/victoria-rad.de\/wp-content\/uploads\/2018\/07\/IMG_20180723_0001-300x300.jpg\" alt=\"\" width=\"300\" height=\"300\" srcset=\"http:\/\/victoria-rad.de\/wp-content\/uploads\/2018\/07\/IMG_20180723_0001-300x300.jpg 300w, http:\/\/victoria-rad.de\/wp-content\/uploads\/2018\/07\/IMG_20180723_0001-150x150.jpg 150w, http:\/\/victoria-rad.de\/wp-content\/uploads\/2018\/07\/IMG_20180723_0001-768x768.jpg 768w, http:\/\/victoria-rad.de\/wp-content\/uploads\/2018\/07\/IMG_20180723_0001-1024x1024.jpg 1024w, http:\/\/victoria-rad.de\/wp-content\/uploads\/2018\/07\/IMG_20180723_0001.jpg 1938w\" sizes=\"auto, (max-width: 300px) 100vw, 300px\" \/><\/a><\/figure>\r\n<\/div>\r\n\r\n\r\n\r\n<p>\u00a0 \u00a0 \u00a0 \u00a0 \u00a0 \u00a0 \u00a0 \u00a0\u00a0 Adolf Brudes, Quelle: Verlag Kleine Vennekate, Thomas Reinwald.<\/p>\r\n\r\n\r\n\r\n<p>F\u00fcr die sportliche Auslegung musste ein neues Fahrwerk konstruiert werden. Mit einem verk\u00fcrzten und tiefer gelegten Rahmen, mit dem tief gezogenen Sportlenker hat man eine wesentlich bessere Stra\u00dfenlage erreicht, und es sah auch wie ein Rennmotorrad aus. Der Tank war wie bei den Kompressor-Motorr\u00e4dern ausgebildet und auch der Vorl\u00e4ufer f\u00fcr die sp\u00e4teren KRVI Modelle. Die neue Vorderradbremse ist bereits ein Merkmal, das dieses Modell aus 1926 stammt. Die Bremse baute man 1927 und 1928 serienm\u00e4\u00dfig in KRIII-Modelle.<\/p>\r\n\r\n\r\n\r\n<p>Neuer Rahmen f\u00fcr das Sportmodell K.R.III.:<\/p>\r\n\r\n\r\n\r\n<div class=\"wp-block-image\">\r\n<figure class=\"aligncenter\"><a href=\"http:\/\/victoria-rad.de\/wp-content\/uploads\/2018\/07\/DSCN0469.jpg\" target=\"_blank\" rel=\"noopener noreferrer\"><img loading=\"lazy\" decoding=\"async\" class=\"aligncenter wp-image-873\" src=\"http:\/\/victoria-rad.de\/wp-content\/uploads\/2018\/07\/DSCN0469-300x225.jpg\" alt=\"\" width=\"300\" height=\"225\" srcset=\"http:\/\/victoria-rad.de\/wp-content\/uploads\/2018\/07\/DSCN0469-300x225.jpg 300w, http:\/\/victoria-rad.de\/wp-content\/uploads\/2018\/07\/DSCN0469-768x576.jpg 768w, http:\/\/victoria-rad.de\/wp-content\/uploads\/2018\/07\/DSCN0469-1024x768.jpg 1024w\" sizes=\"auto, (max-width: 300px) 100vw, 300px\" \/><\/a><\/figure>\r\n<\/div>\r\n\r\n\r\n\r\n<div class=\"wp-block-image\">\r\n<figure class=\"aligncenter\"><a href=\"http:\/\/victoria-rad.de\/wp-content\/uploads\/2018\/07\/IMG_20160119_0001.jpg\" target=\"_blank\" rel=\"noopener noreferrer\"><img loading=\"lazy\" decoding=\"async\" class=\"aligncenter wp-image-826\" src=\"http:\/\/victoria-rad.de\/wp-content\/uploads\/2018\/07\/IMG_20160119_0001-300x206.jpg\" alt=\"\" width=\"300\" height=\"206\" srcset=\"http:\/\/victoria-rad.de\/wp-content\/uploads\/2018\/07\/IMG_20160119_0001-300x206.jpg 300w, http:\/\/victoria-rad.de\/wp-content\/uploads\/2018\/07\/IMG_20160119_0001-768x527.jpg 768w, http:\/\/victoria-rad.de\/wp-content\/uploads\/2018\/07\/IMG_20160119_0001-1024x703.jpg 1024w\" sizes=\"auto, (max-width: 300px) 100vw, 300px\" \/><\/a><\/figure>\r\n<\/div>\r\n\r\n\r\n\r\n<p>\u00a0 \u00a0 K.R.III. &#8211; Sportmodell mit Doppelvergaseranlage und neu modifizierten Motor \u00a0 \u00a0 \u00a0 und Fahrgestell.<\/p>\r\n\r\n\r\n\r\n<div class=\"wp-block-image\">\r\n<figure class=\"aligncenter\"><a href=\"http:\/\/victoria-rad.de\/wp-content\/uploads\/2018\/08\/IMG_20150311_0037-Kopie.jpg\" target=\"_blank\" rel=\"noopener noreferrer\"><img loading=\"lazy\" decoding=\"async\" class=\"aligncenter wp-image-1073\" src=\"http:\/\/victoria-rad.de\/wp-content\/uploads\/2018\/08\/IMG_20150311_0037-Kopie-290x300.jpg\" alt=\"\" width=\"290\" height=\"300\" srcset=\"http:\/\/victoria-rad.de\/wp-content\/uploads\/2018\/08\/IMG_20150311_0037-Kopie-290x300.jpg 290w, http:\/\/victoria-rad.de\/wp-content\/uploads\/2018\/08\/IMG_20150311_0037-Kopie.jpg 496w\" sizes=\"auto, (max-width: 290px) 100vw, 290px\" \/><\/a><\/figure>\r\n<\/div>\r\n\r\n\r\n\r\n<p>\u00a0 \u00a0 \u00a0 \u00a0 \u00a0\u00a0 Sportmodell aus Werbeheft &#8222;Im Zeichen des Erfolgs&#8220; von 1927.<\/p>\r\n\r\n\r\n\r\n<div class=\"wp-block-image\">\r\n<figure class=\"aligncenter\"><a href=\"http:\/\/victoria-rad.de\/wp-content\/uploads\/2018\/07\/P1050715.jpg\" target=\"_blank\" rel=\"noopener noreferrer\"><img loading=\"lazy\" decoding=\"async\" class=\"aligncenter wp-image-827\" src=\"http:\/\/victoria-rad.de\/wp-content\/uploads\/2018\/07\/P1050715-300x201.jpg\" alt=\"\" width=\"300\" height=\"201\" srcset=\"http:\/\/victoria-rad.de\/wp-content\/uploads\/2018\/07\/P1050715-300x201.jpg 300w, http:\/\/victoria-rad.de\/wp-content\/uploads\/2018\/07\/P1050715-768x514.jpg 768w, http:\/\/victoria-rad.de\/wp-content\/uploads\/2018\/07\/P1050715-1024x685.jpg 1024w\" sizes=\"auto, (max-width: 300px) 100vw, 300px\" \/><\/a><\/figure>\r\n<\/div>\r\n\r\n\r\n\r\n<p>\u00a0 \u00a0 \u00a0 \u00a0 \u00a0 \u00a0 \u00a0 \u00a0 \u00a0 \u00a0 \u00a0 \u00a0 Victoria-Doppelvergasermotor mit 500 ccm (Vergaser original).<\/p>\r\n\r\n\r\n\r\n<p>Nach den ersten Erprobungen des Sportmodells, war aber schnell klar, dass eine gr\u00f6\u00dfere Leistungssteigerung nur auf einer anderen Basis funktioniert. Der Nachfolger des Konstrukteurs Martin Stolle war Chefkonstrukteur Gustav Steinlein. Er erkannte, das nur eine Aufladung, sprich durch eine erh\u00f6hte Kompression die\u00a0 h\u00f6here Drehzahlen bringt, eine Leistungssteigerung erreicht wird. Als technische L\u00f6sung nahm er ein zugekauftes Rootsgebl\u00e4se und baute dieses als Kompressor zwischen Vergaser und Motor, sozusagen nasslaufend. So entstand 1925 eine Kompressor-Maschine, welche die erste in Deutschland war. Die Fahrzeugrahmen von Sport- bzw. Kompressor-Maschine waren bis auf die Unterkonstruktion fast identisch.<\/p>\r\n\r\n\r\n\r\n<p>Leistung des Motors unter Zuschaltung eines Kompressors:<\/p>\r\n\r\n\r\n\r\n<div class=\"wp-block-image\">\r\n<figure class=\"aligncenter\"><a href=\"http:\/\/victoria-rad.de\/wp-content\/uploads\/2018\/07\/IMG_20180726_0002-Kopie.jpg\" target=\"_blank\" rel=\"noopener noreferrer\"><img loading=\"lazy\" decoding=\"async\" class=\"aligncenter wp-image-885\" src=\"http:\/\/victoria-rad.de\/wp-content\/uploads\/2018\/07\/IMG_20180726_0002-Kopie-235x300.jpg\" alt=\"\" width=\"235\" height=\"300\" srcset=\"http:\/\/victoria-rad.de\/wp-content\/uploads\/2018\/07\/IMG_20180726_0002-Kopie-235x300.jpg 235w, http:\/\/victoria-rad.de\/wp-content\/uploads\/2018\/07\/IMG_20180726_0002-Kopie-768x982.jpg 768w, http:\/\/victoria-rad.de\/wp-content\/uploads\/2018\/07\/IMG_20180726_0002-Kopie-801x1024.jpg 801w, http:\/\/victoria-rad.de\/wp-content\/uploads\/2018\/07\/IMG_20180726_0002-Kopie.jpg 1596w\" sizes=\"auto, (max-width: 235px) 100vw, 235px\" \/><\/a><\/figure>\r\n<\/div>\r\n\r\n\r\n\r\n<div class=\"wp-block-image\">\r\n<figure class=\"aligncenter\"><a href=\"http:\/\/victoria-rad.de\/wp-content\/uploads\/2018\/07\/IMG_20180726_0002.jpg\" target=\"_blank\" rel=\"noopener noreferrer\"><img loading=\"lazy\" decoding=\"async\" class=\"aligncenter wp-image-886\" src=\"http:\/\/victoria-rad.de\/wp-content\/uploads\/2018\/07\/IMG_20180726_0002-246x300.jpg\" alt=\"\" width=\"246\" height=\"300\" srcset=\"http:\/\/victoria-rad.de\/wp-content\/uploads\/2018\/07\/IMG_20180726_0002-246x300.jpg 246w, http:\/\/victoria-rad.de\/wp-content\/uploads\/2018\/07\/IMG_20180726_0002-768x935.jpg 768w, http:\/\/victoria-rad.de\/wp-content\/uploads\/2018\/07\/IMG_20180726_0002-841x1024.jpg 841w, http:\/\/victoria-rad.de\/wp-content\/uploads\/2018\/07\/IMG_20180726_0002.jpg 1596w\" sizes=\"auto, (max-width: 246px) 100vw, 246px\" \/><\/a><\/figure>\r\n<\/div>\r\n\r\n\r\n\r\n<p>Das erste Modell aus dem Jahr 1925 startete mit dem kettengetriebenen Kompressor \u00fcber dem hinteren Zylinder. Die Leistungserh\u00f6hung war immens und man erreichte Drehzahlen, die das doppelte von Serienmotoren, also um die 6000 U\/min. Mit dieser Drehzahl erreichte der Motor 30 PS. Adolf Brudes gab sein Deb\u00fct in Freiburg, wo er den fliegenden Kilometer mit 146 km\/h, auf einer welligen Rennstrecke, mit der 500er-Victoria-Kompressor-Maschine den Sieg einfuhr.<\/p>\r\n\r\n\r\n\r\n<div class=\"wp-block-image\">\r\n<figure class=\"aligncenter\"><a href=\"http:\/\/victoria-rad.de\/wp-content\/uploads\/2018\/07\/IMG_20150921_0001.jpg\" target=\"_blank\" rel=\"noopener noreferrer\"><img loading=\"lazy\" decoding=\"async\" class=\"aligncenter wp-image-828\" src=\"http:\/\/victoria-rad.de\/wp-content\/uploads\/2018\/07\/IMG_20150921_0001-300x200.jpg\" alt=\"\" width=\"300\" height=\"200\" srcset=\"http:\/\/victoria-rad.de\/wp-content\/uploads\/2018\/07\/IMG_20150921_0001-300x200.jpg 300w, http:\/\/victoria-rad.de\/wp-content\/uploads\/2018\/07\/IMG_20150921_0001-768x512.jpg 768w, http:\/\/victoria-rad.de\/wp-content\/uploads\/2018\/07\/IMG_20150921_0001-1024x682.jpg 1024w\" sizes=\"auto, (max-width: 300px) 100vw, 300px\" \/><\/a><\/figure>\r\n<\/div>\r\n\r\n\r\n\r\n<p>Adolf Brudes auf erster Victoria Kompressor-Maschine.<\/p>\r\n\r\n\r\n\r\n<div class=\"wp-block-image\">\r\n<figure class=\"aligncenter\"><a href=\"http:\/\/victoria-rad.de\/wp-content\/uploads\/2018\/07\/IMG_20150305_0001.jpg\" target=\"_blank\" rel=\"noopener noreferrer\"><img loading=\"lazy\" decoding=\"async\" class=\"aligncenter wp-image-857\" src=\"http:\/\/victoria-rad.de\/wp-content\/uploads\/2018\/07\/IMG_20150305_0001-217x300.jpg\" alt=\"\" width=\"217\" height=\"300\" srcset=\"http:\/\/victoria-rad.de\/wp-content\/uploads\/2018\/07\/IMG_20150305_0001-217x300.jpg 217w, http:\/\/victoria-rad.de\/wp-content\/uploads\/2018\/07\/IMG_20150305_0001-768x1062.jpg 768w, http:\/\/victoria-rad.de\/wp-content\/uploads\/2018\/07\/IMG_20150305_0001-741x1024.jpg 741w, http:\/\/victoria-rad.de\/wp-content\/uploads\/2018\/07\/IMG_20150305_0001.jpg 1840w\" sizes=\"auto, (max-width: 217px) 100vw, 217px\" \/><\/a><\/figure>\r\n<p>Quelle: Verlag Kleine Vennekate, Thomas Reinwald.<\/p>\r\n<\/div>\r\n\r\n\r\n\r\n<p><strong>Der Nachbau dieser Victoria Kompressor-Maschine, 92 Jahre sp\u00e4ter&#8230;<\/strong><\/p>\r\n\r\n\r\n\r\n<p>Gert Reiher, im Sommer 2017,<\/p>\r\n\r\n\r\n\r\n<p>Vor 10 Jahren reifte bei mir die Idee, man k\u00f6nnte eigentlich die Brudes-Kompressor-Rennmaschine nach bauen. Ein Kompressor, welcher als Roots-Gebl\u00e4se vorhanden war, ist schon mal vorhanden. Diese Gebl\u00e4se wurden in der Flugzeugindustrie verwendet.<\/p>\r\n\r\n\r\n\r\n<div class=\"wp-block-image\">\r\n<figure class=\"aligncenter\"><a href=\"http:\/\/victoria-rad.de\/wp-content\/uploads\/2018\/07\/IMG_1205.png\" target=\"_blank\" rel=\"noopener noreferrer\"><img loading=\"lazy\" decoding=\"async\" class=\"aligncenter wp-image-831\" src=\"http:\/\/victoria-rad.de\/wp-content\/uploads\/2018\/07\/IMG_1205-258x300.png\" alt=\"\" width=\"258\" height=\"300\" srcset=\"http:\/\/victoria-rad.de\/wp-content\/uploads\/2018\/07\/IMG_1205-258x300.png 258w, http:\/\/victoria-rad.de\/wp-content\/uploads\/2018\/07\/IMG_1205-768x892.png 768w, http:\/\/victoria-rad.de\/wp-content\/uploads\/2018\/07\/IMG_1205.png 825w\" sizes=\"auto, (max-width: 258px) 100vw, 258px\" \/><\/a><\/figure>\r\n<\/div>\r\n\r\n\r\n\r\n<p>\u00a0 \u00a0 \u00a0 \u00a0 \u00a0 \u00a0 \u00a0 \u00a0 \u00a0 \u00a0 \u00a0 \u00a0 \u00a0 \u00a0 Roots-Gebl\u00e4se f\u00fcr Victoria-Kompressor-Maschine.<\/p>\r\n\r\n\r\n\r\n<p>Nach genaueren Recherchen \u00fcber Aufbau und Funktion des Motorrades, stand eine H\u00fcrde in H\u00f6he, vergleichbar mit der Mount Everest &#8211; Besteigung bevor. Man ist ja nicht der Reinhold Messner. Ich meine damit die vergr\u00f6\u00dferte \u00d6lwanne, welche sich an der Unterseite des K.R.III. Motors befand. Keine mehr da, um Ma\u00dfe abzunehmen oder gar nach zu gie\u00dfen. Meines Wissens ist nichts mehr vorhanden, geschweige, ein ganzer Motor. Aber der Messner hat auch seinen Berg bestiegen und man sollte nicht so schnell den Kopf in den Sand stecken. Da viel mir mein Freund Matthias ein, der arbeitet doch als Konstrukteur gleich in der N\u00e4he in einem Metallbaufachbetrieb. Dort werden auch Teile f\u00fcr die Flugzeug- und Windkraftindustrie gefertigt. Gesagt, getan und schon ging es los. Mit Motorteilen bewaffnet, alle Bilder und Vorlagen geschnappt, waren die n\u00e4chsten Sonntage verplant. Ohne die Fachkenntnis eines Spezialisten ist f\u00fcr den normalen Oldie-Restaurator die Welt zu Ende. Ich muss aber noch den Zeitfaktor in Ansatz bringen, welche erheblich ist. Wir haben, bis die fertige Form stand, bestehend aus 10 Einzelteilen, so ca. 3 Jahre gebraucht.<\/p>\r\n\r\n\r\n\r\n<div class=\"wp-block-image\">\r\n<figure class=\"aligncenter\"><a href=\"http:\/\/victoria-rad.de\/wp-content\/uploads\/2018\/07\/Kompressor-Victoria-012.jpg\" target=\"_blank\" rel=\"noopener noreferrer\"><img loading=\"lazy\" decoding=\"async\" class=\"aligncenter wp-image-832\" src=\"http:\/\/victoria-rad.de\/wp-content\/uploads\/2018\/07\/Kompressor-Victoria-012-300x169.jpg\" alt=\"\" width=\"300\" height=\"169\" srcset=\"http:\/\/victoria-rad.de\/wp-content\/uploads\/2018\/07\/Kompressor-Victoria-012-300x169.jpg 300w, http:\/\/victoria-rad.de\/wp-content\/uploads\/2018\/07\/Kompressor-Victoria-012-768x432.jpg 768w, http:\/\/victoria-rad.de\/wp-content\/uploads\/2018\/07\/Kompressor-Victoria-012-1024x576.jpg 1024w\" sizes=\"auto, (max-width: 300px) 100vw, 300px\" \/><\/a><\/figure>\r\n<\/div>\r\n\r\n\r\n\r\n<p>\u00a0 \u00a0 \u00a0 \u00a0 \u00a0 \u00a0 \u00a0 \u00a0 \u00a0 \u00a0 \u00a0 \u00a0 \u00a0 \u00a0 \u00a0 \u00a0 \u00a0 \u00a0 \u00a0 \u00a0 \u00a0 \u00a0 \u00a0 \u00a0 \u00a0 \u00a0 Gussform f\u00fcr \u00d6lwanne.<\/p>\r\n\r\n\r\n\r\n<p>Eine Anfertigung in einer Fachfirma , h\u00e4tte den finanziellen Rahmen gesprengt, somit w\u00e4re das Projekt gestorben. Das Gussteil war dann eher ein Klacks gegen die Vorarbeit und auch relativ kosteng\u00fcnstig.<\/p>\r\n\r\n\r\n\r\n<div class=\"wp-block-image\">\r\n<figure class=\"aligncenter\"><a href=\"http:\/\/victoria-rad.de\/wp-content\/uploads\/2018\/07\/P1030054.jpg\" target=\"_blank\" rel=\"noopener noreferrer\"><img loading=\"lazy\" decoding=\"async\" class=\"aligncenter wp-image-833\" src=\"http:\/\/victoria-rad.de\/wp-content\/uploads\/2018\/07\/P1030054-300x225.jpg\" alt=\"\" width=\"300\" height=\"225\" srcset=\"http:\/\/victoria-rad.de\/wp-content\/uploads\/2018\/07\/P1030054-300x225.jpg 300w, http:\/\/victoria-rad.de\/wp-content\/uploads\/2018\/07\/P1030054-768x576.jpg 768w, http:\/\/victoria-rad.de\/wp-content\/uploads\/2018\/07\/P1030054-1024x768.jpg 1024w\" sizes=\"auto, (max-width: 300px) 100vw, 300px\" \/><\/a><\/figure>\r\n<\/div>\r\n\r\n\r\n\r\n<p>\u00a0 \u00a0 \u00a0 \u00a0 \u00a0 \u00a0 \u00a0 \u00a0 \u00a0 \u00a0 \u00a0 \u00a0 \u00a0 \u00a0 \u00a0 \u00a0 \u00a0 \u00a0 \u00a0 \u00a0 \u00a0 \u00a0\u00a0 Gussteil-\u00d6lwanne, unbearbeitet.<\/p>\r\n\r\n\r\n\r\n<p>Das Gussteil war jetzt da, aber es musste ja mit dem originalen Oberteil des K.R.III. Motors zusammengef\u00fcgt, also bearbeitet werden. Ich als Klempner\/Heizungsmonteur als Grundberuf konnte vielleicht den Tank bauen, oder Rohre biegen, aber diese mechanische Bearbeitung, da musste wieder ein Spezialist ran. Wie schon gesagt, wenn man selber restauriert, \u00fcber Jahre hinweg, hat man Freunde, die einen auch \u00fcber die kleineren Berge helfen. Zum Gl\u00fcck hatte ich noch viele Teile aus meiner voran gegangenen Restauration einer K.R.III. Serienmaschine. Das erleichtert das Vorhaben wesentlich. Trotzdem, das Herstellen der Kurbelwellen-Lagergasse, das Verl\u00e4ngern des \u00d6lpumpenantriebs, Bohrungen und Ausfr\u00e4sungen f\u00fcr wichtige Teile, wie Zylinderaufnahme, Stehbolzen usw. erfordern Geduld und Fachkenntnis. \u00dcber einige R\u00fcckschl\u00e4ge bei der Bearbeitung, die ja zwangsl\u00e4ufig auftreten m\u00f6chte ich mich lieber nicht mehr erinnern. Der Motor war bis auf die Zylinderk\u00f6pfe nun soweit fertig und es waren wieder 2 Jahre ins Land gegangen.<\/p>\r\n\r\n\r\n\r\n<div class=\"wp-block-image\">\r\n<figure class=\"aligncenter\"><a href=\"http:\/\/victoria-rad.de\/?attachment_id=834\" target=\"_blank\" rel=\"noopener noreferrer\"><img loading=\"lazy\" decoding=\"async\" class=\"aligncenter wp-image-834\" src=\"http:\/\/victoria-rad.de\/wp-content\/uploads\/2018\/07\/Kompressor-016-197x300.jpg\" alt=\"\" width=\"197\" height=\"300\" srcset=\"http:\/\/victoria-rad.de\/wp-content\/uploads\/2018\/07\/Kompressor-016-197x300.jpg 197w, http:\/\/victoria-rad.de\/wp-content\/uploads\/2018\/07\/Kompressor-016-768x1168.jpg 768w, http:\/\/victoria-rad.de\/wp-content\/uploads\/2018\/07\/Kompressor-016-674x1024.jpg 674w, http:\/\/victoria-rad.de\/wp-content\/uploads\/2018\/07\/Kompressor-016.jpg 1055w\" sizes=\"auto, (max-width: 197px) 100vw, 197px\" \/><\/a><\/figure>\r\n<\/div>\r\n\r\n\r\n\r\n<p>\u00a0 \u00a0 \u00a0 \u00a0 \u00a0 \u00a0 \u00a0 \u00a0 \u00a0 \u00a0 \u00a0 \u00a0 \u00a0 \u00a0 \u00a0 \u00a0 \u00a0 \u00a0 \u00a0 Victoria Motor mit \u00d6lwanne, bearbeitet.<\/p>\r\n\r\n\r\n\r\n<p>Nachdem der Motor bis auf die Zylinder und deren K\u00f6pfe im wesentlichen fertig war, begann die Anfertigung des Fahrgestells, was den technologischen Fortschritt des Motorrades bef\u00f6rderte. Zum Gl\u00fcck hatte ich auch noch eine originale Vordergabel des Modells K.R.III., welche ja auch im Original Motorrad verbaut war.<\/p>\r\n\r\n\r\n\r\n<div class=\"wp-block-image\">\r\n<figure class=\"aligncenter\"><a href=\"http:\/\/victoria-rad.de\/?attachment_id=653\" target=\"_blank\" rel=\"noopener noreferrer\"><img loading=\"lazy\" decoding=\"async\" class=\"aligncenter wp-image-653\" src=\"http:\/\/victoria-rad.de\/wp-content\/uploads\/2018\/07\/Image00131-214x300.jpg\" alt=\"\" width=\"214\" height=\"300\" srcset=\"http:\/\/victoria-rad.de\/wp-content\/uploads\/2018\/07\/Image00131-214x300.jpg 214w, http:\/\/victoria-rad.de\/wp-content\/uploads\/2018\/07\/Image00131.jpg 573w\" sizes=\"auto, (max-width: 214px) 100vw, 214px\" \/><\/a><\/figure>\r\n<\/div>\r\n\r\n\r\n\r\n<p>\u00a0 \u00a0 \u00a0 \u00a0 \u00a0 \u00a0 \u00a0 \u00a0 \u00a0 \u00a0 \u00a0 \u00a0 \u00a0 \u00a0 \u00a0 \u00a0 \u00a0 \u00a0 \u00a0 \u00a0 \u00a0 \u00a0 \u00a0 \u00a0\u00a0 Victoria K.R.III.-Vordergabel.<\/p>\r\n\r\n\r\n\r\n<p>Die Reifen und Felgen, abweichend Vom Serienmodell (27&#215;3,5 Zoll), hatte ich auf Teilem\u00e4rkten zusammen getragen. Am Renner waren original 28&#215;3 Zoll Reifen verbaut. Das Getriebe war die vorletzte gro\u00dfe Herausforderung an der Maschine. Im Gegensatz zum Serienmodell war die Schaltung auf der rechten Seite. Ohne die Kopie eines Originalbildes, welches verschollen ist, w\u00e4re die Rekonstruktion schwierig geworden.<\/p>\r\n\r\n\r\n\r\n<div class=\"wp-block-image\">\r\n<figure class=\"aligncenter\"><a href=\"http:\/\/victoria-rad.de\/?attachment_id=836\" target=\"_blank\" rel=\"noopener noreferrer\"><img loading=\"lazy\" decoding=\"async\" class=\"aligncenter wp-image-836\" src=\"http:\/\/victoria-rad.de\/wp-content\/uploads\/2018\/07\/IMG_20180724_0003-300x243.jpg\" alt=\"\" width=\"300\" height=\"243\" srcset=\"http:\/\/victoria-rad.de\/wp-content\/uploads\/2018\/07\/IMG_20180724_0003-300x243.jpg 300w, http:\/\/victoria-rad.de\/wp-content\/uploads\/2018\/07\/IMG_20180724_0003-768x623.jpg 768w, http:\/\/victoria-rad.de\/wp-content\/uploads\/2018\/07\/IMG_20180724_0003-1024x831.jpg 1024w\" sizes=\"auto, (max-width: 300px) 100vw, 300px\" \/><\/a><\/figure>\r\n<\/div>\r\n\r\n\r\n\r\n<p>\u00a0 \u00a0 \u00a0 \u00a0 \u00a0 \u00a0 \u00a0 \u00a0 \u00a0 \u00a0 \u00a0 \u00a0 \u00a0 \u00a0 \u00a0 \u00a0 \u00a0 \u00a0 \u00a0 \u00a0 \u00a0 \u00a0 \u00a0 Victoria Renner, rechte Seite.<\/p>\r\n\r\n\r\n\r\n<p>An dieser Stelle sei gesagt, dass das gesamte Motorrad nur nach wenigen vorhanden originalen Bildern, nachgebaut wurde. Um so erstaunlicher ist es, dass sich die Abma\u00dfe nach den einzelnen Komponenten ergeben, und sich dann just das fertige Motorrad pr\u00e4sentiert. Die gesamte Kupplung und deren Trennung zur Schaltung befindet sich rechts und hat auch keine Trennung \u00fcber ein Schneckengewinde, wie bereits standardm\u00e4\u00dfig, wo sie auf der linken Seite ist. Die Zylinderk\u00f6pfe waren noch ein Relikt aus der \u00c4ra Victoria K.R.II., welche die erste kopfgesteuerte Maschine bei Victoria war.<\/p>\r\n\r\n\r\n\r\n<div class=\"wp-block-image\">\r\n<figure class=\"aligncenter\"><a href=\"http:\/\/victoria-rad.de\/wp-content\/uploads\/2018\/07\/P1060225.jpg\" target=\"_blank\" rel=\"noopener noreferrer\"><img loading=\"lazy\" decoding=\"async\" class=\"aligncenter wp-image-843\" src=\"http:\/\/victoria-rad.de\/wp-content\/uploads\/2018\/07\/P1060225-300x201.jpg\" alt=\"\" width=\"300\" height=\"201\" srcset=\"http:\/\/victoria-rad.de\/wp-content\/uploads\/2018\/07\/P1060225-300x201.jpg 300w, http:\/\/victoria-rad.de\/wp-content\/uploads\/2018\/07\/P1060225-768x514.jpg 768w, http:\/\/victoria-rad.de\/wp-content\/uploads\/2018\/07\/P1060225-1024x685.jpg 1024w\" sizes=\"auto, (max-width: 300px) 100vw, 300px\" \/><\/a><\/figure>\r\n<\/div>\r\n\r\n\r\n\r\n<p>\u00a0 \u00a0 \u00a0 \u00a0 \u00a0 \u00a0 \u00a0 \u00a0 \u00a0 \u00a0 \u00a0 \u00a0 \u00a0 \u00a0 \u00a0 \u00a0 \u00a0 \u00a0 \u00a0 \u00a0 \u00a0 \u00a0 \u00a0 \u00a0 \u00a0 \u00a0\u00a0 Getriebe, einbaufertig.<\/p>\r\n\r\n\r\n\r\n<p>Aber nun zur n\u00e4chsten und letzten gro\u00dfen H\u00fcrde, welche zu erklimmen war. K.R.II.-Zylinderk\u00f6pfe, woher nehmen ? Von der K.R.III. h\u00e4tte ich noch einige gehabt, aber es sollte ja auch dem Original sehr nahe kommen. Der Kommissar &#8222;Zufall&#8220; kam zum richtigen Zeitpunkt, man k\u00f6nnte meinen der Himmel hat mir geholfen, er ist ja nicht weit entfernt von Messmers Mount Everest. Ich war bei\u00a0 Freunden, die mir einen K.R.II. Motor zeigten, den ein Unwissender arglos aus dem Fenster warf, weil er zu bequem war, ihn die Treppe hinunter zu tragen. Der vordere Zylinderkopf war nach dem Aufprall nicht mehr zu retten. Aber ich hatte schon mal den r\u00fcckw\u00e4rtigen zur Verf\u00fcgung. Im Abstand von 3 Tagen rief mich wiederum ein Freund an, er kenne jemand, der Victoria Teile abgeben will. Ich fuhr hin, ganz in der N\u00e4he (15 km). Der Sechser im Lotto ist ja auch selten, aber der K.R.II. Zylinderkopf, nat\u00fcrlich der vordere, lag bei den Teilen. Man glaubt es kaum glauben, aber es ist wahr. Ich hatte beide K\u00f6pfe zum nachgie\u00dfen bekommen und der in die Tiefe gefallene K.R.II. Motor bekam seinen vorderen Zylinderkopf, jeder war gl\u00fccklich und zufrieden. Der Nachguss der Zylinderk\u00f6pfe in Bronze mit einer Sandform erforderte keinen allzu gro\u00dfen Aufwand, die nachfolgende dieser erwies sich dagegen, als n\u00e4chste gro\u00dfe Herausforderung. Im Vergleich zum Motorgeh\u00e4use war der Arbeitsaufwand noch h\u00f6her und vor allem schwieriger. Um den richtigen, maschinellen Auflagepunkt der Zylinderk\u00f6pfe zu ermitteln, in Bezug auf die Komponenten &#8211;\u00a0 Stehbolzen, St\u00f6\u00dfelstangen usw. welche exakt zum Motorengeh\u00e4use passen m\u00fcssen, ist h\u00f6chste Konzentration erforderlich. Ein weiterer schwieriger Part war die Ausarbeitung der Ansaugkan\u00e4le- bzw. Auslasskan\u00e4le. Einige Fr\u00e4sser waren am Ende nur noch Schrott, nicht zu reden von Staubmasken und nicht wieder bring- bare menschliche Nerven besonders, wenn man durch geschliffen hat. Aber am Ende war alles wieder gut.<\/p>\r\n\r\n\r\n\r\n<div class=\"wp-block-image\">\r\n<figure class=\"aligncenter\"><a href=\"http:\/\/victoria-rad.de\/wp-content\/uploads\/2018\/07\/P1060221.png\" target=\"_blank\" rel=\"noopener noreferrer\"><img loading=\"lazy\" decoding=\"async\" class=\"aligncenter wp-image-839\" src=\"http:\/\/victoria-rad.de\/wp-content\/uploads\/2018\/07\/P1060221-244x300.png\" alt=\"\" width=\"244\" height=\"300\" srcset=\"http:\/\/victoria-rad.de\/wp-content\/uploads\/2018\/07\/P1060221-244x300.png 244w, http:\/\/victoria-rad.de\/wp-content\/uploads\/2018\/07\/P1060221-768x945.png 768w, http:\/\/victoria-rad.de\/wp-content\/uploads\/2018\/07\/P1060221-832x1024.png 832w, http:\/\/victoria-rad.de\/wp-content\/uploads\/2018\/07\/P1060221.png 1297w\" sizes=\"auto, (max-width: 244px) 100vw, 244px\" \/><\/a><\/figure>\r\n<\/div>\r\n\r\n\r\n\r\n<div class=\"wp-block-image\">\r\n<figure class=\"aligncenter\"><a href=\"http:\/\/victoria-rad.de\/wp-content\/uploads\/2018\/07\/P1060218.png\" target=\"_blank\" rel=\"noopener noreferrer\"><img loading=\"lazy\" decoding=\"async\" class=\"aligncenter wp-image-838\" src=\"http:\/\/victoria-rad.de\/wp-content\/uploads\/2018\/07\/P1060218-143x300.png\" alt=\"\" width=\"143\" height=\"300\" srcset=\"http:\/\/victoria-rad.de\/wp-content\/uploads\/2018\/07\/P1060218-143x300.png 143w, http:\/\/victoria-rad.de\/wp-content\/uploads\/2018\/07\/P1060218-768x1610.png 768w, http:\/\/victoria-rad.de\/wp-content\/uploads\/2018\/07\/P1060218-488x1024.png 488w, http:\/\/victoria-rad.de\/wp-content\/uploads\/2018\/07\/P1060218.png 806w\" sizes=\"auto, (max-width: 143px) 100vw, 143px\" \/><\/a><\/figure>\r\n<\/div>\r\n\r\n\r\n\r\n<p>\u00a0 \u00a0 \u00a0 \u00a0 \u00a0 \u00a0 \u00a0 \u00a0 \u00a0 \u00a0 \u00a0 \u00a0 \u00a0 \u00a0 \u00a0 \u00a0 \u00a0 \u00a0 \u00a0 \u00a0 \u00a0 \u00a0 \u00a0 \u00a0 \u00a0\u00a0 Zylinderk\u00f6pfe &#8211; Sandguss.<\/p>\r\n\r\n\r\n\r\n<div class=\"wp-block-image\">\r\n<figure class=\"aligncenter\"><a href=\"http:\/\/victoria-rad.de\/wp-content\/uploads\/2018\/07\/P1060359.png\" target=\"_blank\" rel=\"noopener noreferrer\"><img loading=\"lazy\" decoding=\"async\" class=\"aligncenter wp-image-841\" src=\"http:\/\/victoria-rad.de\/wp-content\/uploads\/2018\/07\/P1060359-300x196.png\" alt=\"\" width=\"300\" height=\"196\" srcset=\"http:\/\/victoria-rad.de\/wp-content\/uploads\/2018\/07\/P1060359-300x196.png 300w, http:\/\/victoria-rad.de\/wp-content\/uploads\/2018\/07\/P1060359-768x503.png 768w, http:\/\/victoria-rad.de\/wp-content\/uploads\/2018\/07\/P1060359-1024x671.png 1024w\" sizes=\"auto, (max-width: 300px) 100vw, 300px\" \/><\/a><\/figure>\r\n<\/div>\r\n\r\n\r\n\r\n<div class=\"wp-block-image\">\r\n<figure class=\"aligncenter\"><a href=\"http:\/\/victoria-rad.de\/wp-content\/uploads\/2018\/07\/P1060354.png\" target=\"_blank\" rel=\"noopener noreferrer\"><img loading=\"lazy\" decoding=\"async\" class=\"aligncenter wp-image-840\" src=\"http:\/\/victoria-rad.de\/wp-content\/uploads\/2018\/07\/P1060354-300x112.png\" alt=\"\" width=\"300\" height=\"112\" srcset=\"http:\/\/victoria-rad.de\/wp-content\/uploads\/2018\/07\/P1060354-300x112.png 300w, http:\/\/victoria-rad.de\/wp-content\/uploads\/2018\/07\/P1060354-768x285.png 768w, http:\/\/victoria-rad.de\/wp-content\/uploads\/2018\/07\/P1060354-1024x381.png 1024w\" sizes=\"auto, (max-width: 300px) 100vw, 300px\" \/><\/a><\/figure>\r\n<\/div>\r\n\r\n\r\n\r\n<p>\u00a0 \u00a0 \u00a0 \u00a0 \u00a0 \u00a0 \u00a0 \u00a0 \u00a0 \u00a0 \u00a0 \u00a0 \u00a0 \u00a0 \u00a0 \u00a0 \u00a0 \u00a0 \u00a0 \u00a0 \u00a0 \u00a0 \u00a0 \u00a0 \u00a0\u00a0 Zylinderk\u00f6pfe, bearbeitet.<\/p>\r\n\r\n\r\n\r\n<p>Nachdem alle Komponenten, sprich Motor, Getriebe, Kompressor, Fahrgestell, Vordergabel, R\u00e4der und so weiter komplett waren, konnte die Maschine im Rohzustand zusammen gebaut werden.<\/p>\r\n\r\n\r\n\r\n<div class=\"wp-block-image\">\r\n<figure class=\"aligncenter\"><a href=\"http:\/\/victoria-rad.de\/wp-content\/uploads\/2018\/07\/P1070465.jpg\" target=\"_blank\" rel=\"noopener noreferrer\"><img loading=\"lazy\" decoding=\"async\" class=\"aligncenter wp-image-842\" src=\"http:\/\/victoria-rad.de\/wp-content\/uploads\/2018\/07\/P1070465-300x201.jpg\" alt=\"\" width=\"300\" height=\"201\" srcset=\"http:\/\/victoria-rad.de\/wp-content\/uploads\/2018\/07\/P1070465-300x201.jpg 300w, http:\/\/victoria-rad.de\/wp-content\/uploads\/2018\/07\/P1070465-768x514.jpg 768w, http:\/\/victoria-rad.de\/wp-content\/uploads\/2018\/07\/P1070465-1024x685.jpg 1024w\" sizes=\"auto, (max-width: 300px) 100vw, 300px\" \/><\/a><\/figure>\r\n<\/div>\r\n\r\n\r\n\r\n<p>\u00a0 \u00a0 \u00a0 \u00a0 \u00a0 \u00a0 \u00a0 \u00a0 \u00a0 \u00a0 \u00a0 \u00a0 \u00a0 \u00a0 \u00a0 \u00a0\u00a0 Victoria-Kompressor-Maschine im Rohzustand.<\/p>\r\n\r\n\r\n\r\n<p>Im Rohzustand wurden wurde das Motorrad erstmals getestet. Mit einer Startmaschine begann der erste Start mit einem gewaltigen Grummeln im Bauch. Man glaubt es kaum, aber der Motor sprang nach einem ordentlichen Tippen am Vergaser, sofort an. Manche Betrachter hielten sich die Ohren zu, um dem infernalischen Gebr\u00fcll des Motors zu entgehen. Anschlie\u00dfend gab es von den Beteiligten tosenden Beifall f\u00fcr das Gelingen. Der Drehzahlmesser zeigte im Halbgas sofort 3500 U\/min an, bei 1 bar \u00dcberladung. Im Endzustand dreht der Motor bis zu 6000 U\/min bei 1,2 bar.<\/p>\r\n\r\n\r\n\r\n<p>Nach der Erprobung, verbunden mit Einstell-Arbeiten, wurde das Motorrad wieder komplett zerlegt, um die Lackierung und Galvanik vorzunehmen. Alles kostet Zeit, aber zum Schluss kurz vorm Endziel macht der Zusammenbau wirklich Spa\u00df und die ganzen Unwegbarkeiten sind weit entfernt. Ich entschloss mich das Motorrad im Stil der alten Zeit herzustellen, das bedeutet in Altlackierung und Alchemie zur\u00fcck zu fallen, weg von den feinen Lackierungen und Glanz am Metall. Zum 29. Victoria &#8211; Treffen 2017 in Rottersdorf\u00a0 in Bayern, stellte ich das Victoria-Kompressor-Motorrad, Baujahr 1925 als Nachbau, nach 10 Jahren Bauzeit offiziell vor.<\/p>\r\n\r\n\r\n\r\n<div class=\"wp-block-image\">\r\n<figure class=\"aligncenter\"><a href=\"http:\/\/victoria-rad.de\/wp-content\/uploads\/2018\/07\/Vic_Kom_HNE_19.jpg\" target=\"_blank\" rel=\"noopener noreferrer\"><img loading=\"lazy\" decoding=\"async\" class=\"aligncenter wp-image-845\" src=\"http:\/\/victoria-rad.de\/wp-content\/uploads\/2018\/07\/Vic_Kom_HNE_19-300x200.jpg\" alt=\"\" width=\"300\" height=\"200\" srcset=\"http:\/\/victoria-rad.de\/wp-content\/uploads\/2018\/07\/Vic_Kom_HNE_19-300x200.jpg 300w, http:\/\/victoria-rad.de\/wp-content\/uploads\/2018\/07\/Vic_Kom_HNE_19-768x512.jpg 768w, http:\/\/victoria-rad.de\/wp-content\/uploads\/2018\/07\/Vic_Kom_HNE_19-1024x683.jpg 1024w\" sizes=\"auto, (max-width: 300px) 100vw, 300px\" \/><\/a><\/figure>\r\n<\/div>\r\n\r\n\r\n\r\n<div class=\"wp-block-image\">\r\n<figure class=\"aligncenter\"><a href=\"http:\/\/victoria-rad.de\/wp-content\/uploads\/2018\/07\/Vic_Kom_HNE_13.jpg\" target=\"_blank\" rel=\"noopener noreferrer\"><img loading=\"lazy\" decoding=\"async\" class=\"aligncenter wp-image-846\" src=\"http:\/\/victoria-rad.de\/wp-content\/uploads\/2018\/07\/Vic_Kom_HNE_13-300x200.jpg\" alt=\"\" width=\"300\" height=\"200\" srcset=\"http:\/\/victoria-rad.de\/wp-content\/uploads\/2018\/07\/Vic_Kom_HNE_13-300x200.jpg 300w, http:\/\/victoria-rad.de\/wp-content\/uploads\/2018\/07\/Vic_Kom_HNE_13-768x512.jpg 768w, http:\/\/victoria-rad.de\/wp-content\/uploads\/2018\/07\/Vic_Kom_HNE_13-1024x683.jpg 1024w\" sizes=\"auto, (max-width: 300px) 100vw, 300px\" \/><\/a><\/figure>\r\n<\/div>\r\n\r\n\r\n\r\n<div class=\"wp-block-image\">\r\n<figure class=\"aligncenter\"><a href=\"http:\/\/victoria-rad.de\/wp-content\/uploads\/2018\/07\/Victoria-Kompressor-Rennmaschine-1925.jpg\" target=\"_blank\" rel=\"noopener noreferrer\"><img loading=\"lazy\" decoding=\"async\" class=\"aligncenter wp-image-849\" src=\"http:\/\/victoria-rad.de\/wp-content\/uploads\/2018\/07\/Victoria-Kompressor-Rennmaschine-1925-300x200.jpg\" alt=\"\" width=\"300\" height=\"200\" srcset=\"http:\/\/victoria-rad.de\/wp-content\/uploads\/2018\/07\/Victoria-Kompressor-Rennmaschine-1925-300x200.jpg 300w, http:\/\/victoria-rad.de\/wp-content\/uploads\/2018\/07\/Victoria-Kompressor-Rennmaschine-1925-768x512.jpg 768w, http:\/\/victoria-rad.de\/wp-content\/uploads\/2018\/07\/Victoria-Kompressor-Rennmaschine-1925-1024x683.jpg 1024w\" sizes=\"auto, (max-width: 300px) 100vw, 300px\" \/><\/a><\/figure>\r\n<\/div>\r\n\r\n\r\n\r\n<p>Bericht Oldtimer-Markt Nr. 1\/2017:<\/p>\r\n\r\n\r\n\r\n<div class=\"wp-block-image\">\r\n<figure class=\"aligncenter\"><a href=\"http:\/\/victoria-rad.de\/wp-content\/uploads\/2018\/07\/IMG_20180817_0006.jpg\" target=\"_blank\" rel=\"noopener noreferrer\"><img loading=\"lazy\" decoding=\"async\" class=\"aligncenter wp-image-1226\" src=\"http:\/\/victoria-rad.de\/wp-content\/uploads\/2018\/07\/IMG_20180817_0006-300x198.jpg\" alt=\"\" width=\"300\" height=\"198\" srcset=\"http:\/\/victoria-rad.de\/wp-content\/uploads\/2018\/07\/IMG_20180817_0006-300x198.jpg 300w, http:\/\/victoria-rad.de\/wp-content\/uploads\/2018\/07\/IMG_20180817_0006-768x507.jpg 768w, http:\/\/victoria-rad.de\/wp-content\/uploads\/2018\/07\/IMG_20180817_0006-1024x676.jpg 1024w\" sizes=\"auto, (max-width: 300px) 100vw, 300px\" \/><\/a><\/figure>\r\n<\/div>\r\n\r\n\r\n\r\n<div class=\"wp-block-image\">\r\n<figure class=\"aligncenter\"><a href=\"http:\/\/victoria-rad.de\/wp-content\/uploads\/2018\/07\/IMG_20180817_0007.jpg\" target=\"_blank\" rel=\"noopener noreferrer\"><img loading=\"lazy\" decoding=\"async\" class=\"aligncenter wp-image-1227\" src=\"http:\/\/victoria-rad.de\/wp-content\/uploads\/2018\/07\/IMG_20180817_0007-300x204.jpg\" alt=\"\" width=\"300\" height=\"204\" srcset=\"http:\/\/victoria-rad.de\/wp-content\/uploads\/2018\/07\/IMG_20180817_0007-300x204.jpg 300w, http:\/\/victoria-rad.de\/wp-content\/uploads\/2018\/07\/IMG_20180817_0007-768x523.jpg 768w, http:\/\/victoria-rad.de\/wp-content\/uploads\/2018\/07\/IMG_20180817_0007-1024x697.jpg 1024w\" sizes=\"auto, (max-width: 300px) 100vw, 300px\" \/><\/a><\/figure>\r\n<\/div>\r\n\r\n\r\n\r\n<div class=\"wp-block-image\">\r\n<figure class=\"aligncenter\"><a href=\"http:\/\/victoria-rad.de\/wp-content\/uploads\/2018\/07\/IMG_20180817_0008.jpg\" target=\"_blank\" rel=\"noopener noreferrer\"><img loading=\"lazy\" decoding=\"async\" class=\"aligncenter wp-image-1228\" src=\"http:\/\/victoria-rad.de\/wp-content\/uploads\/2018\/07\/IMG_20180817_0008-300x203.jpg\" alt=\"\" width=\"300\" height=\"203\" srcset=\"http:\/\/victoria-rad.de\/wp-content\/uploads\/2018\/07\/IMG_20180817_0008-300x203.jpg 300w, http:\/\/victoria-rad.de\/wp-content\/uploads\/2018\/07\/IMG_20180817_0008-768x521.jpg 768w, http:\/\/victoria-rad.de\/wp-content\/uploads\/2018\/07\/IMG_20180817_0008-1024x694.jpg 1024w\" sizes=\"auto, (max-width: 300px) 100vw, 300px\" \/><\/a><\/figure>\r\n<\/div>\r\n\r\n\r\n\r\n\r\n\r\n\r\n\r\n<p>&nbsp;<\/p>\r\n<p>1926 entstand die zweite Victoria-Kompressor-Maschine mit dem Kompressor \u00fcber dem vorderen Zylinder. Die Variante war thermisch die bessere L\u00f6sung und mit Zahnradkaskade war der Antrieb des Kompressors schon sehr modern ausger\u00fcstet. Die Bremsfelge mit Keilklotzbremse sorgte f\u00fcr mehr Sicherheit f\u00fcr den Fahrer:<\/p>\r\n\r\n\r\n\r\n<div class=\"wp-block-image\">\r\n<figure class=\"aligncenter\"><a href=\"http:\/\/victoria-rad.de\/wp-content\/uploads\/2018\/07\/Rennmaschine.png\" target=\"_blank\" rel=\"noopener noreferrer\"><img loading=\"lazy\" decoding=\"async\" class=\"aligncenter wp-image-858\" src=\"http:\/\/victoria-rad.de\/wp-content\/uploads\/2018\/07\/Rennmaschine-300x167.png\" alt=\"\" width=\"300\" height=\"167\" srcset=\"http:\/\/victoria-rad.de\/wp-content\/uploads\/2018\/07\/Rennmaschine-300x167.png 300w, http:\/\/victoria-rad.de\/wp-content\/uploads\/2018\/07\/Rennmaschine-768x427.png 768w, http:\/\/victoria-rad.de\/wp-content\/uploads\/2018\/07\/Rennmaschine-1024x569.png 1024w\" sizes=\"auto, (max-width: 300px) 100vw, 300px\" \/><\/a><\/figure>\r\n<\/div>\r\n\r\n\r\n\r\n<p>Bei den Freiburger Rekordtagen, der sch\u00f6nsten Rennstrecke \u00fcber die deutsche Gebirgsstra\u00dfe zum Schauinsland, erreichte Adolf Brudes am zweiten Tag auf der Victoria-Kompressor-Beiwagenmaschine in der 600er Klasse die fabelhafte Zeit 12:04,8 Minute f\u00fcr die 12,8 km lange Bergstrecke, also einen Schnitt von 60 km\/h. In der 500er Klasse lieferte Brudes\u00a0 einen Rekord im fliegenden Kilometer von sagenhaften 164 km\/h ab und dies auch auf der Freiburger Bergrennstrecke.<\/p>\r\n\r\n\r\n\r\n<div class=\"wp-block-image\">\r\n<figure class=\"aligncenter\"><a href=\"http:\/\/victoria-rad.de\/wp-content\/uploads\/2018\/07\/Brudes-mit-Rennmaschine.jpg\" target=\"_blank\" rel=\"noopener noreferrer\"><img loading=\"lazy\" decoding=\"async\" class=\"aligncenter wp-image-859\" src=\"http:\/\/victoria-rad.de\/wp-content\/uploads\/2018\/07\/Brudes-mit-Rennmaschine-300x252.jpg\" alt=\"\" width=\"300\" height=\"252\" srcset=\"http:\/\/victoria-rad.de\/wp-content\/uploads\/2018\/07\/Brudes-mit-Rennmaschine-300x252.jpg 300w, http:\/\/victoria-rad.de\/wp-content\/uploads\/2018\/07\/Brudes-mit-Rennmaschine-768x646.jpg 768w, http:\/\/victoria-rad.de\/wp-content\/uploads\/2018\/07\/Brudes-mit-Rennmaschine-1024x862.jpg 1024w, http:\/\/victoria-rad.de\/wp-content\/uploads\/2018\/07\/Brudes-mit-Rennmaschine.jpg 1869w\" sizes=\"auto, (max-width: 300px) 100vw, 300px\" \/><\/a><\/figure>\r\n<\/div>\r\n\r\n\r\n\r\n<p>Die R\u00fcckseite von dem Foto zeigt den Stempel von Erwin Tragatsch, welcher das originale Foto am 2. Juni 1981 an den Victoriasammler Otto Koch aus Gera \u00fcbergab:<\/p>\r\n\r\n\r\n\r\n<div class=\"wp-block-image\">\r\n<figure class=\"aligncenter\"><a href=\"http:\/\/victoria-rad.de\/?attachment_id=860\" target=\"_blank\" rel=\"noopener noreferrer\"><img loading=\"lazy\" decoding=\"async\" class=\"aligncenter wp-image-860\" src=\"http:\/\/victoria-rad.de\/wp-content\/uploads\/2018\/07\/R\u00fcckseite-Foto-Adolf-Brudes-1926-300x243.jpg\" alt=\"\" width=\"300\" height=\"243\" srcset=\"http:\/\/victoria-rad.de\/wp-content\/uploads\/2018\/07\/R\u00fcckseite-Foto-Adolf-Brudes-1926-300x243.jpg 300w, http:\/\/victoria-rad.de\/wp-content\/uploads\/2018\/07\/R\u00fcckseite-Foto-Adolf-Brudes-1926-768x622.jpg 768w, http:\/\/victoria-rad.de\/wp-content\/uploads\/2018\/07\/R\u00fcckseite-Foto-Adolf-Brudes-1926-1024x829.jpg 1024w\" sizes=\"auto, (max-width: 300px) 100vw, 300px\" \/><\/a><\/figure>\r\n<\/div>\r\n\r\n\r\n\r\n<div class=\"wp-block-image\">\r\n<figure class=\"aligncenter\"><a href=\"http:\/\/victoria-rad.de\/wp-content\/uploads\/2018\/07\/Adolf-Brudes-auf-Rennmaschine-1926.jpg\" target=\"_blank\" rel=\"noopener noreferrer\"><img loading=\"lazy\" decoding=\"async\" class=\"aligncenter wp-image-861\" src=\"http:\/\/victoria-rad.de\/wp-content\/uploads\/2018\/07\/Adolf-Brudes-auf-Rennmaschine-1926-300x244.jpg\" alt=\"\" width=\"300\" height=\"244\" srcset=\"http:\/\/victoria-rad.de\/wp-content\/uploads\/2018\/07\/Adolf-Brudes-auf-Rennmaschine-1926-300x244.jpg 300w, http:\/\/victoria-rad.de\/wp-content\/uploads\/2018\/07\/Adolf-Brudes-auf-Rennmaschine-1926-768x625.jpg 768w, http:\/\/victoria-rad.de\/wp-content\/uploads\/2018\/07\/Adolf-Brudes-auf-Rennmaschine-1926-1024x833.jpg 1024w\" sizes=\"auto, (max-width: 300px) 100vw, 300px\" \/><\/a>Adolf Brudes auf der Solo-Kompressor-Maschine, der 600er Klasse im Jahr 1926.<\/figure>\r\n<p>&nbsp;<\/p>\r\n<\/div>\r\n\r\n\r\n\r\n<p>Im Jahr 1926 folgten auch noch einige Rennen auf der AVUS in Berlin.<\/p>\r\n<p>Das Titelbild von Heft 2, Dezember 2018, der Victoria IG. Bild &#8211; Archiv Manfred Sprenger aus Fundus Ottenstein:<\/p>\r\n<p><a href=\"http:\/\/victoria-rad.de\/wp-content\/uploads\/2018\/07\/IMG_20190211_0001.jpg\" target=\"_blank\" rel=\"noopener noreferrer\"><img loading=\"lazy\" decoding=\"async\" class=\"aligncenter wp-image-3604 size-medium\" src=\"http:\/\/victoria-rad.de\/wp-content\/uploads\/2018\/07\/IMG_20190211_0001-217x300.jpg\" alt=\"\" width=\"217\" height=\"300\" srcset=\"http:\/\/victoria-rad.de\/wp-content\/uploads\/2018\/07\/IMG_20190211_0001-217x300.jpg 217w, http:\/\/victoria-rad.de\/wp-content\/uploads\/2018\/07\/IMG_20190211_0001-108x150.jpg 108w, http:\/\/victoria-rad.de\/wp-content\/uploads\/2018\/07\/IMG_20190211_0001-768x1062.jpg 768w, http:\/\/victoria-rad.de\/wp-content\/uploads\/2018\/07\/IMG_20190211_0001-741x1024.jpg 741w\" sizes=\"auto, (max-width: 217px) 100vw, 217px\" \/><\/a> \u00a0 \u00a0 \u00a0 \u00a0 \u00a0 \u00a0 \u00a0 \u00a0 \u00a0 \u00a0 \u00a0 \u00a0 \u00a0 \u00a0 AVUS &#8211; Berlin Victoria &#8211; Sieg &#8211; Seitenwagenklasse.<\/p>\r\n\r\n\r\n\r\n<p>Nach den letzten Renntagen in Berlin auf der AVUS wurde es still um die Sport- und Kompressor-Motorr\u00e4der von Victoria. In den folgenden Jahren wurden keine dergleichen Motorr\u00e4der mehr gebaut. Die Gr\u00fcnde hierf\u00fcr sind nicht bekannt und w\u00e4ren spekulativ, wenn man dar\u00fcber philosophiert.<\/p>\r\n\r\n\r\n\r\n<div class=\"wp-block-image\">\r\n<figure class=\"aligncenter\"><img loading=\"lazy\" decoding=\"async\" width=\"207\" height=\"300\" class=\"wp-image-715 aligncenter\" src=\"http:\/\/victoria-rad.de\/wp-content\/uploads\/2018\/07\/Image00222-207x300.jpg\" alt=\"\" srcset=\"http:\/\/victoria-rad.de\/wp-content\/uploads\/2018\/07\/Image00222-207x300.jpg 207w, http:\/\/victoria-rad.de\/wp-content\/uploads\/2018\/07\/Image00222.jpg 342w\" sizes=\"auto, (max-width: 207px) 100vw, 207px\" \/><\/figure>\r\n<\/div>\r\n\r\n\r\n\r\n\r\n\r\n<div class=\"wp-block-image\">\r\n<figure class=\"aligncenter\"><img loading=\"lazy\" decoding=\"async\" width=\"300\" height=\"14\" class=\"wp-image-2534 aligncenter\" src=\"http:\/\/victoria-rad.de\/wp-content\/uploads\/2018\/10\/58-1-300x14.png\" alt=\"\" srcset=\"http:\/\/victoria-rad.de\/wp-content\/uploads\/2018\/10\/58-1-300x14.png 300w, http:\/\/victoria-rad.de\/wp-content\/uploads\/2018\/10\/58-1.png 501w\" sizes=\"auto, (max-width: 300px) 100vw, 300px\" \/><\/figure>\r\n<\/div>\r\n","protected":false},"excerpt":{"rendered":"<p>Im Jahr 1919 begann bei der Firma Victoria eine neue \u00c4ra mit dem Motorradbau nach dem ersten Weltkrieg. Anf\u00e4nglich kaufte man Motoren von BMW mit der Modellbezeichnung &#8222;M2B15&#8220; zu und baute sie in die eigens daf\u00fcr konstruierten Fahrgestelle ein. Das erste Motorrad mit der Typbezeichnung K.R.I. war mit diesen seitengesteuerten Motor best\u00fcckt, welcher mit 6,5 &hellip; <a href=\"http:\/\/victoria-rad.de\/?p=822\" class=\"more-link\"><span class=\"screen-reader-text\">VICTORIA &#8211; Motorrad KR 3 &#8211; Sport und Kompressor-Motorr\u00e4der auf Basis K.R.III. 1925\/1926<\/span> weiterlesen<\/a><\/p>\n","protected":false},"author":1,"featured_media":0,"comment_status":"open","ping_status":"open","sticky":false,"template":"","format":"standard","meta":{"footnotes":""},"categories":[1],"tags":[],"class_list":["post-822","post","type-post","status-publish","format-standard","hentry","category-uncategorized"],"_links":{"self":[{"href":"http:\/\/victoria-rad.de\/index.php?rest_route=\/wp\/v2\/posts\/822","targetHints":{"allow":["GET"]}}],"collection":[{"href":"http:\/\/victoria-rad.de\/index.php?rest_route=\/wp\/v2\/posts"}],"about":[{"href":"http:\/\/victoria-rad.de\/index.php?rest_route=\/wp\/v2\/types\/post"}],"author":[{"embeddable":true,"href":"http:\/\/victoria-rad.de\/index.php?rest_route=\/wp\/v2\/users\/1"}],"replies":[{"embeddable":true,"href":"http:\/\/victoria-rad.de\/index.php?rest_route=%2Fwp%2Fv2%2Fcomments&post=822"}],"version-history":[{"count":30,"href":"http:\/\/victoria-rad.de\/index.php?rest_route=\/wp\/v2\/posts\/822\/revisions"}],"predecessor-version":[{"id":7923,"href":"http:\/\/victoria-rad.de\/index.php?rest_route=\/wp\/v2\/posts\/822\/revisions\/7923"}],"wp:attachment":[{"href":"http:\/\/victoria-rad.de\/index.php?rest_route=%2Fwp%2Fv2%2Fmedia&parent=822"}],"wp:term":[{"taxonomy":"category","embeddable":true,"href":"http:\/\/victoria-rad.de\/index.php?rest_route=%2Fwp%2Fv2%2Fcategories&post=822"},{"taxonomy":"post_tag","embeddable":true,"href":"http:\/\/victoria-rad.de\/index.php?rest_route=%2Fwp%2Fv2%2Ftags&post=822"}],"curies":[{"name":"wp","href":"https:\/\/api.w.org\/{rel}","templated":true}]}}