{"id":8856,"date":"2022-06-03T12:14:32","date_gmt":"2022-06-03T10:14:32","guid":{"rendered":"http:\/\/victoria-rad.de\/?p=8856"},"modified":"2022-06-03T12:14:32","modified_gmt":"2022-06-03T10:14:32","slug":"victoria-motorraeder-fuer-die-kriegsmarine-wm-ip-von-1935-1945","status":"publish","type":"post","link":"http:\/\/victoria-rad.de\/?p=8856","title":{"rendered":"Victoria &#8211; Motorr\u00e4der f\u00fcr die Kriegsmarine WM \/ IP von 1935-1945&#8230;"},"content":{"rendered":"<p><strong>Heute stellen wir die &#8222;Kriegs-Marine&#8220; mit dem K\u00fcrzel &#8222;WM&#8220; vor:<\/strong><\/p>\n<p><em><strong>Wenn auch f\u00fcr die Seestreitkr\u00e4fte Motorr\u00e4der\u00a0 nicht das Non + Ultra waren, soll nicht unerw\u00e4hnt bleiben, das im Norden doch f\u00fcr Zulieferungen und Depots diese auch gebraucht wurden&#8230;<\/strong><\/em><\/p>\n<p><img loading=\"lazy\" decoding=\"async\" class=\"alignnone size-full wp-image-8861 aligncenter\" src=\"http:\/\/victoria-rad.de\/wp-content\/uploads\/2020\/07\/Zeiche-Kriegsmarine.png\" alt=\"\" width=\"150\" height=\"189\" srcset=\"http:\/\/victoria-rad.de\/wp-content\/uploads\/2020\/07\/Zeiche-Kriegsmarine.png 150w, http:\/\/victoria-rad.de\/wp-content\/uploads\/2020\/07\/Zeiche-Kriegsmarine-119x150.png 119w\" sizes=\"auto, (max-width: 150px) 100vw, 150px\" \/><\/p>\n<p><strong>Die Seestreitkr\u00e4fte der Deutschen Wehrmacht wurden ab 1935 offiziell als &#8222;Kriegsmarine&#8220; bezeichnet, vorher gab es die Bezeichnung &#8222;Reichsmarine&#8220;, dies diente zur Abgrenzung der &#8222;Handelsmarine&#8220;. Wie auch das Deutsche Heer und die Deutsche Luftwaffe war die Kriegsmarine von 1935-1945 aktiv. Sitz des Oberkommandos war das Shell-Haus in Berlin. Oberbefehlshaber bis 1943 war Erich Raeder, ab 1943-45 dann Karl D\u00f6nitz. Anfang der vierziger Jahre war die Mannschaftsst\u00e4rke zwar auf ca. 80 000 Mann angestiegen, konnte aber mit den Alliierten nicht mithalten. Nach anf\u00e4nglichen Erfolgen gegen die englische Handelsflotte, gab es\u00a0 viele R\u00fcckschl\u00e4ge, wie zu Beispiel die Versenkung des Panzerschiffs\u00a0 &#8222;Admiral von Spee&#8220;. So konzentrierte man sich auf die U-Boot-Flotte, die wiederum auch keinen durchschlagenden Erfolg hatte. Viele Boote wurden von Gegner mittels neuartigen &#8222;Radar&#8220; versenkt, allein Jahr 1943 waren es \u00fcber 200 Boote.<\/strong><\/p>\n<p><a href=\"http:\/\/victoria-rad.de\/wp-content\/uploads\/2020\/07\/M0.0.jpg\" target=\"_blank\" rel=\"noopener noreferrer\"><img loading=\"lazy\" decoding=\"async\" class=\"aligncenter wp-image-8860 size-medium\" src=\"http:\/\/victoria-rad.de\/wp-content\/uploads\/2020\/07\/M0.0-300x173.jpg\" alt=\"\" width=\"300\" height=\"173\" srcset=\"http:\/\/victoria-rad.de\/wp-content\/uploads\/2020\/07\/M0.0-300x173.jpg 300w, http:\/\/victoria-rad.de\/wp-content\/uploads\/2020\/07\/M0.0-150x87.jpg 150w, http:\/\/victoria-rad.de\/wp-content\/uploads\/2020\/07\/M0.0.jpg 329w\" sizes=\"auto, (max-width: 300px) 100vw, 300px\" \/><\/a><\/p>\n<p style=\"text-align: center;\">Unterseeboot U 995 vom Typ VIIC (Quelle Wikipedia).<\/p>\n<p><strong>Im gro\u00dfen und ganzen war, wie bereits erw\u00e4hnt, die Kriegsmarine kein durchschlagender Erfolg f\u00fcr die Streitkr\u00e4fte. Man kann aber sagen, sie besch\u00e4ftigte den Gegner trotzdem stark und der Gegner musste dadurch weitere Aktivit\u00e4ten zur\u00fcck drehen.<\/strong><\/p>\n<p>Im Anschluss noch ein paar Bilder aus dem Kreis Pinneberg, wo auch Motorr\u00e4der unserer Marke &#8222;Victoria&#8220; stationiert waren, unter der Kennzeichnung f\u00fcr Pinneberg:<\/p>\n<p><a href=\"http:\/\/victoria-rad.de\/wp-content\/uploads\/2020\/07\/M0.1.jpg\" target=\"_blank\" rel=\"noopener noreferrer\"><img loading=\"lazy\" decoding=\"async\" class=\"aligncenter wp-image-8862 size-medium\" src=\"http:\/\/victoria-rad.de\/wp-content\/uploads\/2020\/07\/M0.1-300x199.jpg\" alt=\"\" width=\"300\" height=\"199\" srcset=\"http:\/\/victoria-rad.de\/wp-content\/uploads\/2020\/07\/M0.1-300x199.jpg 300w, http:\/\/victoria-rad.de\/wp-content\/uploads\/2020\/07\/M0.1-150x99.jpg 150w, http:\/\/victoria-rad.de\/wp-content\/uploads\/2020\/07\/M0.1-768x508.jpg 768w, http:\/\/victoria-rad.de\/wp-content\/uploads\/2020\/07\/M0.1.jpg 1000w\" sizes=\"auto, (max-width: 300px) 100vw, 300px\" \/><\/a><\/p>\n<p><a href=\"http:\/\/victoria-rad.de\/wp-content\/uploads\/2020\/07\/M1.1.jpg\" target=\"_blank\" rel=\"noopener noreferrer\"><img loading=\"lazy\" decoding=\"async\" class=\"aligncenter wp-image-8863 size-medium\" src=\"http:\/\/victoria-rad.de\/wp-content\/uploads\/2020\/07\/M1.1-300x197.jpg\" alt=\"\" width=\"300\" height=\"197\" srcset=\"http:\/\/victoria-rad.de\/wp-content\/uploads\/2020\/07\/M1.1-300x197.jpg 300w, http:\/\/victoria-rad.de\/wp-content\/uploads\/2020\/07\/M1.1-150x99.jpg 150w, http:\/\/victoria-rad.de\/wp-content\/uploads\/2020\/07\/M1.1-768x505.jpg 768w, http:\/\/victoria-rad.de\/wp-content\/uploads\/2020\/07\/M1.1.jpg 1000w\" sizes=\"auto, (max-width: 300px) 100vw, 300px\" \/><\/a><\/p>\n<p><a href=\"http:\/\/victoria-rad.de\/wp-content\/uploads\/2020\/07\/M2.jpg\" target=\"_blank\" rel=\"noopener noreferrer\"><img loading=\"lazy\" decoding=\"async\" class=\"aligncenter wp-image-8864 size-medium\" src=\"http:\/\/victoria-rad.de\/wp-content\/uploads\/2020\/07\/M2-200x300.jpg\" alt=\"\" width=\"200\" height=\"300\" srcset=\"http:\/\/victoria-rad.de\/wp-content\/uploads\/2020\/07\/M2-200x300.jpg 200w, http:\/\/victoria-rad.de\/wp-content\/uploads\/2020\/07\/M2-100x150.jpg 100w, http:\/\/victoria-rad.de\/wp-content\/uploads\/2020\/07\/M2.jpg 591w\" sizes=\"auto, (max-width: 200px) 100vw, 200px\" \/><\/a><\/p>\n<p><a href=\"http:\/\/victoria-rad.de\/wp-content\/uploads\/2020\/07\/M3.jpg\" target=\"_blank\" rel=\"noopener noreferrer\"><img loading=\"lazy\" decoding=\"async\" class=\"aligncenter wp-image-8865 size-medium\" src=\"http:\/\/victoria-rad.de\/wp-content\/uploads\/2020\/07\/M3-300x198.jpg\" alt=\"\" width=\"300\" height=\"198\" srcset=\"http:\/\/victoria-rad.de\/wp-content\/uploads\/2020\/07\/M3-300x198.jpg 300w, http:\/\/victoria-rad.de\/wp-content\/uploads\/2020\/07\/M3-150x99.jpg 150w, http:\/\/victoria-rad.de\/wp-content\/uploads\/2020\/07\/M3-768x506.jpg 768w, http:\/\/victoria-rad.de\/wp-content\/uploads\/2020\/07\/M3.jpg 953w\" sizes=\"auto, (max-width: 300px) 100vw, 300px\" \/><\/a><\/p>\n<p><a href=\"http:\/\/victoria-rad.de\/wp-content\/uploads\/2020\/07\/M4.jpg\" target=\"_blank\" rel=\"noopener noreferrer\"><img loading=\"lazy\" decoding=\"async\" class=\"aligncenter wp-image-8866 size-medium\" src=\"http:\/\/victoria-rad.de\/wp-content\/uploads\/2020\/07\/M4-300x199.jpg\" alt=\"\" width=\"300\" height=\"199\" srcset=\"http:\/\/victoria-rad.de\/wp-content\/uploads\/2020\/07\/M4-300x199.jpg 300w, http:\/\/victoria-rad.de\/wp-content\/uploads\/2020\/07\/M4-150x99.jpg 150w, http:\/\/victoria-rad.de\/wp-content\/uploads\/2020\/07\/M4-768x509.jpg 768w, http:\/\/victoria-rad.de\/wp-content\/uploads\/2020\/07\/M4.jpg 970w\" sizes=\"auto, (max-width: 300px) 100vw, 300px\" \/><\/a><\/p>\n<p><a href=\"http:\/\/victoria-rad.de\/wp-content\/uploads\/2020\/07\/M5.jpg\" target=\"_blank\" rel=\"noopener noreferrer\"><img loading=\"lazy\" decoding=\"async\" class=\"aligncenter wp-image-8867 size-medium\" src=\"http:\/\/victoria-rad.de\/wp-content\/uploads\/2020\/07\/M5-203x300.jpg\" alt=\"\" width=\"203\" height=\"300\" srcset=\"http:\/\/victoria-rad.de\/wp-content\/uploads\/2020\/07\/M5-203x300.jpg 203w, http:\/\/victoria-rad.de\/wp-content\/uploads\/2020\/07\/M5-101x150.jpg 101w, http:\/\/victoria-rad.de\/wp-content\/uploads\/2020\/07\/M5.jpg 675w\" sizes=\"auto, (max-width: 203px) 100vw, 203px\" \/><\/a><\/p>\n<p style=\"text-align: center;\"><a href=\"http:\/\/victoria-rad.de\/wp-content\/uploads\/2020\/07\/M6.jpg\" target=\"_blank\" rel=\"noopener noreferrer\"><img loading=\"lazy\" decoding=\"async\" class=\"aligncenter wp-image-8868 size-medium\" src=\"http:\/\/victoria-rad.de\/wp-content\/uploads\/2020\/07\/M6-300x199.jpg\" alt=\"\" width=\"300\" height=\"199\" srcset=\"http:\/\/victoria-rad.de\/wp-content\/uploads\/2020\/07\/M6-300x199.jpg 300w, http:\/\/victoria-rad.de\/wp-content\/uploads\/2020\/07\/M6-150x99.jpg 150w, http:\/\/victoria-rad.de\/wp-content\/uploads\/2020\/07\/M6-768x508.jpg 768w, http:\/\/victoria-rad.de\/wp-content\/uploads\/2020\/07\/M6.jpg 793w\" sizes=\"auto, (max-width: 300px) 100vw, 300px\" \/><\/a>Die Jugend im Volkssturm.<\/p>\n<p><a href=\"http:\/\/victoria-rad.de\/wp-content\/uploads\/2020\/02\/IMG_20190312_0002-scaled.jpg\" target=\"_blank\" rel=\"noopener noreferrer\"><img loading=\"lazy\" decoding=\"async\" class=\"aligncenter wp-image-7872 size-medium\" src=\"http:\/\/victoria-rad.de\/wp-content\/uploads\/2020\/02\/IMG_20190312_0002-300x102.jpg\" alt=\"\" width=\"300\" height=\"102\" srcset=\"http:\/\/victoria-rad.de\/wp-content\/uploads\/2020\/02\/IMG_20190312_0002-300x102.jpg 300w, http:\/\/victoria-rad.de\/wp-content\/uploads\/2020\/02\/IMG_20190312_0002-1024x347.jpg 1024w, http:\/\/victoria-rad.de\/wp-content\/uploads\/2020\/02\/IMG_20190312_0002-150x51.jpg 150w, http:\/\/victoria-rad.de\/wp-content\/uploads\/2020\/02\/IMG_20190312_0002-768x261.jpg 768w, http:\/\/victoria-rad.de\/wp-content\/uploads\/2020\/02\/IMG_20190312_0002-1536x521.jpg 1536w, http:\/\/victoria-rad.de\/wp-content\/uploads\/2020\/02\/IMG_20190312_0002-2048x695.jpg 2048w\" sizes=\"auto, (max-width: 300px) 100vw, 300px\" \/><\/a><\/p>\n<p><img loading=\"lazy\" decoding=\"async\" class=\"alignnone size-medium wp-image-7853 aligncenter\" src=\"http:\/\/victoria-rad.de\/wp-content\/uploads\/2020\/02\/58-300x14.png\" alt=\"\" width=\"300\" height=\"14\" srcset=\"http:\/\/victoria-rad.de\/wp-content\/uploads\/2020\/02\/58-300x14.png 300w, http:\/\/victoria-rad.de\/wp-content\/uploads\/2020\/02\/58-150x7.png 150w, http:\/\/victoria-rad.de\/wp-content\/uploads\/2020\/02\/58.png 501w\" sizes=\"auto, (max-width: 300px) 100vw, 300px\" \/><\/p>\n","protected":false},"excerpt":{"rendered":"<p>Heute stellen wir die &#8222;Kriegs-Marine&#8220; mit dem K\u00fcrzel &#8222;WM&#8220; vor: Wenn auch f\u00fcr die Seestreitkr\u00e4fte Motorr\u00e4der\u00a0 nicht das Non + Ultra waren, soll nicht unerw\u00e4hnt bleiben, das im Norden doch f\u00fcr Zulieferungen und Depots diese auch gebraucht wurden&#8230; Die Seestreitkr\u00e4fte der Deutschen Wehrmacht wurden ab 1935 offiziell als &#8222;Kriegsmarine&#8220; bezeichnet, vorher gab es die Bezeichnung &hellip; <a href=\"http:\/\/victoria-rad.de\/?p=8856\" class=\"more-link\"><span class=\"screen-reader-text\">Victoria &#8211; Motorr\u00e4der f\u00fcr die Kriegsmarine WM \/ IP von 1935-1945&#8230;<\/span> weiterlesen<\/a><\/p>\n","protected":false},"author":1,"featured_media":0,"comment_status":"open","ping_status":"open","sticky":false,"template":"","format":"standard","meta":{"footnotes":""},"categories":[1],"tags":[],"class_list":["post-8856","post","type-post","status-publish","format-standard","hentry","category-uncategorized"],"_links":{"self":[{"href":"http:\/\/victoria-rad.de\/index.php?rest_route=\/wp\/v2\/posts\/8856","targetHints":{"allow":["GET"]}}],"collection":[{"href":"http:\/\/victoria-rad.de\/index.php?rest_route=\/wp\/v2\/posts"}],"about":[{"href":"http:\/\/victoria-rad.de\/index.php?rest_route=\/wp\/v2\/types\/post"}],"author":[{"embeddable":true,"href":"http:\/\/victoria-rad.de\/index.php?rest_route=\/wp\/v2\/users\/1"}],"replies":[{"embeddable":true,"href":"http:\/\/victoria-rad.de\/index.php?rest_route=%2Fwp%2Fv2%2Fcomments&post=8856"}],"version-history":[{"count":9,"href":"http:\/\/victoria-rad.de\/index.php?rest_route=\/wp\/v2\/posts\/8856\/revisions"}],"predecessor-version":[{"id":14718,"href":"http:\/\/victoria-rad.de\/index.php?rest_route=\/wp\/v2\/posts\/8856\/revisions\/14718"}],"wp:attachment":[{"href":"http:\/\/victoria-rad.de\/index.php?rest_route=%2Fwp%2Fv2%2Fmedia&parent=8856"}],"wp:term":[{"taxonomy":"category","embeddable":true,"href":"http:\/\/victoria-rad.de\/index.php?rest_route=%2Fwp%2Fv2%2Fcategories&post=8856"},{"taxonomy":"post_tag","embeddable":true,"href":"http:\/\/victoria-rad.de\/index.php?rest_route=%2Fwp%2Fv2%2Ftags&post=8856"}],"curies":[{"name":"wp","href":"https:\/\/api.w.org\/{rel}","templated":true}]}}