{"id":8891,"date":"2020-07-23T14:50:51","date_gmt":"2020-07-23T14:50:51","guid":{"rendered":"http:\/\/victoria-rad.de\/?p=8891"},"modified":"2020-07-23T16:24:39","modified_gmt":"2020-07-23T16:24:39","slug":"dkw-teil-1-auch-andere-muetter-haben-schoene-toechter","status":"publish","type":"post","link":"http:\/\/victoria-rad.de\/?p=8891","title":{"rendered":"DKW &#8211; Teil 1 &#8211; auch andere M\u00fctter haben sch\u00f6ne T\u00f6chter&#8230;"},"content":{"rendered":"<h4><span style=\"color: #ff6600;\"><em><strong>In den n\u00e4chsten drei Berichten (197 -199) m\u00f6chte ich die damals gr\u00f6\u00dfte Motorrad-Fabrik &#8222;DKW&#8220; w\u00fcrdigen und einen groben \u00dcberblick geben, was in dieser Firma im Osten von Deutschland geleistet wurde:<\/strong><\/em><\/span><\/h4>\n<p><strong>Einiges aus der Historie von DKW:<\/strong><\/p>\n<p><strong>Der Firmengr\u00fcnder von DKW &#8211; J\u00f6rgen Skafte Rasmussen, der Name sagt bereits aus, er war d\u00e4nischer Abstammung&#8230; Die erste Bezeichnung DKW kam von &#8222;Dampfkraftwagen&#8220;, da sich Rasmussen mit der Fertigung von Armaturen f\u00fcr Dampfkessel-Anlagen selbstst\u00e4ndig machte. Rasmussen arbeitete mit dem Konstrukteur Hugo Ruppe zusammen, welcher einen Spielzeugmotor (18 ccm &#8211; Zweitaktmotor) konstruierte&#8230;<\/strong><\/p>\n<p><a href=\"http:\/\/victoria-rad.de\/wp-content\/uploads\/2020\/07\/003-2.jpg\" target=\"_blank\" rel=\"noopener noreferrer\"><img loading=\"lazy\" decoding=\"async\" class=\"aligncenter wp-image-8896 size-medium\" src=\"http:\/\/victoria-rad.de\/wp-content\/uploads\/2020\/07\/003-2-218x300.jpg\" alt=\"\" width=\"218\" height=\"300\" srcset=\"http:\/\/victoria-rad.de\/wp-content\/uploads\/2020\/07\/003-2-218x300.jpg 218w, http:\/\/victoria-rad.de\/wp-content\/uploads\/2020\/07\/003-2-109x150.jpg 109w, http:\/\/victoria-rad.de\/wp-content\/uploads\/2020\/07\/003-2.jpg 713w\" sizes=\"auto, (max-width: 218px) 100vw, 218px\" \/><\/a><\/p>\n<p style=\"text-align: center;\"><strong>Hieraus resultierte jetzt bereits die zweite\u00a0 Bezeichnung von DKW n\u00e4mlich: &#8222;Des Knaben Wunsch&#8220;.<\/strong><\/p>\n<p><strong>Aber die zweite Erfindung von Hugo Ruppe legte eigentlich\u00a0 den Grundstein f\u00fcr die Firma &#8222;DKW&#8220;, welche in den drei\u00dfiger Jahren zur gr\u00f6\u00dften Motorrad-Fabrik auf dem Kontinent avancierte&#8230; Es war der ber\u00fchmte Fahrrad-Hilfsmotor, welcher \u00fcber dem Hinterrad eines Fahrrades moniert war:<\/strong><\/p>\n<p><a href=\"http:\/\/victoria-rad.de\/wp-content\/uploads\/2020\/07\/002-2.jpg\" target=\"_blank\" rel=\"noopener noreferrer\"><img loading=\"lazy\" decoding=\"async\" class=\"aligncenter wp-image-8897 size-medium\" src=\"http:\/\/victoria-rad.de\/wp-content\/uploads\/2020\/07\/002-2-167x300.jpg\" alt=\"\" width=\"167\" height=\"300\" srcset=\"http:\/\/victoria-rad.de\/wp-content\/uploads\/2020\/07\/002-2-167x300.jpg 167w, http:\/\/victoria-rad.de\/wp-content\/uploads\/2020\/07\/002-2-570x1024.jpg 570w, http:\/\/victoria-rad.de\/wp-content\/uploads\/2020\/07\/002-2-83x150.jpg 83w, http:\/\/victoria-rad.de\/wp-content\/uploads\/2020\/07\/002-2-768x1380.jpg 768w, http:\/\/victoria-rad.de\/wp-content\/uploads\/2020\/07\/002-2.jpg 775w\" sizes=\"auto, (max-width: 167px) 100vw, 167px\" \/><\/a><\/p>\n<p style=\"text-align: center;\"><strong>DKW &#8211; &#8222;Das kleine Wunder&#8220; &#8211; mancher nannte den Motor auch &#8222;Arschw\u00e4rmer&#8220;&#8230;<\/strong><\/p>\n<p><strong>&#8222;Das kleine Wunder&#8220;, wie das K\u00fcrzel &#8222;DKW&#8220; war dann die dritte Bezeichnung. Vorgestellt wurde dieser Motor mit 118 ccm Hubraum und einem PS auf der Leipziger Messe 1919 und erfreute sich die n\u00e4chsten Jahre sehr gro\u00dfer Beliebtheit&#8230;<\/strong><\/p>\n<p><strong>Im Jahr 1922 folgten die ersten Leichtmotorr\u00e4der der Firma DKW mit 148 ccm und 1,75 &#8211; 2,5 PS, nach den Siegen auf der AVUS in Berlin nannte man die Fahrzeuge &#8222;Reichsfahrtmodell&#8220;:<\/strong><\/p>\n<p><a href=\"http:\/\/victoria-rad.de\/wp-content\/uploads\/2020\/07\/004-2.jpg\" target=\"_blank\" rel=\"noopener noreferrer\"><img loading=\"lazy\" decoding=\"async\" class=\"aligncenter wp-image-8898 size-medium\" src=\"http:\/\/victoria-rad.de\/wp-content\/uploads\/2020\/07\/004-2-300x270.jpg\" alt=\"\" width=\"300\" height=\"270\" srcset=\"http:\/\/victoria-rad.de\/wp-content\/uploads\/2020\/07\/004-2-300x270.jpg 300w, http:\/\/victoria-rad.de\/wp-content\/uploads\/2020\/07\/004-2-1024x922.jpg 1024w, http:\/\/victoria-rad.de\/wp-content\/uploads\/2020\/07\/004-2-150x135.jpg 150w, http:\/\/victoria-rad.de\/wp-content\/uploads\/2020\/07\/004-2-768x692.jpg 768w, http:\/\/victoria-rad.de\/wp-content\/uploads\/2020\/07\/004-2.jpg 1488w\" sizes=\"auto, (max-width: 300px) 100vw, 300px\" \/><\/a><\/p>\n<p style=\"text-align: center;\"><strong>Walfried Winkler auf einem geliehenen Reichsfahrtmodell, damit gelang ihm sein erster Sieg bein Rennen &#8211; Rund um Gera &#8211; Er war einer der erfolgreichsten DKW-Werksrennfahrer in der weiteren Laufbahn&#8230;<\/strong><\/p>\n<p><strong>Das n\u00e4chste Bild zeigt ein Reichsfahrtmodell wie es auf der AVUS im Jahr 1922 war:<\/strong><\/p>\n<p><a href=\"http:\/\/victoria-rad.de\/wp-content\/uploads\/2020\/07\/IMG_20200709_0001.jpg\" target=\"_blank\" rel=\"noopener noreferrer\"><img loading=\"lazy\" decoding=\"async\" class=\"aligncenter wp-image-8894 size-medium\" src=\"http:\/\/victoria-rad.de\/wp-content\/uploads\/2020\/07\/IMG_20200709_0001-300x235.jpg\" alt=\"\" width=\"300\" height=\"235\" srcset=\"http:\/\/victoria-rad.de\/wp-content\/uploads\/2020\/07\/IMG_20200709_0001-300x235.jpg 300w, http:\/\/victoria-rad.de\/wp-content\/uploads\/2020\/07\/IMG_20200709_0001-150x118.jpg 150w, http:\/\/victoria-rad.de\/wp-content\/uploads\/2020\/07\/IMG_20200709_0001-768x602.jpg 768w, http:\/\/victoria-rad.de\/wp-content\/uploads\/2020\/07\/IMG_20200709_0001.jpg 1000w\" sizes=\"auto, (max-width: 300px) 100vw, 300px\" \/><\/a><\/p>\n<p style=\"text-align: center;\">Dieses Modell steht im Museum f\u00fcr S\u00e4chsische Fahrzeuge in Chemnitz \/ Sachsen.<\/p>\n<p style=\"text-align: center;\"><strong>Mit dem &#8222;Reichsfahrtmodell&#8220; gelang der Firma DKW der Aufstieg im Motorradbau. Innerhalb von 4 Jahren produzierte DKW ca. 20 000 Modelle.<\/strong><\/p>\n<p><em><strong>Im folgenden Video wird die siegreiche Reichsfahrt auf der AVUS-Rennstrecke in Berlin Charlottenburg pr\u00e4sentiert. Im ersten Teil sieht man den Firmengr\u00fcnder von DKW &#8211; J.S. Rasmussen (mit Melone als Kopfbedeckung)&#8230; Danach die AVUS-Rennstrecke von 1922&#8230; Auch ein schwerer Sturz eines Rennfahrers wird gezeigt&#8230; Danach die Sieger (alle DKW), rechts Alfred Uran (folgendes Bild)&#8230; Dann zum Schluss &#8211; die Ehrenrunde&#8230;<\/strong><\/em><\/p>\n<div style=\"width: 660px;\" class=\"wp-video\"><video class=\"wp-video-shortcode\" id=\"video-8891-1\" width=\"660\" height=\"371\" preload=\"metadata\" controls=\"controls\"><source type=\"video\/mp4\" src=\"http:\/\/victoria-rad.de\/wp-content\/uploads\/2020\/07\/Mein-Film.mp4?_=1\" \/><a href=\"http:\/\/victoria-rad.de\/wp-content\/uploads\/2020\/07\/Mein-Film.mp4\">http:\/\/victoria-rad.de\/wp-content\/uploads\/2020\/07\/Mein-Film.mp4<\/a><\/video><\/div>\n<p><strong>Sieger: Bild\u00a0 &#8211; Alfred Urban &#8211; AVUS 1922:<\/strong><\/p>\n<p><a href=\"http:\/\/victoria-rad.de\/wp-content\/uploads\/2020\/07\/001.jpg\" target=\"_blank\" rel=\"noopener noreferrer\"><img loading=\"lazy\" decoding=\"async\" class=\"aligncenter wp-image-8895 size-medium\" src=\"http:\/\/victoria-rad.de\/wp-content\/uploads\/2020\/07\/001-300x213.jpg\" alt=\"\" width=\"300\" height=\"213\" srcset=\"http:\/\/victoria-rad.de\/wp-content\/uploads\/2020\/07\/001-300x213.jpg 300w, http:\/\/victoria-rad.de\/wp-content\/uploads\/2020\/07\/001-1024x727.jpg 1024w, http:\/\/victoria-rad.de\/wp-content\/uploads\/2020\/07\/001-150x106.jpg 150w, http:\/\/victoria-rad.de\/wp-content\/uploads\/2020\/07\/001-768x545.jpg 768w, http:\/\/victoria-rad.de\/wp-content\/uploads\/2020\/07\/001.jpg 1351w\" sizes=\"auto, (max-width: 300px) 100vw, 300px\" \/><\/a><\/p>\n<p>Quellen: Motorbuch-Verlag-DKW\/MZ &#8211; Bach, Lange,Rauch; Ausstellungskatalog &#8211; S\u00e4chsische Fahrzeuge, Museum Chemnitz; DKW &#8211; Motorr\u00e4der 1922-1958 &#8211; Schrader Verlag; Video\u00a0 Kopie unbekannt&#8230;<\/p>\n<p><a href=\"http:\/\/victoria-rad.de\/wp-content\/uploads\/2020\/02\/IMG_20190312_0002-scaled.jpg\" target=\"_blank\" rel=\"noopener noreferrer\"><img loading=\"lazy\" decoding=\"async\" class=\"aligncenter wp-image-7872 size-medium\" src=\"http:\/\/victoria-rad.de\/wp-content\/uploads\/2020\/02\/IMG_20190312_0002-300x102.jpg\" alt=\"\" width=\"300\" height=\"102\" srcset=\"http:\/\/victoria-rad.de\/wp-content\/uploads\/2020\/02\/IMG_20190312_0002-300x102.jpg 300w, http:\/\/victoria-rad.de\/wp-content\/uploads\/2020\/02\/IMG_20190312_0002-1024x347.jpg 1024w, http:\/\/victoria-rad.de\/wp-content\/uploads\/2020\/02\/IMG_20190312_0002-150x51.jpg 150w, http:\/\/victoria-rad.de\/wp-content\/uploads\/2020\/02\/IMG_20190312_0002-768x261.jpg 768w, http:\/\/victoria-rad.de\/wp-content\/uploads\/2020\/02\/IMG_20190312_0002-1536x521.jpg 1536w, http:\/\/victoria-rad.de\/wp-content\/uploads\/2020\/02\/IMG_20190312_0002-2048x695.jpg 2048w\" sizes=\"auto, (max-width: 300px) 100vw, 300px\" \/><\/a><\/p>\n<p><img loading=\"lazy\" decoding=\"async\" class=\"alignnone size-medium wp-image-8409 aligncenter\" src=\"http:\/\/victoria-rad.de\/wp-content\/uploads\/2020\/03\/58-300x14.png\" alt=\"\" width=\"300\" height=\"14\" srcset=\"http:\/\/victoria-rad.de\/wp-content\/uploads\/2020\/03\/58-300x14.png 300w, http:\/\/victoria-rad.de\/wp-content\/uploads\/2020\/03\/58-150x7.png 150w, http:\/\/victoria-rad.de\/wp-content\/uploads\/2020\/03\/58.png 501w\" sizes=\"auto, (max-width: 300px) 100vw, 300px\" \/><\/p>\n","protected":false},"excerpt":{"rendered":"<p>In den n\u00e4chsten drei Berichten (197 -199) m\u00f6chte ich die damals gr\u00f6\u00dfte Motorrad-Fabrik &#8222;DKW&#8220; w\u00fcrdigen und einen groben \u00dcberblick geben, was in dieser Firma im Osten von Deutschland geleistet wurde: Einiges aus der Historie von DKW: Der Firmengr\u00fcnder von DKW &#8211; J\u00f6rgen Skafte Rasmussen, der Name sagt bereits aus, er war d\u00e4nischer Abstammung&#8230; Die erste &hellip; <a href=\"http:\/\/victoria-rad.de\/?p=8891\" class=\"more-link\"><span class=\"screen-reader-text\">DKW &#8211; Teil 1 &#8211; auch andere M\u00fctter haben sch\u00f6ne T\u00f6chter&#8230;<\/span> weiterlesen<\/a><\/p>\n","protected":false},"author":1,"featured_media":0,"comment_status":"open","ping_status":"open","sticky":false,"template":"","format":"standard","meta":{"footnotes":""},"categories":[1],"tags":[],"class_list":["post-8891","post","type-post","status-publish","format-standard","hentry","category-uncategorized"],"_links":{"self":[{"href":"http:\/\/victoria-rad.de\/index.php?rest_route=\/wp\/v2\/posts\/8891","targetHints":{"allow":["GET"]}}],"collection":[{"href":"http:\/\/victoria-rad.de\/index.php?rest_route=\/wp\/v2\/posts"}],"about":[{"href":"http:\/\/victoria-rad.de\/index.php?rest_route=\/wp\/v2\/types\/post"}],"author":[{"embeddable":true,"href":"http:\/\/victoria-rad.de\/index.php?rest_route=\/wp\/v2\/users\/1"}],"replies":[{"embeddable":true,"href":"http:\/\/victoria-rad.de\/index.php?rest_route=%2Fwp%2Fv2%2Fcomments&post=8891"}],"version-history":[{"count":10,"href":"http:\/\/victoria-rad.de\/index.php?rest_route=\/wp\/v2\/posts\/8891\/revisions"}],"predecessor-version":[{"id":9074,"href":"http:\/\/victoria-rad.de\/index.php?rest_route=\/wp\/v2\/posts\/8891\/revisions\/9074"}],"wp:attachment":[{"href":"http:\/\/victoria-rad.de\/index.php?rest_route=%2Fwp%2Fv2%2Fmedia&parent=8891"}],"wp:term":[{"taxonomy":"category","embeddable":true,"href":"http:\/\/victoria-rad.de\/index.php?rest_route=%2Fwp%2Fv2%2Fcategories&post=8891"},{"taxonomy":"post_tag","embeddable":true,"href":"http:\/\/victoria-rad.de\/index.php?rest_route=%2Fwp%2Fv2%2Ftags&post=8891"}],"curies":[{"name":"wp","href":"https:\/\/api.w.org\/{rel}","templated":true}]}}