{"id":891,"date":"2018-08-01T08:24:16","date_gmt":"2018-08-01T08:24:16","guid":{"rendered":"http:\/\/victoria-rad.de\/?p=891"},"modified":"2018-08-08T09:22:45","modified_gmt":"2018-08-08T09:22:45","slug":"victoria-treffen-2018-pfaffengruen-vom-3-8-5-8-2018","status":"publish","type":"post","link":"http:\/\/victoria-rad.de\/?p=891","title":{"rendered":"VICTORIA &#8211; TREFFEN 2018 Pfaffengr\u00fcn vom 3.8-5.8. 2018"},"content":{"rendered":"<p>Hallo liebe Freunde unserer Marke &#8222;VICTORIA&#8220;, diese Woche findet das Jahrestreffen bei mir in Treuen\/Pfaffengr\u00fcn statt. Ich freue mich schon riesig, wenn Ihr alle kommt. Die Vorbereitungen laufen noch, aber es wird wohl alles gut. Das Wetter soll ja auch sehr sch\u00f6n werden, das haben wir unserer Siegesg\u00f6ttin zu verdanken. Kommt alle gesund, munter und ohne Pannen an.<\/p>\n<p>Euer Gert Reiher&#8230;<\/p>\n<p><img loading=\"lazy\" decoding=\"async\" class=\"alignnone size-medium wp-image-892 aligncenter\" src=\"http:\/\/victoria-rad.de\/wp-content\/uploads\/2018\/08\/reiher-gert-victoria-plakat-210x300.jpg\" alt=\"\" width=\"210\" height=\"300\" srcset=\"http:\/\/victoria-rad.de\/wp-content\/uploads\/2018\/08\/reiher-gert-victoria-plakat-210x300.jpg 210w, http:\/\/victoria-rad.de\/wp-content\/uploads\/2018\/08\/reiher-gert-victoria-plakat-768x1098.jpg 768w, http:\/\/victoria-rad.de\/wp-content\/uploads\/2018\/08\/reiher-gert-victoria-plakat-716x1024.jpg 716w\" sizes=\"auto, (max-width: 210px) 100vw, 210px\" \/><\/p>\n<p><img loading=\"lazy\" decoding=\"async\" class=\"alignnone size-medium wp-image-895 aligncenter\" src=\"http:\/\/victoria-rad.de\/wp-content\/uploads\/2018\/08\/IMG_20180801_0002-1-206x300.jpg\" alt=\"\" width=\"206\" height=\"300\" srcset=\"http:\/\/victoria-rad.de\/wp-content\/uploads\/2018\/08\/IMG_20180801_0002-1-206x300.jpg 206w, http:\/\/victoria-rad.de\/wp-content\/uploads\/2018\/08\/IMG_20180801_0002-1-768x1118.jpg 768w, http:\/\/victoria-rad.de\/wp-content\/uploads\/2018\/08\/IMG_20180801_0002-1-703x1024.jpg 703w\" sizes=\"auto, (max-width: 206px) 100vw, 206px\" \/><\/p>\n<p style=\"text-align: center;\"><img loading=\"lazy\" decoding=\"async\" class=\"alignnone size-medium wp-image-903 aligncenter\" src=\"http:\/\/victoria-rad.de\/wp-content\/uploads\/2018\/08\/Victoria-Logo-300x300.jpg\" alt=\"\" width=\"300\" height=\"300\" srcset=\"http:\/\/victoria-rad.de\/wp-content\/uploads\/2018\/08\/Victoria-Logo-300x300.jpg 300w, http:\/\/victoria-rad.de\/wp-content\/uploads\/2018\/08\/Victoria-Logo-150x150.jpg 150w, http:\/\/victoria-rad.de\/wp-content\/uploads\/2018\/08\/Victoria-Logo-768x768.jpg 768w, http:\/\/victoria-rad.de\/wp-content\/uploads\/2018\/08\/Victoria-Logo-1024x1024.jpg 1024w\" sizes=\"auto, (max-width: 300px) 100vw, 300px\" \/>Eintreffen von Victorianern bei mir zu Hause.<br \/>\n<img loading=\"lazy\" decoding=\"async\" class=\"alignnone size-medium wp-image-904 aligncenter\" src=\"http:\/\/victoria-rad.de\/wp-content\/uploads\/2018\/08\/20180802_194109-e1533657400694-300x169.jpg\" alt=\"\" width=\"300\" height=\"169\" srcset=\"http:\/\/victoria-rad.de\/wp-content\/uploads\/2018\/08\/20180802_194109-e1533657400694-300x169.jpg 300w, http:\/\/victoria-rad.de\/wp-content\/uploads\/2018\/08\/20180802_194109-e1533657400694-768x432.jpg 768w, http:\/\/victoria-rad.de\/wp-content\/uploads\/2018\/08\/20180802_194109-e1533657400694-1024x576.jpg 1024w\" sizes=\"auto, (max-width: 300px) 100vw, 300px\" \/>Helfer und Freunde.<br \/>\n<img loading=\"lazy\" decoding=\"async\" class=\"alignnone size-medium wp-image-905 aligncenter\" src=\"http:\/\/victoria-rad.de\/wp-content\/uploads\/2018\/08\/20180804_091751-e1533657534923-300x169.jpg\" alt=\"\" width=\"300\" height=\"169\" srcset=\"http:\/\/victoria-rad.de\/wp-content\/uploads\/2018\/08\/20180804_091751-e1533657534923-300x169.jpg 300w, http:\/\/victoria-rad.de\/wp-content\/uploads\/2018\/08\/20180804_091751-e1533657534923-768x432.jpg 768w, http:\/\/victoria-rad.de\/wp-content\/uploads\/2018\/08\/20180804_091751-e1533657534923-1024x576.jpg 1024w\" sizes=\"auto, (max-width: 300px) 100vw, 300px\" \/><\/p>\n<p><img loading=\"lazy\" decoding=\"async\" class=\"alignnone size-medium wp-image-906 aligncenter\" src=\"http:\/\/victoria-rad.de\/wp-content\/uploads\/2018\/08\/20180804_091806-e1533657717687-300x169.jpg\" alt=\"\" width=\"300\" height=\"169\" srcset=\"http:\/\/victoria-rad.de\/wp-content\/uploads\/2018\/08\/20180804_091806-e1533657717687-300x169.jpg 300w, http:\/\/victoria-rad.de\/wp-content\/uploads\/2018\/08\/20180804_091806-e1533657717687-768x432.jpg 768w, http:\/\/victoria-rad.de\/wp-content\/uploads\/2018\/08\/20180804_091806-e1533657717687-1024x576.jpg 1024w\" sizes=\"auto, (max-width: 300px) 100vw, 300px\" \/><\/p>\n<p><img loading=\"lazy\" decoding=\"async\" class=\"alignnone size-medium wp-image-907 aligncenter\" src=\"http:\/\/victoria-rad.de\/wp-content\/uploads\/2018\/08\/20180804_091816-e1533657798180-300x169.jpg\" alt=\"\" width=\"300\" height=\"169\" srcset=\"http:\/\/victoria-rad.de\/wp-content\/uploads\/2018\/08\/20180804_091816-e1533657798180-300x169.jpg 300w, http:\/\/victoria-rad.de\/wp-content\/uploads\/2018\/08\/20180804_091816-e1533657798180-768x432.jpg 768w, http:\/\/victoria-rad.de\/wp-content\/uploads\/2018\/08\/20180804_091816-e1533657798180-1024x576.jpg 1024w\" sizes=\"auto, (max-width: 300px) 100vw, 300px\" \/><\/p>\n<p><img loading=\"lazy\" decoding=\"async\" class=\"alignnone size-medium wp-image-908 aligncenter\" src=\"http:\/\/victoria-rad.de\/wp-content\/uploads\/2018\/08\/20180804_091824-e1533657868911-300x169.jpg\" alt=\"\" width=\"300\" height=\"169\" srcset=\"http:\/\/victoria-rad.de\/wp-content\/uploads\/2018\/08\/20180804_091824-e1533657868911-300x169.jpg 300w, http:\/\/victoria-rad.de\/wp-content\/uploads\/2018\/08\/20180804_091824-e1533657868911-768x432.jpg 768w, http:\/\/victoria-rad.de\/wp-content\/uploads\/2018\/08\/20180804_091824-e1533657868911-1024x576.jpg 1024w\" sizes=\"auto, (max-width: 300px) 100vw, 300px\" \/><\/p>\n<p><img loading=\"lazy\" decoding=\"async\" class=\"alignnone size-medium wp-image-909 aligncenter\" src=\"http:\/\/victoria-rad.de\/wp-content\/uploads\/2018\/08\/20180804_091912-e1533657942413-300x169.jpg\" alt=\"\" width=\"300\" height=\"169\" srcset=\"http:\/\/victoria-rad.de\/wp-content\/uploads\/2018\/08\/20180804_091912-e1533657942413-300x169.jpg 300w, http:\/\/victoria-rad.de\/wp-content\/uploads\/2018\/08\/20180804_091912-e1533657942413-768x432.jpg 768w, http:\/\/victoria-rad.de\/wp-content\/uploads\/2018\/08\/20180804_091912-e1533657942413-1024x576.jpg 1024w\" sizes=\"auto, (max-width: 300px) 100vw, 300px\" \/><\/p>\n<p><img loading=\"lazy\" decoding=\"async\" class=\"alignnone size-medium wp-image-910 aligncenter\" src=\"http:\/\/victoria-rad.de\/wp-content\/uploads\/2018\/08\/20180804_091923-e1533658012944-300x169.jpg\" alt=\"\" width=\"300\" height=\"169\" srcset=\"http:\/\/victoria-rad.de\/wp-content\/uploads\/2018\/08\/20180804_091923-e1533658012944-300x169.jpg 300w, http:\/\/victoria-rad.de\/wp-content\/uploads\/2018\/08\/20180804_091923-e1533658012944-768x432.jpg 768w, http:\/\/victoria-rad.de\/wp-content\/uploads\/2018\/08\/20180804_091923-e1533658012944-1024x576.jpg 1024w\" sizes=\"auto, (max-width: 300px) 100vw, 300px\" \/><\/p>\n<p><img loading=\"lazy\" decoding=\"async\" class=\"alignnone size-medium wp-image-911 aligncenter\" src=\"http:\/\/victoria-rad.de\/wp-content\/uploads\/2018\/08\/20180804_091941-e1533658117107-300x169.jpg\" alt=\"\" width=\"300\" height=\"169\" srcset=\"http:\/\/victoria-rad.de\/wp-content\/uploads\/2018\/08\/20180804_091941-e1533658117107-300x169.jpg 300w, http:\/\/victoria-rad.de\/wp-content\/uploads\/2018\/08\/20180804_091941-e1533658117107-768x432.jpg 768w, http:\/\/victoria-rad.de\/wp-content\/uploads\/2018\/08\/20180804_091941-e1533658117107-1024x576.jpg 1024w\" sizes=\"auto, (max-width: 300px) 100vw, 300px\" \/><\/p>\n<p style=\"text-align: center;\"><img loading=\"lazy\" decoding=\"async\" class=\"alignnone size-medium wp-image-912 aligncenter\" src=\"http:\/\/victoria-rad.de\/wp-content\/uploads\/2018\/08\/20180804_091949-e1533658194223-300x169.jpg\" alt=\"\" width=\"300\" height=\"169\" srcset=\"http:\/\/victoria-rad.de\/wp-content\/uploads\/2018\/08\/20180804_091949-e1533658194223-300x169.jpg 300w, http:\/\/victoria-rad.de\/wp-content\/uploads\/2018\/08\/20180804_091949-e1533658194223-768x432.jpg 768w, http:\/\/victoria-rad.de\/wp-content\/uploads\/2018\/08\/20180804_091949-e1533658194223-1024x576.jpg 1024w\" sizes=\"auto, (max-width: 300px) 100vw, 300px\" \/><\/p>\n<p style=\"text-align: center;\">Freie Presse Reporterin und Frank Albert.<br \/>\n<img loading=\"lazy\" decoding=\"async\" class=\"alignnone size-medium wp-image-913 aligncenter\" src=\"http:\/\/victoria-rad.de\/wp-content\/uploads\/2018\/08\/20180804_092139-e1533658311892-300x169.jpg\" alt=\"\" width=\"300\" height=\"169\" srcset=\"http:\/\/victoria-rad.de\/wp-content\/uploads\/2018\/08\/20180804_092139-e1533658311892-300x169.jpg 300w, http:\/\/victoria-rad.de\/wp-content\/uploads\/2018\/08\/20180804_092139-e1533658311892-768x432.jpg 768w, http:\/\/victoria-rad.de\/wp-content\/uploads\/2018\/08\/20180804_092139-e1533658311892-1024x576.jpg 1024w\" sizes=\"auto, (max-width: 300px) 100vw, 300px\" \/><\/p>\n<p style=\"text-align: center;\">Albert Frick aus der Schweiz mit seinem Fahrrad.<br \/>\n<img loading=\"lazy\" decoding=\"async\" class=\"alignnone size-medium wp-image-914 aligncenter\" src=\"http:\/\/victoria-rad.de\/wp-content\/uploads\/2018\/08\/20180804_092009-e1533658445578-169x300.jpg\" alt=\"\" width=\"169\" height=\"300\" srcset=\"http:\/\/victoria-rad.de\/wp-content\/uploads\/2018\/08\/20180804_092009-e1533658445578-169x300.jpg 169w, http:\/\/victoria-rad.de\/wp-content\/uploads\/2018\/08\/20180804_092009-e1533658445578-768x1365.jpg 768w, http:\/\/victoria-rad.de\/wp-content\/uploads\/2018\/08\/20180804_092009-e1533658445578-576x1024.jpg 576w\" sizes=\"auto, (max-width: 169px) 100vw, 169px\" \/>Gerd Schneider und Gert Reiher vor Victoria KR8 mit Steib Seitenwagen.<br \/>\n<img loading=\"lazy\" decoding=\"async\" class=\"alignnone size-medium wp-image-916 aligncenter\" src=\"http:\/\/victoria-rad.de\/wp-content\/uploads\/2018\/08\/20180804_092349-e1533658615264-300x169.jpg\" alt=\"\" width=\"300\" height=\"169\" srcset=\"http:\/\/victoria-rad.de\/wp-content\/uploads\/2018\/08\/20180804_092349-e1533658615264-300x169.jpg 300w, http:\/\/victoria-rad.de\/wp-content\/uploads\/2018\/08\/20180804_092349-e1533658615264-768x432.jpg 768w, http:\/\/victoria-rad.de\/wp-content\/uploads\/2018\/08\/20180804_092349-e1533658615264-1024x576.jpg 1024w\" sizes=\"auto, (max-width: 300px) 100vw, 300px\" \/>Ankunft Horch Museum.<br \/>\n<img loading=\"lazy\" decoding=\"async\" class=\"alignnone size-medium wp-image-919\" src=\"http:\/\/victoria-rad.de\/wp-content\/uploads\/2018\/08\/20180804_110536-e1533659035782-300x169.jpg\" alt=\"\" width=\"300\" height=\"169\" srcset=\"http:\/\/victoria-rad.de\/wp-content\/uploads\/2018\/08\/20180804_110536-e1533659035782-300x169.jpg 300w, http:\/\/victoria-rad.de\/wp-content\/uploads\/2018\/08\/20180804_110536-e1533659035782-768x432.jpg 768w, http:\/\/victoria-rad.de\/wp-content\/uploads\/2018\/08\/20180804_110536-e1533659035782-1024x576.jpg 1024w\" sizes=\"auto, (max-width: 300px) 100vw, 300px\" \/><img loading=\"lazy\" decoding=\"async\" class=\"alignnone size-medium wp-image-917\" src=\"http:\/\/victoria-rad.de\/wp-content\/uploads\/2018\/08\/20180804_110605-e1533658782939-300x169.jpg\" alt=\"\" width=\"300\" height=\"169\" srcset=\"http:\/\/victoria-rad.de\/wp-content\/uploads\/2018\/08\/20180804_110605-e1533658782939-300x169.jpg 300w, http:\/\/victoria-rad.de\/wp-content\/uploads\/2018\/08\/20180804_110605-e1533658782939-768x432.jpg 768w, http:\/\/victoria-rad.de\/wp-content\/uploads\/2018\/08\/20180804_110605-e1533658782939-1024x576.jpg 1024w\" sizes=\"auto, (max-width: 300px) 100vw, 300px\" \/><\/p>\n<p style=\"text-align: center;\">Die schnellen Helfer&#8230;<\/p>\n<p><img loading=\"lazy\" decoding=\"async\" class=\"alignnone size-medium wp-image-920 aligncenter\" src=\"http:\/\/victoria-rad.de\/wp-content\/uploads\/2018\/08\/20180804_110550-e1533659134988-300x169.jpg\" alt=\"\" width=\"300\" height=\"169\" srcset=\"http:\/\/victoria-rad.de\/wp-content\/uploads\/2018\/08\/20180804_110550-e1533659134988-300x169.jpg 300w, http:\/\/victoria-rad.de\/wp-content\/uploads\/2018\/08\/20180804_110550-e1533659134988-768x432.jpg 768w, http:\/\/victoria-rad.de\/wp-content\/uploads\/2018\/08\/20180804_110550-e1533659134988-1024x576.jpg 1024w\" sizes=\"auto, (max-width: 300px) 100vw, 300px\" \/><\/p>\n<p style=\"text-align: center;\"><img loading=\"lazy\" decoding=\"async\" class=\"alignnone size-medium wp-image-921 aligncenter\" src=\"http:\/\/victoria-rad.de\/wp-content\/uploads\/2018\/08\/20180804_110559-e1533659266632-300x169.jpg\" alt=\"\" width=\"300\" height=\"169\" srcset=\"http:\/\/victoria-rad.de\/wp-content\/uploads\/2018\/08\/20180804_110559-e1533659266632-300x169.jpg 300w, http:\/\/victoria-rad.de\/wp-content\/uploads\/2018\/08\/20180804_110559-e1533659266632-768x432.jpg 768w, http:\/\/victoria-rad.de\/wp-content\/uploads\/2018\/08\/20180804_110559-e1533659266632-1024x576.jpg 1024w\" sizes=\"auto, (max-width: 300px) 100vw, 300px\" \/><br \/>\nDie vier Ringe &#8211; AUDI; DKW; HORCH; WANDERER.<\/p>\n<p><img loading=\"lazy\" decoding=\"async\" class=\"alignnone size-medium wp-image-923 aligncenter\" src=\"http:\/\/victoria-rad.de\/wp-content\/uploads\/2018\/08\/20180804_112114-e1533659438582-300x169.jpg\" alt=\"\" width=\"300\" height=\"169\" srcset=\"http:\/\/victoria-rad.de\/wp-content\/uploads\/2018\/08\/20180804_112114-e1533659438582-300x169.jpg 300w, http:\/\/victoria-rad.de\/wp-content\/uploads\/2018\/08\/20180804_112114-e1533659438582-768x432.jpg 768w, http:\/\/victoria-rad.de\/wp-content\/uploads\/2018\/08\/20180804_112114-e1533659438582-1024x576.jpg 1024w\" sizes=\"auto, (max-width: 300px) 100vw, 300px\" \/><\/p>\n<p><img loading=\"lazy\" decoding=\"async\" class=\"alignnone size-medium wp-image-924 aligncenter\" src=\"http:\/\/victoria-rad.de\/wp-content\/uploads\/2018\/08\/20180804_124418-e1533659623906-169x300.jpg\" alt=\"\" width=\"169\" height=\"300\" srcset=\"http:\/\/victoria-rad.de\/wp-content\/uploads\/2018\/08\/20180804_124418-e1533659623906-169x300.jpg 169w, http:\/\/victoria-rad.de\/wp-content\/uploads\/2018\/08\/20180804_124418-e1533659623906-768x1365.jpg 768w, http:\/\/victoria-rad.de\/wp-content\/uploads\/2018\/08\/20180804_124418-e1533659623906-576x1024.jpg 576w\" sizes=\"auto, (max-width: 169px) 100vw, 169px\" \/>Vorn das F\u00fchrungsfahrzeug Victoria K.R.III. und im Hintergrund ein Horch 951 Sedan Cabriolet (8-Zylinder) Besitzer war seiner Zeit Reichsjugendf\u00fchrer Baldauf von Schierer.<\/p>\n<p style=\"text-align: center;\"><img loading=\"lazy\" decoding=\"async\" class=\"alignnone size-medium wp-image-925 aligncenter\" src=\"http:\/\/victoria-rad.de\/wp-content\/uploads\/2018\/08\/20180804_125616-e1533659712564-300x169.jpg\" alt=\"\" width=\"300\" height=\"169\" srcset=\"http:\/\/victoria-rad.de\/wp-content\/uploads\/2018\/08\/20180804_125616-e1533659712564-300x169.jpg 300w, http:\/\/victoria-rad.de\/wp-content\/uploads\/2018\/08\/20180804_125616-e1533659712564-768x432.jpg 768w, http:\/\/victoria-rad.de\/wp-content\/uploads\/2018\/08\/20180804_125616-e1533659712564-1024x576.jpg 1024w\" sizes=\"auto, (max-width: 300px) 100vw, 300px\" \/><\/p>\n<p style=\"text-align: center;\">Eintreffen Gastst\u00e4tte &#8222;Schwarzer B\u00e4r&#8220;, wo uns die kleine Gruppe erwartet.<\/p>\n<p><img loading=\"lazy\" decoding=\"async\" class=\"alignnone size-medium wp-image-931 aligncenter\" src=\"http:\/\/victoria-rad.de\/wp-content\/uploads\/2018\/08\/IMG-20180804-WA0005-300x225.jpg\" alt=\"\" width=\"300\" height=\"225\" srcset=\"http:\/\/victoria-rad.de\/wp-content\/uploads\/2018\/08\/IMG-20180804-WA0005-300x225.jpg 300w, http:\/\/victoria-rad.de\/wp-content\/uploads\/2018\/08\/IMG-20180804-WA0005-768x576.jpg 768w, http:\/\/victoria-rad.de\/wp-content\/uploads\/2018\/08\/IMG-20180804-WA0005-1024x768.jpg 1024w, http:\/\/victoria-rad.de\/wp-content\/uploads\/2018\/08\/IMG-20180804-WA0005.jpg 1600w\" sizes=\"auto, (max-width: 300px) 100vw, 300px\" \/><\/p>\n<p style=\"text-align: center;\">Dann letzte Station an der ber\u00fchmten &#8222;G\u00f6ltzschtalbr\u00fccke&#8220;.<\/p>\n<p style=\"text-align: center;\"><img loading=\"lazy\" decoding=\"async\" class=\"alignnone size-medium wp-image-927 aligncenter\" src=\"http:\/\/victoria-rad.de\/wp-content\/uploads\/2018\/08\/20180804_142124-e1533662145675-300x169.jpg\" alt=\"\" width=\"300\" height=\"169\" srcset=\"http:\/\/victoria-rad.de\/wp-content\/uploads\/2018\/08\/20180804_142124-e1533662145675-300x169.jpg 300w, http:\/\/victoria-rad.de\/wp-content\/uploads\/2018\/08\/20180804_142124-e1533662145675-768x432.jpg 768w, http:\/\/victoria-rad.de\/wp-content\/uploads\/2018\/08\/20180804_142124-e1533662145675-1024x576.jpg 1024w\" sizes=\"auto, (max-width: 300px) 100vw, 300px\" \/>Die &#8222;Kleinen&#8220; kamen auch, hier Chris und Erik.<\/p>\n<p style=\"text-align: center;\"><img loading=\"lazy\" decoding=\"async\" class=\"alignnone size-medium wp-image-933 aligncenter\" src=\"http:\/\/victoria-rad.de\/wp-content\/uploads\/2018\/08\/20180804_143951-1-e1533662887969-300x169.jpg\" alt=\"\" width=\"300\" height=\"169\" srcset=\"http:\/\/victoria-rad.de\/wp-content\/uploads\/2018\/08\/20180804_143951-1-e1533662887969-300x169.jpg 300w, http:\/\/victoria-rad.de\/wp-content\/uploads\/2018\/08\/20180804_143951-1-e1533662887969-768x432.jpg 768w, http:\/\/victoria-rad.de\/wp-content\/uploads\/2018\/08\/20180804_143951-1-e1533662887969-1024x576.jpg 1024w\" sizes=\"auto, (max-width: 300px) 100vw, 300px\" \/>Ein vereinsamtes Victoria &#8222;Tory&#8220; Moped.<\/p>\n<p style=\"text-align: center;\"><img loading=\"lazy\" decoding=\"async\" class=\"alignnone size-medium wp-image-935 aligncenter\" src=\"http:\/\/victoria-rad.de\/wp-content\/uploads\/2018\/08\/IMG-20180805-WA0016-300x225.jpg\" alt=\"\" width=\"300\" height=\"225\" srcset=\"http:\/\/victoria-rad.de\/wp-content\/uploads\/2018\/08\/IMG-20180805-WA0016-300x225.jpg 300w, http:\/\/victoria-rad.de\/wp-content\/uploads\/2018\/08\/IMG-20180805-WA0016-768x576.jpg 768w, http:\/\/victoria-rad.de\/wp-content\/uploads\/2018\/08\/IMG-20180805-WA0016-1024x768.jpg 1024w, http:\/\/victoria-rad.de\/wp-content\/uploads\/2018\/08\/IMG-20180805-WA0016.jpg 1600w\" sizes=\"auto, (max-width: 300px) 100vw, 300px\" \/>Beim Radwettbewerb.<\/p>\n<p style=\"text-align: center;\"><img loading=\"lazy\" decoding=\"async\" class=\"alignnone size-medium wp-image-937 aligncenter\" src=\"http:\/\/victoria-rad.de\/wp-content\/uploads\/2018\/08\/IMG-20180807-WA0017-225x300.jpg\" alt=\"\" width=\"225\" height=\"300\" srcset=\"http:\/\/victoria-rad.de\/wp-content\/uploads\/2018\/08\/IMG-20180807-WA0017-225x300.jpg 225w, http:\/\/victoria-rad.de\/wp-content\/uploads\/2018\/08\/IMG-20180807-WA0017-768x1024.jpg 768w, http:\/\/victoria-rad.de\/wp-content\/uploads\/2018\/08\/IMG-20180807-WA0017.jpg 1200w\" sizes=\"auto, (max-width: 225px) 100vw, 225px\" \/>Edgar traut sich auch auf das Laufrad.<\/p>\n<p style=\"text-align: center;\"><img loading=\"lazy\" decoding=\"async\" class=\"alignnone size-medium wp-image-936 aligncenter\" src=\"http:\/\/victoria-rad.de\/wp-content\/uploads\/2018\/08\/IMG-20180807-WA0016-225x300.jpg\" alt=\"\" width=\"225\" height=\"300\" srcset=\"http:\/\/victoria-rad.de\/wp-content\/uploads\/2018\/08\/IMG-20180807-WA0016-225x300.jpg 225w, http:\/\/victoria-rad.de\/wp-content\/uploads\/2018\/08\/IMG-20180807-WA0016-768x1024.jpg 768w, http:\/\/victoria-rad.de\/wp-content\/uploads\/2018\/08\/IMG-20180807-WA0016.jpg 1200w\" sizes=\"auto, (max-width: 225px) 100vw, 225px\" \/>Gebaut wird immer.<\/p>\n<p><img loading=\"lazy\" decoding=\"async\" class=\"alignnone size-medium wp-image-938 aligncenter\" src=\"http:\/\/victoria-rad.de\/wp-content\/uploads\/2018\/08\/IMG-20180807-WA0020-225x300.jpg\" alt=\"\" width=\"225\" height=\"300\" srcset=\"http:\/\/victoria-rad.de\/wp-content\/uploads\/2018\/08\/IMG-20180807-WA0020-225x300.jpg 225w, http:\/\/victoria-rad.de\/wp-content\/uploads\/2018\/08\/IMG-20180807-WA0020-768x1024.jpg 768w, http:\/\/victoria-rad.de\/wp-content\/uploads\/2018\/08\/IMG-20180807-WA0020.jpg 1200w\" sizes=\"auto, (max-width: 225px) 100vw, 225px\" \/><\/p>\n<p style=\"text-align: center;\"><img loading=\"lazy\" decoding=\"async\" class=\"alignnone size-medium wp-image-934 aligncenter\" src=\"http:\/\/victoria-rad.de\/wp-content\/uploads\/2018\/08\/IMG-20180807-WA0000-225x300.jpg\" alt=\"\" width=\"225\" height=\"300\" srcset=\"http:\/\/victoria-rad.de\/wp-content\/uploads\/2018\/08\/IMG-20180807-WA0000-225x300.jpg 225w, http:\/\/victoria-rad.de\/wp-content\/uploads\/2018\/08\/IMG-20180807-WA0000-768x1024.jpg 768w, http:\/\/victoria-rad.de\/wp-content\/uploads\/2018\/08\/IMG-20180807-WA0000.jpg 1200w\" sizes=\"auto, (max-width: 225px) 100vw, 225px\" \/>Die letzten &#8222;Versprengten&#8220; &#8211; Axel Pfeifer mit Familie am Sonntag Vormittag.<\/p>\n<p style=\"text-align: center;\"><img loading=\"lazy\" decoding=\"async\" class=\"alignnone size-medium wp-image-932 aligncenter\" src=\"http:\/\/victoria-rad.de\/wp-content\/uploads\/2018\/08\/IMG-20180805-WA0004-300x180.jpg\" alt=\"\" width=\"300\" height=\"180\" srcset=\"http:\/\/victoria-rad.de\/wp-content\/uploads\/2018\/08\/IMG-20180805-WA0004-300x180.jpg 300w, http:\/\/victoria-rad.de\/wp-content\/uploads\/2018\/08\/IMG-20180805-WA0004-768x461.jpg 768w, http:\/\/victoria-rad.de\/wp-content\/uploads\/2018\/08\/IMG-20180805-WA0004-1024x614.jpg 1024w, http:\/\/victoria-rad.de\/wp-content\/uploads\/2018\/08\/IMG-20180805-WA0004.jpg 1600w\" sizes=\"auto, (max-width: 300px) 100vw, 300px\" \/>Freie Presse Auerbach: Vor dem Treffen.<\/p>\n<p style=\"text-align: center;\"><img loading=\"lazy\" decoding=\"async\" class=\"alignnone size-medium wp-image-942 aligncenter\" src=\"http:\/\/victoria-rad.de\/wp-content\/uploads\/2018\/08\/vor-dem-Treffen-e1533718339853-300x300.jpg\" alt=\"\" width=\"300\" height=\"300\" srcset=\"http:\/\/victoria-rad.de\/wp-content\/uploads\/2018\/08\/vor-dem-Treffen-e1533718339853-300x300.jpg 300w, http:\/\/victoria-rad.de\/wp-content\/uploads\/2018\/08\/vor-dem-Treffen-e1533718339853-150x150.jpg 150w, http:\/\/victoria-rad.de\/wp-content\/uploads\/2018\/08\/vor-dem-Treffen-e1533718339853-768x766.jpg 768w, http:\/\/victoria-rad.de\/wp-content\/uploads\/2018\/08\/vor-dem-Treffen-e1533718339853-1024x1021.jpg 1024w\" sizes=\"auto, (max-width: 300px) 100vw, 300px\" \/>Freie Presse Auerbach: Nach dem Treffen.<\/p>\n<p><img loading=\"lazy\" decoding=\"async\" class=\"alignnone size-medium wp-image-943 aligncenter\" src=\"http:\/\/victoria-rad.de\/wp-content\/uploads\/2018\/08\/nach-dem-Treffen-e1533718379625-300x99.jpg\" alt=\"\" width=\"300\" height=\"99\" srcset=\"http:\/\/victoria-rad.de\/wp-content\/uploads\/2018\/08\/nach-dem-Treffen-e1533718379625-300x99.jpg 300w, http:\/\/victoria-rad.de\/wp-content\/uploads\/2018\/08\/nach-dem-Treffen-e1533718379625-768x254.jpg 768w, http:\/\/victoria-rad.de\/wp-content\/uploads\/2018\/08\/nach-dem-Treffen-e1533718379625-1024x339.jpg 1024w\" sizes=\"auto, (max-width: 300px) 100vw, 300px\" \/><\/p>\n<p style=\"text-align: center;\">Die Victoria &#8211; Treffen &#8211; Ausrichter &#8211; Gert, Romy und Chris.<\/p>\n<p><img loading=\"lazy\" decoding=\"async\" class=\"alignnone size-medium wp-image-944 aligncenter\" src=\"http:\/\/victoria-rad.de\/wp-content\/uploads\/2018\/08\/DSCN0478-300x225.jpg\" alt=\"\" width=\"300\" height=\"225\" srcset=\"http:\/\/victoria-rad.de\/wp-content\/uploads\/2018\/08\/DSCN0478-300x225.jpg 300w, http:\/\/victoria-rad.de\/wp-content\/uploads\/2018\/08\/DSCN0478-768x576.jpg 768w, http:\/\/victoria-rad.de\/wp-content\/uploads\/2018\/08\/DSCN0478-1024x768.jpg 1024w\" sizes=\"auto, (max-width: 300px) 100vw, 300px\" \/><\/p>\n","protected":false},"excerpt":{"rendered":"<p>Hallo liebe Freunde unserer Marke &#8222;VICTORIA&#8220;, diese Woche findet das Jahrestreffen bei mir in Treuen\/Pfaffengr\u00fcn statt. Ich freue mich schon riesig, wenn Ihr alle kommt. Die Vorbereitungen laufen noch, aber es wird wohl alles gut. Das Wetter soll ja auch sehr sch\u00f6n werden, das haben wir unserer Siegesg\u00f6ttin zu verdanken. Kommt alle gesund, munter und &hellip; <a href=\"http:\/\/victoria-rad.de\/?p=891\" class=\"more-link\"><span class=\"screen-reader-text\">VICTORIA &#8211; TREFFEN 2018 Pfaffengr\u00fcn vom 3.8-5.8. 2018<\/span> weiterlesen<\/a><\/p>\n","protected":false},"author":1,"featured_media":0,"comment_status":"open","ping_status":"open","sticky":false,"template":"","format":"standard","meta":{"footnotes":""},"categories":[1],"tags":[],"class_list":["post-891","post","type-post","status-publish","format-standard","hentry","category-uncategorized"],"_links":{"self":[{"href":"http:\/\/victoria-rad.de\/index.php?rest_route=\/wp\/v2\/posts\/891","targetHints":{"allow":["GET"]}}],"collection":[{"href":"http:\/\/victoria-rad.de\/index.php?rest_route=\/wp\/v2\/posts"}],"about":[{"href":"http:\/\/victoria-rad.de\/index.php?rest_route=\/wp\/v2\/types\/post"}],"author":[{"embeddable":true,"href":"http:\/\/victoria-rad.de\/index.php?rest_route=\/wp\/v2\/users\/1"}],"replies":[{"embeddable":true,"href":"http:\/\/victoria-rad.de\/index.php?rest_route=%2Fwp%2Fv2%2Fcomments&post=891"}],"version-history":[{"count":10,"href":"http:\/\/victoria-rad.de\/index.php?rest_route=\/wp\/v2\/posts\/891\/revisions"}],"predecessor-version":[{"id":1560,"href":"http:\/\/victoria-rad.de\/index.php?rest_route=\/wp\/v2\/posts\/891\/revisions\/1560"}],"wp:attachment":[{"href":"http:\/\/victoria-rad.de\/index.php?rest_route=%2Fwp%2Fv2%2Fmedia&parent=891"}],"wp:term":[{"taxonomy":"category","embeddable":true,"href":"http:\/\/victoria-rad.de\/index.php?rest_route=%2Fwp%2Fv2%2Fcategories&post=891"},{"taxonomy":"post_tag","embeddable":true,"href":"http:\/\/victoria-rad.de\/index.php?rest_route=%2Fwp%2Fv2%2Ftags&post=891"}],"curies":[{"name":"wp","href":"https:\/\/api.w.org\/{rel}","templated":true}]}}