{"id":8911,"date":"2020-07-27T07:24:31","date_gmt":"2020-07-27T07:24:31","guid":{"rendered":"http:\/\/victoria-rad.de\/?p=8911"},"modified":"2020-07-27T07:24:31","modified_gmt":"2020-07-27T07:24:31","slug":"dkw-teil-2-auch-andere-muetter-haben-schoene-toechter","status":"publish","type":"post","link":"http:\/\/victoria-rad.de\/?p=8911","title":{"rendered":"DKW &#8211; Teil 2 &#8211; auch andere M\u00fctter haben sch\u00f6ne T\u00f6chter&#8230;"},"content":{"rendered":"<h6><span style=\"color: #ff6600;\"><em><strong>Es folgt die Fortsetzung des voran gegangenen Berichtes \u00fcber die damals gr\u00f6\u00dfte\u00a0 Motorradfirma in Europa, die Firma &#8222;dkw&#8220;:<\/strong><\/em><\/span><\/h6>\n<p>Einiges<strong> aus der Historie von DKW im Jahr 1927, als die Firma bereits die gr\u00f6\u00dfte Motorrad-Fabrikation des Kontinents aufweisen konnte&#8230;<\/strong><\/p>\n<p><strong>Mit der Fertigung von Zweitakt-Motorr\u00e4dern auf der Flie\u00dfband-Strecke im Werk konnte auf dem rollenden Band alle drei Minuten ein Motorrad hergestellt werden&#8230; Im Werk waren bereits 2500 Besch\u00e4ftigte t\u00e4tig&#8230;<\/strong><\/p>\n<p><strong>Im folgenden Video &#8211; Originalaufnahmen der Fertigung DKW E 200:<\/strong><\/p>\n<div style=\"width: 660px;\" class=\"wp-video\"><video class=\"wp-video-shortcode\" id=\"video-8911-1\" width=\"660\" height=\"371\" preload=\"metadata\" controls=\"controls\"><source type=\"video\/mp4\" src=\"http:\/\/victoria-rad.de\/wp-content\/uploads\/2020\/07\/DKW-Flie\u00dfbandmontage-1.mp4?_=1\" \/><a href=\"http:\/\/victoria-rad.de\/wp-content\/uploads\/2020\/07\/DKW-Flie\u00dfbandmontage-1.mp4\">http:\/\/victoria-rad.de\/wp-content\/uploads\/2020\/07\/DKW-Flie\u00dfbandmontage-1.mp4<\/a><\/video><\/div>\n<p style=\"text-align: center;\"><img loading=\"lazy\" decoding=\"async\" class=\"alignnone size-medium wp-image-8915 aligncenter\" src=\"http:\/\/victoria-rad.de\/wp-content\/uploads\/2020\/07\/DKW-E200-1-300x205.jpg\" alt=\"\" width=\"300\" height=\"205\" srcset=\"http:\/\/victoria-rad.de\/wp-content\/uploads\/2020\/07\/DKW-E200-1-300x205.jpg 300w, http:\/\/victoria-rad.de\/wp-content\/uploads\/2020\/07\/DKW-E200-1-150x102.jpg 150w, http:\/\/victoria-rad.de\/wp-content\/uploads\/2020\/07\/DKW-E200-1-768x525.jpg 768w, http:\/\/victoria-rad.de\/wp-content\/uploads\/2020\/07\/DKW-E200-1.jpg 1000w\" sizes=\"auto, (max-width: 300px) 100vw, 300px\" \/>DKW &#8211; Modell E 200&#8230;<\/p>\n<p style=\"text-align: center;\"><img loading=\"lazy\" decoding=\"async\" class=\"alignnone size-medium wp-image-8916 aligncenter\" src=\"http:\/\/victoria-rad.de\/wp-content\/uploads\/2020\/07\/DKW-E250-2-300x149.jpg\" alt=\"\" width=\"300\" height=\"149\" srcset=\"http:\/\/victoria-rad.de\/wp-content\/uploads\/2020\/07\/DKW-E250-2-300x149.jpg 300w, http:\/\/victoria-rad.de\/wp-content\/uploads\/2020\/07\/DKW-E250-2-150x75.jpg 150w, http:\/\/victoria-rad.de\/wp-content\/uploads\/2020\/07\/DKW-E250-2-768x382.jpg 768w, http:\/\/victoria-rad.de\/wp-content\/uploads\/2020\/07\/DKW-E250-2.jpg 1000w\" sizes=\"auto, (max-width: 300px) 100vw, 300px\" \/>Die Hubraum st\u00e4rkere E 250 wurde ebenfalls 1927 gefertigt&#8230;<\/p>\n<p>Das Flaggschiff, die DKW Z 500, Z &#8211; steht f\u00fcr Zweizylinder, wurde bereits am 25. September 1926 bei einem H\u00e4ndler-Kongress vorgestellt:<\/p>\n<p><img loading=\"lazy\" decoding=\"async\" class=\"alignnone size-medium wp-image-8924 aligncenter\" src=\"http:\/\/victoria-rad.de\/wp-content\/uploads\/2020\/07\/DKW-Z500-3-1-300x215.jpg\" alt=\"\" width=\"300\" height=\"215\" srcset=\"http:\/\/victoria-rad.de\/wp-content\/uploads\/2020\/07\/DKW-Z500-3-1-300x215.jpg 300w, http:\/\/victoria-rad.de\/wp-content\/uploads\/2020\/07\/DKW-Z500-3-1-150x107.jpg 150w, http:\/\/victoria-rad.de\/wp-content\/uploads\/2020\/07\/DKW-Z500-3-1-768x550.jpg 768w, http:\/\/victoria-rad.de\/wp-content\/uploads\/2020\/07\/DKW-Z500-3-1.jpg 1000w\" sizes=\"auto, (max-width: 300px) 100vw, 300px\" \/><\/p>\n<p>Dieses Motorrad unterschied sich aber noch in vielen Details von der im Jahr 1927 offiziell angebotenen Maschine&#8230;<\/p>\n<p>Foto &#8211; Chefkonstrukteur Hermann Weber mit Z 500 im Fr\u00fchjahr 1927:<\/p>\n<p><img loading=\"lazy\" decoding=\"async\" class=\"alignnone size-medium wp-image-8925 aligncenter\" src=\"http:\/\/victoria-rad.de\/wp-content\/uploads\/2020\/07\/IMG_20200711_0001-300x214.jpg\" alt=\"\" width=\"300\" height=\"214\" srcset=\"http:\/\/victoria-rad.de\/wp-content\/uploads\/2020\/07\/IMG_20200711_0001-300x214.jpg 300w, http:\/\/victoria-rad.de\/wp-content\/uploads\/2020\/07\/IMG_20200711_0001-150x107.jpg 150w, http:\/\/victoria-rad.de\/wp-content\/uploads\/2020\/07\/IMG_20200711_0001-768x547.jpg 768w, http:\/\/victoria-rad.de\/wp-content\/uploads\/2020\/07\/IMG_20200711_0001.jpg 1000w\" sizes=\"auto, (max-width: 300px) 100vw, 300px\" \/><\/p>\n<p>Der Werbetext im Prospekt sparte nicht Vorschuss-Lorbeeren:<\/p>\n<p><em><strong>&#8220; Beachten Sie die unerreicht sch\u00f6ne Linienf\u00fchrung dieses Modells. Es ist allbekannt, dass Sch\u00f6nheit mit technischer Vollendung Hand in Hand gehen. In technischer Beziehung stellt der DKW-Zweizylinder die modernste und zweckm\u00e4\u00dfigste Konstruktion der Gegenwart dar. Kein anderes Werk garantiert Ihnen, wie wir, eine Serienm\u00e4\u00dfige Geschwindigkeit von 100 km per Stunde. Kein anderes deutsches Motorrad verwendet Zweitakt-Zweizylinder mit einem Anzugsmoment wie ein Viertakt-Vierzylinder oder ein Sechs-Zylinder-Auto. Kein anderes Motorrad b\u00fcrgt f\u00fcr gleich gute Fahreigenschaften&#8220;.<\/strong><\/em><\/p>\n<p>Im folgenden Video werden nochmals die drei erfolgreichen Modelle vom Jahr 1927 vorgestellt:<\/p>\n<div style=\"width: 660px;\" class=\"wp-video\"><video class=\"wp-video-shortcode\" id=\"video-8911-2\" width=\"660\" height=\"371\" preload=\"metadata\" controls=\"controls\"><source type=\"video\/mp4\" src=\"http:\/\/victoria-rad.de\/wp-content\/uploads\/2020\/07\/DKW-Modelle-1927-1.mp4?_=2\" \/><a href=\"http:\/\/victoria-rad.de\/wp-content\/uploads\/2020\/07\/DKW-Modelle-1927-1.mp4\">http:\/\/victoria-rad.de\/wp-content\/uploads\/2020\/07\/DKW-Modelle-1927-1.mp4<\/a><\/video><\/div>\n<p>Das Video zeigt, wie ein Vertreter den Weg zum eigenen DKW-Motorrad findet:<\/p>\n<div style=\"width: 426px;\" class=\"wp-video\"><video class=\"wp-video-shortcode\" id=\"video-8911-3\" width=\"426\" height=\"240\" preload=\"metadata\" controls=\"controls\"><source type=\"video\/mp4\" src=\"http:\/\/victoria-rad.de\/wp-content\/uploads\/2020\/07\/DKW-schneller-als-die-Eisenbahn.mp4?_=3\" \/><a href=\"http:\/\/victoria-rad.de\/wp-content\/uploads\/2020\/07\/DKW-schneller-als-die-Eisenbahn.mp4\">http:\/\/victoria-rad.de\/wp-content\/uploads\/2020\/07\/DKW-schneller-als-die-Eisenbahn.mp4<\/a><\/video><\/div>\n<p>Quellen: Motorbuch-Verlag;\u00a0 DKW\/MZ Bach, Lange, Rauch&#8230; Videos &#8211; Kopie unbekannt&#8230;<\/p>\n<p><img loading=\"lazy\" decoding=\"async\" class=\"alignnone size-medium wp-image-7872 aligncenter\" src=\"http:\/\/victoria-rad.de\/wp-content\/uploads\/2020\/02\/IMG_20190312_0002-300x102.jpg\" alt=\"\" width=\"300\" height=\"102\" srcset=\"http:\/\/victoria-rad.de\/wp-content\/uploads\/2020\/02\/IMG_20190312_0002-300x102.jpg 300w, http:\/\/victoria-rad.de\/wp-content\/uploads\/2020\/02\/IMG_20190312_0002-1024x347.jpg 1024w, http:\/\/victoria-rad.de\/wp-content\/uploads\/2020\/02\/IMG_20190312_0002-150x51.jpg 150w, http:\/\/victoria-rad.de\/wp-content\/uploads\/2020\/02\/IMG_20190312_0002-768x261.jpg 768w, http:\/\/victoria-rad.de\/wp-content\/uploads\/2020\/02\/IMG_20190312_0002-1536x521.jpg 1536w, http:\/\/victoria-rad.de\/wp-content\/uploads\/2020\/02\/IMG_20190312_0002-2048x695.jpg 2048w\" sizes=\"auto, (max-width: 300px) 100vw, 300px\" \/><img loading=\"lazy\" decoding=\"async\" class=\"alignnone size-medium wp-image-7853 aligncenter\" src=\"http:\/\/victoria-rad.de\/wp-content\/uploads\/2020\/02\/58-300x14.png\" alt=\"\" width=\"300\" height=\"14\" srcset=\"http:\/\/victoria-rad.de\/wp-content\/uploads\/2020\/02\/58-300x14.png 300w, http:\/\/victoria-rad.de\/wp-content\/uploads\/2020\/02\/58-150x7.png 150w, http:\/\/victoria-rad.de\/wp-content\/uploads\/2020\/02\/58.png 501w\" sizes=\"auto, (max-width: 300px) 100vw, 300px\" \/><\/p>\n<p>&nbsp;<\/p>\n<p>&nbsp;<\/p>\n","protected":false},"excerpt":{"rendered":"<p>Es folgt die Fortsetzung des voran gegangenen Berichtes \u00fcber die damals gr\u00f6\u00dfte\u00a0 Motorradfirma in Europa, die Firma &#8222;dkw&#8220;: Einiges aus der Historie von DKW im Jahr 1927, als die Firma bereits die gr\u00f6\u00dfte Motorrad-Fabrikation des Kontinents aufweisen konnte&#8230; Mit der Fertigung von Zweitakt-Motorr\u00e4dern auf der Flie\u00dfband-Strecke im Werk konnte auf dem rollenden Band alle drei &hellip; <a href=\"http:\/\/victoria-rad.de\/?p=8911\" class=\"more-link\"><span class=\"screen-reader-text\">DKW &#8211; Teil 2 &#8211; auch andere M\u00fctter haben sch\u00f6ne T\u00f6chter&#8230;<\/span> weiterlesen<\/a><\/p>\n","protected":false},"author":1,"featured_media":0,"comment_status":"open","ping_status":"open","sticky":false,"template":"","format":"standard","meta":{"footnotes":""},"categories":[1],"tags":[],"class_list":["post-8911","post","type-post","status-publish","format-standard","hentry","category-uncategorized"],"_links":{"self":[{"href":"http:\/\/victoria-rad.de\/index.php?rest_route=\/wp\/v2\/posts\/8911","targetHints":{"allow":["GET"]}}],"collection":[{"href":"http:\/\/victoria-rad.de\/index.php?rest_route=\/wp\/v2\/posts"}],"about":[{"href":"http:\/\/victoria-rad.de\/index.php?rest_route=\/wp\/v2\/types\/post"}],"author":[{"embeddable":true,"href":"http:\/\/victoria-rad.de\/index.php?rest_route=\/wp\/v2\/users\/1"}],"replies":[{"embeddable":true,"href":"http:\/\/victoria-rad.de\/index.php?rest_route=%2Fwp%2Fv2%2Fcomments&post=8911"}],"version-history":[{"count":7,"href":"http:\/\/victoria-rad.de\/index.php?rest_route=\/wp\/v2\/posts\/8911\/revisions"}],"predecessor-version":[{"id":9047,"href":"http:\/\/victoria-rad.de\/index.php?rest_route=\/wp\/v2\/posts\/8911\/revisions\/9047"}],"wp:attachment":[{"href":"http:\/\/victoria-rad.de\/index.php?rest_route=%2Fwp%2Fv2%2Fmedia&parent=8911"}],"wp:term":[{"taxonomy":"category","embeddable":true,"href":"http:\/\/victoria-rad.de\/index.php?rest_route=%2Fwp%2Fv2%2Fcategories&post=8911"},{"taxonomy":"post_tag","embeddable":true,"href":"http:\/\/victoria-rad.de\/index.php?rest_route=%2Fwp%2Fv2%2Ftags&post=8911"}],"curies":[{"name":"wp","href":"https:\/\/api.w.org\/{rel}","templated":true}]}}