{"id":8949,"date":"2020-07-16T15:02:10","date_gmt":"2020-07-16T15:02:10","guid":{"rendered":"http:\/\/victoria-rad.de\/?p=8949"},"modified":"2020-07-16T16:17:38","modified_gmt":"2020-07-16T16:17:38","slug":"hochrad-fertigung-im-vogtland-eine-ganz-besondere-und-seltene-produktion-in-deutschland","status":"publish","type":"post","link":"http:\/\/victoria-rad.de\/?p=8949","title":{"rendered":"Hochrad &#8211; Fertigung im Vogtland, eine ganz besondere und seltene Produktion in Deutschland&#8230;"},"content":{"rendered":"<h3 style=\"text-align: center;\"><strong><span style=\"color: #ff0000;\">Es ist soweit, an alle die es noch nicht wissen, es gibt eine Hochrad-Fertigung im sch\u00f6nen Vogtland&#8230;<\/span><\/strong><\/h3>\n<h4 style=\"text-align: center;\"><span style=\"color: #ff0000;\">Unser Victoria-Freund Frank Albert hat einen Mechaniker-Betrieb und fertigt Hochr\u00e4der f\u00fcr jedermann nach jeder K\u00f6rpergr\u00f6\u00dfe und den speziellen W\u00fcnschen der Kunden, was Design, Farbe, Vernickelung und Reifen betrifft&#8230;<\/span><\/h4>\n<p style=\"text-align: center;\"><a href=\"http:\/\/victoria-rad.de\/wp-content\/uploads\/2018\/08\/20180804_092139-e1533658311892.jpg\" target=\"_blank\" rel=\"noopener noreferrer\"><img loading=\"lazy\" decoding=\"async\" class=\"aligncenter wp-image-913 size-medium\" src=\"http:\/\/victoria-rad.de\/wp-content\/uploads\/2018\/08\/20180804_092139-e1533658311892-300x169.jpg\" alt=\"\" width=\"300\" height=\"169\" srcset=\"http:\/\/victoria-rad.de\/wp-content\/uploads\/2018\/08\/20180804_092139-e1533658311892-300x169.jpg 300w, http:\/\/victoria-rad.de\/wp-content\/uploads\/2018\/08\/20180804_092139-e1533658311892-768x432.jpg 768w, http:\/\/victoria-rad.de\/wp-content\/uploads\/2018\/08\/20180804_092139-e1533658311892-1024x576.jpg 1024w\" sizes=\"auto, (max-width: 300px) 100vw, 300px\" \/><\/a>Frank Albert (rechts) auf dem Victoria-Treffen in Pfaffengr\u00fcn im Jahr 2018.<\/p>\n<p style=\"text-align: center;\"><a href=\"http:\/\/victoria-rad.de\/wp-content\/uploads\/2020\/07\/90-2.jpg\" target=\"_blank\" rel=\"noopener noreferrer\"><img loading=\"lazy\" decoding=\"async\" class=\"aligncenter wp-image-8993 size-medium\" src=\"http:\/\/victoria-rad.de\/wp-content\/uploads\/2020\/07\/90-2-300x157.jpg\" alt=\"\" width=\"300\" height=\"157\" srcset=\"http:\/\/victoria-rad.de\/wp-content\/uploads\/2020\/07\/90-2-300x157.jpg 300w, http:\/\/victoria-rad.de\/wp-content\/uploads\/2020\/07\/90-2-150x78.jpg 150w, http:\/\/victoria-rad.de\/wp-content\/uploads\/2020\/07\/90-2-768x402.jpg 768w, http:\/\/victoria-rad.de\/wp-content\/uploads\/2020\/07\/90-2.jpg 1000w\" sizes=\"auto, (max-width: 300px) 100vw, 300px\" \/><\/a>Seine Victoria KR 26 im originalen Zustand&#8230;<\/p>\n<h4><span style=\"color: #ff0000;\">Das ist aber noch nicht alles, er bietet seinen Kunden bzw. auch Nicht-Hochrad-Fahrern spezielle Lernkurse an:<\/span><\/h4>\n<h6><a href=\"http:\/\/victoria-rad.de\/wp-content\/uploads\/2020\/07\/0.jpg\" target=\"_blank\" rel=\"noopener noreferrer\"><img loading=\"lazy\" decoding=\"async\" class=\"aligncenter wp-image-8951 size-medium\" src=\"http:\/\/victoria-rad.de\/wp-content\/uploads\/2020\/07\/0-300x225.jpg\" alt=\"\" width=\"300\" height=\"225\" srcset=\"http:\/\/victoria-rad.de\/wp-content\/uploads\/2020\/07\/0-300x225.jpg 300w, http:\/\/victoria-rad.de\/wp-content\/uploads\/2020\/07\/0-150x113.jpg 150w, http:\/\/victoria-rad.de\/wp-content\/uploads\/2020\/07\/0-768x576.jpg 768w, http:\/\/victoria-rad.de\/wp-content\/uploads\/2020\/07\/0.jpg 1000w\" sizes=\"auto, (max-width: 300px) 100vw, 300px\" \/><\/a><\/h6>\n<h6>Wer an dieser Kunst des Hochrad &#8211; Fahren Interesse bekundet, hier die Kontaktdaten:<\/h6>\n<h6 style=\"text-align: center;\"><span style=\"color: #3366ff;\">FRANK aLBERT; TEL: 0177\/6564063; E-MAIL: FRANK-ALBERT(AT)GMX.DE<\/span><\/h6>\n<p><a href=\"http:\/\/victoria-rad.de\/wp-content\/uploads\/2020\/07\/20200714_181815_001.jpg\" target=\"_blank\" rel=\"noopener noreferrer\"><img loading=\"lazy\" decoding=\"async\" class=\"aligncenter wp-image-9005 size-medium\" src=\"http:\/\/victoria-rad.de\/wp-content\/uploads\/2020\/07\/20200714_181815_001-222x300.jpg\" alt=\"\" width=\"222\" height=\"300\" srcset=\"http:\/\/victoria-rad.de\/wp-content\/uploads\/2020\/07\/20200714_181815_001-222x300.jpg 222w, http:\/\/victoria-rad.de\/wp-content\/uploads\/2020\/07\/20200714_181815_001-758x1024.jpg 758w, http:\/\/victoria-rad.de\/wp-content\/uploads\/2020\/07\/20200714_181815_001-111x150.jpg 111w, http:\/\/victoria-rad.de\/wp-content\/uploads\/2020\/07\/20200714_181815_001-768x1038.jpg 768w, http:\/\/victoria-rad.de\/wp-content\/uploads\/2020\/07\/20200714_181815_001.jpg 1110w\" sizes=\"auto, (max-width: 222px) 100vw, 222px\" \/><\/a><\/p>\n<h5><strong>Aber nun zur Fertigung der Hochr\u00e4der:<\/strong><\/h5>\n<p><img loading=\"lazy\" decoding=\"async\" class=\"alignnone size-medium wp-image-9009 aligncenter\" src=\"http:\/\/victoria-rad.de\/wp-content\/uploads\/2020\/07\/IMG-20200716-WA0098-260x300.jpg\" alt=\"\" width=\"260\" height=\"300\" srcset=\"http:\/\/victoria-rad.de\/wp-content\/uploads\/2020\/07\/IMG-20200716-WA0098-260x300.jpg 260w, http:\/\/victoria-rad.de\/wp-content\/uploads\/2020\/07\/IMG-20200716-WA0098-130x150.jpg 130w, http:\/\/victoria-rad.de\/wp-content\/uploads\/2020\/07\/IMG-20200716-WA0098-768x887.jpg 768w, http:\/\/victoria-rad.de\/wp-content\/uploads\/2020\/07\/IMG-20200716-WA0098.jpg 868w\" sizes=\"auto, (max-width: 260px) 100vw, 260px\" \/><\/p>\n<p style=\"text-align: center;\">Die Marke &#8222;PREMIER&#8220; ist Grundlage der Fertigung&#8230;<\/p>\n<p>Die R\u00e4der, bzw. Felgen sind aus eigener Herstellung, bis auf die speziellen Speichen und Nippel, welche zugekauft werden. Besonders zu bemerken ist hierbei, das die speziellen Radgr\u00f6\u00dfen nat\u00fcrlich auch die dazu geh\u00f6rigen Naben, immer mit verschiedenen Winkeln versehen sind, also im Prinzip jedes Rad eine speziell zugeschnittene Fertigung beinhaltet:<\/p>\n<p><a href=\"http:\/\/victoria-rad.de\/wp-content\/uploads\/2020\/07\/04.jpg\" target=\"_blank\" rel=\"noopener noreferrer\"><img loading=\"lazy\" decoding=\"async\" class=\"aligncenter wp-image-8954 size-medium\" src=\"http:\/\/victoria-rad.de\/wp-content\/uploads\/2020\/07\/04-300x261.jpg\" alt=\"\" width=\"300\" height=\"261\" srcset=\"http:\/\/victoria-rad.de\/wp-content\/uploads\/2020\/07\/04-300x261.jpg 300w, http:\/\/victoria-rad.de\/wp-content\/uploads\/2020\/07\/04-1024x890.jpg 1024w, http:\/\/victoria-rad.de\/wp-content\/uploads\/2020\/07\/04-150x130.jpg 150w, http:\/\/victoria-rad.de\/wp-content\/uploads\/2020\/07\/04-768x667.jpg 768w, http:\/\/victoria-rad.de\/wp-content\/uploads\/2020\/07\/04.jpg 1189w\" sizes=\"auto, (max-width: 300px) 100vw, 300px\" \/><\/a><\/p>\n<p>Die Felgen-Rundmaschine:<\/p>\n<p><a href=\"http:\/\/victoria-rad.de\/wp-content\/uploads\/2020\/07\/01.jpg\" target=\"_blank\" rel=\"noopener noreferrer\"><img loading=\"lazy\" decoding=\"async\" class=\"aligncenter wp-image-8956 size-medium\" src=\"http:\/\/victoria-rad.de\/wp-content\/uploads\/2020\/07\/01-300x149.jpg\" alt=\"\" width=\"300\" height=\"149\" srcset=\"http:\/\/victoria-rad.de\/wp-content\/uploads\/2020\/07\/01-300x149.jpg 300w, http:\/\/victoria-rad.de\/wp-content\/uploads\/2020\/07\/01-1024x507.jpg 1024w, http:\/\/victoria-rad.de\/wp-content\/uploads\/2020\/07\/01-150x74.jpg 150w, http:\/\/victoria-rad.de\/wp-content\/uploads\/2020\/07\/01-768x380.jpg 768w, http:\/\/victoria-rad.de\/wp-content\/uploads\/2020\/07\/01-1536x760.jpg 1536w, http:\/\/victoria-rad.de\/wp-content\/uploads\/2020\/07\/01.jpg 1600w\" sizes=\"auto, (max-width: 300px) 100vw, 300px\" \/><\/a><\/p>\n<p>Nabe f\u00fcr das hintere Rad.<\/p>\n<p><a href=\"http:\/\/victoria-rad.de\/wp-content\/uploads\/2020\/07\/13-1.jpg\" target=\"_blank\" rel=\"noopener noreferrer\"><img loading=\"lazy\" decoding=\"async\" class=\"aligncenter wp-image-8957 size-medium\" src=\"http:\/\/victoria-rad.de\/wp-content\/uploads\/2020\/07\/13-1-285x300.jpg\" alt=\"\" width=\"285\" height=\"300\" srcset=\"http:\/\/victoria-rad.de\/wp-content\/uploads\/2020\/07\/13-1-285x300.jpg 285w, http:\/\/victoria-rad.de\/wp-content\/uploads\/2020\/07\/13-1-142x150.jpg 142w, http:\/\/victoria-rad.de\/wp-content\/uploads\/2020\/07\/13-1-768x809.jpg 768w, http:\/\/victoria-rad.de\/wp-content\/uploads\/2020\/07\/13-1.jpg 899w\" sizes=\"auto, (max-width: 285px) 100vw, 285px\" \/><\/a><\/p>\n<p>Felge und Nabe &#8211; Hinterrad:<\/p>\n<p><a href=\"http:\/\/victoria-rad.de\/wp-content\/uploads\/2020\/07\/14.1.jpg\" target=\"_blank\" rel=\"noopener noreferrer\"><img loading=\"lazy\" decoding=\"async\" class=\"aligncenter wp-image-8958 size-medium\" src=\"http:\/\/victoria-rad.de\/wp-content\/uploads\/2020\/07\/14.1-255x300.jpg\" alt=\"\" width=\"255\" height=\"300\" srcset=\"http:\/\/victoria-rad.de\/wp-content\/uploads\/2020\/07\/14.1-255x300.jpg 255w, http:\/\/victoria-rad.de\/wp-content\/uploads\/2020\/07\/14.1-872x1024.jpg 872w, http:\/\/victoria-rad.de\/wp-content\/uploads\/2020\/07\/14.1-128x150.jpg 128w, http:\/\/victoria-rad.de\/wp-content\/uploads\/2020\/07\/14.1-768x902.jpg 768w, http:\/\/victoria-rad.de\/wp-content\/uploads\/2020\/07\/14.1.jpg 899w\" sizes=\"auto, (max-width: 255px) 100vw, 255px\" \/><\/a><\/p>\n<p style=\"text-align: center;\">Die n\u00e4chsten Bilder zeigen die Fertigung des kleinen Rades:<\/p>\n<p><a href=\"http:\/\/victoria-rad.de\/wp-content\/uploads\/2020\/07\/15-1.jpg\" target=\"_blank\" rel=\"noopener noreferrer\"><img loading=\"lazy\" decoding=\"async\" class=\"aligncenter wp-image-8959 size-medium\" src=\"http:\/\/victoria-rad.de\/wp-content\/uploads\/2020\/07\/15-1-300x185.jpg\" alt=\"\" width=\"300\" height=\"185\" srcset=\"http:\/\/victoria-rad.de\/wp-content\/uploads\/2020\/07\/15-1-300x185.jpg 300w, http:\/\/victoria-rad.de\/wp-content\/uploads\/2020\/07\/15-1-150x92.jpg 150w, http:\/\/victoria-rad.de\/wp-content\/uploads\/2020\/07\/15-1-768x473.jpg 768w, http:\/\/victoria-rad.de\/wp-content\/uploads\/2020\/07\/15-1-825x510.jpg 825w, http:\/\/victoria-rad.de\/wp-content\/uploads\/2020\/07\/15-1.jpg 1000w\" sizes=\"auto, (max-width: 300px) 100vw, 300px\" \/><\/a><\/p>\n<p><a href=\"http:\/\/victoria-rad.de\/wp-content\/uploads\/2020\/07\/16.jpg\" target=\"_blank\" rel=\"noopener noreferrer\"><img loading=\"lazy\" decoding=\"async\" class=\"aligncenter wp-image-8960 size-medium\" src=\"http:\/\/victoria-rad.de\/wp-content\/uploads\/2020\/07\/16-300x225.jpg\" alt=\"\" width=\"300\" height=\"225\" srcset=\"http:\/\/victoria-rad.de\/wp-content\/uploads\/2020\/07\/16-300x225.jpg 300w, http:\/\/victoria-rad.de\/wp-content\/uploads\/2020\/07\/16-150x113.jpg 150w, http:\/\/victoria-rad.de\/wp-content\/uploads\/2020\/07\/16-768x576.jpg 768w, http:\/\/victoria-rad.de\/wp-content\/uploads\/2020\/07\/16.jpg 1000w\" sizes=\"auto, (max-width: 300px) 100vw, 300px\" \/><\/a><\/p>\n<p><a href=\"http:\/\/victoria-rad.de\/wp-content\/uploads\/2020\/07\/17.jpg\" target=\"_blank\" rel=\"noopener noreferrer\"><img loading=\"lazy\" decoding=\"async\" class=\"aligncenter wp-image-8961 size-medium\" src=\"http:\/\/victoria-rad.de\/wp-content\/uploads\/2020\/07\/17-300x274.jpg\" alt=\"\" width=\"300\" height=\"274\" srcset=\"http:\/\/victoria-rad.de\/wp-content\/uploads\/2020\/07\/17-300x274.jpg 300w, http:\/\/victoria-rad.de\/wp-content\/uploads\/2020\/07\/17-150x137.jpg 150w, http:\/\/victoria-rad.de\/wp-content\/uploads\/2020\/07\/17-768x702.jpg 768w, http:\/\/victoria-rad.de\/wp-content\/uploads\/2020\/07\/17.jpg 1000w\" sizes=\"auto, (max-width: 300px) 100vw, 300px\" \/><\/a><\/p>\n<p>Justierung des kleinen Laufrades mit Messuhr (0,01 mm):<\/p>\n<div style=\"width: 640px;\" class=\"wp-video\"><video class=\"wp-video-shortcode\" id=\"video-8949-1\" width=\"640\" height=\"360\" preload=\"metadata\" controls=\"controls\"><source type=\"video\/mp4\" src=\"http:\/\/victoria-rad.de\/wp-content\/uploads\/2020\/07\/Hochrad-Frank-2.mp4?_=1\" \/><a href=\"http:\/\/victoria-rad.de\/wp-content\/uploads\/2020\/07\/Hochrad-Frank-2.mp4\">http:\/\/victoria-rad.de\/wp-content\/uploads\/2020\/07\/Hochrad-Frank-2.mp4<\/a><\/video><\/div>\n<p><a href=\"http:\/\/victoria-rad.de\/wp-content\/uploads\/2020\/07\/4.jpg\" target=\"_blank\" rel=\"noopener noreferrer\"><img loading=\"lazy\" decoding=\"async\" class=\"aligncenter wp-image-8962 size-medium\" src=\"http:\/\/victoria-rad.de\/wp-content\/uploads\/2020\/07\/4-169x300.jpg\" alt=\"\" width=\"169\" height=\"300\" srcset=\"http:\/\/victoria-rad.de\/wp-content\/uploads\/2020\/07\/4-169x300.jpg 169w, http:\/\/victoria-rad.de\/wp-content\/uploads\/2020\/07\/4-84x150.jpg 84w, http:\/\/victoria-rad.de\/wp-content\/uploads\/2020\/07\/4.jpg 562w\" sizes=\"auto, (max-width: 169px) 100vw, 169px\" \/><\/a><\/p>\n<p>Die n\u00e4chsten Bilder zeigen die Fertigung des gro\u00dfen Laufrades einschlie\u00dflich Naben, Tretkurbeln und sonstige Aufnahmen:<\/p>\n<p><a href=\"http:\/\/victoria-rad.de\/wp-content\/uploads\/2020\/07\/20.jpg\" target=\"_blank\" rel=\"noopener noreferrer\"><img loading=\"lazy\" decoding=\"async\" class=\"aligncenter wp-image-8963 size-medium\" src=\"http:\/\/victoria-rad.de\/wp-content\/uploads\/2020\/07\/20-300x258.jpg\" alt=\"\" width=\"300\" height=\"258\" srcset=\"http:\/\/victoria-rad.de\/wp-content\/uploads\/2020\/07\/20-300x258.jpg 300w, http:\/\/victoria-rad.de\/wp-content\/uploads\/2020\/07\/20-150x129.jpg 150w, http:\/\/victoria-rad.de\/wp-content\/uploads\/2020\/07\/20-768x660.jpg 768w, http:\/\/victoria-rad.de\/wp-content\/uploads\/2020\/07\/20.jpg 1000w\" sizes=\"auto, (max-width: 300px) 100vw, 300px\" \/><\/a><\/p>\n<p><a href=\"http:\/\/victoria-rad.de\/wp-content\/uploads\/2020\/07\/22.1.jpg\" target=\"_blank\" rel=\"noopener noreferrer\"><img loading=\"lazy\" decoding=\"async\" class=\"aligncenter wp-image-8964 size-medium\" src=\"http:\/\/victoria-rad.de\/wp-content\/uploads\/2020\/07\/22.1-169x300.jpg\" alt=\"\" width=\"169\" height=\"300\" srcset=\"http:\/\/victoria-rad.de\/wp-content\/uploads\/2020\/07\/22.1-169x300.jpg 169w, http:\/\/victoria-rad.de\/wp-content\/uploads\/2020\/07\/22.1-84x150.jpg 84w, http:\/\/victoria-rad.de\/wp-content\/uploads\/2020\/07\/22.1.jpg 562w\" sizes=\"auto, (max-width: 169px) 100vw, 169px\" \/><\/a><\/p>\n<p><a href=\"http:\/\/victoria-rad.de\/wp-content\/uploads\/2020\/07\/21.1-2.jpg\" target=\"_blank\" rel=\"noopener noreferrer\"><img loading=\"lazy\" decoding=\"async\" class=\"aligncenter wp-image-8965 size-medium\" src=\"http:\/\/victoria-rad.de\/wp-content\/uploads\/2020\/07\/21.1-2-225x300.jpg\" alt=\"\" width=\"225\" height=\"300\" srcset=\"http:\/\/victoria-rad.de\/wp-content\/uploads\/2020\/07\/21.1-2-225x300.jpg 225w, http:\/\/victoria-rad.de\/wp-content\/uploads\/2020\/07\/21.1-2-113x150.jpg 113w, http:\/\/victoria-rad.de\/wp-content\/uploads\/2020\/07\/21.1-2.jpg 750w\" sizes=\"auto, (max-width: 225px) 100vw, 225px\" \/><\/a><\/p>\n<p><a href=\"http:\/\/victoria-rad.de\/wp-content\/uploads\/2020\/07\/22.jpg\" target=\"_blank\" rel=\"noopener noreferrer\"><img loading=\"lazy\" decoding=\"async\" class=\"aligncenter wp-image-8966 size-medium\" src=\"http:\/\/victoria-rad.de\/wp-content\/uploads\/2020\/07\/22-300x225.jpg\" alt=\"\" width=\"300\" height=\"225\" srcset=\"http:\/\/victoria-rad.de\/wp-content\/uploads\/2020\/07\/22-300x225.jpg 300w, http:\/\/victoria-rad.de\/wp-content\/uploads\/2020\/07\/22-150x113.jpg 150w, http:\/\/victoria-rad.de\/wp-content\/uploads\/2020\/07\/22-768x576.jpg 768w, http:\/\/victoria-rad.de\/wp-content\/uploads\/2020\/07\/22.jpg 1000w\" sizes=\"auto, (max-width: 300px) 100vw, 300px\" \/><\/a><\/p>\n<p><a href=\"http:\/\/victoria-rad.de\/wp-content\/uploads\/2020\/07\/25.jpg\" target=\"_blank\" rel=\"noopener noreferrer\"><img loading=\"lazy\" decoding=\"async\" class=\"aligncenter wp-image-8967 size-medium\" src=\"http:\/\/victoria-rad.de\/wp-content\/uploads\/2020\/07\/25-225x300.jpg\" alt=\"\" width=\"225\" height=\"300\" srcset=\"http:\/\/victoria-rad.de\/wp-content\/uploads\/2020\/07\/25-225x300.jpg 225w, http:\/\/victoria-rad.de\/wp-content\/uploads\/2020\/07\/25-113x150.jpg 113w, http:\/\/victoria-rad.de\/wp-content\/uploads\/2020\/07\/25.jpg 750w\" sizes=\"auto, (max-width: 225px) 100vw, 225px\" \/><\/a><\/p>\n<p><a href=\"http:\/\/victoria-rad.de\/wp-content\/uploads\/2020\/07\/26.jpg\" target=\"_blank\" rel=\"noopener noreferrer\"><img loading=\"lazy\" decoding=\"async\" class=\"aligncenter wp-image-8968 size-medium\" src=\"http:\/\/victoria-rad.de\/wp-content\/uploads\/2020\/07\/26-300x225.jpg\" alt=\"\" width=\"300\" height=\"225\" srcset=\"http:\/\/victoria-rad.de\/wp-content\/uploads\/2020\/07\/26-300x225.jpg 300w, http:\/\/victoria-rad.de\/wp-content\/uploads\/2020\/07\/26-150x113.jpg 150w, http:\/\/victoria-rad.de\/wp-content\/uploads\/2020\/07\/26-768x576.jpg 768w, http:\/\/victoria-rad.de\/wp-content\/uploads\/2020\/07\/26.jpg 1000w\" sizes=\"auto, (max-width: 300px) 100vw, 300px\" \/><\/a><\/p>\n<p>Nabe und Speichen (Speichen &#8211; als einzige Zukaufteile):<\/p>\n<p><a href=\"http:\/\/victoria-rad.de\/wp-content\/uploads\/2020\/07\/5.jpg\" target=\"_blank\" rel=\"noopener noreferrer\"><img loading=\"lazy\" decoding=\"async\" class=\"aligncenter wp-image-8971 size-medium\" src=\"http:\/\/victoria-rad.de\/wp-content\/uploads\/2020\/07\/5-169x300.jpg\" alt=\"\" width=\"169\" height=\"300\" srcset=\"http:\/\/victoria-rad.de\/wp-content\/uploads\/2020\/07\/5-169x300.jpg 169w, http:\/\/victoria-rad.de\/wp-content\/uploads\/2020\/07\/5-84x150.jpg 84w, http:\/\/victoria-rad.de\/wp-content\/uploads\/2020\/07\/5.jpg 562w\" sizes=\"auto, (max-width: 169px) 100vw, 169px\" \/><\/a><\/p>\n<p>Bereits eingespeichtes Hauptrad:<\/p>\n<p><a href=\"http:\/\/victoria-rad.de\/wp-content\/uploads\/2020\/07\/53.jpg\" target=\"_blank\" rel=\"noopener noreferrer\"><img loading=\"lazy\" decoding=\"async\" class=\"aligncenter wp-image-8970 size-medium\" src=\"http:\/\/victoria-rad.de\/wp-content\/uploads\/2020\/07\/53-225x300.jpg\" alt=\"\" width=\"225\" height=\"300\" srcset=\"http:\/\/victoria-rad.de\/wp-content\/uploads\/2020\/07\/53-225x300.jpg 225w, http:\/\/victoria-rad.de\/wp-content\/uploads\/2020\/07\/53-113x150.jpg 113w, http:\/\/victoria-rad.de\/wp-content\/uploads\/2020\/07\/53.jpg 750w\" sizes=\"auto, (max-width: 225px) 100vw, 225px\" \/><\/a><a href=\"http:\/\/victoria-rad.de\/wp-content\/uploads\/2020\/07\/51.jpg\" target=\"_blank\" rel=\"noopener noreferrer\"><img loading=\"lazy\" decoding=\"async\" class=\"aligncenter wp-image-8969 size-medium\" src=\"http:\/\/victoria-rad.de\/wp-content\/uploads\/2020\/07\/51-300x225.jpg\" alt=\"\" width=\"300\" height=\"225\" srcset=\"http:\/\/victoria-rad.de\/wp-content\/uploads\/2020\/07\/51-300x225.jpg 300w, http:\/\/victoria-rad.de\/wp-content\/uploads\/2020\/07\/51-150x113.jpg 150w, http:\/\/victoria-rad.de\/wp-content\/uploads\/2020\/07\/51-768x576.jpg 768w, http:\/\/victoria-rad.de\/wp-content\/uploads\/2020\/07\/51.jpg 1000w\" sizes=\"auto, (max-width: 300px) 100vw, 300px\" \/><\/a><\/p>\n<p>Justierung des gro\u00dfen Laufrades mit Messuhr (0,01 mm):<\/p>\n<div style=\"width: 660px;\" class=\"wp-video\"><video class=\"wp-video-shortcode\" id=\"video-8949-2\" width=\"660\" height=\"371\" preload=\"metadata\" controls=\"controls\"><source type=\"video\/mp4\" src=\"http:\/\/victoria-rad.de\/wp-content\/uploads\/2020\/07\/Hochrad-Frank-1.mp4?_=2\" \/><a href=\"http:\/\/victoria-rad.de\/wp-content\/uploads\/2020\/07\/Hochrad-Frank-1.mp4\">http:\/\/victoria-rad.de\/wp-content\/uploads\/2020\/07\/Hochrad-Frank-1.mp4<\/a><\/video><\/div>\n<p>Die folgenden Bilder zeigen weitere Zubeh\u00f6rteile des Hochrades, welche einer, wie kaum zu \u00fcbersehen ist, aufwendigen Anfertigung unterliegt. Der genaue Betrachter wird erkennen, dass alle Teile einer sorgsamen Alt -Bearbeitung mit &#8222;Hammerschlag&#8220; unterzogen wurden, um die Originalit\u00e4t des Rades nach zu empfinden:<\/p>\n<p><a href=\"http:\/\/victoria-rad.de\/wp-content\/uploads\/2020\/07\/2.1.jpg\" target=\"_blank\" rel=\"noopener noreferrer\"><img loading=\"lazy\" decoding=\"async\" class=\"aligncenter wp-image-8972 size-medium\" src=\"http:\/\/victoria-rad.de\/wp-content\/uploads\/2020\/07\/2.1-169x300.jpg\" alt=\"\" width=\"169\" height=\"300\" srcset=\"http:\/\/victoria-rad.de\/wp-content\/uploads\/2020\/07\/2.1-169x300.jpg 169w, http:\/\/victoria-rad.de\/wp-content\/uploads\/2020\/07\/2.1-84x150.jpg 84w, http:\/\/victoria-rad.de\/wp-content\/uploads\/2020\/07\/2.1.jpg 562w\" sizes=\"auto, (max-width: 169px) 100vw, 169px\" \/><\/a><\/p>\n<p><a href=\"http:\/\/victoria-rad.de\/wp-content\/uploads\/2020\/07\/2.jpg\" target=\"_blank\" rel=\"noopener noreferrer\"><img loading=\"lazy\" decoding=\"async\" class=\"aligncenter wp-image-8973 size-medium\" src=\"http:\/\/victoria-rad.de\/wp-content\/uploads\/2020\/07\/2-209x300.jpg\" alt=\"\" width=\"209\" height=\"300\" srcset=\"http:\/\/victoria-rad.de\/wp-content\/uploads\/2020\/07\/2-209x300.jpg 209w, http:\/\/victoria-rad.de\/wp-content\/uploads\/2020\/07\/2-105x150.jpg 105w, http:\/\/victoria-rad.de\/wp-content\/uploads\/2020\/07\/2.jpg 698w\" sizes=\"auto, (max-width: 209px) 100vw, 209px\" \/><\/a><\/p>\n<p><a href=\"http:\/\/victoria-rad.de\/wp-content\/uploads\/2020\/07\/7-1.jpg\" target=\"_blank\" rel=\"noopener noreferrer\"><img loading=\"lazy\" decoding=\"async\" class=\"aligncenter wp-image-8974 size-medium\" src=\"http:\/\/victoria-rad.de\/wp-content\/uploads\/2020\/07\/7-1-225x300.jpg\" alt=\"\" width=\"225\" height=\"300\" srcset=\"http:\/\/victoria-rad.de\/wp-content\/uploads\/2020\/07\/7-1-225x300.jpg 225w, http:\/\/victoria-rad.de\/wp-content\/uploads\/2020\/07\/7-1-113x150.jpg 113w, http:\/\/victoria-rad.de\/wp-content\/uploads\/2020\/07\/7-1.jpg 750w\" sizes=\"auto, (max-width: 225px) 100vw, 225px\" \/><\/a><\/p>\n<p><a href=\"http:\/\/victoria-rad.de\/wp-content\/uploads\/2020\/07\/8-1.jpg\" target=\"_blank\" rel=\"noopener noreferrer\"><img loading=\"lazy\" decoding=\"async\" class=\"aligncenter wp-image-8975 size-medium\" src=\"http:\/\/victoria-rad.de\/wp-content\/uploads\/2020\/07\/8-1-292x300.jpg\" alt=\"\" width=\"292\" height=\"300\" srcset=\"http:\/\/victoria-rad.de\/wp-content\/uploads\/2020\/07\/8-1-292x300.jpg 292w, http:\/\/victoria-rad.de\/wp-content\/uploads\/2020\/07\/8-1-146x150.jpg 146w, http:\/\/victoria-rad.de\/wp-content\/uploads\/2020\/07\/8-1-768x790.jpg 768w, http:\/\/victoria-rad.de\/wp-content\/uploads\/2020\/07\/8-1.jpg 972w\" sizes=\"auto, (max-width: 292px) 100vw, 292px\" \/><\/a><\/p>\n<p><a href=\"http:\/\/victoria-rad.de\/wp-content\/uploads\/2020\/07\/9-1.jpg\" target=\"_blank\" rel=\"noopener noreferrer\"><img loading=\"lazy\" decoding=\"async\" class=\"aligncenter wp-image-8976 size-medium\" src=\"http:\/\/victoria-rad.de\/wp-content\/uploads\/2020\/07\/9-1-300x300.jpg\" alt=\"\" width=\"300\" height=\"300\" srcset=\"http:\/\/victoria-rad.de\/wp-content\/uploads\/2020\/07\/9-1-300x300.jpg 300w, http:\/\/victoria-rad.de\/wp-content\/uploads\/2020\/07\/9-1-150x150.jpg 150w, http:\/\/victoria-rad.de\/wp-content\/uploads\/2020\/07\/9-1.jpg 1005w\" sizes=\"auto, (max-width: 300px) 100vw, 300px\" \/><\/a><\/p>\n<p><a href=\"http:\/\/victoria-rad.de\/wp-content\/uploads\/2020\/07\/6-2.jpg\" target=\"_blank\" rel=\"noopener noreferrer\"><img loading=\"lazy\" decoding=\"async\" class=\"aligncenter wp-image-8977 size-medium\" src=\"http:\/\/victoria-rad.de\/wp-content\/uploads\/2020\/07\/6-2-191x300.jpg\" alt=\"\" width=\"191\" height=\"300\" srcset=\"http:\/\/victoria-rad.de\/wp-content\/uploads\/2020\/07\/6-2-191x300.jpg 191w, http:\/\/victoria-rad.de\/wp-content\/uploads\/2020\/07\/6-2-96x150.jpg 96w, http:\/\/victoria-rad.de\/wp-content\/uploads\/2020\/07\/6-2.jpg 638w\" sizes=\"auto, (max-width: 191px) 100vw, 191px\" \/><\/a><\/p>\n<p><a href=\"http:\/\/victoria-rad.de\/wp-content\/uploads\/2020\/07\/28.jpg\" target=\"_blank\" rel=\"noopener noreferrer\"><img loading=\"lazy\" decoding=\"async\" class=\"aligncenter wp-image-8978 size-medium\" src=\"http:\/\/victoria-rad.de\/wp-content\/uploads\/2020\/07\/28-205x300.jpg\" alt=\"\" width=\"205\" height=\"300\" srcset=\"http:\/\/victoria-rad.de\/wp-content\/uploads\/2020\/07\/28-205x300.jpg 205w, http:\/\/victoria-rad.de\/wp-content\/uploads\/2020\/07\/28-102x150.jpg 102w, http:\/\/victoria-rad.de\/wp-content\/uploads\/2020\/07\/28.jpg 682w\" sizes=\"auto, (max-width: 205px) 100vw, 205px\" \/><\/a><\/p>\n<p>Konstruktionszeichnungen, einfach aber konstruktiv:<\/p>\n<p><a href=\"http:\/\/victoria-rad.de\/wp-content\/uploads\/2020\/07\/40.jpg\" target=\"_blank\" rel=\"noopener noreferrer\"><img loading=\"lazy\" decoding=\"async\" class=\"aligncenter wp-image-8979 size-medium\" src=\"http:\/\/victoria-rad.de\/wp-content\/uploads\/2020\/07\/40-188x300.jpg\" alt=\"\" width=\"188\" height=\"300\" srcset=\"http:\/\/victoria-rad.de\/wp-content\/uploads\/2020\/07\/40-188x300.jpg 188w, http:\/\/victoria-rad.de\/wp-content\/uploads\/2020\/07\/40-94x150.jpg 94w, http:\/\/victoria-rad.de\/wp-content\/uploads\/2020\/07\/40.jpg 616w\" sizes=\"auto, (max-width: 188px) 100vw, 188px\" \/><\/a><\/p>\n<p><a href=\"http:\/\/victoria-rad.de\/wp-content\/uploads\/2020\/07\/41.jpg\" target=\"_blank\" rel=\"noopener noreferrer\"><img loading=\"lazy\" decoding=\"async\" class=\"aligncenter wp-image-8980 size-medium\" src=\"http:\/\/victoria-rad.de\/wp-content\/uploads\/2020\/07\/41-238x300.jpg\" alt=\"\" width=\"238\" height=\"300\" srcset=\"http:\/\/victoria-rad.de\/wp-content\/uploads\/2020\/07\/41-238x300.jpg 238w, http:\/\/victoria-rad.de\/wp-content\/uploads\/2020\/07\/41-119x150.jpg 119w, http:\/\/victoria-rad.de\/wp-content\/uploads\/2020\/07\/41-768x967.jpg 768w, http:\/\/victoria-rad.de\/wp-content\/uploads\/2020\/07\/41.jpg 794w\" sizes=\"auto, (max-width: 238px) 100vw, 238px\" \/><\/a><\/p>\n<p><a href=\"http:\/\/victoria-rad.de\/wp-content\/uploads\/2020\/07\/42.jpg\" target=\"_blank\" rel=\"noopener noreferrer\"><img loading=\"lazy\" decoding=\"async\" class=\"aligncenter wp-image-8981 size-medium\" src=\"http:\/\/victoria-rad.de\/wp-content\/uploads\/2020\/07\/42-300x221.jpg\" alt=\"\" width=\"300\" height=\"221\" srcset=\"http:\/\/victoria-rad.de\/wp-content\/uploads\/2020\/07\/42-300x221.jpg 300w, http:\/\/victoria-rad.de\/wp-content\/uploads\/2020\/07\/42-150x110.jpg 150w, http:\/\/victoria-rad.de\/wp-content\/uploads\/2020\/07\/42-768x565.jpg 768w, http:\/\/victoria-rad.de\/wp-content\/uploads\/2020\/07\/42.jpg 1000w\" sizes=\"auto, (max-width: 300px) 100vw, 300px\" \/><\/a><\/p>\n<p>Detailfotos vom Hochrad:<\/p>\n<p><a href=\"http:\/\/victoria-rad.de\/wp-content\/uploads\/2020\/07\/52.jpg\" target=\"_blank\" rel=\"noopener noreferrer\"><img loading=\"lazy\" decoding=\"async\" class=\"aligncenter wp-image-8982 size-medium\" src=\"http:\/\/victoria-rad.de\/wp-content\/uploads\/2020\/07\/52-300x225.jpg\" alt=\"\" width=\"300\" height=\"225\" srcset=\"http:\/\/victoria-rad.de\/wp-content\/uploads\/2020\/07\/52-300x225.jpg 300w, http:\/\/victoria-rad.de\/wp-content\/uploads\/2020\/07\/52-150x113.jpg 150w, http:\/\/victoria-rad.de\/wp-content\/uploads\/2020\/07\/52-768x576.jpg 768w, http:\/\/victoria-rad.de\/wp-content\/uploads\/2020\/07\/52.jpg 1000w\" sizes=\"auto, (max-width: 300px) 100vw, 300px\" \/><\/a><\/p>\n<p><a href=\"http:\/\/victoria-rad.de\/wp-content\/uploads\/2020\/07\/54.jpg\" target=\"_blank\" rel=\"noopener noreferrer\"><img loading=\"lazy\" decoding=\"async\" class=\"aligncenter wp-image-8983 size-medium\" src=\"http:\/\/victoria-rad.de\/wp-content\/uploads\/2020\/07\/54-225x300.jpg\" alt=\"\" width=\"225\" height=\"300\" srcset=\"http:\/\/victoria-rad.de\/wp-content\/uploads\/2020\/07\/54-225x300.jpg 225w, http:\/\/victoria-rad.de\/wp-content\/uploads\/2020\/07\/54-113x150.jpg 113w, http:\/\/victoria-rad.de\/wp-content\/uploads\/2020\/07\/54.jpg 750w\" sizes=\"auto, (max-width: 225px) 100vw, 225px\" \/><\/a><\/p>\n<p><a href=\"http:\/\/victoria-rad.de\/wp-content\/uploads\/2020\/07\/50.jpg\" target=\"_blank\" rel=\"noopener noreferrer\"><img loading=\"lazy\" decoding=\"async\" class=\"aligncenter wp-image-8984 size-medium\" src=\"http:\/\/victoria-rad.de\/wp-content\/uploads\/2020\/07\/50-225x300.jpg\" alt=\"\" width=\"225\" height=\"300\" srcset=\"http:\/\/victoria-rad.de\/wp-content\/uploads\/2020\/07\/50-225x300.jpg 225w, http:\/\/victoria-rad.de\/wp-content\/uploads\/2020\/07\/50-113x150.jpg 113w, http:\/\/victoria-rad.de\/wp-content\/uploads\/2020\/07\/50.jpg 750w\" sizes=\"auto, (max-width: 225px) 100vw, 225px\" \/><\/a><\/p>\n<p>Die Reifen &#8211; Farbpalette aus reinen Natur-Kautschuk :<\/p>\n<p><a href=\"http:\/\/victoria-rad.de\/wp-content\/uploads\/2020\/07\/18.jpg\" target=\"_blank\" rel=\"noopener noreferrer\"><img loading=\"lazy\" decoding=\"async\" class=\"aligncenter wp-image-8985 size-medium\" src=\"http:\/\/victoria-rad.de\/wp-content\/uploads\/2020\/07\/18-300x87.jpg\" alt=\"\" width=\"300\" height=\"87\" srcset=\"http:\/\/victoria-rad.de\/wp-content\/uploads\/2020\/07\/18-300x87.jpg 300w, http:\/\/victoria-rad.de\/wp-content\/uploads\/2020\/07\/18-150x43.jpg 150w, http:\/\/victoria-rad.de\/wp-content\/uploads\/2020\/07\/18-768x222.jpg 768w, http:\/\/victoria-rad.de\/wp-content\/uploads\/2020\/07\/18.jpg 1000w\" sizes=\"auto, (max-width: 300px) 100vw, 300px\" \/><\/a><\/p>\n<p>Hochrad-Treffen in Erfurt:<\/p>\n<p><a href=\"http:\/\/victoria-rad.de\/wp-content\/uploads\/2020\/07\/62.jpg\" target=\"_blank\" rel=\"noopener noreferrer\"><img loading=\"lazy\" decoding=\"async\" class=\"aligncenter wp-image-8990 size-medium\" src=\"http:\/\/victoria-rad.de\/wp-content\/uploads\/2020\/07\/62-300x169.jpg\" alt=\"\" width=\"300\" height=\"169\" srcset=\"http:\/\/victoria-rad.de\/wp-content\/uploads\/2020\/07\/62-300x169.jpg 300w, http:\/\/victoria-rad.de\/wp-content\/uploads\/2020\/07\/62-150x84.jpg 150w, http:\/\/victoria-rad.de\/wp-content\/uploads\/2020\/07\/62-768x432.jpg 768w, http:\/\/victoria-rad.de\/wp-content\/uploads\/2020\/07\/62.jpg 1000w\" sizes=\"auto, (max-width: 300px) 100vw, 300px\" \/><\/a><\/p>\n<p>Die Rad-Renn-Bahn:<\/p>\n<p><a href=\"http:\/\/victoria-rad.de\/wp-content\/uploads\/2020\/07\/IMG-20200716-WA0100.jpg\" target=\"_blank\" rel=\"noopener noreferrer\"><img loading=\"lazy\" decoding=\"async\" class=\"aligncenter wp-image-9012 size-medium\" src=\"http:\/\/victoria-rad.de\/wp-content\/uploads\/2020\/07\/IMG-20200716-WA0100-300x131.jpg\" alt=\"\" width=\"300\" height=\"131\" srcset=\"http:\/\/victoria-rad.de\/wp-content\/uploads\/2020\/07\/IMG-20200716-WA0100-300x131.jpg 300w, http:\/\/victoria-rad.de\/wp-content\/uploads\/2020\/07\/IMG-20200716-WA0100-1024x448.jpg 1024w, http:\/\/victoria-rad.de\/wp-content\/uploads\/2020\/07\/IMG-20200716-WA0100-150x66.jpg 150w, http:\/\/victoria-rad.de\/wp-content\/uploads\/2020\/07\/IMG-20200716-WA0100-768x336.jpg 768w, http:\/\/victoria-rad.de\/wp-content\/uploads\/2020\/07\/IMG-20200716-WA0100.jpg 1270w\" sizes=\"auto, (max-width: 300px) 100vw, 300px\" \/><\/a><\/p>\n<p><a href=\"http:\/\/victoria-rad.de\/wp-content\/uploads\/2020\/07\/61.jpg\" target=\"_blank\" rel=\"noopener noreferrer\"><img loading=\"lazy\" decoding=\"async\" class=\"aligncenter wp-image-8991 size-medium\" src=\"http:\/\/victoria-rad.de\/wp-content\/uploads\/2020\/07\/61-300x169.jpg\" alt=\"\" width=\"300\" height=\"169\" srcset=\"http:\/\/victoria-rad.de\/wp-content\/uploads\/2020\/07\/61-300x169.jpg 300w, http:\/\/victoria-rad.de\/wp-content\/uploads\/2020\/07\/61-150x84.jpg 150w, http:\/\/victoria-rad.de\/wp-content\/uploads\/2020\/07\/61-768x432.jpg 768w, http:\/\/victoria-rad.de\/wp-content\/uploads\/2020\/07\/61.jpg 1000w\" sizes=\"auto, (max-width: 300px) 100vw, 300px\" \/><\/a><\/p>\n<p>Das Video dazu:<\/p>\n<div style=\"width: 660px;\" class=\"wp-video\"><video class=\"wp-video-shortcode\" id=\"video-8949-3\" width=\"660\" height=\"371\" preload=\"metadata\" controls=\"controls\"><source type=\"video\/mp4\" src=\"http:\/\/victoria-rad.de\/wp-content\/uploads\/2020\/07\/Mein-Film-1.mp4?_=3\" \/><a href=\"http:\/\/victoria-rad.de\/wp-content\/uploads\/2020\/07\/Mein-Film-1.mp4\">http:\/\/victoria-rad.de\/wp-content\/uploads\/2020\/07\/Mein-Film-1.mp4<\/a><\/video><\/div>\n<p>Ach ja, Trikots gibt es ja auch noch:<\/p>\n<p><a href=\"http:\/\/victoria-rad.de\/wp-content\/uploads\/2020\/07\/30.jpg\" target=\"_blank\" rel=\"noopener noreferrer\"><img loading=\"lazy\" decoding=\"async\" class=\"aligncenter wp-image-8986 size-medium\" src=\"http:\/\/victoria-rad.de\/wp-content\/uploads\/2020\/07\/30-281x300.jpg\" alt=\"\" width=\"281\" height=\"300\" srcset=\"http:\/\/victoria-rad.de\/wp-content\/uploads\/2020\/07\/30-281x300.jpg 281w, http:\/\/victoria-rad.de\/wp-content\/uploads\/2020\/07\/30-141x150.jpg 141w, http:\/\/victoria-rad.de\/wp-content\/uploads\/2020\/07\/30-768x819.jpg 768w, http:\/\/victoria-rad.de\/wp-content\/uploads\/2020\/07\/30.jpg 938w\" sizes=\"auto, (max-width: 281px) 100vw, 281px\" \/><\/a><a href=\"http:\/\/victoria-rad.de\/wp-content\/uploads\/2020\/07\/31.jpg\" target=\"_blank\" rel=\"noopener noreferrer\"><img loading=\"lazy\" decoding=\"async\" class=\"aligncenter wp-image-8987 size-medium\" src=\"http:\/\/victoria-rad.de\/wp-content\/uploads\/2020\/07\/31-249x300.jpg\" alt=\"\" width=\"249\" height=\"300\" srcset=\"http:\/\/victoria-rad.de\/wp-content\/uploads\/2020\/07\/31-249x300.jpg 249w, http:\/\/victoria-rad.de\/wp-content\/uploads\/2020\/07\/31-125x150.jpg 125w, http:\/\/victoria-rad.de\/wp-content\/uploads\/2020\/07\/31-768x925.jpg 768w, http:\/\/victoria-rad.de\/wp-content\/uploads\/2020\/07\/31.jpg 830w\" sizes=\"auto, (max-width: 249px) 100vw, 249px\" \/><\/a><\/p>\n<p>Die Vorlage &#8222;Allgemeine &#8211; Radfahrer &#8211; Union&#8220;:<\/p>\n<p><a href=\"http:\/\/victoria-rad.de\/wp-content\/uploads\/2020\/07\/29.jpg\" target=\"_blank\" rel=\"noopener noreferrer\"><img loading=\"lazy\" decoding=\"async\" class=\"aligncenter wp-image-8988 size-medium\" src=\"http:\/\/victoria-rad.de\/wp-content\/uploads\/2020\/07\/29-267x300.jpg\" alt=\"\" width=\"267\" height=\"300\" srcset=\"http:\/\/victoria-rad.de\/wp-content\/uploads\/2020\/07\/29-267x300.jpg 267w, http:\/\/victoria-rad.de\/wp-content\/uploads\/2020\/07\/29-134x150.jpg 134w, http:\/\/victoria-rad.de\/wp-content\/uploads\/2020\/07\/29-768x862.jpg 768w, http:\/\/victoria-rad.de\/wp-content\/uploads\/2020\/07\/29.jpg 891w\" sizes=\"auto, (max-width: 267px) 100vw, 267px\" \/><\/a><\/p>\n<p>Unser Frank hat auch schon die ersten Kundenauftr\u00e4ge abgearbeitet:<\/p>\n<p><a href=\"http:\/\/victoria-rad.de\/wp-content\/uploads\/2020\/07\/70.jpg\" target=\"_blank\" rel=\"noopener noreferrer\"><img loading=\"lazy\" decoding=\"async\" class=\"aligncenter wp-image-8992 size-medium\" src=\"http:\/\/victoria-rad.de\/wp-content\/uploads\/2020\/07\/70-300x171.jpg\" alt=\"\" width=\"300\" height=\"171\" srcset=\"http:\/\/victoria-rad.de\/wp-content\/uploads\/2020\/07\/70-300x171.jpg 300w, http:\/\/victoria-rad.de\/wp-content\/uploads\/2020\/07\/70-150x86.jpg 150w, http:\/\/victoria-rad.de\/wp-content\/uploads\/2020\/07\/70-768x439.jpg 768w, http:\/\/victoria-rad.de\/wp-content\/uploads\/2020\/07\/70.jpg 1000w\" sizes=\"auto, (max-width: 300px) 100vw, 300px\" \/><\/a><\/p>\n<p><strong>Hier ist nochmal Frank Albert in Bild und Film:<\/strong><\/p>\n<p><a href=\"http:\/\/victoria-rad.de\/wp-content\/uploads\/2020\/07\/57.jpg\" target=\"_blank\" rel=\"noopener noreferrer\"><img loading=\"lazy\" decoding=\"async\" class=\"aligncenter wp-image-8989 size-medium\" src=\"http:\/\/victoria-rad.de\/wp-content\/uploads\/2020\/07\/57-229x300.jpg\" alt=\"\" width=\"229\" height=\"300\" srcset=\"http:\/\/victoria-rad.de\/wp-content\/uploads\/2020\/07\/57-229x300.jpg 229w, http:\/\/victoria-rad.de\/wp-content\/uploads\/2020\/07\/57-783x1024.jpg 783w, http:\/\/victoria-rad.de\/wp-content\/uploads\/2020\/07\/57-115x150.jpg 115w, http:\/\/victoria-rad.de\/wp-content\/uploads\/2020\/07\/57-768x1004.jpg 768w, http:\/\/victoria-rad.de\/wp-content\/uploads\/2020\/07\/57.jpg 1147w\" sizes=\"auto, (max-width: 229px) 100vw, 229px\" \/><\/a><\/p>\n<div style=\"width: 660px;\" class=\"wp-video\"><video class=\"wp-video-shortcode\" id=\"video-8949-4\" width=\"660\" height=\"371\" preload=\"metadata\" controls=\"controls\"><source type=\"video\/mp4\" src=\"http:\/\/victoria-rad.de\/wp-content\/uploads\/2020\/07\/Hochrad-Frank.mp4?_=4\" \/><a href=\"http:\/\/victoria-rad.de\/wp-content\/uploads\/2020\/07\/Hochrad-Frank.mp4\">http:\/\/victoria-rad.de\/wp-content\/uploads\/2020\/07\/Hochrad-Frank.mp4<\/a><\/video><\/div>\n<p>Wer mehr erfahren m\u00f6chte, die Adresse steht Eingangs des Berichtes, oder auch gerne direkt \u00fcber meine Webseite&#8230;<\/p>\n<p><a href=\"http:\/\/victoria-rad.de\/wp-content\/uploads\/2020\/02\/IMG_20190312_0002-scaled.jpg\" target=\"_blank\" rel=\"noopener noreferrer\"><img loading=\"lazy\" decoding=\"async\" class=\"aligncenter wp-image-7872 size-medium\" src=\"http:\/\/victoria-rad.de\/wp-content\/uploads\/2020\/02\/IMG_20190312_0002-300x102.jpg\" alt=\"\" width=\"300\" height=\"102\" srcset=\"http:\/\/victoria-rad.de\/wp-content\/uploads\/2020\/02\/IMG_20190312_0002-300x102.jpg 300w, http:\/\/victoria-rad.de\/wp-content\/uploads\/2020\/02\/IMG_20190312_0002-1024x347.jpg 1024w, http:\/\/victoria-rad.de\/wp-content\/uploads\/2020\/02\/IMG_20190312_0002-150x51.jpg 150w, http:\/\/victoria-rad.de\/wp-content\/uploads\/2020\/02\/IMG_20190312_0002-768x261.jpg 768w, http:\/\/victoria-rad.de\/wp-content\/uploads\/2020\/02\/IMG_20190312_0002-1536x521.jpg 1536w, http:\/\/victoria-rad.de\/wp-content\/uploads\/2020\/02\/IMG_20190312_0002-2048x695.jpg 2048w\" sizes=\"auto, (max-width: 300px) 100vw, 300px\" \/><\/a><\/p>\n<p><img loading=\"lazy\" decoding=\"async\" class=\"alignnone size-medium wp-image-7853 aligncenter\" src=\"http:\/\/victoria-rad.de\/wp-content\/uploads\/2020\/02\/58-300x14.png\" alt=\"\" width=\"300\" height=\"14\" srcset=\"http:\/\/victoria-rad.de\/wp-content\/uploads\/2020\/02\/58-300x14.png 300w, http:\/\/victoria-rad.de\/wp-content\/uploads\/2020\/02\/58-150x7.png 150w, http:\/\/victoria-rad.de\/wp-content\/uploads\/2020\/02\/58.png 501w\" sizes=\"auto, (max-width: 300px) 100vw, 300px\" \/><\/p>\n<p>&nbsp;<\/p>\n<p>&nbsp;<\/p>\n<p>&nbsp;<\/p>\n<p>&nbsp;<\/p>\n<p>&nbsp;<\/p>\n<p>&nbsp;<\/p>\n<p>&nbsp;<\/p>\n","protected":false},"excerpt":{"rendered":"<p>Es ist soweit, an alle die es noch nicht wissen, es gibt eine Hochrad-Fertigung im sch\u00f6nen Vogtland&#8230; Unser Victoria-Freund Frank Albert hat einen Mechaniker-Betrieb und fertigt Hochr\u00e4der f\u00fcr jedermann nach jeder K\u00f6rpergr\u00f6\u00dfe und den speziellen W\u00fcnschen der Kunden, was Design, Farbe, Vernickelung und Reifen betrifft&#8230; Frank Albert (rechts) auf dem Victoria-Treffen in Pfaffengr\u00fcn im Jahr &hellip; <a href=\"http:\/\/victoria-rad.de\/?p=8949\" class=\"more-link\"><span class=\"screen-reader-text\">Hochrad &#8211; Fertigung im Vogtland, eine ganz besondere und seltene Produktion in Deutschland&#8230;<\/span> weiterlesen<\/a><\/p>\n","protected":false},"author":1,"featured_media":0,"comment_status":"open","ping_status":"open","sticky":false,"template":"","format":"standard","meta":{"footnotes":""},"categories":[1],"tags":[],"class_list":["post-8949","post","type-post","status-publish","format-standard","hentry","category-uncategorized"],"_links":{"self":[{"href":"http:\/\/victoria-rad.de\/index.php?rest_route=\/wp\/v2\/posts\/8949","targetHints":{"allow":["GET"]}}],"collection":[{"href":"http:\/\/victoria-rad.de\/index.php?rest_route=\/wp\/v2\/posts"}],"about":[{"href":"http:\/\/victoria-rad.de\/index.php?rest_route=\/wp\/v2\/types\/post"}],"author":[{"embeddable":true,"href":"http:\/\/victoria-rad.de\/index.php?rest_route=\/wp\/v2\/users\/1"}],"replies":[{"embeddable":true,"href":"http:\/\/victoria-rad.de\/index.php?rest_route=%2Fwp%2Fv2%2Fcomments&post=8949"}],"version-history":[{"count":15,"href":"http:\/\/victoria-rad.de\/index.php?rest_route=\/wp\/v2\/posts\/8949\/revisions"}],"predecessor-version":[{"id":9013,"href":"http:\/\/victoria-rad.de\/index.php?rest_route=\/wp\/v2\/posts\/8949\/revisions\/9013"}],"wp:attachment":[{"href":"http:\/\/victoria-rad.de\/index.php?rest_route=%2Fwp%2Fv2%2Fmedia&parent=8949"}],"wp:term":[{"taxonomy":"category","embeddable":true,"href":"http:\/\/victoria-rad.de\/index.php?rest_route=%2Fwp%2Fv2%2Fcategories&post=8949"},{"taxonomy":"post_tag","embeddable":true,"href":"http:\/\/victoria-rad.de\/index.php?rest_route=%2Fwp%2Fv2%2Ftags&post=8949"}],"curies":[{"name":"wp","href":"https:\/\/api.w.org\/{rel}","templated":true}]}}