{"id":9247,"date":"2021-01-29T09:12:07","date_gmt":"2021-01-29T09:12:07","guid":{"rendered":"http:\/\/victoria-rad.de\/?p=9247"},"modified":"2021-01-30T14:25:42","modified_gmt":"2021-01-30T14:25:42","slug":"victoria-jubilaeum-bericht-nummer-250-ein-ueberblick-in-bildern-von-1886-1957-also-von-fo-zum-ende-von-victoria","status":"publish","type":"post","link":"http:\/\/victoria-rad.de\/?p=9247","title":{"rendered":"VICTORIA &#8211; JUBIL\u00c4UM &#8211; Bericht Nummer &#8211; 250 &#8211; ein \u00dcberblick in Bildern von 1886 &#8211; 1957, also von F&#038;O &#8211; zum Ende von Victoria"},"content":{"rendered":"<h2 style=\"text-align: center;\"><span style=\"color: #0000ff;\"><strong>Jubil\u00e4ums &#8211; Seite des 250. Berichtes der Webseite:<\/strong><\/span><\/h2>\n<h3 style=\"text-align: center;\"><span style=\"color: #0000ff;\"><strong>\u00a0&#8211; www.victoria-rad.de &#8211;<\/strong><\/span><\/h3>\n<h3 style=\"text-align: center;\"><span style=\"color: #0000ff;\"><strong>\u00a0 \u00a0 \u00a0 \u00a0 \u00a0 \u00a0Chronologische Bilder-Auswahl der 250 Berichte:<\/strong><\/span><\/h3>\n<p style=\"text-align: center;\"><img loading=\"lazy\" decoding=\"async\" class=\"alignnone size-medium wp-image-9249 aligncenter\" src=\"http:\/\/victoria-rad.de\/wp-content\/uploads\/2020\/08\/20200818_101628_001-2-300x199.jpg\" alt=\"\" width=\"300\" height=\"199\" srcset=\"http:\/\/victoria-rad.de\/wp-content\/uploads\/2020\/08\/20200818_101628_001-2-300x199.jpg 300w, http:\/\/victoria-rad.de\/wp-content\/uploads\/2020\/08\/20200818_101628_001-2-150x99.jpg 150w, http:\/\/victoria-rad.de\/wp-content\/uploads\/2020\/08\/20200818_101628_001-2.jpg 761w\" sizes=\"auto, (max-width: 300px) 100vw, 300px\" \/>Bericht Nr. 250 von M\u00e4rz 2018 &#8211; &#8230;.<\/p>\n<p><span style=\"color: #3366ff;\"><strong>Der Anfang im Jahr 1886 von Frankenburger &amp; Ottenstein:<\/strong><\/span><\/p>\n<p style=\"text-align: center;\"><a href=\"http:\/\/victoria-rad.de\/wp-content\/uploads\/2020\/08\/Archiv-Gert-Reiher-1.jpg\" target=\"_blank\" rel=\"noopener noreferrer\"><img loading=\"lazy\" decoding=\"async\" class=\"aligncenter wp-image-9214 size-medium\" src=\"http:\/\/victoria-rad.de\/wp-content\/uploads\/2020\/08\/Archiv-Gert-Reiher-1-291x300.jpg\" alt=\"\" width=\"291\" height=\"300\" srcset=\"http:\/\/victoria-rad.de\/wp-content\/uploads\/2020\/08\/Archiv-Gert-Reiher-1-291x300.jpg 291w, http:\/\/victoria-rad.de\/wp-content\/uploads\/2020\/08\/Archiv-Gert-Reiher-1-146x150.jpg 146w, http:\/\/victoria-rad.de\/wp-content\/uploads\/2020\/08\/Archiv-Gert-Reiher-1-768x792.jpg 768w, http:\/\/victoria-rad.de\/wp-content\/uploads\/2020\/08\/Archiv-Gert-Reiher-1.jpg 776w\" sizes=\"auto, (max-width: 291px) 100vw, 291px\" \/><\/a>Hochrad &#8222;Pfeil&#8220; aus dem Gr\u00fcnderjahr&#8230;<\/p>\n<p><strong><span style=\"color: #0000ff;\">Die ersten &#8222;Sicherheits-Niederr\u00e4der (Safetys) ab 1892:\u00a0<\/span><\/strong><\/p>\n<p style=\"text-align: center;\"><a href=\"http:\/\/victoria-rad.de\/wp-content\/uploads\/2020\/08\/Nr.5457-1.jpg\" target=\"_blank\" rel=\"noopener noreferrer\"><img loading=\"lazy\" decoding=\"async\" class=\"aligncenter wp-image-9212 size-medium\" src=\"http:\/\/victoria-rad.de\/wp-content\/uploads\/2020\/08\/Nr.5457-1-300x200.jpg\" alt=\"\" width=\"300\" height=\"200\" srcset=\"http:\/\/victoria-rad.de\/wp-content\/uploads\/2020\/08\/Nr.5457-1-300x200.jpg 300w, http:\/\/victoria-rad.de\/wp-content\/uploads\/2020\/08\/Nr.5457-1-150x100.jpg 150w, http:\/\/victoria-rad.de\/wp-content\/uploads\/2020\/08\/Nr.5457-1-768x511.jpg 768w, http:\/\/victoria-rad.de\/wp-content\/uploads\/2020\/08\/Nr.5457-1.jpg 1000w\" sizes=\"auto, (max-width: 300px) 100vw, 300px\" \/><\/a>Niederrad Typ &#8222;A&#8220; von 1892&#8230;<\/p>\n<p><span style=\"color: #0000ff;\"><strong>Vom Niederrad zum ersten Fahrrad ab 1899:<\/strong><\/span><\/p>\n<p style=\"text-align: center;\"><a href=\"http:\/\/victoria-rad.de\/wp-content\/uploads\/2018\/03\/Reiher-50-.jpg\" target=\"_blank\" rel=\"noopener noreferrer\"><img loading=\"lazy\" decoding=\"async\" class=\"aligncenter wp-image-88 size-medium\" src=\"http:\/\/victoria-rad.de\/wp-content\/uploads\/2018\/03\/Reiher-50--300x200.jpg\" alt=\"\" width=\"300\" height=\"200\" srcset=\"http:\/\/victoria-rad.de\/wp-content\/uploads\/2018\/03\/Reiher-50--300x200.jpg 300w, http:\/\/victoria-rad.de\/wp-content\/uploads\/2018\/03\/Reiher-50--768x511.jpg 768w, http:\/\/victoria-rad.de\/wp-content\/uploads\/2018\/03\/Reiher-50--1024x681.jpg 1024w\" sizes=\"auto, (max-width: 300px) 100vw, 300px\" \/><\/a>Eines der ersten Fahrr\u00e4der von 1899&#8230;<\/p>\n<p><span style=\"color: #0000ff;\"><strong>Eines der ersten Motorr\u00e4der ab 1901:<\/strong><\/span><\/p>\n<p style=\"text-align: center;\"><a href=\"http:\/\/victoria-rad.de\/wp-content\/uploads\/2018\/05\/IMG_20180514_0003-e1526293923884.jpg\" target=\"_blank\" rel=\"noopener noreferrer\"><img loading=\"lazy\" decoding=\"async\" class=\"aligncenter wp-image-126 size-medium\" src=\"http:\/\/victoria-rad.de\/wp-content\/uploads\/2018\/05\/IMG_20180514_0003-e1526293923884-300x204.jpg\" alt=\"\" width=\"300\" height=\"204\" srcset=\"http:\/\/victoria-rad.de\/wp-content\/uploads\/2018\/05\/IMG_20180514_0003-e1526293923884-300x204.jpg 300w, http:\/\/victoria-rad.de\/wp-content\/uploads\/2018\/05\/IMG_20180514_0003-e1526293923884-768x523.jpg 768w, http:\/\/victoria-rad.de\/wp-content\/uploads\/2018\/05\/IMG_20180514_0003-e1526293923884-1024x697.jpg 1024w\" sizes=\"auto, (max-width: 300px) 100vw, 300px\" \/><\/a>Museum f\u00fcr Industriekultur &#8211; N\u00fcrnberg Modell 1904&#8230;<\/p>\n<p><span style=\"color: #0000ff;\"><strong>Transport &#8211; Vorsteck-Wagen (Nachbau) von 1904:<\/strong><\/span><\/p>\n<p><a href=\"http:\/\/victoria-rad.de\/wp-content\/uploads\/2018\/05\/P1050163.jpg\" target=\"_blank\" rel=\"noopener noreferrer\"><img loading=\"lazy\" decoding=\"async\" class=\"aligncenter wp-image-134 size-medium\" src=\"http:\/\/victoria-rad.de\/wp-content\/uploads\/2018\/05\/P1050163-300x201.jpg\" alt=\"\" width=\"300\" height=\"201\" srcset=\"http:\/\/victoria-rad.de\/wp-content\/uploads\/2018\/05\/P1050163-300x201.jpg 300w, http:\/\/victoria-rad.de\/wp-content\/uploads\/2018\/05\/P1050163-768x514.jpg 768w, http:\/\/victoria-rad.de\/wp-content\/uploads\/2018\/05\/P1050163-1024x685.jpg 1024w\" sizes=\"auto, (max-width: 300px) 100vw, 300px\" \/><\/a><\/p>\n<p><span style=\"color: #0000ff;\"><strong>Die ersten Autos ab 1905:<\/strong><\/span><\/p>\n<p style=\"text-align: center;\"><a href=\"http:\/\/victoria-rad.de\/wp-content\/uploads\/2018\/06\/Victoria-Auto1.1.jpg\" target=\"_blank\" rel=\"noopener noreferrer\"><img loading=\"lazy\" decoding=\"async\" class=\"aligncenter wp-image-243 size-medium\" src=\"http:\/\/victoria-rad.de\/wp-content\/uploads\/2018\/06\/Victoria-Auto1.1-300x230.jpg\" alt=\"\" width=\"300\" height=\"230\" srcset=\"http:\/\/victoria-rad.de\/wp-content\/uploads\/2018\/06\/Victoria-Auto1.1-300x230.jpg 300w, http:\/\/victoria-rad.de\/wp-content\/uploads\/2018\/06\/Victoria-Auto1.1.jpg 400w\" sizes=\"auto, (max-width: 300px) 100vw, 300px\" \/><\/a>Der sogenannte &#8222;Doktor-Wagen&#8220; Museum &#8211; N\u00fcrnberg&#8230;<\/p>\n<p><span style=\"color: #0000ff;\"><strong>Fahrrad ab 1910:<\/strong><\/span><\/p>\n<p style=\"text-align: center;\"><a href=\"http:\/\/victoria-rad.de\/wp-content\/uploads\/2018\/03\/Nr.556371.jpg\" target=\"_blank\" rel=\"noopener noreferrer\"><img loading=\"lazy\" decoding=\"async\" class=\"aligncenter wp-image-325 size-medium\" src=\"http:\/\/victoria-rad.de\/wp-content\/uploads\/2018\/03\/Nr.556371-200x300.jpg\" alt=\"\" width=\"200\" height=\"300\" srcset=\"http:\/\/victoria-rad.de\/wp-content\/uploads\/2018\/03\/Nr.556371-200x300.jpg 200w, http:\/\/victoria-rad.de\/wp-content\/uploads\/2018\/03\/Nr.556371-768x1154.jpg 768w, http:\/\/victoria-rad.de\/wp-content\/uploads\/2018\/03\/Nr.556371-681x1024.jpg 681w\" sizes=\"auto, (max-width: 200px) 100vw, 200px\" \/><\/a>Die hochfeine &#8222;Englische Form&#8220;&#8230;<\/p>\n<p><span style=\"color: #0000ff;\"><strong>Das erste Motorrad, die K.R.I. nach dem Krieg ab 1919:<\/strong><\/span><\/p>\n<p style=\"text-align: center;\"><a href=\"http:\/\/victoria-rad.de\/wp-content\/uploads\/2018\/07\/Motorrad-verschiedene-Bilder-017-OK-.jpg\" target=\"_blank\" rel=\"noopener noreferrer\"><img loading=\"lazy\" decoding=\"async\" class=\"aligncenter wp-image-580 size-medium\" src=\"http:\/\/victoria-rad.de\/wp-content\/uploads\/2018\/07\/Motorrad-verschiedene-Bilder-017-OK--300x193.jpg\" alt=\"\" width=\"300\" height=\"193\" srcset=\"http:\/\/victoria-rad.de\/wp-content\/uploads\/2018\/07\/Motorrad-verschiedene-Bilder-017-OK--300x193.jpg 300w, http:\/\/victoria-rad.de\/wp-content\/uploads\/2018\/07\/Motorrad-verschiedene-Bilder-017-OK--768x494.jpg 768w, http:\/\/victoria-rad.de\/wp-content\/uploads\/2018\/07\/Motorrad-verschiedene-Bilder-017-OK--1024x658.jpg 1024w, http:\/\/victoria-rad.de\/wp-content\/uploads\/2018\/07\/Motorrad-verschiedene-Bilder-017-OK-.jpg 1280w\" sizes=\"auto, (max-width: 300px) 100vw, 300px\" \/><\/a>Victoria K.R.I. mit seitengesteuerten Motor &#8211; 500 ccm&#8230;<\/p>\n<p><span style=\"color: #0000ff;\"><strong>Das zweite Motorrad, die K.R.II. ab 1922:<\/strong><\/span><\/p>\n<p style=\"text-align: center;\"><a href=\"http:\/\/victoria-rad.de\/wp-content\/uploads\/2018\/07\/KRII.jpg\" target=\"_blank\" rel=\"noopener noreferrer\"><img loading=\"lazy\" decoding=\"async\" class=\"aligncenter wp-image-666 size-medium\" src=\"http:\/\/victoria-rad.de\/wp-content\/uploads\/2018\/07\/KRII-300x225.jpg\" alt=\"\" width=\"300\" height=\"225\" srcset=\"http:\/\/victoria-rad.de\/wp-content\/uploads\/2018\/07\/KRII-300x225.jpg 300w, http:\/\/victoria-rad.de\/wp-content\/uploads\/2018\/07\/KRII-768x576.jpg 768w, http:\/\/victoria-rad.de\/wp-content\/uploads\/2018\/07\/KRII.jpg 1024w\" sizes=\"auto, (max-width: 300px) 100vw, 300px\" \/><\/a>Victoria K.R.II. mit dem ersten kopfgesteuerten Motor &#8211; 500 ccm&#8230;<\/p>\n<p><span style=\"color: #0000ff;\"><strong>Das dritte Motorrad, die K.R.III. ab 1924:<\/strong><\/span><\/p>\n<p><a href=\"http:\/\/victoria-rad.de\/wp-content\/uploads\/2018\/07\/P1050827.jpg\" target=\"_blank\" rel=\"noopener noreferrer\"><img loading=\"lazy\" decoding=\"async\" class=\"aligncenter wp-image-756 size-medium\" src=\"http:\/\/victoria-rad.de\/wp-content\/uploads\/2018\/07\/P1050827-300x201.jpg\" alt=\"\" width=\"300\" height=\"201\" srcset=\"http:\/\/victoria-rad.de\/wp-content\/uploads\/2018\/07\/P1050827-300x201.jpg 300w, http:\/\/victoria-rad.de\/wp-content\/uploads\/2018\/07\/P1050827-768x514.jpg 768w, http:\/\/victoria-rad.de\/wp-content\/uploads\/2018\/07\/P1050827-1024x685.jpg 1024w\" sizes=\"auto, (max-width: 300px) 100vw, 300px\" \/><\/a><\/p>\n<p style=\"text-align: center;\">Victoria K.R.III. mit dem ersten Kettenantrieb &#8211; 500 ccm in verschiedenen Ausf\u00fchrungen bis 1928&#8230;<\/p>\n<p><span style=\"color: #0000ff;\"><strong>Die Renngeschichte ab 1925 mit der K.R.III. &#8211; Kompressor-Maschine:<\/strong><\/span><\/p>\n<p style=\"text-align: center;\"><a href=\"http:\/\/victoria-rad.de\/wp-content\/uploads\/2018\/07\/Vic_Kom_HNE_19.jpg\" target=\"_blank\" rel=\"noopener noreferrer\"><img loading=\"lazy\" decoding=\"async\" class=\"aligncenter wp-image-845 size-medium\" src=\"http:\/\/victoria-rad.de\/wp-content\/uploads\/2018\/07\/Vic_Kom_HNE_19-300x200.jpg\" alt=\"\" width=\"300\" height=\"200\" srcset=\"http:\/\/victoria-rad.de\/wp-content\/uploads\/2018\/07\/Vic_Kom_HNE_19-300x200.jpg 300w, http:\/\/victoria-rad.de\/wp-content\/uploads\/2018\/07\/Vic_Kom_HNE_19-768x512.jpg 768w, http:\/\/victoria-rad.de\/wp-content\/uploads\/2018\/07\/Vic_Kom_HNE_19-1024x683.jpg 1024w\" sizes=\"auto, (max-width: 300px) 100vw, 300px\" \/><\/a>Mit dem 500er Motor der K.R.III. \u00fcber den Kompressor auf 30 PS gez\u00fcchtet war das Rekordfahrzeug mit 146 km\/Std. fliegend unterwegs&#8230; Die Erfolge fuhr der werkseigene Rennfahrer Adolf Brudes ein&#8230;<\/p>\n<p><span style=\"color: #0000ff;\"><strong>Die neue Victoria &#8211; KR 6, weiterhin als Boxer-Maschine ab 1927:<\/strong><\/span><\/p>\n<p style=\"text-align: center;\"><a href=\"http:\/\/victoria-rad.de\/wp-content\/uploads\/2020\/08\/20190704_143854.jpg\" target=\"_blank\" rel=\"noopener noreferrer\"><img loading=\"lazy\" decoding=\"async\" class=\"aligncenter wp-image-9259 size-medium\" src=\"http:\/\/victoria-rad.de\/wp-content\/uploads\/2020\/08\/20190704_143854-300x169.jpg\" alt=\"\" width=\"300\" height=\"169\" srcset=\"http:\/\/victoria-rad.de\/wp-content\/uploads\/2020\/08\/20190704_143854-300x169.jpg 300w, http:\/\/victoria-rad.de\/wp-content\/uploads\/2020\/08\/20190704_143854-150x84.jpg 150w, http:\/\/victoria-rad.de\/wp-content\/uploads\/2020\/08\/20190704_143854-768x432.jpg 768w, http:\/\/victoria-rad.de\/wp-content\/uploads\/2020\/08\/20190704_143854.jpg 1000w\" sizes=\"auto, (max-width: 300px) 100vw, 300px\" \/><\/a>Neu &#8211; Doppel-Schleifen-Rahmen mit Motor 600 ccm&#8230;<\/p>\n<p><span style=\"color: #0000ff;\"><strong>Die abgespeckte Variante der KR 6, die KR 6 A auch mit dem 600er Motor:<\/strong><\/span><\/p>\n<p style=\"text-align: center;\"><a href=\"http:\/\/victoria-rad.de\/wp-content\/uploads\/2020\/08\/DSCN0492-scaled.jpg\" target=\"_blank\" rel=\"noopener noreferrer\"><img loading=\"lazy\" decoding=\"async\" class=\"aligncenter wp-image-9269 size-medium\" src=\"http:\/\/victoria-rad.de\/wp-content\/uploads\/2020\/08\/DSCN0492-300x225.jpg\" alt=\"\" width=\"300\" height=\"225\" srcset=\"http:\/\/victoria-rad.de\/wp-content\/uploads\/2020\/08\/DSCN0492-300x225.jpg 300w, http:\/\/victoria-rad.de\/wp-content\/uploads\/2020\/08\/DSCN0492-150x113.jpg 150w, http:\/\/victoria-rad.de\/wp-content\/uploads\/2020\/08\/DSCN0492-768x576.jpg 768w, http:\/\/victoria-rad.de\/wp-content\/uploads\/2020\/08\/DSCN0492-2048x1536.jpg 2048w\" sizes=\"auto, (max-width: 300px) 100vw, 300px\" \/><\/a>Mit Satteltank und einfachem Rahmen + g\u00fcnstigere &#8222;Tiger-Gabel&#8220;&#8230;<\/p>\n<p><strong><span style=\"color: #0000ff;\">Die rare Reise-Sport-Maschine &#8211; KR 7, mit Zwei-Vergaser-Anlage ab 1928:<\/span><\/strong><\/p>\n<p><img loading=\"lazy\" decoding=\"async\" class=\"alignnone size-medium wp-image-10118 aligncenter\" src=\"http:\/\/victoria-rad.de\/wp-content\/uploads\/2021\/01\/S22C-113062512171-300x180.jpg\" alt=\"\" width=\"300\" height=\"180\" srcset=\"http:\/\/victoria-rad.de\/wp-content\/uploads\/2021\/01\/S22C-113062512171-300x180.jpg 300w, http:\/\/victoria-rad.de\/wp-content\/uploads\/2021\/01\/S22C-113062512171-150x90.jpg 150w, http:\/\/victoria-rad.de\/wp-content\/uploads\/2021\/01\/S22C-113062512171-768x460.jpg 768w, http:\/\/victoria-rad.de\/wp-content\/uploads\/2021\/01\/S22C-113062512171.jpg 1000w\" sizes=\"auto, (max-width: 300px) 100vw, 300px\" \/><\/p>\n<p>&nbsp;<\/p>\n<p style=\"text-align: center;\">KR 7 mit 600 ccm und einer Leistung von 24 PS, 2-Wege \u00d6lpumpe und Vergaser-Ansaug-Tubus&#8230;<\/p>\n<p><span style=\"color: #0000ff;\"><strong>Die Victoria Einzylinder-Modelle ab dem Jahr 1928:<\/strong><\/span><\/p>\n<p style=\"text-align: center;\"><a href=\"http:\/\/victoria-rad.de\/wp-content\/uploads\/2018\/09\/P1060379.jpg\" target=\"_blank\" rel=\"noopener noreferrer\"><img loading=\"lazy\" decoding=\"async\" class=\"aligncenter wp-image-2036 size-medium\" src=\"http:\/\/victoria-rad.de\/wp-content\/uploads\/2018\/09\/P1060379-300x201.jpg\" alt=\"\" width=\"300\" height=\"201\" srcset=\"http:\/\/victoria-rad.de\/wp-content\/uploads\/2018\/09\/P1060379-300x201.jpg 300w, http:\/\/victoria-rad.de\/wp-content\/uploads\/2018\/09\/P1060379-768x514.jpg 768w, http:\/\/victoria-rad.de\/wp-content\/uploads\/2018\/09\/P1060379-1024x685.jpg 1024w\" sizes=\"auto, (max-width: 300px) 100vw, 300px\" \/><\/a>Victoria KR 20 mit au\u00dfen liegender Schwungscheibe&#8230;<\/p>\n<p style=\"text-align: center;\"><a href=\"http:\/\/victoria-rad.de\/wp-content\/uploads\/2018\/08\/Victoria-KR35-1929.jpg\" target=\"_blank\" rel=\"noopener noreferrer\"><img loading=\"lazy\" decoding=\"async\" class=\"aligncenter wp-image-1886 size-medium\" src=\"http:\/\/victoria-rad.de\/wp-content\/uploads\/2018\/08\/Victoria-KR35-1929-300x205.jpg\" alt=\"\" width=\"300\" height=\"205\" srcset=\"http:\/\/victoria-rad.de\/wp-content\/uploads\/2018\/08\/Victoria-KR35-1929-300x205.jpg 300w, http:\/\/victoria-rad.de\/wp-content\/uploads\/2018\/08\/Victoria-KR35-1929-768x525.jpg 768w, http:\/\/victoria-rad.de\/wp-content\/uploads\/2018\/08\/Victoria-KR35-1929-1024x699.jpg 1024w\" sizes=\"auto, (max-width: 300px) 100vw, 300px\" \/><\/a>Mit zugekauftem &#8222;Sturmey-Archer-Motor&#8220;, hier 350 ccm, Bj. 1929&#8230;<\/p>\n<p style=\"text-align: center;\"><a href=\"http:\/\/victoria-rad.de\/wp-content\/uploads\/2018\/09\/20180912_131702-e1537964655533.jpg\" target=\"_blank\" rel=\"noopener noreferrer\"><img loading=\"lazy\" decoding=\"async\" class=\"aligncenter wp-image-2126 size-medium\" src=\"http:\/\/victoria-rad.de\/wp-content\/uploads\/2018\/09\/20180912_131702-e1537964655533-300x169.jpg\" alt=\"\" width=\"300\" height=\"169\" srcset=\"http:\/\/victoria-rad.de\/wp-content\/uploads\/2018\/09\/20180912_131702-e1537964655533-300x169.jpg 300w, http:\/\/victoria-rad.de\/wp-content\/uploads\/2018\/09\/20180912_131702-e1537964655533-768x432.jpg 768w, http:\/\/victoria-rad.de\/wp-content\/uploads\/2018\/09\/20180912_131702-e1537964655533-1024x576.jpg 1024w\" sizes=\"auto, (max-width: 300px) 100vw, 300px\" \/><\/a>Victoria KR 50 S ebenfalls mit &#8222;Sturmey-Archer-Motor, jedoch mit 500 ccm, Bj.1931&#8230;<\/p>\n<p><span style=\"color: #0000ff;\"><strong>Victoria &#8211; modernes Ballon-Fahrrad Bj.1932:<\/strong><\/span><\/p>\n<p style=\"text-align: center;\"><a href=\"http:\/\/victoria-rad.de\/wp-content\/uploads\/2018\/08\/Victoria-Buch-Bilder-168.jpg\" target=\"_blank\" rel=\"noopener noreferrer\"><img loading=\"lazy\" decoding=\"async\" class=\"aligncenter wp-image-1549 size-medium\" src=\"http:\/\/victoria-rad.de\/wp-content\/uploads\/2018\/08\/Victoria-Buch-Bilder-168-300x200.jpg\" alt=\"\" width=\"300\" height=\"200\" srcset=\"http:\/\/victoria-rad.de\/wp-content\/uploads\/2018\/08\/Victoria-Buch-Bilder-168-300x200.jpg 300w, http:\/\/victoria-rad.de\/wp-content\/uploads\/2018\/08\/Victoria-Buch-Bilder-168-768x513.jpg 768w, http:\/\/victoria-rad.de\/wp-content\/uploads\/2018\/08\/Victoria-Buch-Bilder-168-1024x684.jpg 1024w\" sizes=\"auto, (max-width: 300px) 100vw, 300px\" \/><\/a>Das Chrom-Damen-Rad mit der ersten Schutzblech-Figur&#8230;<\/p>\n<p style=\"text-align: center;\"><a href=\"http:\/\/victoria-rad.de\/wp-content\/uploads\/2018\/08\/Bild4.jpg\" target=\"_blank\" rel=\"noopener noreferrer\"><img loading=\"lazy\" decoding=\"async\" class=\"aligncenter wp-image-1553 size-medium\" src=\"http:\/\/victoria-rad.de\/wp-content\/uploads\/2018\/08\/Bild4-300x200.jpg\" alt=\"\" width=\"300\" height=\"200\" srcset=\"http:\/\/victoria-rad.de\/wp-content\/uploads\/2018\/08\/Bild4-300x200.jpg 300w, http:\/\/victoria-rad.de\/wp-content\/uploads\/2018\/08\/Bild4-768x512.jpg 768w, http:\/\/victoria-rad.de\/wp-content\/uploads\/2018\/08\/Bild4-1024x683.jpg 1024w\" sizes=\"auto, (max-width: 300px) 100vw, 300px\" \/><\/a>Kurze Zeit sp\u00e4ter kam die zweite Schutzblech-Figur&#8230;<\/p>\n<p><span style=\"color: #0000ff;\"><strong>Victoria Modell B\/G 350 nach Konstrukteur Lackler Bj. 1935\/36:<\/strong><\/span><\/p>\n<p style=\"text-align: center;\"><a href=\"http:\/\/victoria-rad.de\/wp-content\/uploads\/2018\/09\/DSC_3037.jpg\" target=\"_blank\" rel=\"noopener noreferrer\"><img loading=\"lazy\" decoding=\"async\" class=\"aligncenter wp-image-2233 size-medium\" src=\"http:\/\/victoria-rad.de\/wp-content\/uploads\/2018\/09\/DSC_3037-300x199.jpg\" alt=\"\" width=\"300\" height=\"199\" srcset=\"http:\/\/victoria-rad.de\/wp-content\/uploads\/2018\/09\/DSC_3037-300x199.jpg 300w, http:\/\/victoria-rad.de\/wp-content\/uploads\/2018\/09\/DSC_3037-768x511.jpg 768w, http:\/\/victoria-rad.de\/wp-content\/uploads\/2018\/09\/DSC_3037-1024x681.jpg 1024w\" sizes=\"auto, (max-width: 300px) 100vw, 300px\" \/><\/a>Modell &#8222;G&#8220; mit hochgezogener Auspuffanlage&#8230;<\/p>\n<p><span style=\"color: #0000ff;\"><strong>Victoria Modell KR 8 mit seiten-gesteuerten Motor ab Bj. 1933:<\/strong><\/span><\/p>\n<p style=\"text-align: center;\"><a href=\"http:\/\/victoria-rad.de\/wp-content\/uploads\/2020\/08\/20191129_140117.jpg\" target=\"_blank\" rel=\"noopener noreferrer\"><img loading=\"lazy\" decoding=\"async\" class=\"aligncenter wp-image-9267 size-medium\" src=\"http:\/\/victoria-rad.de\/wp-content\/uploads\/2020\/08\/20191129_140117-300x199.jpg\" alt=\"\" width=\"300\" height=\"199\" srcset=\"http:\/\/victoria-rad.de\/wp-content\/uploads\/2020\/08\/20191129_140117-300x199.jpg 300w, http:\/\/victoria-rad.de\/wp-content\/uploads\/2020\/08\/20191129_140117-150x99.jpg 150w, http:\/\/victoria-rad.de\/wp-content\/uploads\/2020\/08\/20191129_140117.jpg 679w\" sizes=\"auto, (max-width: 300px) 100vw, 300px\" \/><\/a>Genannt: &#8222;Victoria-Fahrmeister&#8220;, da Vollverkleidung &#8211; Motor 500 ccm&#8230;<\/p>\n<p><span style=\"color: #0000ff;\"><strong>Victoria Modell KR 9 mit wechsel-gesteuerten Motor ab Bj. 1934:<\/strong><\/span><\/p>\n<p style=\"text-align: center;\"><a href=\"http:\/\/victoria-rad.de\/wp-content\/uploads\/2020\/08\/KR9-F150323-M-A16323-Gert-Reiher.jpg\" target=\"_blank\" rel=\"noopener noreferrer\"><img loading=\"lazy\" decoding=\"async\" class=\"alignnone wp-image-9268 size-medium\" src=\"http:\/\/victoria-rad.de\/wp-content\/uploads\/2020\/08\/KR9-F150323-M-A16323-Gert-Reiher-300x188.jpg\" alt=\"\" width=\"300\" height=\"188\" srcset=\"http:\/\/victoria-rad.de\/wp-content\/uploads\/2020\/08\/KR9-F150323-M-A16323-Gert-Reiher-300x188.jpg 300w, http:\/\/victoria-rad.de\/wp-content\/uploads\/2020\/08\/KR9-F150323-M-A16323-Gert-Reiher-1024x642.jpg 1024w, http:\/\/victoria-rad.de\/wp-content\/uploads\/2020\/08\/KR9-F150323-M-A16323-Gert-Reiher-150x94.jpg 150w, http:\/\/victoria-rad.de\/wp-content\/uploads\/2020\/08\/KR9-F150323-M-A16323-Gert-Reiher-768x481.jpg 768w, http:\/\/victoria-rad.de\/wp-content\/uploads\/2020\/08\/KR9-F150323-M-A16323-Gert-Reiher.jpg 1200w\" sizes=\"auto, (max-width: 300px) 100vw, 300px\" \/><\/a><\/p>\n<p><span style=\"color: #0000ff;\"><strong>Victoria &#8211; Bergmeister &#8211; Modelle von 1930 &#8211; 1938, ebenfalls mit 600er Motor:<\/strong><\/span><\/p>\n<p><a href=\"http:\/\/victoria-rad.de\/wp-content\/uploads\/2018\/08\/allgemein-020.jpg\" target=\"_blank\" rel=\"noopener noreferrer\"><img loading=\"lazy\" decoding=\"async\" class=\"aligncenter wp-image-1214 size-medium\" src=\"http:\/\/victoria-rad.de\/wp-content\/uploads\/2018\/08\/allgemein-020-300x201.jpg\" alt=\"\" width=\"300\" height=\"201\" srcset=\"http:\/\/victoria-rad.de\/wp-content\/uploads\/2018\/08\/allgemein-020-300x201.jpg 300w, http:\/\/victoria-rad.de\/wp-content\/uploads\/2018\/08\/allgemein-020-768x514.jpg 768w, http:\/\/victoria-rad.de\/wp-content\/uploads\/2018\/08\/allgemein-020-1024x685.jpg 1024w\" sizes=\"auto, (max-width: 300px) 100vw, 300px\" \/><\/a><\/p>\n<p><a href=\"http:\/\/victoria-rad.de\/wp-content\/uploads\/2018\/08\/IMG_7072.jpg\" target=\"_blank\" rel=\"noopener noreferrer\"><img loading=\"lazy\" decoding=\"async\" class=\"aligncenter wp-image-1212 size-medium\" src=\"http:\/\/victoria-rad.de\/wp-content\/uploads\/2018\/08\/IMG_7072-300x225.jpg\" alt=\"\" width=\"300\" height=\"225\" srcset=\"http:\/\/victoria-rad.de\/wp-content\/uploads\/2018\/08\/IMG_7072-300x225.jpg 300w, http:\/\/victoria-rad.de\/wp-content\/uploads\/2018\/08\/IMG_7072-768x576.jpg 768w, http:\/\/victoria-rad.de\/wp-content\/uploads\/2018\/08\/IMG_7072-1024x768.jpg 1024w\" sizes=\"auto, (max-width: 300px) 100vw, 300px\" \/><\/a><\/p>\n<p style=\"text-align: center;\"><a href=\"http:\/\/victoria-rad.de\/wp-content\/uploads\/2018\/08\/IMG_20180817_0010-300x180.jpg\" target=\"_blank\" rel=\"noopener noreferrer\"><img loading=\"lazy\" decoding=\"async\" class=\"aligncenter\" src=\"http:\/\/victoria-rad.de\/wp-content\/uploads\/2018\/08\/IMG_20180817_0010-300x180.jpg\" alt=\"\" width=\"300\" height=\"180\" \/><\/a>Die letzte Victoria &#8222;Bergmeister&#8220; Bj. 1938 &#8211; Ventilsteuerung voll gekapselt&#8230;<\/p>\n<p><span style=\"color: #0000ff;\"><strong>Die Victoria &#8211; Kleinmotorr\u00e4der ab Bj. 1931:<\/strong><\/span><\/p>\n<p style=\"text-align: center;\"><a href=\"http:\/\/victoria-rad.de\/wp-content\/uploads\/2018\/10\/20181011_115857-e1540458345419.jpg\" target=\"_blank\" rel=\"noopener noreferrer\"><img loading=\"lazy\" decoding=\"async\" class=\"aligncenter wp-image-2443 size-medium\" src=\"http:\/\/victoria-rad.de\/wp-content\/uploads\/2018\/10\/20181011_115857-e1540458345419-300x169.jpg\" alt=\"\" width=\"300\" height=\"169\" srcset=\"http:\/\/victoria-rad.de\/wp-content\/uploads\/2018\/10\/20181011_115857-e1540458345419-300x169.jpg 300w, http:\/\/victoria-rad.de\/wp-content\/uploads\/2018\/10\/20181011_115857-e1540458345419-768x432.jpg 768w, http:\/\/victoria-rad.de\/wp-content\/uploads\/2018\/10\/20181011_115857-e1540458345419-1024x576.jpg 1024w\" sizes=\"auto, (max-width: 300px) 100vw, 300px\" \/><\/a>Victoria-Modell mit Sachs-Motor 74 ccm&#8230;<\/p>\n<p style=\"text-align: center;\"><img loading=\"lazy\" decoding=\"async\" class=\"aligncenter\" src=\"http:\/\/victoria-rad.de\/wp-content\/uploads\/2018\/10\/P1030129-1-300x224.png\" alt=\"\" width=\"300\" height=\"224\" \/>Victoria-P\u00e4rchen mit Sachs-Motor 74 ccm&#8230;<\/p>\n<p style=\"text-align: center;\"><a href=\"http:\/\/victoria-rad.de\/wp-content\/uploads\/2018\/10\/20181011_115357-e1540664275919.jpg\" target=\"_blank\" rel=\"noopener noreferrer\"><img loading=\"lazy\" decoding=\"async\" class=\"aligncenter wp-image-2484 size-medium\" src=\"http:\/\/victoria-rad.de\/wp-content\/uploads\/2018\/10\/20181011_115357-e1540664275919-300x169.jpg\" alt=\"\" width=\"300\" height=\"169\" srcset=\"http:\/\/victoria-rad.de\/wp-content\/uploads\/2018\/10\/20181011_115357-e1540664275919-300x169.jpg 300w, http:\/\/victoria-rad.de\/wp-content\/uploads\/2018\/10\/20181011_115357-e1540664275919-768x432.jpg 768w, http:\/\/victoria-rad.de\/wp-content\/uploads\/2018\/10\/20181011_115357-e1540664275919-1024x576.jpg 1024w\" sizes=\"auto, (max-width: 300px) 100vw, 300px\" \/><\/a>Victoria-Modell mit Sachs-Motor 98 ccm&#8230;<\/p>\n<p style=\"text-align: center;\"><a href=\"http:\/\/victoria-rad.de\/wp-content\/uploads\/2018\/10\/IMG_20181029_0001-Kopie.jpg\" target=\"_blank\" rel=\"noopener noreferrer\"><img loading=\"lazy\" decoding=\"async\" class=\"aligncenter wp-image-2590 size-medium\" src=\"http:\/\/victoria-rad.de\/wp-content\/uploads\/2018\/10\/IMG_20181029_0001-Kopie-300x166.jpg\" alt=\"\" width=\"300\" height=\"166\" srcset=\"http:\/\/victoria-rad.de\/wp-content\/uploads\/2018\/10\/IMG_20181029_0001-Kopie-300x166.jpg 300w, http:\/\/victoria-rad.de\/wp-content\/uploads\/2018\/10\/IMG_20181029_0001-Kopie-768x424.jpg 768w, http:\/\/victoria-rad.de\/wp-content\/uploads\/2018\/10\/IMG_20181029_0001-Kopie-1024x565.jpg 1024w\" sizes=\"auto, (max-width: 300px) 100vw, 300px\" \/><\/a>Victoria-Modell KR 10 mit F&amp;S Getriebeblock, 2,25 PS&#8230;<\/p>\n<p style=\"text-align: center;\"><a href=\"http:\/\/victoria-rad.de\/wp-content\/uploads\/2018\/11\/V-80-L-mit-ILO-Motor.jpg\" target=\"_blank\" rel=\"noopener noreferrer\"><img loading=\"lazy\" decoding=\"async\" class=\"aligncenter wp-image-2637 size-medium\" src=\"http:\/\/victoria-rad.de\/wp-content\/uploads\/2018\/11\/V-80-L-mit-ILO-Motor-300x153.jpg\" alt=\"\" width=\"300\" height=\"153\" srcset=\"http:\/\/victoria-rad.de\/wp-content\/uploads\/2018\/11\/V-80-L-mit-ILO-Motor-300x153.jpg 300w, http:\/\/victoria-rad.de\/wp-content\/uploads\/2018\/11\/V-80-L-mit-ILO-Motor-150x77.jpg 150w, http:\/\/victoria-rad.de\/wp-content\/uploads\/2018\/11\/V-80-L-mit-ILO-Motor-768x392.jpg 768w, http:\/\/victoria-rad.de\/wp-content\/uploads\/2018\/11\/V-80-L-mit-ILO-Motor-1024x523.jpg 1024w\" sizes=\"auto, (max-width: 300px) 100vw, 300px\" \/><\/a>Victoria-Modell V 80 L, ILO-Motor mit 1,75 PS, ab 1933&#8230;<\/p>\n<p style=\"text-align: center;\"><a href=\"http:\/\/victoria-rad.de\/wp-content\/uploads\/2018\/10\/KR-10-A-Skizze-1932.jpg\" target=\"_blank\" rel=\"noopener noreferrer\"><img loading=\"lazy\" decoding=\"async\" class=\"aligncenter wp-image-2773 size-medium\" src=\"http:\/\/victoria-rad.de\/wp-content\/uploads\/2018\/10\/KR-10-A-Skizze-1932-300x162.jpg\" alt=\"\" width=\"300\" height=\"162\" srcset=\"http:\/\/victoria-rad.de\/wp-content\/uploads\/2018\/10\/KR-10-A-Skizze-1932-300x162.jpg 300w, http:\/\/victoria-rad.de\/wp-content\/uploads\/2018\/10\/KR-10-A-Skizze-1932-150x81.jpg 150w, http:\/\/victoria-rad.de\/wp-content\/uploads\/2018\/10\/KR-10-A-Skizze-1932.jpg 618w\" sizes=\"auto, (max-width: 300px) 100vw, 300px\" \/><\/a>Victoria-Modell KR 12, ILO-Motor mit 4 PS&#8230;<\/p>\n<p><a href=\"http:\/\/victoria-rad.de\/wp-content\/uploads\/2018\/11\/KR-10N.png\" target=\"_blank\" rel=\"noopener noreferrer\"><img loading=\"lazy\" decoding=\"async\" class=\"aligncenter wp-image-2757 size-medium\" src=\"http:\/\/victoria-rad.de\/wp-content\/uploads\/2018\/11\/KR-10N-300x146.png\" alt=\"\" width=\"300\" height=\"146\" srcset=\"http:\/\/victoria-rad.de\/wp-content\/uploads\/2018\/11\/KR-10N-300x146.png 300w, http:\/\/victoria-rad.de\/wp-content\/uploads\/2018\/11\/KR-10N-150x73.png 150w, http:\/\/victoria-rad.de\/wp-content\/uploads\/2018\/11\/KR-10N-768x373.png 768w, http:\/\/victoria-rad.de\/wp-content\/uploads\/2018\/11\/KR-10N-1024x498.png 1024w, http:\/\/victoria-rad.de\/wp-content\/uploads\/2018\/11\/KR-10N.png 1720w\" sizes=\"auto, (max-width: 300px) 100vw, 300px\" \/><\/a><\/p>\n<p><a href=\"http:\/\/victoria-rad.de\/wp-content\/uploads\/2018\/11\/KR-12N.png\" target=\"_blank\" rel=\"noopener noreferrer\"><img loading=\"lazy\" decoding=\"async\" class=\"aligncenter wp-image-2758 size-medium\" src=\"http:\/\/victoria-rad.de\/wp-content\/uploads\/2018\/11\/KR-12N-300x131.png\" alt=\"\" width=\"300\" height=\"131\" srcset=\"http:\/\/victoria-rad.de\/wp-content\/uploads\/2018\/11\/KR-12N-300x131.png 300w, http:\/\/victoria-rad.de\/wp-content\/uploads\/2018\/11\/KR-12N-150x66.png 150w, http:\/\/victoria-rad.de\/wp-content\/uploads\/2018\/11\/KR-12N-768x336.png 768w, http:\/\/victoria-rad.de\/wp-content\/uploads\/2018\/11\/KR-12N-1024x448.png 1024w, http:\/\/victoria-rad.de\/wp-content\/uploads\/2018\/11\/KR-12N.png 1810w\" sizes=\"auto, (max-width: 300px) 100vw, 300px\" \/><\/a><\/p>\n<p><a href=\"http:\/\/victoria-rad.de\/wp-content\/uploads\/2018\/11\/KR-15N.png\" target=\"_blank\" rel=\"noopener noreferrer\"><img loading=\"lazy\" decoding=\"async\" class=\"aligncenter wp-image-2759 size-medium\" src=\"http:\/\/victoria-rad.de\/wp-content\/uploads\/2018\/11\/KR-15N-300x141.png\" alt=\"\" width=\"300\" height=\"141\" srcset=\"http:\/\/victoria-rad.de\/wp-content\/uploads\/2018\/11\/KR-15N-300x141.png 300w, http:\/\/victoria-rad.de\/wp-content\/uploads\/2018\/11\/KR-15N-150x71.png 150w, http:\/\/victoria-rad.de\/wp-content\/uploads\/2018\/11\/KR-15N-768x362.png 768w, http:\/\/victoria-rad.de\/wp-content\/uploads\/2018\/11\/KR-15N-1024x482.png 1024w, http:\/\/victoria-rad.de\/wp-content\/uploads\/2018\/11\/KR-15N.png 1764w\" sizes=\"auto, (max-width: 300px) 100vw, 300px\" \/><\/a><\/p>\n<p>&nbsp;<\/p>\n<p style=\"text-align: center;\"><a href=\"http:\/\/victoria-rad.de\/wp-content\/uploads\/2018\/11\/20181009_160742-e1541433251989.jpg\" target=\"_blank\" rel=\"noopener noreferrer\"><img loading=\"lazy\" decoding=\"async\" class=\"aligncenter wp-image-2708 size-medium\" src=\"http:\/\/victoria-rad.de\/wp-content\/uploads\/2018\/11\/20181009_160742-e1541433251989-300x169.jpg\" alt=\"\" width=\"300\" height=\"169\" srcset=\"http:\/\/victoria-rad.de\/wp-content\/uploads\/2018\/11\/20181009_160742-e1541433251989-300x169.jpg 300w, http:\/\/victoria-rad.de\/wp-content\/uploads\/2018\/11\/20181009_160742-e1541433251989-150x84.jpg 150w, http:\/\/victoria-rad.de\/wp-content\/uploads\/2018\/11\/20181009_160742-e1541433251989-768x432.jpg 768w, http:\/\/victoria-rad.de\/wp-content\/uploads\/2018\/11\/20181009_160742-e1541433251989-1024x576.jpg 1024w\" sizes=\"auto, (max-width: 300px) 100vw, 300px\" \/><\/a>Victoria-Modell &#8222;Fix-Sport&#8220;-V 109, Damen-Modell, 98 ccm&#8230;<\/p>\n<p style=\"text-align: center;\"><a href=\"http:\/\/victoria-rad.de\/wp-content\/uploads\/2018\/11\/20181110_134922-e1541870868574.jpg\" target=\"_blank\" rel=\"noopener noreferrer\"><img loading=\"lazy\" decoding=\"async\" class=\"aligncenter wp-image-2750 size-medium\" src=\"http:\/\/victoria-rad.de\/wp-content\/uploads\/2018\/11\/20181110_134922-e1541870868574-300x169.jpg\" alt=\"\" width=\"300\" height=\"169\" srcset=\"http:\/\/victoria-rad.de\/wp-content\/uploads\/2018\/11\/20181110_134922-e1541870868574-300x169.jpg 300w, http:\/\/victoria-rad.de\/wp-content\/uploads\/2018\/11\/20181110_134922-e1541870868574-150x84.jpg 150w, http:\/\/victoria-rad.de\/wp-content\/uploads\/2018\/11\/20181110_134922-e1541870868574-768x432.jpg 768w, http:\/\/victoria-rad.de\/wp-content\/uploads\/2018\/11\/20181110_134922-e1541870868574-1024x576.jpg 1024w\" sizes=\"auto, (max-width: 300px) 100vw, 300px\" \/><\/a>Victoria-Modell &#8222;Fix-Sport N&#8220;- Herren-Modell, 99 ccm&#8230;<\/p>\n<p style=\"text-align: center;\"><span style=\"color: #0000ff;\"><strong>1936 &#8211; das Jubil\u00e4umsjahr &#8211; 50 JAHRE &#8211; VICTORIA<\/strong><\/span><\/p>\n<p><span style=\"color: #0000ff;\"><strong>Die Victoria Jubil\u00e4ums-R\u00e4der:<\/strong><\/span><\/p>\n<p style=\"text-align: center;\"><img loading=\"lazy\" decoding=\"async\" class=\"aligncenter\" src=\"http:\/\/victoria-rad.de\/wp-content\/uploads\/2018\/10\/Victoria-Buch-Bilder-041-300x211.jpg\" alt=\"\" width=\"300\" height=\"211\" \/>Victoria-Jubil\u00e4umsmodell 1936 mit Sachs-Motor 98 ccm.<\/p>\n<p style=\"text-align: center;\"><a href=\"http:\/\/victoria-rad.de\/wp-content\/uploads\/2020\/08\/Reiher-252-.jpg\" target=\"_blank\" rel=\"noopener noreferrer\"><img loading=\"lazy\" decoding=\"async\" class=\"aligncenter wp-image-9288 size-medium\" src=\"http:\/\/victoria-rad.de\/wp-content\/uploads\/2020\/08\/Reiher-252--300x200.jpg\" alt=\"\" width=\"300\" height=\"200\" srcset=\"http:\/\/victoria-rad.de\/wp-content\/uploads\/2020\/08\/Reiher-252--300x200.jpg 300w, http:\/\/victoria-rad.de\/wp-content\/uploads\/2020\/08\/Reiher-252--1024x681.jpg 1024w, http:\/\/victoria-rad.de\/wp-content\/uploads\/2020\/08\/Reiher-252--150x100.jpg 150w, http:\/\/victoria-rad.de\/wp-content\/uploads\/2020\/08\/Reiher-252--768x511.jpg 768w, http:\/\/victoria-rad.de\/wp-content\/uploads\/2020\/08\/Reiher-252-.jpg 1200w\" sizes=\"auto, (max-width: 300px) 100vw, 300px\" \/><\/a>Jubil\u00e4ums-Damenrad V10 Bj. 1936&#8230;<\/p>\n<p style=\"text-align: center;\"><img loading=\"lazy\" decoding=\"async\" class=\"alignnone size-medium wp-image-1694 aligncenter\" src=\"http:\/\/victoria-rad.de\/wp-content\/uploads\/2018\/08\/Victoria-Buch-Bilder-009-300x225.jpg\" alt=\"\" width=\"300\" height=\"225\" srcset=\"http:\/\/victoria-rad.de\/wp-content\/uploads\/2018\/08\/Victoria-Buch-Bilder-009-300x225.jpg 300w, http:\/\/victoria-rad.de\/wp-content\/uploads\/2018\/08\/Victoria-Buch-Bilder-009-768x576.jpg 768w, http:\/\/victoria-rad.de\/wp-content\/uploads\/2018\/08\/Victoria-Buch-Bilder-009-1024x768.jpg 1024w\" sizes=\"auto, (max-width: 300px) 100vw, 300px\" \/>Die neue Schutzblech-Figur zum Jubil\u00e4um&#8230;<\/p>\n<p style=\"text-align: center;\"><a href=\"http:\/\/victoria-rad.de\/wp-content\/uploads\/2018\/08\/Nr.1336193.jpg\" target=\"_blank\" rel=\"noopener noreferrer\"><img loading=\"lazy\" decoding=\"async\" class=\"aligncenter wp-image-1645 size-medium\" src=\"http:\/\/victoria-rad.de\/wp-content\/uploads\/2018\/08\/Nr.1336193-300x263.jpg\" alt=\"\" width=\"300\" height=\"263\" srcset=\"http:\/\/victoria-rad.de\/wp-content\/uploads\/2018\/08\/Nr.1336193-300x263.jpg 300w, http:\/\/victoria-rad.de\/wp-content\/uploads\/2018\/08\/Nr.1336193-768x672.jpg 768w, http:\/\/victoria-rad.de\/wp-content\/uploads\/2018\/08\/Nr.1336193-1024x896.jpg 1024w\" sizes=\"auto, (max-width: 300px) 100vw, 300px\" \/><\/a>Jubil\u00e4ums-Gesch\u00e4fts-Rad V22 Bj. 1936&#8230;<\/p>\n<p style=\"text-align: center;\"><a href=\"http:\/\/victoria-rad.de\/wp-content\/uploads\/2018\/08\/Nr.1095972.jpg\" target=\"_blank\" rel=\"noopener noreferrer\"><img loading=\"lazy\" decoding=\"async\" class=\"alignnone wp-image-1608 size-medium\" src=\"http:\/\/victoria-rad.de\/wp-content\/uploads\/2018\/08\/Nr.1095972-300x200.jpg\" alt=\"\" width=\"300\" height=\"200\" srcset=\"http:\/\/victoria-rad.de\/wp-content\/uploads\/2018\/08\/Nr.1095972-300x200.jpg 300w, http:\/\/victoria-rad.de\/wp-content\/uploads\/2018\/08\/Nr.1095972-768x512.jpg 768w, http:\/\/victoria-rad.de\/wp-content\/uploads\/2018\/08\/Nr.1095972-1024x683.jpg 1024w\" sizes=\"auto, (max-width: 300px) 100vw, 300px\" \/><\/a><\/p>\n<p style=\"text-align: center;\">Jubil\u00e4ums-Rennrad V101, Bj. 1936&#8230;<\/p>\n<p>Die Victoria &#8211; Saxonetten:<\/p>\n<p style=\"text-align: center;\"><a href=\"http:\/\/victoria-rad.de\/wp-content\/uploads\/2019\/01\/Bild-S-2.jpg\" target=\"_blank\" rel=\"noopener noreferrer\"><img loading=\"lazy\" decoding=\"async\" class=\"aligncenter wp-image-3134 size-medium\" src=\"http:\/\/victoria-rad.de\/wp-content\/uploads\/2019\/01\/Bild-S-2-300x200.jpg\" alt=\"\" width=\"300\" height=\"200\" srcset=\"http:\/\/victoria-rad.de\/wp-content\/uploads\/2019\/01\/Bild-S-2-300x200.jpg 300w, http:\/\/victoria-rad.de\/wp-content\/uploads\/2019\/01\/Bild-S-2-150x100.jpg 150w, http:\/\/victoria-rad.de\/wp-content\/uploads\/2019\/01\/Bild-S-2-768x511.jpg 768w, http:\/\/victoria-rad.de\/wp-content\/uploads\/2019\/01\/Bild-S-2-1024x681.jpg 1024w\" sizes=\"auto, (max-width: 300px) 100vw, 300px\" \/><\/a>Victoria &#8211; Saxonette &#8211; Herrenmodell, 38 ccm Bj. 1938&#8230;<\/p>\n<p style=\"text-align: center;\"><a href=\"http:\/\/victoria-rad.de\/wp-content\/uploads\/2019\/01\/Bild-S-1.jpg\" target=\"_blank\" rel=\"noopener noreferrer\"><img loading=\"lazy\" decoding=\"async\" class=\"aligncenter wp-image-3133 size-medium\" src=\"http:\/\/victoria-rad.de\/wp-content\/uploads\/2019\/01\/Bild-S-1-300x200.jpg\" alt=\"\" width=\"300\" height=\"200\" srcset=\"http:\/\/victoria-rad.de\/wp-content\/uploads\/2019\/01\/Bild-S-1-300x200.jpg 300w, http:\/\/victoria-rad.de\/wp-content\/uploads\/2019\/01\/Bild-S-1-150x100.jpg 150w, http:\/\/victoria-rad.de\/wp-content\/uploads\/2019\/01\/Bild-S-1-768x511.jpg 768w, http:\/\/victoria-rad.de\/wp-content\/uploads\/2019\/01\/Bild-S-1-1024x681.jpg 1024w\" sizes=\"auto, (max-width: 300px) 100vw, 300px\" \/><\/a>Victoria &#8211; Saxonette &#8211; Damenmodell, 38 ccm Bj. 1938&#8230;<\/p>\n<p><span style=\"color: #0000ff;\"><strong>Die Victoria-Zweitakt-Modelle KR 20 Z\/ ZS\/ ZB\/ ZBL\/ E\/ LG von 1932-1936:<\/strong><\/span><\/p>\n<p>Einige Fahrzeuge:<\/p>\n<p style=\"text-align: center;\"><a href=\"http:\/\/victoria-rad.de\/wp-content\/uploads\/2018\/11\/IMG_20181121_0002.jpg\" target=\"_blank\" rel=\"noopener noreferrer\"><img loading=\"lazy\" decoding=\"async\" class=\"aligncenter wp-image-2849 size-medium\" src=\"http:\/\/victoria-rad.de\/wp-content\/uploads\/2018\/11\/IMG_20181121_0002-300x167.jpg\" alt=\"\" width=\"300\" height=\"167\" srcset=\"http:\/\/victoria-rad.de\/wp-content\/uploads\/2018\/11\/IMG_20181121_0002-300x167.jpg 300w, http:\/\/victoria-rad.de\/wp-content\/uploads\/2018\/11\/IMG_20181121_0002-150x83.jpg 150w, http:\/\/victoria-rad.de\/wp-content\/uploads\/2018\/11\/IMG_20181121_0002-768x427.jpg 768w, http:\/\/victoria-rad.de\/wp-content\/uploads\/2018\/11\/IMG_20181121_0002-1024x569.jpg 1024w\" sizes=\"auto, (max-width: 300px) 100vw, 300px\" \/><\/a>Victoria KR 20 ZS mit ILO Sackzylinder&#8230;<\/p>\n<p style=\"text-align: center;\"><a href=\"http:\/\/victoria-rad.de\/wp-content\/uploads\/2018\/11\/KR-20-ZB.png\" target=\"_blank\" rel=\"noopener noreferrer\"><img loading=\"lazy\" decoding=\"async\" class=\"aligncenter wp-image-2857 size-medium\" src=\"http:\/\/victoria-rad.de\/wp-content\/uploads\/2018\/11\/KR-20-ZB-300x149.png\" alt=\"\" width=\"300\" height=\"149\" srcset=\"http:\/\/victoria-rad.de\/wp-content\/uploads\/2018\/11\/KR-20-ZB-300x149.png 300w, http:\/\/victoria-rad.de\/wp-content\/uploads\/2018\/11\/KR-20-ZB-150x75.png 150w, http:\/\/victoria-rad.de\/wp-content\/uploads\/2018\/11\/KR-20-ZB-768x382.png 768w, http:\/\/victoria-rad.de\/wp-content\/uploads\/2018\/11\/KR-20-ZB-1024x510.png 1024w\" sizes=\"auto, (max-width: 300px) 100vw, 300px\" \/><\/a>Victoria KR 20 ZB von1934-1935&#8230;<\/p>\n<p style=\"text-align: center;\"><a href=\"http:\/\/victoria-rad.de\/wp-content\/uploads\/2018\/11\/KR-20-LG.png\" target=\"_blank\" rel=\"noopener noreferrer\"><img loading=\"lazy\" decoding=\"async\" class=\"aligncenter wp-image-2861 size-medium\" src=\"http:\/\/victoria-rad.de\/wp-content\/uploads\/2018\/11\/KR-20-LG-300x213.png\" alt=\"\" width=\"300\" height=\"213\" srcset=\"http:\/\/victoria-rad.de\/wp-content\/uploads\/2018\/11\/KR-20-LG-300x213.png 300w, http:\/\/victoria-rad.de\/wp-content\/uploads\/2018\/11\/KR-20-LG-150x107.png 150w, http:\/\/victoria-rad.de\/wp-content\/uploads\/2018\/11\/KR-20-LG-768x546.png 768w, http:\/\/victoria-rad.de\/wp-content\/uploads\/2018\/11\/KR-20-LG-1024x728.png 1024w, http:\/\/victoria-rad.de\/wp-content\/uploads\/2018\/11\/KR-20-LG.png 1896w\" sizes=\"auto, (max-width: 300px) 100vw, 300px\" \/><\/a>Victoria LG (Luxus-Ge\u00e4nde) Biock-Gel\u00e4ndesport&#8230;<\/p>\n<p><strong>D<span style=\"color: #0000ff;\">ie Victoria &#8211; Zweitakt &#8211; Modelle LN-Luxus, LN ab 1937:<\/span><\/strong><\/p>\n<p style=\"text-align: center;\"><a href=\"http:\/\/victoria-rad.de\/wp-content\/uploads\/2018\/11\/KR-20LN.png\" target=\"_blank\" rel=\"noopener noreferrer\"><img loading=\"lazy\" decoding=\"async\" class=\"aligncenter wp-image-2878 size-medium\" src=\"http:\/\/victoria-rad.de\/wp-content\/uploads\/2018\/11\/KR-20LN-300x152.png\" alt=\"\" width=\"300\" height=\"152\" srcset=\"http:\/\/victoria-rad.de\/wp-content\/uploads\/2018\/11\/KR-20LN-300x152.png 300w, http:\/\/victoria-rad.de\/wp-content\/uploads\/2018\/11\/KR-20LN-150x76.png 150w, http:\/\/victoria-rad.de\/wp-content\/uploads\/2018\/11\/KR-20LN-768x389.png 768w, http:\/\/victoria-rad.de\/wp-content\/uploads\/2018\/11\/KR-20LN-1024x518.png 1024w, http:\/\/victoria-rad.de\/wp-content\/uploads\/2018\/11\/KR-20LN.png 1854w\" sizes=\"auto, (max-width: 300px) 100vw, 300px\" \/><\/a>Victoria &#8211; Modell LN &#8211; Luxus 200 ccm, Bj. 1937&#8230;<\/p>\n<p><a href=\"http:\/\/victoria-rad.de\/wp-content\/uploads\/2018\/12\/20190216_113239-e1550572929358.jpg\" target=\"_blank\" rel=\"noopener noreferrer\"><img loading=\"lazy\" decoding=\"async\" class=\"aligncenter wp-image-3633 size-medium\" src=\"http:\/\/victoria-rad.de\/wp-content\/uploads\/2018\/12\/20190216_113239-e1550572929358-300x169.jpg\" alt=\"\" width=\"300\" height=\"169\" srcset=\"http:\/\/victoria-rad.de\/wp-content\/uploads\/2018\/12\/20190216_113239-e1550572929358-300x169.jpg 300w, http:\/\/victoria-rad.de\/wp-content\/uploads\/2018\/12\/20190216_113239-e1550572929358-150x84.jpg 150w, http:\/\/victoria-rad.de\/wp-content\/uploads\/2018\/12\/20190216_113239-e1550572929358-768x432.jpg 768w, http:\/\/victoria-rad.de\/wp-content\/uploads\/2018\/12\/20190216_113239-e1550572929358-1024x576.jpg 1024w\" sizes=\"auto, (max-width: 300px) 100vw, 300px\" \/><\/a><\/p>\n<p style=\"text-align: center;\">Victoria &#8211; Modell LN, Originalzustand, 200 ccm, Bj. 1937&#8230;<\/p>\n<p><span style=\"color: #0000ff;\"><strong>Victoria &#8211; Zweitakt &#8211; Modelle KR 25 \/ 25S ab Bj. 1937:<\/strong><\/span><\/p>\n<p style=\"text-align: center;\"><a href=\"http:\/\/victoria-rad.de\/wp-content\/uploads\/2019\/01\/Victoria-Buch-Bilder-017.jpg\" target=\"_blank\" rel=\"noopener noreferrer\"><img loading=\"lazy\" decoding=\"async\" class=\"aligncenter wp-image-3230 size-medium\" src=\"http:\/\/victoria-rad.de\/wp-content\/uploads\/2019\/01\/Victoria-Buch-Bilder-017-300x150.jpg\" alt=\"\" width=\"300\" height=\"150\" srcset=\"http:\/\/victoria-rad.de\/wp-content\/uploads\/2019\/01\/Victoria-Buch-Bilder-017-300x150.jpg 300w, http:\/\/victoria-rad.de\/wp-content\/uploads\/2019\/01\/Victoria-Buch-Bilder-017-150x75.jpg 150w, http:\/\/victoria-rad.de\/wp-content\/uploads\/2019\/01\/Victoria-Buch-Bilder-017-768x385.jpg 768w, http:\/\/victoria-rad.de\/wp-content\/uploads\/2019\/01\/Victoria-Buch-Bilder-017-1024x513.jpg 1024w\" sizes=\"auto, (max-width: 300px) 100vw, 300px\" \/><\/a>Victoria &#8211; KR 25 &#8211; Fu\u00dfschaltung rechts, Bj. 1937&#8230;<\/p>\n<p style=\"text-align: center;\"><a href=\"http:\/\/victoria-rad.de\/wp-content\/uploads\/2019\/01\/Aero-25S.png\" target=\"_blank\" rel=\"noopener noreferrer\"><img loading=\"lazy\" decoding=\"async\" class=\"aligncenter wp-image-3227 size-medium\" src=\"http:\/\/victoria-rad.de\/wp-content\/uploads\/2019\/01\/Aero-25S-300x149.png\" alt=\"\" width=\"300\" height=\"149\" srcset=\"http:\/\/victoria-rad.de\/wp-content\/uploads\/2019\/01\/Aero-25S-300x149.png 300w, http:\/\/victoria-rad.de\/wp-content\/uploads\/2019\/01\/Aero-25S-150x75.png 150w, http:\/\/victoria-rad.de\/wp-content\/uploads\/2019\/01\/Aero-25S-768x382.png 768w, http:\/\/victoria-rad.de\/wp-content\/uploads\/2019\/01\/Aero-25S-1024x510.png 1024w, http:\/\/victoria-rad.de\/wp-content\/uploads\/2019\/01\/Aero-25S.png 1860w\" sizes=\"auto, (max-width: 300px) 100vw, 300px\" \/><\/a>Victoria &#8211; KR 25 S mit hochgezogener Auspuff-Anlage&#8230;<\/p>\n<p><span style=\"color: #0000ff;\"><strong>Victoria &#8222;Pionier&#8220; Modell mit Columbus-Motor (Hersteller-Horex) KR 25 SN und KR 25 S ab 1938:<\/strong><\/span><\/p>\n<p style=\"text-align: center;\"><a href=\"http:\/\/victoria-rad.de\/wp-content\/uploads\/2018\/10\/Motorrad-verschiedene-Bilder-037.jpg\" target=\"_blank\" rel=\"noopener noreferrer\"><img loading=\"lazy\" decoding=\"async\" class=\"aligncenter wp-image-2310 size-medium\" src=\"http:\/\/victoria-rad.de\/wp-content\/uploads\/2018\/10\/Motorrad-verschiedene-Bilder-037-300x225.jpg\" alt=\"\" width=\"300\" height=\"225\" srcset=\"http:\/\/victoria-rad.de\/wp-content\/uploads\/2018\/10\/Motorrad-verschiedene-Bilder-037-300x225.jpg 300w, http:\/\/victoria-rad.de\/wp-content\/uploads\/2018\/10\/Motorrad-verschiedene-Bilder-037-768x576.jpg 768w, http:\/\/victoria-rad.de\/wp-content\/uploads\/2018\/10\/Motorrad-verschiedene-Bilder-037-1024x768.jpg 1024w, http:\/\/victoria-rad.de\/wp-content\/uploads\/2018\/10\/Motorrad-verschiedene-Bilder-037.jpg 1280w\" sizes=\"auto, (max-width: 300px) 100vw, 300px\" \/><\/a>Victoria &#8222;Pionier&#8220; Modell SN mit Milit\u00e4r-Auspuff&#8230;<\/p>\n<p style=\"text-align: center;\"><a href=\"http:\/\/victoria-rad.de\/wp-content\/uploads\/2018\/10\/20181026_150345-e1541075390534.jpg\" target=\"_blank\" rel=\"noopener noreferrer\"><img loading=\"lazy\" decoding=\"async\" class=\"aligncenter wp-image-2598 size-medium\" src=\"http:\/\/victoria-rad.de\/wp-content\/uploads\/2018\/10\/20181026_150345-e1541075390534-300x169.jpg\" alt=\"\" width=\"300\" height=\"169\" srcset=\"http:\/\/victoria-rad.de\/wp-content\/uploads\/2018\/10\/20181026_150345-e1541075390534-300x169.jpg 300w, http:\/\/victoria-rad.de\/wp-content\/uploads\/2018\/10\/20181026_150345-e1541075390534-150x84.jpg 150w, http:\/\/victoria-rad.de\/wp-content\/uploads\/2018\/10\/20181026_150345-e1541075390534-768x432.jpg 768w, http:\/\/victoria-rad.de\/wp-content\/uploads\/2018\/10\/20181026_150345-e1541075390534-1024x576.jpg 1024w\" sizes=\"auto, (max-width: 300px) 100vw, 300px\" \/><\/a>Victoria &#8222;Pionier&#8220; Moldell SS mit hochgezogenem Auspuff&#8230;<\/p>\n<p><span style=\"color: #0000ff;\"><strong>Victoria &#8211; Fahrr\u00e4der der &#8222;Vierziger Jahre&#8220;:<\/strong><\/span><\/p>\n<p style=\"text-align: center;\"><a href=\"http:\/\/victoria-rad.de\/wp-content\/uploads\/2018\/12\/132-VD.png\" target=\"_blank\" rel=\"noopener noreferrer\"><img loading=\"lazy\" decoding=\"async\" class=\"aligncenter wp-image-2995 size-medium\" src=\"http:\/\/victoria-rad.de\/wp-content\/uploads\/2018\/12\/132-VD-300x165.png\" alt=\"\" width=\"300\" height=\"165\" srcset=\"http:\/\/victoria-rad.de\/wp-content\/uploads\/2018\/12\/132-VD-300x165.png 300w, http:\/\/victoria-rad.de\/wp-content\/uploads\/2018\/12\/132-VD-150x83.png 150w, http:\/\/victoria-rad.de\/wp-content\/uploads\/2018\/12\/132-VD-768x422.png 768w, http:\/\/victoria-rad.de\/wp-content\/uploads\/2018\/12\/132-VD.png 1000w\" sizes=\"auto, (max-width: 300px) 100vw, 300px\" \/><\/a>Neue Formen mit Doppelsteg-Rahmen&#8230;<\/p>\n<p style=\"text-align: center;\"><a href=\"http:\/\/victoria-rad.de\/wp-content\/uploads\/2018\/12\/Victoria-Buch-Bilder-010.jpg\" target=\"_blank\" rel=\"noopener noreferrer\"><img loading=\"lazy\" decoding=\"async\" class=\"aligncenter wp-image-2996 size-medium\" src=\"http:\/\/victoria-rad.de\/wp-content\/uploads\/2018\/12\/Victoria-Buch-Bilder-010-300x225.jpg\" alt=\"\" width=\"300\" height=\"225\" srcset=\"http:\/\/victoria-rad.de\/wp-content\/uploads\/2018\/12\/Victoria-Buch-Bilder-010-300x225.jpg 300w, http:\/\/victoria-rad.de\/wp-content\/uploads\/2018\/12\/Victoria-Buch-Bilder-010-150x113.jpg 150w, http:\/\/victoria-rad.de\/wp-content\/uploads\/2018\/12\/Victoria-Buch-Bilder-010-768x576.jpg 768w, http:\/\/victoria-rad.de\/wp-content\/uploads\/2018\/12\/Victoria-Buch-Bilder-010-1024x768.jpg 1024w\" sizes=\"auto, (max-width: 300px) 100vw, 300px\" \/><\/a>Da gab es auch eine neue Schutzblech-Figur&#8230;<\/p>\n<p><span style=\"color: #0000ff;\"><strong>Victoria &#8211; nach dem Krieg, NEU nach Albert Roder &#8211; das Vicky I:<\/strong><\/span><\/p>\n<p style=\"text-align: center;\"><a href=\"http:\/\/victoria-rad.de\/wp-content\/uploads\/2019\/03\/30.1.jpg\" target=\"_blank\" rel=\"noopener noreferrer\"><img loading=\"lazy\" decoding=\"async\" class=\"aligncenter wp-image-3779 size-medium\" src=\"http:\/\/victoria-rad.de\/wp-content\/uploads\/2019\/03\/30.1-300x225.jpg\" alt=\"\" width=\"300\" height=\"225\" srcset=\"http:\/\/victoria-rad.de\/wp-content\/uploads\/2019\/03\/30.1-300x225.jpg 300w, http:\/\/victoria-rad.de\/wp-content\/uploads\/2019\/03\/30.1-150x113.jpg 150w, http:\/\/victoria-rad.de\/wp-content\/uploads\/2019\/03\/30.1-768x576.jpg 768w, http:\/\/victoria-rad.de\/wp-content\/uploads\/2019\/03\/30.1-1024x768.jpg 1024w\" sizes=\"auto, (max-width: 300px) 100vw, 300px\" \/><\/a>Der Fahrrad-Anbau-Motor mit 1 PS und 38 ccm&#8230;<\/p>\n<p style=\"text-align: center;\"><a href=\"http:\/\/victoria-rad.de\/wp-content\/uploads\/2019\/03\/P1030073.png\" target=\"_blank\" rel=\"noopener noreferrer\"><img loading=\"lazy\" decoding=\"async\" class=\"aligncenter wp-image-3884 size-medium\" src=\"http:\/\/victoria-rad.de\/wp-content\/uploads\/2019\/03\/P1030073-300x192.png\" alt=\"\" width=\"300\" height=\"192\" srcset=\"http:\/\/victoria-rad.de\/wp-content\/uploads\/2019\/03\/P1030073-300x192.png 300w, http:\/\/victoria-rad.de\/wp-content\/uploads\/2019\/03\/P1030073-150x96.png 150w, http:\/\/victoria-rad.de\/wp-content\/uploads\/2019\/03\/P1030073-768x490.png 768w, http:\/\/victoria-rad.de\/wp-content\/uploads\/2019\/03\/P1030073-1024x654.png 1024w\" sizes=\"auto, (max-width: 300px) 100vw, 300px\" \/><\/a>Das Vicky II, 1. Serie, mit dem 1 PS-Motor im Rahmen verbaut&#8230;<\/p>\n<p style=\"text-align: center;\"><a href=\"http:\/\/victoria-rad.de\/wp-content\/uploads\/2019\/03\/P1030074.png\" target=\"_blank\" rel=\"noopener noreferrer\"><img loading=\"lazy\" decoding=\"async\" class=\"aligncenter wp-image-3896 size-medium\" src=\"http:\/\/victoria-rad.de\/wp-content\/uploads\/2019\/03\/P1030074-300x177.png\" alt=\"\" width=\"300\" height=\"177\" srcset=\"http:\/\/victoria-rad.de\/wp-content\/uploads\/2019\/03\/P1030074-300x177.png 300w, http:\/\/victoria-rad.de\/wp-content\/uploads\/2019\/03\/P1030074-150x89.png 150w, http:\/\/victoria-rad.de\/wp-content\/uploads\/2019\/03\/P1030074-768x454.png 768w, http:\/\/victoria-rad.de\/wp-content\/uploads\/2019\/03\/P1030074-1024x605.png 1024w\" sizes=\"auto, (max-width: 300px) 100vw, 300px\" \/><\/a>Das Vicky II, 2. Serie, mit gr\u00f6\u00dferen Benzintank&#8230;<\/p>\n<p style=\"text-align: center;\"><a href=\"http:\/\/victoria-rad.de\/wp-content\/uploads\/2019\/04\/P1030093.jpg\" target=\"_blank\" rel=\"noopener noreferrer\"><img loading=\"lazy\" decoding=\"async\" class=\"aligncenter wp-image-4007 size-medium\" src=\"http:\/\/victoria-rad.de\/wp-content\/uploads\/2019\/04\/P1030093-300x225.jpg\" alt=\"\" width=\"300\" height=\"225\" srcset=\"http:\/\/victoria-rad.de\/wp-content\/uploads\/2019\/04\/P1030093-300x225.jpg 300w, http:\/\/victoria-rad.de\/wp-content\/uploads\/2019\/04\/P1030093-150x113.jpg 150w, http:\/\/victoria-rad.de\/wp-content\/uploads\/2019\/04\/P1030093-768x576.jpg 768w, http:\/\/victoria-rad.de\/wp-content\/uploads\/2019\/04\/P1030093-1024x768.jpg 1024w\" sizes=\"auto, (max-width: 300px) 100vw, 300px\" \/><\/a>Das Vicky III im neuen Design &#8211; die Moped-Linie der k\u00fcnftigen Jahre&#8230;<\/p>\n<p style=\"text-align: center;\"><a href=\"http:\/\/victoria-rad.de\/wp-content\/uploads\/2019\/05\/P1030104.jpg\" target=\"_blank\" rel=\"noopener noreferrer\"><img loading=\"lazy\" decoding=\"async\" class=\"aligncenter wp-image-4175 size-medium\" src=\"http:\/\/victoria-rad.de\/wp-content\/uploads\/2019\/05\/P1030104-300x225.jpg\" alt=\"\" width=\"300\" height=\"225\" srcset=\"http:\/\/victoria-rad.de\/wp-content\/uploads\/2019\/05\/P1030104-300x225.jpg 300w, http:\/\/victoria-rad.de\/wp-content\/uploads\/2019\/05\/P1030104-150x113.jpg 150w, http:\/\/victoria-rad.de\/wp-content\/uploads\/2019\/05\/P1030104-768x576.jpg 768w, http:\/\/victoria-rad.de\/wp-content\/uploads\/2019\/05\/P1030104-1024x768.jpg 1024w\" sizes=\"auto, (max-width: 300px) 100vw, 300px\" \/><\/a>Das Vicky IV mit verbesserter Karosserie und Motor&#8230;<\/p>\n<p style=\"text-align: center;\"><a href=\"http:\/\/victoria-rad.de\/wp-content\/uploads\/2019\/05\/20190206_101923.jpg\" target=\"_blank\" rel=\"noopener noreferrer\"><img loading=\"lazy\" decoding=\"async\" class=\"aligncenter wp-image-4356 size-medium\" src=\"http:\/\/victoria-rad.de\/wp-content\/uploads\/2019\/05\/20190206_101923-300x169.jpg\" alt=\"\" width=\"300\" height=\"169\" srcset=\"http:\/\/victoria-rad.de\/wp-content\/uploads\/2019\/05\/20190206_101923-300x169.jpg 300w, http:\/\/victoria-rad.de\/wp-content\/uploads\/2019\/05\/20190206_101923-150x84.jpg 150w, http:\/\/victoria-rad.de\/wp-content\/uploads\/2019\/05\/20190206_101923-768x432.jpg 768w, http:\/\/victoria-rad.de\/wp-content\/uploads\/2019\/05\/20190206_101923.jpg 800w\" sizes=\"auto, (max-width: 300px) 100vw, 300px\" \/><\/a>Der Nicky-Roller, ein sogenannter &#8222;Stadt-Rutscher&#8220;&#8230;<\/p>\n<p style=\"text-align: center;\"><a href=\"http:\/\/victoria-rad.de\/wp-content\/uploads\/2019\/05\/P1030109.png\" target=\"_blank\" rel=\"noopener noreferrer\"><img loading=\"lazy\" decoding=\"async\" class=\"aligncenter wp-image-4444 size-medium\" src=\"http:\/\/victoria-rad.de\/wp-content\/uploads\/2019\/05\/P1030109-300x225.png\" alt=\"\" width=\"300\" height=\"225\" srcset=\"http:\/\/victoria-rad.de\/wp-content\/uploads\/2019\/05\/P1030109-300x225.png 300w, http:\/\/victoria-rad.de\/wp-content\/uploads\/2019\/05\/P1030109-150x113.png 150w, http:\/\/victoria-rad.de\/wp-content\/uploads\/2019\/05\/P1030109-768x576.png 768w, http:\/\/victoria-rad.de\/wp-content\/uploads\/2019\/05\/P1030109.png 800w\" sizes=\"auto, (max-width: 300px) 100vw, 300px\" \/><\/a>Das Victoria &#8222;Tory&#8220;-Moped, eine einfache Variante, mit der Victoria Werbe-Figur&#8230;<\/p>\n<p><a href=\"http:\/\/victoria-rad.de\/wp-content\/uploads\/2019\/06\/Pic-7.png\" target=\"_blank\" rel=\"noopener noreferrer\"><img loading=\"lazy\" decoding=\"async\" class=\"aligncenter wp-image-4603 size-medium\" src=\"http:\/\/victoria-rad.de\/wp-content\/uploads\/2019\/06\/Pic-7-300x220.png\" alt=\"\" width=\"300\" height=\"220\" srcset=\"http:\/\/victoria-rad.de\/wp-content\/uploads\/2019\/06\/Pic-7-300x220.png 300w, http:\/\/victoria-rad.de\/wp-content\/uploads\/2019\/06\/Pic-7-150x110.png 150w, http:\/\/victoria-rad.de\/wp-content\/uploads\/2019\/06\/Pic-7-768x564.png 768w, http:\/\/victoria-rad.de\/wp-content\/uploads\/2019\/06\/Pic-7-1024x752.png 1024w, http:\/\/victoria-rad.de\/wp-content\/uploads\/2019\/06\/Pic-7.png 1855w\" sizes=\"auto, (max-width: 300px) 100vw, 300px\" \/><\/a><\/p>\n<p style=\"text-align: center;\">Der &#8222;Preciosa&#8220;-Roller &#8211; bringt die neue Moped-Linie&#8230;<\/p>\n<p style=\"text-align: center;\"><a href=\"http:\/\/victoria-rad.de\/wp-content\/uploads\/2019\/07\/P1030102.png\" target=\"_blank\" rel=\"noopener noreferrer\"><img loading=\"lazy\" decoding=\"async\" class=\"aligncenter wp-image-4617 size-medium\" src=\"http:\/\/victoria-rad.de\/wp-content\/uploads\/2019\/07\/P1030102-300x225.png\" alt=\"\" width=\"300\" height=\"225\" srcset=\"http:\/\/victoria-rad.de\/wp-content\/uploads\/2019\/07\/P1030102-300x225.png 300w, http:\/\/victoria-rad.de\/wp-content\/uploads\/2019\/07\/P1030102-150x113.png 150w, http:\/\/victoria-rad.de\/wp-content\/uploads\/2019\/07\/P1030102-768x576.png 768w, http:\/\/victoria-rad.de\/wp-content\/uploads\/2019\/07\/P1030102.png 800w\" sizes=\"auto, (max-width: 300px) 100vw, 300px\" \/><\/a>Das Victoria &#8222;Luxus&#8220;-Modell bereits mit Sitzbank, symbolisiert immer noch die 50er Jahre-Moped-Linie&#8230;<\/p>\n<p>&nbsp;<\/p>\n<p><span style=\"color: #0000ff;\"><strong>Die \u00dcbergangsmodelle zur sp\u00e4teren &#8222;Zweirad-Union&#8220; sollten noch unter der Victoria-Flagge gezeigt werden:<\/strong><\/span><\/p>\n<p style=\"text-align: center;\"><a href=\"http:\/\/victoria-rad.de\/wp-content\/uploads\/2019\/07\/P1030091.png\" target=\"_blank\" rel=\"noopener noreferrer\"><img loading=\"lazy\" decoding=\"async\" class=\"aligncenter wp-image-4658 size-medium\" src=\"http:\/\/victoria-rad.de\/wp-content\/uploads\/2019\/07\/P1030091-300x225.png\" alt=\"\" width=\"300\" height=\"225\" srcset=\"http:\/\/victoria-rad.de\/wp-content\/uploads\/2019\/07\/P1030091-300x225.png 300w, http:\/\/victoria-rad.de\/wp-content\/uploads\/2019\/07\/P1030091-150x113.png 150w, http:\/\/victoria-rad.de\/wp-content\/uploads\/2019\/07\/P1030091-768x576.png 768w, http:\/\/victoria-rad.de\/wp-content\/uploads\/2019\/07\/P1030091.png 800w\" sizes=\"auto, (max-width: 300px) 100vw, 300px\" \/><\/a>Das wohl sch\u00f6nste Modell der Victoria-Moped-Linie, die Victoria &#8222;Super-Luxus&#8220;&#8230;<\/p>\n<p style=\"text-align: center;\"><a href=\"http:\/\/victoria-rad.de\/wp-content\/uploads\/2019\/07\/P1030083.png\" target=\"_blank\" rel=\"noopener noreferrer\"><img loading=\"lazy\" decoding=\"async\" class=\"aligncenter wp-image-4711 size-medium\" src=\"http:\/\/victoria-rad.de\/wp-content\/uploads\/2019\/07\/P1030083-300x225.png\" alt=\"\" width=\"300\" height=\"225\" srcset=\"http:\/\/victoria-rad.de\/wp-content\/uploads\/2019\/07\/P1030083-300x225.png 300w, http:\/\/victoria-rad.de\/wp-content\/uploads\/2019\/07\/P1030083-150x113.png 150w, http:\/\/victoria-rad.de\/wp-content\/uploads\/2019\/07\/P1030083-768x576.png 768w, http:\/\/victoria-rad.de\/wp-content\/uploads\/2019\/07\/P1030083.png 800w\" sizes=\"auto, (max-width: 300px) 100vw, 300px\" \/><\/a>Das Victoria &#8222;Avanti&#8220;-Modell im sportlichen italienischen Design, hier noch als Pedal-Modell&#8230;<\/p>\n<p style=\"text-align: center;\"><a href=\"http:\/\/victoria-rad.de\/wp-content\/uploads\/2019\/07\/20180202_122432.jpg\" target=\"_blank\" rel=\"noopener noreferrer\"><img loading=\"lazy\" decoding=\"async\" class=\"aligncenter wp-image-4734 size-medium\" src=\"http:\/\/victoria-rad.de\/wp-content\/uploads\/2019\/07\/20180202_122432-300x169.jpg\" alt=\"\" width=\"300\" height=\"169\" srcset=\"http:\/\/victoria-rad.de\/wp-content\/uploads\/2019\/07\/20180202_122432-300x169.jpg 300w, http:\/\/victoria-rad.de\/wp-content\/uploads\/2019\/07\/20180202_122432-150x84.jpg 150w, http:\/\/victoria-rad.de\/wp-content\/uploads\/2019\/07\/20180202_122432-768x432.jpg 768w, http:\/\/victoria-rad.de\/wp-content\/uploads\/2019\/07\/20180202_122432.jpg 800w\" sizes=\"auto, (max-width: 300px) 100vw, 300px\" \/><\/a>Das Victoria &#8222;Avanti&#8220;-Modell mit verchromten Tank (Aufpreis), man beachte das Kickstarter-Modell&#8230;<\/p>\n<p style=\"text-align: center;\"><a href=\"http:\/\/victoria-rad.de\/wp-content\/uploads\/2019\/07\/IMG_20190709_00021-Kopie-2.jpg\" target=\"_blank\" rel=\"noopener noreferrer\"><img loading=\"lazy\" decoding=\"async\" class=\"aligncenter wp-image-4745 size-medium\" src=\"http:\/\/victoria-rad.de\/wp-content\/uploads\/2019\/07\/IMG_20190709_00021-Kopie-2-300x207.jpg\" alt=\"\" width=\"300\" height=\"207\" srcset=\"http:\/\/victoria-rad.de\/wp-content\/uploads\/2019\/07\/IMG_20190709_00021-Kopie-2-300x207.jpg 300w, http:\/\/victoria-rad.de\/wp-content\/uploads\/2019\/07\/IMG_20190709_00021-Kopie-2-150x103.jpg 150w, http:\/\/victoria-rad.de\/wp-content\/uploads\/2019\/07\/IMG_20190709_00021-Kopie-2-768x530.jpg 768w, http:\/\/victoria-rad.de\/wp-content\/uploads\/2019\/07\/IMG_20190709_00021-Kopie-2.jpg 835w\" sizes=\"auto, (max-width: 300px) 100vw, 300px\" \/><\/a>Victoria &#8222;Avanti&#8220; &#8211; Prototyp mit Viertakt-Motor&#8230;<\/p>\n<p><span style=\"color: #0000ff;\"><strong>Noch einmal ein AUTO-Versuch mit dem legend\u00e4ren Modell &#8222;SPATZ&#8220; aus den F\u00fcnfziger Jahren:<\/strong><\/span><\/p>\n<p style=\"text-align: center;\"><a href=\"http:\/\/victoria-rad.de\/wp-content\/uploads\/2020\/01\/Archiv-Gert-Reiher.jpg\" target=\"_blank\" rel=\"noopener noreferrer\"><img loading=\"lazy\" decoding=\"async\" class=\"aligncenter wp-image-6705 size-medium\" src=\"http:\/\/victoria-rad.de\/wp-content\/uploads\/2020\/01\/Archiv-Gert-Reiher-300x207.jpg\" alt=\"\" width=\"300\" height=\"207\" srcset=\"http:\/\/victoria-rad.de\/wp-content\/uploads\/2020\/01\/Archiv-Gert-Reiher-300x207.jpg 300w, http:\/\/victoria-rad.de\/wp-content\/uploads\/2020\/01\/Archiv-Gert-Reiher-150x104.jpg 150w, http:\/\/victoria-rad.de\/wp-content\/uploads\/2020\/01\/Archiv-Gert-Reiher-768x531.jpg 768w, http:\/\/victoria-rad.de\/wp-content\/uploads\/2020\/01\/Archiv-Gert-Reiher.jpg 800w\" sizes=\"auto, (max-width: 300px) 100vw, 300px\" \/><\/a>Victoria &#8222;SPATZ&#8220;, original, mit Motor &#8211; 250 ccm, luftgek\u00fchlt und elektromagnetischem Zieh-Keil-Getriebe&#8230;<\/p>\n<p><span style=\"color: #0000ff;\"><strong>Die Kinder-Fahrzeuge ab 1933 &#8211; bis in die F\u00fcnfziger Jahre, nicht zu vergessen:<\/strong><\/span><\/p>\n<p style=\"text-align: center;\"><a href=\"http:\/\/victoria-rad.de\/wp-content\/uploads\/2018\/09\/DSCN0519.jpg\" target=\"_blank\" rel=\"noopener noreferrer\"><img loading=\"lazy\" decoding=\"async\" class=\"aligncenter wp-image-1757 size-medium\" src=\"http:\/\/victoria-rad.de\/wp-content\/uploads\/2018\/09\/DSCN0519-300x225.jpg\" alt=\"\" width=\"300\" height=\"225\" srcset=\"http:\/\/victoria-rad.de\/wp-content\/uploads\/2018\/09\/DSCN0519-300x225.jpg 300w, http:\/\/victoria-rad.de\/wp-content\/uploads\/2018\/09\/DSCN0519-768x576.jpg 768w, http:\/\/victoria-rad.de\/wp-content\/uploads\/2018\/09\/DSCN0519-1024x768.jpg 1024w\" sizes=\"auto, (max-width: 300px) 100vw, 300px\" \/><\/a>Der Doppel-Tretroller &#8211; mit zwei Antriebs-Zahnstangen von 1933&#8230;<\/p>\n<p style=\"text-align: center;\"><a href=\"http:\/\/victoria-rad.de\/wp-content\/uploads\/2018\/09\/Bild-A28-0.jpg\" target=\"_blank\" rel=\"noopener noreferrer\"><img loading=\"lazy\" decoding=\"async\" class=\"aligncenter wp-image-1751 size-medium\" src=\"http:\/\/victoria-rad.de\/wp-content\/uploads\/2018\/09\/Bild-A28-0-212x300.jpg\" alt=\"\" width=\"212\" height=\"300\" srcset=\"http:\/\/victoria-rad.de\/wp-content\/uploads\/2018\/09\/Bild-A28-0-212x300.jpg 212w, http:\/\/victoria-rad.de\/wp-content\/uploads\/2018\/09\/Bild-A28-0-768x1089.jpg 768w, http:\/\/victoria-rad.de\/wp-content\/uploads\/2018\/09\/Bild-A28-0-722x1024.jpg 722w\" sizes=\"auto, (max-width: 212px) 100vw, 212px\" \/><\/a>Auf dem Prospekt wird auch auf die Kinder- und Jugendr\u00e4der hingewiesen, welche hier bereits mit der ersten &#8222;Schutzblech-Figur&#8220; ausger\u00fcstet waren&#8230;<\/p>\n<p style=\"text-align: center;\"><a href=\"http:\/\/victoria-rad.de\/wp-content\/uploads\/2018\/09\/DSCN0525.jpg\" target=\"_blank\" rel=\"noopener noreferrer\"><img loading=\"lazy\" decoding=\"async\" class=\"aligncenter wp-image-1764 size-medium\" src=\"http:\/\/victoria-rad.de\/wp-content\/uploads\/2018\/09\/DSCN0525-300x225.jpg\" alt=\"\" width=\"300\" height=\"225\" srcset=\"http:\/\/victoria-rad.de\/wp-content\/uploads\/2018\/09\/DSCN0525-300x225.jpg 300w, http:\/\/victoria-rad.de\/wp-content\/uploads\/2018\/09\/DSCN0525-768x576.jpg 768w, http:\/\/victoria-rad.de\/wp-content\/uploads\/2018\/09\/DSCN0525-1024x768.jpg 1024w\" sizes=\"auto, (max-width: 300px) 100vw, 300px\" \/><\/a>Dieser Roller wurde bei &#8222;Ferbedo-N\u00fcrnberg&#8220; f\u00fcr Victoria gefertigt&#8230;<\/p>\n<p style=\"text-align: center;\"><a href=\"http:\/\/victoria-rad.de\/wp-content\/uploads\/2018\/09\/Victoria-Buch-Bilder-153.jpg\" target=\"_blank\" rel=\"noopener noreferrer\"><img loading=\"lazy\" decoding=\"async\" class=\"alignnone wp-image-1773 size-medium\" src=\"http:\/\/victoria-rad.de\/wp-content\/uploads\/2018\/09\/Victoria-Buch-Bilder-153-300x225.jpg\" alt=\"\" width=\"300\" height=\"225\" srcset=\"http:\/\/victoria-rad.de\/wp-content\/uploads\/2018\/09\/Victoria-Buch-Bilder-153-300x225.jpg 300w, http:\/\/victoria-rad.de\/wp-content\/uploads\/2018\/09\/Victoria-Buch-Bilder-153-768x576.jpg 768w, http:\/\/victoria-rad.de\/wp-content\/uploads\/2018\/09\/Victoria-Buch-Bilder-153-1024x768.jpg 1024w\" sizes=\"auto, (max-width: 300px) 100vw, 300px\" \/><\/a><\/p>\n<p style=\"text-align: center;\">Nicht zu vergessen: das &#8222;Vickylein&#8220;, wohl das bekannteste Kinder-Fahrzeug von Victoria, welches ebenfalls bei Ferbedo f\u00fcr Victoria gefertigt wurde&#8230;<\/p>\n<p><span style=\"color: #0000ff;\"><strong>Victoria &#8211; Fahrr\u00e4der der &#8222;F\u00fcnfziger-Jahre&#8220;:<\/strong><\/span><\/p>\n<p style=\"text-align: center;\"><a href=\"http:\/\/victoria-rad.de\/wp-content\/uploads\/2019\/02\/Victoria-Buch-Bilder-156.jpg\" target=\"_blank\" rel=\"noopener noreferrer\"><img loading=\"lazy\" decoding=\"async\" class=\"aligncenter wp-image-3648 size-medium\" src=\"http:\/\/victoria-rad.de\/wp-content\/uploads\/2019\/02\/Victoria-Buch-Bilder-156-300x225.jpg\" alt=\"\" width=\"300\" height=\"225\" srcset=\"http:\/\/victoria-rad.de\/wp-content\/uploads\/2019\/02\/Victoria-Buch-Bilder-156-300x225.jpg 300w, http:\/\/victoria-rad.de\/wp-content\/uploads\/2019\/02\/Victoria-Buch-Bilder-156-150x113.jpg 150w, http:\/\/victoria-rad.de\/wp-content\/uploads\/2019\/02\/Victoria-Buch-Bilder-156-768x576.jpg 768w, http:\/\/victoria-rad.de\/wp-content\/uploads\/2019\/02\/Victoria-Buch-Bilder-156-1024x768.jpg 1024w\" sizes=\"auto, (max-width: 300px) 100vw, 300px\" \/><\/a>Die Linie der &#8222;Vierziger Jahre&#8220; wurde in die &#8222;F\u00fcnfziger&#8220; \u00fcbernommen, hier in das VS 26 D&#8230;<\/p>\n<p style=\"text-align: center;\"><a href=\"http:\/\/victoria-rad.de\/wp-content\/uploads\/2019\/02\/Bild-A23.jpg\" target=\"_blank\" rel=\"noopener noreferrer\"><img loading=\"lazy\" decoding=\"async\" class=\"aligncenter wp-image-3655 size-medium\" src=\"http:\/\/victoria-rad.de\/wp-content\/uploads\/2019\/02\/Bild-A23-300x129.jpg\" alt=\"\" width=\"300\" height=\"129\" srcset=\"http:\/\/victoria-rad.de\/wp-content\/uploads\/2019\/02\/Bild-A23-300x129.jpg 300w, http:\/\/victoria-rad.de\/wp-content\/uploads\/2019\/02\/Bild-A23-150x64.jpg 150w, http:\/\/victoria-rad.de\/wp-content\/uploads\/2019\/02\/Bild-A23-768x330.jpg 768w, http:\/\/victoria-rad.de\/wp-content\/uploads\/2019\/02\/Bild-A23-1024x440.jpg 1024w\" sizes=\"auto, (max-width: 300px) 100vw, 300px\" \/><\/a>Die neue Schutzblech-Figur der F\u00fcnfziger-Jahre&#8230;<\/p>\n<p style=\"text-align: center;\"><a href=\"http:\/\/victoria-rad.de\/wp-content\/uploads\/2019\/02\/Nr.1720142.jpg\" target=\"_blank\" rel=\"noopener noreferrer\"><img loading=\"lazy\" decoding=\"async\" class=\"aligncenter wp-image-3651 size-medium\" src=\"http:\/\/victoria-rad.de\/wp-content\/uploads\/2019\/02\/Nr.1720142-300x200.jpg\" alt=\"\" width=\"300\" height=\"200\" srcset=\"http:\/\/victoria-rad.de\/wp-content\/uploads\/2019\/02\/Nr.1720142-300x200.jpg 300w, http:\/\/victoria-rad.de\/wp-content\/uploads\/2019\/02\/Nr.1720142-150x100.jpg 150w, http:\/\/victoria-rad.de\/wp-content\/uploads\/2019\/02\/Nr.1720142-768x511.jpg 768w, http:\/\/victoria-rad.de\/wp-content\/uploads\/2019\/02\/Nr.1720142-1024x681.jpg 1024w\" sizes=\"auto, (max-width: 300px) 100vw, 300px\" \/><\/a>Das Victoria-Sportrad in den herrlichen Transparent-Farben&#8230;<\/p>\n<p style=\"text-align: center;\"><a href=\"http:\/\/victoria-rad.de\/wp-content\/uploads\/2019\/02\/Victoria-Buch-Bilder-962.jpg\" target=\"_blank\" rel=\"noopener noreferrer\"><img loading=\"lazy\" decoding=\"async\" class=\"aligncenter wp-image-3714 size-medium\" src=\"http:\/\/victoria-rad.de\/wp-content\/uploads\/2019\/02\/Victoria-Buch-Bilder-962-300x201.jpg\" alt=\"\" width=\"300\" height=\"201\" srcset=\"http:\/\/victoria-rad.de\/wp-content\/uploads\/2019\/02\/Victoria-Buch-Bilder-962-300x201.jpg 300w, http:\/\/victoria-rad.de\/wp-content\/uploads\/2019\/02\/Victoria-Buch-Bilder-962-150x100.jpg 150w, http:\/\/victoria-rad.de\/wp-content\/uploads\/2019\/02\/Victoria-Buch-Bilder-962-768x514.jpg 768w, http:\/\/victoria-rad.de\/wp-content\/uploads\/2019\/02\/Victoria-Buch-Bilder-962-1024x685.jpg 1024w\" sizes=\"auto, (max-width: 300px) 100vw, 300px\" \/><\/a>Nicht zu vergessen, die Transport-R\u00e4der, der &#8222;F\u00fcnfziger&#8220;, hier mit einem Hilfsmotor FM 38 ausger\u00fcstet&#8230;<\/p>\n<p style=\"text-align: center;\"><a href=\"http:\/\/victoria-rad.de\/wp-content\/uploads\/2019\/02\/Nr.1618323.jpg\" target=\"_blank\" rel=\"noopener noreferrer\"><img loading=\"lazy\" decoding=\"async\" class=\"aligncenter wp-image-3652 size-medium\" src=\"http:\/\/victoria-rad.de\/wp-content\/uploads\/2019\/02\/Nr.1618323-300x200.jpg\" alt=\"\" width=\"300\" height=\"200\" srcset=\"http:\/\/victoria-rad.de\/wp-content\/uploads\/2019\/02\/Nr.1618323-300x200.jpg 300w, http:\/\/victoria-rad.de\/wp-content\/uploads\/2019\/02\/Nr.1618323-150x100.jpg 150w, http:\/\/victoria-rad.de\/wp-content\/uploads\/2019\/02\/Nr.1618323-768x512.jpg 768w, http:\/\/victoria-rad.de\/wp-content\/uploads\/2019\/02\/Nr.1618323-1024x683.jpg 1024w\" sizes=\"auto, (max-width: 300px) 100vw, 300px\" \/><\/a>F\u00fcr die sportlichen Fahrer das &#8222;V 58-Avanti&#8220;&#8230;<\/p>\n<p style=\"text-align: center;\"><a href=\"http:\/\/victoria-rad.de\/wp-content\/uploads\/2019\/02\/IMG_20150729_0016.jpg\" target=\"_blank\" rel=\"noopener noreferrer\"><img loading=\"lazy\" decoding=\"async\" class=\"aligncenter wp-image-3663 size-medium\" src=\"http:\/\/victoria-rad.de\/wp-content\/uploads\/2019\/02\/IMG_20150729_0016-300x207.jpg\" alt=\"\" width=\"300\" height=\"207\" srcset=\"http:\/\/victoria-rad.de\/wp-content\/uploads\/2019\/02\/IMG_20150729_0016-300x207.jpg 300w, http:\/\/victoria-rad.de\/wp-content\/uploads\/2019\/02\/IMG_20150729_0016-150x103.jpg 150w, http:\/\/victoria-rad.de\/wp-content\/uploads\/2019\/02\/IMG_20150729_0016-768x530.jpg 768w, http:\/\/victoria-rad.de\/wp-content\/uploads\/2019\/02\/IMG_20150729_0016-1024x706.jpg 1024w\" sizes=\"auto, (max-width: 300px) 100vw, 300px\" \/><\/a>Der Spielfilm aus den &#8222;F\u00fcnfzigern&#8220; &#8211; &#8222;Immer die Radfahrer&#8220;, nat\u00fcrlich auf Victoria-R\u00e4dern mit Heinz Erhardt, Hans-Joachim Kulenkampff und Wolf Albach-Retty&#8230;<\/p>\n<p><span style=\"color: #0000ff;\"><strong>Die Victoria-Motorr\u00e4der der &#8222;F\u00fcnfziger-Jahre&#8220;:<\/strong><\/span><\/p>\n<p style=\"text-align: center;\"><a href=\"http:\/\/victoria-rad.de\/wp-content\/uploads\/2019\/01\/KR-25.png\" target=\"_blank\" rel=\"noopener noreferrer\"><img loading=\"lazy\" decoding=\"async\" class=\"aligncenter wp-image-3233 size-medium\" src=\"http:\/\/victoria-rad.de\/wp-content\/uploads\/2019\/01\/KR-25-300x138.png\" alt=\"\" width=\"300\" height=\"138\" srcset=\"http:\/\/victoria-rad.de\/wp-content\/uploads\/2019\/01\/KR-25-300x138.png 300w, http:\/\/victoria-rad.de\/wp-content\/uploads\/2019\/01\/KR-25-150x69.png 150w, http:\/\/victoria-rad.de\/wp-content\/uploads\/2019\/01\/KR-25-768x353.png 768w, http:\/\/victoria-rad.de\/wp-content\/uploads\/2019\/01\/KR-25-1024x470.png 1024w\" sizes=\"auto, (max-width: 300px) 100vw, 300px\" \/><\/a>Victoria KR 25 Bj. 1949&#8230;<\/p>\n<p style=\"text-align: center;\"><a href=\"http:\/\/victoria-rad.de\/wp-content\/uploads\/2019\/01\/IMG_20190126_0002-Kopie-2.jpg\" target=\"_blank\" rel=\"noopener noreferrer\"><img loading=\"lazy\" decoding=\"async\" class=\"aligncenter wp-image-3265 size-medium\" src=\"http:\/\/victoria-rad.de\/wp-content\/uploads\/2019\/01\/IMG_20190126_0002-Kopie-2-300x138.jpg\" alt=\"\" width=\"300\" height=\"138\" srcset=\"http:\/\/victoria-rad.de\/wp-content\/uploads\/2019\/01\/IMG_20190126_0002-Kopie-2-300x138.jpg 300w, http:\/\/victoria-rad.de\/wp-content\/uploads\/2019\/01\/IMG_20190126_0002-Kopie-2-150x69.jpg 150w, http:\/\/victoria-rad.de\/wp-content\/uploads\/2019\/01\/IMG_20190126_0002-Kopie-2-768x353.jpg 768w, http:\/\/victoria-rad.de\/wp-content\/uploads\/2019\/01\/IMG_20190126_0002-Kopie-2-1024x470.jpg 1024w\" sizes=\"auto, (max-width: 300px) 100vw, 300px\" \/><\/a>Victoria KR 25 mit Teleskob-Gabel&#8230;<\/p>\n<p style=\"text-align: center;\"><a href=\"http:\/\/victoria-rad.de\/wp-content\/uploads\/2019\/02\/IMG_20190205_0001.jpg\" target=\"_blank\" rel=\"noopener noreferrer\"><img loading=\"lazy\" decoding=\"async\" class=\"aligncenter wp-image-3415 size-medium\" src=\"http:\/\/victoria-rad.de\/wp-content\/uploads\/2019\/02\/IMG_20190205_0001-300x195.jpg\" alt=\"\" width=\"300\" height=\"195\" srcset=\"http:\/\/victoria-rad.de\/wp-content\/uploads\/2019\/02\/IMG_20190205_0001-300x195.jpg 300w, http:\/\/victoria-rad.de\/wp-content\/uploads\/2019\/02\/IMG_20190205_0001-150x97.jpg 150w, http:\/\/victoria-rad.de\/wp-content\/uploads\/2019\/02\/IMG_20190205_0001-768x498.jpg 768w, http:\/\/victoria-rad.de\/wp-content\/uploads\/2019\/02\/IMG_20190205_0001-1024x664.jpg 1024w\" sizes=\"auto, (max-width: 300px) 100vw, 300px\" \/><\/a>Victoria KR 25 HM &#8222;Aero&#8220;&#8230;<\/p>\n<p style=\"text-align: center;\"><a href=\"http:\/\/victoria-rad.de\/wp-content\/uploads\/2019\/02\/Victoria-Buch-Bilder-053.jpg\" target=\"_blank\" rel=\"noopener noreferrer\"><img loading=\"lazy\" decoding=\"async\" class=\"aligncenter wp-image-3482 size-medium\" src=\"http:\/\/victoria-rad.de\/wp-content\/uploads\/2019\/02\/Victoria-Buch-Bilder-053-300x180.jpg\" alt=\"\" width=\"300\" height=\"180\" srcset=\"http:\/\/victoria-rad.de\/wp-content\/uploads\/2019\/02\/Victoria-Buch-Bilder-053-300x180.jpg 300w, http:\/\/victoria-rad.de\/wp-content\/uploads\/2019\/02\/Victoria-Buch-Bilder-053-150x90.jpg 150w, http:\/\/victoria-rad.de\/wp-content\/uploads\/2019\/02\/Victoria-Buch-Bilder-053-768x460.jpg 768w, http:\/\/victoria-rad.de\/wp-content\/uploads\/2019\/02\/Victoria-Buch-Bilder-053-1024x614.jpg 1024w\" sizes=\"auto, (max-width: 300px) 100vw, 300px\" \/><\/a>Victoria KR 125 &#8222;Bi-Fix&#8220;&#8230;<\/p>\n<p style=\"text-align: center;\"><a href=\"http:\/\/victoria-rad.de\/wp-content\/uploads\/2019\/02\/20190206_103242.jpg\" target=\"_blank\" rel=\"noopener noreferrer\"><img loading=\"lazy\" decoding=\"async\" class=\"aligncenter wp-image-3450 size-medium\" src=\"http:\/\/victoria-rad.de\/wp-content\/uploads\/2019\/02\/20190206_103242-300x179.jpg\" alt=\"\" width=\"300\" height=\"179\" srcset=\"http:\/\/victoria-rad.de\/wp-content\/uploads\/2019\/02\/20190206_103242-300x179.jpg 300w, http:\/\/victoria-rad.de\/wp-content\/uploads\/2019\/02\/20190206_103242-150x89.jpg 150w, http:\/\/victoria-rad.de\/wp-content\/uploads\/2019\/02\/20190206_103242-768x457.jpg 768w, http:\/\/victoria-rad.de\/wp-content\/uploads\/2019\/02\/20190206_103242-1024x610.jpg 1024w\" sizes=\"auto, (max-width: 300px) 100vw, 300px\" \/><\/a>Victoria KR 26 N &#8222;Aero&#8220;&#8230;<\/p>\n<p style=\"text-align: center;\"><a href=\"http:\/\/victoria-rad.de\/wp-content\/uploads\/2019\/11\/IMG_20191023_0010-Kopie.jpg\" target=\"_blank\" rel=\"noopener noreferrer\"><img loading=\"lazy\" decoding=\"async\" class=\"aligncenter wp-image-6143 size-medium\" src=\"http:\/\/victoria-rad.de\/wp-content\/uploads\/2019\/11\/IMG_20191023_0010-Kopie-300x244.jpg\" alt=\"\" width=\"300\" height=\"244\" srcset=\"http:\/\/victoria-rad.de\/wp-content\/uploads\/2019\/11\/IMG_20191023_0010-Kopie-300x244.jpg 300w, http:\/\/victoria-rad.de\/wp-content\/uploads\/2019\/11\/IMG_20191023_0010-Kopie-150x122.jpg 150w, http:\/\/victoria-rad.de\/wp-content\/uploads\/2019\/11\/IMG_20191023_0010-Kopie-768x625.jpg 768w, http:\/\/victoria-rad.de\/wp-content\/uploads\/2019\/11\/IMG_20191023_0010-Kopie.jpg 800w\" sizes=\"auto, (max-width: 300px) 100vw, 300px\" \/><\/a>Victoria &#8211; &#8222;Peggy-Roller&#8220;&#8230;<\/p>\n<p style=\"text-align: center;\"><a href=\"http:\/\/victoria-rad.de\/wp-content\/uploads\/2019\/10\/20190804_150406.jpg\" target=\"_blank\" rel=\"noopener noreferrer\"><img loading=\"lazy\" decoding=\"async\" class=\"aligncenter wp-image-5722 size-medium\" src=\"http:\/\/victoria-rad.de\/wp-content\/uploads\/2019\/10\/20190804_150406-300x169.jpg\" alt=\"\" width=\"300\" height=\"169\" srcset=\"http:\/\/victoria-rad.de\/wp-content\/uploads\/2019\/10\/20190804_150406-300x169.jpg 300w, http:\/\/victoria-rad.de\/wp-content\/uploads\/2019\/10\/20190804_150406-150x84.jpg 150w, http:\/\/victoria-rad.de\/wp-content\/uploads\/2019\/10\/20190804_150406-768x432.jpg 768w, http:\/\/victoria-rad.de\/wp-content\/uploads\/2019\/10\/20190804_150406.jpg 800w\" sizes=\"auto, (max-width: 300px) 100vw, 300px\" \/><\/a>Victoria &#8211; &#8222;Swing&#8220; KR 21&#8230;<\/p>\n<p style=\"text-align: center;\"><a href=\"http:\/\/victoria-rad.de\/wp-content\/uploads\/2020\/08\/P1050854-1.png\" target=\"_blank\" rel=\"noopener noreferrer\"><img loading=\"lazy\" decoding=\"async\" class=\"aligncenter wp-image-9313 size-medium\" src=\"http:\/\/victoria-rad.de\/wp-content\/uploads\/2020\/08\/P1050854-1-300x201.png\" alt=\"\" width=\"300\" height=\"201\" srcset=\"http:\/\/victoria-rad.de\/wp-content\/uploads\/2020\/08\/P1050854-1-300x201.png 300w, http:\/\/victoria-rad.de\/wp-content\/uploads\/2020\/08\/P1050854-1-1024x685.png 1024w, http:\/\/victoria-rad.de\/wp-content\/uploads\/2020\/08\/P1050854-1-150x100.png 150w, http:\/\/victoria-rad.de\/wp-content\/uploads\/2020\/08\/P1050854-1-768x514.png 768w, http:\/\/victoria-rad.de\/wp-content\/uploads\/2020\/08\/P1050854-1.png 1200w\" sizes=\"auto, (max-width: 300px) 100vw, 300px\" \/><\/a>Victoria &#8211; &#8222;Bergmeister&#8220; V-Zweizylinder 350 ccm, Nachkrieg&#8230;<\/p>\n<p style=\"text-align: center;\"><a href=\"http:\/\/victoria-rad.de\/wp-content\/uploads\/2020\/01\/Vic175KR17P1958NrF1253l.jpg\" target=\"_blank\" rel=\"noopener noreferrer\"><img loading=\"lazy\" decoding=\"async\" class=\"aligncenter wp-image-6676 size-medium\" src=\"http:\/\/victoria-rad.de\/wp-content\/uploads\/2020\/01\/Vic175KR17P1958NrF1253l-300x225.jpg\" alt=\"\" width=\"300\" height=\"225\" srcset=\"http:\/\/victoria-rad.de\/wp-content\/uploads\/2020\/01\/Vic175KR17P1958NrF1253l-300x225.jpg 300w, http:\/\/victoria-rad.de\/wp-content\/uploads\/2020\/01\/Vic175KR17P1958NrF1253l-1024x768.jpg 1024w, http:\/\/victoria-rad.de\/wp-content\/uploads\/2020\/01\/Vic175KR17P1958NrF1253l-150x113.jpg 150w, http:\/\/victoria-rad.de\/wp-content\/uploads\/2020\/01\/Vic175KR17P1958NrF1253l-768x576.jpg 768w, http:\/\/victoria-rad.de\/wp-content\/uploads\/2020\/01\/Vic175KR17P1958NrF1253l-1536x1152.jpg 1536w, http:\/\/victoria-rad.de\/wp-content\/uploads\/2020\/01\/Vic175KR17P1958NrF1253l.jpg 1600w\" sizes=\"auto, (max-width: 300px) 100vw, 300px\" \/><\/a>Victoria &#8211; &#8222;Parilla&#8220; 175 ccm, letztes Modell&#8230;<\/p>\n<p style=\"text-align: center;\"><a href=\"http:\/\/victoria-rad.de\/wp-content\/uploads\/2019\/12\/20191124_135200.jpg\" target=\"_blank\" rel=\"noopener noreferrer\"><img loading=\"lazy\" decoding=\"async\" class=\"aligncenter wp-image-6659 size-medium\" src=\"http:\/\/victoria-rad.de\/wp-content\/uploads\/2019\/12\/20191124_135200-300x184.jpg\" alt=\"\" width=\"300\" height=\"184\" srcset=\"http:\/\/victoria-rad.de\/wp-content\/uploads\/2019\/12\/20191124_135200-300x184.jpg 300w, http:\/\/victoria-rad.de\/wp-content\/uploads\/2019\/12\/20191124_135200-150x92.jpg 150w, http:\/\/victoria-rad.de\/wp-content\/uploads\/2019\/12\/20191124_135200-768x471.jpg 768w, http:\/\/victoria-rad.de\/wp-content\/uploads\/2019\/12\/20191124_135200.jpg 800w\" sizes=\"auto, (max-width: 300px) 100vw, 300px\" \/><\/a>Victoria &#8211; &#8222;Parilla&#8220; &#8211; einzig umgebautes Renn-Modell&#8230;<\/p>\n<p style=\"text-align: center;\"><span style=\"color: #0000ff;\"><em><strong>Ja, das war die die &#8222;Victoria-Zeit&#8220; vormals &#8222;Frankenburger&amp;Ottenstein&#8220; von 1886 &#8211; 1957&#8230; &#8211; ca. 70 Jahre Firmengeschichte vom Fahrradbau, Motorradbau und einigen vierr\u00e4drigen Fahrzeugen&#8230;Gerade im Motorradbau kann man von einer Vielfalt der Fahrzeuge ab den Zwanziger Jahren sprechen, was da VICTORIA so alles auf den Markt brachte&#8230;Vielf\u00e4ltig und innovativ gerade mit den L\u00e4ngs-Boxer-Modellen und dann im \u00dcbergang zu den Einzylinder-Modellen in den kaum endenden verschiedenen Viertakt und Zweitakt-Modellen in fast allen Hubraum-Klassen&#8230;Nicht zu vergessen die ihrer Zeit voraus eilenden Modelle der &#8222;Fahr-Meister-Kategorie&#8220; und der &#8222;Bergmeister&#8220; im Vorkriegs- und Nachkriegs-Bereich&#8230;Weiterhin nach dem Krieg die ersten Hilfsmotoren, die in einer schier unglaublichen Modell-Vielfalt bis zum Ende hergestellt wurden&#8230; Auch der Motorrad-Bereich der &#8222;F\u00fcnfziger-Jahre&#8220; sucht seinesgleichen, ich erinnere nur an solche technische Details, wie die &#8222;elektro-magnetische Zieh-Keil-Schaltung&#8220;&#8230;<\/strong><\/em><\/span><\/p>\n<p style=\"text-align: center;\"><span style=\"color: #0000ff;\"><strong>An dieser Stelle endet die Victoria &#8211; Geschichte und beginnt der neue Zusammenschluss der Firmen &#8222;Victoria &#8211; DKW &#8211; Express&#8220; zur sogenannten &#8222;Zweirad-Union&#8220;, welche im \u00dcberblick anl\u00e4sslich des 250. Berichtes dieser Webseite im folgenden 251. Bericht vorgestellt wird&#8230;<\/strong><\/span><\/p>\n<h4 style=\"text-align: center;\"><span style=\"color: #ff00ff;\"><strong>Vielen Dank an meine treuen, langj\u00e4hrigen Betrachter der\u00a0<\/strong><\/span><\/h4>\n<h3 style=\"text-align: center;\"><span style=\"color: #ff00ff;\">Webseite &#8211; www.victoria-rad.de<\/span><\/h3>\n<h4 style=\"text-align: center;\"><span style=\"color: #ff00ff;\"><strong>\u00a0 \u00a0Auf jeden Fall werde ich in gewohnter Weise, Euch weiter treu\u00a0 berichten, wenn es auch mit viel Arbeit verbunden ist und einem manchmal die Themen ausgehen&#8230;<\/strong><\/span><\/h4>\n<p><img loading=\"lazy\" decoding=\"async\" class=\"alignnone size-full wp-image-9320 aligncenter\" src=\"http:\/\/victoria-rad.de\/wp-content\/uploads\/2020\/08\/OIP.jpg\" alt=\"\" width=\"175\" height=\"169\" srcset=\"http:\/\/victoria-rad.de\/wp-content\/uploads\/2020\/08\/OIP.jpg 175w, http:\/\/victoria-rad.de\/wp-content\/uploads\/2020\/08\/OIP-150x145.jpg 150w\" sizes=\"auto, (max-width: 175px) 100vw, 175px\" \/><\/p>\n<p><a href=\"http:\/\/victoria-rad.de\/wp-content\/uploads\/2020\/08\/IMG_20190312_0002-2-scaled.jpg\" target=\"_blank\" rel=\"noopener noreferrer\"><img loading=\"lazy\" decoding=\"async\" class=\"aligncenter wp-image-9215 size-medium\" src=\"http:\/\/victoria-rad.de\/wp-content\/uploads\/2020\/08\/IMG_20190312_0002-2-300x102.jpg\" alt=\"\" width=\"300\" height=\"102\" srcset=\"http:\/\/victoria-rad.de\/wp-content\/uploads\/2020\/08\/IMG_20190312_0002-2-300x102.jpg 300w, http:\/\/victoria-rad.de\/wp-content\/uploads\/2020\/08\/IMG_20190312_0002-2-1024x347.jpg 1024w, http:\/\/victoria-rad.de\/wp-content\/uploads\/2020\/08\/IMG_20190312_0002-2-150x51.jpg 150w, http:\/\/victoria-rad.de\/wp-content\/uploads\/2020\/08\/IMG_20190312_0002-2-768x261.jpg 768w, http:\/\/victoria-rad.de\/wp-content\/uploads\/2020\/08\/IMG_20190312_0002-2-1536x521.jpg 1536w, http:\/\/victoria-rad.de\/wp-content\/uploads\/2020\/08\/IMG_20190312_0002-2-2048x695.jpg 2048w\" sizes=\"auto, (max-width: 300px) 100vw, 300px\" \/><\/a><\/p>\n<p><img loading=\"lazy\" decoding=\"async\" class=\"alignnone size-medium wp-image-9188 aligncenter\" src=\"http:\/\/victoria-rad.de\/wp-content\/uploads\/2020\/08\/58-300x14.png\" alt=\"\" width=\"300\" height=\"14\" srcset=\"http:\/\/victoria-rad.de\/wp-content\/uploads\/2020\/08\/58-300x14.png 300w, http:\/\/victoria-rad.de\/wp-content\/uploads\/2020\/08\/58-150x7.png 150w, http:\/\/victoria-rad.de\/wp-content\/uploads\/2020\/08\/58.png 501w\" sizes=\"auto, (max-width: 300px) 100vw, 300px\" \/><\/p>\n<p>&nbsp;<\/p>\n<p>&nbsp;<\/p>\n<p>&nbsp;<\/p>\n<p>&nbsp;<\/p>\n<p>&nbsp;<\/p>\n<p>&nbsp;<\/p>\n<p>&nbsp;<\/p>\n<p>&nbsp;<\/p>\n<p>&nbsp;<\/p>\n<p>&nbsp;<\/p>\n<p>&nbsp;<\/p>\n<p>&nbsp;<\/p>\n<p>&nbsp;<\/p>\n<p>&nbsp;<\/p>\n<p>&nbsp;<\/p>\n<p>&nbsp;<\/p>\n","protected":false},"excerpt":{"rendered":"<p>Jubil\u00e4ums &#8211; Seite des 250. Berichtes der Webseite: \u00a0&#8211; www.victoria-rad.de &#8211; \u00a0 \u00a0 \u00a0 \u00a0 \u00a0 \u00a0Chronologische Bilder-Auswahl der 250 Berichte: Bericht Nr. 250 von M\u00e4rz 2018 &#8211; &#8230;. Der Anfang im Jahr 1886 von Frankenburger &amp; Ottenstein: Hochrad &#8222;Pfeil&#8220; aus dem Gr\u00fcnderjahr&#8230; Die ersten &#8222;Sicherheits-Niederr\u00e4der (Safetys) ab 1892:\u00a0 Niederrad Typ &#8222;A&#8220; von 1892&#8230; Vom &hellip; <a href=\"http:\/\/victoria-rad.de\/?p=9247\" class=\"more-link\"><span class=\"screen-reader-text\">VICTORIA &#8211; JUBIL\u00c4UM &#8211; Bericht Nummer &#8211; 250 &#8211; ein \u00dcberblick in Bildern von 1886 &#8211; 1957, also von F&#038;O &#8211; zum Ende von Victoria<\/span> weiterlesen<\/a><\/p>\n","protected":false},"author":1,"featured_media":0,"comment_status":"open","ping_status":"open","sticky":false,"template":"","format":"standard","meta":{"footnotes":""},"categories":[1],"tags":[],"class_list":["post-9247","post","type-post","status-publish","format-standard","hentry","category-uncategorized"],"_links":{"self":[{"href":"http:\/\/victoria-rad.de\/index.php?rest_route=\/wp\/v2\/posts\/9247","targetHints":{"allow":["GET"]}}],"collection":[{"href":"http:\/\/victoria-rad.de\/index.php?rest_route=\/wp\/v2\/posts"}],"about":[{"href":"http:\/\/victoria-rad.de\/index.php?rest_route=\/wp\/v2\/types\/post"}],"author":[{"embeddable":true,"href":"http:\/\/victoria-rad.de\/index.php?rest_route=\/wp\/v2\/users\/1"}],"replies":[{"embeddable":true,"href":"http:\/\/victoria-rad.de\/index.php?rest_route=%2Fwp%2Fv2%2Fcomments&post=9247"}],"version-history":[{"count":64,"href":"http:\/\/victoria-rad.de\/index.php?rest_route=\/wp\/v2\/posts\/9247\/revisions"}],"predecessor-version":[{"id":10119,"href":"http:\/\/victoria-rad.de\/index.php?rest_route=\/wp\/v2\/posts\/9247\/revisions\/10119"}],"wp:attachment":[{"href":"http:\/\/victoria-rad.de\/index.php?rest_route=%2Fwp%2Fv2%2Fmedia&parent=9247"}],"wp:term":[{"taxonomy":"category","embeddable":true,"href":"http:\/\/victoria-rad.de\/index.php?rest_route=%2Fwp%2Fv2%2Fcategories&post=9247"},{"taxonomy":"post_tag","embeddable":true,"href":"http:\/\/victoria-rad.de\/index.php?rest_route=%2Fwp%2Fv2%2Ftags&post=9247"}],"curies":[{"name":"wp","href":"https:\/\/api.w.org\/{rel}","templated":true}]}}