{"id":10519,"date":"2021-07-30T11:17:27","date_gmt":"2021-07-30T09:17:27","guid":{"rendered":"http:\/\/victoria-rad.de\/?p=10519"},"modified":"2021-07-30T21:35:22","modified_gmt":"2021-07-30T19:35:22","slug":"victoria-treffen-2021-in-weisingen-jetzt-geht-es-los","status":"publish","type":"post","link":"https:\/\/victoria-rad.de\/?p=10519","title":{"rendered":"Victoria &#8211; Treffen 2021 in Weisingen, jetzt geht es los&#8230;"},"content":{"rendered":"<p><em><strong>Ich berichte live, wie zwei Victorianer aus aus Gro\u00dfgemain (\u00d6sterreich) heute zum 32. Victoria-Treffen nach Weisingen in Deutschland aufbrechen&#8230;<\/strong><\/em><\/p>\n<p><em><strong>Unser Victoria-Freund Roman Schmuck hat die Wahl, aber auch die Qual &#8211; welche Motorr\u00e4der soll er mit nehmen ???:<\/strong><\/em><\/p>\n<p style=\"text-align: center;\"><a href=\"http:\/\/victoria-rad.de\/wp-content\/uploads\/2021\/07\/IMG-20210728-WA0000.jpg\" target=\"_blank\" rel=\"noopener\"><img loading=\"lazy\" decoding=\"async\" class=\"aligncenter wp-image-10520 size-medium\" src=\"http:\/\/victoria-rad.de\/wp-content\/uploads\/2021\/07\/IMG-20210728-WA0000-300x215.jpg\" alt=\"\" width=\"300\" height=\"215\" srcset=\"https:\/\/victoria-rad.de\/wp-content\/uploads\/2021\/07\/IMG-20210728-WA0000-300x215.jpg 300w, https:\/\/victoria-rad.de\/wp-content\/uploads\/2021\/07\/IMG-20210728-WA0000-1024x733.jpg 1024w, https:\/\/victoria-rad.de\/wp-content\/uploads\/2021\/07\/IMG-20210728-WA0000-150x107.jpg 150w, https:\/\/victoria-rad.de\/wp-content\/uploads\/2021\/07\/IMG-20210728-WA0000-768x550.jpg 768w, https:\/\/victoria-rad.de\/wp-content\/uploads\/2021\/07\/IMG-20210728-WA0000.jpg 1200w\" sizes=\"auto, (max-width: 300px) 100vw, 300px\" \/><\/a>in seinem privaten Museum steht so einiges&#8230;<\/p>\n<p>Die zwei Maschinen werden mitgenommen (das japanische ist uns bereits bekannt und geh\u00f6rt dem Rupert), \u00fcber das andere brauch ich nicht res\u00fcmieren&#8230;<\/p>\n<p style=\"text-align: center;\"><a href=\"http:\/\/victoria-rad.de\/wp-content\/uploads\/2021\/07\/IMG-20210729-WA0001.jpg\" target=\"_blank\" rel=\"noopener\"><img loading=\"lazy\" decoding=\"async\" class=\"aligncenter wp-image-10521 size-medium\" src=\"http:\/\/victoria-rad.de\/wp-content\/uploads\/2021\/07\/IMG-20210729-WA0001-300x169.jpg\" alt=\"\" width=\"300\" height=\"169\" srcset=\"https:\/\/victoria-rad.de\/wp-content\/uploads\/2021\/07\/IMG-20210729-WA0001-300x169.jpg 300w, https:\/\/victoria-rad.de\/wp-content\/uploads\/2021\/07\/IMG-20210729-WA0001-1024x576.jpg 1024w, https:\/\/victoria-rad.de\/wp-content\/uploads\/2021\/07\/IMG-20210729-WA0001-150x84.jpg 150w, https:\/\/victoria-rad.de\/wp-content\/uploads\/2021\/07\/IMG-20210729-WA0001-768x432.jpg 768w, https:\/\/victoria-rad.de\/wp-content\/uploads\/2021\/07\/IMG-20210729-WA0001.jpg 1200w\" sizes=\"auto, (max-width: 300px) 100vw, 300px\" \/><\/a><\/p>\n<p style=\"text-align: center;\"><a href=\"http:\/\/victoria-rad.de\/wp-content\/uploads\/2021\/07\/IMG-20210729-WA0012.jpg\" target=\"_blank\" rel=\"noopener\"><img loading=\"lazy\" decoding=\"async\" class=\"aligncenter wp-image-10529 size-medium\" src=\"http:\/\/victoria-rad.de\/wp-content\/uploads\/2021\/07\/IMG-20210729-WA0012-231x300.jpg\" alt=\"\" width=\"231\" height=\"300\" srcset=\"https:\/\/victoria-rad.de\/wp-content\/uploads\/2021\/07\/IMG-20210729-WA0012-231x300.jpg 231w, https:\/\/victoria-rad.de\/wp-content\/uploads\/2021\/07\/IMG-20210729-WA0012-787x1024.jpg 787w, https:\/\/victoria-rad.de\/wp-content\/uploads\/2021\/07\/IMG-20210729-WA0012-115x150.jpg 115w, https:\/\/victoria-rad.de\/wp-content\/uploads\/2021\/07\/IMG-20210729-WA0012-768x999.jpg 768w, https:\/\/victoria-rad.de\/wp-content\/uploads\/2021\/07\/IMG-20210729-WA0012.jpg 899w\" sizes=\"auto, (max-width: 231px) 100vw, 231px\" \/><\/a>Der Rupert&#8230;<\/p>\n<p style=\"text-align: center;\">Der Roman wollte eigentlich die rennm\u00e4\u00dfig modifizierte &#8222;Renn-Parilla&#8220; mit nehmen, aber es leider zu wenig Platz auf dem H\u00e4nger.<\/p>\n<p><a href=\"http:\/\/victoria-rad.de\/wp-content\/uploads\/2021\/07\/IMG-20210729-WA0006.jpg\" target=\"_blank\" rel=\"noopener\"><img loading=\"lazy\" decoding=\"async\" class=\"aligncenter wp-image-10524 size-medium\" src=\"http:\/\/victoria-rad.de\/wp-content\/uploads\/2021\/07\/IMG-20210729-WA0006-300x209.jpg\" alt=\"\" width=\"300\" height=\"209\" srcset=\"https:\/\/victoria-rad.de\/wp-content\/uploads\/2021\/07\/IMG-20210729-WA0006-300x209.jpg 300w, https:\/\/victoria-rad.de\/wp-content\/uploads\/2021\/07\/IMG-20210729-WA0006-150x105.jpg 150w, https:\/\/victoria-rad.de\/wp-content\/uploads\/2021\/07\/IMG-20210729-WA0006-768x535.jpg 768w, https:\/\/victoria-rad.de\/wp-content\/uploads\/2021\/07\/IMG-20210729-WA0006.jpg 1000w\" sizes=\"auto, (max-width: 300px) 100vw, 300px\" \/><\/a><\/p>\n<p style=\"text-align: center;\"><em><strong>Wo er die wohl ergattert hat ???<\/strong><\/em><\/p>\n<p style=\"text-align: left;\">Nun nochmal schlafen, dann morgen fr\u00fch 7.00 Uhr &#8211; START:<\/p>\n<p style=\"text-align: center;\"><a href=\"http:\/\/victoria-rad.de\/wp-content\/uploads\/2021\/07\/IMG-20210729-WA0002.jpg\" target=\"_blank\" rel=\"noopener\"><img loading=\"lazy\" decoding=\"async\" class=\"alignnone wp-image-10522 size-medium\" src=\"http:\/\/victoria-rad.de\/wp-content\/uploads\/2021\/07\/IMG-20210729-WA0002-300x142.jpg\" alt=\"\" width=\"300\" height=\"142\" srcset=\"https:\/\/victoria-rad.de\/wp-content\/uploads\/2021\/07\/IMG-20210729-WA0002-300x142.jpg 300w, https:\/\/victoria-rad.de\/wp-content\/uploads\/2021\/07\/IMG-20210729-WA0002-1024x486.jpg 1024w, https:\/\/victoria-rad.de\/wp-content\/uploads\/2021\/07\/IMG-20210729-WA0002-150x71.jpg 150w, https:\/\/victoria-rad.de\/wp-content\/uploads\/2021\/07\/IMG-20210729-WA0002-768x365.jpg 768w, https:\/\/victoria-rad.de\/wp-content\/uploads\/2021\/07\/IMG-20210729-WA0002.jpg 1241w\" sizes=\"auto, (max-width: 300px) 100vw, 300px\" \/><\/a><\/p>\n<p>Ein Bier geht aber noch:<\/p>\n<p><a href=\"http:\/\/victoria-rad.de\/wp-content\/uploads\/2021\/07\/IMG-20210729-WA0009.jpg\" target=\"_blank\" rel=\"noopener\"><img loading=\"lazy\" decoding=\"async\" class=\"aligncenter wp-image-10525 size-medium\" src=\"http:\/\/victoria-rad.de\/wp-content\/uploads\/2021\/07\/IMG-20210729-WA0009-300x225.jpg\" alt=\"\" width=\"300\" height=\"225\" srcset=\"https:\/\/victoria-rad.de\/wp-content\/uploads\/2021\/07\/IMG-20210729-WA0009-300x225.jpg 300w, https:\/\/victoria-rad.de\/wp-content\/uploads\/2021\/07\/IMG-20210729-WA0009-1024x768.jpg 1024w, https:\/\/victoria-rad.de\/wp-content\/uploads\/2021\/07\/IMG-20210729-WA0009-150x113.jpg 150w, https:\/\/victoria-rad.de\/wp-content\/uploads\/2021\/07\/IMG-20210729-WA0009-768x576.jpg 768w, https:\/\/victoria-rad.de\/wp-content\/uploads\/2021\/07\/IMG-20210729-WA0009.jpg 1288w\" sizes=\"auto, (max-width: 300px) 100vw, 300px\" \/><\/a><\/p>\n<p>Start in Gro\u00dfgemein 7,00 Uhr &#8211; auf der Autobahn aber schon wieder Stau:<\/p>\n<p style=\"text-align: center;\"><a href=\"http:\/\/victoria-rad.de\/wp-content\/uploads\/2021\/07\/IMG-20210730-WA0001.jpg\" target=\"_blank\" rel=\"noopener\"><img loading=\"lazy\" decoding=\"async\" class=\"aligncenter wp-image-10526 size-medium\" src=\"http:\/\/victoria-rad.de\/wp-content\/uploads\/2021\/07\/IMG-20210730-WA0001-300x169.jpg\" alt=\"\" width=\"300\" height=\"169\" srcset=\"https:\/\/victoria-rad.de\/wp-content\/uploads\/2021\/07\/IMG-20210730-WA0001-300x169.jpg 300w, https:\/\/victoria-rad.de\/wp-content\/uploads\/2021\/07\/IMG-20210730-WA0001-1024x576.jpg 1024w, https:\/\/victoria-rad.de\/wp-content\/uploads\/2021\/07\/IMG-20210730-WA0001-150x84.jpg 150w, https:\/\/victoria-rad.de\/wp-content\/uploads\/2021\/07\/IMG-20210730-WA0001-768x432.jpg 768w, https:\/\/victoria-rad.de\/wp-content\/uploads\/2021\/07\/IMG-20210730-WA0001.jpg 1200w\" sizes=\"auto, (max-width: 300px) 100vw, 300px\" \/><\/a>Na die wollen alle aufs\u00a0<em><strong>&#8222;Victoria &#8211; Treffen&#8220;&#8230;<\/strong><\/em><\/p>\n<p><em><strong>In der Zwischenzeit und am Tag davor wurde vom Veranstalter das Treffen-Gel\u00e4nde und die baulichen Vorbereitungen vorgenommen:<\/strong><\/em><\/p>\n<p style=\"text-align: center;\"><a href=\"http:\/\/victoria-rad.de\/wp-content\/uploads\/2021\/07\/IMG-20210730-WA0002.jpg\" target=\"_blank\" rel=\"noopener\"><img loading=\"lazy\" decoding=\"async\" class=\"aligncenter wp-image-10532 size-medium\" src=\"http:\/\/victoria-rad.de\/wp-content\/uploads\/2021\/07\/IMG-20210730-WA0002-300x169.jpg\" alt=\"\" width=\"300\" height=\"169\" srcset=\"https:\/\/victoria-rad.de\/wp-content\/uploads\/2021\/07\/IMG-20210730-WA0002-300x169.jpg 300w, https:\/\/victoria-rad.de\/wp-content\/uploads\/2021\/07\/IMG-20210730-WA0002-150x84.jpg 150w, https:\/\/victoria-rad.de\/wp-content\/uploads\/2021\/07\/IMG-20210730-WA0002-768x432.jpg 768w, https:\/\/victoria-rad.de\/wp-content\/uploads\/2021\/07\/IMG-20210730-WA0002.jpg 1000w\" sizes=\"auto, (max-width: 300px) 100vw, 300px\" \/><\/a>Der Norbert m\u00e4ht selbst&#8230;<\/p>\n<p>Der Aufbau vom Festzelt mit Mitgliedern der IG:<\/p>\n<p><a href=\"http:\/\/victoria-rad.de\/wp-content\/uploads\/2021\/07\/IMG-20210730-WA0006.jpg\" target=\"_blank\" rel=\"noopener\"><img loading=\"lazy\" decoding=\"async\" class=\"aligncenter wp-image-10533 size-medium\" src=\"http:\/\/victoria-rad.de\/wp-content\/uploads\/2021\/07\/IMG-20210730-WA0006-300x169.jpg\" alt=\"\" width=\"300\" height=\"169\" srcset=\"https:\/\/victoria-rad.de\/wp-content\/uploads\/2021\/07\/IMG-20210730-WA0006-300x169.jpg 300w, https:\/\/victoria-rad.de\/wp-content\/uploads\/2021\/07\/IMG-20210730-WA0006-1024x576.jpg 1024w, https:\/\/victoria-rad.de\/wp-content\/uploads\/2021\/07\/IMG-20210730-WA0006-150x84.jpg 150w, https:\/\/victoria-rad.de\/wp-content\/uploads\/2021\/07\/IMG-20210730-WA0006-768x432.jpg 768w, https:\/\/victoria-rad.de\/wp-content\/uploads\/2021\/07\/IMG-20210730-WA0006-1536x864.jpg 1536w, https:\/\/victoria-rad.de\/wp-content\/uploads\/2021\/07\/IMG-20210730-WA0006.jpg 1600w\" sizes=\"auto, (max-width: 300px) 100vw, 300px\" \/><\/a><\/p>\n<p style=\"text-align: center;\"><a href=\"http:\/\/victoria-rad.de\/wp-content\/uploads\/2021\/07\/IMG-20210730-WA0003.jpg\" target=\"_blank\" rel=\"noopener\"><img loading=\"lazy\" decoding=\"async\" class=\"aligncenter wp-image-10534 size-medium\" src=\"http:\/\/victoria-rad.de\/wp-content\/uploads\/2021\/07\/IMG-20210730-WA0003-169x300.jpg\" alt=\"\" width=\"169\" height=\"300\" srcset=\"https:\/\/victoria-rad.de\/wp-content\/uploads\/2021\/07\/IMG-20210730-WA0003-169x300.jpg 169w, https:\/\/victoria-rad.de\/wp-content\/uploads\/2021\/07\/IMG-20210730-WA0003-576x1024.jpg 576w, https:\/\/victoria-rad.de\/wp-content\/uploads\/2021\/07\/IMG-20210730-WA0003-84x150.jpg 84w, https:\/\/victoria-rad.de\/wp-content\/uploads\/2021\/07\/IMG-20210730-WA0003-768x1365.jpg 768w, https:\/\/victoria-rad.de\/wp-content\/uploads\/2021\/07\/IMG-20210730-WA0003-864x1536.jpg 864w, https:\/\/victoria-rad.de\/wp-content\/uploads\/2021\/07\/IMG-20210730-WA0003.jpg 900w\" sizes=\"auto, (max-width: 169px) 100vw, 169px\" \/><\/a>Fertig&#8230;<\/p>\n<p>Der Anmelde-Bereich, der Corona-Situation angepasst:<\/p>\n<p><a href=\"http:\/\/victoria-rad.de\/wp-content\/uploads\/2021\/07\/IMG-20210730-WA0008.jpg\" target=\"_blank\" rel=\"noopener\"><img loading=\"lazy\" decoding=\"async\" class=\"aligncenter wp-image-10535 size-medium\" src=\"http:\/\/victoria-rad.de\/wp-content\/uploads\/2021\/07\/IMG-20210730-WA0008-300x169.jpg\" alt=\"\" width=\"300\" height=\"169\" srcset=\"https:\/\/victoria-rad.de\/wp-content\/uploads\/2021\/07\/IMG-20210730-WA0008-300x169.jpg 300w, https:\/\/victoria-rad.de\/wp-content\/uploads\/2021\/07\/IMG-20210730-WA0008-1024x576.jpg 1024w, https:\/\/victoria-rad.de\/wp-content\/uploads\/2021\/07\/IMG-20210730-WA0008-150x84.jpg 150w, https:\/\/victoria-rad.de\/wp-content\/uploads\/2021\/07\/IMG-20210730-WA0008-768x432.jpg 768w, https:\/\/victoria-rad.de\/wp-content\/uploads\/2021\/07\/IMG-20210730-WA0008.jpg 1200w\" sizes=\"auto, (max-width: 300px) 100vw, 300px\" \/><\/a><\/p>\n<p>Roman und Rupert sind jetzt auch eingetroffen:<\/p>\n<p><a href=\"http:\/\/victoria-rad.de\/wp-content\/uploads\/2021\/07\/IMG-20210730-WA00141.jpg.png\" target=\"_blank\" rel=\"noopener\"><img loading=\"lazy\" decoding=\"async\" class=\"aligncenter wp-image-10536 size-medium\" src=\"http:\/\/victoria-rad.de\/wp-content\/uploads\/2021\/07\/IMG-20210730-WA00141.jpg-300x169.png\" alt=\"\" width=\"300\" height=\"169\" srcset=\"https:\/\/victoria-rad.de\/wp-content\/uploads\/2021\/07\/IMG-20210730-WA00141.jpg-300x169.png 300w, https:\/\/victoria-rad.de\/wp-content\/uploads\/2021\/07\/IMG-20210730-WA00141.jpg-1024x576.png 1024w, https:\/\/victoria-rad.de\/wp-content\/uploads\/2021\/07\/IMG-20210730-WA00141.jpg-150x84.png 150w, https:\/\/victoria-rad.de\/wp-content\/uploads\/2021\/07\/IMG-20210730-WA00141.jpg-768x432.png 768w, https:\/\/victoria-rad.de\/wp-content\/uploads\/2021\/07\/IMG-20210730-WA00141.jpg.png 1200w\" sizes=\"auto, (max-width: 300px) 100vw, 300px\" \/><\/a><\/p>\n<p style=\"text-align: center;\"><em><strong>Als Hinweis: Roman l\u00e4sst &#8222;Kinder-Laufr\u00e4der&#8220; in Form eines Victoria-Motorrades herstellen &#8211; es steht auf dem Dach des Anh\u00e4ngers&#8230; !!!<\/strong><\/em><\/p>\n<p style=\"text-align: center;\"><a href=\"http:\/\/victoria-rad.de\/wp-content\/uploads\/2021\/07\/IMG-20210714-WA0010.jpg\" target=\"_blank\" rel=\"noopener\"><img loading=\"lazy\" decoding=\"async\" class=\"aligncenter wp-image-10538 size-medium\" src=\"http:\/\/victoria-rad.de\/wp-content\/uploads\/2021\/07\/IMG-20210714-WA0010-169x300.jpg\" alt=\"\" width=\"169\" height=\"300\" srcset=\"https:\/\/victoria-rad.de\/wp-content\/uploads\/2021\/07\/IMG-20210714-WA0010-169x300.jpg 169w, https:\/\/victoria-rad.de\/wp-content\/uploads\/2021\/07\/IMG-20210714-WA0010-576x1024.jpg 576w, https:\/\/victoria-rad.de\/wp-content\/uploads\/2021\/07\/IMG-20210714-WA0010-84x150.jpg 84w, https:\/\/victoria-rad.de\/wp-content\/uploads\/2021\/07\/IMG-20210714-WA0010-768x1365.jpg 768w, https:\/\/victoria-rad.de\/wp-content\/uploads\/2021\/07\/IMG-20210714-WA0010-864x1536.jpg 864w, https:\/\/victoria-rad.de\/wp-content\/uploads\/2021\/07\/IMG-20210714-WA0010.jpg 900w\" sizes=\"auto, (max-width: 169px) 100vw, 169px\" \/>Das ist es&#8230;<\/a><\/p>\n<p style=\"text-align: center;\"><em><strong>Liebe Victoria-Freunde, jetzt kann es los gehen mit dem Treffen&#8230; Wir w\u00fcnschen allen ein gutes &#8222;Gelingen&#8220; und viel Spa\u00df dabei&#8230;<\/strong><\/em><\/p>\n<p style=\"text-align: center;\"><strong>P.S. ich berichte weiter \u00fcbers Wochenende, schaut einfach jeden Tag mal rein auf meiner Webseite www.victoria-rad.de<\/strong><\/p>\n<p><img loading=\"lazy\" decoding=\"async\" class=\"alignnone size-medium wp-image-10537 aligncenter\" src=\"http:\/\/victoria-rad.de\/wp-content\/uploads\/2021\/07\/IMG_20190312_0002-300x102.jpg\" alt=\"\" width=\"300\" height=\"102\" srcset=\"https:\/\/victoria-rad.de\/wp-content\/uploads\/2021\/07\/IMG_20190312_0002-300x102.jpg 300w, https:\/\/victoria-rad.de\/wp-content\/uploads\/2021\/07\/IMG_20190312_0002-1024x347.jpg 1024w, https:\/\/victoria-rad.de\/wp-content\/uploads\/2021\/07\/IMG_20190312_0002-150x51.jpg 150w, https:\/\/victoria-rad.de\/wp-content\/uploads\/2021\/07\/IMG_20190312_0002-768x261.jpg 768w, https:\/\/victoria-rad.de\/wp-content\/uploads\/2021\/07\/IMG_20190312_0002-1536x521.jpg 1536w, https:\/\/victoria-rad.de\/wp-content\/uploads\/2021\/07\/IMG_20190312_0002-2048x695.jpg 2048w\" sizes=\"auto, (max-width: 300px) 100vw, 300px\" \/><img loading=\"lazy\" decoding=\"async\" class=\"alignnone size-medium wp-image-10292 aligncenter\" src=\"http:\/\/victoria-rad.de\/wp-content\/uploads\/2021\/03\/58-300x14.png\" alt=\"\" width=\"300\" height=\"14\" srcset=\"https:\/\/victoria-rad.de\/wp-content\/uploads\/2021\/03\/58-300x14.png 300w, https:\/\/victoria-rad.de\/wp-content\/uploads\/2021\/03\/58-150x7.png 150w, https:\/\/victoria-rad.de\/wp-content\/uploads\/2021\/03\/58.png 501w\" sizes=\"auto, (max-width: 300px) 100vw, 300px\" \/><\/p>\n<p>&nbsp;<\/p>\n<p>&nbsp;<\/p>\n<p>&nbsp;<\/p>\n<p>&nbsp;<\/p>\n","protected":false},"excerpt":{"rendered":"<p>Ich berichte live, wie zwei Victorianer aus aus Gro\u00dfgemain (\u00d6sterreich) heute zum 32. Victoria-Treffen nach Weisingen in Deutschland aufbrechen&#8230; Unser Victoria-Freund Roman Schmuck hat die Wahl, aber auch die Qual &#8211; welche Motorr\u00e4der soll er mit nehmen ???: in seinem privaten Museum steht so einiges&#8230; Die zwei Maschinen werden mitgenommen (das japanische ist uns bereits &hellip; <a href=\"https:\/\/victoria-rad.de\/?p=10519\" class=\"more-link\"><span class=\"screen-reader-text\">Victoria &#8211; Treffen 2021 in Weisingen, jetzt geht es los&#8230;<\/span> weiterlesen<\/a><\/p>\n","protected":false},"author":1,"featured_media":0,"comment_status":"open","ping_status":"open","sticky":false,"template":"","format":"standard","meta":{"footnotes":""},"categories":[1],"tags":[],"class_list":["post-10519","post","type-post","status-publish","format-standard","hentry","category-uncategorized"],"_links":{"self":[{"href":"https:\/\/victoria-rad.de\/index.php?rest_route=\/wp\/v2\/posts\/10519","targetHints":{"allow":["GET"]}}],"collection":[{"href":"https:\/\/victoria-rad.de\/index.php?rest_route=\/wp\/v2\/posts"}],"about":[{"href":"https:\/\/victoria-rad.de\/index.php?rest_route=\/wp\/v2\/types\/post"}],"author":[{"embeddable":true,"href":"https:\/\/victoria-rad.de\/index.php?rest_route=\/wp\/v2\/users\/1"}],"replies":[{"embeddable":true,"href":"https:\/\/victoria-rad.de\/index.php?rest_route=%2Fwp%2Fv2%2Fcomments&post=10519"}],"version-history":[{"count":11,"href":"https:\/\/victoria-rad.de\/index.php?rest_route=\/wp\/v2\/posts\/10519\/revisions"}],"predecessor-version":[{"id":10544,"href":"https:\/\/victoria-rad.de\/index.php?rest_route=\/wp\/v2\/posts\/10519\/revisions\/10544"}],"wp:attachment":[{"href":"https:\/\/victoria-rad.de\/index.php?rest_route=%2Fwp%2Fv2%2Fmedia&parent=10519"}],"wp:term":[{"taxonomy":"category","embeddable":true,"href":"https:\/\/victoria-rad.de\/index.php?rest_route=%2Fwp%2Fv2%2Fcategories&post=10519"},{"taxonomy":"post_tag","embeddable":true,"href":"https:\/\/victoria-rad.de\/index.php?rest_route=%2Fwp%2Fv2%2Ftags&post=10519"}],"curies":[{"name":"wp","href":"https:\/\/api.w.org\/{rel}","templated":true}]}}