{"id":11026,"date":"2022-01-21T17:15:05","date_gmt":"2022-01-21T16:15:05","guid":{"rendered":"http:\/\/victoria-rad.de\/?p=11026"},"modified":"2022-01-21T17:31:32","modified_gmt":"2022-01-21T16:31:32","slug":"victoria-kr2-motorrad-in-bildern-mit-kurzbeschreibung","status":"publish","type":"post","link":"https:\/\/victoria-rad.de\/?p=11026","title":{"rendered":"Victoria KR2 Motorrad in Bildern mit Kurzbeschreibung&#8230;"},"content":{"rendered":"<h6 style=\"text-align: center;\"><em><strong>Liebe Leser meiner Webseite nun geht es in der Chronologie \u00fcber die Motorr\u00e4der ab der &#8222;Zwanziger Jahre&#8220; weiter mit dem Typ K.R.II.<\/strong><\/em><\/h6>\r\n<h4><span style=\"color: #0000ff;\">Victoria Motorrad Typ K.R.II.\u00a0 &#8211;\u00a0 Motor-kopfgesteuert beginnend ab dem Jahr 1922:<\/span><\/h4>\r\n<p><a href=\"http:\/\/victoria-rad.de\/wp-content\/uploads\/2018\/07\/Victoria-KR2.jpg\" target=\"_blank\" rel=\"noopener noreferrer\"><img loading=\"lazy\" decoding=\"async\" class=\"aligncenter wp-image-1525\" src=\"http:\/\/victoria-rad.de\/wp-content\/uploads\/2018\/07\/Victoria-KR2-195x300.jpg\" alt=\"\" width=\"195\" height=\"300\" srcset=\"https:\/\/victoria-rad.de\/wp-content\/uploads\/2018\/07\/Victoria-KR2-195x300.jpg 195w, https:\/\/victoria-rad.de\/wp-content\/uploads\/2018\/07\/Victoria-KR2-768x1184.jpg 768w, https:\/\/victoria-rad.de\/wp-content\/uploads\/2018\/07\/Victoria-KR2-664x1024.jpg 664w, https:\/\/victoria-rad.de\/wp-content\/uploads\/2018\/07\/Victoria-KR2.jpg 1921w\" sizes=\"auto, (max-width: 195px) 100vw, 195px\" \/><\/a><\/p>\r\n<p>Der geniale Konstrukteur Martin Stolle trennte sich von BMW und begann ab 1922 bei der Firma Sedlbauer in M\u00fcnchen einen neuen kopfgesteuerten Motor zu entwickeln. Mitte des Jahres 1922 war der Motor mit \u00a0 9 PS und 499 ccm bereits startf\u00e4hig. Victoria bezog den Motor von der Firma Sedlbauer und er das Motorrad K.R.II. eingebaut. Ende September 1923 \u00fcbernahm die Victoria dann die Firma Wilhelm Sedlbauer mit samt allen Inventar und Personal. Der Konstrukteur Martin Stolle wechselte nat\u00fcrlich mit zu Victoria.<\/p>\r\n<!-- \/wp:post-content -->\r\n\r\n<!-- wp:image {\"id\":686,\"align\":\"center\"} \/-->\r\n\r\n<!-- wp:paragraph \/-->\r\n\r\n<!-- wp:image {\"id\":684,\"align\":\"center\"} \/-->\r\n\r\n<!-- wp:image {\"id\":660,\"align\":\"center\"} \/-->\r\n\r\n<!-- wp:paragraph \/-->\r\n\r\n<!-- wp:image {\"id\":694,\"align\":\"center\"} \/-->\r\n\r\n<!-- wp:paragraph \/-->\r\n\r\n<!-- wp:image {\"id\":695,\"align\":\"center\"} \/-->\r\n\r\n<!-- wp:paragraph \/-->\r\n\r\n<!-- wp:image {\"id\":696,\"align\":\"center\"} -->\r\n<div class=\"wp-block-image\">\u00a0<\/div>\r\n<div class=\"wp-block-image\">\r\n<figure class=\"aligncenter\"><a href=\"http:\/\/victoria-rad.de\/wp-content\/uploads\/2018\/07\/IMG_20180716_0010.jpg\" target=\"_blank\" rel=\"noopener noreferrer\"><img loading=\"lazy\" decoding=\"async\" class=\"aligncenter wp-image-662\" src=\"http:\/\/victoria-rad.de\/wp-content\/uploads\/2018\/07\/IMG_20180716_0010-300x217.jpg\" alt=\"\" width=\"300\" height=\"217\" srcset=\"https:\/\/victoria-rad.de\/wp-content\/uploads\/2018\/07\/IMG_20180716_0010-300x217.jpg 300w, https:\/\/victoria-rad.de\/wp-content\/uploads\/2018\/07\/IMG_20180716_0010-768x555.jpg 768w, https:\/\/victoria-rad.de\/wp-content\/uploads\/2018\/07\/IMG_20180716_0010-1024x740.jpg 1024w\" sizes=\"auto, (max-width: 300px) 100vw, 300px\" \/><\/a><\/figure>\r\n<\/div>\r\n<!-- \/wp:image -->\r\n\r\n<!-- wp:paragraph -->\r\n<p style=\"text-align: center;\">Der neue OHV-gesteuerte Motor mit innen liegenden Vergaser (Luftansaugung vorn rechts) und die Zylinderk\u00f6pfe mit den angegossenen Kipphebelbr\u00fccken aus einem Gussteil. Die Bohrung betr\u00e4gt 64 x 70,5 mm, der Kolben ist eine Aluminiumlegierung. Die Zylinder sind auch aus Aluminium mit Graugusslaufbuchse. Pleuel &#8211; rollengelagert.<\/p>\r\n<!-- \/wp:paragraph -->\r\n\r\n<!-- wp:image {\"id\":697,\"align\":\"center\"} -->\r\n<div class=\"wp-block-image\">\r\n<figure class=\"aligncenter\"><a href=\"http:\/\/victoria-rad.de\/wp-content\/uploads\/2018\/07\/Victoria-Treffen-2013-032-1.jpg\" target=\"_blank\" rel=\"noopener noreferrer\"><img loading=\"lazy\" decoding=\"async\" class=\"aligncenter wp-image-697\" src=\"http:\/\/victoria-rad.de\/wp-content\/uploads\/2018\/07\/Victoria-Treffen-2013-032-1-300x201.jpg\" alt=\"\" width=\"300\" height=\"201\" srcset=\"https:\/\/victoria-rad.de\/wp-content\/uploads\/2018\/07\/Victoria-Treffen-2013-032-1-300x201.jpg 300w, https:\/\/victoria-rad.de\/wp-content\/uploads\/2018\/07\/Victoria-Treffen-2013-032-1-768x514.jpg 768w, https:\/\/victoria-rad.de\/wp-content\/uploads\/2018\/07\/Victoria-Treffen-2013-032-1-1024x685.jpg 1024w\" sizes=\"auto, (max-width: 300px) 100vw, 300px\" \/><\/a><\/figure>\r\n<\/div>\r\n<!-- \/wp:image -->\r\n\r\n<!-- wp:paragraph -->\r\n<p style=\"text-align: center;\">Originaler K.R.II. Motor erste Serie.<\/p>\r\n<p>Restaurierte Victoria K.R.II.:<\/p>\r\n<p><a href=\"http:\/\/victoria-rad.de\/wp-content\/uploads\/2021\/11\/KRII.jpg\" target=\"_blank\" rel=\"noopener\"><img loading=\"lazy\" decoding=\"async\" class=\"aligncenter wp-image-11030 size-medium\" src=\"http:\/\/victoria-rad.de\/wp-content\/uploads\/2021\/11\/KRII-300x179.jpg\" alt=\"\" width=\"300\" height=\"179\" srcset=\"https:\/\/victoria-rad.de\/wp-content\/uploads\/2021\/11\/KRII-300x179.jpg 300w, https:\/\/victoria-rad.de\/wp-content\/uploads\/2021\/11\/KRII-150x90.jpg 150w, https:\/\/victoria-rad.de\/wp-content\/uploads\/2021\/11\/KRII-768x458.jpg 768w, https:\/\/victoria-rad.de\/wp-content\/uploads\/2021\/11\/KRII.jpg 1024w\" sizes=\"auto, (max-width: 300px) 100vw, 300px\" \/><\/a><\/p>\r\n<p><a href=\"http:\/\/victoria-rad.de\/wp-content\/uploads\/2021\/11\/KRII-1.jpg\" target=\"_blank\" rel=\"noopener\"><img loading=\"lazy\" decoding=\"async\" class=\"aligncenter wp-image-11031 size-medium\" src=\"http:\/\/victoria-rad.de\/wp-content\/uploads\/2021\/11\/KRII-1-300x195.jpg\" alt=\"\" width=\"300\" height=\"195\" srcset=\"https:\/\/victoria-rad.de\/wp-content\/uploads\/2021\/11\/KRII-1-300x195.jpg 300w, https:\/\/victoria-rad.de\/wp-content\/uploads\/2021\/11\/KRII-1-150x98.jpg 150w, https:\/\/victoria-rad.de\/wp-content\/uploads\/2021\/11\/KRII-1-768x500.jpg 768w, https:\/\/victoria-rad.de\/wp-content\/uploads\/2021\/11\/KRII-1.jpg 1024w\" sizes=\"auto, (max-width: 300px) 100vw, 300px\" \/><\/a><\/p>\r\n<p>Originaler Motor K.R.II.:<\/p>\r\n<p><a href=\"http:\/\/victoria-rad.de\/wp-content\/uploads\/2018\/07\/DSCN0812.jpg\" target=\"_blank\" rel=\"noopener noreferrer\"><img loading=\"lazy\" decoding=\"async\" class=\"aligncenter wp-image-704\" src=\"http:\/\/victoria-rad.de\/wp-content\/uploads\/2018\/07\/DSCN0812-300x225.jpg\" alt=\"\" width=\"300\" height=\"225\" srcset=\"https:\/\/victoria-rad.de\/wp-content\/uploads\/2018\/07\/DSCN0812-300x225.jpg 300w, https:\/\/victoria-rad.de\/wp-content\/uploads\/2018\/07\/DSCN0812-768x576.jpg 768w, https:\/\/victoria-rad.de\/wp-content\/uploads\/2018\/07\/DSCN0812-1024x768.jpg 1024w\" sizes=\"auto, (max-width: 300px) 100vw, 300px\" \/><\/a><\/p>\r\n<p><a href=\"http:\/\/victoria-rad.de\/wp-content\/uploads\/2018\/07\/DSCN0810.jpg\" target=\"_blank\" rel=\"noopener noreferrer\"><img loading=\"lazy\" decoding=\"async\" class=\"aligncenter wp-image-706\" src=\"http:\/\/victoria-rad.de\/wp-content\/uploads\/2018\/07\/DSCN0810-300x225.jpg\" alt=\"\" width=\"300\" height=\"225\" srcset=\"https:\/\/victoria-rad.de\/wp-content\/uploads\/2018\/07\/DSCN0810-300x225.jpg 300w, https:\/\/victoria-rad.de\/wp-content\/uploads\/2018\/07\/DSCN0810-768x576.jpg 768w, https:\/\/victoria-rad.de\/wp-content\/uploads\/2018\/07\/DSCN0810-1024x768.jpg 1024w\" sizes=\"auto, (max-width: 300px) 100vw, 300px\" \/>\u00a0<\/a>Tolle Victoria K.R.II. mit fast authentischer Restauration:<\/p>\r\n<p><img loading=\"lazy\" decoding=\"async\" class=\"alignnone size-medium wp-image-11651 aligncenter\" src=\"http:\/\/victoria-rad.de\/wp-content\/uploads\/2022\/01\/Victoria-K.R.II_.-1-300x225.jpg\" alt=\"\" width=\"300\" height=\"225\" srcset=\"https:\/\/victoria-rad.de\/wp-content\/uploads\/2022\/01\/Victoria-K.R.II_.-1-300x225.jpg 300w, https:\/\/victoria-rad.de\/wp-content\/uploads\/2022\/01\/Victoria-K.R.II_.-1-150x113.jpg 150w, https:\/\/victoria-rad.de\/wp-content\/uploads\/2022\/01\/Victoria-K.R.II_.-1-768x576.jpg 768w, https:\/\/victoria-rad.de\/wp-content\/uploads\/2022\/01\/Victoria-K.R.II_.-1.jpg 1024w\" sizes=\"auto, (max-width: 300px) 100vw, 300px\" \/><\/p>\r\n<p><img loading=\"lazy\" decoding=\"async\" class=\"alignnone size-medium wp-image-11650 aligncenter\" src=\"http:\/\/victoria-rad.de\/wp-content\/uploads\/2022\/01\/Victoria-K.R.II_.2-1-300x225.jpg\" alt=\"\" width=\"300\" height=\"225\" srcset=\"https:\/\/victoria-rad.de\/wp-content\/uploads\/2022\/01\/Victoria-K.R.II_.2-1-300x225.jpg 300w, https:\/\/victoria-rad.de\/wp-content\/uploads\/2022\/01\/Victoria-K.R.II_.2-1-150x113.jpg 150w, https:\/\/victoria-rad.de\/wp-content\/uploads\/2022\/01\/Victoria-K.R.II_.2-1-768x576.jpg 768w, https:\/\/victoria-rad.de\/wp-content\/uploads\/2022\/01\/Victoria-K.R.II_.2-1.jpg 1024w\" sizes=\"auto, (max-width: 300px) 100vw, 300px\" \/><\/p>\r\n<p>Originale Bilder mit der ersten Vorderrad-Gabel noch von K.R.I. &#8211; Zeiten stammend:<a href=\"http:\/\/victoria-rad.de\/wp-content\/uploads\/2018\/07\/IMG_20141122_0036.jpg\" target=\"_blank\" rel=\"noopener noreferrer\"><img loading=\"lazy\" decoding=\"async\" class=\"aligncenter wp-image-674 size-medium\" src=\"http:\/\/victoria-rad.de\/wp-content\/uploads\/2018\/07\/IMG_20141122_0036-300x193.jpg\" alt=\"\" width=\"300\" height=\"193\" srcset=\"https:\/\/victoria-rad.de\/wp-content\/uploads\/2018\/07\/IMG_20141122_0036-300x193.jpg 300w, https:\/\/victoria-rad.de\/wp-content\/uploads\/2018\/07\/IMG_20141122_0036-768x494.jpg 768w, https:\/\/victoria-rad.de\/wp-content\/uploads\/2018\/07\/IMG_20141122_0036-1024x659.jpg 1024w\" sizes=\"auto, (max-width: 300px) 100vw, 300px\" \/><\/a> \u00a0<a href=\"http:\/\/victoria-rad.de\/wp-content\/uploads\/2018\/07\/IMG_20141122_0057.jpg\" target=\"_blank\" rel=\"noopener\"><img loading=\"lazy\" decoding=\"async\" class=\"aligncenter wp-image-671 size-medium\" src=\"http:\/\/victoria-rad.de\/wp-content\/uploads\/2018\/07\/IMG_20141122_0057-300x189.jpg\" alt=\"\" width=\"300\" height=\"189\" srcset=\"https:\/\/victoria-rad.de\/wp-content\/uploads\/2018\/07\/IMG_20141122_0057-300x189.jpg 300w, https:\/\/victoria-rad.de\/wp-content\/uploads\/2018\/07\/IMG_20141122_0057-768x483.jpg 768w, https:\/\/victoria-rad.de\/wp-content\/uploads\/2018\/07\/IMG_20141122_0057-1024x644.jpg 1024w\" sizes=\"auto, (max-width: 300px) 100vw, 300px\" \/><\/a><\/p>\r\n<div class=\"wp-block-image\">\r\n<figure class=\"aligncenter\"><a href=\"http:\/\/victoria-rad.de\/wp-content\/uploads\/2018\/07\/IMG_20141128_0013-1.jpg\" target=\"_blank\" rel=\"noopener noreferrer\"><img loading=\"lazy\" decoding=\"async\" class=\"aligncenter wp-image-673\" src=\"http:\/\/victoria-rad.de\/wp-content\/uploads\/2018\/07\/IMG_20141128_0013-1-300x187.jpg\" alt=\"\" width=\"300\" height=\"187\" srcset=\"https:\/\/victoria-rad.de\/wp-content\/uploads\/2018\/07\/IMG_20141128_0013-1-300x187.jpg 300w, https:\/\/victoria-rad.de\/wp-content\/uploads\/2018\/07\/IMG_20141128_0013-1-768x478.jpg 768w, https:\/\/victoria-rad.de\/wp-content\/uploads\/2018\/07\/IMG_20141128_0013-1-1024x638.jpg 1024w\" sizes=\"auto, (max-width: 300px) 100vw, 300px\" \/><\/a><\/figure>\r\n<p><a href=\"http:\/\/victoria-rad.de\/wp-content\/uploads\/2018\/07\/IMG_20141122_0036.jpg\" target=\"_blank\" rel=\"noopener noreferrer\"><img loading=\"lazy\" decoding=\"async\" class=\"aligncenter wp-image-674 size-medium\" src=\"http:\/\/victoria-rad.de\/wp-content\/uploads\/2018\/07\/IMG_20141122_0036-300x193.jpg\" alt=\"\" width=\"300\" height=\"193\" srcset=\"https:\/\/victoria-rad.de\/wp-content\/uploads\/2018\/07\/IMG_20141122_0036-300x193.jpg 300w, https:\/\/victoria-rad.de\/wp-content\/uploads\/2018\/07\/IMG_20141122_0036-768x494.jpg 768w, https:\/\/victoria-rad.de\/wp-content\/uploads\/2018\/07\/IMG_20141122_0036-1024x659.jpg 1024w\" sizes=\"auto, (max-width: 300px) 100vw, 300px\" \/><\/a><\/p>\r\n<p><a href=\"http:\/\/victoria-rad.de\/wp-content\/uploads\/2018\/07\/IMG_20141128_0012.jpg\" target=\"_blank\" rel=\"noopener\"><img loading=\"lazy\" decoding=\"async\" class=\"aligncenter wp-image-672 size-medium\" src=\"http:\/\/victoria-rad.de\/wp-content\/uploads\/2018\/07\/IMG_20141128_0012-300x188.jpg\" alt=\"\" width=\"300\" height=\"188\" srcset=\"https:\/\/victoria-rad.de\/wp-content\/uploads\/2018\/07\/IMG_20141128_0012-300x188.jpg 300w, https:\/\/victoria-rad.de\/wp-content\/uploads\/2018\/07\/IMG_20141128_0012-768x482.jpg 768w, https:\/\/victoria-rad.de\/wp-content\/uploads\/2018\/07\/IMG_20141128_0012-1024x643.jpg 1024w\" sizes=\"auto, (max-width: 300px) 100vw, 300px\" \/><\/a><\/p>\r\n<p><a href=\"http:\/\/victoria-rad.de\/wp-content\/uploads\/2021\/11\/IMG_20141122_0057-300x189-1.jpg\" target=\"_blank\" rel=\"noopener\"><img loading=\"lazy\" decoding=\"async\" class=\"aligncenter wp-image-11032 size-full\" src=\"http:\/\/victoria-rad.de\/wp-content\/uploads\/2021\/11\/IMG_20141122_0057-300x189-1.jpg\" alt=\"\" width=\"300\" height=\"189\" srcset=\"https:\/\/victoria-rad.de\/wp-content\/uploads\/2021\/11\/IMG_20141122_0057-300x189-1.jpg 300w, https:\/\/victoria-rad.de\/wp-content\/uploads\/2021\/11\/IMG_20141122_0057-300x189-1-150x95.jpg 150w\" sizes=\"auto, (max-width: 300px) 100vw, 300px\" \/><\/a><\/p>\r\n<p><a href=\"http:\/\/victoria-rad.de\/wp-content\/uploads\/2021\/11\/IMG_20141215_0004-300x189-1.jpg\" target=\"_blank\" rel=\"noopener\"><img loading=\"lazy\" decoding=\"async\" class=\"aligncenter wp-image-11034 size-full\" src=\"http:\/\/victoria-rad.de\/wp-content\/uploads\/2021\/11\/IMG_20141215_0004-300x189-1.jpg\" alt=\"\" width=\"300\" height=\"189\" srcset=\"https:\/\/victoria-rad.de\/wp-content\/uploads\/2021\/11\/IMG_20141215_0004-300x189-1.jpg 300w, https:\/\/victoria-rad.de\/wp-content\/uploads\/2021\/11\/IMG_20141215_0004-300x189-1-150x95.jpg 150w\" sizes=\"auto, (max-width: 300px) 100vw, 300px\" \/><\/a><\/p>\r\n<p><a href=\"http:\/\/victoria-rad.de\/wp-content\/uploads\/2021\/11\/KRII-6-2.jpg\" target=\"_blank\" rel=\"noopener\"><img loading=\"lazy\" decoding=\"async\" class=\"aligncenter wp-image-11035 size-medium\" src=\"http:\/\/victoria-rad.de\/wp-content\/uploads\/2021\/11\/KRII-6-2-300x223.jpg\" alt=\"\" width=\"300\" height=\"223\" srcset=\"https:\/\/victoria-rad.de\/wp-content\/uploads\/2021\/11\/KRII-6-2-300x223.jpg 300w, https:\/\/victoria-rad.de\/wp-content\/uploads\/2021\/11\/KRII-6-2-1024x761.jpg 1024w, https:\/\/victoria-rad.de\/wp-content\/uploads\/2021\/11\/KRII-6-2-150x112.jpg 150w, https:\/\/victoria-rad.de\/wp-content\/uploads\/2021\/11\/KRII-6-2-768x571.jpg 768w, https:\/\/victoria-rad.de\/wp-content\/uploads\/2021\/11\/KRII-6-2.jpg 1200w\" sizes=\"auto, (max-width: 300px) 100vw, 300px\" \/><\/a><\/p>\r\n<p><a href=\"http:\/\/victoria-rad.de\/wp-content\/uploads\/2021\/11\/KRII-3-2.jpg\" target=\"_blank\" rel=\"noopener\"><img loading=\"lazy\" decoding=\"async\" class=\"aligncenter wp-image-11036 size-medium\" src=\"http:\/\/victoria-rad.de\/wp-content\/uploads\/2021\/11\/KRII-3-2-300x201.jpg\" alt=\"\" width=\"300\" height=\"201\" srcset=\"https:\/\/victoria-rad.de\/wp-content\/uploads\/2021\/11\/KRII-3-2-300x201.jpg 300w, https:\/\/victoria-rad.de\/wp-content\/uploads\/2021\/11\/KRII-3-2-1024x687.jpg 1024w, https:\/\/victoria-rad.de\/wp-content\/uploads\/2021\/11\/KRII-3-2-150x101.jpg 150w, https:\/\/victoria-rad.de\/wp-content\/uploads\/2021\/11\/KRII-3-2-768x515.jpg 768w, https:\/\/victoria-rad.de\/wp-content\/uploads\/2021\/11\/KRII-3-2.jpg 1200w\" sizes=\"auto, (max-width: 300px) 100vw, 300px\" \/><\/a><\/p>\r\n<\/div>\r\n<!-- \/wp:paragraph -->\r\n\r\n<!-- wp:paragraph -->\r\n<p>Die n\u00e4chste grundlegende \u00c4nderung erfolgte bereits Anfang des Jahres 1924. Die neue von Victoria patentierte Vorderradgabel konnte jetzt horizontale und vertikale Schwingungen aufnehmen:<\/p>\r\n<!-- \/wp:paragraph -->\r\n\r\n<!-- wp:image {\"id\":653,\"align\":\"center\"} -->\r\n<div class=\"wp-block-image\">\r\n<figure class=\"aligncenter\"><a href=\"http:\/\/victoria-rad.de\/wp-content\/uploads\/2018\/07\/Image00131.jpg\" target=\"_blank\" rel=\"noopener noreferrer\"><img loading=\"lazy\" decoding=\"async\" class=\"aligncenter wp-image-653\" src=\"http:\/\/victoria-rad.de\/wp-content\/uploads\/2018\/07\/Image00131-214x300.jpg\" alt=\"\" width=\"214\" height=\"300\" srcset=\"https:\/\/victoria-rad.de\/wp-content\/uploads\/2018\/07\/Image00131-214x300.jpg 214w, https:\/\/victoria-rad.de\/wp-content\/uploads\/2018\/07\/Image00131.jpg 573w\" sizes=\"auto, (max-width: 214px) 100vw, 214px\" \/><\/a><\/figure>\r\n<\/div>\r\n<!-- \/wp:image -->\r\n\r\n<!-- wp:paragraph -->\r\n<p style=\"text-align: center;\">Diese Gabel wurde die n\u00e4chsten Jahre beibehalten.<\/p>\r\n<p style=\"text-align: center;\"><a href=\"http:\/\/victoria-rad.de\/wp-content\/uploads\/2021\/11\/Image00124.jpg\" target=\"_blank\" rel=\"noopener\"><img loading=\"lazy\" decoding=\"async\" class=\"aligncenter wp-image-11041 size-medium\" src=\"http:\/\/victoria-rad.de\/wp-content\/uploads\/2021\/11\/Image00124-300x194.jpg\" alt=\"\" width=\"300\" height=\"194\" srcset=\"https:\/\/victoria-rad.de\/wp-content\/uploads\/2021\/11\/Image00124-300x194.jpg 300w, https:\/\/victoria-rad.de\/wp-content\/uploads\/2021\/11\/Image00124-1024x663.jpg 1024w, https:\/\/victoria-rad.de\/wp-content\/uploads\/2021\/11\/Image00124-150x97.jpg 150w, https:\/\/victoria-rad.de\/wp-content\/uploads\/2021\/11\/Image00124-768x497.jpg 768w, https:\/\/victoria-rad.de\/wp-content\/uploads\/2021\/11\/Image00124.jpg 1527w\" sizes=\"auto, (max-width: 300px) 100vw, 300px\" \/><\/a>Auch der<strong> &#8222;Riemenantrieb&#8220;, der noch beibehalten wurde <\/strong>ist nochmal deutlich zu sehen&#8230;\u00a0<\/p>\r\n<p>Originale Bilder dazu:<\/p>\r\n<p><a href=\"http:\/\/victoria-rad.de\/wp-content\/uploads\/2021\/11\/KRII-5-Gabel-Neu2.jpg\" target=\"_blank\" rel=\"noopener\"><img loading=\"lazy\" decoding=\"async\" class=\"aligncenter wp-image-11037 size-medium\" src=\"http:\/\/victoria-rad.de\/wp-content\/uploads\/2021\/11\/KRII-5-Gabel-Neu2-211x300.jpg\" alt=\"\" width=\"211\" height=\"300\" srcset=\"https:\/\/victoria-rad.de\/wp-content\/uploads\/2021\/11\/KRII-5-Gabel-Neu2-211x300.jpg 211w, https:\/\/victoria-rad.de\/wp-content\/uploads\/2021\/11\/KRII-5-Gabel-Neu2-719x1024.jpg 719w, https:\/\/victoria-rad.de\/wp-content\/uploads\/2021\/11\/KRII-5-Gabel-Neu2-105x150.jpg 105w, https:\/\/victoria-rad.de\/wp-content\/uploads\/2021\/11\/KRII-5-Gabel-Neu2-768x1095.jpg 768w, https:\/\/victoria-rad.de\/wp-content\/uploads\/2021\/11\/KRII-5-Gabel-Neu2.jpg 842w\" sizes=\"auto, (max-width: 211px) 100vw, 211px\" \/><\/a><\/p>\r\n<p><a href=\"http:\/\/victoria-rad.de\/wp-content\/uploads\/2021\/11\/KRII-2-Gabel-Neu.jpg\" target=\"_blank\" rel=\"noopener\"><img loading=\"lazy\" decoding=\"async\" class=\"aligncenter wp-image-11038 size-medium\" src=\"http:\/\/victoria-rad.de\/wp-content\/uploads\/2021\/11\/KRII-2-Gabel-Neu-300x191.jpg\" alt=\"\" width=\"300\" height=\"191\" srcset=\"https:\/\/victoria-rad.de\/wp-content\/uploads\/2021\/11\/KRII-2-Gabel-Neu-300x191.jpg 300w, https:\/\/victoria-rad.de\/wp-content\/uploads\/2021\/11\/KRII-2-Gabel-Neu-1024x652.jpg 1024w, https:\/\/victoria-rad.de\/wp-content\/uploads\/2021\/11\/KRII-2-Gabel-Neu-150x96.jpg 150w, https:\/\/victoria-rad.de\/wp-content\/uploads\/2021\/11\/KRII-2-Gabel-Neu-768x489.jpg 768w, https:\/\/victoria-rad.de\/wp-content\/uploads\/2021\/11\/KRII-2-Gabel-Neu.jpg 1200w\" sizes=\"auto, (max-width: 300px) 100vw, 300px\" \/><\/a><\/p>\r\n<p><a href=\"http:\/\/victoria-rad.de\/wp-content\/uploads\/2021\/11\/KRII-4-2.jpg\" target=\"_blank\" rel=\"noopener\"><img loading=\"lazy\" decoding=\"async\" class=\"aligncenter wp-image-11039 size-medium\" src=\"http:\/\/victoria-rad.de\/wp-content\/uploads\/2021\/11\/KRII-4-2-197x300.jpg\" alt=\"\" width=\"197\" height=\"300\" srcset=\"https:\/\/victoria-rad.de\/wp-content\/uploads\/2021\/11\/KRII-4-2-197x300.jpg 197w, https:\/\/victoria-rad.de\/wp-content\/uploads\/2021\/11\/KRII-4-2-672x1024.jpg 672w, https:\/\/victoria-rad.de\/wp-content\/uploads\/2021\/11\/KRII-4-2-98x150.jpg 98w, https:\/\/victoria-rad.de\/wp-content\/uploads\/2021\/11\/KRII-4-2-768x1171.jpg 768w, https:\/\/victoria-rad.de\/wp-content\/uploads\/2021\/11\/KRII-4-2.jpg 787w\" sizes=\"auto, (max-width: 197px) 100vw, 197px\" \/><\/a><\/p>\r\n<p><a href=\"http:\/\/victoria-rad.de\/wp-content\/uploads\/2021\/11\/KRII-13-Gabel-Neu-2.jpg\" target=\"_blank\" rel=\"noopener\"><img loading=\"lazy\" decoding=\"async\" class=\"aligncenter wp-image-11040 size-medium\" src=\"http:\/\/victoria-rad.de\/wp-content\/uploads\/2021\/11\/KRII-13-Gabel-Neu-2-222x300.jpg\" alt=\"\" width=\"222\" height=\"300\" srcset=\"https:\/\/victoria-rad.de\/wp-content\/uploads\/2021\/11\/KRII-13-Gabel-Neu-2-222x300.jpg 222w, https:\/\/victoria-rad.de\/wp-content\/uploads\/2021\/11\/KRII-13-Gabel-Neu-2-111x150.jpg 111w, https:\/\/victoria-rad.de\/wp-content\/uploads\/2021\/11\/KRII-13-Gabel-Neu-2.jpg 684w\" sizes=\"auto, (max-width: 222px) 100vw, 222px\" \/><\/a><\/p>\r\n<p><a href=\"http:\/\/victoria-rad.de\/wp-content\/uploads\/2018\/07\/IMG_20141128_0014.jpg\" target=\"_blank\" rel=\"noopener noreferrer\"><img loading=\"lazy\" decoding=\"async\" class=\"aligncenter wp-image-677 size-medium\" src=\"http:\/\/victoria-rad.de\/wp-content\/uploads\/2018\/07\/IMG_20141128_0014-300x202.jpg\" alt=\"\" width=\"300\" height=\"202\" srcset=\"https:\/\/victoria-rad.de\/wp-content\/uploads\/2018\/07\/IMG_20141128_0014-300x202.jpg 300w, https:\/\/victoria-rad.de\/wp-content\/uploads\/2018\/07\/IMG_20141128_0014-768x517.jpg 768w, https:\/\/victoria-rad.de\/wp-content\/uploads\/2018\/07\/IMG_20141128_0014-1024x689.jpg 1024w\" sizes=\"auto, (max-width: 300px) 100vw, 300px\" \/><\/a><\/p>\r\n<p><a href=\"http:\/\/victoria-rad.de\/wp-content\/uploads\/2018\/07\/IMG_20141128_0017.jpg\" target=\"_blank\" rel=\"noopener noreferrer\"><img loading=\"lazy\" decoding=\"async\" class=\"aligncenter wp-image-678 size-medium\" src=\"http:\/\/victoria-rad.de\/wp-content\/uploads\/2018\/07\/IMG_20141128_0017-300x238.jpg\" alt=\"\" width=\"300\" height=\"238\" srcset=\"https:\/\/victoria-rad.de\/wp-content\/uploads\/2018\/07\/IMG_20141128_0017-300x238.jpg 300w, https:\/\/victoria-rad.de\/wp-content\/uploads\/2018\/07\/IMG_20141128_0017-768x609.jpg 768w, https:\/\/victoria-rad.de\/wp-content\/uploads\/2018\/07\/IMG_20141128_0017-1024x812.jpg 1024w\" sizes=\"auto, (max-width: 300px) 100vw, 300px\" \/><\/a><\/p>\r\n<p><a href=\"http:\/\/victoria-rad.de\/wp-content\/uploads\/2018\/07\/IMG_20141128_0021.jpg\" target=\"_blank\" rel=\"noopener noreferrer\"><img loading=\"lazy\" decoding=\"async\" class=\"aligncenter wp-image-680 size-medium\" src=\"http:\/\/victoria-rad.de\/wp-content\/uploads\/2018\/07\/IMG_20141128_0021-300x204.jpg\" alt=\"\" width=\"300\" height=\"204\" srcset=\"https:\/\/victoria-rad.de\/wp-content\/uploads\/2018\/07\/IMG_20141128_0021-300x204.jpg 300w, https:\/\/victoria-rad.de\/wp-content\/uploads\/2018\/07\/IMG_20141128_0021-768x522.jpg 768w, https:\/\/victoria-rad.de\/wp-content\/uploads\/2018\/07\/IMG_20141128_0021-1024x696.jpg 1024w\" sizes=\"auto, (max-width: 300px) 100vw, 300px\" \/><\/a><\/p>\r\n<!-- \/wp:paragraph -->\r\n\r\n<!-- wp:image {\"id\":1525,\"align\":\"center\"} \/-->\r\n\r\n<!-- wp:paragraph \/-->\r\n\r\n<!-- wp:image {\"id\":710,\"align\":\"center\"} \/-->\r\n\r\n<!-- wp:image {\"id\":711,\"align\":\"center\"} \/-->\r\n\r\n<!-- wp:paragraph -->\r\n<p>Eine weitere wesentliche \u00c4nderung war die Umstellung des Vergasers vom innenliegenden zum au\u00dfenliegenden Vergaser:<\/p>\r\n<!-- \/wp:paragraph -->\r\n\r\n<!-- wp:image {\"id\":657,\"align\":\"center\"} -->\r\n<div class=\"wp-block-image\">\r\n<figure class=\"aligncenter\"><a href=\"http:\/\/victoria-rad.de\/wp-content\/uploads\/2018\/07\/Image00144.jpg\" target=\"_blank\" rel=\"noopener noreferrer\"><img loading=\"lazy\" decoding=\"async\" class=\"aligncenter wp-image-657\" src=\"http:\/\/victoria-rad.de\/wp-content\/uploads\/2018\/07\/Image00144-300x251.jpg\" alt=\"\" width=\"300\" height=\"251\" srcset=\"https:\/\/victoria-rad.de\/wp-content\/uploads\/2018\/07\/Image00144-300x251.jpg 300w, https:\/\/victoria-rad.de\/wp-content\/uploads\/2018\/07\/Image00144-768x643.jpg 768w, https:\/\/victoria-rad.de\/wp-content\/uploads\/2018\/07\/Image00144-1024x857.jpg 1024w, https:\/\/victoria-rad.de\/wp-content\/uploads\/2018\/07\/Image00144.jpg 1043w\" sizes=\"auto, (max-width: 300px) 100vw, 300px\" \/><\/a><\/figure>\r\n<\/div>\r\n<!-- \/wp:image -->\r\n\r\n<!-- wp:paragraph -->\r\n<p style=\"text-align: center;\">Diese Variante blieb auch der K.R.III. erhalten, mehr dazu im folgenden Bericht&#8230;<\/p>\r\n<p><a href=\"http:\/\/victoria-rad.de\/wp-content\/uploads\/2018\/07\/IMG_20180717_0001.jpg\" target=\"_blank\" rel=\"noopener noreferrer\"><img loading=\"lazy\" decoding=\"async\" class=\"aligncenter wp-image-683\" src=\"http:\/\/victoria-rad.de\/wp-content\/uploads\/2018\/07\/IMG_20180717_0001-300x289.jpg\" alt=\"\" width=\"300\" height=\"289\" srcset=\"https:\/\/victoria-rad.de\/wp-content\/uploads\/2018\/07\/IMG_20180717_0001-300x289.jpg 300w, https:\/\/victoria-rad.de\/wp-content\/uploads\/2018\/07\/IMG_20180717_0001-768x739.jpg 768w, https:\/\/victoria-rad.de\/wp-content\/uploads\/2018\/07\/IMG_20180717_0001-1024x985.jpg 1024w, https:\/\/victoria-rad.de\/wp-content\/uploads\/2018\/07\/IMG_20180717_0001.jpg 1122w\" sizes=\"auto, (max-width: 300px) 100vw, 300px\" \/><\/a><\/p>\r\n<p><a href=\"http:\/\/victoria-rad.de\/wp-content\/uploads\/2021\/11\/KR-2.png\" target=\"_blank\" rel=\"noopener\"><img loading=\"lazy\" decoding=\"async\" class=\"aligncenter wp-image-11047 size-medium\" src=\"http:\/\/victoria-rad.de\/wp-content\/uploads\/2021\/11\/KR-2-300x164.png\" alt=\"\" width=\"300\" height=\"164\" srcset=\"https:\/\/victoria-rad.de\/wp-content\/uploads\/2021\/11\/KR-2-300x164.png 300w, https:\/\/victoria-rad.de\/wp-content\/uploads\/2021\/11\/KR-2-1024x561.png 1024w, https:\/\/victoria-rad.de\/wp-content\/uploads\/2021\/11\/KR-2-150x82.png 150w, https:\/\/victoria-rad.de\/wp-content\/uploads\/2021\/11\/KR-2-768x421.png 768w, https:\/\/victoria-rad.de\/wp-content\/uploads\/2021\/11\/KR-2-1536x842.png 1536w, https:\/\/victoria-rad.de\/wp-content\/uploads\/2021\/11\/KR-2.png 1614w\" sizes=\"auto, (max-width: 300px) 100vw, 300px\" \/><\/a><\/p>\r\n<!-- \/wp:paragraph -->\r\n\r\n<!-- wp:paragraph \/-->\r\n\r\n<!-- wp:image {\"id\":652,\"align\":\"center\"} \/-->\r\n\r\n<!-- wp:image {\"id\":713,\"align\":\"center\"} \/-->\r\n\r\n<!-- wp:paragraph \/-->\r\n\r\n<!-- wp:image {\"id\":648,\"align\":\"center\"} \/-->\r\n\r\n<!-- wp:paragraph \/-->\r\n\r\n<!-- wp:image {\"id\":650,\"align\":\"center\"} \/-->\r\n\r\n<!-- wp:image {\"id\":654,\"align\":\"center\"} \/-->\r\n\r\n<!-- wp:image {\"id\":656,\"align\":\"center\"} \/-->\r\n\r\n<!-- wp:image {\"id\":659,\"align\":\"center\"} \/-->\r\n\r\n<!-- wp:image {\"id\":651,\"align\":\"center\"} \/-->\r\n\r\n<!-- wp:paragraph \/-->\r\n\r\n<!-- wp:image {\"id\":658,\"align\":\"center\"} \/-->\r\n\r\n<!-- wp:paragraph \/-->\r\n\r\n<!-- wp:image {\"id\":682,\"align\":\"center\"} \/-->\r\n\r\n<!-- wp:image {\"id\":683,\"align\":\"center\"} \/-->\r\n\r\n<!-- wp:paragraph \/-->\r\n\r\n<!-- wp:image {\"id\":677,\"align\":\"center\"} \/-->\r\n\r\n<!-- wp:image {\"id\":678,\"align\":\"center\"} \/-->\r\n\r\n<!-- wp:image {\"id\":680,\"align\":\"center\"} -->\r\n<div>\u00a0<\/div>\r\n<!-- \/wp:image -->\r\n\r\n<!-- wp:image {\"id\":685,\"align\":\"center\"} -->\r\n<div class=\"wp-block-image\">\r\n<figure class=\"aligncenter\"><a href=\"http:\/\/victoria-rad.de\/wp-content\/uploads\/2018\/07\/IMG_20180717_0009.jpg\" target=\"_blank\" rel=\"noopener noreferrer\"><img loading=\"lazy\" decoding=\"async\" class=\"aligncenter wp-image-685\" src=\"http:\/\/victoria-rad.de\/wp-content\/uploads\/2018\/07\/IMG_20180717_0009-224x300.jpg\" alt=\"\" width=\"224\" height=\"300\" srcset=\"https:\/\/victoria-rad.de\/wp-content\/uploads\/2018\/07\/IMG_20180717_0009-224x300.jpg 224w, https:\/\/victoria-rad.de\/wp-content\/uploads\/2018\/07\/IMG_20180717_0009-768x1027.jpg 768w, https:\/\/victoria-rad.de\/wp-content\/uploads\/2018\/07\/IMG_20180717_0009-765x1024.jpg 765w, https:\/\/victoria-rad.de\/wp-content\/uploads\/2018\/07\/IMG_20180717_0009.jpg 1492w\" sizes=\"auto, (max-width: 224px) 100vw, 224px\" \/><\/a><\/figure>\r\n<p style=\"text-align: center;\"><em><strong>Mit dieser Dokumentation von grundlegenden Informationen f\u00fcr das Motorrad Victoria K.R.II. und vielen Bildern ist der Vorstellung gen\u00fcge getan&#8230; Wer mehr Wissen \u00fcber technische Details dieser Maschine erfahren m\u00f6chte, den verweise ich auf den bereits erfolgten Bericht vom 18. JULI 2018 AUF DIESER Webseite, einfach zu finden \u00fcber die &#8222;Suche&#8220;-Taste&#8230;<\/strong><\/em><\/p>\r\n<\/div>\r\n<!-- \/wp:image -->\r\n\r\n<!-- wp:image {\"id\":1031,\"align\":\"center\"} -->\r\n<div class=\"wp-block-image\">\u00a0<\/div>\r\n<!-- \/wp:image -->\r\n\r\n<!-- wp:image {\"id\":715,\"align\":\"center\"} -->\r\n<div class=\"wp-block-image\">\r\n<figure class=\"aligncenter\"><img loading=\"lazy\" decoding=\"async\" width=\"207\" height=\"300\" class=\"wp-image-715 aligncenter\" src=\"http:\/\/victoria-rad.de\/wp-content\/uploads\/2018\/07\/Image00222-207x300.jpg\" alt=\"\" srcset=\"https:\/\/victoria-rad.de\/wp-content\/uploads\/2018\/07\/Image00222-207x300.jpg 207w, https:\/\/victoria-rad.de\/wp-content\/uploads\/2018\/07\/Image00222.jpg 342w\" sizes=\"auto, (max-width: 207px) 100vw, 207px\" \/><\/figure>\r\n<p><a href=\"http:\/\/victoria-rad.de\/wp-content\/uploads\/2021\/11\/IMG_20190312_0002-scaled.jpg\" target=\"_blank\" rel=\"noopener\"><img loading=\"lazy\" decoding=\"async\" class=\"aligncenter wp-image-11050 size-medium\" src=\"http:\/\/victoria-rad.de\/wp-content\/uploads\/2021\/11\/IMG_20190312_0002-300x102.jpg\" alt=\"\" width=\"300\" height=\"102\" srcset=\"https:\/\/victoria-rad.de\/wp-content\/uploads\/2021\/11\/IMG_20190312_0002-300x102.jpg 300w, https:\/\/victoria-rad.de\/wp-content\/uploads\/2021\/11\/IMG_20190312_0002-1024x347.jpg 1024w, https:\/\/victoria-rad.de\/wp-content\/uploads\/2021\/11\/IMG_20190312_0002-150x51.jpg 150w, https:\/\/victoria-rad.de\/wp-content\/uploads\/2021\/11\/IMG_20190312_0002-768x261.jpg 768w, https:\/\/victoria-rad.de\/wp-content\/uploads\/2021\/11\/IMG_20190312_0002-1536x521.jpg 1536w, https:\/\/victoria-rad.de\/wp-content\/uploads\/2021\/11\/IMG_20190312_0002-2048x695.jpg 2048w\" sizes=\"auto, (max-width: 300px) 100vw, 300px\" \/><\/a><img loading=\"lazy\" decoding=\"async\" class=\"alignnone size-medium wp-image-11051 aligncenter\" src=\"http:\/\/victoria-rad.de\/wp-content\/uploads\/2021\/11\/58-300x14.png\" alt=\"\" width=\"300\" height=\"14\" srcset=\"https:\/\/victoria-rad.de\/wp-content\/uploads\/2021\/11\/58-300x14.png 300w, https:\/\/victoria-rad.de\/wp-content\/uploads\/2021\/11\/58-150x7.png 150w, https:\/\/victoria-rad.de\/wp-content\/uploads\/2021\/11\/58.png 501w\" sizes=\"auto, (max-width: 300px) 100vw, 300px\" \/><\/p>\r\n<\/div>\r\n<!-- \/wp:image -->\r\n\r\n<!-- wp:image {\"id\":3490} -->\r\n<figure class=\"wp-block-image\"><\/figure>\r\n<!-- \/wp:image -->\r\n\r\n<!-- wp:image {\"id\":2534,\"align\":\"center\"} -->\r\n<div class=\"wp-block-image\">\u00a0<\/div>","protected":false},"excerpt":{"rendered":"<p>Liebe Leser meiner Webseite nun geht es in der Chronologie \u00fcber die Motorr\u00e4der ab der &#8222;Zwanziger Jahre&#8220; weiter mit dem Typ K.R.II. Victoria Motorrad Typ K.R.II.\u00a0 &#8211;\u00a0 Motor-kopfgesteuert beginnend ab dem Jahr 1922: Der geniale Konstrukteur Martin Stolle trennte sich von BMW und begann ab 1922 bei der Firma Sedlbauer in M\u00fcnchen einen neuen kopfgesteuerten &hellip; <a href=\"https:\/\/victoria-rad.de\/?p=11026\" class=\"more-link\"><span class=\"screen-reader-text\">Victoria KR2 Motorrad in Bildern mit Kurzbeschreibung&#8230;<\/span> weiterlesen<\/a><\/p>\n","protected":false},"author":1,"featured_media":0,"comment_status":"open","ping_status":"open","sticky":false,"template":"","format":"standard","meta":{"footnotes":""},"categories":[1],"tags":[],"class_list":["post-11026","post","type-post","status-publish","format-standard","hentry","category-uncategorized"],"_links":{"self":[{"href":"https:\/\/victoria-rad.de\/index.php?rest_route=\/wp\/v2\/posts\/11026","targetHints":{"allow":["GET"]}}],"collection":[{"href":"https:\/\/victoria-rad.de\/index.php?rest_route=\/wp\/v2\/posts"}],"about":[{"href":"https:\/\/victoria-rad.de\/index.php?rest_route=\/wp\/v2\/types\/post"}],"author":[{"embeddable":true,"href":"https:\/\/victoria-rad.de\/index.php?rest_route=\/wp\/v2\/users\/1"}],"replies":[{"embeddable":true,"href":"https:\/\/victoria-rad.de\/index.php?rest_route=%2Fwp%2Fv2%2Fcomments&post=11026"}],"version-history":[{"count":16,"href":"https:\/\/victoria-rad.de\/index.php?rest_route=\/wp\/v2\/posts\/11026\/revisions"}],"predecessor-version":[{"id":11653,"href":"https:\/\/victoria-rad.de\/index.php?rest_route=\/wp\/v2\/posts\/11026\/revisions\/11653"}],"wp:attachment":[{"href":"https:\/\/victoria-rad.de\/index.php?rest_route=%2Fwp%2Fv2%2Fmedia&parent=11026"}],"wp:term":[{"taxonomy":"category","embeddable":true,"href":"https:\/\/victoria-rad.de\/index.php?rest_route=%2Fwp%2Fv2%2Fcategories&post=11026"},{"taxonomy":"post_tag","embeddable":true,"href":"https:\/\/victoria-rad.de\/index.php?rest_route=%2Fwp%2Fv2%2Ftags&post=11026"}],"curies":[{"name":"wp","href":"https:\/\/api.w.org\/{rel}","templated":true}]}}