{"id":11068,"date":"2022-02-04T11:55:59","date_gmt":"2022-02-04T10:55:59","guid":{"rendered":"http:\/\/victoria-rad.de\/?p=11068"},"modified":"2022-02-04T11:55:59","modified_gmt":"2022-02-04T10:55:59","slug":"victoria-kr3-motorrad-ab-ca-1926-1928-in-bildern-mit-kurzbeschreibung","status":"publish","type":"post","link":"https:\/\/victoria-rad.de\/?p=11068","title":{"rendered":"Victoria KR3 Motorrad ab ca. 1926 &#8211; 1928 in Bildern mit Kurzbeschreibung&#8230;"},"content":{"rendered":"<h4><em><strong><span style=\"color: #0000ff;\">Victoria K.R.III. &#8211; N:<\/span><\/strong><\/em><\/h4>\r\n<p style=\"text-align: left;\"><em><strong>Die Victoria K.R.III.-N, N-steht f\u00fcr &#8222;Neu&#8220; war mit Riemenfelge und Keilklotzbremse im Vorderrad ausger\u00fcstet, sowie der am Motorblock angebrachten Schaltkulisse. Die Kupplung war jetzt linksseitig. Dadurch ver\u00e4nderte sich auch der Kettenschutz zu seinem Vorteil im neuen Design:<\/strong><\/em><\/p>\r\n<div class=\"wp-block-image\"><!-- \/wp:post-content -->\r\n\r\n<!-- wp:image {\"id\":797,\"align\":\"center\"} -->\r\n<div class=\"wp-block-image\">\r\n<figure class=\"aligncenter\"><a href=\"http:\/\/victoria-rad.de\/wp-content\/uploads\/2018\/07\/IMG_20180720_0006.jpg\" target=\"_blank\" rel=\"noopener noreferrer\"><img loading=\"lazy\" decoding=\"async\" class=\"aligncenter wp-image-797\" src=\"http:\/\/victoria-rad.de\/wp-content\/uploads\/2018\/07\/IMG_20180720_0006-300x145.jpg\" alt=\"\" width=\"300\" height=\"145\" srcset=\"https:\/\/victoria-rad.de\/wp-content\/uploads\/2018\/07\/IMG_20180720_0006-300x145.jpg 300w, https:\/\/victoria-rad.de\/wp-content\/uploads\/2018\/07\/IMG_20180720_0006-768x372.jpg 768w, https:\/\/victoria-rad.de\/wp-content\/uploads\/2018\/07\/IMG_20180720_0006-1024x496.jpg 1024w\" sizes=\"auto, (max-width: 300px) 100vw, 300px\" \/><\/a><\/figure>\r\n<\/div>\r\n<!-- \/wp:image -->\r\n\r\n<!-- wp:paragraph -->\r\n<p style=\"text-align: center;\">\u00a0Modell KRIII-N 1927 \/ 1928, die Riemenfelge mit der Keilklotzbremse hat man nur kurze Zeit verbaut, sie war einfach nicht mehr zeitgem\u00e4\u00df und es gibt kaum noch Modelle davon&#8230;<\/p>\r\n<p><em><strong>Es gab mit der mit letzten Variante der Victoria K.R.III. um 1927\/28 mehrere Ver\u00e4nderungen als Vorstufe zur Victoria KR6, die dann mit dem Hubraum st\u00e4rkeren Motor (600 ccm) ausger\u00fcstet wurde. Die wichtigste Ver\u00e4nderung war am Fahrzeug-Rahmen, welcher augenscheinlich auch eine Ver\u00e4nderung des Benzintanks nach sich zog:<\/strong><\/em><\/p>\r\n<\/div>\r\n<p><a href=\"http:\/\/victoria-rad.de\/wp-content\/uploads\/2018\/07\/S22C-113062512500-2-300x195.jpg\" target=\"_blank\" rel=\"noopener\"><img loading=\"lazy\" decoding=\"async\" class=\"aligncenter\" src=\"http:\/\/victoria-rad.de\/wp-content\/uploads\/2018\/07\/S22C-113062512500-2-300x195.jpg\" alt=\"\" width=\"300\" height=\"195\" \/><\/a><\/p>\r\n<p style=\"text-align: center;\">Ein wichtige Neuerung war die die Vorderrad-Bremse&#8230;<\/p>\r\n<p style=\"text-align: center;\">Man muss sagen, dass diese Tank-Form &#8211; leicht abfallend schon wesentlich moderner war und weitere Details, wie der Kettenschutz der sp\u00e4ter bei der Victoria KR6 verbaut wurde&#8230;<\/p>\r\n<p><em><strong>Originale Bilder , die die Entwicklung der verschiedenen Rahmenformen und weitere Ver\u00e4nderungen, wie Vordergabel, Schaltung und vordere Bremse um 1926 &#8211; 1928 belegen:<\/strong><\/em><\/p>\r\n<p><a href=\"http:\/\/victoria-rad.de\/wp-content\/uploads\/2021\/11\/KR35-36.jpg\" target=\"_blank\" rel=\"noopener\"><img loading=\"lazy\" decoding=\"async\" class=\"aligncenter wp-image-11330 size-medium\" src=\"http:\/\/victoria-rad.de\/wp-content\/uploads\/2021\/11\/KR35-36-300x219.jpg\" alt=\"\" width=\"300\" height=\"219\" srcset=\"https:\/\/victoria-rad.de\/wp-content\/uploads\/2021\/11\/KR35-36-300x219.jpg 300w, https:\/\/victoria-rad.de\/wp-content\/uploads\/2021\/11\/KR35-36-1024x747.jpg 1024w, https:\/\/victoria-rad.de\/wp-content\/uploads\/2021\/11\/KR35-36-150x109.jpg 150w, https:\/\/victoria-rad.de\/wp-content\/uploads\/2021\/11\/KR35-36-768x560.jpg 768w, https:\/\/victoria-rad.de\/wp-content\/uploads\/2021\/11\/KR35-36.jpg 1200w\" sizes=\"auto, (max-width: 300px) 100vw, 300px\" \/><\/a><\/p>\r\n<p style=\"text-align: center;\"><a href=\"http:\/\/victoria-rad.de\/wp-content\/uploads\/2021\/11\/KRIIIL-4.jpg\" target=\"_blank\" rel=\"noopener\"><img loading=\"lazy\" decoding=\"async\" class=\"aligncenter wp-image-11118 size-medium\" src=\"http:\/\/victoria-rad.de\/wp-content\/uploads\/2021\/11\/KRIIIL-4-300x219.jpg\" alt=\"\" width=\"300\" height=\"219\" srcset=\"https:\/\/victoria-rad.de\/wp-content\/uploads\/2021\/11\/KRIIIL-4-300x219.jpg 300w, https:\/\/victoria-rad.de\/wp-content\/uploads\/2021\/11\/KRIIIL-4-1024x748.jpg 1024w, https:\/\/victoria-rad.de\/wp-content\/uploads\/2021\/11\/KRIIIL-4-150x110.jpg 150w, https:\/\/victoria-rad.de\/wp-content\/uploads\/2021\/11\/KRIIIL-4-768x561.jpg 768w, https:\/\/victoria-rad.de\/wp-content\/uploads\/2021\/11\/KRIIIL-4.jpg 1200w\" sizes=\"auto, (max-width: 300px) 100vw, 300px\" \/><\/a>\u00c4ltere Ausf\u00fchrung K.R.III. &#8211; bereits mit abgeschr\u00e4gten Benzintank&#8230;<\/p>\r\n<p><a href=\"http:\/\/victoria-rad.de\/wp-content\/uploads\/2021\/11\/img065-2.jpg\" target=\"_blank\" rel=\"noopener\"><img loading=\"lazy\" decoding=\"async\" class=\"aligncenter wp-image-11329 size-medium\" src=\"http:\/\/victoria-rad.de\/wp-content\/uploads\/2021\/11\/img065-2-296x300.jpg\" alt=\"\" width=\"296\" height=\"300\" srcset=\"https:\/\/victoria-rad.de\/wp-content\/uploads\/2021\/11\/img065-2-296x300.jpg 296w, https:\/\/victoria-rad.de\/wp-content\/uploads\/2021\/11\/img065-2-148x150.jpg 148w, https:\/\/victoria-rad.de\/wp-content\/uploads\/2021\/11\/img065-2.jpg 750w\" sizes=\"auto, (max-width: 296px) 100vw, 296px\" \/><\/a><\/p>\r\n<p style=\"text-align: center;\"><a href=\"http:\/\/victoria-rad.de\/wp-content\/uploads\/2021\/11\/KRIIIL-15.jpg\" target=\"_blank\" rel=\"noopener\"><img loading=\"lazy\" decoding=\"async\" class=\"aligncenter wp-image-11119 size-medium\" src=\"http:\/\/victoria-rad.de\/wp-content\/uploads\/2021\/11\/KRIIIL-15-251x300.jpg\" alt=\"\" width=\"251\" height=\"300\" srcset=\"https:\/\/victoria-rad.de\/wp-content\/uploads\/2021\/11\/KRIIIL-15-251x300.jpg 251w, https:\/\/victoria-rad.de\/wp-content\/uploads\/2021\/11\/KRIIIL-15-856x1024.jpg 856w, https:\/\/victoria-rad.de\/wp-content\/uploads\/2021\/11\/KRIIIL-15-125x150.jpg 125w, https:\/\/victoria-rad.de\/wp-content\/uploads\/2021\/11\/KRIIIL-15-768x919.jpg 768w, https:\/\/victoria-rad.de\/wp-content\/uploads\/2021\/11\/KRIIIL-15.jpg 1003w\" sizes=\"auto, (max-width: 251px) 100vw, 251px\" \/><\/a>Ebenso, aber bereits mit vorderer Trommel-Bremse&#8230;<\/p>\r\n<p><a href=\"http:\/\/victoria-rad.de\/wp-content\/uploads\/2021\/11\/IMG_20141123_0133.jpg\" target=\"_blank\" rel=\"noopener\"><img loading=\"lazy\" decoding=\"async\" class=\"aligncenter wp-image-11204 size-medium\" src=\"http:\/\/victoria-rad.de\/wp-content\/uploads\/2021\/11\/IMG_20141123_0133-300x285.jpg\" alt=\"\" width=\"300\" height=\"285\" srcset=\"https:\/\/victoria-rad.de\/wp-content\/uploads\/2021\/11\/IMG_20141123_0133-300x285.jpg 300w, https:\/\/victoria-rad.de\/wp-content\/uploads\/2021\/11\/IMG_20141123_0133-1024x971.jpg 1024w, https:\/\/victoria-rad.de\/wp-content\/uploads\/2021\/11\/IMG_20141123_0133-150x142.jpg 150w, https:\/\/victoria-rad.de\/wp-content\/uploads\/2021\/11\/IMG_20141123_0133-768x729.jpg 768w, https:\/\/victoria-rad.de\/wp-content\/uploads\/2021\/11\/IMG_20141123_0133-1536x1457.jpg 1536w, https:\/\/victoria-rad.de\/wp-content\/uploads\/2021\/11\/IMG_20141123_0133.jpg 2024w\" sizes=\"auto, (max-width: 300px) 100vw, 300px\" \/><\/a><\/p>\r\n<p style=\"text-align: center;\"><a href=\"http:\/\/victoria-rad.de\/wp-content\/uploads\/2021\/11\/KRIIIL-10.jpg\" target=\"_blank\" rel=\"noopener\"><img loading=\"lazy\" decoding=\"async\" class=\"aligncenter wp-image-11120 size-medium\" src=\"http:\/\/victoria-rad.de\/wp-content\/uploads\/2021\/11\/KRIIIL-10-300x226.jpg\" alt=\"\" width=\"300\" height=\"226\" srcset=\"https:\/\/victoria-rad.de\/wp-content\/uploads\/2021\/11\/KRIIIL-10-300x226.jpg 300w, https:\/\/victoria-rad.de\/wp-content\/uploads\/2021\/11\/KRIIIL-10-1024x771.jpg 1024w, https:\/\/victoria-rad.de\/wp-content\/uploads\/2021\/11\/KRIIIL-10-150x113.jpg 150w, https:\/\/victoria-rad.de\/wp-content\/uploads\/2021\/11\/KRIIIL-10-768x578.jpg 768w, https:\/\/victoria-rad.de\/wp-content\/uploads\/2021\/11\/KRIIIL-10.jpg 1200w\" sizes=\"auto, (max-width: 300px) 100vw, 300px\" \/><\/a><a href=\"http:\/\/victoria-rad.de\/wp-content\/uploads\/2021\/11\/IMG_20141122_0052-2.jpg\" target=\"_blank\" rel=\"noopener\"><img loading=\"lazy\" decoding=\"async\" class=\"aligncenter wp-image-11440 size-medium\" src=\"http:\/\/victoria-rad.de\/wp-content\/uploads\/2021\/11\/IMG_20141122_0052-2-300x211.jpg\" alt=\"\" width=\"300\" height=\"211\" srcset=\"https:\/\/victoria-rad.de\/wp-content\/uploads\/2021\/11\/IMG_20141122_0052-2-300x211.jpg 300w, https:\/\/victoria-rad.de\/wp-content\/uploads\/2021\/11\/IMG_20141122_0052-2-1024x721.jpg 1024w, https:\/\/victoria-rad.de\/wp-content\/uploads\/2021\/11\/IMG_20141122_0052-2-150x106.jpg 150w, https:\/\/victoria-rad.de\/wp-content\/uploads\/2021\/11\/IMG_20141122_0052-2-768x541.jpg 768w, https:\/\/victoria-rad.de\/wp-content\/uploads\/2021\/11\/IMG_20141122_0052-2.jpg 1200w\" sizes=\"auto, (max-width: 300px) 100vw, 300px\" \/><\/a><\/p>\r\n<p><a href=\"http:\/\/victoria-rad.de\/wp-content\/uploads\/2021\/11\/IMG_20141123_0072-2.jpg\" target=\"_blank\" rel=\"noopener\"><img loading=\"lazy\" decoding=\"async\" class=\"aligncenter wp-image-11441 size-medium\" src=\"http:\/\/victoria-rad.de\/wp-content\/uploads\/2021\/11\/IMG_20141123_0072-2-244x300.jpg\" alt=\"\" width=\"244\" height=\"300\" srcset=\"https:\/\/victoria-rad.de\/wp-content\/uploads\/2021\/11\/IMG_20141123_0072-2-244x300.jpg 244w, https:\/\/victoria-rad.de\/wp-content\/uploads\/2021\/11\/IMG_20141123_0072-2-831x1024.jpg 831w, https:\/\/victoria-rad.de\/wp-content\/uploads\/2021\/11\/IMG_20141123_0072-2-122x150.jpg 122w, https:\/\/victoria-rad.de\/wp-content\/uploads\/2021\/11\/IMG_20141123_0072-2-768x946.jpg 768w, https:\/\/victoria-rad.de\/wp-content\/uploads\/2021\/11\/IMG_20141123_0072-2.jpg 974w\" sizes=\"auto, (max-width: 244px) 100vw, 244px\" \/><\/a><\/p>\r\n<p style=\"text-align: center;\"><strong>Benzintank abgeschr\u00e4gt, Schaltung am Motorblock, Motor noch K.R.III. &#8211; bereits Auspuff-Anlage wie KR6, Vordergabel mit Aufnahme wie KR6&#8230; Grund-Rahmen bereits mit H\u00f6ckern wie bei K.R.III. \/ KR6&#8230;<\/strong><\/p>\r\n<p>Restaurierte K.R.III.:<\/p>\r\n<p><a href=\"http:\/\/victoria-rad.de\/wp-content\/uploads\/2021\/11\/20190328_113655.jpg\" target=\"_blank\" rel=\"noopener\"><img loading=\"lazy\" decoding=\"async\" class=\"aligncenter wp-image-11331 size-medium\" src=\"http:\/\/victoria-rad.de\/wp-content\/uploads\/2021\/11\/20190328_113655-300x169.jpg\" alt=\"\" width=\"300\" height=\"169\" srcset=\"https:\/\/victoria-rad.de\/wp-content\/uploads\/2021\/11\/20190328_113655-300x169.jpg 300w, https:\/\/victoria-rad.de\/wp-content\/uploads\/2021\/11\/20190328_113655-1024x576.jpg 1024w, https:\/\/victoria-rad.de\/wp-content\/uploads\/2021\/11\/20190328_113655-150x84.jpg 150w, https:\/\/victoria-rad.de\/wp-content\/uploads\/2021\/11\/20190328_113655-768x432.jpg 768w, https:\/\/victoria-rad.de\/wp-content\/uploads\/2021\/11\/20190328_113655.jpg 1200w\" sizes=\"auto, (max-width: 300px) 100vw, 300px\" \/><\/a><a href=\"http:\/\/victoria-rad.de\/wp-content\/uploads\/2021\/11\/20190328_113831.jpg\" target=\"_blank\" rel=\"noopener\"><img loading=\"lazy\" decoding=\"async\" class=\"aligncenter wp-image-11332 size-medium\" src=\"http:\/\/victoria-rad.de\/wp-content\/uploads\/2021\/11\/20190328_113831-300x190.jpg\" alt=\"\" width=\"300\" height=\"190\" srcset=\"https:\/\/victoria-rad.de\/wp-content\/uploads\/2021\/11\/20190328_113831-300x190.jpg 300w, https:\/\/victoria-rad.de\/wp-content\/uploads\/2021\/11\/20190328_113831-1024x648.jpg 1024w, https:\/\/victoria-rad.de\/wp-content\/uploads\/2021\/11\/20190328_113831-150x95.jpg 150w, https:\/\/victoria-rad.de\/wp-content\/uploads\/2021\/11\/20190328_113831-768x486.jpg 768w, https:\/\/victoria-rad.de\/wp-content\/uploads\/2021\/11\/20190328_113831.jpg 1200w\" sizes=\"auto, (max-width: 300px) 100vw, 300px\" \/><\/a><img loading=\"lazy\" decoding=\"async\" class=\"alignnone size-medium wp-image-11438 aligncenter\" src=\"http:\/\/victoria-rad.de\/wp-content\/uploads\/2021\/11\/00064-DM_2021-11-22_11-28-24-Kopie-300x202.jpg\" alt=\"\" width=\"300\" height=\"202\" srcset=\"https:\/\/victoria-rad.de\/wp-content\/uploads\/2021\/11\/00064-DM_2021-11-22_11-28-24-Kopie-300x202.jpg 300w, https:\/\/victoria-rad.de\/wp-content\/uploads\/2021\/11\/00064-DM_2021-11-22_11-28-24-Kopie-150x101.jpg 150w, https:\/\/victoria-rad.de\/wp-content\/uploads\/2021\/11\/00064-DM_2021-11-22_11-28-24-Kopie-768x517.jpg 768w, https:\/\/victoria-rad.de\/wp-content\/uploads\/2021\/11\/00064-DM_2021-11-22_11-28-24-Kopie.jpg 807w\" sizes=\"auto, (max-width: 300px) 100vw, 300px\" \/><\/p>\r\n<p><strong>Die neuen H\u00f6cker-Rahmen:<\/strong><\/p>\r\n<p>Es wurde ein v\u00f6llig neuer Rahmen konzipiert, welcher im oberen Bereich zwei sogenannte &#8222;H\u00f6cker&#8220; hatte. In der Vorstufe wurde der Abstand der &#8222;H\u00f6cker&#8220; noch <strong>schmaler<\/strong> gehalten, als in der letzten Ausbaustufe &#8211; <strong>breiter<\/strong>, welche bereits danach in der KR6 verbaut wurde.<\/p>\r\n<div class=\"wp-block-image\"><!-- \/wp:paragraph -->\r\n\r\n<!-- wp:image {\"id\":798,\"align\":\"center\"} -->\r\n<div class=\"wp-block-image\">\r\n<figure class=\"aligncenter\"><a href=\"http:\/\/victoria-rad.de\/wp-content\/uploads\/2018\/07\/IMG_20151219_0002.jpg\" target=\"_blank\" rel=\"noopener noreferrer\"><img loading=\"lazy\" decoding=\"async\" class=\"aligncenter wp-image-798\" src=\"http:\/\/victoria-rad.de\/wp-content\/uploads\/2018\/07\/IMG_20151219_0002-148x300.jpg\" alt=\"\" width=\"148\" height=\"300\" srcset=\"https:\/\/victoria-rad.de\/wp-content\/uploads\/2018\/07\/IMG_20151219_0002-148x300.jpg 148w, https:\/\/victoria-rad.de\/wp-content\/uploads\/2018\/07\/IMG_20151219_0002-768x1552.jpg 768w, https:\/\/victoria-rad.de\/wp-content\/uploads\/2018\/07\/IMG_20151219_0002-507x1024.jpg 507w, https:\/\/victoria-rad.de\/wp-content\/uploads\/2018\/07\/IMG_20151219_0002.jpg 1503w\" sizes=\"auto, (max-width: 148px) 100vw, 148px\" \/><\/a><\/figure>\r\n<\/div>\r\n<!-- \/wp:image -->\r\n\r\n<!-- wp:paragraph -->\r\n<p style=\"text-align: center;\">Bei diesem <strong>schmalen<\/strong> H\u00f6ckerrahmen sieht man die Lenkerklemmung mit der Lenkeraufnahme &#8211; Modell K.R.III.<\/p>\r\n<p><!-- \/wp:paragraph -->\r\n\r\n<!-- wp:image {\"id\":2411,\"align\":\"center\"} --><\/p>\r\n<div class=\"wp-block-image\" style=\"text-align: center;\">\r\n<figure class=\"aligncenter\"><img loading=\"lazy\" decoding=\"async\" width=\"253\" height=\"296\" class=\"wp-image-2411 aligncenter\" src=\"http:\/\/victoria-rad.de\/wp-content\/uploads\/2018\/07\/KRIII-Klemmung-am-senkrechten-Lenkerrohr.jpg\" alt=\"\" \/>Victoria K.R.III.<\/figure>\r\n<\/div>\r\n<p>&nbsp;<\/p>\r\n<p><strong>Nochmal die schmale H\u00f6ckerform, aber mit KR6 Lenkerklemmung:<\/strong><\/p>\r\n<!-- \/wp:image -->\r\n\r\n<!-- wp:image {\"id\":2408,\"align\":\"center\"} -->\r\n<div class=\"wp-block-image\">\r\n<figure class=\"aligncenter\"><a href=\"http:\/\/victoria-rad.de\/?attachment_id=2408\" target=\"_blank\" rel=\"noopener noreferrer\"><img loading=\"lazy\" decoding=\"async\" class=\"aligncenter wp-image-2408\" src=\"http:\/\/victoria-rad.de\/wp-content\/uploads\/2018\/07\/H\u00f6ckerrahmen-schmal-300x169.jpg\" alt=\"\" width=\"300\" height=\"169\" srcset=\"https:\/\/victoria-rad.de\/wp-content\/uploads\/2018\/07\/H\u00f6ckerrahmen-schmal-300x169.jpg 300w, https:\/\/victoria-rad.de\/wp-content\/uploads\/2018\/07\/H\u00f6ckerrahmen-schmal-768x432.jpg 768w, https:\/\/victoria-rad.de\/wp-content\/uploads\/2018\/07\/H\u00f6ckerrahmen-schmal-1024x576.jpg 1024w, https:\/\/victoria-rad.de\/wp-content\/uploads\/2018\/07\/H\u00f6ckerrahmen-schmal.jpg 1920w\" sizes=\"auto, (max-width: 300px) 100vw, 300px\" \/><\/a><\/figure>\r\n<\/div>\r\n<!-- \/wp:image -->\r\n\r\n<!-- wp:image {\"id\":2409,\"align\":\"center\"} -->\r\n<div class=\"wp-block-image\">\r\n<figure class=\"aligncenter\"><a href=\"http:\/\/victoria-rad.de\/wp-content\/uploads\/2018\/07\/Klemmung-bereits-wie-KRIV.jpg\" target=\"_blank\" rel=\"noopener noreferrer\"><img loading=\"lazy\" decoding=\"async\" class=\"aligncenter wp-image-2409\" src=\"http:\/\/victoria-rad.de\/wp-content\/uploads\/2018\/07\/Klemmung-bereits-wie-KRIV-188x300.jpg\" alt=\"\" width=\"188\" height=\"300\" srcset=\"https:\/\/victoria-rad.de\/wp-content\/uploads\/2018\/07\/Klemmung-bereits-wie-KRIV-188x300.jpg 188w, https:\/\/victoria-rad.de\/wp-content\/uploads\/2018\/07\/Klemmung-bereits-wie-KRIV.jpg 459w\" sizes=\"auto, (max-width: 188px) 100vw, 188px\" \/><\/a><\/figure>\r\n<\/div>\r\n<!-- \/wp:image -->\r\n\r\n<!-- wp:paragraph -->\r\n<p>\u00a0 \u00a0 \u00a0 \u00a0 \u00a0 \u00a0 \u00a0 \u00a0 \u00a0 \u00a0 \u00a0 \u00a0 \u00a0 \u00a0 \u00a0 \u00a0 \u00a0 \u00a0 \u00a0 \u00a0 \u00a0 \u00a0 \u00a0 \u00a0 \u00a0 \u00a0 \u00a0\u00a0 Klemmung der KR6:<\/p>\r\n<!-- \/wp:paragraph -->\r\n\r\n<!-- wp:image {\"id\":2410,\"align\":\"center\"} -->\r\n<div class=\"wp-block-image\">\r\n<figure class=\"aligncenter\"><img loading=\"lazy\" decoding=\"async\" width=\"300\" height=\"235\" class=\"wp-image-2410 aligncenter\" src=\"http:\/\/victoria-rad.de\/wp-content\/uploads\/2018\/07\/KRIV-Klemmung-waagrecht-am-Lenker-300x235.jpg\" alt=\"\" srcset=\"https:\/\/victoria-rad.de\/wp-content\/uploads\/2018\/07\/KRIV-Klemmung-waagrecht-am-Lenker-300x235.jpg 300w, https:\/\/victoria-rad.de\/wp-content\/uploads\/2018\/07\/KRIV-Klemmung-waagrecht-am-Lenker.jpg 362w\" sizes=\"auto, (max-width: 300px) 100vw, 300px\" \/><\/figure>\r\n<\/div>\r\n<!-- \/wp:image -->\r\n\r\n<!-- wp:paragraph -->\r\n<p>&nbsp;<\/p>\r\n<!-- \/wp:paragraph -->\r\n\r\n<!-- wp:image {\"id\":2411,\"align\":\"center\"} -->\r\n<div class=\"wp-block-image\">\u00a0<\/div>\r\n<!-- \/wp:image -->\r\n\r\n<!-- wp:paragraph -->\r\n<p>Einige Modelle wurden noch mit der &#8222;Kaffeem\u00fchlenschaltung&#8220; ausger\u00fcstet, man sieht es an der Durchf\u00fchrung des Gest\u00e4nges am Tank:<\/p>\r\n<!-- \/wp:paragraph -->\r\n\r\n<!-- wp:image {\"id\":2413,\"align\":\"center\"} -->\r\n<div class=\"wp-block-image\">\r\n<figure class=\"aligncenter\"><a href=\"http:\/\/victoria-rad.de\/?attachment_id=2413\" target=\"_blank\" rel=\"noopener noreferrer\"><img loading=\"lazy\" decoding=\"async\" class=\"aligncenter wp-image-2413\" src=\"http:\/\/victoria-rad.de\/wp-content\/uploads\/2018\/07\/20181023_175328-300x229.jpg\" alt=\"\" width=\"300\" height=\"229\" srcset=\"https:\/\/victoria-rad.de\/wp-content\/uploads\/2018\/07\/20181023_175328-300x229.jpg 300w, https:\/\/victoria-rad.de\/wp-content\/uploads\/2018\/07\/20181023_175328-768x587.jpg 768w, https:\/\/victoria-rad.de\/wp-content\/uploads\/2018\/07\/20181023_175328-1024x782.jpg 1024w, https:\/\/victoria-rad.de\/wp-content\/uploads\/2018\/07\/20181023_175328.jpg 1364w\" sizes=\"auto, (max-width: 300px) 100vw, 300px\" \/><\/a><\/figure>\r\n<\/div>\r\n<!-- \/wp:image -->\r\n\r\n<!-- wp:image {\"id\":2414,\"align\":\"center\"} -->\r\n<div class=\"wp-block-image\">\r\n<figure class=\"aligncenter\"><img loading=\"lazy\" decoding=\"async\" class=\"aligncenter wp-image-2414\" src=\"http:\/\/victoria-rad.de\/wp-content\/uploads\/2018\/07\/20181023_175358-300x267.jpg\" alt=\"\" width=\"300\" height=\"267\" srcset=\"https:\/\/victoria-rad.de\/wp-content\/uploads\/2018\/07\/20181023_175358-300x267.jpg 300w, https:\/\/victoria-rad.de\/wp-content\/uploads\/2018\/07\/20181023_175358-768x683.jpg 768w, https:\/\/victoria-rad.de\/wp-content\/uploads\/2018\/07\/20181023_175358-1024x911.jpg 1024w, https:\/\/victoria-rad.de\/wp-content\/uploads\/2018\/07\/20181023_175358.jpg 1214w\" sizes=\"auto, (max-width: 300px) 100vw, 300px\" \/><img loading=\"lazy\" decoding=\"async\" class=\"aligncenter wp-image-11443 size-medium\" src=\"http:\/\/victoria-rad.de\/wp-content\/uploads\/2021\/11\/P1040525-300x225.jpg\" alt=\"\" width=\"300\" height=\"225\" srcset=\"https:\/\/victoria-rad.de\/wp-content\/uploads\/2021\/11\/P1040525-300x225.jpg 300w, https:\/\/victoria-rad.de\/wp-content\/uploads\/2021\/11\/P1040525-150x113.jpg 150w, https:\/\/victoria-rad.de\/wp-content\/uploads\/2021\/11\/P1040525-768x576.jpg 768w, https:\/\/victoria-rad.de\/wp-content\/uploads\/2021\/11\/P1040525.jpg 1000w\" sizes=\"auto, (max-width: 300px) 100vw, 300px\" \/><\/figure>\r\n<p style=\"text-align: center;\">bereits mit breiten &#8222;H\u00f6ckern&#8220;&#8230;<\/p>\r\n<\/div>\r\n<!-- \/wp:image -->\r\n\r\n<!-- wp:paragraph -->\r\n<p>Anschlie\u00dfend ein Bild einer K.R.III.; &#8211; alte Rahmen-Form &#8211; schmale &#8222;H\u00f6cker&#8220;, mit Schaltung am Motorgeh\u00e4use, wie bei der KR6 ohne vordere Bremse:<\/p>\r\n<p><a href=\"http:\/\/victoria-rad.de\/wp-content\/uploads\/2021\/11\/Steimetz-Kopie-2.jpg\" target=\"_blank\" rel=\"noopener\"><img loading=\"lazy\" decoding=\"async\" class=\"aligncenter wp-image-11126 size-medium\" src=\"http:\/\/victoria-rad.de\/wp-content\/uploads\/2021\/11\/Steimetz-Kopie-2-300x225.jpg\" alt=\"\" width=\"300\" height=\"225\" srcset=\"https:\/\/victoria-rad.de\/wp-content\/uploads\/2021\/11\/Steimetz-Kopie-2-300x225.jpg 300w, https:\/\/victoria-rad.de\/wp-content\/uploads\/2021\/11\/Steimetz-Kopie-2-1024x768.jpg 1024w, https:\/\/victoria-rad.de\/wp-content\/uploads\/2021\/11\/Steimetz-Kopie-2-150x113.jpg 150w, https:\/\/victoria-rad.de\/wp-content\/uploads\/2021\/11\/Steimetz-Kopie-2-768x576.jpg 768w, https:\/\/victoria-rad.de\/wp-content\/uploads\/2021\/11\/Steimetz-Kopie-2.jpg 1136w\" sizes=\"auto, (max-width: 300px) 100vw, 300px\" \/><\/a><\/p>\r\n<!-- \/wp:paragraph -->\r\n\r\n<!-- wp:image {\"id\":799,\"align\":\"center\"} -->\r\n<div class=\"wp-block-image\">\r\n<figure class=\"aligncenter\"><\/figure>\r\n<p><em><strong>Originale Bilder &#8211; Motor bereits in KR6-Ausr\u00fchrung, mit KR6A &#8211; Gabel (Tigergabel) und den gewohnten Komponenten:<\/strong><\/em><\/p>\r\n<\/div>\r\n<!-- \/wp:image -->\r\n\r\n<!-- wp:paragraph -->\r\n<p><a href=\"http:\/\/victoria-rad.de\/wp-content\/uploads\/2021\/11\/KRIIIL-25.jpg\" target=\"_blank\" rel=\"noopener\"><img loading=\"lazy\" decoding=\"async\" class=\"aligncenter wp-image-11121 size-medium\" src=\"http:\/\/victoria-rad.de\/wp-content\/uploads\/2021\/11\/KRIIIL-25-300x220.jpg\" alt=\"\" width=\"300\" height=\"220\" srcset=\"https:\/\/victoria-rad.de\/wp-content\/uploads\/2021\/11\/KRIIIL-25-300x220.jpg 300w, https:\/\/victoria-rad.de\/wp-content\/uploads\/2021\/11\/KRIIIL-25-1024x749.jpg 1024w, https:\/\/victoria-rad.de\/wp-content\/uploads\/2021\/11\/KRIIIL-25-150x110.jpg 150w, https:\/\/victoria-rad.de\/wp-content\/uploads\/2021\/11\/KRIIIL-25-768x562.jpg 768w, https:\/\/victoria-rad.de\/wp-content\/uploads\/2021\/11\/KRIIIL-25.jpg 1200w\" sizes=\"auto, (max-width: 300px) 100vw, 300px\" \/><\/a><\/p>\r\n<p><a href=\"http:\/\/victoria-rad.de\/wp-content\/uploads\/2021\/11\/KRIIIL-33.jpg\" target=\"_blank\" rel=\"noopener\"><img loading=\"lazy\" decoding=\"async\" class=\"aligncenter wp-image-11122 size-medium\" src=\"http:\/\/victoria-rad.de\/wp-content\/uploads\/2021\/11\/KRIIIL-33-300x192.jpg\" alt=\"\" width=\"300\" height=\"192\" srcset=\"https:\/\/victoria-rad.de\/wp-content\/uploads\/2021\/11\/KRIIIL-33-300x192.jpg 300w, https:\/\/victoria-rad.de\/wp-content\/uploads\/2021\/11\/KRIIIL-33-1024x654.jpg 1024w, https:\/\/victoria-rad.de\/wp-content\/uploads\/2021\/11\/KRIIIL-33-150x96.jpg 150w, https:\/\/victoria-rad.de\/wp-content\/uploads\/2021\/11\/KRIIIL-33-768x490.jpg 768w, https:\/\/victoria-rad.de\/wp-content\/uploads\/2021\/11\/KRIIIL-33.jpg 1200w\" sizes=\"auto, (max-width: 300px) 100vw, 300px\" \/><\/a><\/p>\r\n<!-- \/wp:paragraph -->\r\n\r\n<!-- wp:image {\"id\":800,\"align\":\"center\"} -->\r\n<div class=\"wp-block-image\">\u00a0<\/div>\r\n<!-- \/wp:image -->\r\n\r\n<!-- wp:paragraph \/-->\r\n\r\n<!-- wp:paragraph \/-->\r\n\r\n<!-- wp:image {\"id\":803,\"align\":\"center\"} -->\r\n<div class=\"wp-block-image\">\u00a0<\/div>\r\n<!-- \/wp:image -->\r\n\r\n<!-- wp:image {\"id\":813,\"align\":\"center\"} -->\r\n<div class=\"wp-block-image\">\u00a0<\/div>\r\n<!-- \/wp:image -->\r\n\r\n<!-- wp:paragraph -->\r\n<p><strong>Victoria KR IV ??? gab es Sie, oder nicht.<\/strong><\/p>\r\n<!-- \/wp:paragraph -->\r\n\r\n<!-- wp:paragraph -->\r\n<p>Die sagenumwobene Victoria KR IV konnte bislang nicht durch eine gedruckte Werksunterlage, wie Anleitung, Ersatzteilliste bzw. Prospekte nachgewiesen werden. Daraus muss man den Schluss ziehen, Sie existiert nicht !!!<\/p>\r\n<!-- \/wp:paragraph -->\r\n\r\n<!-- wp:image {\"id\":807,\"align\":\"center\"} -->\r\n<div class=\"wp-block-image\">\r\n<figure class=\"aligncenter\"><a href=\"http:\/\/victoria-rad.de\/?attachment_id=807\" target=\"_blank\" rel=\"noopener noreferrer\"><img loading=\"lazy\" decoding=\"async\" class=\"aligncenter wp-image-807\" src=\"http:\/\/victoria-rad.de\/wp-content\/uploads\/2018\/07\/KR4-2-236x300.png\" alt=\"\" width=\"236\" height=\"300\" srcset=\"https:\/\/victoria-rad.de\/wp-content\/uploads\/2018\/07\/KR4-2-236x300.png 236w, https:\/\/victoria-rad.de\/wp-content\/uploads\/2018\/07\/KR4-2-768x978.png 768w, https:\/\/victoria-rad.de\/wp-content\/uploads\/2018\/07\/KR4-2-804x1024.png 804w, https:\/\/victoria-rad.de\/wp-content\/uploads\/2018\/07\/KR4-2.png 1412w\" sizes=\"auto, (max-width: 236px) 100vw, 236px\" \/><\/a><\/figure>\r\n<\/div>\r\n<!-- \/wp:image -->\r\n\r\n<!-- wp:paragraph -->\r\n<p>Folgende Bilder kursieren, aber wie gesagt ohne Nachweis. Deshalb gehe ich davon aus, das es sich wiederum um ein \u00dcbergangsmodell zum Typ KR6 handelt:<br \/>Bei dem Vergaser handelt sich um ein Importmodell aus England mit der Bezeichnung: T25, HYDM von Amac Carburetters:<\/p>\r\n<!-- \/wp:paragraph -->\r\n\r\n<!-- wp:image {\"id\":808,\"align\":\"center\"} -->\r\n<div class=\"wp-block-image\">\r\n<figure class=\"aligncenter\"><a href=\"http:\/\/victoria-rad.de\/?attachment_id=808\" target=\"_blank\" rel=\"noopener noreferrer\"><img loading=\"lazy\" decoding=\"async\" class=\"aligncenter wp-image-808\" src=\"http:\/\/victoria-rad.de\/wp-content\/uploads\/2018\/07\/IMG_20150208_0003-300x190.jpg\" alt=\"\" width=\"300\" height=\"190\" srcset=\"https:\/\/victoria-rad.de\/wp-content\/uploads\/2018\/07\/IMG_20150208_0003-300x190.jpg 300w, https:\/\/victoria-rad.de\/wp-content\/uploads\/2018\/07\/IMG_20150208_0003-768x486.jpg 768w, https:\/\/victoria-rad.de\/wp-content\/uploads\/2018\/07\/IMG_20150208_0003-1024x648.jpg 1024w\" sizes=\"auto, (max-width: 300px) 100vw, 300px\" \/><\/a><\/figure>\r\n<\/div>\r\n<!-- \/wp:image -->\r\n\r\n<!-- wp:image {\"id\":809,\"align\":\"center\"} -->\r\n<div class=\"wp-block-image\">\r\n<figure class=\"aligncenter\"><a href=\"http:\/\/victoria-rad.de\/wp-content\/uploads\/2018\/07\/Victoria-KR4-KR6D.jpg\" target=\"_blank\" rel=\"noopener noreferrer\"><img loading=\"lazy\" decoding=\"async\" class=\"aligncenter wp-image-809\" src=\"http:\/\/victoria-rad.de\/wp-content\/uploads\/2018\/07\/Victoria-KR4-KR6D-300x186.jpg\" alt=\"\" width=\"300\" height=\"186\" srcset=\"https:\/\/victoria-rad.de\/wp-content\/uploads\/2018\/07\/Victoria-KR4-KR6D-300x186.jpg 300w, https:\/\/victoria-rad.de\/wp-content\/uploads\/2018\/07\/Victoria-KR4-KR6D-768x476.jpg 768w, https:\/\/victoria-rad.de\/wp-content\/uploads\/2018\/07\/Victoria-KR4-KR6D-1024x634.jpg 1024w, https:\/\/victoria-rad.de\/wp-content\/uploads\/2018\/07\/Victoria-KR4-KR6D-825x510.jpg 825w\" sizes=\"auto, (max-width: 300px) 100vw, 300px\" \/><\/a><\/figure>\r\n<\/div>\r\n<!-- \/wp:image -->\r\n\r\n<!-- wp:image {\"id\":1351,\"align\":\"center\"} -->\r\n<div class=\"wp-block-image\">\r\n<figure class=\"aligncenter\"><a href=\"http:\/\/victoria-rad.de\/?attachment_id=1351\" target=\"_blank\" rel=\"noopener noreferrer\"><img loading=\"lazy\" decoding=\"async\" class=\"aligncenter wp-image-1351\" src=\"http:\/\/victoria-rad.de\/wp-content\/uploads\/2018\/07\/KRIV-300x147.png\" alt=\"\" width=\"300\" height=\"147\" srcset=\"https:\/\/victoria-rad.de\/wp-content\/uploads\/2018\/07\/KRIV-300x147.png 300w, https:\/\/victoria-rad.de\/wp-content\/uploads\/2018\/07\/KRIV-768x376.png 768w, https:\/\/victoria-rad.de\/wp-content\/uploads\/2018\/07\/KRIV-1024x501.png 1024w\" sizes=\"auto, (max-width: 300px) 100vw, 300px\" \/><\/a><\/figure>\r\n<\/div>\r\n<!-- \/wp:image -->\r\n\r\n<!-- wp:paragraph -->\r\n<p>Nummern\u00fcbersicht:<\/p>\r\n<!-- \/wp:paragraph -->\r\n\r\n<!-- wp:image {\"id\":815,\"align\":\"center\"} -->\r\n<div class=\"wp-block-image\">\r\n<figure class=\"aligncenter\"><a href=\"http:\/\/victoria-rad.de\/?attachment_id=815\" target=\"_blank\" rel=\"noopener noreferrer\"><img loading=\"lazy\" decoding=\"async\" class=\"aligncenter wp-image-815\" src=\"http:\/\/victoria-rad.de\/wp-content\/uploads\/2018\/07\/IMG_20150909_0002-300x135.jpg\" alt=\"\" width=\"300\" height=\"135\" srcset=\"https:\/\/victoria-rad.de\/wp-content\/uploads\/2018\/07\/IMG_20150909_0002-300x135.jpg 300w, https:\/\/victoria-rad.de\/wp-content\/uploads\/2018\/07\/IMG_20150909_0002-768x345.jpg 768w, https:\/\/victoria-rad.de\/wp-content\/uploads\/2018\/07\/IMG_20150909_0002-1024x460.jpg 1024w\" sizes=\"auto, (max-width: 300px) 100vw, 300px\" \/><\/a><\/figure>\r\n<\/div>\r\n<!-- \/wp:image -->\r\n\r\n<!-- wp:paragraph -->\r\n<p>Fazit:<\/p>\r\n<!-- \/wp:paragraph -->\r\n\r\n<!-- wp:paragraph -->\r\n<p>In den Jahren von 1923 angefangen, mit der K.R.II. bis zur KR6 gab es so viele Ver\u00e4nderungen, haupts\u00e4chlich im Bereich der K.R.III., dass es oft schwierig ist dies aufs genaueste zu verifizieren. Dieser Bericht soll dazu dienen etwas Licht in das manchmal dunkle zu bringen. Sollten aufmerksame Betrachter neue Erkenntnisse beibringen, so werden diese gerne mit aufgenommen.<\/p>\r\n<!-- \/wp:paragraph -->\r\n\r\n<!-- wp:image {\"id\":604,\"align\":\"center\"} -->\r\n<div class=\"wp-block-image\">\r\n<figure class=\"aligncenter\"><img loading=\"lazy\" decoding=\"async\" width=\"300\" height=\"293\" class=\"wp-image-604 aligncenter\" src=\"http:\/\/victoria-rad.de\/wp-content\/uploads\/2018\/07\/IMG_20180715_0001-300x293.jpg\" alt=\"\" srcset=\"https:\/\/victoria-rad.de\/wp-content\/uploads\/2018\/07\/IMG_20180715_0001-300x293.jpg 300w, https:\/\/victoria-rad.de\/wp-content\/uploads\/2018\/07\/IMG_20180715_0001-768x749.jpg 768w, https:\/\/victoria-rad.de\/wp-content\/uploads\/2018\/07\/IMG_20180715_0001-1024x999.jpg 1024w, https:\/\/victoria-rad.de\/wp-content\/uploads\/2018\/07\/IMG_20180715_0001.jpg 1326w\" sizes=\"auto, (max-width: 300px) 100vw, 300px\" \/><\/figure>\r\n<\/div>\r\n<!-- \/wp:image -->\r\n\r\n<!-- wp:paragraph -->\r\n<p>Gert Reiher&#8230;<\/p>\r\n<p><a href=\"http:\/\/victoria-rad.de\/wp-content\/uploads\/2022\/02\/IMG_20190312_0002-scaled.jpg\"><img loading=\"lazy\" decoding=\"async\" class=\"aligncenter wp-image-11893 size-medium\" src=\"http:\/\/victoria-rad.de\/wp-content\/uploads\/2022\/02\/IMG_20190312_0002-300x102.jpg\" alt=\"\" width=\"300\" height=\"102\" srcset=\"https:\/\/victoria-rad.de\/wp-content\/uploads\/2022\/02\/IMG_20190312_0002-300x102.jpg 300w, https:\/\/victoria-rad.de\/wp-content\/uploads\/2022\/02\/IMG_20190312_0002-1024x347.jpg 1024w, https:\/\/victoria-rad.de\/wp-content\/uploads\/2022\/02\/IMG_20190312_0002-150x51.jpg 150w, https:\/\/victoria-rad.de\/wp-content\/uploads\/2022\/02\/IMG_20190312_0002-768x261.jpg 768w, https:\/\/victoria-rad.de\/wp-content\/uploads\/2022\/02\/IMG_20190312_0002-1536x521.jpg 1536w, https:\/\/victoria-rad.de\/wp-content\/uploads\/2022\/02\/IMG_20190312_0002-2048x695.jpg 2048w\" sizes=\"auto, (max-width: 300px) 100vw, 300px\" \/><\/a><img loading=\"lazy\" decoding=\"async\" class=\"alignnone size-medium wp-image-11894 aligncenter\" src=\"http:\/\/victoria-rad.de\/wp-content\/uploads\/2022\/02\/58-300x14.png\" alt=\"\" width=\"300\" height=\"14\" srcset=\"https:\/\/victoria-rad.de\/wp-content\/uploads\/2022\/02\/58-300x14.png 300w, https:\/\/victoria-rad.de\/wp-content\/uploads\/2022\/02\/58-150x7.png 150w, https:\/\/victoria-rad.de\/wp-content\/uploads\/2022\/02\/58.png 501w\" sizes=\"auto, (max-width: 300px) 100vw, 300px\" \/><\/p>\r\n<\/div>\r\n<!-- \/wp:paragraph -->\r\n\r\n<!-- wp:image {\"id\":817,\"align\":\"center\"} -->\r\n<div class=\"wp-block-image\">\u00a0<\/div>\r\n<!-- \/wp:image -->\r\n\r\n<!-- wp:paragraph \/-->\r\n\r\n<!-- wp:paragraph \/-->\r\n\r\n<!-- wp:paragraph \/-->\r\n\r\n<!-- wp:image {\"id\":793,\"align\":\"center\"} -->\r\n<div class=\"wp-block-image\">\u00a0<\/div>\r\n<!-- \/wp:image -->\r\n\r\n<!-- wp:image {\"id\":811,\"align\":\"center\"} -->\r\n<div class=\"wp-block-image\">\u00a0<\/div>\r\n<!-- \/wp:image -->\r\n\r\n<!-- wp:paragraph \/-->\r\n\r\n<!-- wp:paragraph \/-->\r\n\r\n","protected":false},"excerpt":{"rendered":"<p>Victoria K.R.III. &#8211; N: Die Victoria K.R.III.-N, N-steht f\u00fcr &#8222;Neu&#8220; war mit Riemenfelge und Keilklotzbremse im Vorderrad ausger\u00fcstet, sowie der am Motorblock angebrachten Schaltkulisse. Die Kupplung war jetzt linksseitig. Dadurch ver\u00e4nderte sich auch der Kettenschutz zu seinem Vorteil im neuen Design: \u00a0Modell KRIII-N 1927 \/ 1928, die Riemenfelge mit der Keilklotzbremse hat man nur kurze &hellip; <a href=\"https:\/\/victoria-rad.de\/?p=11068\" class=\"more-link\"><span class=\"screen-reader-text\">Victoria KR3 Motorrad ab ca. 1926 &#8211; 1928 in Bildern mit Kurzbeschreibung&#8230;<\/span> weiterlesen<\/a><\/p>\n","protected":false},"author":1,"featured_media":0,"comment_status":"open","ping_status":"open","sticky":false,"template":"","format":"standard","meta":{"footnotes":""},"categories":[1],"tags":[],"class_list":["post-11068","post","type-post","status-publish","format-standard","hentry","category-uncategorized"],"_links":{"self":[{"href":"https:\/\/victoria-rad.de\/index.php?rest_route=\/wp\/v2\/posts\/11068","targetHints":{"allow":["GET"]}}],"collection":[{"href":"https:\/\/victoria-rad.de\/index.php?rest_route=\/wp\/v2\/posts"}],"about":[{"href":"https:\/\/victoria-rad.de\/index.php?rest_route=\/wp\/v2\/types\/post"}],"author":[{"embeddable":true,"href":"https:\/\/victoria-rad.de\/index.php?rest_route=\/wp\/v2\/users\/1"}],"replies":[{"embeddable":true,"href":"https:\/\/victoria-rad.de\/index.php?rest_route=%2Fwp%2Fv2%2Fcomments&post=11068"}],"version-history":[{"count":19,"href":"https:\/\/victoria-rad.de\/index.php?rest_route=\/wp\/v2\/posts\/11068\/revisions"}],"predecessor-version":[{"id":11949,"href":"https:\/\/victoria-rad.de\/index.php?rest_route=\/wp\/v2\/posts\/11068\/revisions\/11949"}],"wp:attachment":[{"href":"https:\/\/victoria-rad.de\/index.php?rest_route=%2Fwp%2Fv2%2Fmedia&parent=11068"}],"wp:term":[{"taxonomy":"category","embeddable":true,"href":"https:\/\/victoria-rad.de\/index.php?rest_route=%2Fwp%2Fv2%2Fcategories&post=11068"},{"taxonomy":"post_tag","embeddable":true,"href":"https:\/\/victoria-rad.de\/index.php?rest_route=%2Fwp%2Fv2%2Ftags&post=11068"}],"curies":[{"name":"wp","href":"https:\/\/api.w.org\/{rel}","templated":true}]}}