{"id":120,"date":"2018-05-14T14:57:42","date_gmt":"2018-05-14T14:57:42","guid":{"rendered":"http:\/\/victoria-rad.de\/?p=120"},"modified":"2019-04-10T10:47:44","modified_gmt":"2019-04-10T10:47:44","slug":"1901-das-jahr-als-man-bei-victoria-das-erste-motorrad-baute-und-somit-eine-neue-aera-begann","status":"publish","type":"post","link":"https:\/\/victoria-rad.de\/?p=120","title":{"rendered":"Victoria &#8211; Motorrad &#8211; 1901 Das Jahr, als man bei Victoria das erste Motorrad baute und somit eine neue \u00c4ra begann&#8230;"},"content":{"rendered":"<p>In diesem Beitrag wird der Motorradbau von 1900 &#8211; 1908 in groben Z\u00fcgen beschrieben. Die ausf\u00fchrliche Beschreibung dieser Epoche findet Ihr im Victoria\u00a0 Buch der der Victoria IG, ( Victoria-ig.de );<\/p>\n<p><img loading=\"lazy\" decoding=\"async\" class=\"alignnone size-medium wp-image-121 aligncenter\" src=\"http:\/\/victoria-rad.de\/wp-content\/uploads\/2018\/05\/Anzeige-209x300.png\" alt=\"\" width=\"209\" height=\"300\" srcset=\"https:\/\/victoria-rad.de\/wp-content\/uploads\/2018\/05\/Anzeige-209x300.png 209w, https:\/\/victoria-rad.de\/wp-content\/uploads\/2018\/05\/Anzeige.png 513w\" sizes=\"auto, (max-width: 209px) 100vw, 209px\" \/>Die ersten Anzeigen in den Fachzeitschriften erschienen logischerweise etwas sp\u00e4ter, aber verdeutlichten, dass Victoria gewillt war den Motorradbau voran zu treiben.<\/p>\n<p style=\"text-align: center;\"><img loading=\"lazy\" decoding=\"async\" class=\"alignnone size-medium wp-image-623 aligncenter\" src=\"http:\/\/victoria-rad.de\/wp-content\/uploads\/2018\/05\/IMG_20150909_0006-300x223.jpg\" alt=\"\" width=\"300\" height=\"223\" srcset=\"https:\/\/victoria-rad.de\/wp-content\/uploads\/2018\/05\/IMG_20150909_0006-300x223.jpg 300w, https:\/\/victoria-rad.de\/wp-content\/uploads\/2018\/05\/IMG_20150909_0006-768x570.jpg 768w, https:\/\/victoria-rad.de\/wp-content\/uploads\/2018\/05\/IMG_20150909_0006-1024x760.jpg 1024w\" sizes=\"auto, (max-width: 300px) 100vw, 300px\" \/>Das allererste Motorrad von Victoria.<\/p>\n<p><img loading=\"lazy\" decoding=\"async\" class=\"alignnone size-medium wp-image-123 aligncenter\" src=\"http:\/\/victoria-rad.de\/wp-content\/uploads\/2018\/05\/Archiv-Piet-Moi-300x200.jpg\" alt=\"\" width=\"300\" height=\"200\" srcset=\"https:\/\/victoria-rad.de\/wp-content\/uploads\/2018\/05\/Archiv-Piet-Moi-300x200.jpg 300w, https:\/\/victoria-rad.de\/wp-content\/uploads\/2018\/05\/Archiv-Piet-Moi-768x512.jpg 768w, https:\/\/victoria-rad.de\/wp-content\/uploads\/2018\/05\/Archiv-Piet-Moi.jpg 1024w\" sizes=\"auto, (max-width: 300px) 100vw, 300px\" \/>Das erste Motorrad vom neuen Jahrhundert, welches noch vorhanden ist in diesem sch\u00f6nen Altzustand.<\/p>\n<p><img loading=\"lazy\" decoding=\"async\" class=\"alignnone size-medium wp-image-124 aligncenter\" src=\"http:\/\/victoria-rad.de\/wp-content\/uploads\/2018\/05\/IMG_1482-200x300.jpg\" alt=\"\" width=\"200\" height=\"300\" srcset=\"https:\/\/victoria-rad.de\/wp-content\/uploads\/2018\/05\/IMG_1482-200x300.jpg 200w, https:\/\/victoria-rad.de\/wp-content\/uploads\/2018\/05\/IMG_1482.jpg 511w\" sizes=\"auto, (max-width: 200px) 100vw, 200px\" \/>Der gut erhaltene Fafnir &#8211; Motor mit der Nummer 1896 in den Fafnirwerken in Aachen hergestellt und\u00a0 wurde von den Victoriawerken bevorzugt eingebaut.\u00a0<a href=\"http:\/\/victoria-rad.de\/wp-content\/uploads\/2018\/05\/Victoria-Modell-10.tif\"><img loading=\"lazy\" decoding=\"async\" class=\"alignnone size-medium wp-image-125\" src=\"http:\/\/victoria-rad.de\/wp-content\/uploads\/2018\/05\/Victoria-Modell-10.tif\" alt=\"\" width=\"1\" height=\"1\" \/><\/a><img loading=\"lazy\" decoding=\"async\" class=\"alignnone size-medium wp-image-125 aligncenter\" src=\"http:\/\/victoria-rad.de\/wp-content\/uploads\/2018\/05\/Victoria-Modell-10.tif\" alt=\"\" width=\"1\" height=\"1\" \/><img loading=\"lazy\" decoding=\"async\" class=\"alignnone size-medium wp-image-122 aligncenter\" src=\"http:\/\/victoria-rad.de\/wp-content\/uploads\/2018\/05\/56-Victoria-Motor-Zweirad-300x190.png\" alt=\"\" width=\"300\" height=\"190\" srcset=\"https:\/\/victoria-rad.de\/wp-content\/uploads\/2018\/05\/56-Victoria-Motor-Zweirad-300x190.png 300w, https:\/\/victoria-rad.de\/wp-content\/uploads\/2018\/05\/56-Victoria-Motor-Zweirad-768x487.png 768w, https:\/\/victoria-rad.de\/wp-content\/uploads\/2018\/05\/56-Victoria-Motor-Zweirad-1024x649.png 1024w, https:\/\/victoria-rad.de\/wp-content\/uploads\/2018\/05\/56-Victoria-Motor-Zweirad.png 1646w\" sizes=\"auto, (max-width: 300px) 100vw, 300px\" \/><\/p>\n<p><img loading=\"lazy\" decoding=\"async\" class=\"alignnone size-medium wp-image-627 aligncenter\" src=\"http:\/\/victoria-rad.de\/wp-content\/uploads\/2018\/05\/IMG_20150909_0001-300x211.jpg\" alt=\"\" width=\"300\" height=\"211\" srcset=\"https:\/\/victoria-rad.de\/wp-content\/uploads\/2018\/05\/IMG_20150909_0001-300x211.jpg 300w, https:\/\/victoria-rad.de\/wp-content\/uploads\/2018\/05\/IMG_20150909_0001-768x541.jpg 768w, https:\/\/victoria-rad.de\/wp-content\/uploads\/2018\/05\/IMG_20150909_0001-1024x721.jpg 1024w\" sizes=\"auto, (max-width: 300px) 100vw, 300px\" \/><br \/>\n<img loading=\"lazy\" decoding=\"async\" class=\"alignnone size-medium wp-image-126 aligncenter\" src=\"http:\/\/victoria-rad.de\/wp-content\/uploads\/2018\/05\/IMG_20180514_0003-e1526293923884-300x204.jpg\" alt=\"\" width=\"300\" height=\"204\" srcset=\"https:\/\/victoria-rad.de\/wp-content\/uploads\/2018\/05\/IMG_20180514_0003-e1526293923884-300x204.jpg 300w, https:\/\/victoria-rad.de\/wp-content\/uploads\/2018\/05\/IMG_20180514_0003-e1526293923884-768x523.jpg 768w, https:\/\/victoria-rad.de\/wp-content\/uploads\/2018\/05\/IMG_20180514_0003-e1526293923884-1024x697.jpg 1024w\" sizes=\"auto, (max-width: 300px) 100vw, 300px\" \/><img loading=\"lazy\" decoding=\"async\" class=\"alignnone size-medium wp-image-128 aligncenter\" src=\"http:\/\/victoria-rad.de\/wp-content\/uploads\/2018\/05\/IMG_20180514_0004-e1526294560237-300x203.jpg\" alt=\"\" width=\"300\" height=\"203\" srcset=\"https:\/\/victoria-rad.de\/wp-content\/uploads\/2018\/05\/IMG_20180514_0004-e1526294560237-300x203.jpg 300w, https:\/\/victoria-rad.de\/wp-content\/uploads\/2018\/05\/IMG_20180514_0004-e1526294560237-768x520.jpg 768w, https:\/\/victoria-rad.de\/wp-content\/uploads\/2018\/05\/IMG_20180514_0004-e1526294560237-1024x694.jpg 1024w\" sizes=\"auto, (max-width: 300px) 100vw, 300px\" \/>Das bekannteste Motorrad aus dem Jahr 1906 befindet sich im Museum f\u00fcr Industriekultur in N\u00fcrnberg, der Gr\u00fcnderstadt der Firma Victoria.<img loading=\"lazy\" decoding=\"async\" class=\"alignnone size-medium wp-image-129 aligncenter\" src=\"http:\/\/victoria-rad.de\/wp-content\/uploads\/2018\/05\/IMG_20141127_0123-300x203.jpg\" alt=\"\" width=\"300\" height=\"203\" srcset=\"https:\/\/victoria-rad.de\/wp-content\/uploads\/2018\/05\/IMG_20141127_0123-300x203.jpg 300w, https:\/\/victoria-rad.de\/wp-content\/uploads\/2018\/05\/IMG_20141127_0123-768x521.jpg 768w, https:\/\/victoria-rad.de\/wp-content\/uploads\/2018\/05\/IMG_20141127_0123-1024x694.jpg 1024w\" sizes=\"auto, (max-width: 300px) 100vw, 300px\" \/>Die Restauration ist zwar gew\u00f6hnungsbed\u00fcrftig, aber in der N\u00e4he von Berlin, in einem Museum steht auch noch ein Modell aus dieser Zeit.<\/p>\n<p><img loading=\"lazy\" decoding=\"async\" class=\"alignnone size-medium wp-image-137 aligncenter\" src=\"http:\/\/victoria-rad.de\/wp-content\/uploads\/2018\/05\/57-300x147.png\" alt=\"\" width=\"300\" height=\"147\" srcset=\"https:\/\/victoria-rad.de\/wp-content\/uploads\/2018\/05\/57-300x147.png 300w, https:\/\/victoria-rad.de\/wp-content\/uploads\/2018\/05\/57-768x377.png 768w, https:\/\/victoria-rad.de\/wp-content\/uploads\/2018\/05\/57.png 786w\" sizes=\"auto, (max-width: 300px) 100vw, 300px\" \/>Ab 1904 wurden die ersten Dreir\u00e4der, die sogenannten Vorsteckwagen (der Vorl\u00e4ufer des heutigen Seitenwagens), bei Victoria hergestellt. Im Anschluss ist eine Entwurfszeichnung dieses\u00a0 Gef\u00e4hrtes zu sehen.<\/p>\n<p><img loading=\"lazy\" decoding=\"async\" class=\"alignnone size-medium wp-image-135 aligncenter\" src=\"http:\/\/victoria-rad.de\/wp-content\/uploads\/2018\/05\/IMG_20180514_0006-e1526296733918-300x144.jpg\" alt=\"\" width=\"300\" height=\"144\" srcset=\"https:\/\/victoria-rad.de\/wp-content\/uploads\/2018\/05\/IMG_20180514_0006-e1526296733918-300x144.jpg 300w, https:\/\/victoria-rad.de\/wp-content\/uploads\/2018\/05\/IMG_20180514_0006-e1526296733918-768x368.jpg 768w, https:\/\/victoria-rad.de\/wp-content\/uploads\/2018\/05\/IMG_20180514_0006-e1526296733918-1024x490.jpg 1024w\" sizes=\"auto, (max-width: 300px) 100vw, 300px\" \/><\/p>\n<p>Im Jahr 1994 tauchten \u00fcber einen H\u00e4ndler originale Teile eines solchen Dreirades auf, welche aus nach dessen Informationen aus Russland stammten. Vorhanden waren der originale Rahmen mit der Nummer &#8222;200&#8220;, sowie der Fafnir Motor inkl. Vergaser und Z\u00fcndmagnet. Ein Rad und die seltene Hinterrad &#8211; Au\u00dfenbandbremse, sowie der Lenker, waren auch dabei. Das seltenste Originalteil war das Zweiganggetriebe, welches vor dem Motor sitzt. So ein Getriebe ist eine absolute Seltenheit. (Planetengetriebe). Alle Komponenten passten perfekt zusammen. Das gesamte Vorsteckteil mit Korb und der \u00e4u\u00dfere Rahmen fehlten nat\u00fcrlich.<\/p>\n<p><img loading=\"lazy\" decoding=\"async\" class=\"alignnone size-medium wp-image-130 aligncenter\" src=\"http:\/\/victoria-rad.de\/wp-content\/uploads\/2018\/05\/Victoria-Vorsteckwagen-2-300x210.jpg\" alt=\"\" width=\"300\" height=\"210\" srcset=\"https:\/\/victoria-rad.de\/wp-content\/uploads\/2018\/05\/Victoria-Vorsteckwagen-2-300x210.jpg 300w, https:\/\/victoria-rad.de\/wp-content\/uploads\/2018\/05\/Victoria-Vorsteckwagen-2-768x538.jpg 768w, https:\/\/victoria-rad.de\/wp-content\/uploads\/2018\/05\/Victoria-Vorsteckwagen-2-1024x718.jpg 1024w\" sizes=\"auto, (max-width: 300px) 100vw, 300px\" \/>Die originalen Teile wurden nach Angabe des H\u00e4ndlers als Victoria &#8211; Vorsteckwagen in Russland erworben und ihre Reise erfolgte \u00fcber Polen nach Deutschland. Wer vermag zu behaupten, so ein Fahrzeug sei ein Modell aus einer anderen Republik oder gar ein Modell eines anderen Herstellers, der sollte den Beweis antreten, aber wie ? Da liegt ein gutes Jahrhundert dazwischen und diese Modelle \u00e4hnelten sich sehr. Allen Unkenrufen, die nach Fertigstellen des Victoria &#8211; Vorsteckwagens kamen, sei gesagt, dass der Erbauer hat nach besten Wissen und Gewissen gehandelt und mit dem Wagen ein zeitgem\u00e4\u00dfes Relikt im fahrbaren Zustand wieder Erstehen lies, zur Freude vieler Betrachter.<\/p>\n<p><img loading=\"lazy\" decoding=\"async\" class=\"alignnone size-medium wp-image-127 aligncenter\" src=\"http:\/\/victoria-rad.de\/wp-content\/uploads\/2018\/05\/IMG_20180514_0005-e1526294028670-300x186.jpg\" alt=\"\" width=\"300\" height=\"186\" srcset=\"https:\/\/victoria-rad.de\/wp-content\/uploads\/2018\/05\/IMG_20180514_0005-e1526294028670-300x186.jpg 300w, https:\/\/victoria-rad.de\/wp-content\/uploads\/2018\/05\/IMG_20180514_0005-e1526294028670-768x476.jpg 768w, https:\/\/victoria-rad.de\/wp-content\/uploads\/2018\/05\/IMG_20180514_0005-e1526294028670-1024x635.jpg 1024w, https:\/\/victoria-rad.de\/wp-content\/uploads\/2018\/05\/IMG_20180514_0005-e1526294028670-825x510.jpg 825w\" sizes=\"auto, (max-width: 300px) 100vw, 300px\" \/>Teilweiser Zusammenbau des Vorsteckwagens mit Blick auf das erw\u00e4hnte vorgelegte Zweigang &#8211; Planetengetriebe.<\/p>\n<p>Hier einige Prospekte und Bilder :<\/p>\n<p><img loading=\"lazy\" decoding=\"async\" class=\"alignnone size-medium wp-image-434 aligncenter\" src=\"http:\/\/victoria-rad.de\/wp-content\/uploads\/2018\/03\/IMG_20180708_0005-Kopie-300x262.jpg\" alt=\"\" width=\"300\" height=\"262\" srcset=\"https:\/\/victoria-rad.de\/wp-content\/uploads\/2018\/03\/IMG_20180708_0005-Kopie-300x262.jpg 300w, https:\/\/victoria-rad.de\/wp-content\/uploads\/2018\/03\/IMG_20180708_0005-Kopie-768x671.jpg 768w, https:\/\/victoria-rad.de\/wp-content\/uploads\/2018\/03\/IMG_20180708_0005-Kopie-1024x894.jpg 1024w, https:\/\/victoria-rad.de\/wp-content\/uploads\/2018\/03\/IMG_20180708_0005-Kopie.jpg 1600w\" sizes=\"auto, (max-width: 300px) 100vw, 300px\" \/><img loading=\"lazy\" decoding=\"async\" class=\"alignnone size-medium wp-image-437 aligncenter\" src=\"http:\/\/victoria-rad.de\/wp-content\/uploads\/2018\/03\/IMG_20180708_0006-300x146.jpg\" alt=\"\" width=\"300\" height=\"146\" srcset=\"https:\/\/victoria-rad.de\/wp-content\/uploads\/2018\/03\/IMG_20180708_0006-300x146.jpg 300w, https:\/\/victoria-rad.de\/wp-content\/uploads\/2018\/03\/IMG_20180708_0006-768x374.jpg 768w, https:\/\/victoria-rad.de\/wp-content\/uploads\/2018\/03\/IMG_20180708_0006-1024x499.jpg 1024w\" sizes=\"auto, (max-width: 300px) 100vw, 300px\" \/><img loading=\"lazy\" decoding=\"async\" class=\"alignnone size-medium wp-image-436 aligncenter\" src=\"http:\/\/victoria-rad.de\/wp-content\/uploads\/2018\/03\/IMG_20180708_0006-Kopie-300x170.jpg\" alt=\"\" width=\"300\" height=\"170\" srcset=\"https:\/\/victoria-rad.de\/wp-content\/uploads\/2018\/03\/IMG_20180708_0006-Kopie-300x170.jpg 300w, https:\/\/victoria-rad.de\/wp-content\/uploads\/2018\/03\/IMG_20180708_0006-Kopie-768x434.jpg 768w, https:\/\/victoria-rad.de\/wp-content\/uploads\/2018\/03\/IMG_20180708_0006-Kopie-1024x579.jpg 1024w\" sizes=\"auto, (max-width: 300px) 100vw, 300px\" \/><img loading=\"lazy\" decoding=\"async\" class=\"alignnone size-medium wp-image-438 aligncenter\" src=\"http:\/\/victoria-rad.de\/wp-content\/uploads\/2018\/03\/IMG_20180708_0007-Kopie-300x191.jpg\" alt=\"\" width=\"300\" height=\"191\" srcset=\"https:\/\/victoria-rad.de\/wp-content\/uploads\/2018\/03\/IMG_20180708_0007-Kopie-300x191.jpg 300w, https:\/\/victoria-rad.de\/wp-content\/uploads\/2018\/03\/IMG_20180708_0007-Kopie-768x488.jpg 768w, https:\/\/victoria-rad.de\/wp-content\/uploads\/2018\/03\/IMG_20180708_0007-Kopie-1024x651.jpg 1024w\" sizes=\"auto, (max-width: 300px) 100vw, 300px\" \/><img loading=\"lazy\" decoding=\"async\" class=\"alignnone size-medium wp-image-439 aligncenter\" src=\"http:\/\/victoria-rad.de\/wp-content\/uploads\/2018\/03\/IMG_20180708_0007-300x214.jpg\" alt=\"\" width=\"300\" height=\"214\" srcset=\"https:\/\/victoria-rad.de\/wp-content\/uploads\/2018\/03\/IMG_20180708_0007-300x214.jpg 300w, https:\/\/victoria-rad.de\/wp-content\/uploads\/2018\/03\/IMG_20180708_0007-768x548.jpg 768w, https:\/\/victoria-rad.de\/wp-content\/uploads\/2018\/03\/IMG_20180708_0007-1024x730.jpg 1024w\" sizes=\"auto, (max-width: 300px) 100vw, 300px\" \/><\/p>\n<p><img loading=\"lazy\" decoding=\"async\" class=\"alignnone size-medium wp-image-624 aligncenter\" src=\"http:\/\/victoria-rad.de\/wp-content\/uploads\/2018\/05\/IMG_20150909_0007-300x206.jpg\" alt=\"\" width=\"300\" height=\"206\" srcset=\"https:\/\/victoria-rad.de\/wp-content\/uploads\/2018\/05\/IMG_20150909_0007-300x206.jpg 300w, https:\/\/victoria-rad.de\/wp-content\/uploads\/2018\/05\/IMG_20150909_0007-768x527.jpg 768w, https:\/\/victoria-rad.de\/wp-content\/uploads\/2018\/05\/IMG_20150909_0007-1024x703.jpg 1024w\" sizes=\"auto, (max-width: 300px) 100vw, 300px\" \/><img loading=\"lazy\" decoding=\"async\" class=\"alignnone size-medium wp-image-625 aligncenter\" src=\"http:\/\/victoria-rad.de\/wp-content\/uploads\/2018\/05\/IMG_20150909_0008-300x194.jpg\" alt=\"\" width=\"300\" height=\"194\" srcset=\"https:\/\/victoria-rad.de\/wp-content\/uploads\/2018\/05\/IMG_20150909_0008-300x194.jpg 300w, https:\/\/victoria-rad.de\/wp-content\/uploads\/2018\/05\/IMG_20150909_0008-768x497.jpg 768w, https:\/\/victoria-rad.de\/wp-content\/uploads\/2018\/05\/IMG_20150909_0008-1024x662.jpg 1024w\" sizes=\"auto, (max-width: 300px) 100vw, 300px\" \/><\/p>\n<p><img loading=\"lazy\" decoding=\"async\" class=\"alignnone size-medium wp-image-484 aligncenter\" src=\"http:\/\/victoria-rad.de\/wp-content\/uploads\/2018\/05\/IMG_20180709_0002-223x300.jpg\" alt=\"\" width=\"223\" height=\"300\" srcset=\"https:\/\/victoria-rad.de\/wp-content\/uploads\/2018\/05\/IMG_20180709_0002-223x300.jpg 223w, https:\/\/victoria-rad.de\/wp-content\/uploads\/2018\/05\/IMG_20180709_0002-768x1033.jpg 768w, https:\/\/victoria-rad.de\/wp-content\/uploads\/2018\/05\/IMG_20180709_0002-762x1024.jpg 762w\" sizes=\"auto, (max-width: 223px) 100vw, 223px\" \/>In der illustrierten Zeitschrift &#8211; Motorradfahrer von 1903 wurde der Fafnir Motor von 1904 vorgestellt :<\/p>\n<p><img loading=\"lazy\" decoding=\"async\" class=\"alignnone size-medium wp-image-485 aligncenter\" src=\"http:\/\/victoria-rad.de\/wp-content\/uploads\/2018\/05\/IMG_20180709_0003-175x300.jpg\" alt=\"\" width=\"175\" height=\"300\" srcset=\"https:\/\/victoria-rad.de\/wp-content\/uploads\/2018\/05\/IMG_20180709_0003-175x300.jpg 175w, https:\/\/victoria-rad.de\/wp-content\/uploads\/2018\/05\/IMG_20180709_0003-768x1320.jpg 768w, https:\/\/victoria-rad.de\/wp-content\/uploads\/2018\/05\/IMG_20180709_0003-596x1024.jpg 596w, https:\/\/victoria-rad.de\/wp-content\/uploads\/2018\/05\/IMG_20180709_0003.jpg 1341w\" sizes=\"auto, (max-width: 175px) 100vw, 175px\" \/><br \/>\n<img loading=\"lazy\" decoding=\"async\" class=\"alignnone size-medium wp-image-486 aligncenter\" src=\"http:\/\/victoria-rad.de\/wp-content\/uploads\/2018\/05\/IMG_20180710_0001-300x204.jpg\" alt=\"\" width=\"300\" height=\"204\" srcset=\"https:\/\/victoria-rad.de\/wp-content\/uploads\/2018\/05\/IMG_20180710_0001-300x204.jpg 300w, https:\/\/victoria-rad.de\/wp-content\/uploads\/2018\/05\/IMG_20180710_0001-768x523.jpg 768w, https:\/\/victoria-rad.de\/wp-content\/uploads\/2018\/05\/IMG_20180710_0001-1024x697.jpg 1024w\" sizes=\"auto, (max-width: 300px) 100vw, 300px\" \/>Auch Minerva Motoren wurden von Victoria verwendet, dieser Motor stammt auch aus dem Jahr 1904.<br \/>\n<img loading=\"lazy\" decoding=\"async\" class=\"alignnone size-medium wp-image-433 aligncenter\" src=\"http:\/\/victoria-rad.de\/wp-content\/uploads\/2018\/03\/IMG_20180708_0005-Kopie-Kopie-154x300.jpg\" alt=\"\" width=\"154\" height=\"300\" srcset=\"https:\/\/victoria-rad.de\/wp-content\/uploads\/2018\/03\/IMG_20180708_0005-Kopie-Kopie-154x300.jpg 154w, https:\/\/victoria-rad.de\/wp-content\/uploads\/2018\/03\/IMG_20180708_0005-Kopie-Kopie-768x1493.jpg 768w, https:\/\/victoria-rad.de\/wp-content\/uploads\/2018\/03\/IMG_20180708_0005-Kopie-Kopie-527x1024.jpg 527w, https:\/\/victoria-rad.de\/wp-content\/uploads\/2018\/03\/IMG_20180708_0005-Kopie-Kopie.jpg 1062w\" sizes=\"auto, (max-width: 154px) 100vw, 154px\" \/><br \/>\n<img loading=\"lazy\" decoding=\"async\" class=\"alignnone size-medium wp-image-435 aligncenter\" src=\"http:\/\/victoria-rad.de\/wp-content\/uploads\/2018\/03\/IMG_20180708_0005-300x221.jpg\" alt=\"\" width=\"300\" height=\"221\" srcset=\"https:\/\/victoria-rad.de\/wp-content\/uploads\/2018\/03\/IMG_20180708_0005-300x221.jpg 300w, https:\/\/victoria-rad.de\/wp-content\/uploads\/2018\/03\/IMG_20180708_0005-768x567.jpg 768w, https:\/\/victoria-rad.de\/wp-content\/uploads\/2018\/03\/IMG_20180708_0005-1024x756.jpg 1024w\" sizes=\"auto, (max-width: 300px) 100vw, 300px\" \/><\/p>\n<p>Es folgen einige Bilder vom Nachbau Victoria &#8211; Vorsteckwagen.<\/p>\n<p><img loading=\"lazy\" decoding=\"async\" class=\"alignnone size-medium wp-image-134 aligncenter\" src=\"http:\/\/victoria-rad.de\/wp-content\/uploads\/2018\/05\/P1050163-300x201.jpg\" alt=\"\" width=\"300\" height=\"201\" srcset=\"https:\/\/victoria-rad.de\/wp-content\/uploads\/2018\/05\/P1050163-300x201.jpg 300w, https:\/\/victoria-rad.de\/wp-content\/uploads\/2018\/05\/P1050163-768x514.jpg 768w, https:\/\/victoria-rad.de\/wp-content\/uploads\/2018\/05\/P1050163-1024x685.jpg 1024w\" sizes=\"auto, (max-width: 300px) 100vw, 300px\" \/><\/p>\n<p><img loading=\"lazy\" decoding=\"async\" class=\"alignnone size-medium wp-image-133 aligncenter\" src=\"http:\/\/victoria-rad.de\/wp-content\/uploads\/2018\/05\/P1050158-300x201.jpg\" alt=\"\" width=\"300\" height=\"201\" srcset=\"https:\/\/victoria-rad.de\/wp-content\/uploads\/2018\/05\/P1050158-300x201.jpg 300w, https:\/\/victoria-rad.de\/wp-content\/uploads\/2018\/05\/P1050158-768x514.jpg 768w, https:\/\/victoria-rad.de\/wp-content\/uploads\/2018\/05\/P1050158-1024x685.jpg 1024w\" sizes=\"auto, (max-width: 300px) 100vw, 300px\" \/>&#8222;Kaiser-Franz Josef-Ged\u00e4chtnisfahrt&#8220; Bad Ischl 2018:<\/p>\n<p><img loading=\"lazy\" decoding=\"async\" class=\"alignnone size-medium wp-image-2406 aligncenter\" src=\"http:\/\/victoria-rad.de\/wp-content\/uploads\/2018\/05\/DSC_2589-300x199.jpg\" alt=\"\" width=\"300\" height=\"199\" srcset=\"https:\/\/victoria-rad.de\/wp-content\/uploads\/2018\/05\/DSC_2589-300x199.jpg 300w, https:\/\/victoria-rad.de\/wp-content\/uploads\/2018\/05\/DSC_2589-768x510.jpg 768w, https:\/\/victoria-rad.de\/wp-content\/uploads\/2018\/05\/DSC_2589.jpg 1024w\" sizes=\"auto, (max-width: 300px) 100vw, 300px\" \/><img loading=\"lazy\" decoding=\"async\" class=\"alignnone size-medium wp-image-2405 aligncenter\" src=\"http:\/\/victoria-rad.de\/wp-content\/uploads\/2018\/05\/IMG_20181022_0001-237x300.jpg\" alt=\"\" width=\"237\" height=\"300\" srcset=\"https:\/\/victoria-rad.de\/wp-content\/uploads\/2018\/05\/IMG_20181022_0001-237x300.jpg 237w, https:\/\/victoria-rad.de\/wp-content\/uploads\/2018\/05\/IMG_20181022_0001-768x971.jpg 768w, https:\/\/victoria-rad.de\/wp-content\/uploads\/2018\/05\/IMG_20181022_0001-810x1024.jpg 810w\" sizes=\"auto, (max-width: 237px) 100vw, 237px\" \/>Vater mit Tochter:<\/p>\n<p><img loading=\"lazy\" decoding=\"async\" class=\"alignnone size-medium wp-image-132 aligncenter\" src=\"http:\/\/victoria-rad.de\/wp-content\/uploads\/2018\/05\/Foto-300x223.png\" alt=\"\" width=\"300\" height=\"223\" srcset=\"https:\/\/victoria-rad.de\/wp-content\/uploads\/2018\/05\/Foto-300x223.png 300w, https:\/\/victoria-rad.de\/wp-content\/uploads\/2018\/05\/Foto-768x572.png 768w, https:\/\/victoria-rad.de\/wp-content\/uploads\/2018\/05\/Foto-1024x763.png 1024w\" sizes=\"auto, (max-width: 300px) 100vw, 300px\" \/><\/p>\n<p><img loading=\"lazy\" decoding=\"async\" class=\"alignnone size-medium wp-image-1876 aligncenter\" src=\"http:\/\/victoria-rad.de\/wp-content\/uploads\/2018\/05\/IMG_20180908_0003-228x300.jpg\" alt=\"\" width=\"228\" height=\"300\" srcset=\"https:\/\/victoria-rad.de\/wp-content\/uploads\/2018\/05\/IMG_20180908_0003-228x300.jpg 228w, https:\/\/victoria-rad.de\/wp-content\/uploads\/2018\/05\/IMG_20180908_0003-768x1012.jpg 768w, https:\/\/victoria-rad.de\/wp-content\/uploads\/2018\/05\/IMG_20180908_0003-777x1024.jpg 777w, https:\/\/victoria-rad.de\/wp-content\/uploads\/2018\/05\/IMG_20180908_0003.jpg 1075w\" sizes=\"auto, (max-width: 228px) 100vw, 228px\" \/><\/p>\n<p>Zum 125 j\u00e4hrigen Bestehen der Victoria &#8211; Werke wurde auch ein detailgetreuer Nachbau einer Victoria von 1906 mit einem Zweizylinder &#8211; Zedelmotor\u00a0 pr\u00e4sentiert:<\/p>\n<p><img loading=\"lazy\" decoding=\"async\" class=\"alignnone size-medium wp-image-140 aligncenter\" src=\"http:\/\/victoria-rad.de\/wp-content\/uploads\/2018\/05\/IMG_1787-300x225.jpg\" alt=\"\" width=\"300\" height=\"225\" srcset=\"https:\/\/victoria-rad.de\/wp-content\/uploads\/2018\/05\/IMG_1787-300x225.jpg 300w, https:\/\/victoria-rad.de\/wp-content\/uploads\/2018\/05\/IMG_1787-768x576.jpg 768w, https:\/\/victoria-rad.de\/wp-content\/uploads\/2018\/05\/IMG_1787-1024x768.jpg 1024w\" sizes=\"auto, (max-width: 300px) 100vw, 300px\" \/><img loading=\"lazy\" decoding=\"async\" class=\"alignnone size-medium wp-image-141 aligncenter\" src=\"http:\/\/victoria-rad.de\/wp-content\/uploads\/2018\/05\/IMG_1794-300x225.jpg\" alt=\"\" width=\"300\" height=\"225\" srcset=\"https:\/\/victoria-rad.de\/wp-content\/uploads\/2018\/05\/IMG_1794-300x225.jpg 300w, https:\/\/victoria-rad.de\/wp-content\/uploads\/2018\/05\/IMG_1794-768x576.jpg 768w, https:\/\/victoria-rad.de\/wp-content\/uploads\/2018\/05\/IMG_1794-1024x768.jpg 1024w\" sizes=\"auto, (max-width: 300px) 100vw, 300px\" \/><img loading=\"lazy\" decoding=\"async\" class=\"alignnone size-medium wp-image-142 aligncenter\" src=\"http:\/\/victoria-rad.de\/wp-content\/uploads\/2018\/05\/IMG_20141128_0107-300x203.jpg\" alt=\"\" width=\"300\" height=\"203\" srcset=\"https:\/\/victoria-rad.de\/wp-content\/uploads\/2018\/05\/IMG_20141128_0107-300x203.jpg 300w, https:\/\/victoria-rad.de\/wp-content\/uploads\/2018\/05\/IMG_20141128_0107-768x519.jpg 768w, https:\/\/victoria-rad.de\/wp-content\/uploads\/2018\/05\/IMG_20141128_0107-1024x692.jpg 1024w, https:\/\/victoria-rad.de\/wp-content\/uploads\/2018\/05\/IMG_20141128_0107.jpg 2000w\" sizes=\"auto, (max-width: 300px) 100vw, 300px\" \/><\/p>\n<p>Da schraubt auch einer an einer Uralt &#8211; Victoria:<\/p>\n<p><img loading=\"lazy\" decoding=\"async\" class=\"alignnone size-medium wp-image-143 aligncenter\" src=\"http:\/\/victoria-rad.de\/wp-content\/uploads\/2018\/05\/78-186x300.jpg\" alt=\"\" width=\"186\" height=\"300\" srcset=\"https:\/\/victoria-rad.de\/wp-content\/uploads\/2018\/05\/78-186x300.jpg 186w, https:\/\/victoria-rad.de\/wp-content\/uploads\/2018\/05\/78-768x1240.jpg 768w, https:\/\/victoria-rad.de\/wp-content\/uploads\/2018\/05\/78-634x1024.jpg 634w, https:\/\/victoria-rad.de\/wp-content\/uploads\/2018\/05\/78.jpg 1126w\" sizes=\"auto, (max-width: 186px) 100vw, 186px\" \/>In den letzten Jahren bis 1910 ist es dann still geworden mit der Motorradproduktion bei Victoria. Die richtige Massenproduktion begann dann erst wieder um 1920, bis dahin erhalten Sie aber noch viele Informationen im Fahrradbereich. Der n\u00e4chste Bericht beginnt dann mit Katalog 1904 und R\u00e4dern aus dieser Zeit.<\/p>\n<p><img loading=\"lazy\" decoding=\"async\" class=\"alignnone size-medium wp-image-148 aligncenter\" src=\"http:\/\/victoria-rad.de\/wp-content\/uploads\/2018\/05\/IMG_20141122_0107-300x187.jpg\" alt=\"\" width=\"300\" height=\"187\" srcset=\"https:\/\/victoria-rad.de\/wp-content\/uploads\/2018\/05\/IMG_20141122_0107-300x187.jpg 300w, https:\/\/victoria-rad.de\/wp-content\/uploads\/2018\/05\/IMG_20141122_0107-768x479.jpg 768w, https:\/\/victoria-rad.de\/wp-content\/uploads\/2018\/05\/IMG_20141122_0107-1024x639.jpg 1024w\" sizes=\"auto, (max-width: 300px) 100vw, 300px\" \/><\/p>\n<p><img loading=\"lazy\" decoding=\"async\" class=\"alignnone size-medium wp-image-149 aligncenter\" src=\"http:\/\/victoria-rad.de\/wp-content\/uploads\/2018\/05\/IMG_20141122_0108-300x191.jpg\" alt=\"\" width=\"300\" height=\"191\" srcset=\"https:\/\/victoria-rad.de\/wp-content\/uploads\/2018\/05\/IMG_20141122_0108-300x191.jpg 300w, https:\/\/victoria-rad.de\/wp-content\/uploads\/2018\/05\/IMG_20141122_0108-768x489.jpg 768w, https:\/\/victoria-rad.de\/wp-content\/uploads\/2018\/05\/IMG_20141122_0108-1024x651.jpg 1024w\" sizes=\"auto, (max-width: 300px) 100vw, 300px\" \/><\/p>\n<p><img loading=\"lazy\" decoding=\"async\" class=\"alignnone size-medium wp-image-150 aligncenter\" src=\"http:\/\/victoria-rad.de\/wp-content\/uploads\/2018\/05\/IMG_20141122_0109-300x182.jpg\" alt=\"\" width=\"300\" height=\"182\" srcset=\"https:\/\/victoria-rad.de\/wp-content\/uploads\/2018\/05\/IMG_20141122_0109-300x182.jpg 300w, https:\/\/victoria-rad.de\/wp-content\/uploads\/2018\/05\/IMG_20141122_0109-768x466.jpg 768w, https:\/\/victoria-rad.de\/wp-content\/uploads\/2018\/05\/IMG_20141122_0109-1024x622.jpg 1024w\" sizes=\"auto, (max-width: 300px) 100vw, 300px\" \/><\/p>\n<p>Der Motorradbau w\u00e4hrte aber bis zum Jahr 1910, denn im Fahrradkatalog von 1910 stellte man das letzte Modell vor :<\/p>\n<p><img loading=\"lazy\" decoding=\"async\" class=\"alignnone size-medium wp-image-317 aligncenter\" src=\"http:\/\/victoria-rad.de\/wp-content\/uploads\/2018\/03\/IMG_20160315_0059-300x186.jpg\" alt=\"\" width=\"300\" height=\"186\" srcset=\"https:\/\/victoria-rad.de\/wp-content\/uploads\/2018\/03\/IMG_20160315_0059-300x186.jpg 300w, https:\/\/victoria-rad.de\/wp-content\/uploads\/2018\/03\/IMG_20160315_0059-768x476.jpg 768w, https:\/\/victoria-rad.de\/wp-content\/uploads\/2018\/03\/IMG_20160315_0059-1024x635.jpg 1024w, https:\/\/victoria-rad.de\/wp-content\/uploads\/2018\/03\/IMG_20160315_0059-825x510.jpg 825w\" sizes=\"auto, (max-width: 300px) 100vw, 300px\" \/> Originalbilder aus dieser Zeit sind sehr rar&#8230;<\/p>\n<p><img loading=\"lazy\" decoding=\"async\" class=\"alignnone size-medium wp-image-442 aligncenter\" src=\"http:\/\/victoria-rad.de\/wp-content\/uploads\/2018\/05\/IMG_20180708_0009-261x300.jpg\" alt=\"\" width=\"261\" height=\"300\" srcset=\"https:\/\/victoria-rad.de\/wp-content\/uploads\/2018\/05\/IMG_20180708_0009-261x300.jpg 261w, https:\/\/victoria-rad.de\/wp-content\/uploads\/2018\/05\/IMG_20180708_0009-768x884.jpg 768w, https:\/\/victoria-rad.de\/wp-content\/uploads\/2018\/05\/IMG_20180708_0009-890x1024.jpg 890w, https:\/\/victoria-rad.de\/wp-content\/uploads\/2018\/05\/IMG_20180708_0009.jpg 1900w\" sizes=\"auto, (max-width: 261px) 100vw, 261px\" \/><br \/>\n<img loading=\"lazy\" decoding=\"async\" class=\"alignnone size-medium wp-image-441 aligncenter\" src=\"http:\/\/victoria-rad.de\/wp-content\/uploads\/2018\/05\/IMG_20180708_0008-300x207.jpg\" alt=\"\" width=\"300\" height=\"207\" srcset=\"https:\/\/victoria-rad.de\/wp-content\/uploads\/2018\/05\/IMG_20180708_0008-300x207.jpg 300w, https:\/\/victoria-rad.de\/wp-content\/uploads\/2018\/05\/IMG_20180708_0008-768x530.jpg 768w, https:\/\/victoria-rad.de\/wp-content\/uploads\/2018\/05\/IMG_20180708_0008-1024x707.jpg 1024w\" sizes=\"auto, (max-width: 300px) 100vw, 300px\" \/><img loading=\"lazy\" decoding=\"async\" class=\"alignnone size-medium wp-image-3939 aligncenter\" src=\"http:\/\/victoria-rad.de\/wp-content\/uploads\/2018\/05\/20190327_104950-300x290.jpg\" alt=\"\" width=\"300\" height=\"290\" srcset=\"https:\/\/victoria-rad.de\/wp-content\/uploads\/2018\/05\/20190327_104950-300x290.jpg 300w, https:\/\/victoria-rad.de\/wp-content\/uploads\/2018\/05\/20190327_104950-150x145.jpg 150w, https:\/\/victoria-rad.de\/wp-content\/uploads\/2018\/05\/20190327_104950-768x743.jpg 768w, https:\/\/victoria-rad.de\/wp-content\/uploads\/2018\/05\/20190327_104950-1024x991.jpg 1024w\" sizes=\"auto, (max-width: 300px) 100vw, 300px\" \/><br \/>\n<img loading=\"lazy\" decoding=\"async\" class=\"alignnone size-medium wp-image-3857 aligncenter\" src=\"http:\/\/victoria-rad.de\/wp-content\/uploads\/2019\/03\/IMG_20190312_0002-1-300x102.jpg\" alt=\"\" width=\"300\" height=\"102\" srcset=\"https:\/\/victoria-rad.de\/wp-content\/uploads\/2019\/03\/IMG_20190312_0002-1-300x102.jpg 300w, https:\/\/victoria-rad.de\/wp-content\/uploads\/2019\/03\/IMG_20190312_0002-1-150x51.jpg 150w, https:\/\/victoria-rad.de\/wp-content\/uploads\/2019\/03\/IMG_20190312_0002-1-768x261.jpg 768w, https:\/\/victoria-rad.de\/wp-content\/uploads\/2019\/03\/IMG_20190312_0002-1-1024x347.jpg 1024w\" sizes=\"auto, (max-width: 300px) 100vw, 300px\" \/><br \/>\n<img loading=\"lazy\" decoding=\"async\" class=\"alignnone size-full wp-image-90 aligncenter\" src=\"http:\/\/victoria-rad.de\/wp-content\/uploads\/2018\/03\/21-Symbol-9-1.png\" alt=\"\" width=\"138\" height=\"186\" \/><\/p>\n","protected":false},"excerpt":{"rendered":"<p>In diesem Beitrag wird der Motorradbau von 1900 &#8211; 1908 in groben Z\u00fcgen beschrieben. Die ausf\u00fchrliche Beschreibung dieser Epoche findet Ihr im Victoria\u00a0 Buch der der Victoria IG, ( Victoria-ig.de ); Die ersten Anzeigen in den Fachzeitschriften erschienen logischerweise etwas sp\u00e4ter, aber verdeutlichten, dass Victoria gewillt war den Motorradbau voran zu treiben. Das allererste Motorrad &hellip; <a href=\"https:\/\/victoria-rad.de\/?p=120\" class=\"more-link\"><span class=\"screen-reader-text\">Victoria &#8211; Motorrad &#8211; 1901 Das Jahr, als man bei Victoria das erste Motorrad baute und somit eine neue \u00c4ra begann&#8230;<\/span> weiterlesen<\/a><\/p>\n","protected":false},"author":1,"featured_media":0,"comment_status":"open","ping_status":"open","sticky":false,"template":"","format":"standard","meta":{"footnotes":""},"categories":[1],"tags":[],"class_list":["post-120","post","type-post","status-publish","format-standard","hentry","category-uncategorized"],"_links":{"self":[{"href":"https:\/\/victoria-rad.de\/index.php?rest_route=\/wp\/v2\/posts\/120","targetHints":{"allow":["GET"]}}],"collection":[{"href":"https:\/\/victoria-rad.de\/index.php?rest_route=\/wp\/v2\/posts"}],"about":[{"href":"https:\/\/victoria-rad.de\/index.php?rest_route=\/wp\/v2\/types\/post"}],"author":[{"embeddable":true,"href":"https:\/\/victoria-rad.de\/index.php?rest_route=\/wp\/v2\/users\/1"}],"replies":[{"embeddable":true,"href":"https:\/\/victoria-rad.de\/index.php?rest_route=%2Fwp%2Fv2%2Fcomments&post=120"}],"version-history":[{"count":15,"href":"https:\/\/victoria-rad.de\/index.php?rest_route=\/wp\/v2\/posts\/120\/revisions"}],"predecessor-version":[{"id":3940,"href":"https:\/\/victoria-rad.de\/index.php?rest_route=\/wp\/v2\/posts\/120\/revisions\/3940"}],"wp:attachment":[{"href":"https:\/\/victoria-rad.de\/index.php?rest_route=%2Fwp%2Fv2%2Fmedia&parent=120"}],"wp:term":[{"taxonomy":"category","embeddable":true,"href":"https:\/\/victoria-rad.de\/index.php?rest_route=%2Fwp%2Fv2%2Fcategories&post=120"},{"taxonomy":"post_tag","embeddable":true,"href":"https:\/\/victoria-rad.de\/index.php?rest_route=%2Fwp%2Fv2%2Ftags&post=120"}],"curies":[{"name":"wp","href":"https:\/\/api.w.org\/{rel}","templated":true}]}}