{"id":12312,"date":"2022-05-26T20:04:18","date_gmt":"2022-05-26T18:04:18","guid":{"rendered":"http:\/\/victoria-rad.de\/?p=12312"},"modified":"2022-05-26T20:04:18","modified_gmt":"2022-05-26T18:04:18","slug":"fichtelberg-oldtimer-museum-immer-wieder-schoen","status":"publish","type":"post","link":"https:\/\/victoria-rad.de\/?p=12312","title":{"rendered":"Fichtelberg &#8211; Oldtimer &#8211; Museum immer wieder sch\u00f6n&#8230;"},"content":{"rendered":"<p><em><strong>Ja, auch am Himmelsfahrt-Tag sind viele unterwegs&#8230; &#8211; wir auch &#8211; eine kleine Reise zum Fichtelberg-Oldtimer-Museum und zum nahe gelegenen Fichtel-See. Aber seht selbst:<\/strong><\/em><\/p>\n<p style=\"text-align: center;\"><a href=\"http:\/\/victoria-rad.de\/wp-content\/uploads\/2022\/05\/20220526_163703-scaled.jpg\"><img loading=\"lazy\" decoding=\"async\" class=\"aligncenter wp-image-12313 size-medium\" src=\"http:\/\/victoria-rad.de\/wp-content\/uploads\/2022\/05\/20220526_163703-300x135.jpg\" alt=\"\" width=\"300\" height=\"135\" srcset=\"https:\/\/victoria-rad.de\/wp-content\/uploads\/2022\/05\/20220526_163703-300x135.jpg 300w, https:\/\/victoria-rad.de\/wp-content\/uploads\/2022\/05\/20220526_163703-1024x461.jpg 1024w, https:\/\/victoria-rad.de\/wp-content\/uploads\/2022\/05\/20220526_163703-150x68.jpg 150w, https:\/\/victoria-rad.de\/wp-content\/uploads\/2022\/05\/20220526_163703-768x346.jpg 768w, https:\/\/victoria-rad.de\/wp-content\/uploads\/2022\/05\/20220526_163703-1536x691.jpg 1536w, https:\/\/victoria-rad.de\/wp-content\/uploads\/2022\/05\/20220526_163703-2048x922.jpg 2048w\" sizes=\"auto, (max-width: 300px) 100vw, 300px\" \/><\/a>Am Eingang &#8211; ein Hubschrauber auf einem Sockel&#8230;<\/p>\n<p>Bilder vom kleinen, beschaulichen Museum:<\/p>\n<p style=\"text-align: center;\"><a href=\"http:\/\/victoria-rad.de\/wp-content\/uploads\/2022\/05\/20220526_151710-scaled.jpg\"><img loading=\"lazy\" decoding=\"async\" class=\"aligncenter wp-image-12314 size-medium\" src=\"http:\/\/victoria-rad.de\/wp-content\/uploads\/2022\/05\/20220526_151710-135x300.jpg\" alt=\"\" width=\"135\" height=\"300\" srcset=\"https:\/\/victoria-rad.de\/wp-content\/uploads\/2022\/05\/20220526_151710-135x300.jpg 135w, https:\/\/victoria-rad.de\/wp-content\/uploads\/2022\/05\/20220526_151710-461x1024.jpg 461w, https:\/\/victoria-rad.de\/wp-content\/uploads\/2022\/05\/20220526_151710-68x150.jpg 68w, https:\/\/victoria-rad.de\/wp-content\/uploads\/2022\/05\/20220526_151710-768x1707.jpg 768w, https:\/\/victoria-rad.de\/wp-content\/uploads\/2022\/05\/20220526_151710-691x1536.jpg 691w, https:\/\/victoria-rad.de\/wp-content\/uploads\/2022\/05\/20220526_151710-922x2048.jpg 922w, https:\/\/victoria-rad.de\/wp-content\/uploads\/2022\/05\/20220526_151710-scaled.jpg 1152w\" sizes=\"auto, (max-width: 135px) 100vw, 135px\" \/><\/a><a href=\"http:\/\/victoria-rad.de\/wp-content\/uploads\/2022\/05\/20220526_152038-scaled.jpg\"><img loading=\"lazy\" decoding=\"async\" class=\"aligncenter wp-image-12315 size-medium\" src=\"http:\/\/victoria-rad.de\/wp-content\/uploads\/2022\/05\/20220526_152038-300x135.jpg\" alt=\"\" width=\"300\" height=\"135\" srcset=\"https:\/\/victoria-rad.de\/wp-content\/uploads\/2022\/05\/20220526_152038-300x135.jpg 300w, https:\/\/victoria-rad.de\/wp-content\/uploads\/2022\/05\/20220526_152038-1024x461.jpg 1024w, https:\/\/victoria-rad.de\/wp-content\/uploads\/2022\/05\/20220526_152038-150x68.jpg 150w, https:\/\/victoria-rad.de\/wp-content\/uploads\/2022\/05\/20220526_152038-768x346.jpg 768w, https:\/\/victoria-rad.de\/wp-content\/uploads\/2022\/05\/20220526_152038-1536x691.jpg 1536w, https:\/\/victoria-rad.de\/wp-content\/uploads\/2022\/05\/20220526_152038-2048x922.jpg 2048w\" sizes=\"auto, (max-width: 300px) 100vw, 300px\" \/><\/a>Victoria war auch dabei&#8230;<\/p>\n<p>Nat\u00fcrlich auch Victoria &#8211; Motorr\u00e4der:<\/p>\n<p><a href=\"http:\/\/victoria-rad.de\/wp-content\/uploads\/2022\/05\/20220526_151511-scaled.jpg\"><img loading=\"lazy\" decoding=\"async\" class=\"aligncenter wp-image-12316 size-medium\" src=\"http:\/\/victoria-rad.de\/wp-content\/uploads\/2022\/05\/20220526_151511-300x135.jpg\" alt=\"\" width=\"300\" height=\"135\" srcset=\"https:\/\/victoria-rad.de\/wp-content\/uploads\/2022\/05\/20220526_151511-300x135.jpg 300w, https:\/\/victoria-rad.de\/wp-content\/uploads\/2022\/05\/20220526_151511-1024x461.jpg 1024w, https:\/\/victoria-rad.de\/wp-content\/uploads\/2022\/05\/20220526_151511-150x68.jpg 150w, https:\/\/victoria-rad.de\/wp-content\/uploads\/2022\/05\/20220526_151511-768x346.jpg 768w, https:\/\/victoria-rad.de\/wp-content\/uploads\/2022\/05\/20220526_151511-1536x691.jpg 1536w, https:\/\/victoria-rad.de\/wp-content\/uploads\/2022\/05\/20220526_151511-2048x922.jpg 2048w\" sizes=\"auto, (max-width: 300px) 100vw, 300px\" \/><\/a><a href=\"http:\/\/victoria-rad.de\/wp-content\/uploads\/2022\/05\/20220526_151432-scaled.jpg\"><img loading=\"lazy\" decoding=\"async\" class=\"aligncenter wp-image-12317 size-medium\" src=\"http:\/\/victoria-rad.de\/wp-content\/uploads\/2022\/05\/20220526_151432-300x135.jpg\" alt=\"\" width=\"300\" height=\"135\" srcset=\"https:\/\/victoria-rad.de\/wp-content\/uploads\/2022\/05\/20220526_151432-300x135.jpg 300w, https:\/\/victoria-rad.de\/wp-content\/uploads\/2022\/05\/20220526_151432-1024x461.jpg 1024w, https:\/\/victoria-rad.de\/wp-content\/uploads\/2022\/05\/20220526_151432-150x68.jpg 150w, https:\/\/victoria-rad.de\/wp-content\/uploads\/2022\/05\/20220526_151432-768x346.jpg 768w, https:\/\/victoria-rad.de\/wp-content\/uploads\/2022\/05\/20220526_151432-1536x691.jpg 1536w, https:\/\/victoria-rad.de\/wp-content\/uploads\/2022\/05\/20220526_151432-2048x922.jpg 2048w\" sizes=\"auto, (max-width: 300px) 100vw, 300px\" \/><\/a><\/p>\n<p>Auch einige Motorr\u00e4der aus der DDR-Produktion:<\/p>\n<p><a href=\"http:\/\/victoria-rad.de\/wp-content\/uploads\/2022\/05\/20220526_151326-scaled.jpg\"><img loading=\"lazy\" decoding=\"async\" class=\"aligncenter wp-image-12318 size-medium\" src=\"http:\/\/victoria-rad.de\/wp-content\/uploads\/2022\/05\/20220526_151326-300x135.jpg\" alt=\"\" width=\"300\" height=\"135\" srcset=\"https:\/\/victoria-rad.de\/wp-content\/uploads\/2022\/05\/20220526_151326-300x135.jpg 300w, https:\/\/victoria-rad.de\/wp-content\/uploads\/2022\/05\/20220526_151326-1024x461.jpg 1024w, https:\/\/victoria-rad.de\/wp-content\/uploads\/2022\/05\/20220526_151326-150x68.jpg 150w, https:\/\/victoria-rad.de\/wp-content\/uploads\/2022\/05\/20220526_151326-768x346.jpg 768w, https:\/\/victoria-rad.de\/wp-content\/uploads\/2022\/05\/20220526_151326-1536x691.jpg 1536w, https:\/\/victoria-rad.de\/wp-content\/uploads\/2022\/05\/20220526_151326-2048x922.jpg 2048w\" sizes=\"auto, (max-width: 300px) 100vw, 300px\" \/><\/a><\/p>\n<p>Viele Autos, hier ein Adler-Trumpf, Traktoren und alte Werkstatt:<\/p>\n<p><a href=\"http:\/\/victoria-rad.de\/wp-content\/uploads\/2022\/05\/20220526_151839-scaled.jpg\"><img loading=\"lazy\" decoding=\"async\" class=\"aligncenter wp-image-12319 size-medium\" src=\"http:\/\/victoria-rad.de\/wp-content\/uploads\/2022\/05\/20220526_151839-135x300.jpg\" alt=\"\" width=\"135\" height=\"300\" srcset=\"https:\/\/victoria-rad.de\/wp-content\/uploads\/2022\/05\/20220526_151839-135x300.jpg 135w, https:\/\/victoria-rad.de\/wp-content\/uploads\/2022\/05\/20220526_151839-461x1024.jpg 461w, https:\/\/victoria-rad.de\/wp-content\/uploads\/2022\/05\/20220526_151839-68x150.jpg 68w, https:\/\/victoria-rad.de\/wp-content\/uploads\/2022\/05\/20220526_151839-768x1707.jpg 768w, https:\/\/victoria-rad.de\/wp-content\/uploads\/2022\/05\/20220526_151839-691x1536.jpg 691w, https:\/\/victoria-rad.de\/wp-content\/uploads\/2022\/05\/20220526_151839-922x2048.jpg 922w, https:\/\/victoria-rad.de\/wp-content\/uploads\/2022\/05\/20220526_151839-scaled.jpg 1152w\" sizes=\"auto, (max-width: 135px) 100vw, 135px\" \/><\/a><a href=\"http:\/\/victoria-rad.de\/wp-content\/uploads\/2022\/05\/20220526_151920-scaled.jpg\"><img loading=\"lazy\" decoding=\"async\" class=\"aligncenter wp-image-12320 size-medium\" src=\"http:\/\/victoria-rad.de\/wp-content\/uploads\/2022\/05\/20220526_151920-300x135.jpg\" alt=\"\" width=\"300\" height=\"135\" srcset=\"https:\/\/victoria-rad.de\/wp-content\/uploads\/2022\/05\/20220526_151920-300x135.jpg 300w, https:\/\/victoria-rad.de\/wp-content\/uploads\/2022\/05\/20220526_151920-1024x461.jpg 1024w, https:\/\/victoria-rad.de\/wp-content\/uploads\/2022\/05\/20220526_151920-150x68.jpg 150w, https:\/\/victoria-rad.de\/wp-content\/uploads\/2022\/05\/20220526_151920-768x346.jpg 768w, https:\/\/victoria-rad.de\/wp-content\/uploads\/2022\/05\/20220526_151920-1536x691.jpg 1536w, https:\/\/victoria-rad.de\/wp-content\/uploads\/2022\/05\/20220526_151920-2048x922.jpg 2048w\" sizes=\"auto, (max-width: 300px) 100vw, 300px\" \/><\/a><a href=\"http:\/\/victoria-rad.de\/wp-content\/uploads\/2022\/05\/20220526_151617-scaled.jpg\"><img loading=\"lazy\" decoding=\"async\" class=\"aligncenter wp-image-12322 size-medium\" src=\"http:\/\/victoria-rad.de\/wp-content\/uploads\/2022\/05\/20220526_151617-300x135.jpg\" alt=\"\" width=\"300\" height=\"135\" srcset=\"https:\/\/victoria-rad.de\/wp-content\/uploads\/2022\/05\/20220526_151617-300x135.jpg 300w, https:\/\/victoria-rad.de\/wp-content\/uploads\/2022\/05\/20220526_151617-1024x461.jpg 1024w, https:\/\/victoria-rad.de\/wp-content\/uploads\/2022\/05\/20220526_151617-150x68.jpg 150w, https:\/\/victoria-rad.de\/wp-content\/uploads\/2022\/05\/20220526_151617-768x346.jpg 768w, https:\/\/victoria-rad.de\/wp-content\/uploads\/2022\/05\/20220526_151617-1536x691.jpg 1536w, https:\/\/victoria-rad.de\/wp-content\/uploads\/2022\/05\/20220526_151617-2048x922.jpg 2048w\" sizes=\"auto, (max-width: 300px) 100vw, 300px\" \/><\/a><\/p>\n<p>Ich durfte auch die 350er BK wieder finden, wie ich sie selber mal besa\u00df:<\/p>\n<p><a href=\"http:\/\/victoria-rad.de\/wp-content\/uploads\/2022\/05\/IMG-20220526-WA0006.jpg\"><img loading=\"lazy\" decoding=\"async\" class=\"aligncenter wp-image-12323 size-medium\" src=\"http:\/\/victoria-rad.de\/wp-content\/uploads\/2022\/05\/IMG-20220526-WA0006-300x169.jpg\" alt=\"\" width=\"300\" height=\"169\" srcset=\"https:\/\/victoria-rad.de\/wp-content\/uploads\/2022\/05\/IMG-20220526-WA0006-300x169.jpg 300w, https:\/\/victoria-rad.de\/wp-content\/uploads\/2022\/05\/IMG-20220526-WA0006-1024x576.jpg 1024w, https:\/\/victoria-rad.de\/wp-content\/uploads\/2022\/05\/IMG-20220526-WA0006-150x84.jpg 150w, https:\/\/victoria-rad.de\/wp-content\/uploads\/2022\/05\/IMG-20220526-WA0006-768x432.jpg 768w, https:\/\/victoria-rad.de\/wp-content\/uploads\/2022\/05\/IMG-20220526-WA0006-1536x864.jpg 1536w, https:\/\/victoria-rad.de\/wp-content\/uploads\/2022\/05\/IMG-20220526-WA0006.jpg 1599w\" sizes=\"auto, (max-width: 300px) 100vw, 300px\" \/><\/a><\/p>\n<p>F\u00fcr Kaffee und Speisen ist im Museum-Cafe auch gesorgt:<\/p>\n<p><a href=\"http:\/\/victoria-rad.de\/wp-content\/uploads\/2022\/05\/IMG-20220526-WA0007.jpg\"><img loading=\"lazy\" decoding=\"async\" class=\"aligncenter wp-image-12324 size-medium\" src=\"http:\/\/victoria-rad.de\/wp-content\/uploads\/2022\/05\/IMG-20220526-WA0007-300x169.jpg\" alt=\"\" width=\"300\" height=\"169\" srcset=\"https:\/\/victoria-rad.de\/wp-content\/uploads\/2022\/05\/IMG-20220526-WA0007-300x169.jpg 300w, https:\/\/victoria-rad.de\/wp-content\/uploads\/2022\/05\/IMG-20220526-WA0007-1024x576.jpg 1024w, https:\/\/victoria-rad.de\/wp-content\/uploads\/2022\/05\/IMG-20220526-WA0007-150x84.jpg 150w, https:\/\/victoria-rad.de\/wp-content\/uploads\/2022\/05\/IMG-20220526-WA0007-768x432.jpg 768w, https:\/\/victoria-rad.de\/wp-content\/uploads\/2022\/05\/IMG-20220526-WA0007-1536x864.jpg 1536w, https:\/\/victoria-rad.de\/wp-content\/uploads\/2022\/05\/IMG-20220526-WA0007.jpg 1599w\" sizes=\"auto, (max-width: 300px) 100vw, 300px\" \/><\/a><\/p>\n<p>Die Kleinen kommen auch nicht zu kurz auf dem Spielplatz:<\/p>\n<p><a href=\"http:\/\/victoria-rad.de\/wp-content\/uploads\/2022\/05\/20220526_152533-scaled.jpg\"><img loading=\"lazy\" decoding=\"async\" class=\"aligncenter wp-image-12325 size-medium\" src=\"http:\/\/victoria-rad.de\/wp-content\/uploads\/2022\/05\/20220526_152533-300x135.jpg\" alt=\"\" width=\"300\" height=\"135\" srcset=\"https:\/\/victoria-rad.de\/wp-content\/uploads\/2022\/05\/20220526_152533-300x135.jpg 300w, https:\/\/victoria-rad.de\/wp-content\/uploads\/2022\/05\/20220526_152533-1024x461.jpg 1024w, https:\/\/victoria-rad.de\/wp-content\/uploads\/2022\/05\/20220526_152533-150x68.jpg 150w, https:\/\/victoria-rad.de\/wp-content\/uploads\/2022\/05\/20220526_152533-768x346.jpg 768w, https:\/\/victoria-rad.de\/wp-content\/uploads\/2022\/05\/20220526_152533-1536x691.jpg 1536w, https:\/\/victoria-rad.de\/wp-content\/uploads\/2022\/05\/20220526_152533-2048x922.jpg 2048w\" sizes=\"auto, (max-width: 300px) 100vw, 300px\" \/><\/a><\/p>\n<p>Noch zwei-drei Bilder vom nahe liegenden Fichtel-See:<\/p>\n<p><a href=\"http:\/\/victoria-rad.de\/wp-content\/uploads\/2022\/05\/20220526_133706-scaled.jpg\"><img loading=\"lazy\" decoding=\"async\" class=\"aligncenter wp-image-12326 size-medium\" src=\"http:\/\/victoria-rad.de\/wp-content\/uploads\/2022\/05\/20220526_133706-300x135.jpg\" alt=\"\" width=\"300\" height=\"135\" srcset=\"https:\/\/victoria-rad.de\/wp-content\/uploads\/2022\/05\/20220526_133706-300x135.jpg 300w, https:\/\/victoria-rad.de\/wp-content\/uploads\/2022\/05\/20220526_133706-1024x461.jpg 1024w, https:\/\/victoria-rad.de\/wp-content\/uploads\/2022\/05\/20220526_133706-150x68.jpg 150w, https:\/\/victoria-rad.de\/wp-content\/uploads\/2022\/05\/20220526_133706-768x346.jpg 768w, https:\/\/victoria-rad.de\/wp-content\/uploads\/2022\/05\/20220526_133706-1536x691.jpg 1536w, https:\/\/victoria-rad.de\/wp-content\/uploads\/2022\/05\/20220526_133706-2048x922.jpg 2048w\" sizes=\"auto, (max-width: 300px) 100vw, 300px\" \/><\/a><\/p>\n<p><a href=\"http:\/\/victoria-rad.de\/wp-content\/uploads\/2022\/05\/20220526_114206-scaled.jpg\"><img loading=\"lazy\" decoding=\"async\" class=\"aligncenter wp-image-12327 size-medium\" src=\"http:\/\/victoria-rad.de\/wp-content\/uploads\/2022\/05\/20220526_114206-135x300.jpg\" alt=\"\" width=\"135\" height=\"300\" srcset=\"https:\/\/victoria-rad.de\/wp-content\/uploads\/2022\/05\/20220526_114206-135x300.jpg 135w, https:\/\/victoria-rad.de\/wp-content\/uploads\/2022\/05\/20220526_114206-461x1024.jpg 461w, https:\/\/victoria-rad.de\/wp-content\/uploads\/2022\/05\/20220526_114206-68x150.jpg 68w, https:\/\/victoria-rad.de\/wp-content\/uploads\/2022\/05\/20220526_114206-768x1707.jpg 768w, https:\/\/victoria-rad.de\/wp-content\/uploads\/2022\/05\/20220526_114206-691x1536.jpg 691w, https:\/\/victoria-rad.de\/wp-content\/uploads\/2022\/05\/20220526_114206-922x2048.jpg 922w, https:\/\/victoria-rad.de\/wp-content\/uploads\/2022\/05\/20220526_114206-scaled.jpg 1152w\" sizes=\"auto, (max-width: 135px) 100vw, 135px\" \/><\/a><\/p>\n<p><a href=\"http:\/\/victoria-rad.de\/wp-content\/uploads\/2022\/05\/20220526_140943-scaled.jpg\"><img loading=\"lazy\" decoding=\"async\" class=\"aligncenter wp-image-12328 size-medium\" src=\"http:\/\/victoria-rad.de\/wp-content\/uploads\/2022\/05\/20220526_140943-196x300.jpg\" alt=\"\" width=\"196\" height=\"300\" srcset=\"https:\/\/victoria-rad.de\/wp-content\/uploads\/2022\/05\/20220526_140943-196x300.jpg 196w, https:\/\/victoria-rad.de\/wp-content\/uploads\/2022\/05\/20220526_140943-667x1024.jpg 667w, https:\/\/victoria-rad.de\/wp-content\/uploads\/2022\/05\/20220526_140943-98x150.jpg 98w, https:\/\/victoria-rad.de\/wp-content\/uploads\/2022\/05\/20220526_140943-768x1178.jpg 768w, https:\/\/victoria-rad.de\/wp-content\/uploads\/2022\/05\/20220526_140943-1001x1536.jpg 1001w, https:\/\/victoria-rad.de\/wp-content\/uploads\/2022\/05\/20220526_140943-1335x2048.jpg 1335w, https:\/\/victoria-rad.de\/wp-content\/uploads\/2022\/05\/20220526_140943-scaled.jpg 1668w\" sizes=\"auto, (max-width: 196px) 100vw, 196px\" \/><\/a><\/p>\n<p style=\"text-align: center;\"><em><strong>Alles in allen &#8211; ein sch\u00f6ner Ausflug am heutigen Feiertag, den wir nur weiter empfehlen k\u00f6nnen&#8230;<\/strong><\/em><\/p>\n<p>&nbsp;<\/p>\n<p><a href=\"http:\/\/victoria-rad.de\/wp-content\/uploads\/2022\/02\/IMG_20190312_0002-1-scaled.jpg\"><img loading=\"lazy\" decoding=\"async\" class=\"aligncenter wp-image-12003 size-medium\" src=\"http:\/\/victoria-rad.de\/wp-content\/uploads\/2022\/02\/IMG_20190312_0002-1-300x102.jpg\" alt=\"\" width=\"300\" height=\"102\" srcset=\"https:\/\/victoria-rad.de\/wp-content\/uploads\/2022\/02\/IMG_20190312_0002-1-300x102.jpg 300w, https:\/\/victoria-rad.de\/wp-content\/uploads\/2022\/02\/IMG_20190312_0002-1-1024x347.jpg 1024w, https:\/\/victoria-rad.de\/wp-content\/uploads\/2022\/02\/IMG_20190312_0002-1-150x51.jpg 150w, https:\/\/victoria-rad.de\/wp-content\/uploads\/2022\/02\/IMG_20190312_0002-1-768x261.jpg 768w, https:\/\/victoria-rad.de\/wp-content\/uploads\/2022\/02\/IMG_20190312_0002-1-1536x521.jpg 1536w, https:\/\/victoria-rad.de\/wp-content\/uploads\/2022\/02\/IMG_20190312_0002-1-2048x695.jpg 2048w\" sizes=\"auto, (max-width: 300px) 100vw, 300px\" \/><\/a><img loading=\"lazy\" decoding=\"async\" class=\"alignnone size-medium wp-image-12004 aligncenter\" src=\"http:\/\/victoria-rad.de\/wp-content\/uploads\/2022\/02\/58-1-300x14.png\" alt=\"\" width=\"300\" height=\"14\" srcset=\"https:\/\/victoria-rad.de\/wp-content\/uploads\/2022\/02\/58-1-300x14.png 300w, https:\/\/victoria-rad.de\/wp-content\/uploads\/2022\/02\/58-1-150x7.png 150w, https:\/\/victoria-rad.de\/wp-content\/uploads\/2022\/02\/58-1.png 501w\" sizes=\"auto, (max-width: 300px) 100vw, 300px\" \/><\/p>\n","protected":false},"excerpt":{"rendered":"<p>Ja, auch am Himmelsfahrt-Tag sind viele unterwegs&#8230; &#8211; wir auch &#8211; eine kleine Reise zum Fichtelberg-Oldtimer-Museum und zum nahe gelegenen Fichtel-See. Aber seht selbst: Am Eingang &#8211; ein Hubschrauber auf einem Sockel&#8230; Bilder vom kleinen, beschaulichen Museum: Victoria war auch dabei&#8230; Nat\u00fcrlich auch Victoria &#8211; Motorr\u00e4der: Auch einige Motorr\u00e4der aus der DDR-Produktion: Viele Autos, hier &hellip; <a href=\"https:\/\/victoria-rad.de\/?p=12312\" class=\"more-link\"><span class=\"screen-reader-text\">Fichtelberg &#8211; Oldtimer &#8211; Museum immer wieder sch\u00f6n&#8230;<\/span> weiterlesen<\/a><\/p>\n","protected":false},"author":1,"featured_media":0,"comment_status":"open","ping_status":"open","sticky":false,"template":"","format":"standard","meta":{"footnotes":""},"categories":[1],"tags":[],"class_list":["post-12312","post","type-post","status-publish","format-standard","hentry","category-uncategorized"],"_links":{"self":[{"href":"https:\/\/victoria-rad.de\/index.php?rest_route=\/wp\/v2\/posts\/12312","targetHints":{"allow":["GET"]}}],"collection":[{"href":"https:\/\/victoria-rad.de\/index.php?rest_route=\/wp\/v2\/posts"}],"about":[{"href":"https:\/\/victoria-rad.de\/index.php?rest_route=\/wp\/v2\/types\/post"}],"author":[{"embeddable":true,"href":"https:\/\/victoria-rad.de\/index.php?rest_route=\/wp\/v2\/users\/1"}],"replies":[{"embeddable":true,"href":"https:\/\/victoria-rad.de\/index.php?rest_route=%2Fwp%2Fv2%2Fcomments&post=12312"}],"version-history":[{"count":2,"href":"https:\/\/victoria-rad.de\/index.php?rest_route=\/wp\/v2\/posts\/12312\/revisions"}],"predecessor-version":[{"id":12330,"href":"https:\/\/victoria-rad.de\/index.php?rest_route=\/wp\/v2\/posts\/12312\/revisions\/12330"}],"wp:attachment":[{"href":"https:\/\/victoria-rad.de\/index.php?rest_route=%2Fwp%2Fv2%2Fmedia&parent=12312"}],"wp:term":[{"taxonomy":"category","embeddable":true,"href":"https:\/\/victoria-rad.de\/index.php?rest_route=%2Fwp%2Fv2%2Fcategories&post=12312"},{"taxonomy":"post_tag","embeddable":true,"href":"https:\/\/victoria-rad.de\/index.php?rest_route=%2Fwp%2Fv2%2Ftags&post=12312"}],"curies":[{"name":"wp","href":"https:\/\/api.w.org\/{rel}","templated":true}]}}