{"id":14000,"date":"2023-09-14T12:50:52","date_gmt":"2023-09-14T10:50:52","guid":{"rendered":"http:\/\/victoria-rad.de\/?p=14000"},"modified":"2023-09-14T12:50:52","modified_gmt":"2023-09-14T10:50:52","slug":"marlboro-sandringham-tandem-1880-die-vervollstaendigung","status":"publish","type":"post","link":"https:\/\/victoria-rad.de\/?p=14000","title":{"rendered":"Marlboro &#8211; Sandringham &#8211; Tandem 1880 &#8211; die Vervollst\u00e4ndigung&#8230;"},"content":{"rendered":"<p><em><strong>Mit diesem Beitrag m\u00f6chte ich den bereits ver\u00f6ffentlichen Bericht vom Juli diesen Jahres \u00fcber das absolut seltene Gef\u00e4hrt von 1880 nochmal vertiefen und in Details der Wiederinbetriebnahme eingehen&#8230;<\/strong><\/em><\/p>\n<p>Der Fundort war N\u00e4he Regensburg in einem abgelegenen Dorf bei netten Menschen, die das Gef\u00e4hrt vom Gro\u00dfvater hatten&#8230; auf Nachfrage meinerseits, woher der Gro\u00dfvater das Vier-Rad hat, konnten sie mir keine exakte Recherche mitteilen, wahrscheinlich war es in der Nachkriegszeit eventuell \u00fcber die amerikanischen Besatzer auf dem Bauernhof abgestellt worden. Sei wie es sei, es stand auf dem Dachboden eines Stadels:<\/p>\n<p><a href=\"http:\/\/victoria-rad.de\/wp-content\/uploads\/2023\/09\/Fundort-Stadel-nahe-Regensburg.jpg\"><img loading=\"lazy\" decoding=\"async\" class=\"aligncenter wp-image-14002 size-medium\" src=\"http:\/\/victoria-rad.de\/wp-content\/uploads\/2023\/09\/Fundort-Stadel-nahe-Regensburg-300x208.jpg\" alt=\"\" width=\"300\" height=\"208\" srcset=\"https:\/\/victoria-rad.de\/wp-content\/uploads\/2023\/09\/Fundort-Stadel-nahe-Regensburg-300x208.jpg 300w, https:\/\/victoria-rad.de\/wp-content\/uploads\/2023\/09\/Fundort-Stadel-nahe-Regensburg-1024x709.jpg 1024w, https:\/\/victoria-rad.de\/wp-content\/uploads\/2023\/09\/Fundort-Stadel-nahe-Regensburg-150x104.jpg 150w, https:\/\/victoria-rad.de\/wp-content\/uploads\/2023\/09\/Fundort-Stadel-nahe-Regensburg-768x532.jpg 768w, https:\/\/victoria-rad.de\/wp-content\/uploads\/2023\/09\/Fundort-Stadel-nahe-Regensburg-1536x1064.jpg 1536w, https:\/\/victoria-rad.de\/wp-content\/uploads\/2023\/09\/Fundort-Stadel-nahe-Regensburg.jpg 1764w\" sizes=\"auto, (max-width: 300px) 100vw, 300px\" \/><\/a><\/p>\n<p>Gesehen &#8211; Gepr\u00fcft, &#8211; mit meinem Freund Frank Albert nach unten transportiert, dann aufgeladen und gl\u00fccklich \u00fcber den Fund anschlie\u00dfend ab nach Hause ins sch\u00f6ne Vogtland&#8230;<\/p>\n<p>Nochmal kurz zum meinen Freund Frank Albert, bevor ich mit der Berichterstattung beginne&#8230; der Frank ist ein Hochrad-Spezialist und fertigt Hochr\u00e4der hier im Vogtland, welche sich sehen lassen k\u00f6nnen, zudem betreibt er, als Hochrad-Fahr-Weltmeister eine Fahrschule zu &#8222;Hochrad-Fahren&#8220; hier ein Bild &#8211; nat\u00fcrlich auf einem selbst hergestellten Hochrad:<\/p>\n<p><a href=\"http:\/\/victoria-rad.de\/wp-content\/uploads\/2023\/09\/IMG-20230513-WA0102.jpg\"><img loading=\"lazy\" decoding=\"async\" class=\"aligncenter wp-image-14031 size-medium\" src=\"http:\/\/victoria-rad.de\/wp-content\/uploads\/2023\/09\/IMG-20230513-WA0102-300x259.jpg\" alt=\"\" width=\"300\" height=\"259\" srcset=\"https:\/\/victoria-rad.de\/wp-content\/uploads\/2023\/09\/IMG-20230513-WA0102-300x259.jpg 300w, https:\/\/victoria-rad.de\/wp-content\/uploads\/2023\/09\/IMG-20230513-WA0102-1024x884.jpg 1024w, https:\/\/victoria-rad.de\/wp-content\/uploads\/2023\/09\/IMG-20230513-WA0102-150x130.jpg 150w, https:\/\/victoria-rad.de\/wp-content\/uploads\/2023\/09\/IMG-20230513-WA0102-768x663.jpg 768w, https:\/\/victoria-rad.de\/wp-content\/uploads\/2023\/09\/IMG-20230513-WA0102.jpg 1115w\" sizes=\"auto, (max-width: 300px) 100vw, 300px\" \/><\/a><\/p>\n<p><strong>Zum Bericht &#8211; &#8222;Instandsetzung des Marlboro-Sandringham-Tandem&#8220;:<\/strong><\/p>\n<p>Jetzt stand es zu mir zu Hause auf der Wiese:<\/p>\n<p><a href=\"http:\/\/victoria-rad.de\/wp-content\/uploads\/2023\/09\/3-scaled.jpg\"><img loading=\"lazy\" decoding=\"async\" class=\"aligncenter wp-image-14003 size-medium\" src=\"http:\/\/victoria-rad.de\/wp-content\/uploads\/2023\/09\/3-300x178.jpg\" alt=\"\" width=\"300\" height=\"178\" srcset=\"https:\/\/victoria-rad.de\/wp-content\/uploads\/2023\/09\/3-300x178.jpg 300w, https:\/\/victoria-rad.de\/wp-content\/uploads\/2023\/09\/3-1024x607.jpg 1024w, https:\/\/victoria-rad.de\/wp-content\/uploads\/2023\/09\/3-150x89.jpg 150w, https:\/\/victoria-rad.de\/wp-content\/uploads\/2023\/09\/3-768x455.jpg 768w, https:\/\/victoria-rad.de\/wp-content\/uploads\/2023\/09\/3-1536x910.jpg 1536w, https:\/\/victoria-rad.de\/wp-content\/uploads\/2023\/09\/3-2048x1213.jpg 2048w\" sizes=\"auto, (max-width: 300px) 100vw, 300px\" \/><\/a><\/p>\n<p>Ein paar Details vom Vier-Rad, die ich auf noch nie gesehen hatte, obwohl ich mich schon \u00fcber 20 Jahre mit alten Victoria &#8211; R\u00e4dern besch\u00e4ftige&#8230;<\/p>\n<p style=\"text-align: center;\"><a href=\"http:\/\/victoria-rad.de\/wp-content\/uploads\/2023\/09\/Rahmennummer-7285-.jpg\"><img loading=\"lazy\" decoding=\"async\" class=\"aligncenter wp-image-14004 size-medium\" src=\"http:\/\/victoria-rad.de\/wp-content\/uploads\/2023\/09\/Rahmennummer-7285--300x255.jpg\" alt=\"\" width=\"300\" height=\"255\" srcset=\"https:\/\/victoria-rad.de\/wp-content\/uploads\/2023\/09\/Rahmennummer-7285--300x255.jpg 300w, https:\/\/victoria-rad.de\/wp-content\/uploads\/2023\/09\/Rahmennummer-7285--1024x870.jpg 1024w, https:\/\/victoria-rad.de\/wp-content\/uploads\/2023\/09\/Rahmennummer-7285--150x127.jpg 150w, https:\/\/victoria-rad.de\/wp-content\/uploads\/2023\/09\/Rahmennummer-7285--768x652.jpg 768w, https:\/\/victoria-rad.de\/wp-content\/uploads\/2023\/09\/Rahmennummer-7285--1536x1304.jpg 1536w, https:\/\/victoria-rad.de\/wp-content\/uploads\/2023\/09\/Rahmennummer-7285-.jpg 1997w\" sizes=\"auto, (max-width: 300px) 100vw, 300px\" \/><\/a>Die Fahrgestellnummer &#8211; 7285 &#8211; am Rahmen, findet sich auch auf anderen Teilen&#8230;<\/p>\n<p style=\"text-align: center;\"><a href=\"http:\/\/victoria-rad.de\/wp-content\/uploads\/2023\/09\/James_Starley_on_his_Salvo_tricycle_1877.jpg\"><img loading=\"lazy\" decoding=\"async\" class=\"aligncenter wp-image-14006 size-medium\" src=\"http:\/\/victoria-rad.de\/wp-content\/uploads\/2023\/09\/James_Starley_on_his_Salvo_tricycle_1877-247x300.jpg\" alt=\"\" width=\"247\" height=\"300\" srcset=\"https:\/\/victoria-rad.de\/wp-content\/uploads\/2023\/09\/James_Starley_on_his_Salvo_tricycle_1877-247x300.jpg 247w, https:\/\/victoria-rad.de\/wp-content\/uploads\/2023\/09\/James_Starley_on_his_Salvo_tricycle_1877-123x150.jpg 123w, https:\/\/victoria-rad.de\/wp-content\/uploads\/2023\/09\/James_Starley_on_his_Salvo_tricycle_1877.jpg 255w\" sizes=\"auto, (max-width: 247px) 100vw, 247px\" \/><\/a>Hier ist James Starley im Jahr 1877 auf einem Vier-Rad zu sehen woraus die &#8222;Salvo- bzw, k\u00f6niglichen Royal-Salvo&#8220; Vierr\u00e4der erstanden&#8230;<\/p>\n<p>In der Gr\u00fcndung der Firma &#8222;Convetry&#8220; West Midlands stellte man das technische Zubeh\u00f6r zur Fertigung von Fahrr\u00e4dern, Hochr\u00e4dern, Drei- und Vierr\u00e4dern her. Starley war eben falls an der Firma &#8222;Ariel&#8220; beteiligt, die 1870 das bekannte Hochrad &#8222;ARIEL&#8220; auf den Markt brachte.<\/p>\n<p>Das\u00a0<a title=\"Sicherheitsniederrad\" href=\"https:\/\/de.wikipedia.org\/wiki\/Sicherheitsniederrad\">Rover Safety Bicycle<\/a>\u00a0wurde 1885 von seinem Neffen\u00a0<a title=\"John Kemp Starley\" href=\"https:\/\/de.wikipedia.org\/wiki\/John_Kemp_Starley\">John Kemp Starley<\/a>\u00a0entwickelt (Rover bedeutet\u00a0<i>Wanderer<\/i>). Zur Produktion der Rover-Sicherheitsr\u00e4der wurde zun\u00e4chst die\u00a0<i>Starley &amp; Sutton Co.<\/i>\u00a0in\u00a0<a title=\"Coventry\" href=\"https:\/\/de.wikipedia.org\/wiki\/Coventry\">Coventry<\/a>\u00a0gegr\u00fcndet. Daraus entwickelte sich die noch heute bekannte Automobilmarke\u00a0<a class=\"mw-redirect\" title=\"MG Rover Group\" href=\"https:\/\/de.wikipedia.org\/wiki\/MG_Rover_Group\">Rover<\/a>.<\/p>\n<p style=\"text-align: center;\">Aber nun zur\u00fcck zu den Teilen vom Vier-Rad-Tandem, nach dem kurzen geschichtlichen Ausf\u00fchrungen:<a href=\"http:\/\/victoria-rad.de\/wp-content\/uploads\/2023\/09\/20220914_101922-scaled.jpg\"><img loading=\"lazy\" decoding=\"async\" class=\"aligncenter wp-image-14009 size-medium\" src=\"http:\/\/victoria-rad.de\/wp-content\/uploads\/2023\/09\/20220914_101922-300x135.jpg\" alt=\"\" width=\"300\" height=\"135\" srcset=\"https:\/\/victoria-rad.de\/wp-content\/uploads\/2023\/09\/20220914_101922-300x135.jpg 300w, https:\/\/victoria-rad.de\/wp-content\/uploads\/2023\/09\/20220914_101922-1024x461.jpg 1024w, https:\/\/victoria-rad.de\/wp-content\/uploads\/2023\/09\/20220914_101922-150x68.jpg 150w, https:\/\/victoria-rad.de\/wp-content\/uploads\/2023\/09\/20220914_101922-768x346.jpg 768w, https:\/\/victoria-rad.de\/wp-content\/uploads\/2023\/09\/20220914_101922-1536x691.jpg 1536w, https:\/\/victoria-rad.de\/wp-content\/uploads\/2023\/09\/20220914_101922-2048x922.jpg 2048w\" sizes=\"auto, (max-width: 300px) 100vw, 300px\" \/><\/a>Die vordere Antriebskurbel mit Kette 1 Zoll, sowie der Aufnahme und Pedalen war zum Gl\u00fcck komplett vorhanden&#8230;<\/p>\n<p>Die hintere Kurbel und Aufnahme vom Tandem fehlte leider, was hilft es, da ist guter Rat teuer. Mit der normalen Nachbauvariante \u00fcber Gie\u00dferei oder Dreherei ist der Nachbau schwierig. Da kann man heutzutage auf modernere Verfahren zur\u00fcck greifen &#8211; das Zauberwort ist das: &#8222;Computer gesteuerte Metall &#8211; Druck &#8211; Verfahren&#8220;. Gesagt, getan &#8211; das Ergebnis:<\/p>\n<p style=\"text-align: center;\"><a href=\"http:\/\/victoria-rad.de\/wp-content\/uploads\/2023\/09\/20230308_170154.jpg\"><img loading=\"lazy\" decoding=\"async\" class=\"aligncenter wp-image-14010 size-medium\" src=\"http:\/\/victoria-rad.de\/wp-content\/uploads\/2023\/09\/20230308_170154-234x300.jpg\" alt=\"\" width=\"234\" height=\"300\" srcset=\"https:\/\/victoria-rad.de\/wp-content\/uploads\/2023\/09\/20230308_170154-234x300.jpg 234w, https:\/\/victoria-rad.de\/wp-content\/uploads\/2023\/09\/20230308_170154-799x1024.jpg 799w, https:\/\/victoria-rad.de\/wp-content\/uploads\/2023\/09\/20230308_170154-117x150.jpg 117w, https:\/\/victoria-rad.de\/wp-content\/uploads\/2023\/09\/20230308_170154-768x985.jpg 768w, https:\/\/victoria-rad.de\/wp-content\/uploads\/2023\/09\/20230308_170154-1198x1536.jpg 1198w, https:\/\/victoria-rad.de\/wp-content\/uploads\/2023\/09\/20230308_170154-1597x2048.jpg 1597w, https:\/\/victoria-rad.de\/wp-content\/uploads\/2023\/09\/20230308_170154.jpg 1800w\" sizes=\"auto, (max-width: 234px) 100vw, 234px\" \/><\/a>Aufnahme und Tretkurbel im Computer &#8211; Druck &#8211; Verfahren, die Achse und die Kurbelarme wurden maschinell hergestellt&#8230;<\/p>\n<p>Nochmal die Einzelteile:<\/p>\n<p style=\"text-align: center;\"><a href=\"http:\/\/victoria-rad.de\/wp-content\/uploads\/2023\/09\/20230224_100101-scaled.jpg\"><img loading=\"lazy\" decoding=\"async\" class=\"aligncenter wp-image-14040 size-medium\" src=\"http:\/\/victoria-rad.de\/wp-content\/uploads\/2023\/09\/20230224_100101-161x300.jpg\" alt=\"\" width=\"161\" height=\"300\" srcset=\"https:\/\/victoria-rad.de\/wp-content\/uploads\/2023\/09\/20230224_100101-161x300.jpg 161w, https:\/\/victoria-rad.de\/wp-content\/uploads\/2023\/09\/20230224_100101-550x1024.jpg 550w, https:\/\/victoria-rad.de\/wp-content\/uploads\/2023\/09\/20230224_100101-81x150.jpg 81w, https:\/\/victoria-rad.de\/wp-content\/uploads\/2023\/09\/20230224_100101-768x1429.jpg 768w, https:\/\/victoria-rad.de\/wp-content\/uploads\/2023\/09\/20230224_100101-826x1536.jpg 826w, https:\/\/victoria-rad.de\/wp-content\/uploads\/2023\/09\/20230224_100101-1101x2048.jpg 1101w, https:\/\/victoria-rad.de\/wp-content\/uploads\/2023\/09\/20230224_100101-scaled.jpg 1376w\" sizes=\"auto, (max-width: 161px) 100vw, 161px\" \/><\/a>Aufnahme f\u00fcr Tretkurbel &#8211; Computer-Druck-Verfahren&#8230;<\/p>\n<p>Tretkurbel, ebenfalls &#8211; Computer-Druck-Verfahren:<\/p>\n<p><a href=\"http:\/\/victoria-rad.de\/wp-content\/uploads\/2023\/09\/IMG-20230128-WA0001.jpg\"><img loading=\"lazy\" decoding=\"async\" class=\"aligncenter wp-image-14043 size-medium\" src=\"http:\/\/victoria-rad.de\/wp-content\/uploads\/2023\/09\/IMG-20230128-WA0001-296x300.jpg\" alt=\"\" width=\"296\" height=\"300\" srcset=\"https:\/\/victoria-rad.de\/wp-content\/uploads\/2023\/09\/IMG-20230128-WA0001-296x300.jpg 296w, https:\/\/victoria-rad.de\/wp-content\/uploads\/2023\/09\/IMG-20230128-WA0001-148x150.jpg 148w, https:\/\/victoria-rad.de\/wp-content\/uploads\/2023\/09\/IMG-20230128-WA0001-768x778.jpg 768w, https:\/\/victoria-rad.de\/wp-content\/uploads\/2023\/09\/IMG-20230128-WA0001.jpg 829w\" sizes=\"auto, (max-width: 296px) 100vw, 296px\" \/><\/a><\/p>\n<p style=\"text-align: center;\"><a href=\"http:\/\/victoria-rad.de\/wp-content\/uploads\/2023\/09\/20230215_132519-scaled.jpg\"><img loading=\"lazy\" decoding=\"async\" class=\"aligncenter wp-image-14041 size-medium\" src=\"http:\/\/victoria-rad.de\/wp-content\/uploads\/2023\/09\/20230215_132519-300x146.jpg\" alt=\"\" width=\"300\" height=\"146\" srcset=\"https:\/\/victoria-rad.de\/wp-content\/uploads\/2023\/09\/20230215_132519-300x146.jpg 300w, https:\/\/victoria-rad.de\/wp-content\/uploads\/2023\/09\/20230215_132519-1024x499.jpg 1024w, https:\/\/victoria-rad.de\/wp-content\/uploads\/2023\/09\/20230215_132519-150x73.jpg 150w, https:\/\/victoria-rad.de\/wp-content\/uploads\/2023\/09\/20230215_132519-768x374.jpg 768w, https:\/\/victoria-rad.de\/wp-content\/uploads\/2023\/09\/20230215_132519-1536x748.jpg 1536w, https:\/\/victoria-rad.de\/wp-content\/uploads\/2023\/09\/20230215_132519-2048x997.jpg 2048w\" sizes=\"auto, (max-width: 300px) 100vw, 300px\" \/><\/a>Kurbel-Arme\u00a0 &#8211; Maschinell und Handarbeit&#8230;<\/p>\n<p>Im weiteren m\u00f6chte ich auf das Ausgleichgetriebe f\u00fcr die Steuerung der ca. vierzig Zoll gro\u00dfen Hauptr\u00e4der eingehen:<\/p>\n<p style=\"text-align: center;\"><a href=\"http:\/\/victoria-rad.de\/wp-content\/uploads\/2023\/09\/20221113_113851-scaled.jpg\"><img loading=\"lazy\" decoding=\"async\" class=\"aligncenter wp-image-14012 size-medium\" src=\"http:\/\/victoria-rad.de\/wp-content\/uploads\/2023\/09\/20221113_113851-135x300.jpg\" alt=\"\" width=\"135\" height=\"300\" srcset=\"https:\/\/victoria-rad.de\/wp-content\/uploads\/2023\/09\/20221113_113851-135x300.jpg 135w, https:\/\/victoria-rad.de\/wp-content\/uploads\/2023\/09\/20221113_113851-461x1024.jpg 461w, https:\/\/victoria-rad.de\/wp-content\/uploads\/2023\/09\/20221113_113851-68x150.jpg 68w, https:\/\/victoria-rad.de\/wp-content\/uploads\/2023\/09\/20221113_113851-768x1707.jpg 768w, https:\/\/victoria-rad.de\/wp-content\/uploads\/2023\/09\/20221113_113851-691x1536.jpg 691w, https:\/\/victoria-rad.de\/wp-content\/uploads\/2023\/09\/20221113_113851-922x2048.jpg 922w, https:\/\/victoria-rad.de\/wp-content\/uploads\/2023\/09\/20221113_113851-scaled.jpg 1152w\" sizes=\"auto, (max-width: 135px) 100vw, 135px\" \/><\/a>Das Getrieberitzel auf der Hauptwelle&#8230;<\/p>\n<p style=\"text-align: center;\"><a href=\"http:\/\/victoria-rad.de\/wp-content\/uploads\/2023\/09\/20220913_121835.jpg\"><img loading=\"lazy\" decoding=\"async\" class=\"aligncenter wp-image-14013 size-medium\" src=\"http:\/\/victoria-rad.de\/wp-content\/uploads\/2023\/09\/20220913_121835-300x276.jpg\" alt=\"\" width=\"300\" height=\"276\" srcset=\"https:\/\/victoria-rad.de\/wp-content\/uploads\/2023\/09\/20220913_121835-300x276.jpg 300w, https:\/\/victoria-rad.de\/wp-content\/uploads\/2023\/09\/20220913_121835-1024x942.jpg 1024w, https:\/\/victoria-rad.de\/wp-content\/uploads\/2023\/09\/20220913_121835-150x138.jpg 150w, https:\/\/victoria-rad.de\/wp-content\/uploads\/2023\/09\/20220913_121835-768x707.jpg 768w, https:\/\/victoria-rad.de\/wp-content\/uploads\/2023\/09\/20220913_121835-1536x1413.jpg 1536w, https:\/\/victoria-rad.de\/wp-content\/uploads\/2023\/09\/20220913_121835.jpg 1800w\" sizes=\"auto, (max-width: 300px) 100vw, 300px\" \/><\/a>oben das Gegenst\u00fcck der Nabe dazu und die zweite Nabe, unten nochmal die Verzahnung&#8230;<\/p>\n<p style=\"text-align: center;\"><a href=\"http:\/\/victoria-rad.de\/wp-content\/uploads\/2023\/09\/20220913_131606.jpg\"><img loading=\"lazy\" decoding=\"async\" class=\"aligncenter wp-image-14014 size-medium\" src=\"http:\/\/victoria-rad.de\/wp-content\/uploads\/2023\/09\/20220913_131606-291x300.jpg\" alt=\"\" width=\"291\" height=\"300\" srcset=\"https:\/\/victoria-rad.de\/wp-content\/uploads\/2023\/09\/20220913_131606-291x300.jpg 291w, https:\/\/victoria-rad.de\/wp-content\/uploads\/2023\/09\/20220913_131606-993x1024.jpg 993w, https:\/\/victoria-rad.de\/wp-content\/uploads\/2023\/09\/20220913_131606-145x150.jpg 145w, https:\/\/victoria-rad.de\/wp-content\/uploads\/2023\/09\/20220913_131606-768x792.jpg 768w, https:\/\/victoria-rad.de\/wp-content\/uploads\/2023\/09\/20220913_131606-1489x1536.jpg 1489w, https:\/\/victoria-rad.de\/wp-content\/uploads\/2023\/09\/20220913_131606.jpg 1686w\" sizes=\"auto, (max-width: 291px) 100vw, 291px\" \/><\/a>alle Teile wurden vom Hersteller ordentlich nummeriert&#8230;<\/p>\n<p>Nochmal die Nabe mit Verzahnung und Nummer 7285, passend zur Fahrgestell-Nummer:<\/p>\n<p><a href=\"http:\/\/victoria-rad.de\/wp-content\/uploads\/2023\/09\/IMG-20230116-WA0010.jpg\"><img loading=\"lazy\" decoding=\"async\" class=\"aligncenter wp-image-14017 size-medium\" src=\"http:\/\/victoria-rad.de\/wp-content\/uploads\/2023\/09\/IMG-20230116-WA0010-300x169.jpg\" alt=\"\" width=\"300\" height=\"169\" srcset=\"https:\/\/victoria-rad.de\/wp-content\/uploads\/2023\/09\/IMG-20230116-WA0010-300x169.jpg 300w, https:\/\/victoria-rad.de\/wp-content\/uploads\/2023\/09\/IMG-20230116-WA0010-1024x576.jpg 1024w, https:\/\/victoria-rad.de\/wp-content\/uploads\/2023\/09\/IMG-20230116-WA0010-150x84.jpg 150w, https:\/\/victoria-rad.de\/wp-content\/uploads\/2023\/09\/IMG-20230116-WA0010-768x432.jpg 768w, https:\/\/victoria-rad.de\/wp-content\/uploads\/2023\/09\/IMG-20230116-WA0010-1536x864.jpg 1536w, https:\/\/victoria-rad.de\/wp-content\/uploads\/2023\/09\/IMG-20230116-WA0010.jpg 1599w\" sizes=\"auto, (max-width: 300px) 100vw, 300px\" \/><\/a><\/p>\n<p>Im n\u00e4chste Bild sehen wir nochmal die Doppel-Antriebs-Technik:<\/p>\n<p style=\"text-align: center;\"><a href=\"http:\/\/victoria-rad.de\/wp-content\/uploads\/2023\/09\/20230308_154451-scaled.jpg\"><img loading=\"lazy\" decoding=\"async\" class=\"aligncenter wp-image-14015 size-medium\" src=\"http:\/\/victoria-rad.de\/wp-content\/uploads\/2023\/09\/20230308_154451-300x135.jpg\" alt=\"\" width=\"300\" height=\"135\" srcset=\"https:\/\/victoria-rad.de\/wp-content\/uploads\/2023\/09\/20230308_154451-300x135.jpg 300w, https:\/\/victoria-rad.de\/wp-content\/uploads\/2023\/09\/20230308_154451-1024x461.jpg 1024w, https:\/\/victoria-rad.de\/wp-content\/uploads\/2023\/09\/20230308_154451-150x68.jpg 150w, https:\/\/victoria-rad.de\/wp-content\/uploads\/2023\/09\/20230308_154451-768x346.jpg 768w, https:\/\/victoria-rad.de\/wp-content\/uploads\/2023\/09\/20230308_154451-1536x691.jpg 1536w, https:\/\/victoria-rad.de\/wp-content\/uploads\/2023\/09\/20230308_154451-2048x922.jpg 2048w\" sizes=\"auto, (max-width: 300px) 100vw, 300px\" \/><\/a>Rechts und links ist die ca. 15 prozentige Gelenk-Einrichtung zur \u00dcber oder Unter-Fahrung von Unebenheiten installiert&#8230;<\/p>\n<p>Die originalen Sattel fehlten auch, somit musste ich zwei Safety-Sattel aus der Zeit zu kaufen, was nat\u00fcrlich auch ziemlich schwierig war:<\/p>\n<p style=\"text-align: center;\"><a href=\"http:\/\/victoria-rad.de\/wp-content\/uploads\/2023\/09\/20221117_123210-scaled.jpg\"><img loading=\"lazy\" decoding=\"async\" class=\"aligncenter wp-image-14018 size-medium\" src=\"http:\/\/victoria-rad.de\/wp-content\/uploads\/2023\/09\/20221117_123210-300x144.jpg\" alt=\"\" width=\"300\" height=\"144\" srcset=\"https:\/\/victoria-rad.de\/wp-content\/uploads\/2023\/09\/20221117_123210-300x144.jpg 300w, https:\/\/victoria-rad.de\/wp-content\/uploads\/2023\/09\/20221117_123210-1024x492.jpg 1024w, https:\/\/victoria-rad.de\/wp-content\/uploads\/2023\/09\/20221117_123210-150x72.jpg 150w, https:\/\/victoria-rad.de\/wp-content\/uploads\/2023\/09\/20221117_123210-768x369.jpg 768w, https:\/\/victoria-rad.de\/wp-content\/uploads\/2023\/09\/20221117_123210-1536x738.jpg 1536w, https:\/\/victoria-rad.de\/wp-content\/uploads\/2023\/09\/20221117_123210-2048x984.jpg 2048w\" sizes=\"auto, (max-width: 300px) 100vw, 300px\" \/><\/a>die gleichen zu bekommen ist wie die Suche nach der Nadel im Heuhaufen&#8230;<\/p>\n<p style=\"text-align: center;\">Die vordere Lenkeinrichtung, Gabel und Vorderrad hat leider auch zum Teil gefehlt, aber mit etwas Gl\u00fcck und Geschick ist das auch beigekommen&#8230;<\/p>\n<p>Der Zusammenbau des Tandems:<\/p>\n<p style=\"text-align: center;\"><a href=\"http:\/\/victoria-rad.de\/wp-content\/uploads\/2023\/09\/20230225_174707-scaled.jpg\"><img loading=\"lazy\" decoding=\"async\" class=\"aligncenter wp-image-14045 size-medium\" src=\"http:\/\/victoria-rad.de\/wp-content\/uploads\/2023\/09\/20230225_174707-300x167.jpg\" alt=\"\" width=\"300\" height=\"167\" srcset=\"https:\/\/victoria-rad.de\/wp-content\/uploads\/2023\/09\/20230225_174707-300x167.jpg 300w, https:\/\/victoria-rad.de\/wp-content\/uploads\/2023\/09\/20230225_174707-1024x569.jpg 1024w, https:\/\/victoria-rad.de\/wp-content\/uploads\/2023\/09\/20230225_174707-150x83.jpg 150w, https:\/\/victoria-rad.de\/wp-content\/uploads\/2023\/09\/20230225_174707-768x427.jpg 768w, https:\/\/victoria-rad.de\/wp-content\/uploads\/2023\/09\/20230225_174707-1536x854.jpg 1536w, https:\/\/victoria-rad.de\/wp-content\/uploads\/2023\/09\/20230225_174707-2048x1138.jpg 2048w\" sizes=\"auto, (max-width: 300px) 100vw, 300px\" \/><\/a>Die Vollgummireifen wurden von Frank Albert, eingangs erw\u00e4hnt, montiert&#8230;<\/p>\n<p>Noch ein paar Aufnahmen vom fertigen Marlboro-Sandringham-Tandem 1880:<\/p>\n<p style=\"text-align: center;\"><a href=\"http:\/\/victoria-rad.de\/wp-content\/uploads\/2023\/09\/20230613_190808-scaled.jpg\"><img loading=\"lazy\" decoding=\"async\" class=\"aligncenter wp-image-14020 size-medium\" src=\"http:\/\/victoria-rad.de\/wp-content\/uploads\/2023\/09\/20230613_190808-135x300.jpg\" alt=\"\" width=\"135\" height=\"300\" srcset=\"https:\/\/victoria-rad.de\/wp-content\/uploads\/2023\/09\/20230613_190808-135x300.jpg 135w, https:\/\/victoria-rad.de\/wp-content\/uploads\/2023\/09\/20230613_190808-461x1024.jpg 461w, https:\/\/victoria-rad.de\/wp-content\/uploads\/2023\/09\/20230613_190808-68x150.jpg 68w, https:\/\/victoria-rad.de\/wp-content\/uploads\/2023\/09\/20230613_190808-768x1707.jpg 768w, https:\/\/victoria-rad.de\/wp-content\/uploads\/2023\/09\/20230613_190808-691x1536.jpg 691w, https:\/\/victoria-rad.de\/wp-content\/uploads\/2023\/09\/20230613_190808-922x2048.jpg 922w, https:\/\/victoria-rad.de\/wp-content\/uploads\/2023\/09\/20230613_190808-scaled.jpg 1152w\" sizes=\"auto, (max-width: 135px) 100vw, 135px\" \/><\/a>Das originale Steuerkopfschild mir K\u00f6nigin &#8222;Victoria&#8220;&#8230;<\/p>\n<p style=\"text-align: center;\"><a href=\"http:\/\/victoria-rad.de\/wp-content\/uploads\/2023\/09\/20230613_181617-scaled.jpg\"><img loading=\"lazy\" decoding=\"async\" class=\"aligncenter wp-image-14021 size-medium\" src=\"http:\/\/victoria-rad.de\/wp-content\/uploads\/2023\/09\/20230613_181617-300x135.jpg\" alt=\"\" width=\"300\" height=\"135\" srcset=\"https:\/\/victoria-rad.de\/wp-content\/uploads\/2023\/09\/20230613_181617-300x135.jpg 300w, https:\/\/victoria-rad.de\/wp-content\/uploads\/2023\/09\/20230613_181617-1024x461.jpg 1024w, https:\/\/victoria-rad.de\/wp-content\/uploads\/2023\/09\/20230613_181617-150x68.jpg 150w, https:\/\/victoria-rad.de\/wp-content\/uploads\/2023\/09\/20230613_181617-768x346.jpg 768w, https:\/\/victoria-rad.de\/wp-content\/uploads\/2023\/09\/20230613_181617-1536x691.jpg 1536w, https:\/\/victoria-rad.de\/wp-content\/uploads\/2023\/09\/20230613_181617-2048x922.jpg 2048w\" sizes=\"auto, (max-width: 300px) 100vw, 300px\" \/><\/a>Vorderansicht mit \u00d6llampe und Dreifach-Klingel&#8230;<\/p>\n<p style=\"text-align: center;\"><a href=\"http:\/\/victoria-rad.de\/wp-content\/uploads\/2023\/09\/20230613_181149-scaled.jpg\"><img loading=\"lazy\" decoding=\"async\" class=\"aligncenter wp-image-14022 size-medium\" src=\"http:\/\/victoria-rad.de\/wp-content\/uploads\/2023\/09\/20230613_181149-169x300.jpg\" alt=\"\" width=\"169\" height=\"300\" srcset=\"https:\/\/victoria-rad.de\/wp-content\/uploads\/2023\/09\/20230613_181149-169x300.jpg 169w, https:\/\/victoria-rad.de\/wp-content\/uploads\/2023\/09\/20230613_181149-578x1024.jpg 578w, https:\/\/victoria-rad.de\/wp-content\/uploads\/2023\/09\/20230613_181149-85x150.jpg 85w, https:\/\/victoria-rad.de\/wp-content\/uploads\/2023\/09\/20230613_181149-768x1360.jpg 768w, https:\/\/victoria-rad.de\/wp-content\/uploads\/2023\/09\/20230613_181149-868x1536.jpg 868w, https:\/\/victoria-rad.de\/wp-content\/uploads\/2023\/09\/20230613_181149-1157x2048.jpg 1157w, https:\/\/victoria-rad.de\/wp-content\/uploads\/2023\/09\/20230613_181149-scaled.jpg 1446w\" sizes=\"auto, (max-width: 169px) 100vw, 169px\" \/><\/a>R\u00fcckansicht mit R\u00fcckleuchte&#8230;<\/p>\n<p>Noch 1 Bild mit dem intakten Schloss &#8222;Sandringham&#8220; der britischen Familie in England, N\u00e4he Norfolk:<\/p>\n<p style=\"text-align: center;\"><a href=\"http:\/\/victoria-rad.de\/wp-content\/uploads\/2023\/09\/1200px-Sandringham_House_from_the_air_cropped.jpg\"><img loading=\"lazy\" decoding=\"async\" class=\"aligncenter wp-image-14023 size-medium\" src=\"http:\/\/victoria-rad.de\/wp-content\/uploads\/2023\/09\/1200px-Sandringham_House_from_the_air_cropped-300x225.jpg\" alt=\"\" width=\"300\" height=\"225\" srcset=\"https:\/\/victoria-rad.de\/wp-content\/uploads\/2023\/09\/1200px-Sandringham_House_from_the_air_cropped-300x225.jpg 300w, https:\/\/victoria-rad.de\/wp-content\/uploads\/2023\/09\/1200px-Sandringham_House_from_the_air_cropped-1024x768.jpg 1024w, https:\/\/victoria-rad.de\/wp-content\/uploads\/2023\/09\/1200px-Sandringham_House_from_the_air_cropped-150x113.jpg 150w, https:\/\/victoria-rad.de\/wp-content\/uploads\/2023\/09\/1200px-Sandringham_House_from_the_air_cropped-768x576.jpg 768w, https:\/\/victoria-rad.de\/wp-content\/uploads\/2023\/09\/1200px-Sandringham_House_from_the_air_cropped.jpg 1200w\" sizes=\"auto, (max-width: 300px) 100vw, 300px\" \/><\/a>Im Schloss befindet sich ein f\u00fcr die \u00d6ffentlichkeit zug\u00e4ngiges Oldtimer-Museum mit den Kostbarkeiten der k\u00f6niglichen Familie, wahrscheinlich auch ein &#8222;Vier-Rad&#8220; wie ich es vorgestellt habe, denn die K\u00f6nigin besa\u00df zwei dieser Gef\u00e4hrte&#8230;<\/p>\n<p>Zum Abschluss ein kleines Video, wie ich mit meiner Tochter Victoria (5 Jahre) mit unserem Tandem fahre:<\/p>\n<div style=\"width: 660px;\" class=\"wp-video\"><video class=\"wp-video-shortcode\" id=\"video-14000-1\" width=\"660\" height=\"371\" preload=\"metadata\" controls=\"controls\"><source type=\"video\/mp4\" src=\"http:\/\/victoria-rad.de\/wp-content\/uploads\/2023\/09\/Vierrad.mp4?_=1\" \/><a href=\"http:\/\/victoria-rad.de\/wp-content\/uploads\/2023\/09\/Vierrad.mp4\">http:\/\/victoria-rad.de\/wp-content\/uploads\/2023\/09\/Vierrad.mp4<\/a><\/video><\/div>\n<p>Gerne noch zwei historische Aufnahmen:<\/p>\n<p style=\"text-align: center;\"><a href=\"http:\/\/victoria-rad.de\/wp-content\/uploads\/2023\/09\/22.jpg\"><img loading=\"lazy\" decoding=\"async\" class=\"aligncenter wp-image-14025 size-medium\" src=\"http:\/\/victoria-rad.de\/wp-content\/uploads\/2023\/09\/22-300x231.jpg\" alt=\"\" width=\"300\" height=\"231\" srcset=\"https:\/\/victoria-rad.de\/wp-content\/uploads\/2023\/09\/22-300x231.jpg 300w, https:\/\/victoria-rad.de\/wp-content\/uploads\/2023\/09\/22-150x116.jpg 150w, https:\/\/victoria-rad.de\/wp-content\/uploads\/2023\/09\/22-768x592.jpg 768w, https:\/\/victoria-rad.de\/wp-content\/uploads\/2023\/09\/22.jpg 892w\" sizes=\"auto, (max-width: 300px) 100vw, 300px\" \/><\/a>Vierrad &#8211; mit kleinem Rad &#8211; vorn, vorm Wei\u00dfen Haus in Washington&#8230;<\/p>\n<p style=\"text-align: center;\"><a href=\"http:\/\/victoria-rad.de\/wp-content\/uploads\/2023\/09\/IMG-20230421-WA0000.jpg\"><img loading=\"lazy\" decoding=\"async\" class=\"aligncenter wp-image-14027 size-medium\" src=\"http:\/\/victoria-rad.de\/wp-content\/uploads\/2023\/09\/IMG-20230421-WA0000-286x300.jpg\" alt=\"\" width=\"286\" height=\"300\" srcset=\"https:\/\/victoria-rad.de\/wp-content\/uploads\/2023\/09\/IMG-20230421-WA0000-286x300.jpg 286w, https:\/\/victoria-rad.de\/wp-content\/uploads\/2023\/09\/IMG-20230421-WA0000-143x150.jpg 143w, https:\/\/victoria-rad.de\/wp-content\/uploads\/2023\/09\/IMG-20230421-WA0000.jpg 736w\" sizes=\"auto, (max-width: 286px) 100vw, 286px\" \/><\/a>Hier mit gro\u00dfen Vorderrad vorn, hinten &#8211; kleines Rad&#8230;<\/p>\n<p><a href=\"http:\/\/victoria-rad.de\/wp-content\/uploads\/2023\/08\/IMG_20190312_0002-scaled.jpg\"><img loading=\"lazy\" decoding=\"async\" class=\"aligncenter wp-image-13897 size-medium\" src=\"http:\/\/victoria-rad.de\/wp-content\/uploads\/2023\/08\/IMG_20190312_0002-300x102.jpg\" alt=\"\" width=\"300\" height=\"102\" srcset=\"https:\/\/victoria-rad.de\/wp-content\/uploads\/2023\/08\/IMG_20190312_0002-300x102.jpg 300w, https:\/\/victoria-rad.de\/wp-content\/uploads\/2023\/08\/IMG_20190312_0002-1024x347.jpg 1024w, https:\/\/victoria-rad.de\/wp-content\/uploads\/2023\/08\/IMG_20190312_0002-150x51.jpg 150w, https:\/\/victoria-rad.de\/wp-content\/uploads\/2023\/08\/IMG_20190312_0002-768x261.jpg 768w, https:\/\/victoria-rad.de\/wp-content\/uploads\/2023\/08\/IMG_20190312_0002-1536x521.jpg 1536w, https:\/\/victoria-rad.de\/wp-content\/uploads\/2023\/08\/IMG_20190312_0002-2048x695.jpg 2048w\" sizes=\"auto, (max-width: 300px) 100vw, 300px\" \/><\/a><\/p>\n<p><a href=\"http:\/\/victoria-rad.de\/wp-content\/uploads\/2023\/06\/Koenigin-Victoria-England-.jpg\"><img loading=\"lazy\" decoding=\"async\" class=\"aligncenter wp-image-13709 size-medium\" src=\"http:\/\/victoria-rad.de\/wp-content\/uploads\/2023\/06\/Koenigin-Victoria-England--287x300.jpg\" alt=\"\" width=\"287\" height=\"300\" srcset=\"https:\/\/victoria-rad.de\/wp-content\/uploads\/2023\/06\/Koenigin-Victoria-England--287x300.jpg 287w, https:\/\/victoria-rad.de\/wp-content\/uploads\/2023\/06\/Koenigin-Victoria-England--143x150.jpg 143w, https:\/\/victoria-rad.de\/wp-content\/uploads\/2023\/06\/Koenigin-Victoria-England-.jpg 763w\" sizes=\"auto, (max-width: 287px) 100vw, 287px\" \/><\/a><\/p>\n<p><a href=\"http:\/\/victoria-rad.de\/wp-content\/uploads\/2023\/06\/Vierrad-Original-Kopie-.jpg\"><img loading=\"lazy\" decoding=\"async\" class=\"aligncenter wp-image-13699 size-medium\" src=\"http:\/\/victoria-rad.de\/wp-content\/uploads\/2023\/06\/Vierrad-Original-Kopie--300x189.jpg\" alt=\"\" width=\"300\" height=\"189\" srcset=\"https:\/\/victoria-rad.de\/wp-content\/uploads\/2023\/06\/Vierrad-Original-Kopie--300x189.jpg 300w, https:\/\/victoria-rad.de\/wp-content\/uploads\/2023\/06\/Vierrad-Original-Kopie--150x95.jpg 150w, https:\/\/victoria-rad.de\/wp-content\/uploads\/2023\/06\/Vierrad-Original-Kopie--768x485.jpg 768w, https:\/\/victoria-rad.de\/wp-content\/uploads\/2023\/06\/Vierrad-Original-Kopie-.jpg 951w\" sizes=\"auto, (max-width: 300px) 100vw, 300px\" \/><\/a><\/p>\n<p><img loading=\"lazy\" decoding=\"async\" class=\"alignnone size-medium wp-image-11894 aligncenter\" src=\"http:\/\/victoria-rad.de\/wp-content\/uploads\/2022\/02\/58-300x14.png\" alt=\"\" width=\"300\" height=\"14\" srcset=\"https:\/\/victoria-rad.de\/wp-content\/uploads\/2022\/02\/58-300x14.png 300w, https:\/\/victoria-rad.de\/wp-content\/uploads\/2022\/02\/58-150x7.png 150w, https:\/\/victoria-rad.de\/wp-content\/uploads\/2022\/02\/58.png 501w\" sizes=\"auto, (max-width: 300px) 100vw, 300px\" \/><\/p>\n<p>&nbsp;<\/p>\n<p>&nbsp;<\/p>\n","protected":false},"excerpt":{"rendered":"<p>Mit diesem Beitrag m\u00f6chte ich den bereits ver\u00f6ffentlichen Bericht vom Juli diesen Jahres \u00fcber das absolut seltene Gef\u00e4hrt von 1880 nochmal vertiefen und in Details der Wiederinbetriebnahme eingehen&#8230; Der Fundort war N\u00e4he Regensburg in einem abgelegenen Dorf bei netten Menschen, die das Gef\u00e4hrt vom Gro\u00dfvater hatten&#8230; auf Nachfrage meinerseits, woher der Gro\u00dfvater das Vier-Rad hat, &hellip; <a href=\"https:\/\/victoria-rad.de\/?p=14000\" class=\"more-link\"><span class=\"screen-reader-text\">Marlboro &#8211; Sandringham &#8211; Tandem 1880 &#8211; die Vervollst\u00e4ndigung&#8230;<\/span> weiterlesen<\/a><\/p>\n","protected":false},"author":1,"featured_media":0,"comment_status":"open","ping_status":"open","sticky":false,"template":"","format":"standard","meta":{"footnotes":""},"categories":[1],"tags":[],"class_list":["post-14000","post","type-post","status-publish","format-standard","hentry","category-uncategorized"],"_links":{"self":[{"href":"https:\/\/victoria-rad.de\/index.php?rest_route=\/wp\/v2\/posts\/14000","targetHints":{"allow":["GET"]}}],"collection":[{"href":"https:\/\/victoria-rad.de\/index.php?rest_route=\/wp\/v2\/posts"}],"about":[{"href":"https:\/\/victoria-rad.de\/index.php?rest_route=\/wp\/v2\/types\/post"}],"author":[{"embeddable":true,"href":"https:\/\/victoria-rad.de\/index.php?rest_route=\/wp\/v2\/users\/1"}],"replies":[{"embeddable":true,"href":"https:\/\/victoria-rad.de\/index.php?rest_route=%2Fwp%2Fv2%2Fcomments&post=14000"}],"version-history":[{"count":23,"href":"https:\/\/victoria-rad.de\/index.php?rest_route=\/wp\/v2\/posts\/14000\/revisions"}],"predecessor-version":[{"id":16611,"href":"https:\/\/victoria-rad.de\/index.php?rest_route=\/wp\/v2\/posts\/14000\/revisions\/16611"}],"wp:attachment":[{"href":"https:\/\/victoria-rad.de\/index.php?rest_route=%2Fwp%2Fv2%2Fmedia&parent=14000"}],"wp:term":[{"taxonomy":"category","embeddable":true,"href":"https:\/\/victoria-rad.de\/index.php?rest_route=%2Fwp%2Fv2%2Fcategories&post=14000"},{"taxonomy":"post_tag","embeddable":true,"href":"https:\/\/victoria-rad.de\/index.php?rest_route=%2Fwp%2Fv2%2Ftags&post=14000"}],"curies":[{"name":"wp","href":"https:\/\/api.w.org\/{rel}","templated":true}]}}