{"id":15,"date":"2018-03-17T17:25:48","date_gmt":"2018-03-17T17:25:48","guid":{"rendered":"http:\/\/victoria-rad.de\/?p=15"},"modified":"2020-01-29T19:36:01","modified_gmt":"2020-01-29T19:36:01","slug":"wie-es-bei-victoria-begann-oder-das-erste-hochrad-1886","status":"publish","type":"post","link":"https:\/\/victoria-rad.de\/?p=15","title":{"rendered":"Victoria &#8211; Fahrrad &#8211; wie es bei Victoria begann oder das erste Hochrad 1886"},"content":{"rendered":"<p>Hier ein Bericht \u00fcber das erste Fahrzeug, das bei Victoria , besser gesagt bei Frankenburger &amp; Ottenstein hergestellt wurde. Es handelt sich um das Hochrad Pfeil aus dem Gr\u00fcnderjahr 1886.<\/p>\n<p><a href=\"http:\/\/victoria-rad.de\/wp-content\/uploads\/2019\/01\/IMG_20181024_0036.jpg\" target=\"_blank\" rel=\"noopener noreferrer\"><img loading=\"lazy\" decoding=\"async\" class=\"aligncenter wp-image-3123 size-medium\" src=\"http:\/\/victoria-ig.de\/wp-content\/uploads\/2018\/03\/2018-03-14-at-07.50.06-201x300.jpeg\" alt=\"\" width=\"201\" height=\"300\" \/><\/a><\/p>\n<p>Das Rad hat ein 52 Zoll Vorderrad und das Hinterrad ist immer 22 Zoll. Damals kostete so ein Gef\u00e4hrt 360.- Reichsmark.<a href=\"http:\/\/victoria-ig.de\/wp-content\/uploads\/2018\/03\/2018-03-14-at-07.53.08.jpeg\" target=\"_blank\" rel=\"noopener noreferrer\"><img loading=\"lazy\" decoding=\"async\" class=\"aligncenter wp-image-3122 size-medium\" src=\"http:\/\/victoria-ig.de\/wp-content\/uploads\/2018\/03\/2018-03-14-at-07.53.08-201x300.jpeg\" alt=\"\" width=\"201\" height=\"300\" \/><\/a>Hier die markanten Initialen F&amp;O f\u00fcr Frankenburger &amp; Ottenstein und N steht f\u00fcr N\u00fcrnberg auf den Pedale.<a href=\"http:\/\/victoria-ig.de\/wp-content\/uploads\/2018\/03\/2018-03-14-at-07.58.31-201x300.jpeg\" target=\"_blank\" rel=\"noopener noreferrer\"><img loading=\"lazy\" decoding=\"async\" class=\"aligncenter wp-image-3121 size-medium\" src=\"http:\/\/victoria-ig.de\/wp-content\/uploads\/2018\/03\/2018-03-14-at-07.58.31-201x300.jpeg\" alt=\"\" width=\"201\" height=\"300\" \/><\/a>Auf der Schraube vom Pedal-Arm sieht man deutlich die Nummer 79, welche f\u00fcr die Fahrgestellnummer steht. \u00dcbrigens sei an dieser Stelle gesagt, dass bei Victoria immer fortlaufend nummeriert wurde, bis in die Neuzeit.Der Steuerkopf trug die die offizielle Firmenbezeichnung und unterstreicht die Originalit\u00e4t des Rades.Das erste Firmenemblem aus Messing ziert das Oberrohr des Hochrades. Das Hochrad ist das einzig bekannte Fahrzeug der Firma Victoria aus dieser Zeit.<a href=\"http:\/\/victoria-ig.de\/wp-content\/uploads\/2018\/03\/2018-03-14-at-08.30.34.jpeg\" target=\"_blank\" rel=\"noopener noreferrer\"><img loading=\"lazy\" decoding=\"async\" class=\"aligncenter wp-image-3125 size-medium\" src=\"http:\/\/victoria-ig.de\/wp-content\/uploads\/2018\/03\/2018-03-14-at-08.30.34-222x300.jpeg\" alt=\"\" width=\"222\" height=\"300\" \/><\/a>Hier nochmal das Hochrad als Fotografie aus dem Werbekatalog von 1892.<a href=\"http:\/\/victoria-ig.de\/wp-content\/uploads\/2018\/03\/2018-03-14-at-08.31.23.jpeg\" target=\"_blank\" rel=\"noopener noreferrer\"><img loading=\"lazy\" decoding=\"async\" class=\"aligncenter wp-image-3124 size-medium\" src=\"http:\/\/victoria-ig.de\/wp-content\/uploads\/2018\/03\/2018-03-14-at-08.31.23-221x300.jpeg\" alt=\"\" width=\"221\" height=\"300\" \/><\/a>Und das Logo von Frankenburger &amp; Ottenstein aus N\u00fcrnberg<\/p>\n<p>Einige authentische Bilder aus der Zeit der Hochr\u00e4der :<\/p>\n<p><a href=\"http:\/\/victoria-rad.de\/wp-content\/uploads\/2018\/03\/IMG_20141207_0001-Kopie.jpg\" target=\"_blank\" rel=\"noopener noreferrer\"><img loading=\"lazy\" decoding=\"async\" class=\"aligncenter wp-image-191 size-medium\" src=\"http:\/\/victoria-rad.de\/wp-content\/uploads\/2018\/03\/IMG_20141207_0001-Kopie-136x300.jpg\" alt=\"\" width=\"136\" height=\"300\" srcset=\"https:\/\/victoria-rad.de\/wp-content\/uploads\/2018\/03\/IMG_20141207_0001-Kopie-136x300.jpg 136w, https:\/\/victoria-rad.de\/wp-content\/uploads\/2018\/03\/IMG_20141207_0001-Kopie-768x1699.jpg 768w, https:\/\/victoria-rad.de\/wp-content\/uploads\/2018\/03\/IMG_20141207_0001-Kopie-463x1024.jpg 463w\" sizes=\"auto, (max-width: 136px) 100vw, 136px\" \/><\/a><a href=\"http:\/\/victoria-rad.de\/wp-content\/uploads\/2018\/03\/IMG_20141207_0002-Kopie.jpg\" target=\"_blank\" rel=\"noopener noreferrer\"><img loading=\"lazy\" decoding=\"async\" class=\"aligncenter wp-image-192 size-medium\" src=\"http:\/\/victoria-rad.de\/wp-content\/uploads\/2018\/03\/IMG_20141207_0002-Kopie-183x300.jpg\" alt=\"\" width=\"183\" height=\"300\" srcset=\"https:\/\/victoria-rad.de\/wp-content\/uploads\/2018\/03\/IMG_20141207_0002-Kopie-183x300.jpg 183w, https:\/\/victoria-rad.de\/wp-content\/uploads\/2018\/03\/IMG_20141207_0002-Kopie-768x1258.jpg 768w, https:\/\/victoria-rad.de\/wp-content\/uploads\/2018\/03\/IMG_20141207_0002-Kopie-625x1024.jpg 625w, https:\/\/victoria-rad.de\/wp-content\/uploads\/2018\/03\/IMG_20141207_0002-Kopie.jpg 1480w\" sizes=\"auto, (max-width: 183px) 100vw, 183px\" \/><\/a><a href=\"http:\/\/victoria-rad.de\/wp-content\/uploads\/2018\/06\/IMG_20150904_0002.jpg\" target=\"_blank\" rel=\"noopener noreferrer\"><img loading=\"lazy\" decoding=\"async\" class=\"aligncenter wp-image-183 size-medium\" src=\"http:\/\/victoria-rad.de\/wp-content\/uploads\/2018\/06\/IMG_20150904_0002-300x203.jpg\" alt=\"\" width=\"300\" height=\"203\" srcset=\"https:\/\/victoria-rad.de\/wp-content\/uploads\/2018\/06\/IMG_20150904_0002-300x203.jpg 300w, https:\/\/victoria-rad.de\/wp-content\/uploads\/2018\/06\/IMG_20150904_0002-768x520.jpg 768w, https:\/\/victoria-rad.de\/wp-content\/uploads\/2018\/06\/IMG_20150904_0002-1024x693.jpg 1024w\" sizes=\"auto, (max-width: 300px) 100vw, 300px\" \/><\/a><\/p>\n<p>Die \u00e4lteste Fotografie aus dem 1884 mit Niederr\u00e4dern aus einer Zeit, wo Victoria bzw, F&amp;O noch nicht mal Hochr\u00e4der herstellte:<\/p>\n<p><a href=\"http:\/\/victoria-rad.de\/wp-content\/uploads\/2018\/03\/IMG_20180727_0003-e1532679840965.jpg\" target=\"_blank\" rel=\"noopener noreferrer\"><img loading=\"lazy\" decoding=\"async\" class=\"aligncenter wp-image-888 size-medium\" src=\"http:\/\/victoria-rad.de\/wp-content\/uploads\/2018\/03\/IMG_20180727_0003-e1532679840965-300x233.jpg\" alt=\"\" width=\"300\" height=\"233\" srcset=\"https:\/\/victoria-rad.de\/wp-content\/uploads\/2018\/03\/IMG_20180727_0003-e1532679840965-300x233.jpg 300w, https:\/\/victoria-rad.de\/wp-content\/uploads\/2018\/03\/IMG_20180727_0003-e1532679840965-768x596.jpg 768w, https:\/\/victoria-rad.de\/wp-content\/uploads\/2018\/03\/IMG_20180727_0003-e1532679840965-1024x795.jpg 1024w\" sizes=\"auto, (max-width: 300px) 100vw, 300px\" \/><\/a><img loading=\"lazy\" decoding=\"async\" class=\"alignnone size-medium wp-image-889 aligncenter\" src=\"http:\/\/victoria-rad.de\/wp-content\/uploads\/2018\/03\/IMG_20180727_0004-300x66.jpg\" alt=\"\" width=\"300\" height=\"66\" srcset=\"https:\/\/victoria-rad.de\/wp-content\/uploads\/2018\/03\/IMG_20180727_0004-300x66.jpg 300w, https:\/\/victoria-rad.de\/wp-content\/uploads\/2018\/03\/IMG_20180727_0004-768x170.jpg 768w, https:\/\/victoria-rad.de\/wp-content\/uploads\/2018\/03\/IMG_20180727_0004-1024x227.jpg 1024w\" sizes=\"auto, (max-width: 300px) 100vw, 300px\" \/><br \/>\n<a href=\"http:\/\/victoria-rad.de\/wp-content\/uploads\/2018\/03\/IMG_20150729_0010.jpg\" target=\"_blank\" rel=\"noopener noreferrer\"><img loading=\"lazy\" decoding=\"async\" class=\"aligncenter wp-image-193 size-medium\" src=\"http:\/\/victoria-rad.de\/wp-content\/uploads\/2018\/03\/IMG_20150729_0010-211x300.jpg\" alt=\"\" width=\"211\" height=\"300\" srcset=\"https:\/\/victoria-rad.de\/wp-content\/uploads\/2018\/03\/IMG_20150729_0010-211x300.jpg 211w, https:\/\/victoria-rad.de\/wp-content\/uploads\/2018\/03\/IMG_20150729_0010-768x1089.jpg 768w, https:\/\/victoria-rad.de\/wp-content\/uploads\/2018\/03\/IMG_20150729_0010-722x1024.jpg 722w\" sizes=\"auto, (max-width: 211px) 100vw, 211px\" \/><\/a><br \/>\n<a href=\"http:\/\/victoria-rad.de\/wp-content\/uploads\/2018\/03\/IMG_20150729_0011.jpg\" target=\"_blank\" rel=\"noopener noreferrer\"><img loading=\"lazy\" decoding=\"async\" class=\"aligncenter wp-image-194 size-medium\" src=\"http:\/\/victoria-rad.de\/wp-content\/uploads\/2018\/03\/IMG_20150729_0011-216x300.jpg\" alt=\"\" width=\"216\" height=\"300\" srcset=\"https:\/\/victoria-rad.de\/wp-content\/uploads\/2018\/03\/IMG_20150729_0011-216x300.jpg 216w, https:\/\/victoria-rad.de\/wp-content\/uploads\/2018\/03\/IMG_20150729_0011-768x1069.jpg 768w, https:\/\/victoria-rad.de\/wp-content\/uploads\/2018\/03\/IMG_20150729_0011-736x1024.jpg 736w\" sizes=\"auto, (max-width: 216px) 100vw, 216px\" \/><\/a><\/p>\n<p><a href=\"http:\/\/victoria-rad.de\/wp-content\/uploads\/2018\/07\/IMG_20180708_0004.jpg\" target=\"_blank\" rel=\"noopener noreferrer\"><img loading=\"lazy\" decoding=\"async\" class=\"aligncenter wp-image-519 size-medium\" src=\"http:\/\/victoria-rad.de\/wp-content\/uploads\/2018\/07\/IMG_20180708_0004-144x300.jpg\" alt=\"\" width=\"144\" height=\"300\" srcset=\"https:\/\/victoria-rad.de\/wp-content\/uploads\/2018\/07\/IMG_20180708_0004-144x300.jpg 144w, https:\/\/victoria-rad.de\/wp-content\/uploads\/2018\/07\/IMG_20180708_0004-768x1605.jpg 768w, https:\/\/victoria-rad.de\/wp-content\/uploads\/2018\/07\/IMG_20180708_0004-490x1024.jpg 490w, https:\/\/victoria-rad.de\/wp-content\/uploads\/2018\/07\/IMG_20180708_0004.jpg 950w\" sizes=\"auto, (max-width: 144px) 100vw, 144px\" \/><\/a><br \/>\n<a href=\"http:\/\/victoria-rad.de\/wp-content\/uploads\/2018\/03\/Victoria-Buch360.jpg\" target=\"_blank\" rel=\"noopener noreferrer\"><img loading=\"lazy\" decoding=\"async\" class=\"aligncenter wp-image-195 size-medium\" src=\"http:\/\/victoria-rad.de\/wp-content\/uploads\/2018\/03\/Victoria-Buch360-218x300.jpg\" alt=\"\" width=\"218\" height=\"300\" srcset=\"https:\/\/victoria-rad.de\/wp-content\/uploads\/2018\/03\/Victoria-Buch360-218x300.jpg 218w, https:\/\/victoria-rad.de\/wp-content\/uploads\/2018\/03\/Victoria-Buch360-768x1059.jpg 768w, https:\/\/victoria-rad.de\/wp-content\/uploads\/2018\/03\/Victoria-Buch360-743x1024.jpg 743w\" sizes=\"auto, (max-width: 218px) 100vw, 218px\" \/><\/a><\/p>\n<p>Video &#8211; Gert Reiher auf seinem Hochrad (48 Zoll).:<\/p>\n<div style=\"width: 640px;\" class=\"wp-video\"><video class=\"wp-video-shortcode\" id=\"video-15-1\" width=\"640\" height=\"352\" preload=\"metadata\" controls=\"controls\"><source type=\"video\/mp4\" src=\"http:\/\/victoria-rad.de\/wp-content\/uploads\/2019\/05\/VID-20190214-WA0009-klein.mp4?_=1\" \/><a href=\"http:\/\/victoria-rad.de\/wp-content\/uploads\/2019\/05\/VID-20190214-WA0009-klein.mp4\">http:\/\/victoria-rad.de\/wp-content\/uploads\/2019\/05\/VID-20190214-WA0009-klein.mp4<\/a><\/video><\/div>\n<p><img loading=\"lazy\" decoding=\"async\" class=\"alignnone size-medium wp-image-186 aligncenter\" src=\"http:\/\/victoria-rad.de\/wp-content\/uploads\/2018\/06\/58-300x14.png\" alt=\"\" width=\"300\" height=\"14\" srcset=\"https:\/\/victoria-rad.de\/wp-content\/uploads\/2018\/06\/58-300x14.png 300w, https:\/\/victoria-rad.de\/wp-content\/uploads\/2018\/06\/58.png 501w\" sizes=\"auto, (max-width: 300px) 100vw, 300px\" \/><\/p>\n","protected":false},"excerpt":{"rendered":"<p>Hier ein Bericht \u00fcber das erste Fahrzeug, das bei Victoria , besser gesagt bei Frankenburger &amp; Ottenstein hergestellt wurde. Es handelt sich um das Hochrad Pfeil aus dem Gr\u00fcnderjahr 1886. Das Rad hat ein 52 Zoll Vorderrad und das Hinterrad ist immer 22 Zoll. Damals kostete so ein Gef\u00e4hrt 360.- Reichsmark.Hier die markanten Initialen F&amp;O &hellip; <a href=\"https:\/\/victoria-rad.de\/?p=15\" class=\"more-link\"><span class=\"screen-reader-text\">Victoria &#8211; Fahrrad &#8211; wie es bei Victoria begann oder das erste Hochrad 1886<\/span> weiterlesen<\/a><\/p>\n","protected":false},"author":1,"featured_media":0,"comment_status":"open","ping_status":"open","sticky":false,"template":"","format":"standard","meta":{"footnotes":""},"categories":[1],"tags":[],"class_list":["post-15","post","type-post","status-publish","format-standard","hentry","category-uncategorized"],"_links":{"self":[{"href":"https:\/\/victoria-rad.de\/index.php?rest_route=\/wp\/v2\/posts\/15","targetHints":{"allow":["GET"]}}],"collection":[{"href":"https:\/\/victoria-rad.de\/index.php?rest_route=\/wp\/v2\/posts"}],"about":[{"href":"https:\/\/victoria-rad.de\/index.php?rest_route=\/wp\/v2\/types\/post"}],"author":[{"embeddable":true,"href":"https:\/\/victoria-rad.de\/index.php?rest_route=\/wp\/v2\/users\/1"}],"replies":[{"embeddable":true,"href":"https:\/\/victoria-rad.de\/index.php?rest_route=%2Fwp%2Fv2%2Fcomments&post=15"}],"version-history":[{"count":9,"href":"https:\/\/victoria-rad.de\/index.php?rest_route=\/wp\/v2\/posts\/15\/revisions"}],"predecessor-version":[{"id":7619,"href":"https:\/\/victoria-rad.de\/index.php?rest_route=\/wp\/v2\/posts\/15\/revisions\/7619"}],"wp:attachment":[{"href":"https:\/\/victoria-rad.de\/index.php?rest_route=%2Fwp%2Fv2%2Fmedia&parent=15"}],"wp:term":[{"taxonomy":"category","embeddable":true,"href":"https:\/\/victoria-rad.de\/index.php?rest_route=%2Fwp%2Fv2%2Fcategories&post=15"},{"taxonomy":"post_tag","embeddable":true,"href":"https:\/\/victoria-rad.de\/index.php?rest_route=%2Fwp%2Fv2%2Ftags&post=15"}],"curies":[{"name":"wp","href":"https:\/\/api.w.org\/{rel}","templated":true}]}}