{"id":15825,"date":"2025-05-02T14:52:12","date_gmt":"2025-05-02T12:52:12","guid":{"rendered":"http:\/\/victoria-rad.de\/?p=15825"},"modified":"2025-05-02T14:52:12","modified_gmt":"2025-05-02T12:52:12","slug":"victoria-fahrrad-mit-hilfsmotor-fm-38-bj-1953-ein-unikat","status":"publish","type":"post","link":"https:\/\/victoria-rad.de\/?p=15825","title":{"rendered":"Victoria &#8211; Fahrrad mit Hilfsmotor FM 38 Bj. 1953 &#8211; ein Unikat&#8230;"},"content":{"rendered":"<p>&nbsp;<\/p>\n<header class=\"entry-header\">\n<h1 class=\"entry-title\" style=\"text-align: center;\">Moped \u2013 Victoria \u2013 Vicky I mit Fahrrad-Einbau-Motor FM 38 &#8211; Erste Version ohne Lichtspule&#8230;<\/h1>\n<\/header>\n<div class=\"entry-content\">\n<p><strong>Victoria \u2013 Anbaumotor FM 38:<\/strong><\/p>\n<p><a href=\"http:\/\/victoria-rad.de\/wp-content\/uploads\/2024\/05\/Image00032.jpg\"><img loading=\"lazy\" decoding=\"async\" class=\"aligncenter wp-image-15905 size-medium\" src=\"http:\/\/victoria-rad.de\/wp-content\/uploads\/2024\/05\/Image00032-204x300.jpg\" alt=\"\" width=\"204\" height=\"300\" srcset=\"https:\/\/victoria-rad.de\/wp-content\/uploads\/2024\/05\/Image00032-204x300.jpg 204w, https:\/\/victoria-rad.de\/wp-content\/uploads\/2024\/05\/Image00032-696x1024.jpg 696w, https:\/\/victoria-rad.de\/wp-content\/uploads\/2024\/05\/Image00032-102x150.jpg 102w, https:\/\/victoria-rad.de\/wp-content\/uploads\/2024\/05\/Image00032-768x1130.jpg 768w, https:\/\/victoria-rad.de\/wp-content\/uploads\/2024\/05\/Image00032-1044x1536.jpg 1044w, https:\/\/victoria-rad.de\/wp-content\/uploads\/2024\/05\/Image00032-1391x2048.jpg 1391w, https:\/\/victoria-rad.de\/wp-content\/uploads\/2024\/05\/Image00032.jpg 1655w\" sizes=\"auto, (max-width: 204px) 100vw, 204px\" \/><\/a><\/p>\n<p><a href=\"http:\/\/victoria-rad.de\/wp-content\/uploads\/2024\/05\/Image00032-Kopie-scaled.jpg\"><img loading=\"lazy\" decoding=\"async\" class=\"aligncenter wp-image-15906 size-medium\" src=\"http:\/\/victoria-rad.de\/wp-content\/uploads\/2024\/05\/Image00032-Kopie-300x206.jpg\" alt=\"\" width=\"300\" height=\"206\" srcset=\"https:\/\/victoria-rad.de\/wp-content\/uploads\/2024\/05\/Image00032-Kopie-300x206.jpg 300w, https:\/\/victoria-rad.de\/wp-content\/uploads\/2024\/05\/Image00032-Kopie-1024x704.jpg 1024w, https:\/\/victoria-rad.de\/wp-content\/uploads\/2024\/05\/Image00032-Kopie-150x103.jpg 150w, https:\/\/victoria-rad.de\/wp-content\/uploads\/2024\/05\/Image00032-Kopie-768x528.jpg 768w, https:\/\/victoria-rad.de\/wp-content\/uploads\/2024\/05\/Image00032-Kopie-1536x1056.jpg 1536w, https:\/\/victoria-rad.de\/wp-content\/uploads\/2024\/05\/Image00032-Kopie-2048x1408.jpg 2048w\" sizes=\"auto, (max-width: 300px) 100vw, 300px\" \/><\/a><\/p>\n<p>Schon zu Kriegszeiten begann der Konstrukteur Albert Roder mit der Entwicklung eines Fahrrad-Einbau-Motors bei der Firma Victoria. Irgendwie hatte man den Riecher, dass nach dem Krieg auch wieder die Mobilit\u00e4t eine gro\u00dfe Rolle spielen wird. Schon 1946 kam der erste Nachkriegsmotor auf den deutschen Markt. Der Hubraum wurde bewusst mit nur 38 ccm recht niedrig gehalten, da man noch nicht wusste, wie die Besatzungsm\u00e4chte in Punkto Hubraum Genehmigungen erteilen werden. Aus den 38 ccm bekam man in der Serie 1 PS Leistung bei ca. 5000 U\/min heraus. Die Geschwindigkeit mit 30 km\/h war f\u00fcr ein Fahrrad optimal und recht durchzugstark. Der Motor mit seiner im Geh\u00e4use einseitig gelagerten Kurbelwelle trieb \u00fcber ein Zweigang-Getriebe ein im Hinterrad angebautes Kettenrad an. Eine Spreizringkupplung mit integrierten Leerlauf sorgte f\u00fcr ein komfortables Fahrgef\u00fchl. Der schwimmerlose Vergaser war auch ein ziemlich einfaches Bauteil, welches ab und zu bem\u00e4ngelt wurde, dass es nicht richtig funktioniert. Wenn er l\u00e4uft, dann l\u00e4uft er, sind meine Erfahrungen.<\/p>\n<p>Heute m\u00f6chte ich Euch das Modell mit Lichtanlage als Novum vorstellen, welches einem Freund von mir geh\u00f6rt, bzw. geh\u00f6rte, da er es aus Altersgr\u00fcnden abgegeben hat. Er ist viel damit gefahren, auch zu Victoria-Treffen und hat hier und da mal einen R\u00fcckschlag erfahren m\u00fcssen, z.B. als er mal ohne Schuld umgefahren wurde:<\/p>\n<p><a href=\"http:\/\/victoria-rad.de\/wp-content\/uploads\/2020\/01\/202-1.jpg\"><img loading=\"lazy\" decoding=\"async\" class=\"aligncenter wp-image-7454 size-medium\" src=\"http:\/\/victoria-rad.de\/wp-content\/uploads\/2020\/01\/202-1-300x204.jpg\" alt=\"\" width=\"300\" height=\"204\" srcset=\"https:\/\/victoria-rad.de\/wp-content\/uploads\/2020\/01\/202-1-300x204.jpg 300w, https:\/\/victoria-rad.de\/wp-content\/uploads\/2020\/01\/202-1-150x102.jpg 150w, https:\/\/victoria-rad.de\/wp-content\/uploads\/2020\/01\/202-1-768x522.jpg 768w, https:\/\/victoria-rad.de\/wp-content\/uploads\/2020\/01\/202-1.jpg 800w\" sizes=\"auto, (max-width: 300px) 100vw, 300px\" \/><\/a><\/p>\n<p>Aber immer als Optimist, hat er das Rad wieder Auf die R\u00e4der gebracht:<\/p>\n<p><a href=\"http:\/\/victoria-rad.de\/wp-content\/uploads\/2024\/04\/20240426_171933-1-scaled.jpg\"><img loading=\"lazy\" decoding=\"async\" class=\"aligncenter wp-image-15830 size-medium\" src=\"http:\/\/victoria-rad.de\/wp-content\/uploads\/2024\/04\/20240426_171933-1-300x225.jpg\" alt=\"\" width=\"300\" height=\"225\" srcset=\"https:\/\/victoria-rad.de\/wp-content\/uploads\/2024\/04\/20240426_171933-1-300x225.jpg 300w, https:\/\/victoria-rad.de\/wp-content\/uploads\/2024\/04\/20240426_171933-1-1024x768.jpg 1024w, https:\/\/victoria-rad.de\/wp-content\/uploads\/2024\/04\/20240426_171933-1-150x113.jpg 150w, https:\/\/victoria-rad.de\/wp-content\/uploads\/2024\/04\/20240426_171933-1-768x576.jpg 768w, https:\/\/victoria-rad.de\/wp-content\/uploads\/2024\/04\/20240426_171933-1-1536x1152.jpg 1536w, https:\/\/victoria-rad.de\/wp-content\/uploads\/2024\/04\/20240426_171933-1-2048x1536.jpg 2048w\" sizes=\"auto, (max-width: 300px) 100vw, 300px\" \/><\/a><a href=\"http:\/\/victoria-rad.de\/wp-content\/uploads\/2024\/04\/20240426_171918-scaled.jpg\"><img loading=\"lazy\" decoding=\"async\" class=\"aligncenter wp-image-15832 size-medium\" src=\"http:\/\/victoria-rad.de\/wp-content\/uploads\/2024\/04\/20240426_171918-300x225.jpg\" alt=\"\" width=\"300\" height=\"225\" srcset=\"https:\/\/victoria-rad.de\/wp-content\/uploads\/2024\/04\/20240426_171918-300x225.jpg 300w, https:\/\/victoria-rad.de\/wp-content\/uploads\/2024\/04\/20240426_171918-1024x768.jpg 1024w, https:\/\/victoria-rad.de\/wp-content\/uploads\/2024\/04\/20240426_171918-150x113.jpg 150w, https:\/\/victoria-rad.de\/wp-content\/uploads\/2024\/04\/20240426_171918-768x576.jpg 768w, https:\/\/victoria-rad.de\/wp-content\/uploads\/2024\/04\/20240426_171918-1536x1152.jpg 1536w, https:\/\/victoria-rad.de\/wp-content\/uploads\/2024\/04\/20240426_171918-2048x1536.jpg 2048w\" sizes=\"auto, (max-width: 300px) 100vw, 300px\" \/><\/a><a href=\"http:\/\/victoria-rad.de\/wp-content\/uploads\/2024\/04\/20240426_172148-scaled.jpg\"><img loading=\"lazy\" decoding=\"async\" class=\"aligncenter wp-image-15833 size-medium\" src=\"http:\/\/victoria-rad.de\/wp-content\/uploads\/2024\/04\/20240426_172148-300x225.jpg\" alt=\"\" width=\"300\" height=\"225\" srcset=\"https:\/\/victoria-rad.de\/wp-content\/uploads\/2024\/04\/20240426_172148-300x225.jpg 300w, https:\/\/victoria-rad.de\/wp-content\/uploads\/2024\/04\/20240426_172148-1024x768.jpg 1024w, https:\/\/victoria-rad.de\/wp-content\/uploads\/2024\/04\/20240426_172148-150x113.jpg 150w, https:\/\/victoria-rad.de\/wp-content\/uploads\/2024\/04\/20240426_172148-768x576.jpg 768w, https:\/\/victoria-rad.de\/wp-content\/uploads\/2024\/04\/20240426_172148-1536x1152.jpg 1536w, https:\/\/victoria-rad.de\/wp-content\/uploads\/2024\/04\/20240426_172148-2048x1536.jpg 2048w\" sizes=\"auto, (max-width: 300px) 100vw, 300px\" \/><\/a><a href=\"http:\/\/victoria-rad.de\/wp-content\/uploads\/2024\/04\/20240426_172113-scaled.jpg\"><img loading=\"lazy\" decoding=\"async\" class=\"aligncenter wp-image-15834 size-medium\" src=\"http:\/\/victoria-rad.de\/wp-content\/uploads\/2024\/04\/20240426_172113-225x300.jpg\" alt=\"\" width=\"225\" height=\"300\" srcset=\"https:\/\/victoria-rad.de\/wp-content\/uploads\/2024\/04\/20240426_172113-225x300.jpg 225w, https:\/\/victoria-rad.de\/wp-content\/uploads\/2024\/04\/20240426_172113-768x1024.jpg 768w, https:\/\/victoria-rad.de\/wp-content\/uploads\/2024\/04\/20240426_172113-113x150.jpg 113w, https:\/\/victoria-rad.de\/wp-content\/uploads\/2024\/04\/20240426_172113-1152x1536.jpg 1152w, https:\/\/victoria-rad.de\/wp-content\/uploads\/2024\/04\/20240426_172113-1536x2048.jpg 1536w, https:\/\/victoria-rad.de\/wp-content\/uploads\/2024\/04\/20240426_172113-scaled.jpg 1920w\" sizes=\"auto, (max-width: 225px) 100vw, 225px\" \/><\/a><a href=\"http:\/\/victoria-rad.de\/wp-content\/uploads\/2024\/04\/20240426_172207-scaled.jpg\"><img loading=\"lazy\" decoding=\"async\" class=\"aligncenter wp-image-15835 size-medium\" src=\"http:\/\/victoria-rad.de\/wp-content\/uploads\/2024\/04\/20240426_172207-225x300.jpg\" alt=\"\" width=\"225\" height=\"300\" srcset=\"https:\/\/victoria-rad.de\/wp-content\/uploads\/2024\/04\/20240426_172207-225x300.jpg 225w, https:\/\/victoria-rad.de\/wp-content\/uploads\/2024\/04\/20240426_172207-768x1024.jpg 768w, https:\/\/victoria-rad.de\/wp-content\/uploads\/2024\/04\/20240426_172207-113x150.jpg 113w, https:\/\/victoria-rad.de\/wp-content\/uploads\/2024\/04\/20240426_172207-1152x1536.jpg 1152w, https:\/\/victoria-rad.de\/wp-content\/uploads\/2024\/04\/20240426_172207-1536x2048.jpg 1536w, https:\/\/victoria-rad.de\/wp-content\/uploads\/2024\/04\/20240426_172207-scaled.jpg 1920w\" sizes=\"auto, (max-width: 225px) 100vw, 225px\" \/><\/a><\/p>\n<p>Immer war er stolz auf sein Victoria-Rad mit dem Victoria-Hilfsmotor, dem legend\u00e4ren FM 38, hier der Motorlauf:<\/p>\n<div style=\"width: 660px;\" class=\"wp-video\"><video class=\"wp-video-shortcode\" id=\"video-15825-1\" width=\"660\" height=\"371\" preload=\"metadata\" controls=\"controls\"><source type=\"video\/mp4\" src=\"http:\/\/victoria-rad.de\/wp-content\/uploads\/2024\/04\/20240426_171223.mp4?_=1\" \/><a href=\"http:\/\/victoria-rad.de\/wp-content\/uploads\/2024\/04\/20240426_171223.mp4\">http:\/\/victoria-rad.de\/wp-content\/uploads\/2024\/04\/20240426_171223.mp4<\/a><\/video><\/div>\n<p>Ja, auch Freunde haben \u00fcber das Victoria-Hobby zusammen gefunden:<\/p>\n<p><a href=\"http:\/\/victoria-rad.de\/wp-content\/uploads\/2024\/04\/20200627_111838.jpg\"><img loading=\"lazy\" decoding=\"async\" class=\"aligncenter wp-image-15838 size-medium\" src=\"http:\/\/victoria-rad.de\/wp-content\/uploads\/2024\/04\/20200627_111838-300x169.jpg\" alt=\"\" width=\"300\" height=\"169\" srcset=\"https:\/\/victoria-rad.de\/wp-content\/uploads\/2024\/04\/20200627_111838-300x169.jpg 300w, https:\/\/victoria-rad.de\/wp-content\/uploads\/2024\/04\/20200627_111838-150x84.jpg 150w, https:\/\/victoria-rad.de\/wp-content\/uploads\/2024\/04\/20200627_111838-768x432.jpg 768w, https:\/\/victoria-rad.de\/wp-content\/uploads\/2024\/04\/20200627_111838.jpg 1000w\" sizes=\"auto, (max-width: 300px) 100vw, 300px\" \/><\/a><\/p>\n<p><em><strong>Ich hoffe, der Beitrag hat Euch gefallen, wenn auch Freude und Wehmut nahe zusammen liegen&#8230;<\/strong><\/em><\/p>\n<p><em><strong>Euer Gert Reiher&#8230;<\/strong><\/em><a href=\"http:\/\/victoria-rad.de\/wp-content\/uploads\/2024\/04\/IMG_20190312_0002-scaled.jpg\"><img loading=\"lazy\" decoding=\"async\" class=\"aligncenter wp-image-15839 size-medium\" src=\"http:\/\/victoria-rad.de\/wp-content\/uploads\/2024\/04\/IMG_20190312_0002-300x102.jpg\" alt=\"\" width=\"300\" height=\"102\" srcset=\"https:\/\/victoria-rad.de\/wp-content\/uploads\/2024\/04\/IMG_20190312_0002-300x102.jpg 300w, https:\/\/victoria-rad.de\/wp-content\/uploads\/2024\/04\/IMG_20190312_0002-1024x347.jpg 1024w, https:\/\/victoria-rad.de\/wp-content\/uploads\/2024\/04\/IMG_20190312_0002-150x51.jpg 150w, https:\/\/victoria-rad.de\/wp-content\/uploads\/2024\/04\/IMG_20190312_0002-768x261.jpg 768w, https:\/\/victoria-rad.de\/wp-content\/uploads\/2024\/04\/IMG_20190312_0002-1536x521.jpg 1536w, https:\/\/victoria-rad.de\/wp-content\/uploads\/2024\/04\/IMG_20190312_0002-2048x695.jpg 2048w\" sizes=\"auto, (max-width: 300px) 100vw, 300px\" \/><\/a><\/p>\n<\/div>\n","protected":false},"excerpt":{"rendered":"<p>&nbsp; Moped \u2013 Victoria \u2013 Vicky I mit Fahrrad-Einbau-Motor FM 38 &#8211; Erste Version ohne Lichtspule&#8230; Victoria \u2013 Anbaumotor FM 38: Schon zu Kriegszeiten begann der Konstrukteur Albert Roder mit der Entwicklung eines Fahrrad-Einbau-Motors bei der Firma Victoria. Irgendwie hatte man den Riecher, dass nach dem Krieg auch wieder die Mobilit\u00e4t eine gro\u00dfe Rolle spielen &hellip; <a href=\"https:\/\/victoria-rad.de\/?p=15825\" class=\"more-link\"><span class=\"screen-reader-text\">Victoria &#8211; Fahrrad mit Hilfsmotor FM 38 Bj. 1953 &#8211; ein Unikat&#8230;<\/span> weiterlesen<\/a><\/p>\n","protected":false},"author":1,"featured_media":0,"comment_status":"open","ping_status":"open","sticky":false,"template":"","format":"standard","meta":{"footnotes":""},"categories":[1],"tags":[],"class_list":["post-15825","post","type-post","status-publish","format-standard","hentry","category-uncategorized"],"_links":{"self":[{"href":"https:\/\/victoria-rad.de\/index.php?rest_route=\/wp\/v2\/posts\/15825","targetHints":{"allow":["GET"]}}],"collection":[{"href":"https:\/\/victoria-rad.de\/index.php?rest_route=\/wp\/v2\/posts"}],"about":[{"href":"https:\/\/victoria-rad.de\/index.php?rest_route=\/wp\/v2\/types\/post"}],"author":[{"embeddable":true,"href":"https:\/\/victoria-rad.de\/index.php?rest_route=\/wp\/v2\/users\/1"}],"replies":[{"embeddable":true,"href":"https:\/\/victoria-rad.de\/index.php?rest_route=%2Fwp%2Fv2%2Fcomments&post=15825"}],"version-history":[{"count":10,"href":"https:\/\/victoria-rad.de\/index.php?rest_route=\/wp\/v2\/posts\/15825\/revisions"}],"predecessor-version":[{"id":15908,"href":"https:\/\/victoria-rad.de\/index.php?rest_route=\/wp\/v2\/posts\/15825\/revisions\/15908"}],"wp:attachment":[{"href":"https:\/\/victoria-rad.de\/index.php?rest_route=%2Fwp%2Fv2%2Fmedia&parent=15825"}],"wp:term":[{"taxonomy":"category","embeddable":true,"href":"https:\/\/victoria-rad.de\/index.php?rest_route=%2Fwp%2Fv2%2Fcategories&post=15825"},{"taxonomy":"post_tag","embeddable":true,"href":"https:\/\/victoria-rad.de\/index.php?rest_route=%2Fwp%2Fv2%2Ftags&post=15825"}],"curies":[{"name":"wp","href":"https:\/\/api.w.org\/{rel}","templated":true}]}}