{"id":16327,"date":"2024-09-20T21:26:52","date_gmt":"2024-09-20T19:26:52","guid":{"rendered":"https:\/\/victoria-rad.de\/?p=16327"},"modified":"2024-09-20T21:26:52","modified_gmt":"2024-09-20T19:26:52","slug":"buteile-markt-museum-neustadt-an-der-orla","status":"publish","type":"post","link":"https:\/\/victoria-rad.de\/?p=16327","title":{"rendered":"Buteile &#8211; Markt &#8211; Museum &#8211; Neustadt an der Orla&#8230;"},"content":{"rendered":"<p><strong>Ein Museum aufgeben &#8211; weil eine Gartenschau entstehen soll, ist f\u00fcr den Verein, der vor vielen Jahren die Oldtimersammlung zusammen getragen hat, &#8211; ein harter Schlag und f\u00fcr alle Beteiligten von Freunden, G\u00e4sten und f\u00fcr die Region ein herber R\u00fcckschlag&#8230;<\/strong><\/p>\n<p><em><strong>Ich habe mit meiner Familie am letzten Tag (30.Juno 2024) das Museum nochmal besucht und mit einigen Oldtimerfreunden gesprochen.<\/strong><\/em><\/p>\n<p><strong>F\u00fcr alle nochmal Bilder, die es so in dieser Form nicht mehr geben wird:<\/strong><\/p>\n<p style=\"text-align: center;\"><a href=\"http:\/\/victoria-rad.de\/wp-content\/uploads\/2024\/07\/20240630_111447-scaled.jpg\"><img loading=\"lazy\" decoding=\"async\" class=\"aligncenter wp-image-16330 size-medium\" src=\"http:\/\/victoria-rad.de\/wp-content\/uploads\/2024\/07\/20240630_111447-300x225.jpg\" alt=\"\" width=\"300\" height=\"225\" srcset=\"https:\/\/victoria-rad.de\/wp-content\/uploads\/2024\/07\/20240630_111447-300x225.jpg 300w, https:\/\/victoria-rad.de\/wp-content\/uploads\/2024\/07\/20240630_111447-1024x768.jpg 1024w, https:\/\/victoria-rad.de\/wp-content\/uploads\/2024\/07\/20240630_111447-150x113.jpg 150w, https:\/\/victoria-rad.de\/wp-content\/uploads\/2024\/07\/20240630_111447-768x576.jpg 768w, https:\/\/victoria-rad.de\/wp-content\/uploads\/2024\/07\/20240630_111447-1536x1152.jpg 1536w, https:\/\/victoria-rad.de\/wp-content\/uploads\/2024\/07\/20240630_111447-2048x1536.jpg 2048w\" sizes=\"auto, (max-width: 300px) 100vw, 300px\" \/><\/a>Der Eingangsbereich&#8230;<\/p>\n<p><a href=\"http:\/\/victoria-rad.de\/wp-content\/uploads\/2024\/07\/20240630_111322-scaled.jpg\"><img loading=\"lazy\" decoding=\"async\" class=\"aligncenter wp-image-16331 size-medium\" src=\"http:\/\/victoria-rad.de\/wp-content\/uploads\/2024\/07\/20240630_111322-225x300.jpg\" alt=\"\" width=\"225\" height=\"300\" srcset=\"https:\/\/victoria-rad.de\/wp-content\/uploads\/2024\/07\/20240630_111322-225x300.jpg 225w, https:\/\/victoria-rad.de\/wp-content\/uploads\/2024\/07\/20240630_111322-768x1024.jpg 768w, https:\/\/victoria-rad.de\/wp-content\/uploads\/2024\/07\/20240630_111322-113x150.jpg 113w, https:\/\/victoria-rad.de\/wp-content\/uploads\/2024\/07\/20240630_111322-1152x1536.jpg 1152w, https:\/\/victoria-rad.de\/wp-content\/uploads\/2024\/07\/20240630_111322-1536x2048.jpg 1536w, https:\/\/victoria-rad.de\/wp-content\/uploads\/2024\/07\/20240630_111322-scaled.jpg 1920w\" sizes=\"auto, (max-width: 225px) 100vw, 225px\" \/><\/a><\/p>\n<p>es er\u00f6ffnet sich eine Halle mit einem gro\u00dfen <b>Sheddach\u00a0<\/b>mit viel Licht im Innenraum und guter ebener Fl\u00e4che bis zum originalen Klinker-Fu\u00dfboden f\u00fcr die Pr\u00e4sentation der ausgestellten Exponate aus l\u00e4ngst vergangenen Zeiten&#8230;<\/p>\n<p style=\"text-align: center;\"><a href=\"http:\/\/victoria-rad.de\/wp-content\/uploads\/2024\/07\/20240630_102945-scaled.jpg\"><img loading=\"lazy\" decoding=\"async\" class=\"aligncenter wp-image-16333 size-medium\" src=\"http:\/\/victoria-rad.de\/wp-content\/uploads\/2024\/07\/20240630_102945-225x300.jpg\" alt=\"\" width=\"225\" height=\"300\" srcset=\"https:\/\/victoria-rad.de\/wp-content\/uploads\/2024\/07\/20240630_102945-225x300.jpg 225w, https:\/\/victoria-rad.de\/wp-content\/uploads\/2024\/07\/20240630_102945-768x1024.jpg 768w, https:\/\/victoria-rad.de\/wp-content\/uploads\/2024\/07\/20240630_102945-113x150.jpg 113w, https:\/\/victoria-rad.de\/wp-content\/uploads\/2024\/07\/20240630_102945-1152x1536.jpg 1152w, https:\/\/victoria-rad.de\/wp-content\/uploads\/2024\/07\/20240630_102945-1536x2048.jpg 1536w, https:\/\/victoria-rad.de\/wp-content\/uploads\/2024\/07\/20240630_102945-scaled.jpg 1920w\" sizes=\"auto, (max-width: 225px) 100vw, 225px\" \/><\/a>Feuerwehr-Technik aus der Anfangszeit&#8230;<\/p>\n<p style=\"text-align: center;\"><a href=\"http:\/\/victoria-rad.de\/wp-content\/uploads\/2024\/07\/20240630_102957-scaled.jpg\"><img loading=\"lazy\" decoding=\"async\" class=\"aligncenter wp-image-16334 size-medium\" src=\"http:\/\/victoria-rad.de\/wp-content\/uploads\/2024\/07\/20240630_102957-300x225.jpg\" alt=\"\" width=\"300\" height=\"225\" srcset=\"https:\/\/victoria-rad.de\/wp-content\/uploads\/2024\/07\/20240630_102957-300x225.jpg 300w, https:\/\/victoria-rad.de\/wp-content\/uploads\/2024\/07\/20240630_102957-1024x768.jpg 1024w, https:\/\/victoria-rad.de\/wp-content\/uploads\/2024\/07\/20240630_102957-150x113.jpg 150w, https:\/\/victoria-rad.de\/wp-content\/uploads\/2024\/07\/20240630_102957-768x576.jpg 768w, https:\/\/victoria-rad.de\/wp-content\/uploads\/2024\/07\/20240630_102957-1536x1152.jpg 1536w, https:\/\/victoria-rad.de\/wp-content\/uploads\/2024\/07\/20240630_102957-2048x1536.jpg 2048w\" sizes=\"auto, (max-width: 300px) 100vw, 300px\" \/><\/a>gegen\u00fcber &#8211; die DDR-Zeit&#8230;<\/p>\n<p style=\"text-align: center;\"><a href=\"http:\/\/victoria-rad.de\/wp-content\/uploads\/2024\/07\/20240630_103036-scaled.jpg\"><img loading=\"lazy\" decoding=\"async\" class=\"aligncenter wp-image-16335 size-medium\" src=\"http:\/\/victoria-rad.de\/wp-content\/uploads\/2024\/07\/20240630_103036-300x225.jpg\" alt=\"\" width=\"300\" height=\"225\" srcset=\"https:\/\/victoria-rad.de\/wp-content\/uploads\/2024\/07\/20240630_103036-300x225.jpg 300w, https:\/\/victoria-rad.de\/wp-content\/uploads\/2024\/07\/20240630_103036-1024x768.jpg 1024w, https:\/\/victoria-rad.de\/wp-content\/uploads\/2024\/07\/20240630_103036-150x113.jpg 150w, https:\/\/victoria-rad.de\/wp-content\/uploads\/2024\/07\/20240630_103036-768x576.jpg 768w, https:\/\/victoria-rad.de\/wp-content\/uploads\/2024\/07\/20240630_103036-1536x1152.jpg 1536w, https:\/\/victoria-rad.de\/wp-content\/uploads\/2024\/07\/20240630_103036-2048x1536.jpg 2048w\" sizes=\"auto, (max-width: 300px) 100vw, 300px\" \/><\/a>DDR-Roller und Zweir\u00e4der&#8230;<\/p>\n<p style=\"text-align: center;\"><a href=\"http:\/\/victoria-rad.de\/wp-content\/uploads\/2024\/07\/20240630_103048-scaled.jpg\"><img loading=\"lazy\" decoding=\"async\" class=\"aligncenter wp-image-16337 size-medium\" src=\"http:\/\/victoria-rad.de\/wp-content\/uploads\/2024\/07\/20240630_103048-300x225.jpg\" alt=\"\" width=\"300\" height=\"225\" srcset=\"https:\/\/victoria-rad.de\/wp-content\/uploads\/2024\/07\/20240630_103048-300x225.jpg 300w, https:\/\/victoria-rad.de\/wp-content\/uploads\/2024\/07\/20240630_103048-1024x768.jpg 1024w, https:\/\/victoria-rad.de\/wp-content\/uploads\/2024\/07\/20240630_103048-150x113.jpg 150w, https:\/\/victoria-rad.de\/wp-content\/uploads\/2024\/07\/20240630_103048-768x576.jpg 768w, https:\/\/victoria-rad.de\/wp-content\/uploads\/2024\/07\/20240630_103048-1536x1152.jpg 1536w, https:\/\/victoria-rad.de\/wp-content\/uploads\/2024\/07\/20240630_103048-2048x1536.jpg 2048w\" sizes=\"auto, (max-width: 300px) 100vw, 300px\" \/><\/a>Hinter dem &#8222;Troll&#8220; viele verschiedene historische Fahrr\u00e4der&#8230;<\/p>\n<p style=\"text-align: center;\"><a href=\"http:\/\/victoria-rad.de\/wp-content\/uploads\/2024\/07\/20240630_104009-scaled.jpg\"><img loading=\"lazy\" decoding=\"async\" class=\"aligncenter wp-image-16338 size-medium\" src=\"http:\/\/victoria-rad.de\/wp-content\/uploads\/2024\/07\/20240630_104009-300x225.jpg\" alt=\"\" width=\"300\" height=\"225\" srcset=\"https:\/\/victoria-rad.de\/wp-content\/uploads\/2024\/07\/20240630_104009-300x225.jpg 300w, https:\/\/victoria-rad.de\/wp-content\/uploads\/2024\/07\/20240630_104009-1024x768.jpg 1024w, https:\/\/victoria-rad.de\/wp-content\/uploads\/2024\/07\/20240630_104009-150x113.jpg 150w, https:\/\/victoria-rad.de\/wp-content\/uploads\/2024\/07\/20240630_104009-768x576.jpg 768w, https:\/\/victoria-rad.de\/wp-content\/uploads\/2024\/07\/20240630_104009-1536x1152.jpg 1536w, https:\/\/victoria-rad.de\/wp-content\/uploads\/2024\/07\/20240630_104009-2048x1536.jpg 2048w\" sizes=\"auto, (max-width: 300px) 100vw, 300px\" \/><\/a>Vorn eine legend\u00e4re &#8222;EMW&#8220; aus Eisenach&#8230;<\/p>\n<p style=\"text-align: center;\"><a href=\"http:\/\/victoria-rad.de\/wp-content\/uploads\/2024\/07\/20240630_104022-scaled.jpg\"><img loading=\"lazy\" decoding=\"async\" class=\"aligncenter wp-image-16339 size-medium\" src=\"http:\/\/victoria-rad.de\/wp-content\/uploads\/2024\/07\/20240630_104022-300x225.jpg\" alt=\"\" width=\"300\" height=\"225\" srcset=\"https:\/\/victoria-rad.de\/wp-content\/uploads\/2024\/07\/20240630_104022-300x225.jpg 300w, https:\/\/victoria-rad.de\/wp-content\/uploads\/2024\/07\/20240630_104022-1024x768.jpg 1024w, https:\/\/victoria-rad.de\/wp-content\/uploads\/2024\/07\/20240630_104022-150x113.jpg 150w, https:\/\/victoria-rad.de\/wp-content\/uploads\/2024\/07\/20240630_104022-768x576.jpg 768w, https:\/\/victoria-rad.de\/wp-content\/uploads\/2024\/07\/20240630_104022-1536x1152.jpg 1536w, https:\/\/victoria-rad.de\/wp-content\/uploads\/2024\/07\/20240630_104022-2048x1536.jpg 2048w\" sizes=\"auto, (max-width: 300px) 100vw, 300px\" \/><\/a>Profi &#8211; Automarken vertreten&#8230;<\/p>\n<p style=\"text-align: center;\"><a href=\"http:\/\/victoria-rad.de\/wp-content\/uploads\/2024\/07\/20240630_104039-scaled.jpg\"><img loading=\"lazy\" decoding=\"async\" class=\"aligncenter wp-image-16340 size-medium\" src=\"http:\/\/victoria-rad.de\/wp-content\/uploads\/2024\/07\/20240630_104039-300x225.jpg\" alt=\"\" width=\"300\" height=\"225\" srcset=\"https:\/\/victoria-rad.de\/wp-content\/uploads\/2024\/07\/20240630_104039-300x225.jpg 300w, https:\/\/victoria-rad.de\/wp-content\/uploads\/2024\/07\/20240630_104039-1024x768.jpg 1024w, https:\/\/victoria-rad.de\/wp-content\/uploads\/2024\/07\/20240630_104039-150x113.jpg 150w, https:\/\/victoria-rad.de\/wp-content\/uploads\/2024\/07\/20240630_104039-768x576.jpg 768w, https:\/\/victoria-rad.de\/wp-content\/uploads\/2024\/07\/20240630_104039-1536x1152.jpg 1536w, https:\/\/victoria-rad.de\/wp-content\/uploads\/2024\/07\/20240630_104039-2048x1536.jpg 2048w\" sizes=\"auto, (max-width: 300px) 100vw, 300px\" \/><\/a><a href=\"http:\/\/victoria-rad.de\/wp-content\/uploads\/2024\/07\/20240630_104102-scaled.jpg\"><img loading=\"lazy\" decoding=\"async\" class=\"aligncenter wp-image-16341 size-medium\" src=\"http:\/\/victoria-rad.de\/wp-content\/uploads\/2024\/07\/20240630_104102-300x225.jpg\" alt=\"\" width=\"300\" height=\"225\" srcset=\"https:\/\/victoria-rad.de\/wp-content\/uploads\/2024\/07\/20240630_104102-300x225.jpg 300w, https:\/\/victoria-rad.de\/wp-content\/uploads\/2024\/07\/20240630_104102-1024x768.jpg 1024w, https:\/\/victoria-rad.de\/wp-content\/uploads\/2024\/07\/20240630_104102-150x113.jpg 150w, https:\/\/victoria-rad.de\/wp-content\/uploads\/2024\/07\/20240630_104102-768x576.jpg 768w, https:\/\/victoria-rad.de\/wp-content\/uploads\/2024\/07\/20240630_104102-1536x1152.jpg 1536w, https:\/\/victoria-rad.de\/wp-content\/uploads\/2024\/07\/20240630_104102-2048x1536.jpg 2048w\" sizes=\"auto, (max-width: 300px) 100vw, 300px\" \/><\/a>Sachsenring und P70&#8230;<\/p>\n<p style=\"text-align: center;\"><a href=\"http:\/\/victoria-rad.de\/wp-content\/uploads\/2024\/07\/20240630_104130-scaled.jpg\"><img loading=\"lazy\" decoding=\"async\" class=\"aligncenter wp-image-16342 size-medium\" src=\"http:\/\/victoria-rad.de\/wp-content\/uploads\/2024\/07\/20240630_104130-300x225.jpg\" alt=\"\" width=\"300\" height=\"225\" srcset=\"https:\/\/victoria-rad.de\/wp-content\/uploads\/2024\/07\/20240630_104130-300x225.jpg 300w, https:\/\/victoria-rad.de\/wp-content\/uploads\/2024\/07\/20240630_104130-1024x768.jpg 1024w, https:\/\/victoria-rad.de\/wp-content\/uploads\/2024\/07\/20240630_104130-150x113.jpg 150w, https:\/\/victoria-rad.de\/wp-content\/uploads\/2024\/07\/20240630_104130-768x576.jpg 768w, https:\/\/victoria-rad.de\/wp-content\/uploads\/2024\/07\/20240630_104130-1536x1152.jpg 1536w, https:\/\/victoria-rad.de\/wp-content\/uploads\/2024\/07\/20240630_104130-2048x1536.jpg 2048w\" sizes=\"auto, (max-width: 300px) 100vw, 300px\" \/><\/a>Die Freizeit und meine Familie&#8230;<\/p>\n<p style=\"text-align: center;\"><a href=\"http:\/\/victoria-rad.de\/wp-content\/uploads\/2024\/07\/20240630_104617-scaled.jpg\"><img loading=\"lazy\" decoding=\"async\" class=\"aligncenter wp-image-16343 size-medium\" src=\"http:\/\/victoria-rad.de\/wp-content\/uploads\/2024\/07\/20240630_104617-300x225.jpg\" alt=\"\" width=\"300\" height=\"225\" srcset=\"https:\/\/victoria-rad.de\/wp-content\/uploads\/2024\/07\/20240630_104617-300x225.jpg 300w, https:\/\/victoria-rad.de\/wp-content\/uploads\/2024\/07\/20240630_104617-1024x768.jpg 1024w, https:\/\/victoria-rad.de\/wp-content\/uploads\/2024\/07\/20240630_104617-150x113.jpg 150w, https:\/\/victoria-rad.de\/wp-content\/uploads\/2024\/07\/20240630_104617-768x576.jpg 768w, https:\/\/victoria-rad.de\/wp-content\/uploads\/2024\/07\/20240630_104617-1536x1152.jpg 1536w, https:\/\/victoria-rad.de\/wp-content\/uploads\/2024\/07\/20240630_104617-2048x1536.jpg 2048w\" sizes=\"auto, (max-width: 300px) 100vw, 300px\" \/><\/a>Das Fernseh-Team vom MDR dreht zum letzten Mal&#8230;<\/p>\n<p style=\"text-align: center;\"><a href=\"http:\/\/victoria-rad.de\/wp-content\/uploads\/2024\/07\/20240630_104630-scaled.jpg\"><img loading=\"lazy\" decoding=\"async\" class=\"aligncenter wp-image-16345 size-medium\" src=\"http:\/\/victoria-rad.de\/wp-content\/uploads\/2024\/07\/20240630_104630-300x225.jpg\" alt=\"\" width=\"300\" height=\"225\" srcset=\"https:\/\/victoria-rad.de\/wp-content\/uploads\/2024\/07\/20240630_104630-300x225.jpg 300w, https:\/\/victoria-rad.de\/wp-content\/uploads\/2024\/07\/20240630_104630-1024x768.jpg 1024w, https:\/\/victoria-rad.de\/wp-content\/uploads\/2024\/07\/20240630_104630-150x113.jpg 150w, https:\/\/victoria-rad.de\/wp-content\/uploads\/2024\/07\/20240630_104630-768x576.jpg 768w, https:\/\/victoria-rad.de\/wp-content\/uploads\/2024\/07\/20240630_104630-1536x1152.jpg 1536w, https:\/\/victoria-rad.de\/wp-content\/uploads\/2024\/07\/20240630_104630-2048x1536.jpg 2048w\" sizes=\"auto, (max-width: 300px) 100vw, 300px\" \/><\/a>Die alten Station\u00e4r-Motoren&#8230;<\/p>\n<p style=\"text-align: center;\"><a href=\"http:\/\/victoria-rad.de\/wp-content\/uploads\/2024\/07\/20240630_104945-scaled.jpg\"><img loading=\"lazy\" decoding=\"async\" class=\"aligncenter wp-image-16346 size-medium\" src=\"http:\/\/victoria-rad.de\/wp-content\/uploads\/2024\/07\/20240630_104945-300x225.jpg\" alt=\"\" width=\"300\" height=\"225\" srcset=\"https:\/\/victoria-rad.de\/wp-content\/uploads\/2024\/07\/20240630_104945-300x225.jpg 300w, https:\/\/victoria-rad.de\/wp-content\/uploads\/2024\/07\/20240630_104945-1024x768.jpg 1024w, https:\/\/victoria-rad.de\/wp-content\/uploads\/2024\/07\/20240630_104945-150x113.jpg 150w, https:\/\/victoria-rad.de\/wp-content\/uploads\/2024\/07\/20240630_104945-768x576.jpg 768w, https:\/\/victoria-rad.de\/wp-content\/uploads\/2024\/07\/20240630_104945-1536x1152.jpg 1536w, https:\/\/victoria-rad.de\/wp-content\/uploads\/2024\/07\/20240630_104945-2048x1536.jpg 2048w\" sizes=\"auto, (max-width: 300px) 100vw, 300px\" \/><\/a>Volkspolizei auf zwei R\u00e4dern&#8230;<\/p>\n<p style=\"text-align: center;\">Das letzte Bild veranschaulicht die bereits am Anfang beschriebene Reise in die Freizeit<em><strong> ohne R\u00fcckkehr ins Museum, leider&#8230;<\/strong><\/em><\/p>\n<p>Beitrag: Gert Reiher&#8230;<\/p>\n<p><a href=\"http:\/\/victoria-rad.de\/wp-content\/uploads\/2024\/07\/IMG_20190312_0002-scaled.jpg\"><img loading=\"lazy\" decoding=\"async\" class=\"aligncenter wp-image-16324 size-medium\" src=\"http:\/\/victoria-rad.de\/wp-content\/uploads\/2024\/07\/IMG_20190312_0002-300x102.jpg\" alt=\"\" width=\"300\" height=\"102\" srcset=\"https:\/\/victoria-rad.de\/wp-content\/uploads\/2024\/07\/IMG_20190312_0002-300x102.jpg 300w, https:\/\/victoria-rad.de\/wp-content\/uploads\/2024\/07\/IMG_20190312_0002-1024x347.jpg 1024w, https:\/\/victoria-rad.de\/wp-content\/uploads\/2024\/07\/IMG_20190312_0002-150x51.jpg 150w, https:\/\/victoria-rad.de\/wp-content\/uploads\/2024\/07\/IMG_20190312_0002-768x261.jpg 768w, https:\/\/victoria-rad.de\/wp-content\/uploads\/2024\/07\/IMG_20190312_0002-1536x521.jpg 1536w, https:\/\/victoria-rad.de\/wp-content\/uploads\/2024\/07\/IMG_20190312_0002-2048x695.jpg 2048w\" sizes=\"auto, (max-width: 300px) 100vw, 300px\" \/><\/a><\/p>\n","protected":false},"excerpt":{"rendered":"<p>Ein Museum aufgeben &#8211; weil eine Gartenschau entstehen soll, ist f\u00fcr den Verein, der vor vielen Jahren die Oldtimersammlung zusammen getragen hat, &#8211; ein harter Schlag und f\u00fcr alle Beteiligten von Freunden, G\u00e4sten und f\u00fcr die Region ein herber R\u00fcckschlag&#8230; Ich habe mit meiner Familie am letzten Tag (30.Juno 2024) das Museum nochmal besucht und &hellip; <a href=\"https:\/\/victoria-rad.de\/?p=16327\" class=\"more-link\"><span class=\"screen-reader-text\">Buteile &#8211; Markt &#8211; Museum &#8211; Neustadt an der Orla&#8230;<\/span> weiterlesen<\/a><\/p>\n","protected":false},"author":1,"featured_media":0,"comment_status":"open","ping_status":"open","sticky":false,"template":"","format":"standard","meta":{"footnotes":""},"categories":[1],"tags":[],"class_list":["post-16327","post","type-post","status-publish","format-standard","hentry","category-uncategorized"],"_links":{"self":[{"href":"https:\/\/victoria-rad.de\/index.php?rest_route=\/wp\/v2\/posts\/16327","targetHints":{"allow":["GET"]}}],"collection":[{"href":"https:\/\/victoria-rad.de\/index.php?rest_route=\/wp\/v2\/posts"}],"about":[{"href":"https:\/\/victoria-rad.de\/index.php?rest_route=\/wp\/v2\/types\/post"}],"author":[{"embeddable":true,"href":"https:\/\/victoria-rad.de\/index.php?rest_route=\/wp\/v2\/users\/1"}],"replies":[{"embeddable":true,"href":"https:\/\/victoria-rad.de\/index.php?rest_route=%2Fwp%2Fv2%2Fcomments&post=16327"}],"version-history":[{"count":8,"href":"https:\/\/victoria-rad.de\/index.php?rest_route=\/wp\/v2\/posts\/16327\/revisions"}],"predecessor-version":[{"id":16665,"href":"https:\/\/victoria-rad.de\/index.php?rest_route=\/wp\/v2\/posts\/16327\/revisions\/16665"}],"wp:attachment":[{"href":"https:\/\/victoria-rad.de\/index.php?rest_route=%2Fwp%2Fv2%2Fmedia&parent=16327"}],"wp:term":[{"taxonomy":"category","embeddable":true,"href":"https:\/\/victoria-rad.de\/index.php?rest_route=%2Fwp%2Fv2%2Fcategories&post=16327"},{"taxonomy":"post_tag","embeddable":true,"href":"https:\/\/victoria-rad.de\/index.php?rest_route=%2Fwp%2Fv2%2Ftags&post=16327"}],"curies":[{"name":"wp","href":"https:\/\/api.w.org\/{rel}","templated":true}]}}