{"id":16450,"date":"2025-01-17T10:20:26","date_gmt":"2025-01-17T09:20:26","guid":{"rendered":"https:\/\/victoria-rad.de\/?p=16450"},"modified":"2025-01-17T10:20:26","modified_gmt":"2025-01-17T09:20:26","slug":"victoria-schutzblech-figuren","status":"publish","type":"post","link":"https:\/\/victoria-rad.de\/?p=16450","title":{"rendered":"Victoria &#8211; Schutzblech-Figuren&#8230;"},"content":{"rendered":"<p><strong>Anfang der &#8222;Drei\u00dfiger Jahre&#8220; kam bei Victoria ein neuer Trend im Fahrrad-Bereich die sogenannte &#8222;Schutzblech-Figur&#8220;&#8230; Diese Neuerung &#8211; eine im Design mit den Jahren wechselnde Figur auf dem vorderen Schutzblech des Rades gab einen ersten Blickfang auf die Marke &#8222;Victoria&#8220;&#8230;<\/strong><\/p>\n<p style=\"text-align: center;\"><a href=\"http:\/\/victoria-rad.de\/wp-content\/uploads\/2024\/07\/Victoria-Buch-Bilder-165.jpg\"><img loading=\"lazy\" decoding=\"async\" class=\"aligncenter wp-image-16452 size-medium\" src=\"http:\/\/victoria-rad.de\/wp-content\/uploads\/2024\/07\/Victoria-Buch-Bilder-165-300x197.jpg\" alt=\"\" width=\"300\" height=\"197\" srcset=\"https:\/\/victoria-rad.de\/wp-content\/uploads\/2024\/07\/Victoria-Buch-Bilder-165-300x197.jpg 300w, https:\/\/victoria-rad.de\/wp-content\/uploads\/2024\/07\/Victoria-Buch-Bilder-165-1024x672.jpg 1024w, https:\/\/victoria-rad.de\/wp-content\/uploads\/2024\/07\/Victoria-Buch-Bilder-165-150x98.jpg 150w, https:\/\/victoria-rad.de\/wp-content\/uploads\/2024\/07\/Victoria-Buch-Bilder-165-768x504.jpg 768w, https:\/\/victoria-rad.de\/wp-content\/uploads\/2024\/07\/Victoria-Buch-Bilder-165-1536x1007.jpg 1536w, https:\/\/victoria-rad.de\/wp-content\/uploads\/2024\/07\/Victoria-Buch-Bilder-165-2048x1343.jpg 2048w\" sizes=\"auto, (max-width: 300px) 100vw, 300px\" \/><\/a>Die erste Schutzblechfigur (Victoria-Rad von 1932), ein angedeutetes &#8222;V&#8220; nach hinten auslaufend ist wohl das seltenste in seiner Art&#8230;<\/p>\n<p><a href=\"http:\/\/victoria-rad.de\/wp-content\/uploads\/2024\/07\/Victoria-Buch-Bilder-170.jpg\"><img loading=\"lazy\" decoding=\"async\" class=\"aligncenter wp-image-16453 size-medium\" src=\"http:\/\/victoria-rad.de\/wp-content\/uploads\/2024\/07\/Victoria-Buch-Bilder-170-300x225.jpg\" alt=\"\" width=\"300\" height=\"225\" srcset=\"https:\/\/victoria-rad.de\/wp-content\/uploads\/2024\/07\/Victoria-Buch-Bilder-170-300x225.jpg 300w, https:\/\/victoria-rad.de\/wp-content\/uploads\/2024\/07\/Victoria-Buch-Bilder-170-1024x768.jpg 1024w, https:\/\/victoria-rad.de\/wp-content\/uploads\/2024\/07\/Victoria-Buch-Bilder-170-150x113.jpg 150w, https:\/\/victoria-rad.de\/wp-content\/uploads\/2024\/07\/Victoria-Buch-Bilder-170-768x576.jpg 768w, https:\/\/victoria-rad.de\/wp-content\/uploads\/2024\/07\/Victoria-Buch-Bilder-170-1536x1152.jpg 1536w, https:\/\/victoria-rad.de\/wp-content\/uploads\/2024\/07\/Victoria-Buch-Bilder-170-2048x1536.jpg 2048w\" sizes=\"auto, (max-width: 300px) 100vw, 300px\" \/><\/a><\/p>\n<p><strong>Kurze Zeit sp\u00e4ter kam bereits die Abl\u00f6sung mit dem zweiten Zeichen &#8211; einem stehenden Rhombus &#8222;V&#8220; nat\u00fcrlich als Kennung:<\/strong><\/p>\n<p><a href=\"http:\/\/victoria-rad.de\/wp-content\/uploads\/2024\/07\/20240718_102037.jpg\"><img loading=\"lazy\" decoding=\"async\" class=\"aligncenter wp-image-16458 size-medium\" src=\"http:\/\/victoria-rad.de\/wp-content\/uploads\/2024\/07\/20240718_102037-235x300.jpg\" alt=\"\" width=\"235\" height=\"300\" srcset=\"https:\/\/victoria-rad.de\/wp-content\/uploads\/2024\/07\/20240718_102037-235x300.jpg 235w, https:\/\/victoria-rad.de\/wp-content\/uploads\/2024\/07\/20240718_102037-804x1024.jpg 804w, https:\/\/victoria-rad.de\/wp-content\/uploads\/2024\/07\/20240718_102037-118x150.jpg 118w, https:\/\/victoria-rad.de\/wp-content\/uploads\/2024\/07\/20240718_102037-768x978.jpg 768w, https:\/\/victoria-rad.de\/wp-content\/uploads\/2024\/07\/20240718_102037-1206x1536.jpg 1206w, https:\/\/victoria-rad.de\/wp-content\/uploads\/2024\/07\/20240718_102037.jpg 1485w\" sizes=\"auto, (max-width: 235px) 100vw, 235px\" \/><\/a><\/p>\n<p style=\"text-align: center;\"><a href=\"http:\/\/victoria-rad.de\/wp-content\/uploads\/2024\/07\/32-scaled.jpg\"><img loading=\"lazy\" decoding=\"async\" class=\"aligncenter wp-image-16455 size-medium\" src=\"http:\/\/victoria-rad.de\/wp-content\/uploads\/2024\/07\/32-300x200.jpg\" alt=\"\" width=\"300\" height=\"200\" srcset=\"https:\/\/victoria-rad.de\/wp-content\/uploads\/2024\/07\/32-300x200.jpg 300w, https:\/\/victoria-rad.de\/wp-content\/uploads\/2024\/07\/32-1024x683.jpg 1024w, https:\/\/victoria-rad.de\/wp-content\/uploads\/2024\/07\/32-150x100.jpg 150w, https:\/\/victoria-rad.de\/wp-content\/uploads\/2024\/07\/32-768x512.jpg 768w, https:\/\/victoria-rad.de\/wp-content\/uploads\/2024\/07\/32-1536x1024.jpg 1536w, https:\/\/victoria-rad.de\/wp-content\/uploads\/2024\/07\/32-2048x1365.jpg 2048w\" sizes=\"auto, (max-width: 300px) 100vw, 300px\" \/><\/a>Ein restauriertes Rad von 1934 mit der &#8222;Rhombus-Figur&#8220;&#8230;<\/p>\n<p style=\"text-align: center;\"><a href=\"http:\/\/victoria-rad.de\/wp-content\/uploads\/2024\/07\/32.1-scaled.jpg\"><img loading=\"lazy\" decoding=\"async\" class=\"aligncenter wp-image-16456 size-medium\" src=\"http:\/\/victoria-rad.de\/wp-content\/uploads\/2024\/07\/32.1-300x200.jpg\" alt=\"\" width=\"300\" height=\"200\" srcset=\"https:\/\/victoria-rad.de\/wp-content\/uploads\/2024\/07\/32.1-300x200.jpg 300w, https:\/\/victoria-rad.de\/wp-content\/uploads\/2024\/07\/32.1-1024x683.jpg 1024w, https:\/\/victoria-rad.de\/wp-content\/uploads\/2024\/07\/32.1-150x100.jpg 150w, https:\/\/victoria-rad.de\/wp-content\/uploads\/2024\/07\/32.1-768x512.jpg 768w, https:\/\/victoria-rad.de\/wp-content\/uploads\/2024\/07\/32.1-1536x1024.jpg 1536w, https:\/\/victoria-rad.de\/wp-content\/uploads\/2024\/07\/32.1-2048x1365.jpg 2048w\" sizes=\"auto, (max-width: 300px) 100vw, 300px\" \/><\/a>Werbefoto mit junger Dame&#8230;<\/p>\n<p><strong>Mit dem Jahr 1936 kam das &#8222;50 j\u00e4hrige Bestehen&#8220; der Firma Victoria und dann nat\u00fcrlich eine neue Schutzblechfigur &#8211; das: &#8222;Gefl\u00fcgelte &#8211; V&#8220;:<\/strong><\/p>\n<p><a href=\"http:\/\/victoria-rad.de\/wp-content\/uploads\/2024\/07\/20240718_102047-1.jpg\"><img loading=\"lazy\" decoding=\"async\" class=\"aligncenter wp-image-16464 size-medium\" src=\"http:\/\/victoria-rad.de\/wp-content\/uploads\/2024\/07\/20240718_102047-1-300x277.jpg\" alt=\"\" width=\"300\" height=\"277\" srcset=\"https:\/\/victoria-rad.de\/wp-content\/uploads\/2024\/07\/20240718_102047-1-300x277.jpg 300w, https:\/\/victoria-rad.de\/wp-content\/uploads\/2024\/07\/20240718_102047-1-1024x946.jpg 1024w, https:\/\/victoria-rad.de\/wp-content\/uploads\/2024\/07\/20240718_102047-1-150x139.jpg 150w, https:\/\/victoria-rad.de\/wp-content\/uploads\/2024\/07\/20240718_102047-1-768x710.jpg 768w, https:\/\/victoria-rad.de\/wp-content\/uploads\/2024\/07\/20240718_102047-1-1536x1419.jpg 1536w, https:\/\/victoria-rad.de\/wp-content\/uploads\/2024\/07\/20240718_102047-1.jpg 2009w\" sizes=\"auto, (max-width: 300px) 100vw, 300px\" \/><\/a><\/p>\n<p style=\"text-align: center;\">Hier eines im Originalzustand&#8230;<\/p>\n<p style=\"text-align: center;\"><a href=\"http:\/\/victoria-rad.de\/wp-content\/uploads\/2024\/07\/IMG_20240717_0003-scaled.jpg\"><img loading=\"lazy\" decoding=\"async\" class=\"aligncenter wp-image-16466 size-medium\" src=\"http:\/\/victoria-rad.de\/wp-content\/uploads\/2024\/07\/IMG_20240717_0003-139x300.jpg\" alt=\"\" width=\"139\" height=\"300\" srcset=\"https:\/\/victoria-rad.de\/wp-content\/uploads\/2024\/07\/IMG_20240717_0003-139x300.jpg 139w, https:\/\/victoria-rad.de\/wp-content\/uploads\/2024\/07\/IMG_20240717_0003-476x1024.jpg 476w, https:\/\/victoria-rad.de\/wp-content\/uploads\/2024\/07\/IMG_20240717_0003-70x150.jpg 70w, https:\/\/victoria-rad.de\/wp-content\/uploads\/2024\/07\/IMG_20240717_0003-768x1653.jpg 768w, https:\/\/victoria-rad.de\/wp-content\/uploads\/2024\/07\/IMG_20240717_0003-714x1536.jpg 714w, https:\/\/victoria-rad.de\/wp-content\/uploads\/2024\/07\/IMG_20240717_0003-952x2048.jpg 952w, https:\/\/victoria-rad.de\/wp-content\/uploads\/2024\/07\/IMG_20240717_0003-scaled.jpg 1190w\" sizes=\"auto, (max-width: 139px) 100vw, 139px\" \/><\/a>Im Original-Prospekt von 1936 hat man fast 20 neue R\u00e4der vorgestellt&#8230;<\/p>\n<p style=\"text-align: center;\"><a href=\"http:\/\/victoria-rad.de\/wp-content\/uploads\/2024\/07\/36-scaled.jpg\"><img loading=\"lazy\" decoding=\"async\" class=\"aligncenter wp-image-16467 size-medium\" src=\"http:\/\/victoria-rad.de\/wp-content\/uploads\/2024\/07\/36-300x200.jpg\" alt=\"\" width=\"300\" height=\"200\" srcset=\"https:\/\/victoria-rad.de\/wp-content\/uploads\/2024\/07\/36-300x200.jpg 300w, https:\/\/victoria-rad.de\/wp-content\/uploads\/2024\/07\/36-1024x681.jpg 1024w, https:\/\/victoria-rad.de\/wp-content\/uploads\/2024\/07\/36-150x100.jpg 150w, https:\/\/victoria-rad.de\/wp-content\/uploads\/2024\/07\/36-768x511.jpg 768w, https:\/\/victoria-rad.de\/wp-content\/uploads\/2024\/07\/36-1536x1022.jpg 1536w, https:\/\/victoria-rad.de\/wp-content\/uploads\/2024\/07\/36-2048x1363.jpg 2048w\" sizes=\"auto, (max-width: 300px) 100vw, 300px\" \/><\/a>Ein Damenrad von 1936 im absoluten Original-Zustand&#8230;<\/p>\n<p><strong>Anfang der &#8222;Vierziger Jahre&#8220; hat man die Schutzblech-Figur modernisiert mit folgenden Design:<\/strong><\/p>\n<p style=\"text-align: center;\"><a href=\"http:\/\/victoria-rad.de\/wp-content\/uploads\/2024\/07\/40.01.jpg\"><img loading=\"lazy\" decoding=\"async\" class=\"aligncenter wp-image-16468 size-medium\" src=\"http:\/\/victoria-rad.de\/wp-content\/uploads\/2024\/07\/40.01-300x170.jpg\" alt=\"\" width=\"300\" height=\"170\" srcset=\"https:\/\/victoria-rad.de\/wp-content\/uploads\/2024\/07\/40.01-300x170.jpg 300w, https:\/\/victoria-rad.de\/wp-content\/uploads\/2024\/07\/40.01-1024x579.jpg 1024w, https:\/\/victoria-rad.de\/wp-content\/uploads\/2024\/07\/40.01-150x85.jpg 150w, https:\/\/victoria-rad.de\/wp-content\/uploads\/2024\/07\/40.01-768x434.jpg 768w, https:\/\/victoria-rad.de\/wp-content\/uploads\/2024\/07\/40.01.jpg 1453w\" sizes=\"auto, (max-width: 300px) 100vw, 300px\" \/><\/a>Nach der Farbe des Rades ist auch das Zeichen nach Wunsch farblich modifiziert worden, auch schon 1936&#8230;<\/p>\n<p style=\"text-align: center;\"><a href=\"http:\/\/victoria-rad.de\/wp-content\/uploads\/2024\/07\/40.1.jpg\"><img loading=\"lazy\" decoding=\"async\" class=\"aligncenter wp-image-16469 size-medium\" src=\"http:\/\/victoria-rad.de\/wp-content\/uploads\/2024\/07\/40.1-300x185.jpg\" alt=\"\" width=\"300\" height=\"185\" srcset=\"https:\/\/victoria-rad.de\/wp-content\/uploads\/2024\/07\/40.1-300x185.jpg 300w, https:\/\/victoria-rad.de\/wp-content\/uploads\/2024\/07\/40.1-150x92.jpg 150w, https:\/\/victoria-rad.de\/wp-content\/uploads\/2024\/07\/40.1-768x473.jpg 768w, https:\/\/victoria-rad.de\/wp-content\/uploads\/2024\/07\/40.1.jpg 800w\" sizes=\"auto, (max-width: 300px) 100vw, 300px\" \/><\/a>Es gab auch eine offene Ausf\u00fchrung&#8230;<\/p>\n<p><a href=\"http:\/\/victoria-rad.de\/wp-content\/uploads\/2024\/07\/40-scaled.jpg\"><img loading=\"lazy\" decoding=\"async\" class=\"aligncenter wp-image-16470 size-medium\" src=\"http:\/\/victoria-rad.de\/wp-content\/uploads\/2024\/07\/40-233x300.jpg\" alt=\"\" width=\"233\" height=\"300\" srcset=\"https:\/\/victoria-rad.de\/wp-content\/uploads\/2024\/07\/40-233x300.jpg 233w, https:\/\/victoria-rad.de\/wp-content\/uploads\/2024\/07\/40-795x1024.jpg 795w, https:\/\/victoria-rad.de\/wp-content\/uploads\/2024\/07\/40-116x150.jpg 116w, https:\/\/victoria-rad.de\/wp-content\/uploads\/2024\/07\/40-768x989.jpg 768w, https:\/\/victoria-rad.de\/wp-content\/uploads\/2024\/07\/40-1193x1536.jpg 1193w, https:\/\/victoria-rad.de\/wp-content\/uploads\/2024\/07\/40-1590x2048.jpg 1590w, https:\/\/victoria-rad.de\/wp-content\/uploads\/2024\/07\/40-scaled.jpg 1988w\" sizes=\"auto, (max-width: 233px) 100vw, 233px\" \/><\/a><\/p>\n<p><strong>Anfang der F\u00fcnfziger Jahre wurde das Zeichen nochmals modifiziert, dies mal sah es folgend aus:<\/strong><\/p>\n<p><a href=\"http:\/\/victoria-rad.de\/wp-content\/uploads\/2024\/07\/20240718_102112-scaled.jpg\"><img loading=\"lazy\" decoding=\"async\" class=\"aligncenter wp-image-16461 size-medium\" src=\"http:\/\/victoria-rad.de\/wp-content\/uploads\/2024\/07\/20240718_102112-300x161.jpg\" alt=\"\" width=\"300\" height=\"161\" srcset=\"https:\/\/victoria-rad.de\/wp-content\/uploads\/2024\/07\/20240718_102112-300x161.jpg 300w, https:\/\/victoria-rad.de\/wp-content\/uploads\/2024\/07\/20240718_102112-1024x549.jpg 1024w, https:\/\/victoria-rad.de\/wp-content\/uploads\/2024\/07\/20240718_102112-150x80.jpg 150w, https:\/\/victoria-rad.de\/wp-content\/uploads\/2024\/07\/20240718_102112-768x412.jpg 768w, https:\/\/victoria-rad.de\/wp-content\/uploads\/2024\/07\/20240718_102112-1536x824.jpg 1536w, https:\/\/victoria-rad.de\/wp-content\/uploads\/2024\/07\/20240718_102112-2048x1099.jpg 2048w\" sizes=\"auto, (max-width: 300px) 100vw, 300px\" \/><\/a><\/p>\n<p><a href=\"http:\/\/victoria-rad.de\/wp-content\/uploads\/2024\/07\/54.05-scaled.jpg\"><img loading=\"lazy\" decoding=\"async\" class=\"aligncenter wp-image-16471 size-medium\" src=\"http:\/\/victoria-rad.de\/wp-content\/uploads\/2024\/07\/54.05-207x300.jpg\" alt=\"\" width=\"207\" height=\"300\" srcset=\"https:\/\/victoria-rad.de\/wp-content\/uploads\/2024\/07\/54.05-207x300.jpg 207w, https:\/\/victoria-rad.de\/wp-content\/uploads\/2024\/07\/54.05-708x1024.jpg 708w, https:\/\/victoria-rad.de\/wp-content\/uploads\/2024\/07\/54.05-104x150.jpg 104w, https:\/\/victoria-rad.de\/wp-content\/uploads\/2024\/07\/54.05-768x1110.jpg 768w, https:\/\/victoria-rad.de\/wp-content\/uploads\/2024\/07\/54.05-1062x1536.jpg 1062w, https:\/\/victoria-rad.de\/wp-content\/uploads\/2024\/07\/54.05-1417x2048.jpg 1417w, https:\/\/victoria-rad.de\/wp-content\/uploads\/2024\/07\/54.05-scaled.jpg 1771w\" sizes=\"auto, (max-width: 207px) 100vw, 207px\" \/><\/a>Selbst bei den Mopeds der &#8222;F\u00fcnfziger&#8220; gab es die Figuren:<\/p>\n<p style=\"text-align: center;\"><a href=\"http:\/\/victoria-rad.de\/wp-content\/uploads\/2024\/07\/607.2.png\"><img loading=\"lazy\" decoding=\"async\" class=\"aligncenter wp-image-16472 size-medium\" src=\"http:\/\/victoria-rad.de\/wp-content\/uploads\/2024\/07\/607.2-300x218.png\" alt=\"\" width=\"300\" height=\"218\" srcset=\"https:\/\/victoria-rad.de\/wp-content\/uploads\/2024\/07\/607.2-300x218.png 300w, https:\/\/victoria-rad.de\/wp-content\/uploads\/2024\/07\/607.2-1024x745.png 1024w, https:\/\/victoria-rad.de\/wp-content\/uploads\/2024\/07\/607.2-150x109.png 150w, https:\/\/victoria-rad.de\/wp-content\/uploads\/2024\/07\/607.2-768x559.png 768w, https:\/\/victoria-rad.de\/wp-content\/uploads\/2024\/07\/607.2-1536x1117.png 1536w, https:\/\/victoria-rad.de\/wp-content\/uploads\/2024\/07\/607.2-2048x1490.png 2048w\" sizes=\"auto, (max-width: 300px) 100vw, 300px\" \/><\/a>Prospekt -&#8222;Tory &#8211; Moped&#8220;&#8230;<\/p>\n<p><strong>Hier nochmal die 4 bekanntesten Schutzblech-Figuren von der Firma Victoria im \u00dcberblick:<\/strong><\/p>\n<p><a href=\"http:\/\/victoria-rad.de\/wp-content\/uploads\/2024\/07\/20240718_102015-scaled.jpg\"><img loading=\"lazy\" decoding=\"async\" class=\"aligncenter wp-image-16462 size-medium\" src=\"http:\/\/victoria-rad.de\/wp-content\/uploads\/2024\/07\/20240718_102015-300x81.jpg\" alt=\"\" width=\"300\" height=\"81\" srcset=\"https:\/\/victoria-rad.de\/wp-content\/uploads\/2024\/07\/20240718_102015-300x81.jpg 300w, https:\/\/victoria-rad.de\/wp-content\/uploads\/2024\/07\/20240718_102015-1024x277.jpg 1024w, https:\/\/victoria-rad.de\/wp-content\/uploads\/2024\/07\/20240718_102015-150x41.jpg 150w, https:\/\/victoria-rad.de\/wp-content\/uploads\/2024\/07\/20240718_102015-768x208.jpg 768w, https:\/\/victoria-rad.de\/wp-content\/uploads\/2024\/07\/20240718_102015-1536x415.jpg 1536w, https:\/\/victoria-rad.de\/wp-content\/uploads\/2024\/07\/20240718_102015-2048x554.jpg 2048w\" sizes=\"auto, (max-width: 300px) 100vw, 300px\" \/><\/a><\/p>\n<p><strong>Zum Abschluss m\u00f6chte ich Euch noch eine au\u00dfergew\u00f6hnliche Schutzblech-Figur vorstellen, welche nicht bei Victoria kreiert wurde, aber ein Gro\u00dfh\u00e4ndler eingef\u00fchrt hat:\u00a0<\/strong><\/p>\n<p><a href=\"http:\/\/victoria-rad.de\/wp-content\/uploads\/2024\/07\/20190819_181840.jpg\"><img loading=\"lazy\" decoding=\"async\" class=\"aligncenter wp-image-16474 size-medium\" src=\"http:\/\/victoria-rad.de\/wp-content\/uploads\/2024\/07\/20190819_181840-169x300.jpg\" alt=\"\" width=\"169\" height=\"300\" srcset=\"https:\/\/victoria-rad.de\/wp-content\/uploads\/2024\/07\/20190819_181840-169x300.jpg 169w, https:\/\/victoria-rad.de\/wp-content\/uploads\/2024\/07\/20190819_181840-84x150.jpg 84w, https:\/\/victoria-rad.de\/wp-content\/uploads\/2024\/07\/20190819_181840.jpg 450w\" sizes=\"auto, (max-width: 169px) 100vw, 169px\" \/><\/a><strong>Ein eindeutiges Victoria-Rad mit folgender Schutzblech-Figur:<\/strong><\/p>\n<p style=\"text-align: center;\"><a href=\"http:\/\/victoria-rad.de\/wp-content\/uploads\/2024\/07\/20190815_170214.jpg\"><img loading=\"lazy\" decoding=\"async\" class=\"aligncenter wp-image-16475 size-medium\" src=\"http:\/\/victoria-rad.de\/wp-content\/uploads\/2024\/07\/20190815_170214-252x300.jpg\" alt=\"\" width=\"252\" height=\"300\" srcset=\"https:\/\/victoria-rad.de\/wp-content\/uploads\/2024\/07\/20190815_170214-252x300.jpg 252w, https:\/\/victoria-rad.de\/wp-content\/uploads\/2024\/07\/20190815_170214-861x1024.jpg 861w, https:\/\/victoria-rad.de\/wp-content\/uploads\/2024\/07\/20190815_170214-126x150.jpg 126w, https:\/\/victoria-rad.de\/wp-content\/uploads\/2024\/07\/20190815_170214-768x913.jpg 768w, https:\/\/victoria-rad.de\/wp-content\/uploads\/2024\/07\/20190815_170214-1292x1536.jpg 1292w, https:\/\/victoria-rad.de\/wp-content\/uploads\/2024\/07\/20190815_170214-1722x2048.jpg 1722w\" sizes=\"auto, (max-width: 252px) 100vw, 252px\" \/><\/a><a href=\"http:\/\/victoria-rad.de\/wp-content\/uploads\/2024\/07\/20190815_170159-scaled.jpg\"><img loading=\"lazy\" decoding=\"async\" class=\"aligncenter wp-image-16476 size-medium\" src=\"http:\/\/victoria-rad.de\/wp-content\/uploads\/2024\/07\/20190815_170159-154x300.jpg\" alt=\"\" width=\"154\" height=\"300\" srcset=\"https:\/\/victoria-rad.de\/wp-content\/uploads\/2024\/07\/20190815_170159-154x300.jpg 154w, https:\/\/victoria-rad.de\/wp-content\/uploads\/2024\/07\/20190815_170159-526x1024.jpg 526w, https:\/\/victoria-rad.de\/wp-content\/uploads\/2024\/07\/20190815_170159-77x150.jpg 77w, https:\/\/victoria-rad.de\/wp-content\/uploads\/2024\/07\/20190815_170159-768x1496.jpg 768w, https:\/\/victoria-rad.de\/wp-content\/uploads\/2024\/07\/20190815_170159-788x1536.jpg 788w, https:\/\/victoria-rad.de\/wp-content\/uploads\/2024\/07\/20190815_170159-1051x2048.jpg 1051w, https:\/\/victoria-rad.de\/wp-content\/uploads\/2024\/07\/20190815_170159-scaled.jpg 1314w\" sizes=\"auto, (max-width: 154px) 100vw, 154px\" \/><\/a><a href=\"http:\/\/victoria-rad.de\/wp-content\/uploads\/2024\/07\/20190815_170140-scaled.jpg\"><img loading=\"lazy\" decoding=\"async\" class=\"aligncenter wp-image-16477 size-medium\" src=\"http:\/\/victoria-rad.de\/wp-content\/uploads\/2024\/07\/20190815_170140-300x196.jpg\" alt=\"\" width=\"300\" height=\"196\" srcset=\"https:\/\/victoria-rad.de\/wp-content\/uploads\/2024\/07\/20190815_170140-300x196.jpg 300w, https:\/\/victoria-rad.de\/wp-content\/uploads\/2024\/07\/20190815_170140-1024x671.jpg 1024w, https:\/\/victoria-rad.de\/wp-content\/uploads\/2024\/07\/20190815_170140-150x98.jpg 150w, https:\/\/victoria-rad.de\/wp-content\/uploads\/2024\/07\/20190815_170140-768x503.jpg 768w, https:\/\/victoria-rad.de\/wp-content\/uploads\/2024\/07\/20190815_170140-1536x1006.jpg 1536w, https:\/\/victoria-rad.de\/wp-content\/uploads\/2024\/07\/20190815_170140-2048x1341.jpg 2048w\" sizes=\"auto, (max-width: 300px) 100vw, 300px\" \/><\/a><em><strong>Hier handelt sich um ein sogenanntes &#8222;Berg-Rad&#8220; &#8211; eine Hausmarke des Gro\u00dfh\u00e4ndlers Adolf Maier in Beimerst\u00e4tten bei Ulm &#8211; abgek\u00fcrzt &#8211; &#8222;AMB&#8220;&#8230; Man muss davon ausgehen, dass doch eine stattliche Zahl von R\u00e4dern der Firma Victoria nach Ulm geliefert wurden, ansonsten h\u00e4tte sich der Aufwand &#8211; ein eigenes Zeichen zu fertigen &#8211; nicht gelohnt !!!<\/strong><\/em><\/p>\n<p><a href=\"http:\/\/victoria-rad.de\/wp-content\/uploads\/2024\/07\/IMG_20190312_0002-scaled.jpg\"><img loading=\"lazy\" decoding=\"async\" class=\"aligncenter wp-image-16324 size-medium\" src=\"http:\/\/victoria-rad.de\/wp-content\/uploads\/2024\/07\/IMG_20190312_0002-300x102.jpg\" alt=\"\" width=\"300\" height=\"102\" srcset=\"https:\/\/victoria-rad.de\/wp-content\/uploads\/2024\/07\/IMG_20190312_0002-300x102.jpg 300w, https:\/\/victoria-rad.de\/wp-content\/uploads\/2024\/07\/IMG_20190312_0002-1024x347.jpg 1024w, https:\/\/victoria-rad.de\/wp-content\/uploads\/2024\/07\/IMG_20190312_0002-150x51.jpg 150w, https:\/\/victoria-rad.de\/wp-content\/uploads\/2024\/07\/IMG_20190312_0002-768x261.jpg 768w, https:\/\/victoria-rad.de\/wp-content\/uploads\/2024\/07\/IMG_20190312_0002-1536x521.jpg 1536w, https:\/\/victoria-rad.de\/wp-content\/uploads\/2024\/07\/IMG_20190312_0002-2048x695.jpg 2048w\" sizes=\"auto, (max-width: 300px) 100vw, 300px\" \/><\/a><\/p>\n","protected":false},"excerpt":{"rendered":"<p>Anfang der &#8222;Drei\u00dfiger Jahre&#8220; kam bei Victoria ein neuer Trend im Fahrrad-Bereich die sogenannte &#8222;Schutzblech-Figur&#8220;&#8230; Diese Neuerung &#8211; eine im Design mit den Jahren wechselnde Figur auf dem vorderen Schutzblech des Rades gab einen ersten Blickfang auf die Marke &#8222;Victoria&#8220;&#8230; Die erste Schutzblechfigur (Victoria-Rad von 1932), ein angedeutetes &#8222;V&#8220; nach hinten auslaufend ist wohl das &hellip; <a href=\"https:\/\/victoria-rad.de\/?p=16450\" class=\"more-link\"><span class=\"screen-reader-text\">Victoria &#8211; Schutzblech-Figuren&#8230;<\/span> weiterlesen<\/a><\/p>\n","protected":false},"author":1,"featured_media":0,"comment_status":"open","ping_status":"open","sticky":false,"template":"","format":"standard","meta":{"footnotes":""},"categories":[1],"tags":[],"class_list":["post-16450","post","type-post","status-publish","format-standard","hentry","category-uncategorized"],"_links":{"self":[{"href":"https:\/\/victoria-rad.de\/index.php?rest_route=\/wp\/v2\/posts\/16450","targetHints":{"allow":["GET"]}}],"collection":[{"href":"https:\/\/victoria-rad.de\/index.php?rest_route=\/wp\/v2\/posts"}],"about":[{"href":"https:\/\/victoria-rad.de\/index.php?rest_route=\/wp\/v2\/types\/post"}],"author":[{"embeddable":true,"href":"https:\/\/victoria-rad.de\/index.php?rest_route=\/wp\/v2\/users\/1"}],"replies":[{"embeddable":true,"href":"https:\/\/victoria-rad.de\/index.php?rest_route=%2Fwp%2Fv2%2Fcomments&post=16450"}],"version-history":[{"count":8,"href":"https:\/\/victoria-rad.de\/index.php?rest_route=\/wp\/v2\/posts\/16450\/revisions"}],"predecessor-version":[{"id":16480,"href":"https:\/\/victoria-rad.de\/index.php?rest_route=\/wp\/v2\/posts\/16450\/revisions\/16480"}],"wp:attachment":[{"href":"https:\/\/victoria-rad.de\/index.php?rest_route=%2Fwp%2Fv2%2Fmedia&parent=16450"}],"wp:term":[{"taxonomy":"category","embeddable":true,"href":"https:\/\/victoria-rad.de\/index.php?rest_route=%2Fwp%2Fv2%2Fcategories&post=16450"},{"taxonomy":"post_tag","embeddable":true,"href":"https:\/\/victoria-rad.de\/index.php?rest_route=%2Fwp%2Fv2%2Ftags&post=16450"}],"curies":[{"name":"wp","href":"https:\/\/api.w.org\/{rel}","templated":true}]}}