{"id":16585,"date":"2025-07-25T20:03:17","date_gmt":"2025-07-25T18:03:17","guid":{"rendered":"https:\/\/victoria-rad.de\/?p=16585"},"modified":"2025-07-25T20:03:17","modified_gmt":"2025-07-25T18:03:17","slug":"horch-tonneau-von-1904-die-inbetriebnahme","status":"publish","type":"post","link":"https:\/\/victoria-rad.de\/?p=16585","title":{"rendered":"Horch &#8211; Tonneau von 1904 &#8211; die Inbetriebnahme&#8230;"},"content":{"rendered":"<header class=\"entry-header\">\n<h1 class=\"entry-title\" style=\"text-align: center;\">\u00a0Im Horch &#8211; Museum fand am 26. Juni 2022 folgende Veranstaltung statt:<\/h1>\n<\/header>\n<div class=\"entry-content\">\n<p><em><strong>Die festliche Jahreshauptversammlung des Vereines im Juni 2022 im August Horch Museum in Zwickau war ein H\u00f6hepunkt und wurde mit der Inbetriebnahme und Vorf\u00fchrung des ersten Horch Autos von 1904 gekr\u00f6nt\u2026<\/strong><\/em><\/p>\n<p style=\"text-align: center;\"><a href=\"http:\/\/victoria-rad.de\/wp-content\/uploads\/2022\/06\/IMG_20220626_0001.jpg\"><img loading=\"lazy\" decoding=\"async\" class=\"aligncenter wp-image-12406 size-medium\" src=\"http:\/\/victoria-rad.de\/wp-content\/uploads\/2022\/06\/IMG_20220626_0001-185x300.jpg\" sizes=\"auto, (max-width: 185px) 100vw, 185px\" srcset=\"https:\/\/victoria-rad.de\/wp-content\/uploads\/2022\/06\/IMG_20220626_0001-185x300.jpg 185w, https:\/\/victoria-rad.de\/wp-content\/uploads\/2022\/06\/IMG_20220626_0001-92x150.jpg 92w, https:\/\/victoria-rad.de\/wp-content\/uploads\/2022\/06\/IMG_20220626_0001.jpg 616w\" alt=\"\" width=\"185\" height=\"300\" \/><\/a><a href=\"http:\/\/victoria-rad.de\/wp-content\/uploads\/2022\/06\/20200904_120423.jpg\"><img loading=\"lazy\" decoding=\"async\" class=\"aligncenter wp-image-12407 size-medium\" src=\"http:\/\/victoria-rad.de\/wp-content\/uploads\/2022\/06\/20200904_120423-238x300.jpg\" alt=\"\" width=\"238\" height=\"300\" srcset=\"https:\/\/victoria-rad.de\/wp-content\/uploads\/2022\/06\/20200904_120423-238x300.jpg 238w, https:\/\/victoria-rad.de\/wp-content\/uploads\/2022\/06\/20200904_120423-119x150.jpg 119w, https:\/\/victoria-rad.de\/wp-content\/uploads\/2022\/06\/20200904_120423.jpg 594w\" sizes=\"auto, (max-width: 238px) 100vw, 238px\" \/><\/a>August Horch zur Jahrhundert-Wende\u2026<\/p>\n<p style=\"text-align: center;\"><em><strong>Einen vom Museums-Verein \u00fcber Jahre restaurierten und fast fertigen \u2013 HORCH-TONNEAU mit 14-17 PS, einem 4-Zylinder-Motor mit 2722 ccm Hubraum \u2013 das erste Fahrzeug dass in Zwickau gefertigt wurde\u2026 August Horch war ja bereits nach 2 Jahren in Reichenbach mit seiner Firma nach Zwickau umgezogen. Heute werden in Zwickau Elektroautos von VW produziert. Zu DDR-Zeiten war es die die Stadt des \u201eTrabant\u201c\u2026<\/strong><\/em><\/p>\n<p style=\"text-align: center;\"><em><strong>Das erste Horch-Auto im Nachbau von 1904, hier ein Foto von der Geburtsst\u00e4tte in Reichenbach am legend\u00e4ren Liebau-Berg\u2026<\/strong><\/em><\/p>\n<p style=\"text-align: center;\"><a href=\"http:\/\/victoria-rad.de\/wp-content\/uploads\/2022\/06\/20220626_130803-scaled.jpg\"><img loading=\"lazy\" decoding=\"async\" class=\"aligncenter wp-image-12409 size-medium\" src=\"http:\/\/victoria-rad.de\/wp-content\/uploads\/2022\/06\/20220626_130803-300x158.jpg\" sizes=\"auto, (max-width: 300px) 100vw, 300px\" srcset=\"https:\/\/victoria-rad.de\/wp-content\/uploads\/2022\/06\/20220626_130803-300x158.jpg 300w, https:\/\/victoria-rad.de\/wp-content\/uploads\/2022\/06\/20220626_130803-1024x538.jpg 1024w, https:\/\/victoria-rad.de\/wp-content\/uploads\/2022\/06\/20220626_130803-150x79.jpg 150w, https:\/\/victoria-rad.de\/wp-content\/uploads\/2022\/06\/20220626_130803-768x404.jpg 768w, https:\/\/victoria-rad.de\/wp-content\/uploads\/2022\/06\/20220626_130803-1536x807.jpg 1536w, https:\/\/victoria-rad.de\/wp-content\/uploads\/2022\/06\/20220626_130803-2048x1077.jpg 2048w\" alt=\"\" width=\"300\" height=\"158\" \/><\/a><em><strong>Der Wagen ein \u201eTonneau\u201c am 26.Juni 2022 am Museum in Zwickau, dem sch\u00f6nsten Auto-Museum in Deutschland\u2026<\/strong><\/em><\/p>\n<p><strong>Detail-Aufnahmen:<\/strong><\/p>\n<p style=\"text-align: center;\"><a href=\"http:\/\/victoria-rad.de\/wp-content\/uploads\/2022\/06\/20220626_130813-scaled.jpg\"><img loading=\"lazy\" decoding=\"async\" class=\"aligncenter wp-image-12410 size-medium\" src=\"http:\/\/victoria-rad.de\/wp-content\/uploads\/2022\/06\/20220626_130813-300x135.jpg\" alt=\"\" width=\"300\" height=\"135\" srcset=\"https:\/\/victoria-rad.de\/wp-content\/uploads\/2022\/06\/20220626_130813-300x135.jpg 300w, https:\/\/victoria-rad.de\/wp-content\/uploads\/2022\/06\/20220626_130813-1024x461.jpg 1024w, https:\/\/victoria-rad.de\/wp-content\/uploads\/2022\/06\/20220626_130813-150x68.jpg 150w, https:\/\/victoria-rad.de\/wp-content\/uploads\/2022\/06\/20220626_130813-768x346.jpg 768w, https:\/\/victoria-rad.de\/wp-content\/uploads\/2022\/06\/20220626_130813-1536x691.jpg 1536w, https:\/\/victoria-rad.de\/wp-content\/uploads\/2022\/06\/20220626_130813-2048x922.jpg 2048w\" sizes=\"auto, (max-width: 300px) 100vw, 300px\" \/><\/a><a href=\"http:\/\/victoria-rad.de\/wp-content\/uploads\/2022\/06\/20220626_130828-scaled.jpg\"><img loading=\"lazy\" decoding=\"async\" class=\"aligncenter wp-image-12411 size-medium\" src=\"http:\/\/victoria-rad.de\/wp-content\/uploads\/2022\/06\/20220626_130828-300x135.jpg\" alt=\"\" width=\"300\" height=\"135\" srcset=\"https:\/\/victoria-rad.de\/wp-content\/uploads\/2022\/06\/20220626_130828-300x135.jpg 300w, https:\/\/victoria-rad.de\/wp-content\/uploads\/2022\/06\/20220626_130828-1024x461.jpg 1024w, https:\/\/victoria-rad.de\/wp-content\/uploads\/2022\/06\/20220626_130828-150x68.jpg 150w, https:\/\/victoria-rad.de\/wp-content\/uploads\/2022\/06\/20220626_130828-768x346.jpg 768w, https:\/\/victoria-rad.de\/wp-content\/uploads\/2022\/06\/20220626_130828-1536x691.jpg 1536w, https:\/\/victoria-rad.de\/wp-content\/uploads\/2022\/06\/20220626_130828-2048x922.jpg 2048w\" sizes=\"auto, (max-width: 300px) 100vw, 300px\" \/><\/a><a href=\"http:\/\/victoria-rad.de\/wp-content\/uploads\/2022\/06\/20220626_130839-scaled.jpg\"><img loading=\"lazy\" decoding=\"async\" class=\"aligncenter wp-image-12412 size-medium\" src=\"http:\/\/victoria-rad.de\/wp-content\/uploads\/2022\/06\/20220626_130839-300x135.jpg\" sizes=\"auto, (max-width: 300px) 100vw, 300px\" srcset=\"https:\/\/victoria-rad.de\/wp-content\/uploads\/2022\/06\/20220626_130839-300x135.jpg 300w, https:\/\/victoria-rad.de\/wp-content\/uploads\/2022\/06\/20220626_130839-1024x461.jpg 1024w, https:\/\/victoria-rad.de\/wp-content\/uploads\/2022\/06\/20220626_130839-150x68.jpg 150w, https:\/\/victoria-rad.de\/wp-content\/uploads\/2022\/06\/20220626_130839-768x346.jpg 768w, https:\/\/victoria-rad.de\/wp-content\/uploads\/2022\/06\/20220626_130839-1536x691.jpg 1536w, https:\/\/victoria-rad.de\/wp-content\/uploads\/2022\/06\/20220626_130839-2048x922.jpg 2048w\" alt=\"\" width=\"300\" height=\"135\" \/><\/a>Das \u201eWechsel-Gesteuerte Aggregat\u201c mit 14-17 PS\u2026<\/p>\n<p style=\"text-align: center;\"><a href=\"http:\/\/victoria-rad.de\/wp-content\/uploads\/2022\/06\/20220626_130933-scaled.jpg\"><img loading=\"lazy\" decoding=\"async\" class=\"aligncenter wp-image-12413 size-medium\" src=\"http:\/\/victoria-rad.de\/wp-content\/uploads\/2022\/06\/20220626_130933-300x135.jpg\" sizes=\"auto, (max-width: 300px) 100vw, 300px\" srcset=\"https:\/\/victoria-rad.de\/wp-content\/uploads\/2022\/06\/20220626_130933-300x135.jpg 300w, https:\/\/victoria-rad.de\/wp-content\/uploads\/2022\/06\/20220626_130933-1024x461.jpg 1024w, https:\/\/victoria-rad.de\/wp-content\/uploads\/2022\/06\/20220626_130933-150x68.jpg 150w, https:\/\/victoria-rad.de\/wp-content\/uploads\/2022\/06\/20220626_130933-768x346.jpg 768w, https:\/\/victoria-rad.de\/wp-content\/uploads\/2022\/06\/20220626_130933-1536x691.jpg 1536w, https:\/\/victoria-rad.de\/wp-content\/uploads\/2022\/06\/20220626_130933-2048x922.jpg 2048w\" alt=\"\" width=\"300\" height=\"135\" \/><\/a><a href=\"http:\/\/victoria-rad.de\/wp-content\/uploads\/2022\/06\/20220626_131047-scaled.jpg\"><img loading=\"lazy\" decoding=\"async\" class=\"aligncenter wp-image-12414 size-medium\" src=\"http:\/\/victoria-rad.de\/wp-content\/uploads\/2022\/06\/20220626_131047-135x300.jpg\" sizes=\"auto, (max-width: 135px) 100vw, 135px\" srcset=\"https:\/\/victoria-rad.de\/wp-content\/uploads\/2022\/06\/20220626_131047-135x300.jpg 135w, https:\/\/victoria-rad.de\/wp-content\/uploads\/2022\/06\/20220626_131047-461x1024.jpg 461w, https:\/\/victoria-rad.de\/wp-content\/uploads\/2022\/06\/20220626_131047-68x150.jpg 68w, https:\/\/victoria-rad.de\/wp-content\/uploads\/2022\/06\/20220626_131047-768x1707.jpg 768w, https:\/\/victoria-rad.de\/wp-content\/uploads\/2022\/06\/20220626_131047-691x1536.jpg 691w, https:\/\/victoria-rad.de\/wp-content\/uploads\/2022\/06\/20220626_131047-922x2048.jpg 922w, https:\/\/victoria-rad.de\/wp-content\/uploads\/2022\/06\/20220626_131047-scaled.jpg 1152w\" alt=\"\" width=\"135\" height=\"300\" \/><\/a>Riemann-Beleuchtung Chemnitz\u2026<\/p>\n<p style=\"text-align: center;\"><a href=\"http:\/\/victoria-rad.de\/wp-content\/uploads\/2022\/06\/20220626_131030-scaled.jpg\"><img loading=\"lazy\" decoding=\"async\" class=\"aligncenter wp-image-12415 size-medium\" src=\"http:\/\/victoria-rad.de\/wp-content\/uploads\/2022\/06\/20220626_131030-167x300.jpg\" sizes=\"auto, (max-width: 167px) 100vw, 167px\" srcset=\"https:\/\/victoria-rad.de\/wp-content\/uploads\/2022\/06\/20220626_131030-167x300.jpg 167w, https:\/\/victoria-rad.de\/wp-content\/uploads\/2022\/06\/20220626_131030-569x1024.jpg 569w, https:\/\/victoria-rad.de\/wp-content\/uploads\/2022\/06\/20220626_131030-83x150.jpg 83w, https:\/\/victoria-rad.de\/wp-content\/uploads\/2022\/06\/20220626_131030-768x1383.jpg 768w, https:\/\/victoria-rad.de\/wp-content\/uploads\/2022\/06\/20220626_131030-853x1536.jpg 853w, https:\/\/victoria-rad.de\/wp-content\/uploads\/2022\/06\/20220626_131030-1137x2048.jpg 1137w, https:\/\/victoria-rad.de\/wp-content\/uploads\/2022\/06\/20220626_131030-scaled.jpg 1422w\" alt=\"\" width=\"167\" height=\"300\" \/><\/a>Sprichw\u00f6rtlich: \u201eDas Armaturen-Brett\u201c.<\/p>\n<\/div>\n<p><strong>Die Vorf\u00fchrung des bereits laufenden Motors (26. Juni 2022) &#8211; die Fahrtauglichkeit wird erst sp\u00e4ter vorgestellt:<\/strong><\/p>\n<div style=\"width: 660px;\" class=\"wp-video\"><video class=\"wp-video-shortcode\" id=\"video-16585-1\" width=\"660\" height=\"371\" preload=\"metadata\" controls=\"controls\"><source type=\"video\/mp4\" src=\"http:\/\/victoria-rad.de\/wp-content\/uploads\/2024\/08\/Horch-14-17-am-26.Juni-2022.mp4?_=1\" \/><a href=\"http:\/\/victoria-rad.de\/wp-content\/uploads\/2024\/08\/Horch-14-17-am-26.Juni-2022.mp4\">http:\/\/victoria-rad.de\/wp-content\/uploads\/2024\/08\/Horch-14-17-am-26.Juni-2022.mp4<\/a><\/video><\/div>\n<p><strong>Es folgt ein Beitrag vom &#8222;MDR Sachsen&#8220;, welcher mit der Inbetriebnahme des Horch von 1904 im Juli 2024 gesendet wurde:<\/strong><\/p>\n<div style=\"width: 640px;\" class=\"wp-video\"><video class=\"wp-video-shortcode\" id=\"video-16585-2\" width=\"640\" height=\"360\" preload=\"metadata\" controls=\"controls\"><source type=\"video\/mp4\" src=\"http:\/\/victoria-rad.de\/wp-content\/uploads\/2024\/08\/Horch-Auto-1904-Film.mp4?_=2\" \/><a href=\"http:\/\/victoria-rad.de\/wp-content\/uploads\/2024\/08\/Horch-Auto-1904-Film.mp4\">http:\/\/victoria-rad.de\/wp-content\/uploads\/2024\/08\/Horch-Auto-1904-Film.mp4<\/a><\/video><\/div>\n<header class=\"entry-header\">\n<h6 class=\"entry-title\" style=\"text-align: center;\">Dieser Filmbericht wurde mir vom Initiator Bernd Czekalla \u00fcbergeben&#8230; ich hoffe, dass ich keine Rechte damit verletzt habe. Sollte es daf\u00fcr doch eine Rechteverletzung geben, bitte ich um kurzfristige R\u00fcck\u00e4u\u00dferung &#8211; dann werde ich den Film sofort vom Server nehmen !!!<\/h6>\n<p><img loading=\"lazy\" decoding=\"async\" class=\"alignnone size-medium wp-image-16496 aligncenter\" src=\"http:\/\/victoria-rad.de\/wp-content\/uploads\/2024\/07\/IMG_20190312_0002-1-300x102.jpg\" alt=\"\" width=\"300\" height=\"102\" srcset=\"https:\/\/victoria-rad.de\/wp-content\/uploads\/2024\/07\/IMG_20190312_0002-1-300x102.jpg 300w, https:\/\/victoria-rad.de\/wp-content\/uploads\/2024\/07\/IMG_20190312_0002-1-1024x347.jpg 1024w, https:\/\/victoria-rad.de\/wp-content\/uploads\/2024\/07\/IMG_20190312_0002-1-150x51.jpg 150w, https:\/\/victoria-rad.de\/wp-content\/uploads\/2024\/07\/IMG_20190312_0002-1-768x261.jpg 768w, https:\/\/victoria-rad.de\/wp-content\/uploads\/2024\/07\/IMG_20190312_0002-1-1536x521.jpg 1536w, https:\/\/victoria-rad.de\/wp-content\/uploads\/2024\/07\/IMG_20190312_0002-1-2048x695.jpg 2048w\" sizes=\"auto, (max-width: 300px) 100vw, 300px\" \/><\/p>\n<\/header>\n<div class=\"entry-content\">\n<p>&nbsp;<\/p>\n<p><img loading=\"lazy\" decoding=\"async\" class=\"alignnone size-medium wp-image-9188 aligncenter\" src=\"http:\/\/victoria-rad.de\/wp-content\/uploads\/2020\/08\/58-300x14.png\" sizes=\"auto, (max-width: 300px) 100vw, 300px\" srcset=\"https:\/\/victoria-rad.de\/wp-content\/uploads\/2020\/08\/58-300x14.png 300w, https:\/\/victoria-rad.de\/wp-content\/uploads\/2020\/08\/58-150x7.png 150w, https:\/\/victoria-rad.de\/wp-content\/uploads\/2020\/08\/58.png 501w\" alt=\"\" width=\"300\" height=\"14\" \/><\/p>\n<p>&nbsp;<\/p>\n<\/div>\n","protected":false},"excerpt":{"rendered":"<p>\u00a0Im Horch &#8211; Museum fand am 26. Juni 2022 folgende Veranstaltung statt: Die festliche Jahreshauptversammlung des Vereines im Juni 2022 im August Horch Museum in Zwickau war ein H\u00f6hepunkt und wurde mit der Inbetriebnahme und Vorf\u00fchrung des ersten Horch Autos von 1904 gekr\u00f6nt\u2026 August Horch zur Jahrhundert-Wende\u2026 Einen vom Museums-Verein \u00fcber Jahre restaurierten und fast &hellip; <a href=\"https:\/\/victoria-rad.de\/?p=16585\" class=\"more-link\"><span class=\"screen-reader-text\">Horch &#8211; Tonneau von 1904 &#8211; die Inbetriebnahme&#8230;<\/span> weiterlesen<\/a><\/p>\n","protected":false},"author":1,"featured_media":0,"comment_status":"open","ping_status":"open","sticky":false,"template":"","format":"standard","meta":{"footnotes":""},"categories":[1],"tags":[],"class_list":["post-16585","post","type-post","status-publish","format-standard","hentry","category-uncategorized"],"_links":{"self":[{"href":"https:\/\/victoria-rad.de\/index.php?rest_route=\/wp\/v2\/posts\/16585","targetHints":{"allow":["GET"]}}],"collection":[{"href":"https:\/\/victoria-rad.de\/index.php?rest_route=\/wp\/v2\/posts"}],"about":[{"href":"https:\/\/victoria-rad.de\/index.php?rest_route=\/wp\/v2\/types\/post"}],"author":[{"embeddable":true,"href":"https:\/\/victoria-rad.de\/index.php?rest_route=\/wp\/v2\/users\/1"}],"replies":[{"embeddable":true,"href":"https:\/\/victoria-rad.de\/index.php?rest_route=%2Fwp%2Fv2%2Fcomments&post=16585"}],"version-history":[{"count":13,"href":"https:\/\/victoria-rad.de\/index.php?rest_route=\/wp\/v2\/posts\/16585\/revisions"}],"predecessor-version":[{"id":18500,"href":"https:\/\/victoria-rad.de\/index.php?rest_route=\/wp\/v2\/posts\/16585\/revisions\/18500"}],"wp:attachment":[{"href":"https:\/\/victoria-rad.de\/index.php?rest_route=%2Fwp%2Fv2%2Fmedia&parent=16585"}],"wp:term":[{"taxonomy":"category","embeddable":true,"href":"https:\/\/victoria-rad.de\/index.php?rest_route=%2Fwp%2Fv2%2Fcategories&post=16585"},{"taxonomy":"post_tag","embeddable":true,"href":"https:\/\/victoria-rad.de\/index.php?rest_route=%2Fwp%2Fv2%2Ftags&post=16585"}],"curies":[{"name":"wp","href":"https:\/\/api.w.org\/{rel}","templated":true}]}}