{"id":16771,"date":"2024-10-17T11:29:25","date_gmt":"2024-10-17T09:29:25","guid":{"rendered":"https:\/\/victoria-rad.de\/?p=16771"},"modified":"2024-10-17T11:29:25","modified_gmt":"2024-10-17T09:29:25","slug":"plakat-100-jahre-victoria-renngeschichte-1925-2025","status":"publish","type":"post","link":"https:\/\/victoria-rad.de\/?p=16771","title":{"rendered":"Plakat &#8211; 100 Jahre Victoria Renngeschichte 1925-2025&#8230;"},"content":{"rendered":"<p><em><strong>Liebe Freunde der Victoria-Geschichte, speziell der Renngeschichte um die 1925er Jahre. Wie allen bekannt ist, war die Firma Victoria die erste, die in Deutschland Rennmotorr\u00e4der auch mit spezieller Kompressor-Technik entwickelt und gebaut hat. Im heutigen Bericht m\u00f6chte ich nochmal kurz dar\u00fcber berichten, wie es begann und sich fort f\u00fchrte&#8230;<\/strong><\/em><\/p>\n<p><em><strong>Aus diesen Anf\u00e4ngen entstand ein eigens kreiertes Plakat, welches Ihr am Ende des Berichts seht&#8230;<\/strong><\/em><\/p>\n<p>Am Anfang war der Victoria-Werks-Rennfahrer Adolf Brudes auf einer Victoria KRIII Serienmaschine mit dem ersten Rennmotor einschlie\u00dflich Doppelvergaser zu sehen:<\/p>\n<p><a href=\"http:\/\/victoria-rad.de\/wp-content\/uploads\/2024\/10\/3.-Adolf-Brudes-2.Reihe-links.jpg\"><img loading=\"lazy\" decoding=\"async\" class=\"aligncenter wp-image-16774 size-medium\" src=\"http:\/\/victoria-rad.de\/wp-content\/uploads\/2024\/10\/3.-Adolf-Brudes-2.Reihe-links-300x300.jpg\" alt=\"\" width=\"300\" height=\"300\" srcset=\"https:\/\/victoria-rad.de\/wp-content\/uploads\/2024\/10\/3.-Adolf-Brudes-2.Reihe-links-300x300.jpg 300w, https:\/\/victoria-rad.de\/wp-content\/uploads\/2024\/10\/3.-Adolf-Brudes-2.Reihe-links-1024x1024.jpg 1024w, https:\/\/victoria-rad.de\/wp-content\/uploads\/2024\/10\/3.-Adolf-Brudes-2.Reihe-links-150x150.jpg 150w, https:\/\/victoria-rad.de\/wp-content\/uploads\/2024\/10\/3.-Adolf-Brudes-2.Reihe-links-768x768.jpg 768w, https:\/\/victoria-rad.de\/wp-content\/uploads\/2024\/10\/3.-Adolf-Brudes-2.Reihe-links-1536x1536.jpg 1536w, https:\/\/victoria-rad.de\/wp-content\/uploads\/2024\/10\/3.-Adolf-Brudes-2.Reihe-links.jpg 1938w\" sizes=\"auto, (max-width: 300px) 100vw, 300px\" \/><\/a><\/p>\n<p>F\u00fcr diesen Motor hat Victoria ein Renn-Fahrgestell entwickelt &#8211; n\u00e4chstes Bild, wo man in Th\u00fcringen am Gabelbach Rennen fuhr ( bereits berichtet unter Suche Victoria Sport):<\/p>\n<p style=\"text-align: center;\"><a href=\"http:\/\/victoria-rad.de\/wp-content\/uploads\/2024\/10\/5.-Victoria-Sport-1925-Rennsport-3.Reihe-links-scaled.jpg\"><img loading=\"lazy\" decoding=\"async\" class=\"aligncenter wp-image-16778 size-medium\" src=\"http:\/\/victoria-rad.de\/wp-content\/uploads\/2024\/10\/5.-Victoria-Sport-1925-Rennsport-3.Reihe-links-300x204.jpg\" alt=\"\" width=\"300\" height=\"204\" srcset=\"https:\/\/victoria-rad.de\/wp-content\/uploads\/2024\/10\/5.-Victoria-Sport-1925-Rennsport-3.Reihe-links-300x204.jpg 300w, https:\/\/victoria-rad.de\/wp-content\/uploads\/2024\/10\/5.-Victoria-Sport-1925-Rennsport-3.Reihe-links-1024x695.jpg 1024w, https:\/\/victoria-rad.de\/wp-content\/uploads\/2024\/10\/5.-Victoria-Sport-1925-Rennsport-3.Reihe-links-150x102.jpg 150w, https:\/\/victoria-rad.de\/wp-content\/uploads\/2024\/10\/5.-Victoria-Sport-1925-Rennsport-3.Reihe-links-768x521.jpg 768w, https:\/\/victoria-rad.de\/wp-content\/uploads\/2024\/10\/5.-Victoria-Sport-1925-Rennsport-3.Reihe-links-1536x1042.jpg 1536w, https:\/\/victoria-rad.de\/wp-content\/uploads\/2024\/10\/5.-Victoria-Sport-1925-Rennsport-3.Reihe-links-2048x1390.jpg 2048w\" sizes=\"auto, (max-width: 300px) 100vw, 300px\" \/><\/a>Leider ist das Motorrad beim Rennen verunfallt&#8230;<\/p>\n<p><a href=\"http:\/\/victoria-rad.de\/wp-content\/uploads\/2024\/10\/KR-3-Sport-verunfallt.-Kopie.png\"><img loading=\"lazy\" decoding=\"async\" class=\"aligncenter wp-image-16779 size-medium\" src=\"http:\/\/victoria-rad.de\/wp-content\/uploads\/2024\/10\/KR-3-Sport-verunfallt.-Kopie-300x169.png\" alt=\"\" width=\"300\" height=\"169\" srcset=\"https:\/\/victoria-rad.de\/wp-content\/uploads\/2024\/10\/KR-3-Sport-verunfallt.-Kopie-300x169.png 300w, https:\/\/victoria-rad.de\/wp-content\/uploads\/2024\/10\/KR-3-Sport-verunfallt.-Kopie-1024x576.png 1024w, https:\/\/victoria-rad.de\/wp-content\/uploads\/2024\/10\/KR-3-Sport-verunfallt.-Kopie-150x84.png 150w, https:\/\/victoria-rad.de\/wp-content\/uploads\/2024\/10\/KR-3-Sport-verunfallt.-Kopie-768x432.png 768w, https:\/\/victoria-rad.de\/wp-content\/uploads\/2024\/10\/KR-3-Sport-verunfallt.-Kopie-1536x864.png 1536w, https:\/\/victoria-rad.de\/wp-content\/uploads\/2024\/10\/KR-3-Sport-verunfallt.-Kopie-2048x1152.png 2048w\" sizes=\"auto, (max-width: 300px) 100vw, 300px\" \/><\/a><\/p>\n<p>Nach etwa 95 Jahren, danach, habe ich die Rennmaschine mit dem originalen Motor wieder auf die R\u00e4der gestellt und in einen funktionsf\u00e4higen Zustand gebracht:<\/p>\n<p><a href=\"http:\/\/victoria-rad.de\/wp-content\/uploads\/2024\/10\/4.-Victoria-Sport-2.Reihe-rechts-scaled.jpg\"><img loading=\"lazy\" decoding=\"async\" class=\"aligncenter wp-image-16780 size-medium\" src=\"http:\/\/victoria-rad.de\/wp-content\/uploads\/2024\/10\/4.-Victoria-Sport-2.Reihe-rechts-300x196.jpg\" alt=\"\" width=\"300\" height=\"196\" srcset=\"https:\/\/victoria-rad.de\/wp-content\/uploads\/2024\/10\/4.-Victoria-Sport-2.Reihe-rechts-300x196.jpg 300w, https:\/\/victoria-rad.de\/wp-content\/uploads\/2024\/10\/4.-Victoria-Sport-2.Reihe-rechts-1024x670.jpg 1024w, https:\/\/victoria-rad.de\/wp-content\/uploads\/2024\/10\/4.-Victoria-Sport-2.Reihe-rechts-150x98.jpg 150w, https:\/\/victoria-rad.de\/wp-content\/uploads\/2024\/10\/4.-Victoria-Sport-2.Reihe-rechts-768x502.jpg 768w, https:\/\/victoria-rad.de\/wp-content\/uploads\/2024\/10\/4.-Victoria-Sport-2.Reihe-rechts-1536x1004.jpg 1536w, https:\/\/victoria-rad.de\/wp-content\/uploads\/2024\/10\/4.-Victoria-Sport-2.Reihe-rechts-2048x1339.jpg 2048w\" sizes=\"auto, (max-width: 300px) 100vw, 300px\" \/><\/a><a href=\"http:\/\/victoria-rad.de\/wp-content\/uploads\/2024\/10\/6.-Victoria-Sport-1925-Schwungscheibenseite-3.Reihe-rechts-scaled.jpg\"><img loading=\"lazy\" decoding=\"async\" class=\"aligncenter wp-image-16781 size-medium\" src=\"http:\/\/victoria-rad.de\/wp-content\/uploads\/2024\/10\/6.-Victoria-Sport-1925-Schwungscheibenseite-3.Reihe-rechts-300x203.jpg\" alt=\"\" width=\"300\" height=\"203\" srcset=\"https:\/\/victoria-rad.de\/wp-content\/uploads\/2024\/10\/6.-Victoria-Sport-1925-Schwungscheibenseite-3.Reihe-rechts-300x203.jpg 300w, https:\/\/victoria-rad.de\/wp-content\/uploads\/2024\/10\/6.-Victoria-Sport-1925-Schwungscheibenseite-3.Reihe-rechts-1024x693.jpg 1024w, https:\/\/victoria-rad.de\/wp-content\/uploads\/2024\/10\/6.-Victoria-Sport-1925-Schwungscheibenseite-3.Reihe-rechts-150x102.jpg 150w, https:\/\/victoria-rad.de\/wp-content\/uploads\/2024\/10\/6.-Victoria-Sport-1925-Schwungscheibenseite-3.Reihe-rechts-768x520.jpg 768w, https:\/\/victoria-rad.de\/wp-content\/uploads\/2024\/10\/6.-Victoria-Sport-1925-Schwungscheibenseite-3.Reihe-rechts-1536x1040.jpg 1536w, https:\/\/victoria-rad.de\/wp-content\/uploads\/2024\/10\/6.-Victoria-Sport-1925-Schwungscheibenseite-3.Reihe-rechts-2048x1387.jpg 2048w\" sizes=\"auto, (max-width: 300px) 100vw, 300px\" \/><\/a><\/p>\n<p>Nun zum Nachfolge-Modell die Victoria &#8211; Kompressor &#8211; Maschine von 1925, die ebenfalls der Werksfahrer Adolf Brudes fuhr:<\/p>\n<p><a href=\"http:\/\/victoria-rad.de\/wp-content\/uploads\/2024\/10\/7.-Victoria-Komprssormaschine-1925-mit-Adolf-Brudes-scaled.jpg\"><img loading=\"lazy\" decoding=\"async\" class=\"aligncenter wp-image-16782 size-medium\" src=\"http:\/\/victoria-rad.de\/wp-content\/uploads\/2024\/10\/7.-Victoria-Komprssormaschine-1925-mit-Adolf-Brudes-300x201.jpg\" alt=\"\" width=\"300\" height=\"201\" srcset=\"https:\/\/victoria-rad.de\/wp-content\/uploads\/2024\/10\/7.-Victoria-Komprssormaschine-1925-mit-Adolf-Brudes-300x201.jpg 300w, https:\/\/victoria-rad.de\/wp-content\/uploads\/2024\/10\/7.-Victoria-Komprssormaschine-1925-mit-Adolf-Brudes-1024x685.jpg 1024w, https:\/\/victoria-rad.de\/wp-content\/uploads\/2024\/10\/7.-Victoria-Komprssormaschine-1925-mit-Adolf-Brudes-150x100.jpg 150w, https:\/\/victoria-rad.de\/wp-content\/uploads\/2024\/10\/7.-Victoria-Komprssormaschine-1925-mit-Adolf-Brudes-768x514.jpg 768w, https:\/\/victoria-rad.de\/wp-content\/uploads\/2024\/10\/7.-Victoria-Komprssormaschine-1925-mit-Adolf-Brudes-1536x1027.jpg 1536w, https:\/\/victoria-rad.de\/wp-content\/uploads\/2024\/10\/7.-Victoria-Komprssormaschine-1925-mit-Adolf-Brudes-2048x1370.jpg 2048w\" sizes=\"auto, (max-width: 300px) 100vw, 300px\" \/><\/a><a href=\"http:\/\/victoria-rad.de\/wp-content\/uploads\/2024\/10\/12.-Adolf-Brudes-auf-KR-3-Kompressor-von-vorn.jpg\"><img loading=\"lazy\" decoding=\"async\" class=\"aligncenter wp-image-16783 size-medium\" src=\"http:\/\/victoria-rad.de\/wp-content\/uploads\/2024\/10\/12.-Adolf-Brudes-auf-KR-3-Kompressor-von-vorn-217x300.jpg\" alt=\"\" width=\"217\" height=\"300\" srcset=\"https:\/\/victoria-rad.de\/wp-content\/uploads\/2024\/10\/12.-Adolf-Brudes-auf-KR-3-Kompressor-von-vorn-217x300.jpg 217w, https:\/\/victoria-rad.de\/wp-content\/uploads\/2024\/10\/12.-Adolf-Brudes-auf-KR-3-Kompressor-von-vorn-741x1024.jpg 741w, https:\/\/victoria-rad.de\/wp-content\/uploads\/2024\/10\/12.-Adolf-Brudes-auf-KR-3-Kompressor-von-vorn-108x150.jpg 108w, https:\/\/victoria-rad.de\/wp-content\/uploads\/2024\/10\/12.-Adolf-Brudes-auf-KR-3-Kompressor-von-vorn-768x1062.jpg 768w, https:\/\/victoria-rad.de\/wp-content\/uploads\/2024\/10\/12.-Adolf-Brudes-auf-KR-3-Kompressor-von-vorn-1111x1536.jpg 1111w, https:\/\/victoria-rad.de\/wp-content\/uploads\/2024\/10\/12.-Adolf-Brudes-auf-KR-3-Kompressor-von-vorn-1481x2048.jpg 1481w, https:\/\/victoria-rad.de\/wp-content\/uploads\/2024\/10\/12.-Adolf-Brudes-auf-KR-3-Kompressor-von-vorn.jpg 1840w\" sizes=\"auto, (max-width: 217px) 100vw, 217px\" \/><\/a><\/p>\n<p>Leider sind auch keine originalen Motorr\u00e4der dieser Art mehr bekannt oder haben die letzten 100 Jahre \u00fcberlebt&#8230; Nach ca. 90 Jahren kam ich auf den glorreichen Einfall, m\u00fcsste man aus vorhandenen originalen Teilen und weiteren Nachfertigungen das Motorrad wieder herstellen: gesagt-getan und los ging es&#8230; An die 10 Jahre sind dabei vergangen, bis die Kompressor-Maschine funktionsf\u00e4hig auf den R\u00e4dern stand:<\/p>\n<p><a href=\"http:\/\/victoria-rad.de\/wp-content\/uploads\/2024\/10\/9.-Victoria-Kompressormaschine-2025-rechte-Seite--scaled.jpg\"><img loading=\"lazy\" decoding=\"async\" class=\"aligncenter wp-image-16784 size-medium\" src=\"http:\/\/victoria-rad.de\/wp-content\/uploads\/2024\/10\/9.-Victoria-Kompressormaschine-2025-rechte-Seite--300x200.jpg\" alt=\"\" width=\"300\" height=\"200\" srcset=\"https:\/\/victoria-rad.de\/wp-content\/uploads\/2024\/10\/9.-Victoria-Kompressormaschine-2025-rechte-Seite--300x200.jpg 300w, https:\/\/victoria-rad.de\/wp-content\/uploads\/2024\/10\/9.-Victoria-Kompressormaschine-2025-rechte-Seite--1024x683.jpg 1024w, https:\/\/victoria-rad.de\/wp-content\/uploads\/2024\/10\/9.-Victoria-Kompressormaschine-2025-rechte-Seite--150x100.jpg 150w, https:\/\/victoria-rad.de\/wp-content\/uploads\/2024\/10\/9.-Victoria-Kompressormaschine-2025-rechte-Seite--768x512.jpg 768w, https:\/\/victoria-rad.de\/wp-content\/uploads\/2024\/10\/9.-Victoria-Kompressormaschine-2025-rechte-Seite--1536x1024.jpg 1536w, https:\/\/victoria-rad.de\/wp-content\/uploads\/2024\/10\/9.-Victoria-Kompressormaschine-2025-rechte-Seite--2048x1365.jpg 2048w\" sizes=\"auto, (max-width: 300px) 100vw, 300px\" \/><\/a><a href=\"http:\/\/victoria-rad.de\/wp-content\/uploads\/2024\/10\/10.-Victoria-Kompressormaschine-2025-linke-Seite-scaled.jpg\"><img loading=\"lazy\" decoding=\"async\" class=\"aligncenter wp-image-16785 size-medium\" src=\"http:\/\/victoria-rad.de\/wp-content\/uploads\/2024\/10\/10.-Victoria-Kompressormaschine-2025-linke-Seite-300x200.jpg\" alt=\"\" width=\"300\" height=\"200\" srcset=\"https:\/\/victoria-rad.de\/wp-content\/uploads\/2024\/10\/10.-Victoria-Kompressormaschine-2025-linke-Seite-300x200.jpg 300w, https:\/\/victoria-rad.de\/wp-content\/uploads\/2024\/10\/10.-Victoria-Kompressormaschine-2025-linke-Seite-1024x683.jpg 1024w, https:\/\/victoria-rad.de\/wp-content\/uploads\/2024\/10\/10.-Victoria-Kompressormaschine-2025-linke-Seite-150x100.jpg 150w, https:\/\/victoria-rad.de\/wp-content\/uploads\/2024\/10\/10.-Victoria-Kompressormaschine-2025-linke-Seite-768x512.jpg 768w, https:\/\/victoria-rad.de\/wp-content\/uploads\/2024\/10\/10.-Victoria-Kompressormaschine-2025-linke-Seite-1536x1024.jpg 1536w, https:\/\/victoria-rad.de\/wp-content\/uploads\/2024\/10\/10.-Victoria-Kompressormaschine-2025-linke-Seite-2048x1365.jpg 2048w\" sizes=\"auto, (max-width: 300px) 100vw, 300px\" \/><\/a><a href=\"http:\/\/victoria-rad.de\/wp-content\/uploads\/2024\/10\/8.-Victoria-Kompressormaschine-2025-mit-Gert-Reiher-scaled.jpg\"><img loading=\"lazy\" decoding=\"async\" class=\"aligncenter wp-image-16786 size-medium\" src=\"http:\/\/victoria-rad.de\/wp-content\/uploads\/2024\/10\/8.-Victoria-Kompressormaschine-2025-mit-Gert-Reiher-300x200.jpg\" alt=\"\" width=\"300\" height=\"200\" srcset=\"https:\/\/victoria-rad.de\/wp-content\/uploads\/2024\/10\/8.-Victoria-Kompressormaschine-2025-mit-Gert-Reiher-300x200.jpg 300w, https:\/\/victoria-rad.de\/wp-content\/uploads\/2024\/10\/8.-Victoria-Kompressormaschine-2025-mit-Gert-Reiher-1024x683.jpg 1024w, https:\/\/victoria-rad.de\/wp-content\/uploads\/2024\/10\/8.-Victoria-Kompressormaschine-2025-mit-Gert-Reiher-150x100.jpg 150w, https:\/\/victoria-rad.de\/wp-content\/uploads\/2024\/10\/8.-Victoria-Kompressormaschine-2025-mit-Gert-Reiher-768x512.jpg 768w, https:\/\/victoria-rad.de\/wp-content\/uploads\/2024\/10\/8.-Victoria-Kompressormaschine-2025-mit-Gert-Reiher-1536x1024.jpg 1536w, https:\/\/victoria-rad.de\/wp-content\/uploads\/2024\/10\/8.-Victoria-Kompressormaschine-2025-mit-Gert-Reiher-2048x1365.jpg 2048w\" sizes=\"auto, (max-width: 300px) 100vw, 300px\" \/><\/a><\/p>\n<p><strong>Liebe Freunde, diese Pr\u00e4sentationen und weitere habe ich auf einem Werbeplakat zusammengef\u00fcgt und es steht f\u00fcr jeden Interessierten zur Verf\u00fcgung, hier das Plakat:<\/strong><\/p>\n<p style=\"text-align: center;\"><a href=\"http:\/\/victoria-rad.de\/wp-content\/uploads\/2024\/10\/reiher-gert-victoria-plakat.jpg\"><img loading=\"lazy\" decoding=\"async\" class=\"aligncenter wp-image-16788 size-medium\" src=\"http:\/\/victoria-rad.de\/wp-content\/uploads\/2024\/10\/reiher-gert-victoria-plakat-216x300.jpg\" alt=\"\" width=\"216\" height=\"300\" srcset=\"https:\/\/victoria-rad.de\/wp-content\/uploads\/2024\/10\/reiher-gert-victoria-plakat-216x300.jpg 216w, https:\/\/victoria-rad.de\/wp-content\/uploads\/2024\/10\/reiher-gert-victoria-plakat-737x1024.jpg 737w, https:\/\/victoria-rad.de\/wp-content\/uploads\/2024\/10\/reiher-gert-victoria-plakat-108x150.jpg 108w, https:\/\/victoria-rad.de\/wp-content\/uploads\/2024\/10\/reiher-gert-victoria-plakat-768x1067.jpg 768w, https:\/\/victoria-rad.de\/wp-content\/uploads\/2024\/10\/reiher-gert-victoria-plakat-1106x1536.jpg 1106w, https:\/\/victoria-rad.de\/wp-content\/uploads\/2024\/10\/reiher-gert-victoria-plakat.jpg 1474w\" sizes=\"auto, (max-width: 216px) 100vw, 216px\" \/><\/a>Plakat &#8211; Gr\u00f6\u00dfe A1 &#8211; 60 x 90 cm.<\/p>\n<p style=\"text-align: center;\"><strong>Das Plakat wird von mir in einer Papprolle versendet und kostet 6,00 EUR + Rolle + Versand &#8211; Bestellung bitte E-mail: gr@victoria-rad.de<\/strong><\/p>\n<p style=\"text-align: center;\"><strong>Weitere Infos \u00fcber Mail oder Mobil: 0175\/1793948.<\/strong><\/p>\n<p><a href=\"http:\/\/victoria-rad.de\/wp-content\/uploads\/2024\/08\/IMG_20190312_0002-scaled.jpg\"><img loading=\"lazy\" decoding=\"async\" class=\"aligncenter wp-image-16625 size-medium\" src=\"http:\/\/victoria-rad.de\/wp-content\/uploads\/2024\/08\/IMG_20190312_0002-300x102.jpg\" alt=\"\" width=\"300\" height=\"102\" srcset=\"https:\/\/victoria-rad.de\/wp-content\/uploads\/2024\/08\/IMG_20190312_0002-300x102.jpg 300w, https:\/\/victoria-rad.de\/wp-content\/uploads\/2024\/08\/IMG_20190312_0002-1024x347.jpg 1024w, https:\/\/victoria-rad.de\/wp-content\/uploads\/2024\/08\/IMG_20190312_0002-150x51.jpg 150w, https:\/\/victoria-rad.de\/wp-content\/uploads\/2024\/08\/IMG_20190312_0002-768x261.jpg 768w, https:\/\/victoria-rad.de\/wp-content\/uploads\/2024\/08\/IMG_20190312_0002-1536x521.jpg 1536w, https:\/\/victoria-rad.de\/wp-content\/uploads\/2024\/08\/IMG_20190312_0002-2048x695.jpg 2048w\" sizes=\"auto, (max-width: 300px) 100vw, 300px\" \/><\/a><\/p>\n<p>&nbsp;<\/p>\n<p>&nbsp;<\/p>\n","protected":false},"excerpt":{"rendered":"<p>Liebe Freunde der Victoria-Geschichte, speziell der Renngeschichte um die 1925er Jahre. Wie allen bekannt ist, war die Firma Victoria die erste, die in Deutschland Rennmotorr\u00e4der auch mit spezieller Kompressor-Technik entwickelt und gebaut hat. Im heutigen Bericht m\u00f6chte ich nochmal kurz dar\u00fcber berichten, wie es begann und sich fort f\u00fchrte&#8230; Aus diesen Anf\u00e4ngen entstand ein eigens &hellip; <a href=\"https:\/\/victoria-rad.de\/?p=16771\" class=\"more-link\"><span class=\"screen-reader-text\">Plakat &#8211; 100 Jahre Victoria Renngeschichte 1925-2025&#8230;<\/span> weiterlesen<\/a><\/p>\n","protected":false},"author":1,"featured_media":0,"comment_status":"open","ping_status":"open","sticky":false,"template":"","format":"standard","meta":{"footnotes":""},"categories":[1],"tags":[],"class_list":["post-16771","post","type-post","status-publish","format-standard","hentry","category-uncategorized"],"_links":{"self":[{"href":"https:\/\/victoria-rad.de\/index.php?rest_route=\/wp\/v2\/posts\/16771","targetHints":{"allow":["GET"]}}],"collection":[{"href":"https:\/\/victoria-rad.de\/index.php?rest_route=\/wp\/v2\/posts"}],"about":[{"href":"https:\/\/victoria-rad.de\/index.php?rest_route=\/wp\/v2\/types\/post"}],"author":[{"embeddable":true,"href":"https:\/\/victoria-rad.de\/index.php?rest_route=\/wp\/v2\/users\/1"}],"replies":[{"embeddable":true,"href":"https:\/\/victoria-rad.de\/index.php?rest_route=%2Fwp%2Fv2%2Fcomments&post=16771"}],"version-history":[{"count":10,"href":"https:\/\/victoria-rad.de\/index.php?rest_route=\/wp\/v2\/posts\/16771\/revisions"}],"predecessor-version":[{"id":16792,"href":"https:\/\/victoria-rad.de\/index.php?rest_route=\/wp\/v2\/posts\/16771\/revisions\/16792"}],"wp:attachment":[{"href":"https:\/\/victoria-rad.de\/index.php?rest_route=%2Fwp%2Fv2%2Fmedia&parent=16771"}],"wp:term":[{"taxonomy":"category","embeddable":true,"href":"https:\/\/victoria-rad.de\/index.php?rest_route=%2Fwp%2Fv2%2Fcategories&post=16771"},{"taxonomy":"post_tag","embeddable":true,"href":"https:\/\/victoria-rad.de\/index.php?rest_route=%2Fwp%2Fv2%2Ftags&post=16771"}],"curies":[{"name":"wp","href":"https:\/\/api.w.org\/{rel}","templated":true}]}}